
{"id":106213,"date":"2017-10-28T18:12:30","date_gmt":"2017-10-28T22:12:30","guid":{"rendered":"http:\/\/oncubamagazine.com\/?p=106213"},"modified":"2018-09-07T13:23:50","modified_gmt":"2018-09-07T17:23:50","slug":"the-u-s-government-closes-and-cuba-opens","status":"publish","type":"post","link":"https:\/\/oncubanews.com\/en\/cuba-usa\/the-u-s-government-closes-and-cuba-opens\/","title":{"rendered":"\u201cThe U.S. government closes and Cuba opens\u201d"},"content":{"rendered":"<p>Cuban Foreign Bruno Rodr\u00edguez has just announced in Washington a package of measures that benefit the Cubans residing abroad.<\/p>\n<p>The changes, which will come into force starting January 1, 2018, are the following:<\/p>\n<p>1) eliminate the \u201cAuthorization\u201d on the passport for travel to Cuba by Cuban \u00e9migr\u00e9s.<\/p>\n<p>2) authorize the entry to and exit from Cuba of Cuban residents abroad in recreation vessels through the Hemingway and Gaviota-Varadero International Tourist Marinas. Once the conditions are created, it would be gradually expanded to other marinas.<\/p>\n<p>3) allow the entry to Cuba of Cuban citizens who left the country illegally, except for those who did so through the U.S. Naval Base in Guant\u00e1namo.<\/p>\n<p>4) eliminate the requirement of resident so that the children of Cubans residing abroad, who have been born in other countries, can obtain Cuban citizenship and their identity document.<\/p>\n<p>\u201cThe U.S. government closes and Cuba opens,\u201d said the Cuban foreign minister at the end of the communiqu\u00e9.<\/p>\n<p>Rodr\u00edguez announced these measures at the 4th Meeting of Cubans Resident in the United States, which is being held today in Washington.<\/p>\n<p>The different legal regulations that will accompany the implementation of these measures will be published son in the Gaceta Oficial and the population will also be given additional information about the procedures that will come into force.<\/p>\n<p>As was announced, the permit to enter Cuba for those who left the country illegally has only one exception \u2013 those who did so through the Guant\u00e1namo Naval Base. This supposes that the doctors, athletes and other professionals who left their missions abroad would be able to enter Cuba unhindered starting 2018.<\/p>\n<h3>\u201cAuthorization\u201d and \u201cresidence\u201d<\/h3>\n<p>In relation to the so-called \u201cAuthorization\u201d stamped on the passport, its elimination responds to old demand by the Cuban diaspora that could benefit more than 800,000 \u00e9migr\u00e9s. In practice it means that starting January 1 the permit that the island\u2019s government demanded for all Cubans residing abroad to be able to enter the country will no longer be necessary. This does not commit the process of passport renewal, required every two years.<\/p>\n<p>Meanwhile, the \u201cresidence\u201d was a procedures included in the Immigration Law that demanded that the children of Cubans born abroad spend at least three months in Cuba to opt for citizenship. Its elimination make this intermediate step ineffectual and facilitates the conversion into citizens of the island for second generation Cubans.<\/p>\n<h3>Progress measures<\/h3>\n<p>Hugo Cancio, president of Fuego Enterprises and general director of the OnCuba platform, considers that it is a \u201chuge step in the process of normalization of relations between Cuba \u2013 my country of origin \u2013 and the diaspora. This brings down a wall, an enormous barrier in these relations from the psychological point of view and especially of each Cuban citizen\u2019s right to return to his or her country of origin without having to ask for a permit. That is to say, the entries to and exits from Cuba are not a privilege: they are a right. There\u2019s still a long road ahead.\u201d<\/p>\n<div id='gallery-1' class='gallery galleryid-106213 gallery-columns-2 gallery-size-large'><figure class='gallery-item'>\n\t\t\t<div class='gallery-icon landscape'>\n\t\t\t\t<a href='https:\/\/oncubanews.com\/en\/wp-content\/uploads\/2017\/10\/Hugo-y-Bruno-1.jpg'><img loading=\"lazy\" decoding=\"async\" width=\"640\" height=\"480\" src=\"https:\/\/oncubanews.com\/en\/wp-content\/uploads\/2017\/10\/Hugo-y-Bruno-1.jpg\" class=\"attachment-large size-large\" alt=\"Hugo Cancio and Bruno Rodr\u00edguez in the 4th Meeting of Cuban Residents Abroad, today in Washington.\" aria-describedby=\"gallery-1-106232\" \/><\/a>\n\t\t\t<\/div>\n\t\t\t\t<figcaption class='wp-caption-text gallery-caption' id='gallery-1-106232'>\n\t\t\t\tHugo Cancio and Bruno Rodr\u00edguez in the 4th Meeting of Cuban Residents Abroad, today in Washington.\n\t\t\t\t<\/figcaption><\/figure><figure class='gallery-item'>\n\t\t\t<div class='gallery-icon landscape'>\n\t\t\t\t<a href='https:\/\/oncubanews.com\/en\/wp-content\/uploads\/2017\/10\/Hugo-Bruno-y-JR-Caba\u00f1as-1.jpg'><img loading=\"lazy\" decoding=\"async\" width=\"537\" height=\"319\" src=\"https:\/\/oncubanews.com\/en\/wp-content\/uploads\/2017\/10\/Hugo-Bruno-y-JR-Caba\u00f1as-1.jpg\" class=\"attachment-large size-large\" alt=\"From left to right, Jos\u00e9 Ram\u00f3n Caba\u00f1as, Cuban ambassador to the U.S., Bruno Rodr\u00edguez and Hugo Cancio.\" aria-describedby=\"gallery-1-106231\" \/><\/a>\n\t\t\t<\/div>\n\t\t\t\t<figcaption class='wp-caption-text gallery-caption' id='gallery-1-106231'>\n\t\t\t\tFrom left to right, Jos\u00e9 Ram\u00f3n Caba\u00f1as, Cuban ambassador to the U.S., Bruno Rodr\u00edguez and Hugo Cancio.\n\t\t\t\t<\/figcaption><\/figure>\n\t\t<\/div>\n\n","protected":false},"excerpt":{"rendered":"<p>Cuban Foreign Bruno Rodr\u00edguez has just announced in Washington a package of measures that benefit the Cubans residing abroad. The changes, which will come into force starting January 1, 2018, are the following: 1) eliminate the \u201cAuthorization\u201d on the passport for travel to Cuba by Cuban \u00e9migr\u00e9s. 2) authorize the entry to and exit from [&hellip;]<\/p>\n","protected":false},"author":3134,"featured_media":106216,"comment_status":"open","ping_status":"closed","sticky":false,"template":"","format":"standard","meta":{"_acf_changed":false,"footnotes":""},"categories":[13944],"tags":[],"ppma_author":[33546,8689],"class_list":["post-106213","post","type-post","status-publish","format-standard","has-post-thumbnail","hentry","category-cuba-usa"],"acf":[],"yoast_head":"<!-- This site is optimized with the Yoast SEO plugin v27.3 - https:\/\/yoast.com\/product\/yoast-seo-wordpress\/ -->\n<title>\u201cThe U.S. government closes and Cuba opens\u201d | OnCubaNews English<\/title>\n<meta name=\"robots\" content=\"index, follow, max-snippet:-1, max-image-preview:large, max-video-preview:-1\" \/>\n<link rel=\"canonical\" href=\"https:\/\/oncubanews.com\/en\/cuba-usa\/the-u-s-government-closes-and-cuba-opens\/\" \/>\n<meta property=\"og:locale\" content=\"en_US\" \/>\n<meta property=\"og:type\" content=\"article\" \/>\n<meta property=\"og:title\" content=\"\u201cThe U.S. government closes and Cuba opens\u201d | OnCubaNews English\" \/>\n<meta property=\"og:description\" content=\"Cuban Foreign Bruno Rodr\u00edguez has just announced in Washington a package of measures that benefit the Cubans residing abroad. The changes, which will come into force starting January 1, 2018, are the following: 1) eliminate the \u201cAuthorization\u201d on the passport for travel to Cuba by Cuban \u00e9migr\u00e9s. 2) authorize the entry to and exit from [&hellip;]\" \/>\n<meta property=\"og:url\" content=\"https:\/\/oncubanews.com\/en\/cuba-usa\/the-u-s-government-closes-and-cuba-opens\/\" \/>\n<meta property=\"og:site_name\" content=\"OnCubaNews English\" \/>\n<meta property=\"article:published_time\" content=\"2017-10-28T22:12:30+00:00\" \/>\n<meta property=\"article:modified_time\" content=\"2018-09-07T17:23:50+00:00\" \/>\n<meta property=\"og:image\" content=\"https:\/\/oncubanews.com\/en\/wp-content\/uploads\/2017\/10\/22788780_1508465325916079_2890565104347931874_n.jpg\" \/>\n\t<meta property=\"og:image:width\" content=\"640\" \/>\n\t<meta property=\"og:image:height\" content=\"480\" \/>\n\t<meta property=\"og:image:type\" content=\"image\/jpeg\" \/>\n<meta name=\"author\" content=\"OnCuba Staff, OnCuba editorial staff\" \/>\n<meta name=\"twitter:card\" content=\"summary_large_image\" \/>\n<meta name=\"twitter:label1\" content=\"Written by\" \/>\n\t<meta name=\"twitter:data1\" content=\"OnCuba Staff\" \/>\n\t<meta name=\"twitter:label2\" content=\"Est. reading time\" \/>\n\t<meta name=\"twitter:data2\" content=\"3 minutes\" \/>\n<script type=\"application\/ld+json\" class=\"yoast-schema-graph\">{\"@context\":\"https:\\\/\\\/schema.org\",\"@graph\":[{\"@type\":\"Article\",\"@id\":\"https:\\\/\\\/oncubanews.com\\\/en\\\/cuba-usa\\\/the-u-s-government-closes-and-cuba-opens\\\/#article\",\"isPartOf\":{\"@id\":\"https:\\\/\\\/oncubanews.com\\\/en\\\/cuba-usa\\\/the-u-s-government-closes-and-cuba-opens\\\/\"},\"author\":{\"name\":\"OnCuba Staff\",\"@id\":\"https:\\\/\\\/oncubanews.com\\\/en\\\/#\\\/schema\\\/person\\\/d7171bf311032ab1f557dd8332e714af\"},\"headline\":\"\u201cThe U.S. government closes and Cuba opens\u201d\",\"datePublished\":\"2017-10-28T22:12:30+00:00\",\"dateModified\":\"2018-09-07T17:23:50+00:00\",\"mainEntityOfPage\":{\"@id\":\"https:\\\/\\\/oncubanews.com\\\/en\\\/cuba-usa\\\/the-u-s-government-closes-and-cuba-opens\\\/\"},\"wordCount\":514,\"commentCount\":0,\"image\":{\"@id\":\"https:\\\/\\\/oncubanews.com\\\/en\\\/cuba-usa\\\/the-u-s-government-closes-and-cuba-opens\\\/#primaryimage\"},\"thumbnailUrl\":\"https:\\\/\\\/oncubanews.com\\\/en\\\/wp-content\\\/uploads\\\/2017\\\/10\\\/22788780_1508465325916079_2890565104347931874_n.jpg\",\"articleSection\":[\"Cuba-USA\"],\"inLanguage\":\"en-US\",\"potentialAction\":[{\"@type\":\"CommentAction\",\"name\":\"Comment\",\"target\":[\"https:\\\/\\\/oncubanews.com\\\/en\\\/cuba-usa\\\/the-u-s-government-closes-and-cuba-opens\\\/#respond\"]}],\"copyrightYear\":\"2017\",\"copyrightHolder\":{\"@id\":\"https:\\\/\\\/oncubanews.com\\\/en\\\/#organization\"}},{\"@type\":\"WebPage\",\"@id\":\"https:\\\/\\\/oncubanews.com\\\/en\\\/cuba-usa\\\/the-u-s-government-closes-and-cuba-opens\\\/\",\"url\":\"https:\\\/\\\/oncubanews.com\\\/en\\\/cuba-usa\\\/the-u-s-government-closes-and-cuba-opens\\\/\",\"name\":\"\u201cThe U.S. government closes and Cuba opens\u201d | OnCubaNews English\",\"isPartOf\":{\"@id\":\"https:\\\/\\\/oncubanews.com\\\/en\\\/#website\"},\"primaryImageOfPage\":{\"@id\":\"https:\\\/\\\/oncubanews.com\\\/en\\\/cuba-usa\\\/the-u-s-government-closes-and-cuba-opens\\\/#primaryimage\"},\"image\":{\"@id\":\"https:\\\/\\\/oncubanews.com\\\/en\\\/cuba-usa\\\/the-u-s-government-closes-and-cuba-opens\\\/#primaryimage\"},\"thumbnailUrl\":\"https:\\\/\\\/oncubanews.com\\\/en\\\/wp-content\\\/uploads\\\/2017\\\/10\\\/22788780_1508465325916079_2890565104347931874_n.jpg\",\"datePublished\":\"2017-10-28T22:12:30+00:00\",\"dateModified\":\"2018-09-07T17:23:50+00:00\",\"author\":{\"@id\":\"https:\\\/\\\/oncubanews.com\\\/en\\\/#\\\/schema\\\/person\\\/d7171bf311032ab1f557dd8332e714af\"},\"breadcrumb\":{\"@id\":\"https:\\\/\\\/oncubanews.com\\\/en\\\/cuba-usa\\\/the-u-s-government-closes-and-cuba-opens\\\/#breadcrumb\"},\"inLanguage\":\"en-US\",\"potentialAction\":[{\"@type\":\"ReadAction\",\"target\":[\"https:\\\/\\\/oncubanews.com\\\/en\\\/cuba-usa\\\/the-u-s-government-closes-and-cuba-opens\\\/\"]}]},{\"@type\":\"ImageObject\",\"inLanguage\":\"en-US\",\"@id\":\"https:\\\/\\\/oncubanews.com\\\/en\\\/cuba-usa\\\/the-u-s-government-closes-and-cuba-opens\\\/#primaryimage\",\"url\":\"https:\\\/\\\/oncubanews.com\\\/en\\\/wp-content\\\/uploads\\\/2017\\\/10\\\/22788780_1508465325916079_2890565104347931874_n.jpg\",\"contentUrl\":\"https:\\\/\\\/oncubanews.com\\\/en\\\/wp-content\\\/uploads\\\/2017\\\/10\\\/22788780_1508465325916079_2890565104347931874_n.jpg\",\"width\":640,\"height\":480},{\"@type\":\"BreadcrumbList\",\"@id\":\"https:\\\/\\\/oncubanews.com\\\/en\\\/cuba-usa\\\/the-u-s-government-closes-and-cuba-opens\\\/#breadcrumb\",\"itemListElement\":[{\"@type\":\"ListItem\",\"position\":1,\"name\":\"Portada\",\"item\":\"https:\\\/\\\/oncubanews.com\\\/en\\\/\"},{\"@type\":\"ListItem\",\"position\":2,\"name\":\"\u201cThe U.S. government closes and Cuba opens\u201d\"}]},{\"@type\":\"WebSite\",\"@id\":\"https:\\\/\\\/oncubanews.com\\\/en\\\/#website\",\"url\":\"https:\\\/\\\/oncubanews.com\\\/en\\\/\",\"name\":\"OnCubaNews English\",\"description\":\"Revista sobre Cuba\",\"potentialAction\":[{\"@type\":\"SearchAction\",\"target\":{\"@type\":\"EntryPoint\",\"urlTemplate\":\"https:\\\/\\\/oncubanews.com\\\/en\\\/?s={search_term_string}\"},\"query-input\":{\"@type\":\"PropertyValueSpecification\",\"valueRequired\":true,\"valueName\":\"search_term_string\"}}],\"inLanguage\":\"en-US\"},{\"@type\":\"Person\",\"@id\":\"https:\\\/\\\/oncubanews.com\\\/en\\\/#\\\/schema\\\/person\\\/d7171bf311032ab1f557dd8332e714af\",\"name\":\"OnCuba Staff\",\"image\":{\"@type\":\"ImageObject\",\"inLanguage\":\"en-US\",\"@id\":\"https:\\\/\\\/secure.gravatar.com\\\/avatar\\\/4b4c4d6109baadde898bb1af22ea4a4af5f4417b86a5d1800bf17531bfb128fc?s=96&r=g17310096d4dde63ebae0e54fbb19218a\",\"url\":\"https:\\\/\\\/secure.gravatar.com\\\/avatar\\\/4b4c4d6109baadde898bb1af22ea4a4af5f4417b86a5d1800bf17531bfb128fc?s=96&r=g\",\"contentUrl\":\"https:\\\/\\\/secure.gravatar.com\\\/avatar\\\/4b4c4d6109baadde898bb1af22ea4a4af5f4417b86a5d1800bf17531bfb128fc?s=96&r=g\",\"caption\":\"OnCuba Staff\"},\"url\":\"https:\\\/\\\/oncubanews.com\\\/en\\\/author\\\/oncuba-editorial-staff\\\/\"}]}<\/script>\n<!-- \/ Yoast SEO plugin. -->","yoast_head_json":{"title":"\u201cThe U.S. government closes and Cuba opens\u201d | OnCubaNews English","robots":{"index":"index","follow":"follow","max-snippet":"max-snippet:-1","max-image-preview":"max-image-preview:large","max-video-preview":"max-video-preview:-1"},"canonical":"https:\/\/oncubanews.com\/en\/cuba-usa\/the-u-s-government-closes-and-cuba-opens\/","og_locale":"en_US","og_type":"article","og_title":"\u201cThe U.S. government closes and Cuba opens\u201d | OnCubaNews English","og_description":"Cuban Foreign Bruno Rodr\u00edguez has just announced in Washington a package of measures that benefit the Cubans residing abroad. The changes, which will come into force starting January 1, 2018, are the following: 1) eliminate the \u201cAuthorization\u201d on the passport for travel to Cuba by Cuban \u00e9migr\u00e9s. 2) authorize the entry to and exit from [&hellip;]","og_url":"https:\/\/oncubanews.com\/en\/cuba-usa\/the-u-s-government-closes-and-cuba-opens\/","og_site_name":"OnCubaNews English","article_published_time":"2017-10-28T22:12:30+00:00","article_modified_time":"2018-09-07T17:23:50+00:00","og_image":[{"width":640,"height":480,"url":"https:\/\/oncubanews.com\/en\/wp-content\/uploads\/2017\/10\/22788780_1508465325916079_2890565104347931874_n.jpg","type":"image\/jpeg"}],"author":"OnCuba Staff, OnCuba editorial staff","twitter_card":"summary_large_image","twitter_misc":{"Written by":"OnCuba Staff","Est. reading time":"3 minutes"},"schema":{"@context":"https:\/\/schema.org","@graph":[{"@type":"Article","@id":"https:\/\/oncubanews.com\/en\/cuba-usa\/the-u-s-government-closes-and-cuba-opens\/#article","isPartOf":{"@id":"https:\/\/oncubanews.com\/en\/cuba-usa\/the-u-s-government-closes-and-cuba-opens\/"},"author":{"name":"OnCuba Staff","@id":"https:\/\/oncubanews.com\/en\/#\/schema\/person\/d7171bf311032ab1f557dd8332e714af"},"headline":"\u201cThe U.S. government closes and Cuba opens\u201d","datePublished":"2017-10-28T22:12:30+00:00","dateModified":"2018-09-07T17:23:50+00:00","mainEntityOfPage":{"@id":"https:\/\/oncubanews.com\/en\/cuba-usa\/the-u-s-government-closes-and-cuba-opens\/"},"wordCount":514,"commentCount":0,"image":{"@id":"https:\/\/oncubanews.com\/en\/cuba-usa\/the-u-s-government-closes-and-cuba-opens\/#primaryimage"},"thumbnailUrl":"https:\/\/oncubanews.com\/en\/wp-content\/uploads\/2017\/10\/22788780_1508465325916079_2890565104347931874_n.jpg","articleSection":["Cuba-USA"],"inLanguage":"en-US","potentialAction":[{"@type":"CommentAction","name":"Comment","target":["https:\/\/oncubanews.com\/en\/cuba-usa\/the-u-s-government-closes-and-cuba-opens\/#respond"]}],"copyrightYear":"2017","copyrightHolder":{"@id":"https:\/\/oncubanews.com\/en\/#organization"}},{"@type":"WebPage","@id":"https:\/\/oncubanews.com\/en\/cuba-usa\/the-u-s-government-closes-and-cuba-opens\/","url":"https:\/\/oncubanews.com\/en\/cuba-usa\/the-u-s-government-closes-and-cuba-opens\/","name":"\u201cThe U.S. government closes and Cuba opens\u201d | OnCubaNews English","isPartOf":{"@id":"https:\/\/oncubanews.com\/en\/#website"},"primaryImageOfPage":{"@id":"https:\/\/oncubanews.com\/en\/cuba-usa\/the-u-s-government-closes-and-cuba-opens\/#primaryimage"},"image":{"@id":"https:\/\/oncubanews.com\/en\/cuba-usa\/the-u-s-government-closes-and-cuba-opens\/#primaryimage"},"thumbnailUrl":"https:\/\/oncubanews.com\/en\/wp-content\/uploads\/2017\/10\/22788780_1508465325916079_2890565104347931874_n.jpg","datePublished":"2017-10-28T22:12:30+00:00","dateModified":"2018-09-07T17:23:50+00:00","author":{"@id":"https:\/\/oncubanews.com\/en\/#\/schema\/person\/d7171bf311032ab1f557dd8332e714af"},"breadcrumb":{"@id":"https:\/\/oncubanews.com\/en\/cuba-usa\/the-u-s-government-closes-and-cuba-opens\/#breadcrumb"},"inLanguage":"en-US","potentialAction":[{"@type":"ReadAction","target":["https:\/\/oncubanews.com\/en\/cuba-usa\/the-u-s-government-closes-and-cuba-opens\/"]}]},{"@type":"ImageObject","inLanguage":"en-US","@id":"https:\/\/oncubanews.com\/en\/cuba-usa\/the-u-s-government-closes-and-cuba-opens\/#primaryimage","url":"https:\/\/oncubanews.com\/en\/wp-content\/uploads\/2017\/10\/22788780_1508465325916079_2890565104347931874_n.jpg","contentUrl":"https:\/\/oncubanews.com\/en\/wp-content\/uploads\/2017\/10\/22788780_1508465325916079_2890565104347931874_n.jpg","width":640,"height":480},{"@type":"BreadcrumbList","@id":"https:\/\/oncubanews.com\/en\/cuba-usa\/the-u-s-government-closes-and-cuba-opens\/#breadcrumb","itemListElement":[{"@type":"ListItem","position":1,"name":"Portada","item":"https:\/\/oncubanews.com\/en\/"},{"@type":"ListItem","position":2,"name":"\u201cThe U.S. government closes and Cuba opens\u201d"}]},{"@type":"WebSite","@id":"https:\/\/oncubanews.com\/en\/#website","url":"https:\/\/oncubanews.com\/en\/","name":"OnCubaNews English","description":"Revista sobre Cuba","potentialAction":[{"@type":"SearchAction","target":{"@type":"EntryPoint","urlTemplate":"https:\/\/oncubanews.com\/en\/?s={search_term_string}"},"query-input":{"@type":"PropertyValueSpecification","valueRequired":true,"valueName":"search_term_string"}}],"inLanguage":"en-US"},{"@type":"Person","@id":"https:\/\/oncubanews.com\/en\/#\/schema\/person\/d7171bf311032ab1f557dd8332e714af","name":"OnCuba Staff","image":{"@type":"ImageObject","inLanguage":"en-US","@id":"https:\/\/secure.gravatar.com\/avatar\/4b4c4d6109baadde898bb1af22ea4a4af5f4417b86a5d1800bf17531bfb128fc?s=96&r=g17310096d4dde63ebae0e54fbb19218a","url":"https:\/\/secure.gravatar.com\/avatar\/4b4c4d6109baadde898bb1af22ea4a4af5f4417b86a5d1800bf17531bfb128fc?s=96&r=g","contentUrl":"https:\/\/secure.gravatar.com\/avatar\/4b4c4d6109baadde898bb1af22ea4a4af5f4417b86a5d1800bf17531bfb128fc?s=96&r=g","caption":"OnCuba Staff"},"url":"https:\/\/oncubanews.com\/en\/author\/oncuba-editorial-staff\/"}]}},"authors":[{"term_id":33546,"user_id":3134,"is_guest":0,"slug":"oncuba-editorial-staff","display_name":"OnCuba Staff","avatar_url":"https:\/\/secure.gravatar.com\/avatar\/4b4c4d6109baadde898bb1af22ea4a4af5f4417b86a5d1800bf17531bfb128fc?s=96&r=g","0":null,"1":"","2":"","3":"","4":"","5":"","6":"","7":"","8":""},{"term_id":8689,"user_id":3134,"is_guest":0,"slug":"oncuba-editorial-staff","display_name":"OnCuba editorial staff","avatar_url":{"url":"https:\/\/oncubanews.com\/en\/wp-content\/uploads\/2018\/10\/avatar-ocnews-1.png","url2x":"https:\/\/oncubanews.com\/en\/wp-content\/uploads\/2018\/10\/avatar-ocnews-1.png"},"0":null,"1":"","2":"","3":"","4":"","5":"","6":"","7":"","8":""}],"_links":{"self":[{"href":"https:\/\/oncubanews.com\/en\/wp-json\/wp\/v2\/posts\/106213","targetHints":{"allow":["GET"]}}],"collection":[{"href":"https:\/\/oncubanews.com\/en\/wp-json\/wp\/v2\/posts"}],"about":[{"href":"https:\/\/oncubanews.com\/en\/wp-json\/wp\/v2\/types\/post"}],"author":[{"embeddable":true,"href":"https:\/\/oncubanews.com\/en\/wp-json\/wp\/v2\/users\/3134"}],"replies":[{"embeddable":true,"href":"https:\/\/oncubanews.com\/en\/wp-json\/wp\/v2\/comments?post=106213"}],"version-history":[{"count":0,"href":"https:\/\/oncubanews.com\/en\/wp-json\/wp\/v2\/posts\/106213\/revisions"}],"wp:featuredmedia":[{"embeddable":true,"href":"https:\/\/oncubanews.com\/en\/wp-json\/wp\/v2\/media\/106216"}],"wp:attachment":[{"href":"https:\/\/oncubanews.com\/en\/wp-json\/wp\/v2\/media?parent=106213"}],"wp:term":[{"taxonomy":"category","embeddable":true,"href":"https:\/\/oncubanews.com\/en\/wp-json\/wp\/v2\/categories?post=106213"},{"taxonomy":"post_tag","embeddable":true,"href":"https:\/\/oncubanews.com\/en\/wp-json\/wp\/v2\/tags?post=106213"},{"taxonomy":"author","embeddable":true,"href":"https:\/\/oncubanews.com\/en\/wp-json\/wp\/v2\/ppma_author?post=106213"}],"curies":[{"name":"wp","href":"https:\/\/api.w.org\/{rel}","templated":true}]}}