
{"id":108057,"date":"2017-11-17T17:04:15","date_gmt":"2017-11-17T22:04:15","guid":{"rendered":"http:\/\/oncubamagazine.com\/?p=108057"},"modified":"2018-10-02T14:38:30","modified_gmt":"2018-10-02T18:38:30","slug":"billboard-jazz-jewels","status":"publish","type":"post","link":"https:\/\/oncubanews.com\/en\/billboard-archive\/billboard-jazz-jewels\/","title":{"rendered":"Billboard: Jazz jewels"},"content":{"rendered":"<p>JoJazz 2017 is already playing. It\u2019s a contest for you to fall in love of Cuban jazz panorama. Until Sunday you\u2019ll find performances, jam sessions, radio live shows and more. That\u2019s how we start: playing jazz. Join us.<\/p>\n<p>Further down in Theater you\u2019ll find a new season of El P\u00fablico\u2019s play: Ivonne, Princesa de Borgo\u00f1a. Also the premier of El banquete infinito by Teatro de La Luna. In Dance, we propose an Opera-Ballet Concert with three cultural institutions turn into one. In Visual Arts, you\u2019ll read about \u201cPrimer Intento\u201d by photographer Claudio Pel\u00e1ez. In Cinema, there\u2019re several Venezuelan films and from other countries. There will be Literature too and of course everything FAC brings.<\/p>\n<p>Let\u2019s start to choose right now. Schedule what you like and don\u2019t miss a thing. Let\u2019s roll then. See you around!<\/p>\n<p>&nbsp;<\/p>\n<div id=\"banner1\" class=\"cartelera_banner\"><a href=\"https:\/\/oncubanews.com\/wp-content\/uploads\/2017\/09\/Banner-m\u00fasica_ingl\u00e9s_red-1.jpg\"><img loading=\"lazy\" decoding=\"async\" width=\"755\" height=\"145\" class=\"aligncenter wp-image-103308 size-full\" src=\"https:\/\/oncubanews.com\/wp-content\/uploads\/2017\/09\/Banner-m\u00fasica_ingl\u00e9s_red-1.jpg\" alt=\"\" \/><\/a><\/div>\n<div>\n<h3>JoJazz 2017<\/h3>\n<p>The Young Jazz Players Contest, Jojazz 2017, began yesterday and it will be on until next November 19th. It\u2019s celebrating its 20 years this time, and it will be a sort of preview for the Jazz Plaza International Festival next January 2018. For this occasion signed up already 40 participants and 35 contestants from nine provinces (Pinar del R\u00edo, La Habana, Matanzas, Villa Clara, Sancti Sp\u00edritus, Camag\u00fcey, Holgu\u00edn, Las Tunas and Santiago de Cuba), included three jazz band in contest.<\/p>\n<p><a href=\"https:\/\/oncubanews.com\/wp-content\/uploads\/2017\/11\/jojazz-banner.jpg\"><img loading=\"lazy\" decoding=\"async\" width=\"480\" height=\"264\" class=\"aligncenter size-full wp-image-107852\" src=\"https:\/\/oncubanews.com\/wp-content\/uploads\/2017\/11\/jojazz-banner.jpg\" alt=\"\" \/><\/a><\/p>\n<p>Today, in Tito Junco room there will be a concert with vanguard Cuban musicians such as Michel Herrera, Eduardo Sandoval, Rolando Luna, Gast\u00f3n Joyas, Alain Ladr\u00f3n de Guevara and D\u00fao Cressendo.<\/p>\n<p>In Avenida hall, tomorrow in the morning, Carlos Alberto Mart\u00ednez Camacho will teach a demonstrative-practical class title Jazz teaching in early ages. At 2 p.m. in Caf\u00e9 Miramar, you can participate in live broadcast of the Radio Ta\u00edno\u2019s show A Buena Hora, as well as enjoy the performance of Real Project group. Also, at 8:30 p.m. in Mella Theater, singer-songwriter Ra\u00fal Torres will offer the concert \u201cTodo mi universo\u201d, where will participate jazz players like Alejandro More\u00f1o, Yanet Vald\u00e9s and Michel Herrera.<\/p>\n<p><a href=\"https:\/\/oncubanews.com\/wp-content\/uploads\/2017\/11\/rt.jpg\"><img loading=\"lazy\" decoding=\"async\" width=\"960\" height=\"540\" class=\"aligncenter size-full wp-image-107934\" src=\"https:\/\/oncubanews.com\/wp-content\/uploads\/2017\/11\/rt.jpg\" alt=\"\" \/><\/a><\/p>\n<p>From November 16th to 18th will take place the minor solo interpretation contest (from ages 16 to 21) and the major (from ages 22 to 30). After, will follow the small and grand format interpretation contest ending that way the composition contest.<\/p>\n<p>In the Mella Theater\u2019s gardens will take place the Jam Sessions with performances of Roycel Alejandro (1st Composition Award 2012), Calos Javier Alc\u00e1ntara (3rd Composition Award 2016) and Degnis Bofill (1st Interpretation Award 2016).<br \/>\nThe award night will be on Sunday 19th, at 5 p.m., in Tito Junco room.<\/p>\n<p><a href=\"https:\/\/oncubanews.com\/wp-content\/uploads\/2016\/03\/Separador-023.png\"><img loading=\"lazy\" decoding=\"async\" width=\"758\" height=\"28\" class=\"aligncenter size-full wp-image-65415\" src=\"https:\/\/oncubanews.com\/wp-content\/uploads\/2016\/03\/Separador-023.png\" alt=\"\" srcset=\"https:\/\/oncubanews.com\/en\/wp-content\/uploads\/2016\/03\/Separador-023.png 758w, https:\/\/oncubanews.com\/en\/wp-content\/uploads\/2016\/03\/Separador-023-300x11.png 300w\" sizes=\"auto, (max-width: 758px) 100vw, 758px\" \/><\/a><\/p>\n<h3>Silvio for the kids<\/h3>\n<figure id=\"attachment_86893\" aria-describedby=\"caption-attachment-86893\" style=\"width: 1280px\" class=\"wp-caption aligncenter\"><a href=\"https:\/\/oncubanews.com\/wp-content\/uploads\/2017\/02\/Silvio-ensayo-fotos-Kaloian-2.jpg\"><img loading=\"lazy\" decoding=\"async\" width=\"1280\" height=\"832\" class=\"size-full wp-image-86893\" src=\"https:\/\/oncubanews.com\/wp-content\/uploads\/2017\/02\/Silvio-ensayo-fotos-Kaloian-2.jpg\" alt=\"Foto: Kaloian.\" \/><\/a><figcaption id=\"caption-attachment-86893\" class=\"wp-caption-text\">Foto: Kaloian.<\/figcaption><\/figure>\n<p>The concert number 87 of Silvio Rodr\u00edguez\u2019s Neigborhoods Tour will be today, at 6 p.m., in La Normal Park (Amenidad St. and Final St., corner to San Joaqu\u00edn St., Cerro). Niurka Gonz\u00e1lez, Jorge Reyes, Oliver Vald\u00e9s and Trovarroco will join Silvio to celebrate the Children\u2019s World Day, commemorate every November 20th by UNICEF in Cuba. Also, the theater kids company La Colmenita will be specially invited for the occasion.<br \/>\n<a href=\"https:\/\/oncubanews.com\/wp-content\/uploads\/2016\/03\/Separador-023.png\"><img loading=\"lazy\" decoding=\"async\" width=\"758\" height=\"28\" class=\"aligncenter size-full wp-image-65415\" src=\"https:\/\/oncubanews.com\/wp-content\/uploads\/2016\/03\/Separador-023.png\" alt=\"\" srcset=\"https:\/\/oncubanews.com\/en\/wp-content\/uploads\/2016\/03\/Separador-023.png 758w, https:\/\/oncubanews.com\/en\/wp-content\/uploads\/2016\/03\/Separador-023-300x11.png 300w\" sizes=\"auto, (max-width: 758px) 100vw, 758px\" \/><\/a><\/p>\n<h3>Interactivo Live Concert<\/h3>\n<p>Tomorrow Interactivo comes back to Miami. Don\u2019t stop dancing with their rhythms in It Lounge. Bookings in www.eventbrite.com<\/p>\n<p><a href=\"https:\/\/oncubanews.com\/wp-content\/uploads\/2017\/11\/18-interact-miami.jpg\"><img loading=\"lazy\" decoding=\"async\" width=\"960\" height=\"354\" class=\"aligncenter size-full wp-image-107859\" src=\"https:\/\/oncubanews.com\/wp-content\/uploads\/2017\/11\/18-interact-miami.jpg\" alt=\"\" \/><\/a><\/p>\n<h3><a href=\"https:\/\/oncubanews.com\/wp-content\/uploads\/2016\/03\/Separador-023.png\"><img loading=\"lazy\" decoding=\"async\" width=\"758\" height=\"28\" class=\"aligncenter size-full wp-image-65415\" src=\"https:\/\/oncubanews.com\/wp-content\/uploads\/2016\/03\/Separador-023.png\" alt=\"\" srcset=\"https:\/\/oncubanews.com\/en\/wp-content\/uploads\/2016\/03\/Separador-023.png 758w, https:\/\/oncubanews.com\/en\/wp-content\/uploads\/2016\/03\/Separador-023-300x11.png 300w\" sizes=\"auto, (max-width: 758px) 100vw, 758px\" \/><\/a><\/h3>\n<h3>Miami ready for Marc Anthony<\/h3>\n<p>Marc Anthony in concert today in the American Airlines Arena at 8 p.m. Tickets in www.ticketmaster.com<\/p>\n<p><a href=\"https:\/\/oncubanews.com\/wp-content\/uploads\/2017\/11\/marc-anthony.jpg\"><img loading=\"lazy\" decoding=\"async\" width=\"960\" height=\"540\" class=\"aligncenter size-full wp-image-107867\" src=\"https:\/\/oncubanews.com\/wp-content\/uploads\/2017\/11\/marc-anthony.jpg\" alt=\"\" \/><\/a><\/p>\n<h3><a href=\"https:\/\/oncubanews.com\/wp-content\/uploads\/2016\/03\/Separador-023.png\"><img loading=\"lazy\" decoding=\"async\" width=\"758\" height=\"28\" class=\"aligncenter size-full wp-image-65415\" src=\"https:\/\/oncubanews.com\/wp-content\/uploads\/2016\/03\/Separador-023.png\" alt=\"\" srcset=\"https:\/\/oncubanews.com\/en\/wp-content\/uploads\/2016\/03\/Separador-023.png 758w, https:\/\/oncubanews.com\/en\/wp-content\/uploads\/2016\/03\/Separador-023-300x11.png 300w\" sizes=\"auto, (max-width: 758px) 100vw, 758px\" \/><\/a><\/h3>\n<h3>Homagno sees the light<\/h3>\n<p>Launch of album \u201cHomagno\u201d today, at 8:30 p.m., in La Marca (Obrap\u00eda St., #108C, between Oficio St. and Mercaderes St., Old Havana).<\/p>\n<p><a href=\"https:\/\/oncubanews.com\/wp-content\/uploads\/2017\/11\/17-nov-homagno.jpg\"><img loading=\"lazy\" decoding=\"async\" width=\"685\" height=\"960\" class=\"aligncenter size-full wp-image-107861\" src=\"https:\/\/oncubanews.com\/wp-content\/uploads\/2017\/11\/17-nov-homagno.jpg\" alt=\"\" \/><\/a><\/p>\n<h3><a href=\"https:\/\/oncubanews.com\/wp-content\/uploads\/2016\/03\/Separador-023.png\"><img loading=\"lazy\" decoding=\"async\" width=\"758\" height=\"28\" class=\"aligncenter size-full wp-image-65415\" src=\"https:\/\/oncubanews.com\/wp-content\/uploads\/2016\/03\/Separador-023.png\" alt=\"\" srcset=\"https:\/\/oncubanews.com\/en\/wp-content\/uploads\/2016\/03\/Separador-023.png 758w, https:\/\/oncubanews.com\/en\/wp-content\/uploads\/2016\/03\/Separador-023-300x11.png 300w\" sizes=\"auto, (max-width: 758px) 100vw, 758px\" \/><\/a><\/h3>\n<h3>Leo Vera in concert<\/h3>\n<p>Cuban singer-songwriter will performance tomorrow in Caf\u00e9 Miramar, at 9 p.m.<\/p>\n<p><a href=\"https:\/\/oncubanews.com\/wp-content\/uploads\/2017\/11\/18-nov-leo-vera-en-cafe-miramar.jpg\"><img loading=\"lazy\" decoding=\"async\" width=\"208\" height=\"416\" class=\"aligncenter wp-image-107863\" src=\"https:\/\/oncubanews.com\/wp-content\/uploads\/2017\/11\/18-nov-leo-vera-en-cafe-miramar.jpg\" alt=\"\" \/><\/a><\/p>\n<h3><a href=\"https:\/\/oncubanews.com\/wp-content\/uploads\/2016\/03\/Separador-023.png\"><img loading=\"lazy\" decoding=\"async\" width=\"758\" height=\"28\" class=\"aligncenter size-full wp-image-65415\" src=\"https:\/\/oncubanews.com\/wp-content\/uploads\/2016\/03\/Separador-023.png\" alt=\"\" srcset=\"https:\/\/oncubanews.com\/en\/wp-content\/uploads\/2016\/03\/Separador-023.png 758w, https:\/\/oncubanews.com\/en\/wp-content\/uploads\/2016\/03\/Separador-023-300x11.png 300w\" sizes=\"auto, (max-width: 758px) 100vw, 758px\" \/><\/a><\/h3>\n<h3>Kamankola in Havana<\/h3>\n<p><a href=\"https:\/\/oncubanews.com\/wp-content\/uploads\/2017\/11\/19-nov-Kamankola-Casona.jpg\"><img loading=\"lazy\" decoding=\"async\" width=\"600\" height=\"463\" class=\"aligncenter size-full wp-image-107893\" src=\"https:\/\/oncubanews.com\/wp-content\/uploads\/2017\/11\/19-nov-Kamankola-Casona.jpg\" alt=\"\" \/><\/a><\/p>\n<p>Jorgito Kamankola in concert this Sunday in Casona de L\u00ednea at 8 p.m.<\/p>\n<p>https:\/\/oncubanews.com\/cultura\/kamankola-quiere-decir\/<\/p>\n<h3><a href=\"https:\/\/oncubanews.com\/wp-content\/uploads\/2016\/03\/Separador-023.png\"><img loading=\"lazy\" decoding=\"async\" width=\"758\" height=\"28\" class=\"aligncenter size-full wp-image-65415\" src=\"https:\/\/oncubanews.com\/wp-content\/uploads\/2016\/03\/Separador-023.png\" alt=\"\" srcset=\"https:\/\/oncubanews.com\/en\/wp-content\/uploads\/2016\/03\/Separador-023.png 758w, https:\/\/oncubanews.com\/en\/wp-content\/uploads\/2016\/03\/Separador-023-300x11.png 300w\" sizes=\"auto, (max-width: 758px) 100vw, 758px\" \/><\/a><\/h3>\n<h3>In Corner<\/h3>\n<p>Cuban young singer Luis Franco will performance in Corner Caf\u00e9 next Thursday 23rd at 11 p.m.<\/p>\n<p><a href=\"https:\/\/oncubanews.com\/wp-content\/uploads\/2017\/11\/23-nov-luis-franco.jpg\"><img loading=\"lazy\" decoding=\"async\" width=\"960\" height=\"639\" class=\"aligncenter size-full wp-image-107895\" src=\"https:\/\/oncubanews.com\/wp-content\/uploads\/2017\/11\/23-nov-luis-franco.jpg\" alt=\"\" \/><\/a><\/p>\n<h3><a href=\"https:\/\/oncubanews.com\/wp-content\/uploads\/2016\/03\/Separador-023.png\"><img loading=\"lazy\" decoding=\"async\" width=\"758\" height=\"28\" class=\"aligncenter size-full wp-image-65415\" src=\"https:\/\/oncubanews.com\/wp-content\/uploads\/2016\/03\/Separador-023.png\" alt=\"\" srcset=\"https:\/\/oncubanews.com\/en\/wp-content\/uploads\/2016\/03\/Separador-023.png 758w, https:\/\/oncubanews.com\/en\/wp-content\/uploads\/2016\/03\/Separador-023-300x11.png 300w\" sizes=\"auto, (max-width: 758px) 100vw, 758px\" \/><\/a><\/h3>\n<h3>Mauricio Figueiral in concert<\/h3>\n<p><a href=\"https:\/\/oncubanews.com\/wp-content\/uploads\/2017\/11\/17-nov-mauricio-fig.jpg\"><img loading=\"lazy\" decoding=\"async\" width=\"909\" height=\"641\" class=\"aligncenter size-full wp-image-107897\" src=\"https:\/\/oncubanews.com\/wp-content\/uploads\/2017\/11\/17-nov-mauricio-fig.jpg\" alt=\"\" \/><\/a><\/p>\n<h3><a href=\"https:\/\/oncubanews.com\/wp-content\/uploads\/2016\/03\/Separador-023.png\"><img loading=\"lazy\" decoding=\"async\" width=\"758\" height=\"28\" class=\"aligncenter size-full wp-image-65415\" src=\"https:\/\/oncubanews.com\/wp-content\/uploads\/2016\/03\/Separador-023.png\" alt=\"\" srcset=\"https:\/\/oncubanews.com\/en\/wp-content\/uploads\/2016\/03\/Separador-023.png 758w, https:\/\/oncubanews.com\/en\/wp-content\/uploads\/2016\/03\/Separador-023-300x11.png 300w\" sizes=\"auto, (max-width: 758px) 100vw, 758px\" \/><\/a><\/h3>\n<h3>From National Center of Concert Music<\/h3>\n<h3><a href=\"https:\/\/oncubanews.com\/wp-content\/uploads\/2017\/11\/Centro-Nac-de-mus-de-Concierto.jpg\"><img loading=\"lazy\" decoding=\"async\" width=\"816\" height=\"1056\" class=\"aligncenter size-full wp-image-107981\" src=\"https:\/\/oncubanews.com\/wp-content\/uploads\/2017\/11\/Centro-Nac-de-mus-de-Concierto.jpg\" alt=\"\" \/><\/a><\/h3>\n<h3><a href=\"https:\/\/oncubanews.com\/wp-content\/uploads\/2016\/03\/Separador-023.png\"><img loading=\"lazy\" decoding=\"async\" width=\"758\" height=\"28\" class=\"aligncenter size-full wp-image-65415\" src=\"https:\/\/oncubanews.com\/wp-content\/uploads\/2016\/03\/Separador-023.png\" alt=\"\" srcset=\"https:\/\/oncubanews.com\/en\/wp-content\/uploads\/2016\/03\/Separador-023.png 758w, https:\/\/oncubanews.com\/en\/wp-content\/uploads\/2016\/03\/Separador-023-300x11.png 300w\" sizes=\"auto, (max-width: 758px) 100vw, 758px\" \/><\/a><\/h3>\n<h3>World premier<\/h3>\n<p>Adriano Galliusi\u2019s opera Prometeo encadenado will be interpreted by Solo Orchestra of Havana, in Oratorio San Felipe Neri at 4 p.m.<\/p>\n<p><a href=\"https:\/\/oncubanews.com\/wp-content\/uploads\/2017\/11\/Prometeo-Encadenado.jpg\"><img loading=\"lazy\" decoding=\"async\" width=\"960\" height=\"720\" class=\"aligncenter size-full wp-image-107996\" src=\"https:\/\/oncubanews.com\/wp-content\/uploads\/2017\/11\/Prometeo-Encadenado.jpg\" alt=\"\" \/><\/a><\/p>\n<h3><a href=\"https:\/\/oncubanews.com\/wp-content\/uploads\/2016\/03\/Separador-023.png\"><img loading=\"lazy\" decoding=\"async\" width=\"758\" height=\"28\" class=\"aligncenter size-full wp-image-65415\" src=\"https:\/\/oncubanews.com\/wp-content\/uploads\/2016\/03\/Separador-023.png\" alt=\"\" srcset=\"https:\/\/oncubanews.com\/en\/wp-content\/uploads\/2016\/03\/Separador-023.png 758w, https:\/\/oncubanews.com\/en\/wp-content\/uploads\/2016\/03\/Separador-023-300x11.png 300w\" sizes=\"auto, (max-width: 758px) 100vw, 758px\" \/><\/a><\/h3>\n<\/div>\n<div id=\"banner2\" class=\"cartelera_banner\"><a href=\"https:\/\/oncubanews.com\/wp-content\/uploads\/2017\/09\/Banner-Teatro_ingl\u00e9s.jpg\"><img loading=\"lazy\" decoding=\"async\" width=\"755\" height=\"145\" class=\"aligncenter wp-image-101333 size-full\" src=\"https:\/\/oncubanews.com\/wp-content\/uploads\/2017\/09\/Banner-Teatro_ingl\u00e9s.jpg\" alt=\"\" \/><\/a><\/div>\n<div>\n<h3>El P\u00fablico again with Gombrowicz<\/h3>\n<p>El P\u00fablico company theater will present the play Ivonne, Princesa de Borgo\u00f1a by Witold Gombrowicz during the VI Polish Theater Week. This time the stage direction will be in hands of Carlos D\u00edaz, the company director, and Yanier Palmero. Functions will be in Raquel Revuelta theater from today to Sunday 19th, always at 8:30 p.m.<\/p>\n<figure id=\"attachment_107905\" aria-describedby=\"caption-attachment-107905\" style=\"width: 800px\" class=\"wp-caption aligncenter\"><a href=\"https:\/\/oncubanews.com\/wp-content\/uploads\/2017\/11\/el-pub-1.jpg\"><img loading=\"lazy\" decoding=\"async\" width=\"800\" height=\"562\" class=\"wp-image-107905 size-full\" src=\"https:\/\/oncubanews.com\/wp-content\/uploads\/2017\/11\/el-pub-1.jpg\" alt=\"Actores de Teatro El P\u00fablico durante los ensayos de &quot;Ivonne, Princesa de Borgo\u00f1a&quot;. Foto: Perfil en Facebook de la compa\u00f1\u00eda.\" \/><\/a><figcaption id=\"caption-attachment-107905\" class=\"wp-caption-text\">Actores de Teatro El P\u00fablico durante los ensayos de &#8220;Ivonne, Princesa de Borgo\u00f1a&#8221;. Foto: Perfil en Facebook de la compa\u00f1\u00eda.<\/figcaption><\/figure>\n<figure id=\"attachment_107906\" aria-describedby=\"caption-attachment-107906\" style=\"width: 800px\" class=\"wp-caption aligncenter\"><a href=\"https:\/\/oncubanews.com\/wp-content\/uploads\/2017\/11\/el-pub-2.jpg\"><img loading=\"lazy\" decoding=\"async\" width=\"800\" height=\"600\" class=\"size-full wp-image-107906\" src=\"https:\/\/oncubanews.com\/wp-content\/uploads\/2017\/11\/el-pub-2.jpg\" alt=\"Actores de Teatro El P\u00fablico durante los ensayos de &quot;Ivonne, Princesa de Borgo\u00f1a&quot;. Foto: Perfil en Facebook de la compa\u00f1\u00eda.\" \/><\/a><figcaption id=\"caption-attachment-107906\" class=\"wp-caption-text\">Actores de Teatro El P\u00fablico durante los ensayos de &#8220;Ivonne, Princesa de Borgo\u00f1a&#8221;. Foto: Perfil en Facebook de la compa\u00f1\u00eda.<\/figcaption><\/figure>\n<h3><a href=\"https:\/\/oncubanews.com\/wp-content\/uploads\/2016\/03\/Separador-023.png\"><img loading=\"lazy\" decoding=\"async\" width=\"758\" height=\"28\" class=\"aligncenter size-full wp-image-65415\" src=\"https:\/\/oncubanews.com\/wp-content\/uploads\/2016\/03\/Separador-023.png\" alt=\"\" srcset=\"https:\/\/oncubanews.com\/en\/wp-content\/uploads\/2016\/03\/Separador-023.png 758w, https:\/\/oncubanews.com\/en\/wp-content\/uploads\/2016\/03\/Separador-023-300x11.png 300w\" sizes=\"auto, (max-width: 758px) 100vw, 758px\" \/><\/a><\/h3>\n<h3>20 years on the Moon<\/h3>\n<p>Teatro de La Luna, lead by Raul Mart\u00ednez, celebrates its 20 years in 2017. To praise the anniversary they will premier today the play El banquete infinito by Alberto Pedro. The play will be on until December 26th in Adolfo Llaurad\u00f3 hall.<\/p>\n<p><a href=\"https:\/\/oncubanews.com\/wp-content\/uploads\/2017\/11\/17-nov-estreno-Teatro-de-La-Luna.jpg\"><img loading=\"lazy\" decoding=\"async\" width=\"1688\" height=\"728\" class=\"aligncenter size-full wp-image-107904\" src=\"https:\/\/oncubanews.com\/wp-content\/uploads\/2017\/11\/17-nov-estreno-Teatro-de-La-Luna.jpg\" alt=\"\" \/><\/a><\/p>\n<h3><a href=\"https:\/\/oncubanews.com\/wp-content\/uploads\/2016\/03\/Separador-023.png\"><img loading=\"lazy\" decoding=\"async\" width=\"758\" height=\"28\" class=\"aligncenter size-full wp-image-65415\" src=\"https:\/\/oncubanews.com\/wp-content\/uploads\/2016\/03\/Separador-023.png\" alt=\"\" srcset=\"https:\/\/oncubanews.com\/en\/wp-content\/uploads\/2016\/03\/Separador-023.png 758w, https:\/\/oncubanews.com\/en\/wp-content\/uploads\/2016\/03\/Separador-023-300x11.png 300w\" sizes=\"auto, (max-width: 758px) 100vw, 758px\" \/><\/a><\/h3>\n<\/div>\n<div id=\"banner3\" class=\"cartelera_banner\"><a href=\"https:\/\/oncubanews.com\/wp-content\/uploads\/2017\/09\/Banner-Danza_ingl\u00e9s_red.jpg\"><img loading=\"lazy\" decoding=\"async\" width=\"755\" height=\"145\" class=\"aligncenter wp-image-103303 size-full\" src=\"https:\/\/oncubanews.com\/wp-content\/uploads\/2017\/09\/Banner-Danza_ingl\u00e9s_red.jpg\" alt=\"\" \/><\/a><\/div>\n<div>\n<h3>Three in one<\/h3>\n<p>The Cuba National Lyric Theater, the Laura Alonso Ballet of Pro-Danza Center and the Cuban Institute of Radio and Television Orchestra will get together for the first time in the show \u201cOpera-Ballet Concert\u201d. It will take place in Avellaneda Hall tomorrow and on Sunday at usual hours.<\/p>\n<figure id=\"attachment_107913\" aria-describedby=\"caption-attachment-107913\" style=\"width: 600px\" class=\"wp-caption aligncenter\"><a href=\"https:\/\/oncubanews.com\/wp-content\/uploads\/2017\/11\/prodanza.jpg\"><img loading=\"lazy\" decoding=\"async\" width=\"600\" height=\"400\" class=\"size-full wp-image-107913\" src=\"https:\/\/oncubanews.com\/wp-content\/uploads\/2017\/11\/prodanza.jpg\" alt=\"Ballet Laura Alonso del Centro Prodanza. Foto tomada de China.org.cn.\" \/><\/a><figcaption id=\"caption-attachment-107913\" class=\"wp-caption-text\">Ballet Laura Alonso del Centro Prodanza. Foto tomada de China.org.cn.<\/figcaption><\/figure>\n<h3><a href=\"https:\/\/oncubanews.com\/wp-content\/uploads\/2016\/03\/Separador-023.png\"><img loading=\"lazy\" decoding=\"async\" width=\"758\" height=\"28\" class=\"aligncenter size-full wp-image-65415\" src=\"https:\/\/oncubanews.com\/wp-content\/uploads\/2016\/03\/Separador-023.png\" alt=\"\" srcset=\"https:\/\/oncubanews.com\/en\/wp-content\/uploads\/2016\/03\/Separador-023.png 758w, https:\/\/oncubanews.com\/en\/wp-content\/uploads\/2016\/03\/Separador-023-300x11.png 300w\" sizes=\"auto, (max-width: 758px) 100vw, 758px\" \/><\/a><\/h3>\n<h3>Flamenco is in Havana<\/h3>\n<p>This is the full program for the 1st Intercontinental Flamenco Encounter in Havana. It will start next Monday 20th until Saturday 25th in Casa de la Cultura, Plaza. Check out all the info here:<\/p>\n<p><a href=\"https:\/\/oncubanews.com\/wp-content\/uploads\/2017\/11\/20-nov-1er-encuentro-interc-de-flamenco.jpg\"><img loading=\"lazy\" decoding=\"async\" width=\"1087\" height=\"1266\" class=\"aligncenter size-full wp-image-107915\" src=\"https:\/\/oncubanews.com\/wp-content\/uploads\/2017\/11\/20-nov-1er-encuentro-interc-de-flamenco.jpg\" alt=\"\" \/><\/a><\/p>\n<h3><a href=\"https:\/\/oncubanews.com\/wp-content\/uploads\/2016\/03\/Separador-023.png\"><img loading=\"lazy\" decoding=\"async\" width=\"758\" height=\"28\" class=\"aligncenter size-full wp-image-65415\" src=\"https:\/\/oncubanews.com\/wp-content\/uploads\/2016\/03\/Separador-023.png\" alt=\"\" srcset=\"https:\/\/oncubanews.com\/en\/wp-content\/uploads\/2016\/03\/Separador-023.png 758w, https:\/\/oncubanews.com\/en\/wp-content\/uploads\/2016\/03\/Separador-023-300x11.png 300w\" sizes=\"auto, (max-width: 758px) 100vw, 758px\" \/><\/a><\/h3>\n<\/div>\n<div id=\"banner4\" class=\"cartelera_banner\"><a href=\"https:\/\/oncubanews.com\/wp-content\/uploads\/2017\/09\/Banner-Artes-visuales_ingl\u00e9s.jpg\"><img loading=\"lazy\" decoding=\"async\" width=\"755\" height=\"145\" class=\"aligncenter wp-image-101328 size-full\" src=\"https:\/\/oncubanews.com\/wp-content\/uploads\/2017\/09\/Banner-Artes-visuales_ingl\u00e9s.jpg\" alt=\"\" \/><\/a><\/div>\n<div>\n<h3>Not the last one<\/h3>\n<p>Claudio Pel\u00e1ez invites to his first personal expo:<\/p>\n<blockquote><p>&#8220;<em>With all my heart I want to invite you all to my first personal expo \u201cPrimer Intento\u201d. Inauguration will be tomorrow, November 18th, in La Casa de la Bombilla Verde at 6 p.m. It will be a fund raising to help people affected by hurricane Irma in Cuba. I will sell numbers for 1CUC and the winner will get one of my photographs. All the money will be deposited in the government\u2019s bank account created for that matter. I will appreciate all of you to be part of this initiative and of course it will be a great placer to share my first personal expo with you.<\/em>&#8220;<\/p><\/blockquote>\n<p><a href=\"https:\/\/oncubanews.com\/wp-content\/uploads\/2017\/11\/claudio.jpg\"><img loading=\"lazy\" decoding=\"async\" width=\"960\" height=\"639\" class=\"aligncenter size-full wp-image-107918\" src=\"https:\/\/oncubanews.com\/wp-content\/uploads\/2017\/11\/claudio.jpg\" alt=\"\" \/><\/a><\/p>\n<h3><a href=\"https:\/\/oncubanews.com\/wp-content\/uploads\/2016\/03\/Separador-023.png\"><img loading=\"lazy\" decoding=\"async\" width=\"758\" height=\"28\" class=\"aligncenter size-full wp-image-65415\" src=\"https:\/\/oncubanews.com\/wp-content\/uploads\/2016\/03\/Separador-023.png\" alt=\"\" srcset=\"https:\/\/oncubanews.com\/en\/wp-content\/uploads\/2016\/03\/Separador-023.png 758w, https:\/\/oncubanews.com\/en\/wp-content\/uploads\/2016\/03\/Separador-023-300x11.png 300w\" sizes=\"auto, (max-width: 758px) 100vw, 758px\" \/><\/a><\/h3>\n<h3>Woman in the flesh<\/h3>\n<p>\u201cAfrodita gnidia\u201d will be inaugurated today, at 4 p.m., in the Temporary Room of the Cuban Art Building of the National Fine Arts Museum. The show explores the feminine nude in the ancient Greek sculpture. The exhibition will be on until January 22nd, 2018.<\/p>\n<p><a href=\"https:\/\/oncubanews.com\/wp-content\/uploads\/2017\/11\/17-nov-expo-afrodita.jpg\"><img loading=\"lazy\" decoding=\"async\" width=\"960\" height=\"573\" class=\"aligncenter size-full wp-image-107916\" src=\"https:\/\/oncubanews.com\/wp-content\/uploads\/2017\/11\/17-nov-expo-afrodita.jpg\" alt=\"\" \/><\/a><\/p>\n<h3><a href=\"https:\/\/oncubanews.com\/wp-content\/uploads\/2016\/03\/Separador-023.png\"><img loading=\"lazy\" decoding=\"async\" width=\"758\" height=\"28\" class=\"aligncenter size-full wp-image-65415\" src=\"https:\/\/oncubanews.com\/wp-content\/uploads\/2016\/03\/Separador-023.png\" alt=\"\" srcset=\"https:\/\/oncubanews.com\/en\/wp-content\/uploads\/2016\/03\/Separador-023.png 758w, https:\/\/oncubanews.com\/en\/wp-content\/uploads\/2016\/03\/Separador-023-300x11.png 300w\" sizes=\"auto, (max-width: 758px) 100vw, 758px\" \/><\/a><\/h3>\n<\/div>\n<div id=\"banner5\" class=\"cartelera_banner\"><a href=\"https:\/\/oncubanews.com\/wp-content\/uploads\/2017\/09\/Banner-Literatura_ingl\u00e9s.jpg\"><img loading=\"lazy\" decoding=\"async\" width=\"755\" height=\"145\" class=\"aligncenter wp-image-101331 size-full\" src=\"https:\/\/oncubanews.com\/wp-content\/uploads\/2017\/09\/Banner-Literatura_ingl\u00e9s.jpg\" alt=\"\" \/><\/a><\/div>\n<div>\n<h3>Saturday of books<\/h3>\n<p>Eusebio Leal Spengler will present tomorrow \u201cCaminos del az\u00facar\u201d by Orcar Zanetti and Alejandro Garc\u00eda, published by Ediciones Bolo\u00f1a, during the traditional space S\u00e1bado del Libro in the Army Square, at 11 a.m.<\/p>\n<p><a href=\"https:\/\/oncubanews.com\/wp-content\/uploads\/2017\/11\/Sabado-del-libro-18-de-nov-2.jpg\"><img loading=\"lazy\" decoding=\"async\" width=\"587\" height=\"379\" class=\"aligncenter size-full wp-image-107989\" src=\"https:\/\/oncubanews.com\/wp-content\/uploads\/2017\/11\/Sabado-del-libro-18-de-nov-2.jpg\" alt=\"\" \/><\/a><\/p>\n<h3><a href=\"https:\/\/oncubanews.com\/wp-content\/uploads\/2016\/03\/Separador-023.png\"><img loading=\"lazy\" decoding=\"async\" width=\"758\" height=\"28\" class=\"aligncenter size-full wp-image-65415\" src=\"https:\/\/oncubanews.com\/wp-content\/uploads\/2016\/03\/Separador-023.png\" alt=\"\" srcset=\"https:\/\/oncubanews.com\/en\/wp-content\/uploads\/2016\/03\/Separador-023.png 758w, https:\/\/oncubanews.com\/en\/wp-content\/uploads\/2016\/03\/Separador-023-300x11.png 300w\" sizes=\"auto, (max-width: 758px) 100vw, 758px\" \/><\/a><\/h3>\n<\/div>\n<div id=\"banner6\" class=\"cartelera_banner\"><a href=\"https:\/\/oncubanews.com\/wp-content\/uploads\/2017\/09\/Banner-FAC_ingl\u00e9s_red.jpg\"><img loading=\"lazy\" decoding=\"async\" width=\"755\" height=\"145\" class=\"aligncenter wp-image-103304 size-full\" src=\"https:\/\/oncubanews.com\/wp-content\/uploads\/2017\/09\/Banner-FAC_ingl\u00e9s_red.jpg\" alt=\"\" \/><\/a><\/div>\n<div>\n<p><strong>FRIDAY<\/strong><br \/>\n9 p.m. Nave 1: Session DJ Producers with Iv\u00e1n Lejardi<br \/>\n<a href=\"https:\/\/oncubanews.com\/wp-content\/uploads\/2017\/11\/LEJARDI.jpg\"><img loading=\"lazy\" decoding=\"async\" width=\"626\" height=\"853\" class=\"aligncenter size-full wp-image-108040\" src=\"https:\/\/oncubanews.com\/wp-content\/uploads\/2017\/11\/LEJARDI.jpg\" alt=\"\" \/><\/a><br \/>\n9 p.m. Nave 3: Leo Gasso in concert, a Uruguayan bandoneon player.<\/p>\n<p>10 p.m. Nave 3: Los Hijos del Director Company presents the play \u201cEl ultimo recurso\u201d (fragments)<\/p>\n<div id='gallery-1' class='gallery galleryid-108057 gallery-columns-2 gallery-size-full'><figure class='gallery-item'>\n\t\t\t<div class='gallery-icon portrait'>\n\t\t\t\t<a href='https:\/\/oncubanews.com\/en\/wp-content\/uploads\/2017\/11\/vier-leo-gasso.jpg'><img loading=\"lazy\" decoding=\"async\" width=\"626\" height=\"853\" src=\"https:\/\/oncubanews.com\/en\/wp-content\/uploads\/2017\/11\/vier-leo-gasso.jpg\" class=\"attachment-full size-full\" alt=\"\" \/><\/a>\n\t\t\t<\/div><\/figure><figure class='gallery-item'>\n\t\t\t<div class='gallery-icon portrait'>\n\t\t\t\t<a href='https:\/\/oncubanews.com\/en\/wp-content\/uploads\/2017\/11\/vier-los-hij.jpg'><img loading=\"lazy\" decoding=\"async\" width=\"626\" height=\"853\" src=\"https:\/\/oncubanews.com\/en\/wp-content\/uploads\/2017\/11\/vier-los-hij.jpg\" class=\"attachment-full size-full\" alt=\"\" \/><\/a>\n\t\t\t<\/div><\/figure>\n\t\t<\/div>\n\n<p>11 p.m. Nave 4: Eme Alfonso in concert12 p.m. Nave 1: Open Jam with Alejandro More\u00f1o, young pianist winner of JoJazz Award 2010 for Interpretation and Composition<\/p>\n<div id='gallery-2' class='gallery galleryid-108057 gallery-columns-2 gallery-size-full'><figure class='gallery-item'>\n\t\t\t<div class='gallery-icon portrait'>\n\t\t\t\t<a href='https:\/\/oncubanews.com\/en\/wp-content\/uploads\/2017\/11\/vier-eme.jpg'><img loading=\"lazy\" decoding=\"async\" width=\"626\" height=\"853\" src=\"https:\/\/oncubanews.com\/en\/wp-content\/uploads\/2017\/11\/vier-eme.jpg\" class=\"attachment-full size-full\" alt=\"\" \/><\/a>\n\t\t\t<\/div><\/figure><figure class='gallery-item'>\n\t\t\t<div class='gallery-icon portrait'>\n\t\t\t\t<a href='https:\/\/oncubanews.com\/en\/wp-content\/uploads\/2017\/11\/vier-jam.jpg'><img loading=\"lazy\" decoding=\"async\" width=\"626\" height=\"853\" src=\"https:\/\/oncubanews.com\/en\/wp-content\/uploads\/2017\/11\/vier-jam.jpg\" class=\"attachment-full size-full\" alt=\"\" \/><\/a>\n\t\t\t<\/div><\/figure>\n\t\t<\/div>\n\n<h3>SATURDAY<\/h3>\n<p>9 p.m. Nave 3: Ethnic Fashion Collection designed by Luis Gonz\u00e1lez and presented during the fashion week.<br \/>\n<a href=\"https:\/\/oncubanews.com\/wp-content\/uploads\/2017\/11\/sab-moda-1.jpg\"><img loading=\"lazy\" decoding=\"async\" width=\"626\" height=\"853\" class=\"aligncenter size-full wp-image-108041\" src=\"https:\/\/oncubanews.com\/wp-content\/uploads\/2017\/11\/sab-moda-1.jpg\" alt=\"\" \/><\/a><br \/>\n10 p.m. Nave 1: Rochy in concert<\/p>\n<p>11 p.m. Nave 4: El Negro WadPro in concert. This project\u2019s goal is to create live music using elements from Cuban music interacting with electronic devices. As a pioneer playing drums pad, Jos\u00e9 \u00c1ngel Blanco pretends to rescue old popular Cuban genres and mix them with new rhythms and trends.<\/p>\n<div id='gallery-3' class='gallery galleryid-108057 gallery-columns-2 gallery-size-full'><figure class='gallery-item'>\n\t\t\t<div class='gallery-icon portrait'>\n\t\t\t\t<a href='https:\/\/oncubanews.com\/en\/wp-content\/uploads\/2017\/11\/sab-rochy.jpg'><img loading=\"lazy\" decoding=\"async\" width=\"626\" height=\"853\" src=\"https:\/\/oncubanews.com\/en\/wp-content\/uploads\/2017\/11\/sab-rochy.jpg\" class=\"attachment-full size-full\" alt=\"\" \/><\/a>\n\t\t\t<\/div><\/figure><figure class='gallery-item'>\n\t\t\t<div class='gallery-icon portrait'>\n\t\t\t\t<a href='https:\/\/oncubanews.com\/en\/wp-content\/uploads\/2017\/11\/sab-negro.jpg'><img loading=\"lazy\" decoding=\"async\" width=\"626\" height=\"853\" src=\"https:\/\/oncubanews.com\/en\/wp-content\/uploads\/2017\/11\/sab-negro.jpg\" class=\"attachment-full size-full\" alt=\"\" \/><\/a>\n\t\t\t<\/div><\/figure>\n\t\t<\/div>\n\n<p><strong>SUNDAY<\/strong><br \/>\n9 p.m. Nave 3: Gym direction and dramaturgy: Agnieska Hern\u00e1ndez. The proposal is bold<\/p>\n<p>10 p.m. Nave 1: Concert with JoJazz 2017 winners<\/p>\n<p>10:30 p.m. Nave 4: AND Music with David Blanco as a guest<\/p>\n<p>11 p.m. Nave 4: David Blanco in concert<\/p>\n<p>11 p.m. Nave 1: Session DJ Producers with Iv\u00e1n Lejardi<\/p>\n<\/div>\n","protected":false},"excerpt":{"rendered":"<p>JoJazz 2017 is already playing. It\u2019s a contest for you to fall in love of Cuban jazz panorama. Until Sunday you\u2019ll find performances, jam sessions, radio live shows and more. That\u2019s how we start: playing jazz. Join us. Further down in Theater you\u2019ll find a new season of El P\u00fablico\u2019s play: Ivonne, Princesa de Borgo\u00f1a. [&hellip;]<\/p>\n","protected":false},"author":3524,"featured_media":108058,"comment_status":"open","ping_status":"closed","sticky":false,"template":"","format":"standard","meta":{"_acf_changed":false,"footnotes":""},"categories":[14198],"tags":[],"ppma_author":[33547,13550],"class_list":["post-108057","post","type-post","status-publish","format-standard","has-post-thumbnail","hentry","category-billboard-archive"],"acf":[],"yoast_head":"<!-- This site is optimized with the Yoast SEO plugin v27.3 - https:\/\/yoast.com\/product\/yoast-seo-wordpress\/ -->\n<title>Billboard: Jazz jewels | OnCubaNews English<\/title>\n<meta name=\"robots\" content=\"index, follow, max-snippet:-1, max-image-preview:large, max-video-preview:-1\" \/>\n<link rel=\"canonical\" href=\"https:\/\/oncubanews.com\/en\/billboard-archive\/billboard-jazz-jewels\/\" \/>\n<meta property=\"og:locale\" content=\"en_US\" \/>\n<meta property=\"og:type\" content=\"article\" \/>\n<meta property=\"og:title\" content=\"Billboard: Jazz jewels | OnCubaNews English\" \/>\n<meta property=\"og:description\" content=\"JoJazz 2017 is already playing. It\u2019s a contest for you to fall in love of Cuban jazz panorama. Until Sunday you\u2019ll find performances, jam sessions, radio live shows and more. That\u2019s how we start: playing jazz. Join us. Further down in Theater you\u2019ll find a new season of El P\u00fablico\u2019s play: Ivonne, Princesa de Borgo\u00f1a. [&hellip;]\" \/>\n<meta property=\"og:url\" content=\"https:\/\/oncubanews.com\/en\/billboard-archive\/billboard-jazz-jewels\/\" \/>\n<meta property=\"og:site_name\" content=\"OnCubaNews English\" \/>\n<meta property=\"article:published_time\" content=\"2017-11-17T22:04:15+00:00\" \/>\n<meta property=\"article:modified_time\" content=\"2018-10-02T18:38:30+00:00\" \/>\n<meta property=\"og:image\" content=\"https:\/\/oncubanews.com\/en\/wp-content\/uploads\/2017\/11\/Portada-03_ingl\u00e9s.jpg\" \/>\n\t<meta property=\"og:image:width\" content=\"1958\" \/>\n\t<meta property=\"og:image:height\" content=\"1271\" \/>\n\t<meta property=\"og:image:type\" content=\"image\/jpeg\" \/>\n<meta name=\"author\" content=\"Alejandro Ruiz Chang, aleruiz\" \/>\n<meta name=\"twitter:card\" content=\"summary_large_image\" \/>\n<meta name=\"twitter:label1\" content=\"Written by\" \/>\n\t<meta name=\"twitter:data1\" content=\"Alejandro Ruiz Chang\" \/>\n\t<meta name=\"twitter:label2\" content=\"Est. reading time\" \/>\n\t<meta name=\"twitter:data2\" content=\"7 minutes\" \/>\n<script type=\"application\/ld+json\" class=\"yoast-schema-graph\">{\"@context\":\"https:\\\/\\\/schema.org\",\"@graph\":[{\"@type\":\"Article\",\"@id\":\"https:\\\/\\\/oncubanews.com\\\/en\\\/billboard-archive\\\/billboard-jazz-jewels\\\/#article\",\"isPartOf\":{\"@id\":\"https:\\\/\\\/oncubanews.com\\\/en\\\/billboard-archive\\\/billboard-jazz-jewels\\\/\"},\"author\":{\"name\":\"Alejandro Ruiz Chang\",\"@id\":\"https:\\\/\\\/oncubanews.com\\\/en\\\/#\\\/schema\\\/person\\\/5b33058b67d9cc92629c50b584f938e3\"},\"headline\":\"Billboard: Jazz jewels\",\"datePublished\":\"2017-11-17T22:04:15+00:00\",\"dateModified\":\"2018-10-02T18:38:30+00:00\",\"mainEntityOfPage\":{\"@id\":\"https:\\\/\\\/oncubanews.com\\\/en\\\/billboard-archive\\\/billboard-jazz-jewels\\\/\"},\"wordCount\":1382,\"commentCount\":0,\"image\":{\"@id\":\"https:\\\/\\\/oncubanews.com\\\/en\\\/billboard-archive\\\/billboard-jazz-jewels\\\/#primaryimage\"},\"thumbnailUrl\":\"https:\\\/\\\/oncubanews.com\\\/en\\\/wp-content\\\/uploads\\\/2017\\\/11\\\/Portada-03_ingl\u00e9s.jpg\",\"articleSection\":[\"Billboard Archive\"],\"inLanguage\":\"en-US\",\"potentialAction\":[{\"@type\":\"CommentAction\",\"name\":\"Comment\",\"target\":[\"https:\\\/\\\/oncubanews.com\\\/en\\\/billboard-archive\\\/billboard-jazz-jewels\\\/#respond\"]}],\"copyrightYear\":\"2017\",\"copyrightHolder\":{\"@id\":\"https:\\\/\\\/oncubanews.com\\\/en\\\/#organization\"}},{\"@type\":\"WebPage\",\"@id\":\"https:\\\/\\\/oncubanews.com\\\/en\\\/billboard-archive\\\/billboard-jazz-jewels\\\/\",\"url\":\"https:\\\/\\\/oncubanews.com\\\/en\\\/billboard-archive\\\/billboard-jazz-jewels\\\/\",\"name\":\"Billboard: Jazz jewels | OnCubaNews English\",\"isPartOf\":{\"@id\":\"https:\\\/\\\/oncubanews.com\\\/en\\\/#website\"},\"primaryImageOfPage\":{\"@id\":\"https:\\\/\\\/oncubanews.com\\\/en\\\/billboard-archive\\\/billboard-jazz-jewels\\\/#primaryimage\"},\"image\":{\"@id\":\"https:\\\/\\\/oncubanews.com\\\/en\\\/billboard-archive\\\/billboard-jazz-jewels\\\/#primaryimage\"},\"thumbnailUrl\":\"https:\\\/\\\/oncubanews.com\\\/en\\\/wp-content\\\/uploads\\\/2017\\\/11\\\/Portada-03_ingl\u00e9s.jpg\",\"datePublished\":\"2017-11-17T22:04:15+00:00\",\"dateModified\":\"2018-10-02T18:38:30+00:00\",\"author\":{\"@id\":\"https:\\\/\\\/oncubanews.com\\\/en\\\/#\\\/schema\\\/person\\\/5b33058b67d9cc92629c50b584f938e3\"},\"breadcrumb\":{\"@id\":\"https:\\\/\\\/oncubanews.com\\\/en\\\/billboard-archive\\\/billboard-jazz-jewels\\\/#breadcrumb\"},\"inLanguage\":\"en-US\",\"potentialAction\":[{\"@type\":\"ReadAction\",\"target\":[\"https:\\\/\\\/oncubanews.com\\\/en\\\/billboard-archive\\\/billboard-jazz-jewels\\\/\"]}]},{\"@type\":\"ImageObject\",\"inLanguage\":\"en-US\",\"@id\":\"https:\\\/\\\/oncubanews.com\\\/en\\\/billboard-archive\\\/billboard-jazz-jewels\\\/#primaryimage\",\"url\":\"https:\\\/\\\/oncubanews.com\\\/en\\\/wp-content\\\/uploads\\\/2017\\\/11\\\/Portada-03_ingl\u00e9s.jpg\",\"contentUrl\":\"https:\\\/\\\/oncubanews.com\\\/en\\\/wp-content\\\/uploads\\\/2017\\\/11\\\/Portada-03_ingl\u00e9s.jpg\",\"width\":1958,\"height\":1271},{\"@type\":\"BreadcrumbList\",\"@id\":\"https:\\\/\\\/oncubanews.com\\\/en\\\/billboard-archive\\\/billboard-jazz-jewels\\\/#breadcrumb\",\"itemListElement\":[{\"@type\":\"ListItem\",\"position\":1,\"name\":\"Portada\",\"item\":\"https:\\\/\\\/oncubanews.com\\\/en\\\/\"},{\"@type\":\"ListItem\",\"position\":2,\"name\":\"Billboard: Jazz jewels\"}]},{\"@type\":\"WebSite\",\"@id\":\"https:\\\/\\\/oncubanews.com\\\/en\\\/#website\",\"url\":\"https:\\\/\\\/oncubanews.com\\\/en\\\/\",\"name\":\"OnCubaNews English\",\"description\":\"Revista sobre Cuba\",\"potentialAction\":[{\"@type\":\"SearchAction\",\"target\":{\"@type\":\"EntryPoint\",\"urlTemplate\":\"https:\\\/\\\/oncubanews.com\\\/en\\\/?s={search_term_string}\"},\"query-input\":{\"@type\":\"PropertyValueSpecification\",\"valueRequired\":true,\"valueName\":\"search_term_string\"}}],\"inLanguage\":\"en-US\"},{\"@type\":\"Person\",\"@id\":\"https:\\\/\\\/oncubanews.com\\\/en\\\/#\\\/schema\\\/person\\\/5b33058b67d9cc92629c50b584f938e3\",\"name\":\"Alejandro Ruiz Chang\",\"image\":{\"@type\":\"ImageObject\",\"inLanguage\":\"en-US\",\"@id\":\"https:\\\/\\\/oncubanews.com\\\/wp-content\\\/uploads\\\/2018\\\/11\\\/alejandro-ruiz-chang_avatar_1542067215-96x96-96x96.jpg7487662ab08cda8e6e96206f634e08f7\",\"url\":\"https:\\\/\\\/oncubanews.com\\\/wp-content\\\/uploads\\\/2018\\\/11\\\/alejandro-ruiz-chang_avatar_1542067215-96x96-96x96.jpg\",\"contentUrl\":\"https:\\\/\\\/oncubanews.com\\\/wp-content\\\/uploads\\\/2018\\\/11\\\/alejandro-ruiz-chang_avatar_1542067215-96x96-96x96.jpg\",\"caption\":\"Alejandro Ruiz Chang\"},\"description\":\"Naci\u00f3 en Guanabo, pero no le gusta el Sol. Del mar, en cambio, nunca se podr\u00e1 separar. Por eso sigue aferrado al malec\u00f3n y haciendo periodismo que es lo que, m\u00e1s menos, mejorcito se le da.\",\"url\":\"https:\\\/\\\/oncubanews.com\\\/en\\\/author\\\/alejandroruiz\\\/\"}]}<\/script>\n<!-- \/ Yoast SEO plugin. -->","yoast_head_json":{"title":"Billboard: Jazz jewels | OnCubaNews English","robots":{"index":"index","follow":"follow","max-snippet":"max-snippet:-1","max-image-preview":"max-image-preview:large","max-video-preview":"max-video-preview:-1"},"canonical":"https:\/\/oncubanews.com\/en\/billboard-archive\/billboard-jazz-jewels\/","og_locale":"en_US","og_type":"article","og_title":"Billboard: Jazz jewels | OnCubaNews English","og_description":"JoJazz 2017 is already playing. It\u2019s a contest for you to fall in love of Cuban jazz panorama. Until Sunday you\u2019ll find performances, jam sessions, radio live shows and more. That\u2019s how we start: playing jazz. Join us. Further down in Theater you\u2019ll find a new season of El P\u00fablico\u2019s play: Ivonne, Princesa de Borgo\u00f1a. [&hellip;]","og_url":"https:\/\/oncubanews.com\/en\/billboard-archive\/billboard-jazz-jewels\/","og_site_name":"OnCubaNews English","article_published_time":"2017-11-17T22:04:15+00:00","article_modified_time":"2018-10-02T18:38:30+00:00","og_image":[{"width":1958,"height":1271,"url":"https:\/\/oncubanews.com\/en\/wp-content\/uploads\/2017\/11\/Portada-03_ingl\u00e9s.jpg","type":"image\/jpeg"}],"author":"Alejandro Ruiz Chang, aleruiz","twitter_card":"summary_large_image","twitter_misc":{"Written by":"Alejandro Ruiz Chang","Est. reading time":"7 minutes"},"schema":{"@context":"https:\/\/schema.org","@graph":[{"@type":"Article","@id":"https:\/\/oncubanews.com\/en\/billboard-archive\/billboard-jazz-jewels\/#article","isPartOf":{"@id":"https:\/\/oncubanews.com\/en\/billboard-archive\/billboard-jazz-jewels\/"},"author":{"name":"Alejandro Ruiz Chang","@id":"https:\/\/oncubanews.com\/en\/#\/schema\/person\/5b33058b67d9cc92629c50b584f938e3"},"headline":"Billboard: Jazz jewels","datePublished":"2017-11-17T22:04:15+00:00","dateModified":"2018-10-02T18:38:30+00:00","mainEntityOfPage":{"@id":"https:\/\/oncubanews.com\/en\/billboard-archive\/billboard-jazz-jewels\/"},"wordCount":1382,"commentCount":0,"image":{"@id":"https:\/\/oncubanews.com\/en\/billboard-archive\/billboard-jazz-jewels\/#primaryimage"},"thumbnailUrl":"https:\/\/oncubanews.com\/en\/wp-content\/uploads\/2017\/11\/Portada-03_ingl\u00e9s.jpg","articleSection":["Billboard Archive"],"inLanguage":"en-US","potentialAction":[{"@type":"CommentAction","name":"Comment","target":["https:\/\/oncubanews.com\/en\/billboard-archive\/billboard-jazz-jewels\/#respond"]}],"copyrightYear":"2017","copyrightHolder":{"@id":"https:\/\/oncubanews.com\/en\/#organization"}},{"@type":"WebPage","@id":"https:\/\/oncubanews.com\/en\/billboard-archive\/billboard-jazz-jewels\/","url":"https:\/\/oncubanews.com\/en\/billboard-archive\/billboard-jazz-jewels\/","name":"Billboard: Jazz jewels | OnCubaNews English","isPartOf":{"@id":"https:\/\/oncubanews.com\/en\/#website"},"primaryImageOfPage":{"@id":"https:\/\/oncubanews.com\/en\/billboard-archive\/billboard-jazz-jewels\/#primaryimage"},"image":{"@id":"https:\/\/oncubanews.com\/en\/billboard-archive\/billboard-jazz-jewels\/#primaryimage"},"thumbnailUrl":"https:\/\/oncubanews.com\/en\/wp-content\/uploads\/2017\/11\/Portada-03_ingl\u00e9s.jpg","datePublished":"2017-11-17T22:04:15+00:00","dateModified":"2018-10-02T18:38:30+00:00","author":{"@id":"https:\/\/oncubanews.com\/en\/#\/schema\/person\/5b33058b67d9cc92629c50b584f938e3"},"breadcrumb":{"@id":"https:\/\/oncubanews.com\/en\/billboard-archive\/billboard-jazz-jewels\/#breadcrumb"},"inLanguage":"en-US","potentialAction":[{"@type":"ReadAction","target":["https:\/\/oncubanews.com\/en\/billboard-archive\/billboard-jazz-jewels\/"]}]},{"@type":"ImageObject","inLanguage":"en-US","@id":"https:\/\/oncubanews.com\/en\/billboard-archive\/billboard-jazz-jewels\/#primaryimage","url":"https:\/\/oncubanews.com\/en\/wp-content\/uploads\/2017\/11\/Portada-03_ingl\u00e9s.jpg","contentUrl":"https:\/\/oncubanews.com\/en\/wp-content\/uploads\/2017\/11\/Portada-03_ingl\u00e9s.jpg","width":1958,"height":1271},{"@type":"BreadcrumbList","@id":"https:\/\/oncubanews.com\/en\/billboard-archive\/billboard-jazz-jewels\/#breadcrumb","itemListElement":[{"@type":"ListItem","position":1,"name":"Portada","item":"https:\/\/oncubanews.com\/en\/"},{"@type":"ListItem","position":2,"name":"Billboard: Jazz jewels"}]},{"@type":"WebSite","@id":"https:\/\/oncubanews.com\/en\/#website","url":"https:\/\/oncubanews.com\/en\/","name":"OnCubaNews English","description":"Revista sobre Cuba","potentialAction":[{"@type":"SearchAction","target":{"@type":"EntryPoint","urlTemplate":"https:\/\/oncubanews.com\/en\/?s={search_term_string}"},"query-input":{"@type":"PropertyValueSpecification","valueRequired":true,"valueName":"search_term_string"}}],"inLanguage":"en-US"},{"@type":"Person","@id":"https:\/\/oncubanews.com\/en\/#\/schema\/person\/5b33058b67d9cc92629c50b584f938e3","name":"Alejandro Ruiz Chang","image":{"@type":"ImageObject","inLanguage":"en-US","@id":"https:\/\/oncubanews.com\/wp-content\/uploads\/2018\/11\/alejandro-ruiz-chang_avatar_1542067215-96x96-96x96.jpg7487662ab08cda8e6e96206f634e08f7","url":"https:\/\/oncubanews.com\/wp-content\/uploads\/2018\/11\/alejandro-ruiz-chang_avatar_1542067215-96x96-96x96.jpg","contentUrl":"https:\/\/oncubanews.com\/wp-content\/uploads\/2018\/11\/alejandro-ruiz-chang_avatar_1542067215-96x96-96x96.jpg","caption":"Alejandro Ruiz Chang"},"description":"Naci\u00f3 en Guanabo, pero no le gusta el Sol. Del mar, en cambio, nunca se podr\u00e1 separar. Por eso sigue aferrado al malec\u00f3n y haciendo periodismo que es lo que, m\u00e1s menos, mejorcito se le da.","url":"https:\/\/oncubanews.com\/en\/author\/alejandroruiz\/"}]}},"authors":[{"term_id":33547,"user_id":3524,"is_guest":0,"slug":"alejandroruiz","display_name":"Alejandro Ruiz Chang","avatar_url":"https:\/\/oncubanews.com\/wp-content\/uploads\/2018\/11\/alejandro-ruiz-chang_avatar_1542067215-96x96-96x96.jpg","0":null,"1":"","2":"","3":"","4":"","5":"","6":"","7":"","8":""},{"term_id":13550,"user_id":0,"is_guest":1,"slug":"cap-aleruiz","display_name":"aleruiz","avatar_url":"https:\/\/secure.gravatar.com\/avatar\/?s=96&r=g","0":null,"1":"","2":"","3":"","4":"","5":"","6":"","7":"","8":""}],"_links":{"self":[{"href":"https:\/\/oncubanews.com\/en\/wp-json\/wp\/v2\/posts\/108057","targetHints":{"allow":["GET"]}}],"collection":[{"href":"https:\/\/oncubanews.com\/en\/wp-json\/wp\/v2\/posts"}],"about":[{"href":"https:\/\/oncubanews.com\/en\/wp-json\/wp\/v2\/types\/post"}],"author":[{"embeddable":true,"href":"https:\/\/oncubanews.com\/en\/wp-json\/wp\/v2\/users\/3524"}],"replies":[{"embeddable":true,"href":"https:\/\/oncubanews.com\/en\/wp-json\/wp\/v2\/comments?post=108057"}],"version-history":[{"count":0,"href":"https:\/\/oncubanews.com\/en\/wp-json\/wp\/v2\/posts\/108057\/revisions"}],"wp:featuredmedia":[{"embeddable":true,"href":"https:\/\/oncubanews.com\/en\/wp-json\/wp\/v2\/media\/108058"}],"wp:attachment":[{"href":"https:\/\/oncubanews.com\/en\/wp-json\/wp\/v2\/media?parent=108057"}],"wp:term":[{"taxonomy":"category","embeddable":true,"href":"https:\/\/oncubanews.com\/en\/wp-json\/wp\/v2\/categories?post=108057"},{"taxonomy":"post_tag","embeddable":true,"href":"https:\/\/oncubanews.com\/en\/wp-json\/wp\/v2\/tags?post=108057"},{"taxonomy":"author","embeddable":true,"href":"https:\/\/oncubanews.com\/en\/wp-json\/wp\/v2\/ppma_author?post=108057"}],"curies":[{"name":"wp","href":"https:\/\/api.w.org\/{rel}","templated":true}]}}