
{"id":119,"date":"2012-02-16T15:55:47","date_gmt":"2012-02-16T20:55:47","guid":{"rendered":""},"modified":"2012-04-08T19:48:32","modified_gmt":"2012-04-08T23:48:32","slug":"bucan","status":"publish","type":"post","link":"https:\/\/oncubanews.com\/en\/magazine-articles\/bucan\/","title":{"rendered":"Buc\u00e1n"},"content":{"rendered":"<p>Buc&aacute;n is a dish that combines European and aboriginal cultures. Its main ingredients were introduced in Cuba by the Spanish colonists (pork and beef) but the cooking method respects the practices of the Cuban aboriginals. The name buc&aacute;n refers to a structure made from sticks in the shape of a tripod or laid out in a grill, where the natives baked and smoked meats and fish. Buc&aacute;n came to refer to the meats smoked in this manner and bucaneros to those who traded them. This meat first smoked and later baked became the primary dish of sailors and pirates.<\/p>\n<p>Today in the San Salvador Restaurant in the city of Bayamo you can savor the &ldquo;Buc&aacute;n&rdquo; in the spirit of a tradition. The meats are served on a bed of casabe, accompanied by two sauces: one dark (made from tamarind, chocolate and red wine) and one white (consisting of wheat flour, butter and fine herbs).<\/p>\n<p>Casabe: a kind of tortilla, thin and crunchy, made from yucca, basic to the diet of our aboriginals<\/p>\n<p><strong>Ingredients (for one serving):<\/strong><br \/>\nbeef steak: 300 g<br \/>\npork steak: 300 g<br \/>\nsalt: 1 g<br \/>\nwhite pepper: 1 g<br \/>\nB&eacute;chamel sauce: 30 g<br \/>\n&ldquo;mojo criollo&rdquo; or Cuban garlic sauce: 30 g<br \/>\ncasabe: one tortilla<\/p>\n<p>Preparation<\/p>\n<p>Alternate the beef and pork steaks without adding spices a place them on the barbecue grill. Turn them successively during approximately 30 minutes until they are browned. Place a guava tree twig on the charcoals to smoke the meats.<\/p>\n<p>Cover a serving dish with the &ldquo;casabe&rdquo;, sprinkle it with the &ldquo;mojo&rdquo; or garlic sauce, place the baked meats on top and sprinkle with salt and pepper. Add some B&eacute;chamel sauce next to the meats<br \/>\n&nbsp;<\/p>\n","protected":false},"excerpt":{"rendered":"<p>Buc&aacute;n is a dish that combines European and aboriginal cultures. Its main ingredients were introduced in Cuba by the Spanish colonists (pork and beef) but the cooking method respects the practices of the Cuban aboriginals. The name buc&aacute;n refers to a structure made from sticks in the shape of a tripod or laid out in a grill, where the natives baked and smoked meats and fish. Buc&aacute;n came to refer to the meats smoked in this manner and bucaneros to those who traded them. This meat first smoked and later baked became the primary dish of sailors and pirates.<\/p>\n","protected":false},"author":84,"featured_media":2480,"comment_status":"open","ping_status":"open","sticky":false,"template":"","format":"standard","meta":{"_acf_changed":false,"footnotes":""},"categories":[51,43],"tags":[],"ppma_author":[33532],"class_list":["post-119","post","type-post","status-publish","format-standard","has-post-thumbnail","hentry","category-flavors","category-magazine-articles"],"acf":[],"yoast_head":"<!-- This site is optimized with the Yoast SEO plugin v27.3 - https:\/\/yoast.com\/product\/yoast-seo-wordpress\/ -->\n<title>Buc\u00e1n | OnCubaNews English<\/title>\n<meta name=\"robots\" content=\"index, follow, max-snippet:-1, max-image-preview:large, max-video-preview:-1\" \/>\n<link rel=\"canonical\" href=\"https:\/\/oncubanews.com\/en\/magazine-articles\/bucan\/\" \/>\n<meta property=\"og:locale\" content=\"en_US\" \/>\n<meta property=\"og:type\" content=\"article\" \/>\n<meta property=\"og:title\" content=\"Buc\u00e1n | OnCubaNews English\" \/>\n<meta property=\"og:description\" content=\"Buc&aacute;n is a dish that combines European and aboriginal cultures. Its main ingredients were introduced in Cuba by the Spanish colonists (pork and beef) but the cooking method respects the practices of the Cuban aboriginals. The name buc&aacute;n refers to a structure made from sticks in the shape of a tripod or laid out in a grill, where the natives baked and smoked meats and fish. Buc&aacute;n came to refer to the meats smoked in this manner and bucaneros to those who traded them. This meat first smoked and later baked became the primary dish of sailors and pirates.\" \/>\n<meta property=\"og:url\" content=\"https:\/\/oncubanews.com\/en\/magazine-articles\/bucan\/\" \/>\n<meta property=\"og:site_name\" content=\"OnCubaNews English\" \/>\n<meta property=\"article:published_time\" content=\"-0001-11-30T00:00:00+00:00\" \/>\n<meta property=\"og:image\" content=\"https:\/\/oncubanews.com\/en\/wp-content\/uploads\/old\/Bucan-02_0.jpg\" \/>\n\t<meta property=\"og:image:width\" content=\"530\" \/>\n\t<meta property=\"og:image:height\" content=\"355\" \/>\n\t<meta property=\"og:image:type\" content=\"image\/jpeg\" \/>\n<meta name=\"author\" content=\"Mayle Gonz\u00e1lez Mirabal\" \/>\n<meta name=\"twitter:card\" content=\"summary_large_image\" \/>\n<meta name=\"twitter:label1\" content=\"Written by\" \/>\n\t<meta name=\"twitter:data1\" content=\"Mayle Gonz\u00e1lez Mirabal\" \/>\n\t<meta name=\"twitter:label2\" content=\"Est. reading time\" \/>\n\t<meta name=\"twitter:data2\" content=\"1 minute\" \/>\n<script type=\"application\/ld+json\" class=\"yoast-schema-graph\">{\"@context\":\"https:\\\/\\\/schema.org\",\"@graph\":[{\"@type\":\"Article\",\"@id\":\"https:\\\/\\\/oncubanews.com\\\/en\\\/magazine-articles\\\/bucan\\\/#article\",\"isPartOf\":{\"@id\":\"https:\\\/\\\/oncubanews.com\\\/en\\\/magazine-articles\\\/bucan\\\/\"},\"author\":{\"name\":\"Mayle Gonz\u00e1lez Mirabal\",\"@id\":\"https:\\\/\\\/oncubanews.com\\\/en\\\/#\\\/schema\\\/person\\\/9b012a1a867a3cb0a91b55d34749b4e5\"},\"headline\":\"Buc\u00e1n\",\"datePublished\":\"-0001-11-30T00:00:00+00:00\",\"mainEntityOfPage\":{\"@id\":\"https:\\\/\\\/oncubanews.com\\\/en\\\/magazine-articles\\\/bucan\\\/\"},\"wordCount\":297,\"commentCount\":0,\"image\":{\"@id\":\"https:\\\/\\\/oncubanews.com\\\/en\\\/magazine-articles\\\/bucan\\\/#primaryimage\"},\"thumbnailUrl\":\"https:\\\/\\\/oncubanews.com\\\/en\\\/wp-content\\\/uploads\\\/old\\\/Bucan-02_0.jpg\",\"articleSection\":[\"Flavors\",\"Magazine articles\"],\"inLanguage\":\"en-US\",\"potentialAction\":[{\"@type\":\"CommentAction\",\"name\":\"Comment\",\"target\":[\"https:\\\/\\\/oncubanews.com\\\/en\\\/magazine-articles\\\/bucan\\\/#respond\"]}],\"copyrightYear\":\"-0001\",\"copyrightHolder\":{\"@id\":\"https:\\\/\\\/oncubanews.com\\\/en\\\/#organization\"}},{\"@type\":\"WebPage\",\"@id\":\"https:\\\/\\\/oncubanews.com\\\/en\\\/magazine-articles\\\/bucan\\\/\",\"url\":\"https:\\\/\\\/oncubanews.com\\\/en\\\/magazine-articles\\\/bucan\\\/\",\"name\":\"Buc\u00e1n | OnCubaNews English\",\"isPartOf\":{\"@id\":\"https:\\\/\\\/oncubanews.com\\\/en\\\/#website\"},\"primaryImageOfPage\":{\"@id\":\"https:\\\/\\\/oncubanews.com\\\/en\\\/magazine-articles\\\/bucan\\\/#primaryimage\"},\"image\":{\"@id\":\"https:\\\/\\\/oncubanews.com\\\/en\\\/magazine-articles\\\/bucan\\\/#primaryimage\"},\"thumbnailUrl\":\"https:\\\/\\\/oncubanews.com\\\/en\\\/wp-content\\\/uploads\\\/old\\\/Bucan-02_0.jpg\",\"datePublished\":\"-0001-11-30T00:00:00+00:00\",\"author\":{\"@id\":\"https:\\\/\\\/oncubanews.com\\\/en\\\/#\\\/schema\\\/person\\\/9b012a1a867a3cb0a91b55d34749b4e5\"},\"breadcrumb\":{\"@id\":\"https:\\\/\\\/oncubanews.com\\\/en\\\/magazine-articles\\\/bucan\\\/#breadcrumb\"},\"inLanguage\":\"en-US\",\"potentialAction\":[{\"@type\":\"ReadAction\",\"target\":[\"https:\\\/\\\/oncubanews.com\\\/en\\\/magazine-articles\\\/bucan\\\/\"]}]},{\"@type\":\"ImageObject\",\"inLanguage\":\"en-US\",\"@id\":\"https:\\\/\\\/oncubanews.com\\\/en\\\/magazine-articles\\\/bucan\\\/#primaryimage\",\"url\":\"https:\\\/\\\/oncubanews.com\\\/en\\\/wp-content\\\/uploads\\\/old\\\/Bucan-02_0.jpg\",\"contentUrl\":\"https:\\\/\\\/oncubanews.com\\\/en\\\/wp-content\\\/uploads\\\/old\\\/Bucan-02_0.jpg\",\"width\":530,\"height\":355},{\"@type\":\"BreadcrumbList\",\"@id\":\"https:\\\/\\\/oncubanews.com\\\/en\\\/magazine-articles\\\/bucan\\\/#breadcrumb\",\"itemListElement\":[{\"@type\":\"ListItem\",\"position\":1,\"name\":\"Portada\",\"item\":\"https:\\\/\\\/oncubanews.com\\\/en\\\/\"},{\"@type\":\"ListItem\",\"position\":2,\"name\":\"Buc\u00e1n\"}]},{\"@type\":\"WebSite\",\"@id\":\"https:\\\/\\\/oncubanews.com\\\/en\\\/#website\",\"url\":\"https:\\\/\\\/oncubanews.com\\\/en\\\/\",\"name\":\"OnCubaNews English\",\"description\":\"Revista sobre Cuba\",\"potentialAction\":[{\"@type\":\"SearchAction\",\"target\":{\"@type\":\"EntryPoint\",\"urlTemplate\":\"https:\\\/\\\/oncubanews.com\\\/en\\\/?s={search_term_string}\"},\"query-input\":{\"@type\":\"PropertyValueSpecification\",\"valueRequired\":true,\"valueName\":\"search_term_string\"}}],\"inLanguage\":\"en-US\"},{\"@type\":\"Person\",\"@id\":\"https:\\\/\\\/oncubanews.com\\\/en\\\/#\\\/schema\\\/person\\\/9b012a1a867a3cb0a91b55d34749b4e5\",\"name\":\"Mayle Gonz\u00e1lez Mirabal\",\"image\":{\"@type\":\"ImageObject\",\"inLanguage\":\"en-US\",\"@id\":\"http:\\\/\\\/www.oncubanews.com\\\/wp-content\\\/uploads\\\/2014\\\/04\\\/Mayle-Gonz\u00e1lez-Mirabal_avatar_1396882011-96x96.jpge615633b822b92e7e440572708506a00\",\"url\":\"http:\\\/\\\/www.oncubanews.com\\\/wp-content\\\/uploads\\\/2014\\\/04\\\/Mayle-Gonz\u00e1lez-Mirabal_avatar_1396882011-96x96.jpg\",\"contentUrl\":\"http:\\\/\\\/www.oncubanews.com\\\/wp-content\\\/uploads\\\/2014\\\/04\\\/Mayle-Gonz\u00e1lez-Mirabal_avatar_1396882011-96x96.jpg\",\"caption\":\"Mayle Gonz\u00e1lez Mirabal\"},\"description\":\"Periodista. Directora de la p\u00e1gina web de OnCuba. Siempre buscando historias y personas que sepan contarlas.\",\"url\":\"https:\\\/\\\/oncubanews.com\\\/en\\\/author\\\/mayle\\\/\"}]}<\/script>\n<!-- \/ Yoast SEO plugin. -->","yoast_head_json":{"title":"Buc\u00e1n | OnCubaNews English","robots":{"index":"index","follow":"follow","max-snippet":"max-snippet:-1","max-image-preview":"max-image-preview:large","max-video-preview":"max-video-preview:-1"},"canonical":"https:\/\/oncubanews.com\/en\/magazine-articles\/bucan\/","og_locale":"en_US","og_type":"article","og_title":"Buc\u00e1n | OnCubaNews English","og_description":"Buc&aacute;n is a dish that combines European and aboriginal cultures. Its main ingredients were introduced in Cuba by the Spanish colonists (pork and beef) but the cooking method respects the practices of the Cuban aboriginals. The name buc&aacute;n refers to a structure made from sticks in the shape of a tripod or laid out in a grill, where the natives baked and smoked meats and fish. Buc&aacute;n came to refer to the meats smoked in this manner and bucaneros to those who traded them. This meat first smoked and later baked became the primary dish of sailors and pirates.","og_url":"https:\/\/oncubanews.com\/en\/magazine-articles\/bucan\/","og_site_name":"OnCubaNews English","article_published_time":"-0001-11-30T00:00:00+00:00","og_image":[{"width":530,"height":355,"url":"https:\/\/oncubanews.com\/en\/wp-content\/uploads\/old\/Bucan-02_0.jpg","type":"image\/jpeg"}],"author":"Mayle Gonz\u00e1lez Mirabal","twitter_card":"summary_large_image","twitter_misc":{"Written by":"Mayle Gonz\u00e1lez Mirabal","Est. reading time":"1 minute"},"schema":{"@context":"https:\/\/schema.org","@graph":[{"@type":"Article","@id":"https:\/\/oncubanews.com\/en\/magazine-articles\/bucan\/#article","isPartOf":{"@id":"https:\/\/oncubanews.com\/en\/magazine-articles\/bucan\/"},"author":{"name":"Mayle Gonz\u00e1lez Mirabal","@id":"https:\/\/oncubanews.com\/en\/#\/schema\/person\/9b012a1a867a3cb0a91b55d34749b4e5"},"headline":"Buc\u00e1n","datePublished":"-0001-11-30T00:00:00+00:00","mainEntityOfPage":{"@id":"https:\/\/oncubanews.com\/en\/magazine-articles\/bucan\/"},"wordCount":297,"commentCount":0,"image":{"@id":"https:\/\/oncubanews.com\/en\/magazine-articles\/bucan\/#primaryimage"},"thumbnailUrl":"https:\/\/oncubanews.com\/en\/wp-content\/uploads\/old\/Bucan-02_0.jpg","articleSection":["Flavors","Magazine articles"],"inLanguage":"en-US","potentialAction":[{"@type":"CommentAction","name":"Comment","target":["https:\/\/oncubanews.com\/en\/magazine-articles\/bucan\/#respond"]}],"copyrightYear":"-0001","copyrightHolder":{"@id":"https:\/\/oncubanews.com\/en\/#organization"}},{"@type":"WebPage","@id":"https:\/\/oncubanews.com\/en\/magazine-articles\/bucan\/","url":"https:\/\/oncubanews.com\/en\/magazine-articles\/bucan\/","name":"Buc\u00e1n | OnCubaNews English","isPartOf":{"@id":"https:\/\/oncubanews.com\/en\/#website"},"primaryImageOfPage":{"@id":"https:\/\/oncubanews.com\/en\/magazine-articles\/bucan\/#primaryimage"},"image":{"@id":"https:\/\/oncubanews.com\/en\/magazine-articles\/bucan\/#primaryimage"},"thumbnailUrl":"https:\/\/oncubanews.com\/en\/wp-content\/uploads\/old\/Bucan-02_0.jpg","datePublished":"-0001-11-30T00:00:00+00:00","author":{"@id":"https:\/\/oncubanews.com\/en\/#\/schema\/person\/9b012a1a867a3cb0a91b55d34749b4e5"},"breadcrumb":{"@id":"https:\/\/oncubanews.com\/en\/magazine-articles\/bucan\/#breadcrumb"},"inLanguage":"en-US","potentialAction":[{"@type":"ReadAction","target":["https:\/\/oncubanews.com\/en\/magazine-articles\/bucan\/"]}]},{"@type":"ImageObject","inLanguage":"en-US","@id":"https:\/\/oncubanews.com\/en\/magazine-articles\/bucan\/#primaryimage","url":"https:\/\/oncubanews.com\/en\/wp-content\/uploads\/old\/Bucan-02_0.jpg","contentUrl":"https:\/\/oncubanews.com\/en\/wp-content\/uploads\/old\/Bucan-02_0.jpg","width":530,"height":355},{"@type":"BreadcrumbList","@id":"https:\/\/oncubanews.com\/en\/magazine-articles\/bucan\/#breadcrumb","itemListElement":[{"@type":"ListItem","position":1,"name":"Portada","item":"https:\/\/oncubanews.com\/en\/"},{"@type":"ListItem","position":2,"name":"Buc\u00e1n"}]},{"@type":"WebSite","@id":"https:\/\/oncubanews.com\/en\/#website","url":"https:\/\/oncubanews.com\/en\/","name":"OnCubaNews English","description":"Revista sobre Cuba","potentialAction":[{"@type":"SearchAction","target":{"@type":"EntryPoint","urlTemplate":"https:\/\/oncubanews.com\/en\/?s={search_term_string}"},"query-input":{"@type":"PropertyValueSpecification","valueRequired":true,"valueName":"search_term_string"}}],"inLanguage":"en-US"},{"@type":"Person","@id":"https:\/\/oncubanews.com\/en\/#\/schema\/person\/9b012a1a867a3cb0a91b55d34749b4e5","name":"Mayle Gonz\u00e1lez Mirabal","image":{"@type":"ImageObject","inLanguage":"en-US","@id":"http:\/\/www.oncubanews.com\/wp-content\/uploads\/2014\/04\/Mayle-Gonz\u00e1lez-Mirabal_avatar_1396882011-96x96.jpge615633b822b92e7e440572708506a00","url":"http:\/\/www.oncubanews.com\/wp-content\/uploads\/2014\/04\/Mayle-Gonz\u00e1lez-Mirabal_avatar_1396882011-96x96.jpg","contentUrl":"http:\/\/www.oncubanews.com\/wp-content\/uploads\/2014\/04\/Mayle-Gonz\u00e1lez-Mirabal_avatar_1396882011-96x96.jpg","caption":"Mayle Gonz\u00e1lez Mirabal"},"description":"Periodista. Directora de la p\u00e1gina web de OnCuba. Siempre buscando historias y personas que sepan contarlas.","url":"https:\/\/oncubanews.com\/en\/author\/mayle\/"}]}},"authors":[{"term_id":33532,"user_id":84,"is_guest":0,"slug":"mayle","display_name":"Mayle Gonz\u00e1lez Mirabal","avatar_url":"http:\/\/www.oncubanews.com\/wp-content\/uploads\/2014\/04\/Mayle-Gonz\u00e1lez-Mirabal_avatar_1396882011-96x96.jpg","0":null,"1":"","2":"","3":"","4":"","5":"","6":"","7":"","8":""}],"_links":{"self":[{"href":"https:\/\/oncubanews.com\/en\/wp-json\/wp\/v2\/posts\/119","targetHints":{"allow":["GET"]}}],"collection":[{"href":"https:\/\/oncubanews.com\/en\/wp-json\/wp\/v2\/posts"}],"about":[{"href":"https:\/\/oncubanews.com\/en\/wp-json\/wp\/v2\/types\/post"}],"author":[{"embeddable":true,"href":"https:\/\/oncubanews.com\/en\/wp-json\/wp\/v2\/users\/84"}],"replies":[{"embeddable":true,"href":"https:\/\/oncubanews.com\/en\/wp-json\/wp\/v2\/comments?post=119"}],"version-history":[{"count":0,"href":"https:\/\/oncubanews.com\/en\/wp-json\/wp\/v2\/posts\/119\/revisions"}],"wp:featuredmedia":[{"embeddable":true,"href":"https:\/\/oncubanews.com\/en\/wp-json\/wp\/v2\/media\/2480"}],"wp:attachment":[{"href":"https:\/\/oncubanews.com\/en\/wp-json\/wp\/v2\/media?parent=119"}],"wp:term":[{"taxonomy":"category","embeddable":true,"href":"https:\/\/oncubanews.com\/en\/wp-json\/wp\/v2\/categories?post=119"},{"taxonomy":"post_tag","embeddable":true,"href":"https:\/\/oncubanews.com\/en\/wp-json\/wp\/v2\/tags?post=119"},{"taxonomy":"author","embeddable":true,"href":"https:\/\/oncubanews.com\/en\/wp-json\/wp\/v2\/ppma_author?post=119"}],"curies":[{"name":"wp","href":"https:\/\/api.w.org\/{rel}","templated":true}]}}