
{"id":121609,"date":"2018-04-06T12:19:09","date_gmt":"2018-04-06T16:19:09","guid":{"rendered":"https:\/\/oncubamagazine.com\/?p=121609"},"modified":"2018-06-19T04:59:14","modified_gmt":"2018-06-19T08:59:14","slug":"billboard-meet-dance","status":"publish","type":"post","link":"https:\/\/oncubanews.com\/en\/billboard-archive\/billboard-meet-dance\/","title":{"rendered":"Billboard: Meet dance!"},"content":{"rendered":"<p>There will be multiple spaces for Dance these days. First, a new Acosta Danza season with three world premieres in the Great Theater of Havana; also, plenty of movement around Old Havana streets because of the Dance in Urban Landscapes International Festival; and the opening in Cuba of an extremely well received Lizt Alfonso Dance Cuba piece.<\/p>\n<p>If you want something else, we also have Visual Arts with several exhibitions. On the musical part, there will be Van Van and NG La Banda concerts in Havana, and the Dayme Arocena Tour in USA, and of course a lot more.<\/p>\n<p>In the FAC proposals, music, theater, dance and a very special film premiere. And very soon the 21st French Film Festival in Cuba will start. So keep online and follow us.<\/p>\n<p>See you around!<\/p>\n<p>&nbsp;<\/p>\n<div id=\"banner1\" class=\"cartelera_banner\"><a href=\"https:\/\/oncubanews.com\/wmag\/wp-content\/uploads\/2017\/09\/Banner-Danza_ingl\u00e9s_red.jpg\"><img loading=\"lazy\" decoding=\"async\" width=\"755\" height=\"145\" class=\"aligncenter wp-image-103303 size-full\" src=\"https:\/\/oncubanews.com\/wmag\/wp-content\/uploads\/2017\/09\/Banner-Danza_ingl\u00e9s_red.jpg\" alt=\"\" \/><\/a><\/div>\n<div>\n<h3>New encounter with Acosta Danza<\/h3>\n<p>The company Acosta Danza comes back to the Great Theater with the new season Encuentros. Presentations will be this weekend as part of the 120 anniversary of Japanese migration in Cuba.<\/p>\n<p>Carlos Acosta\u2019s company will premiere two creations by Saburo Teshigwara, the most important Japanese choreographer according to the international critics. One of them specially conceived for the Cuban company. In addition, to complete the program there will be another world premiere with choreograph by Swedish Pontus Lidberg and music by Leo Brouwer and Stephan Levin.<\/p>\n<p><a href=\"https:\/\/oncubanews.com\/wmag\/wp-content\/uploads\/2016\/03\/Separador-023.png\"><img loading=\"lazy\" decoding=\"async\" width=\"758\" height=\"28\" class=\"aligncenter size-full wp-image-65415\" src=\"https:\/\/oncubanews.com\/wmag\/wp-content\/uploads\/2016\/03\/Separador-023.png\" alt=\"\" srcset=\"https:\/\/oncubanews.com\/en\/wp-content\/uploads\/2016\/03\/Separador-023.png 758w, https:\/\/oncubanews.com\/en\/wp-content\/uploads\/2016\/03\/Separador-023-300x11.png 300w\" sizes=\"auto, (max-width: 758px) 100vw, 758px\" \/><\/a><\/p>\n<h3>Havana in movement<\/h3>\n<p>Next Wednesday 11th will began in Old Havana the 23rd edition of the Dance in Urban Landscapes International Festival. Will participate artist from 16 countries and last until April 15th. There will be also expos, concerts and screenings, all together with the street dancing all over Old Havana.<\/p>\n<p><a href=\"https:\/\/oncubanews.com\/wmag\/wp-content\/uploads\/2018\/04\/habana-vieja-ciudad-en-movimiento-2018.jpg\"><img decoding=\"async\" class=\"aligncenter size-full wp-image-121538\" src=\"https:\/\/oncubanews.com\/wmag\/wp-content\/uploads\/2018\/04\/habana-vieja-ciudad-en-movimiento-2018.jpg\" alt=\"\" \/><\/a><\/p>\n<p>As every year, the festival will also have workshops, conferences and master classes. But we\u2019ll have a more detail info further.<\/p>\n<p><a href=\"https:\/\/oncubanews.com\/wmag\/wp-content\/uploads\/2016\/03\/Separador-023.png\"><img loading=\"lazy\" decoding=\"async\" width=\"758\" height=\"28\" class=\"aligncenter size-full wp-image-65415\" src=\"https:\/\/oncubanews.com\/wmag\/wp-content\/uploads\/2016\/03\/Separador-023.png\" alt=\"\" srcset=\"https:\/\/oncubanews.com\/en\/wp-content\/uploads\/2016\/03\/Separador-023.png 758w, https:\/\/oncubanews.com\/en\/wp-content\/uploads\/2016\/03\/Separador-023-300x11.png 300w\" sizes=\"auto, (max-width: 758px) 100vw, 758px\" \/><\/a><\/p>\n<h3>Cuba vibes with Lizt Alfonso<\/h3>\n<p>Lizt Alfonso Dance Cuba will premiere in the Theater La Caridad, in Santa Clara, the show Cuba Vibra!, a dance version of the successful musical Amigas. This will be the first stage in Cuba hosting the newest Lizt Alfonso creation, but the company will be also in Cienfuegos, Santiago de Cuba and Havana.<\/p>\n<p><a href=\"https:\/\/oncubanews.com\/wmag\/wp-content\/uploads\/2016\/03\/Separador-023.png\"><img loading=\"lazy\" decoding=\"async\" width=\"758\" height=\"28\" class=\"aligncenter size-full wp-image-65415\" src=\"https:\/\/oncubanews.com\/wmag\/wp-content\/uploads\/2016\/03\/Separador-023.png\" alt=\"\" srcset=\"https:\/\/oncubanews.com\/en\/wp-content\/uploads\/2016\/03\/Separador-023.png 758w, https:\/\/oncubanews.com\/en\/wp-content\/uploads\/2016\/03\/Separador-023-300x11.png 300w\" sizes=\"auto, (max-width: 758px) 100vw, 758px\" \/><\/a><\/p>\n<\/div>\n<div id=\"banner2\" class=\"cartelera_banner\"><a href=\"https:\/\/oncubanews.com\/wmag\/wp-content\/uploads\/2017\/10\/Banner-Artes-visuales_ingl\u00e9s_red.jpg\"><img loading=\"lazy\" decoding=\"async\" width=\"755\" height=\"145\" class=\"aligncenter wp-image-104355 size-full\" src=\"https:\/\/oncubanews.com\/wmag\/wp-content\/uploads\/2017\/10\/Banner-Artes-visuales_ingl\u00e9s_red.jpg\" alt=\"\" \/><\/a><\/div>\n<div>\n<h3>Red Chambelon tales<\/h3>\n<p>Group Red Chambelon and the Development Center of the Visual Arts invite to the expo Cuentos de Lobos, today, at 6 pm.<br \/>\n<a href=\"https:\/\/oncubanews.com\/wmag\/wp-content\/uploads\/2018\/04\/6-abril-expo-cdav.jpg\"><img decoding=\"async\" class=\"aligncenter size-full wp-image-121467\" src=\"https:\/\/oncubanews.com\/wmag\/wp-content\/uploads\/2018\/04\/6-abril-expo-cdav.jpg\" alt=\"\" \/><\/a><\/p>\n<p><a href=\"https:\/\/oncubanews.com\/wmag\/wp-content\/uploads\/2016\/03\/Separador-023.png\"><img loading=\"lazy\" decoding=\"async\" width=\"758\" height=\"28\" class=\"aligncenter size-full wp-image-65415\" src=\"https:\/\/oncubanews.com\/wmag\/wp-content\/uploads\/2016\/03\/Separador-023.png\" alt=\"\" srcset=\"https:\/\/oncubanews.com\/en\/wp-content\/uploads\/2016\/03\/Separador-023.png 758w, https:\/\/oncubanews.com\/en\/wp-content\/uploads\/2016\/03\/Separador-023-300x11.png 300w\" sizes=\"auto, (max-width: 758px) 100vw, 758px\" \/><\/a><\/p>\n<h3><em>Diamante en bruto<\/em><\/h3>\n<p>Tomorrow, at 7 pm, Gallery Arte Continua inaugurates the collective expo Diamante en bruto with pieces by eight artists. Address: Rayo 108, btw Zanja and Dragones, Chinatown.<br \/>\n<a href=\"https:\/\/oncubanews.com\/wmag\/wp-content\/uploads\/2018\/04\/arte-continua.jpg\"><img decoding=\"async\" class=\"aligncenter size-full wp-image-121468\" src=\"https:\/\/oncubanews.com\/wmag\/wp-content\/uploads\/2018\/04\/arte-continua.jpg\" alt=\"\" \/><\/a><\/p>\n<p><a href=\"https:\/\/oncubanews.com\/wmag\/wp-content\/uploads\/2016\/03\/Separador-023.png\"><img loading=\"lazy\" decoding=\"async\" width=\"758\" height=\"28\" class=\"aligncenter size-full wp-image-65415\" src=\"https:\/\/oncubanews.com\/wmag\/wp-content\/uploads\/2016\/03\/Separador-023.png\" alt=\"\" srcset=\"https:\/\/oncubanews.com\/en\/wp-content\/uploads\/2016\/03\/Separador-023.png 758w, https:\/\/oncubanews.com\/en\/wp-content\/uploads\/2016\/03\/Separador-023-300x11.png 300w\" sizes=\"auto, (max-width: 758px) 100vw, 758px\" \/><\/a><\/p>\n<h3>Centro Hispanoamericano de Cultura invites<\/h3>\n<p><a href=\"https:\/\/oncubanews.com\/wmag\/wp-content\/uploads\/2018\/04\/6-abril-Invitacion.jpg\"><img decoding=\"async\" class=\"aligncenter size-full wp-image-121469\" src=\"https:\/\/oncubanews.com\/wmag\/wp-content\/uploads\/2018\/04\/6-abril-Invitacion.jpg\" alt=\"\" \/><\/a><\/p>\n<p><a href=\"https:\/\/oncubanews.com\/wmag\/wp-content\/uploads\/2016\/03\/Separador-023.png\"><img loading=\"lazy\" decoding=\"async\" width=\"758\" height=\"28\" class=\"aligncenter size-full wp-image-65415\" src=\"https:\/\/oncubanews.com\/wmag\/wp-content\/uploads\/2016\/03\/Separador-023.png\" alt=\"\" srcset=\"https:\/\/oncubanews.com\/en\/wp-content\/uploads\/2016\/03\/Separador-023.png 758w, https:\/\/oncubanews.com\/en\/wp-content\/uploads\/2016\/03\/Separador-023-300x11.png 300w\" sizes=\"auto, (max-width: 758px) 100vw, 758px\" \/><\/a><\/p>\n<\/div>\n<div id=\"banner3\" class=\"cartelera_banner\"><a href=\"https:\/\/oncubanews.com\/wmag\/wp-content\/uploads\/2017\/09\/Banner-m\u00fasica_ingl\u00e9s_red.jpg\"><img loading=\"lazy\" decoding=\"async\" width=\"755\" height=\"145\" class=\"aligncenter wp-image-103306 size-full\" src=\"https:\/\/oncubanews.com\/wmag\/wp-content\/uploads\/2017\/09\/Banner-m\u00fasica_ingl\u00e9s_red.jpg\" alt=\"\" \/><\/a><\/div>\n<div>\n<h3>The Cuban music train: Los Van Van<\/h3>\n<p>Super concert by Formell y Los Van Van, tomorrow, at 10 pm, in Salon Rojo, Capri Hotel (21st St. btw M and N, Vedado).<\/p>\n<p><a href=\"https:\/\/oncubanews.com\/wmag\/wp-content\/uploads\/2018\/04\/7-abril-van-van-en-salon-rojo.jpg\"><img decoding=\"async\" class=\"aligncenter size-full wp-image-121536\" src=\"https:\/\/oncubanews.com\/wmag\/wp-content\/uploads\/2018\/04\/7-abril-van-van-en-salon-rojo.jpg\" alt=\"\" \/><\/a><\/p>\n<h3><a href=\"https:\/\/oncubanews.com\/wmag\/wp-content\/uploads\/2016\/03\/Separador-023.png\"><img loading=\"lazy\" decoding=\"async\" width=\"758\" height=\"28\" class=\"aligncenter size-full wp-image-65415\" src=\"https:\/\/oncubanews.com\/wmag\/wp-content\/uploads\/2016\/03\/Separador-023.png\" alt=\"\" srcset=\"https:\/\/oncubanews.com\/en\/wp-content\/uploads\/2016\/03\/Separador-023.png 758w, https:\/\/oncubanews.com\/en\/wp-content\/uploads\/2016\/03\/Separador-023-300x11.png 300w\" sizes=\"auto, (max-width: 758px) 100vw, 758px\" \/><\/a><\/h3>\n<h3>Cubafon\u00eda in EE.UU.<\/h3>\n<p>Dayme Arocena began her USA tour. Cuban music will be on in several states until next month. So you know if you are around. Check out the schedule below and go!<\/p>\n<h3><a href=\"https:\/\/oncubanews.com\/wmag\/wp-content\/uploads\/2018\/04\/daym\u00e9-en-eeuu.jpg\"><img decoding=\"async\" class=\"aligncenter size-full wp-image-121514\" src=\"https:\/\/oncubanews.com\/wmag\/wp-content\/uploads\/2018\/04\/daym\u00e9-en-eeuu.jpg\" alt=\"\" \/><\/a><\/h3>\n<h3><a href=\"https:\/\/oncubanews.com\/wmag\/wp-content\/uploads\/2016\/03\/Separador-023.png\"><img loading=\"lazy\" decoding=\"async\" width=\"758\" height=\"28\" class=\"aligncenter size-full wp-image-65415\" src=\"https:\/\/oncubanews.com\/wmag\/wp-content\/uploads\/2016\/03\/Separador-023.png\" alt=\"\" srcset=\"https:\/\/oncubanews.com\/en\/wp-content\/uploads\/2016\/03\/Separador-023.png 758w, https:\/\/oncubanews.com\/en\/wp-content\/uploads\/2016\/03\/Separador-023-300x11.png 300w\" sizes=\"auto, (max-width: 758px) 100vw, 758px\" \/><\/a><\/h3>\n<h3>Brand new with NG<\/h3>\n<p>Jose Luis Cortes and NG La Banda in concert again! Tomorrow, 8:30 pm, in Teatro America. Don\u2019t miss it!<\/p>\n<blockquote class=\"wp-embedded-content\" data-secret=\"Q7sDltxEvP\"><p><a href=\"https:\/\/oncubanews.com\/cultura\/musica\/tosco-y-cortes\/\">Tosco y Cort\u00e9s<\/a><\/p><\/blockquote>\n<p><iframe loading=\"lazy\" class=\"wp-embedded-content\" sandbox=\"allow-scripts\" security=\"restricted\" style=\"position: absolute; clip: rect(1px, 1px, 1px, 1px);\" title=\"\u00abTosco y Cort\u00e9s\u00bb \u2014 OnCubaNews\" src=\"https:\/\/oncubanews.com\/cultura\/musica\/tosco-y-cortes\/embed\/#?secret=yccGIbwOdX#?secret=Q7sDltxEvP\" data-secret=\"Q7sDltxEvP\" width=\"500\" height=\"282\" frameborder=\"0\" marginwidth=\"0\" marginheight=\"0\" scrolling=\"no\"><\/iframe><\/p>\n<h3><a href=\"https:\/\/oncubanews.com\/wmag\/wp-content\/uploads\/2016\/03\/Separador-023.png\"><img loading=\"lazy\" decoding=\"async\" width=\"758\" height=\"28\" class=\"aligncenter size-full wp-image-65415\" src=\"https:\/\/oncubanews.com\/wmag\/wp-content\/uploads\/2016\/03\/Separador-023.png\" alt=\"\" srcset=\"https:\/\/oncubanews.com\/en\/wp-content\/uploads\/2016\/03\/Separador-023.png 758w, https:\/\/oncubanews.com\/en\/wp-content\/uploads\/2016\/03\/Separador-023-300x11.png 300w\" sizes=\"auto, (max-width: 758px) 100vw, 758px\" \/><\/a><\/h3>\n<h3>Athanai in Alamar<\/h3>\n<p>Today, at 7 pm, Athanai will be in La Frabrica de Trova, Alamar (Cultural Center Enguayabera).<\/p>\n<p><a href=\"https:\/\/oncubanews.com\/wmag\/wp-content\/uploads\/2018\/04\/6-abril-Athanai.jpg\"><img decoding=\"async\" class=\"aligncenter size-full wp-image-121470\" src=\"https:\/\/oncubanews.com\/wmag\/wp-content\/uploads\/2018\/04\/6-abril-Athanai.jpg\" alt=\"\" \/><\/a><\/p>\n<p><a href=\"https:\/\/oncubanews.com\/wmag\/wp-content\/uploads\/2016\/03\/Separador-023.png\"><img loading=\"lazy\" decoding=\"async\" width=\"758\" height=\"28\" class=\"aligncenter size-full wp-image-65415\" src=\"https:\/\/oncubanews.com\/wmag\/wp-content\/uploads\/2016\/03\/Separador-023.png\" alt=\"\" srcset=\"https:\/\/oncubanews.com\/en\/wp-content\/uploads\/2016\/03\/Separador-023.png 758w, https:\/\/oncubanews.com\/en\/wp-content\/uploads\/2016\/03\/Separador-023-300x11.png 300w\" sizes=\"auto, (max-width: 758px) 100vw, 758px\" \/><\/a><\/p>\n<h3>Yusa in concert<\/h3>\n<p>Invitation for tomorrow, at 9 pm, in Ocho Live Bar and Lounge (178 SW 8 St, Miami). Cover includes one drink.<\/p>\n<p><a href=\"https:\/\/oncubanews.com\/wmag\/wp-content\/uploads\/2018\/04\/7-abril-yusa-en-miami.jpg\"><img decoding=\"async\" class=\"aligncenter size-full wp-image-121471\" src=\"https:\/\/oncubanews.com\/wmag\/wp-content\/uploads\/2018\/04\/7-abril-yusa-en-miami.jpg\" alt=\"\" \/><\/a><\/p>\n<p><a href=\"https:\/\/oncubanews.com\/wmag\/wp-content\/uploads\/2016\/03\/Separador-023.png\"><img loading=\"lazy\" decoding=\"async\" width=\"758\" height=\"28\" class=\"aligncenter size-full wp-image-65415\" src=\"https:\/\/oncubanews.com\/wmag\/wp-content\/uploads\/2016\/03\/Separador-023.png\" alt=\"\" srcset=\"https:\/\/oncubanews.com\/en\/wp-content\/uploads\/2016\/03\/Separador-023.png 758w, https:\/\/oncubanews.com\/en\/wp-content\/uploads\/2016\/03\/Separador-023-300x11.png 300w\" sizes=\"auto, (max-width: 758px) 100vw, 758px\" \/><\/a><\/p>\n<\/div>\n<div id=\"banner4\" class=\"cartelera_banner\"><a href=\"https:\/\/oncubanews.com\/wmag\/wp-content\/uploads\/2017\/09\/Banner-FAC_ingl\u00e9s_red.jpg\"><img loading=\"lazy\" decoding=\"async\" width=\"755\" height=\"145\" class=\"aligncenter wp-image-103304 size-full\" src=\"https:\/\/oncubanews.com\/wmag\/wp-content\/uploads\/2017\/09\/Banner-FAC_ingl\u00e9s_red.jpg\" alt=\"\" \/><\/a><\/div>\n<div>\n<h3>Let\u00b4s go FAC<\/h3>\n<p>FRIDAY, APRIL 6TH<\/p>\n<p>8:30 pm: XIII Videodanza DVDANZA HABANA International Festival, Movimiento y Ciudad 2018. Mix presentation of live action and videos. Nave 3.<\/p>\n<p><a href=\"https:\/\/oncubanews.com\/wmag\/wp-content\/uploads\/2018\/04\/vie-dvdanza.jpg\"><img decoding=\"async\" class=\"aligncenter size-full wp-image-121460\" src=\"https:\/\/oncubanews.com\/wmag\/wp-content\/uploads\/2018\/04\/vie-dvdanza.jpg\" alt=\"\" \/><\/a><\/p>\n<p>9:30 pm: Session DJ Producer: Ivan Lejardi. Nave 1.<\/p>\n<p>11:00 pm: Cauce group in concert. Nave 4.<\/p>\n<p><a href=\"https:\/\/oncubanews.com\/wmag\/wp-content\/uploads\/2018\/04\/vie-grupo-cauce.jpg\"><img decoding=\"async\" class=\"aligncenter size-full wp-image-121461\" src=\"https:\/\/oncubanews.com\/wmag\/wp-content\/uploads\/2018\/04\/vie-grupo-cauce.jpg\" alt=\"\" \/><\/a><\/p>\n<p>11: 55 pm: Cinema: Muestra de Jovenes Realizadores. Selection of materials in contest for the past 17 years. Nave 3.<\/p>\n<p>12:00 pm: Open Jazz Jam with Hugo Cruz. Nave 1.<\/p>\n<p><a href=\"https:\/\/oncubanews.com\/wmag\/wp-content\/uploads\/2018\/04\/vie-jam-hugo.jpg\"><img decoding=\"async\" class=\"aligncenter size-full wp-image-121462\" src=\"https:\/\/oncubanews.com\/wmag\/wp-content\/uploads\/2018\/04\/vie-jam-hugo.jpg\" alt=\"\" \/><\/a><\/p>\n<p>SATURDAY, APRIL 7TH<\/p>\n<p>9:00 pm: Fashion: Chapter III, topic 3. Nave 3.<\/p>\n<p><a href=\"https:\/\/oncubanews.com\/wmag\/wp-content\/uploads\/2018\/04\/sab-moda.jpg\"><img decoding=\"async\" class=\"aligncenter size-full wp-image-121583\" src=\"https:\/\/oncubanews.com\/wmag\/wp-content\/uploads\/2018\/04\/sab-moda.jpg\" alt=\"\" \/><\/a><\/p>\n<p>9:00 pm: Session DJ Producer: Ivan Lejardi. Nave 1.<\/p>\n<p>11:00 pm: Osamu in concert. Nave 4.<\/p>\n<p><a href=\"https:\/\/oncubanews.com\/wmag\/wp-content\/uploads\/2018\/04\/sab-osamu.jpg\"><img decoding=\"async\" class=\"aligncenter size-full wp-image-121584\" src=\"https:\/\/oncubanews.com\/wmag\/wp-content\/uploads\/2018\/04\/sab-osamu.jpg\" alt=\"\" \/><\/a><\/p>\n<p>11: 00 pm: Cinema: Muestra de Jovenes Realizadores. Selection of materials in contest for the past 17 years. Nave 3.<\/p>\n<p>12:00 pm: Rock and Roll in FAC: Bonus. Nave 1.<\/p>\n<p><a href=\"https:\/\/oncubanews.com\/wmag\/wp-content\/uploads\/2018\/04\/sab-bonus.jpg\"><img decoding=\"async\" class=\"aligncenter size-full wp-image-121582\" src=\"https:\/\/oncubanews.com\/wmag\/wp-content\/uploads\/2018\/04\/sab-bonus.jpg\" alt=\"\" \/><\/a><\/p>\n<p>SUNDAY, APRIL 8TH<\/p>\n<p>8:00 pm: Special presentation: \u201cScore, a film music documentary\u201d. Dir: Matt Schrader. Nave 3.<\/p>\n<p><a href=\"https:\/\/oncubanews.com\/wmag\/wp-content\/uploads\/2018\/04\/dom-score-documental.jpg\"><img decoding=\"async\" class=\"aligncenter size-full wp-image-121459\" src=\"https:\/\/oncubanews.com\/wmag\/wp-content\/uploads\/2018\/04\/dom-score-documental.jpg\" alt=\"\" \/><\/a><\/p>\n<p>9:00 pm: Play: Lienzo de una mujer que espera. Written, directed and performed by Jorge Lugo. Nave 3.<\/p>\n<p>9:00 pm: Lucia Rey in jazz concert. Nave 1.<\/p>\n<p>10:00 pm: Martini y Natural Rio in concert. Nave 1.<\/p>\n<p>11: 00 pm: Hector Quintana in concert. Nave 4.<\/p>\n<p>11:30 pm: Session DJ Producer: Ivan Lejardi. Nave 1.<\/p>\n<p><a href=\"https:\/\/oncubanews.com\/wmag\/wp-content\/uploads\/2018\/04\/vie-dom-lejardi.jpg\"><img decoding=\"async\" class=\"aligncenter size-full wp-image-121463\" src=\"https:\/\/oncubanews.com\/wmag\/wp-content\/uploads\/2018\/04\/vie-dom-lejardi.jpg\" alt=\"\" \/><\/a><\/p>\n<p><a href=\"https:\/\/oncubanews.com\/wmag\/wp-content\/uploads\/2016\/03\/Separador-023.png\"><img loading=\"lazy\" decoding=\"async\" width=\"758\" height=\"28\" class=\"aligncenter size-full wp-image-65415\" src=\"https:\/\/oncubanews.com\/wmag\/wp-content\/uploads\/2016\/03\/Separador-023.png\" alt=\"\" srcset=\"https:\/\/oncubanews.com\/en\/wp-content\/uploads\/2016\/03\/Separador-023.png 758w, https:\/\/oncubanews.com\/en\/wp-content\/uploads\/2016\/03\/Separador-023-300x11.png 300w\" sizes=\"auto, (max-width: 758px) 100vw, 758px\" \/><\/a><\/p>\n<\/div>\n<div id=\"banner5\" class=\"cartelera_banner\"><a href=\"https:\/\/oncubanews.com\/wmag\/wp-content\/uploads\/2017\/09\/Banner-Cine_ingl\u00e9s_red.jpg\"><img loading=\"lazy\" decoding=\"async\" width=\"755\" height=\"145\" class=\"aligncenter wp-image-103302 size-full\" src=\"https:\/\/oncubanews.com\/wmag\/wp-content\/uploads\/2017\/09\/Banner-Cine_ingl\u00e9s_red.jpg\" alt=\"\" \/><\/a><\/div>\n<div>\n<h3>French Cinema in Cuba for 21th time<\/h3>\n<p>As usual, here it comes the always-wanted French Film Festival in Havana. This year will begins next April 11th and will bring a broad program including 24 titles: 14 premieres, one animated film, 3 documentaries, 5 classics and the very special presentation of the Cuban-French coproduction El otro Cristobal. For the opening night they \u0301ll screen La fiesta de la vida and the well-known actor Pierre Richard will be in the visiting delegation.<\/p>\n<p><a href=\"https:\/\/oncubanews.com\/wmag\/wp-content\/uploads\/2018\/04\/fest-cine-frances.jpg\"><img decoding=\"async\" class=\"aligncenter size-full wp-image-121565\" src=\"https:\/\/oncubanews.com\/wmag\/wp-content\/uploads\/2018\/04\/fest-cine-frances.jpg\" alt=\"\" \/><\/a><\/p>\n<p>For the first time the festival will be in every single 23rd Ave. cinema and in Acapulco movie theater. The other good news is Cine 23 y 12 will continue with the festival until 29th. Here you have the full program, <strong><a href=\"https:\/\/oncubanews.com\/wmag\/wp-content\/uploads\/2018\/04\/Programaci\u00f3n-XXI-FESTIVAL-DE-CINE-FRANC\u00c9S.pdf\">click it<\/a><\/strong>.<\/p>\n<p><a href=\"https:\/\/oncubanews.com\/wmag\/wp-content\/uploads\/2018\/04\/la-fiesta-de-la-vida.jpg\"><img decoding=\"async\" class=\"aligncenter size-full wp-image-121572\" src=\"https:\/\/oncubanews.com\/wmag\/wp-content\/uploads\/2018\/04\/la-fiesta-de-la-vida.jpg\" alt=\"\" \/><\/a><\/p>\n<p><a href=\"https:\/\/oncubanews.com\/wmag\/wp-content\/uploads\/2018\/04\/collage-Lumiere.jpg\"><img decoding=\"async\" class=\"aligncenter size-full wp-image-121574\" src=\"https:\/\/oncubanews.com\/wmag\/wp-content\/uploads\/2018\/04\/collage-Lumiere.jpg\" alt=\"\" \/><\/a><\/p>\n<p><a href=\"https:\/\/oncubanews.com\/wmag\/wp-content\/uploads\/2018\/04\/jules_et_jim-677283752-large.jpg\"><img decoding=\"async\" class=\"aligncenter size-full wp-image-121578\" src=\"https:\/\/oncubanews.com\/wmag\/wp-content\/uploads\/2018\/04\/jules_et_jim-677283752-large.jpg\" alt=\"\" \/><\/a><\/p>\n<p><a href=\"https:\/\/oncubanews.com\/wmag\/wp-content\/uploads\/2018\/04\/las-peliculas-de-mi-vida-por-bertrand-tavernier.jpg\"><img decoding=\"async\" class=\"aligncenter size-full wp-image-121579\" src=\"https:\/\/oncubanews.com\/wmag\/wp-content\/uploads\/2018\/04\/las-peliculas-de-mi-vida-por-bertrand-tavernier.jpg\" alt=\"\" \/><\/a><\/p>\n<p><a href=\"https:\/\/oncubanews.com\/wmag\/wp-content\/uploads\/2018\/04\/120-pulsac-x-seg.jpg\"><img decoding=\"async\" class=\"aligncenter size-full wp-image-121580\" src=\"https:\/\/oncubanews.com\/wmag\/wp-content\/uploads\/2018\/04\/120-pulsac-x-seg.jpg\" alt=\"\" \/><\/a><\/p>\n<p><a href=\"https:\/\/oncubanews.com\/wmag\/wp-content\/uploads\/2016\/03\/Separador-023.png\"><img loading=\"lazy\" decoding=\"async\" width=\"758\" height=\"28\" class=\"aligncenter size-full wp-image-65415\" src=\"https:\/\/oncubanews.com\/wmag\/wp-content\/uploads\/2016\/03\/Separador-023.png\" alt=\"\" srcset=\"https:\/\/oncubanews.com\/en\/wp-content\/uploads\/2016\/03\/Separador-023.png 758w, https:\/\/oncubanews.com\/en\/wp-content\/uploads\/2016\/03\/Separador-023-300x11.png 300w\" sizes=\"auto, (max-width: 758px) 100vw, 758px\" \/><\/a><\/p>\n<\/div>\n","protected":false},"excerpt":{"rendered":"<p>There will be multiple spaces for Dance these days. First, a new Acosta Danza season with three world premieres in the Great Theater of Havana; also, plenty of movement around Old Havana streets because of the Dance in Urban Landscapes International Festival; and the opening in Cuba of an extremely well received Lizt Alfonso Dance [&hellip;]<\/p>\n","protected":false},"author":3524,"featured_media":129920,"comment_status":"open","ping_status":"open","sticky":false,"template":"","format":"standard","meta":{"_acf_changed":false,"footnotes":""},"categories":[14198],"tags":[],"ppma_author":[33547],"class_list":["post-121609","post","type-post","status-publish","format-standard","has-post-thumbnail","hentry","category-billboard-archive"],"acf":[],"yoast_head":"<!-- This site is optimized with the Yoast SEO plugin v27.3 - https:\/\/yoast.com\/product\/yoast-seo-wordpress\/ -->\n<title>Billboard: Meet dance! | OnCubaNews English<\/title>\n<meta name=\"robots\" content=\"index, follow, max-snippet:-1, max-image-preview:large, max-video-preview:-1\" \/>\n<link rel=\"canonical\" href=\"https:\/\/oncubanews.com\/en\/billboard-archive\/billboard-meet-dance\/\" \/>\n<meta property=\"og:locale\" content=\"en_US\" \/>\n<meta property=\"og:type\" content=\"article\" \/>\n<meta property=\"og:title\" content=\"Billboard: Meet dance! | OnCubaNews English\" \/>\n<meta property=\"og:description\" content=\"There will be multiple spaces for Dance these days. First, a new Acosta Danza season with three world premieres in the Great Theater of Havana; also, plenty of movement around Old Havana streets because of the Dance in Urban Landscapes International Festival; and the opening in Cuba of an extremely well received Lizt Alfonso Dance [&hellip;]\" \/>\n<meta property=\"og:url\" content=\"https:\/\/oncubanews.com\/en\/billboard-archive\/billboard-meet-dance\/\" \/>\n<meta property=\"og:site_name\" content=\"OnCubaNews English\" \/>\n<meta property=\"article:published_time\" content=\"2018-04-06T16:19:09+00:00\" \/>\n<meta property=\"article:modified_time\" content=\"2018-06-19T08:59:14+00:00\" \/>\n<meta property=\"og:image\" content=\"https:\/\/oncubanews.com\/en\/wp-content\/uploads\/2018\/06\/Portada-01_ingl\u00e9s.jpg\" \/>\n\t<meta property=\"og:image:width\" content=\"1958\" \/>\n\t<meta property=\"og:image:height\" content=\"1271\" \/>\n\t<meta property=\"og:image:type\" content=\"image\/jpeg\" \/>\n<meta name=\"author\" content=\"Alejandro Ruiz Chang\" \/>\n<meta name=\"twitter:card\" content=\"summary_large_image\" \/>\n<meta name=\"twitter:label1\" content=\"Written by\" \/>\n\t<meta name=\"twitter:data1\" content=\"Alejandro Ruiz Chang\" \/>\n\t<meta name=\"twitter:label2\" content=\"Est. reading time\" \/>\n\t<meta name=\"twitter:data2\" content=\"4 minutes\" \/>\n<script type=\"application\/ld+json\" class=\"yoast-schema-graph\">{\"@context\":\"https:\\\/\\\/schema.org\",\"@graph\":[{\"@type\":\"Article\",\"@id\":\"https:\\\/\\\/oncubanews.com\\\/en\\\/billboard-archive\\\/billboard-meet-dance\\\/#article\",\"isPartOf\":{\"@id\":\"https:\\\/\\\/oncubanews.com\\\/en\\\/billboard-archive\\\/billboard-meet-dance\\\/\"},\"author\":{\"name\":\"Alejandro Ruiz Chang\",\"@id\":\"https:\\\/\\\/oncubanews.com\\\/en\\\/#\\\/schema\\\/person\\\/5b33058b67d9cc92629c50b584f938e3\"},\"headline\":\"Billboard: Meet dance!\",\"datePublished\":\"2018-04-06T16:19:09+00:00\",\"dateModified\":\"2018-06-19T08:59:14+00:00\",\"mainEntityOfPage\":{\"@id\":\"https:\\\/\\\/oncubanews.com\\\/en\\\/billboard-archive\\\/billboard-meet-dance\\\/\"},\"wordCount\":831,\"commentCount\":0,\"image\":{\"@id\":\"https:\\\/\\\/oncubanews.com\\\/en\\\/billboard-archive\\\/billboard-meet-dance\\\/#primaryimage\"},\"thumbnailUrl\":\"https:\\\/\\\/oncubanews.com\\\/en\\\/wp-content\\\/uploads\\\/2018\\\/06\\\/Portada-01_ingl\u00e9s.jpg\",\"articleSection\":[\"Billboard Archive\"],\"inLanguage\":\"en-US\",\"potentialAction\":[{\"@type\":\"CommentAction\",\"name\":\"Comment\",\"target\":[\"https:\\\/\\\/oncubanews.com\\\/en\\\/billboard-archive\\\/billboard-meet-dance\\\/#respond\"]}],\"copyrightYear\":\"2018\",\"copyrightHolder\":{\"@id\":\"https:\\\/\\\/oncubanews.com\\\/en\\\/#organization\"}},{\"@type\":\"WebPage\",\"@id\":\"https:\\\/\\\/oncubanews.com\\\/en\\\/billboard-archive\\\/billboard-meet-dance\\\/\",\"url\":\"https:\\\/\\\/oncubanews.com\\\/en\\\/billboard-archive\\\/billboard-meet-dance\\\/\",\"name\":\"Billboard: Meet dance! | OnCubaNews English\",\"isPartOf\":{\"@id\":\"https:\\\/\\\/oncubanews.com\\\/en\\\/#website\"},\"primaryImageOfPage\":{\"@id\":\"https:\\\/\\\/oncubanews.com\\\/en\\\/billboard-archive\\\/billboard-meet-dance\\\/#primaryimage\"},\"image\":{\"@id\":\"https:\\\/\\\/oncubanews.com\\\/en\\\/billboard-archive\\\/billboard-meet-dance\\\/#primaryimage\"},\"thumbnailUrl\":\"https:\\\/\\\/oncubanews.com\\\/en\\\/wp-content\\\/uploads\\\/2018\\\/06\\\/Portada-01_ingl\u00e9s.jpg\",\"datePublished\":\"2018-04-06T16:19:09+00:00\",\"dateModified\":\"2018-06-19T08:59:14+00:00\",\"author\":{\"@id\":\"https:\\\/\\\/oncubanews.com\\\/en\\\/#\\\/schema\\\/person\\\/5b33058b67d9cc92629c50b584f938e3\"},\"breadcrumb\":{\"@id\":\"https:\\\/\\\/oncubanews.com\\\/en\\\/billboard-archive\\\/billboard-meet-dance\\\/#breadcrumb\"},\"inLanguage\":\"en-US\",\"potentialAction\":[{\"@type\":\"ReadAction\",\"target\":[\"https:\\\/\\\/oncubanews.com\\\/en\\\/billboard-archive\\\/billboard-meet-dance\\\/\"]}]},{\"@type\":\"ImageObject\",\"inLanguage\":\"en-US\",\"@id\":\"https:\\\/\\\/oncubanews.com\\\/en\\\/billboard-archive\\\/billboard-meet-dance\\\/#primaryimage\",\"url\":\"https:\\\/\\\/oncubanews.com\\\/en\\\/wp-content\\\/uploads\\\/2018\\\/06\\\/Portada-01_ingl\u00e9s.jpg\",\"contentUrl\":\"https:\\\/\\\/oncubanews.com\\\/en\\\/wp-content\\\/uploads\\\/2018\\\/06\\\/Portada-01_ingl\u00e9s.jpg\",\"width\":1958,\"height\":1271},{\"@type\":\"BreadcrumbList\",\"@id\":\"https:\\\/\\\/oncubanews.com\\\/en\\\/billboard-archive\\\/billboard-meet-dance\\\/#breadcrumb\",\"itemListElement\":[{\"@type\":\"ListItem\",\"position\":1,\"name\":\"Portada\",\"item\":\"https:\\\/\\\/oncubanews.com\\\/en\\\/\"},{\"@type\":\"ListItem\",\"position\":2,\"name\":\"Billboard: Meet dance!\"}]},{\"@type\":\"WebSite\",\"@id\":\"https:\\\/\\\/oncubanews.com\\\/en\\\/#website\",\"url\":\"https:\\\/\\\/oncubanews.com\\\/en\\\/\",\"name\":\"OnCubaNews English\",\"description\":\"Revista sobre Cuba\",\"potentialAction\":[{\"@type\":\"SearchAction\",\"target\":{\"@type\":\"EntryPoint\",\"urlTemplate\":\"https:\\\/\\\/oncubanews.com\\\/en\\\/?s={search_term_string}\"},\"query-input\":{\"@type\":\"PropertyValueSpecification\",\"valueRequired\":true,\"valueName\":\"search_term_string\"}}],\"inLanguage\":\"en-US\"},{\"@type\":\"Person\",\"@id\":\"https:\\\/\\\/oncubanews.com\\\/en\\\/#\\\/schema\\\/person\\\/5b33058b67d9cc92629c50b584f938e3\",\"name\":\"Alejandro Ruiz Chang\",\"image\":{\"@type\":\"ImageObject\",\"inLanguage\":\"en-US\",\"@id\":\"https:\\\/\\\/oncubanews.com\\\/wp-content\\\/uploads\\\/2018\\\/11\\\/alejandro-ruiz-chang_avatar_1542067215-96x96-96x96.jpg7487662ab08cda8e6e96206f634e08f7\",\"url\":\"https:\\\/\\\/oncubanews.com\\\/wp-content\\\/uploads\\\/2018\\\/11\\\/alejandro-ruiz-chang_avatar_1542067215-96x96-96x96.jpg\",\"contentUrl\":\"https:\\\/\\\/oncubanews.com\\\/wp-content\\\/uploads\\\/2018\\\/11\\\/alejandro-ruiz-chang_avatar_1542067215-96x96-96x96.jpg\",\"caption\":\"Alejandro Ruiz Chang\"},\"description\":\"Naci\u00f3 en Guanabo, pero no le gusta el Sol. Del mar, en cambio, nunca se podr\u00e1 separar. Por eso sigue aferrado al malec\u00f3n y haciendo periodismo que es lo que, m\u00e1s menos, mejorcito se le da.\",\"url\":\"https:\\\/\\\/oncubanews.com\\\/en\\\/author\\\/alejandroruiz\\\/\"}]}<\/script>\n<!-- \/ Yoast SEO plugin. -->","yoast_head_json":{"title":"Billboard: Meet dance! | OnCubaNews English","robots":{"index":"index","follow":"follow","max-snippet":"max-snippet:-1","max-image-preview":"max-image-preview:large","max-video-preview":"max-video-preview:-1"},"canonical":"https:\/\/oncubanews.com\/en\/billboard-archive\/billboard-meet-dance\/","og_locale":"en_US","og_type":"article","og_title":"Billboard: Meet dance! | OnCubaNews English","og_description":"There will be multiple spaces for Dance these days. First, a new Acosta Danza season with three world premieres in the Great Theater of Havana; also, plenty of movement around Old Havana streets because of the Dance in Urban Landscapes International Festival; and the opening in Cuba of an extremely well received Lizt Alfonso Dance [&hellip;]","og_url":"https:\/\/oncubanews.com\/en\/billboard-archive\/billboard-meet-dance\/","og_site_name":"OnCubaNews English","article_published_time":"2018-04-06T16:19:09+00:00","article_modified_time":"2018-06-19T08:59:14+00:00","og_image":[{"width":1958,"height":1271,"url":"https:\/\/oncubanews.com\/en\/wp-content\/uploads\/2018\/06\/Portada-01_ingl\u00e9s.jpg","type":"image\/jpeg"}],"author":"Alejandro Ruiz Chang","twitter_card":"summary_large_image","twitter_misc":{"Written by":"Alejandro Ruiz Chang","Est. reading time":"4 minutes"},"schema":{"@context":"https:\/\/schema.org","@graph":[{"@type":"Article","@id":"https:\/\/oncubanews.com\/en\/billboard-archive\/billboard-meet-dance\/#article","isPartOf":{"@id":"https:\/\/oncubanews.com\/en\/billboard-archive\/billboard-meet-dance\/"},"author":{"name":"Alejandro Ruiz Chang","@id":"https:\/\/oncubanews.com\/en\/#\/schema\/person\/5b33058b67d9cc92629c50b584f938e3"},"headline":"Billboard: Meet dance!","datePublished":"2018-04-06T16:19:09+00:00","dateModified":"2018-06-19T08:59:14+00:00","mainEntityOfPage":{"@id":"https:\/\/oncubanews.com\/en\/billboard-archive\/billboard-meet-dance\/"},"wordCount":831,"commentCount":0,"image":{"@id":"https:\/\/oncubanews.com\/en\/billboard-archive\/billboard-meet-dance\/#primaryimage"},"thumbnailUrl":"https:\/\/oncubanews.com\/en\/wp-content\/uploads\/2018\/06\/Portada-01_ingl\u00e9s.jpg","articleSection":["Billboard Archive"],"inLanguage":"en-US","potentialAction":[{"@type":"CommentAction","name":"Comment","target":["https:\/\/oncubanews.com\/en\/billboard-archive\/billboard-meet-dance\/#respond"]}],"copyrightYear":"2018","copyrightHolder":{"@id":"https:\/\/oncubanews.com\/en\/#organization"}},{"@type":"WebPage","@id":"https:\/\/oncubanews.com\/en\/billboard-archive\/billboard-meet-dance\/","url":"https:\/\/oncubanews.com\/en\/billboard-archive\/billboard-meet-dance\/","name":"Billboard: Meet dance! | OnCubaNews English","isPartOf":{"@id":"https:\/\/oncubanews.com\/en\/#website"},"primaryImageOfPage":{"@id":"https:\/\/oncubanews.com\/en\/billboard-archive\/billboard-meet-dance\/#primaryimage"},"image":{"@id":"https:\/\/oncubanews.com\/en\/billboard-archive\/billboard-meet-dance\/#primaryimage"},"thumbnailUrl":"https:\/\/oncubanews.com\/en\/wp-content\/uploads\/2018\/06\/Portada-01_ingl\u00e9s.jpg","datePublished":"2018-04-06T16:19:09+00:00","dateModified":"2018-06-19T08:59:14+00:00","author":{"@id":"https:\/\/oncubanews.com\/en\/#\/schema\/person\/5b33058b67d9cc92629c50b584f938e3"},"breadcrumb":{"@id":"https:\/\/oncubanews.com\/en\/billboard-archive\/billboard-meet-dance\/#breadcrumb"},"inLanguage":"en-US","potentialAction":[{"@type":"ReadAction","target":["https:\/\/oncubanews.com\/en\/billboard-archive\/billboard-meet-dance\/"]}]},{"@type":"ImageObject","inLanguage":"en-US","@id":"https:\/\/oncubanews.com\/en\/billboard-archive\/billboard-meet-dance\/#primaryimage","url":"https:\/\/oncubanews.com\/en\/wp-content\/uploads\/2018\/06\/Portada-01_ingl\u00e9s.jpg","contentUrl":"https:\/\/oncubanews.com\/en\/wp-content\/uploads\/2018\/06\/Portada-01_ingl\u00e9s.jpg","width":1958,"height":1271},{"@type":"BreadcrumbList","@id":"https:\/\/oncubanews.com\/en\/billboard-archive\/billboard-meet-dance\/#breadcrumb","itemListElement":[{"@type":"ListItem","position":1,"name":"Portada","item":"https:\/\/oncubanews.com\/en\/"},{"@type":"ListItem","position":2,"name":"Billboard: Meet dance!"}]},{"@type":"WebSite","@id":"https:\/\/oncubanews.com\/en\/#website","url":"https:\/\/oncubanews.com\/en\/","name":"OnCubaNews English","description":"Revista sobre Cuba","potentialAction":[{"@type":"SearchAction","target":{"@type":"EntryPoint","urlTemplate":"https:\/\/oncubanews.com\/en\/?s={search_term_string}"},"query-input":{"@type":"PropertyValueSpecification","valueRequired":true,"valueName":"search_term_string"}}],"inLanguage":"en-US"},{"@type":"Person","@id":"https:\/\/oncubanews.com\/en\/#\/schema\/person\/5b33058b67d9cc92629c50b584f938e3","name":"Alejandro Ruiz Chang","image":{"@type":"ImageObject","inLanguage":"en-US","@id":"https:\/\/oncubanews.com\/wp-content\/uploads\/2018\/11\/alejandro-ruiz-chang_avatar_1542067215-96x96-96x96.jpg7487662ab08cda8e6e96206f634e08f7","url":"https:\/\/oncubanews.com\/wp-content\/uploads\/2018\/11\/alejandro-ruiz-chang_avatar_1542067215-96x96-96x96.jpg","contentUrl":"https:\/\/oncubanews.com\/wp-content\/uploads\/2018\/11\/alejandro-ruiz-chang_avatar_1542067215-96x96-96x96.jpg","caption":"Alejandro Ruiz Chang"},"description":"Naci\u00f3 en Guanabo, pero no le gusta el Sol. Del mar, en cambio, nunca se podr\u00e1 separar. Por eso sigue aferrado al malec\u00f3n y haciendo periodismo que es lo que, m\u00e1s menos, mejorcito se le da.","url":"https:\/\/oncubanews.com\/en\/author\/alejandroruiz\/"}]}},"authors":[{"term_id":33547,"user_id":3524,"is_guest":0,"slug":"alejandroruiz","display_name":"Alejandro Ruiz Chang","avatar_url":"https:\/\/oncubanews.com\/wp-content\/uploads\/2018\/11\/alejandro-ruiz-chang_avatar_1542067215-96x96-96x96.jpg","0":null,"1":"","2":"","3":"","4":"","5":"","6":"","7":"","8":""}],"_links":{"self":[{"href":"https:\/\/oncubanews.com\/en\/wp-json\/wp\/v2\/posts\/121609","targetHints":{"allow":["GET"]}}],"collection":[{"href":"https:\/\/oncubanews.com\/en\/wp-json\/wp\/v2\/posts"}],"about":[{"href":"https:\/\/oncubanews.com\/en\/wp-json\/wp\/v2\/types\/post"}],"author":[{"embeddable":true,"href":"https:\/\/oncubanews.com\/en\/wp-json\/wp\/v2\/users\/3524"}],"replies":[{"embeddable":true,"href":"https:\/\/oncubanews.com\/en\/wp-json\/wp\/v2\/comments?post=121609"}],"version-history":[{"count":0,"href":"https:\/\/oncubanews.com\/en\/wp-json\/wp\/v2\/posts\/121609\/revisions"}],"wp:featuredmedia":[{"embeddable":true,"href":"https:\/\/oncubanews.com\/en\/wp-json\/wp\/v2\/media\/129920"}],"wp:attachment":[{"href":"https:\/\/oncubanews.com\/en\/wp-json\/wp\/v2\/media?parent=121609"}],"wp:term":[{"taxonomy":"category","embeddable":true,"href":"https:\/\/oncubanews.com\/en\/wp-json\/wp\/v2\/categories?post=121609"},{"taxonomy":"post_tag","embeddable":true,"href":"https:\/\/oncubanews.com\/en\/wp-json\/wp\/v2\/tags?post=121609"},{"taxonomy":"author","embeddable":true,"href":"https:\/\/oncubanews.com\/en\/wp-json\/wp\/v2\/ppma_author?post=121609"}],"curies":[{"name":"wp","href":"https:\/\/api.w.org\/{rel}","templated":true}]}}