
{"id":121783,"date":"2017-12-29T13:29:14","date_gmt":"2017-12-29T18:29:14","guid":{"rendered":"http:\/\/oncubamagazine.com\/?p=111837"},"modified":"2018-10-02T14:43:49","modified_gmt":"2018-10-02T18:43:49","slug":"billboard-to-2018-and-beyond","status":"publish","type":"post","link":"https:\/\/oncubanews.com\/en\/billboard-archive\/billboard-to-2018-and-beyond\/","title":{"rendered":"Billboard: To 2018 and beyond\u2026"},"content":{"rendered":"<p>There\u2019s only two days left for New Year\u2019s Eve. Here it comes the weekend and with it the last day of 2017. So, if you haven\u2019t, get on planning how you\u2019ll celebrate. On behave of our team, congrats, and of course the billboard!<br \/>\nIf you want parties, concerts, Music\u2026 we\u2019ll start with Luna Manzanares in Karl Marx Theater, and much more you can do before the end of the year. In Dance we recommend a big show with different dances, cirques and musicals variety. In FAC, as usual, a lot. And in Cinema, two tribute cycles you\u2019ll love.<br \/>\nStay with us to 2018 and beyond\u2026 Read us every week so you know how and where our artists are moving. Don\u2019t miss anything. Happy ending and a better beginning! See you around!<br \/>\n&nbsp;<\/p>\n<div id=\"banner1\" class=\"cartelera_banner\"><a href=\"https:\/\/oncubanews.com\/wmag\/wp-content\/uploads\/2017\/09\/Banner-m\u00fasica_ingl\u00e9s_red-1.jpg\"><img loading=\"lazy\" decoding=\"async\" width=\"755\" height=\"145\" class=\"aligncenter wp-image-103308 size-full\" src=\"https:\/\/oncubanews.com\/wmag\/wp-content\/uploads\/2017\/09\/Banner-m\u00fasica_ingl\u00e9s_red-1.jpg\" alt=\"\" \/><\/a><\/div>\n<div>\n<h3>Pure voice<\/h3>\n<p>Today, special Luna Manzanares concert in Karl Marx Theater celebrating the end of the year, at 9 p.m.<br \/>\n<figure id=\"attachment_58474\" aria-describedby=\"caption-attachment-58474\" style=\"width: 800px\" class=\"wp-caption aligncenter\"><a href=\"https:\/\/oncubanews.com\/wmag\/wp-content\/uploads\/2015\/11\/21.jpg\"><img loading=\"lazy\" decoding=\"async\" width=\"800\" height=\"533\" class=\"size-full wp-image-58474\" src=\"https:\/\/oncubanews.com\/wmag\/wp-content\/uploads\/2015\/11\/21.jpg\" alt=\"\" srcset=\"https:\/\/oncubanews.com\/en\/wp-content\/uploads\/2015\/11\/21.jpg 800w, https:\/\/oncubanews.com\/en\/wp-content\/uploads\/2015\/11\/21-300x200.jpg 300w\" sizes=\"auto, (max-width: 800px) 100vw, 800px\" \/><\/a><figcaption id=\"caption-attachment-58474\" class=\"wp-caption-text\">Foto: Cortes\u00eda de Luna Manzanares.<\/figcaption><\/figure><br \/>\n<a href=\"https:\/\/oncubanews.com\/wmag\/wp-content\/uploads\/2016\/03\/Separador-023.png\"><img loading=\"lazy\" decoding=\"async\" width=\"758\" height=\"28\" class=\"aligncenter size-full wp-image-65415\" src=\"https:\/\/oncubanews.com\/wmag\/wp-content\/uploads\/2016\/03\/Separador-023.png\" alt=\"\" srcset=\"https:\/\/oncubanews.com\/en\/wp-content\/uploads\/2016\/03\/Separador-023.png 758w, https:\/\/oncubanews.com\/en\/wp-content\/uploads\/2016\/03\/Separador-023-300x11.png 300w\" sizes=\"auto, (max-width: 758px) 100vw, 758px\" \/><\/a><\/p>\n<h3>Havana in concerts<\/h3>\n<p>These are the concerts planed on January 1st in different spaces of the capital.<\/p>\n<h3><a href=\"https:\/\/oncubanews.com\/wmag\/wp-content\/uploads\/2016\/03\/Separador-023.png\"><img loading=\"lazy\" decoding=\"async\" width=\"758\" height=\"28\" class=\"aligncenter size-full wp-image-65415\" src=\"https:\/\/oncubanews.com\/wmag\/wp-content\/uploads\/2016\/03\/Separador-023.png\" alt=\"\" srcset=\"https:\/\/oncubanews.com\/en\/wp-content\/uploads\/2016\/03\/Separador-023.png 758w, https:\/\/oncubanews.com\/en\/wp-content\/uploads\/2016\/03\/Separador-023-300x11.png 300w\" sizes=\"auto, (max-width: 758px) 100vw, 758px\" \/><\/a><\/h3>\n<h3>Closing the year with classics<\/h3>\n<p>Tomorrow there will be two classic music concerts. First, the National Concert Band directed by Igor Corcuera, at 10 a.m., in Plaza de Armas, Old Havana; second, the National Symphonic Orchestra directed by Enr\u00edquez P\u00e9rez Mesa, at 7 p.m., in Covarrubias Hall of the National Theater, with guitar player Joaqu\u00edn Clerch as guest.<br \/>\n<figure id=\"attachment_109146\" aria-describedby=\"caption-attachment-109146\" style=\"width: 960px\" class=\"wp-caption aligncenter\"><a href=\"https:\/\/oncubanews.com\/wmag\/wp-content\/uploads\/2017\/11\/sinfon.jpg\"><img loading=\"lazy\" decoding=\"async\" width=\"960\" height=\"340\" class=\"size-full wp-image-109146\" src=\"https:\/\/oncubanews.com\/wmag\/wp-content\/uploads\/2017\/11\/sinfon.jpg\" alt=\"Orquesta Sinf\u00f3nica Nacional de Cuba. Foto: Instituto Cubano de la M\u00fasica.\" \/><\/a><figcaption id=\"caption-attachment-109146\" class=\"wp-caption-text\">Orquesta Sinf\u00f3nica Nacional de Cuba. Foto: Instituto Cubano de la M\u00fasica.<\/figcaption><\/figure><br \/>\n<a href=\"https:\/\/oncubanews.com\/wmag\/wp-content\/uploads\/2016\/03\/Separador-023.png\"><img loading=\"lazy\" decoding=\"async\" width=\"758\" height=\"28\" class=\"aligncenter size-full wp-image-65415\" src=\"https:\/\/oncubanews.com\/wmag\/wp-content\/uploads\/2016\/03\/Separador-023.png\" alt=\"\" srcset=\"https:\/\/oncubanews.com\/en\/wp-content\/uploads\/2016\/03\/Separador-023.png 758w, https:\/\/oncubanews.com\/en\/wp-content\/uploads\/2016\/03\/Separador-023-300x11.png 300w\" sizes=\"auto, (max-width: 758px) 100vw, 758px\" \/><\/a><\/p>\n<h3>Pazillo closure<\/h3>\n<p>For the first time in Pazillo, live session of Two Albi DJ\u2019s, today, at 9 p.m. Electronic music from Spain for two generations. Go!<br \/>\n<a href=\"https:\/\/oncubanews.com\/wmag\/wp-content\/uploads\/2017\/12\/29-dic-2dj-pazillo.jpg\"><img decoding=\"async\" class=\"aligncenter size-full wp-image-111730\" src=\"https:\/\/oncubanews.com\/wmag\/wp-content\/uploads\/2017\/12\/29-dic-2dj-pazillo.jpg\" alt=\"\" \/><\/a><br \/>\nAlso, Pazillo invites to wait 2018 with them in a special night with cocktails, food, live music, air conditioner space, Lounge Bar &amp; Chill-out and much more. For bookings call: +53 53349570. You know, Pazillo in 5ta St. between 4 and 6, Vedado.<br \/>\n<a href=\"https:\/\/oncubanews.com\/wmag\/wp-content\/uploads\/2017\/12\/31-dic-pazillo.jpg\"><img decoding=\"async\" class=\"aligncenter size-full wp-image-111731\" src=\"https:\/\/oncubanews.com\/wmag\/wp-content\/uploads\/2017\/12\/31-dic-pazillo.jpg\" alt=\"\" \/><\/a><br \/>\n<a href=\"https:\/\/oncubanews.com\/wmag\/wp-content\/uploads\/2016\/03\/Separador-023.png\"><img loading=\"lazy\" decoding=\"async\" width=\"758\" height=\"28\" class=\"aligncenter size-full wp-image-65415\" src=\"https:\/\/oncubanews.com\/wmag\/wp-content\/uploads\/2016\/03\/Separador-023.png\" alt=\"\" srcset=\"https:\/\/oncubanews.com\/en\/wp-content\/uploads\/2016\/03\/Separador-023.png 758w, https:\/\/oncubanews.com\/en\/wp-content\/uploads\/2016\/03\/Separador-023-300x11.png 300w\" sizes=\"auto, (max-width: 758px) 100vw, 758px\" \/><\/a><\/p>\n<h3>Billy Joel in concert<\/h3>\n<p>This Sunday, Billy Joel in concert in BB&amp;T Center (1 Panther PKWY, Sunrise, 33323), at 9:30 p.m.<br \/>\n<figure id=\"attachment_111733\" aria-describedby=\"caption-attachment-111733\" style=\"width: 480px\" class=\"wp-caption aligncenter\"><a href=\"https:\/\/oncubanews.com\/wmag\/wp-content\/uploads\/2017\/12\/Billy-Joel.jpg\"><img decoding=\"async\" class=\"size-full wp-image-111733\" src=\"https:\/\/oncubanews.com\/wmag\/wp-content\/uploads\/2017\/12\/Billy-Joel.jpg\" alt=\"Billy Joel. Foto tomada de https:\/\/www.rollingstone.com.\" \/><\/a><figcaption id=\"caption-attachment-111733\" class=\"wp-caption-text\">Billy Joel. Foto tomada de https:\/\/www.rollingstone.com.<\/figcaption><\/figure><br \/>\n<a href=\"https:\/\/oncubanews.com\/wmag\/wp-content\/uploads\/2016\/03\/Separador-023.png\"><img loading=\"lazy\" decoding=\"async\" width=\"758\" height=\"28\" class=\"aligncenter size-full wp-image-65415\" src=\"https:\/\/oncubanews.com\/wmag\/wp-content\/uploads\/2016\/03\/Separador-023.png\" alt=\"\" srcset=\"https:\/\/oncubanews.com\/en\/wp-content\/uploads\/2016\/03\/Separador-023.png 758w, https:\/\/oncubanews.com\/en\/wp-content\/uploads\/2016\/03\/Separador-023-300x11.png 300w\" sizes=\"auto, (max-width: 758px) 100vw, 758px\" \/><\/a><\/p>\n<h3>New Year\u2019s Eve with Picadillo<\/h3>\n<p>Cuba Ocho Museum &amp; Performing Art Center (1465 SW 8th St., Suite 106, Miami 33135) invites to Picadillo concert. Book now.<br \/>\n<a href=\"https:\/\/oncubanews.com\/wmag\/wp-content\/uploads\/2017\/12\/31-dic-picadillo.jpg\"><img decoding=\"async\" class=\"aligncenter size-full wp-image-111734\" src=\"https:\/\/oncubanews.com\/wmag\/wp-content\/uploads\/2017\/12\/31-dic-picadillo.jpg\" alt=\"\" \/><\/a><br \/>\n<a href=\"https:\/\/oncubanews.com\/wmag\/wp-content\/uploads\/2016\/03\/Separador-023.png\"><img loading=\"lazy\" decoding=\"async\" width=\"758\" height=\"28\" class=\"aligncenter size-full wp-image-65415\" src=\"https:\/\/oncubanews.com\/wmag\/wp-content\/uploads\/2016\/03\/Separador-023.png\" alt=\"\" srcset=\"https:\/\/oncubanews.com\/en\/wp-content\/uploads\/2016\/03\/Separador-023.png 758w, https:\/\/oncubanews.com\/en\/wp-content\/uploads\/2016\/03\/Separador-023-300x11.png 300w\" sizes=\"auto, (max-width: 758px) 100vw, 758px\" \/><\/a><\/p>\n<h3>To end the year<\/h3>\n<p>Boris Larramendi and his band in concert, tomorrow, at 10 p.m., in Cuba Ocho Museum &amp; Performing Art Center (1465 SW 8th St., Suite 106, Miami 33135).<br \/>\n<a href=\"https:\/\/oncubanews.com\/wmag\/wp-content\/uploads\/2017\/12\/30-dic-boris-miami.jpg\"><img decoding=\"async\" class=\"aligncenter size-full wp-image-111735\" src=\"https:\/\/oncubanews.com\/wmag\/wp-content\/uploads\/2017\/12\/30-dic-boris-miami.jpg\" alt=\"\" \/><\/a><br \/>\n<a href=\"https:\/\/oncubanews.com\/wmag\/wp-content\/uploads\/2016\/03\/Separador-023.png\"><img loading=\"lazy\" decoding=\"async\" width=\"758\" height=\"28\" class=\"aligncenter size-full wp-image-65415\" src=\"https:\/\/oncubanews.com\/wmag\/wp-content\/uploads\/2016\/03\/Separador-023.png\" alt=\"\" srcset=\"https:\/\/oncubanews.com\/en\/wp-content\/uploads\/2016\/03\/Separador-023.png 758w, https:\/\/oncubanews.com\/en\/wp-content\/uploads\/2016\/03\/Separador-023-300x11.png 300w\" sizes=\"auto, (max-width: 758px) 100vw, 758px\" \/><\/a><\/p>\n<h3>Last one of the year<\/h3>\n<p>The Restaurant-Bar Coliseum opens its doors today, at 9 p.m., to Buena F\u00e9 music. Don\u2019t miss the last presentation of this group for 2017. 41 B ST. between 72 and 72 A, Playa.<br \/>\n<a href=\"https:\/\/oncubanews.com\/wmag\/wp-content\/uploads\/2017\/12\/BUENA-FE.jpg\"><img decoding=\"async\" class=\"aligncenter size-full wp-image-111824\" src=\"https:\/\/oncubanews.com\/wmag\/wp-content\/uploads\/2017\/12\/BUENA-FE.jpg\" alt=\"\" \/><\/a><\/p>\n<h3><a href=\"https:\/\/oncubanews.com\/wmag\/wp-content\/uploads\/2016\/03\/Separador-023.png\"><img loading=\"lazy\" decoding=\"async\" width=\"758\" height=\"28\" class=\"aligncenter size-full wp-image-65415\" src=\"https:\/\/oncubanews.com\/wmag\/wp-content\/uploads\/2016\/03\/Separador-023.png\" alt=\"\" srcset=\"https:\/\/oncubanews.com\/en\/wp-content\/uploads\/2016\/03\/Separador-023.png 758w, https:\/\/oncubanews.com\/en\/wp-content\/uploads\/2016\/03\/Separador-023-300x11.png 300w\" sizes=\"auto, (max-width: 758px) 100vw, 758px\" \/><\/a><\/h3>\n<h3>BuleBar 66 with Gretell<\/h3>\n<p>Gretell Barreiro in concert this Sunday in BuleBar 66, at 10 p.m. Cover 5 CUC. Concert dinner: 15 CUC. Book: +53 52731029.<br \/>\n<a href=\"https:\/\/oncubanews.com\/wmag\/wp-content\/uploads\/2017\/12\/31-dic-grettel-barreiro.jpg\"><img decoding=\"async\" class=\"aligncenter size-full wp-image-111742\" src=\"https:\/\/oncubanews.com\/wmag\/wp-content\/uploads\/2017\/12\/31-dic-grettel-barreiro.jpg\" alt=\"\" \/><\/a><br \/>\n<a href=\"https:\/\/oncubanews.com\/wmag\/wp-content\/uploads\/2016\/03\/Separador-023.png\"><img loading=\"lazy\" decoding=\"async\" width=\"758\" height=\"28\" class=\"aligncenter size-full wp-image-65415\" src=\"https:\/\/oncubanews.com\/wmag\/wp-content\/uploads\/2016\/03\/Separador-023.png\" alt=\"\" srcset=\"https:\/\/oncubanews.com\/en\/wp-content\/uploads\/2016\/03\/Separador-023.png 758w, https:\/\/oncubanews.com\/en\/wp-content\/uploads\/2016\/03\/Separador-023-300x11.png 300w\" sizes=\"auto, (max-width: 758px) 100vw, 758px\" \/><\/a><\/p>\n<h3>Tet\u00e9 is here!<\/h3>\n<p>Great New Year\u2019s Eve concert, at 8 p.m. in Saratoga Hotel with Tet\u00e9 and Buena Vista Social Club.<br \/>\n<a href=\"https:\/\/oncubanews.com\/wmag\/wp-content\/uploads\/2017\/12\/31-dic-saratoga-buena-vista-social-club.jpg\"><img decoding=\"async\" class=\"aligncenter size-full wp-image-111736\" src=\"https:\/\/oncubanews.com\/wmag\/wp-content\/uploads\/2017\/12\/31-dic-saratoga-buena-vista-social-club.jpg\" alt=\"\" \/><\/a><br \/>\n<a href=\"https:\/\/oncubanews.com\/wmag\/wp-content\/uploads\/2016\/03\/Separador-023.png\"><img loading=\"lazy\" decoding=\"async\" width=\"758\" height=\"28\" class=\"aligncenter size-full wp-image-65415\" src=\"https:\/\/oncubanews.com\/wmag\/wp-content\/uploads\/2016\/03\/Separador-023.png\" alt=\"\" srcset=\"https:\/\/oncubanews.com\/en\/wp-content\/uploads\/2016\/03\/Separador-023.png 758w, https:\/\/oncubanews.com\/en\/wp-content\/uploads\/2016\/03\/Separador-023-300x11.png 300w\" sizes=\"auto, (max-width: 758px) 100vw, 758px\" \/><\/a><\/p>\n<h3>Green Light<\/h3>\n<p>Trova musician Inti Santana invites to his Jam tomorrow, in La Casa de la Bombilla Verde (11 St. b\/ 4 and 6, Vedado), at 9 p.m. There will be guests, don\u2019t miss it.<br \/>\n<a href=\"https:\/\/oncubanews.com\/wmag\/wp-content\/uploads\/2017\/12\/30-dic-Inti-S-en-la-bombilla.jpg\"><img decoding=\"async\" class=\"aligncenter size-full wp-image-111737\" src=\"https:\/\/oncubanews.com\/wmag\/wp-content\/uploads\/2017\/12\/30-dic-Inti-S-en-la-bombilla.jpg\" alt=\"\" \/><\/a><br \/>\n<a href=\"https:\/\/oncubanews.com\/wmag\/wp-content\/uploads\/2016\/03\/Separador-023.png\"><img loading=\"lazy\" decoding=\"async\" width=\"758\" height=\"28\" class=\"aligncenter size-full wp-image-65415\" src=\"https:\/\/oncubanews.com\/wmag\/wp-content\/uploads\/2016\/03\/Separador-023.png\" alt=\"\" srcset=\"https:\/\/oncubanews.com\/en\/wp-content\/uploads\/2016\/03\/Separador-023.png 758w, https:\/\/oncubanews.com\/en\/wp-content\/uploads\/2016\/03\/Separador-023-300x11.png 300w\" sizes=\"auto, (max-width: 758px) 100vw, 758px\" \/><\/a><\/p>\n<h3>Yomil N Dany in concert<\/h3>\n<p>The Cuban trapton duo will be on Sunday, at 10 p.m., in Complejo Paparazzi (20 St. b\/ 7th and 9th, Playa). Book here.<br \/>\n<a href=\"https:\/\/oncubanews.com\/wmag\/wp-content\/uploads\/2017\/12\/31-dic-YOMIL-AND-DANY.jpg\"><img decoding=\"async\" class=\"aligncenter size-full wp-image-111749\" src=\"https:\/\/oncubanews.com\/wmag\/wp-content\/uploads\/2017\/12\/31-dic-YOMIL-AND-DANY.jpg\" alt=\"\" \/><\/a><br \/>\n<a href=\"https:\/\/oncubanews.com\/wmag\/wp-content\/uploads\/2016\/03\/Separador-023.png\"><img loading=\"lazy\" decoding=\"async\" width=\"758\" height=\"28\" class=\"aligncenter size-full wp-image-65415\" src=\"https:\/\/oncubanews.com\/wmag\/wp-content\/uploads\/2016\/03\/Separador-023.png\" alt=\"\" srcset=\"https:\/\/oncubanews.com\/en\/wp-content\/uploads\/2016\/03\/Separador-023.png 758w, https:\/\/oncubanews.com\/en\/wp-content\/uploads\/2016\/03\/Separador-023-300x11.png 300w\" sizes=\"auto, (max-width: 758px) 100vw, 758px\" \/><\/a>\n<\/div>\n<div id=\"banner2\" class=\"cartelera_banner\"><a href=\"https:\/\/oncubanews.com\/wmag\/wp-content\/uploads\/2017\/09\/Banner-Danza_ingl\u00e9s_red.jpg\"><img loading=\"lazy\" decoding=\"async\" width=\"755\" height=\"145\" class=\"aligncenter wp-image-103303 size-full\" src=\"https:\/\/oncubanews.com\/wmag\/wp-content\/uploads\/2017\/09\/Banner-Danza_ingl\u00e9s_red.jpg\" alt=\"\" \/><\/a><\/div>\n<div>\n<h3>Everything in the Circus<\/h3>\n<p>\u201cCirco es\u2026\u201d is an attractive and exciting proposal for today and tomorrow in Avellaneda Hall of National Theater, at 5 p.m. It\u2019s a great production with singers of the Cuban National Lyric Theater and cirque artists from Havana, Acrodance and Sue\u00f1os M\u00e1gicos companies. Don\u2019t miss it!<br \/>\n<br \/>\n&nbsp;<\/p>\n<h3><a href=\"https:\/\/oncubanews.com\/wmag\/wp-content\/uploads\/2016\/03\/Separador-023.png\"><img loading=\"lazy\" decoding=\"async\" width=\"758\" height=\"28\" class=\"aligncenter size-full wp-image-65415\" src=\"https:\/\/oncubanews.com\/wmag\/wp-content\/uploads\/2016\/03\/Separador-023.png\" alt=\"\" srcset=\"https:\/\/oncubanews.com\/en\/wp-content\/uploads\/2016\/03\/Separador-023.png 758w, https:\/\/oncubanews.com\/en\/wp-content\/uploads\/2016\/03\/Separador-023-300x11.png 300w\" sizes=\"auto, (max-width: 758px) 100vw, 758px\" \/><\/a><\/h3>\n<h3>Don Quixote for 2018<\/h3>\n<p><figure id=\"attachment_111739\" aria-describedby=\"caption-attachment-111739\" style=\"width: 960px\" class=\"wp-caption aligncenter\"><a href=\"https:\/\/oncubanews.com\/wmag\/wp-content\/uploads\/2017\/12\/Don-Quij-Ballet-2.jpg\"><img decoding=\"async\" class=\"size-full wp-image-111739\" src=\"https:\/\/oncubanews.com\/wmag\/wp-content\/uploads\/2017\/12\/Don-Quij-Ballet-2.jpg\" alt=\"&quot;Don Quijote&quot;, Ballet Nacional de Cuba. Foto tomada de http:\/\/www.balletcuba.cult.cu.\" \/><\/a><figcaption id=\"caption-attachment-111739\" class=\"wp-caption-text\">&#8220;Don Quijote&#8221;, Ballet Nacional de Cuba. Foto tomada de http:\/\/www.balletcuba.cult.cu.<\/figcaption><\/figure><br \/>\nCuban National Ballet, directed by Alicia Alonso, will begin 2018 with its traditional gala on Monday, January 1st, at 5 p.m., in the Great Theater of Havana. It will be also announce the Great Theater Award and the new members of the Theater\u2019s Honorary Book. The ballet for the occasion is Don Quixote.<br \/>\n<figure id=\"attachment_111740\" aria-describedby=\"caption-attachment-111740\" style=\"width: 550px\" class=\"wp-caption aligncenter\"><a href=\"https:\/\/oncubanews.com\/wmag\/wp-content\/uploads\/2017\/12\/Don-Quij-Ballet-1.jpg\"><img decoding=\"async\" class=\"size-full wp-image-111740\" src=\"https:\/\/oncubanews.com\/wmag\/wp-content\/uploads\/2017\/12\/Don-Quij-Ballet-1.jpg\" alt=\"Anette Delgado en &quot;Don Quijote&quot;, Ballet Nacional de Cuba. Foto tomada de http:\/\/www.balletcuba.cult.cu. \" \/><\/a><figcaption id=\"caption-attachment-111740\" class=\"wp-caption-text\">Anette Delgado en &#8220;Don Quijote&#8221;, Ballet Nacional de Cuba. Foto tomada de http:\/\/www.balletcuba.cult.cu.<\/figcaption><\/figure><br \/>\n<a href=\"https:\/\/oncubanews.com\/wmag\/wp-content\/uploads\/2016\/03\/Separador-023.png\"><img loading=\"lazy\" decoding=\"async\" width=\"758\" height=\"28\" class=\"aligncenter size-full wp-image-65415\" src=\"https:\/\/oncubanews.com\/wmag\/wp-content\/uploads\/2016\/03\/Separador-023.png\" alt=\"\" srcset=\"https:\/\/oncubanews.com\/en\/wp-content\/uploads\/2016\/03\/Separador-023.png 758w, https:\/\/oncubanews.com\/en\/wp-content\/uploads\/2016\/03\/Separador-023-300x11.png 300w\" sizes=\"auto, (max-width: 758px) 100vw, 758px\" \/><\/a>\n<\/div>\n<div id=\"banner3\" class=\"cartelera_banner\"><a href=\"https:\/\/oncubanews.com\/wmag\/wp-content\/uploads\/2017\/09\/Banner-FAC_ingl\u00e9s_red.jpg\"><img loading=\"lazy\" decoding=\"async\" width=\"755\" height=\"145\" class=\"aligncenter wp-image-103304 size-full\" src=\"https:\/\/oncubanews.com\/wmag\/wp-content\/uploads\/2017\/09\/Banner-FAC_ingl\u00e9s_red.jpg\" alt=\"\" \/><\/a><\/div>\n<div>\n<h3>Go to FAC<\/h3>\n<p>FRIDAY, DECEMBER 29th<br \/>\n8:30 p.m. Dance: Son Cubano open class. Nave 3.<br \/>\n9:30 p.m. Santa Amalia dancers in Nave 3.<br \/>\n<br \/>\n9:30 p.m. Session DJ Producer with Ivan Lejardi. Nave 1.<br \/>\n11 p.m. Gretell Barreiro in concert. Nave 4.<br \/>\n12 a.m.: Open Jam with Eduardo Sandoval. Sandoval is a young Cuban musician graduated from Superior Institute of Arts. In 2015 released his first album \u201cCaminos abiertos\u201d with his project Habana Jazz. Nave 1.<br \/>\n<br \/>\nSATURDAY, DECEMBER 30th<br \/>\n9 p.m. Fashion: Casa GAYA presenting its collection Pret-a-porter 2018. Nave 3.<br \/>\n<a href=\"https:\/\/oncubanews.com\/wmag\/wp-content\/uploads\/2017\/12\/sab-gaya.jpg\"><img decoding=\"async\" class=\"aligncenter size-full wp-image-111825\" src=\"https:\/\/oncubanews.com\/wmag\/wp-content\/uploads\/2017\/12\/sab-gaya.jpg\" alt=\"\" \/><\/a><br \/>\n9:30 p.m. Session DJ Producer with Ivan Lejardi. Nave 1.<br \/>\n11 p.m. Toques de Rio in concert. This band plays with rhythms like feeling, trova, son, danz\u00f3n, conga, mambo, funky, American jazz, Russian polka, tango and flamenco. Nave 4.<br \/>\n<a href=\"https:\/\/oncubanews.com\/wmag\/wp-content\/uploads\/2017\/12\/sab-toques-del-rio.jpg\"><img decoding=\"async\" class=\"aligncenter size-full wp-image-111826\" src=\"https:\/\/oncubanews.com\/wmag\/wp-content\/uploads\/2017\/12\/sab-toques-del-rio.jpg\" alt=\"\" \/><\/a><br \/>\n12 a.m. Rock and Roll in FAC with La Vieja Escuela. Cuban band that fusions British rock n roll with country classics and music from the \u201950. Nave 4.<br \/>\nSUNDAY, DECEMBER 31st<br \/>\n9:30 p.m. Session DJ Producer with Ivan Lejardi. Nave 1.<br \/>\n9:30 p.m. Session with DJs. Nave 3.<br \/>\n10 p.m. Session with DJs. Nave 3.<br \/>\n<a href=\"https:\/\/oncubanews.com\/wmag\/wp-content\/uploads\/2016\/03\/Separador-023.png\"><img loading=\"lazy\" decoding=\"async\" width=\"758\" height=\"28\" class=\"aligncenter size-full wp-image-65415\" src=\"https:\/\/oncubanews.com\/wmag\/wp-content\/uploads\/2016\/03\/Separador-023.png\" alt=\"\" srcset=\"https:\/\/oncubanews.com\/en\/wp-content\/uploads\/2016\/03\/Separador-023.png 758w, https:\/\/oncubanews.com\/en\/wp-content\/uploads\/2016\/03\/Separador-023-300x11.png 300w\" sizes=\"auto, (max-width: 758px) 100vw, 758px\" \/><\/a>\n<\/div>\n<div id=\"banner4\" class=\"cartelera_banner\"><a href=\"https:\/\/oncubanews.com\/wmag\/wp-content\/uploads\/2017\/09\/Banner-Cine_ingl\u00e9s_red.jpg\"><img loading=\"lazy\" decoding=\"async\" width=\"755\" height=\"145\" class=\"aligncenter wp-image-103302 size-full\" src=\"https:\/\/oncubanews.com\/wmag\/wp-content\/uploads\/2017\/09\/Banner-Cine_ingl\u00e9s_red.jpg\" alt=\"\" \/><\/a><\/div>\n<div>\n<h3>One filmmaker, one actress, cinema\u2026<\/h3>\n<p>Movie Theater 23 y 12 proposes a cycle celebrating the 30 aniversary of Manuel Octavio G\u00f3mez departure. These are the two first days. Follow the billboard next week.<br \/>\nWednesday 3rd: 6 p.m. La Salaci\u00f3n\/ ICAIC News 63.<br \/>\nThursday 4th: 6 p.m. Historia de una batalla\/ Cuentos de la Alhambra\/ El encuentro\/ ICAIC News 63<br \/>\n<a href=\"https:\/\/oncubanews.com\/wmag\/wp-content\/uploads\/2017\/12\/LA-SALACION.jpg\"><img decoding=\"async\" class=\"aligncenter size-full wp-image-111819\" src=\"https:\/\/oncubanews.com\/wmag\/wp-content\/uploads\/2017\/12\/LA-SALACION.jpg\" alt=\"\" \/><\/a><br \/>\n&nbsp;<br \/>\n<a href=\"https:\/\/oncubanews.com\/wmag\/wp-content\/uploads\/2017\/12\/cuentos-del-alhambra.jpg\"><img decoding=\"async\" class=\"aligncenter size-full wp-image-111818\" src=\"https:\/\/oncubanews.com\/wmag\/wp-content\/uploads\/2017\/12\/cuentos-del-alhambra.jpg\" alt=\"\" \/><\/a><br \/>\nIn Charlote Room will be the cycle dedicated to actress Joan Fontaine.<br \/>\nTuesday 2nd: 2:30 p.m. Gunga Din<br \/>\n5 p.m. Mujeres<br \/>\nWednesday 3rd : 2:30 p.m. Rebecca<br \/>\n5 p.m. La sospecha<br \/>\nThursday 4th : 2:30 p.m. Fugitivos del amor<br \/>\n5 p.m. Amor apasionado<br \/>\n<a href=\"https:\/\/oncubanews.com\/wmag\/wp-content\/uploads\/2017\/12\/Gunga_Din-428101609-large.jpg\"><img decoding=\"async\" class=\"aligncenter size-full wp-image-111820\" src=\"https:\/\/oncubanews.com\/wmag\/wp-content\/uploads\/2017\/12\/Gunga_Din-428101609-large.jpg\" alt=\"\" \/><\/a><br \/>\n&nbsp;<br \/>\n<a href=\"https:\/\/oncubanews.com\/wmag\/wp-content\/uploads\/2017\/12\/1941-Sospecha-Alfred-Hitchcock-USA-8.jpg\"><img decoding=\"async\" class=\"aligncenter size-full wp-image-111822\" src=\"https:\/\/oncubanews.com\/wmag\/wp-content\/uploads\/2017\/12\/1941-Sospecha-Alfred-Hitchcock-USA-8.jpg\" alt=\"\" \/><\/a><br \/>\n&nbsp;<br \/>\n<a href=\"https:\/\/oncubanews.com\/wmag\/wp-content\/uploads\/2016\/03\/Separador-023.png\"><img loading=\"lazy\" decoding=\"async\" width=\"758\" height=\"28\" class=\"aligncenter size-full wp-image-65415\" src=\"https:\/\/oncubanews.com\/wmag\/wp-content\/uploads\/2016\/03\/Separador-023.png\" alt=\"\" srcset=\"https:\/\/oncubanews.com\/en\/wp-content\/uploads\/2016\/03\/Separador-023.png 758w, https:\/\/oncubanews.com\/en\/wp-content\/uploads\/2016\/03\/Separador-023-300x11.png 300w\" sizes=\"auto, (max-width: 758px) 100vw, 758px\" \/><\/a>\n<\/div>\n","protected":false},"excerpt":{"rendered":"<p>There\u2019s only two days left for New Year\u2019s Eve. Here it comes the weekend and with it the last day of 2017. So, if you haven\u2019t, get on planning how you\u2019ll celebrate. On behave of our team, congrats, and of course the billboard! If you want parties, concerts, Music\u2026 we\u2019ll start with Luna Manzanares in [&hellip;]<\/p>\n","protected":false},"author":3524,"featured_media":110879,"comment_status":"open","ping_status":"open","sticky":false,"template":"","format":"standard","meta":{"_acf_changed":false,"footnotes":""},"categories":[14198],"tags":[],"ppma_author":[33547,13550],"class_list":["post-121783","post","type-post","status-publish","format-standard","has-post-thumbnail","hentry","category-billboard-archive"],"acf":[],"yoast_head":"<!-- This site is optimized with the Yoast SEO plugin v27.3 - https:\/\/yoast.com\/product\/yoast-seo-wordpress\/ -->\n<title>Billboard: To 2018 and beyond\u2026 | OnCubaNews English<\/title>\n<meta name=\"robots\" content=\"index, follow, max-snippet:-1, max-image-preview:large, max-video-preview:-1\" \/>\n<link rel=\"canonical\" href=\"https:\/\/oncubanews.com\/en\/billboard-archive\/billboard-to-2018-and-beyond\/\" \/>\n<meta property=\"og:locale\" content=\"en_US\" \/>\n<meta property=\"og:type\" content=\"article\" \/>\n<meta property=\"og:title\" content=\"Billboard: To 2018 and beyond\u2026 | OnCubaNews English\" \/>\n<meta property=\"og:description\" content=\"There\u2019s only two days left for New Year\u2019s Eve. Here it comes the weekend and with it the last day of 2017. So, if you haven\u2019t, get on planning how you\u2019ll celebrate. On behave of our team, congrats, and of course the billboard! If you want parties, concerts, Music\u2026 we\u2019ll start with Luna Manzanares in [&hellip;]\" \/>\n<meta property=\"og:url\" content=\"https:\/\/oncubanews.com\/en\/billboard-archive\/billboard-to-2018-and-beyond\/\" \/>\n<meta property=\"og:site_name\" content=\"OnCubaNews English\" \/>\n<meta property=\"article:published_time\" content=\"2017-12-29T18:29:14+00:00\" \/>\n<meta property=\"article:modified_time\" content=\"2018-10-02T18:43:49+00:00\" \/>\n<meta property=\"og:image\" content=\"https:\/\/oncubanews.com\/en\/wp-content\/uploads\/2018\/06\/Portada-05_ingl\u00e9s.jpg\" \/>\n\t<meta property=\"og:image:width\" content=\"1958\" \/>\n\t<meta property=\"og:image:height\" content=\"1271\" \/>\n\t<meta property=\"og:image:type\" content=\"image\/jpeg\" \/>\n<meta name=\"author\" content=\"Alejandro Ruiz Chang, aleruiz\" \/>\n<meta name=\"twitter:card\" content=\"summary_large_image\" \/>\n<meta name=\"twitter:label1\" content=\"Written by\" \/>\n\t<meta name=\"twitter:data1\" content=\"Alejandro Ruiz Chang\" \/>\n\t<meta name=\"twitter:label2\" content=\"Est. reading time\" \/>\n\t<meta name=\"twitter:data2\" content=\"5 minutes\" \/>\n<script type=\"application\/ld+json\" class=\"yoast-schema-graph\">{\"@context\":\"https:\\\/\\\/schema.org\",\"@graph\":[{\"@type\":\"Article\",\"@id\":\"https:\\\/\\\/oncubanews.com\\\/en\\\/billboard-archive\\\/billboard-to-2018-and-beyond\\\/#article\",\"isPartOf\":{\"@id\":\"https:\\\/\\\/oncubanews.com\\\/en\\\/billboard-archive\\\/billboard-to-2018-and-beyond\\\/\"},\"author\":{\"name\":\"Alejandro Ruiz Chang\",\"@id\":\"https:\\\/\\\/oncubanews.com\\\/en\\\/#\\\/schema\\\/person\\\/5b33058b67d9cc92629c50b584f938e3\"},\"headline\":\"Billboard: To 2018 and beyond\u2026\",\"datePublished\":\"2017-12-29T18:29:14+00:00\",\"dateModified\":\"2018-10-02T18:43:49+00:00\",\"mainEntityOfPage\":{\"@id\":\"https:\\\/\\\/oncubanews.com\\\/en\\\/billboard-archive\\\/billboard-to-2018-and-beyond\\\/\"},\"wordCount\":1011,\"commentCount\":0,\"image\":{\"@id\":\"https:\\\/\\\/oncubanews.com\\\/en\\\/billboard-archive\\\/billboard-to-2018-and-beyond\\\/#primaryimage\"},\"thumbnailUrl\":\"https:\\\/\\\/oncubanews.com\\\/en\\\/wp-content\\\/uploads\\\/2018\\\/06\\\/Portada-05_ingl\u00e9s.jpg\",\"articleSection\":[\"Billboard Archive\"],\"inLanguage\":\"en-US\",\"potentialAction\":[{\"@type\":\"CommentAction\",\"name\":\"Comment\",\"target\":[\"https:\\\/\\\/oncubanews.com\\\/en\\\/billboard-archive\\\/billboard-to-2018-and-beyond\\\/#respond\"]}],\"copyrightYear\":\"2017\",\"copyrightHolder\":{\"@id\":\"https:\\\/\\\/oncubanews.com\\\/en\\\/#organization\"}},{\"@type\":\"WebPage\",\"@id\":\"https:\\\/\\\/oncubanews.com\\\/en\\\/billboard-archive\\\/billboard-to-2018-and-beyond\\\/\",\"url\":\"https:\\\/\\\/oncubanews.com\\\/en\\\/billboard-archive\\\/billboard-to-2018-and-beyond\\\/\",\"name\":\"Billboard: To 2018 and beyond\u2026 | OnCubaNews English\",\"isPartOf\":{\"@id\":\"https:\\\/\\\/oncubanews.com\\\/en\\\/#website\"},\"primaryImageOfPage\":{\"@id\":\"https:\\\/\\\/oncubanews.com\\\/en\\\/billboard-archive\\\/billboard-to-2018-and-beyond\\\/#primaryimage\"},\"image\":{\"@id\":\"https:\\\/\\\/oncubanews.com\\\/en\\\/billboard-archive\\\/billboard-to-2018-and-beyond\\\/#primaryimage\"},\"thumbnailUrl\":\"https:\\\/\\\/oncubanews.com\\\/en\\\/wp-content\\\/uploads\\\/2018\\\/06\\\/Portada-05_ingl\u00e9s.jpg\",\"datePublished\":\"2017-12-29T18:29:14+00:00\",\"dateModified\":\"2018-10-02T18:43:49+00:00\",\"author\":{\"@id\":\"https:\\\/\\\/oncubanews.com\\\/en\\\/#\\\/schema\\\/person\\\/5b33058b67d9cc92629c50b584f938e3\"},\"breadcrumb\":{\"@id\":\"https:\\\/\\\/oncubanews.com\\\/en\\\/billboard-archive\\\/billboard-to-2018-and-beyond\\\/#breadcrumb\"},\"inLanguage\":\"en-US\",\"potentialAction\":[{\"@type\":\"ReadAction\",\"target\":[\"https:\\\/\\\/oncubanews.com\\\/en\\\/billboard-archive\\\/billboard-to-2018-and-beyond\\\/\"]}]},{\"@type\":\"ImageObject\",\"inLanguage\":\"en-US\",\"@id\":\"https:\\\/\\\/oncubanews.com\\\/en\\\/billboard-archive\\\/billboard-to-2018-and-beyond\\\/#primaryimage\",\"url\":\"https:\\\/\\\/oncubanews.com\\\/en\\\/wp-content\\\/uploads\\\/2018\\\/06\\\/Portada-05_ingl\u00e9s.jpg\",\"contentUrl\":\"https:\\\/\\\/oncubanews.com\\\/en\\\/wp-content\\\/uploads\\\/2018\\\/06\\\/Portada-05_ingl\u00e9s.jpg\",\"width\":1958,\"height\":1271},{\"@type\":\"BreadcrumbList\",\"@id\":\"https:\\\/\\\/oncubanews.com\\\/en\\\/billboard-archive\\\/billboard-to-2018-and-beyond\\\/#breadcrumb\",\"itemListElement\":[{\"@type\":\"ListItem\",\"position\":1,\"name\":\"Portada\",\"item\":\"https:\\\/\\\/oncubanews.com\\\/en\\\/\"},{\"@type\":\"ListItem\",\"position\":2,\"name\":\"Billboard: To 2018 and beyond\u2026\"}]},{\"@type\":\"WebSite\",\"@id\":\"https:\\\/\\\/oncubanews.com\\\/en\\\/#website\",\"url\":\"https:\\\/\\\/oncubanews.com\\\/en\\\/\",\"name\":\"OnCubaNews English\",\"description\":\"Revista sobre Cuba\",\"potentialAction\":[{\"@type\":\"SearchAction\",\"target\":{\"@type\":\"EntryPoint\",\"urlTemplate\":\"https:\\\/\\\/oncubanews.com\\\/en\\\/?s={search_term_string}\"},\"query-input\":{\"@type\":\"PropertyValueSpecification\",\"valueRequired\":true,\"valueName\":\"search_term_string\"}}],\"inLanguage\":\"en-US\"},{\"@type\":\"Person\",\"@id\":\"https:\\\/\\\/oncubanews.com\\\/en\\\/#\\\/schema\\\/person\\\/5b33058b67d9cc92629c50b584f938e3\",\"name\":\"Alejandro Ruiz Chang\",\"image\":{\"@type\":\"ImageObject\",\"inLanguage\":\"en-US\",\"@id\":\"https:\\\/\\\/oncubanews.com\\\/wp-content\\\/uploads\\\/2018\\\/11\\\/alejandro-ruiz-chang_avatar_1542067215-96x96-96x96.jpg7487662ab08cda8e6e96206f634e08f7\",\"url\":\"https:\\\/\\\/oncubanews.com\\\/wp-content\\\/uploads\\\/2018\\\/11\\\/alejandro-ruiz-chang_avatar_1542067215-96x96-96x96.jpg\",\"contentUrl\":\"https:\\\/\\\/oncubanews.com\\\/wp-content\\\/uploads\\\/2018\\\/11\\\/alejandro-ruiz-chang_avatar_1542067215-96x96-96x96.jpg\",\"caption\":\"Alejandro Ruiz Chang\"},\"description\":\"Naci\u00f3 en Guanabo, pero no le gusta el Sol. Del mar, en cambio, nunca se podr\u00e1 separar. Por eso sigue aferrado al malec\u00f3n y haciendo periodismo que es lo que, m\u00e1s menos, mejorcito se le da.\",\"url\":\"https:\\\/\\\/oncubanews.com\\\/en\\\/author\\\/alejandroruiz\\\/\"}]}<\/script>\n<!-- \/ Yoast SEO plugin. -->","yoast_head_json":{"title":"Billboard: To 2018 and beyond\u2026 | OnCubaNews English","robots":{"index":"index","follow":"follow","max-snippet":"max-snippet:-1","max-image-preview":"max-image-preview:large","max-video-preview":"max-video-preview:-1"},"canonical":"https:\/\/oncubanews.com\/en\/billboard-archive\/billboard-to-2018-and-beyond\/","og_locale":"en_US","og_type":"article","og_title":"Billboard: To 2018 and beyond\u2026 | OnCubaNews English","og_description":"There\u2019s only two days left for New Year\u2019s Eve. Here it comes the weekend and with it the last day of 2017. So, if you haven\u2019t, get on planning how you\u2019ll celebrate. On behave of our team, congrats, and of course the billboard! If you want parties, concerts, Music\u2026 we\u2019ll start with Luna Manzanares in [&hellip;]","og_url":"https:\/\/oncubanews.com\/en\/billboard-archive\/billboard-to-2018-and-beyond\/","og_site_name":"OnCubaNews English","article_published_time":"2017-12-29T18:29:14+00:00","article_modified_time":"2018-10-02T18:43:49+00:00","og_image":[{"width":1958,"height":1271,"url":"https:\/\/oncubanews.com\/en\/wp-content\/uploads\/2018\/06\/Portada-05_ingl\u00e9s.jpg","type":"image\/jpeg"}],"author":"Alejandro Ruiz Chang, aleruiz","twitter_card":"summary_large_image","twitter_misc":{"Written by":"Alejandro Ruiz Chang","Est. reading time":"5 minutes"},"schema":{"@context":"https:\/\/schema.org","@graph":[{"@type":"Article","@id":"https:\/\/oncubanews.com\/en\/billboard-archive\/billboard-to-2018-and-beyond\/#article","isPartOf":{"@id":"https:\/\/oncubanews.com\/en\/billboard-archive\/billboard-to-2018-and-beyond\/"},"author":{"name":"Alejandro Ruiz Chang","@id":"https:\/\/oncubanews.com\/en\/#\/schema\/person\/5b33058b67d9cc92629c50b584f938e3"},"headline":"Billboard: To 2018 and beyond\u2026","datePublished":"2017-12-29T18:29:14+00:00","dateModified":"2018-10-02T18:43:49+00:00","mainEntityOfPage":{"@id":"https:\/\/oncubanews.com\/en\/billboard-archive\/billboard-to-2018-and-beyond\/"},"wordCount":1011,"commentCount":0,"image":{"@id":"https:\/\/oncubanews.com\/en\/billboard-archive\/billboard-to-2018-and-beyond\/#primaryimage"},"thumbnailUrl":"https:\/\/oncubanews.com\/en\/wp-content\/uploads\/2018\/06\/Portada-05_ingl\u00e9s.jpg","articleSection":["Billboard Archive"],"inLanguage":"en-US","potentialAction":[{"@type":"CommentAction","name":"Comment","target":["https:\/\/oncubanews.com\/en\/billboard-archive\/billboard-to-2018-and-beyond\/#respond"]}],"copyrightYear":"2017","copyrightHolder":{"@id":"https:\/\/oncubanews.com\/en\/#organization"}},{"@type":"WebPage","@id":"https:\/\/oncubanews.com\/en\/billboard-archive\/billboard-to-2018-and-beyond\/","url":"https:\/\/oncubanews.com\/en\/billboard-archive\/billboard-to-2018-and-beyond\/","name":"Billboard: To 2018 and beyond\u2026 | OnCubaNews English","isPartOf":{"@id":"https:\/\/oncubanews.com\/en\/#website"},"primaryImageOfPage":{"@id":"https:\/\/oncubanews.com\/en\/billboard-archive\/billboard-to-2018-and-beyond\/#primaryimage"},"image":{"@id":"https:\/\/oncubanews.com\/en\/billboard-archive\/billboard-to-2018-and-beyond\/#primaryimage"},"thumbnailUrl":"https:\/\/oncubanews.com\/en\/wp-content\/uploads\/2018\/06\/Portada-05_ingl\u00e9s.jpg","datePublished":"2017-12-29T18:29:14+00:00","dateModified":"2018-10-02T18:43:49+00:00","author":{"@id":"https:\/\/oncubanews.com\/en\/#\/schema\/person\/5b33058b67d9cc92629c50b584f938e3"},"breadcrumb":{"@id":"https:\/\/oncubanews.com\/en\/billboard-archive\/billboard-to-2018-and-beyond\/#breadcrumb"},"inLanguage":"en-US","potentialAction":[{"@type":"ReadAction","target":["https:\/\/oncubanews.com\/en\/billboard-archive\/billboard-to-2018-and-beyond\/"]}]},{"@type":"ImageObject","inLanguage":"en-US","@id":"https:\/\/oncubanews.com\/en\/billboard-archive\/billboard-to-2018-and-beyond\/#primaryimage","url":"https:\/\/oncubanews.com\/en\/wp-content\/uploads\/2018\/06\/Portada-05_ingl\u00e9s.jpg","contentUrl":"https:\/\/oncubanews.com\/en\/wp-content\/uploads\/2018\/06\/Portada-05_ingl\u00e9s.jpg","width":1958,"height":1271},{"@type":"BreadcrumbList","@id":"https:\/\/oncubanews.com\/en\/billboard-archive\/billboard-to-2018-and-beyond\/#breadcrumb","itemListElement":[{"@type":"ListItem","position":1,"name":"Portada","item":"https:\/\/oncubanews.com\/en\/"},{"@type":"ListItem","position":2,"name":"Billboard: To 2018 and beyond\u2026"}]},{"@type":"WebSite","@id":"https:\/\/oncubanews.com\/en\/#website","url":"https:\/\/oncubanews.com\/en\/","name":"OnCubaNews English","description":"Revista sobre Cuba","potentialAction":[{"@type":"SearchAction","target":{"@type":"EntryPoint","urlTemplate":"https:\/\/oncubanews.com\/en\/?s={search_term_string}"},"query-input":{"@type":"PropertyValueSpecification","valueRequired":true,"valueName":"search_term_string"}}],"inLanguage":"en-US"},{"@type":"Person","@id":"https:\/\/oncubanews.com\/en\/#\/schema\/person\/5b33058b67d9cc92629c50b584f938e3","name":"Alejandro Ruiz Chang","image":{"@type":"ImageObject","inLanguage":"en-US","@id":"https:\/\/oncubanews.com\/wp-content\/uploads\/2018\/11\/alejandro-ruiz-chang_avatar_1542067215-96x96-96x96.jpg7487662ab08cda8e6e96206f634e08f7","url":"https:\/\/oncubanews.com\/wp-content\/uploads\/2018\/11\/alejandro-ruiz-chang_avatar_1542067215-96x96-96x96.jpg","contentUrl":"https:\/\/oncubanews.com\/wp-content\/uploads\/2018\/11\/alejandro-ruiz-chang_avatar_1542067215-96x96-96x96.jpg","caption":"Alejandro Ruiz Chang"},"description":"Naci\u00f3 en Guanabo, pero no le gusta el Sol. Del mar, en cambio, nunca se podr\u00e1 separar. Por eso sigue aferrado al malec\u00f3n y haciendo periodismo que es lo que, m\u00e1s menos, mejorcito se le da.","url":"https:\/\/oncubanews.com\/en\/author\/alejandroruiz\/"}]}},"authors":[{"term_id":33547,"user_id":3524,"is_guest":0,"slug":"alejandroruiz","display_name":"Alejandro Ruiz Chang","avatar_url":"https:\/\/oncubanews.com\/wp-content\/uploads\/2018\/11\/alejandro-ruiz-chang_avatar_1542067215-96x96-96x96.jpg","0":null,"1":"","2":"","3":"","4":"","5":"","6":"","7":"","8":""},{"term_id":13550,"user_id":0,"is_guest":1,"slug":"cap-aleruiz","display_name":"aleruiz","avatar_url":"https:\/\/secure.gravatar.com\/avatar\/?s=96&r=g","0":null,"1":"","2":"","3":"","4":"","5":"","6":"","7":"","8":""}],"_links":{"self":[{"href":"https:\/\/oncubanews.com\/en\/wp-json\/wp\/v2\/posts\/121783","targetHints":{"allow":["GET"]}}],"collection":[{"href":"https:\/\/oncubanews.com\/en\/wp-json\/wp\/v2\/posts"}],"about":[{"href":"https:\/\/oncubanews.com\/en\/wp-json\/wp\/v2\/types\/post"}],"author":[{"embeddable":true,"href":"https:\/\/oncubanews.com\/en\/wp-json\/wp\/v2\/users\/3524"}],"replies":[{"embeddable":true,"href":"https:\/\/oncubanews.com\/en\/wp-json\/wp\/v2\/comments?post=121783"}],"version-history":[{"count":0,"href":"https:\/\/oncubanews.com\/en\/wp-json\/wp\/v2\/posts\/121783\/revisions"}],"wp:featuredmedia":[{"embeddable":true,"href":"https:\/\/oncubanews.com\/en\/wp-json\/wp\/v2\/media\/110879"}],"wp:attachment":[{"href":"https:\/\/oncubanews.com\/en\/wp-json\/wp\/v2\/media?parent=121783"}],"wp:term":[{"taxonomy":"category","embeddable":true,"href":"https:\/\/oncubanews.com\/en\/wp-json\/wp\/v2\/categories?post=121783"},{"taxonomy":"post_tag","embeddable":true,"href":"https:\/\/oncubanews.com\/en\/wp-json\/wp\/v2\/tags?post=121783"},{"taxonomy":"author","embeddable":true,"href":"https:\/\/oncubanews.com\/en\/wp-json\/wp\/v2\/ppma_author?post=121783"}],"curies":[{"name":"wp","href":"https:\/\/api.w.org\/{rel}","templated":true}]}}