
{"id":123032,"date":"2018-04-19T11:03:43","date_gmt":"2018-04-19T15:03:43","guid":{"rendered":"https:\/\/oncubamagazine.com\/?p=123032"},"modified":"2018-06-19T04:59:15","modified_gmt":"2018-06-19T08:59:15","slug":"who-is-diaz-canel-the-new-president-of-cuba","status":"publish","type":"post","link":"https:\/\/oncubanews.com\/en\/advertorial\/who-is-diaz-canel-the-new-president-of-cuba\/","title":{"rendered":"Who is D\u00edaz-Canel, the new President of Cuba?"},"content":{"rendered":"<p>He was a young, long-haired slim official who used to ride his bike greeting neighbors and because of his personal style of leading his province he was as popular as a local rock star.<\/p>\n<p>A decade went by since then and Miguel D\u00edaz-Canel \u2013 who will now possibly succeed President Ra\u00fal Castro in Cuba\u2019s presidency \u2013 looks like someone else, another person: grey haired, serious, thrifty with words and with scarce public visibility.<\/p>\n<p>D\u00edaz-Canel, who is currently the first vice president, has a short official biography of personal and professional details, and although no one knows for certain how he will project himself in his government, there are some signs of what will possibly be a new style.<\/p>\n<p>In a country where there doesn\u2019t exist the figure of first lady and the leaders \u2013 who usually move in the midst of important security operatives &#8211; zealously hide their private life, D\u00edaz-Canel arrived almost without guards last March at a voting center in Santa Clara, some 300 kilometers east of the capital, where several foreign media were waiting.<\/p>\n<figure id=\"attachment_123040\" aria-describedby=\"caption-attachment-123040\" style=\"width: 576px\" class=\"wp-caption aligncenter\"><a href=\"https:\/\/oncubanews.com\/wmag\/wp-content\/uploads\/2018\/04\/diaz-canel-4-1.jpg\"><img decoding=\"async\" class=\"size-large wp-image-123040\" src=\"https:\/\/oncubanews.com\/wmag\/wp-content\/uploads\/2018\/04\/diaz-canel-4-1-576x1024.jpg\" alt=\"Miguel D\u00edaz-Canel with his wife, Liz Cuesta. Photo: AJ D\u00edaz \/ CMHW.\" \/><\/a><figcaption id=\"caption-attachment-123040\" class=\"wp-caption-text\">Miguel D\u00edaz-Canel with his wife, Liz Cuesta. Photo: AJ D\u00edaz \/ CMHW.<\/figcaption><\/figure>\n<p>The official walked along one block, holding his wife\u2019s hand, while he greeted the persons who approached him.<\/p>\n<p>\u201cHere we are building a government and people relationship,\u201d he said during that unusual public appearance before the cameras to vote for the parliament. After voting he returned to Havana, but leaving a message: a new type of leadership could arrive, with a continuity of the revolutionary process, but with a renovation of the forms.<\/p>\n<p>D\u00edaz-Canel, 57, must face a <a href=\"https:\/\/oncubanews.com\/author\/juan-triana\/\"><strong>stagnated economy,<\/strong><\/a> an infrastructure in decadence, the hostility of the United States that did not lift the embargo nor the sanctions against the island, and the criticisms of a model of state control with low wages in the framework of a cooling of private enterprise.<\/p>\n<p>Many Cubans across the island barely know him. The last years of his political ascent have gone by slowly but without pause, step by step, and he assumed such a low profile that months would go by without knowing about his activities.<\/p>\n<p>He barely jumped into international limelight last year when he was the protagonist of a <a href=\"https:\/\/www.youtube.com\/watch?v=jdr3A5LlaKE\"><strong>leaked video<\/strong><\/a> in which he championed closing independent media and labeled European embassies as an advance of the subversion against the Revolution.<\/p>\n<p>However, that orthodox image contrasts with many of his Villa Clara province fellow citizens\u2019 perception of a simple, tolerant, friendly but demanding man, the province in which he spent his childhood, youth and of which he was first secretary of the Communist Party of Cuba (PCC) for nine years, a post which in practice is more important than that of the local head of government.<\/p>\n<p>\u201cHe used to stroll through the park with his girlfriend. They were in school. They were some 15 years old,\u201d says Hilda Alegre, a hairdresser who remembers him as the slim young man who used to go out in couples to stroll like others during those years in the 1970s.<\/p>\n<p>When he graduated as an electronic engineer from the University of Villa Clara in 1982 he did his compulsory military service until 1985. In 1987 he joined the Union of Young Communists and started working as a professor while he traveled to Nicaragua as part of a delegation supporting Sandinismo.<\/p>\n<p>In those times he liked The Beatles &#8211; stigmatized by the Revolution as representatives of capitalist decadence \u2013 and the theater.<\/p>\n<p>In 1994 he was appointed as first secretary of the PCC in Villa Clara and he rapidly won a reputation for being a working official with a modest style and whom the neighbors remember as the first of his rank to not move to a larger home.<\/p>\n<p>\u201cThe house where his mother lives is in an awful state, even the plaster has come off. His brother also lived there. He didn\u2019t fix the house to live more comfortably,\u201d commented Ferm\u00edn Roberto Tagle Su\u00e1rez, 78 and who used to do the guard duty rounds, usual among neighbors, with D\u00edaz-Canel.<\/p>\n<p>\u201cHe always found out about the real problems the people had. And he also demanded, if he were soft he wouldn\u2019t have gotten where he is now,\u201d said Su\u00e1rez.<\/p>\n<p>By 1996 in the middle of a harsh economic crisis derived from the fall of the Soviet Union which shook Cuban families and overwhelmed them with shortages, D\u00edaz-Canel was already the father of two children from his marriage with dentist Marta Villanueva, his longtime sweetheart.<\/p>\n<figure id=\"attachment_123039\" aria-describedby=\"caption-attachment-123039\" style=\"width: 969px\" class=\"wp-caption aligncenter\"><a href=\"https:\/\/oncubanews.com\/wmag\/wp-content\/uploads\/2018\/04\/dcanel-fidel-1.jpg\"><img decoding=\"async\" class=\"size-large wp-image-123039\" src=\"https:\/\/oncubanews.com\/wmag\/wp-content\/uploads\/2018\/04\/dcanel-fidel-1-969x1024.jpg\" alt=\"Fidel Castro and Miguel D\u00edaz-Canel, first secretary of the Party in Villa Clara, in Ernesto Guevara Square, September 30, 1996. Photo: Vanguardia.\" \/><\/a><figcaption id=\"caption-attachment-123039\" class=\"wp-caption-text\">Fidel Castro and Miguel D\u00edaz-Canel, first secretary of the Party in Villa Clara, in Ernesto Guevara Square, September 30, 1996. Photo: Vanguardia.<\/figcaption><\/figure>\n<p>He was popular and strikingly young for his post and he even saw to all those who knocked at his door in the Party venue and his own home.<\/p>\n<p>\u201cWhen he got home he would throw his briefcase and run off to do his guard duty. Some comrades didn\u2019t want to assign him guard duty because he came home from work tormented, but he would say: I am a citizen of this country and I do guard duty just like any other person,\u201d Liliana P\u00e9rez, whose home is in front of the one in which D\u00edaz-Canel lived with his wife and children, commented to AP.<\/p>\n<p>The house \u2013 today painted yellow and red \u2013 belonged to the family of his wife before she, divorced, moved to Havana with the children.<\/p>\n<p>A sort of legend was born then around D\u00edaz-Canel: the politician then started to make surprise tours to verify the service that the people received and it is said \u2013 although no one was able to pertinently confirm it \u2013 he appeared wearing a costume in places where the public was attended.<\/p>\n<p>The journalist of the local CMHW radio station, Xiomara Rodr\u00edguez, witnessed this.<\/p>\n<p>\u201cHe carried out an intense work of communication with the people,\u201d she said. \u201cFor example, in 1996 when he had recently become first secretary he came to this space (\u2018Alta Tensi\u00f3n\u2019 of the local radio station) which is an opinion program about the most burning issues. Two hours with live open microphone, receiving calls from the population.\u201d<\/p>\n<p>Presenting himself live and spontaneously speaking with the people was something unusual for Cuban officials. Even at present they don\u2019t have a public activities agenda.<\/p>\n<p>Rodr\u00edguez remembers one of those surprise tours that D\u00edaz-Canel began in the morgue, continued with a funeral parlor and then to the cemetery to confirm how the state services were working on such a sensitive issue for families as a death.<\/p>\n<figure id=\"attachment_123038\" aria-describedby=\"caption-attachment-123038\" style=\"width: 580px\" class=\"wp-caption aligncenter\"><a href=\"https:\/\/oncubanews.com\/wmag\/wp-content\/uploads\/2018\/04\/fidel-d\u00edaz-canel-1.jpg\"><img decoding=\"async\" class=\"size-full wp-image-123038\" src=\"https:\/\/oncubanews.com\/wmag\/wp-content\/uploads\/2018\/04\/fidel-d\u00edaz-canel-1.jpg\" alt=\"Together with Fidel Castro in Holgu\u00edn. Photo: Ahora.\" \/><\/a><figcaption id=\"caption-attachment-123038\" class=\"wp-caption-text\">Together with Fidel Castro in Holgu\u00edn. Photo: Ahora.<\/figcaption><\/figure>\n<p>Moreover, he was interested in culture and was respectful of diversity.<\/p>\n<p>Under his protection in Santa Clara <a href=\"https:\/\/oncubanews.com\/sociedad\/el-mejunje-ruina-adentro\/\"><strong>El Menjunje<\/strong><\/a> flourished, the first cultural center that presented shows of transsexuals and openly worked with the gay and alternative community like rockers and he even took his children to the children\u2019s activities of the place. Today two of them form part of a music band called Polaroid.<\/p>\n<p>In 2003 D\u00edaz-Canel was transferred from Villa Clara by the PCC as first secretary to the neighboring province of Holgu\u00edn, some 700 kilometers to the east of the capital. His work there lasted until 2009 and was not so special.<\/p>\n<p>A tour by AP through this city showed that although the neighbors appreciate some works like a crosswalk in the very center or cafeterias and entertainment places, they criticize him and consider he was not at the height of his fame.<\/p>\n<p>\u201cIn my opinion one shouldn\u2019t spend so much on boulevards and parks when there are people in marginal barrios living very badly,\u201d affirmed Anah\u00ed Tamayo. It\u2019s not only about fixing up the center, what the people (foreigners) see when they come, but rather the surrounding areas.\u201d<\/p>\n<p>Some Cubans from the place indicated that the years D\u00edaz-Canel spent in Holgu\u00edn were also very marked by a strong drought that affected the agricultural markets and domestic supply, the budget was very small, the regionalisms and prejudices made him be seen as a stranger and his charisma was unable to catch on.<\/p>\n<p>In the personal aspect, his passage through Holgu\u00edn left him a new wife: Liz Cuesta Peraza, the woman who accompanied him in March to vote.<\/p>\n<p>In May 2009, D\u00edaz-Canel arrived for the first time to a post in the national sphere when Ra\u00fal Castro appointed him minister of higher education.<\/p>\n<p>Under him, the study plans were adjusted, their contents were modernized, the postgraduate regulations were modified and the use of technologies of the higher studies schools was boosted with computer labs and the digitalization of contents. He was also one of the first officials to appear with a laptop at meetings in a country where the Internet in homes is restricted and prices are very high.<\/p>\n<p>In 2012 he became vice president and months later with the elections first vice president and he was no longer seen in the streets or in the media.<\/p>\n<p>According to diplomats and analysts, the transformation of his style was due to the logic of recent history in the country\u2019s leadership, in which the revolutionary generation took out of the race the younger people accusing them of not being sufficiently loyal to the process.<\/p>\n<p>Precisely in 2012, Harold C\u00e1rdenas was a professor of Marxism in the University of Matanzas and together with another two friends began a blog called \u201cLa Joven Cuba,\u201d which had a clearly left-wing profile although it criticized several aspects on the island. This is why orthodox sectors of the PCC and the local government accused them of \u201cplaying into the hands\u201d of Cuba\u2019s enemies and they were blocked, but without them requesting it D\u00edaz Canel defended them.<\/p>\n<p>\u201cD\u00edaz-Canel sat with the three of us and said \u2018what do you need to continue making La Joven Cuba?\u2019\u201d C\u00e1rdenas recalled in a recent interview with AP. A while later his blog returned to normalcy, and until now they are a debate forum that not always agrees with the government policies.<\/p>\n<p>For C\u00e1rdenas, D\u00edaz-Canel\u2019s intervention demonstrated that the new generation \u2013 subsequent to the revolution and before his own \u2013 will give continuity to the process, but will change according to its vital experiences: the fall of the socialist camp and the subsidies, the failures of the dogmas of the 1970s communism or the need for respect for a greater religious and social diversity.<\/p>\n<figure id=\"attachment_123036\" aria-describedby=\"caption-attachment-123036\" style=\"width: 1024px\" class=\"wp-caption aligncenter\"><a href=\"https:\/\/oncubanews.com\/wmag\/wp-content\/uploads\/2018\/04\/ljc-diaz-canel-1.jpg\"><img decoding=\"async\" class=\"size-large wp-image-123036\" src=\"https:\/\/oncubanews.com\/wmag\/wp-content\/uploads\/2018\/04\/ljc-diaz-canel-1-1024x576.jpg\" alt=\"The blocking of the blog La Joven Cuba ended when vice president Miguel D\u00edaz-Canel visited the University of Matanzas and met with its creators. To the right, Harold C\u00e1rdenas. Photo: La Joven Cuba.\" \/><\/a><figcaption id=\"caption-attachment-123036\" class=\"wp-caption-text\">The blocking of the blog La Joven Cuba ended when vice president Miguel D\u00edaz-Canel visited the University of Matanzas and met with its creators. To the right, Harold C\u00e1rdenas. Photo: La Joven Cuba.<\/figcaption><\/figure>\n<p>\u201cD\u00edaz-Canel has been in a very uncomfortable position for years, no one from his generation has survived to get to the place where he is,\u201d said C\u00e1rdenas. \u201cI talk to D\u00edaz-Canel as if it were with an uncle. He is much more communicative than what he shows\u2026. There\u2019s a grey image of D\u00edaz-Canel that is a government construction of depriving the leadership of colors to show an unnecessary solemnity,\u201d he considers.<\/p>\n<p><em>Andrea Rodr\u00edguez and Michael Weissenstein \/ AP \/ OnCuba<\/em><\/p>\n<p><em>Read all of <strong>OnCuba<\/strong>\u2019s coverage on the subject:<\/em><\/p>\n<p>&nbsp;<\/p>\n<p><a href=\"https:\/\/oncubanews.com\/tag\/elecciones-en-cuba\/\"><img decoding=\"async\" class=\"aligncenter size-full wp-image-122926\" src=\"https:\/\/oncubanews.com\/wmag\/wp-content\/uploads\/2018\/04\/Banner_separador_cambio_ingl\u00e9s-2.jpg\" alt=\"\" \/><\/a><\/p>\n","protected":false},"excerpt":{"rendered":"<p>He was a young, long-haired slim official who used to ride his bike greeting neighbors and because of his personal style of leading his province he was as popular as a local rock star. A decade went by since then and Miguel D\u00edaz-Canel \u2013 who will now possibly succeed President Ra\u00fal Castro in Cuba\u2019s presidency [&hellip;]<\/p>\n","protected":false},"author":2445,"featured_media":111170,"comment_status":"open","ping_status":"open","sticky":false,"template":"","format":"standard","meta":{"_acf_changed":false,"footnotes":""},"categories":[],"tags":[],"ppma_author":[33669],"class_list":["post-123032","post","type-post","status-publish","format-standard","has-post-thumbnail","hentry"],"acf":[],"yoast_head":"<!-- This site is optimized with the Yoast SEO plugin v27.3 - https:\/\/yoast.com\/product\/yoast-seo-wordpress\/ -->\n<title>Who is D\u00edaz-Canel, the new President of Cuba? | OnCubaNews English<\/title>\n<meta name=\"robots\" content=\"index, follow, max-snippet:-1, max-image-preview:large, max-video-preview:-1\" \/>\n<link rel=\"canonical\" href=\"https:\/\/oncubanews.com\/en\/advertorial\/who-is-diaz-canel-the-new-president-of-cuba\/\" \/>\n<meta property=\"og:locale\" content=\"en_US\" \/>\n<meta property=\"og:type\" content=\"article\" \/>\n<meta property=\"og:title\" content=\"Who is D\u00edaz-Canel, the new President of Cuba? | OnCubaNews English\" \/>\n<meta property=\"og:description\" content=\"He was a young, long-haired slim official who used to ride his bike greeting neighbors and because of his personal style of leading his province he was as popular as a local rock star. A decade went by since then and Miguel D\u00edaz-Canel \u2013 who will now possibly succeed President Ra\u00fal Castro in Cuba\u2019s presidency [&hellip;]\" \/>\n<meta property=\"og:url\" content=\"https:\/\/oncubanews.com\/en\/advertorial\/who-is-diaz-canel-the-new-president-of-cuba\/\" \/>\n<meta property=\"og:site_name\" content=\"OnCubaNews English\" \/>\n<meta property=\"article:published_time\" content=\"2018-04-19T15:03:43+00:00\" \/>\n<meta property=\"article:modified_time\" content=\"2018-06-19T08:59:15+00:00\" \/>\n<meta property=\"og:image\" content=\"https:\/\/oncubanews.com\/en\/wp-content\/uploads\/2018\/06\/Castro_Canel-getty-images-755x490-1.jpg\" \/>\n\t<meta property=\"og:image:width\" content=\"755\" \/>\n\t<meta property=\"og:image:height\" content=\"490\" \/>\n\t<meta property=\"og:image:type\" content=\"image\/jpeg\" \/>\n<meta name=\"author\" content=\"Redacci\u00f3n OnCuba\" \/>\n<meta name=\"twitter:card\" content=\"summary_large_image\" \/>\n<meta name=\"twitter:label1\" content=\"Written by\" \/>\n\t<meta name=\"twitter:data1\" content=\"Redacci\u00f3n OnCuba\" \/>\n\t<meta name=\"twitter:label2\" content=\"Est. reading time\" \/>\n\t<meta name=\"twitter:data2\" content=\"9 minutes\" \/>\n<script type=\"application\/ld+json\" class=\"yoast-schema-graph\">{\"@context\":\"https:\\\/\\\/schema.org\",\"@graph\":[{\"@type\":\"Article\",\"@id\":\"https:\\\/\\\/oncubanews.com\\\/en\\\/advertorial\\\/who-is-diaz-canel-the-new-president-of-cuba\\\/#article\",\"isPartOf\":{\"@id\":\"https:\\\/\\\/oncubanews.com\\\/en\\\/advertorial\\\/who-is-diaz-canel-the-new-president-of-cuba\\\/\"},\"author\":{\"name\":\"Redacci\u00f3n OnCuba\",\"@id\":\"https:\\\/\\\/oncubanews.com\\\/en\\\/#\\\/schema\\\/person\\\/4535f9d2f7fea460b318de6542dd014a\"},\"headline\":\"Who is D\u00edaz-Canel, the new President of Cuba?\",\"datePublished\":\"2018-04-19T15:03:43+00:00\",\"dateModified\":\"2018-06-19T08:59:15+00:00\",\"mainEntityOfPage\":{\"@id\":\"https:\\\/\\\/oncubanews.com\\\/en\\\/advertorial\\\/who-is-diaz-canel-the-new-president-of-cuba\\\/\"},\"wordCount\":1905,\"commentCount\":1,\"image\":{\"@id\":\"https:\\\/\\\/oncubanews.com\\\/en\\\/advertorial\\\/who-is-diaz-canel-the-new-president-of-cuba\\\/#primaryimage\"},\"thumbnailUrl\":\"https:\\\/\\\/oncubanews.com\\\/en\\\/wp-content\\\/uploads\\\/2018\\\/06\\\/Castro_Canel-getty-images-755x490-1.jpg\",\"inLanguage\":\"en-US\",\"potentialAction\":[{\"@type\":\"CommentAction\",\"name\":\"Comment\",\"target\":[\"https:\\\/\\\/oncubanews.com\\\/en\\\/advertorial\\\/who-is-diaz-canel-the-new-president-of-cuba\\\/#respond\"]}],\"copyrightYear\":\"2018\",\"copyrightHolder\":{\"@id\":\"https:\\\/\\\/oncubanews.com\\\/en\\\/#organization\"}},{\"@type\":\"WebPage\",\"@id\":\"https:\\\/\\\/oncubanews.com\\\/en\\\/advertorial\\\/who-is-diaz-canel-the-new-president-of-cuba\\\/\",\"url\":\"https:\\\/\\\/oncubanews.com\\\/en\\\/advertorial\\\/who-is-diaz-canel-the-new-president-of-cuba\\\/\",\"name\":\"Who is D\u00edaz-Canel, the new President of Cuba? | OnCubaNews English\",\"isPartOf\":{\"@id\":\"https:\\\/\\\/oncubanews.com\\\/en\\\/#website\"},\"primaryImageOfPage\":{\"@id\":\"https:\\\/\\\/oncubanews.com\\\/en\\\/advertorial\\\/who-is-diaz-canel-the-new-president-of-cuba\\\/#primaryimage\"},\"image\":{\"@id\":\"https:\\\/\\\/oncubanews.com\\\/en\\\/advertorial\\\/who-is-diaz-canel-the-new-president-of-cuba\\\/#primaryimage\"},\"thumbnailUrl\":\"https:\\\/\\\/oncubanews.com\\\/en\\\/wp-content\\\/uploads\\\/2018\\\/06\\\/Castro_Canel-getty-images-755x490-1.jpg\",\"datePublished\":\"2018-04-19T15:03:43+00:00\",\"dateModified\":\"2018-06-19T08:59:15+00:00\",\"author\":{\"@id\":\"https:\\\/\\\/oncubanews.com\\\/en\\\/#\\\/schema\\\/person\\\/4535f9d2f7fea460b318de6542dd014a\"},\"breadcrumb\":{\"@id\":\"https:\\\/\\\/oncubanews.com\\\/en\\\/advertorial\\\/who-is-diaz-canel-the-new-president-of-cuba\\\/#breadcrumb\"},\"inLanguage\":\"en-US\",\"potentialAction\":[{\"@type\":\"ReadAction\",\"target\":[\"https:\\\/\\\/oncubanews.com\\\/en\\\/advertorial\\\/who-is-diaz-canel-the-new-president-of-cuba\\\/\"]}]},{\"@type\":\"ImageObject\",\"inLanguage\":\"en-US\",\"@id\":\"https:\\\/\\\/oncubanews.com\\\/en\\\/advertorial\\\/who-is-diaz-canel-the-new-president-of-cuba\\\/#primaryimage\",\"url\":\"https:\\\/\\\/oncubanews.com\\\/en\\\/wp-content\\\/uploads\\\/2018\\\/06\\\/Castro_Canel-getty-images-755x490-1.jpg\",\"contentUrl\":\"https:\\\/\\\/oncubanews.com\\\/en\\\/wp-content\\\/uploads\\\/2018\\\/06\\\/Castro_Canel-getty-images-755x490-1.jpg\",\"width\":755,\"height\":490,\"caption\":\"Photo: Getty image\"},{\"@type\":\"BreadcrumbList\",\"@id\":\"https:\\\/\\\/oncubanews.com\\\/en\\\/advertorial\\\/who-is-diaz-canel-the-new-president-of-cuba\\\/#breadcrumb\",\"itemListElement\":[{\"@type\":\"ListItem\",\"position\":1,\"name\":\"Portada\",\"item\":\"https:\\\/\\\/oncubanews.com\\\/en\\\/\"},{\"@type\":\"ListItem\",\"position\":2,\"name\":\"Who is D\u00edaz-Canel, the new President of Cuba?\"}]},{\"@type\":\"WebSite\",\"@id\":\"https:\\\/\\\/oncubanews.com\\\/en\\\/#website\",\"url\":\"https:\\\/\\\/oncubanews.com\\\/en\\\/\",\"name\":\"OnCubaNews English\",\"description\":\"Revista sobre Cuba\",\"potentialAction\":[{\"@type\":\"SearchAction\",\"target\":{\"@type\":\"EntryPoint\",\"urlTemplate\":\"https:\\\/\\\/oncubanews.com\\\/en\\\/?s={search_term_string}\"},\"query-input\":{\"@type\":\"PropertyValueSpecification\",\"valueRequired\":true,\"valueName\":\"search_term_string\"}}],\"inLanguage\":\"en-US\"},{\"@type\":\"Person\",\"@id\":\"https:\\\/\\\/oncubanews.com\\\/en\\\/#\\\/schema\\\/person\\\/4535f9d2f7fea460b318de6542dd014a\",\"name\":\"Redacci\u00f3n OnCuba\",\"image\":{\"@type\":\"ImageObject\",\"inLanguage\":\"en-US\",\"@id\":\"https:\\\/\\\/oncubanews.com\\\/wp-content\\\/uploads\\\/2016\\\/03\\\/Redacci\u00f3n-OnCuba_avatar_1458497335-96x96.jpg6797a64e11ac1191b82e1afa71768a75\",\"url\":\"https:\\\/\\\/oncubanews.com\\\/wp-content\\\/uploads\\\/2016\\\/03\\\/Redacci\u00f3n-OnCuba_avatar_1458497335-96x96.jpg\",\"contentUrl\":\"https:\\\/\\\/oncubanews.com\\\/wp-content\\\/uploads\\\/2016\\\/03\\\/Redacci\u00f3n-OnCuba_avatar_1458497335-96x96.jpg\",\"caption\":\"Redacci\u00f3n OnCuba\"},\"url\":\"https:\\\/\\\/oncubanews.com\\\/en\\\/author\\\/oncuba\\\/\"}]}<\/script>\n<!-- \/ Yoast SEO plugin. -->","yoast_head_json":{"title":"Who is D\u00edaz-Canel, the new President of Cuba? | OnCubaNews English","robots":{"index":"index","follow":"follow","max-snippet":"max-snippet:-1","max-image-preview":"max-image-preview:large","max-video-preview":"max-video-preview:-1"},"canonical":"https:\/\/oncubanews.com\/en\/advertorial\/who-is-diaz-canel-the-new-president-of-cuba\/","og_locale":"en_US","og_type":"article","og_title":"Who is D\u00edaz-Canel, the new President of Cuba? | OnCubaNews English","og_description":"He was a young, long-haired slim official who used to ride his bike greeting neighbors and because of his personal style of leading his province he was as popular as a local rock star. A decade went by since then and Miguel D\u00edaz-Canel \u2013 who will now possibly succeed President Ra\u00fal Castro in Cuba\u2019s presidency [&hellip;]","og_url":"https:\/\/oncubanews.com\/en\/advertorial\/who-is-diaz-canel-the-new-president-of-cuba\/","og_site_name":"OnCubaNews English","article_published_time":"2018-04-19T15:03:43+00:00","article_modified_time":"2018-06-19T08:59:15+00:00","og_image":[{"width":755,"height":490,"url":"https:\/\/oncubanews.com\/en\/wp-content\/uploads\/2018\/06\/Castro_Canel-getty-images-755x490-1.jpg","type":"image\/jpeg"}],"author":"Redacci\u00f3n OnCuba","twitter_card":"summary_large_image","twitter_misc":{"Written by":"Redacci\u00f3n OnCuba","Est. reading time":"9 minutes"},"schema":{"@context":"https:\/\/schema.org","@graph":[{"@type":"Article","@id":"https:\/\/oncubanews.com\/en\/advertorial\/who-is-diaz-canel-the-new-president-of-cuba\/#article","isPartOf":{"@id":"https:\/\/oncubanews.com\/en\/advertorial\/who-is-diaz-canel-the-new-president-of-cuba\/"},"author":{"name":"Redacci\u00f3n OnCuba","@id":"https:\/\/oncubanews.com\/en\/#\/schema\/person\/4535f9d2f7fea460b318de6542dd014a"},"headline":"Who is D\u00edaz-Canel, the new President of Cuba?","datePublished":"2018-04-19T15:03:43+00:00","dateModified":"2018-06-19T08:59:15+00:00","mainEntityOfPage":{"@id":"https:\/\/oncubanews.com\/en\/advertorial\/who-is-diaz-canel-the-new-president-of-cuba\/"},"wordCount":1905,"commentCount":1,"image":{"@id":"https:\/\/oncubanews.com\/en\/advertorial\/who-is-diaz-canel-the-new-president-of-cuba\/#primaryimage"},"thumbnailUrl":"https:\/\/oncubanews.com\/en\/wp-content\/uploads\/2018\/06\/Castro_Canel-getty-images-755x490-1.jpg","inLanguage":"en-US","potentialAction":[{"@type":"CommentAction","name":"Comment","target":["https:\/\/oncubanews.com\/en\/advertorial\/who-is-diaz-canel-the-new-president-of-cuba\/#respond"]}],"copyrightYear":"2018","copyrightHolder":{"@id":"https:\/\/oncubanews.com\/en\/#organization"}},{"@type":"WebPage","@id":"https:\/\/oncubanews.com\/en\/advertorial\/who-is-diaz-canel-the-new-president-of-cuba\/","url":"https:\/\/oncubanews.com\/en\/advertorial\/who-is-diaz-canel-the-new-president-of-cuba\/","name":"Who is D\u00edaz-Canel, the new President of Cuba? | OnCubaNews English","isPartOf":{"@id":"https:\/\/oncubanews.com\/en\/#website"},"primaryImageOfPage":{"@id":"https:\/\/oncubanews.com\/en\/advertorial\/who-is-diaz-canel-the-new-president-of-cuba\/#primaryimage"},"image":{"@id":"https:\/\/oncubanews.com\/en\/advertorial\/who-is-diaz-canel-the-new-president-of-cuba\/#primaryimage"},"thumbnailUrl":"https:\/\/oncubanews.com\/en\/wp-content\/uploads\/2018\/06\/Castro_Canel-getty-images-755x490-1.jpg","datePublished":"2018-04-19T15:03:43+00:00","dateModified":"2018-06-19T08:59:15+00:00","author":{"@id":"https:\/\/oncubanews.com\/en\/#\/schema\/person\/4535f9d2f7fea460b318de6542dd014a"},"breadcrumb":{"@id":"https:\/\/oncubanews.com\/en\/advertorial\/who-is-diaz-canel-the-new-president-of-cuba\/#breadcrumb"},"inLanguage":"en-US","potentialAction":[{"@type":"ReadAction","target":["https:\/\/oncubanews.com\/en\/advertorial\/who-is-diaz-canel-the-new-president-of-cuba\/"]}]},{"@type":"ImageObject","inLanguage":"en-US","@id":"https:\/\/oncubanews.com\/en\/advertorial\/who-is-diaz-canel-the-new-president-of-cuba\/#primaryimage","url":"https:\/\/oncubanews.com\/en\/wp-content\/uploads\/2018\/06\/Castro_Canel-getty-images-755x490-1.jpg","contentUrl":"https:\/\/oncubanews.com\/en\/wp-content\/uploads\/2018\/06\/Castro_Canel-getty-images-755x490-1.jpg","width":755,"height":490,"caption":"Photo: Getty image"},{"@type":"BreadcrumbList","@id":"https:\/\/oncubanews.com\/en\/advertorial\/who-is-diaz-canel-the-new-president-of-cuba\/#breadcrumb","itemListElement":[{"@type":"ListItem","position":1,"name":"Portada","item":"https:\/\/oncubanews.com\/en\/"},{"@type":"ListItem","position":2,"name":"Who is D\u00edaz-Canel, the new President of Cuba?"}]},{"@type":"WebSite","@id":"https:\/\/oncubanews.com\/en\/#website","url":"https:\/\/oncubanews.com\/en\/","name":"OnCubaNews English","description":"Revista sobre Cuba","potentialAction":[{"@type":"SearchAction","target":{"@type":"EntryPoint","urlTemplate":"https:\/\/oncubanews.com\/en\/?s={search_term_string}"},"query-input":{"@type":"PropertyValueSpecification","valueRequired":true,"valueName":"search_term_string"}}],"inLanguage":"en-US"},{"@type":"Person","@id":"https:\/\/oncubanews.com\/en\/#\/schema\/person\/4535f9d2f7fea460b318de6542dd014a","name":"Redacci\u00f3n OnCuba","image":{"@type":"ImageObject","inLanguage":"en-US","@id":"https:\/\/oncubanews.com\/wp-content\/uploads\/2016\/03\/Redacci\u00f3n-OnCuba_avatar_1458497335-96x96.jpg6797a64e11ac1191b82e1afa71768a75","url":"https:\/\/oncubanews.com\/wp-content\/uploads\/2016\/03\/Redacci\u00f3n-OnCuba_avatar_1458497335-96x96.jpg","contentUrl":"https:\/\/oncubanews.com\/wp-content\/uploads\/2016\/03\/Redacci\u00f3n-OnCuba_avatar_1458497335-96x96.jpg","caption":"Redacci\u00f3n OnCuba"},"url":"https:\/\/oncubanews.com\/en\/author\/oncuba\/"}]}},"authors":[{"term_id":33669,"user_id":2445,"is_guest":0,"slug":"oncuba","display_name":"Redacci\u00f3n OnCuba","avatar_url":"https:\/\/oncubanews.com\/wp-content\/uploads\/2016\/03\/Redacci\u00f3n-OnCuba_avatar_1458497335-96x96.jpg","0":null,"1":"","2":"","3":"","4":"","5":"","6":"","7":"","8":""}],"_links":{"self":[{"href":"https:\/\/oncubanews.com\/en\/wp-json\/wp\/v2\/posts\/123032","targetHints":{"allow":["GET"]}}],"collection":[{"href":"https:\/\/oncubanews.com\/en\/wp-json\/wp\/v2\/posts"}],"about":[{"href":"https:\/\/oncubanews.com\/en\/wp-json\/wp\/v2\/types\/post"}],"author":[{"embeddable":true,"href":"https:\/\/oncubanews.com\/en\/wp-json\/wp\/v2\/users\/2445"}],"replies":[{"embeddable":true,"href":"https:\/\/oncubanews.com\/en\/wp-json\/wp\/v2\/comments?post=123032"}],"version-history":[{"count":0,"href":"https:\/\/oncubanews.com\/en\/wp-json\/wp\/v2\/posts\/123032\/revisions"}],"wp:featuredmedia":[{"embeddable":true,"href":"https:\/\/oncubanews.com\/en\/wp-json\/wp\/v2\/media\/111170"}],"wp:attachment":[{"href":"https:\/\/oncubanews.com\/en\/wp-json\/wp\/v2\/media?parent=123032"}],"wp:term":[{"taxonomy":"category","embeddable":true,"href":"https:\/\/oncubanews.com\/en\/wp-json\/wp\/v2\/categories?post=123032"},{"taxonomy":"post_tag","embeddable":true,"href":"https:\/\/oncubanews.com\/en\/wp-json\/wp\/v2\/tags?post=123032"},{"taxonomy":"author","embeddable":true,"href":"https:\/\/oncubanews.com\/en\/wp-json\/wp\/v2\/ppma_author?post=123032"}],"curies":[{"name":"wp","href":"https:\/\/api.w.org\/{rel}","templated":true}]}}