
{"id":123989,"date":"2018-04-27T14:24:39","date_gmt":"2018-04-27T18:24:39","guid":{"rendered":"https:\/\/oncubamagazine.com\/?p=123989"},"modified":"2018-06-19T04:59:16","modified_gmt":"2018-06-19T08:59:16","slug":"billboard-rayoactive","status":"publish","type":"post","link":"https:\/\/oncubanews.com\/en\/billboard-archive\/billboard-rayoactive\/","title":{"rendered":"Billboard: RayoActive"},"content":{"rendered":"<p>We open today with Rayo Limpio and the third encounter in Chinatown. It will offer an authentic platform to have fun, connect and transform ourselves a little. Embassy Rebirth\/Tercer Paraiso Cuba and the Cultural Center Arte Continua, invited a group of responsible institutions, projects and entrepreneurs to activate this space in Rayo St. Stop by and bring your crew!<\/p>\n<p>Another recommendation in Visual Arts is expo Apuestas by Ihos Plasencia, but there\u2019s more. In Music we have everything, starting with Silvio Rodriguez tour over neighborhoods. Also Rolando Luna will be presenting his CD, and Athanai, Cimafunk and Kamankola will have concerts. In Havana and Miami electronic music and many parties. Besides, Comedy show in Karl Marx, and Dance with the National Prize 2018 award gala.<\/p>\n<p>Search and find like every week. There\u2019s something for everybody. See you around!<\/p>\n<p>&nbsp;<\/p>\n<div id=\"banner1\" class=\"cartelera_banner\"><a href=\"https:\/\/oncubanews.com\/wmag\/wp-content\/uploads\/2017\/10\/Banner-Artes-visuales_ingl\u00e9s_red.jpg\"><img loading=\"lazy\" decoding=\"async\" width=\"755\" height=\"145\" class=\"aligncenter wp-image-104355 size-full\" src=\"https:\/\/oncubanews.com\/wmag\/wp-content\/uploads\/2017\/10\/Banner-Artes-visuales_ingl\u00e9s_red.jpg\" alt=\"\" \/><\/a><\/div>\n<div>\n<h3>#ZonaRayoActiva, again<\/h3>\n<p>Third encounter in Rayo St, Chinatown, today, 5 pm. Its organizers and collaborators creates actions and ludic activities to bring families together, generate synergies among responsible initiatives and promote topics about sustainable development.<a href=\"https:\/\/oncubanews.com\/wmag\/wp-content\/uploads\/2018\/04\/27-abril-rayo.jpg\"><img decoding=\"async\" class=\"aligncenter wp-image-123829 size-full\" src=\"https:\/\/oncubanews.com\/wmag\/wp-content\/uploads\/2018\/04\/27-abril-rayo.jpg\" alt=\"\" \/><\/a><\/p>\n<p>Embassy Rebirth\/Tercer Paraiso Cuba and the Cultural Center Arte Continua, invited a group of responsible institutions, projects and entrepreneurs to activate this space in Rayo St., promoting alliances using art and creativity.<\/p>\n<h3><a href=\"https:\/\/oncubanews.com\/wmag\/wp-content\/uploads\/2016\/03\/Separador-023.png\"><img loading=\"lazy\" decoding=\"async\" width=\"758\" height=\"28\" class=\"aligncenter size-full wp-image-65415\" src=\"https:\/\/oncubanews.com\/wmag\/wp-content\/uploads\/2016\/03\/Separador-023.png\" alt=\"\" srcset=\"https:\/\/oncubanews.com\/en\/wp-content\/uploads\/2016\/03\/Separador-023.png 758w, https:\/\/oncubanews.com\/en\/wp-content\/uploads\/2016\/03\/Separador-023-300x11.png 300w\" sizes=\"auto, (max-width: 758px) 100vw, 758px\" \/><\/a><\/h3>\n<h3><em>Apuestas<\/em><\/h3>\n<p>EThis is the title of the photograph expo about cockfights by Ihos Plasencia. It will be inaugurated today, at 6 pm, in Pepe Agraz room in Fototeca de Cuba.<\/p>\n<blockquote><p>\u201cIhosvany Plasencia (Ihos) usually place himself professionally in the center of a cockfight fence leveled with the same society problems he lives. His discourse advance beyond animal perceptions and enters in the daily human violence manifested in the public picture and in subjectivity\u201d, Manuel Lopez Oliva, catalogue of the exhibition.<\/p><\/blockquote>\n<p><a href=\"https:\/\/oncubanews.com\/wmag\/wp-content\/uploads\/2018\/04\/27-abril-expo-Ihos-Plasencia.jpg\"><img decoding=\"async\" class=\"aligncenter size-full wp-image-123888\" src=\"https:\/\/oncubanews.com\/wmag\/wp-content\/uploads\/2018\/04\/27-abril-expo-Ihos-Plasencia.jpg\" alt=\"\" \/><\/a><\/p>\n<h3><a href=\"https:\/\/oncubanews.com\/wmag\/wp-content\/uploads\/2016\/03\/Separador-023.png\"><img loading=\"lazy\" decoding=\"async\" width=\"758\" height=\"28\" class=\"aligncenter size-full wp-image-65415\" src=\"https:\/\/oncubanews.com\/wmag\/wp-content\/uploads\/2016\/03\/Separador-023.png\" alt=\"\" srcset=\"https:\/\/oncubanews.com\/en\/wp-content\/uploads\/2016\/03\/Separador-023.png 758w, https:\/\/oncubanews.com\/en\/wp-content\/uploads\/2016\/03\/Separador-023-300x11.png 300w\" sizes=\"auto, (max-width: 758px) 100vw, 758px\" \/><\/a><\/h3>\n<h3><em>Momentos de claridad<\/em><\/h3>\n<p>The Development Center of Visual Arts invites to a collective show with artist Asmar Cirkinagic (Denmark), Lester Alvarez (Cuba), Thierry Geoffroy (Denmark) and Levi Orta (Cuba). Today, at 5 pm.<\/p>\n<p><a href=\"https:\/\/oncubanews.com\/wmag\/wp-content\/uploads\/2018\/04\/27-abril-expo.jpg\"><img decoding=\"async\" class=\"aligncenter size-full wp-image-123813\" src=\"https:\/\/oncubanews.com\/wmag\/wp-content\/uploads\/2018\/04\/27-abril-expo.jpg\" alt=\"\" \/><\/a><\/p>\n<p><a href=\"https:\/\/oncubanews.com\/wmag\/wp-content\/uploads\/2016\/03\/Separador-023.png\"><img loading=\"lazy\" decoding=\"async\" width=\"758\" height=\"28\" class=\"aligncenter size-full wp-image-65415\" src=\"https:\/\/oncubanews.com\/wmag\/wp-content\/uploads\/2016\/03\/Separador-023.png\" alt=\"\" srcset=\"https:\/\/oncubanews.com\/en\/wp-content\/uploads\/2016\/03\/Separador-023.png 758w, https:\/\/oncubanews.com\/en\/wp-content\/uploads\/2016\/03\/Separador-023-300x11.png 300w\" sizes=\"auto, (max-width: 758px) 100vw, 758px\" \/><\/a><\/p>\n<h3>Domestic Map<\/h3>\n<p>Expo of the artists Patssy Higuchi in Galeria Latinoamericana in Casa de las Americas, today, 5:30 pm.<\/p>\n<p><a href=\"https:\/\/oncubanews.com\/wmag\/wp-content\/uploads\/2018\/04\/27-abril-expo-Invitaci\u00f3n-exposici\u00f3n-Mapa-Dom\u00e9stico.jpg\"><img decoding=\"async\" class=\"aligncenter size-full wp-image-123881\" src=\"https:\/\/oncubanews.com\/wmag\/wp-content\/uploads\/2018\/04\/27-abril-expo-Invitaci\u00f3n-exposici\u00f3n-Mapa-Dom\u00e9stico.jpg\" alt=\"\" \/><\/a><\/p>\n<p><a href=\"https:\/\/oncubanews.com\/wmag\/wp-content\/uploads\/2016\/03\/Separador-023.png\"><img loading=\"lazy\" decoding=\"async\" width=\"758\" height=\"28\" class=\"aligncenter size-full wp-image-65415\" src=\"https:\/\/oncubanews.com\/wmag\/wp-content\/uploads\/2016\/03\/Separador-023.png\" alt=\"\" srcset=\"https:\/\/oncubanews.com\/en\/wp-content\/uploads\/2016\/03\/Separador-023.png 758w, https:\/\/oncubanews.com\/en\/wp-content\/uploads\/2016\/03\/Separador-023-300x11.png 300w\" sizes=\"auto, (max-width: 758px) 100vw, 758px\" \/><\/a><\/p>\n<h3><em>Acci\u00f3n<\/em><\/h3>\n<p>The art space La Lavanderia and the producers of the International Cinema Festival in Gibara presents: Accion, an event with art, lights, music and artists, the presentation of recent works and future projects. The reencounter and farewell of \u201cManual de instrucciones\u201d, work and graphic memory. Today, at 7 pm, in La Lavanderia (54 St., 2712 btw 27 and 29, Playa). Open bar.<\/p>\n<p><a href=\"https:\/\/oncubanews.com\/wmag\/wp-content\/uploads\/2018\/04\/27-abril-expo-lavanderia.jpg\"><img decoding=\"async\" class=\"aligncenter size-full wp-image-123907\" src=\"https:\/\/oncubanews.com\/wmag\/wp-content\/uploads\/2018\/04\/27-abril-expo-lavanderia.jpg\" alt=\"\" \/><\/a><\/p>\n<p><a href=\"https:\/\/oncubanews.com\/wmag\/wp-content\/uploads\/2016\/03\/Separador-023.png\"><img loading=\"lazy\" decoding=\"async\" width=\"758\" height=\"28\" class=\"aligncenter size-full wp-image-65415\" src=\"https:\/\/oncubanews.com\/wmag\/wp-content\/uploads\/2016\/03\/Separador-023.png\" alt=\"\" srcset=\"https:\/\/oncubanews.com\/en\/wp-content\/uploads\/2016\/03\/Separador-023.png 758w, https:\/\/oncubanews.com\/en\/wp-content\/uploads\/2016\/03\/Separador-023-300x11.png 300w\" sizes=\"auto, (max-width: 758px) 100vw, 758px\" \/><\/a><\/p>\n<\/div>\n<div id=\"banner2\" class=\"cartelera_banner\"><a href=\"https:\/\/oncubanews.com\/wmag\/wp-content\/uploads\/2017\/09\/Banner-m\u00fasica_ingl\u00e9s.jpg\"><img loading=\"lazy\" decoding=\"async\" width=\"755\" height=\"145\" class=\"aligncenter wp-image-101332 size-full\" src=\"https:\/\/oncubanews.com\/wmag\/wp-content\/uploads\/2017\/09\/Banner-m\u00fasica_ingl\u00e9s.jpg\" alt=\"\" \/><\/a><\/div>\n<div>\n<h3>Silvio in Punta Brava<\/h3>\n<p>Today, at 7 pm, will be the 92 Silvio concert in the neighborhoods. This time in Plazoleta XX Aniversario (243 Ave. corner to 41, La Lisa). As usual with him Niurka Gonzales (flute), Jorge Reyes (bass), Oliver Valdes (drums) and Trovarroco (guitar and tres). Guest: Duo Jade.<\/p>\n<figure id=\"attachment_111246\" aria-describedby=\"caption-attachment-111246\" style=\"width: 755px\" class=\"wp-caption aligncenter\"><a href=\"https:\/\/oncubanews.com\/wmag\/wp-content\/uploads\/2017\/12\/Silvio-y-Niurka-755x490.jpg\"><img decoding=\"async\" class=\"size-full wp-image-111246\" src=\"https:\/\/oncubanews.com\/wmag\/wp-content\/uploads\/2017\/12\/Silvio-y-Niurka-755x490.jpg\" alt=\"\" \/><\/a><figcaption id=\"caption-attachment-111246\" class=\"wp-caption-text\">Foto: Kaloian.<\/figcaption><\/figure>\n<p><a href=\"https:\/\/oncubanews.com\/wmag\/wp-content\/uploads\/2016\/03\/Separador-023.png\"><img loading=\"lazy\" decoding=\"async\" width=\"758\" height=\"28\" class=\"aligncenter size-full wp-image-65415\" src=\"https:\/\/oncubanews.com\/wmag\/wp-content\/uploads\/2016\/03\/Separador-023.png\" alt=\"\" srcset=\"https:\/\/oncubanews.com\/en\/wp-content\/uploads\/2016\/03\/Separador-023.png 758w, https:\/\/oncubanews.com\/en\/wp-content\/uploads\/2016\/03\/Separador-023-300x11.png 300w\" sizes=\"auto, (max-width: 758px) 100vw, 758px\" \/><\/a><\/p>\n<h3>Rolando Luna in premier<\/h3>\n<p>Rolando Luna will present tomorrow his most recent CD, Universo de Identidades. It will take place in Teatro Marti, at 8:30 pm. This is his fifth production, and for the occasion called drummer Oliver Valdes and bass player Jose Armando Gola. In the concert Luna will maintain the same format the album has. As special guest, the Mexican singer Natalia Marrokin.<\/p>\n<p><a href=\"https:\/\/oncubanews.com\/wmag\/wp-content\/uploads\/2016\/03\/Separador-023.png\"><img loading=\"lazy\" decoding=\"async\" width=\"758\" height=\"28\" class=\"aligncenter size-full wp-image-65415\" src=\"https:\/\/oncubanews.com\/wmag\/wp-content\/uploads\/2016\/03\/Separador-023.png\" alt=\"\" srcset=\"https:\/\/oncubanews.com\/en\/wp-content\/uploads\/2016\/03\/Separador-023.png 758w, https:\/\/oncubanews.com\/en\/wp-content\/uploads\/2016\/03\/Separador-023-300x11.png 300w\" sizes=\"auto, (max-width: 758px) 100vw, 758px\" \/><\/a><\/p>\n<h3>Jan Cruz in concert<\/h3>\n<p>To fly paper planes Jan Cruz will be waiting for you in Pabellon Cuba today, at 6 pm. Don\u2019t miss it.<\/p>\n<p><a href=\"https:\/\/oncubanews.com\/wmag\/wp-content\/uploads\/2018\/04\/27-abril-jan-cruz.jpg\"><img decoding=\"async\" class=\"aligncenter size-full wp-image-123877\" src=\"https:\/\/oncubanews.com\/wmag\/wp-content\/uploads\/2018\/04\/27-abril-jan-cruz.jpg\" alt=\"\" \/><\/a><\/p>\n<p><a href=\"https:\/\/oncubanews.com\/wmag\/wp-content\/uploads\/2016\/03\/Separador-023.png\"><img loading=\"lazy\" decoding=\"async\" width=\"758\" height=\"28\" class=\"aligncenter size-full wp-image-65415\" src=\"https:\/\/oncubanews.com\/wmag\/wp-content\/uploads\/2016\/03\/Separador-023.png\" alt=\"\" srcset=\"https:\/\/oncubanews.com\/en\/wp-content\/uploads\/2016\/03\/Separador-023.png 758w, https:\/\/oncubanews.com\/en\/wp-content\/uploads\/2016\/03\/Separador-023-300x11.png 300w\" sizes=\"auto, (max-width: 758px) 100vw, 758px\" \/><\/a><\/p>\n<h3>Athanai in 26<\/h3>\n<p>Today, Athanai will be in concert in Barbaram, at 10:30 pm, right there in front of the Zoo.<\/p>\n<p><a href=\"https:\/\/oncubanews.com\/wmag\/wp-content\/uploads\/2018\/04\/27-abril-conc-athanai.jpg\"><img decoding=\"async\" class=\"aligncenter size-full wp-image-123878\" src=\"https:\/\/oncubanews.com\/wmag\/wp-content\/uploads\/2018\/04\/27-abril-conc-athanai.jpg\" alt=\"\" \/><\/a><\/p>\n<p><a href=\"https:\/\/oncubanews.com\/wmag\/wp-content\/uploads\/2016\/03\/Separador-023.png\"><img loading=\"lazy\" decoding=\"async\" width=\"758\" height=\"28\" class=\"aligncenter size-full wp-image-65415\" src=\"https:\/\/oncubanews.com\/wmag\/wp-content\/uploads\/2016\/03\/Separador-023.png\" alt=\"\" srcset=\"https:\/\/oncubanews.com\/en\/wp-content\/uploads\/2016\/03\/Separador-023.png 758w, https:\/\/oncubanews.com\/en\/wp-content\/uploads\/2016\/03\/Separador-023-300x11.png 300w\" sizes=\"auto, (max-width: 758px) 100vw, 758px\" \/><\/a><\/p>\n<h3>Surprise Terapia<\/h3>\n<p>Cimafunk in Pabellon Cuba, tomorrow, at 6 pm, with some tracks from his new CD <em>Terapia<\/em>.<\/p>\n<figure id=\"attachment_123880\" aria-describedby=\"caption-attachment-123880\" style=\"width: 755px\" class=\"wp-caption aligncenter\"><a href=\"https:\/\/oncubanews.com\/wmag\/wp-content\/uploads\/2018\/04\/DSC_8090.jpg\"><img decoding=\"async\" class=\"size-full wp-image-123880\" src=\"https:\/\/oncubanews.com\/wmag\/wp-content\/uploads\/2018\/04\/DSC_8090.jpg\" alt=\"Cimafunk en una visita a OnCuba. Foto: Regino Sosa.\" \/><\/a><figcaption id=\"caption-attachment-123880\" class=\"wp-caption-text\">Cimafunk en una visita a OnCuba. Foto: Regino Sosa.<\/figcaption><\/figure>\n<p><a href=\"https:\/\/oncubanews.com\/wmag\/wp-content\/uploads\/2016\/03\/Separador-023.png\"><img loading=\"lazy\" decoding=\"async\" width=\"758\" height=\"28\" class=\"aligncenter size-full wp-image-65415\" src=\"https:\/\/oncubanews.com\/wmag\/wp-content\/uploads\/2016\/03\/Separador-023.png\" alt=\"\" srcset=\"https:\/\/oncubanews.com\/en\/wp-content\/uploads\/2016\/03\/Separador-023.png 758w, https:\/\/oncubanews.com\/en\/wp-content\/uploads\/2016\/03\/Separador-023-300x11.png 300w\" sizes=\"auto, (max-width: 758px) 100vw, 758px\" \/><\/a><\/p>\n<h3>Electronic Friday<\/h3>\n<p><a href=\"https:\/\/oncubanews.com\/wmag\/wp-content\/uploads\/2018\/04\/27-abril-elctro-dbaz-brother.jpg\"><img decoding=\"async\" class=\"aligncenter size-full wp-image-123886\" src=\"https:\/\/oncubanews.com\/wmag\/wp-content\/uploads\/2018\/04\/27-abril-elctro-dbaz-brother.jpg\" alt=\"\" \/><\/a><\/p>\n<p>Today is an electronic music Friday here and on the other side. In Havana Dvass Brothers in La Tropical at 10 pm. In Miami, same hour, four DJs will play in a party at Ocho Live Bar &amp; Lounge (1728 SW, 8 St).<\/p>\n<p><a href=\"https:\/\/oncubanews.com\/wmag\/wp-content\/uploads\/2018\/04\/27-abril-electr-party-miami.jpg\"><img decoding=\"async\" class=\"aligncenter size-full wp-image-123887\" src=\"https:\/\/oncubanews.com\/wmag\/wp-content\/uploads\/2018\/04\/27-abril-electr-party-miami.jpg\" alt=\"\" \/><\/a><\/p>\n<p><a href=\"https:\/\/oncubanews.com\/wmag\/wp-content\/uploads\/2016\/03\/Separador-023.png\"><img loading=\"lazy\" decoding=\"async\" width=\"758\" height=\"28\" class=\"aligncenter size-full wp-image-65415\" src=\"https:\/\/oncubanews.com\/wmag\/wp-content\/uploads\/2016\/03\/Separador-023.png\" alt=\"\" srcset=\"https:\/\/oncubanews.com\/en\/wp-content\/uploads\/2016\/03\/Separador-023.png 758w, https:\/\/oncubanews.com\/en\/wp-content\/uploads\/2016\/03\/Separador-023-300x11.png 300w\" sizes=\"auto, (max-width: 758px) 100vw, 758px\" \/><\/a><\/p>\n<h3>Fruit Friday<\/h3>\n<p>As every last Friday of the month, today, at 8 pm, in Cultural Center Fresa y Chocolate, the Muestra Joven party. This time celebrating spring, birth and fertility, so you have to go wearing some fruit in any possible way. At midnight, free fruit cocktail.<br \/>\nAlso, they\u2019ll screen:<br \/>\nAmor a mordidas (Camila Carballo, Ani, 2014, 3 min)<br \/>\nCada lunes y cada lluvia (Rocio Aballi, Fic, 2015, 9 min)<br \/>\nOda a la pina (Laimir Fano, Fic, 2008, 10 min)<br \/>\nDios que un pepino (Harold Dias Guzman, Ani, 2012, 5 min)<\/p>\n<p><a href=\"https:\/\/oncubanews.com\/wmag\/wp-content\/uploads\/2018\/04\/fiesta-muestra.jpg\"><img decoding=\"async\" class=\"aligncenter size-full wp-image-123906\" src=\"https:\/\/oncubanews.com\/wmag\/wp-content\/uploads\/2018\/04\/fiesta-muestra.jpg\" alt=\"\" \/><\/a><\/p>\n<p><a href=\"https:\/\/oncubanews.com\/wmag\/wp-content\/uploads\/2016\/03\/Separador-023.png\"><img loading=\"lazy\" decoding=\"async\" width=\"758\" height=\"28\" class=\"aligncenter size-full wp-image-65415\" src=\"https:\/\/oncubanews.com\/wmag\/wp-content\/uploads\/2016\/03\/Separador-023.png\" alt=\"\" srcset=\"https:\/\/oncubanews.com\/en\/wp-content\/uploads\/2016\/03\/Separador-023.png 758w, https:\/\/oncubanews.com\/en\/wp-content\/uploads\/2016\/03\/Separador-023-300x11.png 300w\" sizes=\"auto, (max-width: 758px) 100vw, 758px\" \/><\/a><\/p>\n<h3>Kamankola in La Marca<\/h3>\n<p>AMuletaMusica presents again his founder Jorgito Kamankola in concert. This time with his new CD Viento. Today, 8:30 pm, in La Marca (Obrapia 108C, btw Oficios and Mercaderes, Old Havana).<\/p>\n<blockquote class=\"wp-embedded-content\" data-secret=\"DqkkQc9Nve\"><p><a href=\"https:\/\/oncubanews.com\/cultura\/musica\/kamankola-quiere-decir\/\">Kamankola quiere decir<\/a><\/p><\/blockquote>\n<p><iframe loading=\"lazy\" class=\"wp-embedded-content\" sandbox=\"allow-scripts\" security=\"restricted\" style=\"position: absolute; clip: rect(1px, 1px, 1px, 1px);\" title=\"\u00abKamankola quiere decir\u00bb \u2014 OnCubaNews\" src=\"https:\/\/oncubanews.com\/cultura\/musica\/kamankola-quiere-decir\/embed\/#?secret=8CMSlaHB6e#?secret=DqkkQc9Nve\" data-secret=\"DqkkQc9Nve\" width=\"500\" height=\"282\" frameborder=\"0\" marginwidth=\"0\" marginheight=\"0\" scrolling=\"no\"><\/iframe><\/p>\n<p><a href=\"https:\/\/oncubanews.com\/wmag\/wp-content\/uploads\/2016\/03\/Separador-023.png\"><img loading=\"lazy\" decoding=\"async\" width=\"758\" height=\"28\" class=\"aligncenter size-full wp-image-65415\" src=\"https:\/\/oncubanews.com\/wmag\/wp-content\/uploads\/2016\/03\/Separador-023.png\" alt=\"\" srcset=\"https:\/\/oncubanews.com\/en\/wp-content\/uploads\/2016\/03\/Separador-023.png 758w, https:\/\/oncubanews.com\/en\/wp-content\/uploads\/2016\/03\/Separador-023-300x11.png 300w\" sizes=\"auto, (max-width: 758px) 100vw, 758px\" \/><\/a><\/p>\n<h3>The Soul Kitchen<\/h3>\n<p>Today, at 9 pm, enjoy good music in El Oficio (Corner Benjumeda and Nueva del Pilar, Centro Habana). Party with cumbia, latin jazz, soul, rare funk, R&amp;B and \u201860 and \u201870 boogaloo. Everything seasoned with electronic funk. Free drink for the firsts 50 people. Special guest the very popular DJ Pozo from Berlin.<\/p>\n<p><a href=\"https:\/\/oncubanews.com\/wmag\/wp-content\/uploads\/2018\/04\/fiesta-the-soul-kitchen.jpg\"><img decoding=\"async\" class=\"aligncenter size-full wp-image-123921\" src=\"https:\/\/oncubanews.com\/wmag\/wp-content\/uploads\/2018\/04\/fiesta-the-soul-kitchen.jpg\" alt=\"\" \/><\/a><\/p>\n<p><a href=\"https:\/\/oncubanews.com\/wmag\/wp-content\/uploads\/2016\/03\/Separador-023.png\"><img loading=\"lazy\" decoding=\"async\" width=\"758\" height=\"28\" class=\"aligncenter size-full wp-image-65415\" src=\"https:\/\/oncubanews.com\/wmag\/wp-content\/uploads\/2016\/03\/Separador-023.png\" alt=\"\" srcset=\"https:\/\/oncubanews.com\/en\/wp-content\/uploads\/2016\/03\/Separador-023.png 758w, https:\/\/oncubanews.com\/en\/wp-content\/uploads\/2016\/03\/Separador-023-300x11.png 300w\" sizes=\"auto, (max-width: 758px) 100vw, 758px\" \/><\/a><\/p>\n<h3>Flores in Pazillo<\/h3>\n<p>Isis Flores will be again in Bar Restaurant Pazillo! Bookings at: +5353349570.<\/p>\n<figure id=\"attachment_123909\" aria-describedby=\"caption-attachment-123909\" style=\"width: 720px\" class=\"wp-caption aligncenter\"><a href=\"https:\/\/oncubanews.com\/wmag\/wp-content\/uploads\/2018\/04\/isis-en-pazillo.jpg\"><img decoding=\"async\" class=\"size-full wp-image-123909\" src=\"https:\/\/oncubanews.com\/wmag\/wp-content\/uploads\/2018\/04\/isis-en-pazillo.jpg\" alt=\"Foto: Tomada del evento en Facebook.\" \/><\/a><figcaption id=\"caption-attachment-123909\" class=\"wp-caption-text\">Foto: Tomada del evento en Facebook.<\/figcaption><\/figure>\n<p><a href=\"https:\/\/oncubanews.com\/wmag\/wp-content\/uploads\/2016\/03\/Separador-023.png\"><img loading=\"lazy\" decoding=\"async\" width=\"758\" height=\"28\" class=\"aligncenter size-full wp-image-65415\" src=\"https:\/\/oncubanews.com\/wmag\/wp-content\/uploads\/2016\/03\/Separador-023.png\" alt=\"\" srcset=\"https:\/\/oncubanews.com\/en\/wp-content\/uploads\/2016\/03\/Separador-023.png 758w, https:\/\/oncubanews.com\/en\/wp-content\/uploads\/2016\/03\/Separador-023-300x11.png 300w\" sizes=\"auto, (max-width: 758px) 100vw, 758px\" \/><\/a><\/p>\n<h3>Frasis in concert<\/h3>\n<p>Frasis in concert in Casa del ALBA (Linea 556, btw C and D, Vedado), tomorrow, at 6 pm. The group will premier their most recent video \u201cPara no parar\u201d directed by Jose Rojas.<\/p>\n<p><a href=\"https:\/\/oncubanews.com\/wmag\/wp-content\/uploads\/2018\/04\/28-abil-frasis.jpg\"><img decoding=\"async\" class=\"aligncenter size-full wp-image-123911\" src=\"https:\/\/oncubanews.com\/wmag\/wp-content\/uploads\/2018\/04\/28-abil-frasis.jpg\" alt=\"\" \/><\/a><\/p>\n<p><a href=\"https:\/\/oncubanews.com\/wmag\/wp-content\/uploads\/2016\/03\/Separador-023.png\"><img loading=\"lazy\" decoding=\"async\" width=\"758\" height=\"28\" class=\"aligncenter size-full wp-image-65415\" src=\"https:\/\/oncubanews.com\/wmag\/wp-content\/uploads\/2016\/03\/Separador-023.png\" alt=\"\" srcset=\"https:\/\/oncubanews.com\/en\/wp-content\/uploads\/2016\/03\/Separador-023.png 758w, https:\/\/oncubanews.com\/en\/wp-content\/uploads\/2016\/03\/Separador-023-300x11.png 300w\" sizes=\"auto, (max-width: 758px) 100vw, 758px\" \/><\/a><\/p>\n<\/div>\n<div id=\"banner3\" class=\"cartelera_banner\"><a href=\"https:\/\/oncubanews.com\/wmag\/wp-content\/uploads\/2018\/03\/Banners_755-x-145-ingl\u00e9s_humor-red.jpg\"><img decoding=\"async\" class=\"aligncenter wp-image-120039 size-full\" src=\"https:\/\/oncubanews.com\/wmag\/wp-content\/uploads\/2018\/03\/Banners_755-x-145-ingl\u00e9s_humor-red.jpg\" alt=\"\" \/><\/a><\/div>\n<div>\n<h3>Show to laugh<\/h3>\n<p>This weekend and the next one have a blast with the show \u00bfA santo de que?, in Karl Marx Theater. Directed by Ricardo Isidron, and the performances by Jorge Diaz, El Primo, Claro, EL Colorao, Riquimbili and Mariconchi. As special guest singer Yenisei del Castillo. Fridays and Saturdays at 9 pm, and Sundays at 5 pm.<\/p>\n<p><a href=\"https:\/\/oncubanews.com\/wmag\/wp-content\/uploads\/2016\/03\/Separador-023.png\"><img loading=\"lazy\" decoding=\"async\" width=\"758\" height=\"28\" class=\"aligncenter size-full wp-image-65415\" src=\"https:\/\/oncubanews.com\/wmag\/wp-content\/uploads\/2016\/03\/Separador-023.png\" alt=\"\" srcset=\"https:\/\/oncubanews.com\/en\/wp-content\/uploads\/2016\/03\/Separador-023.png 758w, https:\/\/oncubanews.com\/en\/wp-content\/uploads\/2016\/03\/Separador-023-300x11.png 300w\" sizes=\"auto, (max-width: 758px) 100vw, 758px\" \/><\/a><\/p>\n<\/div>\n<div id=\"banner4\" class=\"cartelera_banner\"><a href=\"https:\/\/oncubanews.com\/wmag\/wp-content\/uploads\/2017\/09\/Banner-Danza_ingl\u00e9s.jpg\"><img loading=\"lazy\" decoding=\"async\" width=\"755\" height=\"145\" class=\"aligncenter wp-image-101330 size-full\" src=\"https:\/\/oncubanews.com\/wmag\/wp-content\/uploads\/2017\/09\/Banner-Danza_ingl\u00e9s.jpg\" alt=\"\" \/><\/a><\/div>\n<div>\n<h3>Dance National Prize Gala<\/h3>\n<p>Cuban dancer and choreograph Miguel Iglesias won the Dance National Prize 2018 recognizing his outstanding work during the past 34 years as director of Danza Contemporanea de Cuba (DCC). He will receive the award tomorrow in Mella Theater, at 8:30 pm, celebrating also the International Dance Day.<\/p>\n<p><a href=\"https:\/\/oncubanews.com\/wmag\/wp-content\/uploads\/2018\/04\/Invitaci\u00f3n.jpg\"><img decoding=\"async\" class=\"aligncenter size-full wp-image-123901\" src=\"https:\/\/oncubanews.com\/wmag\/wp-content\/uploads\/2018\/04\/Invitaci\u00f3n.jpg\" alt=\"\" \/><\/a><\/p>\n<blockquote class=\"wp-embedded-content\" data-secret=\"X1GU36ahLP\"><p><a href=\"https:\/\/oncubanews.com\/cultura\/danza\/miguel-iglesias-premio-nacional-danza-2018\/\">Miguel Iglesias, Premio Nacional de Danza 2018<\/a><\/p><\/blockquote>\n<p><iframe loading=\"lazy\" class=\"wp-embedded-content\" sandbox=\"allow-scripts\" security=\"restricted\" style=\"position: absolute; clip: rect(1px, 1px, 1px, 1px);\" title=\"\u00abMiguel Iglesias, Premio Nacional de Danza 2018\u00bb \u2014 OnCubaNews\" src=\"https:\/\/oncubanews.com\/cultura\/danza\/miguel-iglesias-premio-nacional-danza-2018\/embed\/#?secret=TszvEoEE11#?secret=X1GU36ahLP\" data-secret=\"X1GU36ahLP\" width=\"500\" height=\"282\" frameborder=\"0\" marginwidth=\"0\" marginheight=\"0\" scrolling=\"no\"><\/iframe><\/p>\n<p><a href=\"https:\/\/oncubanews.com\/wmag\/wp-content\/uploads\/2016\/03\/Separador-023.png\"><img loading=\"lazy\" decoding=\"async\" width=\"758\" height=\"28\" class=\"aligncenter size-full wp-image-65415\" src=\"https:\/\/oncubanews.com\/wmag\/wp-content\/uploads\/2016\/03\/Separador-023.png\" alt=\"\" srcset=\"https:\/\/oncubanews.com\/en\/wp-content\/uploads\/2016\/03\/Separador-023.png 758w, https:\/\/oncubanews.com\/en\/wp-content\/uploads\/2016\/03\/Separador-023-300x11.png 300w\" sizes=\"auto, (max-width: 758px) 100vw, 758px\" \/><\/a><\/p>\n<\/div>\n","protected":false},"excerpt":{"rendered":"<p>We open today with Rayo Limpio and the third encounter in Chinatown. It will offer an authentic platform to have fun, connect and transform ourselves a little. Embassy Rebirth\/Tercer Paraiso Cuba and the Cultural Center Arte Continua, invited a group of responsible institutions, projects and entrepreneurs to activate this space in Rayo St. Stop by [&hellip;]<\/p>\n","protected":false},"author":2445,"featured_media":110850,"comment_status":"open","ping_status":"open","sticky":false,"template":"","format":"standard","meta":{"_acf_changed":false,"footnotes":""},"categories":[14198],"tags":[],"ppma_author":[33669],"class_list":["post-123989","post","type-post","status-publish","format-standard","has-post-thumbnail","hentry","category-billboard-archive"],"acf":[],"yoast_head":"<!-- This site is optimized with the Yoast SEO plugin v27.3 - https:\/\/yoast.com\/product\/yoast-seo-wordpress\/ -->\n<title>Billboard: RayoActive | OnCubaNews English<\/title>\n<meta name=\"robots\" content=\"index, follow, max-snippet:-1, max-image-preview:large, max-video-preview:-1\" \/>\n<link rel=\"canonical\" href=\"https:\/\/oncubanews.com\/en\/billboard-archive\/billboard-rayoactive\/\" \/>\n<meta property=\"og:locale\" content=\"en_US\" \/>\n<meta property=\"og:type\" content=\"article\" \/>\n<meta property=\"og:title\" content=\"Billboard: RayoActive | OnCubaNews English\" \/>\n<meta property=\"og:description\" content=\"We open today with Rayo Limpio and the third encounter in Chinatown. It will offer an authentic platform to have fun, connect and transform ourselves a little. Embassy Rebirth\/Tercer Paraiso Cuba and the Cultural Center Arte Continua, invited a group of responsible institutions, projects and entrepreneurs to activate this space in Rayo St. Stop by [&hellip;]\" \/>\n<meta property=\"og:url\" content=\"https:\/\/oncubanews.com\/en\/billboard-archive\/billboard-rayoactive\/\" \/>\n<meta property=\"og:site_name\" content=\"OnCubaNews English\" \/>\n<meta property=\"article:published_time\" content=\"2018-04-27T18:24:39+00:00\" \/>\n<meta property=\"article:modified_time\" content=\"2018-06-19T08:59:16+00:00\" \/>\n<meta property=\"og:image\" content=\"https:\/\/oncubanews.com\/en\/wp-content\/uploads\/2018\/06\/Portada-04_ingl\u00e9s.jpg\" \/>\n\t<meta property=\"og:image:width\" content=\"1958\" \/>\n\t<meta property=\"og:image:height\" content=\"1271\" \/>\n\t<meta property=\"og:image:type\" content=\"image\/jpeg\" \/>\n<meta name=\"author\" content=\"Redacci\u00f3n OnCuba\" \/>\n<meta name=\"twitter:card\" content=\"summary_large_image\" \/>\n<meta name=\"twitter:label1\" content=\"Written by\" \/>\n\t<meta name=\"twitter:data1\" content=\"Redacci\u00f3n OnCuba\" \/>\n\t<meta name=\"twitter:label2\" content=\"Est. reading time\" \/>\n\t<meta name=\"twitter:data2\" content=\"5 minutes\" \/>\n<script type=\"application\/ld+json\" class=\"yoast-schema-graph\">{\"@context\":\"https:\\\/\\\/schema.org\",\"@graph\":[{\"@type\":\"Article\",\"@id\":\"https:\\\/\\\/oncubanews.com\\\/en\\\/billboard-archive\\\/billboard-rayoactive\\\/#article\",\"isPartOf\":{\"@id\":\"https:\\\/\\\/oncubanews.com\\\/en\\\/billboard-archive\\\/billboard-rayoactive\\\/\"},\"author\":{\"name\":\"Redacci\u00f3n OnCuba\",\"@id\":\"https:\\\/\\\/oncubanews.com\\\/en\\\/#\\\/schema\\\/person\\\/4535f9d2f7fea460b318de6542dd014a\"},\"headline\":\"Billboard: RayoActive\",\"datePublished\":\"2018-04-27T18:24:39+00:00\",\"dateModified\":\"2018-06-19T08:59:16+00:00\",\"mainEntityOfPage\":{\"@id\":\"https:\\\/\\\/oncubanews.com\\\/en\\\/billboard-archive\\\/billboard-rayoactive\\\/\"},\"wordCount\":983,\"commentCount\":0,\"image\":{\"@id\":\"https:\\\/\\\/oncubanews.com\\\/en\\\/billboard-archive\\\/billboard-rayoactive\\\/#primaryimage\"},\"thumbnailUrl\":\"https:\\\/\\\/oncubanews.com\\\/en\\\/wp-content\\\/uploads\\\/2018\\\/06\\\/Portada-04_ingl\u00e9s.jpg\",\"articleSection\":[\"Billboard Archive\"],\"inLanguage\":\"en-US\",\"potentialAction\":[{\"@type\":\"CommentAction\",\"name\":\"Comment\",\"target\":[\"https:\\\/\\\/oncubanews.com\\\/en\\\/billboard-archive\\\/billboard-rayoactive\\\/#respond\"]}],\"copyrightYear\":\"2018\",\"copyrightHolder\":{\"@id\":\"https:\\\/\\\/oncubanews.com\\\/en\\\/#organization\"}},{\"@type\":\"WebPage\",\"@id\":\"https:\\\/\\\/oncubanews.com\\\/en\\\/billboard-archive\\\/billboard-rayoactive\\\/\",\"url\":\"https:\\\/\\\/oncubanews.com\\\/en\\\/billboard-archive\\\/billboard-rayoactive\\\/\",\"name\":\"Billboard: RayoActive | OnCubaNews English\",\"isPartOf\":{\"@id\":\"https:\\\/\\\/oncubanews.com\\\/en\\\/#website\"},\"primaryImageOfPage\":{\"@id\":\"https:\\\/\\\/oncubanews.com\\\/en\\\/billboard-archive\\\/billboard-rayoactive\\\/#primaryimage\"},\"image\":{\"@id\":\"https:\\\/\\\/oncubanews.com\\\/en\\\/billboard-archive\\\/billboard-rayoactive\\\/#primaryimage\"},\"thumbnailUrl\":\"https:\\\/\\\/oncubanews.com\\\/en\\\/wp-content\\\/uploads\\\/2018\\\/06\\\/Portada-04_ingl\u00e9s.jpg\",\"datePublished\":\"2018-04-27T18:24:39+00:00\",\"dateModified\":\"2018-06-19T08:59:16+00:00\",\"author\":{\"@id\":\"https:\\\/\\\/oncubanews.com\\\/en\\\/#\\\/schema\\\/person\\\/4535f9d2f7fea460b318de6542dd014a\"},\"breadcrumb\":{\"@id\":\"https:\\\/\\\/oncubanews.com\\\/en\\\/billboard-archive\\\/billboard-rayoactive\\\/#breadcrumb\"},\"inLanguage\":\"en-US\",\"potentialAction\":[{\"@type\":\"ReadAction\",\"target\":[\"https:\\\/\\\/oncubanews.com\\\/en\\\/billboard-archive\\\/billboard-rayoactive\\\/\"]}]},{\"@type\":\"ImageObject\",\"inLanguage\":\"en-US\",\"@id\":\"https:\\\/\\\/oncubanews.com\\\/en\\\/billboard-archive\\\/billboard-rayoactive\\\/#primaryimage\",\"url\":\"https:\\\/\\\/oncubanews.com\\\/en\\\/wp-content\\\/uploads\\\/2018\\\/06\\\/Portada-04_ingl\u00e9s.jpg\",\"contentUrl\":\"https:\\\/\\\/oncubanews.com\\\/en\\\/wp-content\\\/uploads\\\/2018\\\/06\\\/Portada-04_ingl\u00e9s.jpg\",\"width\":1958,\"height\":1271},{\"@type\":\"BreadcrumbList\",\"@id\":\"https:\\\/\\\/oncubanews.com\\\/en\\\/billboard-archive\\\/billboard-rayoactive\\\/#breadcrumb\",\"itemListElement\":[{\"@type\":\"ListItem\",\"position\":1,\"name\":\"Portada\",\"item\":\"https:\\\/\\\/oncubanews.com\\\/en\\\/\"},{\"@type\":\"ListItem\",\"position\":2,\"name\":\"Billboard: RayoActive\"}]},{\"@type\":\"WebSite\",\"@id\":\"https:\\\/\\\/oncubanews.com\\\/en\\\/#website\",\"url\":\"https:\\\/\\\/oncubanews.com\\\/en\\\/\",\"name\":\"OnCubaNews English\",\"description\":\"Revista sobre Cuba\",\"potentialAction\":[{\"@type\":\"SearchAction\",\"target\":{\"@type\":\"EntryPoint\",\"urlTemplate\":\"https:\\\/\\\/oncubanews.com\\\/en\\\/?s={search_term_string}\"},\"query-input\":{\"@type\":\"PropertyValueSpecification\",\"valueRequired\":true,\"valueName\":\"search_term_string\"}}],\"inLanguage\":\"en-US\"},{\"@type\":\"Person\",\"@id\":\"https:\\\/\\\/oncubanews.com\\\/en\\\/#\\\/schema\\\/person\\\/4535f9d2f7fea460b318de6542dd014a\",\"name\":\"Redacci\u00f3n OnCuba\",\"image\":{\"@type\":\"ImageObject\",\"inLanguage\":\"en-US\",\"@id\":\"https:\\\/\\\/oncubanews.com\\\/wp-content\\\/uploads\\\/2016\\\/03\\\/Redacci\u00f3n-OnCuba_avatar_1458497335-96x96.jpg6797a64e11ac1191b82e1afa71768a75\",\"url\":\"https:\\\/\\\/oncubanews.com\\\/wp-content\\\/uploads\\\/2016\\\/03\\\/Redacci\u00f3n-OnCuba_avatar_1458497335-96x96.jpg\",\"contentUrl\":\"https:\\\/\\\/oncubanews.com\\\/wp-content\\\/uploads\\\/2016\\\/03\\\/Redacci\u00f3n-OnCuba_avatar_1458497335-96x96.jpg\",\"caption\":\"Redacci\u00f3n OnCuba\"},\"url\":\"https:\\\/\\\/oncubanews.com\\\/en\\\/author\\\/oncuba\\\/\"}]}<\/script>\n<!-- \/ Yoast SEO plugin. -->","yoast_head_json":{"title":"Billboard: RayoActive | OnCubaNews English","robots":{"index":"index","follow":"follow","max-snippet":"max-snippet:-1","max-image-preview":"max-image-preview:large","max-video-preview":"max-video-preview:-1"},"canonical":"https:\/\/oncubanews.com\/en\/billboard-archive\/billboard-rayoactive\/","og_locale":"en_US","og_type":"article","og_title":"Billboard: RayoActive | OnCubaNews English","og_description":"We open today with Rayo Limpio and the third encounter in Chinatown. It will offer an authentic platform to have fun, connect and transform ourselves a little. Embassy Rebirth\/Tercer Paraiso Cuba and the Cultural Center Arte Continua, invited a group of responsible institutions, projects and entrepreneurs to activate this space in Rayo St. Stop by [&hellip;]","og_url":"https:\/\/oncubanews.com\/en\/billboard-archive\/billboard-rayoactive\/","og_site_name":"OnCubaNews English","article_published_time":"2018-04-27T18:24:39+00:00","article_modified_time":"2018-06-19T08:59:16+00:00","og_image":[{"width":1958,"height":1271,"url":"https:\/\/oncubanews.com\/en\/wp-content\/uploads\/2018\/06\/Portada-04_ingl\u00e9s.jpg","type":"image\/jpeg"}],"author":"Redacci\u00f3n OnCuba","twitter_card":"summary_large_image","twitter_misc":{"Written by":"Redacci\u00f3n OnCuba","Est. reading time":"5 minutes"},"schema":{"@context":"https:\/\/schema.org","@graph":[{"@type":"Article","@id":"https:\/\/oncubanews.com\/en\/billboard-archive\/billboard-rayoactive\/#article","isPartOf":{"@id":"https:\/\/oncubanews.com\/en\/billboard-archive\/billboard-rayoactive\/"},"author":{"name":"Redacci\u00f3n OnCuba","@id":"https:\/\/oncubanews.com\/en\/#\/schema\/person\/4535f9d2f7fea460b318de6542dd014a"},"headline":"Billboard: RayoActive","datePublished":"2018-04-27T18:24:39+00:00","dateModified":"2018-06-19T08:59:16+00:00","mainEntityOfPage":{"@id":"https:\/\/oncubanews.com\/en\/billboard-archive\/billboard-rayoactive\/"},"wordCount":983,"commentCount":0,"image":{"@id":"https:\/\/oncubanews.com\/en\/billboard-archive\/billboard-rayoactive\/#primaryimage"},"thumbnailUrl":"https:\/\/oncubanews.com\/en\/wp-content\/uploads\/2018\/06\/Portada-04_ingl\u00e9s.jpg","articleSection":["Billboard Archive"],"inLanguage":"en-US","potentialAction":[{"@type":"CommentAction","name":"Comment","target":["https:\/\/oncubanews.com\/en\/billboard-archive\/billboard-rayoactive\/#respond"]}],"copyrightYear":"2018","copyrightHolder":{"@id":"https:\/\/oncubanews.com\/en\/#organization"}},{"@type":"WebPage","@id":"https:\/\/oncubanews.com\/en\/billboard-archive\/billboard-rayoactive\/","url":"https:\/\/oncubanews.com\/en\/billboard-archive\/billboard-rayoactive\/","name":"Billboard: RayoActive | OnCubaNews English","isPartOf":{"@id":"https:\/\/oncubanews.com\/en\/#website"},"primaryImageOfPage":{"@id":"https:\/\/oncubanews.com\/en\/billboard-archive\/billboard-rayoactive\/#primaryimage"},"image":{"@id":"https:\/\/oncubanews.com\/en\/billboard-archive\/billboard-rayoactive\/#primaryimage"},"thumbnailUrl":"https:\/\/oncubanews.com\/en\/wp-content\/uploads\/2018\/06\/Portada-04_ingl\u00e9s.jpg","datePublished":"2018-04-27T18:24:39+00:00","dateModified":"2018-06-19T08:59:16+00:00","author":{"@id":"https:\/\/oncubanews.com\/en\/#\/schema\/person\/4535f9d2f7fea460b318de6542dd014a"},"breadcrumb":{"@id":"https:\/\/oncubanews.com\/en\/billboard-archive\/billboard-rayoactive\/#breadcrumb"},"inLanguage":"en-US","potentialAction":[{"@type":"ReadAction","target":["https:\/\/oncubanews.com\/en\/billboard-archive\/billboard-rayoactive\/"]}]},{"@type":"ImageObject","inLanguage":"en-US","@id":"https:\/\/oncubanews.com\/en\/billboard-archive\/billboard-rayoactive\/#primaryimage","url":"https:\/\/oncubanews.com\/en\/wp-content\/uploads\/2018\/06\/Portada-04_ingl\u00e9s.jpg","contentUrl":"https:\/\/oncubanews.com\/en\/wp-content\/uploads\/2018\/06\/Portada-04_ingl\u00e9s.jpg","width":1958,"height":1271},{"@type":"BreadcrumbList","@id":"https:\/\/oncubanews.com\/en\/billboard-archive\/billboard-rayoactive\/#breadcrumb","itemListElement":[{"@type":"ListItem","position":1,"name":"Portada","item":"https:\/\/oncubanews.com\/en\/"},{"@type":"ListItem","position":2,"name":"Billboard: RayoActive"}]},{"@type":"WebSite","@id":"https:\/\/oncubanews.com\/en\/#website","url":"https:\/\/oncubanews.com\/en\/","name":"OnCubaNews English","description":"Revista sobre Cuba","potentialAction":[{"@type":"SearchAction","target":{"@type":"EntryPoint","urlTemplate":"https:\/\/oncubanews.com\/en\/?s={search_term_string}"},"query-input":{"@type":"PropertyValueSpecification","valueRequired":true,"valueName":"search_term_string"}}],"inLanguage":"en-US"},{"@type":"Person","@id":"https:\/\/oncubanews.com\/en\/#\/schema\/person\/4535f9d2f7fea460b318de6542dd014a","name":"Redacci\u00f3n OnCuba","image":{"@type":"ImageObject","inLanguage":"en-US","@id":"https:\/\/oncubanews.com\/wp-content\/uploads\/2016\/03\/Redacci\u00f3n-OnCuba_avatar_1458497335-96x96.jpg6797a64e11ac1191b82e1afa71768a75","url":"https:\/\/oncubanews.com\/wp-content\/uploads\/2016\/03\/Redacci\u00f3n-OnCuba_avatar_1458497335-96x96.jpg","contentUrl":"https:\/\/oncubanews.com\/wp-content\/uploads\/2016\/03\/Redacci\u00f3n-OnCuba_avatar_1458497335-96x96.jpg","caption":"Redacci\u00f3n OnCuba"},"url":"https:\/\/oncubanews.com\/en\/author\/oncuba\/"}]}},"authors":[{"term_id":33669,"user_id":2445,"is_guest":0,"slug":"oncuba","display_name":"Redacci\u00f3n OnCuba","avatar_url":"https:\/\/oncubanews.com\/wp-content\/uploads\/2016\/03\/Redacci\u00f3n-OnCuba_avatar_1458497335-96x96.jpg","0":null,"1":"","2":"","3":"","4":"","5":"","6":"","7":"","8":""}],"_links":{"self":[{"href":"https:\/\/oncubanews.com\/en\/wp-json\/wp\/v2\/posts\/123989","targetHints":{"allow":["GET"]}}],"collection":[{"href":"https:\/\/oncubanews.com\/en\/wp-json\/wp\/v2\/posts"}],"about":[{"href":"https:\/\/oncubanews.com\/en\/wp-json\/wp\/v2\/types\/post"}],"author":[{"embeddable":true,"href":"https:\/\/oncubanews.com\/en\/wp-json\/wp\/v2\/users\/2445"}],"replies":[{"embeddable":true,"href":"https:\/\/oncubanews.com\/en\/wp-json\/wp\/v2\/comments?post=123989"}],"version-history":[{"count":0,"href":"https:\/\/oncubanews.com\/en\/wp-json\/wp\/v2\/posts\/123989\/revisions"}],"wp:featuredmedia":[{"embeddable":true,"href":"https:\/\/oncubanews.com\/en\/wp-json\/wp\/v2\/media\/110850"}],"wp:attachment":[{"href":"https:\/\/oncubanews.com\/en\/wp-json\/wp\/v2\/media?parent=123989"}],"wp:term":[{"taxonomy":"category","embeddable":true,"href":"https:\/\/oncubanews.com\/en\/wp-json\/wp\/v2\/categories?post=123989"},{"taxonomy":"post_tag","embeddable":true,"href":"https:\/\/oncubanews.com\/en\/wp-json\/wp\/v2\/tags?post=123989"},{"taxonomy":"author","embeddable":true,"href":"https:\/\/oncubanews.com\/en\/wp-json\/wp\/v2\/ppma_author?post=123989"}],"curies":[{"name":"wp","href":"https:\/\/api.w.org\/{rel}","templated":true}]}}