
{"id":126310,"date":"2018-05-18T11:01:11","date_gmt":"2018-05-18T15:01:11","guid":{"rendered":"https:\/\/oncubamagazine.com\/?p=126310"},"modified":"2018-06-19T04:59:19","modified_gmt":"2018-06-19T08:59:19","slug":"billboard-last-call","status":"publish","type":"post","link":"https:\/\/oncubanews.com\/en\/billboard-archive\/billboard-last-call\/","title":{"rendered":"Billboard: Last call"},"content":{"rendered":"<p>Mayo Teatral comes to an end. After ten days filled with pure theater in seven spaces in Havana and other provinces, this tenth season left everyone wanting for more art. If you haven\u2019t had time, make some for what is still going on before it ends. Remember that\u2019s what May if for: theater!<\/p>\n<p>In Visual Arts, we\u2019ll begin with the expo Beyond eroticism by Rocio Garcia. If you\u2019re in Miami, don\u2019t miss it, it\u2019s very well recommended. But there\u2019s more, find and sing up for it. In Music, a lot of concerts, a lot of artists. In Cinema, the program for these days. And in Dace, another weekend with Danza Contemporanea presentations in the Great Theater of Havana.<\/p>\n<p>See you around!<\/p>\n<p>&nbsp;<\/p>\n<div id=\"banner1\" class=\"cartelera_banner\"><a href=\"https:\/\/oncubanews.com\/wmag\/wp-content\/uploads\/2017\/09\/Banner-Teatro_ingl\u00e9s_red.jpg\"><img loading=\"lazy\" decoding=\"async\" width=\"755\" height=\"145\" class=\"aligncenter wp-image-103311 size-full\" src=\"https:\/\/oncubanews.com\/wmag\/wp-content\/uploads\/2017\/09\/Banner-Teatro_ingl\u00e9s_red.jpg\" alt=\"\" \/><\/a><\/div>\n<div>\n<h3>Mayo Teatral ends, for the moment<\/h3>\n<p>This is the last Mayo Teatral weekend for its tenth edition. Check out the program and run! You\u2019re still on time.<\/p>\n<blockquote class=\"wp-embedded-content\" data-secret=\"cOIc4l5sqm\"><p><a href=\"https:\/\/oncubanews.com\/cultura\/teatro\/guarda-teatro-pa-mayo\/\">Guarda (Teatro) pa mayo<\/a><\/p><\/blockquote>\n<p><iframe loading=\"lazy\" class=\"wp-embedded-content\" sandbox=\"allow-scripts\" security=\"restricted\" style=\"position: absolute; clip: rect(1px, 1px, 1px, 1px);\" title=\"\u00abGuarda (Teatro) pa mayo\u00bb \u2014 OnCubaNews\" src=\"https:\/\/oncubanews.com\/cultura\/teatro\/guarda-teatro-pa-mayo\/embed\/#?secret=lzLzCxa497#?secret=cOIc4l5sqm\" data-secret=\"cOIc4l5sqm\" width=\"500\" height=\"282\" frameborder=\"0\" marginwidth=\"0\" marginheight=\"0\" scrolling=\"no\"><\/iframe><\/p>\n<p><strong>Friday 18th <\/strong><br \/>\nAdolfo Llaurado Hall<br \/>\n5:00 pm<br \/>\nCuatro, Teatro de las Estaciones (Cuba)<br \/>\nGallery Hayde Santamaria, Casa de las Americas<br \/>\n6:00 pm<br \/>\nHisteria, Annabel Gu\u00e9r\u00e9drat (Martinica)<br \/>\nCultural Center Bertolt Brecht, Tito Junco Room, 13 and I, Vedado<br \/>\n7:00 p.m.<br \/>\nEl Divino Narciso, Teatro de la Rendija (M\u00e9xico)<br \/>\nHubert de Blanck Hall, Calzada btw A and B, Vedado<br \/>\n7:00 p.m.<br \/>\nMutis, Hern\u00e1n Gen\u00e9 (Argentina-Espa\u00f1a)<br \/>\nTrian\u00f3n Theater, L\u00ednea btw Paseo and A, Vedado<br \/>\n8:30 p.m.<br \/>\nCaballas, Estudio Teatral Macub\u00e1 (Cuba)<br \/>\nCultural Center Bertolt Brecht, Caf\u00e9 Teatro, 13 and I, Vedado<br \/>\n9:00 p.m.<br \/>\nCCPC La Rep\u00fablica Light, El Portazo Theater (Cuba)<\/p>\n<p><strong>Saturday 19th <\/strong><br \/>\nHubert de Blanck Hall, Calzada btw A and B, Vedado<br \/>\n5:00 p.m.<br \/>\nMutis, Hern\u00e1n Gen\u00e9 (Argentina-Espa\u00f1a)<br \/>\nAdolfo Llaurad\u00f3 Hall, Calle 13 btw D and E, Vedado<br \/>\n5:00 p.m.<br \/>\nCuatro, Teatro de las Estaciones (Cuba)<br \/>\nCultural Center Bertolt Brecht, Tito Junco Room, 13 and I, Vedado<br \/>\n7:00 p.m.<br \/>\nEl Divino Narciso, Teatro de la Rendija (M\u00e9xico)<br \/>\nTrian\u00f3n Theater, L\u00ednea btw Paseo and A, Vedado<br \/>\n8:30 p.m.<br \/>\nCaballas, Estudio Teatral Macub\u00e1 (Cuba)<br \/>\nCultural Center Bertolt Brecht, Caf\u00e9 Teatro, 13 and I, Vedado<br \/>\n9:00 p.m.<br \/>\nCCPC La Rep\u00fablica Light, El Portazo Theater (Cuba)<\/p>\n<p><strong>Sunday 20th <\/strong><br \/>\nTrian\u00f3n Theater, L\u00ednea btw Paseo and A, Vedado<br \/>\n5:00 p.m.<br \/>\nCaballas, Estudio Teatral Macub\u00e1 (Cuba)<br \/>\nAdolfo Llaurad\u00f3 Hall, 13 St. btw D and E, Vedado<br \/>\n7:00 p.m.<br \/>\nRetablillo de don Crist\u00f3bal y la se\u00f1\u00e1 Rosita, Teatro de las Estaciones (Cuba)<\/p>\n<p><a href=\"https:\/\/oncubanews.com\/wmag\/wp-content\/uploads\/2016\/03\/Separador-023.png\"><img loading=\"lazy\" decoding=\"async\" width=\"758\" height=\"28\" class=\"aligncenter size-full wp-image-65415\" src=\"https:\/\/oncubanews.com\/wmag\/wp-content\/uploads\/2016\/03\/Separador-023.png\" alt=\"\" srcset=\"https:\/\/oncubanews.com\/en\/wp-content\/uploads\/2016\/03\/Separador-023.png 758w, https:\/\/oncubanews.com\/en\/wp-content\/uploads\/2016\/03\/Separador-023-300x11.png 300w\" sizes=\"auto, (max-width: 758px) 100vw, 758px\" \/><\/a><\/p>\n<\/div>\n<div id=\"banner2\" class=\"cartelera_banner\"><a href=\"https:\/\/oncubanews.com\/wmag\/wp-content\/uploads\/2017\/10\/Banner-Artes-visuales_ingl\u00e9s_red.jpg\"><img loading=\"lazy\" decoding=\"async\" width=\"755\" height=\"145\" class=\"aligncenter wp-image-104355 size-full\" src=\"https:\/\/oncubanews.com\/wmag\/wp-content\/uploads\/2017\/10\/Banner-Artes-visuales_ingl\u00e9s_red.jpg\" alt=\"\" \/><\/a><\/div>\n<div>\n<h3><em>Beyond eroticism<\/em><\/h3>\n<p>Cultural Spanish Center of Miami and FUNDarte presents within the program of Out in the Tropics 2018, individual expo by artist Rocio Garcia, Beyond eroticism, next Thursday 24th, at 7 pm, in the same space. The show was curated by Elvia Rosa Castro and has about 12 pieces from 8 series by the artists.<\/p>\n<p><a href=\"https:\/\/oncubanews.com\/wmag\/wp-content\/uploads\/2018\/05\/24-may-Rocio-Garc\u00eda-en-Miami.jpg\"><img decoding=\"async\" class=\"aligncenter size-full wp-image-126108\" src=\"https:\/\/oncubanews.com\/wmag\/wp-content\/uploads\/2018\/05\/24-may-Rocio-Garc\u00eda-en-Miami.jpg\" alt=\"\" \/><\/a><\/p>\n<p><a href=\"https:\/\/oncubanews.com\/wmag\/wp-content\/uploads\/2016\/03\/Separador-023.png\"><img loading=\"lazy\" decoding=\"async\" width=\"758\" height=\"28\" class=\"aligncenter size-full wp-image-65415\" src=\"https:\/\/oncubanews.com\/wmag\/wp-content\/uploads\/2016\/03\/Separador-023.png\" alt=\"\" srcset=\"https:\/\/oncubanews.com\/en\/wp-content\/uploads\/2016\/03\/Separador-023.png 758w, https:\/\/oncubanews.com\/en\/wp-content\/uploads\/2016\/03\/Separador-023-300x11.png 300w\" sizes=\"auto, (max-width: 758px) 100vw, 758px\" \/><\/a><\/p>\n<h3><em>Museum<\/em><\/h3>\n<p>Personal expo by Marlon Portales will be inaugurated today, at 7 pm, in Origenes Gallery, Great Theater of Havana.<\/p>\n<p><a href=\"https:\/\/oncubanews.com\/wmag\/wp-content\/uploads\/2018\/05\/18-may-Inv-Marlon-Portales.-Dos-girasoles-cortados.jpg\"><img decoding=\"async\" class=\"aligncenter size-full wp-image-126106\" src=\"https:\/\/oncubanews.com\/wmag\/wp-content\/uploads\/2018\/05\/18-may-Inv-Marlon-Portales.-Dos-girasoles-cortados.jpg\" alt=\"\" \/><\/a><\/p>\n<p><a href=\"https:\/\/oncubanews.com\/wmag\/wp-content\/uploads\/2016\/03\/Separador-023.png\"><img loading=\"lazy\" decoding=\"async\" width=\"758\" height=\"28\" class=\"aligncenter size-full wp-image-65415\" src=\"https:\/\/oncubanews.com\/wmag\/wp-content\/uploads\/2016\/03\/Separador-023.png\" alt=\"\" srcset=\"https:\/\/oncubanews.com\/en\/wp-content\/uploads\/2016\/03\/Separador-023.png 758w, https:\/\/oncubanews.com\/en\/wp-content\/uploads\/2016\/03\/Separador-023-300x11.png 300w\" sizes=\"auto, (max-width: 758px) 100vw, 758px\" \/><\/a><\/p>\n<h3>Beasts in Plaza Vieja<\/h3>\n<p>Centro de Desarrollo de las Artes Visuales invites today, at 5 pm, to the expo inauguration Nido de bestias blancas, by artist Ricardo Martinez Ramos.<\/p>\n<p><a href=\"https:\/\/oncubanews.com\/wmag\/wp-content\/uploads\/2018\/05\/18-may-expo.jpg\"><img decoding=\"async\" class=\"aligncenter size-full wp-image-126105\" src=\"https:\/\/oncubanews.com\/wmag\/wp-content\/uploads\/2018\/05\/18-may-expo.jpg\" alt=\"\" \/><\/a><\/p>\n<p><a href=\"https:\/\/oncubanews.com\/wmag\/wp-content\/uploads\/2016\/03\/Separador-023.png\"><img loading=\"lazy\" decoding=\"async\" width=\"758\" height=\"28\" class=\"aligncenter size-full wp-image-65415\" src=\"https:\/\/oncubanews.com\/wmag\/wp-content\/uploads\/2016\/03\/Separador-023.png\" alt=\"\" srcset=\"https:\/\/oncubanews.com\/en\/wp-content\/uploads\/2016\/03\/Separador-023.png 758w, https:\/\/oncubanews.com\/en\/wp-content\/uploads\/2016\/03\/Separador-023-300x11.png 300w\" sizes=\"auto, (max-width: 758px) 100vw, 758px\" \/><\/a><\/p>\n<h3>Zaida in Cienfuegos<\/h3>\n<p>Rural gallery El Jobero and Teatro de los Elementos in Cienfuegos, invites to the personal exhibit inauguration Ellas subieron al podio by painter Zaida del Rio. Tomorrow, at 1 pm.<\/p>\n<p><a href=\"https:\/\/oncubanews.com\/wmag\/wp-content\/uploads\/2018\/05\/Zaida-del-Rio.jpg\"><img decoding=\"async\" class=\"aligncenter size-full wp-image-126270\" src=\"https:\/\/oncubanews.com\/wmag\/wp-content\/uploads\/2018\/05\/Zaida-del-Rio.jpg\" alt=\"\" \/><\/a><\/p>\n<h3><a href=\"https:\/\/oncubanews.com\/wmag\/wp-content\/uploads\/2016\/03\/Separador-023.png\"><img loading=\"lazy\" decoding=\"async\" width=\"758\" height=\"28\" class=\"aligncenter size-full wp-image-65415\" src=\"https:\/\/oncubanews.com\/wmag\/wp-content\/uploads\/2016\/03\/Separador-023.png\" alt=\"\" srcset=\"https:\/\/oncubanews.com\/en\/wp-content\/uploads\/2016\/03\/Separador-023.png 758w, https:\/\/oncubanews.com\/en\/wp-content\/uploads\/2016\/03\/Separador-023-300x11.png 300w\" sizes=\"auto, (max-width: 758px) 100vw, 758px\" \/><\/a><\/h3>\n<h3 id=\"seo_h1_tag\" class=\"_5gmx\"><em>Dualidad: Todas las partes de mi ser<\/em><\/h3>\n<p>La Marca invites to another activity against homophobia and transphobia. This time with a personal expo by artist Debora Kuetzpal Vasquez, today, at 6 pm. There will be also a special performance by Alianza, singer Bianca Sapet, dancer GIomara Bazaldua and Afro-Cuban duo Impacto with a drag kings show.<\/p>\n<p><a href=\"https:\/\/oncubanews.com\/wmag\/wp-content\/uploads\/2018\/05\/18-may-expo-la-marca.jpg\"><img decoding=\"async\" class=\"aligncenter size-full wp-image-126104\" src=\"https:\/\/oncubanews.com\/wmag\/wp-content\/uploads\/2018\/05\/18-may-expo-la-marca.jpg\" alt=\"\" \/><\/a><\/p>\n<p><a href=\"https:\/\/oncubanews.com\/wmag\/wp-content\/uploads\/2016\/03\/Separador-023.png\"><img loading=\"lazy\" decoding=\"async\" width=\"758\" height=\"28\" class=\"aligncenter size-full wp-image-65415\" src=\"https:\/\/oncubanews.com\/wmag\/wp-content\/uploads\/2016\/03\/Separador-023.png\" alt=\"\" srcset=\"https:\/\/oncubanews.com\/en\/wp-content\/uploads\/2016\/03\/Separador-023.png 758w, https:\/\/oncubanews.com\/en\/wp-content\/uploads\/2016\/03\/Separador-023-300x11.png 300w\" sizes=\"auto, (max-width: 758px) 100vw, 758px\" \/><\/a><\/p>\n<h3>New expo, new space<\/h3>\n<p>Personal expo El Gran Salon by Luis Gonzalez Rodriguez will be inaugurated tomorrow, at 7 pm, in Escena Studio (27 St. btw Paseo and 2, 810 apt. 12, Vedado).<\/p>\n<p><img decoding=\"async\" class=\"aligncenter size-full wp-image-126107\" src=\"https:\/\/oncubanews.com\/wmag\/wp-content\/uploads\/2018\/05\/19-may-expoo.jpg\" alt=\"\" \/><\/p>\n<p><a href=\"https:\/\/oncubanews.com\/wmag\/wp-content\/uploads\/2016\/03\/Separador-023.png\"><img loading=\"lazy\" decoding=\"async\" width=\"758\" height=\"28\" class=\"aligncenter size-full wp-image-65415\" src=\"https:\/\/oncubanews.com\/wmag\/wp-content\/uploads\/2016\/03\/Separador-023.png\" alt=\"\" srcset=\"https:\/\/oncubanews.com\/en\/wp-content\/uploads\/2016\/03\/Separador-023.png 758w, https:\/\/oncubanews.com\/en\/wp-content\/uploads\/2016\/03\/Separador-023-300x11.png 300w\" sizes=\"auto, (max-width: 758px) 100vw, 758px\" \/><\/a><\/p>\n<\/div>\n<div id=\"banner3\" class=\"cartelera_banner\"><a href=\"https:\/\/oncubanews.com\/wmag\/wp-content\/uploads\/2017\/09\/Banner-m\u00fasica_ingl\u00e9s_red.jpg\"><img loading=\"lazy\" decoding=\"async\" width=\"755\" height=\"145\" class=\"aligncenter wp-image-103306 size-full\" src=\"https:\/\/oncubanews.com\/wmag\/wp-content\/uploads\/2017\/09\/Banner-m\u00fasica_ingl\u00e9s_red.jpg\" alt=\"\" \/><\/a><\/div>\n<div>\n<h3>Music and laugh Cuban stile<\/h3>\n<p>Boris Larramendi in concert tomorrow, at 10 pm, in Real Caf\u00e9, Miami. Special guest: Ivan Camejo.<\/p>\n<p><a href=\"https:\/\/oncubanews.com\/wmag\/wp-content\/uploads\/2018\/05\/19-may-boris-en-mismi-inv-ivan-camejo.jpg\"><img decoding=\"async\" class=\"aligncenter size-full wp-image-126121\" src=\"https:\/\/oncubanews.com\/wmag\/wp-content\/uploads\/2018\/05\/19-may-boris-en-mismi-inv-ivan-camejo.jpg\" alt=\"\" \/><\/a><\/p>\n<p><a href=\"https:\/\/oncubanews.com\/wmag\/wp-content\/uploads\/2016\/03\/Separador-023.png\"><img loading=\"lazy\" decoding=\"async\" width=\"758\" height=\"28\" class=\"aligncenter size-full wp-image-65415\" src=\"https:\/\/oncubanews.com\/wmag\/wp-content\/uploads\/2016\/03\/Separador-023.png\" alt=\"\" srcset=\"https:\/\/oncubanews.com\/en\/wp-content\/uploads\/2016\/03\/Separador-023.png 758w, https:\/\/oncubanews.com\/en\/wp-content\/uploads\/2016\/03\/Separador-023-300x11.png 300w\" sizes=\"auto, (max-width: 758px) 100vw, 758px\" \/><\/a><\/p>\n<h3>Tellez Jr. in concert<\/h3>\n<p>Exclusive concert with Hector Tellez Jr. in Bar Pazillo. Next Thursday 24th, at 10 pm. Puro Cuban rock and roll.<\/p>\n<figure id=\"attachment_125108\" aria-describedby=\"caption-attachment-125108\" style=\"width: 4898px\" class=\"wp-caption aligncenter\"><a href=\"https:\/\/oncubanews.com\/wmag\/wp-content\/uploads\/2018\/05\/Concierto-Bandera-Foto-Claudio-Pelaez-Sordo_-9-copia.jpg\"><img decoding=\"async\" class=\"size-full wp-image-125108\" src=\"https:\/\/oncubanews.com\/wmag\/wp-content\/uploads\/2018\/05\/Concierto-Bandera-Foto-Claudio-Pelaez-Sordo_-9-copia.jpg\" alt=\"H\u00e9ctor T\u00e9llez Jr. Foto: Claudio Pelaez Sordo.\" \/><\/a><figcaption id=\"caption-attachment-125108\" class=\"wp-caption-text\">H\u00e9ctor T\u00e9llez Jr. Foto: Claudio Pelaez Sordo.<\/figcaption><\/figure>\n<p><a href=\"https:\/\/oncubanews.com\/wmag\/wp-content\/uploads\/2016\/03\/Separador-023.png\"><img loading=\"lazy\" decoding=\"async\" width=\"758\" height=\"28\" class=\"aligncenter size-full wp-image-65415\" src=\"https:\/\/oncubanews.com\/wmag\/wp-content\/uploads\/2016\/03\/Separador-023.png\" alt=\"\" srcset=\"https:\/\/oncubanews.com\/en\/wp-content\/uploads\/2016\/03\/Separador-023.png 758w, https:\/\/oncubanews.com\/en\/wp-content\/uploads\/2016\/03\/Separador-023-300x11.png 300w\" sizes=\"auto, (max-width: 758px) 100vw, 758px\" \/><\/a><\/p>\n<h3>Pazillo for two<\/h3>\n<p>Next Tuesday, Emojis party in Pazillo, at 10 pm. Get your mask for free.<\/p>\n<p><a href=\"https:\/\/oncubanews.com\/wmag\/wp-content\/uploads\/2018\/05\/22-may-fista-emoji-pazillo.jpg\"><img decoding=\"async\" class=\"aligncenter size-full wp-image-126122\" src=\"https:\/\/oncubanews.com\/wmag\/wp-content\/uploads\/2018\/05\/22-may-fista-emoji-pazillo.jpg\" alt=\"\" \/><\/a><\/p>\n<p>Same place, same time but Wednesday 23td, Pazillo Pride, diversity party.<\/p>\n<p><a href=\"https:\/\/oncubanews.com\/wmag\/wp-content\/uploads\/2018\/05\/23-may-pazillo-pride.jpg\"><img decoding=\"async\" class=\"aligncenter size-full wp-image-126123\" src=\"https:\/\/oncubanews.com\/wmag\/wp-content\/uploads\/2018\/05\/23-may-pazillo-pride.jpg\" alt=\"\" \/><\/a><\/p>\n<p><a href=\"https:\/\/oncubanews.com\/wmag\/wp-content\/uploads\/2016\/03\/Separador-023.png\"><img loading=\"lazy\" decoding=\"async\" width=\"758\" height=\"28\" class=\"aligncenter size-full wp-image-65415\" src=\"https:\/\/oncubanews.com\/wmag\/wp-content\/uploads\/2016\/03\/Separador-023.png\" alt=\"\" srcset=\"https:\/\/oncubanews.com\/en\/wp-content\/uploads\/2016\/03\/Separador-023.png 758w, https:\/\/oncubanews.com\/en\/wp-content\/uploads\/2016\/03\/Separador-023-300x11.png 300w\" sizes=\"auto, (max-width: 758px) 100vw, 758px\" \/><\/a><\/p>\n<h3>Osdalgia in Cienfuegos<\/h3>\n<p>Next Thursday 24th, at 8:30 pm, Osdalgia in concert in Tomas Terry Theater. Just in case you are over there.<\/p>\n<p><a href=\"https:\/\/oncubanews.com\/wmag\/wp-content\/uploads\/2018\/05\/24-may-osdalgia-conc.jpg\"><img decoding=\"async\" class=\"aligncenter size-full wp-image-126124\" src=\"https:\/\/oncubanews.com\/wmag\/wp-content\/uploads\/2018\/05\/24-may-osdalgia-conc.jpg\" alt=\"\" \/><\/a><\/p>\n<p><a href=\"https:\/\/oncubanews.com\/wmag\/wp-content\/uploads\/2016\/03\/Separador-023.png\"><img loading=\"lazy\" decoding=\"async\" width=\"758\" height=\"28\" class=\"aligncenter size-full wp-image-65415\" src=\"https:\/\/oncubanews.com\/wmag\/wp-content\/uploads\/2016\/03\/Separador-023.png\" alt=\"\" srcset=\"https:\/\/oncubanews.com\/en\/wp-content\/uploads\/2016\/03\/Separador-023.png 758w, https:\/\/oncubanews.com\/en\/wp-content\/uploads\/2016\/03\/Separador-023-300x11.png 300w\" sizes=\"auto, (max-width: 758px) 100vw, 758px\" \/><\/a><\/p>\n<h3>You can\u2019t miss this!<\/h3>\n<p><strong><a href=\"https:\/\/oncubanews.com\/cultura\/dale-play-las-pauza\/\">Pauza<\/a><\/strong> girls every Tuesday in EFE Bar, at 11 pm.<\/p>\n<p><a href=\"https:\/\/oncubanews.com\/wmag\/wp-content\/uploads\/2018\/05\/pauza.jpg\"><img decoding=\"async\" class=\"aligncenter size-full wp-image-126272\" src=\"https:\/\/oncubanews.com\/wmag\/wp-content\/uploads\/2018\/05\/pauza.jpg\" alt=\"\" \/><\/a><\/p>\n<p><a href=\"https:\/\/oncubanews.com\/wmag\/wp-content\/uploads\/2016\/03\/Separador-023.png\"><img loading=\"lazy\" decoding=\"async\" width=\"758\" height=\"28\" class=\"aligncenter size-full wp-image-65415\" src=\"https:\/\/oncubanews.com\/wmag\/wp-content\/uploads\/2016\/03\/Separador-023.png\" alt=\"\" srcset=\"https:\/\/oncubanews.com\/en\/wp-content\/uploads\/2016\/03\/Separador-023.png 758w, https:\/\/oncubanews.com\/en\/wp-content\/uploads\/2016\/03\/Separador-023-300x11.png 300w\" sizes=\"auto, (max-width: 758px) 100vw, 758px\" \/><\/a><\/p>\n<h3>Early with Erick Sanchez<\/h3>\n<p>Singer-song writer Erick Sanchez invites to enjoy his music today afternoon in BuleBar 66.<\/p>\n<p><a href=\"https:\/\/oncubanews.com\/wmag\/wp-content\/uploads\/2018\/05\/32821395_1672059929556059_5830836352530251776_n.jpg\"><img decoding=\"async\" class=\"aligncenter size-full wp-image-126271\" src=\"https:\/\/oncubanews.com\/wmag\/wp-content\/uploads\/2018\/05\/32821395_1672059929556059_5830836352530251776_n.jpg\" alt=\"\" \/><\/a><\/p>\n<p><a href=\"https:\/\/oncubanews.com\/wmag\/wp-content\/uploads\/2016\/03\/Separador-023.png\"><img loading=\"lazy\" decoding=\"async\" width=\"758\" height=\"28\" class=\"aligncenter size-full wp-image-65415\" src=\"https:\/\/oncubanews.com\/wmag\/wp-content\/uploads\/2016\/03\/Separador-023.png\" alt=\"\" srcset=\"https:\/\/oncubanews.com\/en\/wp-content\/uploads\/2016\/03\/Separador-023.png 758w, https:\/\/oncubanews.com\/en\/wp-content\/uploads\/2016\/03\/Separador-023-300x11.png 300w\" sizes=\"auto, (max-width: 758px) 100vw, 758px\" \/><\/a><\/p>\n<h3>To be calm<\/h3>\n<p>Tomorrow, from 2 pm to 4 pm, Toques del Rio in Caf\u00e9 Jazz Miramar as part of the program A Buena hora.<\/p>\n<p><a href=\"https:\/\/oncubanews.com\/wmag\/wp-content\/uploads\/2018\/05\/toques-del-rio.jpg\"><img decoding=\"async\" class=\"aligncenter size-full wp-image-126273\" src=\"https:\/\/oncubanews.com\/wmag\/wp-content\/uploads\/2018\/05\/toques-del-rio.jpg\" alt=\"\" \/><\/a><\/p>\n<p><a href=\"https:\/\/oncubanews.com\/wmag\/wp-content\/uploads\/2016\/03\/Separador-023.png\"><img loading=\"lazy\" decoding=\"async\" width=\"758\" height=\"28\" class=\"aligncenter size-full wp-image-65415\" src=\"https:\/\/oncubanews.com\/wmag\/wp-content\/uploads\/2016\/03\/Separador-023.png\" alt=\"\" srcset=\"https:\/\/oncubanews.com\/en\/wp-content\/uploads\/2016\/03\/Separador-023.png 758w, https:\/\/oncubanews.com\/en\/wp-content\/uploads\/2016\/03\/Separador-023-300x11.png 300w\" sizes=\"auto, (max-width: 758px) 100vw, 758px\" \/><\/a><\/p>\n<h3>Kamankola in Casona<\/h3>\n<p>Next Sunday 20th, Jorgito Kamankola in concert in Casona de Linea, at 9 pm.<\/p>\n<p><a href=\"https:\/\/oncubanews.com\/wmag\/wp-content\/uploads\/2018\/05\/kamankola-en-la-casona.jpg\"><img decoding=\"async\" class=\"aligncenter size-full wp-image-126280\" src=\"https:\/\/oncubanews.com\/wmag\/wp-content\/uploads\/2018\/05\/kamankola-en-la-casona.jpg\" alt=\"\" \/><\/a><\/p>\n<p><a href=\"https:\/\/oncubanews.com\/wmag\/wp-content\/uploads\/2016\/03\/Separador-023.png\"><img loading=\"lazy\" decoding=\"async\" width=\"758\" height=\"28\" class=\"aligncenter size-full wp-image-65415\" src=\"https:\/\/oncubanews.com\/wmag\/wp-content\/uploads\/2016\/03\/Separador-023.png\" alt=\"\" srcset=\"https:\/\/oncubanews.com\/en\/wp-content\/uploads\/2016\/03\/Separador-023.png 758w, https:\/\/oncubanews.com\/en\/wp-content\/uploads\/2016\/03\/Separador-023-300x11.png 300w\" sizes=\"auto, (max-width: 758px) 100vw, 758px\" \/><\/a><\/p>\n<\/div>\n<div id=\"banner4\" class=\"cartelera_banner\"><a href=\"https:\/\/oncubanews.com\/wmag\/wp-content\/uploads\/2017\/09\/Banner-Danza_ingl\u00e9s_red.jpg\"><img loading=\"lazy\" decoding=\"async\" width=\"755\" height=\"145\" class=\"aligncenter wp-image-103303 size-full\" src=\"https:\/\/oncubanews.com\/wmag\/wp-content\/uploads\/2017\/09\/Banner-Danza_ingl\u00e9s_red.jpg\" alt=\"\" \/><\/a><\/div>\n<div>\n<h3>Still <em>Consagraci\u00f3n<\/em><\/h3>\n<p>You could still enjoy this weekend of the Daza Contemporanea show, Consagracion, by Christophe Ber\u00e1nger and Jonathan Pranlas-Descours in the Great Theater of Havana. You are still on time.<\/p>\n<p><a href=\"https:\/\/oncubanews.com\/wmag\/wp-content\/uploads\/2018\/05\/DCC-111213-may-2.jpg\"><img decoding=\"async\" class=\"aligncenter size-full wp-image-126129\" src=\"https:\/\/oncubanews.com\/wmag\/wp-content\/uploads\/2018\/05\/DCC-111213-may-2.jpg\" alt=\"\" \/><\/a><\/p>\n<p><strong>Friday 18th (8:30 pm)<\/strong><\/p>\n<p>El Cristal, by Julio C\u00e9sar Iglesias<\/p>\n<p>Consagraci\u00f3n (World Premier), by Christophe Ber\u00e1nger &amp; Jonathan Pranlas-Descours<\/p>\n<p><strong>Saturday 19th (8:30 pm) \/ Sunday 20th (5:00 pm)<\/strong><\/p>\n<p>Matria etnocentra, by George C\u00e9spedes<\/p>\n<p>Consagraci\u00f3n (World Premier), by Christophe Ber\u00e1nger &amp; Jonathan Pranlas-Descours<\/p>\n<p><a href=\"https:\/\/oncubanews.com\/wmag\/wp-content\/uploads\/2016\/03\/Separador-023.png\"><img loading=\"lazy\" decoding=\"async\" width=\"758\" height=\"28\" class=\"aligncenter size-full wp-image-65415\" src=\"https:\/\/oncubanews.com\/wmag\/wp-content\/uploads\/2016\/03\/Separador-023.png\" alt=\"\" srcset=\"https:\/\/oncubanews.com\/en\/wp-content\/uploads\/2016\/03\/Separador-023.png 758w, https:\/\/oncubanews.com\/en\/wp-content\/uploads\/2016\/03\/Separador-023-300x11.png 300w\" sizes=\"auto, (max-width: 758px) 100vw, 758px\" \/><\/a><\/p>\n<h3>Fine Arts Invites<\/h3>\n<p>Today, National Fine Arts Museum will celebrate International Museum Day with free entrance for Cuban and foreign visitors. To end the day will be a performance by Habana Compas Dane, at 8 pm. Also the artist Eduardo Cordova will perform, the violin player Julito Valdes and DJs Milano and Eddy.<\/p>\n<p><a href=\"https:\/\/oncubanews.com\/wmag\/wp-content\/uploads\/2018\/05\/DIA-DE-LOS-MUSEOS.jpg\"><img decoding=\"async\" class=\"aligncenter size-full wp-image-126126\" src=\"https:\/\/oncubanews.com\/wmag\/wp-content\/uploads\/2018\/05\/DIA-DE-LOS-MUSEOS.jpg\" alt=\"\" \/><\/a><\/p>\n<p><a href=\"https:\/\/oncubanews.com\/wmag\/wp-content\/uploads\/2016\/03\/Separador-023.png\"><img loading=\"lazy\" decoding=\"async\" width=\"758\" height=\"28\" class=\"aligncenter size-full wp-image-65415\" src=\"https:\/\/oncubanews.com\/wmag\/wp-content\/uploads\/2016\/03\/Separador-023.png\" alt=\"\" srcset=\"https:\/\/oncubanews.com\/en\/wp-content\/uploads\/2016\/03\/Separador-023.png 758w, https:\/\/oncubanews.com\/en\/wp-content\/uploads\/2016\/03\/Separador-023-300x11.png 300w\" sizes=\"auto, (max-width: 758px) 100vw, 758px\" \/><\/a><\/p>\n<\/div>\n","protected":false},"excerpt":{"rendered":"<p>Mayo Teatral comes to an end. After ten days filled with pure theater in seven spaces in Havana and other provinces, this tenth season left everyone wanting for more art. If you haven\u2019t had time, make some for what is still going on before it ends. Remember that\u2019s what May if for: theater! In Visual [&hellip;]<\/p>\n","protected":false},"author":2445,"featured_media":110949,"comment_status":"open","ping_status":"open","sticky":false,"template":"","format":"standard","meta":{"_acf_changed":false,"footnotes":""},"categories":[14198],"tags":[],"ppma_author":[33669],"class_list":["post-126310","post","type-post","status-publish","format-standard","has-post-thumbnail","hentry","category-billboard-archive"],"acf":[],"yoast_head":"<!-- This site is optimized with the Yoast SEO plugin v27.3 - https:\/\/yoast.com\/product\/yoast-seo-wordpress\/ -->\n<title>Billboard: Last call | OnCubaNews English<\/title>\n<meta name=\"robots\" content=\"index, follow, max-snippet:-1, max-image-preview:large, max-video-preview:-1\" \/>\n<link rel=\"canonical\" href=\"https:\/\/oncubanews.com\/en\/billboard-archive\/billboard-last-call\/\" \/>\n<meta property=\"og:locale\" content=\"en_US\" \/>\n<meta property=\"og:type\" content=\"article\" \/>\n<meta property=\"og:title\" content=\"Billboard: Last call | OnCubaNews English\" \/>\n<meta property=\"og:description\" content=\"Mayo Teatral comes to an end. After ten days filled with pure theater in seven spaces in Havana and other provinces, this tenth season left everyone wanting for more art. If you haven\u2019t had time, make some for what is still going on before it ends. Remember that\u2019s what May if for: theater! In Visual [&hellip;]\" \/>\n<meta property=\"og:url\" content=\"https:\/\/oncubanews.com\/en\/billboard-archive\/billboard-last-call\/\" \/>\n<meta property=\"og:site_name\" content=\"OnCubaNews English\" \/>\n<meta property=\"article:published_time\" content=\"2018-05-18T15:01:11+00:00\" \/>\n<meta property=\"article:modified_time\" content=\"2018-06-19T08:59:19+00:00\" \/>\n<meta property=\"og:image\" content=\"https:\/\/oncubanews.com\/en\/wp-content\/uploads\/2018\/06\/Portada-03-ingl\u00e9s.jpg\" \/>\n\t<meta property=\"og:image:width\" content=\"1958\" \/>\n\t<meta property=\"og:image:height\" content=\"1271\" \/>\n\t<meta property=\"og:image:type\" content=\"image\/jpeg\" \/>\n<meta name=\"author\" content=\"Redacci\u00f3n OnCuba\" \/>\n<meta name=\"twitter:card\" content=\"summary_large_image\" \/>\n<meta name=\"twitter:label1\" content=\"Written by\" \/>\n\t<meta name=\"twitter:data1\" content=\"Redacci\u00f3n OnCuba\" \/>\n\t<meta name=\"twitter:label2\" content=\"Est. reading time\" \/>\n\t<meta name=\"twitter:data2\" content=\"5 minutes\" \/>\n<script type=\"application\/ld+json\" class=\"yoast-schema-graph\">{\"@context\":\"https:\\\/\\\/schema.org\",\"@graph\":[{\"@type\":\"Article\",\"@id\":\"https:\\\/\\\/oncubanews.com\\\/en\\\/billboard-archive\\\/billboard-last-call\\\/#article\",\"isPartOf\":{\"@id\":\"https:\\\/\\\/oncubanews.com\\\/en\\\/billboard-archive\\\/billboard-last-call\\\/\"},\"author\":{\"name\":\"Redacci\u00f3n OnCuba\",\"@id\":\"https:\\\/\\\/oncubanews.com\\\/en\\\/#\\\/schema\\\/person\\\/4535f9d2f7fea460b318de6542dd014a\"},\"headline\":\"Billboard: Last call\",\"datePublished\":\"2018-05-18T15:01:11+00:00\",\"dateModified\":\"2018-06-19T08:59:19+00:00\",\"mainEntityOfPage\":{\"@id\":\"https:\\\/\\\/oncubanews.com\\\/en\\\/billboard-archive\\\/billboard-last-call\\\/\"},\"wordCount\":927,\"commentCount\":0,\"image\":{\"@id\":\"https:\\\/\\\/oncubanews.com\\\/en\\\/billboard-archive\\\/billboard-last-call\\\/#primaryimage\"},\"thumbnailUrl\":\"https:\\\/\\\/oncubanews.com\\\/en\\\/wp-content\\\/uploads\\\/2018\\\/06\\\/Portada-03-ingl\u00e9s.jpg\",\"articleSection\":[\"Billboard Archive\"],\"inLanguage\":\"en-US\",\"potentialAction\":[{\"@type\":\"CommentAction\",\"name\":\"Comment\",\"target\":[\"https:\\\/\\\/oncubanews.com\\\/en\\\/billboard-archive\\\/billboard-last-call\\\/#respond\"]}],\"copyrightYear\":\"2018\",\"copyrightHolder\":{\"@id\":\"https:\\\/\\\/oncubanews.com\\\/en\\\/#organization\"}},{\"@type\":\"WebPage\",\"@id\":\"https:\\\/\\\/oncubanews.com\\\/en\\\/billboard-archive\\\/billboard-last-call\\\/\",\"url\":\"https:\\\/\\\/oncubanews.com\\\/en\\\/billboard-archive\\\/billboard-last-call\\\/\",\"name\":\"Billboard: Last call | OnCubaNews English\",\"isPartOf\":{\"@id\":\"https:\\\/\\\/oncubanews.com\\\/en\\\/#website\"},\"primaryImageOfPage\":{\"@id\":\"https:\\\/\\\/oncubanews.com\\\/en\\\/billboard-archive\\\/billboard-last-call\\\/#primaryimage\"},\"image\":{\"@id\":\"https:\\\/\\\/oncubanews.com\\\/en\\\/billboard-archive\\\/billboard-last-call\\\/#primaryimage\"},\"thumbnailUrl\":\"https:\\\/\\\/oncubanews.com\\\/en\\\/wp-content\\\/uploads\\\/2018\\\/06\\\/Portada-03-ingl\u00e9s.jpg\",\"datePublished\":\"2018-05-18T15:01:11+00:00\",\"dateModified\":\"2018-06-19T08:59:19+00:00\",\"author\":{\"@id\":\"https:\\\/\\\/oncubanews.com\\\/en\\\/#\\\/schema\\\/person\\\/4535f9d2f7fea460b318de6542dd014a\"},\"breadcrumb\":{\"@id\":\"https:\\\/\\\/oncubanews.com\\\/en\\\/billboard-archive\\\/billboard-last-call\\\/#breadcrumb\"},\"inLanguage\":\"en-US\",\"potentialAction\":[{\"@type\":\"ReadAction\",\"target\":[\"https:\\\/\\\/oncubanews.com\\\/en\\\/billboard-archive\\\/billboard-last-call\\\/\"]}]},{\"@type\":\"ImageObject\",\"inLanguage\":\"en-US\",\"@id\":\"https:\\\/\\\/oncubanews.com\\\/en\\\/billboard-archive\\\/billboard-last-call\\\/#primaryimage\",\"url\":\"https:\\\/\\\/oncubanews.com\\\/en\\\/wp-content\\\/uploads\\\/2018\\\/06\\\/Portada-03-ingl\u00e9s.jpg\",\"contentUrl\":\"https:\\\/\\\/oncubanews.com\\\/en\\\/wp-content\\\/uploads\\\/2018\\\/06\\\/Portada-03-ingl\u00e9s.jpg\",\"width\":1958,\"height\":1271},{\"@type\":\"BreadcrumbList\",\"@id\":\"https:\\\/\\\/oncubanews.com\\\/en\\\/billboard-archive\\\/billboard-last-call\\\/#breadcrumb\",\"itemListElement\":[{\"@type\":\"ListItem\",\"position\":1,\"name\":\"Portada\",\"item\":\"https:\\\/\\\/oncubanews.com\\\/en\\\/\"},{\"@type\":\"ListItem\",\"position\":2,\"name\":\"Billboard: Last call\"}]},{\"@type\":\"WebSite\",\"@id\":\"https:\\\/\\\/oncubanews.com\\\/en\\\/#website\",\"url\":\"https:\\\/\\\/oncubanews.com\\\/en\\\/\",\"name\":\"OnCubaNews English\",\"description\":\"Revista sobre Cuba\",\"potentialAction\":[{\"@type\":\"SearchAction\",\"target\":{\"@type\":\"EntryPoint\",\"urlTemplate\":\"https:\\\/\\\/oncubanews.com\\\/en\\\/?s={search_term_string}\"},\"query-input\":{\"@type\":\"PropertyValueSpecification\",\"valueRequired\":true,\"valueName\":\"search_term_string\"}}],\"inLanguage\":\"en-US\"},{\"@type\":\"Person\",\"@id\":\"https:\\\/\\\/oncubanews.com\\\/en\\\/#\\\/schema\\\/person\\\/4535f9d2f7fea460b318de6542dd014a\",\"name\":\"Redacci\u00f3n OnCuba\",\"image\":{\"@type\":\"ImageObject\",\"inLanguage\":\"en-US\",\"@id\":\"https:\\\/\\\/oncubanews.com\\\/wp-content\\\/uploads\\\/2016\\\/03\\\/Redacci\u00f3n-OnCuba_avatar_1458497335-96x96.jpg6797a64e11ac1191b82e1afa71768a75\",\"url\":\"https:\\\/\\\/oncubanews.com\\\/wp-content\\\/uploads\\\/2016\\\/03\\\/Redacci\u00f3n-OnCuba_avatar_1458497335-96x96.jpg\",\"contentUrl\":\"https:\\\/\\\/oncubanews.com\\\/wp-content\\\/uploads\\\/2016\\\/03\\\/Redacci\u00f3n-OnCuba_avatar_1458497335-96x96.jpg\",\"caption\":\"Redacci\u00f3n OnCuba\"},\"url\":\"https:\\\/\\\/oncubanews.com\\\/en\\\/author\\\/oncuba\\\/\"}]}<\/script>\n<!-- \/ Yoast SEO plugin. -->","yoast_head_json":{"title":"Billboard: Last call | OnCubaNews English","robots":{"index":"index","follow":"follow","max-snippet":"max-snippet:-1","max-image-preview":"max-image-preview:large","max-video-preview":"max-video-preview:-1"},"canonical":"https:\/\/oncubanews.com\/en\/billboard-archive\/billboard-last-call\/","og_locale":"en_US","og_type":"article","og_title":"Billboard: Last call | OnCubaNews English","og_description":"Mayo Teatral comes to an end. After ten days filled with pure theater in seven spaces in Havana and other provinces, this tenth season left everyone wanting for more art. If you haven\u2019t had time, make some for what is still going on before it ends. Remember that\u2019s what May if for: theater! In Visual [&hellip;]","og_url":"https:\/\/oncubanews.com\/en\/billboard-archive\/billboard-last-call\/","og_site_name":"OnCubaNews English","article_published_time":"2018-05-18T15:01:11+00:00","article_modified_time":"2018-06-19T08:59:19+00:00","og_image":[{"width":1958,"height":1271,"url":"https:\/\/oncubanews.com\/en\/wp-content\/uploads\/2018\/06\/Portada-03-ingl\u00e9s.jpg","type":"image\/jpeg"}],"author":"Redacci\u00f3n OnCuba","twitter_card":"summary_large_image","twitter_misc":{"Written by":"Redacci\u00f3n OnCuba","Est. reading time":"5 minutes"},"schema":{"@context":"https:\/\/schema.org","@graph":[{"@type":"Article","@id":"https:\/\/oncubanews.com\/en\/billboard-archive\/billboard-last-call\/#article","isPartOf":{"@id":"https:\/\/oncubanews.com\/en\/billboard-archive\/billboard-last-call\/"},"author":{"name":"Redacci\u00f3n OnCuba","@id":"https:\/\/oncubanews.com\/en\/#\/schema\/person\/4535f9d2f7fea460b318de6542dd014a"},"headline":"Billboard: Last call","datePublished":"2018-05-18T15:01:11+00:00","dateModified":"2018-06-19T08:59:19+00:00","mainEntityOfPage":{"@id":"https:\/\/oncubanews.com\/en\/billboard-archive\/billboard-last-call\/"},"wordCount":927,"commentCount":0,"image":{"@id":"https:\/\/oncubanews.com\/en\/billboard-archive\/billboard-last-call\/#primaryimage"},"thumbnailUrl":"https:\/\/oncubanews.com\/en\/wp-content\/uploads\/2018\/06\/Portada-03-ingl\u00e9s.jpg","articleSection":["Billboard Archive"],"inLanguage":"en-US","potentialAction":[{"@type":"CommentAction","name":"Comment","target":["https:\/\/oncubanews.com\/en\/billboard-archive\/billboard-last-call\/#respond"]}],"copyrightYear":"2018","copyrightHolder":{"@id":"https:\/\/oncubanews.com\/en\/#organization"}},{"@type":"WebPage","@id":"https:\/\/oncubanews.com\/en\/billboard-archive\/billboard-last-call\/","url":"https:\/\/oncubanews.com\/en\/billboard-archive\/billboard-last-call\/","name":"Billboard: Last call | OnCubaNews English","isPartOf":{"@id":"https:\/\/oncubanews.com\/en\/#website"},"primaryImageOfPage":{"@id":"https:\/\/oncubanews.com\/en\/billboard-archive\/billboard-last-call\/#primaryimage"},"image":{"@id":"https:\/\/oncubanews.com\/en\/billboard-archive\/billboard-last-call\/#primaryimage"},"thumbnailUrl":"https:\/\/oncubanews.com\/en\/wp-content\/uploads\/2018\/06\/Portada-03-ingl\u00e9s.jpg","datePublished":"2018-05-18T15:01:11+00:00","dateModified":"2018-06-19T08:59:19+00:00","author":{"@id":"https:\/\/oncubanews.com\/en\/#\/schema\/person\/4535f9d2f7fea460b318de6542dd014a"},"breadcrumb":{"@id":"https:\/\/oncubanews.com\/en\/billboard-archive\/billboard-last-call\/#breadcrumb"},"inLanguage":"en-US","potentialAction":[{"@type":"ReadAction","target":["https:\/\/oncubanews.com\/en\/billboard-archive\/billboard-last-call\/"]}]},{"@type":"ImageObject","inLanguage":"en-US","@id":"https:\/\/oncubanews.com\/en\/billboard-archive\/billboard-last-call\/#primaryimage","url":"https:\/\/oncubanews.com\/en\/wp-content\/uploads\/2018\/06\/Portada-03-ingl\u00e9s.jpg","contentUrl":"https:\/\/oncubanews.com\/en\/wp-content\/uploads\/2018\/06\/Portada-03-ingl\u00e9s.jpg","width":1958,"height":1271},{"@type":"BreadcrumbList","@id":"https:\/\/oncubanews.com\/en\/billboard-archive\/billboard-last-call\/#breadcrumb","itemListElement":[{"@type":"ListItem","position":1,"name":"Portada","item":"https:\/\/oncubanews.com\/en\/"},{"@type":"ListItem","position":2,"name":"Billboard: Last call"}]},{"@type":"WebSite","@id":"https:\/\/oncubanews.com\/en\/#website","url":"https:\/\/oncubanews.com\/en\/","name":"OnCubaNews English","description":"Revista sobre Cuba","potentialAction":[{"@type":"SearchAction","target":{"@type":"EntryPoint","urlTemplate":"https:\/\/oncubanews.com\/en\/?s={search_term_string}"},"query-input":{"@type":"PropertyValueSpecification","valueRequired":true,"valueName":"search_term_string"}}],"inLanguage":"en-US"},{"@type":"Person","@id":"https:\/\/oncubanews.com\/en\/#\/schema\/person\/4535f9d2f7fea460b318de6542dd014a","name":"Redacci\u00f3n OnCuba","image":{"@type":"ImageObject","inLanguage":"en-US","@id":"https:\/\/oncubanews.com\/wp-content\/uploads\/2016\/03\/Redacci\u00f3n-OnCuba_avatar_1458497335-96x96.jpg6797a64e11ac1191b82e1afa71768a75","url":"https:\/\/oncubanews.com\/wp-content\/uploads\/2016\/03\/Redacci\u00f3n-OnCuba_avatar_1458497335-96x96.jpg","contentUrl":"https:\/\/oncubanews.com\/wp-content\/uploads\/2016\/03\/Redacci\u00f3n-OnCuba_avatar_1458497335-96x96.jpg","caption":"Redacci\u00f3n OnCuba"},"url":"https:\/\/oncubanews.com\/en\/author\/oncuba\/"}]}},"authors":[{"term_id":33669,"user_id":2445,"is_guest":0,"slug":"oncuba","display_name":"Redacci\u00f3n OnCuba","avatar_url":"https:\/\/oncubanews.com\/wp-content\/uploads\/2016\/03\/Redacci\u00f3n-OnCuba_avatar_1458497335-96x96.jpg","0":null,"1":"","2":"","3":"","4":"","5":"","6":"","7":"","8":""}],"_links":{"self":[{"href":"https:\/\/oncubanews.com\/en\/wp-json\/wp\/v2\/posts\/126310","targetHints":{"allow":["GET"]}}],"collection":[{"href":"https:\/\/oncubanews.com\/en\/wp-json\/wp\/v2\/posts"}],"about":[{"href":"https:\/\/oncubanews.com\/en\/wp-json\/wp\/v2\/types\/post"}],"author":[{"embeddable":true,"href":"https:\/\/oncubanews.com\/en\/wp-json\/wp\/v2\/users\/2445"}],"replies":[{"embeddable":true,"href":"https:\/\/oncubanews.com\/en\/wp-json\/wp\/v2\/comments?post=126310"}],"version-history":[{"count":0,"href":"https:\/\/oncubanews.com\/en\/wp-json\/wp\/v2\/posts\/126310\/revisions"}],"wp:featuredmedia":[{"embeddable":true,"href":"https:\/\/oncubanews.com\/en\/wp-json\/wp\/v2\/media\/110949"}],"wp:attachment":[{"href":"https:\/\/oncubanews.com\/en\/wp-json\/wp\/v2\/media?parent=126310"}],"wp:term":[{"taxonomy":"category","embeddable":true,"href":"https:\/\/oncubanews.com\/en\/wp-json\/wp\/v2\/categories?post=126310"},{"taxonomy":"post_tag","embeddable":true,"href":"https:\/\/oncubanews.com\/en\/wp-json\/wp\/v2\/tags?post=126310"},{"taxonomy":"author","embeddable":true,"href":"https:\/\/oncubanews.com\/en\/wp-json\/wp\/v2\/ppma_author?post=126310"}],"curies":[{"name":"wp","href":"https:\/\/api.w.org\/{rel}","templated":true}]}}