
{"id":126995,"date":"2018-05-22T11:53:50","date_gmt":"2018-05-22T15:53:50","guid":{"rendered":"https:\/\/oncubamagazine.com\/?p=126995"},"modified":"2018-06-19T04:59:19","modified_gmt":"2018-06-19T08:59:19","slug":"plane-crash-survivor-grettel-landrove-dies","status":"publish","type":"post","link":"https:\/\/oncubanews.com\/en\/advertorial\/plane-crash-survivor-grettel-landrove-dies\/","title":{"rendered":"Plane crash survivor Grettel Landrove dies"},"content":{"rendered":"<p>The young Grettel Landrove, one of the survivors of last Friday\u2019s plane crash in Havana, passed away yesterday due to the serious wounds suffered in the disaster, increasing the total number of victims to 111, a source from the hospital where she was being treated reported to EFE.<br \/>\nLandrove, who was 23 years old and resided in Havana \u2013 although she was a native of Holgu\u00edn \u2013 died at 15.45 local time in Calixto Garc\u00eda Hospital where she was being treated since the day of the accident with extremely critical forecasts.<br \/>\nCubana de Aviaci\u00f3n flight DMJ-972 and operated with a Boeing 737 from the Mexican Global Air airline, crashed on May 18 with 113 persons on board a short while after taking off from Havana\u2019s airport due to causes still being investigated.<br \/>\nThe young woman was rescued with life from the remains of the plane, but the doctors were concerned because of the \u201csevere neurological damage\u201d she presented.<br \/>\nAccording to the medical report from this Monday, made known before Grettel Landrove\u2019s death, the three survivors continued in an \u201cextremely critical condition with possibilities of complication,\u201d and in two of the cases with \u201cunfavorable forecasts\u201d due to the serious wounds.<br \/>\nLandrove, an only child, was a dancer in the Ecos Spanish dance company, an activity she shared with her studies in the sixth year of the Industrial Engineering career in the Havana Technological University (CUJAE).<br \/>\nA short time after the news of her death came out, the social media \u2013 especially Facebook, the most used in Cuba \u2013 was flooded with expressions of sorrow and support for her family members.<br \/>\nThe two survivors who remain hospitalized in the Calixto Garc\u00eda are Mayl\u00e9n D\u00edaz, 19, and Emiley S\u00e1nchez, 39, both from Holgu\u00edn, the province where the plane that crashed was headed and in which 67 of the victims resided.<br \/>\nEFE \/ OnCuba<\/p>\n","protected":false},"excerpt":{"rendered":"<p>The young Grettel Landrove, one of the survivors of last Friday\u2019s plane crash in Havana, passed away yesterday due to the serious wounds suffered in the disaster, increasing the total number of victims to 111, a source from the hospital where she was being treated reported to EFE. Landrove, who was 23 years old and [&hellip;]<\/p>\n","protected":false},"author":2445,"featured_media":111310,"comment_status":"open","ping_status":"open","sticky":false,"template":"","format":"standard","meta":{"_acf_changed":false,"footnotes":""},"categories":[],"tags":[],"ppma_author":[33669],"class_list":["post-126995","post","type-post","status-publish","format-standard","has-post-thumbnail","hentry"],"acf":[],"yoast_head":"<!-- This site is optimized with the Yoast SEO plugin v27.3 - https:\/\/yoast.com\/product\/yoast-seo-wordpress\/ -->\n<title>Plane crash survivor Grettel Landrove dies | OnCubaNews English<\/title>\n<meta name=\"robots\" content=\"index, follow, max-snippet:-1, max-image-preview:large, max-video-preview:-1\" \/>\n<link rel=\"canonical\" href=\"https:\/\/oncubanews.com\/en\/advertorial\/plane-crash-survivor-grettel-landrove-dies\/\" \/>\n<meta property=\"og:locale\" content=\"en_US\" \/>\n<meta property=\"og:type\" content=\"article\" \/>\n<meta property=\"og:title\" content=\"Plane crash survivor Grettel Landrove dies | OnCubaNews English\" \/>\n<meta property=\"og:description\" content=\"The young Grettel Landrove, one of the survivors of last Friday\u2019s plane crash in Havana, passed away yesterday due to the serious wounds suffered in the disaster, increasing the total number of victims to 111, a source from the hospital where she was being treated reported to EFE. Landrove, who was 23 years old and [&hellip;]\" \/>\n<meta property=\"og:url\" content=\"https:\/\/oncubanews.com\/en\/advertorial\/plane-crash-survivor-grettel-landrove-dies\/\" \/>\n<meta property=\"og:site_name\" content=\"OnCubaNews English\" \/>\n<meta property=\"article:published_time\" content=\"2018-05-22T15:53:50+00:00\" \/>\n<meta property=\"article:modified_time\" content=\"2018-06-19T08:59:19+00:00\" \/>\n<meta property=\"og:image\" content=\"https:\/\/oncubanews.com\/en\/wp-content\/uploads\/2018\/06\/grettel_landrove-755x490-1.jpg\" \/>\n\t<meta property=\"og:image:width\" content=\"755\" \/>\n\t<meta property=\"og:image:height\" content=\"490\" \/>\n\t<meta property=\"og:image:type\" content=\"image\/jpeg\" \/>\n<meta name=\"author\" content=\"Redacci\u00f3n OnCuba\" \/>\n<meta name=\"twitter:card\" content=\"summary_large_image\" \/>\n<meta name=\"twitter:label1\" content=\"Written by\" \/>\n\t<meta name=\"twitter:data1\" content=\"Redacci\u00f3n OnCuba\" \/>\n\t<meta name=\"twitter:label2\" content=\"Est. reading time\" \/>\n\t<meta name=\"twitter:data2\" content=\"2 minutes\" \/>\n<script type=\"application\/ld+json\" class=\"yoast-schema-graph\">{\"@context\":\"https:\\\/\\\/schema.org\",\"@graph\":[{\"@type\":\"Article\",\"@id\":\"https:\\\/\\\/oncubanews.com\\\/en\\\/advertorial\\\/plane-crash-survivor-grettel-landrove-dies\\\/#article\",\"isPartOf\":{\"@id\":\"https:\\\/\\\/oncubanews.com\\\/en\\\/advertorial\\\/plane-crash-survivor-grettel-landrove-dies\\\/\"},\"author\":{\"name\":\"Redacci\u00f3n OnCuba\",\"@id\":\"https:\\\/\\\/oncubanews.com\\\/en\\\/#\\\/schema\\\/person\\\/4535f9d2f7fea460b318de6542dd014a\"},\"headline\":\"Plane crash survivor Grettel Landrove dies\",\"datePublished\":\"2018-05-22T15:53:50+00:00\",\"dateModified\":\"2018-06-19T08:59:19+00:00\",\"mainEntityOfPage\":{\"@id\":\"https:\\\/\\\/oncubanews.com\\\/en\\\/advertorial\\\/plane-crash-survivor-grettel-landrove-dies\\\/\"},\"wordCount\":313,\"commentCount\":0,\"image\":{\"@id\":\"https:\\\/\\\/oncubanews.com\\\/en\\\/advertorial\\\/plane-crash-survivor-grettel-landrove-dies\\\/#primaryimage\"},\"thumbnailUrl\":\"https:\\\/\\\/oncubanews.com\\\/en\\\/wp-content\\\/uploads\\\/2018\\\/06\\\/grettel_landrove-755x490-1.jpg\",\"inLanguage\":\"en-US\",\"potentialAction\":[{\"@type\":\"CommentAction\",\"name\":\"Comment\",\"target\":[\"https:\\\/\\\/oncubanews.com\\\/en\\\/advertorial\\\/plane-crash-survivor-grettel-landrove-dies\\\/#respond\"]}],\"copyrightYear\":\"2018\",\"copyrightHolder\":{\"@id\":\"https:\\\/\\\/oncubanews.com\\\/en\\\/#organization\"}},{\"@type\":\"WebPage\",\"@id\":\"https:\\\/\\\/oncubanews.com\\\/en\\\/advertorial\\\/plane-crash-survivor-grettel-landrove-dies\\\/\",\"url\":\"https:\\\/\\\/oncubanews.com\\\/en\\\/advertorial\\\/plane-crash-survivor-grettel-landrove-dies\\\/\",\"name\":\"Plane crash survivor Grettel Landrove dies | OnCubaNews English\",\"isPartOf\":{\"@id\":\"https:\\\/\\\/oncubanews.com\\\/en\\\/#website\"},\"primaryImageOfPage\":{\"@id\":\"https:\\\/\\\/oncubanews.com\\\/en\\\/advertorial\\\/plane-crash-survivor-grettel-landrove-dies\\\/#primaryimage\"},\"image\":{\"@id\":\"https:\\\/\\\/oncubanews.com\\\/en\\\/advertorial\\\/plane-crash-survivor-grettel-landrove-dies\\\/#primaryimage\"},\"thumbnailUrl\":\"https:\\\/\\\/oncubanews.com\\\/en\\\/wp-content\\\/uploads\\\/2018\\\/06\\\/grettel_landrove-755x490-1.jpg\",\"datePublished\":\"2018-05-22T15:53:50+00:00\",\"dateModified\":\"2018-06-19T08:59:19+00:00\",\"author\":{\"@id\":\"https:\\\/\\\/oncubanews.com\\\/en\\\/#\\\/schema\\\/person\\\/4535f9d2f7fea460b318de6542dd014a\"},\"breadcrumb\":{\"@id\":\"https:\\\/\\\/oncubanews.com\\\/en\\\/advertorial\\\/plane-crash-survivor-grettel-landrove-dies\\\/#breadcrumb\"},\"inLanguage\":\"en-US\",\"potentialAction\":[{\"@type\":\"ReadAction\",\"target\":[\"https:\\\/\\\/oncubanews.com\\\/en\\\/advertorial\\\/plane-crash-survivor-grettel-landrove-dies\\\/\"]}]},{\"@type\":\"ImageObject\",\"inLanguage\":\"en-US\",\"@id\":\"https:\\\/\\\/oncubanews.com\\\/en\\\/advertorial\\\/plane-crash-survivor-grettel-landrove-dies\\\/#primaryimage\",\"url\":\"https:\\\/\\\/oncubanews.com\\\/en\\\/wp-content\\\/uploads\\\/2018\\\/06\\\/grettel_landrove-755x490-1.jpg\",\"contentUrl\":\"https:\\\/\\\/oncubanews.com\\\/en\\\/wp-content\\\/uploads\\\/2018\\\/06\\\/grettel_landrove-755x490-1.jpg\",\"width\":755,\"height\":490,\"caption\":\"Grettel Landrove, 23, was one of the disaster\u2019s three survivors. She passed away yesterday Monday at 3:45 pm in Havana\u2019s Calixto Garc\u00eda Hospital.\"},{\"@type\":\"BreadcrumbList\",\"@id\":\"https:\\\/\\\/oncubanews.com\\\/en\\\/advertorial\\\/plane-crash-survivor-grettel-landrove-dies\\\/#breadcrumb\",\"itemListElement\":[{\"@type\":\"ListItem\",\"position\":1,\"name\":\"Portada\",\"item\":\"https:\\\/\\\/oncubanews.com\\\/en\\\/\"},{\"@type\":\"ListItem\",\"position\":2,\"name\":\"Plane crash survivor Grettel Landrove dies\"}]},{\"@type\":\"WebSite\",\"@id\":\"https:\\\/\\\/oncubanews.com\\\/en\\\/#website\",\"url\":\"https:\\\/\\\/oncubanews.com\\\/en\\\/\",\"name\":\"OnCubaNews English\",\"description\":\"Revista sobre Cuba\",\"potentialAction\":[{\"@type\":\"SearchAction\",\"target\":{\"@type\":\"EntryPoint\",\"urlTemplate\":\"https:\\\/\\\/oncubanews.com\\\/en\\\/?s={search_term_string}\"},\"query-input\":{\"@type\":\"PropertyValueSpecification\",\"valueRequired\":true,\"valueName\":\"search_term_string\"}}],\"inLanguage\":\"en-US\"},{\"@type\":\"Person\",\"@id\":\"https:\\\/\\\/oncubanews.com\\\/en\\\/#\\\/schema\\\/person\\\/4535f9d2f7fea460b318de6542dd014a\",\"name\":\"Redacci\u00f3n OnCuba\",\"image\":{\"@type\":\"ImageObject\",\"inLanguage\":\"en-US\",\"@id\":\"https:\\\/\\\/oncubanews.com\\\/wp-content\\\/uploads\\\/2016\\\/03\\\/Redacci\u00f3n-OnCuba_avatar_1458497335-96x96.jpg6797a64e11ac1191b82e1afa71768a75\",\"url\":\"https:\\\/\\\/oncubanews.com\\\/wp-content\\\/uploads\\\/2016\\\/03\\\/Redacci\u00f3n-OnCuba_avatar_1458497335-96x96.jpg\",\"contentUrl\":\"https:\\\/\\\/oncubanews.com\\\/wp-content\\\/uploads\\\/2016\\\/03\\\/Redacci\u00f3n-OnCuba_avatar_1458497335-96x96.jpg\",\"caption\":\"Redacci\u00f3n OnCuba\"},\"url\":\"https:\\\/\\\/oncubanews.com\\\/en\\\/author\\\/oncuba\\\/\"}]}<\/script>\n<!-- \/ Yoast SEO plugin. -->","yoast_head_json":{"title":"Plane crash survivor Grettel Landrove dies | OnCubaNews English","robots":{"index":"index","follow":"follow","max-snippet":"max-snippet:-1","max-image-preview":"max-image-preview:large","max-video-preview":"max-video-preview:-1"},"canonical":"https:\/\/oncubanews.com\/en\/advertorial\/plane-crash-survivor-grettel-landrove-dies\/","og_locale":"en_US","og_type":"article","og_title":"Plane crash survivor Grettel Landrove dies | OnCubaNews English","og_description":"The young Grettel Landrove, one of the survivors of last Friday\u2019s plane crash in Havana, passed away yesterday due to the serious wounds suffered in the disaster, increasing the total number of victims to 111, a source from the hospital where she was being treated reported to EFE. Landrove, who was 23 years old and [&hellip;]","og_url":"https:\/\/oncubanews.com\/en\/advertorial\/plane-crash-survivor-grettel-landrove-dies\/","og_site_name":"OnCubaNews English","article_published_time":"2018-05-22T15:53:50+00:00","article_modified_time":"2018-06-19T08:59:19+00:00","og_image":[{"width":755,"height":490,"url":"https:\/\/oncubanews.com\/en\/wp-content\/uploads\/2018\/06\/grettel_landrove-755x490-1.jpg","type":"image\/jpeg"}],"author":"Redacci\u00f3n OnCuba","twitter_card":"summary_large_image","twitter_misc":{"Written by":"Redacci\u00f3n OnCuba","Est. reading time":"2 minutes"},"schema":{"@context":"https:\/\/schema.org","@graph":[{"@type":"Article","@id":"https:\/\/oncubanews.com\/en\/advertorial\/plane-crash-survivor-grettel-landrove-dies\/#article","isPartOf":{"@id":"https:\/\/oncubanews.com\/en\/advertorial\/plane-crash-survivor-grettel-landrove-dies\/"},"author":{"name":"Redacci\u00f3n OnCuba","@id":"https:\/\/oncubanews.com\/en\/#\/schema\/person\/4535f9d2f7fea460b318de6542dd014a"},"headline":"Plane crash survivor Grettel Landrove dies","datePublished":"2018-05-22T15:53:50+00:00","dateModified":"2018-06-19T08:59:19+00:00","mainEntityOfPage":{"@id":"https:\/\/oncubanews.com\/en\/advertorial\/plane-crash-survivor-grettel-landrove-dies\/"},"wordCount":313,"commentCount":0,"image":{"@id":"https:\/\/oncubanews.com\/en\/advertorial\/plane-crash-survivor-grettel-landrove-dies\/#primaryimage"},"thumbnailUrl":"https:\/\/oncubanews.com\/en\/wp-content\/uploads\/2018\/06\/grettel_landrove-755x490-1.jpg","inLanguage":"en-US","potentialAction":[{"@type":"CommentAction","name":"Comment","target":["https:\/\/oncubanews.com\/en\/advertorial\/plane-crash-survivor-grettel-landrove-dies\/#respond"]}],"copyrightYear":"2018","copyrightHolder":{"@id":"https:\/\/oncubanews.com\/en\/#organization"}},{"@type":"WebPage","@id":"https:\/\/oncubanews.com\/en\/advertorial\/plane-crash-survivor-grettel-landrove-dies\/","url":"https:\/\/oncubanews.com\/en\/advertorial\/plane-crash-survivor-grettel-landrove-dies\/","name":"Plane crash survivor Grettel Landrove dies | OnCubaNews English","isPartOf":{"@id":"https:\/\/oncubanews.com\/en\/#website"},"primaryImageOfPage":{"@id":"https:\/\/oncubanews.com\/en\/advertorial\/plane-crash-survivor-grettel-landrove-dies\/#primaryimage"},"image":{"@id":"https:\/\/oncubanews.com\/en\/advertorial\/plane-crash-survivor-grettel-landrove-dies\/#primaryimage"},"thumbnailUrl":"https:\/\/oncubanews.com\/en\/wp-content\/uploads\/2018\/06\/grettel_landrove-755x490-1.jpg","datePublished":"2018-05-22T15:53:50+00:00","dateModified":"2018-06-19T08:59:19+00:00","author":{"@id":"https:\/\/oncubanews.com\/en\/#\/schema\/person\/4535f9d2f7fea460b318de6542dd014a"},"breadcrumb":{"@id":"https:\/\/oncubanews.com\/en\/advertorial\/plane-crash-survivor-grettel-landrove-dies\/#breadcrumb"},"inLanguage":"en-US","potentialAction":[{"@type":"ReadAction","target":["https:\/\/oncubanews.com\/en\/advertorial\/plane-crash-survivor-grettel-landrove-dies\/"]}]},{"@type":"ImageObject","inLanguage":"en-US","@id":"https:\/\/oncubanews.com\/en\/advertorial\/plane-crash-survivor-grettel-landrove-dies\/#primaryimage","url":"https:\/\/oncubanews.com\/en\/wp-content\/uploads\/2018\/06\/grettel_landrove-755x490-1.jpg","contentUrl":"https:\/\/oncubanews.com\/en\/wp-content\/uploads\/2018\/06\/grettel_landrove-755x490-1.jpg","width":755,"height":490,"caption":"Grettel Landrove, 23, was one of the disaster\u2019s three survivors. She passed away yesterday Monday at 3:45 pm in Havana\u2019s Calixto Garc\u00eda Hospital."},{"@type":"BreadcrumbList","@id":"https:\/\/oncubanews.com\/en\/advertorial\/plane-crash-survivor-grettel-landrove-dies\/#breadcrumb","itemListElement":[{"@type":"ListItem","position":1,"name":"Portada","item":"https:\/\/oncubanews.com\/en\/"},{"@type":"ListItem","position":2,"name":"Plane crash survivor Grettel Landrove dies"}]},{"@type":"WebSite","@id":"https:\/\/oncubanews.com\/en\/#website","url":"https:\/\/oncubanews.com\/en\/","name":"OnCubaNews English","description":"Revista sobre Cuba","potentialAction":[{"@type":"SearchAction","target":{"@type":"EntryPoint","urlTemplate":"https:\/\/oncubanews.com\/en\/?s={search_term_string}"},"query-input":{"@type":"PropertyValueSpecification","valueRequired":true,"valueName":"search_term_string"}}],"inLanguage":"en-US"},{"@type":"Person","@id":"https:\/\/oncubanews.com\/en\/#\/schema\/person\/4535f9d2f7fea460b318de6542dd014a","name":"Redacci\u00f3n OnCuba","image":{"@type":"ImageObject","inLanguage":"en-US","@id":"https:\/\/oncubanews.com\/wp-content\/uploads\/2016\/03\/Redacci\u00f3n-OnCuba_avatar_1458497335-96x96.jpg6797a64e11ac1191b82e1afa71768a75","url":"https:\/\/oncubanews.com\/wp-content\/uploads\/2016\/03\/Redacci\u00f3n-OnCuba_avatar_1458497335-96x96.jpg","contentUrl":"https:\/\/oncubanews.com\/wp-content\/uploads\/2016\/03\/Redacci\u00f3n-OnCuba_avatar_1458497335-96x96.jpg","caption":"Redacci\u00f3n OnCuba"},"url":"https:\/\/oncubanews.com\/en\/author\/oncuba\/"}]}},"authors":[{"term_id":33669,"user_id":2445,"is_guest":0,"slug":"oncuba","display_name":"Redacci\u00f3n OnCuba","avatar_url":"https:\/\/oncubanews.com\/wp-content\/uploads\/2016\/03\/Redacci\u00f3n-OnCuba_avatar_1458497335-96x96.jpg","0":null,"1":"","2":"","3":"","4":"","5":"","6":"","7":"","8":""}],"_links":{"self":[{"href":"https:\/\/oncubanews.com\/en\/wp-json\/wp\/v2\/posts\/126995","targetHints":{"allow":["GET"]}}],"collection":[{"href":"https:\/\/oncubanews.com\/en\/wp-json\/wp\/v2\/posts"}],"about":[{"href":"https:\/\/oncubanews.com\/en\/wp-json\/wp\/v2\/types\/post"}],"author":[{"embeddable":true,"href":"https:\/\/oncubanews.com\/en\/wp-json\/wp\/v2\/users\/2445"}],"replies":[{"embeddable":true,"href":"https:\/\/oncubanews.com\/en\/wp-json\/wp\/v2\/comments?post=126995"}],"version-history":[{"count":0,"href":"https:\/\/oncubanews.com\/en\/wp-json\/wp\/v2\/posts\/126995\/revisions"}],"wp:featuredmedia":[{"embeddable":true,"href":"https:\/\/oncubanews.com\/en\/wp-json\/wp\/v2\/media\/111310"}],"wp:attachment":[{"href":"https:\/\/oncubanews.com\/en\/wp-json\/wp\/v2\/media?parent=126995"}],"wp:term":[{"taxonomy":"category","embeddable":true,"href":"https:\/\/oncubanews.com\/en\/wp-json\/wp\/v2\/categories?post=126995"},{"taxonomy":"post_tag","embeddable":true,"href":"https:\/\/oncubanews.com\/en\/wp-json\/wp\/v2\/tags?post=126995"},{"taxonomy":"author","embeddable":true,"href":"https:\/\/oncubanews.com\/en\/wp-json\/wp\/v2\/ppma_author?post=126995"}],"curies":[{"name":"wp","href":"https:\/\/api.w.org\/{rel}","templated":true}]}}