
{"id":127533,"date":"2018-05-26T15:16:54","date_gmt":"2018-05-26T19:16:54","guid":{"rendered":"https:\/\/oncubamagazine.com\/?p=127533"},"modified":"2018-06-19T04:59:19","modified_gmt":"2018-06-19T08:59:19","slug":"emiley-sanchez-survivor-of-the-plane-crash-dies","status":"publish","type":"post","link":"https:\/\/oncubanews.com\/en\/advertorial\/emiley-sanchez-survivor-of-the-plane-crash-dies\/","title":{"rendered":"Emiley S\u00e1nchez, a survivor of the plane crash, dies"},"content":{"rendered":"<p>One of the two survivors of the flight that crashed a week ago in Havana, Cuban Emiley S\u00e1nchez, 40 years old, died in the early morning hours of Friday May 25, raising the number of victims of the disaster to 112, Cubadebate reported.<br \/>\nS\u00e1nchez died at 1:45 am in Havana\u2019s Calixto Garc\u00eda Hospital, where she was hospitalized since the day of the accident as a consequence of the \u201cserious traumatic lesions and burns\u201d suffered, indicated a communique of the Ministry of Public Health published in the state-run media.<br \/>\nAlso hospitalized in that same center and in critical condition, is the young 19-year-old Cuban Mayl\u00e9n D\u00edaz, who is now the only survivor of the Cubana de Aviaci\u00f3n flight DMJ-972 which on May 18 crashed a short while after taking off from the Havana airport with 113 persons on board, among them five children.<br \/>\n\u201cHer condition was extremely critical with an unfavorable prognosis, with a progressive deterioration, which was impossible to reverse due to the appearance of complications, despite the effort of the multidisciplinary team responsible for her medical attention during six days of intensive care,\u201d the official note said.<br \/>\nS\u00e1nchez, like more than half of those who died in the accident, was from the eastern province of Holgu\u00edn (some 700 kilometers east of Havana), towards where the plane was headed.<br \/>\nAccording to medical reports published throughout this week, the woman had burns in more than 40 percent of her body, most of them deep.<br \/>\nInitially, three women survived the disaster, but one of them \u2013 Grettel Landrove, 23 \u2013 also died last Monday due to the serious neurological damage suffered in the accident.<br \/>\nThe only remaining survivor, Mayl\u00e9n D\u00edaz, does not have burns but does suffer from serious traumatisms due to the violent crash, and her state is extremely critical with reserved prognosis.<br \/>\nCubana de Aviaci\u00f3n flight DMJ-972 crashed on May 18 in an area of crops one kilometer from Havana\u2019s airport due to causes that are still being investigated.<br \/>\nThe crashed plane, which Cubana operated under a rental regimen, was a Boeing 737-200 built in 1979 and property of the Mexican Global Air airline company, whose operations have been temporarily suspended by the Mexican authorities while what occurred is elucidated.<br \/>\nThe deceased are 101 Cubans and 11 foreigners, of which seven were Mexicans \u2013 including the six crew members -, two Argentinians and two Saharawi, one of them also of Spanish nationality.<br \/>\nEFE \/OnCuba<\/p>\n<p>&nbsp;<\/p>\n","protected":false},"excerpt":{"rendered":"<p>One of the two survivors of the flight that crashed a week ago in Havana, Cuban Emiley S\u00e1nchez, 40 years old, died in the early morning hours of Friday May 25, raising the number of victims of the disaster to 112, Cubadebate reported. S\u00e1nchez died at 1:45 am in Havana\u2019s Calixto Garc\u00eda Hospital, where she [&hellip;]<\/p>\n","protected":false},"author":2445,"featured_media":111332,"comment_status":"open","ping_status":"open","sticky":false,"template":"","format":"standard","meta":{"_acf_changed":false,"footnotes":""},"categories":[],"tags":[],"ppma_author":[33669],"class_list":["post-127533","post","type-post","status-publish","format-standard","has-post-thumbnail","hentry"],"acf":[],"yoast_head":"<!-- This site is optimized with the Yoast SEO plugin v27.3 - https:\/\/yoast.com\/product\/yoast-seo-wordpress\/ -->\n<title>Emiley S\u00e1nchez, a survivor of the plane crash, dies | OnCubaNews English<\/title>\n<meta name=\"robots\" content=\"index, follow, max-snippet:-1, max-image-preview:large, max-video-preview:-1\" \/>\n<link rel=\"canonical\" href=\"https:\/\/oncubanews.com\/en\/advertorial\/emiley-sanchez-survivor-of-the-plane-crash-dies\/\" \/>\n<meta property=\"og:locale\" content=\"en_US\" \/>\n<meta property=\"og:type\" content=\"article\" \/>\n<meta property=\"og:title\" content=\"Emiley S\u00e1nchez, a survivor of the plane crash, dies | OnCubaNews English\" \/>\n<meta property=\"og:description\" content=\"One of the two survivors of the flight that crashed a week ago in Havana, Cuban Emiley S\u00e1nchez, 40 years old, died in the early morning hours of Friday May 25, raising the number of victims of the disaster to 112, Cubadebate reported. S\u00e1nchez died at 1:45 am in Havana\u2019s Calixto Garc\u00eda Hospital, where she [&hellip;]\" \/>\n<meta property=\"og:url\" content=\"https:\/\/oncubanews.com\/en\/advertorial\/emiley-sanchez-survivor-of-the-plane-crash-dies\/\" \/>\n<meta property=\"og:site_name\" content=\"OnCubaNews English\" \/>\n<meta property=\"article:published_time\" content=\"2018-05-26T19:16:54+00:00\" \/>\n<meta property=\"article:modified_time\" content=\"2018-06-19T08:59:19+00:00\" \/>\n<meta property=\"og:image\" content=\"https:\/\/oncubanews.com\/en\/wp-content\/uploads\/2018\/06\/emily-sanchez-o-755x490-1.jpg\" \/>\n\t<meta property=\"og:image:width\" content=\"755\" \/>\n\t<meta property=\"og:image:height\" content=\"490\" \/>\n\t<meta property=\"og:image:type\" content=\"image\/jpeg\" \/>\n<meta name=\"author\" content=\"Redacci\u00f3n OnCuba\" \/>\n<meta name=\"twitter:card\" content=\"summary_large_image\" \/>\n<meta name=\"twitter:label1\" content=\"Written by\" \/>\n\t<meta name=\"twitter:data1\" content=\"Redacci\u00f3n OnCuba\" \/>\n\t<meta name=\"twitter:label2\" content=\"Est. reading time\" \/>\n\t<meta name=\"twitter:data2\" content=\"2 minutes\" \/>\n<script type=\"application\/ld+json\" class=\"yoast-schema-graph\">{\"@context\":\"https:\\\/\\\/schema.org\",\"@graph\":[{\"@type\":\"Article\",\"@id\":\"https:\\\/\\\/oncubanews.com\\\/en\\\/advertorial\\\/emiley-sanchez-survivor-of-the-plane-crash-dies\\\/#article\",\"isPartOf\":{\"@id\":\"https:\\\/\\\/oncubanews.com\\\/en\\\/advertorial\\\/emiley-sanchez-survivor-of-the-plane-crash-dies\\\/\"},\"author\":{\"name\":\"Redacci\u00f3n OnCuba\",\"@id\":\"https:\\\/\\\/oncubanews.com\\\/en\\\/#\\\/schema\\\/person\\\/4535f9d2f7fea460b318de6542dd014a\"},\"headline\":\"Emiley S\u00e1nchez, a survivor of the plane crash, dies\",\"datePublished\":\"2018-05-26T19:16:54+00:00\",\"dateModified\":\"2018-06-19T08:59:19+00:00\",\"mainEntityOfPage\":{\"@id\":\"https:\\\/\\\/oncubanews.com\\\/en\\\/advertorial\\\/emiley-sanchez-survivor-of-the-plane-crash-dies\\\/\"},\"wordCount\":412,\"commentCount\":0,\"image\":{\"@id\":\"https:\\\/\\\/oncubanews.com\\\/en\\\/advertorial\\\/emiley-sanchez-survivor-of-the-plane-crash-dies\\\/#primaryimage\"},\"thumbnailUrl\":\"https:\\\/\\\/oncubanews.com\\\/en\\\/wp-content\\\/uploads\\\/2018\\\/06\\\/emily-sanchez-o-755x490-1.jpg\",\"inLanguage\":\"en-US\",\"potentialAction\":[{\"@type\":\"CommentAction\",\"name\":\"Comment\",\"target\":[\"https:\\\/\\\/oncubanews.com\\\/en\\\/advertorial\\\/emiley-sanchez-survivor-of-the-plane-crash-dies\\\/#respond\"]}],\"copyrightYear\":\"2018\",\"copyrightHolder\":{\"@id\":\"https:\\\/\\\/oncubanews.com\\\/en\\\/#organization\"}},{\"@type\":\"WebPage\",\"@id\":\"https:\\\/\\\/oncubanews.com\\\/en\\\/advertorial\\\/emiley-sanchez-survivor-of-the-plane-crash-dies\\\/\",\"url\":\"https:\\\/\\\/oncubanews.com\\\/en\\\/advertorial\\\/emiley-sanchez-survivor-of-the-plane-crash-dies\\\/\",\"name\":\"Emiley S\u00e1nchez, a survivor of the plane crash, dies | OnCubaNews English\",\"isPartOf\":{\"@id\":\"https:\\\/\\\/oncubanews.com\\\/en\\\/#website\"},\"primaryImageOfPage\":{\"@id\":\"https:\\\/\\\/oncubanews.com\\\/en\\\/advertorial\\\/emiley-sanchez-survivor-of-the-plane-crash-dies\\\/#primaryimage\"},\"image\":{\"@id\":\"https:\\\/\\\/oncubanews.com\\\/en\\\/advertorial\\\/emiley-sanchez-survivor-of-the-plane-crash-dies\\\/#primaryimage\"},\"thumbnailUrl\":\"https:\\\/\\\/oncubanews.com\\\/en\\\/wp-content\\\/uploads\\\/2018\\\/06\\\/emily-sanchez-o-755x490-1.jpg\",\"datePublished\":\"2018-05-26T19:16:54+00:00\",\"dateModified\":\"2018-06-19T08:59:19+00:00\",\"author\":{\"@id\":\"https:\\\/\\\/oncubanews.com\\\/en\\\/#\\\/schema\\\/person\\\/4535f9d2f7fea460b318de6542dd014a\"},\"breadcrumb\":{\"@id\":\"https:\\\/\\\/oncubanews.com\\\/en\\\/advertorial\\\/emiley-sanchez-survivor-of-the-plane-crash-dies\\\/#breadcrumb\"},\"inLanguage\":\"en-US\",\"potentialAction\":[{\"@type\":\"ReadAction\",\"target\":[\"https:\\\/\\\/oncubanews.com\\\/en\\\/advertorial\\\/emiley-sanchez-survivor-of-the-plane-crash-dies\\\/\"]}]},{\"@type\":\"ImageObject\",\"inLanguage\":\"en-US\",\"@id\":\"https:\\\/\\\/oncubanews.com\\\/en\\\/advertorial\\\/emiley-sanchez-survivor-of-the-plane-crash-dies\\\/#primaryimage\",\"url\":\"https:\\\/\\\/oncubanews.com\\\/en\\\/wp-content\\\/uploads\\\/2018\\\/06\\\/emily-sanchez-o-755x490-1.jpg\",\"contentUrl\":\"https:\\\/\\\/oncubanews.com\\\/en\\\/wp-content\\\/uploads\\\/2018\\\/06\\\/emily-sanchez-o-755x490-1.jpg\",\"width\":755,\"height\":490,\"caption\":\"Emiley S\u00e1nchez La O, one of the two survivors, passed away. Photo: Cubadebate.\"},{\"@type\":\"BreadcrumbList\",\"@id\":\"https:\\\/\\\/oncubanews.com\\\/en\\\/advertorial\\\/emiley-sanchez-survivor-of-the-plane-crash-dies\\\/#breadcrumb\",\"itemListElement\":[{\"@type\":\"ListItem\",\"position\":1,\"name\":\"Portada\",\"item\":\"https:\\\/\\\/oncubanews.com\\\/en\\\/\"},{\"@type\":\"ListItem\",\"position\":2,\"name\":\"Emiley S\u00e1nchez, a survivor of the plane crash, dies\"}]},{\"@type\":\"WebSite\",\"@id\":\"https:\\\/\\\/oncubanews.com\\\/en\\\/#website\",\"url\":\"https:\\\/\\\/oncubanews.com\\\/en\\\/\",\"name\":\"OnCubaNews English\",\"description\":\"Revista sobre Cuba\",\"potentialAction\":[{\"@type\":\"SearchAction\",\"target\":{\"@type\":\"EntryPoint\",\"urlTemplate\":\"https:\\\/\\\/oncubanews.com\\\/en\\\/?s={search_term_string}\"},\"query-input\":{\"@type\":\"PropertyValueSpecification\",\"valueRequired\":true,\"valueName\":\"search_term_string\"}}],\"inLanguage\":\"en-US\"},{\"@type\":\"Person\",\"@id\":\"https:\\\/\\\/oncubanews.com\\\/en\\\/#\\\/schema\\\/person\\\/4535f9d2f7fea460b318de6542dd014a\",\"name\":\"Redacci\u00f3n OnCuba\",\"image\":{\"@type\":\"ImageObject\",\"inLanguage\":\"en-US\",\"@id\":\"https:\\\/\\\/oncubanews.com\\\/wp-content\\\/uploads\\\/2016\\\/03\\\/Redacci\u00f3n-OnCuba_avatar_1458497335-96x96.jpg6797a64e11ac1191b82e1afa71768a75\",\"url\":\"https:\\\/\\\/oncubanews.com\\\/wp-content\\\/uploads\\\/2016\\\/03\\\/Redacci\u00f3n-OnCuba_avatar_1458497335-96x96.jpg\",\"contentUrl\":\"https:\\\/\\\/oncubanews.com\\\/wp-content\\\/uploads\\\/2016\\\/03\\\/Redacci\u00f3n-OnCuba_avatar_1458497335-96x96.jpg\",\"caption\":\"Redacci\u00f3n OnCuba\"},\"url\":\"https:\\\/\\\/oncubanews.com\\\/en\\\/author\\\/oncuba\\\/\"}]}<\/script>\n<!-- \/ Yoast SEO plugin. -->","yoast_head_json":{"title":"Emiley S\u00e1nchez, a survivor of the plane crash, dies | OnCubaNews English","robots":{"index":"index","follow":"follow","max-snippet":"max-snippet:-1","max-image-preview":"max-image-preview:large","max-video-preview":"max-video-preview:-1"},"canonical":"https:\/\/oncubanews.com\/en\/advertorial\/emiley-sanchez-survivor-of-the-plane-crash-dies\/","og_locale":"en_US","og_type":"article","og_title":"Emiley S\u00e1nchez, a survivor of the plane crash, dies | OnCubaNews English","og_description":"One of the two survivors of the flight that crashed a week ago in Havana, Cuban Emiley S\u00e1nchez, 40 years old, died in the early morning hours of Friday May 25, raising the number of victims of the disaster to 112, Cubadebate reported. S\u00e1nchez died at 1:45 am in Havana\u2019s Calixto Garc\u00eda Hospital, where she [&hellip;]","og_url":"https:\/\/oncubanews.com\/en\/advertorial\/emiley-sanchez-survivor-of-the-plane-crash-dies\/","og_site_name":"OnCubaNews English","article_published_time":"2018-05-26T19:16:54+00:00","article_modified_time":"2018-06-19T08:59:19+00:00","og_image":[{"width":755,"height":490,"url":"https:\/\/oncubanews.com\/en\/wp-content\/uploads\/2018\/06\/emily-sanchez-o-755x490-1.jpg","type":"image\/jpeg"}],"author":"Redacci\u00f3n OnCuba","twitter_card":"summary_large_image","twitter_misc":{"Written by":"Redacci\u00f3n OnCuba","Est. reading time":"2 minutes"},"schema":{"@context":"https:\/\/schema.org","@graph":[{"@type":"Article","@id":"https:\/\/oncubanews.com\/en\/advertorial\/emiley-sanchez-survivor-of-the-plane-crash-dies\/#article","isPartOf":{"@id":"https:\/\/oncubanews.com\/en\/advertorial\/emiley-sanchez-survivor-of-the-plane-crash-dies\/"},"author":{"name":"Redacci\u00f3n OnCuba","@id":"https:\/\/oncubanews.com\/en\/#\/schema\/person\/4535f9d2f7fea460b318de6542dd014a"},"headline":"Emiley S\u00e1nchez, a survivor of the plane crash, dies","datePublished":"2018-05-26T19:16:54+00:00","dateModified":"2018-06-19T08:59:19+00:00","mainEntityOfPage":{"@id":"https:\/\/oncubanews.com\/en\/advertorial\/emiley-sanchez-survivor-of-the-plane-crash-dies\/"},"wordCount":412,"commentCount":0,"image":{"@id":"https:\/\/oncubanews.com\/en\/advertorial\/emiley-sanchez-survivor-of-the-plane-crash-dies\/#primaryimage"},"thumbnailUrl":"https:\/\/oncubanews.com\/en\/wp-content\/uploads\/2018\/06\/emily-sanchez-o-755x490-1.jpg","inLanguage":"en-US","potentialAction":[{"@type":"CommentAction","name":"Comment","target":["https:\/\/oncubanews.com\/en\/advertorial\/emiley-sanchez-survivor-of-the-plane-crash-dies\/#respond"]}],"copyrightYear":"2018","copyrightHolder":{"@id":"https:\/\/oncubanews.com\/en\/#organization"}},{"@type":"WebPage","@id":"https:\/\/oncubanews.com\/en\/advertorial\/emiley-sanchez-survivor-of-the-plane-crash-dies\/","url":"https:\/\/oncubanews.com\/en\/advertorial\/emiley-sanchez-survivor-of-the-plane-crash-dies\/","name":"Emiley S\u00e1nchez, a survivor of the plane crash, dies | OnCubaNews English","isPartOf":{"@id":"https:\/\/oncubanews.com\/en\/#website"},"primaryImageOfPage":{"@id":"https:\/\/oncubanews.com\/en\/advertorial\/emiley-sanchez-survivor-of-the-plane-crash-dies\/#primaryimage"},"image":{"@id":"https:\/\/oncubanews.com\/en\/advertorial\/emiley-sanchez-survivor-of-the-plane-crash-dies\/#primaryimage"},"thumbnailUrl":"https:\/\/oncubanews.com\/en\/wp-content\/uploads\/2018\/06\/emily-sanchez-o-755x490-1.jpg","datePublished":"2018-05-26T19:16:54+00:00","dateModified":"2018-06-19T08:59:19+00:00","author":{"@id":"https:\/\/oncubanews.com\/en\/#\/schema\/person\/4535f9d2f7fea460b318de6542dd014a"},"breadcrumb":{"@id":"https:\/\/oncubanews.com\/en\/advertorial\/emiley-sanchez-survivor-of-the-plane-crash-dies\/#breadcrumb"},"inLanguage":"en-US","potentialAction":[{"@type":"ReadAction","target":["https:\/\/oncubanews.com\/en\/advertorial\/emiley-sanchez-survivor-of-the-plane-crash-dies\/"]}]},{"@type":"ImageObject","inLanguage":"en-US","@id":"https:\/\/oncubanews.com\/en\/advertorial\/emiley-sanchez-survivor-of-the-plane-crash-dies\/#primaryimage","url":"https:\/\/oncubanews.com\/en\/wp-content\/uploads\/2018\/06\/emily-sanchez-o-755x490-1.jpg","contentUrl":"https:\/\/oncubanews.com\/en\/wp-content\/uploads\/2018\/06\/emily-sanchez-o-755x490-1.jpg","width":755,"height":490,"caption":"Emiley S\u00e1nchez La O, one of the two survivors, passed away. Photo: Cubadebate."},{"@type":"BreadcrumbList","@id":"https:\/\/oncubanews.com\/en\/advertorial\/emiley-sanchez-survivor-of-the-plane-crash-dies\/#breadcrumb","itemListElement":[{"@type":"ListItem","position":1,"name":"Portada","item":"https:\/\/oncubanews.com\/en\/"},{"@type":"ListItem","position":2,"name":"Emiley S\u00e1nchez, a survivor of the plane crash, dies"}]},{"@type":"WebSite","@id":"https:\/\/oncubanews.com\/en\/#website","url":"https:\/\/oncubanews.com\/en\/","name":"OnCubaNews English","description":"Revista sobre Cuba","potentialAction":[{"@type":"SearchAction","target":{"@type":"EntryPoint","urlTemplate":"https:\/\/oncubanews.com\/en\/?s={search_term_string}"},"query-input":{"@type":"PropertyValueSpecification","valueRequired":true,"valueName":"search_term_string"}}],"inLanguage":"en-US"},{"@type":"Person","@id":"https:\/\/oncubanews.com\/en\/#\/schema\/person\/4535f9d2f7fea460b318de6542dd014a","name":"Redacci\u00f3n OnCuba","image":{"@type":"ImageObject","inLanguage":"en-US","@id":"https:\/\/oncubanews.com\/wp-content\/uploads\/2016\/03\/Redacci\u00f3n-OnCuba_avatar_1458497335-96x96.jpg6797a64e11ac1191b82e1afa71768a75","url":"https:\/\/oncubanews.com\/wp-content\/uploads\/2016\/03\/Redacci\u00f3n-OnCuba_avatar_1458497335-96x96.jpg","contentUrl":"https:\/\/oncubanews.com\/wp-content\/uploads\/2016\/03\/Redacci\u00f3n-OnCuba_avatar_1458497335-96x96.jpg","caption":"Redacci\u00f3n OnCuba"},"url":"https:\/\/oncubanews.com\/en\/author\/oncuba\/"}]}},"authors":[{"term_id":33669,"user_id":2445,"is_guest":0,"slug":"oncuba","display_name":"Redacci\u00f3n OnCuba","avatar_url":"https:\/\/oncubanews.com\/wp-content\/uploads\/2016\/03\/Redacci\u00f3n-OnCuba_avatar_1458497335-96x96.jpg","0":null,"1":"","2":"","3":"","4":"","5":"","6":"","7":"","8":""}],"_links":{"self":[{"href":"https:\/\/oncubanews.com\/en\/wp-json\/wp\/v2\/posts\/127533","targetHints":{"allow":["GET"]}}],"collection":[{"href":"https:\/\/oncubanews.com\/en\/wp-json\/wp\/v2\/posts"}],"about":[{"href":"https:\/\/oncubanews.com\/en\/wp-json\/wp\/v2\/types\/post"}],"author":[{"embeddable":true,"href":"https:\/\/oncubanews.com\/en\/wp-json\/wp\/v2\/users\/2445"}],"replies":[{"embeddable":true,"href":"https:\/\/oncubanews.com\/en\/wp-json\/wp\/v2\/comments?post=127533"}],"version-history":[{"count":0,"href":"https:\/\/oncubanews.com\/en\/wp-json\/wp\/v2\/posts\/127533\/revisions"}],"wp:featuredmedia":[{"embeddable":true,"href":"https:\/\/oncubanews.com\/en\/wp-json\/wp\/v2\/media\/111332"}],"wp:attachment":[{"href":"https:\/\/oncubanews.com\/en\/wp-json\/wp\/v2\/media?parent=127533"}],"wp:term":[{"taxonomy":"category","embeddable":true,"href":"https:\/\/oncubanews.com\/en\/wp-json\/wp\/v2\/categories?post=127533"},{"taxonomy":"post_tag","embeddable":true,"href":"https:\/\/oncubanews.com\/en\/wp-json\/wp\/v2\/tags?post=127533"},{"taxonomy":"author","embeddable":true,"href":"https:\/\/oncubanews.com\/en\/wp-json\/wp\/v2\/ppma_author?post=127533"}],"curies":[{"name":"wp","href":"https:\/\/api.w.org\/{rel}","templated":true}]}}