
{"id":128024,"date":"2018-04-05T11:55:49","date_gmt":"2018-04-05T15:55:49","guid":{"rendered":"https:\/\/oncubamagazine.com\/?p=121524"},"modified":"2018-06-19T04:59:14","modified_gmt":"2018-06-19T08:59:14","slug":"united-states-absent-from-the-changing-cuba","status":"publish","type":"post","link":"https:\/\/oncubanews.com\/en\/advertorial\/united-states-absent-from-the-changing-cuba\/","title":{"rendered":"United States, absent from the changing Cuba"},"content":{"rendered":"<p>Less than a month is left for Cuba to have a new president. In terms of international policy, the entire world has been sensitive to this moment of change and has procured to accompany the process. This is not the case with the United States, whose current president retook the type of discourse and policies that prevailed until 2016, before Barack Obama, in coordination with the Cuban government, thawed the Cold War ice and sat at the negotiation table with Cuba.<\/p>\n<p>In an extensive article, the U.S. magazine Foreign Affairs explores the conditions of the island\u2019s \u201cnew era\u201d and how the U.S. hostility damages that country\u2019s interests not only in Cuba but also on a regional and world level.<\/p>\n<h3>The differences<\/h3>\n<p>\u201cMeet the new boss,\u201d says the text signed by Marguerite Jim\u00e9nez, senior associate of the Washington Office for Latin American Affairs (WOLA) for Cuba, referring to Cuban First Vice President Miguel D\u00edaz-Canel, who will most probably replace Ra\u00fal Castro in the post of Head of State.<\/p>\n<p>D\u00edaz-Canel will assume the post one day before turning 58, noted the article, pointing out the age as one of the principal differences in relation to his predecessors. Fidel Castro was 81 when he handed over power to his brother, who has ruled from 76 to 86 years of age. The Cuban first vice president, together with 70 percent of the population, doesn\u2019t know a Cuba that isn\u2019t that of the Cuban Revolution.<\/p>\n<p>For the first time in six decades the person who holds the post will not be someone from the historic generation. He will not have participated in the revolutionary struggles, and therefore will not enjoy \u201cthe most basic form of legitimacy\u201d of other officials, which the author calls \u201crevolutionary pedigree.\u201d In addition, he will be the first civilian president since 1952.<\/p>\n<figure id=\"attachment_121528\" aria-describedby=\"caption-attachment-121528\" style=\"width: 1024px\" class=\"wp-caption aligncenter\"><a href=\"https:\/\/oncubanews.com\/wmag\/wp-content\/uploads\/2018\/04\/Diaz-Canel-AP.jpg\"><img decoding=\"async\" class=\"size-large wp-image-121528\" src=\"https:\/\/oncubanews.com\/wmag\/wp-content\/uploads\/2018\/04\/Diaz-Canel-AP-1024x712.jpg\" alt=\"Miguel D\u00edaz-Canel standing in line to vote in the elections for the National Assembly, in Santa Clara, on March 11, 2018. Photo: Alejandro Ernesto \/ Photo Pool via AP.\" \/><\/a><figcaption id=\"caption-attachment-121528\" class=\"wp-caption-text\">Miguel D\u00edaz-Canel standing in line to vote in the elections for the National Assembly, in Santa Clara, on March 11, 2018. Photo: Alejandro Ernesto \/ Photo Pool via AP.<\/figcaption><\/figure>\n<p>Based on notes about D\u00edaz-Canel\u2019s curriculum as a politician of the system, he is someone who from the position of first secretary of the Communist Party on a provincial level won a reputation as \u201can efficient manager, pragmatist, and man of the people,\u201d says Foreign Affairs.<\/p>\n<p>D\u00edaz-Canel would rise gradually through a meritocratic route: he joined the Central Committee in 1991, was minister of higher education in 2009 and was later named vice president in 2013. He would be the president of a country that is still recovering from the last hurricane, is trying to adapt to the reduction of oil subsidies from Venezuela and is facing continuous restrictions from the U.S. blockade.<\/p>\n<p>Jim\u00e9nez considers that his legitimacy could be generated by delivering on promises more rapidly in terms of reforms, the expansion to access to information, improvements in quality of life, and greater opportunities for the country\u2019s youth. And, at the same time, carry out the currency unification, continue to promote foreign investment, and improve efficiency in the state sector.<\/p>\n<h3>U.S. vs the world<\/h3>\n<p>It is a proven fact that the United States and other outside actors will not determine these changes\u2019 pace. They can, however \u2013 the article adds &#8211; create a climate in which reform is easier.<\/p>\n<p>The author mentions the creation of the Political Dialogue and Cooperation Agreement between Cuba and the European Union; Cuba\u2019s creditors\u2019 collaboration in writing-off debts; and actions by powers like Russia and China affirming their political and economic alliance with the island.<\/p>\n<p>\u201cCountries around the world are becoming more involved with Cuba precisely at the moment when the United States is becoming less so,\u201d with measures that go against his predecessor\u2019s legacy, reversing the commitment to rapprochement, slowing (though not prohibiting) travel to the island, limiting the possibilities for new commercial engagement, and sharply cutting back the staffing of the embassies in both countries.<\/p>\n<p>The article concludes by saying that \u201cDuring a time of historic change on the island, the United States needs to more directly engage with Cuba (and if it doesn\u2019t, others will). At minimum, this should include a fully staffed and active embassy in Havana. Even for a hawkish Trump administration, re-staffing the embassy would serve the U.S. national interest, including by gathering on-the-ground information about Cuba\u2019s changing dynamics and strengthening cooperation in law enforcement, counternarcotics, human trafficking, and environmental issues. The United States has nothing to gain from its current policy of hostility. In fact, by seeking to isolate Cuba, Washington will only succeed in isolating itself.\u201d<\/p>\n<p>&nbsp;<\/p>\n","protected":false},"excerpt":{"rendered":"<p>Less than a month is left for Cuba to have a new president. In terms of international policy, the entire world has been sensitive to this moment of change and has procured to accompany the process. This is not the case with the United States, whose current president retook the type of discourse and policies [&hellip;]<\/p>\n","protected":false},"author":2445,"featured_media":111112,"comment_status":"open","ping_status":"open","sticky":false,"template":"","format":"standard","meta":{"_acf_changed":false,"footnotes":""},"categories":[],"tags":[],"ppma_author":[33669],"class_list":["post-128024","post","type-post","status-publish","format-standard","has-post-thumbnail","hentry"],"acf":[],"yoast_head":"<!-- This site is optimized with the Yoast SEO plugin v27.3 - https:\/\/yoast.com\/product\/yoast-seo-wordpress\/ -->\n<title>United States, absent from the changing Cuba | OnCubaNews English<\/title>\n<meta name=\"robots\" content=\"index, follow, max-snippet:-1, max-image-preview:large, max-video-preview:-1\" \/>\n<link rel=\"canonical\" href=\"https:\/\/oncubanews.com\/en\/advertorial\/united-states-absent-from-the-changing-cuba\/\" \/>\n<meta property=\"og:locale\" content=\"en_US\" \/>\n<meta property=\"og:type\" content=\"article\" \/>\n<meta property=\"og:title\" content=\"United States, absent from the changing Cuba | OnCubaNews English\" \/>\n<meta property=\"og:description\" content=\"Less than a month is left for Cuba to have a new president. In terms of international policy, the entire world has been sensitive to this moment of change and has procured to accompany the process. This is not the case with the United States, whose current president retook the type of discourse and policies [&hellip;]\" \/>\n<meta property=\"og:url\" content=\"https:\/\/oncubanews.com\/en\/advertorial\/united-states-absent-from-the-changing-cuba\/\" \/>\n<meta property=\"og:site_name\" content=\"OnCubaNews English\" \/>\n<meta property=\"article:published_time\" content=\"2018-04-05T15:55:49+00:00\" \/>\n<meta property=\"article:modified_time\" content=\"2018-06-19T08:59:14+00:00\" \/>\n<meta property=\"og:image\" content=\"https:\/\/oncubanews.com\/en\/wp-content\/uploads\/2018\/06\/raul-diaz-canel-ap-755x490.jpg\" \/>\n\t<meta property=\"og:image:width\" content=\"755\" \/>\n\t<meta property=\"og:image:height\" content=\"490\" \/>\n\t<meta property=\"og:image:type\" content=\"image\/jpeg\" \/>\n<meta name=\"author\" content=\"Redacci\u00f3n OnCuba\" \/>\n<meta name=\"twitter:card\" content=\"summary_large_image\" \/>\n<meta name=\"twitter:label1\" content=\"Written by\" \/>\n\t<meta name=\"twitter:data1\" content=\"Redacci\u00f3n OnCuba\" \/>\n\t<meta name=\"twitter:label2\" content=\"Est. reading time\" \/>\n\t<meta name=\"twitter:data2\" content=\"4 minutes\" \/>\n<script type=\"application\/ld+json\" class=\"yoast-schema-graph\">{\"@context\":\"https:\\\/\\\/schema.org\",\"@graph\":[{\"@type\":\"Article\",\"@id\":\"https:\\\/\\\/oncubanews.com\\\/en\\\/advertorial\\\/united-states-absent-from-the-changing-cuba\\\/#article\",\"isPartOf\":{\"@id\":\"https:\\\/\\\/oncubanews.com\\\/en\\\/advertorial\\\/united-states-absent-from-the-changing-cuba\\\/\"},\"author\":{\"name\":\"Redacci\u00f3n OnCuba\",\"@id\":\"https:\\\/\\\/oncubanews.com\\\/en\\\/#\\\/schema\\\/person\\\/4535f9d2f7fea460b318de6542dd014a\"},\"headline\":\"United States, absent from the changing Cuba\",\"datePublished\":\"2018-04-05T15:55:49+00:00\",\"dateModified\":\"2018-06-19T08:59:14+00:00\",\"mainEntityOfPage\":{\"@id\":\"https:\\\/\\\/oncubanews.com\\\/en\\\/advertorial\\\/united-states-absent-from-the-changing-cuba\\\/\"},\"wordCount\":774,\"commentCount\":1,\"image\":{\"@id\":\"https:\\\/\\\/oncubanews.com\\\/en\\\/advertorial\\\/united-states-absent-from-the-changing-cuba\\\/#primaryimage\"},\"thumbnailUrl\":\"https:\\\/\\\/oncubanews.com\\\/en\\\/wp-content\\\/uploads\\\/2018\\\/06\\\/raul-diaz-canel-ap-755x490.jpg\",\"inLanguage\":\"en-US\",\"potentialAction\":[{\"@type\":\"CommentAction\",\"name\":\"Comment\",\"target\":[\"https:\\\/\\\/oncubanews.com\\\/en\\\/advertorial\\\/united-states-absent-from-the-changing-cuba\\\/#respond\"]}],\"copyrightYear\":\"2018\",\"copyrightHolder\":{\"@id\":\"https:\\\/\\\/oncubanews.com\\\/en\\\/#organization\"}},{\"@type\":\"WebPage\",\"@id\":\"https:\\\/\\\/oncubanews.com\\\/en\\\/advertorial\\\/united-states-absent-from-the-changing-cuba\\\/\",\"url\":\"https:\\\/\\\/oncubanews.com\\\/en\\\/advertorial\\\/united-states-absent-from-the-changing-cuba\\\/\",\"name\":\"United States, absent from the changing Cuba | OnCubaNews English\",\"isPartOf\":{\"@id\":\"https:\\\/\\\/oncubanews.com\\\/en\\\/#website\"},\"primaryImageOfPage\":{\"@id\":\"https:\\\/\\\/oncubanews.com\\\/en\\\/advertorial\\\/united-states-absent-from-the-changing-cuba\\\/#primaryimage\"},\"image\":{\"@id\":\"https:\\\/\\\/oncubanews.com\\\/en\\\/advertorial\\\/united-states-absent-from-the-changing-cuba\\\/#primaryimage\"},\"thumbnailUrl\":\"https:\\\/\\\/oncubanews.com\\\/en\\\/wp-content\\\/uploads\\\/2018\\\/06\\\/raul-diaz-canel-ap-755x490.jpg\",\"datePublished\":\"2018-04-05T15:55:49+00:00\",\"dateModified\":\"2018-06-19T08:59:14+00:00\",\"author\":{\"@id\":\"https:\\\/\\\/oncubanews.com\\\/en\\\/#\\\/schema\\\/person\\\/4535f9d2f7fea460b318de6542dd014a\"},\"breadcrumb\":{\"@id\":\"https:\\\/\\\/oncubanews.com\\\/en\\\/advertorial\\\/united-states-absent-from-the-changing-cuba\\\/#breadcrumb\"},\"inLanguage\":\"en-US\",\"potentialAction\":[{\"@type\":\"ReadAction\",\"target\":[\"https:\\\/\\\/oncubanews.com\\\/en\\\/advertorial\\\/united-states-absent-from-the-changing-cuba\\\/\"]}]},{\"@type\":\"ImageObject\",\"inLanguage\":\"en-US\",\"@id\":\"https:\\\/\\\/oncubanews.com\\\/en\\\/advertorial\\\/united-states-absent-from-the-changing-cuba\\\/#primaryimage\",\"url\":\"https:\\\/\\\/oncubanews.com\\\/en\\\/wp-content\\\/uploads\\\/2018\\\/06\\\/raul-diaz-canel-ap-755x490.jpg\",\"contentUrl\":\"https:\\\/\\\/oncubanews.com\\\/en\\\/wp-content\\\/uploads\\\/2018\\\/06\\\/raul-diaz-canel-ap-755x490.jpg\",\"width\":755,\"height\":490,\"caption\":\"Cuban President Ra\u00fal Castro speaking with his first vice president, Miguel D\u00edaz-Canel, during a session of the National Assembly in Havana in December 2017. Photo: Irene P\u00e9rez \\\/ Cubadebate via AP.\"},{\"@type\":\"BreadcrumbList\",\"@id\":\"https:\\\/\\\/oncubanews.com\\\/en\\\/advertorial\\\/united-states-absent-from-the-changing-cuba\\\/#breadcrumb\",\"itemListElement\":[{\"@type\":\"ListItem\",\"position\":1,\"name\":\"Portada\",\"item\":\"https:\\\/\\\/oncubanews.com\\\/en\\\/\"},{\"@type\":\"ListItem\",\"position\":2,\"name\":\"United States, absent from the changing Cuba\"}]},{\"@type\":\"WebSite\",\"@id\":\"https:\\\/\\\/oncubanews.com\\\/en\\\/#website\",\"url\":\"https:\\\/\\\/oncubanews.com\\\/en\\\/\",\"name\":\"OnCubaNews English\",\"description\":\"Revista sobre Cuba\",\"potentialAction\":[{\"@type\":\"SearchAction\",\"target\":{\"@type\":\"EntryPoint\",\"urlTemplate\":\"https:\\\/\\\/oncubanews.com\\\/en\\\/?s={search_term_string}\"},\"query-input\":{\"@type\":\"PropertyValueSpecification\",\"valueRequired\":true,\"valueName\":\"search_term_string\"}}],\"inLanguage\":\"en-US\"},{\"@type\":\"Person\",\"@id\":\"https:\\\/\\\/oncubanews.com\\\/en\\\/#\\\/schema\\\/person\\\/4535f9d2f7fea460b318de6542dd014a\",\"name\":\"Redacci\u00f3n OnCuba\",\"image\":{\"@type\":\"ImageObject\",\"inLanguage\":\"en-US\",\"@id\":\"https:\\\/\\\/oncubanews.com\\\/wp-content\\\/uploads\\\/2016\\\/03\\\/Redacci\u00f3n-OnCuba_avatar_1458497335-96x96.jpg6797a64e11ac1191b82e1afa71768a75\",\"url\":\"https:\\\/\\\/oncubanews.com\\\/wp-content\\\/uploads\\\/2016\\\/03\\\/Redacci\u00f3n-OnCuba_avatar_1458497335-96x96.jpg\",\"contentUrl\":\"https:\\\/\\\/oncubanews.com\\\/wp-content\\\/uploads\\\/2016\\\/03\\\/Redacci\u00f3n-OnCuba_avatar_1458497335-96x96.jpg\",\"caption\":\"Redacci\u00f3n OnCuba\"},\"url\":\"https:\\\/\\\/oncubanews.com\\\/en\\\/author\\\/oncuba\\\/\"}]}<\/script>\n<!-- \/ Yoast SEO plugin. -->","yoast_head_json":{"title":"United States, absent from the changing Cuba | OnCubaNews English","robots":{"index":"index","follow":"follow","max-snippet":"max-snippet:-1","max-image-preview":"max-image-preview:large","max-video-preview":"max-video-preview:-1"},"canonical":"https:\/\/oncubanews.com\/en\/advertorial\/united-states-absent-from-the-changing-cuba\/","og_locale":"en_US","og_type":"article","og_title":"United States, absent from the changing Cuba | OnCubaNews English","og_description":"Less than a month is left for Cuba to have a new president. In terms of international policy, the entire world has been sensitive to this moment of change and has procured to accompany the process. This is not the case with the United States, whose current president retook the type of discourse and policies [&hellip;]","og_url":"https:\/\/oncubanews.com\/en\/advertorial\/united-states-absent-from-the-changing-cuba\/","og_site_name":"OnCubaNews English","article_published_time":"2018-04-05T15:55:49+00:00","article_modified_time":"2018-06-19T08:59:14+00:00","og_image":[{"width":755,"height":490,"url":"https:\/\/oncubanews.com\/en\/wp-content\/uploads\/2018\/06\/raul-diaz-canel-ap-755x490.jpg","type":"image\/jpeg"}],"author":"Redacci\u00f3n OnCuba","twitter_card":"summary_large_image","twitter_misc":{"Written by":"Redacci\u00f3n OnCuba","Est. reading time":"4 minutes"},"schema":{"@context":"https:\/\/schema.org","@graph":[{"@type":"Article","@id":"https:\/\/oncubanews.com\/en\/advertorial\/united-states-absent-from-the-changing-cuba\/#article","isPartOf":{"@id":"https:\/\/oncubanews.com\/en\/advertorial\/united-states-absent-from-the-changing-cuba\/"},"author":{"name":"Redacci\u00f3n OnCuba","@id":"https:\/\/oncubanews.com\/en\/#\/schema\/person\/4535f9d2f7fea460b318de6542dd014a"},"headline":"United States, absent from the changing Cuba","datePublished":"2018-04-05T15:55:49+00:00","dateModified":"2018-06-19T08:59:14+00:00","mainEntityOfPage":{"@id":"https:\/\/oncubanews.com\/en\/advertorial\/united-states-absent-from-the-changing-cuba\/"},"wordCount":774,"commentCount":1,"image":{"@id":"https:\/\/oncubanews.com\/en\/advertorial\/united-states-absent-from-the-changing-cuba\/#primaryimage"},"thumbnailUrl":"https:\/\/oncubanews.com\/en\/wp-content\/uploads\/2018\/06\/raul-diaz-canel-ap-755x490.jpg","inLanguage":"en-US","potentialAction":[{"@type":"CommentAction","name":"Comment","target":["https:\/\/oncubanews.com\/en\/advertorial\/united-states-absent-from-the-changing-cuba\/#respond"]}],"copyrightYear":"2018","copyrightHolder":{"@id":"https:\/\/oncubanews.com\/en\/#organization"}},{"@type":"WebPage","@id":"https:\/\/oncubanews.com\/en\/advertorial\/united-states-absent-from-the-changing-cuba\/","url":"https:\/\/oncubanews.com\/en\/advertorial\/united-states-absent-from-the-changing-cuba\/","name":"United States, absent from the changing Cuba | OnCubaNews English","isPartOf":{"@id":"https:\/\/oncubanews.com\/en\/#website"},"primaryImageOfPage":{"@id":"https:\/\/oncubanews.com\/en\/advertorial\/united-states-absent-from-the-changing-cuba\/#primaryimage"},"image":{"@id":"https:\/\/oncubanews.com\/en\/advertorial\/united-states-absent-from-the-changing-cuba\/#primaryimage"},"thumbnailUrl":"https:\/\/oncubanews.com\/en\/wp-content\/uploads\/2018\/06\/raul-diaz-canel-ap-755x490.jpg","datePublished":"2018-04-05T15:55:49+00:00","dateModified":"2018-06-19T08:59:14+00:00","author":{"@id":"https:\/\/oncubanews.com\/en\/#\/schema\/person\/4535f9d2f7fea460b318de6542dd014a"},"breadcrumb":{"@id":"https:\/\/oncubanews.com\/en\/advertorial\/united-states-absent-from-the-changing-cuba\/#breadcrumb"},"inLanguage":"en-US","potentialAction":[{"@type":"ReadAction","target":["https:\/\/oncubanews.com\/en\/advertorial\/united-states-absent-from-the-changing-cuba\/"]}]},{"@type":"ImageObject","inLanguage":"en-US","@id":"https:\/\/oncubanews.com\/en\/advertorial\/united-states-absent-from-the-changing-cuba\/#primaryimage","url":"https:\/\/oncubanews.com\/en\/wp-content\/uploads\/2018\/06\/raul-diaz-canel-ap-755x490.jpg","contentUrl":"https:\/\/oncubanews.com\/en\/wp-content\/uploads\/2018\/06\/raul-diaz-canel-ap-755x490.jpg","width":755,"height":490,"caption":"Cuban President Ra\u00fal Castro speaking with his first vice president, Miguel D\u00edaz-Canel, during a session of the National Assembly in Havana in December 2017. Photo: Irene P\u00e9rez \/ Cubadebate via AP."},{"@type":"BreadcrumbList","@id":"https:\/\/oncubanews.com\/en\/advertorial\/united-states-absent-from-the-changing-cuba\/#breadcrumb","itemListElement":[{"@type":"ListItem","position":1,"name":"Portada","item":"https:\/\/oncubanews.com\/en\/"},{"@type":"ListItem","position":2,"name":"United States, absent from the changing Cuba"}]},{"@type":"WebSite","@id":"https:\/\/oncubanews.com\/en\/#website","url":"https:\/\/oncubanews.com\/en\/","name":"OnCubaNews English","description":"Revista sobre Cuba","potentialAction":[{"@type":"SearchAction","target":{"@type":"EntryPoint","urlTemplate":"https:\/\/oncubanews.com\/en\/?s={search_term_string}"},"query-input":{"@type":"PropertyValueSpecification","valueRequired":true,"valueName":"search_term_string"}}],"inLanguage":"en-US"},{"@type":"Person","@id":"https:\/\/oncubanews.com\/en\/#\/schema\/person\/4535f9d2f7fea460b318de6542dd014a","name":"Redacci\u00f3n OnCuba","image":{"@type":"ImageObject","inLanguage":"en-US","@id":"https:\/\/oncubanews.com\/wp-content\/uploads\/2016\/03\/Redacci\u00f3n-OnCuba_avatar_1458497335-96x96.jpg6797a64e11ac1191b82e1afa71768a75","url":"https:\/\/oncubanews.com\/wp-content\/uploads\/2016\/03\/Redacci\u00f3n-OnCuba_avatar_1458497335-96x96.jpg","contentUrl":"https:\/\/oncubanews.com\/wp-content\/uploads\/2016\/03\/Redacci\u00f3n-OnCuba_avatar_1458497335-96x96.jpg","caption":"Redacci\u00f3n OnCuba"},"url":"https:\/\/oncubanews.com\/en\/author\/oncuba\/"}]}},"authors":[{"term_id":33669,"user_id":2445,"is_guest":0,"slug":"oncuba","display_name":"Redacci\u00f3n OnCuba","avatar_url":"https:\/\/oncubanews.com\/wp-content\/uploads\/2016\/03\/Redacci\u00f3n-OnCuba_avatar_1458497335-96x96.jpg","0":null,"1":"","2":"","3":"","4":"","5":"","6":"","7":"","8":""}],"_links":{"self":[{"href":"https:\/\/oncubanews.com\/en\/wp-json\/wp\/v2\/posts\/128024","targetHints":{"allow":["GET"]}}],"collection":[{"href":"https:\/\/oncubanews.com\/en\/wp-json\/wp\/v2\/posts"}],"about":[{"href":"https:\/\/oncubanews.com\/en\/wp-json\/wp\/v2\/types\/post"}],"author":[{"embeddable":true,"href":"https:\/\/oncubanews.com\/en\/wp-json\/wp\/v2\/users\/2445"}],"replies":[{"embeddable":true,"href":"https:\/\/oncubanews.com\/en\/wp-json\/wp\/v2\/comments?post=128024"}],"version-history":[{"count":0,"href":"https:\/\/oncubanews.com\/en\/wp-json\/wp\/v2\/posts\/128024\/revisions"}],"wp:featuredmedia":[{"embeddable":true,"href":"https:\/\/oncubanews.com\/en\/wp-json\/wp\/v2\/media\/111112"}],"wp:attachment":[{"href":"https:\/\/oncubanews.com\/en\/wp-json\/wp\/v2\/media?parent=128024"}],"wp:term":[{"taxonomy":"category","embeddable":true,"href":"https:\/\/oncubanews.com\/en\/wp-json\/wp\/v2\/categories?post=128024"},{"taxonomy":"post_tag","embeddable":true,"href":"https:\/\/oncubanews.com\/en\/wp-json\/wp\/v2\/tags?post=128024"},{"taxonomy":"author","embeddable":true,"href":"https:\/\/oncubanews.com\/en\/wp-json\/wp\/v2\/ppma_author?post=128024"}],"curies":[{"name":"wp","href":"https:\/\/api.w.org\/{rel}","templated":true}]}}