
{"id":14221,"date":"2013-09-17T16:22:01","date_gmt":"2013-09-17T16:22:01","guid":{"rendered":"http:\/\/www.oncubamagazine.com\/?p=14221"},"modified":"2014-05-25T13:58:02","modified_gmt":"2014-05-25T13:58:02","slug":"ornithological-cooperatives-take-flight","status":"publish","type":"post","link":"https:\/\/oncubanews.com\/en\/cuba\/economy\/entrepreneurship-in-cuba\/ornithological-cooperatives-take-flight\/","title":{"rendered":"Ornithological cooperatives take flight"},"content":{"rendered":"<p style=\"text-align: justify;\">Canaries, parakeets, pigeons and rosacolis are several species of ornamental birds bred in captivity in Cuba that from October the first will be marketed by cooperatives.<\/p>\n<p style=\"text-align: justify;\">The news of the formation of two companies for that purpose in the provinces of Cienfuegos, Villa Clara and Las Tunas confirms a perspective enunciated months ago by the Council of Ministers as part of a second group of authorized non-agricultural cooperatives, among which include 22 of trade, food and services, small industries 16, 12, construction, food production 2, 2 for transport and 17 ornithology ones.<\/p>\n<p style=\"text-align: justify;\">In the creation ceremonies (held just a school graduation, accompanied by family and a final toast) members elect the board first and then sign a notarized charter.<\/p>\n<p style=\"text-align: justify;\">There is stated, for example, that &#8220;the Cuban Ornithological Cooperative Cienfuegos, is an autonomous economic entity dedicated to the breeding of ornamental birds in captivity, as well as the acquisition, production and sale of poultry feed, cages, supplies, medications , literature and accessories needed for the activity.<\/p>\n<p style=\"text-align: justify;\">&#8220;We assume now as company the marketing function of the Ornithological Association of Cuba (ANOC),&#8221; Juan Jos\u00e9 Socorro, president-elect at the constituent meeting of the cooperative Cienfuegos, told OnCuba. &#8220;The Association will now be only for the activities of a social organization, ie exhibitions, educational clubs with children and teaching the general public in the techniques for raising birds in captivity,&#8221; he explains.<\/p>\n<p style=\"text-align: justify;\">Among the new features is a new cooperative dedicated only to the import and export of food, supplies and birds that is responsible for buying and selling to similar producers across the country.<\/p>\n<p style=\"text-align: justify;\">&#8220;So far the National Association sent us grains, we sold them to the breeder and we deposited the money back to the central group, nothing stayed here. Now things change: the domestic buyer pays us a fixed price for each bird and leaves us a margin that if we use either going to be our source of earnings, \u201cAndres Marrero, administrator of the new cooperative, says.<\/p>\n<p style=\"text-align: justify;\">And he explains: in the traditional way ANOC paid a price that didn\u2019t cover costs for transportation, bird deaths, fleeing birds or food used in the time between the collecting of a shipment and that one to finally reach Havana. Now, in addition to a price per animal, the exporter pays an extra margin which includes those costs, a source of efficiency (and money) if the cooperative optimize its processes.<\/p>\n<p style=\"text-align: justify;\">&#8220;The potentialities are many,&#8221; Marrero noted, who expects an increase in the purchase price for partners, because to the current rates (Canarios: 6.40 CUC per animal; white Cacatillos, 8 CUC; Yellow Agapone, 5 &#8230;) they hope they can sum commercial revenue previously taken by a state intermediary for marketing.<\/p>\n<p style=\"text-align: justify;\">&#8220;They also advantages for partners,&#8221; said the President Socorro, &#8220;they don\u2019t have to pay the ten percent tax on personal income and transfer that charge to the cooperative as an entity&#8221;.<\/p>\n<p style=\"text-align: justify;\">According to the Ministry of Agriculture before September 22 \u00a0\u00a017 ornithological cooperatives will be created throughout the country, one each province and one in Isla de la Juventud municipality, in addition to the importer \/ exporter entity. Those same sources expect the transformation in these businesses also impact on increasing the sale of birds so far concentrated on the area markets like Mexico, Panama, Guatemala and the Caribbean.<\/p>\n<p style=\"text-align: justify;\">Unlike the self-employed (private cooperatives) that appear in Cuba do have legal personality and therefore have equal footing with state enterprises, the majority in the country. For example, they are entered in the Register and can buy directly from wholesalers (impossible for independents).<\/p>\n<p style=\"text-align: justify;\">The desire to promote this form of economic management by the Cuban government has been expressed through decisions as to facilitate access to credit for Cooperatives, with preferential interest rates 2.5% to 6.5%, payable from three months to six years; and a more flexible tax policy as other economic actors.<\/p>\n<p style=\"text-align: justify;\">The extension process is still slow and careful, although fancy poultry breeders agree in believing that other businesses, like theirs, will also be finally released.<\/p>\n<p style=\"text-align: justify;\">\n","protected":false},"excerpt":{"rendered":"<p>Canaries, parakeets, pigeons and rosacolis are several species of ornamental birds bred in captivity in Cuba that from October the first will be marketed by cooperatives. The news of the formation of two companies for that purpose in the provinces of Cienfuegos, Villa Clara and Las Tunas confirms a perspective enunciated months ago by the [&hellip;]<\/p>\n","protected":false},"author":2966,"featured_media":14214,"comment_status":"open","ping_status":"closed","sticky":false,"template":"","format":"standard","meta":{"_acf_changed":false,"footnotes":""},"categories":[13906],"tags":[],"ppma_author":[33699,6944],"class_list":["post-14221","post","type-post","status-publish","format-standard","has-post-thumbnail","hentry","category-entrepreneurship-in-cuba"],"acf":[],"yoast_head":"<!-- This site is optimized with the Yoast SEO plugin v27.3 - https:\/\/yoast.com\/product\/yoast-seo-wordpress\/ -->\n<title>Ornithological cooperatives take flight | OnCubaNews English<\/title>\n<meta name=\"robots\" content=\"index, follow, max-snippet:-1, max-image-preview:large, max-video-preview:-1\" \/>\n<link rel=\"canonical\" href=\"https:\/\/oncubanews.com\/en\/cuba\/economy\/entrepreneurship-in-cuba\/ornithological-cooperatives-take-flight\/\" \/>\n<meta property=\"og:locale\" content=\"en_US\" \/>\n<meta property=\"og:type\" content=\"article\" \/>\n<meta property=\"og:title\" content=\"Ornithological cooperatives take flight | OnCubaNews English\" \/>\n<meta property=\"og:description\" content=\"Canaries, parakeets, pigeons and rosacolis are several species of ornamental birds bred in captivity in Cuba that from October the first will be marketed by cooperatives. The news of the formation of two companies for that purpose in the provinces of Cienfuegos, Villa Clara and Las Tunas confirms a perspective enunciated months ago by the [&hellip;]\" \/>\n<meta property=\"og:url\" content=\"https:\/\/oncubanews.com\/en\/cuba\/economy\/entrepreneurship-in-cuba\/ornithological-cooperatives-take-flight\/\" \/>\n<meta property=\"og:site_name\" content=\"OnCubaNews English\" \/>\n<meta property=\"article:published_time\" content=\"2013-09-17T16:22:01+00:00\" \/>\n<meta property=\"article:modified_time\" content=\"2014-05-25T13:58:02+00:00\" \/>\n<meta property=\"og:image\" content=\"https:\/\/oncubanews.com\/en\/wp-content\/uploads\/2013\/09\/aves.jpg\" \/>\n\t<meta property=\"og:image:width\" content=\"640\" \/>\n\t<meta property=\"og:image:height\" content=\"340\" \/>\n\t<meta property=\"og:image:type\" content=\"image\/jpeg\" \/>\n<meta name=\"author\" content=\"Jos\u00e9 Jas\u00e1n Nieves, nieves\" \/>\n<meta name=\"twitter:card\" content=\"summary_large_image\" \/>\n<meta name=\"twitter:label1\" content=\"Written by\" \/>\n\t<meta name=\"twitter:data1\" content=\"Jos\u00e9 Jas\u00e1n Nieves\" \/>\n\t<meta name=\"twitter:label2\" content=\"Est. reading time\" \/>\n\t<meta name=\"twitter:data2\" content=\"3 minutes\" \/>\n<script type=\"application\/ld+json\" class=\"yoast-schema-graph\">{\"@context\":\"https:\\\/\\\/schema.org\",\"@graph\":[{\"@type\":\"Article\",\"@id\":\"https:\\\/\\\/oncubanews.com\\\/en\\\/cuba\\\/economy\\\/entrepreneurship-in-cuba\\\/ornithological-cooperatives-take-flight\\\/#article\",\"isPartOf\":{\"@id\":\"https:\\\/\\\/oncubanews.com\\\/en\\\/cuba\\\/economy\\\/entrepreneurship-in-cuba\\\/ornithological-cooperatives-take-flight\\\/\"},\"author\":{\"name\":\"Jos\u00e9 Jas\u00e1n Nieves\",\"@id\":\"https:\\\/\\\/oncubanews.com\\\/en\\\/#\\\/schema\\\/person\\\/28a4a0572c31528f9ea403fca324fe0d\"},\"headline\":\"Ornithological cooperatives take flight\",\"datePublished\":\"2013-09-17T16:22:01+00:00\",\"dateModified\":\"2014-05-25T13:58:02+00:00\",\"mainEntityOfPage\":{\"@id\":\"https:\\\/\\\/oncubanews.com\\\/en\\\/cuba\\\/economy\\\/entrepreneurship-in-cuba\\\/ornithological-cooperatives-take-flight\\\/\"},\"wordCount\":654,\"commentCount\":2,\"image\":{\"@id\":\"https:\\\/\\\/oncubanews.com\\\/en\\\/cuba\\\/economy\\\/entrepreneurship-in-cuba\\\/ornithological-cooperatives-take-flight\\\/#primaryimage\"},\"thumbnailUrl\":\"https:\\\/\\\/oncubanews.com\\\/en\\\/wp-content\\\/uploads\\\/2013\\\/09\\\/aves.jpg\",\"articleSection\":[\"Entrepreneurship in Cuba\"],\"inLanguage\":\"en-US\",\"potentialAction\":[{\"@type\":\"CommentAction\",\"name\":\"Comment\",\"target\":[\"https:\\\/\\\/oncubanews.com\\\/en\\\/cuba\\\/economy\\\/entrepreneurship-in-cuba\\\/ornithological-cooperatives-take-flight\\\/#respond\"]}],\"copyrightYear\":\"2013\",\"copyrightHolder\":{\"@id\":\"https:\\\/\\\/oncubanews.com\\\/en\\\/#organization\"}},{\"@type\":\"WebPage\",\"@id\":\"https:\\\/\\\/oncubanews.com\\\/en\\\/cuba\\\/economy\\\/entrepreneurship-in-cuba\\\/ornithological-cooperatives-take-flight\\\/\",\"url\":\"https:\\\/\\\/oncubanews.com\\\/en\\\/cuba\\\/economy\\\/entrepreneurship-in-cuba\\\/ornithological-cooperatives-take-flight\\\/\",\"name\":\"Ornithological cooperatives take flight | OnCubaNews English\",\"isPartOf\":{\"@id\":\"https:\\\/\\\/oncubanews.com\\\/en\\\/#website\"},\"primaryImageOfPage\":{\"@id\":\"https:\\\/\\\/oncubanews.com\\\/en\\\/cuba\\\/economy\\\/entrepreneurship-in-cuba\\\/ornithological-cooperatives-take-flight\\\/#primaryimage\"},\"image\":{\"@id\":\"https:\\\/\\\/oncubanews.com\\\/en\\\/cuba\\\/economy\\\/entrepreneurship-in-cuba\\\/ornithological-cooperatives-take-flight\\\/#primaryimage\"},\"thumbnailUrl\":\"https:\\\/\\\/oncubanews.com\\\/en\\\/wp-content\\\/uploads\\\/2013\\\/09\\\/aves.jpg\",\"datePublished\":\"2013-09-17T16:22:01+00:00\",\"dateModified\":\"2014-05-25T13:58:02+00:00\",\"author\":{\"@id\":\"https:\\\/\\\/oncubanews.com\\\/en\\\/#\\\/schema\\\/person\\\/28a4a0572c31528f9ea403fca324fe0d\"},\"breadcrumb\":{\"@id\":\"https:\\\/\\\/oncubanews.com\\\/en\\\/cuba\\\/economy\\\/entrepreneurship-in-cuba\\\/ornithological-cooperatives-take-flight\\\/#breadcrumb\"},\"inLanguage\":\"en-US\",\"potentialAction\":[{\"@type\":\"ReadAction\",\"target\":[\"https:\\\/\\\/oncubanews.com\\\/en\\\/cuba\\\/economy\\\/entrepreneurship-in-cuba\\\/ornithological-cooperatives-take-flight\\\/\"]}]},{\"@type\":\"ImageObject\",\"inLanguage\":\"en-US\",\"@id\":\"https:\\\/\\\/oncubanews.com\\\/en\\\/cuba\\\/economy\\\/entrepreneurship-in-cuba\\\/ornithological-cooperatives-take-flight\\\/#primaryimage\",\"url\":\"https:\\\/\\\/oncubanews.com\\\/en\\\/wp-content\\\/uploads\\\/2013\\\/09\\\/aves.jpg\",\"contentUrl\":\"https:\\\/\\\/oncubanews.com\\\/en\\\/wp-content\\\/uploads\\\/2013\\\/09\\\/aves.jpg\",\"width\":640,\"height\":340},{\"@type\":\"BreadcrumbList\",\"@id\":\"https:\\\/\\\/oncubanews.com\\\/en\\\/cuba\\\/economy\\\/entrepreneurship-in-cuba\\\/ornithological-cooperatives-take-flight\\\/#breadcrumb\",\"itemListElement\":[{\"@type\":\"ListItem\",\"position\":1,\"name\":\"Portada\",\"item\":\"https:\\\/\\\/oncubanews.com\\\/en\\\/\"},{\"@type\":\"ListItem\",\"position\":2,\"name\":\"Ornithological cooperatives take flight\"}]},{\"@type\":\"WebSite\",\"@id\":\"https:\\\/\\\/oncubanews.com\\\/en\\\/#website\",\"url\":\"https:\\\/\\\/oncubanews.com\\\/en\\\/\",\"name\":\"OnCubaNews English\",\"description\":\"Revista sobre Cuba\",\"potentialAction\":[{\"@type\":\"SearchAction\",\"target\":{\"@type\":\"EntryPoint\",\"urlTemplate\":\"https:\\\/\\\/oncubanews.com\\\/en\\\/?s={search_term_string}\"},\"query-input\":{\"@type\":\"PropertyValueSpecification\",\"valueRequired\":true,\"valueName\":\"search_term_string\"}}],\"inLanguage\":\"en-US\"},{\"@type\":\"Person\",\"@id\":\"https:\\\/\\\/oncubanews.com\\\/en\\\/#\\\/schema\\\/person\\\/28a4a0572c31528f9ea403fca324fe0d\",\"name\":\"Jos\u00e9 Jas\u00e1n Nieves\",\"image\":{\"@type\":\"ImageObject\",\"inLanguage\":\"en-US\",\"@id\":\"https:\\\/\\\/oncubanews.com\\\/wp-content\\\/uploads\\\/2015\\\/08\\\/J.J-Nieves_avatar_1439933482-96x96.jpg520715065d8d359a53a2d732bb5a7778\",\"url\":\"https:\\\/\\\/oncubanews.com\\\/wp-content\\\/uploads\\\/2015\\\/08\\\/J.J-Nieves_avatar_1439933482-96x96.jpg\",\"contentUrl\":\"https:\\\/\\\/oncubanews.com\\\/wp-content\\\/uploads\\\/2015\\\/08\\\/J.J-Nieves_avatar_1439933482-96x96.jpg\",\"caption\":\"Jos\u00e9 Jas\u00e1n Nieves\"},\"url\":\"https:\\\/\\\/oncubanews.com\\\/en\\\/author\\\/nieves\\\/\"}]}<\/script>\n<!-- \/ Yoast SEO plugin. -->","yoast_head_json":{"title":"Ornithological cooperatives take flight | OnCubaNews English","robots":{"index":"index","follow":"follow","max-snippet":"max-snippet:-1","max-image-preview":"max-image-preview:large","max-video-preview":"max-video-preview:-1"},"canonical":"https:\/\/oncubanews.com\/en\/cuba\/economy\/entrepreneurship-in-cuba\/ornithological-cooperatives-take-flight\/","og_locale":"en_US","og_type":"article","og_title":"Ornithological cooperatives take flight | OnCubaNews English","og_description":"Canaries, parakeets, pigeons and rosacolis are several species of ornamental birds bred in captivity in Cuba that from October the first will be marketed by cooperatives. The news of the formation of two companies for that purpose in the provinces of Cienfuegos, Villa Clara and Las Tunas confirms a perspective enunciated months ago by the [&hellip;]","og_url":"https:\/\/oncubanews.com\/en\/cuba\/economy\/entrepreneurship-in-cuba\/ornithological-cooperatives-take-flight\/","og_site_name":"OnCubaNews English","article_published_time":"2013-09-17T16:22:01+00:00","article_modified_time":"2014-05-25T13:58:02+00:00","og_image":[{"width":640,"height":340,"url":"https:\/\/oncubanews.com\/en\/wp-content\/uploads\/2013\/09\/aves.jpg","type":"image\/jpeg"}],"author":"Jos\u00e9 Jas\u00e1n Nieves, nieves","twitter_card":"summary_large_image","twitter_misc":{"Written by":"Jos\u00e9 Jas\u00e1n Nieves","Est. reading time":"3 minutes"},"schema":{"@context":"https:\/\/schema.org","@graph":[{"@type":"Article","@id":"https:\/\/oncubanews.com\/en\/cuba\/economy\/entrepreneurship-in-cuba\/ornithological-cooperatives-take-flight\/#article","isPartOf":{"@id":"https:\/\/oncubanews.com\/en\/cuba\/economy\/entrepreneurship-in-cuba\/ornithological-cooperatives-take-flight\/"},"author":{"name":"Jos\u00e9 Jas\u00e1n Nieves","@id":"https:\/\/oncubanews.com\/en\/#\/schema\/person\/28a4a0572c31528f9ea403fca324fe0d"},"headline":"Ornithological cooperatives take flight","datePublished":"2013-09-17T16:22:01+00:00","dateModified":"2014-05-25T13:58:02+00:00","mainEntityOfPage":{"@id":"https:\/\/oncubanews.com\/en\/cuba\/economy\/entrepreneurship-in-cuba\/ornithological-cooperatives-take-flight\/"},"wordCount":654,"commentCount":2,"image":{"@id":"https:\/\/oncubanews.com\/en\/cuba\/economy\/entrepreneurship-in-cuba\/ornithological-cooperatives-take-flight\/#primaryimage"},"thumbnailUrl":"https:\/\/oncubanews.com\/en\/wp-content\/uploads\/2013\/09\/aves.jpg","articleSection":["Entrepreneurship in Cuba"],"inLanguage":"en-US","potentialAction":[{"@type":"CommentAction","name":"Comment","target":["https:\/\/oncubanews.com\/en\/cuba\/economy\/entrepreneurship-in-cuba\/ornithological-cooperatives-take-flight\/#respond"]}],"copyrightYear":"2013","copyrightHolder":{"@id":"https:\/\/oncubanews.com\/en\/#organization"}},{"@type":"WebPage","@id":"https:\/\/oncubanews.com\/en\/cuba\/economy\/entrepreneurship-in-cuba\/ornithological-cooperatives-take-flight\/","url":"https:\/\/oncubanews.com\/en\/cuba\/economy\/entrepreneurship-in-cuba\/ornithological-cooperatives-take-flight\/","name":"Ornithological cooperatives take flight | OnCubaNews English","isPartOf":{"@id":"https:\/\/oncubanews.com\/en\/#website"},"primaryImageOfPage":{"@id":"https:\/\/oncubanews.com\/en\/cuba\/economy\/entrepreneurship-in-cuba\/ornithological-cooperatives-take-flight\/#primaryimage"},"image":{"@id":"https:\/\/oncubanews.com\/en\/cuba\/economy\/entrepreneurship-in-cuba\/ornithological-cooperatives-take-flight\/#primaryimage"},"thumbnailUrl":"https:\/\/oncubanews.com\/en\/wp-content\/uploads\/2013\/09\/aves.jpg","datePublished":"2013-09-17T16:22:01+00:00","dateModified":"2014-05-25T13:58:02+00:00","author":{"@id":"https:\/\/oncubanews.com\/en\/#\/schema\/person\/28a4a0572c31528f9ea403fca324fe0d"},"breadcrumb":{"@id":"https:\/\/oncubanews.com\/en\/cuba\/economy\/entrepreneurship-in-cuba\/ornithological-cooperatives-take-flight\/#breadcrumb"},"inLanguage":"en-US","potentialAction":[{"@type":"ReadAction","target":["https:\/\/oncubanews.com\/en\/cuba\/economy\/entrepreneurship-in-cuba\/ornithological-cooperatives-take-flight\/"]}]},{"@type":"ImageObject","inLanguage":"en-US","@id":"https:\/\/oncubanews.com\/en\/cuba\/economy\/entrepreneurship-in-cuba\/ornithological-cooperatives-take-flight\/#primaryimage","url":"https:\/\/oncubanews.com\/en\/wp-content\/uploads\/2013\/09\/aves.jpg","contentUrl":"https:\/\/oncubanews.com\/en\/wp-content\/uploads\/2013\/09\/aves.jpg","width":640,"height":340},{"@type":"BreadcrumbList","@id":"https:\/\/oncubanews.com\/en\/cuba\/economy\/entrepreneurship-in-cuba\/ornithological-cooperatives-take-flight\/#breadcrumb","itemListElement":[{"@type":"ListItem","position":1,"name":"Portada","item":"https:\/\/oncubanews.com\/en\/"},{"@type":"ListItem","position":2,"name":"Ornithological cooperatives take flight"}]},{"@type":"WebSite","@id":"https:\/\/oncubanews.com\/en\/#website","url":"https:\/\/oncubanews.com\/en\/","name":"OnCubaNews English","description":"Revista sobre Cuba","potentialAction":[{"@type":"SearchAction","target":{"@type":"EntryPoint","urlTemplate":"https:\/\/oncubanews.com\/en\/?s={search_term_string}"},"query-input":{"@type":"PropertyValueSpecification","valueRequired":true,"valueName":"search_term_string"}}],"inLanguage":"en-US"},{"@type":"Person","@id":"https:\/\/oncubanews.com\/en\/#\/schema\/person\/28a4a0572c31528f9ea403fca324fe0d","name":"Jos\u00e9 Jas\u00e1n Nieves","image":{"@type":"ImageObject","inLanguage":"en-US","@id":"https:\/\/oncubanews.com\/wp-content\/uploads\/2015\/08\/J.J-Nieves_avatar_1439933482-96x96.jpg520715065d8d359a53a2d732bb5a7778","url":"https:\/\/oncubanews.com\/wp-content\/uploads\/2015\/08\/J.J-Nieves_avatar_1439933482-96x96.jpg","contentUrl":"https:\/\/oncubanews.com\/wp-content\/uploads\/2015\/08\/J.J-Nieves_avatar_1439933482-96x96.jpg","caption":"Jos\u00e9 Jas\u00e1n Nieves"},"url":"https:\/\/oncubanews.com\/en\/author\/nieves\/"}]}},"authors":[{"term_id":33699,"user_id":2966,"is_guest":0,"slug":"nieves","display_name":"Jos\u00e9 Jas\u00e1n Nieves","avatar_url":"https:\/\/oncubanews.com\/wp-content\/uploads\/2015\/08\/J.J-Nieves_avatar_1439933482-96x96.jpg","0":null,"1":"","2":"","3":"","4":"","5":"","6":"","7":"","8":""},{"term_id":6944,"user_id":0,"is_guest":1,"slug":"cap-nieves","display_name":"nieves","avatar_url":"https:\/\/secure.gravatar.com\/avatar\/?s=96&r=g","0":null,"1":"","2":"","3":"","4":"","5":"","6":"","7":"","8":""}],"_links":{"self":[{"href":"https:\/\/oncubanews.com\/en\/wp-json\/wp\/v2\/posts\/14221","targetHints":{"allow":["GET"]}}],"collection":[{"href":"https:\/\/oncubanews.com\/en\/wp-json\/wp\/v2\/posts"}],"about":[{"href":"https:\/\/oncubanews.com\/en\/wp-json\/wp\/v2\/types\/post"}],"author":[{"embeddable":true,"href":"https:\/\/oncubanews.com\/en\/wp-json\/wp\/v2\/users\/2966"}],"replies":[{"embeddable":true,"href":"https:\/\/oncubanews.com\/en\/wp-json\/wp\/v2\/comments?post=14221"}],"version-history":[{"count":0,"href":"https:\/\/oncubanews.com\/en\/wp-json\/wp\/v2\/posts\/14221\/revisions"}],"wp:featuredmedia":[{"embeddable":true,"href":"https:\/\/oncubanews.com\/en\/wp-json\/wp\/v2\/media\/14214"}],"wp:attachment":[{"href":"https:\/\/oncubanews.com\/en\/wp-json\/wp\/v2\/media?parent=14221"}],"wp:term":[{"taxonomy":"category","embeddable":true,"href":"https:\/\/oncubanews.com\/en\/wp-json\/wp\/v2\/categories?post=14221"},{"taxonomy":"post_tag","embeddable":true,"href":"https:\/\/oncubanews.com\/en\/wp-json\/wp\/v2\/tags?post=14221"},{"taxonomy":"author","embeddable":true,"href":"https:\/\/oncubanews.com\/en\/wp-json\/wp\/v2\/ppma_author?post=14221"}],"curies":[{"name":"wp","href":"https:\/\/api.w.org\/{rel}","templated":true}]}}