
{"id":17926,"date":"2013-11-01T22:30:16","date_gmt":"2013-11-01T22:30:16","guid":{"rendered":"http:\/\/www.oncubamagazine.com\/?p=17926"},"modified":"2013-11-15T22:43:04","modified_gmt":"2013-11-15T22:43:04","slug":"mariela-castro-espin","status":"publish","type":"post","link":"https:\/\/oncubanews.com\/en\/styles-trends\/technologies-of-communication-and-media\/mariela-castro-espin\/","title":{"rendered":"Mariela Castro Espin"},"content":{"rendered":"<div class=\"jeg_video_container jeg_video_content\"><iframe loading=\"lazy\" title=\"OnCuba entrevista a Mariela Castro Esp\u00edn\" width=\"500\" height=\"281\" src=\"https:\/\/www.youtube.com\/embed\/1JXRX3OZDeg?feature=oembed\" frameborder=\"0\" allow=\"accelerometer; autoplay; clipboard-write; encrypted-media; gyroscope; picture-in-picture; web-share\" referrerpolicy=\"strict-origin-when-cross-origin\" allowfullscreen><\/iframe><\/div>\n","protected":false},"excerpt":{"rendered":"https:\/\/www.youtube.com\/watch?v=1JXRX3OZDeg","protected":false},"author":84,"featured_media":17578,"comment_status":"open","ping_status":"closed","sticky":false,"template":"","format":"video","meta":{"_acf_changed":false,"footnotes":""},"categories":[13930],"tags":[],"ppma_author":[33532],"class_list":["post-17926","post","type-post","status-publish","format-video","has-post-thumbnail","hentry","category-technologies-of-communication-and-media","post_format-post-format-video"],"acf":[],"yoast_head":"<!-- This site is optimized with the Yoast SEO plugin v27.3 - https:\/\/yoast.com\/product\/yoast-seo-wordpress\/ -->\n<title>Mariela Castro Espin | OnCubaNews English<\/title>\n<meta name=\"robots\" content=\"index, follow, max-snippet:-1, max-image-preview:large, max-video-preview:-1\" \/>\n<link rel=\"canonical\" href=\"https:\/\/oncubanews.com\/en\/styles-trends\/technologies-of-communication-and-media\/mariela-castro-espin\/\" \/>\n<meta property=\"og:locale\" content=\"en_US\" \/>\n<meta property=\"og:type\" content=\"article\" \/>\n<meta property=\"og:title\" content=\"Mariela Castro Espin | OnCubaNews English\" \/>\n<meta property=\"og:url\" content=\"https:\/\/oncubanews.com\/en\/styles-trends\/technologies-of-communication-and-media\/mariela-castro-espin\/\" \/>\n<meta property=\"og:site_name\" content=\"OnCubaNews English\" \/>\n<meta property=\"article:published_time\" content=\"2013-11-01T22:30:16+00:00\" \/>\n<meta property=\"article:modified_time\" content=\"2013-11-15T22:43:04+00:00\" \/>\n<meta property=\"og:image\" content=\"https:\/\/oncubanews.com\/en\/wp-content\/uploads\/2013\/11\/mariela.jpg\" \/>\n\t<meta property=\"og:image:width\" content=\"620\" \/>\n\t<meta property=\"og:image:height\" content=\"340\" \/>\n\t<meta property=\"og:image:type\" content=\"image\/jpeg\" \/>\n<meta name=\"author\" content=\"Mayle Gonz\u00e1lez Mirabal\" \/>\n<meta name=\"twitter:card\" content=\"summary_large_image\" \/>\n<meta name=\"twitter:label1\" content=\"Written by\" \/>\n\t<meta name=\"twitter:data1\" content=\"Mayle Gonz\u00e1lez Mirabal\" \/>\n<script type=\"application\/ld+json\" class=\"yoast-schema-graph\">{\"@context\":\"https:\\\/\\\/schema.org\",\"@graph\":[{\"@type\":\"Article\",\"@id\":\"https:\\\/\\\/oncubanews.com\\\/en\\\/styles-trends\\\/technologies-of-communication-and-media\\\/mariela-castro-espin\\\/#article\",\"isPartOf\":{\"@id\":\"https:\\\/\\\/oncubanews.com\\\/en\\\/styles-trends\\\/technologies-of-communication-and-media\\\/mariela-castro-espin\\\/\"},\"author\":{\"name\":\"Mayle Gonz\u00e1lez Mirabal\",\"@id\":\"https:\\\/\\\/oncubanews.com\\\/en\\\/#\\\/schema\\\/person\\\/9b012a1a867a3cb0a91b55d34749b4e5\"},\"headline\":\"Mariela Castro Espin\",\"datePublished\":\"2013-11-01T22:30:16+00:00\",\"dateModified\":\"2013-11-15T22:43:04+00:00\",\"mainEntityOfPage\":{\"@id\":\"https:\\\/\\\/oncubanews.com\\\/en\\\/styles-trends\\\/technologies-of-communication-and-media\\\/mariela-castro-espin\\\/\"},\"wordCount\":11,\"commentCount\":0,\"image\":{\"@id\":\"https:\\\/\\\/oncubanews.com\\\/en\\\/styles-trends\\\/technologies-of-communication-and-media\\\/mariela-castro-espin\\\/#primaryimage\"},\"thumbnailUrl\":\"https:\\\/\\\/oncubanews.com\\\/en\\\/wp-content\\\/uploads\\\/2013\\\/11\\\/mariela.jpg\",\"articleSection\":[\"Technologies of Communication and Media\"],\"inLanguage\":\"en-US\",\"potentialAction\":[{\"@type\":\"CommentAction\",\"name\":\"Comment\",\"target\":[\"https:\\\/\\\/oncubanews.com\\\/en\\\/styles-trends\\\/technologies-of-communication-and-media\\\/mariela-castro-espin\\\/#respond\"]}],\"copyrightYear\":\"2013\",\"copyrightHolder\":{\"@id\":\"https:\\\/\\\/oncubanews.com\\\/en\\\/#organization\"}},{\"@type\":\"WebPage\",\"@id\":\"https:\\\/\\\/oncubanews.com\\\/en\\\/styles-trends\\\/technologies-of-communication-and-media\\\/mariela-castro-espin\\\/\",\"url\":\"https:\\\/\\\/oncubanews.com\\\/en\\\/styles-trends\\\/technologies-of-communication-and-media\\\/mariela-castro-espin\\\/\",\"name\":\"Mariela Castro Espin | OnCubaNews English\",\"isPartOf\":{\"@id\":\"https:\\\/\\\/oncubanews.com\\\/en\\\/#website\"},\"primaryImageOfPage\":{\"@id\":\"https:\\\/\\\/oncubanews.com\\\/en\\\/styles-trends\\\/technologies-of-communication-and-media\\\/mariela-castro-espin\\\/#primaryimage\"},\"image\":{\"@id\":\"https:\\\/\\\/oncubanews.com\\\/en\\\/styles-trends\\\/technologies-of-communication-and-media\\\/mariela-castro-espin\\\/#primaryimage\"},\"thumbnailUrl\":\"https:\\\/\\\/oncubanews.com\\\/en\\\/wp-content\\\/uploads\\\/2013\\\/11\\\/mariela.jpg\",\"datePublished\":\"2013-11-01T22:30:16+00:00\",\"dateModified\":\"2013-11-15T22:43:04+00:00\",\"author\":{\"@id\":\"https:\\\/\\\/oncubanews.com\\\/en\\\/#\\\/schema\\\/person\\\/9b012a1a867a3cb0a91b55d34749b4e5\"},\"breadcrumb\":{\"@id\":\"https:\\\/\\\/oncubanews.com\\\/en\\\/styles-trends\\\/technologies-of-communication-and-media\\\/mariela-castro-espin\\\/#breadcrumb\"},\"inLanguage\":\"en-US\",\"potentialAction\":[{\"@type\":\"ReadAction\",\"target\":[\"https:\\\/\\\/oncubanews.com\\\/en\\\/styles-trends\\\/technologies-of-communication-and-media\\\/mariela-castro-espin\\\/\"]}]},{\"@type\":\"ImageObject\",\"inLanguage\":\"en-US\",\"@id\":\"https:\\\/\\\/oncubanews.com\\\/en\\\/styles-trends\\\/technologies-of-communication-and-media\\\/mariela-castro-espin\\\/#primaryimage\",\"url\":\"https:\\\/\\\/oncubanews.com\\\/en\\\/wp-content\\\/uploads\\\/2013\\\/11\\\/mariela.jpg\",\"contentUrl\":\"https:\\\/\\\/oncubanews.com\\\/en\\\/wp-content\\\/uploads\\\/2013\\\/11\\\/mariela.jpg\",\"width\":620,\"height\":340},{\"@type\":\"BreadcrumbList\",\"@id\":\"https:\\\/\\\/oncubanews.com\\\/en\\\/styles-trends\\\/technologies-of-communication-and-media\\\/mariela-castro-espin\\\/#breadcrumb\",\"itemListElement\":[{\"@type\":\"ListItem\",\"position\":1,\"name\":\"Portada\",\"item\":\"https:\\\/\\\/oncubanews.com\\\/en\\\/\"},{\"@type\":\"ListItem\",\"position\":2,\"name\":\"Mariela Castro Espin\"}]},{\"@type\":\"WebSite\",\"@id\":\"https:\\\/\\\/oncubanews.com\\\/en\\\/#website\",\"url\":\"https:\\\/\\\/oncubanews.com\\\/en\\\/\",\"name\":\"OnCubaNews English\",\"description\":\"Revista sobre Cuba\",\"potentialAction\":[{\"@type\":\"SearchAction\",\"target\":{\"@type\":\"EntryPoint\",\"urlTemplate\":\"https:\\\/\\\/oncubanews.com\\\/en\\\/?s={search_term_string}\"},\"query-input\":{\"@type\":\"PropertyValueSpecification\",\"valueRequired\":true,\"valueName\":\"search_term_string\"}}],\"inLanguage\":\"en-US\"},{\"@type\":\"Person\",\"@id\":\"https:\\\/\\\/oncubanews.com\\\/en\\\/#\\\/schema\\\/person\\\/9b012a1a867a3cb0a91b55d34749b4e5\",\"name\":\"Mayle Gonz\u00e1lez Mirabal\",\"image\":{\"@type\":\"ImageObject\",\"inLanguage\":\"en-US\",\"@id\":\"http:\\\/\\\/www.oncubanews.com\\\/wp-content\\\/uploads\\\/2014\\\/04\\\/Mayle-Gonz\u00e1lez-Mirabal_avatar_1396882011-96x96.jpge615633b822b92e7e440572708506a00\",\"url\":\"http:\\\/\\\/www.oncubanews.com\\\/wp-content\\\/uploads\\\/2014\\\/04\\\/Mayle-Gonz\u00e1lez-Mirabal_avatar_1396882011-96x96.jpg\",\"contentUrl\":\"http:\\\/\\\/www.oncubanews.com\\\/wp-content\\\/uploads\\\/2014\\\/04\\\/Mayle-Gonz\u00e1lez-Mirabal_avatar_1396882011-96x96.jpg\",\"caption\":\"Mayle Gonz\u00e1lez Mirabal\"},\"description\":\"Periodista. Directora de la p\u00e1gina web de OnCuba. Siempre buscando historias y personas que sepan contarlas.\",\"url\":\"https:\\\/\\\/oncubanews.com\\\/en\\\/author\\\/mayle\\\/\"}]}<\/script>\n<!-- \/ Yoast SEO plugin. -->","yoast_head_json":{"title":"Mariela Castro Espin | OnCubaNews English","robots":{"index":"index","follow":"follow","max-snippet":"max-snippet:-1","max-image-preview":"max-image-preview:large","max-video-preview":"max-video-preview:-1"},"canonical":"https:\/\/oncubanews.com\/en\/styles-trends\/technologies-of-communication-and-media\/mariela-castro-espin\/","og_locale":"en_US","og_type":"article","og_title":"Mariela Castro Espin | OnCubaNews English","og_url":"https:\/\/oncubanews.com\/en\/styles-trends\/technologies-of-communication-and-media\/mariela-castro-espin\/","og_site_name":"OnCubaNews English","article_published_time":"2013-11-01T22:30:16+00:00","article_modified_time":"2013-11-15T22:43:04+00:00","og_image":[{"width":620,"height":340,"url":"https:\/\/oncubanews.com\/en\/wp-content\/uploads\/2013\/11\/mariela.jpg","type":"image\/jpeg"}],"author":"Mayle Gonz\u00e1lez Mirabal","twitter_card":"summary_large_image","twitter_misc":{"Written by":"Mayle Gonz\u00e1lez Mirabal"},"schema":{"@context":"https:\/\/schema.org","@graph":[{"@type":"Article","@id":"https:\/\/oncubanews.com\/en\/styles-trends\/technologies-of-communication-and-media\/mariela-castro-espin\/#article","isPartOf":{"@id":"https:\/\/oncubanews.com\/en\/styles-trends\/technologies-of-communication-and-media\/mariela-castro-espin\/"},"author":{"name":"Mayle Gonz\u00e1lez Mirabal","@id":"https:\/\/oncubanews.com\/en\/#\/schema\/person\/9b012a1a867a3cb0a91b55d34749b4e5"},"headline":"Mariela Castro Espin","datePublished":"2013-11-01T22:30:16+00:00","dateModified":"2013-11-15T22:43:04+00:00","mainEntityOfPage":{"@id":"https:\/\/oncubanews.com\/en\/styles-trends\/technologies-of-communication-and-media\/mariela-castro-espin\/"},"wordCount":11,"commentCount":0,"image":{"@id":"https:\/\/oncubanews.com\/en\/styles-trends\/technologies-of-communication-and-media\/mariela-castro-espin\/#primaryimage"},"thumbnailUrl":"https:\/\/oncubanews.com\/en\/wp-content\/uploads\/2013\/11\/mariela.jpg","articleSection":["Technologies of Communication and Media"],"inLanguage":"en-US","potentialAction":[{"@type":"CommentAction","name":"Comment","target":["https:\/\/oncubanews.com\/en\/styles-trends\/technologies-of-communication-and-media\/mariela-castro-espin\/#respond"]}],"copyrightYear":"2013","copyrightHolder":{"@id":"https:\/\/oncubanews.com\/en\/#organization"}},{"@type":"WebPage","@id":"https:\/\/oncubanews.com\/en\/styles-trends\/technologies-of-communication-and-media\/mariela-castro-espin\/","url":"https:\/\/oncubanews.com\/en\/styles-trends\/technologies-of-communication-and-media\/mariela-castro-espin\/","name":"Mariela Castro Espin | OnCubaNews English","isPartOf":{"@id":"https:\/\/oncubanews.com\/en\/#website"},"primaryImageOfPage":{"@id":"https:\/\/oncubanews.com\/en\/styles-trends\/technologies-of-communication-and-media\/mariela-castro-espin\/#primaryimage"},"image":{"@id":"https:\/\/oncubanews.com\/en\/styles-trends\/technologies-of-communication-and-media\/mariela-castro-espin\/#primaryimage"},"thumbnailUrl":"https:\/\/oncubanews.com\/en\/wp-content\/uploads\/2013\/11\/mariela.jpg","datePublished":"2013-11-01T22:30:16+00:00","dateModified":"2013-11-15T22:43:04+00:00","author":{"@id":"https:\/\/oncubanews.com\/en\/#\/schema\/person\/9b012a1a867a3cb0a91b55d34749b4e5"},"breadcrumb":{"@id":"https:\/\/oncubanews.com\/en\/styles-trends\/technologies-of-communication-and-media\/mariela-castro-espin\/#breadcrumb"},"inLanguage":"en-US","potentialAction":[{"@type":"ReadAction","target":["https:\/\/oncubanews.com\/en\/styles-trends\/technologies-of-communication-and-media\/mariela-castro-espin\/"]}]},{"@type":"ImageObject","inLanguage":"en-US","@id":"https:\/\/oncubanews.com\/en\/styles-trends\/technologies-of-communication-and-media\/mariela-castro-espin\/#primaryimage","url":"https:\/\/oncubanews.com\/en\/wp-content\/uploads\/2013\/11\/mariela.jpg","contentUrl":"https:\/\/oncubanews.com\/en\/wp-content\/uploads\/2013\/11\/mariela.jpg","width":620,"height":340},{"@type":"BreadcrumbList","@id":"https:\/\/oncubanews.com\/en\/styles-trends\/technologies-of-communication-and-media\/mariela-castro-espin\/#breadcrumb","itemListElement":[{"@type":"ListItem","position":1,"name":"Portada","item":"https:\/\/oncubanews.com\/en\/"},{"@type":"ListItem","position":2,"name":"Mariela Castro Espin"}]},{"@type":"WebSite","@id":"https:\/\/oncubanews.com\/en\/#website","url":"https:\/\/oncubanews.com\/en\/","name":"OnCubaNews English","description":"Revista sobre Cuba","potentialAction":[{"@type":"SearchAction","target":{"@type":"EntryPoint","urlTemplate":"https:\/\/oncubanews.com\/en\/?s={search_term_string}"},"query-input":{"@type":"PropertyValueSpecification","valueRequired":true,"valueName":"search_term_string"}}],"inLanguage":"en-US"},{"@type":"Person","@id":"https:\/\/oncubanews.com\/en\/#\/schema\/person\/9b012a1a867a3cb0a91b55d34749b4e5","name":"Mayle Gonz\u00e1lez Mirabal","image":{"@type":"ImageObject","inLanguage":"en-US","@id":"http:\/\/www.oncubanews.com\/wp-content\/uploads\/2014\/04\/Mayle-Gonz\u00e1lez-Mirabal_avatar_1396882011-96x96.jpge615633b822b92e7e440572708506a00","url":"http:\/\/www.oncubanews.com\/wp-content\/uploads\/2014\/04\/Mayle-Gonz\u00e1lez-Mirabal_avatar_1396882011-96x96.jpg","contentUrl":"http:\/\/www.oncubanews.com\/wp-content\/uploads\/2014\/04\/Mayle-Gonz\u00e1lez-Mirabal_avatar_1396882011-96x96.jpg","caption":"Mayle Gonz\u00e1lez Mirabal"},"description":"Periodista. Directora de la p\u00e1gina web de OnCuba. Siempre buscando historias y personas que sepan contarlas.","url":"https:\/\/oncubanews.com\/en\/author\/mayle\/"}]}},"authors":[{"term_id":33532,"user_id":84,"is_guest":0,"slug":"mayle","display_name":"Mayle Gonz\u00e1lez Mirabal","avatar_url":"http:\/\/www.oncubanews.com\/wp-content\/uploads\/2014\/04\/Mayle-Gonz\u00e1lez-Mirabal_avatar_1396882011-96x96.jpg","0":null,"1":"","2":"","3":"","4":"","5":"","6":"","7":"","8":""}],"_links":{"self":[{"href":"https:\/\/oncubanews.com\/en\/wp-json\/wp\/v2\/posts\/17926","targetHints":{"allow":["GET"]}}],"collection":[{"href":"https:\/\/oncubanews.com\/en\/wp-json\/wp\/v2\/posts"}],"about":[{"href":"https:\/\/oncubanews.com\/en\/wp-json\/wp\/v2\/types\/post"}],"author":[{"embeddable":true,"href":"https:\/\/oncubanews.com\/en\/wp-json\/wp\/v2\/users\/84"}],"replies":[{"embeddable":true,"href":"https:\/\/oncubanews.com\/en\/wp-json\/wp\/v2\/comments?post=17926"}],"version-history":[{"count":0,"href":"https:\/\/oncubanews.com\/en\/wp-json\/wp\/v2\/posts\/17926\/revisions"}],"wp:featuredmedia":[{"embeddable":true,"href":"https:\/\/oncubanews.com\/en\/wp-json\/wp\/v2\/media\/17578"}],"wp:attachment":[{"href":"https:\/\/oncubanews.com\/en\/wp-json\/wp\/v2\/media?parent=17926"}],"wp:term":[{"taxonomy":"category","embeddable":true,"href":"https:\/\/oncubanews.com\/en\/wp-json\/wp\/v2\/categories?post=17926"},{"taxonomy":"post_tag","embeddable":true,"href":"https:\/\/oncubanews.com\/en\/wp-json\/wp\/v2\/tags?post=17926"},{"taxonomy":"author","embeddable":true,"href":"https:\/\/oncubanews.com\/en\/wp-json\/wp\/v2\/ppma_author?post=17926"}],"curies":[{"name":"wp","href":"https:\/\/api.w.org\/{rel}","templated":true}]}}