
{"id":184945,"date":"2018-08-02T17:38:01","date_gmt":"2018-08-02T21:38:01","guid":{"rendered":"https:\/\/oncubamagazine.com\/?p=134127"},"modified":"2018-10-02T15:09:05","modified_gmt":"2018-10-02T19:09:05","slug":"cubans-and-their-music","status":"publish","type":"post","link":"https:\/\/oncubanews.com\/en\/magazine\/cubans-and-their-music\/","title":{"rendered":"August-September"},"content":{"rendered":"<p><strong>Cubans and their Music<\/strong><\/p>\n<p>It was September 20, 2009, it was Havana, it was Revolution Square, it was 2:00 pm\u2026. We had gotten dressed in a white T-shirt, just like other thousands of persons, and we had been waiting for hours for the concert to start, in that Square that I had never seen so full before.<\/p>\n<p>All ages, colors, lineages, languages and origins were there, and when the music started my daughters moved to the same rhythm as that grey-haired man who only a few minutes ago looked like he was going to faint, exhausted by the heat, sitting by the sidewalk; and I moved and sang the same song as the lady who before looked so circumspect, so whitely dressed, trying to not stain her wardrobe, all the time watching out for that, until the strains of that music were heard. What a strange thing! I thought, for a few minutes we had something in common.<\/p>\n<p>After two hours, Juanes, Olga Ta\u00f1\u00f3n, Los Orishas, Silvio Rodr\u00edguez, Luis Eduardo Aute, Miguel Bos\u00e9, S\u00edntesis\u2026and others had passed by there. Two hours from the concert, with the September heat among that indescribable multitude, no one was wearing anything that was completely white, and the feet didn\u2019t resist. There was a deathly silence, and my daughters begged that we already leave, their nine and 10 years couldn\u2019t withstand more. We advanced a few steps, a voice was heard and afterwards an unmistakable \u201ctumbao\u201d. The two of them stopped dead and turned around, I thought they had recognized the band and asked them: what does it sound like? \u201cIt sounds like Cuba, that sounds like Cuba,\u201d they told me in the midst of the euphoria of thousands who turned around and jumped like us when Los Van Van started playing \u201cDale con el coraz\u00f3n, mu\u00e9vete, mu\u00e9vete.\u201d<\/p>\n<p>We didn\u2019t stop dancing until all those musicians (from here and there) finished singing Compay Segundo\u2019s \u201cChan Chan\u201d and Jos\u00e9 Mart\u00ed\u2019s <i>Simple Verses<\/i> in the style of Los Van Van, together with thousands of others. Some didn\u2019t have the slightest idea what they were dancing and they hummed along, but continued dancing nonstop.<\/p>\n<p>\u201cFor a single Cuban family\u201d! was the last thing I was able to hear.<\/p>\n<p>*The \u201cPaz sin fronteras\u201d (Peace Without Borders) concert, organized by Juanes in Havana on September 20, 2009, brought together 1.15 million persons, half of Havana\u2019s population at the time. It is considered the third biggest concert in history, after the two held in Rio de Janeiro, the first by the Rolling Stones and the second by Rod Stuart.<\/p>\n","protected":false},"excerpt":{"rendered":"<p>Cubans and their Music It was September 20, 2009, it was Havana, it was Revolution Square, it was 2:00 pm\u2026. We had gotten dressed in a white T-shirt, just like other thousands of persons, and we had been waiting for hours for the concert to start, in that Square that I had never seen so [&hellip;]<\/p>\n","protected":false},"author":102,"featured_media":185613,"comment_status":"closed","ping_status":"closed","sticky":false,"template":"","format":"standard","meta":{"_acf_changed":false,"footnotes":""},"categories":[6925],"tags":[72,14847,14848,9713,14849],"ppma_author":[33570,7667],"class_list":["post-184945","post","type-post","status-publish","format-standard","has-post-thumbnail","hentry","category-magazine","tag-cuba-en","tag-cuban-joy","tag-cuban-music","tag-cuban-people","tag-los-van-van"],"acf":[],"yoast_head":"<!-- This site is optimized with the Yoast SEO plugin v27.3 - https:\/\/yoast.com\/product\/yoast-seo-wordpress\/ -->\n<title>August-September | OnCubaNews English<\/title>\n<meta name=\"robots\" content=\"index, follow, max-snippet:-1, max-image-preview:large, max-video-preview:-1\" \/>\n<link rel=\"canonical\" href=\"https:\/\/oncubanews.com\/en\/magazine\/cubans-and-their-music\/\" \/>\n<meta property=\"og:locale\" content=\"en_US\" \/>\n<meta property=\"og:type\" content=\"article\" \/>\n<meta property=\"og:title\" content=\"August-September | OnCubaNews English\" \/>\n<meta property=\"og:description\" content=\"Cubans and their Music It was September 20, 2009, it was Havana, it was Revolution Square, it was 2:00 pm\u2026. We had gotten dressed in a white T-shirt, just like other thousands of persons, and we had been waiting for hours for the concert to start, in that Square that I had never seen so [&hellip;]\" \/>\n<meta property=\"og:url\" content=\"https:\/\/oncubanews.com\/en\/magazine\/cubans-and-their-music\/\" \/>\n<meta property=\"og:site_name\" content=\"OnCubaNews English\" \/>\n<meta property=\"article:published_time\" content=\"2018-08-02T21:38:01+00:00\" \/>\n<meta property=\"article:modified_time\" content=\"2018-10-02T19:09:05+00:00\" \/>\n<meta property=\"og:image\" content=\"https:\/\/oncubanews.com\/en\/wp-content\/uploads\/2018\/09\/Portada-Oncuba-48-1.jpg\" \/>\n\t<meta property=\"og:image:width\" content=\"1900\" \/>\n\t<meta property=\"og:image:height\" content=\"2504\" \/>\n\t<meta property=\"og:image:type\" content=\"image\/jpeg\" \/>\n<meta name=\"author\" content=\"Tahimi Arboleya, tahimi-arboleya\" \/>\n<meta name=\"twitter:card\" content=\"summary_large_image\" \/>\n<meta name=\"twitter:label1\" content=\"Written by\" \/>\n\t<meta name=\"twitter:data1\" content=\"Tahimi Arboleya\" \/>\n\t<meta name=\"twitter:label2\" content=\"Est. reading time\" \/>\n\t<meta name=\"twitter:data2\" content=\"2 minutes\" \/>\n<script type=\"application\/ld+json\" class=\"yoast-schema-graph\">{\"@context\":\"https:\\\/\\\/schema.org\",\"@graph\":[{\"@type\":\"Article\",\"@id\":\"https:\\\/\\\/oncubanews.com\\\/en\\\/magazine\\\/cubans-and-their-music\\\/#article\",\"isPartOf\":{\"@id\":\"https:\\\/\\\/oncubanews.com\\\/en\\\/magazine\\\/cubans-and-their-music\\\/\"},\"author\":{\"name\":\"Tahimi Arboleya\",\"@id\":\"https:\\\/\\\/oncubanews.com\\\/en\\\/#\\\/schema\\\/person\\\/ee7b6175f12d35db2950313e8708bc6d\"},\"headline\":\"August-September\",\"datePublished\":\"2018-08-02T21:38:01+00:00\",\"dateModified\":\"2018-10-02T19:09:05+00:00\",\"mainEntityOfPage\":{\"@id\":\"https:\\\/\\\/oncubanews.com\\\/en\\\/magazine\\\/cubans-and-their-music\\\/\"},\"wordCount\":436,\"image\":{\"@id\":\"https:\\\/\\\/oncubanews.com\\\/en\\\/magazine\\\/cubans-and-their-music\\\/#primaryimage\"},\"thumbnailUrl\":\"https:\\\/\\\/oncubanews.com\\\/en\\\/wp-content\\\/uploads\\\/2018\\\/09\\\/Portada-Oncuba-48-1.jpg\",\"keywords\":[\"cuba\",\"Cuban Joy\",\"cuban music\",\"cuban people\",\"Los Van Van\"],\"articleSection\":[\"Magazine\"],\"inLanguage\":\"en-US\",\"copyrightYear\":\"2018\",\"copyrightHolder\":{\"@id\":\"https:\\\/\\\/oncubanews.com\\\/en\\\/#organization\"}},{\"@type\":\"WebPage\",\"@id\":\"https:\\\/\\\/oncubanews.com\\\/en\\\/magazine\\\/cubans-and-their-music\\\/\",\"url\":\"https:\\\/\\\/oncubanews.com\\\/en\\\/magazine\\\/cubans-and-their-music\\\/\",\"name\":\"August-September | OnCubaNews English\",\"isPartOf\":{\"@id\":\"https:\\\/\\\/oncubanews.com\\\/en\\\/#website\"},\"primaryImageOfPage\":{\"@id\":\"https:\\\/\\\/oncubanews.com\\\/en\\\/magazine\\\/cubans-and-their-music\\\/#primaryimage\"},\"image\":{\"@id\":\"https:\\\/\\\/oncubanews.com\\\/en\\\/magazine\\\/cubans-and-their-music\\\/#primaryimage\"},\"thumbnailUrl\":\"https:\\\/\\\/oncubanews.com\\\/en\\\/wp-content\\\/uploads\\\/2018\\\/09\\\/Portada-Oncuba-48-1.jpg\",\"datePublished\":\"2018-08-02T21:38:01+00:00\",\"dateModified\":\"2018-10-02T19:09:05+00:00\",\"author\":{\"@id\":\"https:\\\/\\\/oncubanews.com\\\/en\\\/#\\\/schema\\\/person\\\/ee7b6175f12d35db2950313e8708bc6d\"},\"breadcrumb\":{\"@id\":\"https:\\\/\\\/oncubanews.com\\\/en\\\/magazine\\\/cubans-and-their-music\\\/#breadcrumb\"},\"inLanguage\":\"en-US\",\"potentialAction\":[{\"@type\":\"ReadAction\",\"target\":[\"https:\\\/\\\/oncubanews.com\\\/en\\\/magazine\\\/cubans-and-their-music\\\/\"]}]},{\"@type\":\"ImageObject\",\"inLanguage\":\"en-US\",\"@id\":\"https:\\\/\\\/oncubanews.com\\\/en\\\/magazine\\\/cubans-and-their-music\\\/#primaryimage\",\"url\":\"https:\\\/\\\/oncubanews.com\\\/en\\\/wp-content\\\/uploads\\\/2018\\\/09\\\/Portada-Oncuba-48-1.jpg\",\"contentUrl\":\"https:\\\/\\\/oncubanews.com\\\/en\\\/wp-content\\\/uploads\\\/2018\\\/09\\\/Portada-Oncuba-48-1.jpg\",\"width\":1900,\"height\":2504},{\"@type\":\"BreadcrumbList\",\"@id\":\"https:\\\/\\\/oncubanews.com\\\/en\\\/magazine\\\/cubans-and-their-music\\\/#breadcrumb\",\"itemListElement\":[{\"@type\":\"ListItem\",\"position\":1,\"name\":\"Portada\",\"item\":\"https:\\\/\\\/oncubanews.com\\\/en\\\/\"},{\"@type\":\"ListItem\",\"position\":2,\"name\":\"August-September\"}]},{\"@type\":\"WebSite\",\"@id\":\"https:\\\/\\\/oncubanews.com\\\/en\\\/#website\",\"url\":\"https:\\\/\\\/oncubanews.com\\\/en\\\/\",\"name\":\"OnCubaNews English\",\"description\":\"Revista sobre Cuba\",\"potentialAction\":[{\"@type\":\"SearchAction\",\"target\":{\"@type\":\"EntryPoint\",\"urlTemplate\":\"https:\\\/\\\/oncubanews.com\\\/en\\\/?s={search_term_string}\"},\"query-input\":{\"@type\":\"PropertyValueSpecification\",\"valueRequired\":true,\"valueName\":\"search_term_string\"}}],\"inLanguage\":\"en-US\"},{\"@type\":\"Person\",\"@id\":\"https:\\\/\\\/oncubanews.com\\\/en\\\/#\\\/schema\\\/person\\\/ee7b6175f12d35db2950313e8708bc6d\",\"name\":\"Tahimi Arboleya\",\"image\":{\"@type\":\"ImageObject\",\"inLanguage\":\"en-US\",\"@id\":\"https:\\\/\\\/oncubanews.com\\\/wp-content\\\/uploads\\\/2015\\\/09\\\/Tahimi-Arboleya_avatar_1443653411-96x96.jpg4ca44cdfa9382904416c539a655f9593\",\"url\":\"https:\\\/\\\/oncubanews.com\\\/wp-content\\\/uploads\\\/2015\\\/09\\\/Tahimi-Arboleya_avatar_1443653411-96x96.jpg\",\"contentUrl\":\"https:\\\/\\\/oncubanews.com\\\/wp-content\\\/uploads\\\/2015\\\/09\\\/Tahimi-Arboleya_avatar_1443653411-96x96.jpg\",\"caption\":\"Tahimi Arboleya\"},\"description\":\"Licenciada en Microbiolog\u00eda, Universidad de La Habana. M\u00e1ster en Comunicaci\u00f3n.\",\"url\":\"https:\\\/\\\/oncubanews.com\\\/en\\\/author\\\/tahimiarboleya\\\/\"}]}<\/script>\n<!-- \/ Yoast SEO plugin. -->","yoast_head_json":{"title":"August-September | OnCubaNews English","robots":{"index":"index","follow":"follow","max-snippet":"max-snippet:-1","max-image-preview":"max-image-preview:large","max-video-preview":"max-video-preview:-1"},"canonical":"https:\/\/oncubanews.com\/en\/magazine\/cubans-and-their-music\/","og_locale":"en_US","og_type":"article","og_title":"August-September | OnCubaNews English","og_description":"Cubans and their Music It was September 20, 2009, it was Havana, it was Revolution Square, it was 2:00 pm\u2026. We had gotten dressed in a white T-shirt, just like other thousands of persons, and we had been waiting for hours for the concert to start, in that Square that I had never seen so [&hellip;]","og_url":"https:\/\/oncubanews.com\/en\/magazine\/cubans-and-their-music\/","og_site_name":"OnCubaNews English","article_published_time":"2018-08-02T21:38:01+00:00","article_modified_time":"2018-10-02T19:09:05+00:00","og_image":[{"width":1900,"height":2504,"url":"https:\/\/oncubanews.com\/en\/wp-content\/uploads\/2018\/09\/Portada-Oncuba-48-1.jpg","type":"image\/jpeg"}],"author":"Tahimi Arboleya, tahimi-arboleya","twitter_card":"summary_large_image","twitter_misc":{"Written by":"Tahimi Arboleya","Est. reading time":"2 minutes"},"schema":{"@context":"https:\/\/schema.org","@graph":[{"@type":"Article","@id":"https:\/\/oncubanews.com\/en\/magazine\/cubans-and-their-music\/#article","isPartOf":{"@id":"https:\/\/oncubanews.com\/en\/magazine\/cubans-and-their-music\/"},"author":{"name":"Tahimi Arboleya","@id":"https:\/\/oncubanews.com\/en\/#\/schema\/person\/ee7b6175f12d35db2950313e8708bc6d"},"headline":"August-September","datePublished":"2018-08-02T21:38:01+00:00","dateModified":"2018-10-02T19:09:05+00:00","mainEntityOfPage":{"@id":"https:\/\/oncubanews.com\/en\/magazine\/cubans-and-their-music\/"},"wordCount":436,"image":{"@id":"https:\/\/oncubanews.com\/en\/magazine\/cubans-and-their-music\/#primaryimage"},"thumbnailUrl":"https:\/\/oncubanews.com\/en\/wp-content\/uploads\/2018\/09\/Portada-Oncuba-48-1.jpg","keywords":["cuba","Cuban Joy","cuban music","cuban people","Los Van Van"],"articleSection":["Magazine"],"inLanguage":"en-US","copyrightYear":"2018","copyrightHolder":{"@id":"https:\/\/oncubanews.com\/en\/#organization"}},{"@type":"WebPage","@id":"https:\/\/oncubanews.com\/en\/magazine\/cubans-and-their-music\/","url":"https:\/\/oncubanews.com\/en\/magazine\/cubans-and-their-music\/","name":"August-September | OnCubaNews English","isPartOf":{"@id":"https:\/\/oncubanews.com\/en\/#website"},"primaryImageOfPage":{"@id":"https:\/\/oncubanews.com\/en\/magazine\/cubans-and-their-music\/#primaryimage"},"image":{"@id":"https:\/\/oncubanews.com\/en\/magazine\/cubans-and-their-music\/#primaryimage"},"thumbnailUrl":"https:\/\/oncubanews.com\/en\/wp-content\/uploads\/2018\/09\/Portada-Oncuba-48-1.jpg","datePublished":"2018-08-02T21:38:01+00:00","dateModified":"2018-10-02T19:09:05+00:00","author":{"@id":"https:\/\/oncubanews.com\/en\/#\/schema\/person\/ee7b6175f12d35db2950313e8708bc6d"},"breadcrumb":{"@id":"https:\/\/oncubanews.com\/en\/magazine\/cubans-and-their-music\/#breadcrumb"},"inLanguage":"en-US","potentialAction":[{"@type":"ReadAction","target":["https:\/\/oncubanews.com\/en\/magazine\/cubans-and-their-music\/"]}]},{"@type":"ImageObject","inLanguage":"en-US","@id":"https:\/\/oncubanews.com\/en\/magazine\/cubans-and-their-music\/#primaryimage","url":"https:\/\/oncubanews.com\/en\/wp-content\/uploads\/2018\/09\/Portada-Oncuba-48-1.jpg","contentUrl":"https:\/\/oncubanews.com\/en\/wp-content\/uploads\/2018\/09\/Portada-Oncuba-48-1.jpg","width":1900,"height":2504},{"@type":"BreadcrumbList","@id":"https:\/\/oncubanews.com\/en\/magazine\/cubans-and-their-music\/#breadcrumb","itemListElement":[{"@type":"ListItem","position":1,"name":"Portada","item":"https:\/\/oncubanews.com\/en\/"},{"@type":"ListItem","position":2,"name":"August-September"}]},{"@type":"WebSite","@id":"https:\/\/oncubanews.com\/en\/#website","url":"https:\/\/oncubanews.com\/en\/","name":"OnCubaNews English","description":"Revista sobre Cuba","potentialAction":[{"@type":"SearchAction","target":{"@type":"EntryPoint","urlTemplate":"https:\/\/oncubanews.com\/en\/?s={search_term_string}"},"query-input":{"@type":"PropertyValueSpecification","valueRequired":true,"valueName":"search_term_string"}}],"inLanguage":"en-US"},{"@type":"Person","@id":"https:\/\/oncubanews.com\/en\/#\/schema\/person\/ee7b6175f12d35db2950313e8708bc6d","name":"Tahimi Arboleya","image":{"@type":"ImageObject","inLanguage":"en-US","@id":"https:\/\/oncubanews.com\/wp-content\/uploads\/2015\/09\/Tahimi-Arboleya_avatar_1443653411-96x96.jpg4ca44cdfa9382904416c539a655f9593","url":"https:\/\/oncubanews.com\/wp-content\/uploads\/2015\/09\/Tahimi-Arboleya_avatar_1443653411-96x96.jpg","contentUrl":"https:\/\/oncubanews.com\/wp-content\/uploads\/2015\/09\/Tahimi-Arboleya_avatar_1443653411-96x96.jpg","caption":"Tahimi Arboleya"},"description":"Licenciada en Microbiolog\u00eda, Universidad de La Habana. M\u00e1ster en Comunicaci\u00f3n.","url":"https:\/\/oncubanews.com\/en\/author\/tahimiarboleya\/"}]}},"authors":[{"term_id":33570,"user_id":102,"is_guest":0,"slug":"tahimiarboleya","display_name":"Tahimi Arboleya","avatar_url":"https:\/\/oncubanews.com\/wp-content\/uploads\/2015\/09\/Tahimi-Arboleya_avatar_1443653411-96x96.jpg","0":null,"1":"","2":"","3":"","4":"","5":"","6":"","7":"","8":""},{"term_id":7667,"user_id":0,"is_guest":1,"slug":"cap-tahimi-arboleya","display_name":"tahimi-arboleya","avatar_url":"https:\/\/secure.gravatar.com\/avatar\/?s=96&r=g","0":null,"1":"","2":"","3":"","4":"","5":"","6":"","7":"","8":""}],"_links":{"self":[{"href":"https:\/\/oncubanews.com\/en\/wp-json\/wp\/v2\/posts\/184945","targetHints":{"allow":["GET"]}}],"collection":[{"href":"https:\/\/oncubanews.com\/en\/wp-json\/wp\/v2\/posts"}],"about":[{"href":"https:\/\/oncubanews.com\/en\/wp-json\/wp\/v2\/types\/post"}],"author":[{"embeddable":true,"href":"https:\/\/oncubanews.com\/en\/wp-json\/wp\/v2\/users\/102"}],"replies":[{"embeddable":true,"href":"https:\/\/oncubanews.com\/en\/wp-json\/wp\/v2\/comments?post=184945"}],"version-history":[{"count":0,"href":"https:\/\/oncubanews.com\/en\/wp-json\/wp\/v2\/posts\/184945\/revisions"}],"wp:featuredmedia":[{"embeddable":true,"href":"https:\/\/oncubanews.com\/en\/wp-json\/wp\/v2\/media\/185613"}],"wp:attachment":[{"href":"https:\/\/oncubanews.com\/en\/wp-json\/wp\/v2\/media?parent=184945"}],"wp:term":[{"taxonomy":"category","embeddable":true,"href":"https:\/\/oncubanews.com\/en\/wp-json\/wp\/v2\/categories?post=184945"},{"taxonomy":"post_tag","embeddable":true,"href":"https:\/\/oncubanews.com\/en\/wp-json\/wp\/v2\/tags?post=184945"},{"taxonomy":"author","embeddable":true,"href":"https:\/\/oncubanews.com\/en\/wp-json\/wp\/v2\/ppma_author?post=184945"}],"curies":[{"name":"wp","href":"https:\/\/api.w.org\/{rel}","templated":true}]}}