
{"id":185529,"date":"2018-06-15T15:47:00","date_gmt":"2018-06-15T19:47:00","guid":{"rendered":"https:\/\/oncubanews.com\/en\/billboard-dudo-means-doubt-so-dont-2\/"},"modified":"2018-10-02T14:35:44","modified_gmt":"2018-10-02T18:35:44","slug":"billboard-dudo-means-doubt-so-dont","status":"publish","type":"post","link":"https:\/\/oncubanews.com\/en\/billboard-archive\/billboard-dudo-means-doubt-so-dont\/","title":{"rendered":"Billboard: Dudo means doubt, so don\u2019t"},"content":{"rendered":"<p>A play premier by Teatro El Publico is more than enough to do as much as possible to get a ticket in Trianon theater. Carlos Diaz will present tomorrow Dudo, a unipersonal with actor Denys Ramos. The play is part of the third edition of French Culture in Cuba month. So if you have a different plan, cancel. The fire is in El Publico.<\/p>\n<p>There is another play premiere in Ludi theater company. Click the banner and find out. In Music there\u2019s a lot: Chucho Valdes, Haydee Milanes, Beatriz Marquez, Cucurucho Valdes, Tesis de Menta and much more. In Visual Arts, La Acacia gallery will reopen with an expo with 44 artist. In Dance, the new Susana Pous company will perform Malson. And of course, FAC program again in the menu.<\/p>\n<p>Recommendations a lot. So read, search and find. See you around.<\/p>\n<p>&nbsp;<\/p>\n<p>&nbsp;<\/p>\n<div id=\"banner1\" class=\"cartelera_banner\"><a href=\"https:\/\/oncubanews.com\/wp-content\/uploads\/2017\/09\/Banner-Teatro_ingl\u00e9s_red.jpg\"><img loading=\"lazy\" decoding=\"async\" width=\"755\" height=\"145\" class=\"aligncenter wp-image-103311 size-full\" src=\"https:\/\/oncubanews.com\/wp-content\/uploads\/2017\/09\/Banner-Teatro_ingl\u00e9s_red.jpg\" alt=\"\" \/><\/a><\/div>\n<div>\n<h3><em>Dudo<\/em> in Trian\u00f3n<\/h3>\n<p>Teatro El Publico announce the premier of the play Dudo, written by Marie Fourquet, with actor Denys Ramos on the stage. This will be tomorrow, in Trianon theater, at 8:30 pm. Directed by Carlos Diaz, the play will also have in the stage rock guitarist and singer Hector Tellez Jr., soprano Barbara Llanez and the performer Martica Minipunto.<\/p>\n<p><a href=\"https:\/\/oncubanews.com\/wp-content\/uploads\/2018\/06\/16-jun-el-publico.jpg\"><img decoding=\"async\" class=\"aligncenter size-full wp-image-129396\" src=\"https:\/\/oncubanews.com\/wp-content\/uploads\/2018\/06\/16-jun-el-publico.jpg\" alt=\"\" \/><\/a><\/p>\n<p><a href=\"https:\/\/oncubanews.com\/wp-content\/uploads\/2016\/03\/Separador-023.png\"><img loading=\"lazy\" decoding=\"async\" width=\"758\" height=\"28\" class=\"aligncenter size-full wp-image-65415\" src=\"https:\/\/oncubanews.com\/wp-content\/uploads\/2016\/03\/Separador-023.png\" alt=\"\" srcset=\"https:\/\/oncubanews.com\/en\/wp-content\/uploads\/2016\/03\/Separador-023.png 758w, https:\/\/oncubanews.com\/en\/wp-content\/uploads\/2016\/03\/Separador-023-300x11.png 300w\" sizes=\"auto, (max-width: 758px) 100vw, 758px\" \/><\/a><\/p>\n<h3><em>Bosques<\/em>, another premier<\/h3>\n<p>Ludi Theater will premier today, at 8:30 pm, the play Bosques (Forets), directed by Miguel Abreu. It will be in billboard every weekend of June and July in Ludi Theater (I St. btw 9 and 11, Vedado), Fridays and Saturdays at 8:30 pm, and Sundays at 7pm).<\/p>\n<p><a href=\"https:\/\/oncubanews.com\/wp-content\/uploads\/2016\/03\/Separador-023.png\"><img loading=\"lazy\" decoding=\"async\" width=\"758\" height=\"28\" class=\"aligncenter size-full wp-image-65415\" src=\"https:\/\/oncubanews.com\/wp-content\/uploads\/2016\/03\/Separador-023.png\" alt=\"\" srcset=\"https:\/\/oncubanews.com\/en\/wp-content\/uploads\/2016\/03\/Separador-023.png 758w, https:\/\/oncubanews.com\/en\/wp-content\/uploads\/2016\/03\/Separador-023-300x11.png 300w\" sizes=\"auto, (max-width: 758px) 100vw, 758px\" \/><\/a><\/p>\n<\/div>\n<div id=\"banner2\" class=\"cartelera_banner\"><a href=\"https:\/\/oncubanews.com\/wp-content\/uploads\/2017\/09\/Banner-m\u00fasica_ingl\u00e9s_red.jpg\"><img loading=\"lazy\" decoding=\"async\" width=\"755\" height=\"145\" class=\"aligncenter wp-image-103306 size-full\" src=\"https:\/\/oncubanews.com\/wp-content\/uploads\/2017\/09\/Banner-m\u00fasica_ingl\u00e9s_red.jpg\" alt=\"\" \/><\/a><\/div>\n<div>\n<h3>Chucho and Bollani in Havana<\/h3>\n<p>The Embassy of Italy and the Great Theater of Havana invite next Thursday 21st, at 9pm, to a concert of famous pianist Chucho Valdes and Stefano Bollani. That\u2019s the day when the world celebrates the Music Fiesta and also the longest day of the year because of the summer solstice. Tickets will be available in the Great Theater next Tuesday 19th at 9 am.<br \/>\n<a href=\"https:\/\/oncubanews.com\/wp-content\/uploads\/2018\/06\/chucho.jpg\"><img decoding=\"async\" class=\"aligncenter wp-image-129399 size-full\" src=\"https:\/\/oncubanews.com\/wp-content\/uploads\/2018\/06\/chucho.jpg\" alt=\"\" \/><\/a><\/p>\n<p><a href=\"https:\/\/oncubanews.com\/wp-content\/uploads\/2016\/03\/Separador-023.png\"><img loading=\"lazy\" decoding=\"async\" width=\"758\" height=\"28\" class=\"aligncenter size-full wp-image-65415\" src=\"https:\/\/oncubanews.com\/wp-content\/uploads\/2016\/03\/Separador-023.png\" alt=\"\" srcset=\"https:\/\/oncubanews.com\/en\/wp-content\/uploads\/2016\/03\/Separador-023.png 758w, https:\/\/oncubanews.com\/en\/wp-content\/uploads\/2016\/03\/Separador-023-300x11.png 300w\" sizes=\"auto, (max-width: 758px) 100vw, 758px\" \/><\/a><\/p>\n<h3>Boleros de Oro with Haydee and Beatriz<\/h3>\n<p>Haydee Milanes will offer a double-concert next Wednesday 20th, at 7 pm and at 9 pm, in the Theater of the Fine Arts Museum. This performance is part of the festival Boleros de Oro, happening from June 19th to 24th in Havana and other cities of Cuba.<\/p>\n<p><a href=\"https:\/\/oncubanews.com\/wp-content\/uploads\/2018\/06\/20-jun-Concierto-de-Hayd\u00e9e-Milan\u00e9s-final.jpg\"><img decoding=\"async\" class=\"aligncenter size-full wp-image-129451\" src=\"https:\/\/oncubanews.com\/wp-content\/uploads\/2018\/06\/20-jun-Concierto-de-Hayd\u00e9e-Milan\u00e9s-final.jpg\" alt=\"\" \/><\/a><\/p>\n<p>Also, on Tuesday 19th, same time same place, Beatriz Marquez will offer a concert as part of the same festival. This year Boleros de Oro is dedicated to women singing boleros as well as other women involved with this music genre.<\/p>\n<p><a href=\"https:\/\/oncubanews.com\/wp-content\/uploads\/2018\/06\/Concierto-de-Beatriz-M\u00e1rquez-final-copia.jpg\"><br \/>\n<img decoding=\"async\" class=\"aligncenter size-full wp-image-129454\" src=\"https:\/\/oncubanews.com\/wp-content\/uploads\/2018\/06\/Concierto-de-Beatriz-M\u00e1rquez-final-copia.jpg\" alt=\"\" \/><\/a><\/p>\n<h3><a href=\"https:\/\/oncubanews.com\/wp-content\/uploads\/2016\/03\/Separador-023.png\"><img loading=\"lazy\" decoding=\"async\" width=\"758\" height=\"28\" class=\"aligncenter size-full wp-image-65415\" src=\"https:\/\/oncubanews.com\/wp-content\/uploads\/2016\/03\/Separador-023.png\" alt=\"\" srcset=\"https:\/\/oncubanews.com\/en\/wp-content\/uploads\/2016\/03\/Separador-023.png 758w, https:\/\/oncubanews.com\/en\/wp-content\/uploads\/2016\/03\/Separador-023-300x11.png 300w\" sizes=\"auto, (max-width: 758px) 100vw, 758px\" \/><\/a><\/h3>\n<h3>Elokuente in La Marca<\/h3>\n<p>Presentation of the album Producto Interno Inteligente by Elokuente, in the space AmuletaMusica in La Marca, today, at 8:30 pm. Don\u2019t miss it.<\/p>\n<p><a href=\"https:\/\/oncubanews.com\/wp-content\/uploads\/2018\/06\/elokuente.jpg\"><img decoding=\"async\" class=\"aligncenter wp-image-129430 size-full\" src=\"https:\/\/oncubanews.com\/wp-content\/uploads\/2018\/06\/elokuente.jpg\" alt=\"\" \/><\/a><\/p>\n<h3><a href=\"https:\/\/oncubanews.com\/wp-content\/uploads\/2016\/03\/Separador-023.png\"><img loading=\"lazy\" decoding=\"async\" width=\"758\" height=\"28\" class=\"aligncenter size-full wp-image-65415\" src=\"https:\/\/oncubanews.com\/wp-content\/uploads\/2016\/03\/Separador-023.png\" alt=\"\" srcset=\"https:\/\/oncubanews.com\/en\/wp-content\/uploads\/2016\/03\/Separador-023.png 758w, https:\/\/oncubanews.com\/en\/wp-content\/uploads\/2016\/03\/Separador-023-300x11.png 300w\" sizes=\"auto, (max-width: 758px) 100vw, 758px\" \/><\/a><\/h3>\n<h3>Afternoons with Ars Longa<\/h3>\n<p>Ars Longa upcoming performances in June in Iglesia de Paula, at 7 pm.<\/p>\n<p>Friday 15th: Lux in tenebris. Instrumental music from settecento. Directed by Teresa Paz<br \/>\nFriday 22th: Ars eloquentia. Vocal speeches from XVIII century. Directed by Teresa Paz and Aland Lopez.<\/p>\n<p><a href=\"https:\/\/oncubanews.com\/wp-content\/uploads\/2016\/03\/Separador-023.png\"><img loading=\"lazy\" decoding=\"async\" width=\"758\" height=\"28\" class=\"size-full wp-image-65415 aligncenter\" src=\"https:\/\/oncubanews.com\/wp-content\/uploads\/2016\/03\/Separador-023.png\" alt=\"\" srcset=\"https:\/\/oncubanews.com\/en\/wp-content\/uploads\/2016\/03\/Separador-023.png 758w, https:\/\/oncubanews.com\/en\/wp-content\/uploads\/2016\/03\/Separador-023-300x11.png 300w\" sizes=\"auto, (max-width: 758px) 100vw, 758px\" \/><\/a><\/p>\n<h3>Rock and roll in Submarino<\/h3>\n<p>Today, at 9 pm, Miel con Limon invites to a concerts in Submarino Amarillo (17th St. corner to 6, Vedado).<\/p>\n<figure id=\"attachment_129428\" aria-describedby=\"caption-attachment-129428\" style=\"width: 960px\" class=\"wp-caption aligncenter\"><a href=\"https:\/\/oncubanews.com\/wp-content\/uploads\/2018\/06\/miel-con-lim\u00f3n.jpg\"><img decoding=\"async\" class=\"size-full wp-image-129428\" src=\"https:\/\/oncubanews.com\/wp-content\/uploads\/2018\/06\/miel-con-lim\u00f3n.jpg\" alt=\"Miel con Lim\u00f3n. Foto: Tomada del evento en Facebook.\" \/><\/a><figcaption id=\"caption-attachment-129428\" class=\"wp-caption-text\">Miel con Lim\u00f3n. Foto: Tomada del evento en Facebook.<\/figcaption><\/figure>\n<p><a href=\"https:\/\/oncubanews.com\/wp-content\/uploads\/2016\/03\/Separador-023.png\"><img loading=\"lazy\" decoding=\"async\" width=\"758\" height=\"28\" class=\"size-full wp-image-65415 aligncenter\" src=\"https:\/\/oncubanews.com\/wp-content\/uploads\/2016\/03\/Separador-023.png\" alt=\"\" srcset=\"https:\/\/oncubanews.com\/en\/wp-content\/uploads\/2016\/03\/Separador-023.png 758w, https:\/\/oncubanews.com\/en\/wp-content\/uploads\/2016\/03\/Separador-023-300x11.png 300w\" sizes=\"auto, (max-width: 758px) 100vw, 758px\" \/><\/a><\/p>\n<h3>Gerardo Alfonso in Fine Arts<\/h3>\n<p>The recognized singer song writer Gerardo Alfonso will perform next Saturday, June 16th, at 7 pm, in the Fine Arts Museum. The concerts is parts of the artist national tour.<\/p>\n<p><a href=\"https:\/\/oncubanews.com\/wp-content\/uploads\/2018\/06\/gerardo-alfonso.jpg\"><img decoding=\"async\" class=\"aligncenter size-full wp-image-129431\" src=\"https:\/\/oncubanews.com\/wp-content\/uploads\/2018\/06\/gerardo-alfonso.jpg\" alt=\"\" \/><\/a><\/p>\n<p><a href=\"https:\/\/oncubanews.com\/wp-content\/uploads\/2016\/03\/Separador-023.png\"><img loading=\"lazy\" decoding=\"async\" width=\"758\" height=\"28\" class=\"size-full wp-image-65415 aligncenter\" src=\"https:\/\/oncubanews.com\/wp-content\/uploads\/2016\/03\/Separador-023.png\" alt=\"\" srcset=\"https:\/\/oncubanews.com\/en\/wp-content\/uploads\/2016\/03\/Separador-023.png 758w, https:\/\/oncubanews.com\/en\/wp-content\/uploads\/2016\/03\/Separador-023-300x11.png 300w\" sizes=\"auto, (max-width: 758px) 100vw, 758px\" \/><\/a><\/p>\n<h3>Cuba Tour<\/h3>\n<p>Group Toques del Rio will start their national tour tomorrow until July 3rd. Keep up.<br \/>\n<a href=\"https:\/\/oncubanews.com\/wp-content\/uploads\/2018\/06\/16-jun-gira-toques-del-rio.jpg\"><img decoding=\"async\" class=\"aligncenter size-full wp-image-129457\" src=\"https:\/\/oncubanews.com\/wp-content\/uploads\/2018\/06\/16-jun-gira-toques-del-rio.jpg\" alt=\"\" \/><\/a><\/p>\n<h3><a href=\"https:\/\/oncubanews.com\/wp-content\/uploads\/2016\/03\/Separador-023.png\"><img loading=\"lazy\" decoding=\"async\" width=\"758\" height=\"28\" class=\"size-full wp-image-65415 aligncenter\" src=\"https:\/\/oncubanews.com\/wp-content\/uploads\/2016\/03\/Separador-023.png\" alt=\"\" srcset=\"https:\/\/oncubanews.com\/en\/wp-content\/uploads\/2016\/03\/Separador-023.png 758w, https:\/\/oncubanews.com\/en\/wp-content\/uploads\/2016\/03\/Separador-023-300x11.png 300w\" sizes=\"auto, (max-width: 758px) 100vw, 758px\" \/><\/a><\/h3>\n<h3>Cuban jazz in El Tablao<\/h3>\n<p><a href=\"https:\/\/oncubanews.com\/wp-content\/uploads\/2018\/06\/CLJ.jpg\"><img decoding=\"async\" class=\"aligncenter size-full wp-image-129436\" src=\"https:\/\/oncubanews.com\/wp-content\/uploads\/2018\/06\/CLJ.jpg\" alt=\"\" \/><\/a><\/p>\n<p>Every Tuesday, at 9 pm, different Cuban jazz artist will perform in El Tablao of the Great Theater of Havana. Next Tuesday the guest will be Cucurucho Valdes.<\/p>\n<p><a href=\"https:\/\/oncubanews.com\/wp-content\/uploads\/2018\/06\/cucurucho-1.jpg\"><img decoding=\"async\" class=\"aligncenter size-full wp-image-129521\" src=\"https:\/\/oncubanews.com\/wp-content\/uploads\/2018\/06\/cucurucho-1.jpg\" alt=\"\" \/><\/a><\/p>\n<p><a href=\"https:\/\/oncubanews.com\/wp-content\/uploads\/2016\/03\/Separador-023.png\"><img loading=\"lazy\" decoding=\"async\" width=\"758\" height=\"28\" class=\"size-full wp-image-65415 aligncenter\" src=\"https:\/\/oncubanews.com\/wp-content\/uploads\/2016\/03\/Separador-023.png\" alt=\"\" srcset=\"https:\/\/oncubanews.com\/en\/wp-content\/uploads\/2016\/03\/Separador-023.png 758w, https:\/\/oncubanews.com\/en\/wp-content\/uploads\/2016\/03\/Separador-023-300x11.png 300w\" sizes=\"auto, (max-width: 758px) 100vw, 758px\" \/><\/a><\/p>\n<h3>Lopez Gavilan symphonic<\/h3>\n<p>The National Symphonic Orchestra will offer a concert dedicated to Guido Lopez Gavilan music. This Sunday, at 11 am, in Covarrubias Hall of National Theater. It will be directed by Lopez Gavilan himself and as guests percussionists Justo Pelladito and Yaroldy Abreu.<\/p>\n<h3><a href=\"https:\/\/oncubanews.com\/wp-content\/uploads\/2016\/03\/Separador-023.png\"><img loading=\"lazy\" decoding=\"async\" width=\"758\" height=\"28\" class=\"size-full wp-image-65415 alignright\" src=\"https:\/\/oncubanews.com\/wp-content\/uploads\/2016\/03\/Separador-023.png\" alt=\"\" srcset=\"https:\/\/oncubanews.com\/en\/wp-content\/uploads\/2016\/03\/Separador-023.png 758w, https:\/\/oncubanews.com\/en\/wp-content\/uploads\/2016\/03\/Separador-023-300x11.png 300w\" sizes=\"auto, (max-width: 758px) 100vw, 758px\" \/><\/a><\/h3>\n<h3><\/h3>\n<h3>Kamankola in La Casona<\/h3>\n<p><a href=\"https:\/\/oncubanews.com\/wp-content\/uploads\/2018\/06\/kamankola.jpg\"><img decoding=\"async\" class=\"aligncenter size-full wp-image-129515\" src=\"https:\/\/oncubanews.com\/wp-content\/uploads\/2018\/06\/kamankola.jpg\" alt=\"\" \/><\/a><\/p>\n<h3><a href=\"https:\/\/oncubanews.com\/wp-content\/uploads\/2016\/03\/Separador-023.png\"><img loading=\"lazy\" decoding=\"async\" width=\"758\" height=\"28\" class=\"size-full wp-image-65415 alignright\" src=\"https:\/\/oncubanews.com\/wp-content\/uploads\/2016\/03\/Separador-023.png\" alt=\"\" srcset=\"https:\/\/oncubanews.com\/en\/wp-content\/uploads\/2016\/03\/Separador-023.png 758w, https:\/\/oncubanews.com\/en\/wp-content\/uploads\/2016\/03\/Separador-023-300x11.png 300w\" sizes=\"auto, (max-width: 758px) 100vw, 758px\" \/><\/a><\/h3>\n<h3><\/h3>\n<h3>Gretell in concert<\/h3>\n<p>Gretell Barreiro in concert tomorrow, at 10pm, in The Craftman (900 South Miami Ave., Suite 135, Miami).<\/p>\n<p><a href=\"https:\/\/oncubanews.com\/wp-content\/uploads\/2018\/06\/grettel-barreiro.jpg\"><img decoding=\"async\" class=\"aligncenter size-full wp-image-129437\" src=\"https:\/\/oncubanews.com\/wp-content\/uploads\/2018\/06\/grettel-barreiro.jpg\" alt=\"\" \/><\/a><\/p>\n<p><a href=\"https:\/\/oncubanews.com\/wp-content\/uploads\/2016\/03\/Separador-023.png\"><img loading=\"lazy\" decoding=\"async\" width=\"758\" height=\"28\" class=\"size-full wp-image-65415 aligncenter\" src=\"https:\/\/oncubanews.com\/wp-content\/uploads\/2016\/03\/Separador-023.png\" alt=\"\" srcset=\"https:\/\/oncubanews.com\/en\/wp-content\/uploads\/2016\/03\/Separador-023.png 758w, https:\/\/oncubanews.com\/en\/wp-content\/uploads\/2016\/03\/Separador-023-300x11.png 300w\" sizes=\"auto, (max-width: 758px) 100vw, 758px\" \/><\/a><\/p>\n<\/div>\n<div id=\"banner3\" class=\"cartelera_banner\"><a href=\"https:\/\/oncubanews.com\/wp-content\/uploads\/2017\/10\/Banner-Artes-visuales_ingl\u00e9s_red.jpg\"><img loading=\"lazy\" decoding=\"async\" width=\"755\" height=\"145\" class=\"aligncenter wp-image-104355 size-full\" src=\"https:\/\/oncubanews.com\/wp-content\/uploads\/2017\/10\/Banner-Artes-visuales_ingl\u00e9s_red.jpg\" alt=\"\" \/><\/a><\/div>\n<div>\n<h3>La Acacia reopens<\/h3>\n<p>Gallery La Acacia reopens tomorrow at 7:30 pm, with the expo La noche boca arriba, a collective show with 44 artist.<br \/>\n<a href=\"https:\/\/oncubanews.com\/wp-content\/uploads\/2018\/06\/Reapertura-Acacia.jpg\"><img decoding=\"async\" class=\"aligncenter size-full wp-image-129450\" src=\"https:\/\/oncubanews.com\/wp-content\/uploads\/2018\/06\/Reapertura-Acacia.jpg\" alt=\"\" \/><\/a><\/p>\n<p><a href=\"https:\/\/oncubanews.com\/wp-content\/uploads\/2018\/06\/16-jun-apert-acacia.png\"><img decoding=\"async\" class=\"aligncenter size-full wp-image-129406\" src=\"https:\/\/oncubanews.com\/wp-content\/uploads\/2018\/06\/16-jun-apert-acacia.png\" alt=\"\" \/><\/a><\/p>\n<p><a href=\"https:\/\/oncubanews.com\/wp-content\/uploads\/2016\/03\/Separador-023.png\"><img loading=\"lazy\" decoding=\"async\" width=\"758\" height=\"28\" class=\"aligncenter size-full wp-image-65415\" src=\"https:\/\/oncubanews.com\/wp-content\/uploads\/2016\/03\/Separador-023.png\" alt=\"\" srcset=\"https:\/\/oncubanews.com\/en\/wp-content\/uploads\/2016\/03\/Separador-023.png 758w, https:\/\/oncubanews.com\/en\/wp-content\/uploads\/2016\/03\/Separador-023-300x11.png 300w\" sizes=\"auto, (max-width: 758px) 100vw, 758px\" \/><\/a><\/p>\n<h3>Convergencias<\/h3>\n<p>This is the title of the expo inaugurated today, at 8 pm, in gallery Factoria Habana.<\/p>\n<p><a href=\"https:\/\/oncubanews.com\/wp-content\/uploads\/2018\/06\/18-jun-expo-fact-Propuesta1-factoria.png\"><img decoding=\"async\" class=\"aligncenter size-full wp-image-129423\" src=\"https:\/\/oncubanews.com\/wp-content\/uploads\/2018\/06\/18-jun-expo-fact-Propuesta1-factoria.png\" alt=\"\" \/><\/a><\/p>\n<p><a href=\"https:\/\/oncubanews.com\/wp-content\/uploads\/2016\/03\/Separador-023.png\"><img loading=\"lazy\" decoding=\"async\" width=\"758\" height=\"28\" class=\"aligncenter size-full wp-image-65415\" src=\"https:\/\/oncubanews.com\/wp-content\/uploads\/2016\/03\/Separador-023.png\" alt=\"\" srcset=\"https:\/\/oncubanews.com\/en\/wp-content\/uploads\/2016\/03\/Separador-023.png 758w, https:\/\/oncubanews.com\/en\/wp-content\/uploads\/2016\/03\/Separador-023-300x11.png 300w\" sizes=\"auto, (max-width: 758px) 100vw, 758px\" \/><\/a><\/p>\n<h3>Cabeza loca<\/h3>\n<p>Drawings expo by Nelson Ponce in La Marca. Inauguration today, at 6 pm.<\/p>\n<p><a href=\"https:\/\/oncubanews.com\/wp-content\/uploads\/2018\/06\/nelson-ponce.jpg\"><img decoding=\"async\" class=\"aligncenter size-full wp-image-129426\" src=\"https:\/\/oncubanews.com\/wp-content\/uploads\/2018\/06\/nelson-ponce.jpg\" alt=\"\" \/><\/a><\/p>\n<p><a href=\"https:\/\/oncubanews.com\/wp-content\/uploads\/2016\/03\/Separador-023.png\"><img loading=\"lazy\" decoding=\"async\" width=\"758\" height=\"28\" class=\"aligncenter size-full wp-image-65415\" src=\"https:\/\/oncubanews.com\/wp-content\/uploads\/2016\/03\/Separador-023.png\" alt=\"\" srcset=\"https:\/\/oncubanews.com\/en\/wp-content\/uploads\/2016\/03\/Separador-023.png 758w, https:\/\/oncubanews.com\/en\/wp-content\/uploads\/2016\/03\/Separador-023-300x11.png 300w\" sizes=\"auto, (max-width: 758px) 100vw, 758px\" \/><\/a><\/p>\n<\/div>\n<div id=\"banner4\" class=\"cartelera_banner\"><a href=\"https:\/\/oncubanews.com\/wp-content\/uploads\/2017\/09\/Banner-Danza_ingl\u00e9s_red.jpg\"><img loading=\"lazy\" decoding=\"async\" width=\"755\" height=\"145\" class=\"aligncenter wp-image-103303 size-full\" src=\"https:\/\/oncubanews.com\/wp-content\/uploads\/2017\/09\/Banner-Danza_ingl\u00e9s_red.jpg\" alt=\"\" \/><\/a><\/div>\n<div>\n<h3><em>Malson<\/em> comes back<\/h3>\n<p>Susana Pous, director and choreographer in Micompania, invites to the presentation of Malson in Teatro Marti, this weekend, in usual hours.<\/p>\n<figure id=\"attachment_129440\" aria-describedby=\"caption-attachment-129440\" style=\"width: 960px\" class=\"wp-caption aligncenter\"><a href=\"https:\/\/oncubanews.com\/wp-content\/uploads\/2018\/06\/Malson.jpg\"><img decoding=\"async\" class=\"size-full wp-image-129440\" src=\"https:\/\/oncubanews.com\/wp-content\/uploads\/2018\/06\/Malson.jpg\" alt=\"&quot;Malson&quot;. Foto: Tomada del evento en Facebook.\" \/><\/a><figcaption id=\"caption-attachment-129440\" class=\"wp-caption-text\">&#8220;Malson&#8221;. Foto: Tomada del evento en Facebook.<\/figcaption><\/figure>\n<p><a href=\"https:\/\/oncubanews.com\/wp-content\/uploads\/2016\/03\/Separador-023.png\"><img loading=\"lazy\" decoding=\"async\" width=\"758\" height=\"28\" class=\"aligncenter size-full wp-image-65415\" src=\"https:\/\/oncubanews.com\/wp-content\/uploads\/2016\/03\/Separador-023.png\" alt=\"\" srcset=\"https:\/\/oncubanews.com\/en\/wp-content\/uploads\/2016\/03\/Separador-023.png 758w, https:\/\/oncubanews.com\/en\/wp-content\/uploads\/2016\/03\/Separador-023-300x11.png 300w\" sizes=\"auto, (max-width: 758px) 100vw, 758px\" \/><\/a><\/p>\n<\/div>\n<div id=\"banner5\" class=\"cartelera_banner\"><a href=\"https:\/\/oncubanews.com\/wp-content\/uploads\/2017\/09\/Banner-FAC_ingl\u00e9s_red.jpg\"><img loading=\"lazy\" decoding=\"async\" width=\"755\" height=\"145\" class=\"aligncenter wp-image-103304 size-full\" src=\"https:\/\/oncubanews.com\/wp-content\/uploads\/2017\/09\/Banner-FAC_ingl\u00e9s_red.jpg\" alt=\"\" \/><\/a><u><\/u><u><\/u><\/div>\n<div>\n<h3>Let\u2019s go to FAC<\/h3>\n<p>FRIDAY, JUNE 15TH<\/p>\n<p>9 pm: Dance: Session Contact Improvisation. Company Los Hijos del Director. Nave 3.<\/p>\n<p><a href=\"https:\/\/oncubanews.com\/wp-content\/uploads\/2018\/06\/vie-contact.jpg\"><img decoding=\"async\" class=\"aligncenter size-full wp-image-129459\" src=\"https:\/\/oncubanews.com\/wp-content\/uploads\/2018\/06\/vie-contact.jpg\" alt=\"\" \/><\/a><\/p>\n<p>9:30 pm: Session DJ Producer: Ivan Lejardi. Nave 1.<\/p>\n<p>11:00 pm: Eddy Escobar in concert. Rock and Roll covers. Nave 4.<\/p>\n<p><a href=\"https:\/\/oncubanews.com\/wp-content\/uploads\/2018\/06\/vie-eddy-escobar.jpg\"><img decoding=\"async\" class=\"aligncenter size-full wp-image-129460\" src=\"https:\/\/oncubanews.com\/wp-content\/uploads\/2018\/06\/vie-eddy-escobar.jpg\" alt=\"\" \/><\/a><\/p>\n<p>12:00 am: Open Jazz Jam with Andy Garcia and Jazz tu sabes. Nave 1.<\/p>\n<p><a href=\"https:\/\/oncubanews.com\/wp-content\/uploads\/2018\/06\/vie-andy-jazz.jpg\"><img decoding=\"async\" class=\"aligncenter size-full wp-image-129458\" src=\"https:\/\/oncubanews.com\/wp-content\/uploads\/2018\/06\/vie-andy-jazz.jpg\" alt=\"\" \/><\/a><\/p>\n<p>SATURDAY, JUNE 16th<\/p>\n<p>9:00 pm: Collection: Summer Collage. Bathing suits fashion for 2018. Nave 3.<\/p>\n<p><a href=\"https:\/\/oncubanews.com\/wp-content\/uploads\/2018\/06\/sab-moda-2.jpg\"><img decoding=\"async\" class=\"aligncenter size-full wp-image-129534\" src=\"https:\/\/oncubanews.com\/wp-content\/uploads\/2018\/06\/sab-moda-2.jpg\" alt=\"\" \/><\/a><\/p>\n<p>9:30 pm: Session DJ Producer: Ivan Lejardi. Nave 1.<\/p>\n<p>11:00 pm: Adrian Berazain in concert. Nave 4.<\/p>\n<p>12:00 am: Rock and Roll in FAC: The Shepal. Nave 1.<\/p>\n\n<p>SUNDAY, JUNE 17th<\/p>\n<p>9:00 pm: Play: \u201cEnano en la botella\u201d. Teatro de la Luna. Written by Abilio Estevez. Directed by Raul Martin. Starring: Yaikenis Rojas. Nave 3.<\/p>\n<p>10:00 pm: Vocal Renacer in concert. Nave 1.<\/p>\n<p>11: 00 pm: Mas con menos in concert. Nave 4. 11:30 pm: Session DJ Producer: Ivan Lejardi. Nave 1.<\/p>\n<p><a href=\"https:\/\/oncubanews.com\/wp-content\/uploads\/2016\/03\/Separador-023.png\"><img loading=\"lazy\" decoding=\"async\" width=\"758\" height=\"28\" class=\"aligncenter size-full wp-image-65415\" src=\"https:\/\/oncubanews.com\/wp-content\/uploads\/2016\/03\/Separador-023.png\" alt=\"\" srcset=\"https:\/\/oncubanews.com\/en\/wp-content\/uploads\/2016\/03\/Separador-023.png 758w, https:\/\/oncubanews.com\/en\/wp-content\/uploads\/2016\/03\/Separador-023-300x11.png 300w\" sizes=\"auto, (max-width: 758px) 100vw, 758px\" \/><\/a><\/p>\n<\/div>\n","protected":false},"excerpt":{"rendered":"<p>A play premier by Teatro El Publico is more than enough to do as much as possible to get a ticket in Trianon theater. Carlos Diaz will present tomorrow Dudo, a unipersonal with actor Denys Ramos. The play is part of the third edition of French Culture in Cuba month. So if you have a [&hellip;]<\/p>\n","protected":false},"author":3524,"featured_media":129949,"comment_status":"open","ping_status":"closed","sticky":false,"template":"","format":"standard","meta":{"_acf_changed":false,"footnotes":""},"categories":[14198],"tags":[14813],"ppma_author":[33547,13550],"class_list":["post-185529","post","type-post","status-publish","format-standard","has-post-thumbnail","hentry","category-billboard-archive","tag-weekly-billboard"],"acf":[],"yoast_head":"<!-- This site is optimized with the Yoast SEO plugin v27.3 - https:\/\/yoast.com\/product\/yoast-seo-wordpress\/ -->\n<title>Billboard: Dudo means doubt, so don\u2019t | OnCubaNews English<\/title>\n<meta name=\"robots\" content=\"index, follow, max-snippet:-1, max-image-preview:large, max-video-preview:-1\" \/>\n<link rel=\"canonical\" href=\"https:\/\/oncubanews.com\/en\/billboard-archive\/billboard-dudo-means-doubt-so-dont\/\" \/>\n<meta property=\"og:locale\" content=\"en_US\" \/>\n<meta property=\"og:type\" content=\"article\" \/>\n<meta property=\"og:title\" content=\"Billboard: Dudo means doubt, so don\u2019t | OnCubaNews English\" \/>\n<meta property=\"og:description\" content=\"A play premier by Teatro El Publico is more than enough to do as much as possible to get a ticket in Trianon theater. Carlos Diaz will present tomorrow Dudo, a unipersonal with actor Denys Ramos. The play is part of the third edition of French Culture in Cuba month. So if you have a [&hellip;]\" \/>\n<meta property=\"og:url\" content=\"https:\/\/oncubanews.com\/en\/billboard-archive\/billboard-dudo-means-doubt-so-dont\/\" \/>\n<meta property=\"og:site_name\" content=\"OnCubaNews English\" \/>\n<meta property=\"article:published_time\" content=\"2018-06-15T19:47:00+00:00\" \/>\n<meta property=\"article:modified_time\" content=\"2018-10-02T18:35:44+00:00\" \/>\n<meta property=\"og:image\" content=\"https:\/\/oncubanews.com\/en\/wp-content\/uploads\/2018\/06\/Portada-03-ingl\u00e9s-1.jpg\" \/>\n\t<meta property=\"og:image:width\" content=\"1958\" \/>\n\t<meta property=\"og:image:height\" content=\"1271\" \/>\n\t<meta property=\"og:image:type\" content=\"image\/jpeg\" \/>\n<meta name=\"author\" content=\"Alejandro Ruiz Chang, aleruiz\" \/>\n<meta name=\"twitter:card\" content=\"summary_large_image\" \/>\n<meta name=\"twitter:label1\" content=\"Written by\" \/>\n\t<meta name=\"twitter:data1\" content=\"Alejandro Ruiz Chang\" \/>\n\t<meta name=\"twitter:label2\" content=\"Est. reading time\" \/>\n\t<meta name=\"twitter:data2\" content=\"5 minutes\" \/>\n<script type=\"application\/ld+json\" class=\"yoast-schema-graph\">{\"@context\":\"https:\\\/\\\/schema.org\",\"@graph\":[{\"@type\":\"Article\",\"@id\":\"https:\\\/\\\/oncubanews.com\\\/en\\\/billboard-archive\\\/billboard-dudo-means-doubt-so-dont\\\/#article\",\"isPartOf\":{\"@id\":\"https:\\\/\\\/oncubanews.com\\\/en\\\/billboard-archive\\\/billboard-dudo-means-doubt-so-dont\\\/\"},\"author\":{\"name\":\"Alejandro Ruiz Chang\",\"@id\":\"https:\\\/\\\/oncubanews.com\\\/en\\\/#\\\/schema\\\/person\\\/5b33058b67d9cc92629c50b584f938e3\"},\"headline\":\"Billboard: Dudo means doubt, so don\u2019t\",\"datePublished\":\"2018-06-15T19:47:00+00:00\",\"dateModified\":\"2018-10-02T18:35:44+00:00\",\"mainEntityOfPage\":{\"@id\":\"https:\\\/\\\/oncubanews.com\\\/en\\\/billboard-archive\\\/billboard-dudo-means-doubt-so-dont\\\/\"},\"wordCount\":948,\"commentCount\":0,\"image\":{\"@id\":\"https:\\\/\\\/oncubanews.com\\\/en\\\/billboard-archive\\\/billboard-dudo-means-doubt-so-dont\\\/#primaryimage\"},\"thumbnailUrl\":\"https:\\\/\\\/oncubanews.com\\\/en\\\/wp-content\\\/uploads\\\/2018\\\/06\\\/Portada-03-ingl\u00e9s-1.jpg\",\"keywords\":[\"weekly billboard\"],\"articleSection\":[\"Billboard Archive\"],\"inLanguage\":\"en-US\",\"potentialAction\":[{\"@type\":\"CommentAction\",\"name\":\"Comment\",\"target\":[\"https:\\\/\\\/oncubanews.com\\\/en\\\/billboard-archive\\\/billboard-dudo-means-doubt-so-dont\\\/#respond\"]}],\"copyrightYear\":\"2018\",\"copyrightHolder\":{\"@id\":\"https:\\\/\\\/oncubanews.com\\\/en\\\/#organization\"}},{\"@type\":\"WebPage\",\"@id\":\"https:\\\/\\\/oncubanews.com\\\/en\\\/billboard-archive\\\/billboard-dudo-means-doubt-so-dont\\\/\",\"url\":\"https:\\\/\\\/oncubanews.com\\\/en\\\/billboard-archive\\\/billboard-dudo-means-doubt-so-dont\\\/\",\"name\":\"Billboard: Dudo means doubt, so don\u2019t | OnCubaNews English\",\"isPartOf\":{\"@id\":\"https:\\\/\\\/oncubanews.com\\\/en\\\/#website\"},\"primaryImageOfPage\":{\"@id\":\"https:\\\/\\\/oncubanews.com\\\/en\\\/billboard-archive\\\/billboard-dudo-means-doubt-so-dont\\\/#primaryimage\"},\"image\":{\"@id\":\"https:\\\/\\\/oncubanews.com\\\/en\\\/billboard-archive\\\/billboard-dudo-means-doubt-so-dont\\\/#primaryimage\"},\"thumbnailUrl\":\"https:\\\/\\\/oncubanews.com\\\/en\\\/wp-content\\\/uploads\\\/2018\\\/06\\\/Portada-03-ingl\u00e9s-1.jpg\",\"datePublished\":\"2018-06-15T19:47:00+00:00\",\"dateModified\":\"2018-10-02T18:35:44+00:00\",\"author\":{\"@id\":\"https:\\\/\\\/oncubanews.com\\\/en\\\/#\\\/schema\\\/person\\\/5b33058b67d9cc92629c50b584f938e3\"},\"breadcrumb\":{\"@id\":\"https:\\\/\\\/oncubanews.com\\\/en\\\/billboard-archive\\\/billboard-dudo-means-doubt-so-dont\\\/#breadcrumb\"},\"inLanguage\":\"en-US\",\"potentialAction\":[{\"@type\":\"ReadAction\",\"target\":[\"https:\\\/\\\/oncubanews.com\\\/en\\\/billboard-archive\\\/billboard-dudo-means-doubt-so-dont\\\/\"]}]},{\"@type\":\"ImageObject\",\"inLanguage\":\"en-US\",\"@id\":\"https:\\\/\\\/oncubanews.com\\\/en\\\/billboard-archive\\\/billboard-dudo-means-doubt-so-dont\\\/#primaryimage\",\"url\":\"https:\\\/\\\/oncubanews.com\\\/en\\\/wp-content\\\/uploads\\\/2018\\\/06\\\/Portada-03-ingl\u00e9s-1.jpg\",\"contentUrl\":\"https:\\\/\\\/oncubanews.com\\\/en\\\/wp-content\\\/uploads\\\/2018\\\/06\\\/Portada-03-ingl\u00e9s-1.jpg\",\"width\":1958,\"height\":1271},{\"@type\":\"BreadcrumbList\",\"@id\":\"https:\\\/\\\/oncubanews.com\\\/en\\\/billboard-archive\\\/billboard-dudo-means-doubt-so-dont\\\/#breadcrumb\",\"itemListElement\":[{\"@type\":\"ListItem\",\"position\":1,\"name\":\"Portada\",\"item\":\"https:\\\/\\\/oncubanews.com\\\/en\\\/\"},{\"@type\":\"ListItem\",\"position\":2,\"name\":\"Billboard: Dudo means doubt, so don\u2019t\"}]},{\"@type\":\"WebSite\",\"@id\":\"https:\\\/\\\/oncubanews.com\\\/en\\\/#website\",\"url\":\"https:\\\/\\\/oncubanews.com\\\/en\\\/\",\"name\":\"OnCubaNews English\",\"description\":\"Revista sobre Cuba\",\"potentialAction\":[{\"@type\":\"SearchAction\",\"target\":{\"@type\":\"EntryPoint\",\"urlTemplate\":\"https:\\\/\\\/oncubanews.com\\\/en\\\/?s={search_term_string}\"},\"query-input\":{\"@type\":\"PropertyValueSpecification\",\"valueRequired\":true,\"valueName\":\"search_term_string\"}}],\"inLanguage\":\"en-US\"},{\"@type\":\"Person\",\"@id\":\"https:\\\/\\\/oncubanews.com\\\/en\\\/#\\\/schema\\\/person\\\/5b33058b67d9cc92629c50b584f938e3\",\"name\":\"Alejandro Ruiz Chang\",\"image\":{\"@type\":\"ImageObject\",\"inLanguage\":\"en-US\",\"@id\":\"https:\\\/\\\/oncubanews.com\\\/wp-content\\\/uploads\\\/2018\\\/11\\\/alejandro-ruiz-chang_avatar_1542067215-96x96-96x96.jpg7487662ab08cda8e6e96206f634e08f7\",\"url\":\"https:\\\/\\\/oncubanews.com\\\/wp-content\\\/uploads\\\/2018\\\/11\\\/alejandro-ruiz-chang_avatar_1542067215-96x96-96x96.jpg\",\"contentUrl\":\"https:\\\/\\\/oncubanews.com\\\/wp-content\\\/uploads\\\/2018\\\/11\\\/alejandro-ruiz-chang_avatar_1542067215-96x96-96x96.jpg\",\"caption\":\"Alejandro Ruiz Chang\"},\"description\":\"Naci\u00f3 en Guanabo, pero no le gusta el Sol. Del mar, en cambio, nunca se podr\u00e1 separar. Por eso sigue aferrado al malec\u00f3n y haciendo periodismo que es lo que, m\u00e1s menos, mejorcito se le da.\",\"url\":\"https:\\\/\\\/oncubanews.com\\\/en\\\/author\\\/alejandroruiz\\\/\"}]}<\/script>\n<!-- \/ Yoast SEO plugin. -->","yoast_head_json":{"title":"Billboard: Dudo means doubt, so don\u2019t | OnCubaNews English","robots":{"index":"index","follow":"follow","max-snippet":"max-snippet:-1","max-image-preview":"max-image-preview:large","max-video-preview":"max-video-preview:-1"},"canonical":"https:\/\/oncubanews.com\/en\/billboard-archive\/billboard-dudo-means-doubt-so-dont\/","og_locale":"en_US","og_type":"article","og_title":"Billboard: Dudo means doubt, so don\u2019t | OnCubaNews English","og_description":"A play premier by Teatro El Publico is more than enough to do as much as possible to get a ticket in Trianon theater. Carlos Diaz will present tomorrow Dudo, a unipersonal with actor Denys Ramos. The play is part of the third edition of French Culture in Cuba month. So if you have a [&hellip;]","og_url":"https:\/\/oncubanews.com\/en\/billboard-archive\/billboard-dudo-means-doubt-so-dont\/","og_site_name":"OnCubaNews English","article_published_time":"2018-06-15T19:47:00+00:00","article_modified_time":"2018-10-02T18:35:44+00:00","og_image":[{"width":1958,"height":1271,"url":"https:\/\/oncubanews.com\/en\/wp-content\/uploads\/2018\/06\/Portada-03-ingl\u00e9s-1.jpg","type":"image\/jpeg"}],"author":"Alejandro Ruiz Chang, aleruiz","twitter_card":"summary_large_image","twitter_misc":{"Written by":"Alejandro Ruiz Chang","Est. reading time":"5 minutes"},"schema":{"@context":"https:\/\/schema.org","@graph":[{"@type":"Article","@id":"https:\/\/oncubanews.com\/en\/billboard-archive\/billboard-dudo-means-doubt-so-dont\/#article","isPartOf":{"@id":"https:\/\/oncubanews.com\/en\/billboard-archive\/billboard-dudo-means-doubt-so-dont\/"},"author":{"name":"Alejandro Ruiz Chang","@id":"https:\/\/oncubanews.com\/en\/#\/schema\/person\/5b33058b67d9cc92629c50b584f938e3"},"headline":"Billboard: Dudo means doubt, so don\u2019t","datePublished":"2018-06-15T19:47:00+00:00","dateModified":"2018-10-02T18:35:44+00:00","mainEntityOfPage":{"@id":"https:\/\/oncubanews.com\/en\/billboard-archive\/billboard-dudo-means-doubt-so-dont\/"},"wordCount":948,"commentCount":0,"image":{"@id":"https:\/\/oncubanews.com\/en\/billboard-archive\/billboard-dudo-means-doubt-so-dont\/#primaryimage"},"thumbnailUrl":"https:\/\/oncubanews.com\/en\/wp-content\/uploads\/2018\/06\/Portada-03-ingl\u00e9s-1.jpg","keywords":["weekly billboard"],"articleSection":["Billboard Archive"],"inLanguage":"en-US","potentialAction":[{"@type":"CommentAction","name":"Comment","target":["https:\/\/oncubanews.com\/en\/billboard-archive\/billboard-dudo-means-doubt-so-dont\/#respond"]}],"copyrightYear":"2018","copyrightHolder":{"@id":"https:\/\/oncubanews.com\/en\/#organization"}},{"@type":"WebPage","@id":"https:\/\/oncubanews.com\/en\/billboard-archive\/billboard-dudo-means-doubt-so-dont\/","url":"https:\/\/oncubanews.com\/en\/billboard-archive\/billboard-dudo-means-doubt-so-dont\/","name":"Billboard: Dudo means doubt, so don\u2019t | OnCubaNews English","isPartOf":{"@id":"https:\/\/oncubanews.com\/en\/#website"},"primaryImageOfPage":{"@id":"https:\/\/oncubanews.com\/en\/billboard-archive\/billboard-dudo-means-doubt-so-dont\/#primaryimage"},"image":{"@id":"https:\/\/oncubanews.com\/en\/billboard-archive\/billboard-dudo-means-doubt-so-dont\/#primaryimage"},"thumbnailUrl":"https:\/\/oncubanews.com\/en\/wp-content\/uploads\/2018\/06\/Portada-03-ingl\u00e9s-1.jpg","datePublished":"2018-06-15T19:47:00+00:00","dateModified":"2018-10-02T18:35:44+00:00","author":{"@id":"https:\/\/oncubanews.com\/en\/#\/schema\/person\/5b33058b67d9cc92629c50b584f938e3"},"breadcrumb":{"@id":"https:\/\/oncubanews.com\/en\/billboard-archive\/billboard-dudo-means-doubt-so-dont\/#breadcrumb"},"inLanguage":"en-US","potentialAction":[{"@type":"ReadAction","target":["https:\/\/oncubanews.com\/en\/billboard-archive\/billboard-dudo-means-doubt-so-dont\/"]}]},{"@type":"ImageObject","inLanguage":"en-US","@id":"https:\/\/oncubanews.com\/en\/billboard-archive\/billboard-dudo-means-doubt-so-dont\/#primaryimage","url":"https:\/\/oncubanews.com\/en\/wp-content\/uploads\/2018\/06\/Portada-03-ingl\u00e9s-1.jpg","contentUrl":"https:\/\/oncubanews.com\/en\/wp-content\/uploads\/2018\/06\/Portada-03-ingl\u00e9s-1.jpg","width":1958,"height":1271},{"@type":"BreadcrumbList","@id":"https:\/\/oncubanews.com\/en\/billboard-archive\/billboard-dudo-means-doubt-so-dont\/#breadcrumb","itemListElement":[{"@type":"ListItem","position":1,"name":"Portada","item":"https:\/\/oncubanews.com\/en\/"},{"@type":"ListItem","position":2,"name":"Billboard: Dudo means doubt, so don\u2019t"}]},{"@type":"WebSite","@id":"https:\/\/oncubanews.com\/en\/#website","url":"https:\/\/oncubanews.com\/en\/","name":"OnCubaNews English","description":"Revista sobre Cuba","potentialAction":[{"@type":"SearchAction","target":{"@type":"EntryPoint","urlTemplate":"https:\/\/oncubanews.com\/en\/?s={search_term_string}"},"query-input":{"@type":"PropertyValueSpecification","valueRequired":true,"valueName":"search_term_string"}}],"inLanguage":"en-US"},{"@type":"Person","@id":"https:\/\/oncubanews.com\/en\/#\/schema\/person\/5b33058b67d9cc92629c50b584f938e3","name":"Alejandro Ruiz Chang","image":{"@type":"ImageObject","inLanguage":"en-US","@id":"https:\/\/oncubanews.com\/wp-content\/uploads\/2018\/11\/alejandro-ruiz-chang_avatar_1542067215-96x96-96x96.jpg7487662ab08cda8e6e96206f634e08f7","url":"https:\/\/oncubanews.com\/wp-content\/uploads\/2018\/11\/alejandro-ruiz-chang_avatar_1542067215-96x96-96x96.jpg","contentUrl":"https:\/\/oncubanews.com\/wp-content\/uploads\/2018\/11\/alejandro-ruiz-chang_avatar_1542067215-96x96-96x96.jpg","caption":"Alejandro Ruiz Chang"},"description":"Naci\u00f3 en Guanabo, pero no le gusta el Sol. Del mar, en cambio, nunca se podr\u00e1 separar. Por eso sigue aferrado al malec\u00f3n y haciendo periodismo que es lo que, m\u00e1s menos, mejorcito se le da.","url":"https:\/\/oncubanews.com\/en\/author\/alejandroruiz\/"}]}},"authors":[{"term_id":33547,"user_id":3524,"is_guest":0,"slug":"alejandroruiz","display_name":"Alejandro Ruiz Chang","avatar_url":"https:\/\/oncubanews.com\/wp-content\/uploads\/2018\/11\/alejandro-ruiz-chang_avatar_1542067215-96x96-96x96.jpg","0":null,"1":"","2":"","3":"","4":"","5":"","6":"","7":"","8":""},{"term_id":13550,"user_id":0,"is_guest":1,"slug":"cap-aleruiz","display_name":"aleruiz","avatar_url":"https:\/\/secure.gravatar.com\/avatar\/?s=96&r=g","0":null,"1":"","2":"","3":"","4":"","5":"","6":"","7":"","8":""}],"_links":{"self":[{"href":"https:\/\/oncubanews.com\/en\/wp-json\/wp\/v2\/posts\/185529","targetHints":{"allow":["GET"]}}],"collection":[{"href":"https:\/\/oncubanews.com\/en\/wp-json\/wp\/v2\/posts"}],"about":[{"href":"https:\/\/oncubanews.com\/en\/wp-json\/wp\/v2\/types\/post"}],"author":[{"embeddable":true,"href":"https:\/\/oncubanews.com\/en\/wp-json\/wp\/v2\/users\/3524"}],"replies":[{"embeddable":true,"href":"https:\/\/oncubanews.com\/en\/wp-json\/wp\/v2\/comments?post=185529"}],"version-history":[{"count":0,"href":"https:\/\/oncubanews.com\/en\/wp-json\/wp\/v2\/posts\/185529\/revisions"}],"wp:featuredmedia":[{"embeddable":true,"href":"https:\/\/oncubanews.com\/en\/wp-json\/wp\/v2\/media\/129949"}],"wp:attachment":[{"href":"https:\/\/oncubanews.com\/en\/wp-json\/wp\/v2\/media?parent=185529"}],"wp:term":[{"taxonomy":"category","embeddable":true,"href":"https:\/\/oncubanews.com\/en\/wp-json\/wp\/v2\/categories?post=185529"},{"taxonomy":"post_tag","embeddable":true,"href":"https:\/\/oncubanews.com\/en\/wp-json\/wp\/v2\/tags?post=185529"},{"taxonomy":"author","embeddable":true,"href":"https:\/\/oncubanews.com\/en\/wp-json\/wp\/v2\/ppma_author?post=185529"}],"curies":[{"name":"wp","href":"https:\/\/api.w.org\/{rel}","templated":true}]}}