
{"id":185531,"date":"2018-06-22T12:21:00","date_gmt":"2018-06-22T16:21:00","guid":{"rendered":"https:\/\/oncubanews.com\/en\/billboard-lets-talk-about-music-2\/"},"modified":"2018-10-02T14:36:03","modified_gmt":"2018-10-02T18:36:03","slug":"billboard-lets-talk-about-music","status":"publish","type":"post","link":"https:\/\/oncubanews.com\/en\/billboard-archive\/billboard-lets-talk-about-music\/","title":{"rendered":"Billboard: Let\u2019s talk about music"},"content":{"rendered":"<p>AM-PM folks say future is here and Cuban music professionals must be part of it. That\u2019s why they\u2019ll have their fourth event. Days of a lot of talks and a lot of music. You\u2019re all invited!<\/p>\n<p>To keep the Music spirit, another super event: Laura Pausini and Gente de Zona in concert for free in Ciudad Deportiva. Also Silvio Rodriguez concert, electronic music, choir festival and much more.<\/p>\n<p>In Visual Arts, proposals from de Lyon Biennale in France. In Cinema, some Spanish films. In Theater, the new play by El Ciervo Encantado. And in FAC, a little bit of everything.<\/p>\n<p>See you around!<\/p>\n<div id=\"banner1\" class=\"cartelera_banner\"><a href=\"https:\/\/oncubanews.com\/wp-content\/uploads\/2017\/09\/Banner-m\u00fasica_ingl\u00e9s_red.jpg\"><img loading=\"lazy\" decoding=\"async\" width=\"755\" height=\"145\" class=\"aligncenter wp-image-103306 size-full\" src=\"https:\/\/oncubanews.com\/wp-content\/uploads\/2017\/09\/Banner-m\u00fasica_ingl\u00e9s_red.jpg\" alt=\"\" \/><\/a><\/div>\n<div>\n<h3>AM-PM for fourth time<\/h3>\n<p>About to begin the fourth edition of the AM-PM \u201cAmerica for its Music\u201d, from June 26th to 29th in FAC, from 2 pm to 5 pm.<br \/>\nThe event proposes four talks with a general topic: \u201cMusic auto-management in digital contexts\u201d, mainly for music professionals and everyone interested in update the knowledge about creation challenges, distribution and broadcasting for the contemporary artist.<\/p>\n<p><a href=\"https:\/\/oncubanews.com\/wp-content\/uploads\/2018\/06\/am-pm.jpg\"><img decoding=\"async\" class=\"aligncenter size-full wp-image-130083\" src=\"https:\/\/oncubanews.com\/wp-content\/uploads\/2018\/06\/am-pm.jpg\" alt=\"\" \/><\/a><br \/>\nTo end the event, on Friday, the launching of Magazine AM-PM and X Alfonso in concert with Roberto Fonseca. Check out the program here:<br \/>\n<a href=\"https:\/\/oncubanews.com\/wp-content\/uploads\/2018\/06\/AM-PM-2018-Programa-digital-1.jpg\"><img decoding=\"async\" class=\"aligncenter size-full wp-image-130081\" src=\"https:\/\/oncubanews.com\/wp-content\/uploads\/2018\/06\/AM-PM-2018-Programa-digital-1.jpg\" alt=\"\" \/><\/a><\/p>\n<p><a href=\"https:\/\/oncubanews.com\/wp-content\/uploads\/2016\/03\/Separador-023.png\"><img loading=\"lazy\" decoding=\"async\" width=\"758\" height=\"28\" class=\"aligncenter size-full wp-image-65415\" src=\"https:\/\/oncubanews.com\/wp-content\/uploads\/2016\/03\/Separador-023.png\" alt=\"\" srcset=\"https:\/\/oncubanews.com\/en\/wp-content\/uploads\/2016\/03\/Separador-023.png 758w, https:\/\/oncubanews.com\/en\/wp-content\/uploads\/2016\/03\/Separador-023-300x11.png 300w\" sizes=\"auto, (max-width: 758px) 100vw, 758px\" \/><\/a><\/p>\n<h3>Pausini in Cuba<\/h3>\n<p>Laura Pausini and Gente de Zona in concert, next Tuesday, June 26th, at 9 pm in Ciudad Deportiva in Havana.<\/p>\n<p>https:\/\/oncubamagazine.com\/noticia\/pausini-gente-zona-concierto-unico-la-habana\/<\/p>\n<p>The show will be Laura Pausini debut in Cuba. One of the concert\u2019s hit will be Nadie ha dicho, video clip with more than 25 million views in Youtube.<\/p>\n<h3><a href=\"https:\/\/oncubanews.com\/wp-content\/uploads\/2016\/03\/Separador-023.png\"><img loading=\"lazy\" decoding=\"async\" width=\"758\" height=\"28\" class=\"aligncenter size-full wp-image-65415\" src=\"https:\/\/oncubanews.com\/wp-content\/uploads\/2016\/03\/Separador-023.png\" alt=\"\" srcset=\"https:\/\/oncubanews.com\/en\/wp-content\/uploads\/2016\/03\/Separador-023.png 758w, https:\/\/oncubanews.com\/en\/wp-content\/uploads\/2016\/03\/Separador-023-300x11.png 300w\" sizes=\"auto, (max-width: 758px) 100vw, 758px\" \/><\/a><\/h3>\n<h3>Silvio in Matanzas<\/h3>\n<p>Today, at 7 pm, Silvio Rodriguez will offer the 94 concert of his neighborhoods tour, in Parque de la Estrella, in Matanzas. This concert will be parte of the First Encounter of Trovadores in Matanzas. As special guest the singer-song writer Yunier Perez Garcia.<\/p>\n<figure id=\"attachment_102509\" aria-describedby=\"caption-attachment-102509\" style=\"width: 755px\" class=\"wp-caption aligncenter\"><img loading=\"lazy\" decoding=\"async\" width=\"755\" height=\"503\" class=\"size-full wp-image-102509\" src=\"https:\/\/oncubanews.com\/wp-content\/uploads\/2017\/09\/Silvio-en-Summer-Stage-Gabriel-Guerra-Bianchini-4.gif\" alt=\"Silvio en concierto en el Summer Stage de Nueva York. Foto: Gabriel Guerra Bianchini.\" \/><figcaption id=\"caption-attachment-102509\" class=\"wp-caption-text\">Silvio Rodr\u00edguez en su concierto del Summer Stage de Nueva York, septiembre de 2017. Foto: Gabriel Guerra Bianchini.<span style=\"font-size: 16px\">\u00a0<\/span><\/figcaption><\/figure>\n<h3><a href=\"https:\/\/oncubanews.com\/wp-content\/uploads\/2016\/03\/Separador-023.png\"><img loading=\"lazy\" decoding=\"async\" width=\"758\" height=\"28\" class=\"aligncenter size-full wp-image-65415\" src=\"https:\/\/oncubanews.com\/wp-content\/uploads\/2016\/03\/Separador-023.png\" alt=\"\" srcset=\"https:\/\/oncubanews.com\/en\/wp-content\/uploads\/2016\/03\/Separador-023.png 758w, https:\/\/oncubanews.com\/en\/wp-content\/uploads\/2016\/03\/Separador-023-300x11.png 300w\" sizes=\"auto, (max-width: 758px) 100vw, 758px\" \/><\/a><\/h3>\n<h3>Electronic and Analogic<\/h3>\n<p>Party with DJoy de Cuba and guests tomorrow, at 6 pm, in La Chorrera. Twelve hours of electronic music!<\/p>\n<p><a href=\"https:\/\/oncubanews.com\/wp-content\/uploads\/2018\/06\/analogica.jpg\"><img decoding=\"async\" class=\"aligncenter size-full wp-image-130084\" src=\"https:\/\/oncubanews.com\/wp-content\/uploads\/2018\/06\/analogica.jpg\" alt=\"\" \/><\/a><\/p>\n<p><a href=\"https:\/\/oncubanews.com\/wp-content\/uploads\/2016\/03\/Separador-023.png\"><img loading=\"lazy\" decoding=\"async\" width=\"758\" height=\"28\" class=\"aligncenter size-full wp-image-65415\" src=\"https:\/\/oncubanews.com\/wp-content\/uploads\/2016\/03\/Separador-023.png\" alt=\"\" srcset=\"https:\/\/oncubanews.com\/en\/wp-content\/uploads\/2016\/03\/Separador-023.png 758w, https:\/\/oncubanews.com\/en\/wp-content\/uploads\/2016\/03\/Separador-023-300x11.png 300w\" sizes=\"auto, (max-width: 758px) 100vw, 758px\" \/><\/a><\/p>\n<h3>CorHabana 2018<\/h3>\n<p>The XIII International Choir Festival CorHabana 2018, from June 26th to 30th in Havana. Inauguration in Convent San Francisco de Asis, at 6 pm.<br \/>\n<a href=\"https:\/\/oncubanews.com\/wp-content\/uploads\/2018\/06\/CorHavana-mejor.jpg\"><img decoding=\"async\" class=\"aligncenter wp-image-130089 size-full\" src=\"https:\/\/oncubanews.com\/wp-content\/uploads\/2018\/06\/CorHavana-mejor.jpg\" alt=\"\" \/><\/a><br \/>\nProgramaci\u00f3n de conciertos:<br \/>\nDay 30th<br \/>\nOratorio San Felipe Neri (4 p.m.)<\/p>\n<p>Days 27th, 28h and 29th<br \/>\nChurch San Francisco de Paula (7 p.m.)<br \/>\nCentro Hispanoamericano de Cultura (5 p.m.)<\/p>\n<p>Days 27th, 28th, 29th and 30th<br \/>\nFine Arts Musem (Universal Arts building)<br \/>\nMuseo de la Revoluci\u00f3n (3 p.m.)<\/p>\n<p>Closure: Day 30th<br \/>\nCovarrubias Hall of Teatro Nacional (8:30 pm)<br \/>\nWorkshops : Days 27th, 28th and 29th Time: 9:30 a.m. \u2013 12:30 p.m.<\/p>\n<p><a href=\"https:\/\/oncubanews.com\/wp-content\/uploads\/2016\/03\/Separador-023.png\"><img loading=\"lazy\" decoding=\"async\" width=\"758\" height=\"28\" class=\"aligncenter size-full wp-image-65415\" src=\"https:\/\/oncubanews.com\/wp-content\/uploads\/2016\/03\/Separador-023.png\" alt=\"\" srcset=\"https:\/\/oncubanews.com\/en\/wp-content\/uploads\/2016\/03\/Separador-023.png 758w, https:\/\/oncubanews.com\/en\/wp-content\/uploads\/2016\/03\/Separador-023-300x11.png 300w\" sizes=\"auto, (max-width: 758px) 100vw, 758px\" \/><\/a><\/p>\n<h3>Telmary is on<\/h3>\n<p>Every Saturday in Cafe\u0301 Miramar (5th Ave. and 94, Playa)a different concert. This time Telmary y Habana Sana, at 2 pm.<\/p>\n<figure id=\"attachment_114206\" aria-describedby=\"caption-attachment-114206\" style=\"width: 4219px\" class=\"wp-caption aligncenter\"><a href=\"https:\/\/oncubanews.com\/wp-content\/uploads\/2018\/01\/Telmary-Claudio-Pelaez-Sordo-OnCuba-18.jpg\"><img decoding=\"async\" class=\"size-full wp-image-114206\" src=\"https:\/\/oncubanews.com\/wp-content\/uploads\/2018\/01\/Telmary-Claudio-Pelaez-Sordo-OnCuba-18.jpg\" alt=\"Telmary y Habana Sana. Foto: Claudio Pelaez Sordo.\" \/><\/a><figcaption id=\"caption-attachment-114206\" class=\"wp-caption-text\">Telmary y Habana Sana. Foto: Claudio Pelaez Sordo.<\/figcaption><\/figure>\n<p><a href=\"https:\/\/oncubanews.com\/wp-content\/uploads\/2016\/03\/Separador-023.png\"><img loading=\"lazy\" decoding=\"async\" width=\"758\" height=\"28\" class=\"aligncenter size-full wp-image-65415\" src=\"https:\/\/oncubanews.com\/wp-content\/uploads\/2016\/03\/Separador-023.png\" alt=\"\" srcset=\"https:\/\/oncubanews.com\/en\/wp-content\/uploads\/2016\/03\/Separador-023.png 758w, https:\/\/oncubanews.com\/en\/wp-content\/uploads\/2016\/03\/Separador-023-300x11.png 300w\" sizes=\"auto, (max-width: 758px) 100vw, 758px\" \/><\/a><\/p>\n<h3>Quenistica in Yara<\/h3>\n<p>To start the summer a live concert in the lobby of Yara movie theater, with Rodrigo Sosa and Quenistica, as guests Oliver Valdes, Adel Gonzalez and Ruben Bulnes. This will happen tomorrow, at 6 pm.<\/p>\n<figure id=\"attachment_130199\" aria-describedby=\"caption-attachment-130199\" style=\"width: 688px\" class=\"wp-caption aligncenter\"><a href=\"https:\/\/oncubanews.com\/wp-content\/uploads\/2018\/06\/rodrigo-sosa.jpg\"><img decoding=\"async\" class=\"size-full wp-image-130199\" src=\"https:\/\/oncubanews.com\/wp-content\/uploads\/2018\/06\/rodrigo-sosa.jpg\" alt=\"Foto: Tomada del evento de Rodrigo Sosa en Facebook.\" \/><\/a><figcaption id=\"caption-attachment-130199\" class=\"wp-caption-text\">Foto: Evento de Rodrigo Sosa en Facebook.<\/figcaption><\/figure>\n<p><a href=\"https:\/\/oncubanews.com\/wp-content\/uploads\/2016\/03\/Separador-023.png\"><img loading=\"lazy\" decoding=\"async\" width=\"758\" height=\"28\" class=\"aligncenter size-full wp-image-65415\" src=\"https:\/\/oncubanews.com\/wp-content\/uploads\/2016\/03\/Separador-023.png\" alt=\"\" srcset=\"https:\/\/oncubanews.com\/en\/wp-content\/uploads\/2016\/03\/Separador-023.png 758w, https:\/\/oncubanews.com\/en\/wp-content\/uploads\/2016\/03\/Separador-023-300x11.png 300w\" sizes=\"auto, (max-width: 758px) 100vw, 758px\" \/><\/a><\/p>\n<h3>Varela in Miami<\/h3>\n<p>Carlos Varela and his banda in concert presenting a new CD El grito mudo, today and tomorrow, at 9 pm, in Flamingo Theater.<\/p>\n<p><a href=\"https:\/\/oncubanews.com\/wp-content\/uploads\/2018\/06\/varela-en-miami.jpg\"><img decoding=\"async\" class=\"aligncenter size-full wp-image-130205\" src=\"https:\/\/oncubanews.com\/wp-content\/uploads\/2018\/06\/varela-en-miami.jpg\" alt=\"\" \/><\/a><\/p>\n<h3><a href=\"https:\/\/oncubanews.com\/wp-content\/uploads\/2016\/03\/Separador-023.png\"><img loading=\"lazy\" decoding=\"async\" width=\"758\" height=\"28\" class=\"aligncenter size-full wp-image-65415\" src=\"https:\/\/oncubanews.com\/wp-content\/uploads\/2016\/03\/Separador-023.png\" alt=\"\" srcset=\"https:\/\/oncubanews.com\/en\/wp-content\/uploads\/2016\/03\/Separador-023.png 758w, https:\/\/oncubanews.com\/en\/wp-content\/uploads\/2016\/03\/Separador-023-300x11.png 300w\" sizes=\"auto, (max-width: 758px) 100vw, 758px\" \/><\/a><\/h3>\n<p><a href=\"https:\/\/oncubanews.com\/wp-content\/uploads\/2016\/03\/Separador-023.png\"><img loading=\"lazy\" decoding=\"async\" width=\"758\" height=\"28\" class=\"aligncenter size-full wp-image-65415\" src=\"https:\/\/oncubanews.com\/wp-content\/uploads\/2016\/03\/Separador-023.png\" alt=\"\" srcset=\"https:\/\/oncubanews.com\/en\/wp-content\/uploads\/2016\/03\/Separador-023.png 758w, https:\/\/oncubanews.com\/en\/wp-content\/uploads\/2016\/03\/Separador-023-300x11.png 300w\" sizes=\"auto, (max-width: 758px) 100vw, 758px\" \/><\/a><\/p>\n<h3>Rolando Luna Live<\/h3>\n<p>Rolando Luna in concert in El Tablao of the Great Theater of Havana, next Tuesday 26th, at 9pm.<br \/>\n<a href=\"https:\/\/oncubanews.com\/wp-content\/uploads\/2018\/06\/rolando-luna.jpg\"><img decoding=\"async\" class=\"aligncenter size-full wp-image-130203\" src=\"https:\/\/oncubanews.com\/wp-content\/uploads\/2018\/06\/rolando-luna.jpg\" alt=\"\" \/><\/a><br \/>\n<a href=\"https:\/\/oncubanews.com\/wp-content\/uploads\/2016\/03\/Separador-023.png\"><img loading=\"lazy\" decoding=\"async\" width=\"758\" height=\"28\" class=\"aligncenter size-full wp-image-65415\" src=\"https:\/\/oncubanews.com\/wp-content\/uploads\/2016\/03\/Separador-023.png\" alt=\"\" srcset=\"https:\/\/oncubanews.com\/en\/wp-content\/uploads\/2016\/03\/Separador-023.png 758w, https:\/\/oncubanews.com\/en\/wp-content\/uploads\/2016\/03\/Separador-023-300x11.png 300w\" sizes=\"auto, (max-width: 758px) 100vw, 758px\" \/><\/a><\/p>\n<h3>Bembe party<\/h3>\n<p>Afro-Cuban party today, at 8 pm, with DJ Milano in Bembe Bar (Barcelona St, corner to Amistad, Centro Habana).<\/p>\n<p><a href=\"https:\/\/oncubanews.com\/wp-content\/uploads\/2018\/06\/bembe.jpg\"><img decoding=\"async\" class=\"aligncenter size-full wp-image-130223\" src=\"https:\/\/oncubanews.com\/wp-content\/uploads\/2018\/06\/bembe.jpg\" alt=\"\" \/><\/a><br \/>\n<a href=\"https:\/\/oncubanews.com\/wp-content\/uploads\/2016\/03\/Separador-023.png\"><img loading=\"lazy\" decoding=\"async\" width=\"758\" height=\"28\" class=\"aligncenter size-full wp-image-65415\" src=\"https:\/\/oncubanews.com\/wp-content\/uploads\/2016\/03\/Separador-023.png\" alt=\"\" srcset=\"https:\/\/oncubanews.com\/en\/wp-content\/uploads\/2016\/03\/Separador-023.png 758w, https:\/\/oncubanews.com\/en\/wp-content\/uploads\/2016\/03\/Separador-023-300x11.png 300w\" sizes=\"auto, (max-width: 758px) 100vw, 758px\" \/><\/a><\/p>\n<\/div>\n<div id=\"banner2\" class=\"cartelera_banner\">\n<h3><a href=\"https:\/\/oncubanews.com\/wp-content\/uploads\/2017\/10\/Banner-Artes-visuales_ingl\u00e9s_red.jpg\"><img loading=\"lazy\" decoding=\"async\" width=\"755\" height=\"145\" class=\"aligncenter wp-image-104355 size-full\" src=\"https:\/\/oncubanews.com\/wp-content\/uploads\/2017\/10\/Banner-Artes-visuales_ingl\u00e9s_red.jpg\" alt=\"\" \/><\/a><\/h3>\n<\/div>\n<div>\n<h3>Suspects and secrets in Villa Manuela<\/h3>\n<p>Gallery Villa Manuela inaugurates the show Sospecharan cuantos secretos hay?, by artist Hilda Vidal. Today, at 6 pm. Expo will be on until July 20th.<br \/>\n<a href=\"https:\/\/oncubanews.com\/wp-content\/uploads\/2018\/06\/HILDA-VIDAL-_-Invitaci\u00f3n.jpg\"><img decoding=\"async\" class=\"aligncenter size-full wp-image-130090\" src=\"https:\/\/oncubanews.com\/wp-content\/uploads\/2018\/06\/HILDA-VIDAL-_-Invitaci\u00f3n.jpg\" alt=\"\" \/><\/a><br \/>\n<a href=\"https:\/\/oncubanews.com\/wp-content\/uploads\/2016\/03\/Separador-023.png\"><img loading=\"lazy\" decoding=\"async\" width=\"758\" height=\"28\" class=\"aligncenter size-full wp-image-65415\" src=\"https:\/\/oncubanews.com\/wp-content\/uploads\/2016\/03\/Separador-023.png\" alt=\"\" srcset=\"https:\/\/oncubanews.com\/en\/wp-content\/uploads\/2016\/03\/Separador-023.png 758w, https:\/\/oncubanews.com\/en\/wp-content\/uploads\/2016\/03\/Separador-023-300x11.png 300w\" sizes=\"auto, (max-width: 758px) 100vw, 758px\" \/><\/a><\/p>\n<h3>Rendez-vous in Havana<\/h3>\n<p>Expo Rendez-Vous, will be inaugurated today in Contemporary Art Center Wilfredo Lam, at 5 pm. The show is a international platform dedicated to the young creation and was founded in 2002 by the Contemporary Art Museum in Lyon, France.<\/p>\n<p><a href=\"https:\/\/oncubanews.com\/wp-content\/uploads\/2018\/06\/Invitacio\u0301n-opening.png\"><img decoding=\"async\" class=\"aligncenter size-full wp-image-130091\" src=\"https:\/\/oncubanews.com\/wp-content\/uploads\/2018\/06\/Invitacio\u0301n-opening.png\" alt=\"\" \/><\/a><\/p>\n<p><a href=\"https:\/\/oncubanews.com\/wp-content\/uploads\/2016\/03\/Separador-023.png\"><img loading=\"lazy\" decoding=\"async\" width=\"758\" height=\"28\" class=\"aligncenter size-full wp-image-65415\" src=\"https:\/\/oncubanews.com\/wp-content\/uploads\/2016\/03\/Separador-023.png\" alt=\"\" srcset=\"https:\/\/oncubanews.com\/en\/wp-content\/uploads\/2016\/03\/Separador-023.png 758w, https:\/\/oncubanews.com\/en\/wp-content\/uploads\/2016\/03\/Separador-023-300x11.png 300w\" sizes=\"auto, (max-width: 758px) 100vw, 758px\" \/><\/a><\/p>\n<\/div>\n<div id=\"banner3\" class=\"cartelera_banner\"><a href=\"https:\/\/oncubanews.com\/wp-content\/uploads\/2017\/09\/Banner-FAC_ingl\u00e9s_red.jpg\"><img loading=\"lazy\" decoding=\"async\" width=\"755\" height=\"145\" class=\"aligncenter wp-image-103304 size-full\" src=\"https:\/\/oncubanews.com\/wp-content\/uploads\/2017\/09\/Banner-FAC_ingl\u00e9s_red.jpg\" alt=\"\" \/><\/a><\/div>\n<div>\n<h3>Let\u2019s go to FAC<\/h3>\n<p><strong>FRIDAY, JUNE 22nd<\/strong><\/p>\n<p>8:30 pm: Contemporary Dance Class by Niosbel Gonzalez.<\/p>\n<p>9:30 pm: Dance: Company Pajara Pinta (Colombia). Nave 3.<\/p>\n\n<p>9:30 pm: Session DJ Producer: Ivan Lejardi. Nave 1.<\/p>\n<p>11:00 pm: William Vivanco in concert. Nave 4.<\/p>\n<p><a href=\"https:\/\/oncubanews.com\/wp-content\/uploads\/2018\/06\/vie-vivanco.jpg\"><img decoding=\"async\" class=\"aligncenter size-full wp-image-130106\" src=\"https:\/\/oncubanews.com\/wp-content\/uploads\/2018\/06\/vie-vivanco.jpg\" alt=\"\" \/><\/a><\/p>\n<p>12:00 am: Open Jazz Jam with Jesus Pupo. Nave 1.<\/p>\n<p><a href=\"https:\/\/oncubanews.com\/wp-content\/uploads\/2018\/06\/vie-jesus-pupo.jpg\"><img decoding=\"async\" class=\"aligncenter size-full wp-image-130104\" src=\"https:\/\/oncubanews.com\/wp-content\/uploads\/2018\/06\/vie-jesus-pupo.jpg\" alt=\"\" \/><\/a><\/p>\n<p><strong>SATURDAY, JUNE 23th<\/strong><\/p>\n<p>9:00 pm: Collection: Flora. Designers: Pavel Lopez and Guido Asenjo. Nave 3.<\/p>\n<p>9:30 pm: Session DJ Producer: Ivan Lejardi. Nave 1.<\/p>\n<p>11:00 pm: Hector Tellez Jr. in concert. Nave 4.<\/p>\n\n<p>12:00 am: Rock and Roll in FAC: Divergente. Nave 1.<\/p>\n<p><a href=\"https:\/\/oncubanews.com\/wp-content\/uploads\/2018\/06\/sab-divergente.jpg\"><img decoding=\"async\" class=\"aligncenter size-full wp-image-130229\" src=\"https:\/\/oncubanews.com\/wp-content\/uploads\/2018\/06\/sab-divergente.jpg\" alt=\"\" \/><\/a><\/p>\n<p><strong>SUNDAY, JUNE 24th<\/strong><\/p>\n<p>9:00 pm: Play: El Enano en la Botella. Teatro de la Luna. Nave 3.<\/p>\n<p>10:00 pm: Ariel Diaz and Diego Cano in concert. Nave 1.<\/p>\n<p>10:00 pm: Teatro del Caballero presents: De Paris un caballero. Nave 5.<\/p>\n<p><a href=\"https:\/\/oncubanews.com\/wp-content\/uploads\/2018\/06\/teatro-en-fac-1.jpg\"><img decoding=\"async\" class=\"aligncenter size-full wp-image-130329\" src=\"https:\/\/oncubanews.com\/wp-content\/uploads\/2018\/06\/teatro-en-fac-1.jpg\" alt=\"\" \/><\/a><\/p>\n<p>10:30 pm: AND Music. Guest: Tony Avila.<\/p>\n<p>11: 00 pm: Tony Avila in concert. Nave 4.<\/p>\n<p>11:30 pm: Session DJ Producer: Ivan Lejardi. Nave 1.<\/p>\n<p><a href=\"https:\/\/oncubanews.com\/wp-content\/uploads\/2018\/06\/lejardi.jpg\"><img decoding=\"async\" class=\"aligncenter size-full wp-image-130108\" src=\"https:\/\/oncubanews.com\/wp-content\/uploads\/2018\/06\/lejardi.jpg\" alt=\"\" \/><\/a><\/p>\n<p><a href=\"https:\/\/oncubanews.com\/wp-content\/uploads\/2016\/03\/Separador-023.png\"><img loading=\"lazy\" decoding=\"async\" width=\"758\" height=\"28\" class=\"aligncenter size-full wp-image-65415\" src=\"https:\/\/oncubanews.com\/wp-content\/uploads\/2016\/03\/Separador-023.png\" alt=\"\" srcset=\"https:\/\/oncubanews.com\/en\/wp-content\/uploads\/2016\/03\/Separador-023.png 758w, https:\/\/oncubanews.com\/en\/wp-content\/uploads\/2016\/03\/Separador-023-300x11.png 300w\" sizes=\"auto, (max-width: 758px) 100vw, 758px\" \/><\/a><\/p>\n<\/div>\n<div id=\"banner4\" class=\"cartelera_banner\"><a href=\"https:\/\/oncubanews.com\/wp-content\/uploads\/2017\/09\/Banner-Teatro_ingl\u00e9s_red.jpg\"><img loading=\"lazy\" decoding=\"async\" width=\"755\" height=\"145\" class=\"aligncenter wp-image-103311 size-full\" src=\"https:\/\/oncubanews.com\/wp-content\/uploads\/2017\/09\/Banner-Teatro_ingl\u00e9s_red.jpg\" alt=\"\" \/><\/a><\/div>\n<div>\n<h3><em>Arrivals<\/em> in El Ciervo Encantado<\/h3>\n<p>El Ciervo Encantado present Arrivals, a Mariela Brito\u2019s perform directed by Nelda Castillo. This weekend and the next, at 8:30 pm, in Theater El Ciervo Encantado.<\/p>\n<p><a href=\"https:\/\/oncubanews.com\/wp-content\/uploads\/2018\/06\/Cartel-ARRIVALS.jpg\"><img decoding=\"async\" class=\"aligncenter wp-image-130242 size-full\" src=\"https:\/\/oncubanews.com\/wp-content\/uploads\/2018\/06\/Cartel-ARRIVALS.jpg\" alt=\"\" \/><\/a><\/p>\n<h3><a href=\"https:\/\/oncubanews.com\/wp-content\/uploads\/2016\/03\/Separador-023.png\"><img loading=\"lazy\" decoding=\"async\" width=\"758\" height=\"28\" class=\"aligncenter size-full wp-image-65415\" src=\"https:\/\/oncubanews.com\/wp-content\/uploads\/2016\/03\/Separador-023.png\" alt=\"\" srcset=\"https:\/\/oncubanews.com\/en\/wp-content\/uploads\/2016\/03\/Separador-023.png 758w, https:\/\/oncubanews.com\/en\/wp-content\/uploads\/2016\/03\/Separador-023-300x11.png 300w\" sizes=\"auto, (max-width: 758px) 100vw, 758px\" \/><\/a><\/h3>\n<\/div>\n<div id=\"banner5\" class=\"cartelera_banner\"><a href=\"https:\/\/oncubanews.com\/wp-content\/uploads\/2017\/09\/Banner-Cine_ingl\u00e9s_red.jpg\"><img loading=\"lazy\" decoding=\"async\" width=\"755\" height=\"145\" class=\"aligncenter wp-image-103302 size-full\" src=\"https:\/\/oncubanews.com\/wp-content\/uploads\/2017\/09\/Banner-Cine_ingl\u00e9s_red.jpg\" alt=\"\" \/><\/a><\/div>\n<div>\n<h3>Spanish cinema in Havana<\/h3>\n<p>June will end with another international movie show, this time the Spanish Cinema Show. Here you have the program but just a new thing is every screening will include a restored ICAIC Latin-American News.<\/p>\n<p><a href=\"https:\/\/oncubanews.com\/wp-content\/uploads\/2018\/06\/CINE-1.jpg\"><img decoding=\"async\" class=\"aligncenter size-full wp-image-130248\" src=\"https:\/\/oncubanews.com\/wp-content\/uploads\/2018\/06\/CINE-1.jpg\" alt=\"\" \/><\/a><\/p>\n<p>CINE 23 y 12<\/p>\n<p>Wed 27th: 8 p.m.: Opening with film PERFECTOS DESCONOCIDOS (2017), directed by \u00c1lex de la Iglesia.<\/p>\n<p>Noticiero ICAIC Latinoamericano 167<\/p>\n<p>Thu 28th: 6 p.m.: EL AUTOR (2017) \/ Manuel Mart\u00edn Cuenca.<\/p>\n<p>Noticiero ICAIC Latinoamericano 168<\/p>\n<p>ACAPULCO<\/p>\n<p>Wed 27th: 6 p.m.: LA LLAMADA (2017) \/ Javier Ambrossi, Javier Calvo.<\/p>\n<p>Noticiero ICAIC Latinoamericano 170.<\/p>\n<p>J 28: 6 p.m.: MORIR (2017) \/ Fernando Franco.<\/p>\n<p>Noticiero ICAIC Latinoamericano 171.<\/p>\n<p><a href=\"https:\/\/oncubanews.com\/wp-content\/uploads\/2018\/06\/CINE-2.jpg\"><img decoding=\"async\" class=\"aligncenter size-full wp-image-130249\" src=\"https:\/\/oncubanews.com\/wp-content\/uploads\/2018\/06\/CINE-2.jpg\" alt=\"\" \/><\/a><\/p>\n<p><a href=\"https:\/\/oncubanews.com\/wp-content\/uploads\/2016\/03\/Separador-023.png\"><img loading=\"lazy\" decoding=\"async\" width=\"758\" height=\"28\" class=\"aligncenter size-full wp-image-65415\" src=\"https:\/\/oncubanews.com\/wp-content\/uploads\/2016\/03\/Separador-023.png\" alt=\"\" srcset=\"https:\/\/oncubanews.com\/en\/wp-content\/uploads\/2016\/03\/Separador-023.png 758w, https:\/\/oncubanews.com\/en\/wp-content\/uploads\/2016\/03\/Separador-023-300x11.png 300w\" sizes=\"auto, (max-width: 758px) 100vw, 758px\" \/><\/a><\/p>\n<\/div>\n","protected":false},"excerpt":{"rendered":"<p>AM-PM folks say future is here and Cuban music professionals must be part of it. That\u2019s why they\u2019ll have their fourth event. Days of a lot of talks and a lot of music. You\u2019re all invited! To keep the Music spirit, another super event: Laura Pausini and Gente de Zona in concert for free in [&hellip;]<\/p>\n","protected":false},"author":3524,"featured_media":185532,"comment_status":"open","ping_status":"closed","sticky":false,"template":"","format":"standard","meta":{"_acf_changed":false,"footnotes":""},"categories":[14198],"tags":[14813],"ppma_author":[33547,13550],"class_list":["post-185531","post","type-post","status-publish","format-standard","has-post-thumbnail","hentry","category-billboard-archive","tag-weekly-billboard"],"acf":[],"yoast_head":"<!-- This site is optimized with the Yoast SEO plugin v27.3 - https:\/\/yoast.com\/product\/yoast-seo-wordpress\/ -->\n<title>Billboard: Let\u2019s talk about music | OnCubaNews English<\/title>\n<meta name=\"robots\" content=\"index, follow, max-snippet:-1, max-image-preview:large, max-video-preview:-1\" \/>\n<link rel=\"canonical\" href=\"https:\/\/oncubanews.com\/en\/billboard-archive\/billboard-lets-talk-about-music\/\" \/>\n<meta property=\"og:locale\" content=\"en_US\" \/>\n<meta property=\"og:type\" content=\"article\" \/>\n<meta property=\"og:title\" content=\"Billboard: Let\u2019s talk about music | OnCubaNews English\" \/>\n<meta property=\"og:description\" content=\"AM-PM folks say future is here and Cuban music professionals must be part of it. That\u2019s why they\u2019ll have their fourth event. Days of a lot of talks and a lot of music. You\u2019re all invited! To keep the Music spirit, another super event: Laura Pausini and Gente de Zona in concert for free in [&hellip;]\" \/>\n<meta property=\"og:url\" content=\"https:\/\/oncubanews.com\/en\/billboard-archive\/billboard-lets-talk-about-music\/\" \/>\n<meta property=\"og:site_name\" content=\"OnCubaNews English\" \/>\n<meta property=\"article:published_time\" content=\"2018-06-22T16:21:00+00:00\" \/>\n<meta property=\"article:modified_time\" content=\"2018-10-02T18:36:03+00:00\" \/>\n<meta property=\"og:image\" content=\"https:\/\/oncubanews.com\/en\/wp-content\/uploads\/2018\/09\/Portada-04-ingl\u00e9s-1-1.jpg\" \/>\n\t<meta property=\"og:image:width\" content=\"1958\" \/>\n\t<meta property=\"og:image:height\" content=\"1271\" \/>\n\t<meta property=\"og:image:type\" content=\"image\/jpeg\" \/>\n<meta name=\"author\" content=\"Alejandro Ruiz Chang, aleruiz\" \/>\n<meta name=\"twitter:card\" content=\"summary_large_image\" \/>\n<meta name=\"twitter:label1\" content=\"Written by\" \/>\n\t<meta name=\"twitter:data1\" content=\"Alejandro Ruiz Chang\" \/>\n\t<meta name=\"twitter:label2\" content=\"Est. reading time\" \/>\n\t<meta name=\"twitter:data2\" content=\"5 minutes\" \/>\n<script type=\"application\/ld+json\" class=\"yoast-schema-graph\">{\"@context\":\"https:\\\/\\\/schema.org\",\"@graph\":[{\"@type\":\"Article\",\"@id\":\"https:\\\/\\\/oncubanews.com\\\/en\\\/billboard-archive\\\/billboard-lets-talk-about-music\\\/#article\",\"isPartOf\":{\"@id\":\"https:\\\/\\\/oncubanews.com\\\/en\\\/billboard-archive\\\/billboard-lets-talk-about-music\\\/\"},\"author\":{\"name\":\"Alejandro Ruiz Chang\",\"@id\":\"https:\\\/\\\/oncubanews.com\\\/en\\\/#\\\/schema\\\/person\\\/5b33058b67d9cc92629c50b584f938e3\"},\"headline\":\"Billboard: Let\u2019s talk about music\",\"datePublished\":\"2018-06-22T16:21:00+00:00\",\"dateModified\":\"2018-10-02T18:36:03+00:00\",\"mainEntityOfPage\":{\"@id\":\"https:\\\/\\\/oncubanews.com\\\/en\\\/billboard-archive\\\/billboard-lets-talk-about-music\\\/\"},\"wordCount\":1018,\"commentCount\":0,\"image\":{\"@id\":\"https:\\\/\\\/oncubanews.com\\\/en\\\/billboard-archive\\\/billboard-lets-talk-about-music\\\/#primaryimage\"},\"thumbnailUrl\":\"https:\\\/\\\/oncubanews.com\\\/en\\\/wp-content\\\/uploads\\\/2018\\\/09\\\/Portada-04-ingl\u00e9s-1-1.jpg\",\"keywords\":[\"weekly billboard\"],\"articleSection\":[\"Billboard Archive\"],\"inLanguage\":\"en-US\",\"potentialAction\":[{\"@type\":\"CommentAction\",\"name\":\"Comment\",\"target\":[\"https:\\\/\\\/oncubanews.com\\\/en\\\/billboard-archive\\\/billboard-lets-talk-about-music\\\/#respond\"]}],\"copyrightYear\":\"2018\",\"copyrightHolder\":{\"@id\":\"https:\\\/\\\/oncubanews.com\\\/en\\\/#organization\"}},{\"@type\":\"WebPage\",\"@id\":\"https:\\\/\\\/oncubanews.com\\\/en\\\/billboard-archive\\\/billboard-lets-talk-about-music\\\/\",\"url\":\"https:\\\/\\\/oncubanews.com\\\/en\\\/billboard-archive\\\/billboard-lets-talk-about-music\\\/\",\"name\":\"Billboard: Let\u2019s talk about music | OnCubaNews English\",\"isPartOf\":{\"@id\":\"https:\\\/\\\/oncubanews.com\\\/en\\\/#website\"},\"primaryImageOfPage\":{\"@id\":\"https:\\\/\\\/oncubanews.com\\\/en\\\/billboard-archive\\\/billboard-lets-talk-about-music\\\/#primaryimage\"},\"image\":{\"@id\":\"https:\\\/\\\/oncubanews.com\\\/en\\\/billboard-archive\\\/billboard-lets-talk-about-music\\\/#primaryimage\"},\"thumbnailUrl\":\"https:\\\/\\\/oncubanews.com\\\/en\\\/wp-content\\\/uploads\\\/2018\\\/09\\\/Portada-04-ingl\u00e9s-1-1.jpg\",\"datePublished\":\"2018-06-22T16:21:00+00:00\",\"dateModified\":\"2018-10-02T18:36:03+00:00\",\"author\":{\"@id\":\"https:\\\/\\\/oncubanews.com\\\/en\\\/#\\\/schema\\\/person\\\/5b33058b67d9cc92629c50b584f938e3\"},\"breadcrumb\":{\"@id\":\"https:\\\/\\\/oncubanews.com\\\/en\\\/billboard-archive\\\/billboard-lets-talk-about-music\\\/#breadcrumb\"},\"inLanguage\":\"en-US\",\"potentialAction\":[{\"@type\":\"ReadAction\",\"target\":[\"https:\\\/\\\/oncubanews.com\\\/en\\\/billboard-archive\\\/billboard-lets-talk-about-music\\\/\"]}]},{\"@type\":\"ImageObject\",\"inLanguage\":\"en-US\",\"@id\":\"https:\\\/\\\/oncubanews.com\\\/en\\\/billboard-archive\\\/billboard-lets-talk-about-music\\\/#primaryimage\",\"url\":\"https:\\\/\\\/oncubanews.com\\\/en\\\/wp-content\\\/uploads\\\/2018\\\/09\\\/Portada-04-ingl\u00e9s-1-1.jpg\",\"contentUrl\":\"https:\\\/\\\/oncubanews.com\\\/en\\\/wp-content\\\/uploads\\\/2018\\\/09\\\/Portada-04-ingl\u00e9s-1-1.jpg\",\"width\":1958,\"height\":1271},{\"@type\":\"BreadcrumbList\",\"@id\":\"https:\\\/\\\/oncubanews.com\\\/en\\\/billboard-archive\\\/billboard-lets-talk-about-music\\\/#breadcrumb\",\"itemListElement\":[{\"@type\":\"ListItem\",\"position\":1,\"name\":\"Portada\",\"item\":\"https:\\\/\\\/oncubanews.com\\\/en\\\/\"},{\"@type\":\"ListItem\",\"position\":2,\"name\":\"Billboard: Let\u2019s talk about music\"}]},{\"@type\":\"WebSite\",\"@id\":\"https:\\\/\\\/oncubanews.com\\\/en\\\/#website\",\"url\":\"https:\\\/\\\/oncubanews.com\\\/en\\\/\",\"name\":\"OnCubaNews English\",\"description\":\"Revista sobre Cuba\",\"potentialAction\":[{\"@type\":\"SearchAction\",\"target\":{\"@type\":\"EntryPoint\",\"urlTemplate\":\"https:\\\/\\\/oncubanews.com\\\/en\\\/?s={search_term_string}\"},\"query-input\":{\"@type\":\"PropertyValueSpecification\",\"valueRequired\":true,\"valueName\":\"search_term_string\"}}],\"inLanguage\":\"en-US\"},{\"@type\":\"Person\",\"@id\":\"https:\\\/\\\/oncubanews.com\\\/en\\\/#\\\/schema\\\/person\\\/5b33058b67d9cc92629c50b584f938e3\",\"name\":\"Alejandro Ruiz Chang\",\"image\":{\"@type\":\"ImageObject\",\"inLanguage\":\"en-US\",\"@id\":\"https:\\\/\\\/oncubanews.com\\\/wp-content\\\/uploads\\\/2018\\\/11\\\/alejandro-ruiz-chang_avatar_1542067215-96x96-96x96.jpg7487662ab08cda8e6e96206f634e08f7\",\"url\":\"https:\\\/\\\/oncubanews.com\\\/wp-content\\\/uploads\\\/2018\\\/11\\\/alejandro-ruiz-chang_avatar_1542067215-96x96-96x96.jpg\",\"contentUrl\":\"https:\\\/\\\/oncubanews.com\\\/wp-content\\\/uploads\\\/2018\\\/11\\\/alejandro-ruiz-chang_avatar_1542067215-96x96-96x96.jpg\",\"caption\":\"Alejandro Ruiz Chang\"},\"description\":\"Naci\u00f3 en Guanabo, pero no le gusta el Sol. Del mar, en cambio, nunca se podr\u00e1 separar. Por eso sigue aferrado al malec\u00f3n y haciendo periodismo que es lo que, m\u00e1s menos, mejorcito se le da.\",\"url\":\"https:\\\/\\\/oncubanews.com\\\/en\\\/author\\\/alejandroruiz\\\/\"}]}<\/script>\n<!-- \/ Yoast SEO plugin. -->","yoast_head_json":{"title":"Billboard: Let\u2019s talk about music | OnCubaNews English","robots":{"index":"index","follow":"follow","max-snippet":"max-snippet:-1","max-image-preview":"max-image-preview:large","max-video-preview":"max-video-preview:-1"},"canonical":"https:\/\/oncubanews.com\/en\/billboard-archive\/billboard-lets-talk-about-music\/","og_locale":"en_US","og_type":"article","og_title":"Billboard: Let\u2019s talk about music | OnCubaNews English","og_description":"AM-PM folks say future is here and Cuban music professionals must be part of it. That\u2019s why they\u2019ll have their fourth event. Days of a lot of talks and a lot of music. You\u2019re all invited! To keep the Music spirit, another super event: Laura Pausini and Gente de Zona in concert for free in [&hellip;]","og_url":"https:\/\/oncubanews.com\/en\/billboard-archive\/billboard-lets-talk-about-music\/","og_site_name":"OnCubaNews English","article_published_time":"2018-06-22T16:21:00+00:00","article_modified_time":"2018-10-02T18:36:03+00:00","og_image":[{"width":1958,"height":1271,"url":"https:\/\/oncubanews.com\/en\/wp-content\/uploads\/2018\/09\/Portada-04-ingl\u00e9s-1-1.jpg","type":"image\/jpeg"}],"author":"Alejandro Ruiz Chang, aleruiz","twitter_card":"summary_large_image","twitter_misc":{"Written by":"Alejandro Ruiz Chang","Est. reading time":"5 minutes"},"schema":{"@context":"https:\/\/schema.org","@graph":[{"@type":"Article","@id":"https:\/\/oncubanews.com\/en\/billboard-archive\/billboard-lets-talk-about-music\/#article","isPartOf":{"@id":"https:\/\/oncubanews.com\/en\/billboard-archive\/billboard-lets-talk-about-music\/"},"author":{"name":"Alejandro Ruiz Chang","@id":"https:\/\/oncubanews.com\/en\/#\/schema\/person\/5b33058b67d9cc92629c50b584f938e3"},"headline":"Billboard: Let\u2019s talk about music","datePublished":"2018-06-22T16:21:00+00:00","dateModified":"2018-10-02T18:36:03+00:00","mainEntityOfPage":{"@id":"https:\/\/oncubanews.com\/en\/billboard-archive\/billboard-lets-talk-about-music\/"},"wordCount":1018,"commentCount":0,"image":{"@id":"https:\/\/oncubanews.com\/en\/billboard-archive\/billboard-lets-talk-about-music\/#primaryimage"},"thumbnailUrl":"https:\/\/oncubanews.com\/en\/wp-content\/uploads\/2018\/09\/Portada-04-ingl\u00e9s-1-1.jpg","keywords":["weekly billboard"],"articleSection":["Billboard Archive"],"inLanguage":"en-US","potentialAction":[{"@type":"CommentAction","name":"Comment","target":["https:\/\/oncubanews.com\/en\/billboard-archive\/billboard-lets-talk-about-music\/#respond"]}],"copyrightYear":"2018","copyrightHolder":{"@id":"https:\/\/oncubanews.com\/en\/#organization"}},{"@type":"WebPage","@id":"https:\/\/oncubanews.com\/en\/billboard-archive\/billboard-lets-talk-about-music\/","url":"https:\/\/oncubanews.com\/en\/billboard-archive\/billboard-lets-talk-about-music\/","name":"Billboard: Let\u2019s talk about music | OnCubaNews English","isPartOf":{"@id":"https:\/\/oncubanews.com\/en\/#website"},"primaryImageOfPage":{"@id":"https:\/\/oncubanews.com\/en\/billboard-archive\/billboard-lets-talk-about-music\/#primaryimage"},"image":{"@id":"https:\/\/oncubanews.com\/en\/billboard-archive\/billboard-lets-talk-about-music\/#primaryimage"},"thumbnailUrl":"https:\/\/oncubanews.com\/en\/wp-content\/uploads\/2018\/09\/Portada-04-ingl\u00e9s-1-1.jpg","datePublished":"2018-06-22T16:21:00+00:00","dateModified":"2018-10-02T18:36:03+00:00","author":{"@id":"https:\/\/oncubanews.com\/en\/#\/schema\/person\/5b33058b67d9cc92629c50b584f938e3"},"breadcrumb":{"@id":"https:\/\/oncubanews.com\/en\/billboard-archive\/billboard-lets-talk-about-music\/#breadcrumb"},"inLanguage":"en-US","potentialAction":[{"@type":"ReadAction","target":["https:\/\/oncubanews.com\/en\/billboard-archive\/billboard-lets-talk-about-music\/"]}]},{"@type":"ImageObject","inLanguage":"en-US","@id":"https:\/\/oncubanews.com\/en\/billboard-archive\/billboard-lets-talk-about-music\/#primaryimage","url":"https:\/\/oncubanews.com\/en\/wp-content\/uploads\/2018\/09\/Portada-04-ingl\u00e9s-1-1.jpg","contentUrl":"https:\/\/oncubanews.com\/en\/wp-content\/uploads\/2018\/09\/Portada-04-ingl\u00e9s-1-1.jpg","width":1958,"height":1271},{"@type":"BreadcrumbList","@id":"https:\/\/oncubanews.com\/en\/billboard-archive\/billboard-lets-talk-about-music\/#breadcrumb","itemListElement":[{"@type":"ListItem","position":1,"name":"Portada","item":"https:\/\/oncubanews.com\/en\/"},{"@type":"ListItem","position":2,"name":"Billboard: Let\u2019s talk about music"}]},{"@type":"WebSite","@id":"https:\/\/oncubanews.com\/en\/#website","url":"https:\/\/oncubanews.com\/en\/","name":"OnCubaNews English","description":"Revista sobre Cuba","potentialAction":[{"@type":"SearchAction","target":{"@type":"EntryPoint","urlTemplate":"https:\/\/oncubanews.com\/en\/?s={search_term_string}"},"query-input":{"@type":"PropertyValueSpecification","valueRequired":true,"valueName":"search_term_string"}}],"inLanguage":"en-US"},{"@type":"Person","@id":"https:\/\/oncubanews.com\/en\/#\/schema\/person\/5b33058b67d9cc92629c50b584f938e3","name":"Alejandro Ruiz Chang","image":{"@type":"ImageObject","inLanguage":"en-US","@id":"https:\/\/oncubanews.com\/wp-content\/uploads\/2018\/11\/alejandro-ruiz-chang_avatar_1542067215-96x96-96x96.jpg7487662ab08cda8e6e96206f634e08f7","url":"https:\/\/oncubanews.com\/wp-content\/uploads\/2018\/11\/alejandro-ruiz-chang_avatar_1542067215-96x96-96x96.jpg","contentUrl":"https:\/\/oncubanews.com\/wp-content\/uploads\/2018\/11\/alejandro-ruiz-chang_avatar_1542067215-96x96-96x96.jpg","caption":"Alejandro Ruiz Chang"},"description":"Naci\u00f3 en Guanabo, pero no le gusta el Sol. Del mar, en cambio, nunca se podr\u00e1 separar. Por eso sigue aferrado al malec\u00f3n y haciendo periodismo que es lo que, m\u00e1s menos, mejorcito se le da.","url":"https:\/\/oncubanews.com\/en\/author\/alejandroruiz\/"}]}},"authors":[{"term_id":33547,"user_id":3524,"is_guest":0,"slug":"alejandroruiz","display_name":"Alejandro Ruiz Chang","avatar_url":"https:\/\/oncubanews.com\/wp-content\/uploads\/2018\/11\/alejandro-ruiz-chang_avatar_1542067215-96x96-96x96.jpg","0":null,"1":"","2":"","3":"","4":"","5":"","6":"","7":"","8":""},{"term_id":13550,"user_id":0,"is_guest":1,"slug":"cap-aleruiz","display_name":"aleruiz","avatar_url":"https:\/\/secure.gravatar.com\/avatar\/?s=96&r=g","0":null,"1":"","2":"","3":"","4":"","5":"","6":"","7":"","8":""}],"_links":{"self":[{"href":"https:\/\/oncubanews.com\/en\/wp-json\/wp\/v2\/posts\/185531","targetHints":{"allow":["GET"]}}],"collection":[{"href":"https:\/\/oncubanews.com\/en\/wp-json\/wp\/v2\/posts"}],"about":[{"href":"https:\/\/oncubanews.com\/en\/wp-json\/wp\/v2\/types\/post"}],"author":[{"embeddable":true,"href":"https:\/\/oncubanews.com\/en\/wp-json\/wp\/v2\/users\/3524"}],"replies":[{"embeddable":true,"href":"https:\/\/oncubanews.com\/en\/wp-json\/wp\/v2\/comments?post=185531"}],"version-history":[{"count":0,"href":"https:\/\/oncubanews.com\/en\/wp-json\/wp\/v2\/posts\/185531\/revisions"}],"wp:featuredmedia":[{"embeddable":true,"href":"https:\/\/oncubanews.com\/en\/wp-json\/wp\/v2\/media\/185532"}],"wp:attachment":[{"href":"https:\/\/oncubanews.com\/en\/wp-json\/wp\/v2\/media?parent=185531"}],"wp:term":[{"taxonomy":"category","embeddable":true,"href":"https:\/\/oncubanews.com\/en\/wp-json\/wp\/v2\/categories?post=185531"},{"taxonomy":"post_tag","embeddable":true,"href":"https:\/\/oncubanews.com\/en\/wp-json\/wp\/v2\/tags?post=185531"},{"taxonomy":"author","embeddable":true,"href":"https:\/\/oncubanews.com\/en\/wp-json\/wp\/v2\/ppma_author?post=185531"}],"curies":[{"name":"wp","href":"https:\/\/api.w.org\/{rel}","templated":true}]}}