
{"id":185578,"date":"2018-07-18T00:00:00","date_gmt":"2018-07-18T04:00:00","guid":{"rendered":"https:\/\/oncubanews.com\/en\/gilberto-santa-rosa-to-the-rhythm-of-salsa-in-havana-2\/"},"modified":"2018-10-02T19:38:33","modified_gmt":"2018-10-02T23:38:33","slug":"gilberto-santa-rosa-to-the-rhythm-of-salsa-in-havana","status":"publish","type":"post","link":"https:\/\/oncubanews.com\/en\/culture\/gilberto-santa-rosa-to-the-rhythm-of-salsa-in-havana\/","title":{"rendered":"Gilberto Santa Rosa to the rhythm of salsa in Havana"},"content":{"rendered":"<p><span style=\"font-weight: 400\">Puerto Rican singer <\/span><a href=\"https:\/\/oncubamagazine.com\/tag\/gilberto-santa-rosa\/\" target=\"_blank\"><span style=\"font-weight: 400\">Gilberto Santa Rosa<\/span><\/a><span style=\"font-weight: 400\"> said goodbye to Cuba this Monday with a concert in front of Havana\u2019s emblematic Malec\u00f3n, in which he made a review of the most popular themes of his salsa repertoire.<\/span><\/p>\n<p><span style=\"font-weight: 400\">For two hours, Santa Rosa \u2013 known by the nickname of \u201cEl Caballero de la Salsa\u201d (The Lord of the Salsa) \u2013 did not disappoint the multitude of Cubans who went to his meeting in the second of the concerts he gave on the island to celebrate his four decades of stage life.<\/span><\/p>\n<p><a href=\"https:\/\/oncubanews.com\/wp-content\/uploads\/2018\/07\/sta-rosa-hab-efe-2.jpg\"><img decoding=\"async\" class=\"size-full wp-image-132595\" src=\"https:\/\/oncubanews.com\/wp-content\/uploads\/2018\/07\/sta-rosa-hab-efe-2.jpg\" alt=\"Concierto de Gilberto Santa Rosa en La Habana. Foto: Ernesto Mastrascusa \/ EFE.\" \/><\/a><\/p>\n<p>&nbsp;<\/p>\n<p>&nbsp;<\/p>\n<p>&nbsp;<\/p>\n<p>&nbsp;<\/p>\n<p>&nbsp;<\/p>\n<p>&nbsp;<\/p>\n<p>&nbsp;<\/p>\n<p>&nbsp;<\/p>\n<p>&nbsp;<\/p>\n<p>&nbsp;<\/p>\n<p>&nbsp;<\/p>\n<p>&nbsp;<\/p>\n<p>&nbsp;<\/p>\n<p>&nbsp;<\/p>\n<p><span style=\"font-weight: 400\">\u201cI\u2019ve come to sing to you, I\u2019m celebrating 40 years of singing to love and lack of love,\u201d the singer said to the public in one of the dialogues he maintained with the lovers of his music who, in chorus, repeated the texts of his songs, enjoyed his improvisations and did not repress the drive to move to the contagious rhythm of the salsa.<\/span><\/p>\n<p><span style=\"font-weight: 400\">In his presentation he made clear the strong influence of Cuban music in his artistic projection, by the legendary composers as well as contemporary ones like Polo Monta\u00f1ez, Juan Jos\u00e9 Hern\u00e1ndez, Luis Emilio R\u00edos and Sara Gonz\u00e1lez.<\/span><\/p>\n<p><a href=\"https:\/\/oncubanews.com\/wp-content\/uploads\/2018\/07\/sta-rosa-hab-efe-5.jpg\"><img decoding=\"async\" class=\"size-full wp-image-132596\" src=\"https:\/\/oncubanews.com\/wp-content\/uploads\/2018\/07\/sta-rosa-hab-efe-5.jpg\" alt=\"Gilberto Santa Rosa durante su concierto en el Malec\u00f3n de La Habana. Foto: Ernesto Mastrascusa \/ EFE.\" \/><\/a><\/p>\n<p>&nbsp;<\/p>\n<p>&nbsp;<\/p>\n<p>&nbsp;<\/p>\n<p>&nbsp;<\/p>\n<p>&nbsp;<\/p>\n<p>&nbsp;<\/p>\n<p>&nbsp;<\/p>\n<p>&nbsp;<\/p>\n<p>&nbsp;<\/p>\n<p>&nbsp;<\/p>\n<p>&nbsp;<\/p>\n<p>&nbsp;<\/p>\n<p>&nbsp;<\/p>\n<p>&nbsp;<\/p>\n<p><span style=\"font-weight: 400\">Santa Rosa excused himself because most of the songs he sings \u201care for broken hearts\u201d like \u201cConteo regresivo,\u201d \u201cConciencia\u201d and \u201cVivir sin ella,\u201d but he also chose for his debut before the people of Havana some \u201chappy\u201d ones and he classified \u201cQu\u00e9 manera de quererte,\u201d a theme from the Cuban New Song Movement, in that category.<\/span><\/p>\n<p><span style=\"font-weight: 400\">Invited by his friend, Cuban musician <\/span><a href=\"https:\/\/oncubamagazine.com\/tag\/isaac-delgado\/\" target=\"_blank\"><span style=\"font-weight: 400\">Issac Delgado<\/span><\/a><span style=\"font-weight: 400\">, who made a brief incursion on stage, and by the Cuban Recording and publishing Company (EGREM), Santa Rosa gave his <\/span><a href=\"https:\/\/oncubamagazine.com\/cultura\/la-habana-espera-gilberto-santa-rosa\/\" target=\"_blank\"><span style=\"font-weight: 400\">first concert<\/span><\/a><span style=\"font-weight: 400\"> in Cuba last weekend in the Josone-Jazz &amp; Son Festival in Varadero.<\/span><\/p>\n<p><a href=\"https:\/\/oncubanews.com\/wp-content\/uploads\/2018\/07\/sta-rosa-hab-efe-4.jpg\"><img decoding=\"async\" class=\"size-full wp-image-132597\" src=\"https:\/\/oncubanews.com\/wp-content\/uploads\/2018\/07\/sta-rosa-hab-efe-4.jpg\" alt=\"Gilberto Santa Rosa (i), junto al cubano Issac Delgado (d), durante su concierto en La Habana. Foto: Ernesto Mastrascusa \/ EFE.\" \/><\/a><\/p>\n<p>&nbsp;<\/p>\n<p>&nbsp;<\/p>\n<p>&nbsp;<\/p>\n<p>&nbsp;<\/p>\n<p>&nbsp;<\/p>\n<p>&nbsp;<\/p>\n<p>&nbsp;<\/p>\n<p>&nbsp;<\/p>\n<p>&nbsp;<\/p>\n<p>&nbsp;<\/p>\n<p>&nbsp;<\/p>\n<p>&nbsp;<\/p>\n<p>&nbsp;<\/p>\n<p>&nbsp;<\/p>\n<p><span style=\"font-weight: 400\">In the famous tourist beach resort, Santa Rosa headed the event\u2019s billboard together with other renowned foreign and Cuban musicians, among them Nicholas Payton, from the United States, the Cuban duo Gente de Zona, Salvadoran singer Alvaro Torres and Dominican Jos\u00e9 Alberto El Canario.<\/span><\/p>\n<p><span style=\"font-weight: 400\">The interpreter of hits like \u201cQue alguien me diga,\u201d \u201cNo pens\u00e9 enamorarme otra vez\u201d and \u201cPerd\u00f3name\u201d and winner of several Latin Grammy awards, is an artist with many followers in Cuba, but until now he had not performed on the island where he said he had arrived \u201cat the ideal time.\u201d<\/span><\/p>\n<p><a href=\"https:\/\/oncubanews.com\/wp-content\/uploads\/2018\/07\/sta-rosa-hab-efe-3.jpg\"><img decoding=\"async\" class=\"size-full wp-image-132598\" src=\"https:\/\/oncubanews.com\/wp-content\/uploads\/2018\/07\/sta-rosa-hab-efe-3.jpg\" alt=\"Miles de personas asistieron al concierto del salsero boricua Gilberto Santa Rosa este 17 de julio del 2018, en el Malec\u00f3n de La Habana. Foto: Ernesto Mastrascusa \/ EFE.\" \/><\/a><\/p>\n<p>&nbsp;<\/p>\n<p>&nbsp;<\/p>\n<p>&nbsp;<\/p>\n<p>&nbsp;<\/p>\n<p>&nbsp;<\/p>\n<p>&nbsp;<\/p>\n<p>&nbsp;<\/p>\n<p>&nbsp;<\/p>\n<p>&nbsp;<\/p>\n<p>&nbsp;<\/p>\n<p>&nbsp;<\/p>\n<p>&nbsp;<\/p>\n<p>&nbsp;<\/p>\n<p>&nbsp;<\/p>\n<p><span style=\"font-weight: 400\">The Puerto Rican singer, with some 20 records released with his repertoire, has shared the stage with renowned Cuban artists like Descemer Bueno, El Micha and son musician and improviser C\u00e1ndido Fabr\u00e9, of which he has said he is a great admirer.<\/span><\/p>\n<p><span style=\"font-weight: 400\">With this concert in Havana, Gilberto Santa Rosa, 55, bid farewell to Cuba to travel to Ecuador, the next leg of the tour in which he has programmed performances in 40 cities from 19 countries.<\/span><\/p>\n<p><span style=\"font-weight: 400\">His was the second artistic presentation in front of Havana\u2019s Malec\u00f3n, after the concert by Mexican singer-songwriter <\/span><a href=\"https:\/\/oncubamagazine.com\/noticia\/manzanero-en-la-habana-inolvidable\/\" target=\"_blank\"><span style=\"font-weight: 400\">Armando Manzanero<\/span><\/a><span style=\"font-weight: 400\"> on Sunday night.<\/span><\/p>\n<p><span style=\"font-weight: 400\">EFE \/ OnCuba<\/span><\/p>\n<p>&nbsp;<\/p>\n","protected":false},"excerpt":{"rendered":"<p>Puerto Rican singer Gilberto Santa Rosa said goodbye to Cuba this Monday with a concert in front of Havana\u2019s emblematic Malec\u00f3n, in which he made a review of the most popular themes of his salsa repertoire. For two hours, Santa Rosa \u2013 known by the nickname of \u201cEl Caballero de la Salsa\u201d (The Lord of [&hellip;]<\/p>\n","protected":false},"author":3134,"featured_media":185579,"comment_status":"open","ping_status":"closed","sticky":false,"template":"","format":"standard","meta":{"_acf_changed":false,"footnotes":""},"categories":[33],"tags":[14848,14939,14940,14861,14941,14942],"ppma_author":[33546,8689],"class_list":["post-185578","post","type-post","status-publish","format-standard","has-post-thumbnail","hentry","category-culture","tag-cuban-music","tag-cuban-musician","tag-gilberto-santa-rosa","tag-popular-cuban-music","tag-puerto-rico-en","tag-salsa-music"],"acf":[],"yoast_head":"<!-- This site is optimized with the Yoast SEO plugin v27.3 - https:\/\/yoast.com\/product\/yoast-seo-wordpress\/ -->\n<title>Gilberto Santa Rosa to the rhythm of salsa in Havana | OnCubaNews English<\/title>\n<meta name=\"robots\" content=\"index, follow, max-snippet:-1, max-image-preview:large, max-video-preview:-1\" \/>\n<link rel=\"canonical\" href=\"https:\/\/oncubanews.com\/en\/culture\/gilberto-santa-rosa-to-the-rhythm-of-salsa-in-havana\/\" \/>\n<meta property=\"og:locale\" content=\"en_US\" \/>\n<meta property=\"og:type\" content=\"article\" \/>\n<meta property=\"og:title\" content=\"Gilberto Santa Rosa to the rhythm of salsa in Havana | OnCubaNews English\" \/>\n<meta property=\"og:description\" content=\"Puerto Rican singer Gilberto Santa Rosa said goodbye to Cuba this Monday with a concert in front of Havana\u2019s emblematic Malec\u00f3n, in which he made a review of the most popular themes of his salsa repertoire. For two hours, Santa Rosa \u2013 known by the nickname of \u201cEl Caballero de la Salsa\u201d (The Lord of [&hellip;]\" \/>\n<meta property=\"og:url\" content=\"https:\/\/oncubanews.com\/en\/culture\/gilberto-santa-rosa-to-the-rhythm-of-salsa-in-havana\/\" \/>\n<meta property=\"og:site_name\" content=\"OnCubaNews English\" \/>\n<meta property=\"article:published_time\" content=\"2018-07-18T04:00:00+00:00\" \/>\n<meta property=\"article:modified_time\" content=\"2018-10-02T23:38:33+00:00\" \/>\n<meta property=\"og:image\" content=\"https:\/\/oncubanews.com\/en\/wp-content\/uploads\/2018\/09\/sta-rosa-hab-efe-1-1.jpg\" \/>\n\t<meta property=\"og:image:width\" content=\"755\" \/>\n\t<meta property=\"og:image:height\" content=\"490\" \/>\n\t<meta property=\"og:image:type\" content=\"image\/jpeg\" \/>\n<meta name=\"author\" content=\"OnCuba Staff, OnCuba editorial staff\" \/>\n<meta name=\"twitter:card\" content=\"summary_large_image\" \/>\n<meta name=\"twitter:label1\" content=\"Written by\" \/>\n\t<meta name=\"twitter:data1\" content=\"OnCuba Staff\" \/>\n\t<meta name=\"twitter:label2\" content=\"Est. reading time\" \/>\n\t<meta name=\"twitter:data2\" content=\"3 minutes\" \/>\n<script type=\"application\/ld+json\" class=\"yoast-schema-graph\">{\"@context\":\"https:\\\/\\\/schema.org\",\"@graph\":[{\"@type\":\"Article\",\"@id\":\"https:\\\/\\\/oncubanews.com\\\/en\\\/culture\\\/gilberto-santa-rosa-to-the-rhythm-of-salsa-in-havana\\\/#article\",\"isPartOf\":{\"@id\":\"https:\\\/\\\/oncubanews.com\\\/en\\\/culture\\\/gilberto-santa-rosa-to-the-rhythm-of-salsa-in-havana\\\/\"},\"author\":{\"name\":\"OnCuba Staff\",\"@id\":\"https:\\\/\\\/oncubanews.com\\\/en\\\/#\\\/schema\\\/person\\\/d7171bf311032ab1f557dd8332e714af\"},\"headline\":\"Gilberto Santa Rosa to the rhythm of salsa in Havana\",\"datePublished\":\"2018-07-18T04:00:00+00:00\",\"dateModified\":\"2018-10-02T23:38:33+00:00\",\"mainEntityOfPage\":{\"@id\":\"https:\\\/\\\/oncubanews.com\\\/en\\\/culture\\\/gilberto-santa-rosa-to-the-rhythm-of-salsa-in-havana\\\/\"},\"wordCount\":557,\"commentCount\":0,\"image\":{\"@id\":\"https:\\\/\\\/oncubanews.com\\\/en\\\/culture\\\/gilberto-santa-rosa-to-the-rhythm-of-salsa-in-havana\\\/#primaryimage\"},\"thumbnailUrl\":\"https:\\\/\\\/oncubanews.com\\\/en\\\/wp-content\\\/uploads\\\/2018\\\/09\\\/sta-rosa-hab-efe-1-1.jpg\",\"keywords\":[\"cuban music\",\"Cuban musician\",\"Gilberto Santa Rosa\",\"popular cuban music\",\"Puerto Rico\",\"salsa music\"],\"articleSection\":[\"Culture\"],\"inLanguage\":\"en-US\",\"potentialAction\":[{\"@type\":\"CommentAction\",\"name\":\"Comment\",\"target\":[\"https:\\\/\\\/oncubanews.com\\\/en\\\/culture\\\/gilberto-santa-rosa-to-the-rhythm-of-salsa-in-havana\\\/#respond\"]}],\"copyrightYear\":\"2018\",\"copyrightHolder\":{\"@id\":\"https:\\\/\\\/oncubanews.com\\\/en\\\/#organization\"}},{\"@type\":\"WebPage\",\"@id\":\"https:\\\/\\\/oncubanews.com\\\/en\\\/culture\\\/gilberto-santa-rosa-to-the-rhythm-of-salsa-in-havana\\\/\",\"url\":\"https:\\\/\\\/oncubanews.com\\\/en\\\/culture\\\/gilberto-santa-rosa-to-the-rhythm-of-salsa-in-havana\\\/\",\"name\":\"Gilberto Santa Rosa to the rhythm of salsa in Havana | OnCubaNews English\",\"isPartOf\":{\"@id\":\"https:\\\/\\\/oncubanews.com\\\/en\\\/#website\"},\"primaryImageOfPage\":{\"@id\":\"https:\\\/\\\/oncubanews.com\\\/en\\\/culture\\\/gilberto-santa-rosa-to-the-rhythm-of-salsa-in-havana\\\/#primaryimage\"},\"image\":{\"@id\":\"https:\\\/\\\/oncubanews.com\\\/en\\\/culture\\\/gilberto-santa-rosa-to-the-rhythm-of-salsa-in-havana\\\/#primaryimage\"},\"thumbnailUrl\":\"https:\\\/\\\/oncubanews.com\\\/en\\\/wp-content\\\/uploads\\\/2018\\\/09\\\/sta-rosa-hab-efe-1-1.jpg\",\"datePublished\":\"2018-07-18T04:00:00+00:00\",\"dateModified\":\"2018-10-02T23:38:33+00:00\",\"author\":{\"@id\":\"https:\\\/\\\/oncubanews.com\\\/en\\\/#\\\/schema\\\/person\\\/d7171bf311032ab1f557dd8332e714af\"},\"breadcrumb\":{\"@id\":\"https:\\\/\\\/oncubanews.com\\\/en\\\/culture\\\/gilberto-santa-rosa-to-the-rhythm-of-salsa-in-havana\\\/#breadcrumb\"},\"inLanguage\":\"en-US\",\"potentialAction\":[{\"@type\":\"ReadAction\",\"target\":[\"https:\\\/\\\/oncubanews.com\\\/en\\\/culture\\\/gilberto-santa-rosa-to-the-rhythm-of-salsa-in-havana\\\/\"]}]},{\"@type\":\"ImageObject\",\"inLanguage\":\"en-US\",\"@id\":\"https:\\\/\\\/oncubanews.com\\\/en\\\/culture\\\/gilberto-santa-rosa-to-the-rhythm-of-salsa-in-havana\\\/#primaryimage\",\"url\":\"https:\\\/\\\/oncubanews.com\\\/en\\\/wp-content\\\/uploads\\\/2018\\\/09\\\/sta-rosa-hab-efe-1-1.jpg\",\"contentUrl\":\"https:\\\/\\\/oncubanews.com\\\/en\\\/wp-content\\\/uploads\\\/2018\\\/09\\\/sta-rosa-hab-efe-1-1.jpg\",\"width\":755,\"height\":490,\"caption\":\"Puerto Rican salsa musician Gilberto Santa Rosa during his Monday July 17, 2018 concert before an audience of thousands in Havana\u2019s Malec\u00f3n. Photo: Ernesto Mastrascusa \\\/ EFE.\"},{\"@type\":\"BreadcrumbList\",\"@id\":\"https:\\\/\\\/oncubanews.com\\\/en\\\/culture\\\/gilberto-santa-rosa-to-the-rhythm-of-salsa-in-havana\\\/#breadcrumb\",\"itemListElement\":[{\"@type\":\"ListItem\",\"position\":1,\"name\":\"Portada\",\"item\":\"https:\\\/\\\/oncubanews.com\\\/en\\\/\"},{\"@type\":\"ListItem\",\"position\":2,\"name\":\"Gilberto Santa Rosa to the rhythm of salsa in Havana\"}]},{\"@type\":\"WebSite\",\"@id\":\"https:\\\/\\\/oncubanews.com\\\/en\\\/#website\",\"url\":\"https:\\\/\\\/oncubanews.com\\\/en\\\/\",\"name\":\"OnCubaNews English\",\"description\":\"Revista sobre Cuba\",\"potentialAction\":[{\"@type\":\"SearchAction\",\"target\":{\"@type\":\"EntryPoint\",\"urlTemplate\":\"https:\\\/\\\/oncubanews.com\\\/en\\\/?s={search_term_string}\"},\"query-input\":{\"@type\":\"PropertyValueSpecification\",\"valueRequired\":true,\"valueName\":\"search_term_string\"}}],\"inLanguage\":\"en-US\"},{\"@type\":\"Person\",\"@id\":\"https:\\\/\\\/oncubanews.com\\\/en\\\/#\\\/schema\\\/person\\\/d7171bf311032ab1f557dd8332e714af\",\"name\":\"OnCuba Staff\",\"image\":{\"@type\":\"ImageObject\",\"inLanguage\":\"en-US\",\"@id\":\"https:\\\/\\\/secure.gravatar.com\\\/avatar\\\/4b4c4d6109baadde898bb1af22ea4a4af5f4417b86a5d1800bf17531bfb128fc?s=96&r=g17310096d4dde63ebae0e54fbb19218a\",\"url\":\"https:\\\/\\\/secure.gravatar.com\\\/avatar\\\/4b4c4d6109baadde898bb1af22ea4a4af5f4417b86a5d1800bf17531bfb128fc?s=96&r=g\",\"contentUrl\":\"https:\\\/\\\/secure.gravatar.com\\\/avatar\\\/4b4c4d6109baadde898bb1af22ea4a4af5f4417b86a5d1800bf17531bfb128fc?s=96&r=g\",\"caption\":\"OnCuba Staff\"},\"url\":\"https:\\\/\\\/oncubanews.com\\\/en\\\/author\\\/oncuba-editorial-staff\\\/\"}]}<\/script>\n<!-- \/ Yoast SEO plugin. -->","yoast_head_json":{"title":"Gilberto Santa Rosa to the rhythm of salsa in Havana | OnCubaNews English","robots":{"index":"index","follow":"follow","max-snippet":"max-snippet:-1","max-image-preview":"max-image-preview:large","max-video-preview":"max-video-preview:-1"},"canonical":"https:\/\/oncubanews.com\/en\/culture\/gilberto-santa-rosa-to-the-rhythm-of-salsa-in-havana\/","og_locale":"en_US","og_type":"article","og_title":"Gilberto Santa Rosa to the rhythm of salsa in Havana | OnCubaNews English","og_description":"Puerto Rican singer Gilberto Santa Rosa said goodbye to Cuba this Monday with a concert in front of Havana\u2019s emblematic Malec\u00f3n, in which he made a review of the most popular themes of his salsa repertoire. For two hours, Santa Rosa \u2013 known by the nickname of \u201cEl Caballero de la Salsa\u201d (The Lord of [&hellip;]","og_url":"https:\/\/oncubanews.com\/en\/culture\/gilberto-santa-rosa-to-the-rhythm-of-salsa-in-havana\/","og_site_name":"OnCubaNews English","article_published_time":"2018-07-18T04:00:00+00:00","article_modified_time":"2018-10-02T23:38:33+00:00","og_image":[{"width":755,"height":490,"url":"https:\/\/oncubanews.com\/en\/wp-content\/uploads\/2018\/09\/sta-rosa-hab-efe-1-1.jpg","type":"image\/jpeg"}],"author":"OnCuba Staff, OnCuba editorial staff","twitter_card":"summary_large_image","twitter_misc":{"Written by":"OnCuba Staff","Est. reading time":"3 minutes"},"schema":{"@context":"https:\/\/schema.org","@graph":[{"@type":"Article","@id":"https:\/\/oncubanews.com\/en\/culture\/gilberto-santa-rosa-to-the-rhythm-of-salsa-in-havana\/#article","isPartOf":{"@id":"https:\/\/oncubanews.com\/en\/culture\/gilberto-santa-rosa-to-the-rhythm-of-salsa-in-havana\/"},"author":{"name":"OnCuba Staff","@id":"https:\/\/oncubanews.com\/en\/#\/schema\/person\/d7171bf311032ab1f557dd8332e714af"},"headline":"Gilberto Santa Rosa to the rhythm of salsa in Havana","datePublished":"2018-07-18T04:00:00+00:00","dateModified":"2018-10-02T23:38:33+00:00","mainEntityOfPage":{"@id":"https:\/\/oncubanews.com\/en\/culture\/gilberto-santa-rosa-to-the-rhythm-of-salsa-in-havana\/"},"wordCount":557,"commentCount":0,"image":{"@id":"https:\/\/oncubanews.com\/en\/culture\/gilberto-santa-rosa-to-the-rhythm-of-salsa-in-havana\/#primaryimage"},"thumbnailUrl":"https:\/\/oncubanews.com\/en\/wp-content\/uploads\/2018\/09\/sta-rosa-hab-efe-1-1.jpg","keywords":["cuban music","Cuban musician","Gilberto Santa Rosa","popular cuban music","Puerto Rico","salsa music"],"articleSection":["Culture"],"inLanguage":"en-US","potentialAction":[{"@type":"CommentAction","name":"Comment","target":["https:\/\/oncubanews.com\/en\/culture\/gilberto-santa-rosa-to-the-rhythm-of-salsa-in-havana\/#respond"]}],"copyrightYear":"2018","copyrightHolder":{"@id":"https:\/\/oncubanews.com\/en\/#organization"}},{"@type":"WebPage","@id":"https:\/\/oncubanews.com\/en\/culture\/gilberto-santa-rosa-to-the-rhythm-of-salsa-in-havana\/","url":"https:\/\/oncubanews.com\/en\/culture\/gilberto-santa-rosa-to-the-rhythm-of-salsa-in-havana\/","name":"Gilberto Santa Rosa to the rhythm of salsa in Havana | OnCubaNews English","isPartOf":{"@id":"https:\/\/oncubanews.com\/en\/#website"},"primaryImageOfPage":{"@id":"https:\/\/oncubanews.com\/en\/culture\/gilberto-santa-rosa-to-the-rhythm-of-salsa-in-havana\/#primaryimage"},"image":{"@id":"https:\/\/oncubanews.com\/en\/culture\/gilberto-santa-rosa-to-the-rhythm-of-salsa-in-havana\/#primaryimage"},"thumbnailUrl":"https:\/\/oncubanews.com\/en\/wp-content\/uploads\/2018\/09\/sta-rosa-hab-efe-1-1.jpg","datePublished":"2018-07-18T04:00:00+00:00","dateModified":"2018-10-02T23:38:33+00:00","author":{"@id":"https:\/\/oncubanews.com\/en\/#\/schema\/person\/d7171bf311032ab1f557dd8332e714af"},"breadcrumb":{"@id":"https:\/\/oncubanews.com\/en\/culture\/gilberto-santa-rosa-to-the-rhythm-of-salsa-in-havana\/#breadcrumb"},"inLanguage":"en-US","potentialAction":[{"@type":"ReadAction","target":["https:\/\/oncubanews.com\/en\/culture\/gilberto-santa-rosa-to-the-rhythm-of-salsa-in-havana\/"]}]},{"@type":"ImageObject","inLanguage":"en-US","@id":"https:\/\/oncubanews.com\/en\/culture\/gilberto-santa-rosa-to-the-rhythm-of-salsa-in-havana\/#primaryimage","url":"https:\/\/oncubanews.com\/en\/wp-content\/uploads\/2018\/09\/sta-rosa-hab-efe-1-1.jpg","contentUrl":"https:\/\/oncubanews.com\/en\/wp-content\/uploads\/2018\/09\/sta-rosa-hab-efe-1-1.jpg","width":755,"height":490,"caption":"Puerto Rican salsa musician Gilberto Santa Rosa during his Monday July 17, 2018 concert before an audience of thousands in Havana\u2019s Malec\u00f3n. Photo: Ernesto Mastrascusa \/ EFE."},{"@type":"BreadcrumbList","@id":"https:\/\/oncubanews.com\/en\/culture\/gilberto-santa-rosa-to-the-rhythm-of-salsa-in-havana\/#breadcrumb","itemListElement":[{"@type":"ListItem","position":1,"name":"Portada","item":"https:\/\/oncubanews.com\/en\/"},{"@type":"ListItem","position":2,"name":"Gilberto Santa Rosa to the rhythm of salsa in Havana"}]},{"@type":"WebSite","@id":"https:\/\/oncubanews.com\/en\/#website","url":"https:\/\/oncubanews.com\/en\/","name":"OnCubaNews English","description":"Revista sobre Cuba","potentialAction":[{"@type":"SearchAction","target":{"@type":"EntryPoint","urlTemplate":"https:\/\/oncubanews.com\/en\/?s={search_term_string}"},"query-input":{"@type":"PropertyValueSpecification","valueRequired":true,"valueName":"search_term_string"}}],"inLanguage":"en-US"},{"@type":"Person","@id":"https:\/\/oncubanews.com\/en\/#\/schema\/person\/d7171bf311032ab1f557dd8332e714af","name":"OnCuba Staff","image":{"@type":"ImageObject","inLanguage":"en-US","@id":"https:\/\/secure.gravatar.com\/avatar\/4b4c4d6109baadde898bb1af22ea4a4af5f4417b86a5d1800bf17531bfb128fc?s=96&r=g17310096d4dde63ebae0e54fbb19218a","url":"https:\/\/secure.gravatar.com\/avatar\/4b4c4d6109baadde898bb1af22ea4a4af5f4417b86a5d1800bf17531bfb128fc?s=96&r=g","contentUrl":"https:\/\/secure.gravatar.com\/avatar\/4b4c4d6109baadde898bb1af22ea4a4af5f4417b86a5d1800bf17531bfb128fc?s=96&r=g","caption":"OnCuba Staff"},"url":"https:\/\/oncubanews.com\/en\/author\/oncuba-editorial-staff\/"}]}},"authors":[{"term_id":33546,"user_id":3134,"is_guest":0,"slug":"oncuba-editorial-staff","display_name":"OnCuba Staff","avatar_url":"https:\/\/secure.gravatar.com\/avatar\/4b4c4d6109baadde898bb1af22ea4a4af5f4417b86a5d1800bf17531bfb128fc?s=96&r=g","0":null,"1":"","2":"","3":"","4":"","5":"","6":"","7":"","8":""},{"term_id":8689,"user_id":3134,"is_guest":0,"slug":"oncuba-editorial-staff","display_name":"OnCuba editorial staff","avatar_url":{"url":"https:\/\/oncubanews.com\/en\/wp-content\/uploads\/2018\/10\/avatar-ocnews-1.png","url2x":"https:\/\/oncubanews.com\/en\/wp-content\/uploads\/2018\/10\/avatar-ocnews-1.png"},"0":null,"1":"","2":"","3":"","4":"","5":"","6":"","7":"","8":""}],"_links":{"self":[{"href":"https:\/\/oncubanews.com\/en\/wp-json\/wp\/v2\/posts\/185578","targetHints":{"allow":["GET"]}}],"collection":[{"href":"https:\/\/oncubanews.com\/en\/wp-json\/wp\/v2\/posts"}],"about":[{"href":"https:\/\/oncubanews.com\/en\/wp-json\/wp\/v2\/types\/post"}],"author":[{"embeddable":true,"href":"https:\/\/oncubanews.com\/en\/wp-json\/wp\/v2\/users\/3134"}],"replies":[{"embeddable":true,"href":"https:\/\/oncubanews.com\/en\/wp-json\/wp\/v2\/comments?post=185578"}],"version-history":[{"count":0,"href":"https:\/\/oncubanews.com\/en\/wp-json\/wp\/v2\/posts\/185578\/revisions"}],"wp:featuredmedia":[{"embeddable":true,"href":"https:\/\/oncubanews.com\/en\/wp-json\/wp\/v2\/media\/185579"}],"wp:attachment":[{"href":"https:\/\/oncubanews.com\/en\/wp-json\/wp\/v2\/media?parent=185578"}],"wp:term":[{"taxonomy":"category","embeddable":true,"href":"https:\/\/oncubanews.com\/en\/wp-json\/wp\/v2\/categories?post=185578"},{"taxonomy":"post_tag","embeddable":true,"href":"https:\/\/oncubanews.com\/en\/wp-json\/wp\/v2\/tags?post=185578"},{"taxonomy":"author","embeddable":true,"href":"https:\/\/oncubanews.com\/en\/wp-json\/wp\/v2\/ppma_author?post=185578"}],"curies":[{"name":"wp","href":"https:\/\/api.w.org\/{rel}","templated":true}]}}