
{"id":185581,"date":"2018-07-20T00:00:00","date_gmt":"2018-07-20T04:00:00","guid":{"rendered":"https:\/\/oncubanews.com\/en\/billboard-35-years-with-liuba-2\/"},"modified":"2018-10-02T14:36:35","modified_gmt":"2018-10-02T18:36:35","slug":"billboard-35-years-with-liuba","status":"publish","type":"post","link":"https:\/\/oncubanews.com\/en\/billboard-archive\/billboard-35-years-with-liuba\/","title":{"rendered":"Billboard: 35 years with Liuba"},"content":{"rendered":"<p>This week we\u2019ll celebrate the 35 career years of Luiba Maria Hevia. The proposal is a concert with the National Symphonic Orchestra next Sunday, so you can enjoy her music and all the memories from these years.<\/p>\n<p>Also, in Music there will be many other concerts. In Visual Arts, an expo and promising conference.In Theatre one season of Teatro de la Luna in Adolfo Llaurado theater. In Cinema, one week of Japanese films in FAC, and all the FAC proposals of course.<\/p>\n<p>If you don\u2019t know what to do, here\u2019s your solution: search and find. After&#8230;see you \u2018round!<\/p>\n<p>&nbsp;<\/p>\n<p>&nbsp;<\/p>\n<div id=\"banner1\" class=\"cartelera_banner\"><a href=\"https:\/\/oncubanews.com\/wp-content\/uploads\/2017\/09\/Banner-m\u00fasica_ingl\u00e9s_red.jpg\"><img loading=\"lazy\" decoding=\"async\" width=\"755\" height=\"145\" class=\"aligncenter wp-image-103306 size-full\" src=\"https:\/\/oncubanews.com\/wp-content\/uploads\/2017\/09\/Banner-m\u00fasica_ingl\u00e9s_red.jpg\" alt=\"\" \/><\/a><\/div>\n<div>\n<h3>Liuba celebrates 35 years of music<\/h3>\n<p>Next Sunday, July 22nd, at 5 pm, in Avellaneda hall of the National Theater, Liuba will perform with the National Symphonic Orchestra in a concerts for all ages.<br \/>\n<a href=\"https:\/\/oncubanews.com\/wp-content\/uploads\/2018\/07\/Liuba-2.jpg\"><img decoding=\"async\" class=\"aligncenter size-full wp-image-132653\" src=\"https:\/\/oncubanews.com\/wp-content\/uploads\/2018\/07\/Liuba-2.jpg\" alt=\"\" \/><\/a><br \/>\nDuring the concert Liuba will invite Camara Vocal Leo Choir, National Children\u2019s Choir, Solfa, Olas from Schola Cantorum Coralina, Cuban Art Factory children\u2019s choir, Enid Rosales and Roxana, Frasis\u2019s violinist.<\/p>\n<p><a href=\"https:\/\/oncubanews.com\/wp-content\/uploads\/2018\/07\/Liuba-1.jpg\"><img decoding=\"async\" class=\"aligncenter size-full wp-image-132652\" src=\"https:\/\/oncubanews.com\/wp-content\/uploads\/2018\/07\/Liuba-1.jpg\" alt=\"\" \/><\/a><\/p>\n<p><a href=\"https:\/\/oncubanews.com\/wp-content\/uploads\/2016\/03\/Separador-023.png\"><img loading=\"lazy\" decoding=\"async\" width=\"758\" height=\"28\" class=\"aligncenter size-full wp-image-65415\" src=\"https:\/\/oncubanews.com\/wp-content\/uploads\/2016\/03\/Separador-023.png\" alt=\"\" srcset=\"https:\/\/oncubanews.com\/en\/wp-content\/uploads\/2016\/03\/Separador-023.png 758w, https:\/\/oncubanews.com\/en\/wp-content\/uploads\/2016\/03\/Separador-023-300x11.png 300w\" sizes=\"auto, (max-width: 758px) 100vw, 758px\" \/><\/a><\/p>\n<h3>Omara always<\/h3>\n<p>Omara Portuondo in concert, tomorrow saturday 21st, at 9 p.m, in San Francisco de As\u00eds Square, Old Havana.<\/p>\n<figure id=\"attachment_105729\" aria-describedby=\"caption-attachment-105729\" style=\"width: 800px\" class=\"wp-caption aligncenter\"><a href=\"https:\/\/oncubanews.com\/wp-content\/uploads\/2017\/10\/Omara-Gabriel-G-Bianchini.jpg\"><img loading=\"lazy\" decoding=\"async\" width=\"800\" height=\"519\" class=\"size-full wp-image-105729\" src=\"https:\/\/oncubanews.com\/wp-content\/uploads\/2017\/10\/Omara-Gabriel-G-Bianchini.jpg\" alt=\"Omara Portuondo. Foto: Gabriel Guerra Bianchini.\" \/><\/a><figcaption id=\"caption-attachment-105729\" class=\"wp-caption-text\">Omara Portuondo. Foto: Gabriel Guerra Bianchini.<\/figcaption><\/figure>\n<h3><a href=\"https:\/\/oncubanews.com\/wp-content\/uploads\/2016\/03\/Separador-023.png\"><img loading=\"lazy\" decoding=\"async\" width=\"758\" height=\"28\" class=\"aligncenter size-full wp-image-65415\" src=\"https:\/\/oncubanews.com\/wp-content\/uploads\/2016\/03\/Separador-023.png\" alt=\"\" srcset=\"https:\/\/oncubanews.com\/en\/wp-content\/uploads\/2016\/03\/Separador-023.png 758w, https:\/\/oncubanews.com\/en\/wp-content\/uploads\/2016\/03\/Separador-023-300x11.png 300w\" sizes=\"auto, (max-width: 758px) 100vw, 758px\" \/><\/a><\/h3>\n<h3>Weekend with Ivette<\/h3>\n<p>Ivette Cepeda and her group Reflexion announce their presentations today, at 10 pm, in El Tablao of the Great Theater of Havana, and tomorrow, at 11 pm, in Cafe Miramar.<\/p>\n<p><a href=\"https:\/\/oncubanews.com\/wp-content\/uploads\/2017\/07\/ivette.jpg\"><img loading=\"lazy\" decoding=\"async\" width=\"793\" height=\"600\" class=\"aligncenter size-full wp-image-98684\" src=\"https:\/\/oncubanews.com\/wp-content\/uploads\/2017\/07\/ivette.jpg\" alt=\"\" \/><\/a><\/p>\n<p><a href=\"https:\/\/oncubanews.com\/wp-content\/uploads\/2016\/03\/Separador-023.png\"><img loading=\"lazy\" decoding=\"async\" width=\"758\" height=\"28\" class=\"aligncenter size-full wp-image-65415\" src=\"https:\/\/oncubanews.com\/wp-content\/uploads\/2016\/03\/Separador-023.png\" alt=\"\" srcset=\"https:\/\/oncubanews.com\/en\/wp-content\/uploads\/2016\/03\/Separador-023.png 758w, https:\/\/oncubanews.com\/en\/wp-content\/uploads\/2016\/03\/Separador-023-300x11.png 300w\" sizes=\"auto, (max-width: 758px) 100vw, 758px\" \/><\/a><\/p>\n<h3>Kelvis in Fine Arts<\/h3>\n<p>Kelvis Ochoa concert today, at 8 pm, in the Fine Arts Museum courtyard.<\/p>\n<p><a href=\"https:\/\/oncubanews.com\/wp-content\/uploads\/2018\/07\/20-jul-kelvis-en-b-artes.jpg\"><img decoding=\"async\" class=\"aligncenter size-full wp-image-132658\" src=\"https:\/\/oncubanews.com\/wp-content\/uploads\/2018\/07\/20-jul-kelvis-en-b-artes.jpg\" alt=\"\" \/><\/a><\/p>\n<p><a href=\"https:\/\/oncubanews.com\/wp-content\/uploads\/2016\/03\/Separador-023.png\"><img loading=\"lazy\" decoding=\"async\" width=\"758\" height=\"28\" class=\"aligncenter size-full wp-image-65415\" src=\"https:\/\/oncubanews.com\/wp-content\/uploads\/2016\/03\/Separador-023.png\" alt=\"\" srcset=\"https:\/\/oncubanews.com\/en\/wp-content\/uploads\/2016\/03\/Separador-023.png 758w, https:\/\/oncubanews.com\/en\/wp-content\/uploads\/2016\/03\/Separador-023-300x11.png 300w\" sizes=\"auto, (max-width: 758px) 100vw, 758px\" \/><\/a><\/p>\n<h3>Cuba Loves Jazz with Idania Vald\u00e9s<\/h3>\n<p>Next Tuesday 24th, Idania Valdes in concert in El Tablao of the Great Theater of Havana. Don\u2019t miss it. 8 pm!<\/p>\n<h3><a href=\"https:\/\/oncubanews.com\/wp-content\/uploads\/2016\/03\/Separador-023.png\"><img loading=\"lazy\" decoding=\"async\" width=\"758\" height=\"28\" class=\"aligncenter size-full wp-image-65415\" src=\"https:\/\/oncubanews.com\/wp-content\/uploads\/2016\/03\/Separador-023.png\" alt=\"\" srcset=\"https:\/\/oncubanews.com\/en\/wp-content\/uploads\/2016\/03\/Separador-023.png 758w, https:\/\/oncubanews.com\/en\/wp-content\/uploads\/2016\/03\/Separador-023-300x11.png 300w\" sizes=\"auto, (max-width: 758px) 100vw, 758px\" \/><\/a><\/h3>\n<h3>Classics in Old Havana<\/h3>\n<p>Play out today with the Concert National Band, directed by maestro Igor Corcuera, in Plaza de Armas, at 4pm.<\/p>\n<p><a href=\"https:\/\/oncubanews.com\/wp-content\/uploads\/2018\/07\/20-banda-nac-de-conciertos.jpg\"><img decoding=\"async\" class=\"aligncenter size-full wp-image-132660\" src=\"https:\/\/oncubanews.com\/wp-content\/uploads\/2018\/07\/20-banda-nac-de-conciertos.jpg\" alt=\"\" \/><\/a><\/p>\n<p><a href=\"https:\/\/oncubanews.com\/wp-content\/uploads\/2016\/03\/Separador-023.png\"><img loading=\"lazy\" decoding=\"async\" width=\"758\" height=\"28\" class=\"aligncenter size-full wp-image-65415\" src=\"https:\/\/oncubanews.com\/wp-content\/uploads\/2016\/03\/Separador-023.png\" alt=\"\" srcset=\"https:\/\/oncubanews.com\/en\/wp-content\/uploads\/2016\/03\/Separador-023.png 758w, https:\/\/oncubanews.com\/en\/wp-content\/uploads\/2016\/03\/Separador-023-300x11.png 300w\" sizes=\"auto, (max-width: 758px) 100vw, 758px\" \/><\/a><\/p>\n<h3>Clandestine concert<\/h3>\n<p>Jorgito Kamankola will be in concert today, at 6pm, in La azotea de Yaneidis (Calzada St. 1057 btw 12 and 14, Vedado). Don\u2019t miss it.<\/p>\n<p><a href=\"https:\/\/oncubanews.com\/wp-content\/uploads\/2018\/07\/Kamankola.jpg\"><img decoding=\"async\" class=\"aligncenter size-full wp-image-132738\" src=\"https:\/\/oncubanews.com\/wp-content\/uploads\/2018\/07\/Kamankola.jpg\" alt=\"\" \/><\/a><\/p>\n<p><a href=\"https:\/\/oncubanews.com\/wp-content\/uploads\/2016\/03\/Separador-023.png\"><img loading=\"lazy\" decoding=\"async\" width=\"758\" height=\"28\" class=\"aligncenter size-full wp-image-65415\" src=\"https:\/\/oncubanews.com\/wp-content\/uploads\/2016\/03\/Separador-023.png\" alt=\"\" srcset=\"https:\/\/oncubanews.com\/en\/wp-content\/uploads\/2016\/03\/Separador-023.png 758w, https:\/\/oncubanews.com\/en\/wp-content\/uploads\/2016\/03\/Separador-023-300x11.png 300w\" sizes=\"auto, (max-width: 758px) 100vw, 758px\" \/><\/a><\/p>\n<h3>Cimafunk ending his summer<\/h3>\n<p>Tomorrow, at 11 pm, Cimafunk will celebrate the first anivversary of ZAFRA Media in Bertolt Brecht. This will be his last concert for the summer, so go!<\/p>\n<p><a href=\"https:\/\/oncubanews.com\/wp-content\/uploads\/2018\/07\/cimafunk-en-brecht.jpg\"><img decoding=\"async\" class=\"aligncenter size-full wp-image-132823\" src=\"https:\/\/oncubanews.com\/wp-content\/uploads\/2018\/07\/cimafunk-en-brecht.jpg\" alt=\"\" \/><\/a><\/p>\n<p><a href=\"https:\/\/oncubanews.com\/wp-content\/uploads\/2016\/03\/Separador-023.png\"><img loading=\"lazy\" decoding=\"async\" width=\"758\" height=\"28\" class=\"aligncenter size-full wp-image-65415\" src=\"https:\/\/oncubanews.com\/wp-content\/uploads\/2016\/03\/Separador-023.png\" alt=\"\" srcset=\"https:\/\/oncubanews.com\/en\/wp-content\/uploads\/2016\/03\/Separador-023.png 758w, https:\/\/oncubanews.com\/en\/wp-content\/uploads\/2016\/03\/Separador-023-300x11.png 300w\" sizes=\"auto, (max-width: 758px) 100vw, 758px\" \/><\/a><\/p>\n<\/div>\n<div id=\"banner2\" class=\"cartelera_banner\"><a href=\"https:\/\/oncubanews.com\/wp-content\/uploads\/2017\/09\/Banner-Teatro_ingl\u00e9s_red.jpg\"><img loading=\"lazy\" decoding=\"async\" width=\"755\" height=\"145\" class=\"aligncenter wp-image-103311 size-full\" src=\"https:\/\/oncubanews.com\/wp-content\/uploads\/2017\/09\/Banner-Teatro_ingl\u00e9s_red.jpg\" alt=\"\" \/><\/a><\/div>\n<div>\n<h3>Teatro de la Luna on stage<\/h3>\n<p>El banquete infinito, written by Alberto Pedro and directed this time by Raul Martinez, will have a season in Adolfo Llaurado hall. Until August 16th, every Tuesday, Wednesday and Thursday, at 7 pm.<\/p>\n<p><a href=\"https:\/\/oncubanews.com\/wp-content\/uploads\/2016\/03\/Separador-023.png\"><img loading=\"lazy\" decoding=\"async\" width=\"758\" height=\"28\" class=\"aligncenter size-full wp-image-65415\" src=\"https:\/\/oncubanews.com\/wp-content\/uploads\/2016\/03\/Separador-023.png\" alt=\"\" srcset=\"https:\/\/oncubanews.com\/en\/wp-content\/uploads\/2016\/03\/Separador-023.png 758w, https:\/\/oncubanews.com\/en\/wp-content\/uploads\/2016\/03\/Separador-023-300x11.png 300w\" sizes=\"auto, (max-width: 758px) 100vw, 758px\" \/><\/a><\/p>\n<\/div>\n<div id=\"banner3\" class=\"cartelera_banner\"><a href=\"https:\/\/oncubanews.com\/wp-content\/uploads\/2017\/10\/Banner-Artes-visuales_ingl\u00e9s_red.jpg\"><img loading=\"lazy\" decoding=\"async\" width=\"755\" height=\"145\" class=\"aligncenter wp-image-104355 size-full\" src=\"https:\/\/oncubanews.com\/wp-content\/uploads\/2017\/10\/Banner-Artes-visuales_ingl\u00e9s_red.jpg\" alt=\"\" \/><\/a><\/div>\n<div>\n<h3>The other studio in FAC<\/h3>\n<p>You\u2019re all invited to the collective expo inauguration by artists from El otro estudio, in FAC, today, at 6.30 pm.<\/p>\n<p><a href=\"https:\/\/oncubanews.com\/wp-content\/uploads\/2018\/07\/expo-en-FAC.jpg\"><img decoding=\"async\" class=\"aligncenter size-full wp-image-132824\" src=\"https:\/\/oncubanews.com\/wp-content\/uploads\/2018\/07\/expo-en-FAC.jpg\" alt=\"\" \/><\/a><\/p>\n<p><a href=\"https:\/\/oncubanews.com\/wp-content\/uploads\/2016\/03\/Separador-023.png\"><img loading=\"lazy\" decoding=\"async\" width=\"758\" height=\"28\" class=\"aligncenter size-full wp-image-65415\" src=\"https:\/\/oncubanews.com\/wp-content\/uploads\/2016\/03\/Separador-023.png\" alt=\"\" srcset=\"https:\/\/oncubanews.com\/en\/wp-content\/uploads\/2016\/03\/Separador-023.png 758w, https:\/\/oncubanews.com\/en\/wp-content\/uploads\/2016\/03\/Separador-023-300x11.png 300w\" sizes=\"auto, (max-width: 758px) 100vw, 758px\" \/><\/a><\/p>\n<h3>The memory of things<\/h3>\n<p>Next Monday, July 23rd, you\u2019re all invited to the conference \u201cLa memoria de las cosas: fotografia, materialidad y afecto\u201d by Jorge Moreno Andres. This will be organized by Laboratorio Escenico de Experimentacion Social and Casa Editorial Tablas-Alarcos. It will take place at 4 pm in La Incubadora (E St. btw 21st and 23rd, # 504, Vedado).<\/p>\n<p><a href=\"https:\/\/oncubanews.com\/wp-content\/uploads\/2018\/07\/Charla-jorge-moreno-andr\u00e9s.jpg\"><img decoding=\"async\" class=\"aligncenter size-full wp-image-132848\" src=\"https:\/\/oncubanews.com\/wp-content\/uploads\/2018\/07\/Charla-jorge-moreno-andr\u00e9s.jpg\" alt=\"\" \/><\/a><\/p>\n<p><a href=\"https:\/\/oncubanews.com\/wp-content\/uploads\/2016\/03\/Separador-023.png\"><img loading=\"lazy\" decoding=\"async\" width=\"758\" height=\"28\" class=\"aligncenter size-full wp-image-65415\" src=\"https:\/\/oncubanews.com\/wp-content\/uploads\/2016\/03\/Separador-023.png\" alt=\"\" srcset=\"https:\/\/oncubanews.com\/en\/wp-content\/uploads\/2016\/03\/Separador-023.png 758w, https:\/\/oncubanews.com\/en\/wp-content\/uploads\/2016\/03\/Separador-023-300x11.png 300w\" sizes=\"auto, (max-width: 758px) 100vw, 758px\" \/><\/a><\/p>\n<\/div>\n<div id=\"banner4\" class=\"cartelera_banner\"><a href=\"https:\/\/oncubanews.com\/wp-content\/uploads\/2017\/09\/Banner-FAC_ingl\u00e9s_red.jpg\"><img loading=\"lazy\" decoding=\"async\" width=\"755\" height=\"145\" class=\"aligncenter wp-image-103304 size-full\" src=\"https:\/\/oncubanews.com\/wp-content\/uploads\/2017\/09\/Banner-FAC_ingl\u00e9s_red.jpg\" alt=\"\" \/><\/a><\/div>\n<div>\n<h3>Let\u2019s go to FAC<\/h3>\n<p>FRIDAY, JULY 20TH<\/p>\n<p>7 pm: Documentary presentation \u201cLos cercanos dias del amor\u201d by Yosiri Lopez, and the book presentation \u201cMirame asi. Habanera y guajiros de Servando Cabrera\u201d by their writers Rosemary Rodriguez and Neida Pe\u00f1alver. Nave 3.<\/p>\n<p><a href=\"https:\/\/oncubanews.com\/wp-content\/uploads\/2018\/07\/vie-present-libro-servando.jpg\"><img decoding=\"async\" class=\"aligncenter size-full wp-image-132828\" src=\"https:\/\/oncubanews.com\/wp-content\/uploads\/2018\/07\/vie-present-libro-servando.jpg\" alt=\"\" \/><\/a><\/p>\n<p>9 pm: Impomadrid company (Spain) with the play \u201cJardines\u201d. Nave 3.<\/p>\n<p><a href=\"https:\/\/oncubanews.com\/wp-content\/uploads\/2018\/07\/vie-impromadrid-espa\u00f1a.jpg\"><img decoding=\"async\" class=\"aligncenter size-full wp-image-132827\" src=\"https:\/\/oncubanews.com\/wp-content\/uploads\/2018\/07\/vie-impromadrid-espa\u00f1a.jpg\" alt=\"\" \/><\/a><\/p>\n<p>9:30 pm: Session DJ Producer: Ivan Lejardi. Nave 1.<\/p>\n<p>11 pm: Tesis de Menta in concert. Nave 4.<\/p>\n<p>12am: Open Jazz Jam with Andy Garcia and Jazz tu sabes. Nave 1.<\/p>\n\n<p>SATURDAY, JULY 21st<\/p>\n<p>9pm: Collection: Summer Collage by designer Luis Gzl. Nave 3.<\/p>\n<p><a href=\"https:\/\/oncubanews.com\/wp-content\/uploads\/2018\/07\/sab-moda-1.jpg\"><img decoding=\"async\" class=\"aligncenter size-full wp-image-132833\" src=\"https:\/\/oncubanews.com\/wp-content\/uploads\/2018\/07\/sab-moda-1.jpg\" alt=\"\" \/><\/a><\/p>\n<p>9:30 pm: Session DJ Producer: Ivan Lejardi. Nave 1.<\/p>\n<p>10.30 pm: ADN Music. Invited: Real Project. Nave 4.<\/p>\n\n<p>11pm: Real Project in concert. Nave 4.<\/p>\n<p>12:00 am: Rock and Roll in FAC: Aire Libre group. Nave 1.<\/p>\n<p><a href=\"https:\/\/oncubanews.com\/wp-content\/uploads\/2018\/07\/sab-aire-libre.jpg\"><img decoding=\"async\" class=\"aligncenter size-full wp-image-132832\" src=\"https:\/\/oncubanews.com\/wp-content\/uploads\/2018\/07\/sab-aire-libre.jpg\" alt=\"\" \/><\/a><\/p>\n<p>SUNDAY, JULY 22nd<\/p>\n<p>9pm: Play: \u201cFarandula\u201d. Directed by Jazz Vila. Nave 3.<\/p>\n<p>10pm: Yai Varcacel in concert. Nave 1.<\/p>\n<p>10pm: Group A teatro limpio presents \u201cQuien da mas?\u201d. Nave 5.<\/p>\n<p>11pm: Ivan Latour in concert. Nave 4.<\/p>\n<p>11:30 pm: Session DJ Producer: Ivan Lejardi. Nave 1.<\/p>\n<p><a href=\"https:\/\/oncubanews.com\/wp-content\/uploads\/2018\/07\/lejardi-1.jpg\"><img decoding=\"async\" class=\"aligncenter size-full wp-image-132012\" src=\"https:\/\/oncubanews.com\/wp-content\/uploads\/2018\/07\/lejardi-1.jpg\" alt=\"\" \/><\/a><\/p>\n<p><a href=\"https:\/\/oncubanews.com\/wp-content\/uploads\/2016\/03\/Separador-023.png\"><img loading=\"lazy\" decoding=\"async\" width=\"758\" height=\"28\" class=\"aligncenter size-full wp-image-65415\" src=\"https:\/\/oncubanews.com\/wp-content\/uploads\/2016\/03\/Separador-023.png\" alt=\"\" srcset=\"https:\/\/oncubanews.com\/en\/wp-content\/uploads\/2016\/03\/Separador-023.png 758w, https:\/\/oncubanews.com\/en\/wp-content\/uploads\/2016\/03\/Separador-023-300x11.png 300w\" sizes=\"auto, (max-width: 758px) 100vw, 758px\" \/><\/a><\/p>\n<\/div>\n<div id=\"banner5\" class=\"cartelera_banner\"><a href=\"https:\/\/oncubanews.com\/wp-content\/uploads\/2017\/09\/Banner-Cine_ingl\u00e9s_red.jpg\"><img loading=\"lazy\" decoding=\"async\" width=\"755\" height=\"145\" class=\"aligncenter wp-image-103302 size-full\" src=\"https:\/\/oncubanews.com\/wp-content\/uploads\/2017\/09\/Banner-Cine_ingl\u00e9s_red.jpg\" alt=\"\" \/><\/a><\/div>\n<div>\n<h3>7th art in FAC<\/h3>\n<p>As a tribute for the 120 anniversary of Japanese migration, the Japan Embassy in Cuba invites to the Japanese Film Week in FAC. Entrance is free and only for this weekend, at 7.30 pm in Nave 5.<br \/>\n<a href=\"https:\/\/oncubanews.com\/wp-content\/uploads\/2018\/07\/CINE-FAC.jpg\"><img decoding=\"async\" class=\"aligncenter size-full wp-image-132836\" src=\"https:\/\/oncubanews.com\/wp-content\/uploads\/2018\/07\/CINE-FAC.jpg\" alt=\"\" \/><\/a><\/p>\n<p><a href=\"https:\/\/oncubanews.com\/wp-content\/uploads\/2016\/03\/Separador-023.png\"><img loading=\"lazy\" decoding=\"async\" width=\"758\" height=\"28\" class=\"aligncenter size-full wp-image-65415\" src=\"https:\/\/oncubanews.com\/wp-content\/uploads\/2016\/03\/Separador-023.png\" alt=\"\" srcset=\"https:\/\/oncubanews.com\/en\/wp-content\/uploads\/2016\/03\/Separador-023.png 758w, https:\/\/oncubanews.com\/en\/wp-content\/uploads\/2016\/03\/Separador-023-300x11.png 300w\" sizes=\"auto, (max-width: 758px) 100vw, 758px\" \/><\/a><\/p>\n<\/div>\n","protected":false},"excerpt":{"rendered":"<p>This week we\u2019ll celebrate the 35 career years of Luiba Maria Hevia. The proposal is a concert with the National Symphonic Orchestra next Sunday, so you can enjoy her music and all the memories from these years. Also, in Music there will be many other concerts. In Visual Arts, an expo and promising conference.In Theatre [&hellip;]<\/p>\n","protected":false},"author":3524,"featured_media":185582,"comment_status":"open","ping_status":"closed","sticky":false,"template":"","format":"standard","meta":{"_acf_changed":false,"footnotes":""},"categories":[14198],"tags":[14813],"ppma_author":[33547,13550],"class_list":["post-185581","post","type-post","status-publish","format-standard","has-post-thumbnail","hentry","category-billboard-archive","tag-weekly-billboard"],"acf":[],"yoast_head":"<!-- This site is optimized with the Yoast SEO plugin v27.3 - https:\/\/yoast.com\/product\/yoast-seo-wordpress\/ -->\n<title>Billboard: 35 years with Liuba | OnCubaNews English<\/title>\n<meta name=\"robots\" content=\"index, follow, max-snippet:-1, max-image-preview:large, max-video-preview:-1\" \/>\n<link rel=\"canonical\" href=\"https:\/\/oncubanews.com\/en\/billboard-archive\/billboard-35-years-with-liuba\/\" \/>\n<meta property=\"og:locale\" content=\"en_US\" \/>\n<meta property=\"og:type\" content=\"article\" \/>\n<meta property=\"og:title\" content=\"Billboard: 35 years with Liuba | OnCubaNews English\" \/>\n<meta property=\"og:description\" content=\"This week we\u2019ll celebrate the 35 career years of Luiba Maria Hevia. The proposal is a concert with the National Symphonic Orchestra next Sunday, so you can enjoy her music and all the memories from these years. Also, in Music there will be many other concerts. In Visual Arts, an expo and promising conference.In Theatre [&hellip;]\" \/>\n<meta property=\"og:url\" content=\"https:\/\/oncubanews.com\/en\/billboard-archive\/billboard-35-years-with-liuba\/\" \/>\n<meta property=\"og:site_name\" content=\"OnCubaNews English\" \/>\n<meta property=\"article:published_time\" content=\"2018-07-20T04:00:00+00:00\" \/>\n<meta property=\"article:modified_time\" content=\"2018-10-02T18:36:35+00:00\" \/>\n<meta property=\"og:image\" content=\"https:\/\/oncubanews.com\/en\/wp-content\/uploads\/2018\/09\/Portada-04-ingl\u00e9s-2.jpg\" \/>\n\t<meta property=\"og:image:width\" content=\"1500\" \/>\n\t<meta property=\"og:image:height\" content=\"974\" \/>\n\t<meta property=\"og:image:type\" content=\"image\/jpeg\" \/>\n<meta name=\"author\" content=\"Alejandro Ruiz Chang, aleruiz\" \/>\n<meta name=\"twitter:card\" content=\"summary_large_image\" \/>\n<meta name=\"twitter:label1\" content=\"Written by\" \/>\n\t<meta name=\"twitter:data1\" content=\"Alejandro Ruiz Chang\" \/>\n\t<meta name=\"twitter:label2\" content=\"Est. reading time\" \/>\n\t<meta name=\"twitter:data2\" content=\"4 minutes\" \/>\n<script type=\"application\/ld+json\" class=\"yoast-schema-graph\">{\"@context\":\"https:\\\/\\\/schema.org\",\"@graph\":[{\"@type\":\"Article\",\"@id\":\"https:\\\/\\\/oncubanews.com\\\/en\\\/billboard-archive\\\/billboard-35-years-with-liuba\\\/#article\",\"isPartOf\":{\"@id\":\"https:\\\/\\\/oncubanews.com\\\/en\\\/billboard-archive\\\/billboard-35-years-with-liuba\\\/\"},\"author\":{\"name\":\"Alejandro Ruiz Chang\",\"@id\":\"https:\\\/\\\/oncubanews.com\\\/en\\\/#\\\/schema\\\/person\\\/5b33058b67d9cc92629c50b584f938e3\"},\"headline\":\"Billboard: 35 years with Liuba\",\"datePublished\":\"2018-07-20T04:00:00+00:00\",\"dateModified\":\"2018-10-02T18:36:35+00:00\",\"mainEntityOfPage\":{\"@id\":\"https:\\\/\\\/oncubanews.com\\\/en\\\/billboard-archive\\\/billboard-35-years-with-liuba\\\/\"},\"wordCount\":793,\"commentCount\":0,\"image\":{\"@id\":\"https:\\\/\\\/oncubanews.com\\\/en\\\/billboard-archive\\\/billboard-35-years-with-liuba\\\/#primaryimage\"},\"thumbnailUrl\":\"https:\\\/\\\/oncubanews.com\\\/en\\\/wp-content\\\/uploads\\\/2018\\\/09\\\/Portada-04-ingl\u00e9s-2.jpg\",\"keywords\":[\"weekly billboard\"],\"articleSection\":[\"Billboard Archive\"],\"inLanguage\":\"en-US\",\"potentialAction\":[{\"@type\":\"CommentAction\",\"name\":\"Comment\",\"target\":[\"https:\\\/\\\/oncubanews.com\\\/en\\\/billboard-archive\\\/billboard-35-years-with-liuba\\\/#respond\"]}],\"copyrightYear\":\"2018\",\"copyrightHolder\":{\"@id\":\"https:\\\/\\\/oncubanews.com\\\/en\\\/#organization\"}},{\"@type\":\"WebPage\",\"@id\":\"https:\\\/\\\/oncubanews.com\\\/en\\\/billboard-archive\\\/billboard-35-years-with-liuba\\\/\",\"url\":\"https:\\\/\\\/oncubanews.com\\\/en\\\/billboard-archive\\\/billboard-35-years-with-liuba\\\/\",\"name\":\"Billboard: 35 years with Liuba | OnCubaNews English\",\"isPartOf\":{\"@id\":\"https:\\\/\\\/oncubanews.com\\\/en\\\/#website\"},\"primaryImageOfPage\":{\"@id\":\"https:\\\/\\\/oncubanews.com\\\/en\\\/billboard-archive\\\/billboard-35-years-with-liuba\\\/#primaryimage\"},\"image\":{\"@id\":\"https:\\\/\\\/oncubanews.com\\\/en\\\/billboard-archive\\\/billboard-35-years-with-liuba\\\/#primaryimage\"},\"thumbnailUrl\":\"https:\\\/\\\/oncubanews.com\\\/en\\\/wp-content\\\/uploads\\\/2018\\\/09\\\/Portada-04-ingl\u00e9s-2.jpg\",\"datePublished\":\"2018-07-20T04:00:00+00:00\",\"dateModified\":\"2018-10-02T18:36:35+00:00\",\"author\":{\"@id\":\"https:\\\/\\\/oncubanews.com\\\/en\\\/#\\\/schema\\\/person\\\/5b33058b67d9cc92629c50b584f938e3\"},\"breadcrumb\":{\"@id\":\"https:\\\/\\\/oncubanews.com\\\/en\\\/billboard-archive\\\/billboard-35-years-with-liuba\\\/#breadcrumb\"},\"inLanguage\":\"en-US\",\"potentialAction\":[{\"@type\":\"ReadAction\",\"target\":[\"https:\\\/\\\/oncubanews.com\\\/en\\\/billboard-archive\\\/billboard-35-years-with-liuba\\\/\"]}]},{\"@type\":\"ImageObject\",\"inLanguage\":\"en-US\",\"@id\":\"https:\\\/\\\/oncubanews.com\\\/en\\\/billboard-archive\\\/billboard-35-years-with-liuba\\\/#primaryimage\",\"url\":\"https:\\\/\\\/oncubanews.com\\\/en\\\/wp-content\\\/uploads\\\/2018\\\/09\\\/Portada-04-ingl\u00e9s-2.jpg\",\"contentUrl\":\"https:\\\/\\\/oncubanews.com\\\/en\\\/wp-content\\\/uploads\\\/2018\\\/09\\\/Portada-04-ingl\u00e9s-2.jpg\",\"width\":1500,\"height\":974},{\"@type\":\"BreadcrumbList\",\"@id\":\"https:\\\/\\\/oncubanews.com\\\/en\\\/billboard-archive\\\/billboard-35-years-with-liuba\\\/#breadcrumb\",\"itemListElement\":[{\"@type\":\"ListItem\",\"position\":1,\"name\":\"Portada\",\"item\":\"https:\\\/\\\/oncubanews.com\\\/en\\\/\"},{\"@type\":\"ListItem\",\"position\":2,\"name\":\"Billboard: 35 years with Liuba\"}]},{\"@type\":\"WebSite\",\"@id\":\"https:\\\/\\\/oncubanews.com\\\/en\\\/#website\",\"url\":\"https:\\\/\\\/oncubanews.com\\\/en\\\/\",\"name\":\"OnCubaNews English\",\"description\":\"Revista sobre Cuba\",\"potentialAction\":[{\"@type\":\"SearchAction\",\"target\":{\"@type\":\"EntryPoint\",\"urlTemplate\":\"https:\\\/\\\/oncubanews.com\\\/en\\\/?s={search_term_string}\"},\"query-input\":{\"@type\":\"PropertyValueSpecification\",\"valueRequired\":true,\"valueName\":\"search_term_string\"}}],\"inLanguage\":\"en-US\"},{\"@type\":\"Person\",\"@id\":\"https:\\\/\\\/oncubanews.com\\\/en\\\/#\\\/schema\\\/person\\\/5b33058b67d9cc92629c50b584f938e3\",\"name\":\"Alejandro Ruiz Chang\",\"image\":{\"@type\":\"ImageObject\",\"inLanguage\":\"en-US\",\"@id\":\"https:\\\/\\\/oncubanews.com\\\/wp-content\\\/uploads\\\/2018\\\/11\\\/alejandro-ruiz-chang_avatar_1542067215-96x96-96x96.jpg7487662ab08cda8e6e96206f634e08f7\",\"url\":\"https:\\\/\\\/oncubanews.com\\\/wp-content\\\/uploads\\\/2018\\\/11\\\/alejandro-ruiz-chang_avatar_1542067215-96x96-96x96.jpg\",\"contentUrl\":\"https:\\\/\\\/oncubanews.com\\\/wp-content\\\/uploads\\\/2018\\\/11\\\/alejandro-ruiz-chang_avatar_1542067215-96x96-96x96.jpg\",\"caption\":\"Alejandro Ruiz Chang\"},\"description\":\"Naci\u00f3 en Guanabo, pero no le gusta el Sol. Del mar, en cambio, nunca se podr\u00e1 separar. Por eso sigue aferrado al malec\u00f3n y haciendo periodismo que es lo que, m\u00e1s menos, mejorcito se le da.\",\"url\":\"https:\\\/\\\/oncubanews.com\\\/en\\\/author\\\/alejandroruiz\\\/\"}]}<\/script>\n<!-- \/ Yoast SEO plugin. -->","yoast_head_json":{"title":"Billboard: 35 years with Liuba | OnCubaNews English","robots":{"index":"index","follow":"follow","max-snippet":"max-snippet:-1","max-image-preview":"max-image-preview:large","max-video-preview":"max-video-preview:-1"},"canonical":"https:\/\/oncubanews.com\/en\/billboard-archive\/billboard-35-years-with-liuba\/","og_locale":"en_US","og_type":"article","og_title":"Billboard: 35 years with Liuba | OnCubaNews English","og_description":"This week we\u2019ll celebrate the 35 career years of Luiba Maria Hevia. The proposal is a concert with the National Symphonic Orchestra next Sunday, so you can enjoy her music and all the memories from these years. Also, in Music there will be many other concerts. In Visual Arts, an expo and promising conference.In Theatre [&hellip;]","og_url":"https:\/\/oncubanews.com\/en\/billboard-archive\/billboard-35-years-with-liuba\/","og_site_name":"OnCubaNews English","article_published_time":"2018-07-20T04:00:00+00:00","article_modified_time":"2018-10-02T18:36:35+00:00","og_image":[{"width":1500,"height":974,"url":"https:\/\/oncubanews.com\/en\/wp-content\/uploads\/2018\/09\/Portada-04-ingl\u00e9s-2.jpg","type":"image\/jpeg"}],"author":"Alejandro Ruiz Chang, aleruiz","twitter_card":"summary_large_image","twitter_misc":{"Written by":"Alejandro Ruiz Chang","Est. reading time":"4 minutes"},"schema":{"@context":"https:\/\/schema.org","@graph":[{"@type":"Article","@id":"https:\/\/oncubanews.com\/en\/billboard-archive\/billboard-35-years-with-liuba\/#article","isPartOf":{"@id":"https:\/\/oncubanews.com\/en\/billboard-archive\/billboard-35-years-with-liuba\/"},"author":{"name":"Alejandro Ruiz Chang","@id":"https:\/\/oncubanews.com\/en\/#\/schema\/person\/5b33058b67d9cc92629c50b584f938e3"},"headline":"Billboard: 35 years with Liuba","datePublished":"2018-07-20T04:00:00+00:00","dateModified":"2018-10-02T18:36:35+00:00","mainEntityOfPage":{"@id":"https:\/\/oncubanews.com\/en\/billboard-archive\/billboard-35-years-with-liuba\/"},"wordCount":793,"commentCount":0,"image":{"@id":"https:\/\/oncubanews.com\/en\/billboard-archive\/billboard-35-years-with-liuba\/#primaryimage"},"thumbnailUrl":"https:\/\/oncubanews.com\/en\/wp-content\/uploads\/2018\/09\/Portada-04-ingl\u00e9s-2.jpg","keywords":["weekly billboard"],"articleSection":["Billboard Archive"],"inLanguage":"en-US","potentialAction":[{"@type":"CommentAction","name":"Comment","target":["https:\/\/oncubanews.com\/en\/billboard-archive\/billboard-35-years-with-liuba\/#respond"]}],"copyrightYear":"2018","copyrightHolder":{"@id":"https:\/\/oncubanews.com\/en\/#organization"}},{"@type":"WebPage","@id":"https:\/\/oncubanews.com\/en\/billboard-archive\/billboard-35-years-with-liuba\/","url":"https:\/\/oncubanews.com\/en\/billboard-archive\/billboard-35-years-with-liuba\/","name":"Billboard: 35 years with Liuba | OnCubaNews English","isPartOf":{"@id":"https:\/\/oncubanews.com\/en\/#website"},"primaryImageOfPage":{"@id":"https:\/\/oncubanews.com\/en\/billboard-archive\/billboard-35-years-with-liuba\/#primaryimage"},"image":{"@id":"https:\/\/oncubanews.com\/en\/billboard-archive\/billboard-35-years-with-liuba\/#primaryimage"},"thumbnailUrl":"https:\/\/oncubanews.com\/en\/wp-content\/uploads\/2018\/09\/Portada-04-ingl\u00e9s-2.jpg","datePublished":"2018-07-20T04:00:00+00:00","dateModified":"2018-10-02T18:36:35+00:00","author":{"@id":"https:\/\/oncubanews.com\/en\/#\/schema\/person\/5b33058b67d9cc92629c50b584f938e3"},"breadcrumb":{"@id":"https:\/\/oncubanews.com\/en\/billboard-archive\/billboard-35-years-with-liuba\/#breadcrumb"},"inLanguage":"en-US","potentialAction":[{"@type":"ReadAction","target":["https:\/\/oncubanews.com\/en\/billboard-archive\/billboard-35-years-with-liuba\/"]}]},{"@type":"ImageObject","inLanguage":"en-US","@id":"https:\/\/oncubanews.com\/en\/billboard-archive\/billboard-35-years-with-liuba\/#primaryimage","url":"https:\/\/oncubanews.com\/en\/wp-content\/uploads\/2018\/09\/Portada-04-ingl\u00e9s-2.jpg","contentUrl":"https:\/\/oncubanews.com\/en\/wp-content\/uploads\/2018\/09\/Portada-04-ingl\u00e9s-2.jpg","width":1500,"height":974},{"@type":"BreadcrumbList","@id":"https:\/\/oncubanews.com\/en\/billboard-archive\/billboard-35-years-with-liuba\/#breadcrumb","itemListElement":[{"@type":"ListItem","position":1,"name":"Portada","item":"https:\/\/oncubanews.com\/en\/"},{"@type":"ListItem","position":2,"name":"Billboard: 35 years with Liuba"}]},{"@type":"WebSite","@id":"https:\/\/oncubanews.com\/en\/#website","url":"https:\/\/oncubanews.com\/en\/","name":"OnCubaNews English","description":"Revista sobre Cuba","potentialAction":[{"@type":"SearchAction","target":{"@type":"EntryPoint","urlTemplate":"https:\/\/oncubanews.com\/en\/?s={search_term_string}"},"query-input":{"@type":"PropertyValueSpecification","valueRequired":true,"valueName":"search_term_string"}}],"inLanguage":"en-US"},{"@type":"Person","@id":"https:\/\/oncubanews.com\/en\/#\/schema\/person\/5b33058b67d9cc92629c50b584f938e3","name":"Alejandro Ruiz Chang","image":{"@type":"ImageObject","inLanguage":"en-US","@id":"https:\/\/oncubanews.com\/wp-content\/uploads\/2018\/11\/alejandro-ruiz-chang_avatar_1542067215-96x96-96x96.jpg7487662ab08cda8e6e96206f634e08f7","url":"https:\/\/oncubanews.com\/wp-content\/uploads\/2018\/11\/alejandro-ruiz-chang_avatar_1542067215-96x96-96x96.jpg","contentUrl":"https:\/\/oncubanews.com\/wp-content\/uploads\/2018\/11\/alejandro-ruiz-chang_avatar_1542067215-96x96-96x96.jpg","caption":"Alejandro Ruiz Chang"},"description":"Naci\u00f3 en Guanabo, pero no le gusta el Sol. Del mar, en cambio, nunca se podr\u00e1 separar. Por eso sigue aferrado al malec\u00f3n y haciendo periodismo que es lo que, m\u00e1s menos, mejorcito se le da.","url":"https:\/\/oncubanews.com\/en\/author\/alejandroruiz\/"}]}},"authors":[{"term_id":33547,"user_id":3524,"is_guest":0,"slug":"alejandroruiz","display_name":"Alejandro Ruiz Chang","avatar_url":"https:\/\/oncubanews.com\/wp-content\/uploads\/2018\/11\/alejandro-ruiz-chang_avatar_1542067215-96x96-96x96.jpg","0":null,"1":"","2":"","3":"","4":"","5":"","6":"","7":"","8":""},{"term_id":13550,"user_id":0,"is_guest":1,"slug":"cap-aleruiz","display_name":"aleruiz","avatar_url":"https:\/\/secure.gravatar.com\/avatar\/?s=96&r=g","0":null,"1":"","2":"","3":"","4":"","5":"","6":"","7":"","8":""}],"_links":{"self":[{"href":"https:\/\/oncubanews.com\/en\/wp-json\/wp\/v2\/posts\/185581","targetHints":{"allow":["GET"]}}],"collection":[{"href":"https:\/\/oncubanews.com\/en\/wp-json\/wp\/v2\/posts"}],"about":[{"href":"https:\/\/oncubanews.com\/en\/wp-json\/wp\/v2\/types\/post"}],"author":[{"embeddable":true,"href":"https:\/\/oncubanews.com\/en\/wp-json\/wp\/v2\/users\/3524"}],"replies":[{"embeddable":true,"href":"https:\/\/oncubanews.com\/en\/wp-json\/wp\/v2\/comments?post=185581"}],"version-history":[{"count":0,"href":"https:\/\/oncubanews.com\/en\/wp-json\/wp\/v2\/posts\/185581\/revisions"}],"wp:featuredmedia":[{"embeddable":true,"href":"https:\/\/oncubanews.com\/en\/wp-json\/wp\/v2\/media\/185582"}],"wp:attachment":[{"href":"https:\/\/oncubanews.com\/en\/wp-json\/wp\/v2\/media?parent=185581"}],"wp:term":[{"taxonomy":"category","embeddable":true,"href":"https:\/\/oncubanews.com\/en\/wp-json\/wp\/v2\/categories?post=185581"},{"taxonomy":"post_tag","embeddable":true,"href":"https:\/\/oncubanews.com\/en\/wp-json\/wp\/v2\/tags?post=185581"},{"taxonomy":"author","embeddable":true,"href":"https:\/\/oncubanews.com\/en\/wp-json\/wp\/v2\/ppma_author?post=185581"}],"curies":[{"name":"wp","href":"https:\/\/api.w.org\/{rel}","templated":true}]}}