
{"id":185584,"date":"2018-07-22T00:00:00","date_gmt":"2018-07-22T04:00:00","guid":{"rendered":"https:\/\/oncubanews.com\/en\/sergio-and-sergei-as-global-format-2\/"},"modified":"2018-10-02T19:40:45","modified_gmt":"2018-10-02T23:40:45","slug":"sergio-and-sergei-as-global-format","status":"publish","type":"post","link":"https:\/\/oncubanews.com\/en\/culture\/sergio-and-sergei-as-global-format\/","title":{"rendered":"\u201cSergio and Sergei\u201d as global format"},"content":{"rendered":"<p>&nbsp;<\/p>\n<p><span style=\"font-weight: 400\">The first thing spectators see when they go to see Sergio and Sergei (2017) is a screen that reads: <\/span><a href=\"https:\/\/www.mediapro.tv\/es\/\" target=\"_blank\"><span style=\"font-weight: 400\">Mediapro<\/span><\/a><span style=\"font-weight: 400\">. Further on, <\/span><a href=\"http:\/\/www.rtvc.icrt.cu\/\" target=\"_blank\"><span style=\"font-weight: 400\">RTV Comercial<\/span><\/a><span style=\"font-weight: 400\"> comes on.<\/span><\/p>\n<p><span style=\"font-weight: 400\">The first is, according to the firm\u2019s page, \u201ca leading group in the European audiovisual sector, the only one in the integration of audiovisual contents, production and distribution.\u201d The second, the marketing enterprise of Cuban radio and television, which in recent years has been increasingly dedicating itself to the production of its own contents instead of only operating as a seller for the rest of the national entities. Both, together with institutions like ICAIC (Cuban Institute of Cinema Arts and Industry), are the producers of Ernesto Daranas\u2019 new film.<\/span><\/p>\n<p><span style=\"font-weight: 400\">The previous detail does not suppose a prejudice. That Sergio and Sergei is a fruit of the contemporary cultural industry is barely a data. There is no problem in that, or with the marketing logic associated to a cultural product. Neither is this the case with the idea of a Cuban movie that originates (as most Cuban cinema since a while back) in the combination of transnational financial sources. The problem appears when this has an incidence on the resulting text. And it\u2019s not for the better.<\/span><\/p>\n<div class=\"jeg_video_container jeg_video_content\"><iframe loading=\"lazy\" title=\"Trailer de Sergio y Sergu\u00e9i \u2014 Sergio &amp; Sergei subtitulado en ingl\u00e9s (HD)\" width=\"500\" height=\"281\" src=\"https:\/\/www.youtube.com\/embed\/KG8dCE1PJ9c?feature=oembed\" frameborder=\"0\" allow=\"accelerometer; autoplay; clipboard-write; encrypted-media; gyroscope; picture-in-picture; web-share\" referrerpolicy=\"strict-origin-when-cross-origin\" allowfullscreen><\/iframe><\/div>\n<p><span style=\"font-weight: 400\">Daranas\u2019 new film is again, according to what its director tends to say, genre cinema with a social background. In Los dioses rotos (2008) it was the melodrama and the detective; in Conducta (2014), melodrama; now the dramatic comedy.<\/span><\/p>\n<p><span style=\"font-weight: 400\">The anecdote of Sergio and Sergei follows a young Cuban professor of Marxism trapped by the fall of the European socialist bloc right from the start of the 1990s and during the beginning of that, which we Cubans know as Special Period in Times of Peace. Sergio sees how the absolute truths of his philosophical system are submitted to questionings, while the need for survival forces him to reinvent himself, to curb his perception of the reality that obeyed almost finished categories.<\/span><\/p>\n<p><span style=\"font-weight: 400\">Sergio is also a radio ham. Someone who has a communication terminal with the exterior world. Through it he establishes contact with Sergei, a Soviet cosmonaut adrift in the MIR orbital station after the sudden disappearance of the USSR and of the public institution in charge of his sustenance and return.<\/span><\/p>\n<p><a href=\"https:\/\/oncubanews.com\/wp-content\/uploads\/2017\/12\/sergioandsergueifilm-es-horizontal-poster-1920.jpg\"><img decoding=\"async\" class=\" wp-image-110162\" src=\"https:\/\/oncubanews.com\/wp-content\/uploads\/2017\/12\/sergioandsergueifilm-es-horizontal-poster-1920.jpg\" alt=\"Detalle del cartel de &quot;Sergio &amp; Serguei&quot;, de Ernesto Daranas.\" \/><\/a><\/p>\n<p>&nbsp;<\/p>\n<p>&nbsp;<\/p>\n<p>&nbsp;<\/p>\n<p>&nbsp;<\/p>\n<p>&nbsp;<\/p>\n<p>&nbsp;<\/p>\n<p>&nbsp;<\/p>\n<p>&nbsp;<\/p>\n<p>&nbsp;<\/p>\n<p>&nbsp;<\/p>\n<p>&nbsp;<\/p>\n<p>&nbsp;<\/p>\n<p>&nbsp;<\/p>\n<p><span style=\"font-weight: 400\">Sergio and his radio telecommunication apparatus are going to play a fundamental role in the rescue of Sergei and his return to Earth safe and sound.<\/span><\/p>\n<p><span style=\"font-weight: 400\">Sergio and Sergei is a film about solidarity and survival (although its director describes it as \u201cabout friendship beyond cultural, geographical and political borders\u201d), with the background of the Cuban national plot. Those ingredients supposed, from the very plot, a bridge between plots and diverse incidents, which had to be managed with wisdom and courage.<\/span><\/p>\n<p><span style=\"font-weight: 400\">But it is also a film about vigilance. And here is where the comedy part of the story appears.<\/span><\/p>\n<p><span style=\"font-weight: 400\">Having a privileged access to individuals and information from the \u201cexterior world,\u201d Sergio is watched and his activity is closely supervised by a police system that receives special attention in the film\u2019s dramatic system.<\/span><\/p>\n<p><span style=\"font-weight: 400\">There is a serious problem with the representation of the power subjects in Cuban cinema; it is difficult to find a solid realistic writing about them, which turns them into credible antagonists (as is always the case in Cuban cinema) from the dramatic viewpoint. The common solutions are to draw them through the outline of unidimensional, stiff and solemn characters or, as is the case of Sergio and Sergei, in a comedy key.<\/span><\/p>\n<p><a href=\"https:\/\/oncubanews.com\/wp-content\/uploads\/2017\/12\/ron-perlman2.jpg\"><img decoding=\"async\" class=\"size-full wp-image-110651\" src=\"https:\/\/oncubanews.com\/wp-content\/uploads\/2017\/12\/ron-perlman2.jpg\" alt=\"Ron Perlman junto a Daranas (de pie) y el director de fotograf\u00eda Alejandro Men\u00e9ndez durante el rodaje de Sergio &amp; Serguei. Foto: Sergio and Sergei Film \/ Facebook.\" \/><\/a><\/p>\n<p>&nbsp;<\/p>\n<p>&nbsp;<\/p>\n<p>&nbsp;<\/p>\n<p>&nbsp;<\/p>\n<p>&nbsp;<\/p>\n<p>&nbsp;<\/p>\n<p>&nbsp;<\/p>\n<p>&nbsp;<\/p>\n<p>&nbsp;<\/p>\n<p>&nbsp;<\/p>\n<p>&nbsp;<\/p>\n<p>&nbsp;<\/p>\n<p>&nbsp;<\/p>\n<p>&nbsp;<\/p>\n<p>&nbsp;<\/p>\n<p>&nbsp;<\/p>\n<p>&nbsp;<\/p>\n<p>&nbsp;<\/p>\n<p><span style=\"font-weight: 400\">Some positions that challenge Cuban cinema in its critical aspect of social reality have used this to accuse it of manipulator, as if dealing poorly with the real phenomenon were enough to say that that phenomenon exists just in the bad intention of the creators. There are examples of both treatments in the Tom\u00e1s Guti\u00e9rrez Alea of the end (Guantanamera, in comedy key) as well as in the vilified Santa y Andr\u00e9s (in dramatic key with tragic tones) by Carlos Lechuga.<\/span><\/p>\n<p><span style=\"font-weight: 400\">The police officers are the most maladjusted in the structure of the characters of Sergio and Sergei. The character of Yuliet Cruz, who plays the higher officer who attends to Sergio, and that of Mario Guerra, the security guy by antonomasia, represent the double vertex of the characterization I previously described. The first is always constrained, in its role of severe and authoritarian boss, while the second incarnates the not very important vigilante, chasing after all types of proofs, which allows him to climb or to at least be recognized by his superiors; thus he\u2019s always suspecting and seeking evidence where there is none.<\/span><\/p>\n<p><span style=\"font-weight: 400\">One asks oneself if, since Sergio and Sergei is a story of human affections despite the difficulties (of resistance and solidarity, in short), so much prominence should have been given to the sickly paranoid subject Guerra incarnates (who at moments steals the story\u2019s center of interest), which at moments makes Sergio and Sergei descend to the formula of the film of mix-ups and even surrealist.<\/span><\/p>\n<p><span style=\"font-weight: 400\">The only answer that comes to me is that the character of Guerra functions well as a comic relief that compensates for the apparent seriousness of the rest of the story. However, that concession does not justify that the key sequence of the film be boycotted by one of the most hilarious moments of recent Cuban cinema: there where, while Sergio from Havana is able to guide Sergei on the spatial walk from which his survival depends, the security guy gets the proof he was looking for and comes out detached in his own weightlessness, in a situation that breaks the realistic pact of Sergio and Sergei.<\/span><\/p>\n<p><span style=\"font-weight: 400\">That sequence is in itself contradictory: the summit of a film of affections ends up being a comic climax, to not say entertaining.<\/span><\/p>\n<p><a href=\"https:\/\/oncubanews.com\/wp-content\/uploads\/2017\/11\/Sergio-y-Serguei-31.jpg\"><img loading=\"lazy\" decoding=\"async\" width=\"800\" height=\"519\" class=\"size-full wp-image-108393\" src=\"https:\/\/oncubanews.com\/wp-content\/uploads\/2017\/11\/Sergio-y-Serguei-31.jpg\" alt=\"Ron Perlman en &quot;Sergio y Serguei&quot;, del cubano Ernesto Daranas.\" \/><\/a><\/p>\n<p>&nbsp;<\/p>\n<p><span style=\"font-weight: 400\">This second contradiction is displayed better under the second weighty subplot of the film. Sergio\u2019s friendship with the also radio ham Peter from the United States, played by Ron Perlman. This character operates as contributor and facilitator for the protagonist. But its subplot has a special content: Peter operates in a conspiratorial world of spies and secret agents, the mis-en-scene of his scenic universe (a nocturne room, a closed sphere with a window through which we see a fragment of Manhattan) seems taken from a second-class noir movie. Certain incidents that involve him (that fixation with CIA and NASA secrets; the persecution he is submitted to) seem part of another story, and even the tone of his narrative loop is alien to the general tone of the film.<\/span><\/p>\n<p><span style=\"font-weight: 400\">Such tonal confusion and generic mixture (social historic drama with vernacular nuances, nonsense comedy, noir with espionage overtones) give rise to a maladjusted film, at times incoherent and full of underlinings that subtract fluidness from its enjoyment. It is what the sensation causes, despite that it is a Daranas film with an exceptional narrative exercise in Cuban audiovisual fiction writing, that with Sergio and Sergei we are before a badly told story. Although we would have to pay attention to the reading of critic Antonio Enrique Gonz\u00e1lez Rojas, who analyses the triple protagonist aspect of Sergio-Sergei-Peter as an attempt to symbolize the meeting between Cuba, the USSR and USA, drawing characters-theses, more than psychological, and taking into account the interest for the national allegory in Cuban cinema.<\/span><\/p>\n<p><span style=\"font-weight: 400\">I also have a hypothesis for the badly resolved hybridity: Sergio and Sergei was designed as a global product, as a film that would appeal to the most heterogeneous spectator. In its way, it prefigures the Netflix \u201cCuban cinema\u201d category: local stories with global appeal. It also proposes to speak to a generation that came after the paradigmatic collapse of 1990-1991 and knows very little about such a circumstance. And an international actor like Ron Perlman is included in the cast.<\/span><\/p>\n<p><span style=\"font-weight: 400\">No other purpose explains the existence of that invisible narrator, of that voice (Mariana, Sergio\u2019s daughter, who tells the story from the future) that above all anchors and explains questions that are clear for Cubans by just seeing them. Try if you like a version Sergio and Sergei without that recourse. It will not be missed. Therefore, it is not needed (say the script handbooks). I repeat: for the Cuban spectator, because outside our context, a common individual requires that he be explained the why of the plot of a society like the Cuban in such historical circumstances.<\/span><\/p>\n<p><span style=\"font-weight: 400\">Sergio and Sergei illustrates the emergence of a global format that could make it possible to stop speaking of Cuban cinema to refer to local productions that have access to global marketing made scenarios. Before this one, Mediapro and RTV Comercial collaborated in Esteban (Jonal Cosculluela, 2016). Both titles share an inclination toward the melodrama in the current Cuban audiovisual, which in the two cases also tend toward the feel-good movie.<\/span><\/p>\n<p><span style=\"font-weight: 400\">Since everything has to be said, such production opportunities make it possible for Daranas\u2019 film to have a quality postproduction above the average in Cuban cinema. Both the realistic recreation of the phenomenon of the weightlessness as well as the outer space environments and the touch ups of virtual scenography would have been very difficult to achieve with the experts and resources that exist for this in Cuba (Cubans Jorge C\u00e9spedes and V\u00edctor L\u00f3pez were key in the design of the digital mock-ups, on the other hand).<\/span><\/p>\n<p><a href=\"https:\/\/oncubanews.com\/wp-content\/uploads\/2017\/11\/Sergio-y-Serguei2.jpg\"><img loading=\"lazy\" decoding=\"async\" width=\"800\" height=\"519\" class=\"size-full wp-image-108392\" src=\"https:\/\/oncubanews.com\/wp-content\/uploads\/2017\/11\/Sergio-y-Serguei2.jpg\" alt=\"H\u00e9ctor Noas en &quot;Sergio y Sergu\u00e9i&quot;, del cubano Ernesto Daranas.\" \/><\/a><\/p>\n<p>&nbsp;<\/p>\n<p><span style=\"font-weight: 400\">Daranas is clear about this, I believe, when he confesses not being sure that Sergio and Sergei is a film for festivals. If by this we understand a cinema of formal search, of author, of self-expression, whose commercial exploitation circuits should therefore be reduced, of course it is not. Joel Ortega, general manager of RTV Comercial, also knows it: RTV Comercial has bet on the result. We are constantly seeking projects and filmmakers to bet on their results.<\/span><\/p>\n<p><span style=\"font-weight: 400\">I repeat that we spectators don\u2019t usually pay attention to those initial screens of a film. I insist that through them many of the keys of the subsequent discourse are explained.<\/span><\/p>\n<p>&nbsp;<\/p>\n","protected":false},"excerpt":{"rendered":"<p>&nbsp; The first thing spectators see when they go to see Sergio and Sergei (2017) is a screen that reads: Mediapro. Further on, RTV Comercial comes on. The first is, according to the firm\u2019s page, \u201ca leading group in the European audiovisual sector, the only one in the integration of audiovisual contents, production and distribution.\u201d [&hellip;]<\/p>\n","protected":false},"author":3374,"featured_media":185585,"comment_status":"open","ping_status":"closed","sticky":false,"template":"","format":"standard","meta":{"_acf_changed":false,"footnotes":""},"categories":[33],"tags":[14977,14978,14979,14980,236,14981],"ppma_author":[33913,12989],"class_list":["post-185584","post","type-post","status-publish","format-standard","has-post-thumbnail","hentry","category-culture","tag-cuban-actors","tag-cuban-cinema","tag-films","tag-international-cinema","tag-movies","tag-sergio-and-sergei"],"acf":[],"yoast_head":"<!-- This site is optimized with the Yoast SEO plugin v27.3 - https:\/\/yoast.com\/product\/yoast-seo-wordpress\/ -->\n<title>\u201cSergio and Sergei\u201d as global format | OnCubaNews English<\/title>\n<meta name=\"robots\" content=\"index, follow, max-snippet:-1, max-image-preview:large, max-video-preview:-1\" \/>\n<link rel=\"canonical\" href=\"https:\/\/oncubanews.com\/en\/culture\/sergio-and-sergei-as-global-format\/\" \/>\n<meta property=\"og:locale\" content=\"en_US\" \/>\n<meta property=\"og:type\" content=\"article\" \/>\n<meta property=\"og:title\" content=\"\u201cSergio and Sergei\u201d as global format | OnCubaNews English\" \/>\n<meta property=\"og:description\" content=\"&nbsp; The first thing spectators see when they go to see Sergio and Sergei (2017) is a screen that reads: Mediapro. Further on, RTV Comercial comes on. The first is, according to the firm\u2019s page, \u201ca leading group in the European audiovisual sector, the only one in the integration of audiovisual contents, production and distribution.\u201d [&hellip;]\" \/>\n<meta property=\"og:url\" content=\"https:\/\/oncubanews.com\/en\/culture\/sergio-and-sergei-as-global-format\/\" \/>\n<meta property=\"og:site_name\" content=\"OnCubaNews English\" \/>\n<meta property=\"article:published_time\" content=\"2018-07-22T04:00:00+00:00\" \/>\n<meta property=\"article:modified_time\" content=\"2018-10-02T23:40:45+00:00\" \/>\n<meta property=\"og:image\" content=\"https:\/\/oncubanews.com\/en\/wp-content\/uploads\/2018\/09\/Sergio-y-Serguei-2.jpg\" \/>\n\t<meta property=\"og:image:width\" content=\"900\" \/>\n\t<meta property=\"og:image:height\" content=\"584\" \/>\n\t<meta property=\"og:image:type\" content=\"image\/jpeg\" \/>\n<meta name=\"author\" content=\"Dean Luis Reyes, dean\" \/>\n<meta name=\"twitter:card\" content=\"summary_large_image\" \/>\n<meta name=\"twitter:label1\" content=\"Written by\" \/>\n\t<meta name=\"twitter:data1\" content=\"Dean Luis Reyes\" \/>\n\t<meta name=\"twitter:label2\" content=\"Est. reading time\" \/>\n\t<meta name=\"twitter:data2\" content=\"9 minutes\" \/>\n<script type=\"application\/ld+json\" class=\"yoast-schema-graph\">{\"@context\":\"https:\\\/\\\/schema.org\",\"@graph\":[{\"@type\":\"Article\",\"@id\":\"https:\\\/\\\/oncubanews.com\\\/en\\\/culture\\\/sergio-and-sergei-as-global-format\\\/#article\",\"isPartOf\":{\"@id\":\"https:\\\/\\\/oncubanews.com\\\/en\\\/culture\\\/sergio-and-sergei-as-global-format\\\/\"},\"author\":{\"name\":\"Dean Luis Reyes\",\"@id\":\"https:\\\/\\\/oncubanews.com\\\/en\\\/#\\\/schema\\\/person\\\/39b37f41d6b0f354d9e714147f3b76b4\"},\"headline\":\"\u201cSergio and Sergei\u201d as global format\",\"datePublished\":\"2018-07-22T04:00:00+00:00\",\"dateModified\":\"2018-10-02T23:40:45+00:00\",\"mainEntityOfPage\":{\"@id\":\"https:\\\/\\\/oncubanews.com\\\/en\\\/culture\\\/sergio-and-sergei-as-global-format\\\/\"},\"wordCount\":1721,\"commentCount\":0,\"image\":{\"@id\":\"https:\\\/\\\/oncubanews.com\\\/en\\\/culture\\\/sergio-and-sergei-as-global-format\\\/#primaryimage\"},\"thumbnailUrl\":\"https:\\\/\\\/oncubanews.com\\\/en\\\/wp-content\\\/uploads\\\/2018\\\/09\\\/Sergio-y-Serguei-2.jpg\",\"keywords\":[\"cuban actors\",\"cuban cinema\",\"films\",\"international cinema\",\"movies\",\"sergio and sergei\"],\"articleSection\":[\"Culture\"],\"inLanguage\":\"en-US\",\"potentialAction\":[{\"@type\":\"CommentAction\",\"name\":\"Comment\",\"target\":[\"https:\\\/\\\/oncubanews.com\\\/en\\\/culture\\\/sergio-and-sergei-as-global-format\\\/#respond\"]}],\"copyrightYear\":\"2018\",\"copyrightHolder\":{\"@id\":\"https:\\\/\\\/oncubanews.com\\\/en\\\/#organization\"}},{\"@type\":\"WebPage\",\"@id\":\"https:\\\/\\\/oncubanews.com\\\/en\\\/culture\\\/sergio-and-sergei-as-global-format\\\/\",\"url\":\"https:\\\/\\\/oncubanews.com\\\/en\\\/culture\\\/sergio-and-sergei-as-global-format\\\/\",\"name\":\"\u201cSergio and Sergei\u201d as global format | OnCubaNews English\",\"isPartOf\":{\"@id\":\"https:\\\/\\\/oncubanews.com\\\/en\\\/#website\"},\"primaryImageOfPage\":{\"@id\":\"https:\\\/\\\/oncubanews.com\\\/en\\\/culture\\\/sergio-and-sergei-as-global-format\\\/#primaryimage\"},\"image\":{\"@id\":\"https:\\\/\\\/oncubanews.com\\\/en\\\/culture\\\/sergio-and-sergei-as-global-format\\\/#primaryimage\"},\"thumbnailUrl\":\"https:\\\/\\\/oncubanews.com\\\/en\\\/wp-content\\\/uploads\\\/2018\\\/09\\\/Sergio-y-Serguei-2.jpg\",\"datePublished\":\"2018-07-22T04:00:00+00:00\",\"dateModified\":\"2018-10-02T23:40:45+00:00\",\"author\":{\"@id\":\"https:\\\/\\\/oncubanews.com\\\/en\\\/#\\\/schema\\\/person\\\/39b37f41d6b0f354d9e714147f3b76b4\"},\"breadcrumb\":{\"@id\":\"https:\\\/\\\/oncubanews.com\\\/en\\\/culture\\\/sergio-and-sergei-as-global-format\\\/#breadcrumb\"},\"inLanguage\":\"en-US\",\"potentialAction\":[{\"@type\":\"ReadAction\",\"target\":[\"https:\\\/\\\/oncubanews.com\\\/en\\\/culture\\\/sergio-and-sergei-as-global-format\\\/\"]}]},{\"@type\":\"ImageObject\",\"inLanguage\":\"en-US\",\"@id\":\"https:\\\/\\\/oncubanews.com\\\/en\\\/culture\\\/sergio-and-sergei-as-global-format\\\/#primaryimage\",\"url\":\"https:\\\/\\\/oncubanews.com\\\/en\\\/wp-content\\\/uploads\\\/2018\\\/09\\\/Sergio-y-Serguei-2.jpg\",\"contentUrl\":\"https:\\\/\\\/oncubanews.com\\\/en\\\/wp-content\\\/uploads\\\/2018\\\/09\\\/Sergio-y-Serguei-2.jpg\",\"width\":900,\"height\":584,\"caption\":\"Shooting of \u201cSergio and Sergei.\u201d H\u00e9ctor Noas plays the role of a Russian cosmonaut. In the background to the left Ernesto Daranas, the film\u2019s director.\"},{\"@type\":\"BreadcrumbList\",\"@id\":\"https:\\\/\\\/oncubanews.com\\\/en\\\/culture\\\/sergio-and-sergei-as-global-format\\\/#breadcrumb\",\"itemListElement\":[{\"@type\":\"ListItem\",\"position\":1,\"name\":\"Portada\",\"item\":\"https:\\\/\\\/oncubanews.com\\\/en\\\/\"},{\"@type\":\"ListItem\",\"position\":2,\"name\":\"\u201cSergio and Sergei\u201d as global format\"}]},{\"@type\":\"WebSite\",\"@id\":\"https:\\\/\\\/oncubanews.com\\\/en\\\/#website\",\"url\":\"https:\\\/\\\/oncubanews.com\\\/en\\\/\",\"name\":\"OnCubaNews English\",\"description\":\"Revista sobre Cuba\",\"potentialAction\":[{\"@type\":\"SearchAction\",\"target\":{\"@type\":\"EntryPoint\",\"urlTemplate\":\"https:\\\/\\\/oncubanews.com\\\/en\\\/?s={search_term_string}\"},\"query-input\":{\"@type\":\"PropertyValueSpecification\",\"valueRequired\":true,\"valueName\":\"search_term_string\"}}],\"inLanguage\":\"en-US\"},{\"@type\":\"Person\",\"@id\":\"https:\\\/\\\/oncubanews.com\\\/en\\\/#\\\/schema\\\/person\\\/39b37f41d6b0f354d9e714147f3b76b4\",\"name\":\"Dean Luis Reyes\",\"image\":{\"@type\":\"ImageObject\",\"inLanguage\":\"en-US\",\"@id\":\"https:\\\/\\\/oncubanews.com\\\/wp-content\\\/uploads\\\/2016\\\/05\\\/Dean-Luis-Reyes_avatar_1463600177-96x96.jpg3de4d98bcd84f25d98810f2eca73d911\",\"url\":\"https:\\\/\\\/oncubanews.com\\\/wp-content\\\/uploads\\\/2016\\\/05\\\/Dean-Luis-Reyes_avatar_1463600177-96x96.jpg\",\"contentUrl\":\"https:\\\/\\\/oncubanews.com\\\/wp-content\\\/uploads\\\/2016\\\/05\\\/Dean-Luis-Reyes_avatar_1463600177-96x96.jpg\",\"caption\":\"Dean Luis Reyes\"},\"url\":\"https:\\\/\\\/oncubanews.com\\\/en\\\/author\\\/dean\\\/\"}]}<\/script>\n<!-- \/ Yoast SEO plugin. -->","yoast_head_json":{"title":"\u201cSergio and Sergei\u201d as global format | OnCubaNews English","robots":{"index":"index","follow":"follow","max-snippet":"max-snippet:-1","max-image-preview":"max-image-preview:large","max-video-preview":"max-video-preview:-1"},"canonical":"https:\/\/oncubanews.com\/en\/culture\/sergio-and-sergei-as-global-format\/","og_locale":"en_US","og_type":"article","og_title":"\u201cSergio and Sergei\u201d as global format | OnCubaNews English","og_description":"&nbsp; The first thing spectators see when they go to see Sergio and Sergei (2017) is a screen that reads: Mediapro. Further on, RTV Comercial comes on. The first is, according to the firm\u2019s page, \u201ca leading group in the European audiovisual sector, the only one in the integration of audiovisual contents, production and distribution.\u201d [&hellip;]","og_url":"https:\/\/oncubanews.com\/en\/culture\/sergio-and-sergei-as-global-format\/","og_site_name":"OnCubaNews English","article_published_time":"2018-07-22T04:00:00+00:00","article_modified_time":"2018-10-02T23:40:45+00:00","og_image":[{"width":900,"height":584,"url":"https:\/\/oncubanews.com\/en\/wp-content\/uploads\/2018\/09\/Sergio-y-Serguei-2.jpg","type":"image\/jpeg"}],"author":"Dean Luis Reyes, dean","twitter_card":"summary_large_image","twitter_misc":{"Written by":"Dean Luis Reyes","Est. reading time":"9 minutes"},"schema":{"@context":"https:\/\/schema.org","@graph":[{"@type":"Article","@id":"https:\/\/oncubanews.com\/en\/culture\/sergio-and-sergei-as-global-format\/#article","isPartOf":{"@id":"https:\/\/oncubanews.com\/en\/culture\/sergio-and-sergei-as-global-format\/"},"author":{"name":"Dean Luis Reyes","@id":"https:\/\/oncubanews.com\/en\/#\/schema\/person\/39b37f41d6b0f354d9e714147f3b76b4"},"headline":"\u201cSergio and Sergei\u201d as global format","datePublished":"2018-07-22T04:00:00+00:00","dateModified":"2018-10-02T23:40:45+00:00","mainEntityOfPage":{"@id":"https:\/\/oncubanews.com\/en\/culture\/sergio-and-sergei-as-global-format\/"},"wordCount":1721,"commentCount":0,"image":{"@id":"https:\/\/oncubanews.com\/en\/culture\/sergio-and-sergei-as-global-format\/#primaryimage"},"thumbnailUrl":"https:\/\/oncubanews.com\/en\/wp-content\/uploads\/2018\/09\/Sergio-y-Serguei-2.jpg","keywords":["cuban actors","cuban cinema","films","international cinema","movies","sergio and sergei"],"articleSection":["Culture"],"inLanguage":"en-US","potentialAction":[{"@type":"CommentAction","name":"Comment","target":["https:\/\/oncubanews.com\/en\/culture\/sergio-and-sergei-as-global-format\/#respond"]}],"copyrightYear":"2018","copyrightHolder":{"@id":"https:\/\/oncubanews.com\/en\/#organization"}},{"@type":"WebPage","@id":"https:\/\/oncubanews.com\/en\/culture\/sergio-and-sergei-as-global-format\/","url":"https:\/\/oncubanews.com\/en\/culture\/sergio-and-sergei-as-global-format\/","name":"\u201cSergio and Sergei\u201d as global format | OnCubaNews English","isPartOf":{"@id":"https:\/\/oncubanews.com\/en\/#website"},"primaryImageOfPage":{"@id":"https:\/\/oncubanews.com\/en\/culture\/sergio-and-sergei-as-global-format\/#primaryimage"},"image":{"@id":"https:\/\/oncubanews.com\/en\/culture\/sergio-and-sergei-as-global-format\/#primaryimage"},"thumbnailUrl":"https:\/\/oncubanews.com\/en\/wp-content\/uploads\/2018\/09\/Sergio-y-Serguei-2.jpg","datePublished":"2018-07-22T04:00:00+00:00","dateModified":"2018-10-02T23:40:45+00:00","author":{"@id":"https:\/\/oncubanews.com\/en\/#\/schema\/person\/39b37f41d6b0f354d9e714147f3b76b4"},"breadcrumb":{"@id":"https:\/\/oncubanews.com\/en\/culture\/sergio-and-sergei-as-global-format\/#breadcrumb"},"inLanguage":"en-US","potentialAction":[{"@type":"ReadAction","target":["https:\/\/oncubanews.com\/en\/culture\/sergio-and-sergei-as-global-format\/"]}]},{"@type":"ImageObject","inLanguage":"en-US","@id":"https:\/\/oncubanews.com\/en\/culture\/sergio-and-sergei-as-global-format\/#primaryimage","url":"https:\/\/oncubanews.com\/en\/wp-content\/uploads\/2018\/09\/Sergio-y-Serguei-2.jpg","contentUrl":"https:\/\/oncubanews.com\/en\/wp-content\/uploads\/2018\/09\/Sergio-y-Serguei-2.jpg","width":900,"height":584,"caption":"Shooting of \u201cSergio and Sergei.\u201d H\u00e9ctor Noas plays the role of a Russian cosmonaut. In the background to the left Ernesto Daranas, the film\u2019s director."},{"@type":"BreadcrumbList","@id":"https:\/\/oncubanews.com\/en\/culture\/sergio-and-sergei-as-global-format\/#breadcrumb","itemListElement":[{"@type":"ListItem","position":1,"name":"Portada","item":"https:\/\/oncubanews.com\/en\/"},{"@type":"ListItem","position":2,"name":"\u201cSergio and Sergei\u201d as global format"}]},{"@type":"WebSite","@id":"https:\/\/oncubanews.com\/en\/#website","url":"https:\/\/oncubanews.com\/en\/","name":"OnCubaNews English","description":"Revista sobre Cuba","potentialAction":[{"@type":"SearchAction","target":{"@type":"EntryPoint","urlTemplate":"https:\/\/oncubanews.com\/en\/?s={search_term_string}"},"query-input":{"@type":"PropertyValueSpecification","valueRequired":true,"valueName":"search_term_string"}}],"inLanguage":"en-US"},{"@type":"Person","@id":"https:\/\/oncubanews.com\/en\/#\/schema\/person\/39b37f41d6b0f354d9e714147f3b76b4","name":"Dean Luis Reyes","image":{"@type":"ImageObject","inLanguage":"en-US","@id":"https:\/\/oncubanews.com\/wp-content\/uploads\/2016\/05\/Dean-Luis-Reyes_avatar_1463600177-96x96.jpg3de4d98bcd84f25d98810f2eca73d911","url":"https:\/\/oncubanews.com\/wp-content\/uploads\/2016\/05\/Dean-Luis-Reyes_avatar_1463600177-96x96.jpg","contentUrl":"https:\/\/oncubanews.com\/wp-content\/uploads\/2016\/05\/Dean-Luis-Reyes_avatar_1463600177-96x96.jpg","caption":"Dean Luis Reyes"},"url":"https:\/\/oncubanews.com\/en\/author\/dean\/"}]}},"authors":[{"term_id":33913,"user_id":3374,"is_guest":0,"slug":"dean","display_name":"Dean Luis Reyes","avatar_url":"https:\/\/oncubanews.com\/wp-content\/uploads\/2016\/05\/Dean-Luis-Reyes_avatar_1463600177-96x96.jpg","0":null,"1":"","2":"","3":"","4":"","5":"","6":"","7":"","8":""},{"term_id":12989,"user_id":0,"is_guest":1,"slug":"cap-dean","display_name":"dean","avatar_url":"https:\/\/secure.gravatar.com\/avatar\/?s=96&r=g","0":null,"1":"","2":"","3":"","4":"","5":"","6":"","7":"","8":""}],"_links":{"self":[{"href":"https:\/\/oncubanews.com\/en\/wp-json\/wp\/v2\/posts\/185584","targetHints":{"allow":["GET"]}}],"collection":[{"href":"https:\/\/oncubanews.com\/en\/wp-json\/wp\/v2\/posts"}],"about":[{"href":"https:\/\/oncubanews.com\/en\/wp-json\/wp\/v2\/types\/post"}],"author":[{"embeddable":true,"href":"https:\/\/oncubanews.com\/en\/wp-json\/wp\/v2\/users\/3374"}],"replies":[{"embeddable":true,"href":"https:\/\/oncubanews.com\/en\/wp-json\/wp\/v2\/comments?post=185584"}],"version-history":[{"count":0,"href":"https:\/\/oncubanews.com\/en\/wp-json\/wp\/v2\/posts\/185584\/revisions"}],"wp:featuredmedia":[{"embeddable":true,"href":"https:\/\/oncubanews.com\/en\/wp-json\/wp\/v2\/media\/185585"}],"wp:attachment":[{"href":"https:\/\/oncubanews.com\/en\/wp-json\/wp\/v2\/media?parent=185584"}],"wp:term":[{"taxonomy":"category","embeddable":true,"href":"https:\/\/oncubanews.com\/en\/wp-json\/wp\/v2\/categories?post=185584"},{"taxonomy":"post_tag","embeddable":true,"href":"https:\/\/oncubanews.com\/en\/wp-json\/wp\/v2\/tags?post=185584"},{"taxonomy":"author","embeddable":true,"href":"https:\/\/oncubanews.com\/en\/wp-json\/wp\/v2\/ppma_author?post=185584"}],"curies":[{"name":"wp","href":"https:\/\/api.w.org\/{rel}","templated":true}]}}