
{"id":185642,"date":"2018-08-05T03:11:00","date_gmt":"2018-08-05T07:11:00","guid":{"rendered":"https:\/\/oncubanews.com\/en\/rhythm-under-the-skin-2\/"},"modified":"2018-10-02T19:43:30","modified_gmt":"2018-10-02T23:43:30","slug":"rhythm-under-the-skin","status":"publish","type":"post","link":"https:\/\/oncubanews.com\/en\/culture\/rhythm-under-the-skin\/","title":{"rendered":"Rhythm Under the Skin"},"content":{"rendered":"<p><span style=\"font-weight: 400\">Photographer David Garten entered Cuban music together with Irakere. The first thing Garten heard in the late 1970s, when he was studying at New York University, was the mythical jazz band, and Cuban music became one of his passions. He started traveling to the island since 1994, and has accumulated a valuable register, some of his photos have been published in <\/span><i><span style=\"font-weight: 400\">The New York Times<\/span><\/i><span style=\"font-weight: 400\">, <\/span><i><span style=\"font-weight: 400\">JazzTimes<\/span><\/i><span style=\"font-weight: 400\"> and <\/span><b>OnCuba<\/b><span style=\"font-weight: 400\">, as well as in ballet and contemporary dance books.<\/span><\/p>\n<p><span style=\"font-weight: 400\">His photos have been the cover of records for Chucho Vald\u00e9s (Irakere\u2019s director), Los Van Van and S\u00edntesis. He works in New York for Arturo O\u2019Farrill and his Afro-Latin Jazz Orchestra, he has also illustrated two of the Cuban-American musician\u2019s covers for three Grammy Award winning records.<\/span><\/p>\n<p><span style=\"font-weight: 400\">\u201cRhythm Under the Skin\u201d shows the Cuban passion for music. Eleven portraits of Cuban musicians playing live which provoke the senses, almost to the point of being able to hear them and feel their passion.<\/span><\/p>\n\n<p><i><span style=\"font-weight: 400\">Why do you have a passion for Cuban music?<\/span><\/i><\/p>\n<p><span style=\"font-weight: 400\">First you have to start with the rhythm, or the clave, which I believe belongs to the periodic table of elements, or the guaguanc\u00f3, or the Bat\u00e1 drums, or the timba\u2019s \u201cmechanisms,\u201d they make me feel very alive. Ever since I discovered it 40 years ago while I was at university, I thought that the percussionists deserve the Nobel Peace Prize because they are true pioneers.<\/span><\/p>\n<p><span style=\"font-weight: 400\">Second, I believe that the synthesis of Africa and Spain has resulted in a very powerful hybrid that unites us to our universal roots.<\/span><\/p>\n<p><span style=\"font-weight: 400\">And third, I love the omnipotence of daily live Cuban music, which exhibits a very healthy culture.<\/span><\/p>\n\n<p><i><span style=\"font-weight: 400\">What do you take with you every time you travel to Cuba?<\/span><\/i><\/p>\n<p style=\"text-align: center\"><span style=\"font-weight: 400\">Above all I bring back inspiration. The times I\u2019ve been in Cuba have given me a language, a culture, and people I didn\u2019t have before. I find it is the antidote to many of U.S. society\u2019s problems. If I contribute something, perhaps it is the link I offer between the people of Cuba and the people of my country when I make expositions and give lectures about Cuba in the United States. I try to pass on a present information about our neighbors with whom we lack so much contact.<\/span><\/p>\n","protected":false},"excerpt":{"rendered":"<p>Photographer David Garten entered Cuban music together with Irakere. The first thing Garten heard in the late 1970s, when he was studying at New York University, was the mythical jazz band, and Cuban music became one of his passions. He started traveling to the island since 1994, and has accumulated a valuable register, some of [&hellip;]<\/p>\n","protected":false},"author":102,"featured_media":185643,"comment_status":"open","ping_status":"closed","sticky":false,"template":"","format":"standard","meta":{"_acf_changed":false,"footnotes":""},"categories":[33],"tags":[14886,14848,12155,14887,14888,14889,14890],"ppma_author":[33570,7667],"class_list":["post-185642","post","type-post","status-publish","format-standard","has-post-thumbnail","hentry","category-culture","tag-chucho-valdes-en","tag-cuban-music","tag-cuban-photography","tag-david-garten","tag-daymee-arocena","tag-ibeyi-en","tag-photography"],"acf":[],"yoast_head":"<!-- This site is optimized with the Yoast SEO plugin v27.3 - https:\/\/yoast.com\/product\/yoast-seo-wordpress\/ -->\n<title>Rhythm Under the Skin | OnCubaNews English<\/title>\n<meta name=\"robots\" content=\"index, follow, max-snippet:-1, max-image-preview:large, max-video-preview:-1\" \/>\n<link rel=\"canonical\" href=\"https:\/\/oncubanews.com\/en\/culture\/rhythm-under-the-skin\/\" \/>\n<meta property=\"og:locale\" content=\"en_US\" \/>\n<meta property=\"og:type\" content=\"article\" \/>\n<meta property=\"og:title\" content=\"Rhythm Under the Skin | OnCubaNews English\" \/>\n<meta property=\"og:description\" content=\"Photographer David Garten entered Cuban music together with Irakere. The first thing Garten heard in the late 1970s, when he was studying at New York University, was the mythical jazz band, and Cuban music became one of his passions. He started traveling to the island since 1994, and has accumulated a valuable register, some of [&hellip;]\" \/>\n<meta property=\"og:url\" content=\"https:\/\/oncubanews.com\/en\/culture\/rhythm-under-the-skin\/\" \/>\n<meta property=\"og:site_name\" content=\"OnCubaNews English\" \/>\n<meta property=\"article:published_time\" content=\"2018-08-05T07:11:00+00:00\" \/>\n<meta property=\"article:modified_time\" content=\"2018-10-02T23:43:30+00:00\" \/>\n<meta property=\"og:image\" content=\"https:\/\/oncubanews.com\/en\/wp-content\/uploads\/2018\/09\/francys-rio-garten-impresa-1.jpg\" \/>\n\t<meta property=\"og:image:width\" content=\"755\" \/>\n\t<meta property=\"og:image:height\" content=\"490\" \/>\n\t<meta property=\"og:image:type\" content=\"image\/jpeg\" \/>\n<meta name=\"author\" content=\"Tahimi Arboleya, tahimi-arboleya\" \/>\n<meta name=\"twitter:card\" content=\"summary_large_image\" \/>\n<meta name=\"twitter:label1\" content=\"Written by\" \/>\n\t<meta name=\"twitter:data1\" content=\"Tahimi Arboleya\" \/>\n\t<meta name=\"twitter:label2\" content=\"Est. reading time\" \/>\n\t<meta name=\"twitter:data2\" content=\"3 minutes\" \/>\n<script type=\"application\/ld+json\" class=\"yoast-schema-graph\">{\"@context\":\"https:\\\/\\\/schema.org\",\"@graph\":[{\"@type\":\"Article\",\"@id\":\"https:\\\/\\\/oncubanews.com\\\/en\\\/culture\\\/rhythm-under-the-skin\\\/#article\",\"isPartOf\":{\"@id\":\"https:\\\/\\\/oncubanews.com\\\/en\\\/culture\\\/rhythm-under-the-skin\\\/\"},\"author\":{\"name\":\"Tahimi Arboleya\",\"@id\":\"https:\\\/\\\/oncubanews.com\\\/en\\\/#\\\/schema\\\/person\\\/ee7b6175f12d35db2950313e8708bc6d\"},\"headline\":\"Rhythm Under the Skin\",\"datePublished\":\"2018-08-05T07:11:00+00:00\",\"dateModified\":\"2018-10-02T23:43:30+00:00\",\"mainEntityOfPage\":{\"@id\":\"https:\\\/\\\/oncubanews.com\\\/en\\\/culture\\\/rhythm-under-the-skin\\\/\"},\"wordCount\":614,\"commentCount\":0,\"image\":{\"@id\":\"https:\\\/\\\/oncubanews.com\\\/en\\\/culture\\\/rhythm-under-the-skin\\\/#primaryimage\"},\"thumbnailUrl\":\"https:\\\/\\\/oncubanews.com\\\/en\\\/wp-content\\\/uploads\\\/2018\\\/09\\\/francys-rio-garten-impresa-1.jpg\",\"keywords\":[\"Chucho Vald\u00e9s\",\"cuban music\",\"cuban photography\",\"David Garten\",\"Daymee Arocena\",\"Ibeyi\",\"photography\"],\"articleSection\":[\"Culture\"],\"inLanguage\":\"en-US\",\"potentialAction\":[{\"@type\":\"CommentAction\",\"name\":\"Comment\",\"target\":[\"https:\\\/\\\/oncubanews.com\\\/en\\\/culture\\\/rhythm-under-the-skin\\\/#respond\"]}],\"copyrightYear\":\"2018\",\"copyrightHolder\":{\"@id\":\"https:\\\/\\\/oncubanews.com\\\/en\\\/#organization\"}},{\"@type\":\"WebPage\",\"@id\":\"https:\\\/\\\/oncubanews.com\\\/en\\\/culture\\\/rhythm-under-the-skin\\\/\",\"url\":\"https:\\\/\\\/oncubanews.com\\\/en\\\/culture\\\/rhythm-under-the-skin\\\/\",\"name\":\"Rhythm Under the Skin | OnCubaNews English\",\"isPartOf\":{\"@id\":\"https:\\\/\\\/oncubanews.com\\\/en\\\/#website\"},\"primaryImageOfPage\":{\"@id\":\"https:\\\/\\\/oncubanews.com\\\/en\\\/culture\\\/rhythm-under-the-skin\\\/#primaryimage\"},\"image\":{\"@id\":\"https:\\\/\\\/oncubanews.com\\\/en\\\/culture\\\/rhythm-under-the-skin\\\/#primaryimage\"},\"thumbnailUrl\":\"https:\\\/\\\/oncubanews.com\\\/en\\\/wp-content\\\/uploads\\\/2018\\\/09\\\/francys-rio-garten-impresa-1.jpg\",\"datePublished\":\"2018-08-05T07:11:00+00:00\",\"dateModified\":\"2018-10-02T23:43:30+00:00\",\"author\":{\"@id\":\"https:\\\/\\\/oncubanews.com\\\/en\\\/#\\\/schema\\\/person\\\/ee7b6175f12d35db2950313e8708bc6d\"},\"breadcrumb\":{\"@id\":\"https:\\\/\\\/oncubanews.com\\\/en\\\/culture\\\/rhythm-under-the-skin\\\/#breadcrumb\"},\"inLanguage\":\"en-US\",\"potentialAction\":[{\"@type\":\"ReadAction\",\"target\":[\"https:\\\/\\\/oncubanews.com\\\/en\\\/culture\\\/rhythm-under-the-skin\\\/\"]}]},{\"@type\":\"ImageObject\",\"inLanguage\":\"en-US\",\"@id\":\"https:\\\/\\\/oncubanews.com\\\/en\\\/culture\\\/rhythm-under-the-skin\\\/#primaryimage\",\"url\":\"https:\\\/\\\/oncubanews.com\\\/en\\\/wp-content\\\/uploads\\\/2018\\\/09\\\/francys-rio-garten-impresa-1.jpg\",\"contentUrl\":\"https:\\\/\\\/oncubanews.com\\\/en\\\/wp-content\\\/uploads\\\/2018\\\/09\\\/francys-rio-garten-impresa-1.jpg\",\"width\":755,\"height\":490,\"caption\":\"Francis del R\u00edo. Photo: David Garten.\"},{\"@type\":\"BreadcrumbList\",\"@id\":\"https:\\\/\\\/oncubanews.com\\\/en\\\/culture\\\/rhythm-under-the-skin\\\/#breadcrumb\",\"itemListElement\":[{\"@type\":\"ListItem\",\"position\":1,\"name\":\"Portada\",\"item\":\"https:\\\/\\\/oncubanews.com\\\/en\\\/\"},{\"@type\":\"ListItem\",\"position\":2,\"name\":\"Rhythm Under the Skin\"}]},{\"@type\":\"WebSite\",\"@id\":\"https:\\\/\\\/oncubanews.com\\\/en\\\/#website\",\"url\":\"https:\\\/\\\/oncubanews.com\\\/en\\\/\",\"name\":\"OnCubaNews English\",\"description\":\"Revista sobre Cuba\",\"potentialAction\":[{\"@type\":\"SearchAction\",\"target\":{\"@type\":\"EntryPoint\",\"urlTemplate\":\"https:\\\/\\\/oncubanews.com\\\/en\\\/?s={search_term_string}\"},\"query-input\":{\"@type\":\"PropertyValueSpecification\",\"valueRequired\":true,\"valueName\":\"search_term_string\"}}],\"inLanguage\":\"en-US\"},{\"@type\":\"Person\",\"@id\":\"https:\\\/\\\/oncubanews.com\\\/en\\\/#\\\/schema\\\/person\\\/ee7b6175f12d35db2950313e8708bc6d\",\"name\":\"Tahimi Arboleya\",\"image\":{\"@type\":\"ImageObject\",\"inLanguage\":\"en-US\",\"@id\":\"https:\\\/\\\/oncubanews.com\\\/wp-content\\\/uploads\\\/2015\\\/09\\\/Tahimi-Arboleya_avatar_1443653411-96x96.jpg4ca44cdfa9382904416c539a655f9593\",\"url\":\"https:\\\/\\\/oncubanews.com\\\/wp-content\\\/uploads\\\/2015\\\/09\\\/Tahimi-Arboleya_avatar_1443653411-96x96.jpg\",\"contentUrl\":\"https:\\\/\\\/oncubanews.com\\\/wp-content\\\/uploads\\\/2015\\\/09\\\/Tahimi-Arboleya_avatar_1443653411-96x96.jpg\",\"caption\":\"Tahimi Arboleya\"},\"description\":\"Licenciada en Microbiolog\u00eda, Universidad de La Habana. M\u00e1ster en Comunicaci\u00f3n.\",\"url\":\"https:\\\/\\\/oncubanews.com\\\/en\\\/author\\\/tahimiarboleya\\\/\"}]}<\/script>\n<!-- \/ Yoast SEO plugin. -->","yoast_head_json":{"title":"Rhythm Under the Skin | OnCubaNews English","robots":{"index":"index","follow":"follow","max-snippet":"max-snippet:-1","max-image-preview":"max-image-preview:large","max-video-preview":"max-video-preview:-1"},"canonical":"https:\/\/oncubanews.com\/en\/culture\/rhythm-under-the-skin\/","og_locale":"en_US","og_type":"article","og_title":"Rhythm Under the Skin | OnCubaNews English","og_description":"Photographer David Garten entered Cuban music together with Irakere. The first thing Garten heard in the late 1970s, when he was studying at New York University, was the mythical jazz band, and Cuban music became one of his passions. He started traveling to the island since 1994, and has accumulated a valuable register, some of [&hellip;]","og_url":"https:\/\/oncubanews.com\/en\/culture\/rhythm-under-the-skin\/","og_site_name":"OnCubaNews English","article_published_time":"2018-08-05T07:11:00+00:00","article_modified_time":"2018-10-02T23:43:30+00:00","og_image":[{"width":755,"height":490,"url":"https:\/\/oncubanews.com\/en\/wp-content\/uploads\/2018\/09\/francys-rio-garten-impresa-1.jpg","type":"image\/jpeg"}],"author":"Tahimi Arboleya, tahimi-arboleya","twitter_card":"summary_large_image","twitter_misc":{"Written by":"Tahimi Arboleya","Est. reading time":"3 minutes"},"schema":{"@context":"https:\/\/schema.org","@graph":[{"@type":"Article","@id":"https:\/\/oncubanews.com\/en\/culture\/rhythm-under-the-skin\/#article","isPartOf":{"@id":"https:\/\/oncubanews.com\/en\/culture\/rhythm-under-the-skin\/"},"author":{"name":"Tahimi Arboleya","@id":"https:\/\/oncubanews.com\/en\/#\/schema\/person\/ee7b6175f12d35db2950313e8708bc6d"},"headline":"Rhythm Under the Skin","datePublished":"2018-08-05T07:11:00+00:00","dateModified":"2018-10-02T23:43:30+00:00","mainEntityOfPage":{"@id":"https:\/\/oncubanews.com\/en\/culture\/rhythm-under-the-skin\/"},"wordCount":614,"commentCount":0,"image":{"@id":"https:\/\/oncubanews.com\/en\/culture\/rhythm-under-the-skin\/#primaryimage"},"thumbnailUrl":"https:\/\/oncubanews.com\/en\/wp-content\/uploads\/2018\/09\/francys-rio-garten-impresa-1.jpg","keywords":["Chucho Vald\u00e9s","cuban music","cuban photography","David Garten","Daymee Arocena","Ibeyi","photography"],"articleSection":["Culture"],"inLanguage":"en-US","potentialAction":[{"@type":"CommentAction","name":"Comment","target":["https:\/\/oncubanews.com\/en\/culture\/rhythm-under-the-skin\/#respond"]}],"copyrightYear":"2018","copyrightHolder":{"@id":"https:\/\/oncubanews.com\/en\/#organization"}},{"@type":"WebPage","@id":"https:\/\/oncubanews.com\/en\/culture\/rhythm-under-the-skin\/","url":"https:\/\/oncubanews.com\/en\/culture\/rhythm-under-the-skin\/","name":"Rhythm Under the Skin | OnCubaNews English","isPartOf":{"@id":"https:\/\/oncubanews.com\/en\/#website"},"primaryImageOfPage":{"@id":"https:\/\/oncubanews.com\/en\/culture\/rhythm-under-the-skin\/#primaryimage"},"image":{"@id":"https:\/\/oncubanews.com\/en\/culture\/rhythm-under-the-skin\/#primaryimage"},"thumbnailUrl":"https:\/\/oncubanews.com\/en\/wp-content\/uploads\/2018\/09\/francys-rio-garten-impresa-1.jpg","datePublished":"2018-08-05T07:11:00+00:00","dateModified":"2018-10-02T23:43:30+00:00","author":{"@id":"https:\/\/oncubanews.com\/en\/#\/schema\/person\/ee7b6175f12d35db2950313e8708bc6d"},"breadcrumb":{"@id":"https:\/\/oncubanews.com\/en\/culture\/rhythm-under-the-skin\/#breadcrumb"},"inLanguage":"en-US","potentialAction":[{"@type":"ReadAction","target":["https:\/\/oncubanews.com\/en\/culture\/rhythm-under-the-skin\/"]}]},{"@type":"ImageObject","inLanguage":"en-US","@id":"https:\/\/oncubanews.com\/en\/culture\/rhythm-under-the-skin\/#primaryimage","url":"https:\/\/oncubanews.com\/en\/wp-content\/uploads\/2018\/09\/francys-rio-garten-impresa-1.jpg","contentUrl":"https:\/\/oncubanews.com\/en\/wp-content\/uploads\/2018\/09\/francys-rio-garten-impresa-1.jpg","width":755,"height":490,"caption":"Francis del R\u00edo. Photo: David Garten."},{"@type":"BreadcrumbList","@id":"https:\/\/oncubanews.com\/en\/culture\/rhythm-under-the-skin\/#breadcrumb","itemListElement":[{"@type":"ListItem","position":1,"name":"Portada","item":"https:\/\/oncubanews.com\/en\/"},{"@type":"ListItem","position":2,"name":"Rhythm Under the Skin"}]},{"@type":"WebSite","@id":"https:\/\/oncubanews.com\/en\/#website","url":"https:\/\/oncubanews.com\/en\/","name":"OnCubaNews English","description":"Revista sobre Cuba","potentialAction":[{"@type":"SearchAction","target":{"@type":"EntryPoint","urlTemplate":"https:\/\/oncubanews.com\/en\/?s={search_term_string}"},"query-input":{"@type":"PropertyValueSpecification","valueRequired":true,"valueName":"search_term_string"}}],"inLanguage":"en-US"},{"@type":"Person","@id":"https:\/\/oncubanews.com\/en\/#\/schema\/person\/ee7b6175f12d35db2950313e8708bc6d","name":"Tahimi Arboleya","image":{"@type":"ImageObject","inLanguage":"en-US","@id":"https:\/\/oncubanews.com\/wp-content\/uploads\/2015\/09\/Tahimi-Arboleya_avatar_1443653411-96x96.jpg4ca44cdfa9382904416c539a655f9593","url":"https:\/\/oncubanews.com\/wp-content\/uploads\/2015\/09\/Tahimi-Arboleya_avatar_1443653411-96x96.jpg","contentUrl":"https:\/\/oncubanews.com\/wp-content\/uploads\/2015\/09\/Tahimi-Arboleya_avatar_1443653411-96x96.jpg","caption":"Tahimi Arboleya"},"description":"Licenciada en Microbiolog\u00eda, Universidad de La Habana. M\u00e1ster en Comunicaci\u00f3n.","url":"https:\/\/oncubanews.com\/en\/author\/tahimiarboleya\/"}]}},"authors":[{"term_id":33570,"user_id":102,"is_guest":0,"slug":"tahimiarboleya","display_name":"Tahimi Arboleya","avatar_url":"https:\/\/oncubanews.com\/wp-content\/uploads\/2015\/09\/Tahimi-Arboleya_avatar_1443653411-96x96.jpg","0":null,"1":"","2":"","3":"","4":"","5":"","6":"","7":"","8":""},{"term_id":7667,"user_id":0,"is_guest":1,"slug":"cap-tahimi-arboleya","display_name":"tahimi-arboleya","avatar_url":"https:\/\/secure.gravatar.com\/avatar\/?s=96&r=g","0":null,"1":"","2":"","3":"","4":"","5":"","6":"","7":"","8":""}],"_links":{"self":[{"href":"https:\/\/oncubanews.com\/en\/wp-json\/wp\/v2\/posts\/185642","targetHints":{"allow":["GET"]}}],"collection":[{"href":"https:\/\/oncubanews.com\/en\/wp-json\/wp\/v2\/posts"}],"about":[{"href":"https:\/\/oncubanews.com\/en\/wp-json\/wp\/v2\/types\/post"}],"author":[{"embeddable":true,"href":"https:\/\/oncubanews.com\/en\/wp-json\/wp\/v2\/users\/102"}],"replies":[{"embeddable":true,"href":"https:\/\/oncubanews.com\/en\/wp-json\/wp\/v2\/comments?post=185642"}],"version-history":[{"count":0,"href":"https:\/\/oncubanews.com\/en\/wp-json\/wp\/v2\/posts\/185642\/revisions"}],"wp:featuredmedia":[{"embeddable":true,"href":"https:\/\/oncubanews.com\/en\/wp-json\/wp\/v2\/media\/185643"}],"wp:attachment":[{"href":"https:\/\/oncubanews.com\/en\/wp-json\/wp\/v2\/media?parent=185642"}],"wp:term":[{"taxonomy":"category","embeddable":true,"href":"https:\/\/oncubanews.com\/en\/wp-json\/wp\/v2\/categories?post=185642"},{"taxonomy":"post_tag","embeddable":true,"href":"https:\/\/oncubanews.com\/en\/wp-json\/wp\/v2\/tags?post=185642"},{"taxonomy":"author","embeddable":true,"href":"https:\/\/oncubanews.com\/en\/wp-json\/wp\/v2\/ppma_author?post=185642"}],"curies":[{"name":"wp","href":"https:\/\/api.w.org\/{rel}","templated":true}]}}