
{"id":185724,"date":"2018-09-07T10:31:00","date_gmt":"2018-09-07T14:31:00","guid":{"rendered":"https:\/\/oncubanews.com\/en\/billboard-mi-habana-sung-by-pablo\/"},"modified":"2018-10-02T14:37:40","modified_gmt":"2018-10-02T18:37:40","slug":"billboard-habana-sung-by-pablo","status":"publish","type":"post","link":"https:\/\/oncubanews.com\/en\/billboard-archive\/billboard-habana-sung-by-pablo\/","title":{"rendered":"Billboard: Mi Habana sung by Pablo"},"content":{"rendered":"<p>Pablo Milan\u00e9s will give a concert at the Karl Marx Theater, after three years of not being on stage for a personal show. The title will be \u201cMi Habana\u201d because it will be dedicated to the Cuban capital, also to its people and to all those who go to the concert for a tour of the work of the great Milan\u00e9s. OnCuba Billboard won\u2019t miss it, and you surely won\u2019t either. It\u2019s impossible to miss it.<\/p>\n<p>In addition, we have more Music for you because there are other artists around these days who will be performing in several places that will surely interest you. In Visual Arts we recommend several expos and the Festival of the Arts in San Isidro. In Cinema, you will find out about the official launching of the campaign for the 40th Havana Film Festival. In Dance, Dracula by the Laura Alonso Ballet Company. In Theater, a premiere in the Raquel Revuelta Cultural Center. And in Literature, the release of a text during Book Saturday.<\/p>\n<p>This is just a preview. The best is below. You always know what to do: click on the banner and choose. We\u2019ll see you around!<\/p>\n<p>&nbsp;<\/p>\n<p>&nbsp;<\/p>\n<div id=\"banner1\" class=\"cartelera_banner\"><a href=\"https:\/\/oncubanews.com\/wp-content\/uploads\/2017\/09\/Banner-m\u00fasica_ingl\u00e9s_red-1.jpg\"><img loading=\"lazy\" decoding=\"async\" width=\"755\" height=\"145\" class=\"aligncenter wp-image-103308 size-full\" src=\"https:\/\/oncubanews.com\/wp-content\/uploads\/2017\/09\/Banner-m\u00fasica_ingl\u00e9s_red-1.jpg\" alt=\"\" \/><\/a><\/div>\n<div>\n<h3>Pablo Milan\u00e9s\u2019 Havana<\/h3>\n<p>Pablo Milan\u00e9s is returning to the Karl Marx to give a once-only concert: \u201cMi Habana.\u201d The show that will be dedicated to the Cuban capital will be today Friday September 7, precisely at the time of Havana\u2019s cannon blast.<\/p>\n<p><a href=\"https:\/\/oncubanews.com\/wp-content\/uploads\/2018\/09\/7-SEP-Pablo-M-Mi-Habana.jpg\"><img decoding=\"async\" class=\"aligncenter size-full wp-image-136827\" src=\"https:\/\/oncubanews.com\/wp-content\/uploads\/2018\/09\/7-SEP-Pablo-M-Mi-Habana.jpg\" alt=\"\" \/><\/a><\/p>\n<p>The concert will feature from classics of his work to some of the most recent compositions. Thus it will be a tour of \u201cPara vivir\u201d or \u201cYa ves\u201d, going through \u201cYolanda\u201d or \u201cDe qu\u00e9 callada manera\u201d, up to his latest creations, like \u201cVestida de mar.\u201d<\/p>\n<p>https:\/\/oncubamagazine.com\/cultura\/pablo-milanes-cantara-habana\/<\/p>\n<p>In \u201cMi Habana\u201d Milan\u00e9s will be accompanied by a format that has been closely working with him for a year and a half, made up by Sergio F\u00e9lix Raveiro \u201cEl indio\u201d on the bass, Miguel N\u00fanez on the piano, and Osmani S\u00e1nchez in percussion. The guests who will join him on stage are a total surprise, a gift that Pablo will make to all the Karl Marx public.<\/p>\n<p><a href=\"https:\/\/oncubanews.com\/wp-content\/uploads\/2016\/03\/Separador-023.png\"><img loading=\"lazy\" decoding=\"async\" width=\"758\" height=\"28\" class=\"aligncenter size-full wp-image-65415\" src=\"https:\/\/oncubanews.com\/wp-content\/uploads\/2016\/03\/Separador-023.png\" alt=\"\" srcset=\"https:\/\/oncubanews.com\/en\/wp-content\/uploads\/2016\/03\/Separador-023.png 758w, https:\/\/oncubanews.com\/en\/wp-content\/uploads\/2016\/03\/Separador-023-300x11.png 300w\" sizes=\"auto, (max-width: 758px) 100vw, 758px\" \/><\/a><\/p>\n<h3>Patricia Sosa and Chucho Vald\u00e9s in Argentina<\/h3>\n<p><a href=\"https:\/\/oncubanews.com\/wp-content\/uploads\/2018\/09\/7-sept-chucho-en-argentina.jpg\"><img decoding=\"async\" class=\"aligncenter size-full wp-image-136828\" src=\"https:\/\/oncubanews.com\/wp-content\/uploads\/2018\/09\/7-sept-chucho-en-argentina.jpg\" alt=\"\" \/><\/a><\/p>\n<p>The meeting between Chucho Vald\u00e9s and singer Patricia Sosa, made a reality in the romantic album Once: Concierto para dos, will be able to be heard for the first time live in Argentina today Friday September 7 in the Gran Rex Theater of Buenos Aires. The meeting between the vocalist and Chucho emerged as an initiative of the latter, who when by chance he heard Patricia was captivated by her voice.<\/p>\n<p><a href=\"https:\/\/oncubanews.com\/wp-content\/uploads\/2016\/03\/Separador-023.png\"><img loading=\"lazy\" decoding=\"async\" width=\"758\" height=\"28\" class=\"aligncenter size-full wp-image-65415\" src=\"https:\/\/oncubanews.com\/wp-content\/uploads\/2016\/03\/Separador-023.png\" alt=\"\" srcset=\"https:\/\/oncubanews.com\/en\/wp-content\/uploads\/2016\/03\/Separador-023.png 758w, https:\/\/oncubanews.com\/en\/wp-content\/uploads\/2016\/03\/Separador-023-300x11.png 300w\" sizes=\"auto, (max-width: 758px) 100vw, 758px\" \/><\/a><\/p>\n<h3>A baroque September<\/h3>\n<p>The Ars Longa Old Music group is inviting you to a season of concerts called \u201cseptiembre Barroco 2018.\u201d In the concert hall of the former church of San Francisco de Paula, always at 7 p.m. Here you can see the programming for the entire month.<\/p>\n<p><a href=\"https:\/\/oncubanews.com\/wp-content\/uploads\/2018\/09\/Programa-Septiembre-Barroco-2018.jpg\"><img decoding=\"async\" class=\"aligncenter size-full wp-image-136887\" src=\"https:\/\/oncubanews.com\/wp-content\/uploads\/2018\/09\/Programa-Septiembre-Barroco-2018.jpg\" alt=\"\" \/><\/a><\/p>\n<p><a href=\"https:\/\/oncubanews.com\/wp-content\/uploads\/2016\/03\/Separador-023.png\"><img loading=\"lazy\" decoding=\"async\" width=\"758\" height=\"28\" class=\"aligncenter size-full wp-image-65415\" src=\"https:\/\/oncubanews.com\/wp-content\/uploads\/2016\/03\/Separador-023.png\" alt=\"\" srcset=\"https:\/\/oncubanews.com\/en\/wp-content\/uploads\/2016\/03\/Separador-023.png 758w, https:\/\/oncubanews.com\/en\/wp-content\/uploads\/2016\/03\/Separador-023-300x11.png 300w\" sizes=\"auto, (max-width: 758px) 100vw, 758px\" \/><\/a><\/p>\n<h3>Cuba\u2019s train in Olal\u00e1<\/h3>\n<p>Tomorrow Saturday 8th, starting 11 p.m, Formell and Los Van Van Band will give a concert in the Bar Olal\u00e1 (17th Street, corner of E, Vedado).<\/p>\n<p><a href=\"https:\/\/oncubanews.com\/wp-content\/uploads\/2018\/09\/van-van-en-Olal\u00e1.jpg\"><img decoding=\"async\" class=\"aligncenter size-full wp-image-137109\" src=\"https:\/\/oncubanews.com\/wp-content\/uploads\/2018\/09\/van-van-en-Olal\u00e1.jpg\" alt=\"\" \/><\/a><\/p>\n<h3><a href=\"https:\/\/oncubanews.com\/wp-content\/uploads\/2016\/03\/Separador-023.png\"><img loading=\"lazy\" decoding=\"async\" width=\"758\" height=\"28\" class=\"aligncenter size-full wp-image-65415\" src=\"https:\/\/oncubanews.com\/wp-content\/uploads\/2016\/03\/Separador-023.png\" alt=\"\" srcset=\"https:\/\/oncubanews.com\/en\/wp-content\/uploads\/2016\/03\/Separador-023.png 758w, https:\/\/oncubanews.com\/en\/wp-content\/uploads\/2016\/03\/Separador-023-300x11.png 300w\" sizes=\"auto, (max-width: 758px) 100vw, 758px\" \/><\/a><\/h3>\n<h3>Failde\u2019s Concert<\/h3>\n<p>Concert by the Miguel Failde Band in Varadero\u2019s Casa de la M\u00fasica (Playa Ave., between 42 and 43, Varadero), today Friday the 7th, starting at 11 p.m. The Failde, from danz\u00f3n to the timba in Varadero.<\/p>\n<figure id=\"attachment_119979\" aria-describedby=\"caption-attachment-119979\" style=\"width: 755px\" class=\"wp-caption aligncenter\"><a href=\"https:\/\/oncubanews.com\/wp-content\/uploads\/2018\/03\/Ethiel-Failde-Claudio-Pelaez-Sordo-11.jpg\"><img decoding=\"async\" class=\"size-full wp-image-119979\" src=\"https:\/\/oncubanews.com\/wp-content\/uploads\/2018\/03\/Ethiel-Failde-Claudio-Pelaez-Sordo-11.jpg\" alt=\"Ethiel Failde. Foto: Claudio Pelaez Sordo.\" \/><\/a><figcaption id=\"caption-attachment-119979\" class=\"wp-caption-text\">Ethiel Failde. Foto: Claudio Pelaez Sordo.<\/figcaption><\/figure>\n<p><a href=\"https:\/\/oncubanews.com\/wp-content\/uploads\/2016\/03\/Separador-023.png\"><img loading=\"lazy\" decoding=\"async\" width=\"758\" height=\"28\" class=\"aligncenter size-full wp-image-65415\" src=\"https:\/\/oncubanews.com\/wp-content\/uploads\/2016\/03\/Separador-023.png\" alt=\"\" srcset=\"https:\/\/oncubanews.com\/en\/wp-content\/uploads\/2016\/03\/Separador-023.png 758w, https:\/\/oncubanews.com\/en\/wp-content\/uploads\/2016\/03\/Separador-023-300x11.png 300w\" sizes=\"auto, (max-width: 758px) 100vw, 758px\" \/><\/a><\/p>\n<h3>Brenda Navarrete\u2019s world<\/h3>\n<p>Official presentation in Cuba of the CD Mi Mundo, the first record production of Brenda Navarrete. The artist will give a concert on the occasion in the Museum of Fine Arts, Cuban Art Building, tomorrow Saturday 8th at 6 p.m.<\/p>\n<figure id=\"attachment_137110\" aria-describedby=\"caption-attachment-137110\" style=\"width: 960px\" class=\"wp-caption aligncenter\"><a href=\"https:\/\/oncubanews.com\/wp-content\/uploads\/2018\/09\/brenda-navarrete.jpg\"><img decoding=\"async\" class=\"size-full wp-image-137110\" src=\"https:\/\/oncubanews.com\/wp-content\/uploads\/2018\/09\/brenda-navarrete.jpg\" alt=\"Brenda Navarrete. Foto: Tomada del evento creado en Facebook por la artista.\" \/><\/a><figcaption id=\"caption-attachment-137110\" class=\"wp-caption-text\">Brenda Navarrete. Foto: Tomada del evento creado en Facebook por la artista.<\/figcaption><\/figure>\n<h3><a href=\"https:\/\/oncubanews.com\/wp-content\/uploads\/2016\/03\/Separador-023.png\"><img loading=\"lazy\" decoding=\"async\" width=\"758\" height=\"28\" class=\"aligncenter size-full wp-image-65415\" src=\"https:\/\/oncubanews.com\/wp-content\/uploads\/2016\/03\/Separador-023.png\" alt=\"\" srcset=\"https:\/\/oncubanews.com\/en\/wp-content\/uploads\/2016\/03\/Separador-023.png 758w, https:\/\/oncubanews.com\/en\/wp-content\/uploads\/2016\/03\/Separador-023-300x11.png 300w\" sizes=\"auto, (max-width: 758px) 100vw, 758px\" \/><\/a><\/h3>\n<h3>Mexico, I sing to you from Cuba<\/h3>\n<p>Mexican singer Rosal\u00eda Le\u00f3n will give a concert on the occasion of Mexico\u2019s national days next Thursday 13th at 7 p.m. in the Museum of Fine Arts. Rosal\u00eda Le\u00f3n will be accompanied by several Cuban artists like Athanai, Hayd\u00e9e Milan\u00e9s, Ra\u00fal Verdecia and Dayron Ort\u00edz.<\/p>\n<p><a href=\"https:\/\/oncubanews.com\/wp-content\/uploads\/2018\/09\/Athanai-y-Rosalia-Le\u00f3n.jpg\"><img decoding=\"async\" class=\"aligncenter size-full wp-image-137119\" src=\"https:\/\/oncubanews.com\/wp-content\/uploads\/2018\/09\/Athanai-y-Rosalia-Le\u00f3n.jpg\" alt=\"\" \/><\/a><\/p>\n<h3><a href=\"https:\/\/oncubanews.com\/wp-content\/uploads\/2016\/03\/Separador-023.png\"><img loading=\"lazy\" decoding=\"async\" width=\"758\" height=\"28\" class=\"aligncenter size-full wp-image-65415\" src=\"https:\/\/oncubanews.com\/wp-content\/uploads\/2016\/03\/Separador-023.png\" alt=\"\" srcset=\"https:\/\/oncubanews.com\/en\/wp-content\/uploads\/2016\/03\/Separador-023.png 758w, https:\/\/oncubanews.com\/en\/wp-content\/uploads\/2016\/03\/Separador-023-300x11.png 300w\" sizes=\"auto, (max-width: 758px) 100vw, 758px\" \/><\/a><\/h3>\n<h3>La Elevaci\u00f3n expands<\/h3>\n<p>Christopher Simpson and La Elevaci\u00f3n are inviting you to a special concert tomorrow Saturday the 8th at 5 p.m. in the Spanish-American Cultural Center (17 Malec\u00f3n, between Prado and C\u00e1rcel). And on Saturday the 15th they will perform in the Casa del Alba Cultural (L\u00ednea, corner of D, Vedado), at 6 p.m.<\/p>\n<p><a href=\"https:\/\/oncubanews.com\/wp-content\/uploads\/2018\/09\/Copia-poster-centro-hispano-Casa-del-Alba-HORIZONTAL.jpg\"><img decoding=\"async\" class=\"aligncenter size-full wp-image-136826\" src=\"https:\/\/oncubanews.com\/wp-content\/uploads\/2018\/09\/Copia-poster-centro-hispano-Casa-del-Alba-HORIZONTAL.jpg\" alt=\"\" \/><\/a><\/p>\n<p><a href=\"https:\/\/oncubanews.com\/wp-content\/uploads\/2016\/03\/Separador-023.png\"><img loading=\"lazy\" decoding=\"async\" width=\"758\" height=\"28\" class=\"aligncenter size-full wp-image-65415\" src=\"https:\/\/oncubanews.com\/wp-content\/uploads\/2016\/03\/Separador-023.png\" alt=\"\" srcset=\"https:\/\/oncubanews.com\/en\/wp-content\/uploads\/2016\/03\/Separador-023.png 758w, https:\/\/oncubanews.com\/en\/wp-content\/uploads\/2016\/03\/Separador-023-300x11.png 300w\" sizes=\"auto, (max-width: 758px) 100vw, 758px\" \/><\/a><\/p>\n<h3>Jam session with Ray Fern\u00e1ndez<\/h3>\n<p>Jam session Saturday with Ray Fern\u00e1ndez and invited trova singers in the Pazillo Bar (5th Street, between 4 and 6, Vedado), starting at 9 p.m. Don\u2019t miss it.<\/p>\n<figure id=\"attachment_131987\" aria-describedby=\"caption-attachment-131987\" style=\"width: 960px\" class=\"wp-caption aligncenter\"><a href=\"https:\/\/oncubanews.com\/wp-content\/uploads\/2018\/07\/sab-pazillo-ray-fdez.jpg\"><img decoding=\"async\" class=\"size-full wp-image-131987\" src=\"https:\/\/oncubanews.com\/wp-content\/uploads\/2018\/07\/sab-pazillo-ray-fdez.jpg\" alt=\"Ray Fern\u00e1ndez. Foto: Evento creado en Facebook por Bar Pazillo.\" \/><\/a><figcaption id=\"caption-attachment-131987\" class=\"wp-caption-text\">Ray Fern\u00e1ndez. Foto: Evento creado en Facebook por Bar Pazillo.<\/figcaption><\/figure>\n<p><a href=\"https:\/\/oncubanews.com\/wp-content\/uploads\/2016\/03\/Separador-023.png\"><img loading=\"lazy\" decoding=\"async\" width=\"758\" height=\"28\" class=\"aligncenter size-full wp-image-65415\" src=\"https:\/\/oncubanews.com\/wp-content\/uploads\/2016\/03\/Separador-023.png\" alt=\"\" srcset=\"https:\/\/oncubanews.com\/en\/wp-content\/uploads\/2016\/03\/Separador-023.png 758w, https:\/\/oncubanews.com\/en\/wp-content\/uploads\/2016\/03\/Separador-023-300x11.png 300w\" sizes=\"auto, (max-width: 758px) 100vw, 758px\" \/><\/a><\/p>\n<h3>Three from La Trovuntivitis<\/h3>\n<p>Today Friday the 7th, starting 9 p.m., in the Casa de la Ciudad in Santa Clara, three members of La Trovuntivitis are holding a concert. They are Karel Fleites, Migue de la Rosa and Michel Portela. Enjoy the good young Cuban trova.<\/p>\n<p><a href=\"https:\/\/oncubanews.com\/wp-content\/uploads\/2018\/09\/trovuntivitis-en-sta-clara.jpg\"><img decoding=\"async\" class=\"aligncenter size-full wp-image-136888\" src=\"https:\/\/oncubanews.com\/wp-content\/uploads\/2018\/09\/trovuntivitis-en-sta-clara.jpg\" alt=\"\" \/><\/a><\/p>\n<p><a href=\"https:\/\/oncubanews.com\/wp-content\/uploads\/2016\/03\/Separador-023.png\"><img loading=\"lazy\" decoding=\"async\" width=\"758\" height=\"28\" class=\"aligncenter size-full wp-image-65415\" src=\"https:\/\/oncubanews.com\/wp-content\/uploads\/2016\/03\/Separador-023.png\" alt=\"\" srcset=\"https:\/\/oncubanews.com\/en\/wp-content\/uploads\/2016\/03\/Separador-023.png 758w, https:\/\/oncubanews.com\/en\/wp-content\/uploads\/2016\/03\/Separador-023-300x11.png 300w\" sizes=\"auto, (max-width: 758px) 100vw, 758px\" \/><\/a><\/p>\n<h3>Qva Libre in QBol\u00e1<\/h3>\n<p>Every Wednesday Qva Libre stages a concert in the QBol\u00e1 Bar (42nd Street, between 1ra and 1ra A, Miramar) together with the ARCE project. The party begins at 11 p.m.<\/p>\n<p><a href=\"https:\/\/oncubanews.com\/wp-content\/uploads\/2018\/08\/qva-libre.jpg\"><img decoding=\"async\" class=\"aligncenter size-full wp-image-134104\" src=\"https:\/\/oncubanews.com\/wp-content\/uploads\/2018\/08\/qva-libre.jpg\" alt=\"\" \/><\/a><\/p>\n<p><a href=\"https:\/\/oncubanews.com\/wp-content\/uploads\/2016\/03\/Separador-023.png\"><img loading=\"lazy\" decoding=\"async\" width=\"758\" height=\"28\" class=\"aligncenter size-full wp-image-65415\" src=\"https:\/\/oncubanews.com\/wp-content\/uploads\/2016\/03\/Separador-023.png\" alt=\"\" srcset=\"https:\/\/oncubanews.com\/en\/wp-content\/uploads\/2016\/03\/Separador-023.png 758w, https:\/\/oncubanews.com\/en\/wp-content\/uploads\/2016\/03\/Separador-023-300x11.png 300w\" sizes=\"auto, (max-width: 758px) 100vw, 758px\" \/><\/a><\/p>\n<\/div>\n<div id=\"banner2\" class=\"cartelera_banner\"><a href=\"https:\/\/oncubanews.com\/wp-content\/uploads\/2017\/09\/Banner-Artes-visuales_ingl\u00e9s_red.jpg\"><img loading=\"lazy\" decoding=\"async\" width=\"755\" height=\"145\" class=\"aligncenter wp-image-103301 size-full\" src=\"https:\/\/oncubanews.com\/wp-content\/uploads\/2017\/09\/Banner-Artes-visuales_ingl\u00e9s_red.jpg\" alt=\"\" \/><\/a><\/div>\n<div>\n<h3><em>Vand\u00e1lica<\/em> in La Acacia<\/h3>\n<p>Inauguration of the bi-personal exposition Vand\u00e1lica in La Acacia Gallery (114 San Jos\u00e9 between Industria and Consulado, Centro Habana), today Friday the 7th at 7 p.m. Artists Henry Eric and J. A. Vincench share spaces in the display.<\/p>\n<p><a href=\"https:\/\/oncubanews.com\/wp-content\/uploads\/2018\/09\/expo-la-acacia.jpg\"><img decoding=\"async\" class=\"aligncenter size-full wp-image-136822\" src=\"https:\/\/oncubanews.com\/wp-content\/uploads\/2018\/09\/expo-la-acacia.jpg\" alt=\"\" \/><\/a><\/p>\n<p><a href=\"https:\/\/oncubanews.com\/wp-content\/uploads\/2016\/03\/Separador-023.png\"><img loading=\"lazy\" decoding=\"async\" width=\"758\" height=\"28\" class=\"aligncenter size-full wp-image-65415\" src=\"https:\/\/oncubanews.com\/wp-content\/uploads\/2016\/03\/Separador-023.png\" alt=\"\" srcset=\"https:\/\/oncubanews.com\/en\/wp-content\/uploads\/2016\/03\/Separador-023.png 758w, https:\/\/oncubanews.com\/en\/wp-content\/uploads\/2016\/03\/Separador-023-300x11.png 300w\" sizes=\"auto, (max-width: 758px) 100vw, 758px\" \/><\/a><\/p>\n<h3>Silva\u2019s <em>Mundo impreciso<\/em><\/h3>\n<p>The Gallery of the Rub\u00e9n Mart\u00ednez Villena Public Library (59 Obispo Street, Plaza de Armas, Old Havana) is inviting you today Friday the 7th, at 6 p.m., to the inauguration of the Mundo impreciso exposition by Cuban artist Alexander Silva. The display will present his most recent pieces belonging to the series \u201cVestigios de la refiguraci\u00f3n.\u201d<\/p>\n<p><a href=\"https:\/\/oncubanews.com\/wp-content\/uploads\/2018\/09\/Copia-PANTALLA.jpg\"><img decoding=\"async\" class=\"aligncenter size-full wp-image-136867\" src=\"https:\/\/oncubanews.com\/wp-content\/uploads\/2018\/09\/Copia-PANTALLA.jpg\" alt=\"\" \/><\/a><\/p>\n<p><a href=\"https:\/\/oncubanews.com\/wp-content\/uploads\/2016\/03\/Separador-023.png\"><img loading=\"lazy\" decoding=\"async\" width=\"758\" height=\"28\" class=\"aligncenter size-full wp-image-65415\" src=\"https:\/\/oncubanews.com\/wp-content\/uploads\/2016\/03\/Separador-023.png\" alt=\"\" srcset=\"https:\/\/oncubanews.com\/en\/wp-content\/uploads\/2016\/03\/Separador-023.png 758w, https:\/\/oncubanews.com\/en\/wp-content\/uploads\/2016\/03\/Separador-023-300x11.png 300w\" sizes=\"auto, (max-width: 758px) 100vw, 758px\" \/><\/a><\/p>\n<h3>Festival of the Arts in San Isidro<\/h3>\n<p>The Gorr\u00eda Workshop Gallery will hold tomorrow Saturday September 8 the second edition of the Festival of the Arts in San Isidro. This will be at 214 San Isidro Street between Picota and Compostela, Old Havana, starting at 10 a.m., with several activities to entertain the barrio with different artistic manifestations. Don\u2019t miss it.<\/p>\n<figure id=\"attachment_136923\" aria-describedby=\"caption-attachment-136923\" style=\"width: 960px\" class=\"wp-caption aligncenter\"><a href=\"https:\/\/oncubanews.com\/wp-content\/uploads\/2018\/09\/GTG-artes-en-san-isidro.jpg\"><img decoding=\"async\" class=\"size-full wp-image-136923\" src=\"https:\/\/oncubanews.com\/wp-content\/uploads\/2018\/09\/GTG-artes-en-san-isidro.jpg\" alt=\"Foto: Evento creado en Facebook por Galer\u00eda Taller Gorr\u00eda.\" \/><\/a><figcaption id=\"caption-attachment-136923\" class=\"wp-caption-text\">Foto: Evento creado en Facebook por Galer\u00eda Taller Gorr\u00eda.<\/figcaption><\/figure>\n<h3><a href=\"https:\/\/oncubanews.com\/wp-content\/uploads\/2016\/03\/Separador-023.png\"><img loading=\"lazy\" decoding=\"async\" width=\"758\" height=\"28\" class=\"aligncenter size-full wp-image-65415\" src=\"https:\/\/oncubanews.com\/wp-content\/uploads\/2016\/03\/Separador-023.png\" alt=\"\" srcset=\"https:\/\/oncubanews.com\/en\/wp-content\/uploads\/2016\/03\/Separador-023.png 758w, https:\/\/oncubanews.com\/en\/wp-content\/uploads\/2016\/03\/Separador-023-300x11.png 300w\" sizes=\"auto, (max-width: 758px) 100vw, 758px\" \/><\/a><\/h3>\n<h3><em>Venus wounded <\/em>in Miami<\/h3>\n<p>Inauguration of the expo Venus Wounded, by artists Maikel Dom\u00ednguez and Eduardo Herrera, today Friday the 7th, starting at 6 p.m., in Main Library Miami.<br \/>\n<a href=\"https:\/\/oncubanews.com\/wp-content\/uploads\/2018\/09\/Invitation-Venus-Wounded.jpg\"><img decoding=\"async\" class=\"aligncenter size-full wp-image-136901\" src=\"https:\/\/oncubanews.com\/wp-content\/uploads\/2018\/09\/Invitation-Venus-Wounded.jpg\" alt=\"\" \/><\/a><\/p>\n<p><a href=\"https:\/\/oncubanews.com\/wp-content\/uploads\/2016\/03\/Separador-023.png\"><img loading=\"lazy\" decoding=\"async\" width=\"758\" height=\"28\" class=\"aligncenter size-full wp-image-65415\" src=\"https:\/\/oncubanews.com\/wp-content\/uploads\/2016\/03\/Separador-023.png\" alt=\"\" srcset=\"https:\/\/oncubanews.com\/en\/wp-content\/uploads\/2016\/03\/Separador-023.png 758w, https:\/\/oncubanews.com\/en\/wp-content\/uploads\/2016\/03\/Separador-023-300x11.png 300w\" sizes=\"auto, (max-width: 758px) 100vw, 758px\" \/><\/a><\/p>\n<h3><em>Jes\u00fas de Armas: Drama y utop\u00eda<\/em><\/h3>\n<p>The Museum of Fine Arts is inviting you to the inauguration of the personal exposition Jes\u00fas de Armas: Drama y utopia which will be inaugurated tomorrow Saturday the 8th at 4 p.m. in the Cuban Art Building of the Museum of Fine Arts, coinciding with the 84th anniversary of the birth of the versatile artist who passed away in France in 2002.<\/p>\n<p><a href=\"https:\/\/oncubanews.com\/wp-content\/uploads\/2018\/09\/Invitacion.jpg\"><img decoding=\"async\" class=\"aligncenter size-full wp-image-137125\" src=\"https:\/\/oncubanews.com\/wp-content\/uploads\/2018\/09\/Invitacion.jpg\" alt=\"\" \/><\/a><\/p>\n<h3><a href=\"https:\/\/oncubanews.com\/wp-content\/uploads\/2016\/03\/Separador-023.png\"><img loading=\"lazy\" decoding=\"async\" width=\"758\" height=\"28\" class=\"aligncenter size-full wp-image-65415\" src=\"https:\/\/oncubanews.com\/wp-content\/uploads\/2016\/03\/Separador-023.png\" alt=\"\" srcset=\"https:\/\/oncubanews.com\/en\/wp-content\/uploads\/2016\/03\/Separador-023.png 758w, https:\/\/oncubanews.com\/en\/wp-content\/uploads\/2016\/03\/Separador-023-300x11.png 300w\" sizes=\"auto, (max-width: 758px) 100vw, 758px\" \/><\/a><\/h3>\n<h3>Tattoos Inkuba 2018<\/h3>\n<p>First Convention of Tattoos Inkuba 2018, from today Friday the 7th to Sunday the 9th, in the F\u00e9 del Valle Events Center (10th Street between 5th and Calzada, Vedado). During these days the participants will be able to take part in theoretical-practical seminars, there will also be a live National Tattoo Competition and a live tattoo expo by the organizers and guests.<\/p>\n<p><a href=\"https:\/\/oncubanews.com\/wp-content\/uploads\/2018\/09\/convenc-de-tatuajes.jpg\"><img decoding=\"async\" class=\"aligncenter size-full wp-image-136935\" src=\"https:\/\/oncubanews.com\/wp-content\/uploads\/2018\/09\/convenc-de-tatuajes.jpg\" alt=\"\" \/><\/a><\/p>\n<p><a href=\"https:\/\/oncubanews.com\/wp-content\/uploads\/2016\/03\/Separador-023.png\"><img loading=\"lazy\" decoding=\"async\" width=\"758\" height=\"28\" class=\"aligncenter size-full wp-image-65415\" src=\"https:\/\/oncubanews.com\/wp-content\/uploads\/2016\/03\/Separador-023.png\" alt=\"\" srcset=\"https:\/\/oncubanews.com\/en\/wp-content\/uploads\/2016\/03\/Separador-023.png 758w, https:\/\/oncubanews.com\/en\/wp-content\/uploads\/2016\/03\/Separador-023-300x11.png 300w\" sizes=\"auto, (max-width: 758px) 100vw, 758px\" \/><\/a><\/p>\n<\/div>\n<div id=\"banner3\" class=\"cartelera_banner\"><a href=\"https:\/\/oncubanews.com\/wp-content\/uploads\/2017\/09\/Banner-Cine_ingl\u00e9s_red.jpg\"><img loading=\"lazy\" decoding=\"async\" width=\"755\" height=\"145\" class=\"aligncenter wp-image-103302 size-full\" src=\"https:\/\/oncubanews.com\/wp-content\/uploads\/2017\/09\/Banner-Cine_ingl\u00e9s_red.jpg\" alt=\"\" \/><\/a><\/div>\n<div>\n<h3>Festival of Cineclub Festival<\/h3>\n<p>Today, Friday September 7, the Cineclub Festival space will be dedicated to the official launching of the campaign for the 40th edition of the Havana Film Festival, in the Sa\u00fal Yel\u00edn Hall of the Casa del Festival, at 4 p.m.<\/p>\n<p><a href=\"https:\/\/oncubanews.com\/wp-content\/uploads\/2018\/09\/unnamed.jpg\"><img decoding=\"async\" class=\"aligncenter size-full wp-image-136907\" src=\"https:\/\/oncubanews.com\/wp-content\/uploads\/2018\/09\/unnamed.jpg\" alt=\"\" \/><\/a><\/p>\n<p>The official spot for this edition, to be held next December 6-16, will be launched at the meeting. Following this, at 6 p.m. the exposition Citas y referencias de carteles serigr\u00e1ficos will be inaugurated. At 8 p.m., as it is already becoming usual, in the area of the swimming pool the documentary Roberto Bola\u00f1o. La batalla futura. Chile, by filmmaker Ricardo House and premiered in 2016, will be screened. This documentary is a view of the author of \u201cLos detectives salvajes\u201d and his relation to Chile, his country of origin. The material features stories and descriptions of the writer and poet through what his friends say about him.<\/p>\n<p><a href=\"https:\/\/oncubanews.com\/wp-content\/uploads\/2016\/03\/Separador-023.png\"><img loading=\"lazy\" decoding=\"async\" width=\"758\" height=\"28\" class=\"aligncenter size-full wp-image-65415\" src=\"https:\/\/oncubanews.com\/wp-content\/uploads\/2016\/03\/Separador-023.png\" alt=\"\" srcset=\"https:\/\/oncubanews.com\/en\/wp-content\/uploads\/2016\/03\/Separador-023.png 758w, https:\/\/oncubanews.com\/en\/wp-content\/uploads\/2016\/03\/Separador-023-300x11.png 300w\" sizes=\"auto, (max-width: 758px) 100vw, 758px\" \/><\/a><\/p>\n<\/div>\n<div id=\"banner4\" class=\"cartelera_banner\"><a href=\"https:\/\/oncubanews.com\/wp-content\/uploads\/2017\/09\/Banner-Danza_ingl\u00e9s_red.jpg\"><img loading=\"lazy\" decoding=\"async\" width=\"755\" height=\"145\" class=\"aligncenter wp-image-103303 size-full\" src=\"https:\/\/oncubanews.com\/wp-content\/uploads\/2017\/09\/Banner-Danza_ingl\u00e9s_red.jpg\" alt=\"\" \/><\/a><\/div>\n<div>\n<h3><em>Dr\u00e1cula<\/em> in the Mella<\/h3>\n<p>The Laura Alonso Ballet Company of the Prodanza Center will present the work Dracula during this weekend in the Mella Theater during its usual schedules (Fridays and Saturdays 8:30 p.m., Sunday 5 p.m.) The original idea and general direction is by Grand Maitre Laura Alonso.<\/p>\n<p><a href=\"https:\/\/oncubanews.com\/wp-content\/uploads\/2018\/09\/dracula_4.jpg\"><img decoding=\"async\" class=\"aligncenter size-full wp-image-136906\" src=\"https:\/\/oncubanews.com\/wp-content\/uploads\/2018\/09\/dracula_4.jpg\" alt=\"\" \/><\/a><br \/>\n<a href=\"https:\/\/oncubanews.com\/wp-content\/uploads\/2016\/03\/Separador-023.png\"><img loading=\"lazy\" decoding=\"async\" width=\"758\" height=\"28\" class=\"aligncenter size-full wp-image-65415\" src=\"https:\/\/oncubanews.com\/wp-content\/uploads\/2016\/03\/Separador-023.png\" alt=\"\" srcset=\"https:\/\/oncubanews.com\/en\/wp-content\/uploads\/2016\/03\/Separador-023.png 758w, https:\/\/oncubanews.com\/en\/wp-content\/uploads\/2016\/03\/Separador-023-300x11.png 300w\" sizes=\"auto, (max-width: 758px) 100vw, 758px\" \/><\/a><\/p>\n<\/div>\n<div id=\"banner5\" class=\"cartelera_banner\"><a href=\"https:\/\/oncubanews.com\/wp-content\/uploads\/2017\/09\/Banner-Teatro_ingl\u00e9s_red.jpg\"><img loading=\"lazy\" decoding=\"async\" width=\"755\" height=\"145\" class=\"aligncenter wp-image-103311 size-full\" src=\"https:\/\/oncubanews.com\/wp-content\/uploads\/2017\/09\/Banner-Teatro_ingl\u00e9s_red.jpg\" alt=\"\" \/><\/a><\/div>\n<div>\n<h3><em>Un juego peligroso<\/em><\/h3>\n<p>Un juego peligroso is the title of the play by the Estudio Teatral Alba in the Raquel Revuelta Cultural Center being presented this weekend, always at 8:30 p.m. The piece features the confessions of two desperate actors, in a version of Virgilio Pi\u00f1era\u2019s Dos viejos p\u00e1nicos. This version and mise-en-scene are by Jorge Alba.<\/p>\n<figure id=\"attachment_137144\" aria-describedby=\"caption-attachment-137144\" style=\"width: 700px\" class=\"wp-caption aligncenter\"><a href=\"https:\/\/oncubanews.com\/wp-content\/uploads\/2018\/09\/teatral-alba.jpg\"><img decoding=\"async\" class=\"size-full wp-image-137144\" src=\"https:\/\/oncubanews.com\/wp-content\/uploads\/2018\/09\/teatral-alba.jpg\" alt=\"Foto: Cortes\u00eda Estudio Teatral Alba.\" \/><\/a><figcaption id=\"caption-attachment-137144\" class=\"wp-caption-text\">Foto: Cortes\u00eda Estudio Teatral Alba.<\/figcaption><\/figure>\n<p><a href=\"https:\/\/oncubanews.com\/wp-content\/uploads\/2016\/03\/Separador-023.png\"><img loading=\"lazy\" decoding=\"async\" width=\"758\" height=\"28\" class=\"aligncenter size-full wp-image-65415\" src=\"https:\/\/oncubanews.com\/wp-content\/uploads\/2016\/03\/Separador-023.png\" srcset=\"https:\/\/oncubanews.com\/wp-content\/uploads\/2016\/03\/Separador-023.png 758w, https:\/\/oncubanews.com\/wp-content\/uploads\/2016\/03\/Separador-023-300x11.png 300w\" alt=\"\" \/><\/a><\/p>\n<\/div>\n<div id=\"banner6\" class=\"cartelera_banner\"><a href=\"https:\/\/oncubanews.com\/wp-content\/uploads\/2017\/09\/Banner-Literatura_ingl\u00e9s_red.jpg\"><img loading=\"lazy\" decoding=\"async\" width=\"755\" height=\"145\" class=\"aligncenter wp-image-103305 size-full\" src=\"https:\/\/oncubanews.com\/wp-content\/uploads\/2017\/09\/Banner-Literatura_ingl\u00e9s_red.jpg\" alt=\"\" \/><\/a><\/div>\n<div>\n<h3>Book Saturday<\/h3>\n<p>A special invitation for tomorrow Saturday the 8th, at the Plaza de Armas Calle de Madera in Old Havana. Presentation of the book &#8220;Visi\u00f3n del mundo contempor\u00e1neo,\u201d a compilation by Gustavo Robre\u00f1o, at 11 a.m.<br \/>\n<a href=\"https:\/\/oncubanews.com\/wp-content\/uploads\/2018\/09\/literatura.jpg\"><img decoding=\"async\" class=\"aligncenter size-full wp-image-137146\" src=\"https:\/\/oncubanews.com\/wp-content\/uploads\/2018\/09\/literatura.jpg\" alt=\"\" \/><\/a><\/p>\n<p><a href=\"https:\/\/oncubanews.com\/wp-content\/uploads\/2016\/03\/Separador-023.png\"><img loading=\"lazy\" decoding=\"async\" width=\"758\" height=\"28\" class=\"aligncenter size-full wp-image-65415\" src=\"https:\/\/oncubanews.com\/wp-content\/uploads\/2016\/03\/Separador-023.png\" srcset=\"https:\/\/oncubanews.com\/wp-content\/uploads\/2016\/03\/Separador-023.png 758w, https:\/\/oncubanews.com\/wp-content\/uploads\/2016\/03\/Separador-023-300x11.png 300w\" alt=\"\" \/><\/a><\/p>\n<\/div>\n","protected":false},"excerpt":{"rendered":"<p>Pablo Milan\u00e9s will give a concert at the Karl Marx Theater, after three years of not being on stage for a personal show. The title will be \u201cMi Habana\u201d because it will be dedicated to the Cuban capital, also to its people and to all those who go to the concert for a tour of [&hellip;]<\/p>\n","protected":false},"author":3524,"featured_media":185725,"comment_status":"open","ping_status":"closed","sticky":false,"template":"","format":"standard","meta":{"_acf_changed":false,"footnotes":""},"categories":[14198],"tags":[14813],"ppma_author":[33547,13550],"class_list":["post-185724","post","type-post","status-publish","format-standard","has-post-thumbnail","hentry","category-billboard-archive","tag-weekly-billboard"],"acf":[],"yoast_head":"<!-- This site is optimized with the Yoast SEO plugin v27.3 - https:\/\/yoast.com\/product\/yoast-seo-wordpress\/ -->\n<title>Billboard: Mi Habana sung by Pablo | OnCubaNews English<\/title>\n<meta name=\"robots\" content=\"index, follow, max-snippet:-1, max-image-preview:large, max-video-preview:-1\" \/>\n<link rel=\"canonical\" href=\"https:\/\/oncubanews.com\/en\/billboard-archive\/billboard-habana-sung-by-pablo\/\" \/>\n<meta property=\"og:locale\" content=\"en_US\" \/>\n<meta property=\"og:type\" content=\"article\" \/>\n<meta property=\"og:title\" content=\"Billboard: Mi Habana sung by Pablo | OnCubaNews English\" \/>\n<meta property=\"og:description\" content=\"Pablo Milan\u00e9s will give a concert at the Karl Marx Theater, after three years of not being on stage for a personal show. The title will be \u201cMi Habana\u201d because it will be dedicated to the Cuban capital, also to its people and to all those who go to the concert for a tour of [&hellip;]\" \/>\n<meta property=\"og:url\" content=\"https:\/\/oncubanews.com\/en\/billboard-archive\/billboard-habana-sung-by-pablo\/\" \/>\n<meta property=\"og:site_name\" content=\"OnCubaNews English\" \/>\n<meta property=\"article:published_time\" content=\"2018-09-07T14:31:00+00:00\" \/>\n<meta property=\"article:modified_time\" content=\"2018-10-02T18:37:40+00:00\" \/>\n<meta property=\"og:image\" content=\"https:\/\/oncubanews.com\/en\/wp-content\/uploads\/2018\/09\/Portada-05-ingles-2.jpg\" \/>\n\t<meta property=\"og:image:width\" content=\"1958\" \/>\n\t<meta property=\"og:image:height\" content=\"1271\" \/>\n\t<meta property=\"og:image:type\" content=\"image\/jpeg\" \/>\n<meta name=\"author\" content=\"Alejandro Ruiz Chang, aleruiz\" \/>\n<meta name=\"twitter:card\" content=\"summary_large_image\" \/>\n<meta name=\"twitter:label1\" content=\"Written by\" \/>\n\t<meta name=\"twitter:data1\" content=\"Alejandro Ruiz Chang\" \/>\n\t<meta name=\"twitter:label2\" content=\"Est. reading time\" \/>\n\t<meta name=\"twitter:data2\" content=\"8 minutes\" \/>\n<script type=\"application\/ld+json\" class=\"yoast-schema-graph\">{\"@context\":\"https:\\\/\\\/schema.org\",\"@graph\":[{\"@type\":\"Article\",\"@id\":\"https:\\\/\\\/oncubanews.com\\\/en\\\/billboard-archive\\\/billboard-habana-sung-by-pablo\\\/#article\",\"isPartOf\":{\"@id\":\"https:\\\/\\\/oncubanews.com\\\/en\\\/billboard-archive\\\/billboard-habana-sung-by-pablo\\\/\"},\"author\":{\"name\":\"Alejandro Ruiz Chang\",\"@id\":\"https:\\\/\\\/oncubanews.com\\\/en\\\/#\\\/schema\\\/person\\\/5b33058b67d9cc92629c50b584f938e3\"},\"headline\":\"Billboard: Mi Habana sung by Pablo\",\"datePublished\":\"2018-09-07T14:31:00+00:00\",\"dateModified\":\"2018-10-02T18:37:40+00:00\",\"mainEntityOfPage\":{\"@id\":\"https:\\\/\\\/oncubanews.com\\\/en\\\/billboard-archive\\\/billboard-habana-sung-by-pablo\\\/\"},\"wordCount\":1563,\"commentCount\":0,\"image\":{\"@id\":\"https:\\\/\\\/oncubanews.com\\\/en\\\/billboard-archive\\\/billboard-habana-sung-by-pablo\\\/#primaryimage\"},\"thumbnailUrl\":\"https:\\\/\\\/oncubanews.com\\\/en\\\/wp-content\\\/uploads\\\/2018\\\/09\\\/Portada-05-ingles-2.jpg\",\"keywords\":[\"weekly billboard\"],\"articleSection\":[\"Billboard Archive\"],\"inLanguage\":\"en-US\",\"potentialAction\":[{\"@type\":\"CommentAction\",\"name\":\"Comment\",\"target\":[\"https:\\\/\\\/oncubanews.com\\\/en\\\/billboard-archive\\\/billboard-habana-sung-by-pablo\\\/#respond\"]}],\"copyrightYear\":\"2018\",\"copyrightHolder\":{\"@id\":\"https:\\\/\\\/oncubanews.com\\\/en\\\/#organization\"}},{\"@type\":\"WebPage\",\"@id\":\"https:\\\/\\\/oncubanews.com\\\/en\\\/billboard-archive\\\/billboard-habana-sung-by-pablo\\\/\",\"url\":\"https:\\\/\\\/oncubanews.com\\\/en\\\/billboard-archive\\\/billboard-habana-sung-by-pablo\\\/\",\"name\":\"Billboard: Mi Habana sung by Pablo | OnCubaNews English\",\"isPartOf\":{\"@id\":\"https:\\\/\\\/oncubanews.com\\\/en\\\/#website\"},\"primaryImageOfPage\":{\"@id\":\"https:\\\/\\\/oncubanews.com\\\/en\\\/billboard-archive\\\/billboard-habana-sung-by-pablo\\\/#primaryimage\"},\"image\":{\"@id\":\"https:\\\/\\\/oncubanews.com\\\/en\\\/billboard-archive\\\/billboard-habana-sung-by-pablo\\\/#primaryimage\"},\"thumbnailUrl\":\"https:\\\/\\\/oncubanews.com\\\/en\\\/wp-content\\\/uploads\\\/2018\\\/09\\\/Portada-05-ingles-2.jpg\",\"datePublished\":\"2018-09-07T14:31:00+00:00\",\"dateModified\":\"2018-10-02T18:37:40+00:00\",\"author\":{\"@id\":\"https:\\\/\\\/oncubanews.com\\\/en\\\/#\\\/schema\\\/person\\\/5b33058b67d9cc92629c50b584f938e3\"},\"breadcrumb\":{\"@id\":\"https:\\\/\\\/oncubanews.com\\\/en\\\/billboard-archive\\\/billboard-habana-sung-by-pablo\\\/#breadcrumb\"},\"inLanguage\":\"en-US\",\"potentialAction\":[{\"@type\":\"ReadAction\",\"target\":[\"https:\\\/\\\/oncubanews.com\\\/en\\\/billboard-archive\\\/billboard-habana-sung-by-pablo\\\/\"]}]},{\"@type\":\"ImageObject\",\"inLanguage\":\"en-US\",\"@id\":\"https:\\\/\\\/oncubanews.com\\\/en\\\/billboard-archive\\\/billboard-habana-sung-by-pablo\\\/#primaryimage\",\"url\":\"https:\\\/\\\/oncubanews.com\\\/en\\\/wp-content\\\/uploads\\\/2018\\\/09\\\/Portada-05-ingles-2.jpg\",\"contentUrl\":\"https:\\\/\\\/oncubanews.com\\\/en\\\/wp-content\\\/uploads\\\/2018\\\/09\\\/Portada-05-ingles-2.jpg\",\"width\":1958,\"height\":1271},{\"@type\":\"BreadcrumbList\",\"@id\":\"https:\\\/\\\/oncubanews.com\\\/en\\\/billboard-archive\\\/billboard-habana-sung-by-pablo\\\/#breadcrumb\",\"itemListElement\":[{\"@type\":\"ListItem\",\"position\":1,\"name\":\"Portada\",\"item\":\"https:\\\/\\\/oncubanews.com\\\/en\\\/\"},{\"@type\":\"ListItem\",\"position\":2,\"name\":\"Billboard: Mi Habana sung by Pablo\"}]},{\"@type\":\"WebSite\",\"@id\":\"https:\\\/\\\/oncubanews.com\\\/en\\\/#website\",\"url\":\"https:\\\/\\\/oncubanews.com\\\/en\\\/\",\"name\":\"OnCubaNews English\",\"description\":\"Revista sobre Cuba\",\"potentialAction\":[{\"@type\":\"SearchAction\",\"target\":{\"@type\":\"EntryPoint\",\"urlTemplate\":\"https:\\\/\\\/oncubanews.com\\\/en\\\/?s={search_term_string}\"},\"query-input\":{\"@type\":\"PropertyValueSpecification\",\"valueRequired\":true,\"valueName\":\"search_term_string\"}}],\"inLanguage\":\"en-US\"},{\"@type\":\"Person\",\"@id\":\"https:\\\/\\\/oncubanews.com\\\/en\\\/#\\\/schema\\\/person\\\/5b33058b67d9cc92629c50b584f938e3\",\"name\":\"Alejandro Ruiz Chang\",\"image\":{\"@type\":\"ImageObject\",\"inLanguage\":\"en-US\",\"@id\":\"https:\\\/\\\/oncubanews.com\\\/wp-content\\\/uploads\\\/2018\\\/11\\\/alejandro-ruiz-chang_avatar_1542067215-96x96-96x96.jpg7487662ab08cda8e6e96206f634e08f7\",\"url\":\"https:\\\/\\\/oncubanews.com\\\/wp-content\\\/uploads\\\/2018\\\/11\\\/alejandro-ruiz-chang_avatar_1542067215-96x96-96x96.jpg\",\"contentUrl\":\"https:\\\/\\\/oncubanews.com\\\/wp-content\\\/uploads\\\/2018\\\/11\\\/alejandro-ruiz-chang_avatar_1542067215-96x96-96x96.jpg\",\"caption\":\"Alejandro Ruiz Chang\"},\"description\":\"Naci\u00f3 en Guanabo, pero no le gusta el Sol. Del mar, en cambio, nunca se podr\u00e1 separar. Por eso sigue aferrado al malec\u00f3n y haciendo periodismo que es lo que, m\u00e1s menos, mejorcito se le da.\",\"url\":\"https:\\\/\\\/oncubanews.com\\\/en\\\/author\\\/alejandroruiz\\\/\"}]}<\/script>\n<!-- \/ Yoast SEO plugin. -->","yoast_head_json":{"title":"Billboard: Mi Habana sung by Pablo | OnCubaNews English","robots":{"index":"index","follow":"follow","max-snippet":"max-snippet:-1","max-image-preview":"max-image-preview:large","max-video-preview":"max-video-preview:-1"},"canonical":"https:\/\/oncubanews.com\/en\/billboard-archive\/billboard-habana-sung-by-pablo\/","og_locale":"en_US","og_type":"article","og_title":"Billboard: Mi Habana sung by Pablo | OnCubaNews English","og_description":"Pablo Milan\u00e9s will give a concert at the Karl Marx Theater, after three years of not being on stage for a personal show. The title will be \u201cMi Habana\u201d because it will be dedicated to the Cuban capital, also to its people and to all those who go to the concert for a tour of [&hellip;]","og_url":"https:\/\/oncubanews.com\/en\/billboard-archive\/billboard-habana-sung-by-pablo\/","og_site_name":"OnCubaNews English","article_published_time":"2018-09-07T14:31:00+00:00","article_modified_time":"2018-10-02T18:37:40+00:00","og_image":[{"width":1958,"height":1271,"url":"https:\/\/oncubanews.com\/en\/wp-content\/uploads\/2018\/09\/Portada-05-ingles-2.jpg","type":"image\/jpeg"}],"author":"Alejandro Ruiz Chang, aleruiz","twitter_card":"summary_large_image","twitter_misc":{"Written by":"Alejandro Ruiz Chang","Est. reading time":"8 minutes"},"schema":{"@context":"https:\/\/schema.org","@graph":[{"@type":"Article","@id":"https:\/\/oncubanews.com\/en\/billboard-archive\/billboard-habana-sung-by-pablo\/#article","isPartOf":{"@id":"https:\/\/oncubanews.com\/en\/billboard-archive\/billboard-habana-sung-by-pablo\/"},"author":{"name":"Alejandro Ruiz Chang","@id":"https:\/\/oncubanews.com\/en\/#\/schema\/person\/5b33058b67d9cc92629c50b584f938e3"},"headline":"Billboard: Mi Habana sung by Pablo","datePublished":"2018-09-07T14:31:00+00:00","dateModified":"2018-10-02T18:37:40+00:00","mainEntityOfPage":{"@id":"https:\/\/oncubanews.com\/en\/billboard-archive\/billboard-habana-sung-by-pablo\/"},"wordCount":1563,"commentCount":0,"image":{"@id":"https:\/\/oncubanews.com\/en\/billboard-archive\/billboard-habana-sung-by-pablo\/#primaryimage"},"thumbnailUrl":"https:\/\/oncubanews.com\/en\/wp-content\/uploads\/2018\/09\/Portada-05-ingles-2.jpg","keywords":["weekly billboard"],"articleSection":["Billboard Archive"],"inLanguage":"en-US","potentialAction":[{"@type":"CommentAction","name":"Comment","target":["https:\/\/oncubanews.com\/en\/billboard-archive\/billboard-habana-sung-by-pablo\/#respond"]}],"copyrightYear":"2018","copyrightHolder":{"@id":"https:\/\/oncubanews.com\/en\/#organization"}},{"@type":"WebPage","@id":"https:\/\/oncubanews.com\/en\/billboard-archive\/billboard-habana-sung-by-pablo\/","url":"https:\/\/oncubanews.com\/en\/billboard-archive\/billboard-habana-sung-by-pablo\/","name":"Billboard: Mi Habana sung by Pablo | OnCubaNews English","isPartOf":{"@id":"https:\/\/oncubanews.com\/en\/#website"},"primaryImageOfPage":{"@id":"https:\/\/oncubanews.com\/en\/billboard-archive\/billboard-habana-sung-by-pablo\/#primaryimage"},"image":{"@id":"https:\/\/oncubanews.com\/en\/billboard-archive\/billboard-habana-sung-by-pablo\/#primaryimage"},"thumbnailUrl":"https:\/\/oncubanews.com\/en\/wp-content\/uploads\/2018\/09\/Portada-05-ingles-2.jpg","datePublished":"2018-09-07T14:31:00+00:00","dateModified":"2018-10-02T18:37:40+00:00","author":{"@id":"https:\/\/oncubanews.com\/en\/#\/schema\/person\/5b33058b67d9cc92629c50b584f938e3"},"breadcrumb":{"@id":"https:\/\/oncubanews.com\/en\/billboard-archive\/billboard-habana-sung-by-pablo\/#breadcrumb"},"inLanguage":"en-US","potentialAction":[{"@type":"ReadAction","target":["https:\/\/oncubanews.com\/en\/billboard-archive\/billboard-habana-sung-by-pablo\/"]}]},{"@type":"ImageObject","inLanguage":"en-US","@id":"https:\/\/oncubanews.com\/en\/billboard-archive\/billboard-habana-sung-by-pablo\/#primaryimage","url":"https:\/\/oncubanews.com\/en\/wp-content\/uploads\/2018\/09\/Portada-05-ingles-2.jpg","contentUrl":"https:\/\/oncubanews.com\/en\/wp-content\/uploads\/2018\/09\/Portada-05-ingles-2.jpg","width":1958,"height":1271},{"@type":"BreadcrumbList","@id":"https:\/\/oncubanews.com\/en\/billboard-archive\/billboard-habana-sung-by-pablo\/#breadcrumb","itemListElement":[{"@type":"ListItem","position":1,"name":"Portada","item":"https:\/\/oncubanews.com\/en\/"},{"@type":"ListItem","position":2,"name":"Billboard: Mi Habana sung by Pablo"}]},{"@type":"WebSite","@id":"https:\/\/oncubanews.com\/en\/#website","url":"https:\/\/oncubanews.com\/en\/","name":"OnCubaNews English","description":"Revista sobre Cuba","potentialAction":[{"@type":"SearchAction","target":{"@type":"EntryPoint","urlTemplate":"https:\/\/oncubanews.com\/en\/?s={search_term_string}"},"query-input":{"@type":"PropertyValueSpecification","valueRequired":true,"valueName":"search_term_string"}}],"inLanguage":"en-US"},{"@type":"Person","@id":"https:\/\/oncubanews.com\/en\/#\/schema\/person\/5b33058b67d9cc92629c50b584f938e3","name":"Alejandro Ruiz Chang","image":{"@type":"ImageObject","inLanguage":"en-US","@id":"https:\/\/oncubanews.com\/wp-content\/uploads\/2018\/11\/alejandro-ruiz-chang_avatar_1542067215-96x96-96x96.jpg7487662ab08cda8e6e96206f634e08f7","url":"https:\/\/oncubanews.com\/wp-content\/uploads\/2018\/11\/alejandro-ruiz-chang_avatar_1542067215-96x96-96x96.jpg","contentUrl":"https:\/\/oncubanews.com\/wp-content\/uploads\/2018\/11\/alejandro-ruiz-chang_avatar_1542067215-96x96-96x96.jpg","caption":"Alejandro Ruiz Chang"},"description":"Naci\u00f3 en Guanabo, pero no le gusta el Sol. Del mar, en cambio, nunca se podr\u00e1 separar. Por eso sigue aferrado al malec\u00f3n y haciendo periodismo que es lo que, m\u00e1s menos, mejorcito se le da.","url":"https:\/\/oncubanews.com\/en\/author\/alejandroruiz\/"}]}},"authors":[{"term_id":33547,"user_id":3524,"is_guest":0,"slug":"alejandroruiz","display_name":"Alejandro Ruiz Chang","avatar_url":"https:\/\/oncubanews.com\/wp-content\/uploads\/2018\/11\/alejandro-ruiz-chang_avatar_1542067215-96x96-96x96.jpg","0":null,"1":"","2":"","3":"","4":"","5":"","6":"","7":"","8":""},{"term_id":13550,"user_id":0,"is_guest":1,"slug":"cap-aleruiz","display_name":"aleruiz","avatar_url":"https:\/\/secure.gravatar.com\/avatar\/?s=96&r=g","0":null,"1":"","2":"","3":"","4":"","5":"","6":"","7":"","8":""}],"_links":{"self":[{"href":"https:\/\/oncubanews.com\/en\/wp-json\/wp\/v2\/posts\/185724","targetHints":{"allow":["GET"]}}],"collection":[{"href":"https:\/\/oncubanews.com\/en\/wp-json\/wp\/v2\/posts"}],"about":[{"href":"https:\/\/oncubanews.com\/en\/wp-json\/wp\/v2\/types\/post"}],"author":[{"embeddable":true,"href":"https:\/\/oncubanews.com\/en\/wp-json\/wp\/v2\/users\/3524"}],"replies":[{"embeddable":true,"href":"https:\/\/oncubanews.com\/en\/wp-json\/wp\/v2\/comments?post=185724"}],"version-history":[{"count":0,"href":"https:\/\/oncubanews.com\/en\/wp-json\/wp\/v2\/posts\/185724\/revisions"}],"wp:featuredmedia":[{"embeddable":true,"href":"https:\/\/oncubanews.com\/en\/wp-json\/wp\/v2\/media\/185725"}],"wp:attachment":[{"href":"https:\/\/oncubanews.com\/en\/wp-json\/wp\/v2\/media?parent=185724"}],"wp:term":[{"taxonomy":"category","embeddable":true,"href":"https:\/\/oncubanews.com\/en\/wp-json\/wp\/v2\/categories?post=185724"},{"taxonomy":"post_tag","embeddable":true,"href":"https:\/\/oncubanews.com\/en\/wp-json\/wp\/v2\/tags?post=185724"},{"taxonomy":"author","embeddable":true,"href":"https:\/\/oncubanews.com\/en\/wp-json\/wp\/v2\/ppma_author?post=185724"}],"curies":[{"name":"wp","href":"https:\/\/api.w.org\/{rel}","templated":true}]}}