
{"id":188329,"date":"2018-10-24T19:35:57","date_gmt":"2018-10-24T23:35:57","guid":{"rendered":"https:\/\/oncubanews.com\/en\/?p=188329"},"modified":"2018-10-24T19:35:57","modified_gmt":"2018-10-24T23:35:57","slug":"forever-celia-largest-exposition-on-celia-cruz-opens-in-miami","status":"publish","type":"post","link":"https:\/\/oncubanews.com\/en\/cuba-usa\/forever-celia-largest-exposition-on-celia-cruz-opens-in-miami\/","title":{"rendered":"\u201cForever Celia\u201d: Largest exposition on Celia Cruz opens in Miami"},"content":{"rendered":"<p><span style=\"font-weight: 400;\">A letter written by hand by Celia Cruz, her favorite wigs, the most famous dresses and unpublished photo are just some of the attractions of the exposition \u201cForever Celia\u201d which opened Thursday last week in the American Museum of the Cuban Diaspora, in Miami.<\/span><\/p>\n<p><span style=\"font-weight: 400;\">Celia Cruz\u2019 executor, Omer Pardillo-Cid, explained that the exhibit displays memorable moments in Celia\u2019s life, imitating a timeline through different decades until Celia\u2019s funeral, \u201cimpressive, since there still hasn\u2019t been a funeral like that one again in the United States,\u201d said Pardillo-Cid.<\/span><\/p>\n<p><a href=\"https:\/\/oncubanews.com\/en\/wp-content\/uploads\/2018\/10\/museo-1.jpg\"><img loading=\"lazy\" decoding=\"async\" class=\"alignnone size-full wp-image-188331\" src=\"https:\/\/oncubanews.com\/en\/wp-content\/uploads\/2018\/10\/museo-1.jpg\" alt=\"\" width=\"1000\" height=\"665\" srcset=\"https:\/\/oncubanews.com\/en\/wp-content\/uploads\/2018\/10\/museo-1.jpg 1000w, https:\/\/oncubanews.com\/en\/wp-content\/uploads\/2018\/10\/museo-1-300x200.jpg 300w, https:\/\/oncubanews.com\/en\/wp-content\/uploads\/2018\/10\/museo-1-768x511.jpg 768w, https:\/\/oncubanews.com\/en\/wp-content\/uploads\/2018\/10\/museo-1-750x499.jpg 750w\" sizes=\"auto, (max-width: 1000px) 100vw, 1000px\" \/><\/a><\/p>\n<p><span style=\"font-weight: 400;\">The exposition is full of personal mementos, like the first passport with which she left Cuba for Venezuela, a small statue of Our Lady of Charity of El Cobre she took with her on all the trips, which were a lot, as well as eyeglasses and fans.<\/span><\/p>\n<p><span style=\"font-weight: 400;\">\u201cCelia was fashion, extravagance, elegance. Here you will be able to see colorful hats, dresses. Celia was color and energy,\u201d said Pardillo-Cid.<\/span><\/p>\n<figure id=\"attachment_188332\" aria-describedby=\"caption-attachment-188332\" style=\"width: 1000px\" class=\"wp-caption alignnone\"><a href=\"https:\/\/oncubanews.com\/en\/wp-content\/uploads\/2018\/10\/omer-pardillo-cid-1.jpg\"><img loading=\"lazy\" decoding=\"async\" class=\"size-full wp-image-188332\" src=\"https:\/\/oncubanews.com\/en\/wp-content\/uploads\/2018\/10\/omer-pardillo-cid-1.jpg\" alt=\"Celia Cruz\u2019 executor and curator of the exposition \u201cForever Celia,\u201d Omer Pardillo-Cid. Photo: Marita P\u00e9rez D\u00edaz.\" width=\"1000\" height=\"657\" srcset=\"https:\/\/oncubanews.com\/en\/wp-content\/uploads\/2018\/10\/omer-pardillo-cid-1.jpg 1000w, https:\/\/oncubanews.com\/en\/wp-content\/uploads\/2018\/10\/omer-pardillo-cid-1-300x197.jpg 300w, https:\/\/oncubanews.com\/en\/wp-content\/uploads\/2018\/10\/omer-pardillo-cid-1-768x505.jpg 768w, https:\/\/oncubanews.com\/en\/wp-content\/uploads\/2018\/10\/omer-pardillo-cid-1-750x493.jpg 750w\" sizes=\"auto, (max-width: 1000px) 100vw, 1000px\" \/><\/a><figcaption id=\"caption-attachment-188332\" class=\"wp-caption-text\">Celia Cruz\u2019 executor and curator of the exposition \u201cForever Celia,\u201d Omer Pardillo-Cid. Photo: Marita P\u00e9rez D\u00edaz.<\/figcaption><\/figure>\n<p><span style=\"font-weight: 400;\">Fifteen years after Celia\u2019s death, the exhibition also includes screens to show videos and music from different stages of her career.<\/span><\/p>\n<p><span style=\"font-weight: 400;\">Some 20 pairs of shoes and wigs also make up the display of personal objects.<\/span><\/p>\n<p><span style=\"font-weight: 400;\">\u201cThe designer of the outlandish shoes,\u201d says Pardillo-Cid. \u201cwas a Mexican who only signed as Nieto and who died in the 1970s.\u201d<\/span><\/p>\n<p><span style=\"font-weight: 400;\">Since the \u201cQueen of Salsa\u201d only wanted to use his models, \u201cthe most comfortable in the world,\u201d as she used to say, she would have them repaired once and again, changed their color and remodeled them, Pardillo-Cid says.<\/span><\/p>\n<p><span style=\"font-weight: 400;\">They all had a unique design, but in many the impossible heal style or \u201cwithout a heal\u201d is repeated, making the foot look as if it\u2019s floating in the air, with a pronounced curve.<\/span><\/p>\n<div id='gallery-1' class='gallery galleryid-188329 gallery-columns-7 gallery-size-large'><figure class='gallery-item'>\n\t\t\t<div class='gallery-icon landscape'>\n\t\t\t\t<a href='https:\/\/oncubanews.com\/en\/cuba-usa\/forever-celia-largest-exposition-on-celia-cruz-opens-in-miami\/attachment\/zapato-celia-9\/'><img loading=\"lazy\" decoding=\"async\" width=\"1000\" height=\"665\" src=\"https:\/\/oncubanews.com\/en\/wp-content\/uploads\/2018\/10\/zapato-celia-9.jpg\" class=\"attachment-large size-large\" alt=\"\" srcset=\"https:\/\/oncubanews.com\/en\/wp-content\/uploads\/2018\/10\/zapato-celia-9.jpg 1000w, https:\/\/oncubanews.com\/en\/wp-content\/uploads\/2018\/10\/zapato-celia-9-300x200.jpg 300w, https:\/\/oncubanews.com\/en\/wp-content\/uploads\/2018\/10\/zapato-celia-9-768x511.jpg 768w, https:\/\/oncubanews.com\/en\/wp-content\/uploads\/2018\/10\/zapato-celia-9-750x499.jpg 750w\" sizes=\"auto, (max-width: 1000px) 100vw, 1000px\" \/><\/a>\n\t\t\t<\/div><\/figure><figure class='gallery-item'>\n\t\t\t<div class='gallery-icon landscape'>\n\t\t\t\t<a href='https:\/\/oncubanews.com\/en\/cuba-usa\/forever-celia-largest-exposition-on-celia-cruz-opens-in-miami\/attachment\/zapato-celia-1-2\/'><img loading=\"lazy\" decoding=\"async\" width=\"1000\" height=\"665\" src=\"https:\/\/oncubanews.com\/en\/wp-content\/uploads\/2018\/10\/zapato-celia-1-1.jpg\" class=\"attachment-large size-large\" alt=\"\" srcset=\"https:\/\/oncubanews.com\/en\/wp-content\/uploads\/2018\/10\/zapato-celia-1-1.jpg 1000w, https:\/\/oncubanews.com\/en\/wp-content\/uploads\/2018\/10\/zapato-celia-1-1-300x200.jpg 300w, https:\/\/oncubanews.com\/en\/wp-content\/uploads\/2018\/10\/zapato-celia-1-1-768x511.jpg 768w, https:\/\/oncubanews.com\/en\/wp-content\/uploads\/2018\/10\/zapato-celia-1-1-750x499.jpg 750w\" sizes=\"auto, (max-width: 1000px) 100vw, 1000px\" \/><\/a>\n\t\t\t<\/div><\/figure><figure class='gallery-item'>\n\t\t\t<div class='gallery-icon landscape'>\n\t\t\t\t<a href='https:\/\/oncubanews.com\/en\/cuba-usa\/forever-celia-largest-exposition-on-celia-cruz-opens-in-miami\/attachment\/zapato-celia-2-2\/'><img loading=\"lazy\" decoding=\"async\" width=\"1000\" height=\"665\" src=\"https:\/\/oncubanews.com\/en\/wp-content\/uploads\/2018\/10\/zapato-celia-2-1.jpg\" class=\"attachment-large size-large\" alt=\"\" srcset=\"https:\/\/oncubanews.com\/en\/wp-content\/uploads\/2018\/10\/zapato-celia-2-1.jpg 1000w, https:\/\/oncubanews.com\/en\/wp-content\/uploads\/2018\/10\/zapato-celia-2-1-300x200.jpg 300w, https:\/\/oncubanews.com\/en\/wp-content\/uploads\/2018\/10\/zapato-celia-2-1-768x511.jpg 768w, https:\/\/oncubanews.com\/en\/wp-content\/uploads\/2018\/10\/zapato-celia-2-1-750x499.jpg 750w\" sizes=\"auto, (max-width: 1000px) 100vw, 1000px\" \/><\/a>\n\t\t\t<\/div><\/figure><figure class='gallery-item'>\n\t\t\t<div class='gallery-icon landscape'>\n\t\t\t\t<a href='https:\/\/oncubanews.com\/en\/cuba-usa\/forever-celia-largest-exposition-on-celia-cruz-opens-in-miami\/attachment\/zapato-celia-3-2\/'><img loading=\"lazy\" decoding=\"async\" width=\"1000\" height=\"665\" src=\"https:\/\/oncubanews.com\/en\/wp-content\/uploads\/2018\/10\/zapato-celia-3-1.jpg\" class=\"attachment-large size-large\" alt=\"\" srcset=\"https:\/\/oncubanews.com\/en\/wp-content\/uploads\/2018\/10\/zapato-celia-3-1.jpg 1000w, https:\/\/oncubanews.com\/en\/wp-content\/uploads\/2018\/10\/zapato-celia-3-1-300x200.jpg 300w, https:\/\/oncubanews.com\/en\/wp-content\/uploads\/2018\/10\/zapato-celia-3-1-768x511.jpg 768w, https:\/\/oncubanews.com\/en\/wp-content\/uploads\/2018\/10\/zapato-celia-3-1-750x499.jpg 750w\" sizes=\"auto, (max-width: 1000px) 100vw, 1000px\" \/><\/a>\n\t\t\t<\/div><\/figure><figure class='gallery-item'>\n\t\t\t<div class='gallery-icon landscape'>\n\t\t\t\t<a href='https:\/\/oncubanews.com\/en\/cuba-usa\/forever-celia-largest-exposition-on-celia-cruz-opens-in-miami\/attachment\/zapato-celia-4-2\/'><img loading=\"lazy\" decoding=\"async\" width=\"1000\" height=\"665\" src=\"https:\/\/oncubanews.com\/en\/wp-content\/uploads\/2018\/10\/zapato-celia-4-1.jpg\" class=\"attachment-large size-large\" alt=\"\" srcset=\"https:\/\/oncubanews.com\/en\/wp-content\/uploads\/2018\/10\/zapato-celia-4-1.jpg 1000w, https:\/\/oncubanews.com\/en\/wp-content\/uploads\/2018\/10\/zapato-celia-4-1-300x200.jpg 300w, https:\/\/oncubanews.com\/en\/wp-content\/uploads\/2018\/10\/zapato-celia-4-1-768x511.jpg 768w, https:\/\/oncubanews.com\/en\/wp-content\/uploads\/2018\/10\/zapato-celia-4-1-750x499.jpg 750w\" sizes=\"auto, (max-width: 1000px) 100vw, 1000px\" \/><\/a>\n\t\t\t<\/div><\/figure><figure class='gallery-item'>\n\t\t\t<div class='gallery-icon landscape'>\n\t\t\t\t<a href='https:\/\/oncubanews.com\/en\/cuba-usa\/forever-celia-largest-exposition-on-celia-cruz-opens-in-miami\/attachment\/zapato-celia-6-2\/'><img loading=\"lazy\" decoding=\"async\" width=\"1000\" height=\"665\" src=\"https:\/\/oncubanews.com\/en\/wp-content\/uploads\/2018\/10\/zapato-celia-6-1.jpg\" class=\"attachment-large size-large\" alt=\"\" srcset=\"https:\/\/oncubanews.com\/en\/wp-content\/uploads\/2018\/10\/zapato-celia-6-1.jpg 1000w, https:\/\/oncubanews.com\/en\/wp-content\/uploads\/2018\/10\/zapato-celia-6-1-300x200.jpg 300w, https:\/\/oncubanews.com\/en\/wp-content\/uploads\/2018\/10\/zapato-celia-6-1-768x511.jpg 768w, https:\/\/oncubanews.com\/en\/wp-content\/uploads\/2018\/10\/zapato-celia-6-1-750x499.jpg 750w\" sizes=\"auto, (max-width: 1000px) 100vw, 1000px\" \/><\/a>\n\t\t\t<\/div><\/figure><figure class='gallery-item'>\n\t\t\t<div class='gallery-icon landscape'>\n\t\t\t\t<a href='https:\/\/oncubanews.com\/en\/cuba-usa\/forever-celia-largest-exposition-on-celia-cruz-opens-in-miami\/attachment\/zapato-celia-8-2\/'><img loading=\"lazy\" decoding=\"async\" width=\"1000\" height=\"665\" src=\"https:\/\/oncubanews.com\/en\/wp-content\/uploads\/2018\/10\/zapato-celia-8-1.jpg\" class=\"attachment-large size-large\" alt=\"\" srcset=\"https:\/\/oncubanews.com\/en\/wp-content\/uploads\/2018\/10\/zapato-celia-8-1.jpg 1000w, https:\/\/oncubanews.com\/en\/wp-content\/uploads\/2018\/10\/zapato-celia-8-1-300x200.jpg 300w, https:\/\/oncubanews.com\/en\/wp-content\/uploads\/2018\/10\/zapato-celia-8-1-768x511.jpg 768w, https:\/\/oncubanews.com\/en\/wp-content\/uploads\/2018\/10\/zapato-celia-8-1-750x499.jpg 750w\" sizes=\"auto, (max-width: 1000px) 100vw, 1000px\" \/><\/a>\n\t\t\t<\/div><\/figure>\n\t\t<\/div>\n\n<p><span style=\"font-weight: 400;\">Ileana Fuentes, director of the American Museum of the Cuban Diaspora, said to OnCuba that at least 16 persons from a multidisciplinary team participated in preparing the display for almost seven months.<\/span><\/p>\n<p><span style=\"font-weight: 400;\">The recently inaugurated museum, known as \u201cThe Cuban\u201d and which cost 10 million dollars, will feature the exposition until March 31, 2019.<\/span><\/p>\n<p><span style=\"font-weight: 400;\">\u201cWhat better story to tell about exile in the museum\u2019s official inauguration than the story of Celia Cruz,\u201d Fuentes commented.<\/span><\/p>\n<p><span style=\"font-weight: 400;\">\u201cThis is a story of sacrifice, of privation, of absence, of family separation, of not speaking the language, of having to adapt to another culture, of triumphing, of having an unyielding tenacity. And she, who did it in the world of music, is the vital example of that struggle of each \u00e9migr\u00e9 to make a new life and to overcome all obstacles,\u201d said Fuentes.<\/span><\/p>\n<p><a href=\"https:\/\/oncubanews.com\/en\/wp-content\/uploads\/2018\/10\/celia-maleta-1.jpg\"><img loading=\"lazy\" decoding=\"async\" class=\"alignnone size-full wp-image-188340\" src=\"https:\/\/oncubanews.com\/en\/wp-content\/uploads\/2018\/10\/celia-maleta-1.jpg\" alt=\"\" width=\"1000\" height=\"665\" srcset=\"https:\/\/oncubanews.com\/en\/wp-content\/uploads\/2018\/10\/celia-maleta-1.jpg 1000w, https:\/\/oncubanews.com\/en\/wp-content\/uploads\/2018\/10\/celia-maleta-1-300x200.jpg 300w, https:\/\/oncubanews.com\/en\/wp-content\/uploads\/2018\/10\/celia-maleta-1-768x511.jpg 768w, https:\/\/oncubanews.com\/en\/wp-content\/uploads\/2018\/10\/celia-maleta-1-750x499.jpg 750w\" sizes=\"auto, (max-width: 1000px) 100vw, 1000px\" \/><\/a><\/p>\n<p><span style=\"font-weight: 400;\">\u201cShe was a woman, Latina, \u00e9migr\u00e9 and black. She had many things against her, but that talent and that will to overcome the obstacles is what\u2019s admirable. That\u2019s why this story can be understood by any person who has had to leave his\/her country and has never been able to return,\u201d she added.<\/span><\/p>\n<p><span style=\"font-weight: 400;\">The tour of the exhibit shows details of Celia\u2019s relation with part of her Afro culture, as well as her trip to Africa.<\/span><\/p>\n<p><a href=\"https:\/\/oncubanews.com\/en\/wp-content\/uploads\/2018\/10\/celia-africana-1.jpg\"><img loading=\"lazy\" decoding=\"async\" class=\"alignnone size-full wp-image-188341\" src=\"https:\/\/oncubanews.com\/en\/wp-content\/uploads\/2018\/10\/celia-africana-1.jpg\" alt=\"\" width=\"1000\" height=\"665\" srcset=\"https:\/\/oncubanews.com\/en\/wp-content\/uploads\/2018\/10\/celia-africana-1.jpg 1000w, https:\/\/oncubanews.com\/en\/wp-content\/uploads\/2018\/10\/celia-africana-1-300x200.jpg 300w, https:\/\/oncubanews.com\/en\/wp-content\/uploads\/2018\/10\/celia-africana-1-768x511.jpg 768w, https:\/\/oncubanews.com\/en\/wp-content\/uploads\/2018\/10\/celia-africana-1-750x499.jpg 750w\" sizes=\"auto, (max-width: 1000px) 100vw, 1000px\" \/><\/a><\/p>\n<p><span style=\"font-weight: 400;\">In the exposition there is also a room especially recreated to show one of Celia\u2019s most private places. \u201cThe library was a very personal space, the short time she spent in her house in New York she spent in this space,\u201d said Pardillo-Cid.<\/span><\/p>\n<p><a href=\"https:\/\/oncubanews.com\/en\/wp-content\/uploads\/2018\/10\/celia-oficina-2-1.jpg\"><img loading=\"lazy\" decoding=\"async\" class=\"alignnone size-full wp-image-188342\" src=\"https:\/\/oncubanews.com\/en\/wp-content\/uploads\/2018\/10\/celia-oficina-2-1.jpg\" alt=\"\" width=\"1000\" height=\"665\" srcset=\"https:\/\/oncubanews.com\/en\/wp-content\/uploads\/2018\/10\/celia-oficina-2-1.jpg 1000w, https:\/\/oncubanews.com\/en\/wp-content\/uploads\/2018\/10\/celia-oficina-2-1-300x200.jpg 300w, https:\/\/oncubanews.com\/en\/wp-content\/uploads\/2018\/10\/celia-oficina-2-1-768x511.jpg 768w, https:\/\/oncubanews.com\/en\/wp-content\/uploads\/2018\/10\/celia-oficina-2-1-750x499.jpg 750w\" sizes=\"auto, (max-width: 1000px) 100vw, 1000px\" \/><\/a><\/p>\n<p><span style=\"font-weight: 400;\">Pardillo-Cid blames Celia\u2019s mania of conserving everything to her being a Libra. \u201cHere there is almost nothing of all her papers, but she kept all her papers, her travel tickets, everything. I also put everything away. Celia, her husband Pedro and I, the three of us were Libras, we thought the same way. I believe that helped in our relationship. But the most important was the loyalty throughout time. I used to spend more time with Celia than with my family and she did the same with me. We used to travel 11 months of the year,\u201d he comments.<\/span><\/p>\n<p><span style=\"font-weight: 400;\">Native of Mor\u00f3n, Pardillo-Cid met Celia when he was 14 through one of his grandparents\u2019 friends. \u201cWhen I started working in the RMM record company at 16, we became closer. We were the company\u2019s only Cubans and that made us become close. Starting there I was her assistant, tour manager and personal manager,\u201d he said.<\/span><\/p>\n<p><a href=\"https:\/\/oncubanews.com\/en\/wp-content\/uploads\/2018\/10\/celia-pelucas-mil-1.jpg\"><img loading=\"lazy\" decoding=\"async\" class=\"alignnone size-full wp-image-188343\" src=\"https:\/\/oncubanews.com\/en\/wp-content\/uploads\/2018\/10\/celia-pelucas-mil-1.jpg\" alt=\"\" width=\"1000\" height=\"665\" srcset=\"https:\/\/oncubanews.com\/en\/wp-content\/uploads\/2018\/10\/celia-pelucas-mil-1.jpg 1000w, https:\/\/oncubanews.com\/en\/wp-content\/uploads\/2018\/10\/celia-pelucas-mil-1-300x200.jpg 300w, https:\/\/oncubanews.com\/en\/wp-content\/uploads\/2018\/10\/celia-pelucas-mil-1-768x511.jpg 768w, https:\/\/oncubanews.com\/en\/wp-content\/uploads\/2018\/10\/celia-pelucas-mil-1-750x499.jpg 750w\" sizes=\"auto, (max-width: 1000px) 100vw, 1000px\" \/><\/a><\/p>\n<p><span style=\"font-weight: 400;\">One of his favorite sections of the exhibit is the one related to Celia\u2019s trip to Guant\u00e1namo, \u201cIn case I don\u2019t return,\u201d when she collected some earth from under the fence of the naval base and always kept it so that she be buried with it.<\/span><\/p>\n<p><a href=\"https:\/\/oncubanews.com\/en\/wp-content\/uploads\/2018\/10\/celia-gafas-360x180-1.jpg\"><img loading=\"lazy\" decoding=\"async\" class=\"alignnone size-full wp-image-188344\" src=\"https:\/\/oncubanews.com\/en\/wp-content\/uploads\/2018\/10\/celia-gafas-360x180-1.jpg\" alt=\"\" width=\"360\" height=\"180\" srcset=\"https:\/\/oncubanews.com\/en\/wp-content\/uploads\/2018\/10\/celia-gafas-360x180-1.jpg 360w, https:\/\/oncubanews.com\/en\/wp-content\/uploads\/2018\/10\/celia-gafas-360x180-1-300x150.jpg 300w\" sizes=\"auto, (max-width: 360px) 100vw, 360px\" \/><\/a><\/p>\n<p><span style=\"font-weight: 400;\">Celia Cruz was never granted permission to return to her country.<\/span><\/p>\n<p><span style=\"font-weight: 400;\">Regarding the singer\u2019s professional career, chronologically reflected in the exhibit, he commented that \u201cCelia had success because of her voice and charisma. She first triumphed in Cuba, she had a solid career there. Later in exile it doubled and became internationalized.\u201d<\/span><\/p>\n<p><span style=\"font-weight: 400;\">After this exposition, the largest ever made about Celia Cruz\u2019 life, with personal objects, Pardillo-Cid still has two dreams. \u201cI would like to take this exhibition to Cuba, to show five generations of Cubans the life of the most universal Cuban singer of all times,\u201d he said.<\/span><\/p>\n<p><span style=\"font-weight: 400;\">\u201cThe second dream would be a statue of Celia Cruz in Central Park, in New York,\u201d he concluded.<\/span><\/p>\n<p>https:\/\/www.facebook.com\/OnCuba\/videos\/363698577506301\/<\/p>\n","protected":false},"excerpt":{"rendered":"<p>A letter written by hand by Celia Cruz, her favorite wigs, the most famous dresses and unpublished photo are just some of the attractions of the exposition \u201cForever Celia\u201d which opened Thursday last week in the American Museum of the Cuban Diaspora, in Miami. Celia Cruz\u2019 executor, Omer Pardillo-Cid, explained that the exhibit displays memorable [&hellip;]<\/p>\n","protected":false},"author":3096,"featured_media":188330,"comment_status":"open","ping_status":"closed","sticky":false,"template":"","format":"standard","meta":{"_acf_changed":false,"footnotes":""},"categories":[13944],"tags":[17774,17776,14851,14833,17775],"ppma_author":[33549,7168],"class_list":["post-188329","post","type-post","status-publish","format-standard","has-post-thumbnail","hentry","category-cuba-usa","tag-celia-cruz","tag-cuban-americans","tag-cuban-culture-es","tag-cuban-politics","tag-cuban-singer"],"acf":[],"yoast_head":"<!-- This site is optimized with the Yoast SEO plugin v27.3 - https:\/\/yoast.com\/product\/yoast-seo-wordpress\/ -->\n<title>\u201cForever Celia\u201d: Largest exposition on Celia Cruz opens in Miami | OnCubaNews English<\/title>\n<meta name=\"robots\" content=\"index, follow, max-snippet:-1, max-image-preview:large, max-video-preview:-1\" \/>\n<link rel=\"canonical\" href=\"https:\/\/oncubanews.com\/en\/cuba-usa\/forever-celia-largest-exposition-on-celia-cruz-opens-in-miami\/\" \/>\n<meta property=\"og:locale\" content=\"en_US\" \/>\n<meta property=\"og:type\" content=\"article\" \/>\n<meta property=\"og:title\" content=\"\u201cForever Celia\u201d: Largest exposition on Celia Cruz opens in Miami | OnCubaNews English\" \/>\n<meta property=\"og:description\" content=\"A letter written by hand by Celia Cruz, her favorite wigs, the most famous dresses and unpublished photo are just some of the attractions of the exposition \u201cForever Celia\u201d which opened Thursday last week in the American Museum of the Cuban Diaspora, in Miami. Celia Cruz\u2019 executor, Omer Pardillo-Cid, explained that the exhibit displays memorable [&hellip;]\" \/>\n<meta property=\"og:url\" content=\"https:\/\/oncubanews.com\/en\/cuba-usa\/forever-celia-largest-exposition-on-celia-cruz-opens-in-miami\/\" \/>\n<meta property=\"og:site_name\" content=\"OnCubaNews English\" \/>\n<meta property=\"article:published_time\" content=\"2018-10-24T23:35:57+00:00\" \/>\n<meta property=\"og:image\" content=\"https:\/\/oncubanews.com\/en\/wp-content\/uploads\/2018\/10\/celia-portada-1000x570-2.jpg\" \/>\n\t<meta property=\"og:image:width\" content=\"1000\" \/>\n\t<meta property=\"og:image:height\" content=\"570\" \/>\n\t<meta property=\"og:image:type\" content=\"image\/jpeg\" \/>\n<meta name=\"author\" content=\"Marita P\u00e9rez D\u00edaz, marita\" \/>\n<meta name=\"twitter:card\" content=\"summary_large_image\" \/>\n<meta name=\"twitter:label1\" content=\"Written by\" \/>\n\t<meta name=\"twitter:data1\" content=\"Marita P\u00e9rez D\u00edaz\" \/>\n\t<meta name=\"twitter:label2\" content=\"Est. reading time\" \/>\n\t<meta name=\"twitter:data2\" content=\"5 minutes\" \/>\n<script type=\"application\/ld+json\" class=\"yoast-schema-graph\">{\"@context\":\"https:\\\/\\\/schema.org\",\"@graph\":[{\"@type\":\"Article\",\"@id\":\"https:\\\/\\\/oncubanews.com\\\/en\\\/cuba-usa\\\/forever-celia-largest-exposition-on-celia-cruz-opens-in-miami\\\/#article\",\"isPartOf\":{\"@id\":\"https:\\\/\\\/oncubanews.com\\\/en\\\/cuba-usa\\\/forever-celia-largest-exposition-on-celia-cruz-opens-in-miami\\\/\"},\"author\":{\"name\":\"Marita P\u00e9rez D\u00edaz\",\"@id\":\"https:\\\/\\\/oncubanews.com\\\/en\\\/#\\\/schema\\\/person\\\/0674494759fe2a378bde30eb5aab824d\"},\"headline\":\"\u201cForever Celia\u201d: Largest exposition on Celia Cruz opens in Miami\",\"datePublished\":\"2018-10-24T23:35:57+00:00\",\"mainEntityOfPage\":{\"@id\":\"https:\\\/\\\/oncubanews.com\\\/en\\\/cuba-usa\\\/forever-celia-largest-exposition-on-celia-cruz-opens-in-miami\\\/\"},\"wordCount\":925,\"commentCount\":0,\"image\":{\"@id\":\"https:\\\/\\\/oncubanews.com\\\/en\\\/cuba-usa\\\/forever-celia-largest-exposition-on-celia-cruz-opens-in-miami\\\/#primaryimage\"},\"thumbnailUrl\":\"https:\\\/\\\/oncubanews.com\\\/en\\\/wp-content\\\/uploads\\\/2018\\\/10\\\/celia-portada-1000x570-2.jpg\",\"keywords\":[\"celia cruz\",\"cuban americans\",\"Cuban culture\",\"Cuban Politics\",\"cuban singer\"],\"articleSection\":[\"Cuba-USA\"],\"inLanguage\":\"en-US\",\"potentialAction\":[{\"@type\":\"CommentAction\",\"name\":\"Comment\",\"target\":[\"https:\\\/\\\/oncubanews.com\\\/en\\\/cuba-usa\\\/forever-celia-largest-exposition-on-celia-cruz-opens-in-miami\\\/#respond\"]}],\"copyrightYear\":\"2018\",\"copyrightHolder\":{\"@id\":\"https:\\\/\\\/oncubanews.com\\\/en\\\/#organization\"}},{\"@type\":\"WebPage\",\"@id\":\"https:\\\/\\\/oncubanews.com\\\/en\\\/cuba-usa\\\/forever-celia-largest-exposition-on-celia-cruz-opens-in-miami\\\/\",\"url\":\"https:\\\/\\\/oncubanews.com\\\/en\\\/cuba-usa\\\/forever-celia-largest-exposition-on-celia-cruz-opens-in-miami\\\/\",\"name\":\"\u201cForever Celia\u201d: Largest exposition on Celia Cruz opens in Miami | OnCubaNews English\",\"isPartOf\":{\"@id\":\"https:\\\/\\\/oncubanews.com\\\/en\\\/#website\"},\"primaryImageOfPage\":{\"@id\":\"https:\\\/\\\/oncubanews.com\\\/en\\\/cuba-usa\\\/forever-celia-largest-exposition-on-celia-cruz-opens-in-miami\\\/#primaryimage\"},\"image\":{\"@id\":\"https:\\\/\\\/oncubanews.com\\\/en\\\/cuba-usa\\\/forever-celia-largest-exposition-on-celia-cruz-opens-in-miami\\\/#primaryimage\"},\"thumbnailUrl\":\"https:\\\/\\\/oncubanews.com\\\/en\\\/wp-content\\\/uploads\\\/2018\\\/10\\\/celia-portada-1000x570-2.jpg\",\"datePublished\":\"2018-10-24T23:35:57+00:00\",\"author\":{\"@id\":\"https:\\\/\\\/oncubanews.com\\\/en\\\/#\\\/schema\\\/person\\\/0674494759fe2a378bde30eb5aab824d\"},\"breadcrumb\":{\"@id\":\"https:\\\/\\\/oncubanews.com\\\/en\\\/cuba-usa\\\/forever-celia-largest-exposition-on-celia-cruz-opens-in-miami\\\/#breadcrumb\"},\"inLanguage\":\"en-US\",\"potentialAction\":[{\"@type\":\"ReadAction\",\"target\":[\"https:\\\/\\\/oncubanews.com\\\/en\\\/cuba-usa\\\/forever-celia-largest-exposition-on-celia-cruz-opens-in-miami\\\/\"]}]},{\"@type\":\"ImageObject\",\"inLanguage\":\"en-US\",\"@id\":\"https:\\\/\\\/oncubanews.com\\\/en\\\/cuba-usa\\\/forever-celia-largest-exposition-on-celia-cruz-opens-in-miami\\\/#primaryimage\",\"url\":\"https:\\\/\\\/oncubanews.com\\\/en\\\/wp-content\\\/uploads\\\/2018\\\/10\\\/celia-portada-1000x570-2.jpg\",\"contentUrl\":\"https:\\\/\\\/oncubanews.com\\\/en\\\/wp-content\\\/uploads\\\/2018\\\/10\\\/celia-portada-1000x570-2.jpg\",\"width\":1000,\"height\":570,\"caption\":\"Cover of the exposition \u201cForever Celia\u201d at the entrance to the Museum of the Diaspora, in Miami. Photo: Marita P\u00e9rez D\u00edaz.\"},{\"@type\":\"BreadcrumbList\",\"@id\":\"https:\\\/\\\/oncubanews.com\\\/en\\\/cuba-usa\\\/forever-celia-largest-exposition-on-celia-cruz-opens-in-miami\\\/#breadcrumb\",\"itemListElement\":[{\"@type\":\"ListItem\",\"position\":1,\"name\":\"Portada\",\"item\":\"https:\\\/\\\/oncubanews.com\\\/en\\\/\"},{\"@type\":\"ListItem\",\"position\":2,\"name\":\"\u201cForever Celia\u201d: Largest exposition on Celia Cruz opens in Miami\"}]},{\"@type\":\"WebSite\",\"@id\":\"https:\\\/\\\/oncubanews.com\\\/en\\\/#website\",\"url\":\"https:\\\/\\\/oncubanews.com\\\/en\\\/\",\"name\":\"OnCubaNews English\",\"description\":\"Revista sobre Cuba\",\"potentialAction\":[{\"@type\":\"SearchAction\",\"target\":{\"@type\":\"EntryPoint\",\"urlTemplate\":\"https:\\\/\\\/oncubanews.com\\\/en\\\/?s={search_term_string}\"},\"query-input\":{\"@type\":\"PropertyValueSpecification\",\"valueRequired\":true,\"valueName\":\"search_term_string\"}}],\"inLanguage\":\"en-US\"},{\"@type\":\"Person\",\"@id\":\"https:\\\/\\\/oncubanews.com\\\/en\\\/#\\\/schema\\\/person\\\/0674494759fe2a378bde30eb5aab824d\",\"name\":\"Marita P\u00e9rez D\u00edaz\",\"image\":{\"@type\":\"ImageObject\",\"inLanguage\":\"en-US\",\"@id\":\"https:\\\/\\\/oncubanews.com\\\/wp-content\\\/uploads\\\/2015\\\/11\\\/Marita-P\u00e9rez-D\u00edaz_avatar_1447967586-96x96.jpg18d2651a1d349dec061f185dc6d883fc\",\"url\":\"https:\\\/\\\/oncubanews.com\\\/wp-content\\\/uploads\\\/2015\\\/11\\\/Marita-P\u00e9rez-D\u00edaz_avatar_1447967586-96x96.jpg\",\"contentUrl\":\"https:\\\/\\\/oncubanews.com\\\/wp-content\\\/uploads\\\/2015\\\/11\\\/Marita-P\u00e9rez-D\u00edaz_avatar_1447967586-96x96.jpg\",\"caption\":\"Marita P\u00e9rez D\u00edaz\"},\"url\":\"https:\\\/\\\/oncubanews.com\\\/en\\\/author\\\/maritaperez\\\/\"}]}<\/script>\n<!-- \/ Yoast SEO plugin. -->","yoast_head_json":{"title":"\u201cForever Celia\u201d: Largest exposition on Celia Cruz opens in Miami | OnCubaNews English","robots":{"index":"index","follow":"follow","max-snippet":"max-snippet:-1","max-image-preview":"max-image-preview:large","max-video-preview":"max-video-preview:-1"},"canonical":"https:\/\/oncubanews.com\/en\/cuba-usa\/forever-celia-largest-exposition-on-celia-cruz-opens-in-miami\/","og_locale":"en_US","og_type":"article","og_title":"\u201cForever Celia\u201d: Largest exposition on Celia Cruz opens in Miami | OnCubaNews English","og_description":"A letter written by hand by Celia Cruz, her favorite wigs, the most famous dresses and unpublished photo are just some of the attractions of the exposition \u201cForever Celia\u201d which opened Thursday last week in the American Museum of the Cuban Diaspora, in Miami. Celia Cruz\u2019 executor, Omer Pardillo-Cid, explained that the exhibit displays memorable [&hellip;]","og_url":"https:\/\/oncubanews.com\/en\/cuba-usa\/forever-celia-largest-exposition-on-celia-cruz-opens-in-miami\/","og_site_name":"OnCubaNews English","article_published_time":"2018-10-24T23:35:57+00:00","og_image":[{"width":1000,"height":570,"url":"https:\/\/oncubanews.com\/en\/wp-content\/uploads\/2018\/10\/celia-portada-1000x570-2.jpg","type":"image\/jpeg"}],"author":"Marita P\u00e9rez D\u00edaz, marita","twitter_card":"summary_large_image","twitter_misc":{"Written by":"Marita P\u00e9rez D\u00edaz","Est. reading time":"5 minutes"},"schema":{"@context":"https:\/\/schema.org","@graph":[{"@type":"Article","@id":"https:\/\/oncubanews.com\/en\/cuba-usa\/forever-celia-largest-exposition-on-celia-cruz-opens-in-miami\/#article","isPartOf":{"@id":"https:\/\/oncubanews.com\/en\/cuba-usa\/forever-celia-largest-exposition-on-celia-cruz-opens-in-miami\/"},"author":{"name":"Marita P\u00e9rez D\u00edaz","@id":"https:\/\/oncubanews.com\/en\/#\/schema\/person\/0674494759fe2a378bde30eb5aab824d"},"headline":"\u201cForever Celia\u201d: Largest exposition on Celia Cruz opens in Miami","datePublished":"2018-10-24T23:35:57+00:00","mainEntityOfPage":{"@id":"https:\/\/oncubanews.com\/en\/cuba-usa\/forever-celia-largest-exposition-on-celia-cruz-opens-in-miami\/"},"wordCount":925,"commentCount":0,"image":{"@id":"https:\/\/oncubanews.com\/en\/cuba-usa\/forever-celia-largest-exposition-on-celia-cruz-opens-in-miami\/#primaryimage"},"thumbnailUrl":"https:\/\/oncubanews.com\/en\/wp-content\/uploads\/2018\/10\/celia-portada-1000x570-2.jpg","keywords":["celia cruz","cuban americans","Cuban culture","Cuban Politics","cuban singer"],"articleSection":["Cuba-USA"],"inLanguage":"en-US","potentialAction":[{"@type":"CommentAction","name":"Comment","target":["https:\/\/oncubanews.com\/en\/cuba-usa\/forever-celia-largest-exposition-on-celia-cruz-opens-in-miami\/#respond"]}],"copyrightYear":"2018","copyrightHolder":{"@id":"https:\/\/oncubanews.com\/en\/#organization"}},{"@type":"WebPage","@id":"https:\/\/oncubanews.com\/en\/cuba-usa\/forever-celia-largest-exposition-on-celia-cruz-opens-in-miami\/","url":"https:\/\/oncubanews.com\/en\/cuba-usa\/forever-celia-largest-exposition-on-celia-cruz-opens-in-miami\/","name":"\u201cForever Celia\u201d: Largest exposition on Celia Cruz opens in Miami | OnCubaNews English","isPartOf":{"@id":"https:\/\/oncubanews.com\/en\/#website"},"primaryImageOfPage":{"@id":"https:\/\/oncubanews.com\/en\/cuba-usa\/forever-celia-largest-exposition-on-celia-cruz-opens-in-miami\/#primaryimage"},"image":{"@id":"https:\/\/oncubanews.com\/en\/cuba-usa\/forever-celia-largest-exposition-on-celia-cruz-opens-in-miami\/#primaryimage"},"thumbnailUrl":"https:\/\/oncubanews.com\/en\/wp-content\/uploads\/2018\/10\/celia-portada-1000x570-2.jpg","datePublished":"2018-10-24T23:35:57+00:00","author":{"@id":"https:\/\/oncubanews.com\/en\/#\/schema\/person\/0674494759fe2a378bde30eb5aab824d"},"breadcrumb":{"@id":"https:\/\/oncubanews.com\/en\/cuba-usa\/forever-celia-largest-exposition-on-celia-cruz-opens-in-miami\/#breadcrumb"},"inLanguage":"en-US","potentialAction":[{"@type":"ReadAction","target":["https:\/\/oncubanews.com\/en\/cuba-usa\/forever-celia-largest-exposition-on-celia-cruz-opens-in-miami\/"]}]},{"@type":"ImageObject","inLanguage":"en-US","@id":"https:\/\/oncubanews.com\/en\/cuba-usa\/forever-celia-largest-exposition-on-celia-cruz-opens-in-miami\/#primaryimage","url":"https:\/\/oncubanews.com\/en\/wp-content\/uploads\/2018\/10\/celia-portada-1000x570-2.jpg","contentUrl":"https:\/\/oncubanews.com\/en\/wp-content\/uploads\/2018\/10\/celia-portada-1000x570-2.jpg","width":1000,"height":570,"caption":"Cover of the exposition \u201cForever Celia\u201d at the entrance to the Museum of the Diaspora, in Miami. Photo: Marita P\u00e9rez D\u00edaz."},{"@type":"BreadcrumbList","@id":"https:\/\/oncubanews.com\/en\/cuba-usa\/forever-celia-largest-exposition-on-celia-cruz-opens-in-miami\/#breadcrumb","itemListElement":[{"@type":"ListItem","position":1,"name":"Portada","item":"https:\/\/oncubanews.com\/en\/"},{"@type":"ListItem","position":2,"name":"\u201cForever Celia\u201d: Largest exposition on Celia Cruz opens in Miami"}]},{"@type":"WebSite","@id":"https:\/\/oncubanews.com\/en\/#website","url":"https:\/\/oncubanews.com\/en\/","name":"OnCubaNews English","description":"Revista sobre Cuba","potentialAction":[{"@type":"SearchAction","target":{"@type":"EntryPoint","urlTemplate":"https:\/\/oncubanews.com\/en\/?s={search_term_string}"},"query-input":{"@type":"PropertyValueSpecification","valueRequired":true,"valueName":"search_term_string"}}],"inLanguage":"en-US"},{"@type":"Person","@id":"https:\/\/oncubanews.com\/en\/#\/schema\/person\/0674494759fe2a378bde30eb5aab824d","name":"Marita P\u00e9rez D\u00edaz","image":{"@type":"ImageObject","inLanguage":"en-US","@id":"https:\/\/oncubanews.com\/wp-content\/uploads\/2015\/11\/Marita-P\u00e9rez-D\u00edaz_avatar_1447967586-96x96.jpg18d2651a1d349dec061f185dc6d883fc","url":"https:\/\/oncubanews.com\/wp-content\/uploads\/2015\/11\/Marita-P\u00e9rez-D\u00edaz_avatar_1447967586-96x96.jpg","contentUrl":"https:\/\/oncubanews.com\/wp-content\/uploads\/2015\/11\/Marita-P\u00e9rez-D\u00edaz_avatar_1447967586-96x96.jpg","caption":"Marita P\u00e9rez D\u00edaz"},"url":"https:\/\/oncubanews.com\/en\/author\/maritaperez\/"}]}},"authors":[{"term_id":33549,"user_id":3096,"is_guest":0,"slug":"maritaperez","display_name":"Marita P\u00e9rez D\u00edaz","avatar_url":"https:\/\/oncubanews.com\/wp-content\/uploads\/2015\/11\/Marita-P\u00e9rez-D\u00edaz_avatar_1447967586-96x96.jpg","0":null,"1":"","2":"","3":"","4":"","5":"","6":"","7":"","8":""},{"term_id":7168,"user_id":0,"is_guest":1,"slug":"cap-marita","display_name":"marita","avatar_url":"https:\/\/secure.gravatar.com\/avatar\/?s=96&r=g","0":null,"1":"","2":"","3":"","4":"","5":"","6":"","7":"","8":""}],"_links":{"self":[{"href":"https:\/\/oncubanews.com\/en\/wp-json\/wp\/v2\/posts\/188329","targetHints":{"allow":["GET"]}}],"collection":[{"href":"https:\/\/oncubanews.com\/en\/wp-json\/wp\/v2\/posts"}],"about":[{"href":"https:\/\/oncubanews.com\/en\/wp-json\/wp\/v2\/types\/post"}],"author":[{"embeddable":true,"href":"https:\/\/oncubanews.com\/en\/wp-json\/wp\/v2\/users\/3096"}],"replies":[{"embeddable":true,"href":"https:\/\/oncubanews.com\/en\/wp-json\/wp\/v2\/comments?post=188329"}],"version-history":[{"count":0,"href":"https:\/\/oncubanews.com\/en\/wp-json\/wp\/v2\/posts\/188329\/revisions"}],"wp:featuredmedia":[{"embeddable":true,"href":"https:\/\/oncubanews.com\/en\/wp-json\/wp\/v2\/media\/188330"}],"wp:attachment":[{"href":"https:\/\/oncubanews.com\/en\/wp-json\/wp\/v2\/media?parent=188329"}],"wp:term":[{"taxonomy":"category","embeddable":true,"href":"https:\/\/oncubanews.com\/en\/wp-json\/wp\/v2\/categories?post=188329"},{"taxonomy":"post_tag","embeddable":true,"href":"https:\/\/oncubanews.com\/en\/wp-json\/wp\/v2\/tags?post=188329"},{"taxonomy":"author","embeddable":true,"href":"https:\/\/oncubanews.com\/en\/wp-json\/wp\/v2\/ppma_author?post=188329"}],"curies":[{"name":"wp","href":"https:\/\/api.w.org\/{rel}","templated":true}]}}