
{"id":196713,"date":"2019-04-12T19:14:19","date_gmt":"2019-04-12T23:14:19","guid":{"rendered":"https:\/\/oncubanews.com\/en\/?p=196713"},"modified":"2019-04-12T19:14:19","modified_gmt":"2019-04-12T23:14:19","slug":"animal-justice","status":"publish","type":"post","link":"https:\/\/oncubanews.com\/en\/opinion\/columns\/between-two-waters\/animal-justice\/","title":{"rendered":"Animal justice"},"content":{"rendered":"<p><span style=\"font-weight: 400;\">Havana experienced a rare march on the first Sunday of April. I don\u2019t remember a &#8220;self-convened&#8221; pilgrimage of such scales, especially because it was to protest against something in particular and its promoters are fairly independent entities: the animal protection societies do not have the power to gather crowds and freely go on a march.<\/span><\/p>\n<p><span style=\"font-weight: 400;\">This type of entity is not linked, let\u2019s say, to the official framework that approves a street congregation; but, it was based this time on the need to inculcate awareness regarding the subjection of one species over another, the mistreatment and oppression that our animal instincts bring out in us, in some way the background is also political.<\/span><\/p>\n<p><span style=\"font-weight: 400;\">It\u2019s what jumps out at first sight, because the activists intend to draw the attention of the legislators so that they assess an animal protection law. That, in a few words, also means a promotion of civic awareness.<\/span><\/p>\n<p><span style=\"font-weight: 400;\">The protesters and those who authorized the march, in addition to the sensitivity towards animals, agree on another point: there is a dangerous legal vacuum on the subject. And while the law unprotects animals, it turns humans \u2015Cubans, in this case\u2015 into beings who are even more brutal than certain circumstances drive them to be.<\/span><\/p>\n<p><span style=\"font-weight: 400;\">Reflecting on this, I have again questioned many things: the educational system continues having more and more gaps, and culture is missing something that doesn\u2019t properly feed the spirit. That, without mentioning values \u200b\u200band &#8220;the thing itself.&#8221; Because of the proliferation of cases that gave rise to these demands, one comes to the conclusion that a lot of anger is vented on those who can\u2019t defend themselves.<\/span><\/p>\n<p><span style=\"font-weight: 400;\">In the same way we face another matter: to protest is an unavoidable right of society.<\/span><\/p>\n<p><span style=\"font-weight: 400;\">Any person with the slightest conscience has the duty to express his\/her disagreement on whatever subject; and they can do it, only that it be &#8220;in the right place and at the right time&#8221; as is continuous repeated in Cuba. Protesting in private has the detriment of insignificance.<\/span><\/p>\n<p><span style=\"font-weight: 400;\">I wonder for how many things a Cuban would like to go out. Since when do you listen to a relative or a friend say that &#8220;well, why don\u2019t you go out and see what happens&#8221;? The idea has been underlying in the worst moments, when a bureaucrat commits an injustice, when we find unsupplied establishments or when there has hardly been transportation to go from one place to another.<\/span><\/p>\n<p><span style=\"font-weight: 400;\">However, people don\u2019t have the courage to publicly oppose the established, for fear of many things that are not even clear; they only join reluctantly, or by inertia if the call comes from unions or political organizations to which they\u2019re linked and the rally\u2019s goal is a patriotic celebration.<\/span><\/p>\n<p><span style=\"font-weight: 400;\">With the exception of the marches in favor of the government or the ill-fated demonstrations against it, it is the first time in a long while that an authorized and large mobilization has materialized. It demanded a right not related to our basic needs, it is true: we are so supportive that the first demand en mass is to request justice for animals.<\/span><\/p>\n<p><span style=\"font-weight: 400;\">According to any dictionary, an animal is an organism &#8220;that lives, feels and suffers on its own.&#8221; We are also part of this group, and this has led me to reflections and questions that I have been formulating for some time. For example, how can we make people aware of animal complications when they are overwhelmed by so many problems of their own?<\/span><\/p>\n<p><span style=\"font-weight: 400;\">I remember that the day when I was debating the subject, about the plot of a novel by the Finn Arto Paasilinna, someone refuted that a Cuban would never write about the problem. Probably, he said, no person from the Third World would be sensitized to an animal, having been surrounded by so much slaughter and human injustice. Although the joke predominated in the dialogue, in part it was a reasonable argument.<\/span><\/p>\n<p><span style=\"font-weight: 400;\">In Paasilinna Vatanen&#8217;s novel, a journalist is able to turn his back on his duties, even on the family, after crossing paths with a wounded hare on the road. That defenseless animal moves him to the point of getting lost in nature, almost putting them on a par. Saving the hare becomes his destiny, because he understands that his own salvation lies in this.<\/span><\/p>\n<p><span style=\"font-weight: 400;\">Such an idea would take a while to arrive in a context of precariousness. When a wounded animal crosses the path of someone who may not have much to eat, it is possible that instead of saving it, he\/she rushes to kill it in pursuit of his\/her own survival.<\/span><\/p>\n<p><span style=\"font-weight: 400;\">I myself, fulfilling some of those journalistic tasks that took me to distant municipalities, at some time asked myself if I would be able to request protection for a calf, a pig or a goat standing on the road or I would encourage the driver to finish it off and that way take with us the booty from which we would profit so much.<\/span><\/p>\n<p><span style=\"font-weight: 400;\">In the jungle one must resist. It is the teaching left by books and movies for children. It is necessary to overcome a lot of needs, as <\/span><a href=\"https:\/\/www.eoi.es\/blogs\/katherinecarolinaacosta\/2012\/05\/24\/la-piramide-de-maslow\/\" target=\"_blank\" rel=\"noopener noreferrer\"><span style=\"font-weight: 400;\">Abraham Maslow<\/span><\/a><span style=\"font-weight: 400;\"> wrote, to then start thinking with enough humanity, not to say civility, which becomes a word that incorporates so many complex concepts.<\/span><\/p>\n<p><span style=\"font-weight: 400;\">By raising awareness about the vulnerable state of other animals, we will fall into the joyous moment of critically evaluating our own context. That will always be a step forward, however you look at it; more so when the news breaks the information barrier, it reaches all ears and minds to the point of making us think at the same time.<\/span><\/p>\n<p><span style=\"font-weight: 400;\">The activists against animal abuse are also citizens, so this time they have twice fulfilled one task. Protesting for dogs and cats, going out carrying banners, living something that would seem impossible is a step forward in acknowledging our own rights. As Galileo Galilei exclaimed, and translated so that it is understood: however, it moves.<\/span><\/p>\n","protected":false},"excerpt":{"rendered":"<p>Havana experienced a rare march on the first Sunday of April. I don\u2019t remember a &#8220;self-convened&#8221; pilgrimage of such scales, especially because it was to protest against something in particular and its promoters are fairly independent entities: the animal protection societies do not have the power to gather crowds and freely go on a march. [&hellip;]<\/p>\n","protected":false},"author":467,"featured_media":196716,"comment_status":"open","ping_status":"closed","sticky":false,"template":"","format":"standard","meta":{"_acf_changed":false,"footnotes":""},"categories":[20014],"tags":[20150,20149],"ppma_author":[33583,17626],"class_list":["post-196713","post","type-post","status-publish","format-standard","has-post-thumbnail","hentry","category-between-two-waters","tag-animal-abuse","tag-animal-protection-in-cuba"],"acf":[],"yoast_head":"<!-- This site is optimized with the Yoast SEO plugin v27.3 - https:\/\/yoast.com\/product\/yoast-seo-wordpress\/ -->\n<title>Animal justice | OnCubaNews English<\/title>\n<meta name=\"description\" content=\"I wonder for how many things a Cuban would like to go out.\" \/>\n<meta name=\"robots\" content=\"index, follow, max-snippet:-1, max-image-preview:large, max-video-preview:-1\" \/>\n<link rel=\"canonical\" href=\"https:\/\/oncubanews.com\/en\/opinion\/columns\/between-two-waters\/animal-justice\/\" \/>\n<meta property=\"og:locale\" content=\"en_US\" \/>\n<meta property=\"og:type\" content=\"article\" \/>\n<meta property=\"og:title\" content=\"Animal justice | OnCubaNews English\" \/>\n<meta property=\"og:description\" content=\"I wonder for how many things a Cuban would like to go out.\" \/>\n<meta property=\"og:url\" content=\"https:\/\/oncubanews.com\/en\/opinion\/columns\/between-two-waters\/animal-justice\/\" \/>\n<meta property=\"og:site_name\" content=\"OnCubaNews English\" \/>\n<meta property=\"article:published_time\" content=\"2019-04-12T23:14:19+00:00\" \/>\n<meta property=\"og:image\" content=\"https:\/\/oncubanews.com\/en\/wp-content\/uploads\/2019\/04\/marcha-contra-el-maltrato_ot_15-1024x666-1.jpg\" \/>\n\t<meta property=\"og:image:width\" content=\"1024\" \/>\n\t<meta property=\"og:image:height\" content=\"666\" \/>\n\t<meta property=\"og:image:type\" content=\"image\/jpeg\" \/>\n<meta name=\"author\" content=\"Leandro Estupi\u00f1\u00e1n, leandro\" \/>\n<meta name=\"twitter:card\" content=\"summary_large_image\" \/>\n<meta name=\"twitter:label1\" content=\"Written by\" \/>\n\t<meta name=\"twitter:data1\" content=\"Leandro Estupi\u00f1\u00e1n\" \/>\n\t<meta name=\"twitter:label2\" content=\"Est. reading time\" \/>\n\t<meta name=\"twitter:data2\" content=\"5 minutes\" \/>\n<script type=\"application\/ld+json\" class=\"yoast-schema-graph\">{\"@context\":\"https:\\\/\\\/schema.org\",\"@graph\":[{\"@type\":\"Article\",\"@id\":\"https:\\\/\\\/oncubanews.com\\\/en\\\/opinion\\\/columns\\\/between-two-waters\\\/animal-justice\\\/#article\",\"isPartOf\":{\"@id\":\"https:\\\/\\\/oncubanews.com\\\/en\\\/opinion\\\/columns\\\/between-two-waters\\\/animal-justice\\\/\"},\"author\":{\"name\":\"Leandro Estupi\u00f1\u00e1n\",\"@id\":\"https:\\\/\\\/oncubanews.com\\\/en\\\/#\\\/schema\\\/person\\\/5755ca96a3b24e1ec4f6730c4b6bc4b4\"},\"headline\":\"Animal justice\",\"datePublished\":\"2019-04-12T23:14:19+00:00\",\"mainEntityOfPage\":{\"@id\":\"https:\\\/\\\/oncubanews.com\\\/en\\\/opinion\\\/columns\\\/between-two-waters\\\/animal-justice\\\/\"},\"wordCount\":1012,\"commentCount\":0,\"image\":{\"@id\":\"https:\\\/\\\/oncubanews.com\\\/en\\\/opinion\\\/columns\\\/between-two-waters\\\/animal-justice\\\/#primaryimage\"},\"thumbnailUrl\":\"https:\\\/\\\/oncubanews.com\\\/en\\\/wp-content\\\/uploads\\\/2019\\\/04\\\/marcha-contra-el-maltrato_ot_15-1024x666-1.jpg\",\"keywords\":[\"animal abuse\",\"animal protection in Cuba\"],\"articleSection\":[\"Between two waters\"],\"inLanguage\":\"en-US\",\"potentialAction\":[{\"@type\":\"CommentAction\",\"name\":\"Comment\",\"target\":[\"https:\\\/\\\/oncubanews.com\\\/en\\\/opinion\\\/columns\\\/between-two-waters\\\/animal-justice\\\/#respond\"]}],\"copyrightYear\":\"2019\",\"copyrightHolder\":{\"@id\":\"https:\\\/\\\/oncubanews.com\\\/en\\\/#organization\"}},{\"@type\":\"WebPage\",\"@id\":\"https:\\\/\\\/oncubanews.com\\\/en\\\/opinion\\\/columns\\\/between-two-waters\\\/animal-justice\\\/\",\"url\":\"https:\\\/\\\/oncubanews.com\\\/en\\\/opinion\\\/columns\\\/between-two-waters\\\/animal-justice\\\/\",\"name\":\"Animal justice | OnCubaNews English\",\"isPartOf\":{\"@id\":\"https:\\\/\\\/oncubanews.com\\\/en\\\/#website\"},\"primaryImageOfPage\":{\"@id\":\"https:\\\/\\\/oncubanews.com\\\/en\\\/opinion\\\/columns\\\/between-two-waters\\\/animal-justice\\\/#primaryimage\"},\"image\":{\"@id\":\"https:\\\/\\\/oncubanews.com\\\/en\\\/opinion\\\/columns\\\/between-two-waters\\\/animal-justice\\\/#primaryimage\"},\"thumbnailUrl\":\"https:\\\/\\\/oncubanews.com\\\/en\\\/wp-content\\\/uploads\\\/2019\\\/04\\\/marcha-contra-el-maltrato_ot_15-1024x666-1.jpg\",\"datePublished\":\"2019-04-12T23:14:19+00:00\",\"author\":{\"@id\":\"https:\\\/\\\/oncubanews.com\\\/en\\\/#\\\/schema\\\/person\\\/5755ca96a3b24e1ec4f6730c4b6bc4b4\"},\"description\":\"I wonder for how many things a Cuban would like to go out.\",\"breadcrumb\":{\"@id\":\"https:\\\/\\\/oncubanews.com\\\/en\\\/opinion\\\/columns\\\/between-two-waters\\\/animal-justice\\\/#breadcrumb\"},\"inLanguage\":\"en-US\",\"potentialAction\":[{\"@type\":\"ReadAction\",\"target\":[\"https:\\\/\\\/oncubanews.com\\\/en\\\/opinion\\\/columns\\\/between-two-waters\\\/animal-justice\\\/\"]}]},{\"@type\":\"ImageObject\",\"inLanguage\":\"en-US\",\"@id\":\"https:\\\/\\\/oncubanews.com\\\/en\\\/opinion\\\/columns\\\/between-two-waters\\\/animal-justice\\\/#primaryimage\",\"url\":\"https:\\\/\\\/oncubanews.com\\\/en\\\/wp-content\\\/uploads\\\/2019\\\/04\\\/marcha-contra-el-maltrato_ot_15-1024x666-1.jpg\",\"contentUrl\":\"https:\\\/\\\/oncubanews.com\\\/en\\\/wp-content\\\/uploads\\\/2019\\\/04\\\/marcha-contra-el-maltrato_ot_15-1024x666-1.jpg\",\"width\":1024,\"height\":666,\"caption\":\"March against animal abuse, April 7, 2019 in Havana. Photo: Otmaro Rodr\u00edguez.\"},{\"@type\":\"BreadcrumbList\",\"@id\":\"https:\\\/\\\/oncubanews.com\\\/en\\\/opinion\\\/columns\\\/between-two-waters\\\/animal-justice\\\/#breadcrumb\",\"itemListElement\":[{\"@type\":\"ListItem\",\"position\":1,\"name\":\"Portada\",\"item\":\"https:\\\/\\\/oncubanews.com\\\/en\\\/\"},{\"@type\":\"ListItem\",\"position\":2,\"name\":\"Animal justice\"}]},{\"@type\":\"WebSite\",\"@id\":\"https:\\\/\\\/oncubanews.com\\\/en\\\/#website\",\"url\":\"https:\\\/\\\/oncubanews.com\\\/en\\\/\",\"name\":\"OnCubaNews English\",\"description\":\"Revista sobre Cuba\",\"potentialAction\":[{\"@type\":\"SearchAction\",\"target\":{\"@type\":\"EntryPoint\",\"urlTemplate\":\"https:\\\/\\\/oncubanews.com\\\/en\\\/?s={search_term_string}\"},\"query-input\":{\"@type\":\"PropertyValueSpecification\",\"valueRequired\":true,\"valueName\":\"search_term_string\"}}],\"inLanguage\":\"en-US\"},{\"@type\":\"Person\",\"@id\":\"https:\\\/\\\/oncubanews.com\\\/en\\\/#\\\/schema\\\/person\\\/5755ca96a3b24e1ec4f6730c4b6bc4b4\",\"name\":\"Leandro Estupi\u00f1\u00e1n\",\"image\":{\"@type\":\"ImageObject\",\"inLanguage\":\"en-US\",\"@id\":\"https:\\\/\\\/oncubanews.com\\\/wp-content\\\/uploads\\\/2020\\\/06\\\/lez-96x96.jpg4757d65d091e90b4abd969e7b3418647\",\"url\":\"https:\\\/\\\/oncubanews.com\\\/wp-content\\\/uploads\\\/2020\\\/06\\\/lez-96x96.jpg\",\"contentUrl\":\"https:\\\/\\\/oncubanews.com\\\/wp-content\\\/uploads\\\/2020\\\/06\\\/lez-96x96.jpg\",\"caption\":\"Leandro Estupi\u00f1\u00e1n\"},\"description\":\"Los pies en Buenos Aires y la cabeza, en su lugar, aunque la mente desande por ah\u00ed. Una rumba flamenca, la primera idea y arranqu\u00e9 esta columna. De precisar datos curriculares, rem\u00edtase a la foto, y a los textos que vayan saliendo.\",\"url\":\"https:\\\/\\\/oncubanews.com\\\/en\\\/author\\\/lestupinan\\\/\"}]}<\/script>\n<!-- \/ Yoast SEO plugin. -->","yoast_head_json":{"title":"Animal justice | OnCubaNews English","description":"I wonder for how many things a Cuban would like to go out.","robots":{"index":"index","follow":"follow","max-snippet":"max-snippet:-1","max-image-preview":"max-image-preview:large","max-video-preview":"max-video-preview:-1"},"canonical":"https:\/\/oncubanews.com\/en\/opinion\/columns\/between-two-waters\/animal-justice\/","og_locale":"en_US","og_type":"article","og_title":"Animal justice | OnCubaNews English","og_description":"I wonder for how many things a Cuban would like to go out.","og_url":"https:\/\/oncubanews.com\/en\/opinion\/columns\/between-two-waters\/animal-justice\/","og_site_name":"OnCubaNews English","article_published_time":"2019-04-12T23:14:19+00:00","og_image":[{"width":1024,"height":666,"url":"https:\/\/oncubanews.com\/en\/wp-content\/uploads\/2019\/04\/marcha-contra-el-maltrato_ot_15-1024x666-1.jpg","type":"image\/jpeg"}],"author":"Leandro Estupi\u00f1\u00e1n, leandro","twitter_card":"summary_large_image","twitter_misc":{"Written by":"Leandro Estupi\u00f1\u00e1n","Est. reading time":"5 minutes"},"schema":{"@context":"https:\/\/schema.org","@graph":[{"@type":"Article","@id":"https:\/\/oncubanews.com\/en\/opinion\/columns\/between-two-waters\/animal-justice\/#article","isPartOf":{"@id":"https:\/\/oncubanews.com\/en\/opinion\/columns\/between-two-waters\/animal-justice\/"},"author":{"name":"Leandro Estupi\u00f1\u00e1n","@id":"https:\/\/oncubanews.com\/en\/#\/schema\/person\/5755ca96a3b24e1ec4f6730c4b6bc4b4"},"headline":"Animal justice","datePublished":"2019-04-12T23:14:19+00:00","mainEntityOfPage":{"@id":"https:\/\/oncubanews.com\/en\/opinion\/columns\/between-two-waters\/animal-justice\/"},"wordCount":1012,"commentCount":0,"image":{"@id":"https:\/\/oncubanews.com\/en\/opinion\/columns\/between-two-waters\/animal-justice\/#primaryimage"},"thumbnailUrl":"https:\/\/oncubanews.com\/en\/wp-content\/uploads\/2019\/04\/marcha-contra-el-maltrato_ot_15-1024x666-1.jpg","keywords":["animal abuse","animal protection in Cuba"],"articleSection":["Between two waters"],"inLanguage":"en-US","potentialAction":[{"@type":"CommentAction","name":"Comment","target":["https:\/\/oncubanews.com\/en\/opinion\/columns\/between-two-waters\/animal-justice\/#respond"]}],"copyrightYear":"2019","copyrightHolder":{"@id":"https:\/\/oncubanews.com\/en\/#organization"}},{"@type":"WebPage","@id":"https:\/\/oncubanews.com\/en\/opinion\/columns\/between-two-waters\/animal-justice\/","url":"https:\/\/oncubanews.com\/en\/opinion\/columns\/between-two-waters\/animal-justice\/","name":"Animal justice | OnCubaNews English","isPartOf":{"@id":"https:\/\/oncubanews.com\/en\/#website"},"primaryImageOfPage":{"@id":"https:\/\/oncubanews.com\/en\/opinion\/columns\/between-two-waters\/animal-justice\/#primaryimage"},"image":{"@id":"https:\/\/oncubanews.com\/en\/opinion\/columns\/between-two-waters\/animal-justice\/#primaryimage"},"thumbnailUrl":"https:\/\/oncubanews.com\/en\/wp-content\/uploads\/2019\/04\/marcha-contra-el-maltrato_ot_15-1024x666-1.jpg","datePublished":"2019-04-12T23:14:19+00:00","author":{"@id":"https:\/\/oncubanews.com\/en\/#\/schema\/person\/5755ca96a3b24e1ec4f6730c4b6bc4b4"},"description":"I wonder for how many things a Cuban would like to go out.","breadcrumb":{"@id":"https:\/\/oncubanews.com\/en\/opinion\/columns\/between-two-waters\/animal-justice\/#breadcrumb"},"inLanguage":"en-US","potentialAction":[{"@type":"ReadAction","target":["https:\/\/oncubanews.com\/en\/opinion\/columns\/between-two-waters\/animal-justice\/"]}]},{"@type":"ImageObject","inLanguage":"en-US","@id":"https:\/\/oncubanews.com\/en\/opinion\/columns\/between-two-waters\/animal-justice\/#primaryimage","url":"https:\/\/oncubanews.com\/en\/wp-content\/uploads\/2019\/04\/marcha-contra-el-maltrato_ot_15-1024x666-1.jpg","contentUrl":"https:\/\/oncubanews.com\/en\/wp-content\/uploads\/2019\/04\/marcha-contra-el-maltrato_ot_15-1024x666-1.jpg","width":1024,"height":666,"caption":"March against animal abuse, April 7, 2019 in Havana. Photo: Otmaro Rodr\u00edguez."},{"@type":"BreadcrumbList","@id":"https:\/\/oncubanews.com\/en\/opinion\/columns\/between-two-waters\/animal-justice\/#breadcrumb","itemListElement":[{"@type":"ListItem","position":1,"name":"Portada","item":"https:\/\/oncubanews.com\/en\/"},{"@type":"ListItem","position":2,"name":"Animal justice"}]},{"@type":"WebSite","@id":"https:\/\/oncubanews.com\/en\/#website","url":"https:\/\/oncubanews.com\/en\/","name":"OnCubaNews English","description":"Revista sobre Cuba","potentialAction":[{"@type":"SearchAction","target":{"@type":"EntryPoint","urlTemplate":"https:\/\/oncubanews.com\/en\/?s={search_term_string}"},"query-input":{"@type":"PropertyValueSpecification","valueRequired":true,"valueName":"search_term_string"}}],"inLanguage":"en-US"},{"@type":"Person","@id":"https:\/\/oncubanews.com\/en\/#\/schema\/person\/5755ca96a3b24e1ec4f6730c4b6bc4b4","name":"Leandro Estupi\u00f1\u00e1n","image":{"@type":"ImageObject","inLanguage":"en-US","@id":"https:\/\/oncubanews.com\/wp-content\/uploads\/2020\/06\/lez-96x96.jpg4757d65d091e90b4abd969e7b3418647","url":"https:\/\/oncubanews.com\/wp-content\/uploads\/2020\/06\/lez-96x96.jpg","contentUrl":"https:\/\/oncubanews.com\/wp-content\/uploads\/2020\/06\/lez-96x96.jpg","caption":"Leandro Estupi\u00f1\u00e1n"},"description":"Los pies en Buenos Aires y la cabeza, en su lugar, aunque la mente desande por ah\u00ed. Una rumba flamenca, la primera idea y arranqu\u00e9 esta columna. De precisar datos curriculares, rem\u00edtase a la foto, y a los textos que vayan saliendo.","url":"https:\/\/oncubanews.com\/en\/author\/lestupinan\/"}]}},"authors":[{"term_id":33583,"user_id":467,"is_guest":0,"slug":"lestupinan","display_name":"Leandro Estupi\u00f1\u00e1n","avatar_url":"https:\/\/oncubanews.com\/wp-content\/uploads\/2020\/06\/lez-96x96.jpg","0":null,"1":"","2":"","3":"","4":"","5":"","6":"","7":"","8":""},{"term_id":17626,"user_id":0,"is_guest":1,"slug":"cap-lestupinan","display_name":"leandro","avatar_url":"https:\/\/secure.gravatar.com\/avatar\/?s=96&r=g","0":null,"1":"","2":"","3":"","4":"","5":"","6":"","7":"","8":""}],"_links":{"self":[{"href":"https:\/\/oncubanews.com\/en\/wp-json\/wp\/v2\/posts\/196713","targetHints":{"allow":["GET"]}}],"collection":[{"href":"https:\/\/oncubanews.com\/en\/wp-json\/wp\/v2\/posts"}],"about":[{"href":"https:\/\/oncubanews.com\/en\/wp-json\/wp\/v2\/types\/post"}],"author":[{"embeddable":true,"href":"https:\/\/oncubanews.com\/en\/wp-json\/wp\/v2\/users\/467"}],"replies":[{"embeddable":true,"href":"https:\/\/oncubanews.com\/en\/wp-json\/wp\/v2\/comments?post=196713"}],"version-history":[{"count":0,"href":"https:\/\/oncubanews.com\/en\/wp-json\/wp\/v2\/posts\/196713\/revisions"}],"wp:featuredmedia":[{"embeddable":true,"href":"https:\/\/oncubanews.com\/en\/wp-json\/wp\/v2\/media\/196716"}],"wp:attachment":[{"href":"https:\/\/oncubanews.com\/en\/wp-json\/wp\/v2\/media?parent=196713"}],"wp:term":[{"taxonomy":"category","embeddable":true,"href":"https:\/\/oncubanews.com\/en\/wp-json\/wp\/v2\/categories?post=196713"},{"taxonomy":"post_tag","embeddable":true,"href":"https:\/\/oncubanews.com\/en\/wp-json\/wp\/v2\/tags?post=196713"},{"taxonomy":"author","embeddable":true,"href":"https:\/\/oncubanews.com\/en\/wp-json\/wp\/v2\/ppma_author?post=196713"}],"curies":[{"name":"wp","href":"https:\/\/api.w.org\/{rel}","templated":true}]}}