
{"id":197869,"date":"2019-04-30T17:17:49","date_gmt":"2019-04-30T21:17:49","guid":{"rendered":"https:\/\/oncubanews.com\/en\/?p=197869"},"modified":"2019-04-30T17:17:49","modified_gmt":"2019-04-30T21:17:49","slug":"forest-fire-in-tourist-area-of-%e2%80%8b%e2%80%8bvinales","status":"publish","type":"post","link":"https:\/\/oncubanews.com\/en\/cuba\/forest-fire-in-tourist-area-of-%e2%80%8b%e2%80%8bvinales\/","title":{"rendered":"Forest fire in tourist area of \u200b\u200bVi\u00f1ales"},"content":{"rendered":"<p><span style=\"font-weight: 400;\">A forest fire of medium proportions was recorded in the vicinity of El Salto dam, just over a kilometer from the tourist town of Vi\u00f1ales, in the Cuban province of Pinar del Rio, the state media reported on Sunday.<\/span><\/p>\n<p><span style=\"font-weight: 400;\">The incident began at noon last Thursday in a wooded area dominated by plantations of pinus caribaea, a species typical of the forest area of Pinar del R\u00edo, Cuba\u2019s second most reforested province after Guant\u00e1namo in the east, according to <\/span><a href=\"http:\/\/www.juventudrebelde.cu\/cuba\/2019-04-27\/sofocan-incendio-forestal-en-provincia-cubana-de-pinar-del-rio\" target=\"_blank\" rel=\"noopener noreferrer\"><span style=\"font-weight: 400;\">a report<\/span><\/a><span style=\"font-weight: 400;\"> published in the newspaper Juventud Rebelde.<\/span><\/p>\n<p><span style=\"font-weight: 400;\">Drought, widespread throughout the territory, strongly affected the place and contributed to the spread of the fire due to the large amount of combustible material accumulated in the forest, as the head of the town\u2019s forest fire brigade, Cirilo Seata, explained.<\/span><\/p>\n<p>https:\/\/www.facebook.com\/guerrillero.cu\/photos\/a.436448183045651\/2434445966579186\/?type=3<\/p>\n<p><span style=\"font-weight: 400;\">The fire \u2015the number of hectares affected has not been specified\u2015 was completely put out this Saturday after the actions taken by joint forces of the Forest Rangers Corps (CGB), the Fire Department and the Ministry of Agriculture.<\/span><\/p>\n<p><span style=\"font-weight: 400;\">However, surveillance has continued to avoid a new outbreak and because the dry season lasts until the end of next May, while the causes that initiated the incident are being investigated.<\/span><\/p>\n<p><span style=\"font-weight: 400;\">The Fire Rangers Corps reported 256 forest fires in Cuba in 2018, of which 219 took place during the most dangerous period (January-May), including 9 classified as large and very large. In Pinar del R\u00edo, 85 were registered during the past year, causing damage to more than 3,000 hectares of forests.<\/span><\/p>\n<p><span style=\"font-weight: 400;\">Negligence has been classified as the main cause of these events, as well as non-compliance with the measures established to prevent fires in forest areas, which on the island represent 31.23%, with a forest heritage of about 4.9 million hectares.<\/span><\/p>\n","protected":false},"excerpt":{"rendered":"<p>A forest fire of medium proportions was recorded in the vicinity of El Salto dam, just over a kilometer from the tourist town of Vi\u00f1ales, in the Cuban province of Pinar del Rio, the state media reported on Sunday. The incident began at noon last Thursday in a wooded area dominated by plantations of pinus [&hellip;]<\/p>\n","protected":false},"author":3606,"featured_media":197870,"comment_status":"open","ping_status":"closed","sticky":false,"template":"","format":"standard","meta":{"_acf_changed":false,"footnotes":""},"categories":[13902],"tags":[20620,20621],"ppma_author":[33548,17270],"class_list":["post-197869","post","type-post","status-publish","format-standard","has-post-thumbnail","hentry","category-cuba","tag-forest-fire","tag-vinales-valley"],"acf":[],"yoast_head":"<!-- This site is optimized with the Yoast SEO plugin v27.3 - https:\/\/yoast.com\/product\/yoast-seo-wordpress\/ -->\n<title>Forest fire in tourist area of \u200b\u200bVi\u00f1ales | OnCubaNews English<\/title>\n<meta name=\"description\" content=\"The incident began at noon last Thursday in a wooded area and was put out on Saturday.\" \/>\n<meta name=\"robots\" content=\"index, follow, max-snippet:-1, max-image-preview:large, max-video-preview:-1\" \/>\n<link rel=\"canonical\" href=\"https:\/\/oncubanews.com\/en\/cuba\/forest-fire-in-tourist-area-of-\u200b\u200bvinales\/\" \/>\n<meta property=\"og:locale\" content=\"en_US\" \/>\n<meta property=\"og:type\" content=\"article\" \/>\n<meta property=\"og:title\" content=\"Forest fire in tourist area of \u200b\u200bVi\u00f1ales | OnCubaNews English\" \/>\n<meta property=\"og:description\" content=\"The incident began at noon last Thursday in a wooded area and was put out on Saturday.\" \/>\n<meta property=\"og:url\" content=\"https:\/\/oncubanews.com\/en\/cuba\/forest-fire-in-tourist-area-of-\u200b\u200bvinales\/\" \/>\n<meta property=\"og:site_name\" content=\"OnCubaNews English\" \/>\n<meta property=\"article:published_time\" content=\"2019-04-30T21:17:49+00:00\" \/>\n<meta property=\"og:image\" content=\"https:\/\/oncubanews.com\/en\/wp-content\/uploads\/2019\/04\/Vi\u00f1ales_Valley-nyt-top-destination.jpg\" \/>\n\t<meta property=\"og:image:width\" content=\"858\" \/>\n\t<meta property=\"og:image:height\" content=\"483\" \/>\n\t<meta property=\"og:image:type\" content=\"image\/jpeg\" \/>\n<meta name=\"author\" content=\"EFE, EFE\" \/>\n<meta name=\"twitter:card\" content=\"summary_large_image\" \/>\n<meta name=\"twitter:label1\" content=\"Written by\" \/>\n\t<meta name=\"twitter:data1\" content=\"EFE\" \/>\n\t<meta name=\"twitter:label2\" content=\"Est. reading time\" \/>\n\t<meta name=\"twitter:data2\" content=\"1 minute\" \/>\n<script type=\"application\/ld+json\" class=\"yoast-schema-graph\">{\"@context\":\"https:\\\/\\\/schema.org\",\"@graph\":[{\"@type\":\"Article\",\"@id\":\"https:\\\/\\\/oncubanews.com\\\/en\\\/cuba\\\/forest-fire-in-tourist-area-of-%e2%80%8b%e2%80%8bvinales\\\/#article\",\"isPartOf\":{\"@id\":\"https:\\\/\\\/oncubanews.com\\\/en\\\/cuba\\\/forest-fire-in-tourist-area-of-%e2%80%8b%e2%80%8bvinales\\\/\"},\"author\":{\"name\":\"EFE\",\"@id\":\"https:\\\/\\\/oncubanews.com\\\/en\\\/#\\\/schema\\\/person\\\/4a4376ef86616685852e6d895d4d0eea\"},\"headline\":\"Forest fire in tourist area of \u200b\u200bVi\u00f1ales\",\"datePublished\":\"2019-04-30T21:17:49+00:00\",\"mainEntityOfPage\":{\"@id\":\"https:\\\/\\\/oncubanews.com\\\/en\\\/cuba\\\/forest-fire-in-tourist-area-of-%e2%80%8b%e2%80%8bvinales\\\/\"},\"wordCount\":303,\"commentCount\":0,\"image\":{\"@id\":\"https:\\\/\\\/oncubanews.com\\\/en\\\/cuba\\\/forest-fire-in-tourist-area-of-%e2%80%8b%e2%80%8bvinales\\\/#primaryimage\"},\"thumbnailUrl\":\"https:\\\/\\\/oncubanews.com\\\/en\\\/wp-content\\\/uploads\\\/2019\\\/04\\\/Vi\u00f1ales_Valley-nyt-top-destination.jpg\",\"keywords\":[\"forest fire\",\"Vi\u00f1ales Valley\"],\"articleSection\":[\"Cuba\"],\"inLanguage\":\"en-US\",\"potentialAction\":[{\"@type\":\"CommentAction\",\"name\":\"Comment\",\"target\":[\"https:\\\/\\\/oncubanews.com\\\/en\\\/cuba\\\/forest-fire-in-tourist-area-of-%e2%80%8b%e2%80%8bvinales\\\/#respond\"]}],\"copyrightYear\":\"2019\",\"copyrightHolder\":{\"@id\":\"https:\\\/\\\/oncubanews.com\\\/en\\\/#organization\"}},{\"@type\":\"WebPage\",\"@id\":\"https:\\\/\\\/oncubanews.com\\\/en\\\/cuba\\\/forest-fire-in-tourist-area-of-%e2%80%8b%e2%80%8bvinales\\\/\",\"url\":\"https:\\\/\\\/oncubanews.com\\\/en\\\/cuba\\\/forest-fire-in-tourist-area-of-%e2%80%8b%e2%80%8bvinales\\\/\",\"name\":\"Forest fire in tourist area of \u200b\u200bVi\u00f1ales | OnCubaNews English\",\"isPartOf\":{\"@id\":\"https:\\\/\\\/oncubanews.com\\\/en\\\/#website\"},\"primaryImageOfPage\":{\"@id\":\"https:\\\/\\\/oncubanews.com\\\/en\\\/cuba\\\/forest-fire-in-tourist-area-of-%e2%80%8b%e2%80%8bvinales\\\/#primaryimage\"},\"image\":{\"@id\":\"https:\\\/\\\/oncubanews.com\\\/en\\\/cuba\\\/forest-fire-in-tourist-area-of-%e2%80%8b%e2%80%8bvinales\\\/#primaryimage\"},\"thumbnailUrl\":\"https:\\\/\\\/oncubanews.com\\\/en\\\/wp-content\\\/uploads\\\/2019\\\/04\\\/Vi\u00f1ales_Valley-nyt-top-destination.jpg\",\"datePublished\":\"2019-04-30T21:17:49+00:00\",\"author\":{\"@id\":\"https:\\\/\\\/oncubanews.com\\\/en\\\/#\\\/schema\\\/person\\\/4a4376ef86616685852e6d895d4d0eea\"},\"description\":\"The incident began at noon last Thursday in a wooded area and was put out on Saturday.\",\"breadcrumb\":{\"@id\":\"https:\\\/\\\/oncubanews.com\\\/en\\\/cuba\\\/forest-fire-in-tourist-area-of-%e2%80%8b%e2%80%8bvinales\\\/#breadcrumb\"},\"inLanguage\":\"en-US\",\"potentialAction\":[{\"@type\":\"ReadAction\",\"target\":[\"https:\\\/\\\/oncubanews.com\\\/en\\\/cuba\\\/forest-fire-in-tourist-area-of-%e2%80%8b%e2%80%8bvinales\\\/\"]}]},{\"@type\":\"ImageObject\",\"inLanguage\":\"en-US\",\"@id\":\"https:\\\/\\\/oncubanews.com\\\/en\\\/cuba\\\/forest-fire-in-tourist-area-of-%e2%80%8b%e2%80%8bvinales\\\/#primaryimage\",\"url\":\"https:\\\/\\\/oncubanews.com\\\/en\\\/wp-content\\\/uploads\\\/2019\\\/04\\\/Vi\u00f1ales_Valley-nyt-top-destination.jpg\",\"contentUrl\":\"https:\\\/\\\/oncubanews.com\\\/en\\\/wp-content\\\/uploads\\\/2019\\\/04\\\/Vi\u00f1ales_Valley-nyt-top-destination.jpg\",\"width\":858,\"height\":483,\"caption\":\"Vi\u00f1ales Valley, in the Cuban province of Pinar del R\u00edo. Photo: Archive.\"},{\"@type\":\"BreadcrumbList\",\"@id\":\"https:\\\/\\\/oncubanews.com\\\/en\\\/cuba\\\/forest-fire-in-tourist-area-of-%e2%80%8b%e2%80%8bvinales\\\/#breadcrumb\",\"itemListElement\":[{\"@type\":\"ListItem\",\"position\":1,\"name\":\"Portada\",\"item\":\"https:\\\/\\\/oncubanews.com\\\/en\\\/\"},{\"@type\":\"ListItem\",\"position\":2,\"name\":\"Forest fire in tourist area of \u200b\u200bVi\u00f1ales\"}]},{\"@type\":\"WebSite\",\"@id\":\"https:\\\/\\\/oncubanews.com\\\/en\\\/#website\",\"url\":\"https:\\\/\\\/oncubanews.com\\\/en\\\/\",\"name\":\"OnCubaNews English\",\"description\":\"Revista sobre Cuba\",\"potentialAction\":[{\"@type\":\"SearchAction\",\"target\":{\"@type\":\"EntryPoint\",\"urlTemplate\":\"https:\\\/\\\/oncubanews.com\\\/en\\\/?s={search_term_string}\"},\"query-input\":{\"@type\":\"PropertyValueSpecification\",\"valueRequired\":true,\"valueName\":\"search_term_string\"}}],\"inLanguage\":\"en-US\"},{\"@type\":\"Person\",\"@id\":\"https:\\\/\\\/oncubanews.com\\\/en\\\/#\\\/schema\\\/person\\\/4a4376ef86616685852e6d895d4d0eea\",\"name\":\"EFE\",\"image\":{\"@type\":\"ImageObject\",\"inLanguage\":\"en-US\",\"@id\":\"https:\\\/\\\/secure.gravatar.com\\\/avatar\\\/2a1de33ef07ae580021e92116e205cdb099068c1ff1fdba600b998c78b6347eb?s=96&r=gd23dcd71e12bce3843a7572453d0d981\",\"url\":\"https:\\\/\\\/secure.gravatar.com\\\/avatar\\\/2a1de33ef07ae580021e92116e205cdb099068c1ff1fdba600b998c78b6347eb?s=96&r=g\",\"contentUrl\":\"https:\\\/\\\/secure.gravatar.com\\\/avatar\\\/2a1de33ef07ae580021e92116e205cdb099068c1ff1fdba600b998c78b6347eb?s=96&r=g\",\"caption\":\"EFE\"},\"url\":\"https:\\\/\\\/oncubanews.com\\\/en\\\/author\\\/efe\\\/\"}]}<\/script>\n<!-- \/ Yoast SEO plugin. -->","yoast_head_json":{"title":"Forest fire in tourist area of \u200b\u200bVi\u00f1ales | OnCubaNews English","description":"The incident began at noon last Thursday in a wooded area and was put out on Saturday.","robots":{"index":"index","follow":"follow","max-snippet":"max-snippet:-1","max-image-preview":"max-image-preview:large","max-video-preview":"max-video-preview:-1"},"canonical":"https:\/\/oncubanews.com\/en\/cuba\/forest-fire-in-tourist-area-of-\u200b\u200bvinales\/","og_locale":"en_US","og_type":"article","og_title":"Forest fire in tourist area of \u200b\u200bVi\u00f1ales | OnCubaNews English","og_description":"The incident began at noon last Thursday in a wooded area and was put out on Saturday.","og_url":"https:\/\/oncubanews.com\/en\/cuba\/forest-fire-in-tourist-area-of-\u200b\u200bvinales\/","og_site_name":"OnCubaNews English","article_published_time":"2019-04-30T21:17:49+00:00","og_image":[{"width":858,"height":483,"url":"https:\/\/oncubanews.com\/en\/wp-content\/uploads\/2019\/04\/Vi\u00f1ales_Valley-nyt-top-destination.jpg","type":"image\/jpeg"}],"author":"EFE, EFE","twitter_card":"summary_large_image","twitter_misc":{"Written by":"EFE","Est. reading time":"1 minute"},"schema":{"@context":"https:\/\/schema.org","@graph":[{"@type":"Article","@id":"https:\/\/oncubanews.com\/en\/cuba\/forest-fire-in-tourist-area-of-%e2%80%8b%e2%80%8bvinales\/#article","isPartOf":{"@id":"https:\/\/oncubanews.com\/en\/cuba\/forest-fire-in-tourist-area-of-%e2%80%8b%e2%80%8bvinales\/"},"author":{"name":"EFE","@id":"https:\/\/oncubanews.com\/en\/#\/schema\/person\/4a4376ef86616685852e6d895d4d0eea"},"headline":"Forest fire in tourist area of \u200b\u200bVi\u00f1ales","datePublished":"2019-04-30T21:17:49+00:00","mainEntityOfPage":{"@id":"https:\/\/oncubanews.com\/en\/cuba\/forest-fire-in-tourist-area-of-%e2%80%8b%e2%80%8bvinales\/"},"wordCount":303,"commentCount":0,"image":{"@id":"https:\/\/oncubanews.com\/en\/cuba\/forest-fire-in-tourist-area-of-%e2%80%8b%e2%80%8bvinales\/#primaryimage"},"thumbnailUrl":"https:\/\/oncubanews.com\/en\/wp-content\/uploads\/2019\/04\/Vi\u00f1ales_Valley-nyt-top-destination.jpg","keywords":["forest fire","Vi\u00f1ales Valley"],"articleSection":["Cuba"],"inLanguage":"en-US","potentialAction":[{"@type":"CommentAction","name":"Comment","target":["https:\/\/oncubanews.com\/en\/cuba\/forest-fire-in-tourist-area-of-%e2%80%8b%e2%80%8bvinales\/#respond"]}],"copyrightYear":"2019","copyrightHolder":{"@id":"https:\/\/oncubanews.com\/en\/#organization"}},{"@type":"WebPage","@id":"https:\/\/oncubanews.com\/en\/cuba\/forest-fire-in-tourist-area-of-%e2%80%8b%e2%80%8bvinales\/","url":"https:\/\/oncubanews.com\/en\/cuba\/forest-fire-in-tourist-area-of-%e2%80%8b%e2%80%8bvinales\/","name":"Forest fire in tourist area of \u200b\u200bVi\u00f1ales | OnCubaNews English","isPartOf":{"@id":"https:\/\/oncubanews.com\/en\/#website"},"primaryImageOfPage":{"@id":"https:\/\/oncubanews.com\/en\/cuba\/forest-fire-in-tourist-area-of-%e2%80%8b%e2%80%8bvinales\/#primaryimage"},"image":{"@id":"https:\/\/oncubanews.com\/en\/cuba\/forest-fire-in-tourist-area-of-%e2%80%8b%e2%80%8bvinales\/#primaryimage"},"thumbnailUrl":"https:\/\/oncubanews.com\/en\/wp-content\/uploads\/2019\/04\/Vi\u00f1ales_Valley-nyt-top-destination.jpg","datePublished":"2019-04-30T21:17:49+00:00","author":{"@id":"https:\/\/oncubanews.com\/en\/#\/schema\/person\/4a4376ef86616685852e6d895d4d0eea"},"description":"The incident began at noon last Thursday in a wooded area and was put out on Saturday.","breadcrumb":{"@id":"https:\/\/oncubanews.com\/en\/cuba\/forest-fire-in-tourist-area-of-%e2%80%8b%e2%80%8bvinales\/#breadcrumb"},"inLanguage":"en-US","potentialAction":[{"@type":"ReadAction","target":["https:\/\/oncubanews.com\/en\/cuba\/forest-fire-in-tourist-area-of-%e2%80%8b%e2%80%8bvinales\/"]}]},{"@type":"ImageObject","inLanguage":"en-US","@id":"https:\/\/oncubanews.com\/en\/cuba\/forest-fire-in-tourist-area-of-%e2%80%8b%e2%80%8bvinales\/#primaryimage","url":"https:\/\/oncubanews.com\/en\/wp-content\/uploads\/2019\/04\/Vi\u00f1ales_Valley-nyt-top-destination.jpg","contentUrl":"https:\/\/oncubanews.com\/en\/wp-content\/uploads\/2019\/04\/Vi\u00f1ales_Valley-nyt-top-destination.jpg","width":858,"height":483,"caption":"Vi\u00f1ales Valley, in the Cuban province of Pinar del R\u00edo. Photo: Archive."},{"@type":"BreadcrumbList","@id":"https:\/\/oncubanews.com\/en\/cuba\/forest-fire-in-tourist-area-of-%e2%80%8b%e2%80%8bvinales\/#breadcrumb","itemListElement":[{"@type":"ListItem","position":1,"name":"Portada","item":"https:\/\/oncubanews.com\/en\/"},{"@type":"ListItem","position":2,"name":"Forest fire in tourist area of \u200b\u200bVi\u00f1ales"}]},{"@type":"WebSite","@id":"https:\/\/oncubanews.com\/en\/#website","url":"https:\/\/oncubanews.com\/en\/","name":"OnCubaNews English","description":"Revista sobre Cuba","potentialAction":[{"@type":"SearchAction","target":{"@type":"EntryPoint","urlTemplate":"https:\/\/oncubanews.com\/en\/?s={search_term_string}"},"query-input":{"@type":"PropertyValueSpecification","valueRequired":true,"valueName":"search_term_string"}}],"inLanguage":"en-US"},{"@type":"Person","@id":"https:\/\/oncubanews.com\/en\/#\/schema\/person\/4a4376ef86616685852e6d895d4d0eea","name":"EFE","image":{"@type":"ImageObject","inLanguage":"en-US","@id":"https:\/\/secure.gravatar.com\/avatar\/2a1de33ef07ae580021e92116e205cdb099068c1ff1fdba600b998c78b6347eb?s=96&r=gd23dcd71e12bce3843a7572453d0d981","url":"https:\/\/secure.gravatar.com\/avatar\/2a1de33ef07ae580021e92116e205cdb099068c1ff1fdba600b998c78b6347eb?s=96&r=g","contentUrl":"https:\/\/secure.gravatar.com\/avatar\/2a1de33ef07ae580021e92116e205cdb099068c1ff1fdba600b998c78b6347eb?s=96&r=g","caption":"EFE"},"url":"https:\/\/oncubanews.com\/en\/author\/efe\/"}]}},"authors":[{"term_id":33548,"user_id":3606,"is_guest":0,"slug":"efe","display_name":"EFE","avatar_url":"https:\/\/secure.gravatar.com\/avatar\/2a1de33ef07ae580021e92116e205cdb099068c1ff1fdba600b998c78b6347eb?s=96&r=g","0":null,"1":"","2":"","3":"","4":"","5":"","6":"","7":"","8":""},{"term_id":17270,"user_id":0,"is_guest":1,"slug":"cap-efe","display_name":"EFE","avatar_url":"https:\/\/secure.gravatar.com\/avatar\/?s=96&r=g","0":null,"1":"","2":"","3":"","4":"","5":"","6":"","7":"","8":""}],"_links":{"self":[{"href":"https:\/\/oncubanews.com\/en\/wp-json\/wp\/v2\/posts\/197869","targetHints":{"allow":["GET"]}}],"collection":[{"href":"https:\/\/oncubanews.com\/en\/wp-json\/wp\/v2\/posts"}],"about":[{"href":"https:\/\/oncubanews.com\/en\/wp-json\/wp\/v2\/types\/post"}],"author":[{"embeddable":true,"href":"https:\/\/oncubanews.com\/en\/wp-json\/wp\/v2\/users\/3606"}],"replies":[{"embeddable":true,"href":"https:\/\/oncubanews.com\/en\/wp-json\/wp\/v2\/comments?post=197869"}],"version-history":[{"count":0,"href":"https:\/\/oncubanews.com\/en\/wp-json\/wp\/v2\/posts\/197869\/revisions"}],"wp:featuredmedia":[{"embeddable":true,"href":"https:\/\/oncubanews.com\/en\/wp-json\/wp\/v2\/media\/197870"}],"wp:attachment":[{"href":"https:\/\/oncubanews.com\/en\/wp-json\/wp\/v2\/media?parent=197869"}],"wp:term":[{"taxonomy":"category","embeddable":true,"href":"https:\/\/oncubanews.com\/en\/wp-json\/wp\/v2\/categories?post=197869"},{"taxonomy":"post_tag","embeddable":true,"href":"https:\/\/oncubanews.com\/en\/wp-json\/wp\/v2\/tags?post=197869"},{"taxonomy":"author","embeddable":true,"href":"https:\/\/oncubanews.com\/en\/wp-json\/wp\/v2\/ppma_author?post=197869"}],"curies":[{"name":"wp","href":"https:\/\/api.w.org\/{rel}","templated":true}]}}