
{"id":197872,"date":"2019-04-30T17:27:17","date_gmt":"2019-04-30T21:27:17","guid":{"rendered":"https:\/\/oncubanews.com\/en\/?p=197872"},"modified":"2019-04-30T17:27:17","modified_gmt":"2019-04-30T21:27:17","slug":"storms-affect-santa-clara-and-other-towns-in-cuba","status":"publish","type":"post","link":"https:\/\/oncubanews.com\/en\/cuba\/storms-affect-santa-clara-and-other-towns-in-cuba\/","title":{"rendered":"Storms affect Santa Clara and other towns in Cuba"},"content":{"rendered":"<p><span style=\"font-weight: 400;\">A severe local storm affected the city of <\/span><a href=\"https:\/\/oncubanews.com\/tag\/santa-clara\/\" target=\"_blank\" rel=\"noopener noreferrer\"><span style=\"font-weight: 400;\">Santa Clara<\/span><\/a><span style=\"font-weight: 400;\">, in central Cuba, on Sunday afternoon, while other meteorological events were reported in several Cuban towns.<\/span><\/p>\n<p><span style=\"font-weight: 400;\">According to reports from the Institute of Meteorology, in Villa Clara there were strong gusts of winds, hail, heavy rains and downed trees in different places. The capital of the province was the most affected, in particular the Abel Santamar\u00eda International Airport, where around 800 square meters of roof were damaged.<\/span><\/p>\n<p><span style=\"font-weight: 400;\">Because of this the air terminal will remain closed until further notice, and flights scheduled for Sunday and Monday were relocated to other airports such as those in Varadero and Cienfuegos, said Omar Andr\u00e9s Gil, director of the airport, <\/span><a href=\"http:\/\/www.acn.cu\/cuba\/44332-saldran-este-lunes-vuelos-previstos-por-terminal-aerea-abel-santamaria-desde-varadero-y-cienfuegos\" target=\"_blank\" rel=\"noopener noreferrer\"><span style=\"font-weight: 400;\">quoted by<\/span><\/a><span style=\"font-weight: 400;\"> the Cuban News Agency (ACN).<\/span><\/p>\n<p>https:\/\/twitter.com\/MinoskaCuba\/status\/1122657018001657858?ref_src=twsrc%5Etfw%7Ctwcamp%5Etweetembed%7Ctwterm%5E1122657018001657858&#038;ref_url=https%3A%2F%2Foncubanews.com%2Fcuba%2Ftormentas-afectan-santa-clara-y-otras-localidades-de-cuba%2F<\/p>\n<p><span style=\"font-weight: 400;\">In addition, damages were reported in some 60 homes in the communities of the Air Base, San Miguel, Frank Pa\u00eds, Sakenaf and Caracatey, as well as power outages in a dozen circuits of Santa Clara, whose repair work started on that very Sunday.<\/span><\/p>\n<p><span style=\"font-weight: 400;\">Meteorologists confirmed that it was not a tornado.<\/span><\/p>\n<p><a href=\"https:\/\/www.facebook.com\/watch\/?v=273026786936524\" target=\"_blank\" rel=\"noopener noreferrer\">Watch Video Here<\/a><\/p>\n<p><span style=\"font-weight: 400;\">The Institute of Meteorology also reported other severe weather events, with hail and strong winds in several Cuban towns. There were storms in the Arango area, in the Havana municipality of Guanabacoa; in the town of Los Pinos, municipality of Cabaigu\u00e1n, in Sancti Sp\u00edritus; in the Loma del Tanque, in Santa Cruz del Norte, Mayabeque, and in Najasa, Camag\u00fcey.<\/span><\/p>\n<p><span style=\"font-weight: 400;\">The possible damages of these events have not been reported so far.<\/span><\/p>\n<p><span style=\"font-weight: 400;\">According to specialists, these events were due to the combination of meteorological factors that could be repeated on Monday in eastern Cuba, although to a lesser extent.<\/span><\/p>\n","protected":false},"excerpt":{"rendered":"<p>A severe local storm affected the city of Santa Clara, in central Cuba, on Sunday afternoon, while other meteorological events were reported in several Cuban towns. According to reports from the Institute of Meteorology, in Villa Clara there were strong gusts of winds, hail, heavy rains and downed trees in different places. The capital of [&hellip;]<\/p>\n","protected":false},"author":3134,"featured_media":197873,"comment_status":"open","ping_status":"closed","sticky":false,"template":"","format":"standard","meta":{"_acf_changed":false,"footnotes":""},"categories":[13902],"tags":[18653,20632,20631],"ppma_author":[33546,8689],"class_list":["post-197872","post","type-post","status-publish","format-standard","has-post-thumbnail","hentry","category-cuba","tag-climate-change","tag-cuban-environement","tag-storms-in-cuba"],"acf":[],"yoast_head":"<!-- This site is optimized with the Yoast SEO plugin v27.3 - https:\/\/yoast.com\/product\/yoast-seo-wordpress\/ -->\n<title>Storms affect Santa Clara and other towns in Cuba | OnCubaNews English<\/title>\n<meta name=\"description\" content=\"Strong gusts of wind, hail and heavy rains were reported.\" \/>\n<meta name=\"robots\" content=\"index, follow, max-snippet:-1, max-image-preview:large, max-video-preview:-1\" \/>\n<link rel=\"canonical\" href=\"https:\/\/oncubanews.com\/en\/cuba\/storms-affect-santa-clara-and-other-towns-in-cuba\/\" \/>\n<meta property=\"og:locale\" content=\"en_US\" \/>\n<meta property=\"og:type\" content=\"article\" \/>\n<meta property=\"og:title\" content=\"Storms affect Santa Clara and other towns in Cuba | OnCubaNews English\" \/>\n<meta property=\"og:description\" content=\"Strong gusts of wind, hail and heavy rains were reported.\" \/>\n<meta property=\"og:url\" content=\"https:\/\/oncubanews.com\/en\/cuba\/storms-affect-santa-clara-and-other-towns-in-cuba\/\" \/>\n<meta property=\"og:site_name\" content=\"OnCubaNews English\" \/>\n<meta property=\"article:published_time\" content=\"2019-04-30T21:27:17+00:00\" \/>\n<meta property=\"og:image\" content=\"https:\/\/oncubanews.com\/en\/wp-content\/uploads\/2019\/04\/aerop-st-clara-tormenta-1.jpg\" \/>\n\t<meta property=\"og:image:width\" content=\"1140\" \/>\n\t<meta property=\"og:image:height\" content=\"815\" \/>\n\t<meta property=\"og:image:type\" content=\"image\/jpeg\" \/>\n<meta name=\"author\" content=\"OnCuba Staff, OnCuba editorial staff\" \/>\n<meta name=\"twitter:card\" content=\"summary_large_image\" \/>\n<meta name=\"twitter:label1\" content=\"Written by\" \/>\n\t<meta name=\"twitter:data1\" content=\"OnCuba Staff\" \/>\n\t<meta name=\"twitter:label2\" content=\"Est. reading time\" \/>\n\t<meta name=\"twitter:data2\" content=\"2 minutes\" \/>\n<script type=\"application\/ld+json\" class=\"yoast-schema-graph\">{\"@context\":\"https:\\\/\\\/schema.org\",\"@graph\":[{\"@type\":\"Article\",\"@id\":\"https:\\\/\\\/oncubanews.com\\\/en\\\/cuba\\\/storms-affect-santa-clara-and-other-towns-in-cuba\\\/#article\",\"isPartOf\":{\"@id\":\"https:\\\/\\\/oncubanews.com\\\/en\\\/cuba\\\/storms-affect-santa-clara-and-other-towns-in-cuba\\\/\"},\"author\":{\"name\":\"OnCuba Staff\",\"@id\":\"https:\\\/\\\/oncubanews.com\\\/en\\\/#\\\/schema\\\/person\\\/d7171bf311032ab1f557dd8332e714af\"},\"headline\":\"Storms affect Santa Clara and other towns in Cuba\",\"datePublished\":\"2019-04-30T21:27:17+00:00\",\"mainEntityOfPage\":{\"@id\":\"https:\\\/\\\/oncubanews.com\\\/en\\\/cuba\\\/storms-affect-santa-clara-and-other-towns-in-cuba\\\/\"},\"wordCount\":312,\"commentCount\":0,\"image\":{\"@id\":\"https:\\\/\\\/oncubanews.com\\\/en\\\/cuba\\\/storms-affect-santa-clara-and-other-towns-in-cuba\\\/#primaryimage\"},\"thumbnailUrl\":\"https:\\\/\\\/oncubanews.com\\\/en\\\/wp-content\\\/uploads\\\/2019\\\/04\\\/aerop-st-clara-tormenta-1.jpg\",\"keywords\":[\"climate change\",\"cuban environement\",\"storms in Cuba\"],\"articleSection\":[\"Cuba\"],\"inLanguage\":\"en-US\",\"potentialAction\":[{\"@type\":\"CommentAction\",\"name\":\"Comment\",\"target\":[\"https:\\\/\\\/oncubanews.com\\\/en\\\/cuba\\\/storms-affect-santa-clara-and-other-towns-in-cuba\\\/#respond\"]}],\"copyrightYear\":\"2019\",\"copyrightHolder\":{\"@id\":\"https:\\\/\\\/oncubanews.com\\\/en\\\/#organization\"}},{\"@type\":\"WebPage\",\"@id\":\"https:\\\/\\\/oncubanews.com\\\/en\\\/cuba\\\/storms-affect-santa-clara-and-other-towns-in-cuba\\\/\",\"url\":\"https:\\\/\\\/oncubanews.com\\\/en\\\/cuba\\\/storms-affect-santa-clara-and-other-towns-in-cuba\\\/\",\"name\":\"Storms affect Santa Clara and other towns in Cuba | OnCubaNews English\",\"isPartOf\":{\"@id\":\"https:\\\/\\\/oncubanews.com\\\/en\\\/#website\"},\"primaryImageOfPage\":{\"@id\":\"https:\\\/\\\/oncubanews.com\\\/en\\\/cuba\\\/storms-affect-santa-clara-and-other-towns-in-cuba\\\/#primaryimage\"},\"image\":{\"@id\":\"https:\\\/\\\/oncubanews.com\\\/en\\\/cuba\\\/storms-affect-santa-clara-and-other-towns-in-cuba\\\/#primaryimage\"},\"thumbnailUrl\":\"https:\\\/\\\/oncubanews.com\\\/en\\\/wp-content\\\/uploads\\\/2019\\\/04\\\/aerop-st-clara-tormenta-1.jpg\",\"datePublished\":\"2019-04-30T21:27:17+00:00\",\"author\":{\"@id\":\"https:\\\/\\\/oncubanews.com\\\/en\\\/#\\\/schema\\\/person\\\/d7171bf311032ab1f557dd8332e714af\"},\"description\":\"Strong gusts of wind, hail and heavy rains were reported.\",\"breadcrumb\":{\"@id\":\"https:\\\/\\\/oncubanews.com\\\/en\\\/cuba\\\/storms-affect-santa-clara-and-other-towns-in-cuba\\\/#breadcrumb\"},\"inLanguage\":\"en-US\",\"potentialAction\":[{\"@type\":\"ReadAction\",\"target\":[\"https:\\\/\\\/oncubanews.com\\\/en\\\/cuba\\\/storms-affect-santa-clara-and-other-towns-in-cuba\\\/\"]}]},{\"@type\":\"ImageObject\",\"inLanguage\":\"en-US\",\"@id\":\"https:\\\/\\\/oncubanews.com\\\/en\\\/cuba\\\/storms-affect-santa-clara-and-other-towns-in-cuba\\\/#primaryimage\",\"url\":\"https:\\\/\\\/oncubanews.com\\\/en\\\/wp-content\\\/uploads\\\/2019\\\/04\\\/aerop-st-clara-tormenta-1.jpg\",\"contentUrl\":\"https:\\\/\\\/oncubanews.com\\\/en\\\/wp-content\\\/uploads\\\/2019\\\/04\\\/aerop-st-clara-tormenta-1.jpg\",\"width\":1140,\"height\":815,\"caption\":\"Damage caused to the Abel Santamar\u00eda International Airport in Santa Clara, in central Cuba, by a severe local storm on April 28, 2019. Photo: @teleyradio \\\/ Twitter.\"},{\"@type\":\"BreadcrumbList\",\"@id\":\"https:\\\/\\\/oncubanews.com\\\/en\\\/cuba\\\/storms-affect-santa-clara-and-other-towns-in-cuba\\\/#breadcrumb\",\"itemListElement\":[{\"@type\":\"ListItem\",\"position\":1,\"name\":\"Portada\",\"item\":\"https:\\\/\\\/oncubanews.com\\\/en\\\/\"},{\"@type\":\"ListItem\",\"position\":2,\"name\":\"Storms affect Santa Clara and other towns in Cuba\"}]},{\"@type\":\"WebSite\",\"@id\":\"https:\\\/\\\/oncubanews.com\\\/en\\\/#website\",\"url\":\"https:\\\/\\\/oncubanews.com\\\/en\\\/\",\"name\":\"OnCubaNews English\",\"description\":\"Revista sobre Cuba\",\"potentialAction\":[{\"@type\":\"SearchAction\",\"target\":{\"@type\":\"EntryPoint\",\"urlTemplate\":\"https:\\\/\\\/oncubanews.com\\\/en\\\/?s={search_term_string}\"},\"query-input\":{\"@type\":\"PropertyValueSpecification\",\"valueRequired\":true,\"valueName\":\"search_term_string\"}}],\"inLanguage\":\"en-US\"},{\"@type\":\"Person\",\"@id\":\"https:\\\/\\\/oncubanews.com\\\/en\\\/#\\\/schema\\\/person\\\/d7171bf311032ab1f557dd8332e714af\",\"name\":\"OnCuba Staff\",\"image\":{\"@type\":\"ImageObject\",\"inLanguage\":\"en-US\",\"@id\":\"https:\\\/\\\/secure.gravatar.com\\\/avatar\\\/4b4c4d6109baadde898bb1af22ea4a4af5f4417b86a5d1800bf17531bfb128fc?s=96&r=g17310096d4dde63ebae0e54fbb19218a\",\"url\":\"https:\\\/\\\/secure.gravatar.com\\\/avatar\\\/4b4c4d6109baadde898bb1af22ea4a4af5f4417b86a5d1800bf17531bfb128fc?s=96&r=g\",\"contentUrl\":\"https:\\\/\\\/secure.gravatar.com\\\/avatar\\\/4b4c4d6109baadde898bb1af22ea4a4af5f4417b86a5d1800bf17531bfb128fc?s=96&r=g\",\"caption\":\"OnCuba Staff\"},\"url\":\"https:\\\/\\\/oncubanews.com\\\/en\\\/author\\\/oncuba-editorial-staff\\\/\"}]}<\/script>\n<!-- \/ Yoast SEO plugin. -->","yoast_head_json":{"title":"Storms affect Santa Clara and other towns in Cuba | OnCubaNews English","description":"Strong gusts of wind, hail and heavy rains were reported.","robots":{"index":"index","follow":"follow","max-snippet":"max-snippet:-1","max-image-preview":"max-image-preview:large","max-video-preview":"max-video-preview:-1"},"canonical":"https:\/\/oncubanews.com\/en\/cuba\/storms-affect-santa-clara-and-other-towns-in-cuba\/","og_locale":"en_US","og_type":"article","og_title":"Storms affect Santa Clara and other towns in Cuba | OnCubaNews English","og_description":"Strong gusts of wind, hail and heavy rains were reported.","og_url":"https:\/\/oncubanews.com\/en\/cuba\/storms-affect-santa-clara-and-other-towns-in-cuba\/","og_site_name":"OnCubaNews English","article_published_time":"2019-04-30T21:27:17+00:00","og_image":[{"width":1140,"height":815,"url":"https:\/\/oncubanews.com\/en\/wp-content\/uploads\/2019\/04\/aerop-st-clara-tormenta-1.jpg","type":"image\/jpeg"}],"author":"OnCuba Staff, OnCuba editorial staff","twitter_card":"summary_large_image","twitter_misc":{"Written by":"OnCuba Staff","Est. reading time":"2 minutes"},"schema":{"@context":"https:\/\/schema.org","@graph":[{"@type":"Article","@id":"https:\/\/oncubanews.com\/en\/cuba\/storms-affect-santa-clara-and-other-towns-in-cuba\/#article","isPartOf":{"@id":"https:\/\/oncubanews.com\/en\/cuba\/storms-affect-santa-clara-and-other-towns-in-cuba\/"},"author":{"name":"OnCuba Staff","@id":"https:\/\/oncubanews.com\/en\/#\/schema\/person\/d7171bf311032ab1f557dd8332e714af"},"headline":"Storms affect Santa Clara and other towns in Cuba","datePublished":"2019-04-30T21:27:17+00:00","mainEntityOfPage":{"@id":"https:\/\/oncubanews.com\/en\/cuba\/storms-affect-santa-clara-and-other-towns-in-cuba\/"},"wordCount":312,"commentCount":0,"image":{"@id":"https:\/\/oncubanews.com\/en\/cuba\/storms-affect-santa-clara-and-other-towns-in-cuba\/#primaryimage"},"thumbnailUrl":"https:\/\/oncubanews.com\/en\/wp-content\/uploads\/2019\/04\/aerop-st-clara-tormenta-1.jpg","keywords":["climate change","cuban environement","storms in Cuba"],"articleSection":["Cuba"],"inLanguage":"en-US","potentialAction":[{"@type":"CommentAction","name":"Comment","target":["https:\/\/oncubanews.com\/en\/cuba\/storms-affect-santa-clara-and-other-towns-in-cuba\/#respond"]}],"copyrightYear":"2019","copyrightHolder":{"@id":"https:\/\/oncubanews.com\/en\/#organization"}},{"@type":"WebPage","@id":"https:\/\/oncubanews.com\/en\/cuba\/storms-affect-santa-clara-and-other-towns-in-cuba\/","url":"https:\/\/oncubanews.com\/en\/cuba\/storms-affect-santa-clara-and-other-towns-in-cuba\/","name":"Storms affect Santa Clara and other towns in Cuba | OnCubaNews English","isPartOf":{"@id":"https:\/\/oncubanews.com\/en\/#website"},"primaryImageOfPage":{"@id":"https:\/\/oncubanews.com\/en\/cuba\/storms-affect-santa-clara-and-other-towns-in-cuba\/#primaryimage"},"image":{"@id":"https:\/\/oncubanews.com\/en\/cuba\/storms-affect-santa-clara-and-other-towns-in-cuba\/#primaryimage"},"thumbnailUrl":"https:\/\/oncubanews.com\/en\/wp-content\/uploads\/2019\/04\/aerop-st-clara-tormenta-1.jpg","datePublished":"2019-04-30T21:27:17+00:00","author":{"@id":"https:\/\/oncubanews.com\/en\/#\/schema\/person\/d7171bf311032ab1f557dd8332e714af"},"description":"Strong gusts of wind, hail and heavy rains were reported.","breadcrumb":{"@id":"https:\/\/oncubanews.com\/en\/cuba\/storms-affect-santa-clara-and-other-towns-in-cuba\/#breadcrumb"},"inLanguage":"en-US","potentialAction":[{"@type":"ReadAction","target":["https:\/\/oncubanews.com\/en\/cuba\/storms-affect-santa-clara-and-other-towns-in-cuba\/"]}]},{"@type":"ImageObject","inLanguage":"en-US","@id":"https:\/\/oncubanews.com\/en\/cuba\/storms-affect-santa-clara-and-other-towns-in-cuba\/#primaryimage","url":"https:\/\/oncubanews.com\/en\/wp-content\/uploads\/2019\/04\/aerop-st-clara-tormenta-1.jpg","contentUrl":"https:\/\/oncubanews.com\/en\/wp-content\/uploads\/2019\/04\/aerop-st-clara-tormenta-1.jpg","width":1140,"height":815,"caption":"Damage caused to the Abel Santamar\u00eda International Airport in Santa Clara, in central Cuba, by a severe local storm on April 28, 2019. Photo: @teleyradio \/ Twitter."},{"@type":"BreadcrumbList","@id":"https:\/\/oncubanews.com\/en\/cuba\/storms-affect-santa-clara-and-other-towns-in-cuba\/#breadcrumb","itemListElement":[{"@type":"ListItem","position":1,"name":"Portada","item":"https:\/\/oncubanews.com\/en\/"},{"@type":"ListItem","position":2,"name":"Storms affect Santa Clara and other towns in Cuba"}]},{"@type":"WebSite","@id":"https:\/\/oncubanews.com\/en\/#website","url":"https:\/\/oncubanews.com\/en\/","name":"OnCubaNews English","description":"Revista sobre Cuba","potentialAction":[{"@type":"SearchAction","target":{"@type":"EntryPoint","urlTemplate":"https:\/\/oncubanews.com\/en\/?s={search_term_string}"},"query-input":{"@type":"PropertyValueSpecification","valueRequired":true,"valueName":"search_term_string"}}],"inLanguage":"en-US"},{"@type":"Person","@id":"https:\/\/oncubanews.com\/en\/#\/schema\/person\/d7171bf311032ab1f557dd8332e714af","name":"OnCuba Staff","image":{"@type":"ImageObject","inLanguage":"en-US","@id":"https:\/\/secure.gravatar.com\/avatar\/4b4c4d6109baadde898bb1af22ea4a4af5f4417b86a5d1800bf17531bfb128fc?s=96&r=g17310096d4dde63ebae0e54fbb19218a","url":"https:\/\/secure.gravatar.com\/avatar\/4b4c4d6109baadde898bb1af22ea4a4af5f4417b86a5d1800bf17531bfb128fc?s=96&r=g","contentUrl":"https:\/\/secure.gravatar.com\/avatar\/4b4c4d6109baadde898bb1af22ea4a4af5f4417b86a5d1800bf17531bfb128fc?s=96&r=g","caption":"OnCuba Staff"},"url":"https:\/\/oncubanews.com\/en\/author\/oncuba-editorial-staff\/"}]}},"authors":[{"term_id":33546,"user_id":3134,"is_guest":0,"slug":"oncuba-editorial-staff","display_name":"OnCuba Staff","avatar_url":"https:\/\/secure.gravatar.com\/avatar\/4b4c4d6109baadde898bb1af22ea4a4af5f4417b86a5d1800bf17531bfb128fc?s=96&r=g","0":null,"1":"","2":"","3":"","4":"","5":"","6":"","7":"","8":""},{"term_id":8689,"user_id":3134,"is_guest":0,"slug":"oncuba-editorial-staff","display_name":"OnCuba editorial staff","avatar_url":{"url":"https:\/\/oncubanews.com\/en\/wp-content\/uploads\/2018\/10\/avatar-ocnews-1.png","url2x":"https:\/\/oncubanews.com\/en\/wp-content\/uploads\/2018\/10\/avatar-ocnews-1.png"},"0":null,"1":"","2":"","3":"","4":"","5":"","6":"","7":"","8":""}],"_links":{"self":[{"href":"https:\/\/oncubanews.com\/en\/wp-json\/wp\/v2\/posts\/197872","targetHints":{"allow":["GET"]}}],"collection":[{"href":"https:\/\/oncubanews.com\/en\/wp-json\/wp\/v2\/posts"}],"about":[{"href":"https:\/\/oncubanews.com\/en\/wp-json\/wp\/v2\/types\/post"}],"author":[{"embeddable":true,"href":"https:\/\/oncubanews.com\/en\/wp-json\/wp\/v2\/users\/3134"}],"replies":[{"embeddable":true,"href":"https:\/\/oncubanews.com\/en\/wp-json\/wp\/v2\/comments?post=197872"}],"version-history":[{"count":0,"href":"https:\/\/oncubanews.com\/en\/wp-json\/wp\/v2\/posts\/197872\/revisions"}],"wp:featuredmedia":[{"embeddable":true,"href":"https:\/\/oncubanews.com\/en\/wp-json\/wp\/v2\/media\/197873"}],"wp:attachment":[{"href":"https:\/\/oncubanews.com\/en\/wp-json\/wp\/v2\/media?parent=197872"}],"wp:term":[{"taxonomy":"category","embeddable":true,"href":"https:\/\/oncubanews.com\/en\/wp-json\/wp\/v2\/categories?post=197872"},{"taxonomy":"post_tag","embeddable":true,"href":"https:\/\/oncubanews.com\/en\/wp-json\/wp\/v2\/tags?post=197872"},{"taxonomy":"author","embeddable":true,"href":"https:\/\/oncubanews.com\/en\/wp-json\/wp\/v2\/ppma_author?post=197872"}],"curies":[{"name":"wp","href":"https:\/\/api.w.org\/{rel}","templated":true}]}}