
{"id":197999,"date":"2019-05-02T13:03:36","date_gmt":"2019-05-02T17:03:36","guid":{"rendered":"https:\/\/oncubanews.com\/en\/?p=197999"},"modified":"2019-05-02T13:03:36","modified_gmt":"2019-05-02T17:03:36","slug":"cuba-marches-for-may-day-and-in-rejection-of-u-s-sanctions","status":"publish","type":"post","link":"https:\/\/oncubanews.com\/en\/cuba\/cuba-marches-for-may-day-and-in-rejection-of-u-s-sanctions\/","title":{"rendered":"Cuba marches for May Day and in rejection of U.S. sanctions"},"content":{"rendered":"<p><span style=\"font-weight: 400;\">Thousands of people marched throughout Cuba this Wednesday in the traditional <em>May Day<\/em> parade, which condemned the Trump administration\u2019s recent sanctions and threats against the island.<\/span><\/p>\n<p><span style=\"font-weight: 400;\">The celebration of International Workers Day again had Havana\u2019s Jos\u00e9 Mart\u00ed Revolution Square as the main scenario, where &#8220;hundreds of thousands of Habaneros&#8221; paraded holding flags and signs, <\/span><a href=\"http:\/\/www.acn.cu\/cuba\/44417-encabezada-por-raul-y-diaz-canel-arranca-marcha-por-el-primero-de-mayo-en-la-habana\" target=\"_blank\" rel=\"noopener noreferrer\"><span style=\"font-weight: 400;\">according to reports<\/span><\/a><span style=\"font-weight: 400;\"> in the state media.<\/span><\/p>\n<p><span style=\"font-weight: 400;\">In the capital, the rally was presided over by the current president, Miguel D\u00edaz-Canel, and the former president and still leader of the Communist Party of Cuba, Ra\u00fal Castro; while more than 1,000 foreign guests from union and solidarity organizations from a hundred countries marched with the Cubans.<\/span><\/p>\n<div id='gallery-1' class='gallery galleryid-197999 gallery-columns-1 gallery-size-full'><figure class='gallery-item'>\n\t\t\t<div class='gallery-icon landscape'>\n\t\t\t\t<a href='https:\/\/oncubanews.com\/en\/cuba\/cuba-marches-for-may-day-and-in-rejection-of-u-s-sanctions\/attachment\/primero-de-mayo_ot_1-2\/'><img loading=\"lazy\" decoding=\"async\" width=\"1900\" height=\"1267\" src=\"https:\/\/oncubanews.com\/en\/wp-content\/uploads\/2019\/05\/primero-de-mayo_ot_1-1.jpg\" class=\"attachment-full size-full\" alt=\"\" aria-describedby=\"gallery-1-198001\" srcset=\"https:\/\/oncubanews.com\/en\/wp-content\/uploads\/2019\/05\/primero-de-mayo_ot_1-1.jpg 1900w, https:\/\/oncubanews.com\/en\/wp-content\/uploads\/2019\/05\/primero-de-mayo_ot_1-1-300x200.jpg 300w, https:\/\/oncubanews.com\/en\/wp-content\/uploads\/2019\/05\/primero-de-mayo_ot_1-1-768x512.jpg 768w, https:\/\/oncubanews.com\/en\/wp-content\/uploads\/2019\/05\/primero-de-mayo_ot_1-1-1024x683.jpg 1024w, https:\/\/oncubanews.com\/en\/wp-content\/uploads\/2019\/05\/primero-de-mayo_ot_1-1-750x500.jpg 750w, https:\/\/oncubanews.com\/en\/wp-content\/uploads\/2019\/05\/primero-de-mayo_ot_1-1-1140x760.jpg 1140w\" sizes=\"auto, (max-width: 1900px) 100vw, 1900px\" \/><\/a>\n\t\t\t<\/div>\n\t\t\t\t<figcaption class='wp-caption-text gallery-caption' id='gallery-1-198001'>\n\t\t\t\tPresidency of the International Workers Day parade, on May 1, 2019 in Revolution Square.\n\t\t\t\t<\/figcaption><\/figure><figure class='gallery-item'>\n\t\t\t<div class='gallery-icon landscape'>\n\t\t\t\t<a href='https:\/\/oncubanews.com\/en\/cuba\/cuba-marches-for-may-day-and-in-rejection-of-u-s-sanctions\/attachment\/primero-de-mayo_ot_18-2\/'><img loading=\"lazy\" decoding=\"async\" width=\"1900\" height=\"1267\" src=\"https:\/\/oncubanews.com\/en\/wp-content\/uploads\/2019\/05\/primero-de-mayo_ot_18-1.jpg\" class=\"attachment-full size-full\" alt=\"\" srcset=\"https:\/\/oncubanews.com\/en\/wp-content\/uploads\/2019\/05\/primero-de-mayo_ot_18-1.jpg 1900w, https:\/\/oncubanews.com\/en\/wp-content\/uploads\/2019\/05\/primero-de-mayo_ot_18-1-300x200.jpg 300w, https:\/\/oncubanews.com\/en\/wp-content\/uploads\/2019\/05\/primero-de-mayo_ot_18-1-768x512.jpg 768w, https:\/\/oncubanews.com\/en\/wp-content\/uploads\/2019\/05\/primero-de-mayo_ot_18-1-1024x683.jpg 1024w, https:\/\/oncubanews.com\/en\/wp-content\/uploads\/2019\/05\/primero-de-mayo_ot_18-1-750x500.jpg 750w, https:\/\/oncubanews.com\/en\/wp-content\/uploads\/2019\/05\/primero-de-mayo_ot_18-1-1140x760.jpg 1140w\" sizes=\"auto, (max-width: 1900px) 100vw, 1900px\" \/><\/a>\n\t\t\t<\/div><\/figure><figure class='gallery-item'>\n\t\t\t<div class='gallery-icon landscape'>\n\t\t\t\t<a href='https:\/\/oncubanews.com\/en\/cuba\/cuba-marches-for-may-day-and-in-rejection-of-u-s-sanctions\/attachment\/primero-de-mayo_ot_19-2\/'><img loading=\"lazy\" decoding=\"async\" width=\"1900\" height=\"1267\" src=\"https:\/\/oncubanews.com\/en\/wp-content\/uploads\/2019\/05\/primero-de-mayo_ot_19-1.jpg\" class=\"attachment-full size-full\" alt=\"\" srcset=\"https:\/\/oncubanews.com\/en\/wp-content\/uploads\/2019\/05\/primero-de-mayo_ot_19-1.jpg 1900w, https:\/\/oncubanews.com\/en\/wp-content\/uploads\/2019\/05\/primero-de-mayo_ot_19-1-300x200.jpg 300w, https:\/\/oncubanews.com\/en\/wp-content\/uploads\/2019\/05\/primero-de-mayo_ot_19-1-768x512.jpg 768w, https:\/\/oncubanews.com\/en\/wp-content\/uploads\/2019\/05\/primero-de-mayo_ot_19-1-1024x683.jpg 1024w, https:\/\/oncubanews.com\/en\/wp-content\/uploads\/2019\/05\/primero-de-mayo_ot_19-1-750x500.jpg 750w, https:\/\/oncubanews.com\/en\/wp-content\/uploads\/2019\/05\/primero-de-mayo_ot_19-1-1140x760.jpg 1140w\" sizes=\"auto, (max-width: 1900px) 100vw, 1900px\" \/><\/a>\n\t\t\t<\/div><\/figure><figure class='gallery-item'>\n\t\t\t<div class='gallery-icon landscape'>\n\t\t\t\t<a href='https:\/\/oncubanews.com\/en\/cuba\/cuba-marches-for-may-day-and-in-rejection-of-u-s-sanctions\/attachment\/primero-de-mayo_ot_34-2\/'><img loading=\"lazy\" decoding=\"async\" width=\"1900\" height=\"1267\" src=\"https:\/\/oncubanews.com\/en\/wp-content\/uploads\/2019\/05\/primero-de-mayo_ot_34-1.jpg\" class=\"attachment-full size-full\" alt=\"\" srcset=\"https:\/\/oncubanews.com\/en\/wp-content\/uploads\/2019\/05\/primero-de-mayo_ot_34-1.jpg 1900w, https:\/\/oncubanews.com\/en\/wp-content\/uploads\/2019\/05\/primero-de-mayo_ot_34-1-300x200.jpg 300w, https:\/\/oncubanews.com\/en\/wp-content\/uploads\/2019\/05\/primero-de-mayo_ot_34-1-768x512.jpg 768w, https:\/\/oncubanews.com\/en\/wp-content\/uploads\/2019\/05\/primero-de-mayo_ot_34-1-1024x683.jpg 1024w, https:\/\/oncubanews.com\/en\/wp-content\/uploads\/2019\/05\/primero-de-mayo_ot_34-1-750x500.jpg 750w, https:\/\/oncubanews.com\/en\/wp-content\/uploads\/2019\/05\/primero-de-mayo_ot_34-1-1140x760.jpg 1140w\" sizes=\"auto, (max-width: 1900px) 100vw, 1900px\" \/><\/a>\n\t\t\t<\/div><\/figure><figure class='gallery-item'>\n\t\t\t<div class='gallery-icon landscape'>\n\t\t\t\t<a href='https:\/\/oncubanews.com\/en\/cuba\/cuba-marches-for-may-day-and-in-rejection-of-u-s-sanctions\/attachment\/primero-de-mayo_ot_35-2\/'><img loading=\"lazy\" decoding=\"async\" width=\"1900\" height=\"1267\" src=\"https:\/\/oncubanews.com\/en\/wp-content\/uploads\/2019\/05\/primero-de-mayo_ot_35-1.jpg\" class=\"attachment-full size-full\" alt=\"\" srcset=\"https:\/\/oncubanews.com\/en\/wp-content\/uploads\/2019\/05\/primero-de-mayo_ot_35-1.jpg 1900w, https:\/\/oncubanews.com\/en\/wp-content\/uploads\/2019\/05\/primero-de-mayo_ot_35-1-300x200.jpg 300w, https:\/\/oncubanews.com\/en\/wp-content\/uploads\/2019\/05\/primero-de-mayo_ot_35-1-768x512.jpg 768w, https:\/\/oncubanews.com\/en\/wp-content\/uploads\/2019\/05\/primero-de-mayo_ot_35-1-1024x683.jpg 1024w, https:\/\/oncubanews.com\/en\/wp-content\/uploads\/2019\/05\/primero-de-mayo_ot_35-1-750x500.jpg 750w, https:\/\/oncubanews.com\/en\/wp-content\/uploads\/2019\/05\/primero-de-mayo_ot_35-1-1140x760.jpg 1140w\" sizes=\"auto, (max-width: 1900px) 100vw, 1900px\" \/><\/a>\n\t\t\t<\/div><\/figure><figure class='gallery-item'>\n\t\t\t<div class='gallery-icon landscape'>\n\t\t\t\t<a href='https:\/\/oncubanews.com\/en\/cuba\/cuba-marches-for-may-day-and-in-rejection-of-u-s-sanctions\/attachment\/primero-de-mayo_ot_36-2\/'><img loading=\"lazy\" decoding=\"async\" width=\"1900\" height=\"1267\" src=\"https:\/\/oncubanews.com\/en\/wp-content\/uploads\/2019\/05\/primero-de-mayo_ot_36-1.jpg\" class=\"attachment-full size-full\" alt=\"\" srcset=\"https:\/\/oncubanews.com\/en\/wp-content\/uploads\/2019\/05\/primero-de-mayo_ot_36-1.jpg 1900w, https:\/\/oncubanews.com\/en\/wp-content\/uploads\/2019\/05\/primero-de-mayo_ot_36-1-300x200.jpg 300w, https:\/\/oncubanews.com\/en\/wp-content\/uploads\/2019\/05\/primero-de-mayo_ot_36-1-768x512.jpg 768w, https:\/\/oncubanews.com\/en\/wp-content\/uploads\/2019\/05\/primero-de-mayo_ot_36-1-1024x683.jpg 1024w, https:\/\/oncubanews.com\/en\/wp-content\/uploads\/2019\/05\/primero-de-mayo_ot_36-1-750x500.jpg 750w, https:\/\/oncubanews.com\/en\/wp-content\/uploads\/2019\/05\/primero-de-mayo_ot_36-1-1140x760.jpg 1140w\" sizes=\"auto, (max-width: 1900px) 100vw, 1900px\" \/><\/a>\n\t\t\t<\/div><\/figure><figure class='gallery-item'>\n\t\t\t<div class='gallery-icon landscape'>\n\t\t\t\t<a href='https:\/\/oncubanews.com\/en\/cuba\/cuba-marches-for-may-day-and-in-rejection-of-u-s-sanctions\/attachment\/primero-de-mayo_ot_39-2\/'><img loading=\"lazy\" decoding=\"async\" width=\"1900\" height=\"1267\" src=\"https:\/\/oncubanews.com\/en\/wp-content\/uploads\/2019\/05\/primero-de-mayo_ot_39-1.jpg\" class=\"attachment-full size-full\" alt=\"\" srcset=\"https:\/\/oncubanews.com\/en\/wp-content\/uploads\/2019\/05\/primero-de-mayo_ot_39-1.jpg 1900w, https:\/\/oncubanews.com\/en\/wp-content\/uploads\/2019\/05\/primero-de-mayo_ot_39-1-300x200.jpg 300w, https:\/\/oncubanews.com\/en\/wp-content\/uploads\/2019\/05\/primero-de-mayo_ot_39-1-768x512.jpg 768w, https:\/\/oncubanews.com\/en\/wp-content\/uploads\/2019\/05\/primero-de-mayo_ot_39-1-1024x683.jpg 1024w, https:\/\/oncubanews.com\/en\/wp-content\/uploads\/2019\/05\/primero-de-mayo_ot_39-1-750x500.jpg 750w, https:\/\/oncubanews.com\/en\/wp-content\/uploads\/2019\/05\/primero-de-mayo_ot_39-1-1140x760.jpg 1140w\" sizes=\"auto, (max-width: 1900px) 100vw, 1900px\" \/><\/a>\n\t\t\t<\/div><\/figure><figure class='gallery-item'>\n\t\t\t<div class='gallery-icon landscape'>\n\t\t\t\t<a href='https:\/\/oncubanews.com\/en\/cuba\/cuba-marches-for-may-day-and-in-rejection-of-u-s-sanctions\/attachment\/primero-de-mayo_ot_43-2\/'><img loading=\"lazy\" decoding=\"async\" width=\"1900\" height=\"1267\" src=\"https:\/\/oncubanews.com\/en\/wp-content\/uploads\/2019\/05\/primero-de-mayo_ot_43-1.jpg\" class=\"attachment-full size-full\" alt=\"\" srcset=\"https:\/\/oncubanews.com\/en\/wp-content\/uploads\/2019\/05\/primero-de-mayo_ot_43-1.jpg 1900w, https:\/\/oncubanews.com\/en\/wp-content\/uploads\/2019\/05\/primero-de-mayo_ot_43-1-300x200.jpg 300w, https:\/\/oncubanews.com\/en\/wp-content\/uploads\/2019\/05\/primero-de-mayo_ot_43-1-768x512.jpg 768w, https:\/\/oncubanews.com\/en\/wp-content\/uploads\/2019\/05\/primero-de-mayo_ot_43-1-1024x683.jpg 1024w, https:\/\/oncubanews.com\/en\/wp-content\/uploads\/2019\/05\/primero-de-mayo_ot_43-1-750x500.jpg 750w, https:\/\/oncubanews.com\/en\/wp-content\/uploads\/2019\/05\/primero-de-mayo_ot_43-1-1140x760.jpg 1140w\" sizes=\"auto, (max-width: 1900px) 100vw, 1900px\" \/><\/a>\n\t\t\t<\/div><\/figure><figure class='gallery-item'>\n\t\t\t<div class='gallery-icon landscape'>\n\t\t\t\t<a href='https:\/\/oncubanews.com\/en\/cuba\/cuba-marches-for-may-day-and-in-rejection-of-u-s-sanctions\/attachment\/primero-de-mayo_ot_47-2\/'><img loading=\"lazy\" decoding=\"async\" width=\"1900\" height=\"1267\" src=\"https:\/\/oncubanews.com\/en\/wp-content\/uploads\/2019\/05\/primero-de-mayo_ot_47-1.jpg\" class=\"attachment-full size-full\" alt=\"\" srcset=\"https:\/\/oncubanews.com\/en\/wp-content\/uploads\/2019\/05\/primero-de-mayo_ot_47-1.jpg 1900w, https:\/\/oncubanews.com\/en\/wp-content\/uploads\/2019\/05\/primero-de-mayo_ot_47-1-300x200.jpg 300w, https:\/\/oncubanews.com\/en\/wp-content\/uploads\/2019\/05\/primero-de-mayo_ot_47-1-768x512.jpg 768w, https:\/\/oncubanews.com\/en\/wp-content\/uploads\/2019\/05\/primero-de-mayo_ot_47-1-1024x683.jpg 1024w, https:\/\/oncubanews.com\/en\/wp-content\/uploads\/2019\/05\/primero-de-mayo_ot_47-1-750x500.jpg 750w, https:\/\/oncubanews.com\/en\/wp-content\/uploads\/2019\/05\/primero-de-mayo_ot_47-1-1140x760.jpg 1140w\" sizes=\"auto, (max-width: 1900px) 100vw, 1900px\" \/><\/a>\n\t\t\t<\/div><\/figure>\n\t\t<\/div>\n\n<p><span style=\"font-weight: 400;\">From the early hours of the morning, participants began to move to the places planned for the pre-parade concentration, which began at 7:00 a.m. and lasted about two hours.<\/span><\/p>\n<p><span style=\"font-weight: 400;\">Unlike other years, there was no speaker at the beginning, and in its place the speech made 19 years ago by the late leader Fidel Castro, in which he defined the concept of Revolution, which is continuously cited in Cuba, was reproduced through the amplification system.<\/span><\/p>\n<figure id=\"attachment_198010\" aria-describedby=\"caption-attachment-198010\" style=\"width: 1900px\" class=\"wp-caption aligncenter\"><a href=\"https:\/\/oncubanews.com\/en\/wp-content\/uploads\/2019\/05\/primero-de-mayo_ot_20-1.jpg\"><img loading=\"lazy\" decoding=\"async\" class=\"size-full wp-image-198010\" src=\"https:\/\/oncubanews.com\/en\/wp-content\/uploads\/2019\/05\/primero-de-mayo_ot_20-1.jpg\" alt=\"International Workers Day parade, on May 1, 2019 in Havana\u2019s Jos\u00e9 Mart\u00ed Revolution Square. Photo: Otmaro Rodr\u00edguez.\" width=\"1900\" height=\"1267\" srcset=\"https:\/\/oncubanews.com\/en\/wp-content\/uploads\/2019\/05\/primero-de-mayo_ot_20-1.jpg 1900w, https:\/\/oncubanews.com\/en\/wp-content\/uploads\/2019\/05\/primero-de-mayo_ot_20-1-300x200.jpg 300w, https:\/\/oncubanews.com\/en\/wp-content\/uploads\/2019\/05\/primero-de-mayo_ot_20-1-768x512.jpg 768w, https:\/\/oncubanews.com\/en\/wp-content\/uploads\/2019\/05\/primero-de-mayo_ot_20-1-1024x683.jpg 1024w, https:\/\/oncubanews.com\/en\/wp-content\/uploads\/2019\/05\/primero-de-mayo_ot_20-1-750x500.jpg 750w, https:\/\/oncubanews.com\/en\/wp-content\/uploads\/2019\/05\/primero-de-mayo_ot_20-1-1140x760.jpg 1140w\" sizes=\"auto, (max-width: 1900px) 100vw, 1900px\" \/><\/a><figcaption id=\"caption-attachment-198010\" class=\"wp-caption-text\">International Workers Day parade, on May 1, 2019 in Havana\u2019s Jos\u00e9 Mart\u00ed Revolution Square. Photo: Otmaro Rodr\u00edguez.<\/figcaption><\/figure>\n<p><span style=\"font-weight: 400;\">&#8220;Unity, commitment and victory&#8221; was read on the banner that led the massive march, led by workers from the Cuban health sector, and in whose first rows were the doctors who returned from Brazil after the island withdrew its collaborators from the South American nation after ultra-rightist President Jair Bolsonaro came to power.<\/span><\/p>\n<p><span style=\"font-weight: 400;\">Representatives of the LGTBI community, which in recent years has achieved greater acceptance and visibility on the island, were also present along with student, labor and social groups.<\/span><\/p>\n<p><span style=\"font-weight: 400;\">The parade was inspired by the voices of broadcasters through huge loudspeakers placed on the street and broadcast live on national television. Banners with slogans in support of the Revolution, against U.S. sanctions, flags and signs identifying work centers marked the march, which had replicas throughout the country.<\/span><\/p>\n<div id='gallery-2' class='gallery galleryid-197999 gallery-columns-1 gallery-size-full'><figure class='gallery-item'>\n\t\t\t<div class='gallery-icon landscape'>\n\t\t\t\t<a href='https:\/\/oncubanews.com\/en\/cuba\/cuba-marches-for-may-day-and-in-rejection-of-u-s-sanctions\/attachment\/primero-de-mayo_ot_5-2\/'><img loading=\"lazy\" decoding=\"async\" width=\"1900\" height=\"1267\" src=\"https:\/\/oncubanews.com\/en\/wp-content\/uploads\/2019\/05\/primero-de-mayo_ot_5-1.jpg\" class=\"attachment-full size-full\" alt=\"\" srcset=\"https:\/\/oncubanews.com\/en\/wp-content\/uploads\/2019\/05\/primero-de-mayo_ot_5-1.jpg 1900w, https:\/\/oncubanews.com\/en\/wp-content\/uploads\/2019\/05\/primero-de-mayo_ot_5-1-300x200.jpg 300w, https:\/\/oncubanews.com\/en\/wp-content\/uploads\/2019\/05\/primero-de-mayo_ot_5-1-768x512.jpg 768w, https:\/\/oncubanews.com\/en\/wp-content\/uploads\/2019\/05\/primero-de-mayo_ot_5-1-1024x683.jpg 1024w, https:\/\/oncubanews.com\/en\/wp-content\/uploads\/2019\/05\/primero-de-mayo_ot_5-1-750x500.jpg 750w, https:\/\/oncubanews.com\/en\/wp-content\/uploads\/2019\/05\/primero-de-mayo_ot_5-1-1140x760.jpg 1140w\" sizes=\"auto, (max-width: 1900px) 100vw, 1900px\" \/><\/a>\n\t\t\t<\/div><\/figure><figure class='gallery-item'>\n\t\t\t<div class='gallery-icon landscape'>\n\t\t\t\t<a href='https:\/\/oncubanews.com\/en\/cuba\/cuba-marches-for-may-day-and-in-rejection-of-u-s-sanctions\/attachment\/primero-de-mayo_ot_10-2\/'><img loading=\"lazy\" decoding=\"async\" width=\"1900\" height=\"1267\" src=\"https:\/\/oncubanews.com\/en\/wp-content\/uploads\/2019\/05\/primero-de-mayo_ot_10-1.jpg\" class=\"attachment-full size-full\" alt=\"\" srcset=\"https:\/\/oncubanews.com\/en\/wp-content\/uploads\/2019\/05\/primero-de-mayo_ot_10-1.jpg 1900w, https:\/\/oncubanews.com\/en\/wp-content\/uploads\/2019\/05\/primero-de-mayo_ot_10-1-300x200.jpg 300w, https:\/\/oncubanews.com\/en\/wp-content\/uploads\/2019\/05\/primero-de-mayo_ot_10-1-768x512.jpg 768w, https:\/\/oncubanews.com\/en\/wp-content\/uploads\/2019\/05\/primero-de-mayo_ot_10-1-1024x683.jpg 1024w, https:\/\/oncubanews.com\/en\/wp-content\/uploads\/2019\/05\/primero-de-mayo_ot_10-1-750x500.jpg 750w, https:\/\/oncubanews.com\/en\/wp-content\/uploads\/2019\/05\/primero-de-mayo_ot_10-1-1140x760.jpg 1140w\" sizes=\"auto, (max-width: 1900px) 100vw, 1900px\" \/><\/a>\n\t\t\t<\/div><\/figure><figure class='gallery-item'>\n\t\t\t<div class='gallery-icon landscape'>\n\t\t\t\t<a href='https:\/\/oncubanews.com\/en\/cuba\/cuba-marches-for-may-day-and-in-rejection-of-u-s-sanctions\/attachment\/primero-de-mayo_ot_23-2\/'><img loading=\"lazy\" decoding=\"async\" width=\"1900\" height=\"1267\" src=\"https:\/\/oncubanews.com\/en\/wp-content\/uploads\/2019\/05\/primero-de-mayo_ot_23-1.jpg\" class=\"attachment-full size-full\" alt=\"\" srcset=\"https:\/\/oncubanews.com\/en\/wp-content\/uploads\/2019\/05\/primero-de-mayo_ot_23-1.jpg 1900w, https:\/\/oncubanews.com\/en\/wp-content\/uploads\/2019\/05\/primero-de-mayo_ot_23-1-300x200.jpg 300w, https:\/\/oncubanews.com\/en\/wp-content\/uploads\/2019\/05\/primero-de-mayo_ot_23-1-768x512.jpg 768w, https:\/\/oncubanews.com\/en\/wp-content\/uploads\/2019\/05\/primero-de-mayo_ot_23-1-1024x683.jpg 1024w, https:\/\/oncubanews.com\/en\/wp-content\/uploads\/2019\/05\/primero-de-mayo_ot_23-1-750x500.jpg 750w, https:\/\/oncubanews.com\/en\/wp-content\/uploads\/2019\/05\/primero-de-mayo_ot_23-1-1140x760.jpg 1140w\" sizes=\"auto, (max-width: 1900px) 100vw, 1900px\" \/><\/a>\n\t\t\t<\/div><\/figure><figure class='gallery-item'>\n\t\t\t<div class='gallery-icon landscape'>\n\t\t\t\t<a href='https:\/\/oncubanews.com\/en\/cuba\/cuba-marches-for-may-day-and-in-rejection-of-u-s-sanctions\/attachment\/primero-de-mayo_ot_24-2\/'><img loading=\"lazy\" decoding=\"async\" width=\"1900\" height=\"1267\" src=\"https:\/\/oncubanews.com\/en\/wp-content\/uploads\/2019\/05\/primero-de-mayo_ot_24-1.jpg\" class=\"attachment-full size-full\" alt=\"\" srcset=\"https:\/\/oncubanews.com\/en\/wp-content\/uploads\/2019\/05\/primero-de-mayo_ot_24-1.jpg 1900w, https:\/\/oncubanews.com\/en\/wp-content\/uploads\/2019\/05\/primero-de-mayo_ot_24-1-300x200.jpg 300w, https:\/\/oncubanews.com\/en\/wp-content\/uploads\/2019\/05\/primero-de-mayo_ot_24-1-768x512.jpg 768w, https:\/\/oncubanews.com\/en\/wp-content\/uploads\/2019\/05\/primero-de-mayo_ot_24-1-1024x683.jpg 1024w, https:\/\/oncubanews.com\/en\/wp-content\/uploads\/2019\/05\/primero-de-mayo_ot_24-1-750x500.jpg 750w, https:\/\/oncubanews.com\/en\/wp-content\/uploads\/2019\/05\/primero-de-mayo_ot_24-1-1140x760.jpg 1140w\" sizes=\"auto, (max-width: 1900px) 100vw, 1900px\" \/><\/a>\n\t\t\t<\/div><\/figure><figure class='gallery-item'>\n\t\t\t<div class='gallery-icon landscape'>\n\t\t\t\t<a href='https:\/\/oncubanews.com\/en\/cuba\/cuba-marches-for-may-day-and-in-rejection-of-u-s-sanctions\/attachment\/primero-de-mayo_ot_25-2\/'><img loading=\"lazy\" decoding=\"async\" width=\"1900\" height=\"1267\" src=\"https:\/\/oncubanews.com\/en\/wp-content\/uploads\/2019\/05\/primero-de-mayo_ot_25-1.jpg\" class=\"attachment-full size-full\" alt=\"\" srcset=\"https:\/\/oncubanews.com\/en\/wp-content\/uploads\/2019\/05\/primero-de-mayo_ot_25-1.jpg 1900w, https:\/\/oncubanews.com\/en\/wp-content\/uploads\/2019\/05\/primero-de-mayo_ot_25-1-300x200.jpg 300w, https:\/\/oncubanews.com\/en\/wp-content\/uploads\/2019\/05\/primero-de-mayo_ot_25-1-768x512.jpg 768w, https:\/\/oncubanews.com\/en\/wp-content\/uploads\/2019\/05\/primero-de-mayo_ot_25-1-1024x683.jpg 1024w, https:\/\/oncubanews.com\/en\/wp-content\/uploads\/2019\/05\/primero-de-mayo_ot_25-1-750x500.jpg 750w, https:\/\/oncubanews.com\/en\/wp-content\/uploads\/2019\/05\/primero-de-mayo_ot_25-1-1140x760.jpg 1140w\" sizes=\"auto, (max-width: 1900px) 100vw, 1900px\" \/><\/a>\n\t\t\t<\/div><\/figure><figure class='gallery-item'>\n\t\t\t<div class='gallery-icon landscape'>\n\t\t\t\t<a href='https:\/\/oncubanews.com\/en\/cuba\/cuba-marches-for-may-day-and-in-rejection-of-u-s-sanctions\/attachment\/primero-de-mayo_ot_26-2\/'><img loading=\"lazy\" decoding=\"async\" width=\"1900\" height=\"1267\" src=\"https:\/\/oncubanews.com\/en\/wp-content\/uploads\/2019\/05\/primero-de-mayo_ot_26-1.jpg\" class=\"attachment-full size-full\" alt=\"\" srcset=\"https:\/\/oncubanews.com\/en\/wp-content\/uploads\/2019\/05\/primero-de-mayo_ot_26-1.jpg 1900w, https:\/\/oncubanews.com\/en\/wp-content\/uploads\/2019\/05\/primero-de-mayo_ot_26-1-300x200.jpg 300w, https:\/\/oncubanews.com\/en\/wp-content\/uploads\/2019\/05\/primero-de-mayo_ot_26-1-768x512.jpg 768w, https:\/\/oncubanews.com\/en\/wp-content\/uploads\/2019\/05\/primero-de-mayo_ot_26-1-1024x683.jpg 1024w, https:\/\/oncubanews.com\/en\/wp-content\/uploads\/2019\/05\/primero-de-mayo_ot_26-1-750x500.jpg 750w, https:\/\/oncubanews.com\/en\/wp-content\/uploads\/2019\/05\/primero-de-mayo_ot_26-1-1140x760.jpg 1140w\" sizes=\"auto, (max-width: 1900px) 100vw, 1900px\" \/><\/a>\n\t\t\t<\/div><\/figure><figure class='gallery-item'>\n\t\t\t<div class='gallery-icon landscape'>\n\t\t\t\t<a href='https:\/\/oncubanews.com\/en\/cuba\/cuba-marches-for-may-day-and-in-rejection-of-u-s-sanctions\/attachment\/primero-de-mayo_ot_27-2\/'><img loading=\"lazy\" decoding=\"async\" width=\"1900\" height=\"1267\" src=\"https:\/\/oncubanews.com\/en\/wp-content\/uploads\/2019\/05\/primero-de-mayo_ot_27-1.jpg\" class=\"attachment-full size-full\" alt=\"\" srcset=\"https:\/\/oncubanews.com\/en\/wp-content\/uploads\/2019\/05\/primero-de-mayo_ot_27-1.jpg 1900w, https:\/\/oncubanews.com\/en\/wp-content\/uploads\/2019\/05\/primero-de-mayo_ot_27-1-300x200.jpg 300w, https:\/\/oncubanews.com\/en\/wp-content\/uploads\/2019\/05\/primero-de-mayo_ot_27-1-768x512.jpg 768w, https:\/\/oncubanews.com\/en\/wp-content\/uploads\/2019\/05\/primero-de-mayo_ot_27-1-1024x683.jpg 1024w, https:\/\/oncubanews.com\/en\/wp-content\/uploads\/2019\/05\/primero-de-mayo_ot_27-1-750x500.jpg 750w, https:\/\/oncubanews.com\/en\/wp-content\/uploads\/2019\/05\/primero-de-mayo_ot_27-1-1140x760.jpg 1140w\" sizes=\"auto, (max-width: 1900px) 100vw, 1900px\" \/><\/a>\n\t\t\t<\/div><\/figure><figure class='gallery-item'>\n\t\t\t<div class='gallery-icon landscape'>\n\t\t\t\t<a href='https:\/\/oncubanews.com\/en\/cuba\/cuba-marches-for-may-day-and-in-rejection-of-u-s-sanctions\/attachment\/primero-de-mayo_ot_28-2\/'><img loading=\"lazy\" decoding=\"async\" width=\"1900\" height=\"1267\" src=\"https:\/\/oncubanews.com\/en\/wp-content\/uploads\/2019\/05\/primero-de-mayo_ot_28-1.jpg\" class=\"attachment-full size-full\" alt=\"\" srcset=\"https:\/\/oncubanews.com\/en\/wp-content\/uploads\/2019\/05\/primero-de-mayo_ot_28-1.jpg 1900w, https:\/\/oncubanews.com\/en\/wp-content\/uploads\/2019\/05\/primero-de-mayo_ot_28-1-300x200.jpg 300w, https:\/\/oncubanews.com\/en\/wp-content\/uploads\/2019\/05\/primero-de-mayo_ot_28-1-768x512.jpg 768w, https:\/\/oncubanews.com\/en\/wp-content\/uploads\/2019\/05\/primero-de-mayo_ot_28-1-1024x683.jpg 1024w, https:\/\/oncubanews.com\/en\/wp-content\/uploads\/2019\/05\/primero-de-mayo_ot_28-1-750x500.jpg 750w, https:\/\/oncubanews.com\/en\/wp-content\/uploads\/2019\/05\/primero-de-mayo_ot_28-1-1140x760.jpg 1140w\" sizes=\"auto, (max-width: 1900px) 100vw, 1900px\" \/><\/a>\n\t\t\t<\/div><\/figure><figure class='gallery-item'>\n\t\t\t<div class='gallery-icon landscape'>\n\t\t\t\t<a href='https:\/\/oncubanews.com\/en\/cuba\/cuba-marches-for-may-day-and-in-rejection-of-u-s-sanctions\/attachment\/primero-de-mayo_ot_31-2\/'><img loading=\"lazy\" decoding=\"async\" width=\"1900\" height=\"1267\" src=\"https:\/\/oncubanews.com\/en\/wp-content\/uploads\/2019\/05\/primero-de-mayo_ot_31-1.jpg\" class=\"attachment-full size-full\" alt=\"\" srcset=\"https:\/\/oncubanews.com\/en\/wp-content\/uploads\/2019\/05\/primero-de-mayo_ot_31-1.jpg 1900w, https:\/\/oncubanews.com\/en\/wp-content\/uploads\/2019\/05\/primero-de-mayo_ot_31-1-300x200.jpg 300w, https:\/\/oncubanews.com\/en\/wp-content\/uploads\/2019\/05\/primero-de-mayo_ot_31-1-768x512.jpg 768w, https:\/\/oncubanews.com\/en\/wp-content\/uploads\/2019\/05\/primero-de-mayo_ot_31-1-1024x683.jpg 1024w, https:\/\/oncubanews.com\/en\/wp-content\/uploads\/2019\/05\/primero-de-mayo_ot_31-1-750x500.jpg 750w, https:\/\/oncubanews.com\/en\/wp-content\/uploads\/2019\/05\/primero-de-mayo_ot_31-1-1140x760.jpg 1140w\" sizes=\"auto, (max-width: 1900px) 100vw, 1900px\" \/><\/a>\n\t\t\t<\/div><\/figure><figure class='gallery-item'>\n\t\t\t<div class='gallery-icon landscape'>\n\t\t\t\t<a href='https:\/\/oncubanews.com\/en\/cuba\/cuba-marches-for-may-day-and-in-rejection-of-u-s-sanctions\/attachment\/primero-de-mayo_ot_38-2\/'><img loading=\"lazy\" decoding=\"async\" width=\"1900\" height=\"1267\" src=\"https:\/\/oncubanews.com\/en\/wp-content\/uploads\/2019\/05\/primero-de-mayo_ot_38-1.jpg\" class=\"attachment-full size-full\" alt=\"\" srcset=\"https:\/\/oncubanews.com\/en\/wp-content\/uploads\/2019\/05\/primero-de-mayo_ot_38-1.jpg 1900w, https:\/\/oncubanews.com\/en\/wp-content\/uploads\/2019\/05\/primero-de-mayo_ot_38-1-300x200.jpg 300w, https:\/\/oncubanews.com\/en\/wp-content\/uploads\/2019\/05\/primero-de-mayo_ot_38-1-768x512.jpg 768w, https:\/\/oncubanews.com\/en\/wp-content\/uploads\/2019\/05\/primero-de-mayo_ot_38-1-1024x683.jpg 1024w, https:\/\/oncubanews.com\/en\/wp-content\/uploads\/2019\/05\/primero-de-mayo_ot_38-1-750x500.jpg 750w, https:\/\/oncubanews.com\/en\/wp-content\/uploads\/2019\/05\/primero-de-mayo_ot_38-1-1140x760.jpg 1140w\" sizes=\"auto, (max-width: 1900px) 100vw, 1900px\" \/><\/a>\n\t\t\t<\/div><\/figure><figure class='gallery-item'>\n\t\t\t<div class='gallery-icon landscape'>\n\t\t\t\t<a href='https:\/\/oncubanews.com\/en\/cuba\/cuba-marches-for-may-day-and-in-rejection-of-u-s-sanctions\/attachment\/primero-de-mayo_ot_40-2\/'><img loading=\"lazy\" decoding=\"async\" width=\"1900\" height=\"1267\" src=\"https:\/\/oncubanews.com\/en\/wp-content\/uploads\/2019\/05\/primero-de-mayo_ot_40-1.jpg\" class=\"attachment-full size-full\" alt=\"\" srcset=\"https:\/\/oncubanews.com\/en\/wp-content\/uploads\/2019\/05\/primero-de-mayo_ot_40-1.jpg 1900w, https:\/\/oncubanews.com\/en\/wp-content\/uploads\/2019\/05\/primero-de-mayo_ot_40-1-300x200.jpg 300w, https:\/\/oncubanews.com\/en\/wp-content\/uploads\/2019\/05\/primero-de-mayo_ot_40-1-768x512.jpg 768w, https:\/\/oncubanews.com\/en\/wp-content\/uploads\/2019\/05\/primero-de-mayo_ot_40-1-1024x683.jpg 1024w, https:\/\/oncubanews.com\/en\/wp-content\/uploads\/2019\/05\/primero-de-mayo_ot_40-1-750x500.jpg 750w, https:\/\/oncubanews.com\/en\/wp-content\/uploads\/2019\/05\/primero-de-mayo_ot_40-1-1140x760.jpg 1140w\" sizes=\"auto, (max-width: 1900px) 100vw, 1900px\" \/><\/a>\n\t\t\t<\/div><\/figure><figure class='gallery-item'>\n\t\t\t<div class='gallery-icon landscape'>\n\t\t\t\t<a href='https:\/\/oncubanews.com\/en\/cuba\/cuba-marches-for-may-day-and-in-rejection-of-u-s-sanctions\/attachment\/primero-de-mayo_ot_46-2\/'><img loading=\"lazy\" decoding=\"async\" width=\"1900\" height=\"1267\" src=\"https:\/\/oncubanews.com\/en\/wp-content\/uploads\/2019\/05\/primero-de-mayo_ot_46-1.jpg\" class=\"attachment-full size-full\" alt=\"\" srcset=\"https:\/\/oncubanews.com\/en\/wp-content\/uploads\/2019\/05\/primero-de-mayo_ot_46-1.jpg 1900w, https:\/\/oncubanews.com\/en\/wp-content\/uploads\/2019\/05\/primero-de-mayo_ot_46-1-300x200.jpg 300w, https:\/\/oncubanews.com\/en\/wp-content\/uploads\/2019\/05\/primero-de-mayo_ot_46-1-768x512.jpg 768w, https:\/\/oncubanews.com\/en\/wp-content\/uploads\/2019\/05\/primero-de-mayo_ot_46-1-1024x683.jpg 1024w, https:\/\/oncubanews.com\/en\/wp-content\/uploads\/2019\/05\/primero-de-mayo_ot_46-1-750x500.jpg 750w, https:\/\/oncubanews.com\/en\/wp-content\/uploads\/2019\/05\/primero-de-mayo_ot_46-1-1140x760.jpg 1140w\" sizes=\"auto, (max-width: 1900px) 100vw, 1900px\" \/><\/a>\n\t\t\t<\/div><\/figure>\n\t\t<\/div>\n\n<p><span style=\"font-weight: 400;\"><em>International Workers Day<\/em> was celebrated at a time marked by the strengthening of U.S. sanctions, which were repeatedly mentioned and criticized by the broadcasters. &#8220;We don\u2019t agree with <\/span><a href=\"https:\/\/oncubanews.com\/tag\/helms-burton\/\" target=\"_blank\" rel=\"noopener noreferrer\"><span style=\"font-weight: 400;\">the Helms-Burton<\/span><\/a><span style=\"font-weight: 400;\">&#8221; and &#8220;no foreign or extraterritorial law will decide in our country,&#8221; were some of the phrases heard through the loudspeakers.<\/span><\/p>\n<p><span style=\"font-weight: 400;\">Trump&#8217;s adviser, John Bolton, announced this month the limiting of remittances that can be sent to Cuba from the United States to &#8220;1,000 dollars per person per quarter&#8221; and the State Department confirmed that it is studying the elimination of some of the categories that allow Americans to travel legally to the Island.<\/span><\/p>\n<div id='gallery-3' class='gallery galleryid-197999 gallery-columns-1 gallery-size-full'><figure class='gallery-item'>\n\t\t\t<div class='gallery-icon landscape'>\n\t\t\t\t<a href='https:\/\/oncubanews.com\/en\/cuba\/cuba-marches-for-may-day-and-in-rejection-of-u-s-sanctions\/attachment\/primero-de-mayo_ot_2-2\/'><img loading=\"lazy\" decoding=\"async\" width=\"1900\" height=\"1267\" src=\"https:\/\/oncubanews.com\/en\/wp-content\/uploads\/2019\/05\/primero-de-mayo_ot_2-1.jpg\" class=\"attachment-full size-full\" alt=\"\" srcset=\"https:\/\/oncubanews.com\/en\/wp-content\/uploads\/2019\/05\/primero-de-mayo_ot_2-1.jpg 1900w, https:\/\/oncubanews.com\/en\/wp-content\/uploads\/2019\/05\/primero-de-mayo_ot_2-1-300x200.jpg 300w, https:\/\/oncubanews.com\/en\/wp-content\/uploads\/2019\/05\/primero-de-mayo_ot_2-1-768x512.jpg 768w, https:\/\/oncubanews.com\/en\/wp-content\/uploads\/2019\/05\/primero-de-mayo_ot_2-1-1024x683.jpg 1024w, https:\/\/oncubanews.com\/en\/wp-content\/uploads\/2019\/05\/primero-de-mayo_ot_2-1-750x500.jpg 750w, https:\/\/oncubanews.com\/en\/wp-content\/uploads\/2019\/05\/primero-de-mayo_ot_2-1-1140x760.jpg 1140w\" sizes=\"auto, (max-width: 1900px) 100vw, 1900px\" \/><\/a>\n\t\t\t<\/div><\/figure><figure class='gallery-item'>\n\t\t\t<div class='gallery-icon landscape'>\n\t\t\t\t<a href='https:\/\/oncubanews.com\/en\/cuba\/cuba-marches-for-may-day-and-in-rejection-of-u-s-sanctions\/attachment\/primero-de-mayo_ot_3-2\/'><img loading=\"lazy\" decoding=\"async\" width=\"1900\" height=\"1267\" src=\"https:\/\/oncubanews.com\/en\/wp-content\/uploads\/2019\/05\/primero-de-mayo_ot_3-1.jpg\" class=\"attachment-full size-full\" alt=\"\" srcset=\"https:\/\/oncubanews.com\/en\/wp-content\/uploads\/2019\/05\/primero-de-mayo_ot_3-1.jpg 1900w, https:\/\/oncubanews.com\/en\/wp-content\/uploads\/2019\/05\/primero-de-mayo_ot_3-1-300x200.jpg 300w, https:\/\/oncubanews.com\/en\/wp-content\/uploads\/2019\/05\/primero-de-mayo_ot_3-1-768x512.jpg 768w, https:\/\/oncubanews.com\/en\/wp-content\/uploads\/2019\/05\/primero-de-mayo_ot_3-1-1024x683.jpg 1024w, https:\/\/oncubanews.com\/en\/wp-content\/uploads\/2019\/05\/primero-de-mayo_ot_3-1-750x500.jpg 750w, https:\/\/oncubanews.com\/en\/wp-content\/uploads\/2019\/05\/primero-de-mayo_ot_3-1-1140x760.jpg 1140w\" sizes=\"auto, (max-width: 1900px) 100vw, 1900px\" \/><\/a>\n\t\t\t<\/div><\/figure><figure class='gallery-item'>\n\t\t\t<div class='gallery-icon landscape'>\n\t\t\t\t<a href='https:\/\/oncubanews.com\/en\/cuba\/cuba-marches-for-may-day-and-in-rejection-of-u-s-sanctions\/attachment\/primero-de-mayo_ot_12-2\/'><img loading=\"lazy\" decoding=\"async\" width=\"1900\" height=\"1267\" src=\"https:\/\/oncubanews.com\/en\/wp-content\/uploads\/2019\/05\/primero-de-mayo_ot_12-1.jpg\" class=\"attachment-full size-full\" alt=\"\" srcset=\"https:\/\/oncubanews.com\/en\/wp-content\/uploads\/2019\/05\/primero-de-mayo_ot_12-1.jpg 1900w, https:\/\/oncubanews.com\/en\/wp-content\/uploads\/2019\/05\/primero-de-mayo_ot_12-1-300x200.jpg 300w, https:\/\/oncubanews.com\/en\/wp-content\/uploads\/2019\/05\/primero-de-mayo_ot_12-1-768x512.jpg 768w, https:\/\/oncubanews.com\/en\/wp-content\/uploads\/2019\/05\/primero-de-mayo_ot_12-1-1024x683.jpg 1024w, https:\/\/oncubanews.com\/en\/wp-content\/uploads\/2019\/05\/primero-de-mayo_ot_12-1-750x500.jpg 750w, https:\/\/oncubanews.com\/en\/wp-content\/uploads\/2019\/05\/primero-de-mayo_ot_12-1-1140x760.jpg 1140w\" sizes=\"auto, (max-width: 1900px) 100vw, 1900px\" \/><\/a>\n\t\t\t<\/div><\/figure><figure class='gallery-item'>\n\t\t\t<div class='gallery-icon landscape'>\n\t\t\t\t<a href='https:\/\/oncubanews.com\/en\/cuba\/cuba-marches-for-may-day-and-in-rejection-of-u-s-sanctions\/attachment\/primero-de-mayo_ot_13-2\/'><img loading=\"lazy\" decoding=\"async\" width=\"1900\" height=\"1267\" src=\"https:\/\/oncubanews.com\/en\/wp-content\/uploads\/2019\/05\/primero-de-mayo_ot_13-1.jpg\" class=\"attachment-full size-full\" alt=\"\" srcset=\"https:\/\/oncubanews.com\/en\/wp-content\/uploads\/2019\/05\/primero-de-mayo_ot_13-1.jpg 1900w, https:\/\/oncubanews.com\/en\/wp-content\/uploads\/2019\/05\/primero-de-mayo_ot_13-1-300x200.jpg 300w, https:\/\/oncubanews.com\/en\/wp-content\/uploads\/2019\/05\/primero-de-mayo_ot_13-1-768x512.jpg 768w, https:\/\/oncubanews.com\/en\/wp-content\/uploads\/2019\/05\/primero-de-mayo_ot_13-1-1024x683.jpg 1024w, https:\/\/oncubanews.com\/en\/wp-content\/uploads\/2019\/05\/primero-de-mayo_ot_13-1-750x500.jpg 750w, https:\/\/oncubanews.com\/en\/wp-content\/uploads\/2019\/05\/primero-de-mayo_ot_13-1-1140x760.jpg 1140w\" sizes=\"auto, (max-width: 1900px) 100vw, 1900px\" \/><\/a>\n\t\t\t<\/div><\/figure><figure class='gallery-item'>\n\t\t\t<div class='gallery-icon landscape'>\n\t\t\t\t<a href='https:\/\/oncubanews.com\/en\/cuba\/cuba-marches-for-may-day-and-in-rejection-of-u-s-sanctions\/attachment\/primero-de-mayo_ot_16-2\/'><img loading=\"lazy\" decoding=\"async\" width=\"1900\" height=\"1267\" src=\"https:\/\/oncubanews.com\/en\/wp-content\/uploads\/2019\/05\/primero-de-mayo_ot_16-1.jpg\" class=\"attachment-full size-full\" alt=\"\" srcset=\"https:\/\/oncubanews.com\/en\/wp-content\/uploads\/2019\/05\/primero-de-mayo_ot_16-1.jpg 1900w, https:\/\/oncubanews.com\/en\/wp-content\/uploads\/2019\/05\/primero-de-mayo_ot_16-1-300x200.jpg 300w, https:\/\/oncubanews.com\/en\/wp-content\/uploads\/2019\/05\/primero-de-mayo_ot_16-1-768x512.jpg 768w, https:\/\/oncubanews.com\/en\/wp-content\/uploads\/2019\/05\/primero-de-mayo_ot_16-1-1024x683.jpg 1024w, https:\/\/oncubanews.com\/en\/wp-content\/uploads\/2019\/05\/primero-de-mayo_ot_16-1-750x500.jpg 750w, https:\/\/oncubanews.com\/en\/wp-content\/uploads\/2019\/05\/primero-de-mayo_ot_16-1-1140x760.jpg 1140w\" sizes=\"auto, (max-width: 1900px) 100vw, 1900px\" \/><\/a>\n\t\t\t<\/div><\/figure><figure class='gallery-item'>\n\t\t\t<div class='gallery-icon landscape'>\n\t\t\t\t<a href='https:\/\/oncubanews.com\/en\/cuba\/cuba-marches-for-may-day-and-in-rejection-of-u-s-sanctions\/attachment\/primero-de-mayo_ot_17-2\/'><img loading=\"lazy\" decoding=\"async\" width=\"1900\" height=\"1267\" src=\"https:\/\/oncubanews.com\/en\/wp-content\/uploads\/2019\/05\/primero-de-mayo_ot_17-1.jpg\" class=\"attachment-full size-full\" alt=\"\" srcset=\"https:\/\/oncubanews.com\/en\/wp-content\/uploads\/2019\/05\/primero-de-mayo_ot_17-1.jpg 1900w, https:\/\/oncubanews.com\/en\/wp-content\/uploads\/2019\/05\/primero-de-mayo_ot_17-1-300x200.jpg 300w, https:\/\/oncubanews.com\/en\/wp-content\/uploads\/2019\/05\/primero-de-mayo_ot_17-1-768x512.jpg 768w, https:\/\/oncubanews.com\/en\/wp-content\/uploads\/2019\/05\/primero-de-mayo_ot_17-1-1024x683.jpg 1024w, https:\/\/oncubanews.com\/en\/wp-content\/uploads\/2019\/05\/primero-de-mayo_ot_17-1-750x500.jpg 750w, https:\/\/oncubanews.com\/en\/wp-content\/uploads\/2019\/05\/primero-de-mayo_ot_17-1-1140x760.jpg 1140w\" sizes=\"auto, (max-width: 1900px) 100vw, 1900px\" \/><\/a>\n\t\t\t<\/div><\/figure><figure class='gallery-item'>\n\t\t\t<div class='gallery-icon landscape'>\n\t\t\t\t<a href='https:\/\/oncubanews.com\/en\/cuba\/cuba-marches-for-may-day-and-in-rejection-of-u-s-sanctions\/attachment\/primero-de-mayo_ot_21-2\/'><img loading=\"lazy\" decoding=\"async\" width=\"1900\" height=\"1267\" src=\"https:\/\/oncubanews.com\/en\/wp-content\/uploads\/2019\/05\/primero-de-mayo_ot_21-1.jpg\" class=\"attachment-full size-full\" alt=\"\" srcset=\"https:\/\/oncubanews.com\/en\/wp-content\/uploads\/2019\/05\/primero-de-mayo_ot_21-1.jpg 1900w, https:\/\/oncubanews.com\/en\/wp-content\/uploads\/2019\/05\/primero-de-mayo_ot_21-1-300x200.jpg 300w, https:\/\/oncubanews.com\/en\/wp-content\/uploads\/2019\/05\/primero-de-mayo_ot_21-1-768x512.jpg 768w, https:\/\/oncubanews.com\/en\/wp-content\/uploads\/2019\/05\/primero-de-mayo_ot_21-1-1024x683.jpg 1024w, https:\/\/oncubanews.com\/en\/wp-content\/uploads\/2019\/05\/primero-de-mayo_ot_21-1-750x500.jpg 750w, https:\/\/oncubanews.com\/en\/wp-content\/uploads\/2019\/05\/primero-de-mayo_ot_21-1-1140x760.jpg 1140w\" sizes=\"auto, (max-width: 1900px) 100vw, 1900px\" \/><\/a>\n\t\t\t<\/div><\/figure><figure class='gallery-item'>\n\t\t\t<div class='gallery-icon landscape'>\n\t\t\t\t<a href='https:\/\/oncubanews.com\/en\/cuba\/cuba-marches-for-may-day-and-in-rejection-of-u-s-sanctions\/attachment\/primero-de-mayo_ot_22-2\/'><img loading=\"lazy\" decoding=\"async\" width=\"1900\" height=\"1267\" src=\"https:\/\/oncubanews.com\/en\/wp-content\/uploads\/2019\/05\/primero-de-mayo_ot_22-1.jpg\" class=\"attachment-full size-full\" alt=\"\" srcset=\"https:\/\/oncubanews.com\/en\/wp-content\/uploads\/2019\/05\/primero-de-mayo_ot_22-1.jpg 1900w, https:\/\/oncubanews.com\/en\/wp-content\/uploads\/2019\/05\/primero-de-mayo_ot_22-1-300x200.jpg 300w, https:\/\/oncubanews.com\/en\/wp-content\/uploads\/2019\/05\/primero-de-mayo_ot_22-1-768x512.jpg 768w, https:\/\/oncubanews.com\/en\/wp-content\/uploads\/2019\/05\/primero-de-mayo_ot_22-1-1024x683.jpg 1024w, https:\/\/oncubanews.com\/en\/wp-content\/uploads\/2019\/05\/primero-de-mayo_ot_22-1-750x500.jpg 750w, https:\/\/oncubanews.com\/en\/wp-content\/uploads\/2019\/05\/primero-de-mayo_ot_22-1-1140x760.jpg 1140w\" sizes=\"auto, (max-width: 1900px) 100vw, 1900px\" \/><\/a>\n\t\t\t<\/div><\/figure><figure class='gallery-item'>\n\t\t\t<div class='gallery-icon landscape'>\n\t\t\t\t<a href='https:\/\/oncubanews.com\/en\/cuba\/cuba-marches-for-may-day-and-in-rejection-of-u-s-sanctions\/attachment\/primero-de-mayo_ot_29-2\/'><img loading=\"lazy\" decoding=\"async\" width=\"1900\" height=\"1267\" src=\"https:\/\/oncubanews.com\/en\/wp-content\/uploads\/2019\/05\/primero-de-mayo_ot_29-1.jpg\" class=\"attachment-full size-full\" alt=\"\" srcset=\"https:\/\/oncubanews.com\/en\/wp-content\/uploads\/2019\/05\/primero-de-mayo_ot_29-1.jpg 1900w, https:\/\/oncubanews.com\/en\/wp-content\/uploads\/2019\/05\/primero-de-mayo_ot_29-1-300x200.jpg 300w, https:\/\/oncubanews.com\/en\/wp-content\/uploads\/2019\/05\/primero-de-mayo_ot_29-1-768x512.jpg 768w, https:\/\/oncubanews.com\/en\/wp-content\/uploads\/2019\/05\/primero-de-mayo_ot_29-1-1024x683.jpg 1024w, https:\/\/oncubanews.com\/en\/wp-content\/uploads\/2019\/05\/primero-de-mayo_ot_29-1-750x500.jpg 750w, https:\/\/oncubanews.com\/en\/wp-content\/uploads\/2019\/05\/primero-de-mayo_ot_29-1-1140x760.jpg 1140w\" sizes=\"auto, (max-width: 1900px) 100vw, 1900px\" \/><\/a>\n\t\t\t<\/div><\/figure><figure class='gallery-item'>\n\t\t\t<div class='gallery-icon landscape'>\n\t\t\t\t<a href='https:\/\/oncubanews.com\/en\/cuba\/cuba-marches-for-may-day-and-in-rejection-of-u-s-sanctions\/attachment\/primero-de-mayo_ot_32-2\/'><img loading=\"lazy\" decoding=\"async\" width=\"1900\" height=\"1267\" src=\"https:\/\/oncubanews.com\/en\/wp-content\/uploads\/2019\/05\/primero-de-mayo_ot_32-1.jpg\" class=\"attachment-full size-full\" alt=\"\" srcset=\"https:\/\/oncubanews.com\/en\/wp-content\/uploads\/2019\/05\/primero-de-mayo_ot_32-1.jpg 1900w, https:\/\/oncubanews.com\/en\/wp-content\/uploads\/2019\/05\/primero-de-mayo_ot_32-1-300x200.jpg 300w, https:\/\/oncubanews.com\/en\/wp-content\/uploads\/2019\/05\/primero-de-mayo_ot_32-1-768x512.jpg 768w, https:\/\/oncubanews.com\/en\/wp-content\/uploads\/2019\/05\/primero-de-mayo_ot_32-1-1024x683.jpg 1024w, https:\/\/oncubanews.com\/en\/wp-content\/uploads\/2019\/05\/primero-de-mayo_ot_32-1-750x500.jpg 750w, https:\/\/oncubanews.com\/en\/wp-content\/uploads\/2019\/05\/primero-de-mayo_ot_32-1-1140x760.jpg 1140w\" sizes=\"auto, (max-width: 1900px) 100vw, 1900px\" \/><\/a>\n\t\t\t<\/div><\/figure><figure class='gallery-item'>\n\t\t\t<div class='gallery-icon landscape'>\n\t\t\t\t<a href='https:\/\/oncubanews.com\/en\/cuba\/cuba-marches-for-may-day-and-in-rejection-of-u-s-sanctions\/attachment\/primero-de-mayo_ot_41-2\/'><img loading=\"lazy\" decoding=\"async\" width=\"1900\" height=\"1267\" src=\"https:\/\/oncubanews.com\/en\/wp-content\/uploads\/2019\/05\/primero-de-mayo_ot_41-1.jpg\" class=\"attachment-full size-full\" alt=\"\" srcset=\"https:\/\/oncubanews.com\/en\/wp-content\/uploads\/2019\/05\/primero-de-mayo_ot_41-1.jpg 1900w, https:\/\/oncubanews.com\/en\/wp-content\/uploads\/2019\/05\/primero-de-mayo_ot_41-1-300x200.jpg 300w, https:\/\/oncubanews.com\/en\/wp-content\/uploads\/2019\/05\/primero-de-mayo_ot_41-1-768x512.jpg 768w, https:\/\/oncubanews.com\/en\/wp-content\/uploads\/2019\/05\/primero-de-mayo_ot_41-1-1024x683.jpg 1024w, https:\/\/oncubanews.com\/en\/wp-content\/uploads\/2019\/05\/primero-de-mayo_ot_41-1-750x500.jpg 750w, https:\/\/oncubanews.com\/en\/wp-content\/uploads\/2019\/05\/primero-de-mayo_ot_41-1-1140x760.jpg 1140w\" sizes=\"auto, (max-width: 1900px) 100vw, 1900px\" \/><\/a>\n\t\t\t<\/div><\/figure><figure class='gallery-item'>\n\t\t\t<div class='gallery-icon landscape'>\n\t\t\t\t<a href='https:\/\/oncubanews.com\/en\/cuba\/cuba-marches-for-may-day-and-in-rejection-of-u-s-sanctions\/attachment\/primero-de-mayo_ot_44-2\/'><img loading=\"lazy\" decoding=\"async\" width=\"1900\" height=\"1267\" src=\"https:\/\/oncubanews.com\/en\/wp-content\/uploads\/2019\/05\/primero-de-mayo_ot_44-1.jpg\" class=\"attachment-full size-full\" alt=\"\" srcset=\"https:\/\/oncubanews.com\/en\/wp-content\/uploads\/2019\/05\/primero-de-mayo_ot_44-1.jpg 1900w, https:\/\/oncubanews.com\/en\/wp-content\/uploads\/2019\/05\/primero-de-mayo_ot_44-1-300x200.jpg 300w, https:\/\/oncubanews.com\/en\/wp-content\/uploads\/2019\/05\/primero-de-mayo_ot_44-1-768x512.jpg 768w, https:\/\/oncubanews.com\/en\/wp-content\/uploads\/2019\/05\/primero-de-mayo_ot_44-1-1024x683.jpg 1024w, https:\/\/oncubanews.com\/en\/wp-content\/uploads\/2019\/05\/primero-de-mayo_ot_44-1-750x500.jpg 750w, https:\/\/oncubanews.com\/en\/wp-content\/uploads\/2019\/05\/primero-de-mayo_ot_44-1-1140x760.jpg 1140w\" sizes=\"auto, (max-width: 1900px) 100vw, 1900px\" \/><\/a>\n\t\t\t<\/div><\/figure>\n\t\t<\/div>\n\n<p><span style=\"font-weight: 400;\">In addition, as of this Thursday, Washington will allow claims in U.S. courts against multinational companies operating on plots of land or property expropriated after the 1959 Revolution, which further toughens the embargo and threatens to discourage foreign investment.<\/span><\/p>\n<p><span style=\"font-weight: 400;\">Moreover, President Donald Trump threatened Cuba this Tuesday with a &#8220;full and complete&#8221; embargo and deepening sanctions at the highest level if the island does not withdraw its alleged military forces from Venezuela, whose presence Havana denies.<\/span><\/p>\n<p><span style=\"font-weight: 400;\">Precisely, slogans in favor of the government of Nicol\u00e1s Maduro, Cuba&#8217;s main partner in the region, and in rejection of the &#8220;<\/span><a href=\"https:\/\/oncubanews.com\/mundo\/america-latina\/maduro-desmiente-que-pretendiera-abandonar-venezuela-y-refugiarse-en-cuba\/\" target=\"_blank\" rel=\"noopener noreferrer\"><span style=\"font-weight: 400;\">failed coup<\/span><\/a><span style=\"font-weight: 400;\"> d\u2019\u00e9tat&#8221; this Tuesday, were also heard during the parade.<\/span><\/p>\n<figure id=\"attachment_198035\" aria-describedby=\"caption-attachment-198035\" style=\"width: 1900px\" class=\"wp-caption aligncenter\"><a href=\"https:\/\/oncubanews.com\/en\/wp-content\/uploads\/2019\/05\/primero-de-mayo_ot_45-1.jpg\"><img loading=\"lazy\" decoding=\"async\" class=\"size-full wp-image-198035\" src=\"https:\/\/oncubanews.com\/en\/wp-content\/uploads\/2019\/05\/primero-de-mayo_ot_45-1.jpg\" alt=\"Flag of Venezuela in the International Workers Day parade, on May 1, 2019 in Havana\u2019s Jos\u00e9 Mart\u00ed Revolution Square. Photo: Otmaro Rodr\u00edguez.\" width=\"1900\" height=\"1267\" srcset=\"https:\/\/oncubanews.com\/en\/wp-content\/uploads\/2019\/05\/primero-de-mayo_ot_45-1.jpg 1900w, https:\/\/oncubanews.com\/en\/wp-content\/uploads\/2019\/05\/primero-de-mayo_ot_45-1-300x200.jpg 300w, https:\/\/oncubanews.com\/en\/wp-content\/uploads\/2019\/05\/primero-de-mayo_ot_45-1-768x512.jpg 768w, https:\/\/oncubanews.com\/en\/wp-content\/uploads\/2019\/05\/primero-de-mayo_ot_45-1-1024x683.jpg 1024w, https:\/\/oncubanews.com\/en\/wp-content\/uploads\/2019\/05\/primero-de-mayo_ot_45-1-750x500.jpg 750w, https:\/\/oncubanews.com\/en\/wp-content\/uploads\/2019\/05\/primero-de-mayo_ot_45-1-1140x760.jpg 1140w\" sizes=\"auto, (max-width: 1900px) 100vw, 1900px\" \/><\/a><figcaption id=\"caption-attachment-198035\" class=\"wp-caption-text\">Flag of Venezuela in the International Workers Day parade, on May 1, 2019 in Havana\u2019s Jos\u00e9 Mart\u00ed Revolution Square. Photo: Otmaro Rodr\u00edguez.<\/figcaption><\/figure>\n<p><span style=\"font-weight: 400;\">Parallel to the central rally in Havana, in the rest of the island Cubans also took to the streets on <em>May Day<\/em> with parades in the main cities. The eastern Santiago de Cuba had the second biggest rally, which was headed by Jos\u00e9 Ram\u00f3n Machado, second secretary of the Cuban Communist Party.<\/span><\/p>\n<p><em><span style=\"font-weight: 400;\">EFE \/ AP \/ OnCuba<\/span><\/em><\/p>\n","protected":false},"excerpt":{"rendered":"<p>Thousands of people marched throughout Cuba this Wednesday in the traditional May Day parade, which condemned the Trump administration\u2019s recent sanctions and threats against the island. The celebration of International Workers Day again had Havana\u2019s Jos\u00e9 Mart\u00ed Revolution Square as the main scenario, where &#8220;hundreds of thousands of Habaneros&#8221; paraded holding flags and signs, according [&hellip;]<\/p>\n","protected":false},"author":3134,"featured_media":198000,"comment_status":"open","ping_status":"closed","sticky":false,"template":"","format":"standard","meta":{"_acf_changed":false,"footnotes":""},"categories":[13902],"tags":[14833,8863,20723],"ppma_author":[33546,8689],"class_list":["post-197999","post","type-post","status-publish","format-standard","has-post-thumbnail","hentry","category-cuba","tag-cuban-politics","tag-cuban-society","tag-may-day-in-cuba"],"acf":[],"yoast_head":"<!-- This site is optimized with the Yoast SEO plugin v27.3 - https:\/\/yoast.com\/product\/yoast-seo-wordpress\/ -->\n<title>Cuba marches for May Day and in rejection of U.S. sanctions | OnCubaNews English<\/title>\n<meta name=\"description\" content=\"Slogans in favor of the government of Nicol\u00e1s Maduro, Cuba&#039;s main partner in the region, were also heard during the parade.\" \/>\n<meta name=\"robots\" content=\"index, follow, max-snippet:-1, max-image-preview:large, max-video-preview:-1\" \/>\n<link rel=\"canonical\" href=\"https:\/\/oncubanews.com\/en\/cuba\/cuba-marches-for-may-day-and-in-rejection-of-u-s-sanctions\/\" \/>\n<meta property=\"og:locale\" content=\"en_US\" \/>\n<meta property=\"og:type\" content=\"article\" \/>\n<meta property=\"og:title\" content=\"Cuba marches for May Day and in rejection of U.S. sanctions | OnCubaNews English\" \/>\n<meta property=\"og:description\" content=\"Slogans in favor of the government of Nicol\u00e1s Maduro, Cuba&#039;s main partner in the region, were also heard during the parade.\" \/>\n<meta property=\"og:url\" content=\"https:\/\/oncubanews.com\/en\/cuba\/cuba-marches-for-may-day-and-in-rejection-of-u-s-sanctions\/\" \/>\n<meta property=\"og:site_name\" content=\"OnCubaNews English\" \/>\n<meta property=\"article:published_time\" content=\"2019-05-02T17:03:36+00:00\" \/>\n<meta property=\"og:image\" content=\"https:\/\/oncubanews.com\/en\/wp-content\/uploads\/2019\/05\/primero-de-mayo_ot_4-1140x760-1.jpg\" \/>\n\t<meta property=\"og:image:width\" content=\"1140\" \/>\n\t<meta property=\"og:image:height\" content=\"760\" \/>\n\t<meta property=\"og:image:type\" content=\"image\/jpeg\" \/>\n<meta name=\"author\" content=\"OnCuba Staff, OnCuba editorial staff\" \/>\n<meta name=\"twitter:card\" content=\"summary_large_image\" \/>\n<meta name=\"twitter:label1\" content=\"Written by\" \/>\n\t<meta name=\"twitter:data1\" content=\"OnCuba Staff\" \/>\n\t<meta name=\"twitter:label2\" content=\"Est. reading time\" \/>\n\t<meta name=\"twitter:data2\" content=\"3 minutes\" \/>\n<script type=\"application\/ld+json\" class=\"yoast-schema-graph\">{\"@context\":\"https:\\\/\\\/schema.org\",\"@graph\":[{\"@type\":\"Article\",\"@id\":\"https:\\\/\\\/oncubanews.com\\\/en\\\/cuba\\\/cuba-marches-for-may-day-and-in-rejection-of-u-s-sanctions\\\/#article\",\"isPartOf\":{\"@id\":\"https:\\\/\\\/oncubanews.com\\\/en\\\/cuba\\\/cuba-marches-for-may-day-and-in-rejection-of-u-s-sanctions\\\/\"},\"author\":{\"name\":\"OnCuba Staff\",\"@id\":\"https:\\\/\\\/oncubanews.com\\\/en\\\/#\\\/schema\\\/person\\\/d7171bf311032ab1f557dd8332e714af\"},\"headline\":\"Cuba marches for May Day and in rejection of U.S. sanctions\",\"datePublished\":\"2019-05-02T17:03:36+00:00\",\"mainEntityOfPage\":{\"@id\":\"https:\\\/\\\/oncubanews.com\\\/en\\\/cuba\\\/cuba-marches-for-may-day-and-in-rejection-of-u-s-sanctions\\\/\"},\"wordCount\":692,\"commentCount\":0,\"image\":{\"@id\":\"https:\\\/\\\/oncubanews.com\\\/en\\\/cuba\\\/cuba-marches-for-may-day-and-in-rejection-of-u-s-sanctions\\\/#primaryimage\"},\"thumbnailUrl\":\"https:\\\/\\\/oncubanews.com\\\/en\\\/wp-content\\\/uploads\\\/2019\\\/05\\\/primero-de-mayo_ot_4-1140x760-1.jpg\",\"keywords\":[\"Cuban Politics\",\"cuban society\",\"May Day in Cuba\"],\"articleSection\":[\"Cuba\"],\"inLanguage\":\"en-US\",\"potentialAction\":[{\"@type\":\"CommentAction\",\"name\":\"Comment\",\"target\":[\"https:\\\/\\\/oncubanews.com\\\/en\\\/cuba\\\/cuba-marches-for-may-day-and-in-rejection-of-u-s-sanctions\\\/#respond\"]}],\"copyrightYear\":\"2019\",\"copyrightHolder\":{\"@id\":\"https:\\\/\\\/oncubanews.com\\\/en\\\/#organization\"}},{\"@type\":\"WebPage\",\"@id\":\"https:\\\/\\\/oncubanews.com\\\/en\\\/cuba\\\/cuba-marches-for-may-day-and-in-rejection-of-u-s-sanctions\\\/\",\"url\":\"https:\\\/\\\/oncubanews.com\\\/en\\\/cuba\\\/cuba-marches-for-may-day-and-in-rejection-of-u-s-sanctions\\\/\",\"name\":\"Cuba marches for May Day and in rejection of U.S. sanctions | OnCubaNews English\",\"isPartOf\":{\"@id\":\"https:\\\/\\\/oncubanews.com\\\/en\\\/#website\"},\"primaryImageOfPage\":{\"@id\":\"https:\\\/\\\/oncubanews.com\\\/en\\\/cuba\\\/cuba-marches-for-may-day-and-in-rejection-of-u-s-sanctions\\\/#primaryimage\"},\"image\":{\"@id\":\"https:\\\/\\\/oncubanews.com\\\/en\\\/cuba\\\/cuba-marches-for-may-day-and-in-rejection-of-u-s-sanctions\\\/#primaryimage\"},\"thumbnailUrl\":\"https:\\\/\\\/oncubanews.com\\\/en\\\/wp-content\\\/uploads\\\/2019\\\/05\\\/primero-de-mayo_ot_4-1140x760-1.jpg\",\"datePublished\":\"2019-05-02T17:03:36+00:00\",\"author\":{\"@id\":\"https:\\\/\\\/oncubanews.com\\\/en\\\/#\\\/schema\\\/person\\\/d7171bf311032ab1f557dd8332e714af\"},\"description\":\"Slogans in favor of the government of Nicol\u00e1s Maduro, Cuba's main partner in the region, were also heard during the parade.\",\"breadcrumb\":{\"@id\":\"https:\\\/\\\/oncubanews.com\\\/en\\\/cuba\\\/cuba-marches-for-may-day-and-in-rejection-of-u-s-sanctions\\\/#breadcrumb\"},\"inLanguage\":\"en-US\",\"potentialAction\":[{\"@type\":\"ReadAction\",\"target\":[\"https:\\\/\\\/oncubanews.com\\\/en\\\/cuba\\\/cuba-marches-for-may-day-and-in-rejection-of-u-s-sanctions\\\/\"]}]},{\"@type\":\"ImageObject\",\"inLanguage\":\"en-US\",\"@id\":\"https:\\\/\\\/oncubanews.com\\\/en\\\/cuba\\\/cuba-marches-for-may-day-and-in-rejection-of-u-s-sanctions\\\/#primaryimage\",\"url\":\"https:\\\/\\\/oncubanews.com\\\/en\\\/wp-content\\\/uploads\\\/2019\\\/05\\\/primero-de-mayo_ot_4-1140x760-1.jpg\",\"contentUrl\":\"https:\\\/\\\/oncubanews.com\\\/en\\\/wp-content\\\/uploads\\\/2019\\\/05\\\/primero-de-mayo_ot_4-1140x760-1.jpg\",\"width\":1140,\"height\":760,\"caption\":\"International Workers Day parade, on May 1, 2019, in Havana\u2019s Jos\u00e9 Mart\u00ed Revolution Square. Photo: Otmaro Rodr\u00edguez.\"},{\"@type\":\"BreadcrumbList\",\"@id\":\"https:\\\/\\\/oncubanews.com\\\/en\\\/cuba\\\/cuba-marches-for-may-day-and-in-rejection-of-u-s-sanctions\\\/#breadcrumb\",\"itemListElement\":[{\"@type\":\"ListItem\",\"position\":1,\"name\":\"Portada\",\"item\":\"https:\\\/\\\/oncubanews.com\\\/en\\\/\"},{\"@type\":\"ListItem\",\"position\":2,\"name\":\"Cuba marches for May Day and in rejection of U.S. sanctions\"}]},{\"@type\":\"WebSite\",\"@id\":\"https:\\\/\\\/oncubanews.com\\\/en\\\/#website\",\"url\":\"https:\\\/\\\/oncubanews.com\\\/en\\\/\",\"name\":\"OnCubaNews English\",\"description\":\"Revista sobre Cuba\",\"potentialAction\":[{\"@type\":\"SearchAction\",\"target\":{\"@type\":\"EntryPoint\",\"urlTemplate\":\"https:\\\/\\\/oncubanews.com\\\/en\\\/?s={search_term_string}\"},\"query-input\":{\"@type\":\"PropertyValueSpecification\",\"valueRequired\":true,\"valueName\":\"search_term_string\"}}],\"inLanguage\":\"en-US\"},{\"@type\":\"Person\",\"@id\":\"https:\\\/\\\/oncubanews.com\\\/en\\\/#\\\/schema\\\/person\\\/d7171bf311032ab1f557dd8332e714af\",\"name\":\"OnCuba Staff\",\"image\":{\"@type\":\"ImageObject\",\"inLanguage\":\"en-US\",\"@id\":\"https:\\\/\\\/secure.gravatar.com\\\/avatar\\\/4b4c4d6109baadde898bb1af22ea4a4af5f4417b86a5d1800bf17531bfb128fc?s=96&r=g17310096d4dde63ebae0e54fbb19218a\",\"url\":\"https:\\\/\\\/secure.gravatar.com\\\/avatar\\\/4b4c4d6109baadde898bb1af22ea4a4af5f4417b86a5d1800bf17531bfb128fc?s=96&r=g\",\"contentUrl\":\"https:\\\/\\\/secure.gravatar.com\\\/avatar\\\/4b4c4d6109baadde898bb1af22ea4a4af5f4417b86a5d1800bf17531bfb128fc?s=96&r=g\",\"caption\":\"OnCuba Staff\"},\"url\":\"https:\\\/\\\/oncubanews.com\\\/en\\\/author\\\/oncuba-editorial-staff\\\/\"}]}<\/script>\n<!-- \/ Yoast SEO plugin. -->","yoast_head_json":{"title":"Cuba marches for May Day and in rejection of U.S. sanctions | OnCubaNews English","description":"Slogans in favor of the government of Nicol\u00e1s Maduro, Cuba's main partner in the region, were also heard during the parade.","robots":{"index":"index","follow":"follow","max-snippet":"max-snippet:-1","max-image-preview":"max-image-preview:large","max-video-preview":"max-video-preview:-1"},"canonical":"https:\/\/oncubanews.com\/en\/cuba\/cuba-marches-for-may-day-and-in-rejection-of-u-s-sanctions\/","og_locale":"en_US","og_type":"article","og_title":"Cuba marches for May Day and in rejection of U.S. sanctions | OnCubaNews English","og_description":"Slogans in favor of the government of Nicol\u00e1s Maduro, Cuba's main partner in the region, were also heard during the parade.","og_url":"https:\/\/oncubanews.com\/en\/cuba\/cuba-marches-for-may-day-and-in-rejection-of-u-s-sanctions\/","og_site_name":"OnCubaNews English","article_published_time":"2019-05-02T17:03:36+00:00","og_image":[{"width":1140,"height":760,"url":"https:\/\/oncubanews.com\/en\/wp-content\/uploads\/2019\/05\/primero-de-mayo_ot_4-1140x760-1.jpg","type":"image\/jpeg"}],"author":"OnCuba Staff, OnCuba editorial staff","twitter_card":"summary_large_image","twitter_misc":{"Written by":"OnCuba Staff","Est. reading time":"3 minutes"},"schema":{"@context":"https:\/\/schema.org","@graph":[{"@type":"Article","@id":"https:\/\/oncubanews.com\/en\/cuba\/cuba-marches-for-may-day-and-in-rejection-of-u-s-sanctions\/#article","isPartOf":{"@id":"https:\/\/oncubanews.com\/en\/cuba\/cuba-marches-for-may-day-and-in-rejection-of-u-s-sanctions\/"},"author":{"name":"OnCuba Staff","@id":"https:\/\/oncubanews.com\/en\/#\/schema\/person\/d7171bf311032ab1f557dd8332e714af"},"headline":"Cuba marches for May Day and in rejection of U.S. sanctions","datePublished":"2019-05-02T17:03:36+00:00","mainEntityOfPage":{"@id":"https:\/\/oncubanews.com\/en\/cuba\/cuba-marches-for-may-day-and-in-rejection-of-u-s-sanctions\/"},"wordCount":692,"commentCount":0,"image":{"@id":"https:\/\/oncubanews.com\/en\/cuba\/cuba-marches-for-may-day-and-in-rejection-of-u-s-sanctions\/#primaryimage"},"thumbnailUrl":"https:\/\/oncubanews.com\/en\/wp-content\/uploads\/2019\/05\/primero-de-mayo_ot_4-1140x760-1.jpg","keywords":["Cuban Politics","cuban society","May Day in Cuba"],"articleSection":["Cuba"],"inLanguage":"en-US","potentialAction":[{"@type":"CommentAction","name":"Comment","target":["https:\/\/oncubanews.com\/en\/cuba\/cuba-marches-for-may-day-and-in-rejection-of-u-s-sanctions\/#respond"]}],"copyrightYear":"2019","copyrightHolder":{"@id":"https:\/\/oncubanews.com\/en\/#organization"}},{"@type":"WebPage","@id":"https:\/\/oncubanews.com\/en\/cuba\/cuba-marches-for-may-day-and-in-rejection-of-u-s-sanctions\/","url":"https:\/\/oncubanews.com\/en\/cuba\/cuba-marches-for-may-day-and-in-rejection-of-u-s-sanctions\/","name":"Cuba marches for May Day and in rejection of U.S. sanctions | OnCubaNews English","isPartOf":{"@id":"https:\/\/oncubanews.com\/en\/#website"},"primaryImageOfPage":{"@id":"https:\/\/oncubanews.com\/en\/cuba\/cuba-marches-for-may-day-and-in-rejection-of-u-s-sanctions\/#primaryimage"},"image":{"@id":"https:\/\/oncubanews.com\/en\/cuba\/cuba-marches-for-may-day-and-in-rejection-of-u-s-sanctions\/#primaryimage"},"thumbnailUrl":"https:\/\/oncubanews.com\/en\/wp-content\/uploads\/2019\/05\/primero-de-mayo_ot_4-1140x760-1.jpg","datePublished":"2019-05-02T17:03:36+00:00","author":{"@id":"https:\/\/oncubanews.com\/en\/#\/schema\/person\/d7171bf311032ab1f557dd8332e714af"},"description":"Slogans in favor of the government of Nicol\u00e1s Maduro, Cuba's main partner in the region, were also heard during the parade.","breadcrumb":{"@id":"https:\/\/oncubanews.com\/en\/cuba\/cuba-marches-for-may-day-and-in-rejection-of-u-s-sanctions\/#breadcrumb"},"inLanguage":"en-US","potentialAction":[{"@type":"ReadAction","target":["https:\/\/oncubanews.com\/en\/cuba\/cuba-marches-for-may-day-and-in-rejection-of-u-s-sanctions\/"]}]},{"@type":"ImageObject","inLanguage":"en-US","@id":"https:\/\/oncubanews.com\/en\/cuba\/cuba-marches-for-may-day-and-in-rejection-of-u-s-sanctions\/#primaryimage","url":"https:\/\/oncubanews.com\/en\/wp-content\/uploads\/2019\/05\/primero-de-mayo_ot_4-1140x760-1.jpg","contentUrl":"https:\/\/oncubanews.com\/en\/wp-content\/uploads\/2019\/05\/primero-de-mayo_ot_4-1140x760-1.jpg","width":1140,"height":760,"caption":"International Workers Day parade, on May 1, 2019, in Havana\u2019s Jos\u00e9 Mart\u00ed Revolution Square. Photo: Otmaro Rodr\u00edguez."},{"@type":"BreadcrumbList","@id":"https:\/\/oncubanews.com\/en\/cuba\/cuba-marches-for-may-day-and-in-rejection-of-u-s-sanctions\/#breadcrumb","itemListElement":[{"@type":"ListItem","position":1,"name":"Portada","item":"https:\/\/oncubanews.com\/en\/"},{"@type":"ListItem","position":2,"name":"Cuba marches for May Day and in rejection of U.S. sanctions"}]},{"@type":"WebSite","@id":"https:\/\/oncubanews.com\/en\/#website","url":"https:\/\/oncubanews.com\/en\/","name":"OnCubaNews English","description":"Revista sobre Cuba","potentialAction":[{"@type":"SearchAction","target":{"@type":"EntryPoint","urlTemplate":"https:\/\/oncubanews.com\/en\/?s={search_term_string}"},"query-input":{"@type":"PropertyValueSpecification","valueRequired":true,"valueName":"search_term_string"}}],"inLanguage":"en-US"},{"@type":"Person","@id":"https:\/\/oncubanews.com\/en\/#\/schema\/person\/d7171bf311032ab1f557dd8332e714af","name":"OnCuba Staff","image":{"@type":"ImageObject","inLanguage":"en-US","@id":"https:\/\/secure.gravatar.com\/avatar\/4b4c4d6109baadde898bb1af22ea4a4af5f4417b86a5d1800bf17531bfb128fc?s=96&r=g17310096d4dde63ebae0e54fbb19218a","url":"https:\/\/secure.gravatar.com\/avatar\/4b4c4d6109baadde898bb1af22ea4a4af5f4417b86a5d1800bf17531bfb128fc?s=96&r=g","contentUrl":"https:\/\/secure.gravatar.com\/avatar\/4b4c4d6109baadde898bb1af22ea4a4af5f4417b86a5d1800bf17531bfb128fc?s=96&r=g","caption":"OnCuba Staff"},"url":"https:\/\/oncubanews.com\/en\/author\/oncuba-editorial-staff\/"}]}},"authors":[{"term_id":33546,"user_id":3134,"is_guest":0,"slug":"oncuba-editorial-staff","display_name":"OnCuba Staff","avatar_url":"https:\/\/secure.gravatar.com\/avatar\/4b4c4d6109baadde898bb1af22ea4a4af5f4417b86a5d1800bf17531bfb128fc?s=96&r=g","0":null,"1":"","2":"","3":"","4":"","5":"","6":"","7":"","8":""},{"term_id":8689,"user_id":3134,"is_guest":0,"slug":"oncuba-editorial-staff","display_name":"OnCuba editorial staff","avatar_url":{"url":"https:\/\/oncubanews.com\/en\/wp-content\/uploads\/2018\/10\/avatar-ocnews-1.png","url2x":"https:\/\/oncubanews.com\/en\/wp-content\/uploads\/2018\/10\/avatar-ocnews-1.png"},"0":null,"1":"","2":"","3":"","4":"","5":"","6":"","7":"","8":""}],"_links":{"self":[{"href":"https:\/\/oncubanews.com\/en\/wp-json\/wp\/v2\/posts\/197999","targetHints":{"allow":["GET"]}}],"collection":[{"href":"https:\/\/oncubanews.com\/en\/wp-json\/wp\/v2\/posts"}],"about":[{"href":"https:\/\/oncubanews.com\/en\/wp-json\/wp\/v2\/types\/post"}],"author":[{"embeddable":true,"href":"https:\/\/oncubanews.com\/en\/wp-json\/wp\/v2\/users\/3134"}],"replies":[{"embeddable":true,"href":"https:\/\/oncubanews.com\/en\/wp-json\/wp\/v2\/comments?post=197999"}],"version-history":[{"count":0,"href":"https:\/\/oncubanews.com\/en\/wp-json\/wp\/v2\/posts\/197999\/revisions"}],"wp:featuredmedia":[{"embeddable":true,"href":"https:\/\/oncubanews.com\/en\/wp-json\/wp\/v2\/media\/198000"}],"wp:attachment":[{"href":"https:\/\/oncubanews.com\/en\/wp-json\/wp\/v2\/media?parent=197999"}],"wp:term":[{"taxonomy":"category","embeddable":true,"href":"https:\/\/oncubanews.com\/en\/wp-json\/wp\/v2\/categories?post=197999"},{"taxonomy":"post_tag","embeddable":true,"href":"https:\/\/oncubanews.com\/en\/wp-json\/wp\/v2\/tags?post=197999"},{"taxonomy":"author","embeddable":true,"href":"https:\/\/oncubanews.com\/en\/wp-json\/wp\/v2\/ppma_author?post=197999"}],"curies":[{"name":"wp","href":"https:\/\/api.w.org\/{rel}","templated":true}]}}