
{"id":199192,"date":"2019-05-22T14:35:30","date_gmt":"2019-05-22T18:35:30","guid":{"rendered":"https:\/\/oncubanews.com\/en\/?p=199192"},"modified":"2019-05-22T14:35:30","modified_gmt":"2019-05-22T18:35:30","slug":"iaea-meeting-on-nuclear-techniques-held-in-cuba","status":"publish","type":"post","link":"https:\/\/oncubanews.com\/en\/cuba\/iaea-meeting-on-nuclear-techniques-held-in-cuba\/","title":{"rendered":"IAEA meeting on nuclear techniques held in Cuba"},"content":{"rendered":"<p><span style=\"font-weight: 400;\">Yukiya Amano, Director General of the UN International Atomic Energy Agency (IAEA), inaugurated the 20th Meeting of the ARCAL (Regional Cooperation Agreement for the Promotion of Nuclear Science and Technology in Latin America and the Caribbean) Technical Coordination Board (OCTA).<\/span><\/p>\n<p><span style=\"font-weight: 400;\">The sessions will be extended until next Friday at the Meli\u00e1 Marina Varadero Hotel, according to the Cuban News Agency.<\/span><\/p>\n<div class=\"jeg_video_container jeg_video_content\"><iframe loading=\"lazy\" title=\"Tras Estas Puertas\" width=\"500\" height=\"281\" src=\"https:\/\/www.youtube.com\/embed\/i4t87VhEr-U?feature=oembed\" frameborder=\"0\" allow=\"accelerometer; autoplay; clipboard-write; encrypted-media; gyroscope; picture-in-picture; web-share\" referrerpolicy=\"strict-origin-when-cross-origin\" allowfullscreen><\/iframe><\/div>\n<p><span style=\"font-weight: 400;\">Cuba will take over the Presidency of ARCAL, whose Representatives Organ (ORA) will be headed by Deputy Minister of Science, Technology and Environment Jos\u00e9 Fidel Santana N\u00fa\u00f1ez; while the OCTA will be headed by Daniel L\u00f3pez Aldama, president of the Nuclear Energy and Advanced Technologies Agency.<\/span><\/p>\n<blockquote class=\"wp-embedded-content\" data-secret=\"KG0ujeOyLi\"><p><a href=\"https:\/\/oncubanews.com\/cuba\/ciencia\/cuba-recibira-la-presidencia-de-acuerdo-regional-de-cooperacion-en-tecnologias-nucleares\/\">Cuba recibir\u00e1 la presidencia de acuerdo regional de cooperaci\u00f3n en tecnolog\u00edas nucleares<\/a><\/p><\/blockquote>\n<p><iframe loading=\"lazy\" class=\"wp-embedded-content\" sandbox=\"allow-scripts\" security=\"restricted\" style=\"position: absolute; clip: rect(1px, 1px, 1px, 1px);\" title=\"\u00abCuba recibir\u00e1 la presidencia de acuerdo regional de cooperaci\u00f3n en tecnolog\u00edas nucleares\u00bb \u2014 OnCubaNews\" src=\"https:\/\/oncubanews.com\/cuba\/ciencia\/cuba-recibira-la-presidencia-de-acuerdo-regional-de-cooperacion-en-tecnologias-nucleares\/embed\/#?secret=sqBZUUd60V#?secret=KG0ujeOyLi\" data-secret=\"KG0ujeOyLi\" width=\"500\" height=\"282\" frameborder=\"0\" marginwidth=\"0\" marginheight=\"0\" scrolling=\"no\"><\/iframe><\/p>\n<p><span style=\"font-weight: 400;\">ARCAL is an intergovernmental agreement for horizontal, technical and economic cooperation aimed at promoting the peaceful use of nuclear technologies.<\/span><\/p>\n<p><a href=\"https:\/\/oncubanews.com\/en\/wp-content\/uploads\/2019\/05\/arcal-1.jpg\"><img loading=\"lazy\" decoding=\"async\" class=\"aligncenter size-full wp-image-199195\" src=\"https:\/\/oncubanews.com\/en\/wp-content\/uploads\/2019\/05\/arcal-1.jpg\" alt=\"\" width=\"374\" height=\"1024\" srcset=\"https:\/\/oncubanews.com\/en\/wp-content\/uploads\/2019\/05\/arcal-1.jpg 374w, https:\/\/oncubanews.com\/en\/wp-content\/uploads\/2019\/05\/arcal-1-110x300.jpg 110w\" sizes=\"auto, (max-width: 374px) 100vw, 374px\" \/><\/a><\/p>\n<p><span style=\"font-weight: 400;\">This agency, created in 1984, includes countries such as Argentina, Belize, Bolivia, Brazil, Chile, Colombia, Costa Rica, Cuba, Ecuador, Dominican Republic, El Salvador, Guatemala, Honduras, Jamaica, Mexico, Nicaragua, Panama, Paraguay, Peru, Uruguay and Venezuela.<\/span><\/p>\n<p><span style=\"font-weight: 400;\">Cuba joined the ARCAL Program in 1988. In March 1997, the ARCAL Meeting of the Highest Nuclear Authorities was held in Havana, where an institutional agreement passed on to become an intergovernmental one. In 2003 and 2007, two international events related to ARCAL were carried out on the island.<\/span><\/p>\n<p><span style=\"font-weight: 400;\">On May 17, President D\u00edaz-Canel received Yukiya Amano in Havana and during the meeting he reaffirmed Cuba&#8217;s readiness and willingness to continue its close cooperation with the IAEA.<\/span><\/p>\n<p><span style=\"font-weight: 400;\">D\u00edaz-Canel acknowledged the IAEA&#8217;s support to help Cuba in the application of new nuclear techniques in health care, particularly in the fight against cancer, one of the main causes of death in the country.<\/span><\/p>\n<p><span style=\"font-weight: 400;\">Amano visited the CIMEQ Hospital in the capital in recent days and received information there on the progress of a cyclotron facility, supported by the IAEA, used for the diagnosis and treatment of cancer and other non-transmissible diseases.<\/span><\/p>\n<p><span style=\"font-weight: 400;\">The support provided to Cuba in the irradiation of food and in the fight against diseases transmitted by mosquitoes, such as zika, dengue and chikungunya, with the use of the sterile insect technique, &#8220;an eco-friendly technology that that uses irradiation to control insects,&#8221; was also highlighted, according to World Nuclear News.<\/span><\/p>\n<p><span style=\"font-weight: 400;\">Cuba does not have operating nuclear power plants or research reactors. In 2000, Cuba and Russia definitively abandoned the project to install an electronuclear power plant in Juragu\u00e1, Cienfuegos.<\/span><\/p>\n<p><span style=\"font-weight: 400;\">In September 2016, the Russian state-owned nuclear corporation, Rosatom, signed <\/span><a href=\"https:\/\/www.efe.com\/efe\/america\/portada\/cuba-y-rusia-firman-un-acuerdo-para-cooperar-en-el-uso-de-la-energia-nuclear\/20000064-3051869\" target=\"_blank\" rel=\"noopener noreferrer\"><span style=\"font-weight: 400;\">an agreement with Cuba<\/span><\/a><span style=\"font-weight: 400;\"> to create &#8220;the legal framework for greater bilateral cooperation in the field of civil nuclear energy.&#8221;<\/span><\/p>\n<p><span style=\"font-weight: 400;\">This agreement covers the fields of medicine and radiation technology; training of nuclear specialists; fundamental and applied research, [and] radioactive waste management.<\/span><\/p>\n<p><span style=\"font-weight: 400;\">Last April, Cuba and Russia <\/span><a href=\"https:\/\/oncubanews.com\/cuba\/cuba-y-rusia-cooperaran-en-temas-de-energia-nuclear-con-fines-pacificos\/\" target=\"_blank\" rel=\"noopener noreferrer\"><span style=\"font-weight: 400;\">signed another agreement<\/span><\/a><span style=\"font-weight: 400;\"> to increase their cooperation on irradiation technologies and the production of isotopes through the creation of scientific-productive complexes linked to agriculture and health, according to the Cuban Nuclear Energy and Advanced Technologies Agency (AENTA).<\/span><\/p>\n","protected":false},"excerpt":{"rendered":"<p>Yukiya Amano, Director General of the UN International Atomic Energy Agency (IAEA), inaugurated the 20th Meeting of the ARCAL (Regional Cooperation Agreement for the Promotion of Nuclear Science and Technology in Latin America and the Caribbean) Technical Coordination Board (OCTA). The sessions will be extended until next Friday at the Meli\u00e1 Marina Varadero Hotel, according [&hellip;]<\/p>\n","protected":false},"author":3134,"featured_media":199193,"comment_status":"open","ping_status":"closed","sticky":false,"template":"","format":"standard","meta":{"_acf_changed":false,"footnotes":""},"categories":[13902],"tags":[21439,21438],"ppma_author":[33546,8689],"class_list":["post-199192","post","type-post","status-publish","format-standard","has-post-thumbnail","hentry","category-cuba","tag-atomic-energy-agency-iaea","tag-nuclear-techniques-meeting"],"acf":[],"yoast_head":"<!-- This site is optimized with the Yoast SEO plugin v27.3 - https:\/\/yoast.com\/product\/yoast-seo-wordpress\/ -->\n<title>IAEA meeting on nuclear techniques held in Cuba | OnCubaNews English<\/title>\n<meta name=\"description\" content=\"The meeting is attended by Yukiya Amano, director of the International Atomic Energy Agency.\" \/>\n<meta name=\"robots\" content=\"index, follow, max-snippet:-1, max-image-preview:large, max-video-preview:-1\" \/>\n<link rel=\"canonical\" href=\"https:\/\/oncubanews.com\/en\/cuba\/iaea-meeting-on-nuclear-techniques-held-in-cuba\/\" \/>\n<meta property=\"og:locale\" content=\"en_US\" \/>\n<meta property=\"og:type\" content=\"article\" \/>\n<meta property=\"og:title\" content=\"IAEA meeting on nuclear techniques held in Cuba | OnCubaNews English\" \/>\n<meta property=\"og:description\" content=\"The meeting is attended by Yukiya Amano, director of the International Atomic Energy Agency.\" \/>\n<meta property=\"og:url\" content=\"https:\/\/oncubanews.com\/en\/cuba\/iaea-meeting-on-nuclear-techniques-held-in-cuba\/\" \/>\n<meta property=\"og:site_name\" content=\"OnCubaNews English\" \/>\n<meta property=\"article:published_time\" content=\"2019-05-22T18:35:30+00:00\" \/>\n<meta property=\"og:image\" content=\"https:\/\/oncubanews.com\/en\/wp-content\/uploads\/2019\/05\/yukiya-amano-1.jpg\" \/>\n\t<meta property=\"og:image:width\" content=\"720\" \/>\n\t<meta property=\"og:image:height\" content=\"960\" \/>\n\t<meta property=\"og:image:type\" content=\"image\/jpeg\" \/>\n<meta name=\"author\" content=\"OnCuba Staff, OnCuba editorial staff\" \/>\n<meta name=\"twitter:card\" content=\"summary_large_image\" \/>\n<meta name=\"twitter:label1\" content=\"Written by\" \/>\n\t<meta name=\"twitter:data1\" content=\"OnCuba Staff\" \/>\n\t<meta name=\"twitter:label2\" content=\"Est. reading time\" \/>\n\t<meta name=\"twitter:data2\" content=\"2 minutes\" \/>\n<script type=\"application\/ld+json\" class=\"yoast-schema-graph\">{\"@context\":\"https:\\\/\\\/schema.org\",\"@graph\":[{\"@type\":\"Article\",\"@id\":\"https:\\\/\\\/oncubanews.com\\\/en\\\/cuba\\\/iaea-meeting-on-nuclear-techniques-held-in-cuba\\\/#article\",\"isPartOf\":{\"@id\":\"https:\\\/\\\/oncubanews.com\\\/en\\\/cuba\\\/iaea-meeting-on-nuclear-techniques-held-in-cuba\\\/\"},\"author\":{\"name\":\"OnCuba Staff\",\"@id\":\"https:\\\/\\\/oncubanews.com\\\/en\\\/#\\\/schema\\\/person\\\/d7171bf311032ab1f557dd8332e714af\"},\"headline\":\"IAEA meeting on nuclear techniques held in Cuba\",\"datePublished\":\"2019-05-22T18:35:30+00:00\",\"mainEntityOfPage\":{\"@id\":\"https:\\\/\\\/oncubanews.com\\\/en\\\/cuba\\\/iaea-meeting-on-nuclear-techniques-held-in-cuba\\\/\"},\"wordCount\":499,\"commentCount\":0,\"image\":{\"@id\":\"https:\\\/\\\/oncubanews.com\\\/en\\\/cuba\\\/iaea-meeting-on-nuclear-techniques-held-in-cuba\\\/#primaryimage\"},\"thumbnailUrl\":\"https:\\\/\\\/oncubanews.com\\\/en\\\/wp-content\\\/uploads\\\/2019\\\/05\\\/yukiya-amano-1.jpg\",\"keywords\":[\"Atomic Energy Agency (IAEA)\",\"nuclear techniques meeting\"],\"articleSection\":[\"Cuba\"],\"inLanguage\":\"en-US\",\"potentialAction\":[{\"@type\":\"CommentAction\",\"name\":\"Comment\",\"target\":[\"https:\\\/\\\/oncubanews.com\\\/en\\\/cuba\\\/iaea-meeting-on-nuclear-techniques-held-in-cuba\\\/#respond\"]}],\"copyrightYear\":\"2019\",\"copyrightHolder\":{\"@id\":\"https:\\\/\\\/oncubanews.com\\\/en\\\/#organization\"}},{\"@type\":\"WebPage\",\"@id\":\"https:\\\/\\\/oncubanews.com\\\/en\\\/cuba\\\/iaea-meeting-on-nuclear-techniques-held-in-cuba\\\/\",\"url\":\"https:\\\/\\\/oncubanews.com\\\/en\\\/cuba\\\/iaea-meeting-on-nuclear-techniques-held-in-cuba\\\/\",\"name\":\"IAEA meeting on nuclear techniques held in Cuba | OnCubaNews English\",\"isPartOf\":{\"@id\":\"https:\\\/\\\/oncubanews.com\\\/en\\\/#website\"},\"primaryImageOfPage\":{\"@id\":\"https:\\\/\\\/oncubanews.com\\\/en\\\/cuba\\\/iaea-meeting-on-nuclear-techniques-held-in-cuba\\\/#primaryimage\"},\"image\":{\"@id\":\"https:\\\/\\\/oncubanews.com\\\/en\\\/cuba\\\/iaea-meeting-on-nuclear-techniques-held-in-cuba\\\/#primaryimage\"},\"thumbnailUrl\":\"https:\\\/\\\/oncubanews.com\\\/en\\\/wp-content\\\/uploads\\\/2019\\\/05\\\/yukiya-amano-1.jpg\",\"datePublished\":\"2019-05-22T18:35:30+00:00\",\"author\":{\"@id\":\"https:\\\/\\\/oncubanews.com\\\/en\\\/#\\\/schema\\\/person\\\/d7171bf311032ab1f557dd8332e714af\"},\"description\":\"The meeting is attended by Yukiya Amano, director of the International Atomic Energy Agency.\",\"breadcrumb\":{\"@id\":\"https:\\\/\\\/oncubanews.com\\\/en\\\/cuba\\\/iaea-meeting-on-nuclear-techniques-held-in-cuba\\\/#breadcrumb\"},\"inLanguage\":\"en-US\",\"potentialAction\":[{\"@type\":\"ReadAction\",\"target\":[\"https:\\\/\\\/oncubanews.com\\\/en\\\/cuba\\\/iaea-meeting-on-nuclear-techniques-held-in-cuba\\\/\"]}]},{\"@type\":\"ImageObject\",\"inLanguage\":\"en-US\",\"@id\":\"https:\\\/\\\/oncubanews.com\\\/en\\\/cuba\\\/iaea-meeting-on-nuclear-techniques-held-in-cuba\\\/#primaryimage\",\"url\":\"https:\\\/\\\/oncubanews.com\\\/en\\\/wp-content\\\/uploads\\\/2019\\\/05\\\/yukiya-amano-1.jpg\",\"contentUrl\":\"https:\\\/\\\/oncubanews.com\\\/en\\\/wp-content\\\/uploads\\\/2019\\\/05\\\/yukiya-amano-1.jpg\",\"width\":720,\"height\":960,\"caption\":\"Photo: @ ARCALorg \\\/ Twitter.\"},{\"@type\":\"BreadcrumbList\",\"@id\":\"https:\\\/\\\/oncubanews.com\\\/en\\\/cuba\\\/iaea-meeting-on-nuclear-techniques-held-in-cuba\\\/#breadcrumb\",\"itemListElement\":[{\"@type\":\"ListItem\",\"position\":1,\"name\":\"Portada\",\"item\":\"https:\\\/\\\/oncubanews.com\\\/en\\\/\"},{\"@type\":\"ListItem\",\"position\":2,\"name\":\"IAEA meeting on nuclear techniques held in Cuba\"}]},{\"@type\":\"WebSite\",\"@id\":\"https:\\\/\\\/oncubanews.com\\\/en\\\/#website\",\"url\":\"https:\\\/\\\/oncubanews.com\\\/en\\\/\",\"name\":\"OnCubaNews English\",\"description\":\"Revista sobre Cuba\",\"potentialAction\":[{\"@type\":\"SearchAction\",\"target\":{\"@type\":\"EntryPoint\",\"urlTemplate\":\"https:\\\/\\\/oncubanews.com\\\/en\\\/?s={search_term_string}\"},\"query-input\":{\"@type\":\"PropertyValueSpecification\",\"valueRequired\":true,\"valueName\":\"search_term_string\"}}],\"inLanguage\":\"en-US\"},{\"@type\":\"Person\",\"@id\":\"https:\\\/\\\/oncubanews.com\\\/en\\\/#\\\/schema\\\/person\\\/d7171bf311032ab1f557dd8332e714af\",\"name\":\"OnCuba Staff\",\"image\":{\"@type\":\"ImageObject\",\"inLanguage\":\"en-US\",\"@id\":\"https:\\\/\\\/secure.gravatar.com\\\/avatar\\\/4b4c4d6109baadde898bb1af22ea4a4af5f4417b86a5d1800bf17531bfb128fc?s=96&r=g17310096d4dde63ebae0e54fbb19218a\",\"url\":\"https:\\\/\\\/secure.gravatar.com\\\/avatar\\\/4b4c4d6109baadde898bb1af22ea4a4af5f4417b86a5d1800bf17531bfb128fc?s=96&r=g\",\"contentUrl\":\"https:\\\/\\\/secure.gravatar.com\\\/avatar\\\/4b4c4d6109baadde898bb1af22ea4a4af5f4417b86a5d1800bf17531bfb128fc?s=96&r=g\",\"caption\":\"OnCuba Staff\"},\"url\":\"https:\\\/\\\/oncubanews.com\\\/en\\\/author\\\/oncuba-editorial-staff\\\/\"}]}<\/script>\n<!-- \/ Yoast SEO plugin. -->","yoast_head_json":{"title":"IAEA meeting on nuclear techniques held in Cuba | OnCubaNews English","description":"The meeting is attended by Yukiya Amano, director of the International Atomic Energy Agency.","robots":{"index":"index","follow":"follow","max-snippet":"max-snippet:-1","max-image-preview":"max-image-preview:large","max-video-preview":"max-video-preview:-1"},"canonical":"https:\/\/oncubanews.com\/en\/cuba\/iaea-meeting-on-nuclear-techniques-held-in-cuba\/","og_locale":"en_US","og_type":"article","og_title":"IAEA meeting on nuclear techniques held in Cuba | OnCubaNews English","og_description":"The meeting is attended by Yukiya Amano, director of the International Atomic Energy Agency.","og_url":"https:\/\/oncubanews.com\/en\/cuba\/iaea-meeting-on-nuclear-techniques-held-in-cuba\/","og_site_name":"OnCubaNews English","article_published_time":"2019-05-22T18:35:30+00:00","og_image":[{"width":720,"height":960,"url":"https:\/\/oncubanews.com\/en\/wp-content\/uploads\/2019\/05\/yukiya-amano-1.jpg","type":"image\/jpeg"}],"author":"OnCuba Staff, OnCuba editorial staff","twitter_card":"summary_large_image","twitter_misc":{"Written by":"OnCuba Staff","Est. reading time":"2 minutes"},"schema":{"@context":"https:\/\/schema.org","@graph":[{"@type":"Article","@id":"https:\/\/oncubanews.com\/en\/cuba\/iaea-meeting-on-nuclear-techniques-held-in-cuba\/#article","isPartOf":{"@id":"https:\/\/oncubanews.com\/en\/cuba\/iaea-meeting-on-nuclear-techniques-held-in-cuba\/"},"author":{"name":"OnCuba Staff","@id":"https:\/\/oncubanews.com\/en\/#\/schema\/person\/d7171bf311032ab1f557dd8332e714af"},"headline":"IAEA meeting on nuclear techniques held in Cuba","datePublished":"2019-05-22T18:35:30+00:00","mainEntityOfPage":{"@id":"https:\/\/oncubanews.com\/en\/cuba\/iaea-meeting-on-nuclear-techniques-held-in-cuba\/"},"wordCount":499,"commentCount":0,"image":{"@id":"https:\/\/oncubanews.com\/en\/cuba\/iaea-meeting-on-nuclear-techniques-held-in-cuba\/#primaryimage"},"thumbnailUrl":"https:\/\/oncubanews.com\/en\/wp-content\/uploads\/2019\/05\/yukiya-amano-1.jpg","keywords":["Atomic Energy Agency (IAEA)","nuclear techniques meeting"],"articleSection":["Cuba"],"inLanguage":"en-US","potentialAction":[{"@type":"CommentAction","name":"Comment","target":["https:\/\/oncubanews.com\/en\/cuba\/iaea-meeting-on-nuclear-techniques-held-in-cuba\/#respond"]}],"copyrightYear":"2019","copyrightHolder":{"@id":"https:\/\/oncubanews.com\/en\/#organization"}},{"@type":"WebPage","@id":"https:\/\/oncubanews.com\/en\/cuba\/iaea-meeting-on-nuclear-techniques-held-in-cuba\/","url":"https:\/\/oncubanews.com\/en\/cuba\/iaea-meeting-on-nuclear-techniques-held-in-cuba\/","name":"IAEA meeting on nuclear techniques held in Cuba | OnCubaNews English","isPartOf":{"@id":"https:\/\/oncubanews.com\/en\/#website"},"primaryImageOfPage":{"@id":"https:\/\/oncubanews.com\/en\/cuba\/iaea-meeting-on-nuclear-techniques-held-in-cuba\/#primaryimage"},"image":{"@id":"https:\/\/oncubanews.com\/en\/cuba\/iaea-meeting-on-nuclear-techniques-held-in-cuba\/#primaryimage"},"thumbnailUrl":"https:\/\/oncubanews.com\/en\/wp-content\/uploads\/2019\/05\/yukiya-amano-1.jpg","datePublished":"2019-05-22T18:35:30+00:00","author":{"@id":"https:\/\/oncubanews.com\/en\/#\/schema\/person\/d7171bf311032ab1f557dd8332e714af"},"description":"The meeting is attended by Yukiya Amano, director of the International Atomic Energy Agency.","breadcrumb":{"@id":"https:\/\/oncubanews.com\/en\/cuba\/iaea-meeting-on-nuclear-techniques-held-in-cuba\/#breadcrumb"},"inLanguage":"en-US","potentialAction":[{"@type":"ReadAction","target":["https:\/\/oncubanews.com\/en\/cuba\/iaea-meeting-on-nuclear-techniques-held-in-cuba\/"]}]},{"@type":"ImageObject","inLanguage":"en-US","@id":"https:\/\/oncubanews.com\/en\/cuba\/iaea-meeting-on-nuclear-techniques-held-in-cuba\/#primaryimage","url":"https:\/\/oncubanews.com\/en\/wp-content\/uploads\/2019\/05\/yukiya-amano-1.jpg","contentUrl":"https:\/\/oncubanews.com\/en\/wp-content\/uploads\/2019\/05\/yukiya-amano-1.jpg","width":720,"height":960,"caption":"Photo: @ ARCALorg \/ Twitter."},{"@type":"BreadcrumbList","@id":"https:\/\/oncubanews.com\/en\/cuba\/iaea-meeting-on-nuclear-techniques-held-in-cuba\/#breadcrumb","itemListElement":[{"@type":"ListItem","position":1,"name":"Portada","item":"https:\/\/oncubanews.com\/en\/"},{"@type":"ListItem","position":2,"name":"IAEA meeting on nuclear techniques held in Cuba"}]},{"@type":"WebSite","@id":"https:\/\/oncubanews.com\/en\/#website","url":"https:\/\/oncubanews.com\/en\/","name":"OnCubaNews English","description":"Revista sobre Cuba","potentialAction":[{"@type":"SearchAction","target":{"@type":"EntryPoint","urlTemplate":"https:\/\/oncubanews.com\/en\/?s={search_term_string}"},"query-input":{"@type":"PropertyValueSpecification","valueRequired":true,"valueName":"search_term_string"}}],"inLanguage":"en-US"},{"@type":"Person","@id":"https:\/\/oncubanews.com\/en\/#\/schema\/person\/d7171bf311032ab1f557dd8332e714af","name":"OnCuba Staff","image":{"@type":"ImageObject","inLanguage":"en-US","@id":"https:\/\/secure.gravatar.com\/avatar\/4b4c4d6109baadde898bb1af22ea4a4af5f4417b86a5d1800bf17531bfb128fc?s=96&r=g17310096d4dde63ebae0e54fbb19218a","url":"https:\/\/secure.gravatar.com\/avatar\/4b4c4d6109baadde898bb1af22ea4a4af5f4417b86a5d1800bf17531bfb128fc?s=96&r=g","contentUrl":"https:\/\/secure.gravatar.com\/avatar\/4b4c4d6109baadde898bb1af22ea4a4af5f4417b86a5d1800bf17531bfb128fc?s=96&r=g","caption":"OnCuba Staff"},"url":"https:\/\/oncubanews.com\/en\/author\/oncuba-editorial-staff\/"}]}},"authors":[{"term_id":33546,"user_id":3134,"is_guest":0,"slug":"oncuba-editorial-staff","display_name":"OnCuba Staff","avatar_url":"https:\/\/secure.gravatar.com\/avatar\/4b4c4d6109baadde898bb1af22ea4a4af5f4417b86a5d1800bf17531bfb128fc?s=96&r=g","0":null,"1":"","2":"","3":"","4":"","5":"","6":"","7":"","8":""},{"term_id":8689,"user_id":3134,"is_guest":0,"slug":"oncuba-editorial-staff","display_name":"OnCuba editorial staff","avatar_url":{"url":"https:\/\/oncubanews.com\/en\/wp-content\/uploads\/2018\/10\/avatar-ocnews-1.png","url2x":"https:\/\/oncubanews.com\/en\/wp-content\/uploads\/2018\/10\/avatar-ocnews-1.png"},"0":null,"1":"","2":"","3":"","4":"","5":"","6":"","7":"","8":""}],"_links":{"self":[{"href":"https:\/\/oncubanews.com\/en\/wp-json\/wp\/v2\/posts\/199192","targetHints":{"allow":["GET"]}}],"collection":[{"href":"https:\/\/oncubanews.com\/en\/wp-json\/wp\/v2\/posts"}],"about":[{"href":"https:\/\/oncubanews.com\/en\/wp-json\/wp\/v2\/types\/post"}],"author":[{"embeddable":true,"href":"https:\/\/oncubanews.com\/en\/wp-json\/wp\/v2\/users\/3134"}],"replies":[{"embeddable":true,"href":"https:\/\/oncubanews.com\/en\/wp-json\/wp\/v2\/comments?post=199192"}],"version-history":[{"count":0,"href":"https:\/\/oncubanews.com\/en\/wp-json\/wp\/v2\/posts\/199192\/revisions"}],"wp:featuredmedia":[{"embeddable":true,"href":"https:\/\/oncubanews.com\/en\/wp-json\/wp\/v2\/media\/199193"}],"wp:attachment":[{"href":"https:\/\/oncubanews.com\/en\/wp-json\/wp\/v2\/media?parent=199192"}],"wp:term":[{"taxonomy":"category","embeddable":true,"href":"https:\/\/oncubanews.com\/en\/wp-json\/wp\/v2\/categories?post=199192"},{"taxonomy":"post_tag","embeddable":true,"href":"https:\/\/oncubanews.com\/en\/wp-json\/wp\/v2\/tags?post=199192"},{"taxonomy":"author","embeddable":true,"href":"https:\/\/oncubanews.com\/en\/wp-json\/wp\/v2\/ppma_author?post=199192"}],"curies":[{"name":"wp","href":"https:\/\/api.w.org\/{rel}","templated":true}]}}