
{"id":199341,"date":"2019-05-24T14:43:36","date_gmt":"2019-05-24T18:43:36","guid":{"rendered":"https:\/\/oncubanews.com\/en\/?p=199341"},"modified":"2019-05-24T14:46:30","modified_gmt":"2019-05-24T18:46:30","slug":"cubans-gets-response-from-state-department-on-parole","status":"publish","type":"post","link":"https:\/\/oncubanews.com\/en\/cuba-usa\/cubans-gets-response-from-state-department-on-parole\/","title":{"rendered":"Cubans gets response from State Department on Parole"},"content":{"rendered":"<p><span style=\"font-weight: 400;\">Assistant Secretary of State for Western Hemisphere Affairs Kimberly Breier this Wednesday published a tweet asking Cubans for &#8220;patience&#8221; for those affected by the halt in the Cuban Family Reunification Parole (CFRP) Program more than 20 months ago.<\/span><\/p>\n<p><span style=\"font-weight: 400;\">Breier wrote that the State Department is processing approved immigration petitions for Cubans in Guyana and that they recognize that there is a long wait for approved cases of CFRP, that they appreciate their patience and flexibility as they process requests outside this alternative location.<\/span><\/p>\n<p><span style=\"font-weight: 400;\">The U.S. Embassy in Havana echoed the comment, one of the few publicly received regarding the claims from Cubans affected by the halt of the parole program.<\/span><\/p>\n<p>https:\/\/www.facebook.com\/USEmbCuba\/posts\/10157117751613911<\/p>\n<p><span style=\"font-weight: 400;\">Thousands of Cuban residents (and even U.S. citizen) entered the Parole program to claim their relatives in Cuba, with the aim of expediting a process that can take years for people from other countries and for Cubans with that facility could take months or a little over a year.<\/span><\/p>\n<p><span style=\"font-weight: 400;\">However, in 2017 the United States <\/span><a href=\"https:\/\/oncubanews.com\/cuba-ee-uu\/eeuu-suspende-emision-visados-cuba\/\" target=\"_blank\" rel=\"noopener noreferrer\"><span style=\"font-weight: 400;\">decided to stop issuing visas<\/span><\/a><span style=\"font-weight: 400;\"> in Havana due to the alleged &#8220;acoustic attacks&#8221; and the parole program was not taken over by any close embassy.<\/span><\/p>\n<blockquote class=\"wp-embedded-content\" data-secret=\"OfVTwOizyf\"><p><a href=\"https:\/\/oncubanews.com\/cuba-ee-uu\/eeuu-suspende-emision-visados-cuba\/\">EEUU suspende emisi\u00f3n de visados en Cuba<\/a><\/p><\/blockquote>\n<p><iframe loading=\"lazy\" class=\"wp-embedded-content\" sandbox=\"allow-scripts\" security=\"restricted\" style=\"position: absolute; clip: rect(1px, 1px, 1px, 1px);\" title=\"\u00abEEUU suspende emisi\u00f3n de visados en Cuba\u00bb \u2014 OnCubaNews\" src=\"https:\/\/oncubanews.com\/cuba-ee-uu\/eeuu-suspende-emision-visados-cuba\/embed\/#?secret=tk96x4B9OK#?secret=OfVTwOizyf\" data-secret=\"OfVTwOizyf\" width=\"500\" height=\"282\" frameborder=\"0\" marginwidth=\"0\" marginheight=\"0\" scrolling=\"no\"><\/iframe><\/p>\n<p><span style=\"font-weight: 400;\">With the English label #ContinueCubanCFRP, hundreds of those affected are sending their complaints on Twitter, directly to Trump, the State Department, as well as Florida\u2019s local politicians, Marco Rubio and Mario D\u00edaz-Balart, among others.<\/span><\/p>\n<p>https:\/\/twitter.com\/yaumara_fraga\/status\/1128131750322933760?ref_src=twsrc%5Etfw%7Ctwcamp%5Etweetembed%7Ctwterm%5E1128131750322933760%7Ctwgr%5E393039363b74776565745f6d65646961&#038;ref_url=https%3A%2F%2Foncubanews.com%2Fcuba-ee-uu%2Fcubanos-reciben-respuesta-del-departamento-de-estado-sobre-parole%2F<\/p>\n<p><strong>Separated families<\/strong><\/p>\n<p><span style=\"font-weight: 400;\">There are thousands of stories of parents, children, siblings and family in general separated by 90 miles, who suddenly saw how an expedited process of family reunification, as well as the possibility of receiving them in the United States temporarily with nonimmigrant visas, was halted.<\/span><\/p>\n<p><span style=\"font-weight: 400;\">All this, together with the difficulties in <\/span><a href=\"https:\/\/oncubanews.com\/cuba\/pasaporte-cubano\/\" target=\"_blank\" rel=\"noopener noreferrer\"><span style=\"font-weight: 400;\">processing Cuban passports<\/span><\/a><span style=\"font-weight: 400;\"> from the United States and the costly process, makes family trips to the island cumbersome.<\/span><\/p>\n<blockquote class=\"wp-embedded-content\" data-secret=\"Ry4P0ZMBK3\"><p><a href=\"https:\/\/oncubanews.com\/cuba-ee-uu\/que-significa-el-cierre-de-uscis-en-la-embajada-estadounidense-en-cuba\/\">\u00bfQu\u00e9 significa el cierre de USCIS en la embajada estadounidense en Cuba?<\/a><\/p><\/blockquote>\n<p><iframe loading=\"lazy\" class=\"wp-embedded-content\" sandbox=\"allow-scripts\" security=\"restricted\" style=\"position: absolute; clip: rect(1px, 1px, 1px, 1px);\" title=\"\u00ab\u00bfQu\u00e9 significa el cierre de USCIS en la embajada estadounidense en Cuba?\u00bb \u2014 OnCubaNews\" src=\"https:\/\/oncubanews.com\/cuba-ee-uu\/que-significa-el-cierre-de-uscis-en-la-embajada-estadounidense-en-cuba\/embed\/#?secret=QLwi661JwR#?secret=Ry4P0ZMBK3\" data-secret=\"Ry4P0ZMBK3\" width=\"500\" height=\"282\" frameborder=\"0\" marginwidth=\"0\" marginheight=\"0\" scrolling=\"no\"><\/iframe><\/p>\n<p><span style=\"font-weight: 400;\">With that process, it may be years before they meet again, aggravated even more if the person residing in the United States defected from an internationalist mission and is denied entry for eight years.<\/span><\/p>\n<blockquote class=\"wp-embedded-content\" data-secret=\"mLWickHe4s\"><p><a href=\"https:\/\/oncubanews.com\/mundo\/ee-uu\/marco-rubio-no-tiene-respuesta-para-las-familias-cubanas-separadas\/\">Marco Rubio no tiene respuesta para las familias cubanas separadas<\/a><\/p><\/blockquote>\n<p><iframe loading=\"lazy\" class=\"wp-embedded-content\" sandbox=\"allow-scripts\" security=\"restricted\" style=\"position: absolute; clip: rect(1px, 1px, 1px, 1px);\" title=\"\u00abMarco Rubio no tiene respuesta para las familias cubanas separadas\u00bb \u2014 OnCubaNews\" src=\"https:\/\/oncubanews.com\/mundo\/ee-uu\/marco-rubio-no-tiene-respuesta-para-las-familias-cubanas-separadas\/embed\/#?secret=mXgm98o7SG#?secret=mLWickHe4s\" data-secret=\"mLWickHe4s\" width=\"500\" height=\"282\" frameborder=\"0\" marginwidth=\"0\" marginheight=\"0\" scrolling=\"no\"><\/iframe><\/p>\n<p><span style=\"font-weight: 400;\">These are testimonies that some Cubans shared with <strong>OnCuba<\/strong> about the current situation with the family reunification parole program, which was halted more than 20 months ago by the U.S. government.<\/span><\/p>\n<blockquote><p><span style=\"font-weight: 400;\">&#8220;We are claiming my son (legally of age, married and with children). We were chosen by the USCIS to participate in this process because we are American citizens. Almost immediately we delivered all the documentation where $1,800.00, $360.00 was paid for each one. The 5 of them already have their approved Parole and when the Embassy in Cuba was closed the first time they were waiting for the appointment for the interview. My name is and we are willing to support so that this problem that affects so many Cuban families has a solution.&#8221; <strong>Alberto Capiro and Ana D Won<\/strong><\/span><\/p>\n<p><span style=\"font-weight: 400;\">&#8220;I left the parole open to my mom since 2012. They gave her an interview for 2019, she&#8217;s been waiting for 7 years and now the paroles have stopped. Please make an arrangement with this situation. There are many of us who need to have our family together and we are not to blame for the problems not related to us.&#8221; <strong>Yil\u00e1n del Cristo<\/strong><\/span><\/p>\n<p><span style=\"font-weight: 400;\">&#8220;This thing with the parole is an INJUSTICE, we have made everything legal and we want and need answers, we have legally claimed our relatives and not even doing things rights this works. Let the world, the senators and all those involved in this injustice know that we are human beings and we are playing with the futures and lives of all these people who only want to reunite with our loved ones.&#8221; <strong>Gretel<\/strong><\/span><\/p>\n<p><span style=\"font-weight: 400;\">&#8220;I left Cuba on March 26, 2015. The interview at the interest section was on January 22, 2015 that same year. Already with all the papers ready, the medical checkup paid 400.00 dollars for each one. And we were my three children and I. They were 14, 15 and the older one was a bit over 22 years and he was taken out of the Embassy. They did not allow him an interview. We came under parole, since my sister is a U.S. citizen and she claimed me. I&#8217;m going to be 4 years in this country and separated from my oldest son, the only thing I have left there. Because we are all here, my parents, my younger children and my sister with her family. Imagine how we feel.&#8221; <strong>Amelia Romero<\/strong><\/span><\/p><\/blockquote>\n<p><strong>The system\u2019s networks<\/strong><\/p>\n<p><span style=\"font-weight: 400;\">There are basically two main alternatives for family reunification from the United States: the Cuban parole program (CFRP) and immigrant visas.<\/span><\/p>\n<p><span style=\"font-weight: 400;\">The latter are the same visas that any person from any country could request, while the parole is a special program that supposedly speeded up the process for Cubans, before it was halted in 2017.<\/span><\/p>\n<p><span style=\"font-weight: 400;\">The differences between one and the other are several, from the forms that must be filled out, prices, to the migratory situation with which the relative arrives in the United States.<\/span><\/p>\n<p><span style=\"font-weight: 400;\">In the case of the parole, Cubans arrive without residence (which they can request a year and a day under the Cuban Adjustment Act) and applicants are entitled to receive government assistance, such as food stamps and Medicaid.<\/span><\/p>\n<p><span style=\"font-weight: 400;\">With the immigrant visa, the person arrives with residence and does not receive aid, as it is a visa &#8220;sponsored&#8221; by a family member who can assume their expenses.<\/span><\/p>\n<p><span style=\"font-weight: 400;\">Now, the amount of differences between one case and another can be immense. For example, immigrant visa categories depend on whether the relative is close (children, parent, spouse), whether the person claiming is a U.S. citizen or just a resident, etc.<\/span><\/p>\n<p><span style=\"font-weight: 400;\">Luly Hern\u00e1ndez, administrator of a Facebook group with more than 14,000 members focused on family reunification, explains that the &#8220;Parole&#8221; cases are &#8220;completely halted, without being processed anywhere else.&#8221;<\/span><\/p>\n<p><span style=\"font-weight: 400;\">In her particular case, when she claimed her daughter and gave her a &#8220;priority date&#8221; there was a waiting time of 7 years in her category, the F2B for single children. However, that category has been &#8220;progressing&#8221; quickly in recent months and she would have less than a year to complete her daughter\u2019s procedures.<\/span><\/p>\n<p><span style=\"font-weight: 400;\">In any case, it is impossible to predict the time that immigration procedures can take, because they also depend on the visa fees or the number of people waiting, explains Hern\u00e1ndez.<\/span><\/p>\n<p><span style=\"font-weight: 400;\">&#8220;This is why I am going to give up the parole I had asked for, even if I lose the money, because the important thing is to reunite with my daughter,&#8221; said Hern\u00e1ndez.<\/span><\/p>\n<p><span style=\"font-weight: 400;\">But the same does not happen with other categories of relatives, whose waiting time may exceed <\/span><a href=\"https:\/\/egov.uscis.gov\/processing-times\/\" target=\"_blank\" rel=\"noopener noreferrer\"><span style=\"font-weight: 400;\">a decade<\/span><\/a><span style=\"font-weight: 400;\"> to complete the process.<\/span><\/p>\n<p><span style=\"font-weight: 400;\">Although she does not recommend anyone to give up the parole, it is the only solution she finds for her personal case.<\/span><\/p>\n<p><span style=\"font-weight: 400;\">Cubans with family members who are claimed are then required to review a monthly visa bulletin that the State Department publishes and which indicates an approximate &#8220;priority date&#8221; that is being addressed at the time.<\/span><\/p>\n<p><span style=\"font-weight: 400;\">They also depend on a <\/span><a href=\"https:\/\/oncubanews.com\/mundo\/ee-uu\/marco-rubio-no-tiene-respuesta-para-las-familias-cubanas-separadas\/\" target=\"_blank\" rel=\"noopener noreferrer\"><span style=\"font-weight: 400;\">concrete response from U.S. politicians<\/span><\/a><span style=\"font-weight: 400;\"> and officials about the resumption of parole cases, either in Cuba or in any other U.S. embassy, \u200b\u200bconcluded Hern\u00e1ndez.<\/span><\/p>\n","protected":false},"excerpt":{"rendered":"<p>Assistant Secretary of State for Western Hemisphere Affairs Kimberly Breier this Wednesday published a tweet asking Cubans for &#8220;patience&#8221; for those affected by the halt in the Cuban Family Reunification Parole (CFRP) Program more than 20 months ago. Breier wrote that the State Department is processing approved immigration petitions for Cubans in Guyana and that [&hellip;]<\/p>\n","protected":false},"author":3096,"featured_media":199349,"comment_status":"open","ping_status":"closed","sticky":false,"template":"","format":"standard","meta":{"_acf_changed":false,"footnotes":""},"categories":[13944],"tags":[14891,21525,21524],"ppma_author":[33549,7168],"class_list":["post-199341","post","type-post","status-publish","format-standard","has-post-thumbnail","hentry","category-cuba-usa","tag-cuba-usa-relations","tag-cuban-immigrants-in-the-u-s","tag-u-s-parole"],"acf":[],"yoast_head":"<!-- This site is optimized with the Yoast SEO plugin v27.3 - https:\/\/yoast.com\/product\/yoast-seo-wordpress\/ -->\n<title>Cubans gets response from State Department on Parole | OnCubaNews English<\/title>\n<meta name=\"description\" content=\"U.S. official Kimberly Breier affirmed on Twitter that the immigration petitions are being processed and asked for &quot;patience&quot; for Parole cases.\" \/>\n<meta name=\"robots\" content=\"index, follow, max-snippet:-1, max-image-preview:large, max-video-preview:-1\" \/>\n<link rel=\"canonical\" href=\"https:\/\/oncubanews.com\/en\/cuba-usa\/cubans-gets-response-from-state-department-on-parole\/\" \/>\n<meta property=\"og:locale\" content=\"en_US\" \/>\n<meta property=\"og:type\" content=\"article\" \/>\n<meta property=\"og:title\" content=\"Cubans gets response from State Department on Parole | OnCubaNews English\" \/>\n<meta property=\"og:description\" content=\"U.S. official Kimberly Breier affirmed on Twitter that the immigration petitions are being processed and asked for &quot;patience&quot; for Parole cases.\" \/>\n<meta property=\"og:url\" content=\"https:\/\/oncubanews.com\/en\/cuba-usa\/cubans-gets-response-from-state-department-on-parole\/\" \/>\n<meta property=\"og:site_name\" content=\"OnCubaNews English\" \/>\n<meta property=\"article:published_time\" content=\"2019-05-24T18:43:36+00:00\" \/>\n<meta property=\"article:modified_time\" content=\"2019-05-24T18:46:30+00:00\" \/>\n<meta property=\"og:image\" content=\"https:\/\/oncubanews.com\/en\/wp-content\/uploads\/2019\/05\/bandera-cubana-y-americana-1140x758-1.jpg\" \/>\n\t<meta property=\"og:image:width\" content=\"1140\" \/>\n\t<meta property=\"og:image:height\" content=\"758\" \/>\n\t<meta property=\"og:image:type\" content=\"image\/jpeg\" \/>\n<meta name=\"author\" content=\"Marita P\u00e9rez D\u00edaz, marita\" \/>\n<meta name=\"twitter:card\" content=\"summary_large_image\" \/>\n<meta name=\"twitter:label1\" content=\"Written by\" \/>\n\t<meta name=\"twitter:data1\" content=\"Marita P\u00e9rez D\u00edaz\" \/>\n\t<meta name=\"twitter:label2\" content=\"Est. reading time\" \/>\n\t<meta name=\"twitter:data2\" content=\"6 minutes\" \/>\n<script type=\"application\/ld+json\" class=\"yoast-schema-graph\">{\"@context\":\"https:\\\/\\\/schema.org\",\"@graph\":[{\"@type\":\"Article\",\"@id\":\"https:\\\/\\\/oncubanews.com\\\/en\\\/cuba-usa\\\/cubans-gets-response-from-state-department-on-parole\\\/#article\",\"isPartOf\":{\"@id\":\"https:\\\/\\\/oncubanews.com\\\/en\\\/cuba-usa\\\/cubans-gets-response-from-state-department-on-parole\\\/\"},\"author\":{\"name\":\"Marita P\u00e9rez D\u00edaz\",\"@id\":\"https:\\\/\\\/oncubanews.com\\\/en\\\/#\\\/schema\\\/person\\\/0674494759fe2a378bde30eb5aab824d\"},\"headline\":\"Cubans gets response from State Department on Parole\",\"datePublished\":\"2019-05-24T18:43:36+00:00\",\"dateModified\":\"2019-05-24T18:46:30+00:00\",\"mainEntityOfPage\":{\"@id\":\"https:\\\/\\\/oncubanews.com\\\/en\\\/cuba-usa\\\/cubans-gets-response-from-state-department-on-parole\\\/\"},\"wordCount\":1239,\"commentCount\":0,\"image\":{\"@id\":\"https:\\\/\\\/oncubanews.com\\\/en\\\/cuba-usa\\\/cubans-gets-response-from-state-department-on-parole\\\/#primaryimage\"},\"thumbnailUrl\":\"https:\\\/\\\/oncubanews.com\\\/en\\\/wp-content\\\/uploads\\\/2019\\\/05\\\/bandera-cubana-y-americana-1140x758-1.jpg\",\"keywords\":[\"Cuba-USA Relations\",\"cuban immigrants in the U.S\",\"U.S parole\"],\"articleSection\":[\"Cuba-USA\"],\"inLanguage\":\"en-US\",\"potentialAction\":[{\"@type\":\"CommentAction\",\"name\":\"Comment\",\"target\":[\"https:\\\/\\\/oncubanews.com\\\/en\\\/cuba-usa\\\/cubans-gets-response-from-state-department-on-parole\\\/#respond\"]}],\"copyrightYear\":\"2019\",\"copyrightHolder\":{\"@id\":\"https:\\\/\\\/oncubanews.com\\\/en\\\/#organization\"}},{\"@type\":\"WebPage\",\"@id\":\"https:\\\/\\\/oncubanews.com\\\/en\\\/cuba-usa\\\/cubans-gets-response-from-state-department-on-parole\\\/\",\"url\":\"https:\\\/\\\/oncubanews.com\\\/en\\\/cuba-usa\\\/cubans-gets-response-from-state-department-on-parole\\\/\",\"name\":\"Cubans gets response from State Department on Parole | OnCubaNews English\",\"isPartOf\":{\"@id\":\"https:\\\/\\\/oncubanews.com\\\/en\\\/#website\"},\"primaryImageOfPage\":{\"@id\":\"https:\\\/\\\/oncubanews.com\\\/en\\\/cuba-usa\\\/cubans-gets-response-from-state-department-on-parole\\\/#primaryimage\"},\"image\":{\"@id\":\"https:\\\/\\\/oncubanews.com\\\/en\\\/cuba-usa\\\/cubans-gets-response-from-state-department-on-parole\\\/#primaryimage\"},\"thumbnailUrl\":\"https:\\\/\\\/oncubanews.com\\\/en\\\/wp-content\\\/uploads\\\/2019\\\/05\\\/bandera-cubana-y-americana-1140x758-1.jpg\",\"datePublished\":\"2019-05-24T18:43:36+00:00\",\"dateModified\":\"2019-05-24T18:46:30+00:00\",\"author\":{\"@id\":\"https:\\\/\\\/oncubanews.com\\\/en\\\/#\\\/schema\\\/person\\\/0674494759fe2a378bde30eb5aab824d\"},\"description\":\"U.S. official Kimberly Breier affirmed on Twitter that the immigration petitions are being processed and asked for \\\"patience\\\" for Parole cases.\",\"breadcrumb\":{\"@id\":\"https:\\\/\\\/oncubanews.com\\\/en\\\/cuba-usa\\\/cubans-gets-response-from-state-department-on-parole\\\/#breadcrumb\"},\"inLanguage\":\"en-US\",\"potentialAction\":[{\"@type\":\"ReadAction\",\"target\":[\"https:\\\/\\\/oncubanews.com\\\/en\\\/cuba-usa\\\/cubans-gets-response-from-state-department-on-parole\\\/\"]}]},{\"@type\":\"ImageObject\",\"inLanguage\":\"en-US\",\"@id\":\"https:\\\/\\\/oncubanews.com\\\/en\\\/cuba-usa\\\/cubans-gets-response-from-state-department-on-parole\\\/#primaryimage\",\"url\":\"https:\\\/\\\/oncubanews.com\\\/en\\\/wp-content\\\/uploads\\\/2019\\\/05\\\/bandera-cubana-y-americana-1140x758-1.jpg\",\"contentUrl\":\"https:\\\/\\\/oncubanews.com\\\/en\\\/wp-content\\\/uploads\\\/2019\\\/05\\\/bandera-cubana-y-americana-1140x758-1.jpg\",\"width\":1140,\"height\":758,\"caption\":\"Cuban and U.S. flags in Miami. Photo: Marita P\u00e9rez D\u00edaz.\"},{\"@type\":\"BreadcrumbList\",\"@id\":\"https:\\\/\\\/oncubanews.com\\\/en\\\/cuba-usa\\\/cubans-gets-response-from-state-department-on-parole\\\/#breadcrumb\",\"itemListElement\":[{\"@type\":\"ListItem\",\"position\":1,\"name\":\"Portada\",\"item\":\"https:\\\/\\\/oncubanews.com\\\/en\\\/\"},{\"@type\":\"ListItem\",\"position\":2,\"name\":\"Cubans gets response from State Department on Parole\"}]},{\"@type\":\"WebSite\",\"@id\":\"https:\\\/\\\/oncubanews.com\\\/en\\\/#website\",\"url\":\"https:\\\/\\\/oncubanews.com\\\/en\\\/\",\"name\":\"OnCubaNews English\",\"description\":\"Revista sobre Cuba\",\"potentialAction\":[{\"@type\":\"SearchAction\",\"target\":{\"@type\":\"EntryPoint\",\"urlTemplate\":\"https:\\\/\\\/oncubanews.com\\\/en\\\/?s={search_term_string}\"},\"query-input\":{\"@type\":\"PropertyValueSpecification\",\"valueRequired\":true,\"valueName\":\"search_term_string\"}}],\"inLanguage\":\"en-US\"},{\"@type\":\"Person\",\"@id\":\"https:\\\/\\\/oncubanews.com\\\/en\\\/#\\\/schema\\\/person\\\/0674494759fe2a378bde30eb5aab824d\",\"name\":\"Marita P\u00e9rez D\u00edaz\",\"image\":{\"@type\":\"ImageObject\",\"inLanguage\":\"en-US\",\"@id\":\"https:\\\/\\\/oncubanews.com\\\/wp-content\\\/uploads\\\/2015\\\/11\\\/Marita-P\u00e9rez-D\u00edaz_avatar_1447967586-96x96.jpg18d2651a1d349dec061f185dc6d883fc\",\"url\":\"https:\\\/\\\/oncubanews.com\\\/wp-content\\\/uploads\\\/2015\\\/11\\\/Marita-P\u00e9rez-D\u00edaz_avatar_1447967586-96x96.jpg\",\"contentUrl\":\"https:\\\/\\\/oncubanews.com\\\/wp-content\\\/uploads\\\/2015\\\/11\\\/Marita-P\u00e9rez-D\u00edaz_avatar_1447967586-96x96.jpg\",\"caption\":\"Marita P\u00e9rez D\u00edaz\"},\"url\":\"https:\\\/\\\/oncubanews.com\\\/en\\\/author\\\/maritaperez\\\/\"}]}<\/script>\n<!-- \/ Yoast SEO plugin. -->","yoast_head_json":{"title":"Cubans gets response from State Department on Parole | OnCubaNews English","description":"U.S. official Kimberly Breier affirmed on Twitter that the immigration petitions are being processed and asked for \"patience\" for Parole cases.","robots":{"index":"index","follow":"follow","max-snippet":"max-snippet:-1","max-image-preview":"max-image-preview:large","max-video-preview":"max-video-preview:-1"},"canonical":"https:\/\/oncubanews.com\/en\/cuba-usa\/cubans-gets-response-from-state-department-on-parole\/","og_locale":"en_US","og_type":"article","og_title":"Cubans gets response from State Department on Parole | OnCubaNews English","og_description":"U.S. official Kimberly Breier affirmed on Twitter that the immigration petitions are being processed and asked for \"patience\" for Parole cases.","og_url":"https:\/\/oncubanews.com\/en\/cuba-usa\/cubans-gets-response-from-state-department-on-parole\/","og_site_name":"OnCubaNews English","article_published_time":"2019-05-24T18:43:36+00:00","article_modified_time":"2019-05-24T18:46:30+00:00","og_image":[{"width":1140,"height":758,"url":"https:\/\/oncubanews.com\/en\/wp-content\/uploads\/2019\/05\/bandera-cubana-y-americana-1140x758-1.jpg","type":"image\/jpeg"}],"author":"Marita P\u00e9rez D\u00edaz, marita","twitter_card":"summary_large_image","twitter_misc":{"Written by":"Marita P\u00e9rez D\u00edaz","Est. reading time":"6 minutes"},"schema":{"@context":"https:\/\/schema.org","@graph":[{"@type":"Article","@id":"https:\/\/oncubanews.com\/en\/cuba-usa\/cubans-gets-response-from-state-department-on-parole\/#article","isPartOf":{"@id":"https:\/\/oncubanews.com\/en\/cuba-usa\/cubans-gets-response-from-state-department-on-parole\/"},"author":{"name":"Marita P\u00e9rez D\u00edaz","@id":"https:\/\/oncubanews.com\/en\/#\/schema\/person\/0674494759fe2a378bde30eb5aab824d"},"headline":"Cubans gets response from State Department on Parole","datePublished":"2019-05-24T18:43:36+00:00","dateModified":"2019-05-24T18:46:30+00:00","mainEntityOfPage":{"@id":"https:\/\/oncubanews.com\/en\/cuba-usa\/cubans-gets-response-from-state-department-on-parole\/"},"wordCount":1239,"commentCount":0,"image":{"@id":"https:\/\/oncubanews.com\/en\/cuba-usa\/cubans-gets-response-from-state-department-on-parole\/#primaryimage"},"thumbnailUrl":"https:\/\/oncubanews.com\/en\/wp-content\/uploads\/2019\/05\/bandera-cubana-y-americana-1140x758-1.jpg","keywords":["Cuba-USA Relations","cuban immigrants in the U.S","U.S parole"],"articleSection":["Cuba-USA"],"inLanguage":"en-US","potentialAction":[{"@type":"CommentAction","name":"Comment","target":["https:\/\/oncubanews.com\/en\/cuba-usa\/cubans-gets-response-from-state-department-on-parole\/#respond"]}],"copyrightYear":"2019","copyrightHolder":{"@id":"https:\/\/oncubanews.com\/en\/#organization"}},{"@type":"WebPage","@id":"https:\/\/oncubanews.com\/en\/cuba-usa\/cubans-gets-response-from-state-department-on-parole\/","url":"https:\/\/oncubanews.com\/en\/cuba-usa\/cubans-gets-response-from-state-department-on-parole\/","name":"Cubans gets response from State Department on Parole | OnCubaNews English","isPartOf":{"@id":"https:\/\/oncubanews.com\/en\/#website"},"primaryImageOfPage":{"@id":"https:\/\/oncubanews.com\/en\/cuba-usa\/cubans-gets-response-from-state-department-on-parole\/#primaryimage"},"image":{"@id":"https:\/\/oncubanews.com\/en\/cuba-usa\/cubans-gets-response-from-state-department-on-parole\/#primaryimage"},"thumbnailUrl":"https:\/\/oncubanews.com\/en\/wp-content\/uploads\/2019\/05\/bandera-cubana-y-americana-1140x758-1.jpg","datePublished":"2019-05-24T18:43:36+00:00","dateModified":"2019-05-24T18:46:30+00:00","author":{"@id":"https:\/\/oncubanews.com\/en\/#\/schema\/person\/0674494759fe2a378bde30eb5aab824d"},"description":"U.S. official Kimberly Breier affirmed on Twitter that the immigration petitions are being processed and asked for \"patience\" for Parole cases.","breadcrumb":{"@id":"https:\/\/oncubanews.com\/en\/cuba-usa\/cubans-gets-response-from-state-department-on-parole\/#breadcrumb"},"inLanguage":"en-US","potentialAction":[{"@type":"ReadAction","target":["https:\/\/oncubanews.com\/en\/cuba-usa\/cubans-gets-response-from-state-department-on-parole\/"]}]},{"@type":"ImageObject","inLanguage":"en-US","@id":"https:\/\/oncubanews.com\/en\/cuba-usa\/cubans-gets-response-from-state-department-on-parole\/#primaryimage","url":"https:\/\/oncubanews.com\/en\/wp-content\/uploads\/2019\/05\/bandera-cubana-y-americana-1140x758-1.jpg","contentUrl":"https:\/\/oncubanews.com\/en\/wp-content\/uploads\/2019\/05\/bandera-cubana-y-americana-1140x758-1.jpg","width":1140,"height":758,"caption":"Cuban and U.S. flags in Miami. Photo: Marita P\u00e9rez D\u00edaz."},{"@type":"BreadcrumbList","@id":"https:\/\/oncubanews.com\/en\/cuba-usa\/cubans-gets-response-from-state-department-on-parole\/#breadcrumb","itemListElement":[{"@type":"ListItem","position":1,"name":"Portada","item":"https:\/\/oncubanews.com\/en\/"},{"@type":"ListItem","position":2,"name":"Cubans gets response from State Department on Parole"}]},{"@type":"WebSite","@id":"https:\/\/oncubanews.com\/en\/#website","url":"https:\/\/oncubanews.com\/en\/","name":"OnCubaNews English","description":"Revista sobre Cuba","potentialAction":[{"@type":"SearchAction","target":{"@type":"EntryPoint","urlTemplate":"https:\/\/oncubanews.com\/en\/?s={search_term_string}"},"query-input":{"@type":"PropertyValueSpecification","valueRequired":true,"valueName":"search_term_string"}}],"inLanguage":"en-US"},{"@type":"Person","@id":"https:\/\/oncubanews.com\/en\/#\/schema\/person\/0674494759fe2a378bde30eb5aab824d","name":"Marita P\u00e9rez D\u00edaz","image":{"@type":"ImageObject","inLanguage":"en-US","@id":"https:\/\/oncubanews.com\/wp-content\/uploads\/2015\/11\/Marita-P\u00e9rez-D\u00edaz_avatar_1447967586-96x96.jpg18d2651a1d349dec061f185dc6d883fc","url":"https:\/\/oncubanews.com\/wp-content\/uploads\/2015\/11\/Marita-P\u00e9rez-D\u00edaz_avatar_1447967586-96x96.jpg","contentUrl":"https:\/\/oncubanews.com\/wp-content\/uploads\/2015\/11\/Marita-P\u00e9rez-D\u00edaz_avatar_1447967586-96x96.jpg","caption":"Marita P\u00e9rez D\u00edaz"},"url":"https:\/\/oncubanews.com\/en\/author\/maritaperez\/"}]}},"authors":[{"term_id":33549,"user_id":3096,"is_guest":0,"slug":"maritaperez","display_name":"Marita P\u00e9rez D\u00edaz","avatar_url":"https:\/\/oncubanews.com\/wp-content\/uploads\/2015\/11\/Marita-P\u00e9rez-D\u00edaz_avatar_1447967586-96x96.jpg","0":null,"1":"","2":"","3":"","4":"","5":"","6":"","7":"","8":""},{"term_id":7168,"user_id":0,"is_guest":1,"slug":"cap-marita","display_name":"marita","avatar_url":"https:\/\/secure.gravatar.com\/avatar\/?s=96&r=g","0":null,"1":"","2":"","3":"","4":"","5":"","6":"","7":"","8":""}],"_links":{"self":[{"href":"https:\/\/oncubanews.com\/en\/wp-json\/wp\/v2\/posts\/199341","targetHints":{"allow":["GET"]}}],"collection":[{"href":"https:\/\/oncubanews.com\/en\/wp-json\/wp\/v2\/posts"}],"about":[{"href":"https:\/\/oncubanews.com\/en\/wp-json\/wp\/v2\/types\/post"}],"author":[{"embeddable":true,"href":"https:\/\/oncubanews.com\/en\/wp-json\/wp\/v2\/users\/3096"}],"replies":[{"embeddable":true,"href":"https:\/\/oncubanews.com\/en\/wp-json\/wp\/v2\/comments?post=199341"}],"version-history":[{"count":0,"href":"https:\/\/oncubanews.com\/en\/wp-json\/wp\/v2\/posts\/199341\/revisions"}],"wp:featuredmedia":[{"embeddable":true,"href":"https:\/\/oncubanews.com\/en\/wp-json\/wp\/v2\/media\/199349"}],"wp:attachment":[{"href":"https:\/\/oncubanews.com\/en\/wp-json\/wp\/v2\/media?parent=199341"}],"wp:term":[{"taxonomy":"category","embeddable":true,"href":"https:\/\/oncubanews.com\/en\/wp-json\/wp\/v2\/categories?post=199341"},{"taxonomy":"post_tag","embeddable":true,"href":"https:\/\/oncubanews.com\/en\/wp-json\/wp\/v2\/tags?post=199341"},{"taxonomy":"author","embeddable":true,"href":"https:\/\/oncubanews.com\/en\/wp-json\/wp\/v2\/ppma_author?post=199341"}],"curies":[{"name":"wp","href":"https:\/\/api.w.org\/{rel}","templated":true}]}}