
{"id":200436,"date":"2019-06-11T11:52:49","date_gmt":"2019-06-11T15:52:49","guid":{"rendered":"https:\/\/oncubanews.com\/en\/?p=200436"},"modified":"2019-06-11T11:52:49","modified_gmt":"2019-06-11T15:52:49","slug":"cuban-ballplayers-get-visa-to-attend-can-am-league-in-canada","status":"publish","type":"post","link":"https:\/\/oncubanews.com\/en\/sports\/baseball\/cuban-ballplayers-get-visa-to-attend-can-am-league-in-canada\/","title":{"rendered":"Cuban ballplayers get visa to attend Can-Am League in Canada"},"content":{"rendered":"<p><span style=\"font-weight: 400;\">The Cuba baseball team will be able to attend the next edition of the Canadian-American (Can-Am) League after getting the visas to travel to Canada next Wednesday, after having faced difficulties with that process, the National Baseball Commission (CNB) reported this Monday. <\/span><\/p>\n<p><span style=\"font-weight: 400;\">The Cuban baseball players will participate in the Can-Am from June 14 to 30 &#8220;as a result of dialogue and bilateral efforts,&#8221; said the head of the CNB, Yovani Arag\u00f3n, quoted by the sports website Jit.<\/span><\/p>\n<p><span style=\"font-weight: 400;\">At the end of last May, the CNB had announced that the Cuban team would not attend the Can-Am event because the Canadian consulate was not processing Cuban citizens\u2019 visa applications since last January after reducing its diplomatic staff in Cuba to a minimum, after several of its officials reported health incidents, whose origin is unknown.<\/span><\/p>\n<p><span style=\"font-weight: 400;\">The Cuba baseball team will debut next June 14 against the Ottawa Champions, and also has scheduled games with other teams of the Canadian League like the Quebec Capitales and the Trois Rivieres Aigles.<\/span><\/p>\n<p><span style=\"font-weight: 400;\">Aragon, also vice president of the Cuban Baseball Federation (FCB), confirmed that the presence in Canada will make it possible to arrange for the visas to travel to the United States, where the island\u2019s team is scheduled to play against a university team in North Carolina next July 2 to 6.<\/span><\/p>\n<p><span style=\"font-weight: 400;\">The team that will compete in the 2019 Can-Am League will be managed by Rey Vicente Anglada and will take players Frank Camilo Morej\u00f3n, Yosvany Alarc\u00f3n, Yunior Ibarra and Alfredo Fadraga as catchers.<\/span><\/p>\n<p><span style=\"font-weight: 400;\">The pitchers will include star players L\u00e1zaro Blanco, Freddy Asiel \u00c1lvarez and Roberto Hern\u00e1ndez, along with Wilson Paredes, Frank Medina, Pablo Guill\u00e9n, Pedro \u00c1lvarez, Yariel Rodr\u00edguez, Misael Villa, Yosimar Cous\u00edn de la Rosa, Rafael S\u00e1nchez, Norge Vera and Yudiel Rodr\u00edguez.<\/span><\/p>\n<p><span style=\"font-weight: 400;\">Yoelkis Guibert, Yuniesky Larduet, Yoelkis C\u00e9spedes and Fr\u00e9derich Cepeda will play as outfielders, and as infielders Yordanis Sam\u00f3n, Carlos Ben\u00edtez, Ra\u00fal Gonz\u00e1lez, Jorge Alom\u00e1, C\u00e9sar Prieto, Orlando Acebey and Andr\u00e9s Hern\u00e1ndez.<\/span><\/p>\n","protected":false},"excerpt":{"rendered":"<p>The Cuba baseball team will be able to attend the next edition of the Canadian-American (Can-Am) League after getting the visas to travel to Canada next Wednesday, after having faced difficulties with that process, the National Baseball Commission (CNB) reported this Monday. The Cuban baseball players will participate in the Can-Am from June 14 to [&hellip;]<\/p>\n","protected":false},"author":3606,"featured_media":200437,"comment_status":"open","ping_status":"closed","sticky":false,"template":"","format":"standard","meta":{"_acf_changed":false,"footnotes":""},"categories":[13926],"tags":[22139,18951,14947],"ppma_author":[33548,17270],"class_list":["post-200436","post","type-post","status-publish","format-standard","has-post-thumbnail","hentry","category-baseball","tag-can-am-league","tag-cuba-and-canada","tag-cuban-baseball"],"acf":[],"yoast_head":"<!-- This site is optimized with the Yoast SEO plugin v27.3 - https:\/\/yoast.com\/product\/yoast-seo-wordpress\/ -->\n<title>Cuban ballplayers get visa to attend Can-Am League in Canada | OnCubaNews English<\/title>\n<meta name=\"description\" content=\"It\u2019s &quot;the result of dialogue and bilateral efforts,&quot; since that country\u2019s embassy isn\u2019t processing visas in Havana.\" \/>\n<meta name=\"robots\" content=\"index, follow, max-snippet:-1, max-image-preview:large, max-video-preview:-1\" \/>\n<link rel=\"canonical\" href=\"https:\/\/oncubanews.com\/en\/sports\/baseball\/cuban-ballplayers-get-visa-to-attend-can-am-league-in-canada\/\" \/>\n<meta property=\"og:locale\" content=\"en_US\" \/>\n<meta property=\"og:type\" content=\"article\" \/>\n<meta property=\"og:title\" content=\"Cuban ballplayers get visa to attend Can-Am League in Canada | OnCubaNews English\" \/>\n<meta property=\"og:description\" content=\"It\u2019s &quot;the result of dialogue and bilateral efforts,&quot; since that country\u2019s embassy isn\u2019t processing visas in Havana.\" \/>\n<meta property=\"og:url\" content=\"https:\/\/oncubanews.com\/en\/sports\/baseball\/cuban-ballplayers-get-visa-to-attend-can-am-league-in-canada\/\" \/>\n<meta property=\"og:site_name\" content=\"OnCubaNews English\" \/>\n<meta property=\"article:published_time\" content=\"2019-06-11T15:52:49+00:00\" \/>\n<meta property=\"og:image\" content=\"https:\/\/oncubanews.com\/en\/wp-content\/uploads\/2019\/06\/rey-vicente-anglada-1.jpg\" \/>\n\t<meta property=\"og:image:width\" content=\"748\" \/>\n\t<meta property=\"og:image:height\" content=\"498\" \/>\n\t<meta property=\"og:image:type\" content=\"image\/jpeg\" \/>\n<meta name=\"author\" content=\"EFE, EFE\" \/>\n<meta name=\"twitter:card\" content=\"summary_large_image\" \/>\n<meta name=\"twitter:label1\" content=\"Written by\" \/>\n\t<meta name=\"twitter:data1\" content=\"EFE\" \/>\n\t<meta name=\"twitter:label2\" content=\"Est. reading time\" \/>\n\t<meta name=\"twitter:data2\" content=\"2 minutes\" \/>\n<script type=\"application\/ld+json\" class=\"yoast-schema-graph\">{\"@context\":\"https:\\\/\\\/schema.org\",\"@graph\":[{\"@type\":\"Article\",\"@id\":\"https:\\\/\\\/oncubanews.com\\\/en\\\/sports\\\/baseball\\\/cuban-ballplayers-get-visa-to-attend-can-am-league-in-canada\\\/#article\",\"isPartOf\":{\"@id\":\"https:\\\/\\\/oncubanews.com\\\/en\\\/sports\\\/baseball\\\/cuban-ballplayers-get-visa-to-attend-can-am-league-in-canada\\\/\"},\"author\":{\"name\":\"EFE\",\"@id\":\"https:\\\/\\\/oncubanews.com\\\/en\\\/#\\\/schema\\\/person\\\/4a4376ef86616685852e6d895d4d0eea\"},\"headline\":\"Cuban ballplayers get visa to attend Can-Am League in Canada\",\"datePublished\":\"2019-06-11T15:52:49+00:00\",\"mainEntityOfPage\":{\"@id\":\"https:\\\/\\\/oncubanews.com\\\/en\\\/sports\\\/baseball\\\/cuban-ballplayers-get-visa-to-attend-can-am-league-in-canada\\\/\"},\"wordCount\":347,\"commentCount\":0,\"image\":{\"@id\":\"https:\\\/\\\/oncubanews.com\\\/en\\\/sports\\\/baseball\\\/cuban-ballplayers-get-visa-to-attend-can-am-league-in-canada\\\/#primaryimage\"},\"thumbnailUrl\":\"https:\\\/\\\/oncubanews.com\\\/en\\\/wp-content\\\/uploads\\\/2019\\\/06\\\/rey-vicente-anglada-1.jpg\",\"keywords\":[\"Can-Am League\",\"Cuba and Canada\",\"Cuban baseball\"],\"articleSection\":[\"Baseball\"],\"inLanguage\":\"en-US\",\"potentialAction\":[{\"@type\":\"CommentAction\",\"name\":\"Comment\",\"target\":[\"https:\\\/\\\/oncubanews.com\\\/en\\\/sports\\\/baseball\\\/cuban-ballplayers-get-visa-to-attend-can-am-league-in-canada\\\/#respond\"]}],\"copyrightYear\":\"2019\",\"copyrightHolder\":{\"@id\":\"https:\\\/\\\/oncubanews.com\\\/en\\\/#organization\"}},{\"@type\":\"WebPage\",\"@id\":\"https:\\\/\\\/oncubanews.com\\\/en\\\/sports\\\/baseball\\\/cuban-ballplayers-get-visa-to-attend-can-am-league-in-canada\\\/\",\"url\":\"https:\\\/\\\/oncubanews.com\\\/en\\\/sports\\\/baseball\\\/cuban-ballplayers-get-visa-to-attend-can-am-league-in-canada\\\/\",\"name\":\"Cuban ballplayers get visa to attend Can-Am League in Canada | OnCubaNews English\",\"isPartOf\":{\"@id\":\"https:\\\/\\\/oncubanews.com\\\/en\\\/#website\"},\"primaryImageOfPage\":{\"@id\":\"https:\\\/\\\/oncubanews.com\\\/en\\\/sports\\\/baseball\\\/cuban-ballplayers-get-visa-to-attend-can-am-league-in-canada\\\/#primaryimage\"},\"image\":{\"@id\":\"https:\\\/\\\/oncubanews.com\\\/en\\\/sports\\\/baseball\\\/cuban-ballplayers-get-visa-to-attend-can-am-league-in-canada\\\/#primaryimage\"},\"thumbnailUrl\":\"https:\\\/\\\/oncubanews.com\\\/en\\\/wp-content\\\/uploads\\\/2019\\\/06\\\/rey-vicente-anglada-1.jpg\",\"datePublished\":\"2019-06-11T15:52:49+00:00\",\"author\":{\"@id\":\"https:\\\/\\\/oncubanews.com\\\/en\\\/#\\\/schema\\\/person\\\/4a4376ef86616685852e6d895d4d0eea\"},\"description\":\"It\u2019s \\\"the result of dialogue and bilateral efforts,\\\" since that country\u2019s embassy isn\u2019t processing visas in Havana.\",\"breadcrumb\":{\"@id\":\"https:\\\/\\\/oncubanews.com\\\/en\\\/sports\\\/baseball\\\/cuban-ballplayers-get-visa-to-attend-can-am-league-in-canada\\\/#breadcrumb\"},\"inLanguage\":\"en-US\",\"potentialAction\":[{\"@type\":\"ReadAction\",\"target\":[\"https:\\\/\\\/oncubanews.com\\\/en\\\/sports\\\/baseball\\\/cuban-ballplayers-get-visa-to-attend-can-am-league-in-canada\\\/\"]}]},{\"@type\":\"ImageObject\",\"inLanguage\":\"en-US\",\"@id\":\"https:\\\/\\\/oncubanews.com\\\/en\\\/sports\\\/baseball\\\/cuban-ballplayers-get-visa-to-attend-can-am-league-in-canada\\\/#primaryimage\",\"url\":\"https:\\\/\\\/oncubanews.com\\\/en\\\/wp-content\\\/uploads\\\/2019\\\/06\\\/rey-vicente-anglada-1.jpg\",\"contentUrl\":\"https:\\\/\\\/oncubanews.com\\\/en\\\/wp-content\\\/uploads\\\/2019\\\/06\\\/rey-vicente-anglada-1.jpg\",\"width\":748,\"height\":498,\"caption\":\"Rey Vicente Anglada is managing this team. Photo: ACN.\"},{\"@type\":\"BreadcrumbList\",\"@id\":\"https:\\\/\\\/oncubanews.com\\\/en\\\/sports\\\/baseball\\\/cuban-ballplayers-get-visa-to-attend-can-am-league-in-canada\\\/#breadcrumb\",\"itemListElement\":[{\"@type\":\"ListItem\",\"position\":1,\"name\":\"Portada\",\"item\":\"https:\\\/\\\/oncubanews.com\\\/en\\\/\"},{\"@type\":\"ListItem\",\"position\":2,\"name\":\"Cuban ballplayers get visa to attend Can-Am League in Canada\"}]},{\"@type\":\"WebSite\",\"@id\":\"https:\\\/\\\/oncubanews.com\\\/en\\\/#website\",\"url\":\"https:\\\/\\\/oncubanews.com\\\/en\\\/\",\"name\":\"OnCubaNews English\",\"description\":\"Revista sobre Cuba\",\"potentialAction\":[{\"@type\":\"SearchAction\",\"target\":{\"@type\":\"EntryPoint\",\"urlTemplate\":\"https:\\\/\\\/oncubanews.com\\\/en\\\/?s={search_term_string}\"},\"query-input\":{\"@type\":\"PropertyValueSpecification\",\"valueRequired\":true,\"valueName\":\"search_term_string\"}}],\"inLanguage\":\"en-US\"},{\"@type\":\"Person\",\"@id\":\"https:\\\/\\\/oncubanews.com\\\/en\\\/#\\\/schema\\\/person\\\/4a4376ef86616685852e6d895d4d0eea\",\"name\":\"EFE\",\"image\":{\"@type\":\"ImageObject\",\"inLanguage\":\"en-US\",\"@id\":\"https:\\\/\\\/secure.gravatar.com\\\/avatar\\\/2a1de33ef07ae580021e92116e205cdb099068c1ff1fdba600b998c78b6347eb?s=96&r=gd23dcd71e12bce3843a7572453d0d981\",\"url\":\"https:\\\/\\\/secure.gravatar.com\\\/avatar\\\/2a1de33ef07ae580021e92116e205cdb099068c1ff1fdba600b998c78b6347eb?s=96&r=g\",\"contentUrl\":\"https:\\\/\\\/secure.gravatar.com\\\/avatar\\\/2a1de33ef07ae580021e92116e205cdb099068c1ff1fdba600b998c78b6347eb?s=96&r=g\",\"caption\":\"EFE\"},\"url\":\"https:\\\/\\\/oncubanews.com\\\/en\\\/author\\\/efe\\\/\"}]}<\/script>\n<!-- \/ Yoast SEO plugin. -->","yoast_head_json":{"title":"Cuban ballplayers get visa to attend Can-Am League in Canada | OnCubaNews English","description":"It\u2019s \"the result of dialogue and bilateral efforts,\" since that country\u2019s embassy isn\u2019t processing visas in Havana.","robots":{"index":"index","follow":"follow","max-snippet":"max-snippet:-1","max-image-preview":"max-image-preview:large","max-video-preview":"max-video-preview:-1"},"canonical":"https:\/\/oncubanews.com\/en\/sports\/baseball\/cuban-ballplayers-get-visa-to-attend-can-am-league-in-canada\/","og_locale":"en_US","og_type":"article","og_title":"Cuban ballplayers get visa to attend Can-Am League in Canada | OnCubaNews English","og_description":"It\u2019s \"the result of dialogue and bilateral efforts,\" since that country\u2019s embassy isn\u2019t processing visas in Havana.","og_url":"https:\/\/oncubanews.com\/en\/sports\/baseball\/cuban-ballplayers-get-visa-to-attend-can-am-league-in-canada\/","og_site_name":"OnCubaNews English","article_published_time":"2019-06-11T15:52:49+00:00","og_image":[{"width":748,"height":498,"url":"https:\/\/oncubanews.com\/en\/wp-content\/uploads\/2019\/06\/rey-vicente-anglada-1.jpg","type":"image\/jpeg"}],"author":"EFE, EFE","twitter_card":"summary_large_image","twitter_misc":{"Written by":"EFE","Est. reading time":"2 minutes"},"schema":{"@context":"https:\/\/schema.org","@graph":[{"@type":"Article","@id":"https:\/\/oncubanews.com\/en\/sports\/baseball\/cuban-ballplayers-get-visa-to-attend-can-am-league-in-canada\/#article","isPartOf":{"@id":"https:\/\/oncubanews.com\/en\/sports\/baseball\/cuban-ballplayers-get-visa-to-attend-can-am-league-in-canada\/"},"author":{"name":"EFE","@id":"https:\/\/oncubanews.com\/en\/#\/schema\/person\/4a4376ef86616685852e6d895d4d0eea"},"headline":"Cuban ballplayers get visa to attend Can-Am League in Canada","datePublished":"2019-06-11T15:52:49+00:00","mainEntityOfPage":{"@id":"https:\/\/oncubanews.com\/en\/sports\/baseball\/cuban-ballplayers-get-visa-to-attend-can-am-league-in-canada\/"},"wordCount":347,"commentCount":0,"image":{"@id":"https:\/\/oncubanews.com\/en\/sports\/baseball\/cuban-ballplayers-get-visa-to-attend-can-am-league-in-canada\/#primaryimage"},"thumbnailUrl":"https:\/\/oncubanews.com\/en\/wp-content\/uploads\/2019\/06\/rey-vicente-anglada-1.jpg","keywords":["Can-Am League","Cuba and Canada","Cuban baseball"],"articleSection":["Baseball"],"inLanguage":"en-US","potentialAction":[{"@type":"CommentAction","name":"Comment","target":["https:\/\/oncubanews.com\/en\/sports\/baseball\/cuban-ballplayers-get-visa-to-attend-can-am-league-in-canada\/#respond"]}],"copyrightYear":"2019","copyrightHolder":{"@id":"https:\/\/oncubanews.com\/en\/#organization"}},{"@type":"WebPage","@id":"https:\/\/oncubanews.com\/en\/sports\/baseball\/cuban-ballplayers-get-visa-to-attend-can-am-league-in-canada\/","url":"https:\/\/oncubanews.com\/en\/sports\/baseball\/cuban-ballplayers-get-visa-to-attend-can-am-league-in-canada\/","name":"Cuban ballplayers get visa to attend Can-Am League in Canada | OnCubaNews English","isPartOf":{"@id":"https:\/\/oncubanews.com\/en\/#website"},"primaryImageOfPage":{"@id":"https:\/\/oncubanews.com\/en\/sports\/baseball\/cuban-ballplayers-get-visa-to-attend-can-am-league-in-canada\/#primaryimage"},"image":{"@id":"https:\/\/oncubanews.com\/en\/sports\/baseball\/cuban-ballplayers-get-visa-to-attend-can-am-league-in-canada\/#primaryimage"},"thumbnailUrl":"https:\/\/oncubanews.com\/en\/wp-content\/uploads\/2019\/06\/rey-vicente-anglada-1.jpg","datePublished":"2019-06-11T15:52:49+00:00","author":{"@id":"https:\/\/oncubanews.com\/en\/#\/schema\/person\/4a4376ef86616685852e6d895d4d0eea"},"description":"It\u2019s \"the result of dialogue and bilateral efforts,\" since that country\u2019s embassy isn\u2019t processing visas in Havana.","breadcrumb":{"@id":"https:\/\/oncubanews.com\/en\/sports\/baseball\/cuban-ballplayers-get-visa-to-attend-can-am-league-in-canada\/#breadcrumb"},"inLanguage":"en-US","potentialAction":[{"@type":"ReadAction","target":["https:\/\/oncubanews.com\/en\/sports\/baseball\/cuban-ballplayers-get-visa-to-attend-can-am-league-in-canada\/"]}]},{"@type":"ImageObject","inLanguage":"en-US","@id":"https:\/\/oncubanews.com\/en\/sports\/baseball\/cuban-ballplayers-get-visa-to-attend-can-am-league-in-canada\/#primaryimage","url":"https:\/\/oncubanews.com\/en\/wp-content\/uploads\/2019\/06\/rey-vicente-anglada-1.jpg","contentUrl":"https:\/\/oncubanews.com\/en\/wp-content\/uploads\/2019\/06\/rey-vicente-anglada-1.jpg","width":748,"height":498,"caption":"Rey Vicente Anglada is managing this team. Photo: ACN."},{"@type":"BreadcrumbList","@id":"https:\/\/oncubanews.com\/en\/sports\/baseball\/cuban-ballplayers-get-visa-to-attend-can-am-league-in-canada\/#breadcrumb","itemListElement":[{"@type":"ListItem","position":1,"name":"Portada","item":"https:\/\/oncubanews.com\/en\/"},{"@type":"ListItem","position":2,"name":"Cuban ballplayers get visa to attend Can-Am League in Canada"}]},{"@type":"WebSite","@id":"https:\/\/oncubanews.com\/en\/#website","url":"https:\/\/oncubanews.com\/en\/","name":"OnCubaNews English","description":"Revista sobre Cuba","potentialAction":[{"@type":"SearchAction","target":{"@type":"EntryPoint","urlTemplate":"https:\/\/oncubanews.com\/en\/?s={search_term_string}"},"query-input":{"@type":"PropertyValueSpecification","valueRequired":true,"valueName":"search_term_string"}}],"inLanguage":"en-US"},{"@type":"Person","@id":"https:\/\/oncubanews.com\/en\/#\/schema\/person\/4a4376ef86616685852e6d895d4d0eea","name":"EFE","image":{"@type":"ImageObject","inLanguage":"en-US","@id":"https:\/\/secure.gravatar.com\/avatar\/2a1de33ef07ae580021e92116e205cdb099068c1ff1fdba600b998c78b6347eb?s=96&r=gd23dcd71e12bce3843a7572453d0d981","url":"https:\/\/secure.gravatar.com\/avatar\/2a1de33ef07ae580021e92116e205cdb099068c1ff1fdba600b998c78b6347eb?s=96&r=g","contentUrl":"https:\/\/secure.gravatar.com\/avatar\/2a1de33ef07ae580021e92116e205cdb099068c1ff1fdba600b998c78b6347eb?s=96&r=g","caption":"EFE"},"url":"https:\/\/oncubanews.com\/en\/author\/efe\/"}]}},"authors":[{"term_id":33548,"user_id":3606,"is_guest":0,"slug":"efe","display_name":"EFE","avatar_url":"https:\/\/secure.gravatar.com\/avatar\/2a1de33ef07ae580021e92116e205cdb099068c1ff1fdba600b998c78b6347eb?s=96&r=g","0":null,"1":"","2":"","3":"","4":"","5":"","6":"","7":"","8":""},{"term_id":17270,"user_id":0,"is_guest":1,"slug":"cap-efe","display_name":"EFE","avatar_url":"https:\/\/secure.gravatar.com\/avatar\/?s=96&r=g","0":null,"1":"","2":"","3":"","4":"","5":"","6":"","7":"","8":""}],"_links":{"self":[{"href":"https:\/\/oncubanews.com\/en\/wp-json\/wp\/v2\/posts\/200436","targetHints":{"allow":["GET"]}}],"collection":[{"href":"https:\/\/oncubanews.com\/en\/wp-json\/wp\/v2\/posts"}],"about":[{"href":"https:\/\/oncubanews.com\/en\/wp-json\/wp\/v2\/types\/post"}],"author":[{"embeddable":true,"href":"https:\/\/oncubanews.com\/en\/wp-json\/wp\/v2\/users\/3606"}],"replies":[{"embeddable":true,"href":"https:\/\/oncubanews.com\/en\/wp-json\/wp\/v2\/comments?post=200436"}],"version-history":[{"count":0,"href":"https:\/\/oncubanews.com\/en\/wp-json\/wp\/v2\/posts\/200436\/revisions"}],"wp:featuredmedia":[{"embeddable":true,"href":"https:\/\/oncubanews.com\/en\/wp-json\/wp\/v2\/media\/200437"}],"wp:attachment":[{"href":"https:\/\/oncubanews.com\/en\/wp-json\/wp\/v2\/media?parent=200436"}],"wp:term":[{"taxonomy":"category","embeddable":true,"href":"https:\/\/oncubanews.com\/en\/wp-json\/wp\/v2\/categories?post=200436"},{"taxonomy":"post_tag","embeddable":true,"href":"https:\/\/oncubanews.com\/en\/wp-json\/wp\/v2\/tags?post=200436"},{"taxonomy":"author","embeddable":true,"href":"https:\/\/oncubanews.com\/en\/wp-json\/wp\/v2\/ppma_author?post=200436"}],"curies":[{"name":"wp","href":"https:\/\/api.w.org\/{rel}","templated":true}]}}