
{"id":200896,"date":"2019-06-18T18:07:51","date_gmt":"2019-06-18T22:07:51","guid":{"rendered":"https:\/\/oncubanews.com\/en\/?p=200896"},"modified":"2019-06-18T19:32:54","modified_gmt":"2019-06-18T23:32:54","slug":"vinales-between-mogotes-and-tourists","status":"publish","type":"post","link":"https:\/\/oncubanews.com\/en\/styles-trends\/places\/vinales-between-mogotes-and-tourists\/","title":{"rendered":"Vi\u00f1ales, between mogotes and tourists"},"content":{"rendered":"<p><span style=\"font-weight: 400;\">Vi\u00f1ales Valley, in the western province of <\/span><a href=\"https:\/\/oncubanews.com\/tag\/pinar-del-rio\/\" target=\"_blank\" rel=\"noopener noreferrer\"><span style=\"font-weight: 400;\">Pinar del R\u00edo<\/span><\/a><span style=\"font-weight: 400;\">, is rightfully one of the most famous places in Cuba. Its natural beauty, crowned by its unmistakable mogotes, and its picturesque town have won distinctions such as Protected Area, National Park and World Heritage Cultural Landscape.<\/span><\/p>\n<p><span style=\"font-weight: 400;\">Its fame has also been accompanied by an increase in visitors, who come from all parts of the world eager to appreciate its beauty and exchange with its residents. More than half a million people travel there every year, following the recommendations of friends, family or publications such as <em>The New York Times<\/em> and <em>Business Insider<\/em>, which have recommended it among the best tourist destinations.<\/span><\/p>\n<figure id=\"attachment_200898\" aria-describedby=\"caption-attachment-200898\" style=\"width: 1024px\" class=\"wp-caption aligncenter\"><a href=\"https:\/\/oncubanews.com\/en\/wp-content\/uploads\/2019\/06\/vi\u00f1ales_ot_21-1.jpg\"><img loading=\"lazy\" decoding=\"async\" class=\"size-full wp-image-200898\" src=\"https:\/\/oncubanews.com\/en\/wp-content\/uploads\/2019\/06\/vi\u00f1ales_ot_21-1.jpg\" alt=\"\" width=\"1024\" height=\"683\" srcset=\"https:\/\/oncubanews.com\/en\/wp-content\/uploads\/2019\/06\/vi\u00f1ales_ot_21-1.jpg 1024w, https:\/\/oncubanews.com\/en\/wp-content\/uploads\/2019\/06\/vi\u00f1ales_ot_21-1-300x200.jpg 300w, https:\/\/oncubanews.com\/en\/wp-content\/uploads\/2019\/06\/vi\u00f1ales_ot_21-1-768x512.jpg 768w, https:\/\/oncubanews.com\/en\/wp-content\/uploads\/2019\/06\/vi\u00f1ales_ot_21-1-750x500.jpg 750w\" sizes=\"auto, (max-width: 1024px) 100vw, 1024px\" \/><\/a><figcaption id=\"caption-attachment-200898\" class=\"wp-caption-text\">Vi\u00f1ales. Photo: Otmaro Rodr\u00edguez.<\/figcaption><\/figure>\n<p><a href=\"https:\/\/oncubanews.com\/tag\/turismo-en-cuba\/\" target=\"_blank\" rel=\"noopener noreferrer\"><span style=\"font-weight: 400;\">Tourism<\/span><\/a><span style=\"font-weight: 400;\"> has logically left its mark. What was once a placid rural town, today is a busy tourist site, a place where there are more than 2,000 rooms for rent, hundreds of private restaurants and where the domestic economy depends largely on the influx of visitors. And when it decreases, in the low season, everyone feels it.<\/span><\/p>\n<div id='gallery-1' class='gallery galleryid-200896 gallery-columns-1 gallery-size-full'><figure class='gallery-item'>\n\t\t\t<div class='gallery-icon landscape'>\n\t\t\t\t<a href='https:\/\/oncubanews.com\/en\/styles-trends\/places\/vinales-between-mogotes-and-tourists\/attachment\/vinales_ot_12-2\/'><img loading=\"lazy\" decoding=\"async\" width=\"1900\" height=\"1267\" src=\"https:\/\/oncubanews.com\/en\/wp-content\/uploads\/2019\/06\/vi\u00f1ales_ot_12-1.jpg\" class=\"attachment-full size-full\" alt=\"\" srcset=\"https:\/\/oncubanews.com\/en\/wp-content\/uploads\/2019\/06\/vi\u00f1ales_ot_12-1.jpg 1900w, https:\/\/oncubanews.com\/en\/wp-content\/uploads\/2019\/06\/vi\u00f1ales_ot_12-1-300x200.jpg 300w, https:\/\/oncubanews.com\/en\/wp-content\/uploads\/2019\/06\/vi\u00f1ales_ot_12-1-768x512.jpg 768w, https:\/\/oncubanews.com\/en\/wp-content\/uploads\/2019\/06\/vi\u00f1ales_ot_12-1-1024x683.jpg 1024w, https:\/\/oncubanews.com\/en\/wp-content\/uploads\/2019\/06\/vi\u00f1ales_ot_12-1-750x500.jpg 750w, https:\/\/oncubanews.com\/en\/wp-content\/uploads\/2019\/06\/vi\u00f1ales_ot_12-1-1140x760.jpg 1140w\" sizes=\"auto, (max-width: 1900px) 100vw, 1900px\" \/><\/a>\n\t\t\t<\/div><\/figure><figure class='gallery-item'>\n\t\t\t<div class='gallery-icon landscape'>\n\t\t\t\t<a href='https:\/\/oncubanews.com\/en\/styles-trends\/places\/vinales-between-mogotes-and-tourists\/attachment\/vinales_ot_14-2\/'><img loading=\"lazy\" decoding=\"async\" width=\"1900\" height=\"1267\" src=\"https:\/\/oncubanews.com\/en\/wp-content\/uploads\/2019\/06\/vi\u00f1ales_ot_14-1.jpg\" class=\"attachment-full size-full\" alt=\"\" srcset=\"https:\/\/oncubanews.com\/en\/wp-content\/uploads\/2019\/06\/vi\u00f1ales_ot_14-1.jpg 1900w, https:\/\/oncubanews.com\/en\/wp-content\/uploads\/2019\/06\/vi\u00f1ales_ot_14-1-300x200.jpg 300w, https:\/\/oncubanews.com\/en\/wp-content\/uploads\/2019\/06\/vi\u00f1ales_ot_14-1-768x512.jpg 768w, https:\/\/oncubanews.com\/en\/wp-content\/uploads\/2019\/06\/vi\u00f1ales_ot_14-1-1024x683.jpg 1024w, https:\/\/oncubanews.com\/en\/wp-content\/uploads\/2019\/06\/vi\u00f1ales_ot_14-1-750x500.jpg 750w, https:\/\/oncubanews.com\/en\/wp-content\/uploads\/2019\/06\/vi\u00f1ales_ot_14-1-1140x760.jpg 1140w\" sizes=\"auto, (max-width: 1900px) 100vw, 1900px\" \/><\/a>\n\t\t\t<\/div><\/figure><figure class='gallery-item'>\n\t\t\t<div class='gallery-icon landscape'>\n\t\t\t\t<a href='https:\/\/oncubanews.com\/en\/styles-trends\/places\/vinales-between-mogotes-and-tourists\/attachment\/vinales_ot_15-2\/'><img loading=\"lazy\" decoding=\"async\" width=\"1900\" height=\"1267\" src=\"https:\/\/oncubanews.com\/en\/wp-content\/uploads\/2019\/06\/vi\u00f1ales_ot_15-1.jpg\" class=\"attachment-full size-full\" alt=\"\" srcset=\"https:\/\/oncubanews.com\/en\/wp-content\/uploads\/2019\/06\/vi\u00f1ales_ot_15-1.jpg 1900w, https:\/\/oncubanews.com\/en\/wp-content\/uploads\/2019\/06\/vi\u00f1ales_ot_15-1-300x200.jpg 300w, https:\/\/oncubanews.com\/en\/wp-content\/uploads\/2019\/06\/vi\u00f1ales_ot_15-1-768x512.jpg 768w, https:\/\/oncubanews.com\/en\/wp-content\/uploads\/2019\/06\/vi\u00f1ales_ot_15-1-1024x683.jpg 1024w, https:\/\/oncubanews.com\/en\/wp-content\/uploads\/2019\/06\/vi\u00f1ales_ot_15-1-750x500.jpg 750w, https:\/\/oncubanews.com\/en\/wp-content\/uploads\/2019\/06\/vi\u00f1ales_ot_15-1-1140x760.jpg 1140w\" sizes=\"auto, (max-width: 1900px) 100vw, 1900px\" \/><\/a>\n\t\t\t<\/div><\/figure><figure class='gallery-item'>\n\t\t\t<div class='gallery-icon landscape'>\n\t\t\t\t<a href='https:\/\/oncubanews.com\/en\/styles-trends\/places\/vinales-between-mogotes-and-tourists\/attachment\/vinales_ot_16-2\/'><img loading=\"lazy\" decoding=\"async\" width=\"1900\" height=\"1267\" src=\"https:\/\/oncubanews.com\/en\/wp-content\/uploads\/2019\/06\/vi\u00f1ales_ot_16-1.jpg\" class=\"attachment-full size-full\" alt=\"\" srcset=\"https:\/\/oncubanews.com\/en\/wp-content\/uploads\/2019\/06\/vi\u00f1ales_ot_16-1.jpg 1900w, https:\/\/oncubanews.com\/en\/wp-content\/uploads\/2019\/06\/vi\u00f1ales_ot_16-1-300x200.jpg 300w, https:\/\/oncubanews.com\/en\/wp-content\/uploads\/2019\/06\/vi\u00f1ales_ot_16-1-768x512.jpg 768w, https:\/\/oncubanews.com\/en\/wp-content\/uploads\/2019\/06\/vi\u00f1ales_ot_16-1-1024x683.jpg 1024w, https:\/\/oncubanews.com\/en\/wp-content\/uploads\/2019\/06\/vi\u00f1ales_ot_16-1-750x500.jpg 750w, https:\/\/oncubanews.com\/en\/wp-content\/uploads\/2019\/06\/vi\u00f1ales_ot_16-1-1140x760.jpg 1140w\" sizes=\"auto, (max-width: 1900px) 100vw, 1900px\" \/><\/a>\n\t\t\t<\/div><\/figure><figure class='gallery-item'>\n\t\t\t<div class='gallery-icon landscape'>\n\t\t\t\t<a href='https:\/\/oncubanews.com\/en\/styles-trends\/places\/vinales-between-mogotes-and-tourists\/attachment\/vinales_ot_27-2\/'><img loading=\"lazy\" decoding=\"async\" width=\"1900\" height=\"1267\" src=\"https:\/\/oncubanews.com\/en\/wp-content\/uploads\/2019\/06\/vi\u00f1ales_ot_27-1.jpg\" class=\"attachment-full size-full\" alt=\"\" srcset=\"https:\/\/oncubanews.com\/en\/wp-content\/uploads\/2019\/06\/vi\u00f1ales_ot_27-1.jpg 1900w, https:\/\/oncubanews.com\/en\/wp-content\/uploads\/2019\/06\/vi\u00f1ales_ot_27-1-300x200.jpg 300w, https:\/\/oncubanews.com\/en\/wp-content\/uploads\/2019\/06\/vi\u00f1ales_ot_27-1-768x512.jpg 768w, https:\/\/oncubanews.com\/en\/wp-content\/uploads\/2019\/06\/vi\u00f1ales_ot_27-1-1024x683.jpg 1024w, https:\/\/oncubanews.com\/en\/wp-content\/uploads\/2019\/06\/vi\u00f1ales_ot_27-1-750x500.jpg 750w, https:\/\/oncubanews.com\/en\/wp-content\/uploads\/2019\/06\/vi\u00f1ales_ot_27-1-1140x760.jpg 1140w\" sizes=\"auto, (max-width: 1900px) 100vw, 1900px\" \/><\/a>\n\t\t\t<\/div><\/figure><figure class='gallery-item'>\n\t\t\t<div class='gallery-icon landscape'>\n\t\t\t\t<a href='https:\/\/oncubanews.com\/en\/styles-trends\/places\/vinales-between-mogotes-and-tourists\/attachment\/vinales_ot_38-2\/'><img loading=\"lazy\" decoding=\"async\" width=\"1900\" height=\"1267\" src=\"https:\/\/oncubanews.com\/en\/wp-content\/uploads\/2019\/06\/vi\u00f1ales_ot_38-1.jpg\" class=\"attachment-full size-full\" alt=\"\" srcset=\"https:\/\/oncubanews.com\/en\/wp-content\/uploads\/2019\/06\/vi\u00f1ales_ot_38-1.jpg 1900w, https:\/\/oncubanews.com\/en\/wp-content\/uploads\/2019\/06\/vi\u00f1ales_ot_38-1-300x200.jpg 300w, https:\/\/oncubanews.com\/en\/wp-content\/uploads\/2019\/06\/vi\u00f1ales_ot_38-1-768x512.jpg 768w, https:\/\/oncubanews.com\/en\/wp-content\/uploads\/2019\/06\/vi\u00f1ales_ot_38-1-1024x683.jpg 1024w, https:\/\/oncubanews.com\/en\/wp-content\/uploads\/2019\/06\/vi\u00f1ales_ot_38-1-750x500.jpg 750w, https:\/\/oncubanews.com\/en\/wp-content\/uploads\/2019\/06\/vi\u00f1ales_ot_38-1-1140x760.jpg 1140w\" sizes=\"auto, (max-width: 1900px) 100vw, 1900px\" \/><\/a>\n\t\t\t<\/div><\/figure><figure class='gallery-item'>\n\t\t\t<div class='gallery-icon landscape'>\n\t\t\t\t<a href='https:\/\/oncubanews.com\/en\/styles-trends\/places\/vinales-between-mogotes-and-tourists\/attachment\/vinales_ot_53-2\/'><img loading=\"lazy\" decoding=\"async\" width=\"1900\" height=\"1267\" src=\"https:\/\/oncubanews.com\/en\/wp-content\/uploads\/2019\/06\/vi\u00f1ales_ot_53-1.jpg\" class=\"attachment-full size-full\" alt=\"\" srcset=\"https:\/\/oncubanews.com\/en\/wp-content\/uploads\/2019\/06\/vi\u00f1ales_ot_53-1.jpg 1900w, https:\/\/oncubanews.com\/en\/wp-content\/uploads\/2019\/06\/vi\u00f1ales_ot_53-1-300x200.jpg 300w, https:\/\/oncubanews.com\/en\/wp-content\/uploads\/2019\/06\/vi\u00f1ales_ot_53-1-768x512.jpg 768w, https:\/\/oncubanews.com\/en\/wp-content\/uploads\/2019\/06\/vi\u00f1ales_ot_53-1-1024x683.jpg 1024w, https:\/\/oncubanews.com\/en\/wp-content\/uploads\/2019\/06\/vi\u00f1ales_ot_53-1-750x500.jpg 750w, https:\/\/oncubanews.com\/en\/wp-content\/uploads\/2019\/06\/vi\u00f1ales_ot_53-1-1140x760.jpg 1140w\" sizes=\"auto, (max-width: 1900px) 100vw, 1900px\" \/><\/a>\n\t\t\t<\/div><\/figure><figure class='gallery-item'>\n\t\t\t<div class='gallery-icon landscape'>\n\t\t\t\t<a href='https:\/\/oncubanews.com\/en\/styles-trends\/places\/vinales-between-mogotes-and-tourists\/attachment\/vinales_ot_54-2\/'><img loading=\"lazy\" decoding=\"async\" width=\"1900\" height=\"1267\" src=\"https:\/\/oncubanews.com\/en\/wp-content\/uploads\/2019\/06\/vi\u00f1ales_ot_54-1.jpg\" class=\"attachment-full size-full\" alt=\"\" srcset=\"https:\/\/oncubanews.com\/en\/wp-content\/uploads\/2019\/06\/vi\u00f1ales_ot_54-1.jpg 1900w, https:\/\/oncubanews.com\/en\/wp-content\/uploads\/2019\/06\/vi\u00f1ales_ot_54-1-300x200.jpg 300w, https:\/\/oncubanews.com\/en\/wp-content\/uploads\/2019\/06\/vi\u00f1ales_ot_54-1-768x512.jpg 768w, https:\/\/oncubanews.com\/en\/wp-content\/uploads\/2019\/06\/vi\u00f1ales_ot_54-1-1024x683.jpg 1024w, https:\/\/oncubanews.com\/en\/wp-content\/uploads\/2019\/06\/vi\u00f1ales_ot_54-1-750x500.jpg 750w, https:\/\/oncubanews.com\/en\/wp-content\/uploads\/2019\/06\/vi\u00f1ales_ot_54-1-1140x760.jpg 1140w\" sizes=\"auto, (max-width: 1900px) 100vw, 1900px\" \/><\/a>\n\t\t\t<\/div><\/figure><figure class='gallery-item'>\n\t\t\t<div class='gallery-icon landscape'>\n\t\t\t\t<a href='https:\/\/oncubanews.com\/en\/styles-trends\/places\/vinales-between-mogotes-and-tourists\/attachment\/vinales_ot_57-2\/'><img loading=\"lazy\" decoding=\"async\" width=\"1900\" height=\"1267\" src=\"https:\/\/oncubanews.com\/en\/wp-content\/uploads\/2019\/06\/vi\u00f1ales_ot_57-1.jpg\" class=\"attachment-full size-full\" alt=\"\" srcset=\"https:\/\/oncubanews.com\/en\/wp-content\/uploads\/2019\/06\/vi\u00f1ales_ot_57-1.jpg 1900w, https:\/\/oncubanews.com\/en\/wp-content\/uploads\/2019\/06\/vi\u00f1ales_ot_57-1-300x200.jpg 300w, https:\/\/oncubanews.com\/en\/wp-content\/uploads\/2019\/06\/vi\u00f1ales_ot_57-1-768x512.jpg 768w, https:\/\/oncubanews.com\/en\/wp-content\/uploads\/2019\/06\/vi\u00f1ales_ot_57-1-1024x683.jpg 1024w, https:\/\/oncubanews.com\/en\/wp-content\/uploads\/2019\/06\/vi\u00f1ales_ot_57-1-750x500.jpg 750w, https:\/\/oncubanews.com\/en\/wp-content\/uploads\/2019\/06\/vi\u00f1ales_ot_57-1-1140x760.jpg 1140w\" sizes=\"auto, (max-width: 1900px) 100vw, 1900px\" \/><\/a>\n\t\t\t<\/div><\/figure><figure class='gallery-item'>\n\t\t\t<div class='gallery-icon landscape'>\n\t\t\t\t<a href='https:\/\/oncubanews.com\/en\/styles-trends\/places\/vinales-between-mogotes-and-tourists\/attachment\/vinales_ot_60-2\/'><img loading=\"lazy\" decoding=\"async\" width=\"1900\" height=\"1267\" src=\"https:\/\/oncubanews.com\/en\/wp-content\/uploads\/2019\/06\/vi\u00f1ales_ot_60-1.jpg\" class=\"attachment-full size-full\" alt=\"\" srcset=\"https:\/\/oncubanews.com\/en\/wp-content\/uploads\/2019\/06\/vi\u00f1ales_ot_60-1.jpg 1900w, https:\/\/oncubanews.com\/en\/wp-content\/uploads\/2019\/06\/vi\u00f1ales_ot_60-1-300x200.jpg 300w, https:\/\/oncubanews.com\/en\/wp-content\/uploads\/2019\/06\/vi\u00f1ales_ot_60-1-768x512.jpg 768w, https:\/\/oncubanews.com\/en\/wp-content\/uploads\/2019\/06\/vi\u00f1ales_ot_60-1-1024x683.jpg 1024w, https:\/\/oncubanews.com\/en\/wp-content\/uploads\/2019\/06\/vi\u00f1ales_ot_60-1-750x500.jpg 750w, https:\/\/oncubanews.com\/en\/wp-content\/uploads\/2019\/06\/vi\u00f1ales_ot_60-1-1140x760.jpg 1140w\" sizes=\"auto, (max-width: 1900px) 100vw, 1900px\" \/><\/a>\n\t\t\t<\/div><\/figure><figure class='gallery-item'>\n\t\t\t<div class='gallery-icon landscape'>\n\t\t\t\t<a href='https:\/\/oncubanews.com\/en\/styles-trends\/places\/vinales-between-mogotes-and-tourists\/attachment\/vinales_ot_64-2\/'><img loading=\"lazy\" decoding=\"async\" width=\"1900\" height=\"1267\" src=\"https:\/\/oncubanews.com\/en\/wp-content\/uploads\/2019\/06\/vi\u00f1ales_ot_64-1.jpg\" class=\"attachment-full size-full\" alt=\"\" srcset=\"https:\/\/oncubanews.com\/en\/wp-content\/uploads\/2019\/06\/vi\u00f1ales_ot_64-1.jpg 1900w, https:\/\/oncubanews.com\/en\/wp-content\/uploads\/2019\/06\/vi\u00f1ales_ot_64-1-300x200.jpg 300w, https:\/\/oncubanews.com\/en\/wp-content\/uploads\/2019\/06\/vi\u00f1ales_ot_64-1-768x512.jpg 768w, https:\/\/oncubanews.com\/en\/wp-content\/uploads\/2019\/06\/vi\u00f1ales_ot_64-1-1024x683.jpg 1024w, https:\/\/oncubanews.com\/en\/wp-content\/uploads\/2019\/06\/vi\u00f1ales_ot_64-1-750x500.jpg 750w, https:\/\/oncubanews.com\/en\/wp-content\/uploads\/2019\/06\/vi\u00f1ales_ot_64-1-1140x760.jpg 1140w\" sizes=\"auto, (max-width: 1900px) 100vw, 1900px\" \/><\/a>\n\t\t\t<\/div><\/figure><figure class='gallery-item'>\n\t\t\t<div class='gallery-icon landscape'>\n\t\t\t\t<a href='https:\/\/oncubanews.com\/en\/styles-trends\/places\/vinales-between-mogotes-and-tourists\/attachment\/vinales_ot_66-2\/'><img loading=\"lazy\" decoding=\"async\" width=\"1900\" height=\"1267\" src=\"https:\/\/oncubanews.com\/en\/wp-content\/uploads\/2019\/06\/vi\u00f1ales_ot_66-1.jpg\" class=\"attachment-full size-full\" alt=\"\" srcset=\"https:\/\/oncubanews.com\/en\/wp-content\/uploads\/2019\/06\/vi\u00f1ales_ot_66-1.jpg 1900w, https:\/\/oncubanews.com\/en\/wp-content\/uploads\/2019\/06\/vi\u00f1ales_ot_66-1-300x200.jpg 300w, https:\/\/oncubanews.com\/en\/wp-content\/uploads\/2019\/06\/vi\u00f1ales_ot_66-1-768x512.jpg 768w, https:\/\/oncubanews.com\/en\/wp-content\/uploads\/2019\/06\/vi\u00f1ales_ot_66-1-1024x683.jpg 1024w, https:\/\/oncubanews.com\/en\/wp-content\/uploads\/2019\/06\/vi\u00f1ales_ot_66-1-750x500.jpg 750w, https:\/\/oncubanews.com\/en\/wp-content\/uploads\/2019\/06\/vi\u00f1ales_ot_66-1-1140x760.jpg 1140w\" sizes=\"auto, (max-width: 1900px) 100vw, 1900px\" \/><\/a>\n\t\t\t<\/div><\/figure>\n\t\t<\/div>\n\n<p><span style=\"font-weight: 400;\">It\u2019s not only in the town, where rooms for rent follow each other in line and many work in the private sector, but also in the valley itself, in the farms and tobacco plantations turned into attractions because of their ecological agricultural methods and the authenticity of their people. Many tourists arrive there, in group tours or on their own, by buses or rented bicycles.<\/span><\/p>\n<figure id=\"attachment_200911\" aria-describedby=\"caption-attachment-200911\" style=\"width: 1024px\" class=\"wp-caption aligncenter\"><a href=\"https:\/\/oncubanews.com\/en\/wp-content\/uploads\/2019\/06\/vi\u00f1ales_ot_37-1.jpg\"><img loading=\"lazy\" decoding=\"async\" class=\"size-full wp-image-200911\" src=\"https:\/\/oncubanews.com\/en\/wp-content\/uploads\/2019\/06\/vi\u00f1ales_ot_37-1.jpg\" alt=\"\" width=\"1024\" height=\"683\" srcset=\"https:\/\/oncubanews.com\/en\/wp-content\/uploads\/2019\/06\/vi\u00f1ales_ot_37-1.jpg 1024w, https:\/\/oncubanews.com\/en\/wp-content\/uploads\/2019\/06\/vi\u00f1ales_ot_37-1-300x200.jpg 300w, https:\/\/oncubanews.com\/en\/wp-content\/uploads\/2019\/06\/vi\u00f1ales_ot_37-1-768x512.jpg 768w, https:\/\/oncubanews.com\/en\/wp-content\/uploads\/2019\/06\/vi\u00f1ales_ot_37-1-750x500.jpg 750w\" sizes=\"auto, (max-width: 1024px) 100vw, 1024px\" \/><\/a><figcaption id=\"caption-attachment-200911\" class=\"wp-caption-text\">Tourists in Vi\u00f1ales. Photo: Otmaro Rodr\u00edguez<\/figcaption><\/figure>\n<p><span style=\"font-weight: 400;\">The very authorities <\/span><a href=\"https:\/\/oncubanews.com\/cuba\/economia\/turismo\/la-sobrexplotacion-de-vinales\/\" target=\"_blank\" rel=\"noopener noreferrer\"><span style=\"font-weight: 400;\">have warned<\/span><\/a><span style=\"font-weight: 400;\"> of the threat of &#8220;uncontrolled overexploitation&#8221; and announced measures to minimize its impact, but at the same time they have maintained their own hotel plan, expanding existing state capacities.<\/span><\/p>\n<div id='gallery-2' class='gallery galleryid-200896 gallery-columns-1 gallery-size-full'><figure class='gallery-item'>\n\t\t\t<div class='gallery-icon landscape'>\n\t\t\t\t<a href='https:\/\/oncubanews.com\/en\/styles-trends\/places\/vinales-between-mogotes-and-tourists\/attachment\/vinales_ot_10-2\/'><img loading=\"lazy\" decoding=\"async\" width=\"1900\" height=\"1267\" src=\"https:\/\/oncubanews.com\/en\/wp-content\/uploads\/2019\/06\/vi\u00f1ales_ot_10-1.jpg\" class=\"attachment-full size-full\" alt=\"\" srcset=\"https:\/\/oncubanews.com\/en\/wp-content\/uploads\/2019\/06\/vi\u00f1ales_ot_10-1.jpg 1900w, https:\/\/oncubanews.com\/en\/wp-content\/uploads\/2019\/06\/vi\u00f1ales_ot_10-1-300x200.jpg 300w, https:\/\/oncubanews.com\/en\/wp-content\/uploads\/2019\/06\/vi\u00f1ales_ot_10-1-768x512.jpg 768w, https:\/\/oncubanews.com\/en\/wp-content\/uploads\/2019\/06\/vi\u00f1ales_ot_10-1-1024x683.jpg 1024w, https:\/\/oncubanews.com\/en\/wp-content\/uploads\/2019\/06\/vi\u00f1ales_ot_10-1-750x500.jpg 750w, https:\/\/oncubanews.com\/en\/wp-content\/uploads\/2019\/06\/vi\u00f1ales_ot_10-1-1140x760.jpg 1140w\" sizes=\"auto, (max-width: 1900px) 100vw, 1900px\" \/><\/a>\n\t\t\t<\/div><\/figure><figure class='gallery-item'>\n\t\t\t<div class='gallery-icon landscape'>\n\t\t\t\t<a href='https:\/\/oncubanews.com\/en\/styles-trends\/places\/vinales-between-mogotes-and-tourists\/attachment\/vinales_ot_11-2\/'><img loading=\"lazy\" decoding=\"async\" width=\"1900\" height=\"1267\" src=\"https:\/\/oncubanews.com\/en\/wp-content\/uploads\/2019\/06\/vi\u00f1ales_ot_11-1.jpg\" class=\"attachment-full size-full\" alt=\"\" srcset=\"https:\/\/oncubanews.com\/en\/wp-content\/uploads\/2019\/06\/vi\u00f1ales_ot_11-1.jpg 1900w, https:\/\/oncubanews.com\/en\/wp-content\/uploads\/2019\/06\/vi\u00f1ales_ot_11-1-300x200.jpg 300w, https:\/\/oncubanews.com\/en\/wp-content\/uploads\/2019\/06\/vi\u00f1ales_ot_11-1-768x512.jpg 768w, https:\/\/oncubanews.com\/en\/wp-content\/uploads\/2019\/06\/vi\u00f1ales_ot_11-1-1024x683.jpg 1024w, https:\/\/oncubanews.com\/en\/wp-content\/uploads\/2019\/06\/vi\u00f1ales_ot_11-1-750x500.jpg 750w, https:\/\/oncubanews.com\/en\/wp-content\/uploads\/2019\/06\/vi\u00f1ales_ot_11-1-1140x760.jpg 1140w\" sizes=\"auto, (max-width: 1900px) 100vw, 1900px\" \/><\/a>\n\t\t\t<\/div><\/figure><figure class='gallery-item'>\n\t\t\t<div class='gallery-icon landscape'>\n\t\t\t\t<a href='https:\/\/oncubanews.com\/en\/styles-trends\/places\/vinales-between-mogotes-and-tourists\/attachment\/vinales_ot_29-2\/'><img loading=\"lazy\" decoding=\"async\" width=\"1900\" height=\"1267\" src=\"https:\/\/oncubanews.com\/en\/wp-content\/uploads\/2019\/06\/vi\u00f1ales_ot_29-1.jpg\" class=\"attachment-full size-full\" alt=\"\" srcset=\"https:\/\/oncubanews.com\/en\/wp-content\/uploads\/2019\/06\/vi\u00f1ales_ot_29-1.jpg 1900w, https:\/\/oncubanews.com\/en\/wp-content\/uploads\/2019\/06\/vi\u00f1ales_ot_29-1-300x200.jpg 300w, https:\/\/oncubanews.com\/en\/wp-content\/uploads\/2019\/06\/vi\u00f1ales_ot_29-1-768x512.jpg 768w, https:\/\/oncubanews.com\/en\/wp-content\/uploads\/2019\/06\/vi\u00f1ales_ot_29-1-1024x683.jpg 1024w, https:\/\/oncubanews.com\/en\/wp-content\/uploads\/2019\/06\/vi\u00f1ales_ot_29-1-750x500.jpg 750w, https:\/\/oncubanews.com\/en\/wp-content\/uploads\/2019\/06\/vi\u00f1ales_ot_29-1-1140x760.jpg 1140w\" sizes=\"auto, (max-width: 1900px) 100vw, 1900px\" \/><\/a>\n\t\t\t<\/div><\/figure><figure class='gallery-item'>\n\t\t\t<div class='gallery-icon landscape'>\n\t\t\t\t<a href='https:\/\/oncubanews.com\/en\/styles-trends\/places\/vinales-between-mogotes-and-tourists\/attachment\/vinales_ot_30-2\/'><img loading=\"lazy\" decoding=\"async\" width=\"1900\" height=\"1267\" src=\"https:\/\/oncubanews.com\/en\/wp-content\/uploads\/2019\/06\/vi\u00f1ales_ot_30-1.jpg\" class=\"attachment-full size-full\" alt=\"\" srcset=\"https:\/\/oncubanews.com\/en\/wp-content\/uploads\/2019\/06\/vi\u00f1ales_ot_30-1.jpg 1900w, https:\/\/oncubanews.com\/en\/wp-content\/uploads\/2019\/06\/vi\u00f1ales_ot_30-1-300x200.jpg 300w, https:\/\/oncubanews.com\/en\/wp-content\/uploads\/2019\/06\/vi\u00f1ales_ot_30-1-768x512.jpg 768w, https:\/\/oncubanews.com\/en\/wp-content\/uploads\/2019\/06\/vi\u00f1ales_ot_30-1-1024x683.jpg 1024w, https:\/\/oncubanews.com\/en\/wp-content\/uploads\/2019\/06\/vi\u00f1ales_ot_30-1-750x500.jpg 750w, https:\/\/oncubanews.com\/en\/wp-content\/uploads\/2019\/06\/vi\u00f1ales_ot_30-1-1140x760.jpg 1140w\" sizes=\"auto, (max-width: 1900px) 100vw, 1900px\" \/><\/a>\n\t\t\t<\/div><\/figure><figure class='gallery-item'>\n\t\t\t<div class='gallery-icon landscape'>\n\t\t\t\t<a href='https:\/\/oncubanews.com\/en\/styles-trends\/places\/vinales-between-mogotes-and-tourists\/attachment\/vinales_ot_31-2\/'><img loading=\"lazy\" decoding=\"async\" width=\"1900\" height=\"1267\" src=\"https:\/\/oncubanews.com\/en\/wp-content\/uploads\/2019\/06\/vi\u00f1ales_ot_31-1.jpg\" class=\"attachment-full size-full\" alt=\"\" srcset=\"https:\/\/oncubanews.com\/en\/wp-content\/uploads\/2019\/06\/vi\u00f1ales_ot_31-1.jpg 1900w, https:\/\/oncubanews.com\/en\/wp-content\/uploads\/2019\/06\/vi\u00f1ales_ot_31-1-300x200.jpg 300w, https:\/\/oncubanews.com\/en\/wp-content\/uploads\/2019\/06\/vi\u00f1ales_ot_31-1-768x512.jpg 768w, https:\/\/oncubanews.com\/en\/wp-content\/uploads\/2019\/06\/vi\u00f1ales_ot_31-1-1024x683.jpg 1024w, https:\/\/oncubanews.com\/en\/wp-content\/uploads\/2019\/06\/vi\u00f1ales_ot_31-1-750x500.jpg 750w, https:\/\/oncubanews.com\/en\/wp-content\/uploads\/2019\/06\/vi\u00f1ales_ot_31-1-1140x760.jpg 1140w\" sizes=\"auto, (max-width: 1900px) 100vw, 1900px\" \/><\/a>\n\t\t\t<\/div><\/figure><figure class='gallery-item'>\n\t\t\t<div class='gallery-icon landscape'>\n\t\t\t\t<a href='https:\/\/oncubanews.com\/en\/styles-trends\/places\/vinales-between-mogotes-and-tourists\/attachment\/vinales_ot_39-2\/'><img loading=\"lazy\" decoding=\"async\" width=\"1900\" height=\"1267\" src=\"https:\/\/oncubanews.com\/en\/wp-content\/uploads\/2019\/06\/vi\u00f1ales_ot_39-1.jpg\" class=\"attachment-full size-full\" alt=\"\" srcset=\"https:\/\/oncubanews.com\/en\/wp-content\/uploads\/2019\/06\/vi\u00f1ales_ot_39-1.jpg 1900w, https:\/\/oncubanews.com\/en\/wp-content\/uploads\/2019\/06\/vi\u00f1ales_ot_39-1-300x200.jpg 300w, https:\/\/oncubanews.com\/en\/wp-content\/uploads\/2019\/06\/vi\u00f1ales_ot_39-1-768x512.jpg 768w, https:\/\/oncubanews.com\/en\/wp-content\/uploads\/2019\/06\/vi\u00f1ales_ot_39-1-1024x683.jpg 1024w, https:\/\/oncubanews.com\/en\/wp-content\/uploads\/2019\/06\/vi\u00f1ales_ot_39-1-750x500.jpg 750w, https:\/\/oncubanews.com\/en\/wp-content\/uploads\/2019\/06\/vi\u00f1ales_ot_39-1-1140x760.jpg 1140w\" sizes=\"auto, (max-width: 1900px) 100vw, 1900px\" \/><\/a>\n\t\t\t<\/div><\/figure><figure class='gallery-item'>\n\t\t\t<div class='gallery-icon landscape'>\n\t\t\t\t<a href='https:\/\/oncubanews.com\/en\/styles-trends\/places\/vinales-between-mogotes-and-tourists\/attachment\/vinales_ot_40-2\/'><img loading=\"lazy\" decoding=\"async\" width=\"1900\" height=\"1267\" src=\"https:\/\/oncubanews.com\/en\/wp-content\/uploads\/2019\/06\/vi\u00f1ales_ot_40-1.jpg\" class=\"attachment-full size-full\" alt=\"\" srcset=\"https:\/\/oncubanews.com\/en\/wp-content\/uploads\/2019\/06\/vi\u00f1ales_ot_40-1.jpg 1900w, https:\/\/oncubanews.com\/en\/wp-content\/uploads\/2019\/06\/vi\u00f1ales_ot_40-1-300x200.jpg 300w, https:\/\/oncubanews.com\/en\/wp-content\/uploads\/2019\/06\/vi\u00f1ales_ot_40-1-768x512.jpg 768w, https:\/\/oncubanews.com\/en\/wp-content\/uploads\/2019\/06\/vi\u00f1ales_ot_40-1-1024x683.jpg 1024w, https:\/\/oncubanews.com\/en\/wp-content\/uploads\/2019\/06\/vi\u00f1ales_ot_40-1-750x500.jpg 750w, https:\/\/oncubanews.com\/en\/wp-content\/uploads\/2019\/06\/vi\u00f1ales_ot_40-1-1140x760.jpg 1140w\" sizes=\"auto, (max-width: 1900px) 100vw, 1900px\" \/><\/a>\n\t\t\t<\/div><\/figure><figure class='gallery-item'>\n\t\t\t<div class='gallery-icon landscape'>\n\t\t\t\t<a href='https:\/\/oncubanews.com\/en\/styles-trends\/places\/vinales-between-mogotes-and-tourists\/attachment\/vinales_ot_41-2\/'><img loading=\"lazy\" decoding=\"async\" width=\"1900\" height=\"1267\" src=\"https:\/\/oncubanews.com\/en\/wp-content\/uploads\/2019\/06\/vi\u00f1ales_ot_41-1.jpg\" class=\"attachment-full size-full\" alt=\"\" srcset=\"https:\/\/oncubanews.com\/en\/wp-content\/uploads\/2019\/06\/vi\u00f1ales_ot_41-1.jpg 1900w, https:\/\/oncubanews.com\/en\/wp-content\/uploads\/2019\/06\/vi\u00f1ales_ot_41-1-300x200.jpg 300w, https:\/\/oncubanews.com\/en\/wp-content\/uploads\/2019\/06\/vi\u00f1ales_ot_41-1-768x512.jpg 768w, https:\/\/oncubanews.com\/en\/wp-content\/uploads\/2019\/06\/vi\u00f1ales_ot_41-1-1024x683.jpg 1024w, https:\/\/oncubanews.com\/en\/wp-content\/uploads\/2019\/06\/vi\u00f1ales_ot_41-1-750x500.jpg 750w, https:\/\/oncubanews.com\/en\/wp-content\/uploads\/2019\/06\/vi\u00f1ales_ot_41-1-1140x760.jpg 1140w\" sizes=\"auto, (max-width: 1900px) 100vw, 1900px\" \/><\/a>\n\t\t\t<\/div><\/figure><figure class='gallery-item'>\n\t\t\t<div class='gallery-icon landscape'>\n\t\t\t\t<a href='https:\/\/oncubanews.com\/en\/styles-trends\/places\/vinales-between-mogotes-and-tourists\/attachment\/vinales_ot_43-2\/'><img loading=\"lazy\" decoding=\"async\" width=\"1900\" height=\"1267\" src=\"https:\/\/oncubanews.com\/en\/wp-content\/uploads\/2019\/06\/vi\u00f1ales_ot_43-1.jpg\" class=\"attachment-full size-full\" alt=\"\" srcset=\"https:\/\/oncubanews.com\/en\/wp-content\/uploads\/2019\/06\/vi\u00f1ales_ot_43-1.jpg 1900w, https:\/\/oncubanews.com\/en\/wp-content\/uploads\/2019\/06\/vi\u00f1ales_ot_43-1-300x200.jpg 300w, https:\/\/oncubanews.com\/en\/wp-content\/uploads\/2019\/06\/vi\u00f1ales_ot_43-1-768x512.jpg 768w, https:\/\/oncubanews.com\/en\/wp-content\/uploads\/2019\/06\/vi\u00f1ales_ot_43-1-1024x683.jpg 1024w, https:\/\/oncubanews.com\/en\/wp-content\/uploads\/2019\/06\/vi\u00f1ales_ot_43-1-750x500.jpg 750w, https:\/\/oncubanews.com\/en\/wp-content\/uploads\/2019\/06\/vi\u00f1ales_ot_43-1-1140x760.jpg 1140w\" sizes=\"auto, (max-width: 1900px) 100vw, 1900px\" \/><\/a>\n\t\t\t<\/div><\/figure><figure class='gallery-item'>\n\t\t\t<div class='gallery-icon landscape'>\n\t\t\t\t<a href='https:\/\/oncubanews.com\/en\/styles-trends\/places\/vinales-between-mogotes-and-tourists\/attachment\/vinales_ot_45-2\/'><img loading=\"lazy\" decoding=\"async\" width=\"1900\" height=\"1267\" src=\"https:\/\/oncubanews.com\/en\/wp-content\/uploads\/2019\/06\/vi\u00f1ales_ot_45-1.jpg\" class=\"attachment-full size-full\" alt=\"\" srcset=\"https:\/\/oncubanews.com\/en\/wp-content\/uploads\/2019\/06\/vi\u00f1ales_ot_45-1.jpg 1900w, https:\/\/oncubanews.com\/en\/wp-content\/uploads\/2019\/06\/vi\u00f1ales_ot_45-1-300x200.jpg 300w, https:\/\/oncubanews.com\/en\/wp-content\/uploads\/2019\/06\/vi\u00f1ales_ot_45-1-768x512.jpg 768w, https:\/\/oncubanews.com\/en\/wp-content\/uploads\/2019\/06\/vi\u00f1ales_ot_45-1-1024x683.jpg 1024w, https:\/\/oncubanews.com\/en\/wp-content\/uploads\/2019\/06\/vi\u00f1ales_ot_45-1-750x500.jpg 750w, https:\/\/oncubanews.com\/en\/wp-content\/uploads\/2019\/06\/vi\u00f1ales_ot_45-1-1140x760.jpg 1140w\" sizes=\"auto, (max-width: 1900px) 100vw, 1900px\" \/><\/a>\n\t\t\t<\/div><\/figure><figure class='gallery-item'>\n\t\t\t<div class='gallery-icon landscape'>\n\t\t\t\t<a href='https:\/\/oncubanews.com\/en\/styles-trends\/places\/vinales-between-mogotes-and-tourists\/attachment\/vinales_ot_46-2\/'><img loading=\"lazy\" decoding=\"async\" width=\"1900\" height=\"1267\" src=\"https:\/\/oncubanews.com\/en\/wp-content\/uploads\/2019\/06\/vi\u00f1ales_ot_46-1.jpg\" class=\"attachment-full size-full\" alt=\"\" srcset=\"https:\/\/oncubanews.com\/en\/wp-content\/uploads\/2019\/06\/vi\u00f1ales_ot_46-1.jpg 1900w, https:\/\/oncubanews.com\/en\/wp-content\/uploads\/2019\/06\/vi\u00f1ales_ot_46-1-300x200.jpg 300w, https:\/\/oncubanews.com\/en\/wp-content\/uploads\/2019\/06\/vi\u00f1ales_ot_46-1-768x512.jpg 768w, https:\/\/oncubanews.com\/en\/wp-content\/uploads\/2019\/06\/vi\u00f1ales_ot_46-1-1024x683.jpg 1024w, https:\/\/oncubanews.com\/en\/wp-content\/uploads\/2019\/06\/vi\u00f1ales_ot_46-1-750x500.jpg 750w, https:\/\/oncubanews.com\/en\/wp-content\/uploads\/2019\/06\/vi\u00f1ales_ot_46-1-1140x760.jpg 1140w\" sizes=\"auto, (max-width: 1900px) 100vw, 1900px\" \/><\/a>\n\t\t\t<\/div><\/figure><figure class='gallery-item'>\n\t\t\t<div class='gallery-icon landscape'>\n\t\t\t\t<a href='https:\/\/oncubanews.com\/en\/styles-trends\/places\/vinales-between-mogotes-and-tourists\/attachment\/vinales_ot_48-2\/'><img loading=\"lazy\" decoding=\"async\" width=\"1900\" height=\"1267\" src=\"https:\/\/oncubanews.com\/en\/wp-content\/uploads\/2019\/06\/vi\u00f1ales_ot_48-1.jpg\" class=\"attachment-full size-full\" alt=\"\" srcset=\"https:\/\/oncubanews.com\/en\/wp-content\/uploads\/2019\/06\/vi\u00f1ales_ot_48-1.jpg 1900w, https:\/\/oncubanews.com\/en\/wp-content\/uploads\/2019\/06\/vi\u00f1ales_ot_48-1-300x200.jpg 300w, https:\/\/oncubanews.com\/en\/wp-content\/uploads\/2019\/06\/vi\u00f1ales_ot_48-1-768x512.jpg 768w, https:\/\/oncubanews.com\/en\/wp-content\/uploads\/2019\/06\/vi\u00f1ales_ot_48-1-1024x683.jpg 1024w, https:\/\/oncubanews.com\/en\/wp-content\/uploads\/2019\/06\/vi\u00f1ales_ot_48-1-750x500.jpg 750w, https:\/\/oncubanews.com\/en\/wp-content\/uploads\/2019\/06\/vi\u00f1ales_ot_48-1-1140x760.jpg 1140w\" sizes=\"auto, (max-width: 1900px) 100vw, 1900px\" \/><\/a>\n\t\t\t<\/div><\/figure>\n\t\t<\/div>\n\n<p><span style=\"font-weight: 400;\">However, in Vi\u00f1ales there are still obliged visits such as the Prehistory Mural\u2015near which fragments of <\/span><a href=\"https:\/\/oncubanews.com\/cuba\/cientificos-confirman-caida-de-meteorito-en-occidente-cubano\/\" target=\"_blank\" rel=\"noopener noreferrer\"><span style=\"font-weight: 400;\">a meteorite<\/span><\/a><span style=\"font-weight: 400;\"> fell last February\u2015and its singular drawing on a hillside; the Cueva del Indio, with a boat ride along an underground river; the wonderful view from Los Jazmines Hotel\u2019s lookout point; the Canopy, which offers an experience full of adrenaline; and the town, with its park, its streets and its colorful houses.<\/span><\/p>\n<p><span style=\"font-weight: 400;\">But tourists are also attracted by its paths and fields sown among the mogotes, its cozy atmosphere, its ever greenness. All these values \u200b\u200bmake Vi\u00f1ales an invitation that can\u2019t be turned down by visitors, a haven for the senses, a Cuban paradise where nature remains the protagonist, at least until now.<\/span><\/p>\n<div id='gallery-3' class='gallery galleryid-200896 gallery-columns-1 gallery-size-full'><figure class='gallery-item'>\n\t\t\t<div class='gallery-icon landscape'>\n\t\t\t\t<a href='https:\/\/oncubanews.com\/en\/styles-trends\/places\/vinales-between-mogotes-and-tourists\/attachment\/vinales_ot_1-2\/'><img loading=\"lazy\" decoding=\"async\" width=\"1900\" height=\"1267\" src=\"https:\/\/oncubanews.com\/en\/wp-content\/uploads\/2019\/06\/vi\u00f1ales_ot_1-1.jpg\" class=\"attachment-full size-full\" alt=\"\" srcset=\"https:\/\/oncubanews.com\/en\/wp-content\/uploads\/2019\/06\/vi\u00f1ales_ot_1-1.jpg 1900w, https:\/\/oncubanews.com\/en\/wp-content\/uploads\/2019\/06\/vi\u00f1ales_ot_1-1-300x200.jpg 300w, https:\/\/oncubanews.com\/en\/wp-content\/uploads\/2019\/06\/vi\u00f1ales_ot_1-1-768x512.jpg 768w, https:\/\/oncubanews.com\/en\/wp-content\/uploads\/2019\/06\/vi\u00f1ales_ot_1-1-1024x683.jpg 1024w, https:\/\/oncubanews.com\/en\/wp-content\/uploads\/2019\/06\/vi\u00f1ales_ot_1-1-750x500.jpg 750w, https:\/\/oncubanews.com\/en\/wp-content\/uploads\/2019\/06\/vi\u00f1ales_ot_1-1-1140x760.jpg 1140w\" sizes=\"auto, (max-width: 1900px) 100vw, 1900px\" \/><\/a>\n\t\t\t<\/div><\/figure><figure class='gallery-item'>\n\t\t\t<div class='gallery-icon landscape'>\n\t\t\t\t<a href='https:\/\/oncubanews.com\/en\/styles-trends\/places\/vinales-between-mogotes-and-tourists\/attachment\/vinales_ot_4-2\/'><img loading=\"lazy\" decoding=\"async\" width=\"1900\" height=\"1267\" src=\"https:\/\/oncubanews.com\/en\/wp-content\/uploads\/2019\/06\/vi\u00f1ales_ot_4-1.jpg\" class=\"attachment-full size-full\" alt=\"\" srcset=\"https:\/\/oncubanews.com\/en\/wp-content\/uploads\/2019\/06\/vi\u00f1ales_ot_4-1.jpg 1900w, https:\/\/oncubanews.com\/en\/wp-content\/uploads\/2019\/06\/vi\u00f1ales_ot_4-1-300x200.jpg 300w, https:\/\/oncubanews.com\/en\/wp-content\/uploads\/2019\/06\/vi\u00f1ales_ot_4-1-768x512.jpg 768w, https:\/\/oncubanews.com\/en\/wp-content\/uploads\/2019\/06\/vi\u00f1ales_ot_4-1-1024x683.jpg 1024w, https:\/\/oncubanews.com\/en\/wp-content\/uploads\/2019\/06\/vi\u00f1ales_ot_4-1-750x500.jpg 750w, https:\/\/oncubanews.com\/en\/wp-content\/uploads\/2019\/06\/vi\u00f1ales_ot_4-1-1140x760.jpg 1140w\" sizes=\"auto, (max-width: 1900px) 100vw, 1900px\" \/><\/a>\n\t\t\t<\/div><\/figure><figure class='gallery-item'>\n\t\t\t<div class='gallery-icon landscape'>\n\t\t\t\t<a href='https:\/\/oncubanews.com\/en\/styles-trends\/places\/vinales-between-mogotes-and-tourists\/attachment\/vinales_ot_7-2\/'><img loading=\"lazy\" decoding=\"async\" width=\"1900\" height=\"1267\" src=\"https:\/\/oncubanews.com\/en\/wp-content\/uploads\/2019\/06\/vi\u00f1ales_ot_7-1.jpg\" class=\"attachment-full size-full\" alt=\"\" srcset=\"https:\/\/oncubanews.com\/en\/wp-content\/uploads\/2019\/06\/vi\u00f1ales_ot_7-1.jpg 1900w, https:\/\/oncubanews.com\/en\/wp-content\/uploads\/2019\/06\/vi\u00f1ales_ot_7-1-300x200.jpg 300w, https:\/\/oncubanews.com\/en\/wp-content\/uploads\/2019\/06\/vi\u00f1ales_ot_7-1-768x512.jpg 768w, https:\/\/oncubanews.com\/en\/wp-content\/uploads\/2019\/06\/vi\u00f1ales_ot_7-1-1024x683.jpg 1024w, https:\/\/oncubanews.com\/en\/wp-content\/uploads\/2019\/06\/vi\u00f1ales_ot_7-1-750x500.jpg 750w, https:\/\/oncubanews.com\/en\/wp-content\/uploads\/2019\/06\/vi\u00f1ales_ot_7-1-1140x760.jpg 1140w\" sizes=\"auto, (max-width: 1900px) 100vw, 1900px\" \/><\/a>\n\t\t\t<\/div><\/figure><figure class='gallery-item'>\n\t\t\t<div class='gallery-icon landscape'>\n\t\t\t\t<a href='https:\/\/oncubanews.com\/en\/styles-trends\/places\/vinales-between-mogotes-and-tourists\/attachment\/vinales_ot_9-2\/'><img loading=\"lazy\" decoding=\"async\" width=\"1900\" height=\"1267\" src=\"https:\/\/oncubanews.com\/en\/wp-content\/uploads\/2019\/06\/vi\u00f1ales_ot_9-1.jpg\" class=\"attachment-full size-full\" alt=\"\" srcset=\"https:\/\/oncubanews.com\/en\/wp-content\/uploads\/2019\/06\/vi\u00f1ales_ot_9-1.jpg 1900w, https:\/\/oncubanews.com\/en\/wp-content\/uploads\/2019\/06\/vi\u00f1ales_ot_9-1-300x200.jpg 300w, https:\/\/oncubanews.com\/en\/wp-content\/uploads\/2019\/06\/vi\u00f1ales_ot_9-1-768x512.jpg 768w, https:\/\/oncubanews.com\/en\/wp-content\/uploads\/2019\/06\/vi\u00f1ales_ot_9-1-1024x683.jpg 1024w, https:\/\/oncubanews.com\/en\/wp-content\/uploads\/2019\/06\/vi\u00f1ales_ot_9-1-750x500.jpg 750w, https:\/\/oncubanews.com\/en\/wp-content\/uploads\/2019\/06\/vi\u00f1ales_ot_9-1-1140x760.jpg 1140w\" sizes=\"auto, (max-width: 1900px) 100vw, 1900px\" \/><\/a>\n\t\t\t<\/div><\/figure><figure class='gallery-item'>\n\t\t\t<div class='gallery-icon landscape'>\n\t\t\t\t<a href='https:\/\/oncubanews.com\/en\/styles-trends\/places\/vinales-between-mogotes-and-tourists\/attachment\/vinales_ot_47-2\/'><img loading=\"lazy\" decoding=\"async\" width=\"1900\" height=\"1267\" src=\"https:\/\/oncubanews.com\/en\/wp-content\/uploads\/2019\/06\/vi\u00f1ales_ot_47-1.jpg\" class=\"attachment-full size-full\" alt=\"\" srcset=\"https:\/\/oncubanews.com\/en\/wp-content\/uploads\/2019\/06\/vi\u00f1ales_ot_47-1.jpg 1900w, https:\/\/oncubanews.com\/en\/wp-content\/uploads\/2019\/06\/vi\u00f1ales_ot_47-1-300x200.jpg 300w, https:\/\/oncubanews.com\/en\/wp-content\/uploads\/2019\/06\/vi\u00f1ales_ot_47-1-768x512.jpg 768w, https:\/\/oncubanews.com\/en\/wp-content\/uploads\/2019\/06\/vi\u00f1ales_ot_47-1-1024x683.jpg 1024w, https:\/\/oncubanews.com\/en\/wp-content\/uploads\/2019\/06\/vi\u00f1ales_ot_47-1-750x500.jpg 750w, https:\/\/oncubanews.com\/en\/wp-content\/uploads\/2019\/06\/vi\u00f1ales_ot_47-1-1140x760.jpg 1140w\" sizes=\"auto, (max-width: 1900px) 100vw, 1900px\" \/><\/a>\n\t\t\t<\/div><\/figure><figure class='gallery-item'>\n\t\t\t<div class='gallery-icon landscape'>\n\t\t\t\t<a href='https:\/\/oncubanews.com\/en\/styles-trends\/places\/vinales-between-mogotes-and-tourists\/attachment\/vinales_ot_49-2\/'><img loading=\"lazy\" decoding=\"async\" width=\"1900\" height=\"1267\" src=\"https:\/\/oncubanews.com\/en\/wp-content\/uploads\/2019\/06\/vi\u00f1ales_ot_49-1.jpg\" class=\"attachment-full size-full\" alt=\"\" srcset=\"https:\/\/oncubanews.com\/en\/wp-content\/uploads\/2019\/06\/vi\u00f1ales_ot_49-1.jpg 1900w, https:\/\/oncubanews.com\/en\/wp-content\/uploads\/2019\/06\/vi\u00f1ales_ot_49-1-300x200.jpg 300w, https:\/\/oncubanews.com\/en\/wp-content\/uploads\/2019\/06\/vi\u00f1ales_ot_49-1-768x512.jpg 768w, https:\/\/oncubanews.com\/en\/wp-content\/uploads\/2019\/06\/vi\u00f1ales_ot_49-1-1024x683.jpg 1024w, https:\/\/oncubanews.com\/en\/wp-content\/uploads\/2019\/06\/vi\u00f1ales_ot_49-1-750x500.jpg 750w, https:\/\/oncubanews.com\/en\/wp-content\/uploads\/2019\/06\/vi\u00f1ales_ot_49-1-1140x760.jpg 1140w\" sizes=\"auto, (max-width: 1900px) 100vw, 1900px\" \/><\/a>\n\t\t\t<\/div><\/figure><figure class='gallery-item'>\n\t\t\t<div class='gallery-icon landscape'>\n\t\t\t\t<a href='https:\/\/oncubanews.com\/en\/styles-trends\/places\/vinales-between-mogotes-and-tourists\/attachment\/vinales_ot_50-2\/'><img loading=\"lazy\" decoding=\"async\" width=\"1900\" height=\"1267\" src=\"https:\/\/oncubanews.com\/en\/wp-content\/uploads\/2019\/06\/vi\u00f1ales_ot_50-1.jpg\" class=\"attachment-full size-full\" alt=\"\" srcset=\"https:\/\/oncubanews.com\/en\/wp-content\/uploads\/2019\/06\/vi\u00f1ales_ot_50-1.jpg 1900w, https:\/\/oncubanews.com\/en\/wp-content\/uploads\/2019\/06\/vi\u00f1ales_ot_50-1-300x200.jpg 300w, https:\/\/oncubanews.com\/en\/wp-content\/uploads\/2019\/06\/vi\u00f1ales_ot_50-1-768x512.jpg 768w, https:\/\/oncubanews.com\/en\/wp-content\/uploads\/2019\/06\/vi\u00f1ales_ot_50-1-1024x683.jpg 1024w, https:\/\/oncubanews.com\/en\/wp-content\/uploads\/2019\/06\/vi\u00f1ales_ot_50-1-750x500.jpg 750w, https:\/\/oncubanews.com\/en\/wp-content\/uploads\/2019\/06\/vi\u00f1ales_ot_50-1-1140x760.jpg 1140w\" sizes=\"auto, (max-width: 1900px) 100vw, 1900px\" \/><\/a>\n\t\t\t<\/div><\/figure><figure class='gallery-item'>\n\t\t\t<div class='gallery-icon landscape'>\n\t\t\t\t<a href='https:\/\/oncubanews.com\/en\/styles-trends\/places\/vinales-between-mogotes-and-tourists\/attachment\/vinales_ot_51-2\/'><img loading=\"lazy\" decoding=\"async\" width=\"1900\" height=\"1267\" src=\"https:\/\/oncubanews.com\/en\/wp-content\/uploads\/2019\/06\/vi\u00f1ales_ot_51-1.jpg\" class=\"attachment-full size-full\" alt=\"\" srcset=\"https:\/\/oncubanews.com\/en\/wp-content\/uploads\/2019\/06\/vi\u00f1ales_ot_51-1.jpg 1900w, https:\/\/oncubanews.com\/en\/wp-content\/uploads\/2019\/06\/vi\u00f1ales_ot_51-1-300x200.jpg 300w, https:\/\/oncubanews.com\/en\/wp-content\/uploads\/2019\/06\/vi\u00f1ales_ot_51-1-768x512.jpg 768w, https:\/\/oncubanews.com\/en\/wp-content\/uploads\/2019\/06\/vi\u00f1ales_ot_51-1-1024x683.jpg 1024w, https:\/\/oncubanews.com\/en\/wp-content\/uploads\/2019\/06\/vi\u00f1ales_ot_51-1-750x500.jpg 750w, https:\/\/oncubanews.com\/en\/wp-content\/uploads\/2019\/06\/vi\u00f1ales_ot_51-1-1140x760.jpg 1140w\" sizes=\"auto, (max-width: 1900px) 100vw, 1900px\" \/><\/a>\n\t\t\t<\/div><\/figure><figure class='gallery-item'>\n\t\t\t<div class='gallery-icon landscape'>\n\t\t\t\t<a href='https:\/\/oncubanews.com\/en\/styles-trends\/places\/vinales-between-mogotes-and-tourists\/attachment\/vinales_ot_55-2\/'><img loading=\"lazy\" decoding=\"async\" width=\"1900\" height=\"1267\" src=\"https:\/\/oncubanews.com\/en\/wp-content\/uploads\/2019\/06\/vi\u00f1ales_ot_55-1.jpg\" class=\"attachment-full size-full\" alt=\"\" srcset=\"https:\/\/oncubanews.com\/en\/wp-content\/uploads\/2019\/06\/vi\u00f1ales_ot_55-1.jpg 1900w, https:\/\/oncubanews.com\/en\/wp-content\/uploads\/2019\/06\/vi\u00f1ales_ot_55-1-300x200.jpg 300w, https:\/\/oncubanews.com\/en\/wp-content\/uploads\/2019\/06\/vi\u00f1ales_ot_55-1-768x512.jpg 768w, https:\/\/oncubanews.com\/en\/wp-content\/uploads\/2019\/06\/vi\u00f1ales_ot_55-1-1024x683.jpg 1024w, https:\/\/oncubanews.com\/en\/wp-content\/uploads\/2019\/06\/vi\u00f1ales_ot_55-1-750x500.jpg 750w, https:\/\/oncubanews.com\/en\/wp-content\/uploads\/2019\/06\/vi\u00f1ales_ot_55-1-1140x760.jpg 1140w\" sizes=\"auto, (max-width: 1900px) 100vw, 1900px\" \/><\/a>\n\t\t\t<\/div><\/figure><figure class='gallery-item'>\n\t\t\t<div class='gallery-icon landscape'>\n\t\t\t\t<a href='https:\/\/oncubanews.com\/en\/styles-trends\/places\/vinales-between-mogotes-and-tourists\/attachment\/vinales_ot_62-2\/'><img loading=\"lazy\" decoding=\"async\" width=\"1900\" height=\"1267\" src=\"https:\/\/oncubanews.com\/en\/wp-content\/uploads\/2019\/06\/vi\u00f1ales_ot_62-1.jpg\" class=\"attachment-full size-full\" alt=\"\" srcset=\"https:\/\/oncubanews.com\/en\/wp-content\/uploads\/2019\/06\/vi\u00f1ales_ot_62-1.jpg 1900w, https:\/\/oncubanews.com\/en\/wp-content\/uploads\/2019\/06\/vi\u00f1ales_ot_62-1-300x200.jpg 300w, https:\/\/oncubanews.com\/en\/wp-content\/uploads\/2019\/06\/vi\u00f1ales_ot_62-1-768x512.jpg 768w, https:\/\/oncubanews.com\/en\/wp-content\/uploads\/2019\/06\/vi\u00f1ales_ot_62-1-1024x683.jpg 1024w, https:\/\/oncubanews.com\/en\/wp-content\/uploads\/2019\/06\/vi\u00f1ales_ot_62-1-750x500.jpg 750w, https:\/\/oncubanews.com\/en\/wp-content\/uploads\/2019\/06\/vi\u00f1ales_ot_62-1-1140x760.jpg 1140w\" sizes=\"auto, (max-width: 1900px) 100vw, 1900px\" \/><\/a>\n\t\t\t<\/div><\/figure><figure class='gallery-item'>\n\t\t\t<div class='gallery-icon landscape'>\n\t\t\t\t<a href='https:\/\/oncubanews.com\/en\/styles-trends\/places\/vinales-between-mogotes-and-tourists\/attachment\/vinales_ot_63-2\/'><img loading=\"lazy\" decoding=\"async\" width=\"1900\" height=\"1267\" src=\"https:\/\/oncubanews.com\/en\/wp-content\/uploads\/2019\/06\/vi\u00f1ales_ot_63-1.jpg\" class=\"attachment-full size-full\" alt=\"\" srcset=\"https:\/\/oncubanews.com\/en\/wp-content\/uploads\/2019\/06\/vi\u00f1ales_ot_63-1.jpg 1900w, https:\/\/oncubanews.com\/en\/wp-content\/uploads\/2019\/06\/vi\u00f1ales_ot_63-1-300x200.jpg 300w, https:\/\/oncubanews.com\/en\/wp-content\/uploads\/2019\/06\/vi\u00f1ales_ot_63-1-768x512.jpg 768w, https:\/\/oncubanews.com\/en\/wp-content\/uploads\/2019\/06\/vi\u00f1ales_ot_63-1-1024x683.jpg 1024w, https:\/\/oncubanews.com\/en\/wp-content\/uploads\/2019\/06\/vi\u00f1ales_ot_63-1-750x500.jpg 750w, https:\/\/oncubanews.com\/en\/wp-content\/uploads\/2019\/06\/vi\u00f1ales_ot_63-1-1140x760.jpg 1140w\" sizes=\"auto, (max-width: 1900px) 100vw, 1900px\" \/><\/a>\n\t\t\t<\/div><\/figure><figure class='gallery-item'>\n\t\t\t<div class='gallery-icon landscape'>\n\t\t\t\t<a href='https:\/\/oncubanews.com\/en\/styles-trends\/places\/vinales-between-mogotes-and-tourists\/attachment\/vinales_ot_65-2\/'><img loading=\"lazy\" decoding=\"async\" width=\"1900\" height=\"1267\" src=\"https:\/\/oncubanews.com\/en\/wp-content\/uploads\/2019\/06\/vi\u00f1ales_ot_65-1.jpg\" class=\"attachment-full size-full\" alt=\"\" srcset=\"https:\/\/oncubanews.com\/en\/wp-content\/uploads\/2019\/06\/vi\u00f1ales_ot_65-1.jpg 1900w, https:\/\/oncubanews.com\/en\/wp-content\/uploads\/2019\/06\/vi\u00f1ales_ot_65-1-300x200.jpg 300w, https:\/\/oncubanews.com\/en\/wp-content\/uploads\/2019\/06\/vi\u00f1ales_ot_65-1-768x512.jpg 768w, https:\/\/oncubanews.com\/en\/wp-content\/uploads\/2019\/06\/vi\u00f1ales_ot_65-1-1024x683.jpg 1024w, https:\/\/oncubanews.com\/en\/wp-content\/uploads\/2019\/06\/vi\u00f1ales_ot_65-1-750x500.jpg 750w, https:\/\/oncubanews.com\/en\/wp-content\/uploads\/2019\/06\/vi\u00f1ales_ot_65-1-1140x760.jpg 1140w\" sizes=\"auto, (max-width: 1900px) 100vw, 1900px\" \/><\/a>\n\t\t\t<\/div><\/figure>\n\t\t<\/div>\n\n","protected":false},"excerpt":{"rendered":"<p>Vi\u00f1ales Valley, in the western province of Pinar del R\u00edo, is rightfully one of the most famous places in Cuba. Its natural beauty, crowned by its unmistakable mogotes, and its picturesque town have won distinctions such as Protected Area, National Park and World Heritage Cultural Landscape. Its fame has also been accompanied by an increase [&hellip;]<\/p>\n","protected":false},"author":3134,"featured_media":200897,"comment_status":"open","ping_status":"closed","sticky":false,"template":"","format":"standard","meta":{"_acf_changed":false,"footnotes":""},"categories":[13935],"tags":[21943,14916,20621],"ppma_author":[33546,8689],"class_list":["post-200896","post","type-post","status-publish","format-standard","has-post-thumbnail","hentry","category-places","tag-cuban-nature","tag-tourism-in-cuba","tag-vinales-valley"],"acf":[],"yoast_head":"<!-- This site is optimized with the Yoast SEO plugin v27.3 - https:\/\/yoast.com\/product\/yoast-seo-wordpress\/ -->\n<title>Vi\u00f1ales, between mogotes and tourists | OnCubaNews English<\/title>\n<meta name=\"description\" content=\"The well-earned fame of this site in western Cuba has been accompanied by an increase in visitors, who come from all parts of the world eager to appreciate its beauty and exchange with its inhabitants.\" \/>\n<meta name=\"robots\" content=\"index, follow, max-snippet:-1, max-image-preview:large, max-video-preview:-1\" \/>\n<link rel=\"canonical\" href=\"https:\/\/oncubanews.com\/en\/styles-trends\/places\/vinales-between-mogotes-and-tourists\/\" \/>\n<meta property=\"og:locale\" content=\"en_US\" \/>\n<meta property=\"og:type\" content=\"article\" \/>\n<meta property=\"og:title\" content=\"Vi\u00f1ales, between mogotes and tourists | OnCubaNews English\" \/>\n<meta property=\"og:description\" content=\"The well-earned fame of this site in western Cuba has been accompanied by an increase in visitors, who come from all parts of the world eager to appreciate its beauty and exchange with its inhabitants.\" \/>\n<meta property=\"og:url\" content=\"https:\/\/oncubanews.com\/en\/styles-trends\/places\/vinales-between-mogotes-and-tourists\/\" \/>\n<meta property=\"og:site_name\" content=\"OnCubaNews English\" \/>\n<meta property=\"article:published_time\" content=\"2019-06-18T22:07:51+00:00\" \/>\n<meta property=\"article:modified_time\" content=\"2019-06-18T23:32:54+00:00\" \/>\n<meta property=\"og:image\" content=\"https:\/\/oncubanews.com\/en\/wp-content\/uploads\/2019\/06\/vi\u00f1ales_ot_44-1.jpg\" \/>\n\t<meta property=\"og:image:width\" content=\"1140\" \/>\n\t<meta property=\"og:image:height\" content=\"760\" \/>\n\t<meta property=\"og:image:type\" content=\"image\/jpeg\" \/>\n<meta name=\"author\" content=\"OnCuba Staff, OnCuba editorial staff\" \/>\n<meta name=\"twitter:card\" content=\"summary_large_image\" \/>\n<meta name=\"twitter:label1\" content=\"Written by\" \/>\n\t<meta name=\"twitter:data1\" content=\"OnCuba Staff\" \/>\n\t<meta name=\"twitter:label2\" content=\"Est. reading time\" \/>\n\t<meta name=\"twitter:data2\" content=\"2 minutes\" \/>\n<script type=\"application\/ld+json\" class=\"yoast-schema-graph\">{\"@context\":\"https:\\\/\\\/schema.org\",\"@graph\":[{\"@type\":\"Article\",\"@id\":\"https:\\\/\\\/oncubanews.com\\\/en\\\/styles-trends\\\/places\\\/vinales-between-mogotes-and-tourists\\\/#article\",\"isPartOf\":{\"@id\":\"https:\\\/\\\/oncubanews.com\\\/en\\\/styles-trends\\\/places\\\/vinales-between-mogotes-and-tourists\\\/\"},\"author\":{\"name\":\"OnCuba Staff\",\"@id\":\"https:\\\/\\\/oncubanews.com\\\/en\\\/#\\\/schema\\\/person\\\/d7171bf311032ab1f557dd8332e714af\"},\"headline\":\"Vi\u00f1ales, between mogotes and tourists\",\"datePublished\":\"2019-06-18T22:07:51+00:00\",\"dateModified\":\"2019-06-18T23:32:54+00:00\",\"mainEntityOfPage\":{\"@id\":\"https:\\\/\\\/oncubanews.com\\\/en\\\/styles-trends\\\/places\\\/vinales-between-mogotes-and-tourists\\\/\"},\"wordCount\":489,\"commentCount\":0,\"image\":{\"@id\":\"https:\\\/\\\/oncubanews.com\\\/en\\\/styles-trends\\\/places\\\/vinales-between-mogotes-and-tourists\\\/#primaryimage\"},\"thumbnailUrl\":\"https:\\\/\\\/oncubanews.com\\\/en\\\/wp-content\\\/uploads\\\/2019\\\/06\\\/vi\u00f1ales_ot_44-1.jpg\",\"keywords\":[\"cuban nature\",\"tourism in Cuba\",\"Vi\u00f1ales Valley\"],\"articleSection\":[\"Places\"],\"inLanguage\":\"en-US\",\"potentialAction\":[{\"@type\":\"CommentAction\",\"name\":\"Comment\",\"target\":[\"https:\\\/\\\/oncubanews.com\\\/en\\\/styles-trends\\\/places\\\/vinales-between-mogotes-and-tourists\\\/#respond\"]}],\"copyrightYear\":\"2019\",\"copyrightHolder\":{\"@id\":\"https:\\\/\\\/oncubanews.com\\\/en\\\/#organization\"}},{\"@type\":\"WebPage\",\"@id\":\"https:\\\/\\\/oncubanews.com\\\/en\\\/styles-trends\\\/places\\\/vinales-between-mogotes-and-tourists\\\/\",\"url\":\"https:\\\/\\\/oncubanews.com\\\/en\\\/styles-trends\\\/places\\\/vinales-between-mogotes-and-tourists\\\/\",\"name\":\"Vi\u00f1ales, between mogotes and tourists | OnCubaNews English\",\"isPartOf\":{\"@id\":\"https:\\\/\\\/oncubanews.com\\\/en\\\/#website\"},\"primaryImageOfPage\":{\"@id\":\"https:\\\/\\\/oncubanews.com\\\/en\\\/styles-trends\\\/places\\\/vinales-between-mogotes-and-tourists\\\/#primaryimage\"},\"image\":{\"@id\":\"https:\\\/\\\/oncubanews.com\\\/en\\\/styles-trends\\\/places\\\/vinales-between-mogotes-and-tourists\\\/#primaryimage\"},\"thumbnailUrl\":\"https:\\\/\\\/oncubanews.com\\\/en\\\/wp-content\\\/uploads\\\/2019\\\/06\\\/vi\u00f1ales_ot_44-1.jpg\",\"datePublished\":\"2019-06-18T22:07:51+00:00\",\"dateModified\":\"2019-06-18T23:32:54+00:00\",\"author\":{\"@id\":\"https:\\\/\\\/oncubanews.com\\\/en\\\/#\\\/schema\\\/person\\\/d7171bf311032ab1f557dd8332e714af\"},\"description\":\"The well-earned fame of this site in western Cuba has been accompanied by an increase in visitors, who come from all parts of the world eager to appreciate its beauty and exchange with its inhabitants.\",\"breadcrumb\":{\"@id\":\"https:\\\/\\\/oncubanews.com\\\/en\\\/styles-trends\\\/places\\\/vinales-between-mogotes-and-tourists\\\/#breadcrumb\"},\"inLanguage\":\"en-US\",\"potentialAction\":[{\"@type\":\"ReadAction\",\"target\":[\"https:\\\/\\\/oncubanews.com\\\/en\\\/styles-trends\\\/places\\\/vinales-between-mogotes-and-tourists\\\/\"]}]},{\"@type\":\"ImageObject\",\"inLanguage\":\"en-US\",\"@id\":\"https:\\\/\\\/oncubanews.com\\\/en\\\/styles-trends\\\/places\\\/vinales-between-mogotes-and-tourists\\\/#primaryimage\",\"url\":\"https:\\\/\\\/oncubanews.com\\\/en\\\/wp-content\\\/uploads\\\/2019\\\/06\\\/vi\u00f1ales_ot_44-1.jpg\",\"contentUrl\":\"https:\\\/\\\/oncubanews.com\\\/en\\\/wp-content\\\/uploads\\\/2019\\\/06\\\/vi\u00f1ales_ot_44-1.jpg\",\"width\":1140,\"height\":760,\"caption\":\"Tourist in Vi\u00f1ales Valley. Photo: Otmaro Rodr\u00edguez.\"},{\"@type\":\"BreadcrumbList\",\"@id\":\"https:\\\/\\\/oncubanews.com\\\/en\\\/styles-trends\\\/places\\\/vinales-between-mogotes-and-tourists\\\/#breadcrumb\",\"itemListElement\":[{\"@type\":\"ListItem\",\"position\":1,\"name\":\"Portada\",\"item\":\"https:\\\/\\\/oncubanews.com\\\/en\\\/\"},{\"@type\":\"ListItem\",\"position\":2,\"name\":\"Vi\u00f1ales, between mogotes and tourists\"}]},{\"@type\":\"WebSite\",\"@id\":\"https:\\\/\\\/oncubanews.com\\\/en\\\/#website\",\"url\":\"https:\\\/\\\/oncubanews.com\\\/en\\\/\",\"name\":\"OnCubaNews English\",\"description\":\"Revista sobre Cuba\",\"potentialAction\":[{\"@type\":\"SearchAction\",\"target\":{\"@type\":\"EntryPoint\",\"urlTemplate\":\"https:\\\/\\\/oncubanews.com\\\/en\\\/?s={search_term_string}\"},\"query-input\":{\"@type\":\"PropertyValueSpecification\",\"valueRequired\":true,\"valueName\":\"search_term_string\"}}],\"inLanguage\":\"en-US\"},{\"@type\":\"Person\",\"@id\":\"https:\\\/\\\/oncubanews.com\\\/en\\\/#\\\/schema\\\/person\\\/d7171bf311032ab1f557dd8332e714af\",\"name\":\"OnCuba Staff\",\"image\":{\"@type\":\"ImageObject\",\"inLanguage\":\"en-US\",\"@id\":\"https:\\\/\\\/secure.gravatar.com\\\/avatar\\\/4b4c4d6109baadde898bb1af22ea4a4af5f4417b86a5d1800bf17531bfb128fc?s=96&r=g17310096d4dde63ebae0e54fbb19218a\",\"url\":\"https:\\\/\\\/secure.gravatar.com\\\/avatar\\\/4b4c4d6109baadde898bb1af22ea4a4af5f4417b86a5d1800bf17531bfb128fc?s=96&r=g\",\"contentUrl\":\"https:\\\/\\\/secure.gravatar.com\\\/avatar\\\/4b4c4d6109baadde898bb1af22ea4a4af5f4417b86a5d1800bf17531bfb128fc?s=96&r=g\",\"caption\":\"OnCuba Staff\"},\"url\":\"https:\\\/\\\/oncubanews.com\\\/en\\\/author\\\/oncuba-editorial-staff\\\/\"}]}<\/script>\n<!-- \/ Yoast SEO plugin. -->","yoast_head_json":{"title":"Vi\u00f1ales, between mogotes and tourists | OnCubaNews English","description":"The well-earned fame of this site in western Cuba has been accompanied by an increase in visitors, who come from all parts of the world eager to appreciate its beauty and exchange with its inhabitants.","robots":{"index":"index","follow":"follow","max-snippet":"max-snippet:-1","max-image-preview":"max-image-preview:large","max-video-preview":"max-video-preview:-1"},"canonical":"https:\/\/oncubanews.com\/en\/styles-trends\/places\/vinales-between-mogotes-and-tourists\/","og_locale":"en_US","og_type":"article","og_title":"Vi\u00f1ales, between mogotes and tourists | OnCubaNews English","og_description":"The well-earned fame of this site in western Cuba has been accompanied by an increase in visitors, who come from all parts of the world eager to appreciate its beauty and exchange with its inhabitants.","og_url":"https:\/\/oncubanews.com\/en\/styles-trends\/places\/vinales-between-mogotes-and-tourists\/","og_site_name":"OnCubaNews English","article_published_time":"2019-06-18T22:07:51+00:00","article_modified_time":"2019-06-18T23:32:54+00:00","og_image":[{"width":1140,"height":760,"url":"https:\/\/oncubanews.com\/en\/wp-content\/uploads\/2019\/06\/vi\u00f1ales_ot_44-1.jpg","type":"image\/jpeg"}],"author":"OnCuba Staff, OnCuba editorial staff","twitter_card":"summary_large_image","twitter_misc":{"Written by":"OnCuba Staff","Est. reading time":"2 minutes"},"schema":{"@context":"https:\/\/schema.org","@graph":[{"@type":"Article","@id":"https:\/\/oncubanews.com\/en\/styles-trends\/places\/vinales-between-mogotes-and-tourists\/#article","isPartOf":{"@id":"https:\/\/oncubanews.com\/en\/styles-trends\/places\/vinales-between-mogotes-and-tourists\/"},"author":{"name":"OnCuba Staff","@id":"https:\/\/oncubanews.com\/en\/#\/schema\/person\/d7171bf311032ab1f557dd8332e714af"},"headline":"Vi\u00f1ales, between mogotes and tourists","datePublished":"2019-06-18T22:07:51+00:00","dateModified":"2019-06-18T23:32:54+00:00","mainEntityOfPage":{"@id":"https:\/\/oncubanews.com\/en\/styles-trends\/places\/vinales-between-mogotes-and-tourists\/"},"wordCount":489,"commentCount":0,"image":{"@id":"https:\/\/oncubanews.com\/en\/styles-trends\/places\/vinales-between-mogotes-and-tourists\/#primaryimage"},"thumbnailUrl":"https:\/\/oncubanews.com\/en\/wp-content\/uploads\/2019\/06\/vi\u00f1ales_ot_44-1.jpg","keywords":["cuban nature","tourism in Cuba","Vi\u00f1ales Valley"],"articleSection":["Places"],"inLanguage":"en-US","potentialAction":[{"@type":"CommentAction","name":"Comment","target":["https:\/\/oncubanews.com\/en\/styles-trends\/places\/vinales-between-mogotes-and-tourists\/#respond"]}],"copyrightYear":"2019","copyrightHolder":{"@id":"https:\/\/oncubanews.com\/en\/#organization"}},{"@type":"WebPage","@id":"https:\/\/oncubanews.com\/en\/styles-trends\/places\/vinales-between-mogotes-and-tourists\/","url":"https:\/\/oncubanews.com\/en\/styles-trends\/places\/vinales-between-mogotes-and-tourists\/","name":"Vi\u00f1ales, between mogotes and tourists | OnCubaNews English","isPartOf":{"@id":"https:\/\/oncubanews.com\/en\/#website"},"primaryImageOfPage":{"@id":"https:\/\/oncubanews.com\/en\/styles-trends\/places\/vinales-between-mogotes-and-tourists\/#primaryimage"},"image":{"@id":"https:\/\/oncubanews.com\/en\/styles-trends\/places\/vinales-between-mogotes-and-tourists\/#primaryimage"},"thumbnailUrl":"https:\/\/oncubanews.com\/en\/wp-content\/uploads\/2019\/06\/vi\u00f1ales_ot_44-1.jpg","datePublished":"2019-06-18T22:07:51+00:00","dateModified":"2019-06-18T23:32:54+00:00","author":{"@id":"https:\/\/oncubanews.com\/en\/#\/schema\/person\/d7171bf311032ab1f557dd8332e714af"},"description":"The well-earned fame of this site in western Cuba has been accompanied by an increase in visitors, who come from all parts of the world eager to appreciate its beauty and exchange with its inhabitants.","breadcrumb":{"@id":"https:\/\/oncubanews.com\/en\/styles-trends\/places\/vinales-between-mogotes-and-tourists\/#breadcrumb"},"inLanguage":"en-US","potentialAction":[{"@type":"ReadAction","target":["https:\/\/oncubanews.com\/en\/styles-trends\/places\/vinales-between-mogotes-and-tourists\/"]}]},{"@type":"ImageObject","inLanguage":"en-US","@id":"https:\/\/oncubanews.com\/en\/styles-trends\/places\/vinales-between-mogotes-and-tourists\/#primaryimage","url":"https:\/\/oncubanews.com\/en\/wp-content\/uploads\/2019\/06\/vi\u00f1ales_ot_44-1.jpg","contentUrl":"https:\/\/oncubanews.com\/en\/wp-content\/uploads\/2019\/06\/vi\u00f1ales_ot_44-1.jpg","width":1140,"height":760,"caption":"Tourist in Vi\u00f1ales Valley. Photo: Otmaro Rodr\u00edguez."},{"@type":"BreadcrumbList","@id":"https:\/\/oncubanews.com\/en\/styles-trends\/places\/vinales-between-mogotes-and-tourists\/#breadcrumb","itemListElement":[{"@type":"ListItem","position":1,"name":"Portada","item":"https:\/\/oncubanews.com\/en\/"},{"@type":"ListItem","position":2,"name":"Vi\u00f1ales, between mogotes and tourists"}]},{"@type":"WebSite","@id":"https:\/\/oncubanews.com\/en\/#website","url":"https:\/\/oncubanews.com\/en\/","name":"OnCubaNews English","description":"Revista sobre Cuba","potentialAction":[{"@type":"SearchAction","target":{"@type":"EntryPoint","urlTemplate":"https:\/\/oncubanews.com\/en\/?s={search_term_string}"},"query-input":{"@type":"PropertyValueSpecification","valueRequired":true,"valueName":"search_term_string"}}],"inLanguage":"en-US"},{"@type":"Person","@id":"https:\/\/oncubanews.com\/en\/#\/schema\/person\/d7171bf311032ab1f557dd8332e714af","name":"OnCuba Staff","image":{"@type":"ImageObject","inLanguage":"en-US","@id":"https:\/\/secure.gravatar.com\/avatar\/4b4c4d6109baadde898bb1af22ea4a4af5f4417b86a5d1800bf17531bfb128fc?s=96&r=g17310096d4dde63ebae0e54fbb19218a","url":"https:\/\/secure.gravatar.com\/avatar\/4b4c4d6109baadde898bb1af22ea4a4af5f4417b86a5d1800bf17531bfb128fc?s=96&r=g","contentUrl":"https:\/\/secure.gravatar.com\/avatar\/4b4c4d6109baadde898bb1af22ea4a4af5f4417b86a5d1800bf17531bfb128fc?s=96&r=g","caption":"OnCuba Staff"},"url":"https:\/\/oncubanews.com\/en\/author\/oncuba-editorial-staff\/"}]}},"authors":[{"term_id":33546,"user_id":3134,"is_guest":0,"slug":"oncuba-editorial-staff","display_name":"OnCuba Staff","avatar_url":"https:\/\/secure.gravatar.com\/avatar\/4b4c4d6109baadde898bb1af22ea4a4af5f4417b86a5d1800bf17531bfb128fc?s=96&r=g","0":null,"1":"","2":"","3":"","4":"","5":"","6":"","7":"","8":""},{"term_id":8689,"user_id":3134,"is_guest":0,"slug":"oncuba-editorial-staff","display_name":"OnCuba editorial staff","avatar_url":{"url":"https:\/\/oncubanews.com\/en\/wp-content\/uploads\/2018\/10\/avatar-ocnews-1.png","url2x":"https:\/\/oncubanews.com\/en\/wp-content\/uploads\/2018\/10\/avatar-ocnews-1.png"},"0":null,"1":"","2":"","3":"","4":"","5":"","6":"","7":"","8":""}],"_links":{"self":[{"href":"https:\/\/oncubanews.com\/en\/wp-json\/wp\/v2\/posts\/200896","targetHints":{"allow":["GET"]}}],"collection":[{"href":"https:\/\/oncubanews.com\/en\/wp-json\/wp\/v2\/posts"}],"about":[{"href":"https:\/\/oncubanews.com\/en\/wp-json\/wp\/v2\/types\/post"}],"author":[{"embeddable":true,"href":"https:\/\/oncubanews.com\/en\/wp-json\/wp\/v2\/users\/3134"}],"replies":[{"embeddable":true,"href":"https:\/\/oncubanews.com\/en\/wp-json\/wp\/v2\/comments?post=200896"}],"version-history":[{"count":0,"href":"https:\/\/oncubanews.com\/en\/wp-json\/wp\/v2\/posts\/200896\/revisions"}],"wp:featuredmedia":[{"embeddable":true,"href":"https:\/\/oncubanews.com\/en\/wp-json\/wp\/v2\/media\/200897"}],"wp:attachment":[{"href":"https:\/\/oncubanews.com\/en\/wp-json\/wp\/v2\/media?parent=200896"}],"wp:term":[{"taxonomy":"category","embeddable":true,"href":"https:\/\/oncubanews.com\/en\/wp-json\/wp\/v2\/categories?post=200896"},{"taxonomy":"post_tag","embeddable":true,"href":"https:\/\/oncubanews.com\/en\/wp-json\/wp\/v2\/tags?post=200896"},{"taxonomy":"author","embeddable":true,"href":"https:\/\/oncubanews.com\/en\/wp-json\/wp\/v2\/ppma_author?post=200896"}],"curies":[{"name":"wp","href":"https:\/\/api.w.org\/{rel}","templated":true}]}}