
{"id":201675,"date":"2019-07-01T09:00:58","date_gmt":"2019-07-01T13:00:58","guid":{"rendered":"https:\/\/oncubanews.com\/en\/?p=201675"},"modified":"2019-07-01T14:03:32","modified_gmt":"2019-07-01T18:03:32","slug":"alejandra-estefania-is-inspired-ill-travel-to-cuba-to-meet-the-boy-with-the-flower","status":"publish","type":"post","link":"https:\/\/oncubanews.com\/en\/culture\/visual-arts\/alejandra-estefania-is-inspired-ill-travel-to-cuba-to-meet-the-boy-with-the-flower\/","title":{"rendered":"Alejandra Estefan\u00eda Is Inspired: \u201cI\u2019ll travel to cuba to meet the boy with the flower\u201d"},"content":{"rendered":"<p>Someone who buys Alejandra Estefan\u00eda\u2019s art traveled to Cuba and, upon return to the United States, brought her a photo as a gift. The snapshot of a Cuban boy holding a flower inspired in Alejandra one of the paintings she\u2019s proudest of.<\/p>\n<p>The painting sparked endless comments on Instagram about who the child was and who the flower was for, a story that Alejandra hopes to discover one day.<\/p>\n<figure id=\"attachment_201676\" aria-describedby=\"caption-attachment-201676\" style=\"width: 1024px\" class=\"wp-caption alignright\"><a href=\"https:\/\/oncubanews.com\/en\/wp-content\/uploads\/2019\/06\/ninno-de-la-flor-1.jpg\"><img loading=\"lazy\" decoding=\"async\" class=\"size-full wp-image-201676\" src=\"https:\/\/oncubanews.com\/en\/wp-content\/uploads\/2019\/06\/ninno-de-la-flor-1.jpg\" alt=\"\" width=\"1024\" height=\"1024\" srcset=\"https:\/\/oncubanews.com\/en\/wp-content\/uploads\/2019\/06\/ninno-de-la-flor-1.jpg 1024w, https:\/\/oncubanews.com\/en\/wp-content\/uploads\/2019\/06\/ninno-de-la-flor-1-150x150.jpg 150w, https:\/\/oncubanews.com\/en\/wp-content\/uploads\/2019\/06\/ninno-de-la-flor-1-300x300.jpg 300w, https:\/\/oncubanews.com\/en\/wp-content\/uploads\/2019\/06\/ninno-de-la-flor-1-768x768.jpg 768w, https:\/\/oncubanews.com\/en\/wp-content\/uploads\/2019\/06\/ninno-de-la-flor-1-75x75.jpg 75w, https:\/\/oncubanews.com\/en\/wp-content\/uploads\/2019\/06\/ninno-de-la-flor-1-750x750.jpg 750w\" sizes=\"auto, (max-width: 1024px) 100vw, 1024px\" \/><\/a><figcaption id=\"caption-attachment-201676\" class=\"wp-caption-text\">Photo: Courtesy of the artist<\/figcaption><\/figure>\n<p>\u201cThe purpose of my art is to inspire people, that they feel powerful when they view it, no matter where they are,\u201d said Alejandra, a 29-year-old artist based in Miami.<\/p>\n<p>Born in Ecuador, she grew up in North Carolina since she was four years old. Although she had never studied art before, at the age of 19 she had the feeling that her purpose was to express herself through painting, something her immigrant mother did not welcome. At 21 she decided to go to Miami, with $100 in her pocket and a huge desire to attend the art institute there.<\/p>\n<p>\u201cI had to work very hard to achieve it, but doors opened because I was ready and focused on my true vocation,\u201d says Alejandra. \u201cWhen I came to Miami I felt that I could be in my culture, be myself, live my Latino identity,\u201d she added.<\/p>\n<p>\u201cCuban culture is very strong in Miami and the Cubans welcomed me as a sister, there was no line to divide us, I felt like family.\u201d But for a long time, Alejandra has had a spiritual and professional need to visit Cuba. She says that it would help her to be inspired even more for her future works. That\u2019s why she decided to participate along with her fianc\u00e9, the artist Mojo, in an exclusive trip to Havana next November, organized by\u00a0<em>OnCuba Travel.<\/em><\/p>\n<p>Only eight people will have the opportunity to share with them the adventure of discovering the colors and flavors of Havana, in private meetings with top artists on the island, visits to the main art museums, and other activities including seaside yoga sessions and Cuban food tastings.<\/p>\n<p>\u201cFor those who decide to join this experience, I\u2019m sure it will be unforgettable and, being a small group, we\u2019ll have the unique opportunity to connect with artists on the island and among ourselves,\u201d said Alejandra.<\/p>\n<p>For her, the trip also means the possibility of understanding and learning more about Miami\u2019s own Cuban culture, a way of creating ties with the environment that inspires her. Her art is well received by the Cuban community in South Florida, which chose her design for the Miami Carnival poster in 2019.<\/p>\n<p>Now, after establishing herself as a successful artist, she likes to see herself as a \u201cteacher of good things,\u201d so she combines her artistic work with motivational talks and volunteer work at different community centers.<\/p>\n<figure id=\"attachment_201677\" aria-describedby=\"caption-attachment-201677\" style=\"width: 1024px\" class=\"wp-caption alignright\"><a href=\"https:\/\/oncubanews.com\/en\/wp-content\/uploads\/2019\/06\/cuadros-alejandra-estefania-1.jpg\"><img loading=\"lazy\" decoding=\"async\" class=\"size-full wp-image-201677\" src=\"https:\/\/oncubanews.com\/en\/wp-content\/uploads\/2019\/06\/cuadros-alejandra-estefania-1.jpg\" alt=\"\" width=\"1024\" height=\"576\" srcset=\"https:\/\/oncubanews.com\/en\/wp-content\/uploads\/2019\/06\/cuadros-alejandra-estefania-1.jpg 1024w, https:\/\/oncubanews.com\/en\/wp-content\/uploads\/2019\/06\/cuadros-alejandra-estefania-1-300x169.jpg 300w, https:\/\/oncubanews.com\/en\/wp-content\/uploads\/2019\/06\/cuadros-alejandra-estefania-1-768x432.jpg 768w, https:\/\/oncubanews.com\/en\/wp-content\/uploads\/2019\/06\/cuadros-alejandra-estefania-1-750x422.jpg 750w\" sizes=\"auto, (max-width: 1024px) 100vw, 1024px\" \/><\/a><figcaption id=\"caption-attachment-201677\" class=\"wp-caption-text\">Photo: Courtesy of the artist<\/figcaption><\/figure>\n<p>In one of those centers she had an encounter that inspired her to finish a painting she had been working on for a long time. It was with another black boy (like the Cuban child in the photo) who she met in a shelter \u201cmiraculously,\u201d and could not get out of her imagination.<\/p>\n<p>\u201cThe child was identical to the one I was painting and couldn\u2019t finish. I knew it right away and it was magical.\u201d Their conversation had an impact on Alejandra, who finally finished the piece. The painting, one of her most famous, is entitled \u201cWhere the Flowers Bloom.\u201d<\/p>\n<p>\u201cPeople not only buy my art, but the story behind the piece, and that\u2019s why I like to connect with my buyers, with those who consume my art.\u201d<\/p>\n<p>On her Instagram page, Alejandra shares some of those stories with her more than 23,000 followers, through which she hopes she will \u201cchange as many lives as she can.\u201d<\/p>\n<p>In Cuba, Alejandra will not only visit visual artists, but also hopes to find the unknown child in the photo to give him a copy of her painting and learn more about his story. \u201cI\u2019m very excited to know more about the origins of Cuban culture, the history of Cuba, and to meet so many talented artists,\u201d said Alejandra.<\/p>\n<p>\u201cAnd I\u2019m excited to meet the boy in my painting and perhaps find out who the flower was for, which he held so tenderly and strongly in his hands.\u201d<\/p>\n<p>&nbsp;<\/p>\n","protected":false},"excerpt":{"rendered":"<p>Someone who buys Alejandra Estefan\u00eda\u2019s art traveled to Cuba and, upon return to the United States, brought her a photo as a gift. The snapshot of a Cuban boy holding a flower inspired in Alejandra one of the paintings she\u2019s proudest of. The painting sparked endless comments on Instagram about who the child was and [&hellip;]<\/p>\n","protected":false},"author":3096,"featured_media":201678,"comment_status":"open","ping_status":"closed","sticky":false,"template":"","format":"standard","meta":{"_acf_changed":false,"footnotes":""},"categories":[13919],"tags":[14891,15244,17493],"ppma_author":[33549,7168],"class_list":["post-201675","post","type-post","status-publish","format-standard","has-post-thumbnail","hentry","category-visual-arts","tag-cuba-usa-relations","tag-cuban-artists","tag-visual-arts"],"acf":[],"yoast_head":"<!-- This site is optimized with the Yoast SEO plugin v27.3 - https:\/\/yoast.com\/product\/yoast-seo-wordpress\/ -->\n<title>Alejandra Estefan\u00eda Is Inspired: \u201cI\u2019ll travel to cuba to meet the boy with the flower\u201d | OnCubaNews English<\/title>\n<meta name=\"description\" content=\"&quot;The purpose of my art is to inspire people, that they feel powerfulwhen they view it, no matter where they are.&quot;\" \/>\n<meta name=\"robots\" content=\"index, follow, max-snippet:-1, max-image-preview:large, max-video-preview:-1\" \/>\n<link rel=\"canonical\" href=\"https:\/\/oncubanews.com\/en\/culture\/visual-arts\/alejandra-estefania-is-inspired-ill-travel-to-cuba-to-meet-the-boy-with-the-flower\/\" \/>\n<meta property=\"og:locale\" content=\"en_US\" \/>\n<meta property=\"og:type\" content=\"article\" \/>\n<meta property=\"og:title\" content=\"Alejandra Estefan\u00eda Is Inspired: \u201cI\u2019ll travel to cuba to meet the boy with the flower\u201d | OnCubaNews English\" \/>\n<meta property=\"og:description\" content=\"&quot;The purpose of my art is to inspire people, that they feel powerfulwhen they view it, no matter where they are.&quot;\" \/>\n<meta property=\"og:url\" content=\"https:\/\/oncubanews.com\/en\/culture\/visual-arts\/alejandra-estefania-is-inspired-ill-travel-to-cuba-to-meet-the-boy-with-the-flower\/\" \/>\n<meta property=\"og:site_name\" content=\"OnCubaNews English\" \/>\n<meta property=\"article:published_time\" content=\"2019-07-01T13:00:58+00:00\" \/>\n<meta property=\"article:modified_time\" content=\"2019-07-01T18:03:32+00:00\" \/>\n<meta property=\"og:image\" content=\"https:\/\/oncubanews.com\/en\/wp-content\/uploads\/2019\/06\/inspiracion-alejandra-estefania-1.jpg\" \/>\n\t<meta property=\"og:image:width\" content=\"1140\" \/>\n\t<meta property=\"og:image:height\" content=\"854\" \/>\n\t<meta property=\"og:image:type\" content=\"image\/jpeg\" \/>\n<meta name=\"author\" content=\"Marita P\u00e9rez D\u00edaz, marita\" \/>\n<meta name=\"twitter:card\" content=\"summary_large_image\" \/>\n<meta name=\"twitter:label1\" content=\"Written by\" \/>\n\t<meta name=\"twitter:data1\" content=\"Marita P\u00e9rez D\u00edaz\" \/>\n\t<meta name=\"twitter:label2\" content=\"Est. reading time\" \/>\n\t<meta name=\"twitter:data2\" content=\"4 minutes\" \/>\n<script type=\"application\/ld+json\" class=\"yoast-schema-graph\">{\"@context\":\"https:\\\/\\\/schema.org\",\"@graph\":[{\"@type\":\"Article\",\"@id\":\"https:\\\/\\\/oncubanews.com\\\/en\\\/culture\\\/visual-arts\\\/alejandra-estefania-is-inspired-ill-travel-to-cuba-to-meet-the-boy-with-the-flower\\\/#article\",\"isPartOf\":{\"@id\":\"https:\\\/\\\/oncubanews.com\\\/en\\\/culture\\\/visual-arts\\\/alejandra-estefania-is-inspired-ill-travel-to-cuba-to-meet-the-boy-with-the-flower\\\/\"},\"author\":{\"name\":\"Marita P\u00e9rez D\u00edaz\",\"@id\":\"https:\\\/\\\/oncubanews.com\\\/en\\\/#\\\/schema\\\/person\\\/0674494759fe2a378bde30eb5aab824d\"},\"headline\":\"Alejandra Estefan\u00eda Is Inspired: \u201cI\u2019ll travel to cuba to meet the boy with the flower\u201d\",\"datePublished\":\"2019-07-01T13:00:58+00:00\",\"dateModified\":\"2019-07-01T18:03:32+00:00\",\"mainEntityOfPage\":{\"@id\":\"https:\\\/\\\/oncubanews.com\\\/en\\\/culture\\\/visual-arts\\\/alejandra-estefania-is-inspired-ill-travel-to-cuba-to-meet-the-boy-with-the-flower\\\/\"},\"wordCount\":761,\"commentCount\":0,\"image\":{\"@id\":\"https:\\\/\\\/oncubanews.com\\\/en\\\/culture\\\/visual-arts\\\/alejandra-estefania-is-inspired-ill-travel-to-cuba-to-meet-the-boy-with-the-flower\\\/#primaryimage\"},\"thumbnailUrl\":\"https:\\\/\\\/oncubanews.com\\\/en\\\/wp-content\\\/uploads\\\/2019\\\/06\\\/inspiracion-alejandra-estefania-1.jpg\",\"keywords\":[\"Cuba-USA Relations\",\"Cuban Artists\",\"Visual Arts\"],\"articleSection\":[\"Visual arts\"],\"inLanguage\":\"en-US\",\"potentialAction\":[{\"@type\":\"CommentAction\",\"name\":\"Comment\",\"target\":[\"https:\\\/\\\/oncubanews.com\\\/en\\\/culture\\\/visual-arts\\\/alejandra-estefania-is-inspired-ill-travel-to-cuba-to-meet-the-boy-with-the-flower\\\/#respond\"]}],\"copyrightYear\":\"2019\",\"copyrightHolder\":{\"@id\":\"https:\\\/\\\/oncubanews.com\\\/en\\\/#organization\"}},{\"@type\":\"WebPage\",\"@id\":\"https:\\\/\\\/oncubanews.com\\\/en\\\/culture\\\/visual-arts\\\/alejandra-estefania-is-inspired-ill-travel-to-cuba-to-meet-the-boy-with-the-flower\\\/\",\"url\":\"https:\\\/\\\/oncubanews.com\\\/en\\\/culture\\\/visual-arts\\\/alejandra-estefania-is-inspired-ill-travel-to-cuba-to-meet-the-boy-with-the-flower\\\/\",\"name\":\"Alejandra Estefan\u00eda Is Inspired: \u201cI\u2019ll travel to cuba to meet the boy with the flower\u201d | OnCubaNews English\",\"isPartOf\":{\"@id\":\"https:\\\/\\\/oncubanews.com\\\/en\\\/#website\"},\"primaryImageOfPage\":{\"@id\":\"https:\\\/\\\/oncubanews.com\\\/en\\\/culture\\\/visual-arts\\\/alejandra-estefania-is-inspired-ill-travel-to-cuba-to-meet-the-boy-with-the-flower\\\/#primaryimage\"},\"image\":{\"@id\":\"https:\\\/\\\/oncubanews.com\\\/en\\\/culture\\\/visual-arts\\\/alejandra-estefania-is-inspired-ill-travel-to-cuba-to-meet-the-boy-with-the-flower\\\/#primaryimage\"},\"thumbnailUrl\":\"https:\\\/\\\/oncubanews.com\\\/en\\\/wp-content\\\/uploads\\\/2019\\\/06\\\/inspiracion-alejandra-estefania-1.jpg\",\"datePublished\":\"2019-07-01T13:00:58+00:00\",\"dateModified\":\"2019-07-01T18:03:32+00:00\",\"author\":{\"@id\":\"https:\\\/\\\/oncubanews.com\\\/en\\\/#\\\/schema\\\/person\\\/0674494759fe2a378bde30eb5aab824d\"},\"description\":\"\\\"The purpose of my art is to inspire people, that they feel powerfulwhen they view it, no matter where they are.\\\"\",\"breadcrumb\":{\"@id\":\"https:\\\/\\\/oncubanews.com\\\/en\\\/culture\\\/visual-arts\\\/alejandra-estefania-is-inspired-ill-travel-to-cuba-to-meet-the-boy-with-the-flower\\\/#breadcrumb\"},\"inLanguage\":\"en-US\",\"potentialAction\":[{\"@type\":\"ReadAction\",\"target\":[\"https:\\\/\\\/oncubanews.com\\\/en\\\/culture\\\/visual-arts\\\/alejandra-estefania-is-inspired-ill-travel-to-cuba-to-meet-the-boy-with-the-flower\\\/\"]}]},{\"@type\":\"ImageObject\",\"inLanguage\":\"en-US\",\"@id\":\"https:\\\/\\\/oncubanews.com\\\/en\\\/culture\\\/visual-arts\\\/alejandra-estefania-is-inspired-ill-travel-to-cuba-to-meet-the-boy-with-the-flower\\\/#primaryimage\",\"url\":\"https:\\\/\\\/oncubanews.com\\\/en\\\/wp-content\\\/uploads\\\/2019\\\/06\\\/inspiracion-alejandra-estefania-1.jpg\",\"contentUrl\":\"https:\\\/\\\/oncubanews.com\\\/en\\\/wp-content\\\/uploads\\\/2019\\\/06\\\/inspiracion-alejandra-estefania-1.jpg\",\"width\":1140,\"height\":854,\"caption\":\"Photo: Courtesy of the artist\"},{\"@type\":\"BreadcrumbList\",\"@id\":\"https:\\\/\\\/oncubanews.com\\\/en\\\/culture\\\/visual-arts\\\/alejandra-estefania-is-inspired-ill-travel-to-cuba-to-meet-the-boy-with-the-flower\\\/#breadcrumb\",\"itemListElement\":[{\"@type\":\"ListItem\",\"position\":1,\"name\":\"Portada\",\"item\":\"https:\\\/\\\/oncubanews.com\\\/en\\\/\"},{\"@type\":\"ListItem\",\"position\":2,\"name\":\"Alejandra Estefan\u00eda Is Inspired: \u201cI\u2019ll travel to cuba to meet the boy with the flower\u201d\"}]},{\"@type\":\"WebSite\",\"@id\":\"https:\\\/\\\/oncubanews.com\\\/en\\\/#website\",\"url\":\"https:\\\/\\\/oncubanews.com\\\/en\\\/\",\"name\":\"OnCubaNews English\",\"description\":\"Revista sobre Cuba\",\"potentialAction\":[{\"@type\":\"SearchAction\",\"target\":{\"@type\":\"EntryPoint\",\"urlTemplate\":\"https:\\\/\\\/oncubanews.com\\\/en\\\/?s={search_term_string}\"},\"query-input\":{\"@type\":\"PropertyValueSpecification\",\"valueRequired\":true,\"valueName\":\"search_term_string\"}}],\"inLanguage\":\"en-US\"},{\"@type\":\"Person\",\"@id\":\"https:\\\/\\\/oncubanews.com\\\/en\\\/#\\\/schema\\\/person\\\/0674494759fe2a378bde30eb5aab824d\",\"name\":\"Marita P\u00e9rez D\u00edaz\",\"image\":{\"@type\":\"ImageObject\",\"inLanguage\":\"en-US\",\"@id\":\"https:\\\/\\\/oncubanews.com\\\/wp-content\\\/uploads\\\/2015\\\/11\\\/Marita-P\u00e9rez-D\u00edaz_avatar_1447967586-96x96.jpg18d2651a1d349dec061f185dc6d883fc\",\"url\":\"https:\\\/\\\/oncubanews.com\\\/wp-content\\\/uploads\\\/2015\\\/11\\\/Marita-P\u00e9rez-D\u00edaz_avatar_1447967586-96x96.jpg\",\"contentUrl\":\"https:\\\/\\\/oncubanews.com\\\/wp-content\\\/uploads\\\/2015\\\/11\\\/Marita-P\u00e9rez-D\u00edaz_avatar_1447967586-96x96.jpg\",\"caption\":\"Marita P\u00e9rez D\u00edaz\"},\"url\":\"https:\\\/\\\/oncubanews.com\\\/en\\\/author\\\/maritaperez\\\/\"}]}<\/script>\n<!-- \/ Yoast SEO plugin. -->","yoast_head_json":{"title":"Alejandra Estefan\u00eda Is Inspired: \u201cI\u2019ll travel to cuba to meet the boy with the flower\u201d | OnCubaNews English","description":"\"The purpose of my art is to inspire people, that they feel powerfulwhen they view it, no matter where they are.\"","robots":{"index":"index","follow":"follow","max-snippet":"max-snippet:-1","max-image-preview":"max-image-preview:large","max-video-preview":"max-video-preview:-1"},"canonical":"https:\/\/oncubanews.com\/en\/culture\/visual-arts\/alejandra-estefania-is-inspired-ill-travel-to-cuba-to-meet-the-boy-with-the-flower\/","og_locale":"en_US","og_type":"article","og_title":"Alejandra Estefan\u00eda Is Inspired: \u201cI\u2019ll travel to cuba to meet the boy with the flower\u201d | OnCubaNews English","og_description":"\"The purpose of my art is to inspire people, that they feel powerfulwhen they view it, no matter where they are.\"","og_url":"https:\/\/oncubanews.com\/en\/culture\/visual-arts\/alejandra-estefania-is-inspired-ill-travel-to-cuba-to-meet-the-boy-with-the-flower\/","og_site_name":"OnCubaNews English","article_published_time":"2019-07-01T13:00:58+00:00","article_modified_time":"2019-07-01T18:03:32+00:00","og_image":[{"width":1140,"height":854,"url":"https:\/\/oncubanews.com\/en\/wp-content\/uploads\/2019\/06\/inspiracion-alejandra-estefania-1.jpg","type":"image\/jpeg"}],"author":"Marita P\u00e9rez D\u00edaz, marita","twitter_card":"summary_large_image","twitter_misc":{"Written by":"Marita P\u00e9rez D\u00edaz","Est. reading time":"4 minutes"},"schema":{"@context":"https:\/\/schema.org","@graph":[{"@type":"Article","@id":"https:\/\/oncubanews.com\/en\/culture\/visual-arts\/alejandra-estefania-is-inspired-ill-travel-to-cuba-to-meet-the-boy-with-the-flower\/#article","isPartOf":{"@id":"https:\/\/oncubanews.com\/en\/culture\/visual-arts\/alejandra-estefania-is-inspired-ill-travel-to-cuba-to-meet-the-boy-with-the-flower\/"},"author":{"name":"Marita P\u00e9rez D\u00edaz","@id":"https:\/\/oncubanews.com\/en\/#\/schema\/person\/0674494759fe2a378bde30eb5aab824d"},"headline":"Alejandra Estefan\u00eda Is Inspired: \u201cI\u2019ll travel to cuba to meet the boy with the flower\u201d","datePublished":"2019-07-01T13:00:58+00:00","dateModified":"2019-07-01T18:03:32+00:00","mainEntityOfPage":{"@id":"https:\/\/oncubanews.com\/en\/culture\/visual-arts\/alejandra-estefania-is-inspired-ill-travel-to-cuba-to-meet-the-boy-with-the-flower\/"},"wordCount":761,"commentCount":0,"image":{"@id":"https:\/\/oncubanews.com\/en\/culture\/visual-arts\/alejandra-estefania-is-inspired-ill-travel-to-cuba-to-meet-the-boy-with-the-flower\/#primaryimage"},"thumbnailUrl":"https:\/\/oncubanews.com\/en\/wp-content\/uploads\/2019\/06\/inspiracion-alejandra-estefania-1.jpg","keywords":["Cuba-USA Relations","Cuban Artists","Visual Arts"],"articleSection":["Visual arts"],"inLanguage":"en-US","potentialAction":[{"@type":"CommentAction","name":"Comment","target":["https:\/\/oncubanews.com\/en\/culture\/visual-arts\/alejandra-estefania-is-inspired-ill-travel-to-cuba-to-meet-the-boy-with-the-flower\/#respond"]}],"copyrightYear":"2019","copyrightHolder":{"@id":"https:\/\/oncubanews.com\/en\/#organization"}},{"@type":"WebPage","@id":"https:\/\/oncubanews.com\/en\/culture\/visual-arts\/alejandra-estefania-is-inspired-ill-travel-to-cuba-to-meet-the-boy-with-the-flower\/","url":"https:\/\/oncubanews.com\/en\/culture\/visual-arts\/alejandra-estefania-is-inspired-ill-travel-to-cuba-to-meet-the-boy-with-the-flower\/","name":"Alejandra Estefan\u00eda Is Inspired: \u201cI\u2019ll travel to cuba to meet the boy with the flower\u201d | OnCubaNews English","isPartOf":{"@id":"https:\/\/oncubanews.com\/en\/#website"},"primaryImageOfPage":{"@id":"https:\/\/oncubanews.com\/en\/culture\/visual-arts\/alejandra-estefania-is-inspired-ill-travel-to-cuba-to-meet-the-boy-with-the-flower\/#primaryimage"},"image":{"@id":"https:\/\/oncubanews.com\/en\/culture\/visual-arts\/alejandra-estefania-is-inspired-ill-travel-to-cuba-to-meet-the-boy-with-the-flower\/#primaryimage"},"thumbnailUrl":"https:\/\/oncubanews.com\/en\/wp-content\/uploads\/2019\/06\/inspiracion-alejandra-estefania-1.jpg","datePublished":"2019-07-01T13:00:58+00:00","dateModified":"2019-07-01T18:03:32+00:00","author":{"@id":"https:\/\/oncubanews.com\/en\/#\/schema\/person\/0674494759fe2a378bde30eb5aab824d"},"description":"\"The purpose of my art is to inspire people, that they feel powerfulwhen they view it, no matter where they are.\"","breadcrumb":{"@id":"https:\/\/oncubanews.com\/en\/culture\/visual-arts\/alejandra-estefania-is-inspired-ill-travel-to-cuba-to-meet-the-boy-with-the-flower\/#breadcrumb"},"inLanguage":"en-US","potentialAction":[{"@type":"ReadAction","target":["https:\/\/oncubanews.com\/en\/culture\/visual-arts\/alejandra-estefania-is-inspired-ill-travel-to-cuba-to-meet-the-boy-with-the-flower\/"]}]},{"@type":"ImageObject","inLanguage":"en-US","@id":"https:\/\/oncubanews.com\/en\/culture\/visual-arts\/alejandra-estefania-is-inspired-ill-travel-to-cuba-to-meet-the-boy-with-the-flower\/#primaryimage","url":"https:\/\/oncubanews.com\/en\/wp-content\/uploads\/2019\/06\/inspiracion-alejandra-estefania-1.jpg","contentUrl":"https:\/\/oncubanews.com\/en\/wp-content\/uploads\/2019\/06\/inspiracion-alejandra-estefania-1.jpg","width":1140,"height":854,"caption":"Photo: Courtesy of the artist"},{"@type":"BreadcrumbList","@id":"https:\/\/oncubanews.com\/en\/culture\/visual-arts\/alejandra-estefania-is-inspired-ill-travel-to-cuba-to-meet-the-boy-with-the-flower\/#breadcrumb","itemListElement":[{"@type":"ListItem","position":1,"name":"Portada","item":"https:\/\/oncubanews.com\/en\/"},{"@type":"ListItem","position":2,"name":"Alejandra Estefan\u00eda Is Inspired: \u201cI\u2019ll travel to cuba to meet the boy with the flower\u201d"}]},{"@type":"WebSite","@id":"https:\/\/oncubanews.com\/en\/#website","url":"https:\/\/oncubanews.com\/en\/","name":"OnCubaNews English","description":"Revista sobre Cuba","potentialAction":[{"@type":"SearchAction","target":{"@type":"EntryPoint","urlTemplate":"https:\/\/oncubanews.com\/en\/?s={search_term_string}"},"query-input":{"@type":"PropertyValueSpecification","valueRequired":true,"valueName":"search_term_string"}}],"inLanguage":"en-US"},{"@type":"Person","@id":"https:\/\/oncubanews.com\/en\/#\/schema\/person\/0674494759fe2a378bde30eb5aab824d","name":"Marita P\u00e9rez D\u00edaz","image":{"@type":"ImageObject","inLanguage":"en-US","@id":"https:\/\/oncubanews.com\/wp-content\/uploads\/2015\/11\/Marita-P\u00e9rez-D\u00edaz_avatar_1447967586-96x96.jpg18d2651a1d349dec061f185dc6d883fc","url":"https:\/\/oncubanews.com\/wp-content\/uploads\/2015\/11\/Marita-P\u00e9rez-D\u00edaz_avatar_1447967586-96x96.jpg","contentUrl":"https:\/\/oncubanews.com\/wp-content\/uploads\/2015\/11\/Marita-P\u00e9rez-D\u00edaz_avatar_1447967586-96x96.jpg","caption":"Marita P\u00e9rez D\u00edaz"},"url":"https:\/\/oncubanews.com\/en\/author\/maritaperez\/"}]}},"authors":[{"term_id":33549,"user_id":3096,"is_guest":0,"slug":"maritaperez","display_name":"Marita P\u00e9rez D\u00edaz","avatar_url":"https:\/\/oncubanews.com\/wp-content\/uploads\/2015\/11\/Marita-P\u00e9rez-D\u00edaz_avatar_1447967586-96x96.jpg","0":null,"1":"","2":"","3":"","4":"","5":"","6":"","7":"","8":""},{"term_id":7168,"user_id":0,"is_guest":1,"slug":"cap-marita","display_name":"marita","avatar_url":"https:\/\/secure.gravatar.com\/avatar\/?s=96&r=g","0":null,"1":"","2":"","3":"","4":"","5":"","6":"","7":"","8":""}],"_links":{"self":[{"href":"https:\/\/oncubanews.com\/en\/wp-json\/wp\/v2\/posts\/201675","targetHints":{"allow":["GET"]}}],"collection":[{"href":"https:\/\/oncubanews.com\/en\/wp-json\/wp\/v2\/posts"}],"about":[{"href":"https:\/\/oncubanews.com\/en\/wp-json\/wp\/v2\/types\/post"}],"author":[{"embeddable":true,"href":"https:\/\/oncubanews.com\/en\/wp-json\/wp\/v2\/users\/3096"}],"replies":[{"embeddable":true,"href":"https:\/\/oncubanews.com\/en\/wp-json\/wp\/v2\/comments?post=201675"}],"version-history":[{"count":0,"href":"https:\/\/oncubanews.com\/en\/wp-json\/wp\/v2\/posts\/201675\/revisions"}],"wp:featuredmedia":[{"embeddable":true,"href":"https:\/\/oncubanews.com\/en\/wp-json\/wp\/v2\/media\/201678"}],"wp:attachment":[{"href":"https:\/\/oncubanews.com\/en\/wp-json\/wp\/v2\/media?parent=201675"}],"wp:term":[{"taxonomy":"category","embeddable":true,"href":"https:\/\/oncubanews.com\/en\/wp-json\/wp\/v2\/categories?post=201675"},{"taxonomy":"post_tag","embeddable":true,"href":"https:\/\/oncubanews.com\/en\/wp-json\/wp\/v2\/tags?post=201675"},{"taxonomy":"author","embeddable":true,"href":"https:\/\/oncubanews.com\/en\/wp-json\/wp\/v2\/ppma_author?post=201675"}],"curies":[{"name":"wp","href":"https:\/\/api.w.org\/{rel}","templated":true}]}}