
{"id":203845,"date":"2019-08-08T17:24:31","date_gmt":"2019-08-08T21:24:31","guid":{"rendered":"https:\/\/oncubanews.com\/en\/?p=203845"},"modified":"2019-08-08T17:24:31","modified_gmt":"2019-08-08T21:24:31","slug":"lester-hamlet-i-consider-myself-a-free-man","status":"publish","type":"post","link":"https:\/\/oncubanews.com\/en\/culture\/cinema\/lester-hamlet-i-consider-myself-a-free-man\/","title":{"rendered":"Lester Hamlet: &#8220;I consider myself a free man&#8221;"},"content":{"rendered":"<p><span style=\"font-weight: 400;\">When I ask him about Amaury P\u00e9rez&#8217;s interview in &#8220;<\/span><a href=\"https:\/\/www.youtube.com\/watch?v=qSC5tiknpIE\" target=\"_blank\" rel=\"noopener noreferrer\"><span style=\"font-weight: 400;\">Con dos que se quieran,&#8221;<\/span><\/a><span style=\"font-weight: 400;\"> film director Lester Hamlet says halfway between pride and protest that he has been congratulated more for that show than for all of his four films.<\/span><\/p>\n<p><span style=\"font-weight: 400;\">&#8220;Does that bother you?&#8221;<\/span><\/p>\n<p><span style=\"font-weight: 400;\">&#8220;No!&#8221; he responds, &#8220;An entire community thanked me and saw hope in me!&#8221;<\/span><\/p>\n<p><span style=\"font-weight: 400;\">He is right, because coming out of the closet on Cuban national television even today, three years after what he said in front of the cameras, continues being an audacity that only free hearts dare to do.<\/span><\/p>\n<p><span style=\"font-weight: 400;\">In Q we wanted to talk with this artist about his life, the way his sexual identity has gone hand in hand with his work and his vision about the role that cinema should play in advancing the rights of LGBTIQ+ people in Cuba.<\/span><\/p>\n<p><strong>We assume that you openly live your sexual orientation both in your personal and professional life, has it always been that way?<\/strong><\/p>\n<p><span style=\"font-weight: 400;\">It has always been like this. I never had conflicts with that, I never felt different because I was gay. I was as I was. I remember that when I was in first grade, just like the girls invented having a boyfriend, I talked about my boyfriend and said that my boyfriend was Ernesto, and in second grade without them knowing it I broke up with Ernesto and became Ra\u00fal&#8217;s boyfriend. Just as they said &#8220;he\u2019s my boyfriend but doesn\u2019t know it&#8221;, I never said &#8220;she\u2019s my girlfriend but doesn\u2019t know it.&#8221;<\/span><\/p>\n<p><strong>You never had a problem with that anywhere?<\/strong><\/p>\n<p><span style=\"font-weight: 400;\">(He shakes his head) I don&#8217;t remember ever having problems with that. Maybe the only time I remember having a problem was once when I argued and faced one of the neighborhood kids over some toys and he won. My dad punished me because they couldn&#8217;t beat me, but I don&#8217;t think it had to do with my identity. I never had conflicts with that.<\/span><\/p>\n<p><span style=\"font-weight: 400;\">I also come from a very comfortable environment. That is, I don&#8217;t work in Antillana de Acero, nor do I work in Wajay where they train the boxers. I worked in the world of theater since I started, where I think there\u2019s a greater gay presence.<\/span><\/p>\n<p><strong>The world of cinema isn\u2019t homophobic?<\/strong><\/p>\n<p><span style=\"font-weight: 400;\">The world of cinema is not homophobic. The world of cinema is not television. The world of cinema is more about culture, where interpersonal relationships between us come basically because we are united in cultural projects.<\/span><\/p>\n<p><span style=\"font-weight: 400;\">Making a movie is making culture, making a documentary is making culture, or making products for culture. I have never realized if they are homophobic or not. I care so little about homophobes that I don&#8217;t realize if there are any or not.<\/span><\/p>\n<p><strong>So you have never felt rejection?<\/strong><\/p>\n<p><span style=\"font-weight: 400;\">Yes, of course, but that is a problem for others. For example, I could have felt an action as a lack of affectionate, a derogatory treatment, but that has never been frequent. In my case it\u2019s the opposite, I have never felt rejected, relegated, or diminished because of my condition.<\/span><\/p>\n<p><strong>How would you say your sexuality is related in your work?<\/strong><\/p>\n<p><span style=\"font-weight: 400;\">I think the way I have related to it was in Casa vieja, which is the movie where I make more references to myself. I turned Esteban into a kind of alter ego: his attitudes are mine; his hieratic poses are mine. He was a character that I built based on myself.<\/span><\/p>\n<p><span style=\"font-weight: 400;\">I set out to create a gay character. The kind of gay that I wanted Esteban to be was similar to myself. I didn&#8217;t want him to be a weirdo. I asked him to look at me, to copy me. I mounted my movements for him, ways I sat down and my hysteria, like kicking the glass door of the funeral home.<\/span><\/p>\n<p><span style=\"font-weight: 400;\">They are all things that were studied and we decided to do, but first of all I wanted to talk about a gay that I wouldn\u2019t be ashamed of as a spectator, because it hurts a lot when I watch movies or series or novels or any kind of fiction work where the character of the gay is almost always a stereotype, an almost clown image, &#8220;clownish.&#8221;<\/span><\/p>\n<figure id=\"attachment_203847\" aria-describedby=\"caption-attachment-203847\" style=\"width: 698px\" class=\"wp-caption aligncenter\"><a href=\"https:\/\/oncubanews.com\/en\/wp-content\/uploads\/2019\/08\/lester-hamlet4-1.jpg\"><img loading=\"lazy\" decoding=\"async\" class=\"size-full wp-image-203847\" src=\"https:\/\/oncubanews.com\/en\/wp-content\/uploads\/2019\/08\/lester-hamlet4-1.jpg\" alt=\"\" width=\"698\" height=\"698\" srcset=\"https:\/\/oncubanews.com\/en\/wp-content\/uploads\/2019\/08\/lester-hamlet4-1.jpg 698w, https:\/\/oncubanews.com\/en\/wp-content\/uploads\/2019\/08\/lester-hamlet4-1-150x150.jpg 150w, https:\/\/oncubanews.com\/en\/wp-content\/uploads\/2019\/08\/lester-hamlet4-1-300x300.jpg 300w, https:\/\/oncubanews.com\/en\/wp-content\/uploads\/2019\/08\/lester-hamlet4-1-75x75.jpg 75w\" sizes=\"auto, (max-width: 698px) 100vw, 698px\" \/><\/a><figcaption id=\"caption-attachment-203847\" class=\"wp-caption-text\">Lester Hamlet. Photo: Taken from FB.<\/figcaption><\/figure>\n<p><strong>You said in a <em>Juventud Rebelde<\/em> forum that the presence of gays in the national audiovisual production, with very few exceptions, has caused you dissatisfaction.<\/strong><\/p>\n<p><span style=\"font-weight: 400;\">Except for some cases like <em>Strawberry and Chocolate<\/em>, there are gays that I couldn&#8217;t stand in other movies, which I prefer not to mention so as not to fall into some ethical dilemma, because of [this also responds to] the vision that a heterosexual and homophobic director may have about gays.<\/span><\/p>\n<p><span style=\"font-weight: 400;\">Everyone here has and should be entitled to an analysis of the other, but when one works on this, one has to snoop a lot, see who the other is, where he\u2019s coming from, what he does.<\/span><\/p>\n<p><strong>Does the fact that the female and male directors who have approached these issues\u2015Fernando P\u00e9rez, Jorge Perugorr\u00eda, Magda Gonz\u00e1lez Grau\u2015are not part of the LGBTIQ+ groups influence the representation they make of us?<\/strong><\/p>\n<p><span style=\"font-weight: 400;\">It is not the case with Fernando, who has the character of Jorgito Mart\u00ednez in \u00daltimos d\u00edas en La Habana, because Fernando is a god-being. He would understand each one as a character, as he understood the sociopathy of his character in Madagascar, or the madness or the state of impoverishment and disease of other characters. In Fernando there are no such borders.<\/span><\/p>\n<p><strong>And in the other cases?<\/strong><\/p>\n<p><span style=\"font-weight: 400;\">That depends, because there are those who have approached it from a critical perspective, there are those who have done so from a human perspective. I believe that in the case of Marilyn Solaya, who is a female director and made Vestido de novia, she has a way of approaching the conflict based on principles of inclusion and freedom with which she lives. She manages many theses in favor of the development of a better man, a better mind and a more inclusive society so that her characters are seen with that goal.<\/span><\/p>\n<p><span style=\"font-weight: 400;\">I don\u2019t believe that a person&#8217;s sexuality is decisive, rather their way of dealing with these taboos, their culture and their education.<\/span><\/p>\n<p><strong>Do you think that better representations of LGBTIQ+ people have appeared in recent years in Cuban cinema?<\/strong><\/p>\n<p><span style=\"font-weight: 400;\">I think that <em>Strawberry and Chocolate<\/em> was a turning point, and starting then homosexuals entered Cuban cinema with another visibility. They started getting to know and manage their conflicts, to unravel their lives, their ups and downs in a different way thanks to Tit\u00f3n and Tab\u00edo who at that time did it like that.<\/span><\/p>\n<p><span style=\"font-weight: 400;\">It is not the same society of the 1960s, 1970s, as the society of 2010 and a bit more. Much has evolved for good and for bad, because at some point I think that so much freedom leads to a dissolute behavior that is not good either, it also gives a deteriorated image.<\/span><\/p>\n<p><span style=\"font-weight: 400;\">Just as abusers of their women and with certain attitudes are negative, the very ferries, the irreverent, too mannered gays are also very negative, for pleasure. [Although] I also believe that we live in a universe large enough for extremes to exist, and one has to be tolerant when facing that.<\/span><\/p>\n<p><span style=\"font-weight: 400;\">Sometimes I say I\u2019m homophobic as a homosexual because there are some attitudes that I don&#8217;t like at all and I say &#8220;but why do they have to do it?&#8221; And then I say: &#8220;and why do you mess with others if you don&#8217;t like it when they mess with you?&#8221; But we are educated in some way in a patriarchal family scheme, where they teach you that the man is strong, the woman is weak, the man works, the woman accompanies, and there are certain patterns in which most have been raised.<\/span><\/p>\n<p><span style=\"font-weight: 400;\">Not me, I am a son of a mother who wanted to have her son in independent production, with a father who has been present in his own way, but I have not lived exactly in a mom and dad environment. My mother and grandmother raised me.<\/span><\/p>\n<figure id=\"attachment_203848\" aria-describedby=\"caption-attachment-203848\" style=\"width: 1024px\" class=\"wp-caption aligncenter\"><a href=\"https:\/\/oncubanews.com\/en\/wp-content\/uploads\/2019\/08\/lester-hamlet5-1.jpg\"><img loading=\"lazy\" decoding=\"async\" class=\"size-full wp-image-203848\" src=\"https:\/\/oncubanews.com\/en\/wp-content\/uploads\/2019\/08\/lester-hamlet5-1.jpg\" alt=\"\" width=\"1024\" height=\"683\" srcset=\"https:\/\/oncubanews.com\/en\/wp-content\/uploads\/2019\/08\/lester-hamlet5-1.jpg 1024w, https:\/\/oncubanews.com\/en\/wp-content\/uploads\/2019\/08\/lester-hamlet5-1-300x200.jpg 300w, https:\/\/oncubanews.com\/en\/wp-content\/uploads\/2019\/08\/lester-hamlet5-1-768x512.jpg 768w, https:\/\/oncubanews.com\/en\/wp-content\/uploads\/2019\/08\/lester-hamlet5-1-750x500.jpg 750w\" sizes=\"auto, (max-width: 1024px) 100vw, 1024px\" \/><\/a><figcaption id=\"caption-attachment-203848\" class=\"wp-caption-text\">Lester Hamlet. Photo: Taken from FB.<\/figcaption><\/figure>\n<p><strong>That is, cinema has reflected what Cuban society is, although it could also be a vanguard in the change, right?<\/strong><\/p>\n<p><span style=\"font-weight: 400;\">It should be, because among many other things cinema has an important social role, since cinema is what history is going to tell us, cinema is what it is telling us about the times we are living, the past, the future.<\/span><\/p>\n<p><span style=\"font-weight: 400;\">Cinema anticipates or is delayed. When you want to know how Cuba was at a certain time, the first thing you say is: &#8220;we are going to see such a film that is based on that time,&#8221; which is why cinema has a responsibility in how it tells history.<\/span><\/p>\n<p><span style=\"font-weight: 400;\">I think it should be more incisive in the search for topics, but you also have to see what a director is interested in telling. There are directors who are not interested in LGBT themes\u2015and all the letters we have now\u2015and have other conflicts.<\/span><\/p>\n<p><span style=\"font-weight: 400;\">What does have to be clear is how these stories will be dealt with if they appear. There has to be an ethical and humanistic sense in the directors and screenwriters to deal with us, to deal with characters like us.<\/span><\/p>\n<p><span style=\"font-weight: 400;\">Perhaps it\u2019s easier for you because it\u2019s part of your life, but for directors of both sexes who do not deal with these identities or sexualities it is different.<\/span><\/p>\n<p><span style=\"font-weight: 400;\">It&#8217;s the same thing. I wonder: what do I do when I want to show a heterosexual relationship? I don&#8217;t know how they work; I have to invent them. I don&#8217;t know what a man and a woman do in bed.<\/span><\/p>\n<p><strong>And they have to be responsible with that&#8230;.<\/strong><\/p>\n<p><span style=\"font-weight: 400;\">Exactly! I&#8217;ve asked for things, for example, in the movie <em>Ya no es antes<\/em>, there is a moment when Isabel&#8217;s character masturbates and I say to Isabel: &#8220;Then at this moment you sit down\u2026&#8221; and she told me: &#8220;But I can&#8217;t masturbate while sitting! Women don&#8217;t do that sitting down.&#8221; Things like that happen to me because I don&#8217;t know, I also suppose it also happens to them.<\/span><\/p>\n<p><strong>Do you think the female and male directors are fulfilling that responsibility? If people within 20 years, using cinema as history, look at the LGBTIQ+ community that is represented in the movies: is there a responsible representation?<\/strong><\/p>\n<p><span style=\"font-weight: 400;\">No, I believe that the real presence of LGBT people in society is much more than their representation in art. I think we have much more participation in contemporary society, on a daily basis, than what today\u2019s art is representing us, but it is representing us.<\/span><\/p>\n<p><strong>Would you say that independent productions have made more progress in that representation?<\/strong><\/p>\n<p><span style=\"font-weight: 400;\">I haven\u2019t kept very abreast, luckily I\u2019m always very busy, although I have participated in these events as a jury or as a selection committee, and I have loved it because it has given me the opportunity to see a lot of material at once.<\/span><\/p>\n<p><span style=\"font-weight: 400;\">However, there are documentaries that I remember like Villa Rosa, about a trans person in Caibari\u00e9n. There\u2019s <em>Ella trabaja<\/em> and other documentaries on everything referring to characters from the community. There are several opportunities for presentation and people are using them.<\/span><\/p>\n<p><strong>Because there is a greater sensitivity about the subject or because they are very striking topics?<\/strong><\/p>\n<p><span style=\"font-weight: 400;\">I believe that right now it\u2019s because it is in fashion, after we have been offended, vilified, played with: all this little game with marriage, everything in [Article] 68 [of the draft Constitution], for it to be submitted to a social referendum, which is something that isn\u2019t done in any country, that isn\u2019t voted, that is decided by the government and is established or not.<\/span><\/p>\n<p><span style=\"font-weight: 400;\">You cannot ask for the vote of a society that we know is patriarchal and a defender of heterosexuality. You cannot take it to a vote because what\u2019s going to happen is going to happen. Those things have to be decided at a government level.<\/span><\/p>\n<p><span style=\"font-weight: 400;\">How can cinema contribute to this process of advancing the rights and welfare of LGBTIQ+ people?<\/span><\/p>\n<p><span style=\"font-weight: 400;\">Many years ago, the film <em>Portrait of Teresa<\/em> was made here, which is a classic forever, that spoke about this patriarchal society, where the woman wants to work but the husband doesn\u2019t let her and she rebels. Of course, after that movie, the mentality changed and I think we need a story that is as blunt as this.<\/span><\/p>\n<p><strong>Don&#8217;t you think it exists?<\/strong><\/p>\n<p><span style=\"font-weight: 400;\">No way! That story is not told!<\/span><\/p>\n<p><strong>Maybe they have to be many stories&#8230;.<\/strong><\/p>\n<p><span style=\"font-weight: 400;\">Maybe! But it hasn\u2019t come up. In <em>Strawberry and Chocolate<\/em> there was a glimpse, a character appeared that the director made us love. He was not a negative character, he was a character we did not reject: from the beauty of the actor, from his magnificent acting work, from his performance. It was a character that one welcomed, but it has not yet been the movie, or maybe it already was and we did not realize it and it is something that other people will analyze 20 years later, looking at it at a greater distance.<\/span><\/p>\n<p><span style=\"font-weight: 400;\">We are also living our historical moment, I don\u2019t know about the importance of the things we are doing now, what I do believe is that we must appeal to the voluntariness and the wishes of the directors and screenwriters to see those stories and see how they unite the cultural and historical process in which we are immersed.<\/span><\/p>\n<p><strong>Personally, are you interested in continuing to represent these issues in your work? Contribute to a different representation of our groups?<\/strong><\/p>\n<p><span style=\"font-weight: 400;\">Of course! For example, now I want to make a film about the life of Bola de Nieve, which in essence would be a portrait of what society in the 1970s was like towards homosexuals and how homosexuals lived their love, from the character of Bola, who had many problems in his acceptance of his sexuality, to another character who is inspired by my mother, who has an independent production because she is a lesbian and otherwise could not.<\/span><\/p>\n<p><span style=\"font-weight: 400;\">I have another project called Las, which is about a group of five lesbian friends\u2019 love story. Those are my ghosts; they are in my head. I wish I could find a producer, who would become an agent of change and would be interested in a filmmaker like me making that movie.<\/span><\/p>\n<p><a href=\"https:\/\/oncubanews.com\/en\/wp-content\/uploads\/2019\/08\/lesterhamlet5-1.jpg\"><img loading=\"lazy\" decoding=\"async\" class=\"aligncenter size-full wp-image-203849\" src=\"https:\/\/oncubanews.com\/en\/wp-content\/uploads\/2019\/08\/lesterhamlet5-1.jpg\" alt=\"\" width=\"640\" height=\"960\" srcset=\"https:\/\/oncubanews.com\/en\/wp-content\/uploads\/2019\/08\/lesterhamlet5-1.jpg 640w, https:\/\/oncubanews.com\/en\/wp-content\/uploads\/2019\/08\/lesterhamlet5-1-200x300.jpg 200w\" sizes=\"auto, (max-width: 640px) 100vw, 640px\" \/><\/a><\/p>\n<p><strong>About Amaury P\u00e9rez&#8217;s program: why did you decide to open up in that space?<\/strong><\/p>\n<p><span style=\"font-weight: 400;\">I didn\u2019t decide to open up. He asked me and I answered.<\/span><\/p>\n<p><strong>But he himself clarified in his preamble that other LGBTIQ+ artists had not wanted to talk about their private life.<\/strong><\/p>\n<p><span style=\"font-weight: 400;\">I already knew where he was heading two sentences before!<\/span><\/p>\n<p><strong>That topic was not agreed before the interview? Did you know you were going to be asked something like that?<\/strong><\/p>\n<p><span style=\"font-weight: 400;\">No. He called me one day to invite me to the program. Another day he called me to look at the questionnaire with me and I said no, I didn&#8217;t want to know his questions.<\/span><\/p>\n<p><span style=\"font-weight: 400;\">\u201cCan I ask you about EVERYTHING?\u201d he asked me.<\/span><\/p>\n<p><span style=\"font-weight: 400;\">&#8220;Yes,&#8221; I said, &#8220;whatever you want to ask me, I&#8217;ll answer it.&#8221;<\/span><\/p>\n<p><span style=\"font-weight: 400;\">&#8220;But about everything, everything, Lester?&#8221;<\/span><\/p>\n<p><span style=\"font-weight: 400;\">&#8220;Everything, Amaury: there&#8217;s no problem there!&#8221; That was the way the interview was agreed.<\/span><\/p>\n<p><span style=\"font-weight: 400;\">I gave him absolute freedom. In addition, everyone says that in his interviews Amaury begins with \u201che is my friend,\u201d \u201cI have known him since he was a child,\u201d well in this case it was true: Amaury has known me since I was a child, because of my mother, who was a show producer and worked in the music industry too. I gave him full permission to ask what he wanted.<\/span><\/p>\n<p><strong>At that moment did you feel nervous, pressed? Some say that we don\u2019t always have an idea of \u200b\u200bthe connotations of things at the time and that was a time of great connotation for many people.<\/strong><\/p>\n<p><span style=\"font-weight: 400;\">His TV program was a moment of great connotation, but not for me at the time I said it.<\/span><\/p>\n<p><strong>Were there reactions from people?<\/strong><\/p>\n<p><span style=\"font-weight: 400;\">An infinite amount! There still are.<\/span><\/p>\n<figure id=\"attachment_203850\" aria-describedby=\"caption-attachment-203850\" style=\"width: 630px\" class=\"wp-caption aligncenter\"><a href=\"https:\/\/oncubanews.com\/en\/wp-content\/uploads\/2019\/08\/lester-yohan-1.jpeg\"><img loading=\"lazy\" decoding=\"async\" class=\"size-full wp-image-203850\" src=\"https:\/\/oncubanews.com\/en\/wp-content\/uploads\/2019\/08\/lester-yohan-1.jpeg\" alt=\"\" width=\"630\" height=\"473\" srcset=\"https:\/\/oncubanews.com\/en\/wp-content\/uploads\/2019\/08\/lester-yohan-1.jpeg 630w, https:\/\/oncubanews.com\/en\/wp-content\/uploads\/2019\/08\/lester-yohan-1-300x225.jpeg 300w\" sizes=\"auto, (max-width: 630px) 100vw, 630px\" \/><\/a><figcaption id=\"caption-attachment-203850\" class=\"wp-caption-text\">In the television show &#8220;Con dos que se quieran&#8221; hosted by Amaury P\u00e9rez, Hamlet openly spoke about his partner Yohan, which earned him the respect and gratitude of LGBTIQ+ people in Cuba. Photo: Taken from FB.<\/figcaption><\/figure>\n<p><strong>Can you tell me some of them? Maybe a good one and a bad one.<\/strong><\/p>\n<p><span style=\"font-weight: 400;\">There hasn\u2019t been a bad one.<\/span><\/p>\n<p><strong>No?<\/strong><\/p>\n<p><span style=\"font-weight: 400;\">No! A good one: the next day when I leave my house, a woman came on a bicycle taxi and when she saw me she begins to tell the driver: &#8220;Stop, stop, stop!&#8221; When he stops, she comes up to me and says: &#8220;Oh, my love! Let me give you a kiss. After seeing you I haven&#8217;t stopped crying all night long, that was beautiful!&#8221; Another man, who was in front of me in a bakery, when he leaves tells me softly: &#8220;Thank you very much for what you did for us yesterday!&#8221;<\/span><\/p>\n<p><span style=\"font-weight: 400;\">There have been all kinds of manifestations of love. I haven\u2019t been congratulated so much in my life. They congratulated me on Amaury&#8217;s interview more than for all my four films!<\/span><\/p>\n<p><strong>That is, you knew of the connotations there would be by being on national television talking openly about your sexuality, your partner and your desires.<\/strong><\/p>\n<p><span style=\"font-weight: 400;\">I knew about them when the show was on the air. I gave the interview and then they sent it to me to see it, but the day I saw it on the air, the day it came out, that I heard through my building&#8217;s air vent that my ENTIRE building was watching it, that people from my environment were paying attention to what I said&#8230;.<\/span><\/p>\n<p><span style=\"font-weight: 400;\">And what happened with my phone was incredible, with my husband&#8217;s phone, with my home landlines that kept ringing! I got calls from my senior high friends to Abel Prieto and Miguel Barnet.<\/span><\/p>\n<p><span style=\"font-weight: 400;\">All my acquaintances called me. The first message on my phone said: \u201cYou don&#8217;t know me but I found your number in the ETECSA telephone directory. I was watching the program with my family and in a minute you changed my life forever. Thank you!&#8221;.<\/span><\/p>\n<p><span style=\"font-weight: 400;\">I feel, and my vanity makes me feel, that there have been few programs more important at the level of consequences than this one, because I represented a community that had been silent, or had not had that when someone said: \u201cYes I am, I am! and so what?&#8221;<\/span><\/p>\n<p><strong>You talked about marriage then.<\/strong><\/p>\n<p><span style=\"font-weight: 400;\">I am married.<\/span><\/p>\n<p><strong>Where did you get married?<\/strong><\/p>\n<p><span style=\"font-weight: 400;\">In my heart and with a notary. We went to the notary, we each made a will on behalf of the other and we are already married. If I die, everything goes to my husband, if he dies, everything goes to me, which is one of the things that marriage is for, to ensure the heritage values \u200b\u200bthat you are creating in the family, and as a couple, isn&#8217;t that it?<\/span><\/p>\n<p><span style=\"font-weight: 400;\">If we spend money on buying a good, well that good belongs to both of us, he won\u2019t be left helpless, without legal support, if I die. No, I got married, I solved that.<\/span><\/p>\n<p><strong>But there is a meaning about marriage&#8230;.<\/strong><\/p>\n<p><span style=\"font-weight: 400;\">Romantic! I would have loved to have married Yohan, I would have loved to have a show of my wedding, a party with my friends. Having celebrated it, the marriage, I would have loved it.<\/span><\/p>\n<p><strong>Would you support a campaign for same-sex marriage?<\/strong><\/p>\n<p><span style=\"font-weight: 400;\">Of course!<\/span><\/p>\n<p><strong>Do you consider yourself an activist?<\/strong><\/p>\n<p><span style=\"font-weight: 400;\">They consider me an activist!<\/span><\/p>\n<p><strong>And you? Do you consider yourself an activist?<\/strong><\/p>\n<p><span style=\"font-weight: 400;\">No, I don\u2019t consider myself an activist. I consider myself a free man, others consider that my freedom is activism. I do nothing for others to do something, I do things to live in peace and quiet. If that easy-going and daring way of living makes me an activist, then I am one.<\/span><\/p>\n<p><em><span style=\"font-weight: 400;\">* This interview originally appeared in <\/span><a href=\"https:\/\/medium.com\/@abcencuba?source=post_page---------------------------\" target=\"_blank\" rel=\"noopener noreferrer\"><span style=\"font-weight: 400;\">Q de Cuir<\/span><\/a><span style=\"font-weight: 400;\"> magazine. It is reproduced here with the express authorization of its editors.<\/span><\/em><\/p>\n","protected":false},"excerpt":{"rendered":"<p>When I ask him about Amaury P\u00e9rez&#8217;s interview in &#8220;Con dos que se quieran,&#8221; film director Lester Hamlet says halfway between pride and protest that he has been congratulated more for that show than for all of his four films. &#8220;Does that bother you?&#8221; &#8220;No!&#8221; he responds, &#8220;An entire community thanked me and saw hope [&hellip;]<\/p>\n","protected":false},"author":2059,"featured_media":203846,"comment_status":"open","ping_status":"closed","sticky":false,"template":"","format":"standard","meta":{"_acf_changed":false,"footnotes":""},"categories":[13921,14201],"tags":[8863,24194,23637],"ppma_author":[33647,17699],"class_list":["post-203845","post","type-post","status-publish","format-standard","has-post-thumbnail","hentry","category-cinema","category-echoes","tag-cuban-society","tag-lester-hamlet","tag-lgbtiq-community"],"acf":[],"yoast_head":"<!-- This site is optimized with the Yoast SEO plugin v27.3 - https:\/\/yoast.com\/product\/yoast-seo-wordpress\/ -->\n<title>Lester Hamlet: &quot;I consider myself a free man&quot; | OnCubaNews English<\/title>\n<meta name=\"description\" content=\"OnCuba reproduces an interview with the film director published in the digital magazine &quot;Q de Cuir&quot; about how his sexual identity has gone hand in hand with his work as a filmmaker.\" \/>\n<meta name=\"robots\" content=\"index, follow, max-snippet:-1, max-image-preview:large, max-video-preview:-1\" \/>\n<link rel=\"canonical\" href=\"https:\/\/oncubanews.com\/en\/culture\/cinema\/lester-hamlet-i-consider-myself-a-free-man\/\" \/>\n<meta property=\"og:locale\" content=\"en_US\" \/>\n<meta property=\"og:type\" content=\"article\" \/>\n<meta property=\"og:title\" content=\"Lester Hamlet: &quot;I consider myself a free man&quot; | OnCubaNews English\" \/>\n<meta property=\"og:description\" content=\"OnCuba reproduces an interview with the film director published in the digital magazine &quot;Q de Cuir&quot; about how his sexual identity has gone hand in hand with his work as a filmmaker.\" \/>\n<meta property=\"og:url\" content=\"https:\/\/oncubanews.com\/en\/culture\/cinema\/lester-hamlet-i-consider-myself-a-free-man\/\" \/>\n<meta property=\"og:site_name\" content=\"OnCubaNews English\" \/>\n<meta property=\"article:published_time\" content=\"2019-08-08T21:24:31+00:00\" \/>\n<meta property=\"og:image\" content=\"https:\/\/oncubanews.com\/en\/wp-content\/uploads\/2019\/08\/lester-hamlet2-1.jpg\" \/>\n\t<meta property=\"og:image:width\" content=\"1140\" \/>\n\t<meta property=\"og:image:height\" content=\"760\" \/>\n\t<meta property=\"og:image:type\" content=\"image\/jpeg\" \/>\n<meta name=\"author\" content=\"Susana Hern\u00e1ndez Mart\u00edn, susana-hernandez\" \/>\n<meta name=\"twitter:card\" content=\"summary_large_image\" \/>\n<meta name=\"twitter:label1\" content=\"Written by\" \/>\n\t<meta name=\"twitter:data1\" content=\"Susana Hern\u00e1ndez Mart\u00edn\" \/>\n\t<meta name=\"twitter:label2\" content=\"Est. reading time\" \/>\n\t<meta name=\"twitter:data2\" content=\"17 minutes\" \/>\n<script type=\"application\/ld+json\" class=\"yoast-schema-graph\">{\"@context\":\"https:\\\/\\\/schema.org\",\"@graph\":[{\"@type\":\"Article\",\"@id\":\"https:\\\/\\\/oncubanews.com\\\/en\\\/culture\\\/cinema\\\/lester-hamlet-i-consider-myself-a-free-man\\\/#article\",\"isPartOf\":{\"@id\":\"https:\\\/\\\/oncubanews.com\\\/en\\\/culture\\\/cinema\\\/lester-hamlet-i-consider-myself-a-free-man\\\/\"},\"author\":{\"name\":\"Susana Hern\u00e1ndez Mart\u00edn\",\"@id\":\"https:\\\/\\\/oncubanews.com\\\/en\\\/#\\\/schema\\\/person\\\/76e633bccbf10fa1f977ef19eeff8bc5\"},\"headline\":\"Lester Hamlet: &#8220;I consider myself a free man&#8221;\",\"datePublished\":\"2019-08-08T21:24:31+00:00\",\"mainEntityOfPage\":{\"@id\":\"https:\\\/\\\/oncubanews.com\\\/en\\\/culture\\\/cinema\\\/lester-hamlet-i-consider-myself-a-free-man\\\/\"},\"wordCount\":3430,\"commentCount\":0,\"image\":{\"@id\":\"https:\\\/\\\/oncubanews.com\\\/en\\\/culture\\\/cinema\\\/lester-hamlet-i-consider-myself-a-free-man\\\/#primaryimage\"},\"thumbnailUrl\":\"https:\\\/\\\/oncubanews.com\\\/en\\\/wp-content\\\/uploads\\\/2019\\\/08\\\/lester-hamlet2-1.jpg\",\"keywords\":[\"cuban society\",\"Lester Hamlet\",\"LGBTIQ community\"],\"articleSection\":[\"Cinema\",\"Echoes\"],\"inLanguage\":\"en-US\",\"potentialAction\":[{\"@type\":\"CommentAction\",\"name\":\"Comment\",\"target\":[\"https:\\\/\\\/oncubanews.com\\\/en\\\/culture\\\/cinema\\\/lester-hamlet-i-consider-myself-a-free-man\\\/#respond\"]}],\"copyrightYear\":\"2019\",\"copyrightHolder\":{\"@id\":\"https:\\\/\\\/oncubanews.com\\\/en\\\/#organization\"}},{\"@type\":\"WebPage\",\"@id\":\"https:\\\/\\\/oncubanews.com\\\/en\\\/culture\\\/cinema\\\/lester-hamlet-i-consider-myself-a-free-man\\\/\",\"url\":\"https:\\\/\\\/oncubanews.com\\\/en\\\/culture\\\/cinema\\\/lester-hamlet-i-consider-myself-a-free-man\\\/\",\"name\":\"Lester Hamlet: \\\"I consider myself a free man\\\" | OnCubaNews English\",\"isPartOf\":{\"@id\":\"https:\\\/\\\/oncubanews.com\\\/en\\\/#website\"},\"primaryImageOfPage\":{\"@id\":\"https:\\\/\\\/oncubanews.com\\\/en\\\/culture\\\/cinema\\\/lester-hamlet-i-consider-myself-a-free-man\\\/#primaryimage\"},\"image\":{\"@id\":\"https:\\\/\\\/oncubanews.com\\\/en\\\/culture\\\/cinema\\\/lester-hamlet-i-consider-myself-a-free-man\\\/#primaryimage\"},\"thumbnailUrl\":\"https:\\\/\\\/oncubanews.com\\\/en\\\/wp-content\\\/uploads\\\/2019\\\/08\\\/lester-hamlet2-1.jpg\",\"datePublished\":\"2019-08-08T21:24:31+00:00\",\"author\":{\"@id\":\"https:\\\/\\\/oncubanews.com\\\/en\\\/#\\\/schema\\\/person\\\/76e633bccbf10fa1f977ef19eeff8bc5\"},\"description\":\"OnCuba reproduces an interview with the film director published in the digital magazine \\\"Q de Cuir\\\" about how his sexual identity has gone hand in hand with his work as a filmmaker.\",\"breadcrumb\":{\"@id\":\"https:\\\/\\\/oncubanews.com\\\/en\\\/culture\\\/cinema\\\/lester-hamlet-i-consider-myself-a-free-man\\\/#breadcrumb\"},\"inLanguage\":\"en-US\",\"potentialAction\":[{\"@type\":\"ReadAction\",\"target\":[\"https:\\\/\\\/oncubanews.com\\\/en\\\/culture\\\/cinema\\\/lester-hamlet-i-consider-myself-a-free-man\\\/\"]}]},{\"@type\":\"ImageObject\",\"inLanguage\":\"en-US\",\"@id\":\"https:\\\/\\\/oncubanews.com\\\/en\\\/culture\\\/cinema\\\/lester-hamlet-i-consider-myself-a-free-man\\\/#primaryimage\",\"url\":\"https:\\\/\\\/oncubanews.com\\\/en\\\/wp-content\\\/uploads\\\/2019\\\/08\\\/lester-hamlet2-1.jpg\",\"contentUrl\":\"https:\\\/\\\/oncubanews.com\\\/en\\\/wp-content\\\/uploads\\\/2019\\\/08\\\/lester-hamlet2-1.jpg\",\"width\":1140,\"height\":760,\"caption\":\"Lester Hamlet. Photo: Taken from FB.\"},{\"@type\":\"BreadcrumbList\",\"@id\":\"https:\\\/\\\/oncubanews.com\\\/en\\\/culture\\\/cinema\\\/lester-hamlet-i-consider-myself-a-free-man\\\/#breadcrumb\",\"itemListElement\":[{\"@type\":\"ListItem\",\"position\":1,\"name\":\"Portada\",\"item\":\"https:\\\/\\\/oncubanews.com\\\/en\\\/\"},{\"@type\":\"ListItem\",\"position\":2,\"name\":\"Lester Hamlet: &#8220;I consider myself a free man&#8221;\"}]},{\"@type\":\"WebSite\",\"@id\":\"https:\\\/\\\/oncubanews.com\\\/en\\\/#website\",\"url\":\"https:\\\/\\\/oncubanews.com\\\/en\\\/\",\"name\":\"OnCubaNews English\",\"description\":\"Revista sobre Cuba\",\"potentialAction\":[{\"@type\":\"SearchAction\",\"target\":{\"@type\":\"EntryPoint\",\"urlTemplate\":\"https:\\\/\\\/oncubanews.com\\\/en\\\/?s={search_term_string}\"},\"query-input\":{\"@type\":\"PropertyValueSpecification\",\"valueRequired\":true,\"valueName\":\"search_term_string\"}}],\"inLanguage\":\"en-US\"},{\"@type\":\"Person\",\"@id\":\"https:\\\/\\\/oncubanews.com\\\/en\\\/#\\\/schema\\\/person\\\/76e633bccbf10fa1f977ef19eeff8bc5\",\"name\":\"Susana Hern\u00e1ndez Mart\u00edn\",\"image\":{\"@type\":\"ImageObject\",\"inLanguage\":\"en-US\",\"@id\":\"https:\\\/\\\/secure.gravatar.com\\\/avatar\\\/9ac540fe3d1fac61d90a9291c2031ecaefb635ae575b0871151accfbd881f450?s=96&r=gbdc110b834653ede19802377a1feb9c5\",\"url\":\"https:\\\/\\\/secure.gravatar.com\\\/avatar\\\/9ac540fe3d1fac61d90a9291c2031ecaefb635ae575b0871151accfbd881f450?s=96&r=g\",\"contentUrl\":\"https:\\\/\\\/secure.gravatar.com\\\/avatar\\\/9ac540fe3d1fac61d90a9291c2031ecaefb635ae575b0871151accfbd881f450?s=96&r=g\",\"caption\":\"Susana Hern\u00e1ndez Mart\u00edn\"},\"url\":\"https:\\\/\\\/oncubanews.com\\\/en\\\/author\\\/susana-hernandez\\\/\"}]}<\/script>\n<!-- \/ Yoast SEO plugin. -->","yoast_head_json":{"title":"Lester Hamlet: \"I consider myself a free man\" | OnCubaNews English","description":"OnCuba reproduces an interview with the film director published in the digital magazine \"Q de Cuir\" about how his sexual identity has gone hand in hand with his work as a filmmaker.","robots":{"index":"index","follow":"follow","max-snippet":"max-snippet:-1","max-image-preview":"max-image-preview:large","max-video-preview":"max-video-preview:-1"},"canonical":"https:\/\/oncubanews.com\/en\/culture\/cinema\/lester-hamlet-i-consider-myself-a-free-man\/","og_locale":"en_US","og_type":"article","og_title":"Lester Hamlet: \"I consider myself a free man\" | OnCubaNews English","og_description":"OnCuba reproduces an interview with the film director published in the digital magazine \"Q de Cuir\" about how his sexual identity has gone hand in hand with his work as a filmmaker.","og_url":"https:\/\/oncubanews.com\/en\/culture\/cinema\/lester-hamlet-i-consider-myself-a-free-man\/","og_site_name":"OnCubaNews English","article_published_time":"2019-08-08T21:24:31+00:00","og_image":[{"width":1140,"height":760,"url":"https:\/\/oncubanews.com\/en\/wp-content\/uploads\/2019\/08\/lester-hamlet2-1.jpg","type":"image\/jpeg"}],"author":"Susana Hern\u00e1ndez Mart\u00edn, susana-hernandez","twitter_card":"summary_large_image","twitter_misc":{"Written by":"Susana Hern\u00e1ndez Mart\u00edn","Est. reading time":"17 minutes"},"schema":{"@context":"https:\/\/schema.org","@graph":[{"@type":"Article","@id":"https:\/\/oncubanews.com\/en\/culture\/cinema\/lester-hamlet-i-consider-myself-a-free-man\/#article","isPartOf":{"@id":"https:\/\/oncubanews.com\/en\/culture\/cinema\/lester-hamlet-i-consider-myself-a-free-man\/"},"author":{"name":"Susana Hern\u00e1ndez Mart\u00edn","@id":"https:\/\/oncubanews.com\/en\/#\/schema\/person\/76e633bccbf10fa1f977ef19eeff8bc5"},"headline":"Lester Hamlet: &#8220;I consider myself a free man&#8221;","datePublished":"2019-08-08T21:24:31+00:00","mainEntityOfPage":{"@id":"https:\/\/oncubanews.com\/en\/culture\/cinema\/lester-hamlet-i-consider-myself-a-free-man\/"},"wordCount":3430,"commentCount":0,"image":{"@id":"https:\/\/oncubanews.com\/en\/culture\/cinema\/lester-hamlet-i-consider-myself-a-free-man\/#primaryimage"},"thumbnailUrl":"https:\/\/oncubanews.com\/en\/wp-content\/uploads\/2019\/08\/lester-hamlet2-1.jpg","keywords":["cuban society","Lester Hamlet","LGBTIQ community"],"articleSection":["Cinema","Echoes"],"inLanguage":"en-US","potentialAction":[{"@type":"CommentAction","name":"Comment","target":["https:\/\/oncubanews.com\/en\/culture\/cinema\/lester-hamlet-i-consider-myself-a-free-man\/#respond"]}],"copyrightYear":"2019","copyrightHolder":{"@id":"https:\/\/oncubanews.com\/en\/#organization"}},{"@type":"WebPage","@id":"https:\/\/oncubanews.com\/en\/culture\/cinema\/lester-hamlet-i-consider-myself-a-free-man\/","url":"https:\/\/oncubanews.com\/en\/culture\/cinema\/lester-hamlet-i-consider-myself-a-free-man\/","name":"Lester Hamlet: \"I consider myself a free man\" | OnCubaNews English","isPartOf":{"@id":"https:\/\/oncubanews.com\/en\/#website"},"primaryImageOfPage":{"@id":"https:\/\/oncubanews.com\/en\/culture\/cinema\/lester-hamlet-i-consider-myself-a-free-man\/#primaryimage"},"image":{"@id":"https:\/\/oncubanews.com\/en\/culture\/cinema\/lester-hamlet-i-consider-myself-a-free-man\/#primaryimage"},"thumbnailUrl":"https:\/\/oncubanews.com\/en\/wp-content\/uploads\/2019\/08\/lester-hamlet2-1.jpg","datePublished":"2019-08-08T21:24:31+00:00","author":{"@id":"https:\/\/oncubanews.com\/en\/#\/schema\/person\/76e633bccbf10fa1f977ef19eeff8bc5"},"description":"OnCuba reproduces an interview with the film director published in the digital magazine \"Q de Cuir\" about how his sexual identity has gone hand in hand with his work as a filmmaker.","breadcrumb":{"@id":"https:\/\/oncubanews.com\/en\/culture\/cinema\/lester-hamlet-i-consider-myself-a-free-man\/#breadcrumb"},"inLanguage":"en-US","potentialAction":[{"@type":"ReadAction","target":["https:\/\/oncubanews.com\/en\/culture\/cinema\/lester-hamlet-i-consider-myself-a-free-man\/"]}]},{"@type":"ImageObject","inLanguage":"en-US","@id":"https:\/\/oncubanews.com\/en\/culture\/cinema\/lester-hamlet-i-consider-myself-a-free-man\/#primaryimage","url":"https:\/\/oncubanews.com\/en\/wp-content\/uploads\/2019\/08\/lester-hamlet2-1.jpg","contentUrl":"https:\/\/oncubanews.com\/en\/wp-content\/uploads\/2019\/08\/lester-hamlet2-1.jpg","width":1140,"height":760,"caption":"Lester Hamlet. Photo: Taken from FB."},{"@type":"BreadcrumbList","@id":"https:\/\/oncubanews.com\/en\/culture\/cinema\/lester-hamlet-i-consider-myself-a-free-man\/#breadcrumb","itemListElement":[{"@type":"ListItem","position":1,"name":"Portada","item":"https:\/\/oncubanews.com\/en\/"},{"@type":"ListItem","position":2,"name":"Lester Hamlet: &#8220;I consider myself a free man&#8221;"}]},{"@type":"WebSite","@id":"https:\/\/oncubanews.com\/en\/#website","url":"https:\/\/oncubanews.com\/en\/","name":"OnCubaNews English","description":"Revista sobre Cuba","potentialAction":[{"@type":"SearchAction","target":{"@type":"EntryPoint","urlTemplate":"https:\/\/oncubanews.com\/en\/?s={search_term_string}"},"query-input":{"@type":"PropertyValueSpecification","valueRequired":true,"valueName":"search_term_string"}}],"inLanguage":"en-US"},{"@type":"Person","@id":"https:\/\/oncubanews.com\/en\/#\/schema\/person\/76e633bccbf10fa1f977ef19eeff8bc5","name":"Susana Hern\u00e1ndez Mart\u00edn","image":{"@type":"ImageObject","inLanguage":"en-US","@id":"https:\/\/secure.gravatar.com\/avatar\/9ac540fe3d1fac61d90a9291c2031ecaefb635ae575b0871151accfbd881f450?s=96&r=gbdc110b834653ede19802377a1feb9c5","url":"https:\/\/secure.gravatar.com\/avatar\/9ac540fe3d1fac61d90a9291c2031ecaefb635ae575b0871151accfbd881f450?s=96&r=g","contentUrl":"https:\/\/secure.gravatar.com\/avatar\/9ac540fe3d1fac61d90a9291c2031ecaefb635ae575b0871151accfbd881f450?s=96&r=g","caption":"Susana Hern\u00e1ndez Mart\u00edn"},"url":"https:\/\/oncubanews.com\/en\/author\/susana-hernandez\/"}]}},"authors":[{"term_id":33647,"user_id":2059,"is_guest":0,"slug":"susana-hernandez","display_name":"Susana Hern\u00e1ndez Mart\u00edn","avatar_url":"https:\/\/secure.gravatar.com\/avatar\/9ac540fe3d1fac61d90a9291c2031ecaefb635ae575b0871151accfbd881f450?s=96&r=g","0":null,"1":"","2":"","3":"","4":"","5":"","6":"","7":"","8":""},{"term_id":17699,"user_id":0,"is_guest":1,"slug":"cap-susana-hernandez","display_name":"susana-hernandez","avatar_url":"https:\/\/secure.gravatar.com\/avatar\/?s=96&r=g","0":null,"1":"","2":"","3":"","4":"","5":"","6":"","7":"","8":""}],"_links":{"self":[{"href":"https:\/\/oncubanews.com\/en\/wp-json\/wp\/v2\/posts\/203845","targetHints":{"allow":["GET"]}}],"collection":[{"href":"https:\/\/oncubanews.com\/en\/wp-json\/wp\/v2\/posts"}],"about":[{"href":"https:\/\/oncubanews.com\/en\/wp-json\/wp\/v2\/types\/post"}],"author":[{"embeddable":true,"href":"https:\/\/oncubanews.com\/en\/wp-json\/wp\/v2\/users\/2059"}],"replies":[{"embeddable":true,"href":"https:\/\/oncubanews.com\/en\/wp-json\/wp\/v2\/comments?post=203845"}],"version-history":[{"count":0,"href":"https:\/\/oncubanews.com\/en\/wp-json\/wp\/v2\/posts\/203845\/revisions"}],"wp:featuredmedia":[{"embeddable":true,"href":"https:\/\/oncubanews.com\/en\/wp-json\/wp\/v2\/media\/203846"}],"wp:attachment":[{"href":"https:\/\/oncubanews.com\/en\/wp-json\/wp\/v2\/media?parent=203845"}],"wp:term":[{"taxonomy":"category","embeddable":true,"href":"https:\/\/oncubanews.com\/en\/wp-json\/wp\/v2\/categories?post=203845"},{"taxonomy":"post_tag","embeddable":true,"href":"https:\/\/oncubanews.com\/en\/wp-json\/wp\/v2\/tags?post=203845"},{"taxonomy":"author","embeddable":true,"href":"https:\/\/oncubanews.com\/en\/wp-json\/wp\/v2\/ppma_author?post=203845"}],"curies":[{"name":"wp","href":"https:\/\/api.w.org\/{rel}","templated":true}]}}