
{"id":203947,"date":"2019-08-09T09:13:36","date_gmt":"2019-08-09T13:13:36","guid":{"rendered":"https:\/\/oncubanews.com\/en\/?p=203947"},"modified":"2019-08-09T09:13:36","modified_gmt":"2019-08-09T13:13:36","slug":"cuban-parole-under-review-according-to-uscis","status":"publish","type":"post","link":"https:\/\/oncubanews.com\/en\/cuba-usa\/cuban-parole-under-review-according-to-uscis\/","title":{"rendered":"Cuban Parole &#8220;under review,&#8221; according to USCIS"},"content":{"rendered":"<p><span style=\"font-weight: 400;\">The Cuban Family Reunification Program (CFRP, also called Parole), detained since 2017 because of the partial closure of the U.S. embassy in Havana, is currently &#8220;under review,&#8221; according to the USCIS.<\/span><\/p>\n<p><span style=\"font-weight: 400;\">After the <\/span><a href=\"https:\/\/www.uscis.gov\/es\/noticias\/uscis-cancelara-ciertos-programas-de-permanencia-temporal-por-categoria?fbclid=IwAR3orPcA69komJbFFk4fNlftdAQ7xz5q2aW57v-f8MYhizlK_8caIjjATX8\" target=\"_blank\" rel=\"noopener noreferrer\"><span style=\"font-weight: 400;\">recent cancelation of the Parole programs<\/span><\/a><span style=\"font-weight: 400;\"> for Haitians and Filipinos, similar to Cubans\u2019, USCIS explained that it will apply changes to exercise its limited authority so as to preserve the integrity of the immigration system and not encourage foreigners to enter the United States illegally.<\/span><\/p>\n<p><span style=\"font-weight: 400;\">Maria Elena Upson, an official at the USCIS Public Affairs Office, confirmed to <strong>OnCuba<\/strong> that &#8220;all remaining parole programs by category remain under review.&#8221;<\/span><\/p>\n<p><span style=\"font-weight: 400;\">However, Upson avoided commenting on alternatives to a resumption of processes for Cubans or their total closure.<\/span><\/p>\n<p><span style=\"font-weight: 400;\">A note from USCIS explained that the decision responds to an extensive review to better ensure that the authority to grant temporary residence permits under the Immigration and Nationality Act is exercised according to each individual case when there is a significant public benefit or urgent humanitarian reasons.<\/span><\/p>\n<p><span style=\"font-weight: 400;\">Both the Haitian and Filipino programs\u2015like the Cuban one\u2015grant temporary residence permits by category, and people who have approved family-based immigrant petitions have been authorized to enter and work in the United States while waiting for their green card.<\/span><\/p>\n<p><span style=\"font-weight: 400;\">USCIS acting director, Ken Cuccinelli, said that under these temporary residence permit programs by category, people have been able to skip their turn on the line and evade the appropriate channels established by Congress, adding that with the cancellation of these programs, these people will no longer be allowed to wait in the United States until their green card is available, which is consistent with the rules that apply to the rest of the world.<\/span><\/p>\n<blockquote class=\"wp-embedded-content\" data-secret=\"jdWqMO2Bvn\"><p><a href=\"https:\/\/oncubanews.com\/en\/cuba-usa\/cubans-gets-response-from-state-department-on-parole\/\">Cubans gets response from State Department on Parole<\/a><\/p><\/blockquote>\n<p><iframe loading=\"lazy\" class=\"wp-embedded-content\" sandbox=\"allow-scripts\" security=\"restricted\" style=\"position: absolute; clip: rect(1px, 1px, 1px, 1px);\" title=\"&#8220;Cubans gets response from State Department on Parole&#8221; &#8212; OnCubaNews English\" src=\"https:\/\/oncubanews.com\/en\/cuba-usa\/cubans-gets-response-from-state-department-on-parole\/embed\/#?secret=uO3SHBxnYE#?secret=jdWqMO2Bvn\" data-secret=\"jdWqMO2Bvn\" width=\"500\" height=\"282\" frameborder=\"0\" marginwidth=\"0\" marginheight=\"0\" scrolling=\"no\"><\/iframe><\/p>\n<p><span style=\"font-weight: 400;\">With the uncertainty in crescendo, in recent months several Cubans chose to give up the parole and begin another type of more universal family reunification process, where the visa categories have waiting times assigned.<\/span><\/p>\n<p><span style=\"font-weight: 400;\">For example, to &#8220;claim&#8221; a single child, the duration may be less than one year, but to apply for an immigrant visa for another type of relative may take longer, even a decade.<\/span><\/p>\n<p><span style=\"font-weight: 400;\">That is why thousands of Cubans cling to the possibility of a resumption of the parole program for Cubans as an easy way to reunify with their dear ones, although so far they haven\u2019t received a reply.<\/span><\/p>\n<p><span style=\"font-weight: 400;\">On Twitter the claims to U.S. senators, congresspersons and politicians continue with the #ContinueCubanCFRP tag.<\/span><\/p>\n<p>https:\/\/twitter.com\/Nexy64862608\/status\/1158829351435157509?ref_src=twsrc%5Etfw%7Ctwcamp%5Etweetembed%7Ctwterm%5E1158829351435157509&#038;ref_url=https%3A%2F%2Foncubanews.com%2Fcuba-ee-uu%2Fparole-cubano-esta-bajo-revision-segun-uscis%2F<\/p>\n<p><span style=\"font-weight: 400;\">The majority of Cubans who are making claims on social networks complain to officials that they paid all the taxes and documentation required for their cases, although two years after the process is closed, passports and other official documents could expire.<\/span><\/p>\n<p><span style=\"font-weight: 400;\">&#8220;Touch the heart of our politicians. We need our children,&#8221; wrote user Tamara on Twitter, while she tagged Republicans Mario D\u00edaz-Balart and Marco Rubio of Florida and Lizzie Fletcher of Texas.<\/span><\/p>\n<blockquote class=\"twitter-tweet\" data-width=\"500\" data-dnt=\"true\">\n<p lang=\"en\" dir=\"ltr\"><a href=\"https:\/\/twitter.com\/hashtag\/ContinueCubanCFRP?src=hash&amp;ref_src=twsrc%5Etfw\">#ContinueCubanCFRP<\/a> <a href=\"https:\/\/twitter.com\/hashtag\/ContinueCubanCFRP?src=hash&amp;ref_src=twsrc%5Etfw\">#ContinueCubanCFRP<\/a> <a href=\"https:\/\/twitter.com\/hashtag\/UseEmbassyHavforthePeople?src=hash&amp;ref_src=twsrc%5Etfw\">#UseEmbassyHavforthePeople<\/a><br \/>OMG.  Touch the hearts of our congressmen.  We need our children<a href=\"https:\/\/twitter.com\/MarioDB?ref_src=twsrc%5Etfw\">@MarioDB<\/a> <a href=\"https:\/\/twitter.com\/marcorubio?ref_src=twsrc%5Etfw\">@marcorubio<\/a> <a href=\"https:\/\/twitter.com\/RepFletcher?ref_src=twsrc%5Etfw\">@RepFletcher<\/a><\/p>\n<p>&mdash; tamara (@tamara51296999) <a href=\"https:\/\/twitter.com\/tamara51296999\/status\/1158750692871479298?ref_src=twsrc%5Etfw\">August 6, 2019<\/a><\/p><\/blockquote>\n<p><script async src=\"https:\/\/platform.twitter.com\/widgets.js\" charset=\"utf-8\"><\/script><\/p>\n<p><span style=\"font-weight: 400;\">Although in May the Assistant Secretary of State for Western Hemisphere Affairs Kimberly Breier (who just resigned on August 7) \u200b\u200basked for \u201cpatience\u201d on Twitter before the claims of the Cubans and used the same tag, so far no official reply has been given on the resumption of the program or the preparation of an alternative location to Havana.<\/span><\/p>\n<blockquote class=\"twitter-tweet\" data-width=\"500\" data-dnt=\"true\">\n<p lang=\"en\" dir=\"ltr\">.<a href=\"https:\/\/twitter.com\/StateDept?ref_src=twsrc%5Etfw\">@StateDept<\/a> is processing approved immigration petitions for Cubans in Guyana. We acknowledge that there is a long wait for approved CFRP cases and thank you for your patience and flexibility as we process petitions out of this alternate location. <a href=\"https:\/\/twitter.com\/hashtag\/ContinueCubanCFRP?src=hash&amp;ref_src=twsrc%5Etfw\">#ContinueCubanCFRP<\/a><\/p>\n<p>&mdash; Brian A. Nichols (@WHAAsstSecty) <a href=\"https:\/\/twitter.com\/WHAAsstSecty\/status\/1131277762545803264?ref_src=twsrc%5Etfw\">May 22, 2019<\/a><\/p><\/blockquote>\n<p><script async src=\"https:\/\/platform.twitter.com\/widgets.js\" charset=\"utf-8\"><\/script><\/p>\n<p><span style=\"font-weight: 400;\">&#8220;20 months is not enough to find a feasible option?&#8221; Florida&#8217;s Cubans publicly ask their political representatives.<\/span><\/p>\n<p><span style=\"font-weight: 400;\">In addition, although supposedly the new laws in the United States do not apply retroactively, the question of what could happen with cases already initiated and paid creates even more uncertainty among this group of Cubans.<\/span><\/p>\n<blockquote class=\"twitter-tweet\" data-width=\"500\" data-dnt=\"true\">\n<p lang=\"en\" dir=\"ltr\">Is really <a href=\"https:\/\/twitter.com\/StateDept?ref_src=twsrc%5Etfw\">@StateDept<\/a> and <a href=\"https:\/\/twitter.com\/DHSgov?ref_src=twsrc%5Etfw\">@DHSgov<\/a> <a href=\"https:\/\/twitter.com\/USCIS?ref_src=twsrc%5Etfw\">@USCIS<\/a> working on a solution for PAID and APPROVED CFRP cases? 20 months is not enough to find a feasible option? <a href=\"https:\/\/twitter.com\/marcorubio?ref_src=twsrc%5Etfw\">@marcorubio<\/a> <a href=\"https:\/\/twitter.com\/SenRickScott?ref_src=twsrc%5Etfw\">@SenRickScott<\/a> <a href=\"https:\/\/twitter.com\/SenatorMenendez?ref_src=twsrc%5Etfw\">@SenatorMenendez<\/a> @RepSires <a href=\"https:\/\/twitter.com\/MarioDB?ref_src=twsrc%5Etfw\">@MarioDB<\/a> <a href=\"https:\/\/twitter.com\/RepDMP?ref_src=twsrc%5Etfw\">@RepDMP<\/a> @RepShalala <a href=\"https:\/\/twitter.com\/hashtag\/continueCubanCFRP?src=hash&amp;ref_src=twsrc%5Etfw\">#continueCubanCFRP<\/a> <a href=\"https:\/\/t.co\/VVtORH9NU2\">pic.twitter.com\/VVtORH9NU2<\/a><\/p>\n<p>&mdash; Arianne (@Arianne12536602) <a href=\"https:\/\/twitter.com\/Arianne12536602\/status\/1158436899473842178?ref_src=twsrc%5Etfw\">August 5, 2019<\/a><\/p><\/blockquote>\n<p><script async src=\"https:\/\/platform.twitter.com\/widgets.js\" charset=\"utf-8\"><\/script><\/p>\n<p><span style=\"font-weight: 400;\">In that sense, the USCIS said that it will process all the pending cases until their completion, without clarifying how it would do it with the Cubans.<\/span><\/p>\n<p><span style=\"font-weight: 400;\">During election time, we still have to wait for the assessment the USCIS is currently making on the Cuban parole program and the response of Cuban-American politicians on the issue.<\/span><\/p>\n<p><strong>Is the Cuban Parole being canceled?<\/strong><\/p>\n<p><span style=\"font-weight: 400;\">Miami-based immigration lawyer Yosmani Baz\u00e1n answered some of <strong>OnCuba\u2019s<\/strong> questions on the issue of the Parole program for Cubans.<\/span><\/p>\n<p><span style=\"font-weight: 400;\">&#8220;The possibility of modification and even definitive elimination always exists for the different migration programs and policies,&#8221; said Baz\u00e1n, questioned about the possibility of a possible cancellation of the Cuban Family Reunification Program (CFRP).<\/span><\/p>\n<p><span style=\"font-weight: 400;\">The lawyer recalled the &#8220;wet foot\/dry foot&#8221; policy, repealed by President Obama at the end of his term, as an example of the aforementioned. However, he said that he does not particularly see that in the case of the Parole &#8220;this will happen in the short or medium term.&#8221;<\/span><\/p>\n<p><span style=\"font-weight: 400;\">&#8220;Beyond the immigration situation there is a political nuance that has kept programs in force that apply only to Cubans,&#8221; he explained. &#8220;There are still thousands of Cubans arriving daily at the borders with the United States with the hope of convincing a judge of their &#8216;credible fear&#8217; of returning to Cuba and thus manage to remain in the country for at least a year and a day and become eligible to adjust their immigration status under the Cuban Adjustment Act.<\/span><\/p>\n<p><span style=\"font-weight: 400;\">&#8220;The repeal of the CFRP would increasingly intensify this flow of Cubans to the border, who in this circumstance would have a more solid argument to be admitted under &#8216;credible fear.&#8217; For example, someone might say that he was in a program (CFRP) to emigrate definitively to the United States, which was canceled and was now in a work limbo in Cuba.&#8221;<\/span><\/p>\n<p><strong>What happens to cases that have already been paid and have been under process (although detained since 2017) for several years? Would the total cancellation of the program affect them?<\/strong><\/p>\n<p><span style=\"font-weight: 400;\">An applicant\u2019s waiting time for an American visa varies depending on the visa category: a resident father or mother asking for his unmarried 21-year-old son would be the F2B, an American citizen brother or sister asking for his brother or sister in Cuba would be the F4, to name a few examples. Those included in these categories under the Cuban Parole program would come to the U.S. supposedly to wait here for their visa to be available and I say supposedly because due to the existence of the Cuban Adjustment Act they would only wait one year and be eligible to adjust their status.<\/span><\/p>\n<p><span style=\"font-weight: 400;\">Then, visa categories would not be affected because eventually they would come to the United States when their visa category becomes available. But the CFRP goes beyond the invitation to a family member who completed an application with USCIS; those applicants whose, for example, father or mother was claimed by an American citizen brother and in their interview they extended the parole status for their married children over 21 years of age and these were pending an interview are also considered participants.<\/span><\/p>\n<p><span style=\"font-weight: 400;\">We must recall that until this program was stopped, you went to an interview at the U.S. embassy in Havana &#8220;requested&#8221; by your brother who is an American citizen and you could extend a parole to your immediate family, say minors, or those over 21 years, married or unmarried, with children and\/or without children&#8230;for which you would not be able to apply for a petition of these relatives until you became a U.S. citizen.<\/span><\/p>\n<p><strong>Is there any other means Cubans are using to reunite with their families, even though the Parole program has stopped?<\/strong><\/p>\n<p><span style=\"font-weight: 400;\">Each case is different and I refer you to the previous answer where we talk about visa categories. We would have to study in each specific case whether or not to give up the CFRP, factors to consider would be your priority date with respect to the current date in the current visa bulletin, which is published periodically.<\/span><\/p>\n<p><strong>What would be the most affected or slower types of cases in these processes?<\/strong><\/p>\n<p><span style=\"font-weight: 400;\">All applicants would be affected, as is logical. However, I believe that those most affected would be the brothers of American citizens who would have to wait 14 years to have a visa available. In other words, the brother who is 50 years old today would probably arrive in the United States when he is 64 years old.<\/span><\/p>\n","protected":false},"excerpt":{"rendered":"<p>The Cuban Family Reunification Program (CFRP, also called Parole), detained since 2017 because of the partial closure of the U.S. embassy in Havana, is currently &#8220;under review,&#8221; according to the USCIS. After the recent cancelation of the Parole programs for Haitians and Filipinos, similar to Cubans\u2019, USCIS explained that it will apply changes to exercise [&hellip;]<\/p>\n","protected":false},"author":3096,"featured_media":203948,"comment_status":"open","ping_status":"closed","sticky":false,"template":"","format":"standard","meta":{"_acf_changed":false,"footnotes":""},"categories":[13944],"tags":[14891,24246,24247],"ppma_author":[33549,7168],"class_list":["post-203947","post","type-post","status-publish","format-standard","has-post-thumbnail","hentry","category-cuba-usa","tag-cuba-usa-relations","tag-cuban-parole","tag-cubans-in-the-u-s"],"acf":[],"yoast_head":"<!-- This site is optimized with the Yoast SEO plugin v27.3 - https:\/\/yoast.com\/product\/yoast-seo-wordpress\/ -->\n<title>Cuban Parole &quot;under review,&quot; according to USCIS | OnCubaNews English<\/title>\n<meta name=\"description\" content=\"Recently, the United States Immigration and Citizenship Service (USCIS) canceled Parole programs for Haitians and Filipinos, which were similar to the Cubans\u2019.\" \/>\n<meta name=\"robots\" content=\"index, follow, max-snippet:-1, max-image-preview:large, max-video-preview:-1\" \/>\n<link rel=\"canonical\" href=\"https:\/\/oncubanews.com\/en\/cuba-usa\/cuban-parole-under-review-according-to-uscis\/\" \/>\n<meta property=\"og:locale\" content=\"en_US\" \/>\n<meta property=\"og:type\" content=\"article\" \/>\n<meta property=\"og:title\" content=\"Cuban Parole &quot;under review,&quot; according to USCIS | OnCubaNews English\" \/>\n<meta property=\"og:description\" content=\"Recently, the United States Immigration and Citizenship Service (USCIS) canceled Parole programs for Haitians and Filipinos, which were similar to the Cubans\u2019.\" \/>\n<meta property=\"og:url\" content=\"https:\/\/oncubanews.com\/en\/cuba-usa\/cuban-parole-under-review-according-to-uscis\/\" \/>\n<meta property=\"og:site_name\" content=\"OnCubaNews English\" \/>\n<meta property=\"article:published_time\" content=\"2019-08-09T13:13:36+00:00\" \/>\n<meta property=\"og:image\" content=\"https:\/\/oncubanews.com\/en\/wp-content\/uploads\/2019\/08\/desfile-reyes-magos-miami-1.jpg\" \/>\n\t<meta property=\"og:image:width\" content=\"1140\" \/>\n\t<meta property=\"og:image:height\" content=\"758\" \/>\n\t<meta property=\"og:image:type\" content=\"image\/jpeg\" \/>\n<meta name=\"author\" content=\"Marita P\u00e9rez D\u00edaz, marita\" \/>\n<meta name=\"twitter:card\" content=\"summary_large_image\" \/>\n<meta name=\"twitter:label1\" content=\"Written by\" \/>\n\t<meta name=\"twitter:data1\" content=\"Marita P\u00e9rez D\u00edaz\" \/>\n\t<meta name=\"twitter:label2\" content=\"Est. reading time\" \/>\n\t<meta name=\"twitter:data2\" content=\"7 minutes\" \/>\n<script type=\"application\/ld+json\" class=\"yoast-schema-graph\">{\"@context\":\"https:\\\/\\\/schema.org\",\"@graph\":[{\"@type\":\"Article\",\"@id\":\"https:\\\/\\\/oncubanews.com\\\/en\\\/cuba-usa\\\/cuban-parole-under-review-according-to-uscis\\\/#article\",\"isPartOf\":{\"@id\":\"https:\\\/\\\/oncubanews.com\\\/en\\\/cuba-usa\\\/cuban-parole-under-review-according-to-uscis\\\/\"},\"author\":{\"name\":\"Marita P\u00e9rez D\u00edaz\",\"@id\":\"https:\\\/\\\/oncubanews.com\\\/en\\\/#\\\/schema\\\/person\\\/0674494759fe2a378bde30eb5aab824d\"},\"headline\":\"Cuban Parole &#8220;under review,&#8221; according to USCIS\",\"datePublished\":\"2019-08-09T13:13:36+00:00\",\"mainEntityOfPage\":{\"@id\":\"https:\\\/\\\/oncubanews.com\\\/en\\\/cuba-usa\\\/cuban-parole-under-review-according-to-uscis\\\/\"},\"wordCount\":1450,\"commentCount\":0,\"image\":{\"@id\":\"https:\\\/\\\/oncubanews.com\\\/en\\\/cuba-usa\\\/cuban-parole-under-review-according-to-uscis\\\/#primaryimage\"},\"thumbnailUrl\":\"https:\\\/\\\/oncubanews.com\\\/en\\\/wp-content\\\/uploads\\\/2019\\\/08\\\/desfile-reyes-magos-miami-1.jpg\",\"keywords\":[\"Cuba-USA Relations\",\"Cuban Parole\",\"Cubans in the U.S\"],\"articleSection\":[\"Cuba-USA\"],\"inLanguage\":\"en-US\",\"potentialAction\":[{\"@type\":\"CommentAction\",\"name\":\"Comment\",\"target\":[\"https:\\\/\\\/oncubanews.com\\\/en\\\/cuba-usa\\\/cuban-parole-under-review-according-to-uscis\\\/#respond\"]}],\"copyrightYear\":\"2019\",\"copyrightHolder\":{\"@id\":\"https:\\\/\\\/oncubanews.com\\\/en\\\/#organization\"}},{\"@type\":\"WebPage\",\"@id\":\"https:\\\/\\\/oncubanews.com\\\/en\\\/cuba-usa\\\/cuban-parole-under-review-according-to-uscis\\\/\",\"url\":\"https:\\\/\\\/oncubanews.com\\\/en\\\/cuba-usa\\\/cuban-parole-under-review-according-to-uscis\\\/\",\"name\":\"Cuban Parole \\\"under review,\\\" according to USCIS | OnCubaNews English\",\"isPartOf\":{\"@id\":\"https:\\\/\\\/oncubanews.com\\\/en\\\/#website\"},\"primaryImageOfPage\":{\"@id\":\"https:\\\/\\\/oncubanews.com\\\/en\\\/cuba-usa\\\/cuban-parole-under-review-according-to-uscis\\\/#primaryimage\"},\"image\":{\"@id\":\"https:\\\/\\\/oncubanews.com\\\/en\\\/cuba-usa\\\/cuban-parole-under-review-according-to-uscis\\\/#primaryimage\"},\"thumbnailUrl\":\"https:\\\/\\\/oncubanews.com\\\/en\\\/wp-content\\\/uploads\\\/2019\\\/08\\\/desfile-reyes-magos-miami-1.jpg\",\"datePublished\":\"2019-08-09T13:13:36+00:00\",\"author\":{\"@id\":\"https:\\\/\\\/oncubanews.com\\\/en\\\/#\\\/schema\\\/person\\\/0674494759fe2a378bde30eb5aab824d\"},\"description\":\"Recently, the United States Immigration and Citizenship Service (USCIS) canceled Parole programs for Haitians and Filipinos, which were similar to the Cubans\u2019.\",\"breadcrumb\":{\"@id\":\"https:\\\/\\\/oncubanews.com\\\/en\\\/cuba-usa\\\/cuban-parole-under-review-according-to-uscis\\\/#breadcrumb\"},\"inLanguage\":\"en-US\",\"potentialAction\":[{\"@type\":\"ReadAction\",\"target\":[\"https:\\\/\\\/oncubanews.com\\\/en\\\/cuba-usa\\\/cuban-parole-under-review-according-to-uscis\\\/\"]}]},{\"@type\":\"ImageObject\",\"inLanguage\":\"en-US\",\"@id\":\"https:\\\/\\\/oncubanews.com\\\/en\\\/cuba-usa\\\/cuban-parole-under-review-according-to-uscis\\\/#primaryimage\",\"url\":\"https:\\\/\\\/oncubanews.com\\\/en\\\/wp-content\\\/uploads\\\/2019\\\/08\\\/desfile-reyes-magos-miami-1.jpg\",\"contentUrl\":\"https:\\\/\\\/oncubanews.com\\\/en\\\/wp-content\\\/uploads\\\/2019\\\/08\\\/desfile-reyes-magos-miami-1.jpg\",\"width\":1140,\"height\":758,\"caption\":\"A Cuban smokes a cigar and dozes in front of his business on Calle Ocho. Photo: Marita P\u00e9rez D\u00edaz.\"},{\"@type\":\"BreadcrumbList\",\"@id\":\"https:\\\/\\\/oncubanews.com\\\/en\\\/cuba-usa\\\/cuban-parole-under-review-according-to-uscis\\\/#breadcrumb\",\"itemListElement\":[{\"@type\":\"ListItem\",\"position\":1,\"name\":\"Portada\",\"item\":\"https:\\\/\\\/oncubanews.com\\\/en\\\/\"},{\"@type\":\"ListItem\",\"position\":2,\"name\":\"Cuban Parole &#8220;under review,&#8221; according to USCIS\"}]},{\"@type\":\"WebSite\",\"@id\":\"https:\\\/\\\/oncubanews.com\\\/en\\\/#website\",\"url\":\"https:\\\/\\\/oncubanews.com\\\/en\\\/\",\"name\":\"OnCubaNews English\",\"description\":\"Revista sobre Cuba\",\"potentialAction\":[{\"@type\":\"SearchAction\",\"target\":{\"@type\":\"EntryPoint\",\"urlTemplate\":\"https:\\\/\\\/oncubanews.com\\\/en\\\/?s={search_term_string}\"},\"query-input\":{\"@type\":\"PropertyValueSpecification\",\"valueRequired\":true,\"valueName\":\"search_term_string\"}}],\"inLanguage\":\"en-US\"},{\"@type\":\"Person\",\"@id\":\"https:\\\/\\\/oncubanews.com\\\/en\\\/#\\\/schema\\\/person\\\/0674494759fe2a378bde30eb5aab824d\",\"name\":\"Marita P\u00e9rez D\u00edaz\",\"image\":{\"@type\":\"ImageObject\",\"inLanguage\":\"en-US\",\"@id\":\"https:\\\/\\\/oncubanews.com\\\/wp-content\\\/uploads\\\/2015\\\/11\\\/Marita-P\u00e9rez-D\u00edaz_avatar_1447967586-96x96.jpg18d2651a1d349dec061f185dc6d883fc\",\"url\":\"https:\\\/\\\/oncubanews.com\\\/wp-content\\\/uploads\\\/2015\\\/11\\\/Marita-P\u00e9rez-D\u00edaz_avatar_1447967586-96x96.jpg\",\"contentUrl\":\"https:\\\/\\\/oncubanews.com\\\/wp-content\\\/uploads\\\/2015\\\/11\\\/Marita-P\u00e9rez-D\u00edaz_avatar_1447967586-96x96.jpg\",\"caption\":\"Marita P\u00e9rez D\u00edaz\"},\"url\":\"https:\\\/\\\/oncubanews.com\\\/en\\\/author\\\/maritaperez\\\/\"}]}<\/script>\n<!-- \/ Yoast SEO plugin. -->","yoast_head_json":{"title":"Cuban Parole \"under review,\" according to USCIS | OnCubaNews English","description":"Recently, the United States Immigration and Citizenship Service (USCIS) canceled Parole programs for Haitians and Filipinos, which were similar to the Cubans\u2019.","robots":{"index":"index","follow":"follow","max-snippet":"max-snippet:-1","max-image-preview":"max-image-preview:large","max-video-preview":"max-video-preview:-1"},"canonical":"https:\/\/oncubanews.com\/en\/cuba-usa\/cuban-parole-under-review-according-to-uscis\/","og_locale":"en_US","og_type":"article","og_title":"Cuban Parole \"under review,\" according to USCIS | OnCubaNews English","og_description":"Recently, the United States Immigration and Citizenship Service (USCIS) canceled Parole programs for Haitians and Filipinos, which were similar to the Cubans\u2019.","og_url":"https:\/\/oncubanews.com\/en\/cuba-usa\/cuban-parole-under-review-according-to-uscis\/","og_site_name":"OnCubaNews English","article_published_time":"2019-08-09T13:13:36+00:00","og_image":[{"width":1140,"height":758,"url":"https:\/\/oncubanews.com\/en\/wp-content\/uploads\/2019\/08\/desfile-reyes-magos-miami-1.jpg","type":"image\/jpeg"}],"author":"Marita P\u00e9rez D\u00edaz, marita","twitter_card":"summary_large_image","twitter_misc":{"Written by":"Marita P\u00e9rez D\u00edaz","Est. reading time":"7 minutes"},"schema":{"@context":"https:\/\/schema.org","@graph":[{"@type":"Article","@id":"https:\/\/oncubanews.com\/en\/cuba-usa\/cuban-parole-under-review-according-to-uscis\/#article","isPartOf":{"@id":"https:\/\/oncubanews.com\/en\/cuba-usa\/cuban-parole-under-review-according-to-uscis\/"},"author":{"name":"Marita P\u00e9rez D\u00edaz","@id":"https:\/\/oncubanews.com\/en\/#\/schema\/person\/0674494759fe2a378bde30eb5aab824d"},"headline":"Cuban Parole &#8220;under review,&#8221; according to USCIS","datePublished":"2019-08-09T13:13:36+00:00","mainEntityOfPage":{"@id":"https:\/\/oncubanews.com\/en\/cuba-usa\/cuban-parole-under-review-according-to-uscis\/"},"wordCount":1450,"commentCount":0,"image":{"@id":"https:\/\/oncubanews.com\/en\/cuba-usa\/cuban-parole-under-review-according-to-uscis\/#primaryimage"},"thumbnailUrl":"https:\/\/oncubanews.com\/en\/wp-content\/uploads\/2019\/08\/desfile-reyes-magos-miami-1.jpg","keywords":["Cuba-USA Relations","Cuban Parole","Cubans in the U.S"],"articleSection":["Cuba-USA"],"inLanguage":"en-US","potentialAction":[{"@type":"CommentAction","name":"Comment","target":["https:\/\/oncubanews.com\/en\/cuba-usa\/cuban-parole-under-review-according-to-uscis\/#respond"]}],"copyrightYear":"2019","copyrightHolder":{"@id":"https:\/\/oncubanews.com\/en\/#organization"}},{"@type":"WebPage","@id":"https:\/\/oncubanews.com\/en\/cuba-usa\/cuban-parole-under-review-according-to-uscis\/","url":"https:\/\/oncubanews.com\/en\/cuba-usa\/cuban-parole-under-review-according-to-uscis\/","name":"Cuban Parole \"under review,\" according to USCIS | OnCubaNews English","isPartOf":{"@id":"https:\/\/oncubanews.com\/en\/#website"},"primaryImageOfPage":{"@id":"https:\/\/oncubanews.com\/en\/cuba-usa\/cuban-parole-under-review-according-to-uscis\/#primaryimage"},"image":{"@id":"https:\/\/oncubanews.com\/en\/cuba-usa\/cuban-parole-under-review-according-to-uscis\/#primaryimage"},"thumbnailUrl":"https:\/\/oncubanews.com\/en\/wp-content\/uploads\/2019\/08\/desfile-reyes-magos-miami-1.jpg","datePublished":"2019-08-09T13:13:36+00:00","author":{"@id":"https:\/\/oncubanews.com\/en\/#\/schema\/person\/0674494759fe2a378bde30eb5aab824d"},"description":"Recently, the United States Immigration and Citizenship Service (USCIS) canceled Parole programs for Haitians and Filipinos, which were similar to the Cubans\u2019.","breadcrumb":{"@id":"https:\/\/oncubanews.com\/en\/cuba-usa\/cuban-parole-under-review-according-to-uscis\/#breadcrumb"},"inLanguage":"en-US","potentialAction":[{"@type":"ReadAction","target":["https:\/\/oncubanews.com\/en\/cuba-usa\/cuban-parole-under-review-according-to-uscis\/"]}]},{"@type":"ImageObject","inLanguage":"en-US","@id":"https:\/\/oncubanews.com\/en\/cuba-usa\/cuban-parole-under-review-according-to-uscis\/#primaryimage","url":"https:\/\/oncubanews.com\/en\/wp-content\/uploads\/2019\/08\/desfile-reyes-magos-miami-1.jpg","contentUrl":"https:\/\/oncubanews.com\/en\/wp-content\/uploads\/2019\/08\/desfile-reyes-magos-miami-1.jpg","width":1140,"height":758,"caption":"A Cuban smokes a cigar and dozes in front of his business on Calle Ocho. Photo: Marita P\u00e9rez D\u00edaz."},{"@type":"BreadcrumbList","@id":"https:\/\/oncubanews.com\/en\/cuba-usa\/cuban-parole-under-review-according-to-uscis\/#breadcrumb","itemListElement":[{"@type":"ListItem","position":1,"name":"Portada","item":"https:\/\/oncubanews.com\/en\/"},{"@type":"ListItem","position":2,"name":"Cuban Parole &#8220;under review,&#8221; according to USCIS"}]},{"@type":"WebSite","@id":"https:\/\/oncubanews.com\/en\/#website","url":"https:\/\/oncubanews.com\/en\/","name":"OnCubaNews English","description":"Revista sobre Cuba","potentialAction":[{"@type":"SearchAction","target":{"@type":"EntryPoint","urlTemplate":"https:\/\/oncubanews.com\/en\/?s={search_term_string}"},"query-input":{"@type":"PropertyValueSpecification","valueRequired":true,"valueName":"search_term_string"}}],"inLanguage":"en-US"},{"@type":"Person","@id":"https:\/\/oncubanews.com\/en\/#\/schema\/person\/0674494759fe2a378bde30eb5aab824d","name":"Marita P\u00e9rez D\u00edaz","image":{"@type":"ImageObject","inLanguage":"en-US","@id":"https:\/\/oncubanews.com\/wp-content\/uploads\/2015\/11\/Marita-P\u00e9rez-D\u00edaz_avatar_1447967586-96x96.jpg18d2651a1d349dec061f185dc6d883fc","url":"https:\/\/oncubanews.com\/wp-content\/uploads\/2015\/11\/Marita-P\u00e9rez-D\u00edaz_avatar_1447967586-96x96.jpg","contentUrl":"https:\/\/oncubanews.com\/wp-content\/uploads\/2015\/11\/Marita-P\u00e9rez-D\u00edaz_avatar_1447967586-96x96.jpg","caption":"Marita P\u00e9rez D\u00edaz"},"url":"https:\/\/oncubanews.com\/en\/author\/maritaperez\/"}]}},"authors":[{"term_id":33549,"user_id":3096,"is_guest":0,"slug":"maritaperez","display_name":"Marita P\u00e9rez D\u00edaz","avatar_url":"https:\/\/oncubanews.com\/wp-content\/uploads\/2015\/11\/Marita-P\u00e9rez-D\u00edaz_avatar_1447967586-96x96.jpg","0":null,"1":"","2":"","3":"","4":"","5":"","6":"","7":"","8":""},{"term_id":7168,"user_id":0,"is_guest":1,"slug":"cap-marita","display_name":"marita","avatar_url":"https:\/\/secure.gravatar.com\/avatar\/?s=96&r=g","0":null,"1":"","2":"","3":"","4":"","5":"","6":"","7":"","8":""}],"_links":{"self":[{"href":"https:\/\/oncubanews.com\/en\/wp-json\/wp\/v2\/posts\/203947","targetHints":{"allow":["GET"]}}],"collection":[{"href":"https:\/\/oncubanews.com\/en\/wp-json\/wp\/v2\/posts"}],"about":[{"href":"https:\/\/oncubanews.com\/en\/wp-json\/wp\/v2\/types\/post"}],"author":[{"embeddable":true,"href":"https:\/\/oncubanews.com\/en\/wp-json\/wp\/v2\/users\/3096"}],"replies":[{"embeddable":true,"href":"https:\/\/oncubanews.com\/en\/wp-json\/wp\/v2\/comments?post=203947"}],"version-history":[{"count":0,"href":"https:\/\/oncubanews.com\/en\/wp-json\/wp\/v2\/posts\/203947\/revisions"}],"wp:featuredmedia":[{"embeddable":true,"href":"https:\/\/oncubanews.com\/en\/wp-json\/wp\/v2\/media\/203948"}],"wp:attachment":[{"href":"https:\/\/oncubanews.com\/en\/wp-json\/wp\/v2\/media?parent=203947"}],"wp:term":[{"taxonomy":"category","embeddable":true,"href":"https:\/\/oncubanews.com\/en\/wp-json\/wp\/v2\/categories?post=203947"},{"taxonomy":"post_tag","embeddable":true,"href":"https:\/\/oncubanews.com\/en\/wp-json\/wp\/v2\/tags?post=203947"},{"taxonomy":"author","embeddable":true,"href":"https:\/\/oncubanews.com\/en\/wp-json\/wp\/v2\/ppma_author?post=203947"}],"curies":[{"name":"wp","href":"https:\/\/api.w.org\/{rel}","templated":true}]}}