
{"id":205190,"date":"2019-09-01T13:04:15","date_gmt":"2019-09-01T17:04:15","guid":{"rendered":"https:\/\/oncubanews.com\/en\/?p=205190"},"modified":"2019-09-01T13:04:15","modified_gmt":"2019-09-01T17:04:15","slug":"a-car-just-a-car","status":"publish","type":"post","link":"https:\/\/oncubanews.com\/en\/cuba\/a-car-just-a-car\/","title":{"rendered":"A car, just a car"},"content":{"rendered":"<p><span style=\"font-weight: 400;\">China is at the forefront of many things, one of them buying cars. And the Chinese do it not only with their characteristic patience, but also with a peculiarity, one of the boomerangs of the westernization process, but that at the same time refers to the qualitative differences between the local and the foreign: they prefer foreign brands and not their own, especially the Toyotas, GMs and Fords, firms that have seen their sales grow to impressive levels. For obvious reasons, today China is the main vehicle market in the world.<\/span><\/p>\n<p><span style=\"font-weight: 400;\">In 2018 the tariffs on the import of cars and their spare parts were reduced, which allowed greater access to those goods. They were cut from 25 to 15 percent on most vehicles, part of the efforts to continue opening the markets. They also reduced the import levies on parts to 6 percent (from around 10 percent). &#8220;The benefits are tremendous for our business,&#8221; said a spokesman for the Nissan Motor Co. Ltd. BMW said it would review its prices: the decision was &#8220;a strong sign that China will continue to open.&#8221; Audi executives received as imagined the &#8220;greater liberalization and opening of the Chinese market.&#8221;<\/span><\/p>\n<p><a href=\"https:\/\/oncubanews.com\/en\/wp-content\/uploads\/2019\/09\/carros-4.jpg\"><img loading=\"lazy\" decoding=\"async\" class=\"aligncenter size-full wp-image-205192\" src=\"https:\/\/oncubanews.com\/en\/wp-content\/uploads\/2019\/09\/carros-4.jpg\" alt=\"\" width=\"643\" height=\"362\" srcset=\"https:\/\/oncubanews.com\/en\/wp-content\/uploads\/2019\/09\/carros-4.jpg 643w, https:\/\/oncubanews.com\/en\/wp-content\/uploads\/2019\/09\/carros-4-300x169.jpg 300w\" sizes=\"auto, (max-width: 643px) 100vw, 643px\" \/><\/a><\/p>\n<p><span style=\"font-weight: 400;\">In Cuba, the sale of imported cars has been the opposite of China. For obvious reasons, the island cannot import American brands. In September 2011, with the application of Decree No. 292 of the Council of Ministers and other resolutions, the purchase or donation of motor vehicles by nationals domiciled on the island, and foreigners with permanent and temporary residence was authorized.<\/span><\/p>\n<p><span style=\"font-weight: 400;\">Two years later, with Decree Law No. 320 of the Council of Ministers, regulations were established for the transfer of ownership of motor vehicles. The retail sale to nationals was authorized, with prices different from those of the market between individuals. In 2014, for example, a Lada 2106 was sold on Revolico.com for 26,000 CUC; another &#8220;well equipped and in perfect condition,&#8221; for 32,500 CUC, and so on.<\/span><\/p>\n<p><span style=\"font-weight: 400;\">But the official price list in the CIMEX Corporation agencies took several steps further. In January 2014 at the Peugeot agency almost all 2013 vehicles that were for sale exceeded 100,000 CUC. The Cubans then had, as now, the feeling of being in the middle of a concave mirror. This new form of &#8220;exceptionalism,&#8221; assumed with sarcasm by a population that couldn\u2019t even have access to those vehicles in their wildest dreams, was expressed in the growing number of jokes on the street, a historical weapon of legitimate defense against everyday problems and adversities.<\/span><\/p>\n<p><span style=\"font-weight: 400;\">The measure had, from the beginning, two problems. The first was to bet that the purchase of those imported cars would be made by Cubans with FE (Family Abroad), which was equivalent to assuming that those who live outside the island, especially in Miami, would be willing to send remittances that would pay for a Peugeot more or less what one of those Chinese millionaires pays for a Rolls-Royce or Jennifer L\u00f3pez for a Ferrari. In other words, to presume that recent emigration\u2015as is known, the main protagonist of money transfers to the Island\u2015does not live in the efficiencies of Hialeah, the Sag\u00fcecera and its surroundings, but together with Bill Gates&#8217; colleagues in Silicon Valley.<\/span><\/p>\n<figure id=\"attachment_205193\" aria-describedby=\"caption-attachment-205193\" style=\"width: 750px\" class=\"wp-caption aligncenter\"><a href=\"https:\/\/oncubanews.com\/en\/wp-content\/uploads\/2019\/09\/colorful-havana-cars.jpg\"><img loading=\"lazy\" decoding=\"async\" class=\"size-full wp-image-205193\" src=\"https:\/\/oncubanews.com\/en\/wp-content\/uploads\/2019\/09\/colorful-havana-cars.jpg\" alt=\"\" width=\"750\" height=\"375\" srcset=\"https:\/\/oncubanews.com\/en\/wp-content\/uploads\/2019\/09\/colorful-havana-cars.jpg 750w, https:\/\/oncubanews.com\/en\/wp-content\/uploads\/2019\/09\/colorful-havana-cars-300x150.jpg 300w, https:\/\/oncubanews.com\/en\/wp-content\/uploads\/2019\/09\/colorful-havana-cars-360x180.jpg 360w\" sizes=\"auto, (max-width: 750px) 100vw, 750px\" \/><\/a><figcaption id=\"caption-attachment-205193\" class=\"wp-caption-text\">Detail of colorful group of vintage american cars parked in a street of Old havana<\/figcaption><\/figure>\n<p><span style=\"font-weight: 400;\">The second is the monopoly and the subsequent prohibitions, inherited from the times of the Spanish Crown and that therefore leave no room for anything else. In short, Cubans cannot import cars, the only ones that can do it is the authorized local companies for the work of their businesspeople, the chosen ones of the moment.<\/span><\/p>\n<p><span style=\"font-weight: 400;\">According to the provision, the authorization was for &#8220;the import of motor vehicles, bodies and engines only by Cuban legal entities, previously approved by the Ministry of Foreign Trade and Investment.&#8221; Only &#8220;representations of diplomatic missions, consular offices and international agencies accredited in Cuba&#8221; could import them. Obviously, a crystal ball is not required to answer the question of whether a foreign entrepreneur\u2015one of those who don\u2019t abound too much in Cuba\u2015or the firm that he represents, would be willing to disburse an excessive amount of money for a rolling merchandise which simply is not worth it, neither here, nor in China.<\/span><\/p>\n<p><span style=\"font-weight: 400;\">Six months after the sale of imported cars was approved, in June 2014, the first vice president of the CIMEX Corporation, Iset V\u00e1zquez Brizuela, said to <em>Radio Rebelde<\/em> that in the eleven agencies authorized to do so, <\/span><span style=\"font-weight: 400;\">50 cars<\/span><span style=\"font-weight: 400;\"> and 4 motorcycles had been purchased, at a total value of 1,283,000 CUC. Today, when writing this text, there are no more up-to-date data. But from then until now there are no reasons to presume that things have changed, but rather the opposite in the middle of an economy that doesn\u2019t takeoff, an adverse bilateral scenario, and more recently efforts to try to keep the price genie inside the bottle, a road that has already ended empty handed.<\/span><\/p>\n<p><span style=\"font-weight: 400;\">If this is so, the question is then why is there still a measure of galloping irrationality. The famous letters that were once used to buy cars long ago were left afield\u2015and not in the best way. The State distributes Geely Chinese cars by snippers among its organization and medical or sports personnel. Public transportation is still a capital problem. Two of the questions once asked by the daily <\/span><em><a href=\"http:\/\/www.escambray.cu\/2014\/precios-sin-timon\/\" target=\"_blank\" rel=\"noopener noreferrer\"><span style=\"font-weight: 400;\">Escambray <\/span><\/a><\/em><span style=\"font-weight: 400;\">are still valid today: &#8220;Without prosperity in sales, how will a fund emerge to encourage public transportation? How many Cubans can pay for a car at current prices?&#8221;<\/span><\/p>\n<p><span style=\"font-weight: 400;\">Meanwhile, the &#8220;almendrones&#8221; in disrepair, the overwhelmingly old Moskovichs and Ladas will continue to function like that heavy stone rolled by Sisyphus, with their inevitable and costly aftermath of accidents, wounded and deceased.<\/span><\/p>\n<p><span style=\"font-weight: 400;\">And that, definitely, must end.<\/span><\/p>\n","protected":false},"excerpt":{"rendered":"<p>China is at the forefront of many things, one of them buying cars. And the Chinese do it not only with their characteristic patience, but also with a peculiarity, one of the boomerangs of the westernization process, but that at the same time refers to the qualitative differences between the local and the foreign: they [&hellip;]<\/p>\n","protected":false},"author":3462,"featured_media":205191,"comment_status":"open","ping_status":"closed","sticky":false,"template":"","format":"standard","meta":{"_acf_changed":false,"footnotes":""},"categories":[13902],"tags":[18500,8863],"ppma_author":[33935,18535],"class_list":["post-205190","post","type-post","status-publish","format-standard","has-post-thumbnail","hentry","category-cuba","tag-cuban-economy-in-2019","tag-cuban-society"],"acf":[],"yoast_head":"<!-- This site is optimized with the Yoast SEO plugin v27.3 - https:\/\/yoast.com\/product\/yoast-seo-wordpress\/ -->\n<title>A car, just a car | OnCubaNews English<\/title>\n<meta name=\"description\" content=\"Paying in Cuba for a Peugeot more or less what a Chinese millionaire pays for a Rolls-Royce or Jennifer L\u00f3pez for a Ferrari.\" \/>\n<meta name=\"robots\" content=\"index, follow, max-snippet:-1, max-image-preview:large, max-video-preview:-1\" \/>\n<link rel=\"canonical\" href=\"https:\/\/oncubanews.com\/en\/cuba\/a-car-just-a-car\/\" \/>\n<meta property=\"og:locale\" content=\"en_US\" \/>\n<meta property=\"og:type\" content=\"article\" \/>\n<meta property=\"og:title\" content=\"A car, just a car | OnCubaNews English\" \/>\n<meta property=\"og:description\" content=\"Paying in Cuba for a Peugeot more or less what a Chinese millionaire pays for a Rolls-Royce or Jennifer L\u00f3pez for a Ferrari.\" \/>\n<meta property=\"og:url\" content=\"https:\/\/oncubanews.com\/en\/cuba\/a-car-just-a-car\/\" \/>\n<meta property=\"og:site_name\" content=\"OnCubaNews English\" \/>\n<meta property=\"article:published_time\" content=\"2019-09-01T17:04:15+00:00\" \/>\n<meta property=\"og:image\" content=\"https:\/\/oncubanews.com\/en\/wp-content\/uploads\/2019\/09\/0599606947.jpg\" \/>\n\t<meta property=\"og:image:width\" content=\"750\" \/>\n\t<meta property=\"og:image:height\" content=\"536\" \/>\n\t<meta property=\"og:image:type\" content=\"image\/jpeg\" \/>\n<meta name=\"author\" content=\"Alfredo Prieto, alfredo_prieto\" \/>\n<meta name=\"twitter:card\" content=\"summary_large_image\" \/>\n<meta name=\"twitter:label1\" content=\"Written by\" \/>\n\t<meta name=\"twitter:data1\" content=\"Alfredo Prieto\" \/>\n\t<meta name=\"twitter:label2\" content=\"Est. reading time\" \/>\n\t<meta name=\"twitter:data2\" content=\"5 minutes\" \/>\n<script type=\"application\/ld+json\" class=\"yoast-schema-graph\">{\"@context\":\"https:\\\/\\\/schema.org\",\"@graph\":[{\"@type\":\"Article\",\"@id\":\"https:\\\/\\\/oncubanews.com\\\/en\\\/cuba\\\/a-car-just-a-car\\\/#article\",\"isPartOf\":{\"@id\":\"https:\\\/\\\/oncubanews.com\\\/en\\\/cuba\\\/a-car-just-a-car\\\/\"},\"author\":{\"name\":\"Alfredo Prieto\",\"@id\":\"https:\\\/\\\/oncubanews.com\\\/en\\\/#\\\/schema\\\/person\\\/d48f92f9024c8ee23fa3311de3bde1bb\"},\"headline\":\"A car, just a car\",\"datePublished\":\"2019-09-01T17:04:15+00:00\",\"mainEntityOfPage\":{\"@id\":\"https:\\\/\\\/oncubanews.com\\\/en\\\/cuba\\\/a-car-just-a-car\\\/\"},\"wordCount\":967,\"commentCount\":0,\"image\":{\"@id\":\"https:\\\/\\\/oncubanews.com\\\/en\\\/cuba\\\/a-car-just-a-car\\\/#primaryimage\"},\"thumbnailUrl\":\"https:\\\/\\\/oncubanews.com\\\/en\\\/wp-content\\\/uploads\\\/2019\\\/09\\\/0599606947.jpg\",\"keywords\":[\"cuban economy in 2019\",\"cuban society\"],\"articleSection\":[\"Cuba\"],\"inLanguage\":\"en-US\",\"potentialAction\":[{\"@type\":\"CommentAction\",\"name\":\"Comment\",\"target\":[\"https:\\\/\\\/oncubanews.com\\\/en\\\/cuba\\\/a-car-just-a-car\\\/#respond\"]}],\"copyrightYear\":\"2019\",\"copyrightHolder\":{\"@id\":\"https:\\\/\\\/oncubanews.com\\\/en\\\/#organization\"}},{\"@type\":\"WebPage\",\"@id\":\"https:\\\/\\\/oncubanews.com\\\/en\\\/cuba\\\/a-car-just-a-car\\\/\",\"url\":\"https:\\\/\\\/oncubanews.com\\\/en\\\/cuba\\\/a-car-just-a-car\\\/\",\"name\":\"A car, just a car | OnCubaNews English\",\"isPartOf\":{\"@id\":\"https:\\\/\\\/oncubanews.com\\\/en\\\/#website\"},\"primaryImageOfPage\":{\"@id\":\"https:\\\/\\\/oncubanews.com\\\/en\\\/cuba\\\/a-car-just-a-car\\\/#primaryimage\"},\"image\":{\"@id\":\"https:\\\/\\\/oncubanews.com\\\/en\\\/cuba\\\/a-car-just-a-car\\\/#primaryimage\"},\"thumbnailUrl\":\"https:\\\/\\\/oncubanews.com\\\/en\\\/wp-content\\\/uploads\\\/2019\\\/09\\\/0599606947.jpg\",\"datePublished\":\"2019-09-01T17:04:15+00:00\",\"author\":{\"@id\":\"https:\\\/\\\/oncubanews.com\\\/en\\\/#\\\/schema\\\/person\\\/d48f92f9024c8ee23fa3311de3bde1bb\"},\"description\":\"Paying in Cuba for a Peugeot more or less what a Chinese millionaire pays for a Rolls-Royce or Jennifer L\u00f3pez for a Ferrari.\",\"breadcrumb\":{\"@id\":\"https:\\\/\\\/oncubanews.com\\\/en\\\/cuba\\\/a-car-just-a-car\\\/#breadcrumb\"},\"inLanguage\":\"en-US\",\"potentialAction\":[{\"@type\":\"ReadAction\",\"target\":[\"https:\\\/\\\/oncubanews.com\\\/en\\\/cuba\\\/a-car-just-a-car\\\/\"]}]},{\"@type\":\"ImageObject\",\"inLanguage\":\"en-US\",\"@id\":\"https:\\\/\\\/oncubanews.com\\\/en\\\/cuba\\\/a-car-just-a-car\\\/#primaryimage\",\"url\":\"https:\\\/\\\/oncubanews.com\\\/en\\\/wp-content\\\/uploads\\\/2019\\\/09\\\/0599606947.jpg\",\"contentUrl\":\"https:\\\/\\\/oncubanews.com\\\/en\\\/wp-content\\\/uploads\\\/2019\\\/09\\\/0599606947.jpg\",\"width\":750,\"height\":536,\"caption\":\"Photo: Enrique de la Osa.\"},{\"@type\":\"BreadcrumbList\",\"@id\":\"https:\\\/\\\/oncubanews.com\\\/en\\\/cuba\\\/a-car-just-a-car\\\/#breadcrumb\",\"itemListElement\":[{\"@type\":\"ListItem\",\"position\":1,\"name\":\"Portada\",\"item\":\"https:\\\/\\\/oncubanews.com\\\/en\\\/\"},{\"@type\":\"ListItem\",\"position\":2,\"name\":\"A car, just a car\"}]},{\"@type\":\"WebSite\",\"@id\":\"https:\\\/\\\/oncubanews.com\\\/en\\\/#website\",\"url\":\"https:\\\/\\\/oncubanews.com\\\/en\\\/\",\"name\":\"OnCubaNews English\",\"description\":\"Revista sobre Cuba\",\"potentialAction\":[{\"@type\":\"SearchAction\",\"target\":{\"@type\":\"EntryPoint\",\"urlTemplate\":\"https:\\\/\\\/oncubanews.com\\\/en\\\/?s={search_term_string}\"},\"query-input\":{\"@type\":\"PropertyValueSpecification\",\"valueRequired\":true,\"valueName\":\"search_term_string\"}}],\"inLanguage\":\"en-US\"},{\"@type\":\"Person\",\"@id\":\"https:\\\/\\\/oncubanews.com\\\/en\\\/#\\\/schema\\\/person\\\/d48f92f9024c8ee23fa3311de3bde1bb\",\"name\":\"Alfredo Prieto\",\"image\":{\"@type\":\"ImageObject\",\"inLanguage\":\"en-US\",\"@id\":\"https:\\\/\\\/oncubanews.com\\\/wp-content\\\/uploads\\\/2016\\\/12\\\/Alfredo-Prieto_avatar_1481560104-96x96.jpgdb7880e33c09eaa662b7df867ae2a977\",\"url\":\"https:\\\/\\\/oncubanews.com\\\/wp-content\\\/uploads\\\/2016\\\/12\\\/Alfredo-Prieto_avatar_1481560104-96x96.jpg\",\"contentUrl\":\"https:\\\/\\\/oncubanews.com\\\/wp-content\\\/uploads\\\/2016\\\/12\\\/Alfredo-Prieto_avatar_1481560104-96x96.jpg\",\"caption\":\"Alfredo Prieto\"},\"description\":\"Investigador, editor y periodista. Ha trabajado como Jefe de Redacci\u00f3n de Cuadernos de Nuestra Am\u00e9rica, Caminos, Temas y Cultura y Desarrollo, y ejercido la investigaci\u00f3n y la docencia en varias universidades. Autor de La prensa de los Estados Unidos y la agenda interamericana y El otro en el espejo.\",\"url\":\"https:\\\/\\\/oncubanews.com\\\/en\\\/author\\\/alfredoprieto\\\/\"}]}<\/script>\n<!-- \/ Yoast SEO plugin. -->","yoast_head_json":{"title":"A car, just a car | OnCubaNews English","description":"Paying in Cuba for a Peugeot more or less what a Chinese millionaire pays for a Rolls-Royce or Jennifer L\u00f3pez for a Ferrari.","robots":{"index":"index","follow":"follow","max-snippet":"max-snippet:-1","max-image-preview":"max-image-preview:large","max-video-preview":"max-video-preview:-1"},"canonical":"https:\/\/oncubanews.com\/en\/cuba\/a-car-just-a-car\/","og_locale":"en_US","og_type":"article","og_title":"A car, just a car | OnCubaNews English","og_description":"Paying in Cuba for a Peugeot more or less what a Chinese millionaire pays for a Rolls-Royce or Jennifer L\u00f3pez for a Ferrari.","og_url":"https:\/\/oncubanews.com\/en\/cuba\/a-car-just-a-car\/","og_site_name":"OnCubaNews English","article_published_time":"2019-09-01T17:04:15+00:00","og_image":[{"width":750,"height":536,"url":"https:\/\/oncubanews.com\/en\/wp-content\/uploads\/2019\/09\/0599606947.jpg","type":"image\/jpeg"}],"author":"Alfredo Prieto, alfredo_prieto","twitter_card":"summary_large_image","twitter_misc":{"Written by":"Alfredo Prieto","Est. reading time":"5 minutes"},"schema":{"@context":"https:\/\/schema.org","@graph":[{"@type":"Article","@id":"https:\/\/oncubanews.com\/en\/cuba\/a-car-just-a-car\/#article","isPartOf":{"@id":"https:\/\/oncubanews.com\/en\/cuba\/a-car-just-a-car\/"},"author":{"name":"Alfredo Prieto","@id":"https:\/\/oncubanews.com\/en\/#\/schema\/person\/d48f92f9024c8ee23fa3311de3bde1bb"},"headline":"A car, just a car","datePublished":"2019-09-01T17:04:15+00:00","mainEntityOfPage":{"@id":"https:\/\/oncubanews.com\/en\/cuba\/a-car-just-a-car\/"},"wordCount":967,"commentCount":0,"image":{"@id":"https:\/\/oncubanews.com\/en\/cuba\/a-car-just-a-car\/#primaryimage"},"thumbnailUrl":"https:\/\/oncubanews.com\/en\/wp-content\/uploads\/2019\/09\/0599606947.jpg","keywords":["cuban economy in 2019","cuban society"],"articleSection":["Cuba"],"inLanguage":"en-US","potentialAction":[{"@type":"CommentAction","name":"Comment","target":["https:\/\/oncubanews.com\/en\/cuba\/a-car-just-a-car\/#respond"]}],"copyrightYear":"2019","copyrightHolder":{"@id":"https:\/\/oncubanews.com\/en\/#organization"}},{"@type":"WebPage","@id":"https:\/\/oncubanews.com\/en\/cuba\/a-car-just-a-car\/","url":"https:\/\/oncubanews.com\/en\/cuba\/a-car-just-a-car\/","name":"A car, just a car | OnCubaNews English","isPartOf":{"@id":"https:\/\/oncubanews.com\/en\/#website"},"primaryImageOfPage":{"@id":"https:\/\/oncubanews.com\/en\/cuba\/a-car-just-a-car\/#primaryimage"},"image":{"@id":"https:\/\/oncubanews.com\/en\/cuba\/a-car-just-a-car\/#primaryimage"},"thumbnailUrl":"https:\/\/oncubanews.com\/en\/wp-content\/uploads\/2019\/09\/0599606947.jpg","datePublished":"2019-09-01T17:04:15+00:00","author":{"@id":"https:\/\/oncubanews.com\/en\/#\/schema\/person\/d48f92f9024c8ee23fa3311de3bde1bb"},"description":"Paying in Cuba for a Peugeot more or less what a Chinese millionaire pays for a Rolls-Royce or Jennifer L\u00f3pez for a Ferrari.","breadcrumb":{"@id":"https:\/\/oncubanews.com\/en\/cuba\/a-car-just-a-car\/#breadcrumb"},"inLanguage":"en-US","potentialAction":[{"@type":"ReadAction","target":["https:\/\/oncubanews.com\/en\/cuba\/a-car-just-a-car\/"]}]},{"@type":"ImageObject","inLanguage":"en-US","@id":"https:\/\/oncubanews.com\/en\/cuba\/a-car-just-a-car\/#primaryimage","url":"https:\/\/oncubanews.com\/en\/wp-content\/uploads\/2019\/09\/0599606947.jpg","contentUrl":"https:\/\/oncubanews.com\/en\/wp-content\/uploads\/2019\/09\/0599606947.jpg","width":750,"height":536,"caption":"Photo: Enrique de la Osa."},{"@type":"BreadcrumbList","@id":"https:\/\/oncubanews.com\/en\/cuba\/a-car-just-a-car\/#breadcrumb","itemListElement":[{"@type":"ListItem","position":1,"name":"Portada","item":"https:\/\/oncubanews.com\/en\/"},{"@type":"ListItem","position":2,"name":"A car, just a car"}]},{"@type":"WebSite","@id":"https:\/\/oncubanews.com\/en\/#website","url":"https:\/\/oncubanews.com\/en\/","name":"OnCubaNews English","description":"Revista sobre Cuba","potentialAction":[{"@type":"SearchAction","target":{"@type":"EntryPoint","urlTemplate":"https:\/\/oncubanews.com\/en\/?s={search_term_string}"},"query-input":{"@type":"PropertyValueSpecification","valueRequired":true,"valueName":"search_term_string"}}],"inLanguage":"en-US"},{"@type":"Person","@id":"https:\/\/oncubanews.com\/en\/#\/schema\/person\/d48f92f9024c8ee23fa3311de3bde1bb","name":"Alfredo Prieto","image":{"@type":"ImageObject","inLanguage":"en-US","@id":"https:\/\/oncubanews.com\/wp-content\/uploads\/2016\/12\/Alfredo-Prieto_avatar_1481560104-96x96.jpgdb7880e33c09eaa662b7df867ae2a977","url":"https:\/\/oncubanews.com\/wp-content\/uploads\/2016\/12\/Alfredo-Prieto_avatar_1481560104-96x96.jpg","contentUrl":"https:\/\/oncubanews.com\/wp-content\/uploads\/2016\/12\/Alfredo-Prieto_avatar_1481560104-96x96.jpg","caption":"Alfredo Prieto"},"description":"Investigador, editor y periodista. Ha trabajado como Jefe de Redacci\u00f3n de Cuadernos de Nuestra Am\u00e9rica, Caminos, Temas y Cultura y Desarrollo, y ejercido la investigaci\u00f3n y la docencia en varias universidades. Autor de La prensa de los Estados Unidos y la agenda interamericana y El otro en el espejo.","url":"https:\/\/oncubanews.com\/en\/author\/alfredoprieto\/"}]}},"authors":[{"term_id":33935,"user_id":3462,"is_guest":0,"slug":"alfredoprieto","display_name":"Alfredo Prieto","avatar_url":"https:\/\/oncubanews.com\/wp-content\/uploads\/2016\/12\/Alfredo-Prieto_avatar_1481560104-96x96.jpg","0":null,"1":"","2":"","3":"","4":"","5":"","6":"","7":"","8":""},{"term_id":18535,"user_id":0,"is_guest":1,"slug":"cap-alfredoprieto","display_name":"alfredo_prieto","avatar_url":"https:\/\/secure.gravatar.com\/avatar\/?s=96&r=g","0":null,"1":"","2":"","3":"","4":"","5":"","6":"","7":"","8":""}],"_links":{"self":[{"href":"https:\/\/oncubanews.com\/en\/wp-json\/wp\/v2\/posts\/205190","targetHints":{"allow":["GET"]}}],"collection":[{"href":"https:\/\/oncubanews.com\/en\/wp-json\/wp\/v2\/posts"}],"about":[{"href":"https:\/\/oncubanews.com\/en\/wp-json\/wp\/v2\/types\/post"}],"author":[{"embeddable":true,"href":"https:\/\/oncubanews.com\/en\/wp-json\/wp\/v2\/users\/3462"}],"replies":[{"embeddable":true,"href":"https:\/\/oncubanews.com\/en\/wp-json\/wp\/v2\/comments?post=205190"}],"version-history":[{"count":0,"href":"https:\/\/oncubanews.com\/en\/wp-json\/wp\/v2\/posts\/205190\/revisions"}],"wp:featuredmedia":[{"embeddable":true,"href":"https:\/\/oncubanews.com\/en\/wp-json\/wp\/v2\/media\/205191"}],"wp:attachment":[{"href":"https:\/\/oncubanews.com\/en\/wp-json\/wp\/v2\/media?parent=205190"}],"wp:term":[{"taxonomy":"category","embeddable":true,"href":"https:\/\/oncubanews.com\/en\/wp-json\/wp\/v2\/categories?post=205190"},{"taxonomy":"post_tag","embeddable":true,"href":"https:\/\/oncubanews.com\/en\/wp-json\/wp\/v2\/tags?post=205190"},{"taxonomy":"author","embeddable":true,"href":"https:\/\/oncubanews.com\/en\/wp-json\/wp\/v2\/ppma_author?post=205190"}],"curies":[{"name":"wp","href":"https:\/\/api.w.org\/{rel}","templated":true}]}}