
{"id":205311,"date":"2019-09-03T19:35:46","date_gmt":"2019-09-03T23:35:46","guid":{"rendered":"https:\/\/oncubanews.com\/en\/?p=205311"},"modified":"2019-09-03T19:35:46","modified_gmt":"2019-09-03T23:35:46","slug":"cuba-opens-school-year-with-almost-2-million-students-and-more-teachers","status":"publish","type":"post","link":"https:\/\/oncubanews.com\/en\/cuba\/cuba-opens-school-year-with-almost-2-million-students-and-more-teachers\/","title":{"rendered":"Cuba opens school year with almost 2 million students and more teachers"},"content":{"rendered":"<p><span style=\"font-weight: 400;\">Cuba opened the 2019-2020 school year this Monday with almost 2 million students in all educational centers and a respite in the teacher deficit by incorporating some 9,000 new educators to the classrooms, <\/span><a href=\"https:\/\/oncubanews.com\/en\/cuba\/salary-increase-alleviates-teacher-deficit-in-cuba\/\" target=\"_blank\" rel=\"noopener noreferrer\"><span style=\"font-weight: 400;\">after the salary increase<\/span><\/a><span style=\"font-weight: 400;\"> applied since last June for the island\u2019s public sector workers.<\/span><\/p>\n<p><span style=\"font-weight: 400;\">Enrollment in the more than 10,700 elementary, intermediate and higher intermediate education centers is more than 1.7 million students, with more than 162,000 teachers for a 95% coverage, according to data provided by the sector\u2019s authorities.<\/span><\/p>\n<p><span style=\"font-weight: 400;\">The <\/span><a href=\"https:\/\/oncubanews.com\/tag\/educacion-cubana\/\" target=\"_blank\" rel=\"noopener noreferrer\"><span style=\"font-weight: 400;\">Cuban system of free education<\/span><\/a><span style=\"font-weight: 400;\"> for years has had a deficit of teachers who, demotivated by low wages and lack of benefits, have opted for retirement or exodus to the emerging private sector, where employees receive higher salaries and convertible pesos , the &#8220;hard currency&#8221; of the two circulating in Cuba.<\/span><\/p>\n<p><span style=\"font-weight: 400;\">The Ministry of Education (MINED) indicated during the preparation of this academic year that it would have about 5,813 new teachers, in addition to 3,810 students of the last year of university pedagogical careers who will carry out full-time internships in schools where they are expected to work after their graduation.<\/span><\/p>\n<figure id=\"attachment_205313\" aria-describedby=\"caption-attachment-205313\" style=\"width: 1024px\" class=\"wp-caption aligncenter\"><a href=\"https:\/\/oncubanews.com\/en\/wp-content\/uploads\/2019\/09\/m\u00e1s-de-1-mill\u00f3n-700-mil-estudiantes-comienzan-a\u00f1o-escolar-en-cuba-1-1.jpg\"><img loading=\"lazy\" decoding=\"async\" class=\"size-full wp-image-205313\" src=\"https:\/\/oncubanews.com\/en\/wp-content\/uploads\/2019\/09\/m\u00e1s-de-1-mill\u00f3n-700-mil-estudiantes-comienzan-a\u00f1o-escolar-en-cuba-1-1.jpg\" alt=\"\" width=\"1024\" height=\"543\" srcset=\"https:\/\/oncubanews.com\/en\/wp-content\/uploads\/2019\/09\/m\u00e1s-de-1-mill\u00f3n-700-mil-estudiantes-comienzan-a\u00f1o-escolar-en-cuba-1-1.jpg 1024w, https:\/\/oncubanews.com\/en\/wp-content\/uploads\/2019\/09\/m\u00e1s-de-1-mill\u00f3n-700-mil-estudiantes-comienzan-a\u00f1o-escolar-en-cuba-1-1-300x159.jpg 300w, https:\/\/oncubanews.com\/en\/wp-content\/uploads\/2019\/09\/m\u00e1s-de-1-mill\u00f3n-700-mil-estudiantes-comienzan-a\u00f1o-escolar-en-cuba-1-1-768x407.jpg 768w, https:\/\/oncubanews.com\/en\/wp-content\/uploads\/2019\/09\/m\u00e1s-de-1-mill\u00f3n-700-mil-estudiantes-comienzan-a\u00f1o-escolar-en-cuba-1-1-750x398.jpg 750w\" sizes=\"auto, (max-width: 1024px) 100vw, 1024px\" \/><\/a><figcaption id=\"caption-attachment-205313\" class=\"wp-caption-text\">Students of an elementary school during the ceremony for the start of the school year, on Monday, September 2, 2019 in Havana. Photo: Ernesto Mastrascusa \/ EFE.<\/figcaption><\/figure>\n<p><span style=\"font-weight: 400;\">The vast majority of the reinstated teachers are retired professionals who, in addition to continuing to receive their pensions, now benefit from the new payment system, whereby the minimum monthly salaries will rise from 225 Cuban pesos (equivalent to about 9.3 dollars) to 400 (16.6 dollars).<\/span><\/p>\n<p><span style=\"font-weight: 400;\">After the salary increase, out of the 4,479 teachers who had requested leaving the sector, more than 2,200 have chosen to continue in teaching, and of the 1,858 who had requested retirement, 1,047 have decided not to, while 6,191 not linked to the sector have requested reintegration, which is a more favorable situation than in previous years, according to MINED&#8217;s assessments.<\/span><\/p>\n<p><span style=\"font-weight: 400;\">In higher education, today 250,000 students started the school year in 50 Cuban universities with a faculty of about 32,000 professors.<\/span><\/p>\n<p><span style=\"font-weight: 400;\">This year, the higher education centers foresee locating young people in the future center that will employ them during the last year of their career, a process that will begin in September and will conclude on October 15, executives of the Ministry of Higher Education (MES) explained.<\/span><\/p>\n<p><span style=\"font-weight: 400;\">This measure, according to the MES undergraduate director, Reynaldo Vel\u00e1zquez, will allow future university graduates to become familiar with the entities, carry out curricular and extracurricular activities, in addition to the diploma thesis, based on that agency\u2019s actual demand.<\/span><\/p>\n<figure id=\"attachment_205314\" aria-describedby=\"caption-attachment-205314\" style=\"width: 1024px\" class=\"wp-caption aligncenter\"><a href=\"https:\/\/oncubanews.com\/en\/wp-content\/uploads\/2019\/09\/m\u00e1s-de-1-mill\u00f3n-700-mil-estudiantes-comienzan-a\u00f1o-escolar-en-cuba-2-1.jpg\"><img loading=\"lazy\" decoding=\"async\" class=\"size-full wp-image-205314\" src=\"https:\/\/oncubanews.com\/en\/wp-content\/uploads\/2019\/09\/m\u00e1s-de-1-mill\u00f3n-700-mil-estudiantes-comienzan-a\u00f1o-escolar-en-cuba-2-1.jpg\" alt=\"\" width=\"1024\" height=\"535\" srcset=\"https:\/\/oncubanews.com\/en\/wp-content\/uploads\/2019\/09\/m\u00e1s-de-1-mill\u00f3n-700-mil-estudiantes-comienzan-a\u00f1o-escolar-en-cuba-2-1.jpg 1024w, https:\/\/oncubanews.com\/en\/wp-content\/uploads\/2019\/09\/m\u00e1s-de-1-mill\u00f3n-700-mil-estudiantes-comienzan-a\u00f1o-escolar-en-cuba-2-1-300x157.jpg 300w, https:\/\/oncubanews.com\/en\/wp-content\/uploads\/2019\/09\/m\u00e1s-de-1-mill\u00f3n-700-mil-estudiantes-comienzan-a\u00f1o-escolar-en-cuba-2-1-768x401.jpg 768w, https:\/\/oncubanews.com\/en\/wp-content\/uploads\/2019\/09\/m\u00e1s-de-1-mill\u00f3n-700-mil-estudiantes-comienzan-a\u00f1o-escolar-en-cuba-2-1-750x392.jpg 750w\" sizes=\"auto, (max-width: 1024px) 100vw, 1024px\" \/><\/a><figcaption id=\"caption-attachment-205314\" class=\"wp-caption-text\">Children walk to attend their schools for the start of the school year, on Monday, September 2, 2019 in Havana. Photo: Ernesto Mastrascusa \/ EFE.<\/figcaption><\/figure>\n<p><span style=\"font-weight: 400;\">Since 1959 and to date, the higher education centers in Cuba have graduated almost 1.5 million professionals, and according to that official figure the country has about 12% of the population and 22% of the workers with university level<\/span><\/p>\n<p><span style=\"font-weight: 400;\">Compared to economic inefficiency, the shortage of products and other common problems in Cuba, the island considers universal and free access to education and health as two of the main pillars of the Revolution that triumphed in 1959, although economic problems have also had an impact on these sectors.<\/span><\/p>\n","protected":false},"excerpt":{"rendered":"<p>Cuba opened the 2019-2020 school year this Monday with almost 2 million students in all educational centers and a respite in the teacher deficit by incorporating some 9,000 new educators to the classrooms, after the salary increase applied since last June for the island\u2019s public sector workers. Enrollment in the more than 10,700 elementary, intermediate [&hellip;]<\/p>\n","protected":false},"author":3606,"featured_media":205312,"comment_status":"open","ping_status":"closed","sticky":false,"template":"","format":"standard","meta":{"_acf_changed":false,"footnotes":""},"categories":[13902],"tags":[24836,8863],"ppma_author":[33548,17270],"class_list":["post-205311","post","type-post","status-publish","format-standard","has-post-thumbnail","hentry","category-cuba","tag-cuban-education","tag-cuban-society"],"acf":[],"yoast_head":"<!-- This site is optimized with the Yoast SEO plugin v27.3 - https:\/\/yoast.com\/product\/yoast-seo-wordpress\/ -->\n<title>Cuba opens school year with almost 2 million students and more teachers | OnCubaNews English<\/title>\n<meta name=\"description\" content=\"Enrollment in the more than 10,700 elementary, intermediate and higher intermediate education centers is more than 1.7 million students, with more than 162,000 teachers for a 95% coverage.\" \/>\n<meta name=\"robots\" content=\"index, follow, max-snippet:-1, max-image-preview:large, max-video-preview:-1\" \/>\n<link rel=\"canonical\" href=\"https:\/\/oncubanews.com\/en\/cuba\/cuba-opens-school-year-with-almost-2-million-students-and-more-teachers\/\" \/>\n<meta property=\"og:locale\" content=\"en_US\" \/>\n<meta property=\"og:type\" content=\"article\" \/>\n<meta property=\"og:title\" content=\"Cuba opens school year with almost 2 million students and more teachers | OnCubaNews English\" \/>\n<meta property=\"og:description\" content=\"Enrollment in the more than 10,700 elementary, intermediate and higher intermediate education centers is more than 1.7 million students, with more than 162,000 teachers for a 95% coverage.\" \/>\n<meta property=\"og:url\" content=\"https:\/\/oncubanews.com\/en\/cuba\/cuba-opens-school-year-with-almost-2-million-students-and-more-teachers\/\" \/>\n<meta property=\"og:site_name\" content=\"OnCubaNews English\" \/>\n<meta property=\"article:published_time\" content=\"2019-09-03T23:35:46+00:00\" \/>\n<meta property=\"og:image\" content=\"https:\/\/oncubanews.com\/en\/wp-content\/uploads\/2019\/09\/m\u00e1s-de-1-mill\u00f3n-700-mil-estudiantes-comienzan-a\u00f1o-escolar-en-cuba-3.jpg\" \/>\n\t<meta property=\"og:image:width\" content=\"750\" \/>\n\t<meta property=\"og:image:height\" content=\"536\" \/>\n\t<meta property=\"og:image:type\" content=\"image\/jpeg\" \/>\n<meta name=\"author\" content=\"EFE, EFE\" \/>\n<meta name=\"twitter:card\" content=\"summary_large_image\" \/>\n<meta name=\"twitter:label1\" content=\"Written by\" \/>\n\t<meta name=\"twitter:data1\" content=\"EFE\" \/>\n\t<meta name=\"twitter:label2\" content=\"Est. reading time\" \/>\n\t<meta name=\"twitter:data2\" content=\"3 minutes\" \/>\n<script type=\"application\/ld+json\" class=\"yoast-schema-graph\">{\"@context\":\"https:\\\/\\\/schema.org\",\"@graph\":[{\"@type\":\"Article\",\"@id\":\"https:\\\/\\\/oncubanews.com\\\/en\\\/cuba\\\/cuba-opens-school-year-with-almost-2-million-students-and-more-teachers\\\/#article\",\"isPartOf\":{\"@id\":\"https:\\\/\\\/oncubanews.com\\\/en\\\/cuba\\\/cuba-opens-school-year-with-almost-2-million-students-and-more-teachers\\\/\"},\"author\":{\"name\":\"EFE\",\"@id\":\"https:\\\/\\\/oncubanews.com\\\/en\\\/#\\\/schema\\\/person\\\/4a4376ef86616685852e6d895d4d0eea\"},\"headline\":\"Cuba opens school year with almost 2 million students and more teachers\",\"datePublished\":\"2019-09-03T23:35:46+00:00\",\"mainEntityOfPage\":{\"@id\":\"https:\\\/\\\/oncubanews.com\\\/en\\\/cuba\\\/cuba-opens-school-year-with-almost-2-million-students-and-more-teachers\\\/\"},\"wordCount\":536,\"commentCount\":0,\"image\":{\"@id\":\"https:\\\/\\\/oncubanews.com\\\/en\\\/cuba\\\/cuba-opens-school-year-with-almost-2-million-students-and-more-teachers\\\/#primaryimage\"},\"thumbnailUrl\":\"https:\\\/\\\/oncubanews.com\\\/en\\\/wp-content\\\/uploads\\\/2019\\\/09\\\/m\u00e1s-de-1-mill\u00f3n-700-mil-estudiantes-comienzan-a\u00f1o-escolar-en-cuba-3.jpg\",\"keywords\":[\"cuban education\",\"cuban society\"],\"articleSection\":[\"Cuba\"],\"inLanguage\":\"en-US\",\"potentialAction\":[{\"@type\":\"CommentAction\",\"name\":\"Comment\",\"target\":[\"https:\\\/\\\/oncubanews.com\\\/en\\\/cuba\\\/cuba-opens-school-year-with-almost-2-million-students-and-more-teachers\\\/#respond\"]}],\"copyrightYear\":\"2019\",\"copyrightHolder\":{\"@id\":\"https:\\\/\\\/oncubanews.com\\\/en\\\/#organization\"}},{\"@type\":\"WebPage\",\"@id\":\"https:\\\/\\\/oncubanews.com\\\/en\\\/cuba\\\/cuba-opens-school-year-with-almost-2-million-students-and-more-teachers\\\/\",\"url\":\"https:\\\/\\\/oncubanews.com\\\/en\\\/cuba\\\/cuba-opens-school-year-with-almost-2-million-students-and-more-teachers\\\/\",\"name\":\"Cuba opens school year with almost 2 million students and more teachers | OnCubaNews English\",\"isPartOf\":{\"@id\":\"https:\\\/\\\/oncubanews.com\\\/en\\\/#website\"},\"primaryImageOfPage\":{\"@id\":\"https:\\\/\\\/oncubanews.com\\\/en\\\/cuba\\\/cuba-opens-school-year-with-almost-2-million-students-and-more-teachers\\\/#primaryimage\"},\"image\":{\"@id\":\"https:\\\/\\\/oncubanews.com\\\/en\\\/cuba\\\/cuba-opens-school-year-with-almost-2-million-students-and-more-teachers\\\/#primaryimage\"},\"thumbnailUrl\":\"https:\\\/\\\/oncubanews.com\\\/en\\\/wp-content\\\/uploads\\\/2019\\\/09\\\/m\u00e1s-de-1-mill\u00f3n-700-mil-estudiantes-comienzan-a\u00f1o-escolar-en-cuba-3.jpg\",\"datePublished\":\"2019-09-03T23:35:46+00:00\",\"author\":{\"@id\":\"https:\\\/\\\/oncubanews.com\\\/en\\\/#\\\/schema\\\/person\\\/4a4376ef86616685852e6d895d4d0eea\"},\"description\":\"Enrollment in the more than 10,700 elementary, intermediate and higher intermediate education centers is more than 1.7 million students, with more than 162,000 teachers for a 95% coverage.\",\"breadcrumb\":{\"@id\":\"https:\\\/\\\/oncubanews.com\\\/en\\\/cuba\\\/cuba-opens-school-year-with-almost-2-million-students-and-more-teachers\\\/#breadcrumb\"},\"inLanguage\":\"en-US\",\"potentialAction\":[{\"@type\":\"ReadAction\",\"target\":[\"https:\\\/\\\/oncubanews.com\\\/en\\\/cuba\\\/cuba-opens-school-year-with-almost-2-million-students-and-more-teachers\\\/\"]}]},{\"@type\":\"ImageObject\",\"inLanguage\":\"en-US\",\"@id\":\"https:\\\/\\\/oncubanews.com\\\/en\\\/cuba\\\/cuba-opens-school-year-with-almost-2-million-students-and-more-teachers\\\/#primaryimage\",\"url\":\"https:\\\/\\\/oncubanews.com\\\/en\\\/wp-content\\\/uploads\\\/2019\\\/09\\\/m\u00e1s-de-1-mill\u00f3n-700-mil-estudiantes-comienzan-a\u00f1o-escolar-en-cuba-3.jpg\",\"contentUrl\":\"https:\\\/\\\/oncubanews.com\\\/en\\\/wp-content\\\/uploads\\\/2019\\\/09\\\/m\u00e1s-de-1-mill\u00f3n-700-mil-estudiantes-comienzan-a\u00f1o-escolar-en-cuba-3.jpg\",\"width\":750,\"height\":536,\"caption\":\"Students of an elementary school during the ceremony for the start of the school year, on September 2, 2019 in Havana. Photo: Ernesto Mastrascusa \\\/ EFE.\"},{\"@type\":\"BreadcrumbList\",\"@id\":\"https:\\\/\\\/oncubanews.com\\\/en\\\/cuba\\\/cuba-opens-school-year-with-almost-2-million-students-and-more-teachers\\\/#breadcrumb\",\"itemListElement\":[{\"@type\":\"ListItem\",\"position\":1,\"name\":\"Portada\",\"item\":\"https:\\\/\\\/oncubanews.com\\\/en\\\/\"},{\"@type\":\"ListItem\",\"position\":2,\"name\":\"Cuba opens school year with almost 2 million students and more teachers\"}]},{\"@type\":\"WebSite\",\"@id\":\"https:\\\/\\\/oncubanews.com\\\/en\\\/#website\",\"url\":\"https:\\\/\\\/oncubanews.com\\\/en\\\/\",\"name\":\"OnCubaNews English\",\"description\":\"Revista sobre Cuba\",\"potentialAction\":[{\"@type\":\"SearchAction\",\"target\":{\"@type\":\"EntryPoint\",\"urlTemplate\":\"https:\\\/\\\/oncubanews.com\\\/en\\\/?s={search_term_string}\"},\"query-input\":{\"@type\":\"PropertyValueSpecification\",\"valueRequired\":true,\"valueName\":\"search_term_string\"}}],\"inLanguage\":\"en-US\"},{\"@type\":\"Person\",\"@id\":\"https:\\\/\\\/oncubanews.com\\\/en\\\/#\\\/schema\\\/person\\\/4a4376ef86616685852e6d895d4d0eea\",\"name\":\"EFE\",\"image\":{\"@type\":\"ImageObject\",\"inLanguage\":\"en-US\",\"@id\":\"https:\\\/\\\/secure.gravatar.com\\\/avatar\\\/2a1de33ef07ae580021e92116e205cdb099068c1ff1fdba600b998c78b6347eb?s=96&r=gd23dcd71e12bce3843a7572453d0d981\",\"url\":\"https:\\\/\\\/secure.gravatar.com\\\/avatar\\\/2a1de33ef07ae580021e92116e205cdb099068c1ff1fdba600b998c78b6347eb?s=96&r=g\",\"contentUrl\":\"https:\\\/\\\/secure.gravatar.com\\\/avatar\\\/2a1de33ef07ae580021e92116e205cdb099068c1ff1fdba600b998c78b6347eb?s=96&r=g\",\"caption\":\"EFE\"},\"url\":\"https:\\\/\\\/oncubanews.com\\\/en\\\/author\\\/efe\\\/\"}]}<\/script>\n<!-- \/ Yoast SEO plugin. -->","yoast_head_json":{"title":"Cuba opens school year with almost 2 million students and more teachers | OnCubaNews English","description":"Enrollment in the more than 10,700 elementary, intermediate and higher intermediate education centers is more than 1.7 million students, with more than 162,000 teachers for a 95% coverage.","robots":{"index":"index","follow":"follow","max-snippet":"max-snippet:-1","max-image-preview":"max-image-preview:large","max-video-preview":"max-video-preview:-1"},"canonical":"https:\/\/oncubanews.com\/en\/cuba\/cuba-opens-school-year-with-almost-2-million-students-and-more-teachers\/","og_locale":"en_US","og_type":"article","og_title":"Cuba opens school year with almost 2 million students and more teachers | OnCubaNews English","og_description":"Enrollment in the more than 10,700 elementary, intermediate and higher intermediate education centers is more than 1.7 million students, with more than 162,000 teachers for a 95% coverage.","og_url":"https:\/\/oncubanews.com\/en\/cuba\/cuba-opens-school-year-with-almost-2-million-students-and-more-teachers\/","og_site_name":"OnCubaNews English","article_published_time":"2019-09-03T23:35:46+00:00","og_image":[{"width":750,"height":536,"url":"https:\/\/oncubanews.com\/en\/wp-content\/uploads\/2019\/09\/m\u00e1s-de-1-mill\u00f3n-700-mil-estudiantes-comienzan-a\u00f1o-escolar-en-cuba-3.jpg","type":"image\/jpeg"}],"author":"EFE, EFE","twitter_card":"summary_large_image","twitter_misc":{"Written by":"EFE","Est. reading time":"3 minutes"},"schema":{"@context":"https:\/\/schema.org","@graph":[{"@type":"Article","@id":"https:\/\/oncubanews.com\/en\/cuba\/cuba-opens-school-year-with-almost-2-million-students-and-more-teachers\/#article","isPartOf":{"@id":"https:\/\/oncubanews.com\/en\/cuba\/cuba-opens-school-year-with-almost-2-million-students-and-more-teachers\/"},"author":{"name":"EFE","@id":"https:\/\/oncubanews.com\/en\/#\/schema\/person\/4a4376ef86616685852e6d895d4d0eea"},"headline":"Cuba opens school year with almost 2 million students and more teachers","datePublished":"2019-09-03T23:35:46+00:00","mainEntityOfPage":{"@id":"https:\/\/oncubanews.com\/en\/cuba\/cuba-opens-school-year-with-almost-2-million-students-and-more-teachers\/"},"wordCount":536,"commentCount":0,"image":{"@id":"https:\/\/oncubanews.com\/en\/cuba\/cuba-opens-school-year-with-almost-2-million-students-and-more-teachers\/#primaryimage"},"thumbnailUrl":"https:\/\/oncubanews.com\/en\/wp-content\/uploads\/2019\/09\/m\u00e1s-de-1-mill\u00f3n-700-mil-estudiantes-comienzan-a\u00f1o-escolar-en-cuba-3.jpg","keywords":["cuban education","cuban society"],"articleSection":["Cuba"],"inLanguage":"en-US","potentialAction":[{"@type":"CommentAction","name":"Comment","target":["https:\/\/oncubanews.com\/en\/cuba\/cuba-opens-school-year-with-almost-2-million-students-and-more-teachers\/#respond"]}],"copyrightYear":"2019","copyrightHolder":{"@id":"https:\/\/oncubanews.com\/en\/#organization"}},{"@type":"WebPage","@id":"https:\/\/oncubanews.com\/en\/cuba\/cuba-opens-school-year-with-almost-2-million-students-and-more-teachers\/","url":"https:\/\/oncubanews.com\/en\/cuba\/cuba-opens-school-year-with-almost-2-million-students-and-more-teachers\/","name":"Cuba opens school year with almost 2 million students and more teachers | OnCubaNews English","isPartOf":{"@id":"https:\/\/oncubanews.com\/en\/#website"},"primaryImageOfPage":{"@id":"https:\/\/oncubanews.com\/en\/cuba\/cuba-opens-school-year-with-almost-2-million-students-and-more-teachers\/#primaryimage"},"image":{"@id":"https:\/\/oncubanews.com\/en\/cuba\/cuba-opens-school-year-with-almost-2-million-students-and-more-teachers\/#primaryimage"},"thumbnailUrl":"https:\/\/oncubanews.com\/en\/wp-content\/uploads\/2019\/09\/m\u00e1s-de-1-mill\u00f3n-700-mil-estudiantes-comienzan-a\u00f1o-escolar-en-cuba-3.jpg","datePublished":"2019-09-03T23:35:46+00:00","author":{"@id":"https:\/\/oncubanews.com\/en\/#\/schema\/person\/4a4376ef86616685852e6d895d4d0eea"},"description":"Enrollment in the more than 10,700 elementary, intermediate and higher intermediate education centers is more than 1.7 million students, with more than 162,000 teachers for a 95% coverage.","breadcrumb":{"@id":"https:\/\/oncubanews.com\/en\/cuba\/cuba-opens-school-year-with-almost-2-million-students-and-more-teachers\/#breadcrumb"},"inLanguage":"en-US","potentialAction":[{"@type":"ReadAction","target":["https:\/\/oncubanews.com\/en\/cuba\/cuba-opens-school-year-with-almost-2-million-students-and-more-teachers\/"]}]},{"@type":"ImageObject","inLanguage":"en-US","@id":"https:\/\/oncubanews.com\/en\/cuba\/cuba-opens-school-year-with-almost-2-million-students-and-more-teachers\/#primaryimage","url":"https:\/\/oncubanews.com\/en\/wp-content\/uploads\/2019\/09\/m\u00e1s-de-1-mill\u00f3n-700-mil-estudiantes-comienzan-a\u00f1o-escolar-en-cuba-3.jpg","contentUrl":"https:\/\/oncubanews.com\/en\/wp-content\/uploads\/2019\/09\/m\u00e1s-de-1-mill\u00f3n-700-mil-estudiantes-comienzan-a\u00f1o-escolar-en-cuba-3.jpg","width":750,"height":536,"caption":"Students of an elementary school during the ceremony for the start of the school year, on September 2, 2019 in Havana. Photo: Ernesto Mastrascusa \/ EFE."},{"@type":"BreadcrumbList","@id":"https:\/\/oncubanews.com\/en\/cuba\/cuba-opens-school-year-with-almost-2-million-students-and-more-teachers\/#breadcrumb","itemListElement":[{"@type":"ListItem","position":1,"name":"Portada","item":"https:\/\/oncubanews.com\/en\/"},{"@type":"ListItem","position":2,"name":"Cuba opens school year with almost 2 million students and more teachers"}]},{"@type":"WebSite","@id":"https:\/\/oncubanews.com\/en\/#website","url":"https:\/\/oncubanews.com\/en\/","name":"OnCubaNews English","description":"Revista sobre Cuba","potentialAction":[{"@type":"SearchAction","target":{"@type":"EntryPoint","urlTemplate":"https:\/\/oncubanews.com\/en\/?s={search_term_string}"},"query-input":{"@type":"PropertyValueSpecification","valueRequired":true,"valueName":"search_term_string"}}],"inLanguage":"en-US"},{"@type":"Person","@id":"https:\/\/oncubanews.com\/en\/#\/schema\/person\/4a4376ef86616685852e6d895d4d0eea","name":"EFE","image":{"@type":"ImageObject","inLanguage":"en-US","@id":"https:\/\/secure.gravatar.com\/avatar\/2a1de33ef07ae580021e92116e205cdb099068c1ff1fdba600b998c78b6347eb?s=96&r=gd23dcd71e12bce3843a7572453d0d981","url":"https:\/\/secure.gravatar.com\/avatar\/2a1de33ef07ae580021e92116e205cdb099068c1ff1fdba600b998c78b6347eb?s=96&r=g","contentUrl":"https:\/\/secure.gravatar.com\/avatar\/2a1de33ef07ae580021e92116e205cdb099068c1ff1fdba600b998c78b6347eb?s=96&r=g","caption":"EFE"},"url":"https:\/\/oncubanews.com\/en\/author\/efe\/"}]}},"authors":[{"term_id":33548,"user_id":3606,"is_guest":0,"slug":"efe","display_name":"EFE","avatar_url":"https:\/\/secure.gravatar.com\/avatar\/2a1de33ef07ae580021e92116e205cdb099068c1ff1fdba600b998c78b6347eb?s=96&r=g","0":null,"1":"","2":"","3":"","4":"","5":"","6":"","7":"","8":""},{"term_id":17270,"user_id":0,"is_guest":1,"slug":"cap-efe","display_name":"EFE","avatar_url":"https:\/\/secure.gravatar.com\/avatar\/?s=96&r=g","0":null,"1":"","2":"","3":"","4":"","5":"","6":"","7":"","8":""}],"_links":{"self":[{"href":"https:\/\/oncubanews.com\/en\/wp-json\/wp\/v2\/posts\/205311","targetHints":{"allow":["GET"]}}],"collection":[{"href":"https:\/\/oncubanews.com\/en\/wp-json\/wp\/v2\/posts"}],"about":[{"href":"https:\/\/oncubanews.com\/en\/wp-json\/wp\/v2\/types\/post"}],"author":[{"embeddable":true,"href":"https:\/\/oncubanews.com\/en\/wp-json\/wp\/v2\/users\/3606"}],"replies":[{"embeddable":true,"href":"https:\/\/oncubanews.com\/en\/wp-json\/wp\/v2\/comments?post=205311"}],"version-history":[{"count":0,"href":"https:\/\/oncubanews.com\/en\/wp-json\/wp\/v2\/posts\/205311\/revisions"}],"wp:featuredmedia":[{"embeddable":true,"href":"https:\/\/oncubanews.com\/en\/wp-json\/wp\/v2\/media\/205312"}],"wp:attachment":[{"href":"https:\/\/oncubanews.com\/en\/wp-json\/wp\/v2\/media?parent=205311"}],"wp:term":[{"taxonomy":"category","embeddable":true,"href":"https:\/\/oncubanews.com\/en\/wp-json\/wp\/v2\/categories?post=205311"},{"taxonomy":"post_tag","embeddable":true,"href":"https:\/\/oncubanews.com\/en\/wp-json\/wp\/v2\/tags?post=205311"},{"taxonomy":"author","embeddable":true,"href":"https:\/\/oncubanews.com\/en\/wp-json\/wp\/v2\/ppma_author?post=205311"}],"curies":[{"name":"wp","href":"https:\/\/api.w.org\/{rel}","templated":true}]}}