
{"id":205333,"date":"2019-09-04T10:29:35","date_gmt":"2019-09-04T14:29:35","guid":{"rendered":"https:\/\/oncubanews.com\/en\/?p=205333"},"modified":"2019-09-04T10:29:35","modified_gmt":"2019-09-04T14:29:35","slug":"lawsuit-against-melia-for-hotels-in-cuba-shelved","status":"publish","type":"post","link":"https:\/\/oncubanews.com\/en\/world\/lawsuit-against-melia-for-hotels-in-cuba-shelved\/","title":{"rendered":"Lawsuit against Meli\u00e1 for hotels in Cuba shelved"},"content":{"rendered":"<p><span style=\"font-weight: 400;\">The Court of First Instance number 24 of Palma de Mallorca shelved a lawsuit against the Spanish Meli\u00e1 chain for the exploitation of two hotels in Cuba for not having jurisdiction and because <\/span><a href=\"https:\/\/oncubanews.com\/tag\/espana\/\" target=\"_blank\" rel=\"noopener noreferrer\"><span style=\"font-weight: 400;\">Spain<\/span><\/a><span style=\"font-weight: 400;\"> does not have international jurisdiction for its courts to resolve lawsuits on properties located outside its territory.<\/span><\/p>\n<p><span style=\"font-weight: 400;\">The Palma court judge decided on the closing presented by Meli\u00e1 Hotels International and accordingly declared the lack of jurisdiction and international jurisdiction of the Spanish courts to hear the lawsuit against the hotel group for the exploitation of some plots of land in Cuba, which were nationalized by the Cuban government after the triumph of the 1959 revolution.<\/span><\/p>\n<p><span style=\"font-weight: 400;\">In a decision, the judge decrees the dismissal of the proceedings and orders the plaintiff to pay the costs, as reported this Tuesday by the Higher Court of Justice of the Balearic Islands in a statement. The resolution is not firm and it is possible to appeal before Palma\u2019s Supreme Court.<\/span><\/p>\n<blockquote class=\"twitter-tweet\" data-width=\"500\" data-dnt=\"true\">\n<p lang=\"es\" dir=\"ltr\">Archivada la demanda contra <a href=\"https:\/\/twitter.com\/MeliaHotelsInt?ref_src=twsrc%5Etfw\">@MeliaHotelsInt<\/a> por la explotaci\u00f3n de unos terrenos en Cuba. La jueza alega falta de jurisdicci\u00f3n y de competencia internacional <a href=\"https:\/\/t.co\/i23d0Xrqck\">https:\/\/t.co\/i23d0Xrqck<\/a> <a href=\"https:\/\/twitter.com\/hashtag\/noticias?src=hash&amp;ref_src=twsrc%5Etfw\">#noticias<\/a> <a href=\"https:\/\/twitter.com\/hashtag\/tribunales?src=hash&amp;ref_src=twsrc%5Etfw\">#tribunales<\/a><\/p>\n<p>&mdash; mallorcadiario.com (@mallorcadiario) <a href=\"https:\/\/twitter.com\/mallorcadiario\/status\/1168887353815031808?ref_src=twsrc%5Etfw\">September 3, 2019<\/a><\/p><\/blockquote>\n<p><script async src=\"https:\/\/platform.twitter.com\/widgets.js\" charset=\"utf-8\"><\/script><\/p>\n<p><span style=\"font-weight: 400;\">The order indicates that, after the revolution, its leader, Fidel Castro, &#8220;decided to nationalize all the assets and companies of individuals or legal entities of Cuban nationality, according to Cuban law through the approval of Law 890, published on October 15, 1960.&#8221; These lands are currently owned by a Cuban state company, Gaviota S.A.<\/span><\/p>\n<p><span style=\"font-weight: 400;\">The judge points out that the lawsuit\u2015under the U.S. <\/span><a href=\"https:\/\/oncubanews.com\/tag\/helms-burton\/\" target=\"_blank\" rel=\"noopener noreferrer\"><span style=\"font-weight: 400;\">Helms-Burton Act<\/span><\/a><span style=\"font-weight: 400;\">\u2015was directed against a company domiciled in Mallorca, which has obtained an authorization for the exploitation of said land, but &#8220;it turns out that the main basis of the claims of the plaintiff is not the specific legal businesses that Meli\u00e1 and Gaviota have been able to agree on or their commercial relations.&#8221;<\/span><\/p>\n<p><span style=\"font-weight: 400;\">According to the resolution, &#8220;the true basis of the claim that has given rise to this lawsuit is the declaration of illegality of the property title that Cuba holds on the grounds of Playa Esmeralda, where Meli\u00e1 operates two hotels, and the responsibility in which the defendant could have incurred to profit from these lands despite knowing how they became the property of the Cuban state.&#8221;<\/span><\/p>\n<blockquote class=\"wp-embedded-content\" data-secret=\"iOVgoDwcQL\"><p><a href=\"https:\/\/oncubanews.com\/mundo\/europa\/melia-dice-que-respetara-derecho-internacional-en-controversia-sobre-ley-helms-burton\/\">Meli\u00e1 dice que respetar\u00e1 Derecho Internacional en controversia sobre Ley Helms-Burton<\/a><\/p><\/blockquote>\n<p><iframe loading=\"lazy\" class=\"wp-embedded-content\" sandbox=\"allow-scripts\" security=\"restricted\" style=\"position: absolute; clip: rect(1px, 1px, 1px, 1px);\" title=\"\u00abMeli\u00e1 dice que respetar\u00e1 Derecho Internacional en controversia sobre Ley Helms-Burton\u00bb \u2014 OnCubaNews\" src=\"https:\/\/oncubanews.com\/mundo\/europa\/melia-dice-que-respetara-derecho-internacional-en-controversia-sobre-ley-helms-burton\/embed\/#?secret=Dw251NPHaZ#?secret=iOVgoDwcQL\" data-secret=\"iOVgoDwcQL\" width=\"500\" height=\"282\" frameborder=\"0\" marginwidth=\"0\" marginheight=\"0\" scrolling=\"no\"><\/iframe><\/p>\n<p><span style=\"font-weight: 400;\">In short, according to the judge, the plaintiff\u2019s claims are based on the legal assessment of acts performed by a subject protected by jurisdictional immunity, Cuba, within the framework of its sovereignty.<\/span><\/p>\n<p><span style=\"font-weight: 400;\">According to the judge, in application of article 21 of the Organic Law of the Judiciary (LOPJ), &#8220;the Spanish civil courts do not have jurisdiction to hear the claim that has given rise to this lawsuit&#8221; and since it is a property owned by a State &#8220;it also has jurisdictional immunity.&#8221;<\/span><\/p>\n<p><span style=\"font-weight: 400;\">In addition, in accordance with its law and the International Treaties which it is a party to, &#8220;Spain does not have international jurisdiction for its courts to resolve lawsuits where actions are taken on real estate located outside its national territory.&#8221;<\/span><\/p>\n<p><span style=\"font-weight: 400;\">The lawsuit was filed by the heirs of Rafael Lucas S\u00e1nchez Hill, who owned the Santa Luc\u00eda sugar estate, nationalized by the Cuban revolutionary government in the province of Holgu\u00edn, where the Paradisus R\u00edo de Oro and Sol R\u00edo de Luna y Mares hotels are located, which the state company Gaviota owns and Meli\u00e1 Hotels International manages.<\/span><\/p>\n<p><span style=\"font-weight: 400;\">Since 2004, the S\u00e1nchez Hills have been claiming compensation from the Spanish hotel company for the use of a property that they believe was illegally taken from them.<\/span><\/p>\n<p><em><span style=\"font-weight: 400;\">EFE \/ OnCuba<\/span><\/em><\/p>\n","protected":false},"excerpt":{"rendered":"<p>The Court of First Instance number 24 of Palma de Mallorca shelved a lawsuit against the Spanish Meli\u00e1 chain for the exploitation of two hotels in Cuba for not having jurisdiction and because Spain does not have international jurisdiction for its courts to resolve lawsuits on properties located outside its territory. The Palma court judge [&hellip;]<\/p>\n","protected":false},"author":3134,"featured_media":205334,"comment_status":"open","ping_status":"closed","sticky":false,"template":"","format":"standard","meta":{"_acf_changed":false,"footnotes":""},"categories":[13889],"tags":[21308,22210],"ppma_author":[33546,8689],"class_list":["post-205333","post","type-post","status-publish","format-standard","has-post-thumbnail","hentry","category-world","tag-lawsuits","tag-melia-hotels"],"acf":[],"yoast_head":"<!-- This site is optimized with the Yoast SEO plugin v27.3 - https:\/\/yoast.com\/product\/yoast-seo-wordpress\/ -->\n<title>Lawsuit against Meli\u00e1 for hotels in Cuba shelved | OnCubaNews English<\/title>\n<meta name=\"description\" content=\"According to a judge from Mallorca, &quot;the Spanish civil courts have no jurisdiction to hear the claim that has given rise to this lawsuit.&quot; In addition, since it is a property owned by a State, &quot;it also has jurisdictional immunity.&quot;\" \/>\n<meta name=\"robots\" content=\"index, follow, max-snippet:-1, max-image-preview:large, max-video-preview:-1\" \/>\n<link rel=\"canonical\" href=\"https:\/\/oncubanews.com\/en\/world\/lawsuit-against-melia-for-hotels-in-cuba-shelved\/\" \/>\n<meta property=\"og:locale\" content=\"en_US\" \/>\n<meta property=\"og:type\" content=\"article\" \/>\n<meta property=\"og:title\" content=\"Lawsuit against Meli\u00e1 for hotels in Cuba shelved | OnCubaNews English\" \/>\n<meta property=\"og:description\" content=\"According to a judge from Mallorca, &quot;the Spanish civil courts have no jurisdiction to hear the claim that has given rise to this lawsuit.&quot; In addition, since it is a property owned by a State, &quot;it also has jurisdictional immunity.&quot;\" \/>\n<meta property=\"og:url\" content=\"https:\/\/oncubanews.com\/en\/world\/lawsuit-against-melia-for-hotels-in-cuba-shelved\/\" \/>\n<meta property=\"og:site_name\" content=\"OnCubaNews English\" \/>\n<meta property=\"article:published_time\" content=\"2019-09-04T14:29:35+00:00\" \/>\n<meta property=\"og:image\" content=\"https:\/\/oncubanews.com\/en\/wp-content\/uploads\/2019\/09\/paradisus-rio-de-oro_15167315422.jpg\" \/>\n\t<meta property=\"og:image:width\" content=\"750\" \/>\n\t<meta property=\"og:image:height\" content=\"536\" \/>\n\t<meta property=\"og:image:type\" content=\"image\/jpeg\" \/>\n<meta name=\"author\" content=\"OnCuba Staff, OnCuba editorial staff\" \/>\n<meta name=\"twitter:card\" content=\"summary_large_image\" \/>\n<meta name=\"twitter:label1\" content=\"Written by\" \/>\n\t<meta name=\"twitter:data1\" content=\"OnCuba Staff\" \/>\n\t<meta name=\"twitter:label2\" content=\"Est. reading time\" \/>\n\t<meta name=\"twitter:data2\" content=\"3 minutes\" \/>\n<script type=\"application\/ld+json\" class=\"yoast-schema-graph\">{\"@context\":\"https:\\\/\\\/schema.org\",\"@graph\":[{\"@type\":\"Article\",\"@id\":\"https:\\\/\\\/oncubanews.com\\\/en\\\/world\\\/lawsuit-against-melia-for-hotels-in-cuba-shelved\\\/#article\",\"isPartOf\":{\"@id\":\"https:\\\/\\\/oncubanews.com\\\/en\\\/world\\\/lawsuit-against-melia-for-hotels-in-cuba-shelved\\\/\"},\"author\":{\"name\":\"OnCuba Staff\",\"@id\":\"https:\\\/\\\/oncubanews.com\\\/en\\\/#\\\/schema\\\/person\\\/d7171bf311032ab1f557dd8332e714af\"},\"headline\":\"Lawsuit against Meli\u00e1 for hotels in Cuba shelved\",\"datePublished\":\"2019-09-04T14:29:35+00:00\",\"mainEntityOfPage\":{\"@id\":\"https:\\\/\\\/oncubanews.com\\\/en\\\/world\\\/lawsuit-against-melia-for-hotels-in-cuba-shelved\\\/\"},\"wordCount\":598,\"commentCount\":2,\"image\":{\"@id\":\"https:\\\/\\\/oncubanews.com\\\/en\\\/world\\\/lawsuit-against-melia-for-hotels-in-cuba-shelved\\\/#primaryimage\"},\"thumbnailUrl\":\"https:\\\/\\\/oncubanews.com\\\/en\\\/wp-content\\\/uploads\\\/2019\\\/09\\\/paradisus-rio-de-oro_15167315422.jpg\",\"keywords\":[\"lawsuits\",\"Meli\u00e1 Hotels\"],\"articleSection\":[\"World\"],\"inLanguage\":\"en-US\",\"potentialAction\":[{\"@type\":\"CommentAction\",\"name\":\"Comment\",\"target\":[\"https:\\\/\\\/oncubanews.com\\\/en\\\/world\\\/lawsuit-against-melia-for-hotels-in-cuba-shelved\\\/#respond\"]}],\"copyrightYear\":\"2019\",\"copyrightHolder\":{\"@id\":\"https:\\\/\\\/oncubanews.com\\\/en\\\/#organization\"}},{\"@type\":\"WebPage\",\"@id\":\"https:\\\/\\\/oncubanews.com\\\/en\\\/world\\\/lawsuit-against-melia-for-hotels-in-cuba-shelved\\\/\",\"url\":\"https:\\\/\\\/oncubanews.com\\\/en\\\/world\\\/lawsuit-against-melia-for-hotels-in-cuba-shelved\\\/\",\"name\":\"Lawsuit against Meli\u00e1 for hotels in Cuba shelved | OnCubaNews English\",\"isPartOf\":{\"@id\":\"https:\\\/\\\/oncubanews.com\\\/en\\\/#website\"},\"primaryImageOfPage\":{\"@id\":\"https:\\\/\\\/oncubanews.com\\\/en\\\/world\\\/lawsuit-against-melia-for-hotels-in-cuba-shelved\\\/#primaryimage\"},\"image\":{\"@id\":\"https:\\\/\\\/oncubanews.com\\\/en\\\/world\\\/lawsuit-against-melia-for-hotels-in-cuba-shelved\\\/#primaryimage\"},\"thumbnailUrl\":\"https:\\\/\\\/oncubanews.com\\\/en\\\/wp-content\\\/uploads\\\/2019\\\/09\\\/paradisus-rio-de-oro_15167315422.jpg\",\"datePublished\":\"2019-09-04T14:29:35+00:00\",\"author\":{\"@id\":\"https:\\\/\\\/oncubanews.com\\\/en\\\/#\\\/schema\\\/person\\\/d7171bf311032ab1f557dd8332e714af\"},\"description\":\"According to a judge from Mallorca, \\\"the Spanish civil courts have no jurisdiction to hear the claim that has given rise to this lawsuit.\\\" In addition, since it is a property owned by a State, \\\"it also has jurisdictional immunity.\\\"\",\"breadcrumb\":{\"@id\":\"https:\\\/\\\/oncubanews.com\\\/en\\\/world\\\/lawsuit-against-melia-for-hotels-in-cuba-shelved\\\/#breadcrumb\"},\"inLanguage\":\"en-US\",\"potentialAction\":[{\"@type\":\"ReadAction\",\"target\":[\"https:\\\/\\\/oncubanews.com\\\/en\\\/world\\\/lawsuit-against-melia-for-hotels-in-cuba-shelved\\\/\"]}]},{\"@type\":\"ImageObject\",\"inLanguage\":\"en-US\",\"@id\":\"https:\\\/\\\/oncubanews.com\\\/en\\\/world\\\/lawsuit-against-melia-for-hotels-in-cuba-shelved\\\/#primaryimage\",\"url\":\"https:\\\/\\\/oncubanews.com\\\/en\\\/wp-content\\\/uploads\\\/2019\\\/09\\\/paradisus-rio-de-oro_15167315422.jpg\",\"contentUrl\":\"https:\\\/\\\/oncubanews.com\\\/en\\\/wp-content\\\/uploads\\\/2019\\\/09\\\/paradisus-rio-de-oro_15167315422.jpg\",\"width\":750,\"height\":536,\"caption\":\"Paradisus R\u00edo de Oro Hotel, which Meli\u00e1 Hotels International manages in Holgu\u00edn, in eastern Cuba. Photo: Meli\u00e1 \\\/ Archive.\"},{\"@type\":\"BreadcrumbList\",\"@id\":\"https:\\\/\\\/oncubanews.com\\\/en\\\/world\\\/lawsuit-against-melia-for-hotels-in-cuba-shelved\\\/#breadcrumb\",\"itemListElement\":[{\"@type\":\"ListItem\",\"position\":1,\"name\":\"Portada\",\"item\":\"https:\\\/\\\/oncubanews.com\\\/en\\\/\"},{\"@type\":\"ListItem\",\"position\":2,\"name\":\"Lawsuit against Meli\u00e1 for hotels in Cuba shelved\"}]},{\"@type\":\"WebSite\",\"@id\":\"https:\\\/\\\/oncubanews.com\\\/en\\\/#website\",\"url\":\"https:\\\/\\\/oncubanews.com\\\/en\\\/\",\"name\":\"OnCubaNews English\",\"description\":\"Revista sobre Cuba\",\"potentialAction\":[{\"@type\":\"SearchAction\",\"target\":{\"@type\":\"EntryPoint\",\"urlTemplate\":\"https:\\\/\\\/oncubanews.com\\\/en\\\/?s={search_term_string}\"},\"query-input\":{\"@type\":\"PropertyValueSpecification\",\"valueRequired\":true,\"valueName\":\"search_term_string\"}}],\"inLanguage\":\"en-US\"},{\"@type\":\"Person\",\"@id\":\"https:\\\/\\\/oncubanews.com\\\/en\\\/#\\\/schema\\\/person\\\/d7171bf311032ab1f557dd8332e714af\",\"name\":\"OnCuba Staff\",\"image\":{\"@type\":\"ImageObject\",\"inLanguage\":\"en-US\",\"@id\":\"https:\\\/\\\/secure.gravatar.com\\\/avatar\\\/4b4c4d6109baadde898bb1af22ea4a4af5f4417b86a5d1800bf17531bfb128fc?s=96&r=g17310096d4dde63ebae0e54fbb19218a\",\"url\":\"https:\\\/\\\/secure.gravatar.com\\\/avatar\\\/4b4c4d6109baadde898bb1af22ea4a4af5f4417b86a5d1800bf17531bfb128fc?s=96&r=g\",\"contentUrl\":\"https:\\\/\\\/secure.gravatar.com\\\/avatar\\\/4b4c4d6109baadde898bb1af22ea4a4af5f4417b86a5d1800bf17531bfb128fc?s=96&r=g\",\"caption\":\"OnCuba Staff\"},\"url\":\"https:\\\/\\\/oncubanews.com\\\/en\\\/author\\\/oncuba-editorial-staff\\\/\"}]}<\/script>\n<!-- \/ Yoast SEO plugin. -->","yoast_head_json":{"title":"Lawsuit against Meli\u00e1 for hotels in Cuba shelved | OnCubaNews English","description":"According to a judge from Mallorca, \"the Spanish civil courts have no jurisdiction to hear the claim that has given rise to this lawsuit.\" In addition, since it is a property owned by a State, \"it also has jurisdictional immunity.\"","robots":{"index":"index","follow":"follow","max-snippet":"max-snippet:-1","max-image-preview":"max-image-preview:large","max-video-preview":"max-video-preview:-1"},"canonical":"https:\/\/oncubanews.com\/en\/world\/lawsuit-against-melia-for-hotels-in-cuba-shelved\/","og_locale":"en_US","og_type":"article","og_title":"Lawsuit against Meli\u00e1 for hotels in Cuba shelved | OnCubaNews English","og_description":"According to a judge from Mallorca, \"the Spanish civil courts have no jurisdiction to hear the claim that has given rise to this lawsuit.\" In addition, since it is a property owned by a State, \"it also has jurisdictional immunity.\"","og_url":"https:\/\/oncubanews.com\/en\/world\/lawsuit-against-melia-for-hotels-in-cuba-shelved\/","og_site_name":"OnCubaNews English","article_published_time":"2019-09-04T14:29:35+00:00","og_image":[{"width":750,"height":536,"url":"https:\/\/oncubanews.com\/en\/wp-content\/uploads\/2019\/09\/paradisus-rio-de-oro_15167315422.jpg","type":"image\/jpeg"}],"author":"OnCuba Staff, OnCuba editorial staff","twitter_card":"summary_large_image","twitter_misc":{"Written by":"OnCuba Staff","Est. reading time":"3 minutes"},"schema":{"@context":"https:\/\/schema.org","@graph":[{"@type":"Article","@id":"https:\/\/oncubanews.com\/en\/world\/lawsuit-against-melia-for-hotels-in-cuba-shelved\/#article","isPartOf":{"@id":"https:\/\/oncubanews.com\/en\/world\/lawsuit-against-melia-for-hotels-in-cuba-shelved\/"},"author":{"name":"OnCuba Staff","@id":"https:\/\/oncubanews.com\/en\/#\/schema\/person\/d7171bf311032ab1f557dd8332e714af"},"headline":"Lawsuit against Meli\u00e1 for hotels in Cuba shelved","datePublished":"2019-09-04T14:29:35+00:00","mainEntityOfPage":{"@id":"https:\/\/oncubanews.com\/en\/world\/lawsuit-against-melia-for-hotels-in-cuba-shelved\/"},"wordCount":598,"commentCount":2,"image":{"@id":"https:\/\/oncubanews.com\/en\/world\/lawsuit-against-melia-for-hotels-in-cuba-shelved\/#primaryimage"},"thumbnailUrl":"https:\/\/oncubanews.com\/en\/wp-content\/uploads\/2019\/09\/paradisus-rio-de-oro_15167315422.jpg","keywords":["lawsuits","Meli\u00e1 Hotels"],"articleSection":["World"],"inLanguage":"en-US","potentialAction":[{"@type":"CommentAction","name":"Comment","target":["https:\/\/oncubanews.com\/en\/world\/lawsuit-against-melia-for-hotels-in-cuba-shelved\/#respond"]}],"copyrightYear":"2019","copyrightHolder":{"@id":"https:\/\/oncubanews.com\/en\/#organization"}},{"@type":"WebPage","@id":"https:\/\/oncubanews.com\/en\/world\/lawsuit-against-melia-for-hotels-in-cuba-shelved\/","url":"https:\/\/oncubanews.com\/en\/world\/lawsuit-against-melia-for-hotels-in-cuba-shelved\/","name":"Lawsuit against Meli\u00e1 for hotels in Cuba shelved | OnCubaNews English","isPartOf":{"@id":"https:\/\/oncubanews.com\/en\/#website"},"primaryImageOfPage":{"@id":"https:\/\/oncubanews.com\/en\/world\/lawsuit-against-melia-for-hotels-in-cuba-shelved\/#primaryimage"},"image":{"@id":"https:\/\/oncubanews.com\/en\/world\/lawsuit-against-melia-for-hotels-in-cuba-shelved\/#primaryimage"},"thumbnailUrl":"https:\/\/oncubanews.com\/en\/wp-content\/uploads\/2019\/09\/paradisus-rio-de-oro_15167315422.jpg","datePublished":"2019-09-04T14:29:35+00:00","author":{"@id":"https:\/\/oncubanews.com\/en\/#\/schema\/person\/d7171bf311032ab1f557dd8332e714af"},"description":"According to a judge from Mallorca, \"the Spanish civil courts have no jurisdiction to hear the claim that has given rise to this lawsuit.\" In addition, since it is a property owned by a State, \"it also has jurisdictional immunity.\"","breadcrumb":{"@id":"https:\/\/oncubanews.com\/en\/world\/lawsuit-against-melia-for-hotels-in-cuba-shelved\/#breadcrumb"},"inLanguage":"en-US","potentialAction":[{"@type":"ReadAction","target":["https:\/\/oncubanews.com\/en\/world\/lawsuit-against-melia-for-hotels-in-cuba-shelved\/"]}]},{"@type":"ImageObject","inLanguage":"en-US","@id":"https:\/\/oncubanews.com\/en\/world\/lawsuit-against-melia-for-hotels-in-cuba-shelved\/#primaryimage","url":"https:\/\/oncubanews.com\/en\/wp-content\/uploads\/2019\/09\/paradisus-rio-de-oro_15167315422.jpg","contentUrl":"https:\/\/oncubanews.com\/en\/wp-content\/uploads\/2019\/09\/paradisus-rio-de-oro_15167315422.jpg","width":750,"height":536,"caption":"Paradisus R\u00edo de Oro Hotel, which Meli\u00e1 Hotels International manages in Holgu\u00edn, in eastern Cuba. Photo: Meli\u00e1 \/ Archive."},{"@type":"BreadcrumbList","@id":"https:\/\/oncubanews.com\/en\/world\/lawsuit-against-melia-for-hotels-in-cuba-shelved\/#breadcrumb","itemListElement":[{"@type":"ListItem","position":1,"name":"Portada","item":"https:\/\/oncubanews.com\/en\/"},{"@type":"ListItem","position":2,"name":"Lawsuit against Meli\u00e1 for hotels in Cuba shelved"}]},{"@type":"WebSite","@id":"https:\/\/oncubanews.com\/en\/#website","url":"https:\/\/oncubanews.com\/en\/","name":"OnCubaNews English","description":"Revista sobre Cuba","potentialAction":[{"@type":"SearchAction","target":{"@type":"EntryPoint","urlTemplate":"https:\/\/oncubanews.com\/en\/?s={search_term_string}"},"query-input":{"@type":"PropertyValueSpecification","valueRequired":true,"valueName":"search_term_string"}}],"inLanguage":"en-US"},{"@type":"Person","@id":"https:\/\/oncubanews.com\/en\/#\/schema\/person\/d7171bf311032ab1f557dd8332e714af","name":"OnCuba Staff","image":{"@type":"ImageObject","inLanguage":"en-US","@id":"https:\/\/secure.gravatar.com\/avatar\/4b4c4d6109baadde898bb1af22ea4a4af5f4417b86a5d1800bf17531bfb128fc?s=96&r=g17310096d4dde63ebae0e54fbb19218a","url":"https:\/\/secure.gravatar.com\/avatar\/4b4c4d6109baadde898bb1af22ea4a4af5f4417b86a5d1800bf17531bfb128fc?s=96&r=g","contentUrl":"https:\/\/secure.gravatar.com\/avatar\/4b4c4d6109baadde898bb1af22ea4a4af5f4417b86a5d1800bf17531bfb128fc?s=96&r=g","caption":"OnCuba Staff"},"url":"https:\/\/oncubanews.com\/en\/author\/oncuba-editorial-staff\/"}]}},"authors":[{"term_id":33546,"user_id":3134,"is_guest":0,"slug":"oncuba-editorial-staff","display_name":"OnCuba Staff","avatar_url":"https:\/\/secure.gravatar.com\/avatar\/4b4c4d6109baadde898bb1af22ea4a4af5f4417b86a5d1800bf17531bfb128fc?s=96&r=g","0":null,"1":"","2":"","3":"","4":"","5":"","6":"","7":"","8":""},{"term_id":8689,"user_id":3134,"is_guest":0,"slug":"oncuba-editorial-staff","display_name":"OnCuba editorial staff","avatar_url":{"url":"https:\/\/oncubanews.com\/en\/wp-content\/uploads\/2018\/10\/avatar-ocnews-1.png","url2x":"https:\/\/oncubanews.com\/en\/wp-content\/uploads\/2018\/10\/avatar-ocnews-1.png"},"0":null,"1":"","2":"","3":"","4":"","5":"","6":"","7":"","8":""}],"_links":{"self":[{"href":"https:\/\/oncubanews.com\/en\/wp-json\/wp\/v2\/posts\/205333","targetHints":{"allow":["GET"]}}],"collection":[{"href":"https:\/\/oncubanews.com\/en\/wp-json\/wp\/v2\/posts"}],"about":[{"href":"https:\/\/oncubanews.com\/en\/wp-json\/wp\/v2\/types\/post"}],"author":[{"embeddable":true,"href":"https:\/\/oncubanews.com\/en\/wp-json\/wp\/v2\/users\/3134"}],"replies":[{"embeddable":true,"href":"https:\/\/oncubanews.com\/en\/wp-json\/wp\/v2\/comments?post=205333"}],"version-history":[{"count":0,"href":"https:\/\/oncubanews.com\/en\/wp-json\/wp\/v2\/posts\/205333\/revisions"}],"wp:featuredmedia":[{"embeddable":true,"href":"https:\/\/oncubanews.com\/en\/wp-json\/wp\/v2\/media\/205334"}],"wp:attachment":[{"href":"https:\/\/oncubanews.com\/en\/wp-json\/wp\/v2\/media?parent=205333"}],"wp:term":[{"taxonomy":"category","embeddable":true,"href":"https:\/\/oncubanews.com\/en\/wp-json\/wp\/v2\/categories?post=205333"},{"taxonomy":"post_tag","embeddable":true,"href":"https:\/\/oncubanews.com\/en\/wp-json\/wp\/v2\/tags?post=205333"},{"taxonomy":"author","embeddable":true,"href":"https:\/\/oncubanews.com\/en\/wp-json\/wp\/v2\/ppma_author?post=205333"}],"curies":[{"name":"wp","href":"https:\/\/api.w.org\/{rel}","templated":true}]}}