
{"id":205414,"date":"2019-09-05T16:27:36","date_gmt":"2019-09-05T20:27:36","guid":{"rendered":"https:\/\/oncubanews.com\/en\/?p=205414"},"modified":"2019-09-05T16:27:36","modified_gmt":"2019-09-05T20:27:36","slug":"pablo-and-haydee-milanes-to-take-their-luxury-love-to-festival-in-mexico","status":"publish","type":"post","link":"https:\/\/oncubanews.com\/en\/culture\/music-culture\/pablo-and-haydee-milanes-to-take-their-luxury-love-to-festival-in-mexico\/","title":{"rendered":"Pablo and Hayd\u00e9e Milan\u00e9s to take their &#8220;luxury love&#8221; to festival in Mexico"},"content":{"rendered":"<p><span style=\"font-weight: 400;\">Cuban singer-songwriter Pablo Milan\u00e9s and his daughter Hayd\u00e9e Milan\u00e9s will be two of the main guests of the sixth edition of the Trova Fest, held annually in the Mexican state of Quer\u00e9taro.<\/span><\/p>\n<p><span style=\"font-weight: 400;\">The event will take place on December 7 and 8 and the organizers expect more than 3,000 people to attend, especially followers of the author&#8217;s song, who will be able to attend 10 concerts daily.<\/span><\/p>\n<p><span style=\"font-weight: 400;\">Mexican singer-songwriter Edgar Oceransky, organizer of the Trova Fest, told <strong>OnCuba<\/strong> that this festival has shown the interest there is in the trova not only in Mexico but throughout Latin America and highlighted the privilege of having Pablo and Hayd\u00e9e Milan\u00e9s.<\/span><\/p>\n<p><span style=\"font-weight: 400;\">&#8220;We\u2019ve always had a lot of interest in bringing musicians from the island, whose talent is recognized worldwide,&#8221; he added.<\/span><\/p>\n<p><span style=\"font-weight: 400;\">Hayd\u00e9e Milan\u00e9s is in the process of promoting her new album <em>Amor Edici\u00f3n Deluxe<\/em> with songs by her father performed as a duet with relevant musicians from the Iberian-American sphere, such as Omara Portoundo, Carlos Varela, Pancho C\u00e9spedes, from Cuba, Joaqu\u00edn Sabina, from Spain, and Chico Buarque, from Brazil, among others.<\/span><\/p>\n<figure id=\"attachment_205416\" aria-describedby=\"caption-attachment-205416\" style=\"width: 1024px\" class=\"wp-caption aligncenter\"><a href=\"https:\/\/oncubanews.com\/en\/wp-content\/uploads\/2019\/09\/la-voz-tierna-11.jpg\"><img loading=\"lazy\" decoding=\"async\" class=\"size-full wp-image-205416\" src=\"https:\/\/oncubanews.com\/en\/wp-content\/uploads\/2019\/09\/la-voz-tierna-11.jpg\" alt=\"\" width=\"1024\" height=\"683\" srcset=\"https:\/\/oncubanews.com\/en\/wp-content\/uploads\/2019\/09\/la-voz-tierna-11.jpg 1024w, https:\/\/oncubanews.com\/en\/wp-content\/uploads\/2019\/09\/la-voz-tierna-11-300x200.jpg 300w, https:\/\/oncubanews.com\/en\/wp-content\/uploads\/2019\/09\/la-voz-tierna-11-768x512.jpg 768w, https:\/\/oncubanews.com\/en\/wp-content\/uploads\/2019\/09\/la-voz-tierna-11-750x500.jpg 750w\" sizes=\"auto, (max-width: 1024px) 100vw, 1024px\" \/><\/a><figcaption id=\"caption-attachment-205416\" class=\"wp-caption-text\">Hayd\u00e9e Milan\u00e9s. Photo: Otmaro Rodr\u00edguez.<\/figcaption><\/figure>\n<p><span style=\"font-weight: 400;\">The singer and songwriter recently presented the album in Cuba with the Bis Music label after being released worldwide in Mexico City, where it was put into circulation by the independent Cassete label.<\/span><\/p>\n<p><span style=\"font-weight: 400;\">In the album Hayd\u00e9e sings emblematic songs of his father and establishes a close communication and unison with the musicians with whom she collaborates.<\/span><\/p>\n<p><span style=\"font-weight: 400;\">The singer is currently in Spain with pianist Ern\u00e1n Lopez. She will present there the themes of <em>Amor Deluxe<\/em> in awaited concerts in September and October.<\/span><\/p>\n<figure id=\"attachment_205417\" aria-describedby=\"caption-attachment-205417\" style=\"width: 1024px\" class=\"wp-caption aligncenter\"><a href=\"https:\/\/oncubanews.com\/en\/wp-content\/uploads\/2019\/09\/pablo-milan\u00e9s-en-buenos-aires-kaloian-15.jpg\"><img loading=\"lazy\" decoding=\"async\" class=\"size-full wp-image-205417\" src=\"https:\/\/oncubanews.com\/en\/wp-content\/uploads\/2019\/09\/pablo-milan\u00e9s-en-buenos-aires-kaloian-15.jpg\" alt=\"\" width=\"1024\" height=\"775\" srcset=\"https:\/\/oncubanews.com\/en\/wp-content\/uploads\/2019\/09\/pablo-milan\u00e9s-en-buenos-aires-kaloian-15.jpg 1024w, https:\/\/oncubanews.com\/en\/wp-content\/uploads\/2019\/09\/pablo-milan\u00e9s-en-buenos-aires-kaloian-15-300x227.jpg 300w, https:\/\/oncubanews.com\/en\/wp-content\/uploads\/2019\/09\/pablo-milan\u00e9s-en-buenos-aires-kaloian-15-768x581.jpg 768w, https:\/\/oncubanews.com\/en\/wp-content\/uploads\/2019\/09\/pablo-milan\u00e9s-en-buenos-aires-kaloian-15-750x568.jpg 750w\" sizes=\"auto, (max-width: 1024px) 100vw, 1024px\" \/><\/a><figcaption id=\"caption-attachment-205417\" class=\"wp-caption-text\">Pablo Milan\u00e9s. Photo: Kaloian<\/figcaption><\/figure>\n<p><span style=\"font-weight: 400;\">Pablo Milan\u00e9s undertook his &#8220;Esencia&#8221; international tour for several months, with which he has confirmed his songs\u2019 close emotional ties with different audiences in Europe and Latin America.<\/span><\/p>\n<p><span style=\"font-weight: 400;\">Trova Fest is a fundamental event for author song in Mexico and has had in its different editions the presence of artists of the caliber of Pablo Milan\u00e9s, Jorge Drexler, Fernando Delgadillo, Pedro Guerra, Francisco C\u00e9spedes and Alejandro Filio, among others.<\/span><\/p>\n","protected":false},"excerpt":{"rendered":"<p>Cuban singer-songwriter Pablo Milan\u00e9s and his daughter Hayd\u00e9e Milan\u00e9s will be two of the main guests of the sixth edition of the Trova Fest, held annually in the Mexican state of Quer\u00e9taro. The event will take place on December 7 and 8 and the organizers expect more than 3,000 people to attend, especially followers of [&hellip;]<\/p>\n","protected":false},"author":3134,"featured_media":205415,"comment_status":"open","ping_status":"closed","sticky":false,"template":"","format":"standard","meta":{"_acf_changed":false,"footnotes":""},"categories":[13923],"tags":[14848,19470,8650],"ppma_author":[33546,8689],"class_list":["post-205414","post","type-post","status-publish","format-standard","has-post-thumbnail","hentry","category-music-culture","tag-cuban-music","tag-haydee-milanes","tag-pablo-milanes-en"],"acf":[],"yoast_head":"<!-- This site is optimized with the Yoast SEO plugin v27.3 - https:\/\/yoast.com\/product\/yoast-seo-wordpress\/ -->\n<title>Pablo and Hayd\u00e9e Milan\u00e9s to take their &quot;luxury love&quot; to festival in Mexico | OnCubaNews English<\/title>\n<meta name=\"description\" content=\"The Trova Fest will take place December 7 and 8 and the organizers expect more than 3,000 people to attend.\" \/>\n<meta name=\"robots\" content=\"index, follow, max-snippet:-1, max-image-preview:large, max-video-preview:-1\" \/>\n<link rel=\"canonical\" href=\"https:\/\/oncubanews.com\/en\/culture\/music-culture\/pablo-and-haydee-milanes-to-take-their-luxury-love-to-festival-in-mexico\/\" \/>\n<meta property=\"og:locale\" content=\"en_US\" \/>\n<meta property=\"og:type\" content=\"article\" \/>\n<meta property=\"og:title\" content=\"Pablo and Hayd\u00e9e Milan\u00e9s to take their &quot;luxury love&quot; to festival in Mexico | OnCubaNews English\" \/>\n<meta property=\"og:description\" content=\"The Trova Fest will take place December 7 and 8 and the organizers expect more than 3,000 people to attend.\" \/>\n<meta property=\"og:url\" content=\"https:\/\/oncubanews.com\/en\/culture\/music-culture\/pablo-and-haydee-milanes-to-take-their-luxury-love-to-festival-in-mexico\/\" \/>\n<meta property=\"og:site_name\" content=\"OnCubaNews English\" \/>\n<meta property=\"article:published_time\" content=\"2019-09-05T20:27:36+00:00\" \/>\n<meta property=\"og:image\" content=\"https:\/\/oncubanews.com\/en\/wp-content\/uploads\/2019\/09\/Concierto-Hayd\u00e9e-y-Pablo-Milan\u00e9s-10.jpg\" \/>\n\t<meta property=\"og:image:width\" content=\"750\" \/>\n\t<meta property=\"og:image:height\" content=\"490\" \/>\n\t<meta property=\"og:image:type\" content=\"image\/jpeg\" \/>\n<meta name=\"author\" content=\"OnCuba Staff, OnCuba editorial staff\" \/>\n<meta name=\"twitter:card\" content=\"summary_large_image\" \/>\n<meta name=\"twitter:label1\" content=\"Written by\" \/>\n\t<meta name=\"twitter:data1\" content=\"OnCuba Staff\" \/>\n\t<meta name=\"twitter:label2\" content=\"Est. reading time\" \/>\n\t<meta name=\"twitter:data2\" content=\"2 minutes\" \/>\n<script type=\"application\/ld+json\" class=\"yoast-schema-graph\">{\"@context\":\"https:\\\/\\\/schema.org\",\"@graph\":[{\"@type\":\"Article\",\"@id\":\"https:\\\/\\\/oncubanews.com\\\/en\\\/culture\\\/music-culture\\\/pablo-and-haydee-milanes-to-take-their-luxury-love-to-festival-in-mexico\\\/#article\",\"isPartOf\":{\"@id\":\"https:\\\/\\\/oncubanews.com\\\/en\\\/culture\\\/music-culture\\\/pablo-and-haydee-milanes-to-take-their-luxury-love-to-festival-in-mexico\\\/\"},\"author\":{\"name\":\"OnCuba Staff\",\"@id\":\"https:\\\/\\\/oncubanews.com\\\/en\\\/#\\\/schema\\\/person\\\/d7171bf311032ab1f557dd8332e714af\"},\"headline\":\"Pablo and Hayd\u00e9e Milan\u00e9s to take their &#8220;luxury love&#8221; to festival in Mexico\",\"datePublished\":\"2019-09-05T20:27:36+00:00\",\"mainEntityOfPage\":{\"@id\":\"https:\\\/\\\/oncubanews.com\\\/en\\\/culture\\\/music-culture\\\/pablo-and-haydee-milanes-to-take-their-luxury-love-to-festival-in-mexico\\\/\"},\"wordCount\":386,\"commentCount\":0,\"image\":{\"@id\":\"https:\\\/\\\/oncubanews.com\\\/en\\\/culture\\\/music-culture\\\/pablo-and-haydee-milanes-to-take-their-luxury-love-to-festival-in-mexico\\\/#primaryimage\"},\"thumbnailUrl\":\"https:\\\/\\\/oncubanews.com\\\/en\\\/wp-content\\\/uploads\\\/2019\\\/09\\\/Concierto-Hayd\u00e9e-y-Pablo-Milan\u00e9s-10.jpg\",\"keywords\":[\"cuban music\",\"Hayd\u00e9e Milan\u00e9s\",\"Pablo Milan\u00e9s\"],\"articleSection\":[\"Music\"],\"inLanguage\":\"en-US\",\"potentialAction\":[{\"@type\":\"CommentAction\",\"name\":\"Comment\",\"target\":[\"https:\\\/\\\/oncubanews.com\\\/en\\\/culture\\\/music-culture\\\/pablo-and-haydee-milanes-to-take-their-luxury-love-to-festival-in-mexico\\\/#respond\"]}],\"copyrightYear\":\"2019\",\"copyrightHolder\":{\"@id\":\"https:\\\/\\\/oncubanews.com\\\/en\\\/#organization\"}},{\"@type\":\"WebPage\",\"@id\":\"https:\\\/\\\/oncubanews.com\\\/en\\\/culture\\\/music-culture\\\/pablo-and-haydee-milanes-to-take-their-luxury-love-to-festival-in-mexico\\\/\",\"url\":\"https:\\\/\\\/oncubanews.com\\\/en\\\/culture\\\/music-culture\\\/pablo-and-haydee-milanes-to-take-their-luxury-love-to-festival-in-mexico\\\/\",\"name\":\"Pablo and Hayd\u00e9e Milan\u00e9s to take their \\\"luxury love\\\" to festival in Mexico | OnCubaNews English\",\"isPartOf\":{\"@id\":\"https:\\\/\\\/oncubanews.com\\\/en\\\/#website\"},\"primaryImageOfPage\":{\"@id\":\"https:\\\/\\\/oncubanews.com\\\/en\\\/culture\\\/music-culture\\\/pablo-and-haydee-milanes-to-take-their-luxury-love-to-festival-in-mexico\\\/#primaryimage\"},\"image\":{\"@id\":\"https:\\\/\\\/oncubanews.com\\\/en\\\/culture\\\/music-culture\\\/pablo-and-haydee-milanes-to-take-their-luxury-love-to-festival-in-mexico\\\/#primaryimage\"},\"thumbnailUrl\":\"https:\\\/\\\/oncubanews.com\\\/en\\\/wp-content\\\/uploads\\\/2019\\\/09\\\/Concierto-Hayd\u00e9e-y-Pablo-Milan\u00e9s-10.jpg\",\"datePublished\":\"2019-09-05T20:27:36+00:00\",\"author\":{\"@id\":\"https:\\\/\\\/oncubanews.com\\\/en\\\/#\\\/schema\\\/person\\\/d7171bf311032ab1f557dd8332e714af\"},\"description\":\"The Trova Fest will take place December 7 and 8 and the organizers expect more than 3,000 people to attend.\",\"breadcrumb\":{\"@id\":\"https:\\\/\\\/oncubanews.com\\\/en\\\/culture\\\/music-culture\\\/pablo-and-haydee-milanes-to-take-their-luxury-love-to-festival-in-mexico\\\/#breadcrumb\"},\"inLanguage\":\"en-US\",\"potentialAction\":[{\"@type\":\"ReadAction\",\"target\":[\"https:\\\/\\\/oncubanews.com\\\/en\\\/culture\\\/music-culture\\\/pablo-and-haydee-milanes-to-take-their-luxury-love-to-festival-in-mexico\\\/\"]}]},{\"@type\":\"ImageObject\",\"inLanguage\":\"en-US\",\"@id\":\"https:\\\/\\\/oncubanews.com\\\/en\\\/culture\\\/music-culture\\\/pablo-and-haydee-milanes-to-take-their-luxury-love-to-festival-in-mexico\\\/#primaryimage\",\"url\":\"https:\\\/\\\/oncubanews.com\\\/en\\\/wp-content\\\/uploads\\\/2019\\\/09\\\/Concierto-Hayd\u00e9e-y-Pablo-Milan\u00e9s-10.jpg\",\"contentUrl\":\"https:\\\/\\\/oncubanews.com\\\/en\\\/wp-content\\\/uploads\\\/2019\\\/09\\\/Concierto-Hayd\u00e9e-y-Pablo-Milan\u00e9s-10.jpg\",\"width\":750,\"height\":490,\"caption\":\"Hayd\u00e9e and Pablo Milan\u00e9s in concert. Photo: OnCuba Archive.\"},{\"@type\":\"BreadcrumbList\",\"@id\":\"https:\\\/\\\/oncubanews.com\\\/en\\\/culture\\\/music-culture\\\/pablo-and-haydee-milanes-to-take-their-luxury-love-to-festival-in-mexico\\\/#breadcrumb\",\"itemListElement\":[{\"@type\":\"ListItem\",\"position\":1,\"name\":\"Portada\",\"item\":\"https:\\\/\\\/oncubanews.com\\\/en\\\/\"},{\"@type\":\"ListItem\",\"position\":2,\"name\":\"Pablo and Hayd\u00e9e Milan\u00e9s to take their &#8220;luxury love&#8221; to festival in Mexico\"}]},{\"@type\":\"WebSite\",\"@id\":\"https:\\\/\\\/oncubanews.com\\\/en\\\/#website\",\"url\":\"https:\\\/\\\/oncubanews.com\\\/en\\\/\",\"name\":\"OnCubaNews English\",\"description\":\"Revista sobre Cuba\",\"potentialAction\":[{\"@type\":\"SearchAction\",\"target\":{\"@type\":\"EntryPoint\",\"urlTemplate\":\"https:\\\/\\\/oncubanews.com\\\/en\\\/?s={search_term_string}\"},\"query-input\":{\"@type\":\"PropertyValueSpecification\",\"valueRequired\":true,\"valueName\":\"search_term_string\"}}],\"inLanguage\":\"en-US\"},{\"@type\":\"Person\",\"@id\":\"https:\\\/\\\/oncubanews.com\\\/en\\\/#\\\/schema\\\/person\\\/d7171bf311032ab1f557dd8332e714af\",\"name\":\"OnCuba Staff\",\"image\":{\"@type\":\"ImageObject\",\"inLanguage\":\"en-US\",\"@id\":\"https:\\\/\\\/secure.gravatar.com\\\/avatar\\\/4b4c4d6109baadde898bb1af22ea4a4af5f4417b86a5d1800bf17531bfb128fc?s=96&r=g17310096d4dde63ebae0e54fbb19218a\",\"url\":\"https:\\\/\\\/secure.gravatar.com\\\/avatar\\\/4b4c4d6109baadde898bb1af22ea4a4af5f4417b86a5d1800bf17531bfb128fc?s=96&r=g\",\"contentUrl\":\"https:\\\/\\\/secure.gravatar.com\\\/avatar\\\/4b4c4d6109baadde898bb1af22ea4a4af5f4417b86a5d1800bf17531bfb128fc?s=96&r=g\",\"caption\":\"OnCuba Staff\"},\"url\":\"https:\\\/\\\/oncubanews.com\\\/en\\\/author\\\/oncuba-editorial-staff\\\/\"}]}<\/script>\n<!-- \/ Yoast SEO plugin. -->","yoast_head_json":{"title":"Pablo and Hayd\u00e9e Milan\u00e9s to take their \"luxury love\" to festival in Mexico | OnCubaNews English","description":"The Trova Fest will take place December 7 and 8 and the organizers expect more than 3,000 people to attend.","robots":{"index":"index","follow":"follow","max-snippet":"max-snippet:-1","max-image-preview":"max-image-preview:large","max-video-preview":"max-video-preview:-1"},"canonical":"https:\/\/oncubanews.com\/en\/culture\/music-culture\/pablo-and-haydee-milanes-to-take-their-luxury-love-to-festival-in-mexico\/","og_locale":"en_US","og_type":"article","og_title":"Pablo and Hayd\u00e9e Milan\u00e9s to take their \"luxury love\" to festival in Mexico | OnCubaNews English","og_description":"The Trova Fest will take place December 7 and 8 and the organizers expect more than 3,000 people to attend.","og_url":"https:\/\/oncubanews.com\/en\/culture\/music-culture\/pablo-and-haydee-milanes-to-take-their-luxury-love-to-festival-in-mexico\/","og_site_name":"OnCubaNews English","article_published_time":"2019-09-05T20:27:36+00:00","og_image":[{"width":750,"height":490,"url":"https:\/\/oncubanews.com\/en\/wp-content\/uploads\/2019\/09\/Concierto-Hayd\u00e9e-y-Pablo-Milan\u00e9s-10.jpg","type":"image\/jpeg"}],"author":"OnCuba Staff, OnCuba editorial staff","twitter_card":"summary_large_image","twitter_misc":{"Written by":"OnCuba Staff","Est. reading time":"2 minutes"},"schema":{"@context":"https:\/\/schema.org","@graph":[{"@type":"Article","@id":"https:\/\/oncubanews.com\/en\/culture\/music-culture\/pablo-and-haydee-milanes-to-take-their-luxury-love-to-festival-in-mexico\/#article","isPartOf":{"@id":"https:\/\/oncubanews.com\/en\/culture\/music-culture\/pablo-and-haydee-milanes-to-take-their-luxury-love-to-festival-in-mexico\/"},"author":{"name":"OnCuba Staff","@id":"https:\/\/oncubanews.com\/en\/#\/schema\/person\/d7171bf311032ab1f557dd8332e714af"},"headline":"Pablo and Hayd\u00e9e Milan\u00e9s to take their &#8220;luxury love&#8221; to festival in Mexico","datePublished":"2019-09-05T20:27:36+00:00","mainEntityOfPage":{"@id":"https:\/\/oncubanews.com\/en\/culture\/music-culture\/pablo-and-haydee-milanes-to-take-their-luxury-love-to-festival-in-mexico\/"},"wordCount":386,"commentCount":0,"image":{"@id":"https:\/\/oncubanews.com\/en\/culture\/music-culture\/pablo-and-haydee-milanes-to-take-their-luxury-love-to-festival-in-mexico\/#primaryimage"},"thumbnailUrl":"https:\/\/oncubanews.com\/en\/wp-content\/uploads\/2019\/09\/Concierto-Hayd\u00e9e-y-Pablo-Milan\u00e9s-10.jpg","keywords":["cuban music","Hayd\u00e9e Milan\u00e9s","Pablo Milan\u00e9s"],"articleSection":["Music"],"inLanguage":"en-US","potentialAction":[{"@type":"CommentAction","name":"Comment","target":["https:\/\/oncubanews.com\/en\/culture\/music-culture\/pablo-and-haydee-milanes-to-take-their-luxury-love-to-festival-in-mexico\/#respond"]}],"copyrightYear":"2019","copyrightHolder":{"@id":"https:\/\/oncubanews.com\/en\/#organization"}},{"@type":"WebPage","@id":"https:\/\/oncubanews.com\/en\/culture\/music-culture\/pablo-and-haydee-milanes-to-take-their-luxury-love-to-festival-in-mexico\/","url":"https:\/\/oncubanews.com\/en\/culture\/music-culture\/pablo-and-haydee-milanes-to-take-their-luxury-love-to-festival-in-mexico\/","name":"Pablo and Hayd\u00e9e Milan\u00e9s to take their \"luxury love\" to festival in Mexico | OnCubaNews English","isPartOf":{"@id":"https:\/\/oncubanews.com\/en\/#website"},"primaryImageOfPage":{"@id":"https:\/\/oncubanews.com\/en\/culture\/music-culture\/pablo-and-haydee-milanes-to-take-their-luxury-love-to-festival-in-mexico\/#primaryimage"},"image":{"@id":"https:\/\/oncubanews.com\/en\/culture\/music-culture\/pablo-and-haydee-milanes-to-take-their-luxury-love-to-festival-in-mexico\/#primaryimage"},"thumbnailUrl":"https:\/\/oncubanews.com\/en\/wp-content\/uploads\/2019\/09\/Concierto-Hayd\u00e9e-y-Pablo-Milan\u00e9s-10.jpg","datePublished":"2019-09-05T20:27:36+00:00","author":{"@id":"https:\/\/oncubanews.com\/en\/#\/schema\/person\/d7171bf311032ab1f557dd8332e714af"},"description":"The Trova Fest will take place December 7 and 8 and the organizers expect more than 3,000 people to attend.","breadcrumb":{"@id":"https:\/\/oncubanews.com\/en\/culture\/music-culture\/pablo-and-haydee-milanes-to-take-their-luxury-love-to-festival-in-mexico\/#breadcrumb"},"inLanguage":"en-US","potentialAction":[{"@type":"ReadAction","target":["https:\/\/oncubanews.com\/en\/culture\/music-culture\/pablo-and-haydee-milanes-to-take-their-luxury-love-to-festival-in-mexico\/"]}]},{"@type":"ImageObject","inLanguage":"en-US","@id":"https:\/\/oncubanews.com\/en\/culture\/music-culture\/pablo-and-haydee-milanes-to-take-their-luxury-love-to-festival-in-mexico\/#primaryimage","url":"https:\/\/oncubanews.com\/en\/wp-content\/uploads\/2019\/09\/Concierto-Hayd\u00e9e-y-Pablo-Milan\u00e9s-10.jpg","contentUrl":"https:\/\/oncubanews.com\/en\/wp-content\/uploads\/2019\/09\/Concierto-Hayd\u00e9e-y-Pablo-Milan\u00e9s-10.jpg","width":750,"height":490,"caption":"Hayd\u00e9e and Pablo Milan\u00e9s in concert. Photo: OnCuba Archive."},{"@type":"BreadcrumbList","@id":"https:\/\/oncubanews.com\/en\/culture\/music-culture\/pablo-and-haydee-milanes-to-take-their-luxury-love-to-festival-in-mexico\/#breadcrumb","itemListElement":[{"@type":"ListItem","position":1,"name":"Portada","item":"https:\/\/oncubanews.com\/en\/"},{"@type":"ListItem","position":2,"name":"Pablo and Hayd\u00e9e Milan\u00e9s to take their &#8220;luxury love&#8221; to festival in Mexico"}]},{"@type":"WebSite","@id":"https:\/\/oncubanews.com\/en\/#website","url":"https:\/\/oncubanews.com\/en\/","name":"OnCubaNews English","description":"Revista sobre Cuba","potentialAction":[{"@type":"SearchAction","target":{"@type":"EntryPoint","urlTemplate":"https:\/\/oncubanews.com\/en\/?s={search_term_string}"},"query-input":{"@type":"PropertyValueSpecification","valueRequired":true,"valueName":"search_term_string"}}],"inLanguage":"en-US"},{"@type":"Person","@id":"https:\/\/oncubanews.com\/en\/#\/schema\/person\/d7171bf311032ab1f557dd8332e714af","name":"OnCuba Staff","image":{"@type":"ImageObject","inLanguage":"en-US","@id":"https:\/\/secure.gravatar.com\/avatar\/4b4c4d6109baadde898bb1af22ea4a4af5f4417b86a5d1800bf17531bfb128fc?s=96&r=g17310096d4dde63ebae0e54fbb19218a","url":"https:\/\/secure.gravatar.com\/avatar\/4b4c4d6109baadde898bb1af22ea4a4af5f4417b86a5d1800bf17531bfb128fc?s=96&r=g","contentUrl":"https:\/\/secure.gravatar.com\/avatar\/4b4c4d6109baadde898bb1af22ea4a4af5f4417b86a5d1800bf17531bfb128fc?s=96&r=g","caption":"OnCuba Staff"},"url":"https:\/\/oncubanews.com\/en\/author\/oncuba-editorial-staff\/"}]}},"authors":[{"term_id":33546,"user_id":3134,"is_guest":0,"slug":"oncuba-editorial-staff","display_name":"OnCuba Staff","avatar_url":"https:\/\/secure.gravatar.com\/avatar\/4b4c4d6109baadde898bb1af22ea4a4af5f4417b86a5d1800bf17531bfb128fc?s=96&r=g","0":null,"1":"","2":"","3":"","4":"","5":"","6":"","7":"","8":""},{"term_id":8689,"user_id":3134,"is_guest":0,"slug":"oncuba-editorial-staff","display_name":"OnCuba editorial staff","avatar_url":{"url":"https:\/\/oncubanews.com\/en\/wp-content\/uploads\/2018\/10\/avatar-ocnews-1.png","url2x":"https:\/\/oncubanews.com\/en\/wp-content\/uploads\/2018\/10\/avatar-ocnews-1.png"},"0":null,"1":"","2":"","3":"","4":"","5":"","6":"","7":"","8":""}],"_links":{"self":[{"href":"https:\/\/oncubanews.com\/en\/wp-json\/wp\/v2\/posts\/205414","targetHints":{"allow":["GET"]}}],"collection":[{"href":"https:\/\/oncubanews.com\/en\/wp-json\/wp\/v2\/posts"}],"about":[{"href":"https:\/\/oncubanews.com\/en\/wp-json\/wp\/v2\/types\/post"}],"author":[{"embeddable":true,"href":"https:\/\/oncubanews.com\/en\/wp-json\/wp\/v2\/users\/3134"}],"replies":[{"embeddable":true,"href":"https:\/\/oncubanews.com\/en\/wp-json\/wp\/v2\/comments?post=205414"}],"version-history":[{"count":0,"href":"https:\/\/oncubanews.com\/en\/wp-json\/wp\/v2\/posts\/205414\/revisions"}],"wp:featuredmedia":[{"embeddable":true,"href":"https:\/\/oncubanews.com\/en\/wp-json\/wp\/v2\/media\/205415"}],"wp:attachment":[{"href":"https:\/\/oncubanews.com\/en\/wp-json\/wp\/v2\/media?parent=205414"}],"wp:term":[{"taxonomy":"category","embeddable":true,"href":"https:\/\/oncubanews.com\/en\/wp-json\/wp\/v2\/categories?post=205414"},{"taxonomy":"post_tag","embeddable":true,"href":"https:\/\/oncubanews.com\/en\/wp-json\/wp\/v2\/tags?post=205414"},{"taxonomy":"author","embeddable":true,"href":"https:\/\/oncubanews.com\/en\/wp-json\/wp\/v2\/ppma_author?post=205414"}],"curies":[{"name":"wp","href":"https:\/\/api.w.org\/{rel}","templated":true}]}}