
{"id":206024,"date":"2019-09-16T08:38:29","date_gmt":"2019-09-16T12:38:29","guid":{"rendered":"https:\/\/oncubanews.com\/en\/?p=206024"},"modified":"2019-09-16T08:38:29","modified_gmt":"2019-09-16T12:38:29","slug":"cuba-debuts-and-sweeps-at-world-boxing-championship","status":"publish","type":"post","link":"https:\/\/oncubanews.com\/en\/sports\/boxing\/cuba-debuts-and-sweeps-at-world-boxing-championship\/","title":{"rendered":"Cuba debuts and sweeps at World Boxing Championship"},"content":{"rendered":"<p><span style=\"font-weight: 400;\">The <\/span><a href=\"https:\/\/oncubanews.com\/tag\/boxeo-cubano\/\" target=\"_blank\" rel=\"noopener noreferrer\"><span style=\"font-weight: 400;\">Cuban boxing armada<\/span><\/a><span style=\"font-weight: 400;\"> started off the World Boxing Championship, in Ekaterinburg, Russia, at a good pace. Yosbany Veit\u00eda, Arlen L\u00f3pez and Andy Cruz sealed their first victories against inferior rivals.<\/span><\/p>\n<p><span style=\"font-weight: 400;\">Veit\u00eda, in the 52 kilograms, opened the triumphant path for the Island, although he had a tougher time than expected against Algerian Mohamed Flissi, double world medalist in Almaty 2013 (silver) and Doha 2015 (bronze).<\/span><\/p>\n<p><span style=\"font-weight: 400;\">The boxer from Sancti Sp\u00edritus was not as fiery as usual, he had a hard time warming up and, although he won with a tight 3-2, he expressed his dissatisfaction in statements offered to the JIT digital site.<\/span><\/p>\n<p><a href=\"https:\/\/www.facebook.com\/watch\/?v=382205835786168\" target=\"_blank\" rel=\"noopener noreferrer\">Watch Video<\/a><\/p>\n<p><span style=\"font-weight: 400;\">\u201cI didn\u2019t feel well in this first fight, I was out of distance and didn\u2019t throw enough punches. Maybe the days of inactivity affected me. The important thing is that I won and we will see what happens next,\u201d said Veit\u00eda, world champion two years ago in Hamburg.<\/span><\/p>\n<p><span style=\"font-weight: 400;\">More comfortable were the smiles of Arlen L\u00f3pez (75) and Andy Cruz (63), who took the unanimous vote of the judges against Algerian Younes Nemouchi and Belgian Ibrahima Diallo, respectively.<\/span><\/p>\n<p><span style=\"font-weight: 400;\">According to colleague Roberto Ram\u00edrez\u2019s reports, Arlen relied on his work with his right hand and struck at close range with effective hooks, a task that allowed him to take advantage and move to the next step.<\/span><\/p>\n<p><span style=\"font-weight: 400;\">\u201cIt was a good fight. I was able to fulfill the plan drawn up by the coaches during the three rounds. It\u2019s a good experience to start recovering things that I\u2019m still missing,\u201d said the boxer from Guant\u00e1namo, who will be fighting in the next bout against Dominican left-hander Euri Cede\u00f1o, his victim in the <\/span><a href=\"https:\/\/www.lima2019.pe\/en\/pan-american-results\" target=\"_blank\" rel=\"noopener noreferrer\"><span style=\"font-weight: 400;\">quarterfinals<\/span><\/a><span style=\"font-weight: 400;\"> of the last Pan American Games in Lima.<\/span><\/p>\n<p><span style=\"font-weight: 400;\">The icing on the cake for Cuba was given by Andy Cruz, probably today\u2019s best fighter in the Antillean squad. The boxer from Matanzas gave no room for doubt in front of the Belgian Diallo, who could hardly cope with the varied and powerful arsenal of the Cuban.<\/span><\/p>\n<p>https:\/\/www.facebook.com\/jitdeportecubano\/photos\/a.549455868501971\/2394245077356365\/?type=3<\/p>\n<p><span style=\"font-weight: 400;\">\u201cHe is a pretty spiky rival. I dedicated myself in the first assault to study him to see what I could do. I worked hard on my defense, on my speed, and I realized that I could achieve it; then I went out to challenge him,\u201d said Cruz, who hopes to win his coming commitments.<\/span><\/p>\n<p><span style=\"font-weight: 400;\">&#8220;You have to think fight by fight, not focus on just one rival, because they are all tough, and adapt to the characteristics of each opponent,&#8221; added Cruz.<\/span><\/p>\n<p><span style=\"font-weight: 400;\">Cuba will continue its pace in the World Championship this Sunday, when three other world champs will climb into the ring: L\u00e1zaro \u00c1lvarez (57), Erislandy Sav\u00f3n (91) and Julio C\u00e9sar La Cruz (81).<\/span><\/p>\n<p><span style=\"font-weight: 400;\">\u00c1lvarez will clash against Ecuadorian Jean Caicedo, Sav\u00f3n with Georgian Nikoloz Begadze and La Cruz will close Cuba\u2019s day against Algerian Mohamed Houmri.<\/span><\/p>\n<p><span style=\"font-weight: 400;\">After these three fights, only Roniel Iglesias, scheduled to go to the ring on Monday against the Chinese Qiong Mai, would remain to debut.<\/span><\/p>\n<p><span style=\"font-weight: 400;\">Cuba has seven boxers in the World Championship, after super-heavyweight Jos\u00e9 \u00c1ngel Larduet <\/span><a href=\"https:\/\/oncubanews.com\/deportes\/boxeo\/boxeador-cubano-abandona-equipo-nacional-en-alemania\/\" target=\"_blank\" rel=\"noopener noreferrer\"><span style=\"font-weight: 400;\">left<\/span><\/a><span style=\"font-weight: 400;\"> the Caribbean team in Germany, where they had a small training base before traveling to Yekaterinburg.<\/span><\/p>\n","protected":false},"excerpt":{"rendered":"<p>The Cuban boxing armada started off the World Boxing Championship, in Ekaterinburg, Russia, at a good pace. Yosbany Veit\u00eda, Arlen L\u00f3pez and Andy Cruz sealed their first victories against inferior rivals. Veit\u00eda, in the 52 kilograms, opened the triumphant path for the Island, although he had a tougher time than expected against Algerian Mohamed Flissi, [&hellip;]<\/p>\n","protected":false},"author":3134,"featured_media":206025,"comment_status":"open","ping_status":"closed","sticky":false,"template":"","format":"standard","meta":{"_acf_changed":false,"footnotes":""},"categories":[13927],"tags":[24071,14967],"ppma_author":[33546,8689],"class_list":["post-206024","post","type-post","status-publish","format-standard","has-post-thumbnail","hentry","category-boxing","tag-cuban-boxing","tag-cuban-sports"],"acf":[],"yoast_head":"<!-- This site is optimized with the Yoast SEO plugin v27.3 - https:\/\/yoast.com\/product\/yoast-seo-wordpress\/ -->\n<title>Cuba debuts and sweeps at World Boxing Championship | OnCubaNews English<\/title>\n<meta name=\"description\" content=\"Yosbany Veit\u00eda, Arlen L\u00f3pez and Andy Cruz won their first fights at the World Boxing Championship in Ekaterinburg, Russia. The Cubans opened the victorious path for the island, which this Sunday will have as exponents L\u00e1zaro \u00c1lvarez, Erislandy Sav\u00f3n and Julio C\u00e9sar La Cruz.\" \/>\n<meta name=\"robots\" content=\"index, follow, max-snippet:-1, max-image-preview:large, max-video-preview:-1\" \/>\n<link rel=\"canonical\" href=\"https:\/\/oncubanews.com\/en\/sports\/boxing\/cuba-debuts-and-sweeps-at-world-boxing-championship\/\" \/>\n<meta property=\"og:locale\" content=\"en_US\" \/>\n<meta property=\"og:type\" content=\"article\" \/>\n<meta property=\"og:title\" content=\"Cuba debuts and sweeps at World Boxing Championship | OnCubaNews English\" \/>\n<meta property=\"og:description\" content=\"Yosbany Veit\u00eda, Arlen L\u00f3pez and Andy Cruz won their first fights at the World Boxing Championship in Ekaterinburg, Russia. The Cubans opened the victorious path for the island, which this Sunday will have as exponents L\u00e1zaro \u00c1lvarez, Erislandy Sav\u00f3n and Julio C\u00e9sar La Cruz.\" \/>\n<meta property=\"og:url\" content=\"https:\/\/oncubanews.com\/en\/sports\/boxing\/cuba-debuts-and-sweeps-at-world-boxing-championship\/\" \/>\n<meta property=\"og:site_name\" content=\"OnCubaNews English\" \/>\n<meta property=\"article:published_time\" content=\"2019-09-16T12:38:29+00:00\" \/>\n<meta property=\"og:image\" content=\"https:\/\/oncubanews.com\/en\/wp-content\/uploads\/2019\/09\/juegos-panamericanos-lima-2019-2.jpg\" \/>\n\t<meta property=\"og:image:width\" content=\"750\" \/>\n\t<meta property=\"og:image:height\" content=\"536\" \/>\n\t<meta property=\"og:image:type\" content=\"image\/jpeg\" \/>\n<meta name=\"author\" content=\"OnCuba Staff, OnCuba editorial staff\" \/>\n<meta name=\"twitter:card\" content=\"summary_large_image\" \/>\n<meta name=\"twitter:label1\" content=\"Written by\" \/>\n\t<meta name=\"twitter:data1\" content=\"OnCuba Staff\" \/>\n\t<meta name=\"twitter:label2\" content=\"Est. reading time\" \/>\n\t<meta name=\"twitter:data2\" content=\"3 minutes\" \/>\n<script type=\"application\/ld+json\" class=\"yoast-schema-graph\">{\"@context\":\"https:\\\/\\\/schema.org\",\"@graph\":[{\"@type\":\"Article\",\"@id\":\"https:\\\/\\\/oncubanews.com\\\/en\\\/sports\\\/boxing\\\/cuba-debuts-and-sweeps-at-world-boxing-championship\\\/#article\",\"isPartOf\":{\"@id\":\"https:\\\/\\\/oncubanews.com\\\/en\\\/sports\\\/boxing\\\/cuba-debuts-and-sweeps-at-world-boxing-championship\\\/\"},\"author\":{\"name\":\"OnCuba Staff\",\"@id\":\"https:\\\/\\\/oncubanews.com\\\/en\\\/#\\\/schema\\\/person\\\/d7171bf311032ab1f557dd8332e714af\"},\"headline\":\"Cuba debuts and sweeps at World Boxing Championship\",\"datePublished\":\"2019-09-16T12:38:29+00:00\",\"mainEntityOfPage\":{\"@id\":\"https:\\\/\\\/oncubanews.com\\\/en\\\/sports\\\/boxing\\\/cuba-debuts-and-sweeps-at-world-boxing-championship\\\/\"},\"wordCount\":554,\"commentCount\":0,\"image\":{\"@id\":\"https:\\\/\\\/oncubanews.com\\\/en\\\/sports\\\/boxing\\\/cuba-debuts-and-sweeps-at-world-boxing-championship\\\/#primaryimage\"},\"thumbnailUrl\":\"https:\\\/\\\/oncubanews.com\\\/en\\\/wp-content\\\/uploads\\\/2019\\\/09\\\/juegos-panamericanos-lima-2019-2.jpg\",\"keywords\":[\"Cuban boxing\",\"Cuban sports\"],\"articleSection\":[\"Boxing\"],\"inLanguage\":\"en-US\",\"potentialAction\":[{\"@type\":\"CommentAction\",\"name\":\"Comment\",\"target\":[\"https:\\\/\\\/oncubanews.com\\\/en\\\/sports\\\/boxing\\\/cuba-debuts-and-sweeps-at-world-boxing-championship\\\/#respond\"]}],\"copyrightYear\":\"2019\",\"copyrightHolder\":{\"@id\":\"https:\\\/\\\/oncubanews.com\\\/en\\\/#organization\"}},{\"@type\":\"WebPage\",\"@id\":\"https:\\\/\\\/oncubanews.com\\\/en\\\/sports\\\/boxing\\\/cuba-debuts-and-sweeps-at-world-boxing-championship\\\/\",\"url\":\"https:\\\/\\\/oncubanews.com\\\/en\\\/sports\\\/boxing\\\/cuba-debuts-and-sweeps-at-world-boxing-championship\\\/\",\"name\":\"Cuba debuts and sweeps at World Boxing Championship | OnCubaNews English\",\"isPartOf\":{\"@id\":\"https:\\\/\\\/oncubanews.com\\\/en\\\/#website\"},\"primaryImageOfPage\":{\"@id\":\"https:\\\/\\\/oncubanews.com\\\/en\\\/sports\\\/boxing\\\/cuba-debuts-and-sweeps-at-world-boxing-championship\\\/#primaryimage\"},\"image\":{\"@id\":\"https:\\\/\\\/oncubanews.com\\\/en\\\/sports\\\/boxing\\\/cuba-debuts-and-sweeps-at-world-boxing-championship\\\/#primaryimage\"},\"thumbnailUrl\":\"https:\\\/\\\/oncubanews.com\\\/en\\\/wp-content\\\/uploads\\\/2019\\\/09\\\/juegos-panamericanos-lima-2019-2.jpg\",\"datePublished\":\"2019-09-16T12:38:29+00:00\",\"author\":{\"@id\":\"https:\\\/\\\/oncubanews.com\\\/en\\\/#\\\/schema\\\/person\\\/d7171bf311032ab1f557dd8332e714af\"},\"description\":\"Yosbany Veit\u00eda, Arlen L\u00f3pez and Andy Cruz won their first fights at the World Boxing Championship in Ekaterinburg, Russia. The Cubans opened the victorious path for the island, which this Sunday will have as exponents L\u00e1zaro \u00c1lvarez, Erislandy Sav\u00f3n and Julio C\u00e9sar La Cruz.\",\"breadcrumb\":{\"@id\":\"https:\\\/\\\/oncubanews.com\\\/en\\\/sports\\\/boxing\\\/cuba-debuts-and-sweeps-at-world-boxing-championship\\\/#breadcrumb\"},\"inLanguage\":\"en-US\",\"potentialAction\":[{\"@type\":\"ReadAction\",\"target\":[\"https:\\\/\\\/oncubanews.com\\\/en\\\/sports\\\/boxing\\\/cuba-debuts-and-sweeps-at-world-boxing-championship\\\/\"]}]},{\"@type\":\"ImageObject\",\"inLanguage\":\"en-US\",\"@id\":\"https:\\\/\\\/oncubanews.com\\\/en\\\/sports\\\/boxing\\\/cuba-debuts-and-sweeps-at-world-boxing-championship\\\/#primaryimage\",\"url\":\"https:\\\/\\\/oncubanews.com\\\/en\\\/wp-content\\\/uploads\\\/2019\\\/09\\\/juegos-panamericanos-lima-2019-2.jpg\",\"contentUrl\":\"https:\\\/\\\/oncubanews.com\\\/en\\\/wp-content\\\/uploads\\\/2019\\\/09\\\/juegos-panamericanos-lima-2019-2.jpg\",\"width\":750,\"height\":536,\"caption\":\"Cuban Arlen L\u00f3pez (r) started off at a good pace at the Ekaterinburg World Boxing Championship. Photo: Christian Ugarte \\\/ EFE.\"},{\"@type\":\"BreadcrumbList\",\"@id\":\"https:\\\/\\\/oncubanews.com\\\/en\\\/sports\\\/boxing\\\/cuba-debuts-and-sweeps-at-world-boxing-championship\\\/#breadcrumb\",\"itemListElement\":[{\"@type\":\"ListItem\",\"position\":1,\"name\":\"Portada\",\"item\":\"https:\\\/\\\/oncubanews.com\\\/en\\\/\"},{\"@type\":\"ListItem\",\"position\":2,\"name\":\"Cuba debuts and sweeps at World Boxing Championship\"}]},{\"@type\":\"WebSite\",\"@id\":\"https:\\\/\\\/oncubanews.com\\\/en\\\/#website\",\"url\":\"https:\\\/\\\/oncubanews.com\\\/en\\\/\",\"name\":\"OnCubaNews English\",\"description\":\"Revista sobre Cuba\",\"potentialAction\":[{\"@type\":\"SearchAction\",\"target\":{\"@type\":\"EntryPoint\",\"urlTemplate\":\"https:\\\/\\\/oncubanews.com\\\/en\\\/?s={search_term_string}\"},\"query-input\":{\"@type\":\"PropertyValueSpecification\",\"valueRequired\":true,\"valueName\":\"search_term_string\"}}],\"inLanguage\":\"en-US\"},{\"@type\":\"Person\",\"@id\":\"https:\\\/\\\/oncubanews.com\\\/en\\\/#\\\/schema\\\/person\\\/d7171bf311032ab1f557dd8332e714af\",\"name\":\"OnCuba Staff\",\"image\":{\"@type\":\"ImageObject\",\"inLanguage\":\"en-US\",\"@id\":\"https:\\\/\\\/secure.gravatar.com\\\/avatar\\\/4b4c4d6109baadde898bb1af22ea4a4af5f4417b86a5d1800bf17531bfb128fc?s=96&r=g17310096d4dde63ebae0e54fbb19218a\",\"url\":\"https:\\\/\\\/secure.gravatar.com\\\/avatar\\\/4b4c4d6109baadde898bb1af22ea4a4af5f4417b86a5d1800bf17531bfb128fc?s=96&r=g\",\"contentUrl\":\"https:\\\/\\\/secure.gravatar.com\\\/avatar\\\/4b4c4d6109baadde898bb1af22ea4a4af5f4417b86a5d1800bf17531bfb128fc?s=96&r=g\",\"caption\":\"OnCuba Staff\"},\"url\":\"https:\\\/\\\/oncubanews.com\\\/en\\\/author\\\/oncuba-editorial-staff\\\/\"}]}<\/script>\n<!-- \/ Yoast SEO plugin. -->","yoast_head_json":{"title":"Cuba debuts and sweeps at World Boxing Championship | OnCubaNews English","description":"Yosbany Veit\u00eda, Arlen L\u00f3pez and Andy Cruz won their first fights at the World Boxing Championship in Ekaterinburg, Russia. The Cubans opened the victorious path for the island, which this Sunday will have as exponents L\u00e1zaro \u00c1lvarez, Erislandy Sav\u00f3n and Julio C\u00e9sar La Cruz.","robots":{"index":"index","follow":"follow","max-snippet":"max-snippet:-1","max-image-preview":"max-image-preview:large","max-video-preview":"max-video-preview:-1"},"canonical":"https:\/\/oncubanews.com\/en\/sports\/boxing\/cuba-debuts-and-sweeps-at-world-boxing-championship\/","og_locale":"en_US","og_type":"article","og_title":"Cuba debuts and sweeps at World Boxing Championship | OnCubaNews English","og_description":"Yosbany Veit\u00eda, Arlen L\u00f3pez and Andy Cruz won their first fights at the World Boxing Championship in Ekaterinburg, Russia. The Cubans opened the victorious path for the island, which this Sunday will have as exponents L\u00e1zaro \u00c1lvarez, Erislandy Sav\u00f3n and Julio C\u00e9sar La Cruz.","og_url":"https:\/\/oncubanews.com\/en\/sports\/boxing\/cuba-debuts-and-sweeps-at-world-boxing-championship\/","og_site_name":"OnCubaNews English","article_published_time":"2019-09-16T12:38:29+00:00","og_image":[{"width":750,"height":536,"url":"https:\/\/oncubanews.com\/en\/wp-content\/uploads\/2019\/09\/juegos-panamericanos-lima-2019-2.jpg","type":"image\/jpeg"}],"author":"OnCuba Staff, OnCuba editorial staff","twitter_card":"summary_large_image","twitter_misc":{"Written by":"OnCuba Staff","Est. reading time":"3 minutes"},"schema":{"@context":"https:\/\/schema.org","@graph":[{"@type":"Article","@id":"https:\/\/oncubanews.com\/en\/sports\/boxing\/cuba-debuts-and-sweeps-at-world-boxing-championship\/#article","isPartOf":{"@id":"https:\/\/oncubanews.com\/en\/sports\/boxing\/cuba-debuts-and-sweeps-at-world-boxing-championship\/"},"author":{"name":"OnCuba Staff","@id":"https:\/\/oncubanews.com\/en\/#\/schema\/person\/d7171bf311032ab1f557dd8332e714af"},"headline":"Cuba debuts and sweeps at World Boxing Championship","datePublished":"2019-09-16T12:38:29+00:00","mainEntityOfPage":{"@id":"https:\/\/oncubanews.com\/en\/sports\/boxing\/cuba-debuts-and-sweeps-at-world-boxing-championship\/"},"wordCount":554,"commentCount":0,"image":{"@id":"https:\/\/oncubanews.com\/en\/sports\/boxing\/cuba-debuts-and-sweeps-at-world-boxing-championship\/#primaryimage"},"thumbnailUrl":"https:\/\/oncubanews.com\/en\/wp-content\/uploads\/2019\/09\/juegos-panamericanos-lima-2019-2.jpg","keywords":["Cuban boxing","Cuban sports"],"articleSection":["Boxing"],"inLanguage":"en-US","potentialAction":[{"@type":"CommentAction","name":"Comment","target":["https:\/\/oncubanews.com\/en\/sports\/boxing\/cuba-debuts-and-sweeps-at-world-boxing-championship\/#respond"]}],"copyrightYear":"2019","copyrightHolder":{"@id":"https:\/\/oncubanews.com\/en\/#organization"}},{"@type":"WebPage","@id":"https:\/\/oncubanews.com\/en\/sports\/boxing\/cuba-debuts-and-sweeps-at-world-boxing-championship\/","url":"https:\/\/oncubanews.com\/en\/sports\/boxing\/cuba-debuts-and-sweeps-at-world-boxing-championship\/","name":"Cuba debuts and sweeps at World Boxing Championship | OnCubaNews English","isPartOf":{"@id":"https:\/\/oncubanews.com\/en\/#website"},"primaryImageOfPage":{"@id":"https:\/\/oncubanews.com\/en\/sports\/boxing\/cuba-debuts-and-sweeps-at-world-boxing-championship\/#primaryimage"},"image":{"@id":"https:\/\/oncubanews.com\/en\/sports\/boxing\/cuba-debuts-and-sweeps-at-world-boxing-championship\/#primaryimage"},"thumbnailUrl":"https:\/\/oncubanews.com\/en\/wp-content\/uploads\/2019\/09\/juegos-panamericanos-lima-2019-2.jpg","datePublished":"2019-09-16T12:38:29+00:00","author":{"@id":"https:\/\/oncubanews.com\/en\/#\/schema\/person\/d7171bf311032ab1f557dd8332e714af"},"description":"Yosbany Veit\u00eda, Arlen L\u00f3pez and Andy Cruz won their first fights at the World Boxing Championship in Ekaterinburg, Russia. The Cubans opened the victorious path for the island, which this Sunday will have as exponents L\u00e1zaro \u00c1lvarez, Erislandy Sav\u00f3n and Julio C\u00e9sar La Cruz.","breadcrumb":{"@id":"https:\/\/oncubanews.com\/en\/sports\/boxing\/cuba-debuts-and-sweeps-at-world-boxing-championship\/#breadcrumb"},"inLanguage":"en-US","potentialAction":[{"@type":"ReadAction","target":["https:\/\/oncubanews.com\/en\/sports\/boxing\/cuba-debuts-and-sweeps-at-world-boxing-championship\/"]}]},{"@type":"ImageObject","inLanguage":"en-US","@id":"https:\/\/oncubanews.com\/en\/sports\/boxing\/cuba-debuts-and-sweeps-at-world-boxing-championship\/#primaryimage","url":"https:\/\/oncubanews.com\/en\/wp-content\/uploads\/2019\/09\/juegos-panamericanos-lima-2019-2.jpg","contentUrl":"https:\/\/oncubanews.com\/en\/wp-content\/uploads\/2019\/09\/juegos-panamericanos-lima-2019-2.jpg","width":750,"height":536,"caption":"Cuban Arlen L\u00f3pez (r) started off at a good pace at the Ekaterinburg World Boxing Championship. Photo: Christian Ugarte \/ EFE."},{"@type":"BreadcrumbList","@id":"https:\/\/oncubanews.com\/en\/sports\/boxing\/cuba-debuts-and-sweeps-at-world-boxing-championship\/#breadcrumb","itemListElement":[{"@type":"ListItem","position":1,"name":"Portada","item":"https:\/\/oncubanews.com\/en\/"},{"@type":"ListItem","position":2,"name":"Cuba debuts and sweeps at World Boxing Championship"}]},{"@type":"WebSite","@id":"https:\/\/oncubanews.com\/en\/#website","url":"https:\/\/oncubanews.com\/en\/","name":"OnCubaNews English","description":"Revista sobre Cuba","potentialAction":[{"@type":"SearchAction","target":{"@type":"EntryPoint","urlTemplate":"https:\/\/oncubanews.com\/en\/?s={search_term_string}"},"query-input":{"@type":"PropertyValueSpecification","valueRequired":true,"valueName":"search_term_string"}}],"inLanguage":"en-US"},{"@type":"Person","@id":"https:\/\/oncubanews.com\/en\/#\/schema\/person\/d7171bf311032ab1f557dd8332e714af","name":"OnCuba Staff","image":{"@type":"ImageObject","inLanguage":"en-US","@id":"https:\/\/secure.gravatar.com\/avatar\/4b4c4d6109baadde898bb1af22ea4a4af5f4417b86a5d1800bf17531bfb128fc?s=96&r=g17310096d4dde63ebae0e54fbb19218a","url":"https:\/\/secure.gravatar.com\/avatar\/4b4c4d6109baadde898bb1af22ea4a4af5f4417b86a5d1800bf17531bfb128fc?s=96&r=g","contentUrl":"https:\/\/secure.gravatar.com\/avatar\/4b4c4d6109baadde898bb1af22ea4a4af5f4417b86a5d1800bf17531bfb128fc?s=96&r=g","caption":"OnCuba Staff"},"url":"https:\/\/oncubanews.com\/en\/author\/oncuba-editorial-staff\/"}]}},"authors":[{"term_id":33546,"user_id":3134,"is_guest":0,"slug":"oncuba-editorial-staff","display_name":"OnCuba Staff","avatar_url":"https:\/\/secure.gravatar.com\/avatar\/4b4c4d6109baadde898bb1af22ea4a4af5f4417b86a5d1800bf17531bfb128fc?s=96&r=g","0":null,"1":"","2":"","3":"","4":"","5":"","6":"","7":"","8":""},{"term_id":8689,"user_id":3134,"is_guest":0,"slug":"oncuba-editorial-staff","display_name":"OnCuba editorial staff","avatar_url":{"url":"https:\/\/oncubanews.com\/en\/wp-content\/uploads\/2018\/10\/avatar-ocnews-1.png","url2x":"https:\/\/oncubanews.com\/en\/wp-content\/uploads\/2018\/10\/avatar-ocnews-1.png"},"0":null,"1":"","2":"","3":"","4":"","5":"","6":"","7":"","8":""}],"_links":{"self":[{"href":"https:\/\/oncubanews.com\/en\/wp-json\/wp\/v2\/posts\/206024","targetHints":{"allow":["GET"]}}],"collection":[{"href":"https:\/\/oncubanews.com\/en\/wp-json\/wp\/v2\/posts"}],"about":[{"href":"https:\/\/oncubanews.com\/en\/wp-json\/wp\/v2\/types\/post"}],"author":[{"embeddable":true,"href":"https:\/\/oncubanews.com\/en\/wp-json\/wp\/v2\/users\/3134"}],"replies":[{"embeddable":true,"href":"https:\/\/oncubanews.com\/en\/wp-json\/wp\/v2\/comments?post=206024"}],"version-history":[{"count":0,"href":"https:\/\/oncubanews.com\/en\/wp-json\/wp\/v2\/posts\/206024\/revisions"}],"wp:featuredmedia":[{"embeddable":true,"href":"https:\/\/oncubanews.com\/en\/wp-json\/wp\/v2\/media\/206025"}],"wp:attachment":[{"href":"https:\/\/oncubanews.com\/en\/wp-json\/wp\/v2\/media?parent=206024"}],"wp:term":[{"taxonomy":"category","embeddable":true,"href":"https:\/\/oncubanews.com\/en\/wp-json\/wp\/v2\/categories?post=206024"},{"taxonomy":"post_tag","embeddable":true,"href":"https:\/\/oncubanews.com\/en\/wp-json\/wp\/v2\/tags?post=206024"},{"taxonomy":"author","embeddable":true,"href":"https:\/\/oncubanews.com\/en\/wp-json\/wp\/v2\/ppma_author?post=206024"}],"curies":[{"name":"wp","href":"https:\/\/api.w.org\/{rel}","templated":true}]}}