
{"id":206276,"date":"2019-09-20T08:22:51","date_gmt":"2019-09-20T12:22:51","guid":{"rendered":"https:\/\/oncubanews.com\/en\/?p=206276"},"modified":"2019-09-20T08:22:51","modified_gmt":"2019-09-20T12:22:51","slug":"cuba-begins-consultation-on-candidacies-to-elect-new-government","status":"publish","type":"post","link":"https:\/\/oncubanews.com\/en\/cuba\/cuba-begins-consultation-on-candidacies-to-elect-new-government\/","title":{"rendered":"Cuba begins consultation on candidacies to elect new government"},"content":{"rendered":"<p><span style=\"font-weight: 400;\">Cuba began this Wednesday a process of consultation with the deputies to elect the main posts of a new government, among them those of president and vice president, as well as those of the National Assembly leadership and the Council of State.<\/span><\/p>\n<p><span style=\"font-weight: 400;\">The proposals of the parliamentarians, who appointed the candidates to hold the positions, will be analyzed to conform the candidacy projects and submit them for approval for the next elections, as explained by the president of the National Candidacy Commission (CCN), Mar\u00eda Consuelo Baeza, cited by the state-run <em>Cuban News Agency (ACN)<\/em>.<\/span><\/p>\n<p><span style=\"font-weight: 400;\">Baeza said that as established in Article 215 of the new Electoral Law passed last July, in compliance with the Constitution proclaimed on April 10, all deputies will deliver &#8220;personally, anonymously and in writing&#8221; their proposals.<\/span><\/p>\n<p><span style=\"font-weight: 400;\">On this first day the deputies of the provinces of Guant\u00e1namo, Holgu\u00edn, Sancti Sp\u00edritus, Pinar del R\u00edo and a group of those from Havana already exercised that right, where the process will take place until September 20.<\/span><\/p>\n<p><span style=\"font-weight: 400;\">As of this Thursday, the legislators of the eastern provinces of Santiago de Cuba and Las Tunas, the central Villa Clara and the western Artemisa will do so, and on Friday and Saturday this step will continue with the parliamentarians of Granma, Camag\u00fcey, Cienfuegos, Mayabeque, Ciego de \u00c1vila, Matanzas and the special municipality of Isla de la Juventud.<\/span><\/p>\n<div class=\"jeg_video_container jeg_video_content\"><iframe loading=\"lazy\" title=\"Diputados hacen propuestas para cargos del Estado y Parlamento en #Cuba\" width=\"500\" height=\"281\" src=\"https:\/\/www.youtube.com\/embed\/ny0NyXqPSU8?feature=oembed\" frameborder=\"0\" allow=\"accelerometer; autoplay; clipboard-write; encrypted-media; gyroscope; picture-in-picture; web-share\" referrerpolicy=\"strict-origin-when-cross-origin\" allowfullscreen><\/iframe><\/div>\n<p><span style=\"font-weight: 400;\">The head of the CCN said that all the deputies received a copy of the Electoral Law and that in an initial meeting by territory the importance and objectives of this step is explained to them.<\/span><\/p>\n<p><span style=\"font-weight: 400;\">One of the transitory provisions of the new Magna Carta establishes that after the Electoral Law has been approved, within three months the National Assembly elects from its deputies its president, vice president and secretary, the other members of the Council of State, and the president and vice president of the Republic.<\/span><\/p>\n<p><span style=\"font-weight: 400;\">As announced, this election will be held next October during an extraordinary session of the National Assembly.<\/span><\/p>\n<p><span style=\"font-weight: 400;\">Once the president of the Republic is elected\u2015until now known as &#8220;president of the Council of State and of Ministers&#8221;\u2015he will appoint the prime minister, both positions instituted by the new Magna Carta.<\/span><\/p>\n<p><span style=\"font-weight: 400;\">The new Electoral Law maintains the process of direct election of the deputies and reduces the composition of the Council of State from 31 to 21 members, including its leadership.<\/span><\/p>\n<p><span style=\"font-weight: 400;\">Its main changes also include the creation of the National Electoral Commission as a standing body and the modification of the proportion of deputies in search of a better territorial distribution in the representation of the Assembly, which will have 474 members instead of the current 605.<\/span><\/p>\n<p><span style=\"font-weight: 400;\">Three types of elections are established: the municipal ones, where the delegates to the Municipal Assemblies are elected; the national, to select the deputies, and that of governors, another new figure included in the newly proclaimed Constitution.<\/span><\/p>\n<p><span style=\"font-weight: 400;\">The electoral procedure does not vary for municipal delegates, whose candidacies are proposed directly by the neighbors, while those of the deputies to the National Assembly will continue to be in charge of candidacy commissions.<\/span><\/p>\n<p><span style=\"font-weight: 400;\">Parliament will continue to elect the country\u2019s president and vice presidents from among its members, which is why the door to direct presidential elections remains closed.<\/span><\/p>\n","protected":false},"excerpt":{"rendered":"<p>Cuba began this Wednesday a process of consultation with the deputies to elect the main posts of a new government, among them those of president and vice president, as well as those of the National Assembly leadership and the Council of State. The proposals of the parliamentarians, who appointed the candidates to hold the positions, [&hellip;]<\/p>\n","protected":false},"author":3606,"featured_media":206277,"comment_status":"open","ping_status":"closed","sticky":false,"template":"","format":"standard","meta":{"_acf_changed":false,"footnotes":""},"categories":[13902],"tags":[5292,8863],"ppma_author":[33548,17270],"class_list":["post-206276","post","type-post","status-publish","format-standard","has-post-thumbnail","hentry","category-cuba","tag-cuban-national-assembly","tag-cuban-society"],"acf":[],"yoast_head":"<!-- This site is optimized with the Yoast SEO plugin v27.3 - https:\/\/yoast.com\/product\/yoast-seo-wordpress\/ -->\n<title>Cuba begins consultation on candidacies to elect new government | OnCubaNews English<\/title>\n<meta name=\"description\" content=\"All legislators will submit &quot;personally, anonymously and in writing&quot; their proposals to the National Candidacy Commission.\" \/>\n<meta name=\"robots\" content=\"index, follow, max-snippet:-1, max-image-preview:large, max-video-preview:-1\" \/>\n<link rel=\"canonical\" href=\"https:\/\/oncubanews.com\/en\/cuba\/cuba-begins-consultation-on-candidacies-to-elect-new-government\/\" \/>\n<meta property=\"og:locale\" content=\"en_US\" \/>\n<meta property=\"og:type\" content=\"article\" \/>\n<meta property=\"og:title\" content=\"Cuba begins consultation on candidacies to elect new government | OnCubaNews English\" \/>\n<meta property=\"og:description\" content=\"All legislators will submit &quot;personally, anonymously and in writing&quot; their proposals to the National Candidacy Commission.\" \/>\n<meta property=\"og:url\" content=\"https:\/\/oncubanews.com\/en\/cuba\/cuba-begins-consultation-on-candidacies-to-elect-new-government\/\" \/>\n<meta property=\"og:site_name\" content=\"OnCubaNews English\" \/>\n<meta property=\"article:published_time\" content=\"2019-09-20T12:22:51+00:00\" \/>\n<meta property=\"og:image\" content=\"https:\/\/oncubanews.com\/en\/wp-content\/uploads\/2019\/09\/cuba-la-habana-grupos-de-trabajo-en-la-anpp.jpg\" \/>\n\t<meta property=\"og:image:width\" content=\"750\" \/>\n\t<meta property=\"og:image:height\" content=\"486\" \/>\n\t<meta property=\"og:image:type\" content=\"image\/jpeg\" \/>\n<meta name=\"author\" content=\"EFE, EFE\" \/>\n<meta name=\"twitter:card\" content=\"summary_large_image\" \/>\n<meta name=\"twitter:label1\" content=\"Written by\" \/>\n\t<meta name=\"twitter:data1\" content=\"EFE\" \/>\n\t<meta name=\"twitter:label2\" content=\"Est. reading time\" \/>\n\t<meta name=\"twitter:data2\" content=\"3 minutes\" \/>\n<script type=\"application\/ld+json\" class=\"yoast-schema-graph\">{\"@context\":\"https:\\\/\\\/schema.org\",\"@graph\":[{\"@type\":\"Article\",\"@id\":\"https:\\\/\\\/oncubanews.com\\\/en\\\/cuba\\\/cuba-begins-consultation-on-candidacies-to-elect-new-government\\\/#article\",\"isPartOf\":{\"@id\":\"https:\\\/\\\/oncubanews.com\\\/en\\\/cuba\\\/cuba-begins-consultation-on-candidacies-to-elect-new-government\\\/\"},\"author\":{\"name\":\"EFE\",\"@id\":\"https:\\\/\\\/oncubanews.com\\\/en\\\/#\\\/schema\\\/person\\\/4a4376ef86616685852e6d895d4d0eea\"},\"headline\":\"Cuba begins consultation on candidacies to elect new government\",\"datePublished\":\"2019-09-20T12:22:51+00:00\",\"mainEntityOfPage\":{\"@id\":\"https:\\\/\\\/oncubanews.com\\\/en\\\/cuba\\\/cuba-begins-consultation-on-candidacies-to-elect-new-government\\\/\"},\"wordCount\":554,\"commentCount\":0,\"image\":{\"@id\":\"https:\\\/\\\/oncubanews.com\\\/en\\\/cuba\\\/cuba-begins-consultation-on-candidacies-to-elect-new-government\\\/#primaryimage\"},\"thumbnailUrl\":\"https:\\\/\\\/oncubanews.com\\\/en\\\/wp-content\\\/uploads\\\/2019\\\/09\\\/cuba-la-habana-grupos-de-trabajo-en-la-anpp.jpg\",\"keywords\":[\"Cuban National Assembly\",\"cuban society\"],\"articleSection\":[\"Cuba\"],\"inLanguage\":\"en-US\",\"potentialAction\":[{\"@type\":\"CommentAction\",\"name\":\"Comment\",\"target\":[\"https:\\\/\\\/oncubanews.com\\\/en\\\/cuba\\\/cuba-begins-consultation-on-candidacies-to-elect-new-government\\\/#respond\"]}],\"copyrightYear\":\"2019\",\"copyrightHolder\":{\"@id\":\"https:\\\/\\\/oncubanews.com\\\/en\\\/#organization\"}},{\"@type\":\"WebPage\",\"@id\":\"https:\\\/\\\/oncubanews.com\\\/en\\\/cuba\\\/cuba-begins-consultation-on-candidacies-to-elect-new-government\\\/\",\"url\":\"https:\\\/\\\/oncubanews.com\\\/en\\\/cuba\\\/cuba-begins-consultation-on-candidacies-to-elect-new-government\\\/\",\"name\":\"Cuba begins consultation on candidacies to elect new government | OnCubaNews English\",\"isPartOf\":{\"@id\":\"https:\\\/\\\/oncubanews.com\\\/en\\\/#website\"},\"primaryImageOfPage\":{\"@id\":\"https:\\\/\\\/oncubanews.com\\\/en\\\/cuba\\\/cuba-begins-consultation-on-candidacies-to-elect-new-government\\\/#primaryimage\"},\"image\":{\"@id\":\"https:\\\/\\\/oncubanews.com\\\/en\\\/cuba\\\/cuba-begins-consultation-on-candidacies-to-elect-new-government\\\/#primaryimage\"},\"thumbnailUrl\":\"https:\\\/\\\/oncubanews.com\\\/en\\\/wp-content\\\/uploads\\\/2019\\\/09\\\/cuba-la-habana-grupos-de-trabajo-en-la-anpp.jpg\",\"datePublished\":\"2019-09-20T12:22:51+00:00\",\"author\":{\"@id\":\"https:\\\/\\\/oncubanews.com\\\/en\\\/#\\\/schema\\\/person\\\/4a4376ef86616685852e6d895d4d0eea\"},\"description\":\"All legislators will submit \\\"personally, anonymously and in writing\\\" their proposals to the National Candidacy Commission.\",\"breadcrumb\":{\"@id\":\"https:\\\/\\\/oncubanews.com\\\/en\\\/cuba\\\/cuba-begins-consultation-on-candidacies-to-elect-new-government\\\/#breadcrumb\"},\"inLanguage\":\"en-US\",\"potentialAction\":[{\"@type\":\"ReadAction\",\"target\":[\"https:\\\/\\\/oncubanews.com\\\/en\\\/cuba\\\/cuba-begins-consultation-on-candidacies-to-elect-new-government\\\/\"]}]},{\"@type\":\"ImageObject\",\"inLanguage\":\"en-US\",\"@id\":\"https:\\\/\\\/oncubanews.com\\\/en\\\/cuba\\\/cuba-begins-consultation-on-candidacies-to-elect-new-government\\\/#primaryimage\",\"url\":\"https:\\\/\\\/oncubanews.com\\\/en\\\/wp-content\\\/uploads\\\/2019\\\/09\\\/cuba-la-habana-grupos-de-trabajo-en-la-anpp.jpg\",\"contentUrl\":\"https:\\\/\\\/oncubanews.com\\\/en\\\/wp-content\\\/uploads\\\/2019\\\/09\\\/cuba-la-habana-grupos-de-trabajo-en-la-anpp.jpg\",\"width\":750,\"height\":486,\"caption\":\"Cuban National Assembly session, in the Havana Convention Center, on December 20, 2018. Photo: Marcelino V\u00e1zquez \\\/ ACN.\"},{\"@type\":\"BreadcrumbList\",\"@id\":\"https:\\\/\\\/oncubanews.com\\\/en\\\/cuba\\\/cuba-begins-consultation-on-candidacies-to-elect-new-government\\\/#breadcrumb\",\"itemListElement\":[{\"@type\":\"ListItem\",\"position\":1,\"name\":\"Portada\",\"item\":\"https:\\\/\\\/oncubanews.com\\\/en\\\/\"},{\"@type\":\"ListItem\",\"position\":2,\"name\":\"Cuba begins consultation on candidacies to elect new government\"}]},{\"@type\":\"WebSite\",\"@id\":\"https:\\\/\\\/oncubanews.com\\\/en\\\/#website\",\"url\":\"https:\\\/\\\/oncubanews.com\\\/en\\\/\",\"name\":\"OnCubaNews English\",\"description\":\"Revista sobre Cuba\",\"potentialAction\":[{\"@type\":\"SearchAction\",\"target\":{\"@type\":\"EntryPoint\",\"urlTemplate\":\"https:\\\/\\\/oncubanews.com\\\/en\\\/?s={search_term_string}\"},\"query-input\":{\"@type\":\"PropertyValueSpecification\",\"valueRequired\":true,\"valueName\":\"search_term_string\"}}],\"inLanguage\":\"en-US\"},{\"@type\":\"Person\",\"@id\":\"https:\\\/\\\/oncubanews.com\\\/en\\\/#\\\/schema\\\/person\\\/4a4376ef86616685852e6d895d4d0eea\",\"name\":\"EFE\",\"image\":{\"@type\":\"ImageObject\",\"inLanguage\":\"en-US\",\"@id\":\"https:\\\/\\\/secure.gravatar.com\\\/avatar\\\/2a1de33ef07ae580021e92116e205cdb099068c1ff1fdba600b998c78b6347eb?s=96&r=gd23dcd71e12bce3843a7572453d0d981\",\"url\":\"https:\\\/\\\/secure.gravatar.com\\\/avatar\\\/2a1de33ef07ae580021e92116e205cdb099068c1ff1fdba600b998c78b6347eb?s=96&r=g\",\"contentUrl\":\"https:\\\/\\\/secure.gravatar.com\\\/avatar\\\/2a1de33ef07ae580021e92116e205cdb099068c1ff1fdba600b998c78b6347eb?s=96&r=g\",\"caption\":\"EFE\"},\"url\":\"https:\\\/\\\/oncubanews.com\\\/en\\\/author\\\/efe\\\/\"}]}<\/script>\n<!-- \/ Yoast SEO plugin. -->","yoast_head_json":{"title":"Cuba begins consultation on candidacies to elect new government | OnCubaNews English","description":"All legislators will submit \"personally, anonymously and in writing\" their proposals to the National Candidacy Commission.","robots":{"index":"index","follow":"follow","max-snippet":"max-snippet:-1","max-image-preview":"max-image-preview:large","max-video-preview":"max-video-preview:-1"},"canonical":"https:\/\/oncubanews.com\/en\/cuba\/cuba-begins-consultation-on-candidacies-to-elect-new-government\/","og_locale":"en_US","og_type":"article","og_title":"Cuba begins consultation on candidacies to elect new government | OnCubaNews English","og_description":"All legislators will submit \"personally, anonymously and in writing\" their proposals to the National Candidacy Commission.","og_url":"https:\/\/oncubanews.com\/en\/cuba\/cuba-begins-consultation-on-candidacies-to-elect-new-government\/","og_site_name":"OnCubaNews English","article_published_time":"2019-09-20T12:22:51+00:00","og_image":[{"width":750,"height":486,"url":"https:\/\/oncubanews.com\/en\/wp-content\/uploads\/2019\/09\/cuba-la-habana-grupos-de-trabajo-en-la-anpp.jpg","type":"image\/jpeg"}],"author":"EFE, EFE","twitter_card":"summary_large_image","twitter_misc":{"Written by":"EFE","Est. reading time":"3 minutes"},"schema":{"@context":"https:\/\/schema.org","@graph":[{"@type":"Article","@id":"https:\/\/oncubanews.com\/en\/cuba\/cuba-begins-consultation-on-candidacies-to-elect-new-government\/#article","isPartOf":{"@id":"https:\/\/oncubanews.com\/en\/cuba\/cuba-begins-consultation-on-candidacies-to-elect-new-government\/"},"author":{"name":"EFE","@id":"https:\/\/oncubanews.com\/en\/#\/schema\/person\/4a4376ef86616685852e6d895d4d0eea"},"headline":"Cuba begins consultation on candidacies to elect new government","datePublished":"2019-09-20T12:22:51+00:00","mainEntityOfPage":{"@id":"https:\/\/oncubanews.com\/en\/cuba\/cuba-begins-consultation-on-candidacies-to-elect-new-government\/"},"wordCount":554,"commentCount":0,"image":{"@id":"https:\/\/oncubanews.com\/en\/cuba\/cuba-begins-consultation-on-candidacies-to-elect-new-government\/#primaryimage"},"thumbnailUrl":"https:\/\/oncubanews.com\/en\/wp-content\/uploads\/2019\/09\/cuba-la-habana-grupos-de-trabajo-en-la-anpp.jpg","keywords":["Cuban National Assembly","cuban society"],"articleSection":["Cuba"],"inLanguage":"en-US","potentialAction":[{"@type":"CommentAction","name":"Comment","target":["https:\/\/oncubanews.com\/en\/cuba\/cuba-begins-consultation-on-candidacies-to-elect-new-government\/#respond"]}],"copyrightYear":"2019","copyrightHolder":{"@id":"https:\/\/oncubanews.com\/en\/#organization"}},{"@type":"WebPage","@id":"https:\/\/oncubanews.com\/en\/cuba\/cuba-begins-consultation-on-candidacies-to-elect-new-government\/","url":"https:\/\/oncubanews.com\/en\/cuba\/cuba-begins-consultation-on-candidacies-to-elect-new-government\/","name":"Cuba begins consultation on candidacies to elect new government | OnCubaNews English","isPartOf":{"@id":"https:\/\/oncubanews.com\/en\/#website"},"primaryImageOfPage":{"@id":"https:\/\/oncubanews.com\/en\/cuba\/cuba-begins-consultation-on-candidacies-to-elect-new-government\/#primaryimage"},"image":{"@id":"https:\/\/oncubanews.com\/en\/cuba\/cuba-begins-consultation-on-candidacies-to-elect-new-government\/#primaryimage"},"thumbnailUrl":"https:\/\/oncubanews.com\/en\/wp-content\/uploads\/2019\/09\/cuba-la-habana-grupos-de-trabajo-en-la-anpp.jpg","datePublished":"2019-09-20T12:22:51+00:00","author":{"@id":"https:\/\/oncubanews.com\/en\/#\/schema\/person\/4a4376ef86616685852e6d895d4d0eea"},"description":"All legislators will submit \"personally, anonymously and in writing\" their proposals to the National Candidacy Commission.","breadcrumb":{"@id":"https:\/\/oncubanews.com\/en\/cuba\/cuba-begins-consultation-on-candidacies-to-elect-new-government\/#breadcrumb"},"inLanguage":"en-US","potentialAction":[{"@type":"ReadAction","target":["https:\/\/oncubanews.com\/en\/cuba\/cuba-begins-consultation-on-candidacies-to-elect-new-government\/"]}]},{"@type":"ImageObject","inLanguage":"en-US","@id":"https:\/\/oncubanews.com\/en\/cuba\/cuba-begins-consultation-on-candidacies-to-elect-new-government\/#primaryimage","url":"https:\/\/oncubanews.com\/en\/wp-content\/uploads\/2019\/09\/cuba-la-habana-grupos-de-trabajo-en-la-anpp.jpg","contentUrl":"https:\/\/oncubanews.com\/en\/wp-content\/uploads\/2019\/09\/cuba-la-habana-grupos-de-trabajo-en-la-anpp.jpg","width":750,"height":486,"caption":"Cuban National Assembly session, in the Havana Convention Center, on December 20, 2018. Photo: Marcelino V\u00e1zquez \/ ACN."},{"@type":"BreadcrumbList","@id":"https:\/\/oncubanews.com\/en\/cuba\/cuba-begins-consultation-on-candidacies-to-elect-new-government\/#breadcrumb","itemListElement":[{"@type":"ListItem","position":1,"name":"Portada","item":"https:\/\/oncubanews.com\/en\/"},{"@type":"ListItem","position":2,"name":"Cuba begins consultation on candidacies to elect new government"}]},{"@type":"WebSite","@id":"https:\/\/oncubanews.com\/en\/#website","url":"https:\/\/oncubanews.com\/en\/","name":"OnCubaNews English","description":"Revista sobre Cuba","potentialAction":[{"@type":"SearchAction","target":{"@type":"EntryPoint","urlTemplate":"https:\/\/oncubanews.com\/en\/?s={search_term_string}"},"query-input":{"@type":"PropertyValueSpecification","valueRequired":true,"valueName":"search_term_string"}}],"inLanguage":"en-US"},{"@type":"Person","@id":"https:\/\/oncubanews.com\/en\/#\/schema\/person\/4a4376ef86616685852e6d895d4d0eea","name":"EFE","image":{"@type":"ImageObject","inLanguage":"en-US","@id":"https:\/\/secure.gravatar.com\/avatar\/2a1de33ef07ae580021e92116e205cdb099068c1ff1fdba600b998c78b6347eb?s=96&r=gd23dcd71e12bce3843a7572453d0d981","url":"https:\/\/secure.gravatar.com\/avatar\/2a1de33ef07ae580021e92116e205cdb099068c1ff1fdba600b998c78b6347eb?s=96&r=g","contentUrl":"https:\/\/secure.gravatar.com\/avatar\/2a1de33ef07ae580021e92116e205cdb099068c1ff1fdba600b998c78b6347eb?s=96&r=g","caption":"EFE"},"url":"https:\/\/oncubanews.com\/en\/author\/efe\/"}]}},"authors":[{"term_id":33548,"user_id":3606,"is_guest":0,"slug":"efe","display_name":"EFE","avatar_url":"https:\/\/secure.gravatar.com\/avatar\/2a1de33ef07ae580021e92116e205cdb099068c1ff1fdba600b998c78b6347eb?s=96&r=g","0":null,"1":"","2":"","3":"","4":"","5":"","6":"","7":"","8":""},{"term_id":17270,"user_id":0,"is_guest":1,"slug":"cap-efe","display_name":"EFE","avatar_url":"https:\/\/secure.gravatar.com\/avatar\/?s=96&r=g","0":null,"1":"","2":"","3":"","4":"","5":"","6":"","7":"","8":""}],"_links":{"self":[{"href":"https:\/\/oncubanews.com\/en\/wp-json\/wp\/v2\/posts\/206276","targetHints":{"allow":["GET"]}}],"collection":[{"href":"https:\/\/oncubanews.com\/en\/wp-json\/wp\/v2\/posts"}],"about":[{"href":"https:\/\/oncubanews.com\/en\/wp-json\/wp\/v2\/types\/post"}],"author":[{"embeddable":true,"href":"https:\/\/oncubanews.com\/en\/wp-json\/wp\/v2\/users\/3606"}],"replies":[{"embeddable":true,"href":"https:\/\/oncubanews.com\/en\/wp-json\/wp\/v2\/comments?post=206276"}],"version-history":[{"count":0,"href":"https:\/\/oncubanews.com\/en\/wp-json\/wp\/v2\/posts\/206276\/revisions"}],"wp:featuredmedia":[{"embeddable":true,"href":"https:\/\/oncubanews.com\/en\/wp-json\/wp\/v2\/media\/206277"}],"wp:attachment":[{"href":"https:\/\/oncubanews.com\/en\/wp-json\/wp\/v2\/media?parent=206276"}],"wp:term":[{"taxonomy":"category","embeddable":true,"href":"https:\/\/oncubanews.com\/en\/wp-json\/wp\/v2\/categories?post=206276"},{"taxonomy":"post_tag","embeddable":true,"href":"https:\/\/oncubanews.com\/en\/wp-json\/wp\/v2\/tags?post=206276"},{"taxonomy":"author","embeddable":true,"href":"https:\/\/oncubanews.com\/en\/wp-json\/wp\/v2\/ppma_author?post=206276"}],"curies":[{"name":"wp","href":"https:\/\/api.w.org\/{rel}","templated":true}]}}