
{"id":206859,"date":"2019-10-02T20:12:58","date_gmt":"2019-10-03T00:12:58","guid":{"rendered":"https:\/\/oncubanews.com\/en\/?p=206859"},"modified":"2019-10-02T20:12:58","modified_gmt":"2019-10-03T00:12:58","slug":"havana-reclaiming-the-sidewalks","status":"publish","type":"post","link":"https:\/\/oncubanews.com\/en\/cuba\/havana-reclaiming-the-sidewalks\/","title":{"rendered":"Havana: Reclaiming the sidewalks"},"content":{"rendered":"<p><span style=\"font-weight: 400;\">The city, lived at different rhythms or cadences, is not the same. From a vehicle it is nothing more than a fleeting and confusing succession of lines, colors, lights and shadows that are always left behind. Another, on the other hand, is the one discovered by the calm walker, who can perceive textures, smells, murmurs and conversations, the one who has glimpses of families in the gloom, sees shop windows, senses secrets, guesses fleeting caresses, surprises sighs and smiles&#8230;, it is the nearby, calm, intimate and human Havana.<\/span><\/p>\n<p><span style=\"font-weight: 400;\">Always in urban crowds the street was, in addition to a means of transit, a meeting space and for human communication. This multi-functionality meant that, at least already in the times of Rome, the sidewalk was differentiated with curbs that provided safety for pedestrians and helped to channel the waters. But the speed and amount of vehicles was still not so much that they couldn\u2019t coexist with the pedestrians.<\/span><\/p>\n<p><span style=\"font-weight: 400;\">However, the overwhelming appearance of the automobile in the 20th century made the ordinary citizen start losing public space. The sidewalks became increasingly narrower, corners were cut, public spaces became parking lots and the pedestrian crossing of streets had to be limited, regulated and sometimes diverted\u2015above or below.<\/span><\/p>\n<figure id=\"attachment_206862\" aria-describedby=\"caption-attachment-206862\" style=\"width: 1024px\" class=\"wp-caption aligncenter\"><a href=\"https:\/\/oncubanews.com\/en\/wp-content\/uploads\/2019\/10\/fotos-otmaro-rodr\u00edguez-22.jpg\"><img loading=\"lazy\" decoding=\"async\" class=\"size-full wp-image-206862\" src=\"https:\/\/oncubanews.com\/en\/wp-content\/uploads\/2019\/10\/fotos-otmaro-rodr\u00edguez-22.jpg\" alt=\"\" width=\"1024\" height=\"683\" srcset=\"https:\/\/oncubanews.com\/en\/wp-content\/uploads\/2019\/10\/fotos-otmaro-rodr\u00edguez-22.jpg 1024w, https:\/\/oncubanews.com\/en\/wp-content\/uploads\/2019\/10\/fotos-otmaro-rodr\u00edguez-22-300x200.jpg 300w, https:\/\/oncubanews.com\/en\/wp-content\/uploads\/2019\/10\/fotos-otmaro-rodr\u00edguez-22-768x512.jpg 768w, https:\/\/oncubanews.com\/en\/wp-content\/uploads\/2019\/10\/fotos-otmaro-rodr\u00edguez-22-750x500.jpg 750w\" sizes=\"auto, (max-width: 1024px) 100vw, 1024px\" \/><\/a><figcaption id=\"caption-attachment-206862\" class=\"wp-caption-text\">Photos: Otmaro Rodr\u00edguez<\/figcaption><\/figure>\n<p><span style=\"font-weight: 400;\">It is common knowledge that one of the aspects that best characterizes a city is the quality of its public space. What defines it is precisely its social use, understood as a place of relations, of exchange, of mutual recognition, a space for cultural or political manifestations, of collective experiences. The sidewalks are still today, together with parks and squares, the privileged space for close contact, where you can still look people in the eye, greetings are exchanged, people exchange looks, where you observe, talk, pry or simply stroll.<\/span><\/p>\n<p><span style=\"font-weight: 400;\">The city of Havana can take pride in maintaining majestic sidewalks such as the central promenades of the Prado or Fifth Avenue, those that descend to the sea on G and Paseo avenues, or very busy sidewalks such as that of San Rafael Boulevard, those of La Rampa and others with historical connotations such as the sidewalk of the Louvre Caf\u00e9.<\/span><\/p>\n<figure id=\"attachment_206863\" aria-describedby=\"caption-attachment-206863\" style=\"width: 1024px\" class=\"wp-caption aligncenter\"><a href=\"https:\/\/oncubanews.com\/en\/wp-content\/uploads\/2019\/10\/la-rampa_otm01-21.jpg\"><img loading=\"lazy\" decoding=\"async\" class=\"size-full wp-image-206863\" src=\"https:\/\/oncubanews.com\/en\/wp-content\/uploads\/2019\/10\/la-rampa_otm01-21.jpg\" alt=\"\" width=\"1024\" height=\"683\" srcset=\"https:\/\/oncubanews.com\/en\/wp-content\/uploads\/2019\/10\/la-rampa_otm01-21.jpg 1024w, https:\/\/oncubanews.com\/en\/wp-content\/uploads\/2019\/10\/la-rampa_otm01-21-300x200.jpg 300w, https:\/\/oncubanews.com\/en\/wp-content\/uploads\/2019\/10\/la-rampa_otm01-21-768x512.jpg 768w, https:\/\/oncubanews.com\/en\/wp-content\/uploads\/2019\/10\/la-rampa_otm01-21-750x500.jpg 750w\" sizes=\"auto, (max-width: 1024px) 100vw, 1024px\" \/><\/a><figcaption id=\"caption-attachment-206863\" class=\"wp-caption-text\">Photo: Otmaro Rodr\u00edguez.<\/figcaption><\/figure>\n<p><span style=\"font-weight: 400;\">In the city there are sidewalks protected from the sun and the rain, such as the lively portals of Old Havana, Centro Habana, the Malecon or the Calzadas. There are cool sidewalks shaded by leafy trees like in Vedado or Miramar. These are sidewalks that are an integral part of the public space, close family of squares and parks, where you can walk or simply be. Fortunately, the city has been able to avoid, until now, the urban destruction that would mean crossing it with urban thruways that section the residential fabric or &#8220;elevated highways&#8221; that generate sordid inferior spaces.<\/span><\/p>\n<p><span style=\"font-weight: 400;\">Unfortunately, there are also narrow, squalid, famished sidewalks in Havana, where it is not even possible to advance forward. Too many are in a poor state, broken, uneven and with deep scars, with inspection hatches without tops, grilles and gaps that make walking along them dangerous or impossible. There are slippery sidewalks, which can lead to senior citizens\u2019 broken hips, dirty sidewalks, flooded with garbage. And, as if that were not enough, they must withstand, in addition to the passage of pedestrians, the placement of trees, poles, traffic signs, commercial signs, garbage deposits, telephone registries&#8230;that often hinder their proper functioning, reducing the pedestrians\u2019 transit space to impossible extremes.<\/span><\/p>\n<figure id=\"attachment_206865\" aria-describedby=\"caption-attachment-206865\" style=\"width: 1024px\" class=\"wp-caption aligncenter\"><a href=\"https:\/\/oncubanews.com\/en\/wp-content\/uploads\/2019\/10\/la-rampa_otm01-1.jpg\"><img loading=\"lazy\" decoding=\"async\" class=\"size-full wp-image-206865\" src=\"https:\/\/oncubanews.com\/en\/wp-content\/uploads\/2019\/10\/la-rampa_otm01-1.jpg\" alt=\"\" width=\"1024\" height=\"683\" srcset=\"https:\/\/oncubanews.com\/en\/wp-content\/uploads\/2019\/10\/la-rampa_otm01-1.jpg 1024w, https:\/\/oncubanews.com\/en\/wp-content\/uploads\/2019\/10\/la-rampa_otm01-1-300x200.jpg 300w, https:\/\/oncubanews.com\/en\/wp-content\/uploads\/2019\/10\/la-rampa_otm01-1-768x512.jpg 768w, https:\/\/oncubanews.com\/en\/wp-content\/uploads\/2019\/10\/la-rampa_otm01-1-750x500.jpg 750w\" sizes=\"auto, (max-width: 1024px) 100vw, 1024px\" \/><\/a><figcaption id=\"caption-attachment-206865\" class=\"wp-caption-text\">Photo: Otmaro Rodr\u00edguez.<\/figcaption><\/figure>\n<p><span style=\"font-weight: 400;\">As if that were not enough, often the sidewalk space is also &#8220;appropriate&#8221; sometimes for state, sometimes for private usage. Some invade and take over the sidewalks with cafeteria and restaurant terraces in tourist areas, others install their permanent or temporary outlets, others conquer the space to park their vehicle on the sidewalk, others delimit the area in the front of their house with bars or walls that cut and prevent the passage through the portals.<\/span><\/p>\n<p><span style=\"font-weight: 400;\">At this point, the city\u2015or, more precisely, motorization\u2015has accumulated a considerable debt with pedestrians. It is already essential to reclaim the recovery of a greater space for sidewalks, safe pavements, adequate urban furniture, adaptations for use by people with limitations\u2015such as children, the elderly, mothers with strollers\u2015or people with disabilities. Why so many plans to solve the potholes and so few to fix the broken sidewalks?<\/span><\/p>\n<figure id=\"attachment_206864\" aria-describedby=\"caption-attachment-206864\" style=\"width: 1024px\" class=\"wp-caption aligncenter\"><a href=\"https:\/\/oncubanews.com\/en\/wp-content\/uploads\/2019\/10\/fotos-otmaro-rodr\u00edguez-16.jpg\"><img loading=\"lazy\" decoding=\"async\" class=\"size-full wp-image-206864\" src=\"https:\/\/oncubanews.com\/en\/wp-content\/uploads\/2019\/10\/fotos-otmaro-rodr\u00edguez-16.jpg\" alt=\"\" width=\"1024\" height=\"683\" srcset=\"https:\/\/oncubanews.com\/en\/wp-content\/uploads\/2019\/10\/fotos-otmaro-rodr\u00edguez-16.jpg 1024w, https:\/\/oncubanews.com\/en\/wp-content\/uploads\/2019\/10\/fotos-otmaro-rodr\u00edguez-16-300x200.jpg 300w, https:\/\/oncubanews.com\/en\/wp-content\/uploads\/2019\/10\/fotos-otmaro-rodr\u00edguez-16-768x512.jpg 768w, https:\/\/oncubanews.com\/en\/wp-content\/uploads\/2019\/10\/fotos-otmaro-rodr\u00edguez-16-750x500.jpg 750w\" sizes=\"auto, (max-width: 1024px) 100vw, 1024px\" \/><\/a><figcaption id=\"caption-attachment-206864\" class=\"wp-caption-text\">Photos: Otmaro Rodr\u00edguez<\/figcaption><\/figure>\n<p><span style=\"font-weight: 400;\">In many &#8220;developed&#8221; cities, with motorization levels 10 times higher than those in Havana, sidewalk recovery and expansion programs are being carried out. This city could easily join this process. Not only does it enjoy a relatively peaceful transit, with few parking problems. It is also a city where pedestrians naturally take over a good part of the streets, &#8220;de facto&#8221; pedestrianizing them.\u00a0<\/span><\/p>\n<p><span style=\"font-weight: 400;\">Havana people usually appropriate spontaneously the roads of the secondary streets\u2015and sometimes also of main roads\u2015, interrupting the temporary traffic and momentarily turning the roads into &#8220;sidewalks&#8221; where children play games, neighborhood meetings are convened, where dominoes is played, popular parties, fairs of all kinds, carnivals&#8230;or any activity that requires a public space are held.<\/span><\/p>\n<figure id=\"attachment_206867\" aria-describedby=\"caption-attachment-206867\" style=\"width: 1024px\" class=\"wp-caption aligncenter\"><a href=\"https:\/\/oncubanews.com\/en\/wp-content\/uploads\/2019\/10\/fotos-otmaro-rodr\u00edguez-17.jpg\"><img loading=\"lazy\" decoding=\"async\" class=\"size-full wp-image-206867\" src=\"https:\/\/oncubanews.com\/en\/wp-content\/uploads\/2019\/10\/fotos-otmaro-rodr\u00edguez-17.jpg\" alt=\"\" width=\"1024\" height=\"683\" srcset=\"https:\/\/oncubanews.com\/en\/wp-content\/uploads\/2019\/10\/fotos-otmaro-rodr\u00edguez-17.jpg 1024w, https:\/\/oncubanews.com\/en\/wp-content\/uploads\/2019\/10\/fotos-otmaro-rodr\u00edguez-17-300x200.jpg 300w, https:\/\/oncubanews.com\/en\/wp-content\/uploads\/2019\/10\/fotos-otmaro-rodr\u00edguez-17-768x512.jpg 768w, https:\/\/oncubanews.com\/en\/wp-content\/uploads\/2019\/10\/fotos-otmaro-rodr\u00edguez-17-750x500.jpg 750w\" sizes=\"auto, (max-width: 1024px) 100vw, 1024px\" \/><\/a><figcaption id=\"caption-attachment-206867\" class=\"wp-caption-text\">Fotos: Otmaro Rodr\u00edguez<\/figcaption><\/figure>\n<p><span style=\"font-weight: 400;\">Of course, it is not about inventing or modifying sidewalks in any crazy way. Sidewalks also have their design conditions. For example, a height difference of no more than 15 cm is recommended with respect to the roadway, a minimum free width of 1.50 m., slopes of 2% for rain drainage, a non-slip finish to prevent falls, curbs for canalization and drainage for the proper evacuation of rainwater and easy cleaning; prohibition and appropriate sanctions for unauthorized cutting or breaking, space and regulations for the placement of urban furniture, ramps in the corners with slopes not greater than 10% and a minimum width of 1.20 m., a minimum height of 2.20 m. for any sign or overhanging on the sidewalk, etc. [1]<\/span><\/p>\n<p><span style=\"font-weight: 400;\">Pedestrian areas are already progressing decisively, as in Old Havana. There is a street, such as the San Rafael Boulevard, where the sidewalk goes from one side to the other, eliminating vehicular traffic. But it can be affirmed that, far from this radical solution, the proportion of inappropriate or frankly useless sidewalks, if not dangerous, is absolutely a majority. The width of the sidewalks is one of the things most mentioned about the urban quality of a neighborhood. You cannot forget that they are the sidewalks of the neighbors, of the workers, of the strollers, of those who go out to make purchases, of the students, the tourists, but they must also be the sidewalks of the children, of the elderly, of the handicapped, of the blind&#8230;.<\/span><\/p>\n<figure id=\"attachment_206868\" aria-describedby=\"caption-attachment-206868\" style=\"width: 1024px\" class=\"wp-caption aligncenter\"><a href=\"https:\/\/oncubanews.com\/en\/wp-content\/uploads\/2019\/10\/habana-naturaleza-secreta9r.jpg\"><img loading=\"lazy\" decoding=\"async\" class=\"size-full wp-image-206868\" src=\"https:\/\/oncubanews.com\/en\/wp-content\/uploads\/2019\/10\/habana-naturaleza-secreta9r.jpg\" alt=\"\" width=\"1024\" height=\"683\" srcset=\"https:\/\/oncubanews.com\/en\/wp-content\/uploads\/2019\/10\/habana-naturaleza-secreta9r.jpg 1024w, https:\/\/oncubanews.com\/en\/wp-content\/uploads\/2019\/10\/habana-naturaleza-secreta9r-300x200.jpg 300w, https:\/\/oncubanews.com\/en\/wp-content\/uploads\/2019\/10\/habana-naturaleza-secreta9r-768x512.jpg 768w, https:\/\/oncubanews.com\/en\/wp-content\/uploads\/2019\/10\/habana-naturaleza-secreta9r-750x500.jpg 750w\" sizes=\"auto, (max-width: 1024px) 100vw, 1024px\" \/><\/a><figcaption id=\"caption-attachment-206868\" class=\"wp-caption-text\">Photo: Naturaleza Secreta.<\/figcaption><\/figure>\n<p><span style=\"font-weight: 400;\">A city without people would be a dead city. [2] A park without people is not a park. A street that does not allow pedestrians to walk quietly and comfortably, may be an urban road, but not a street. We must reclaim and reconquer the natural space of the walking citizen, that is, the vast majority of Havanans. Let&#8217;s take care of the sidewalks and they will take care of us.<\/span><\/p>\n<p><span style=\"font-weight: 400;\">\u00a0<\/span><\/p>\n<p><em><span style=\"font-weight: 400;\">Notes:<\/span><\/em><\/p>\n<p><span style=\"font-weight: 400;\">[1] S. JEREZ AND P. TORRES: Manual de dise\u00f1o e infraestructura peatonal urbana. www.monograf\u00edas.com<\/span><\/p>\n<p><span style=\"font-weight: 400;\">[2] We often forget that a city is not just stones but, above all, people. It is inexplicable that on the 500th anniversary of the city its built heritage has been highlighted so much and so little homage has been paid to numerous illustrious Havanans. Without going back, Jos\u00e9 Mart\u00ed or Father Varela, and only taking into account those born in Havana, in the 20th century, we find writers such as Dulce Mar\u00eda Loynaz, Lezama, Eliseo Diego or Padura, painters such as V\u00edctor Manuel, Servando Cabrera, Pogolotti, Mariano or Portocarrero; sculptors like Rita Longa; architects like Mario Roma\u00f1ach, Nicolas Quintana, Antonio Quintana, Fernando Salinas or Mario Coyula; dancers like Alicia Alonso or Carlos Acosta; photographers like Korda; movie people like Santiago \u00c1lvarez, Tit\u00f3n or Perugorria; athletes like Kid Chocolate, Capablanca or Ivan Pedroso; personalities such as Fernando Ortiz, Mella, Ra\u00fal Roa, Camilo Cienfuegos, Eusebio Leal; scientists like \u00c1lvarez Cambras or Miyares Cao; and a long list of musicians: Ignacio Pi\u00f1eiro, Bola de Nieve, Rita Montaner, Chano Pozo, Lecuona, Celia Cruz, Elena Burke, Omara Portuondo, Leo Brouwer, Juan Formell&#8230;. We would easily reach 500 too! Although&#8230; are Havanans born here or those who make Havana? But that would be another topic&#8230;and a much longer list!<\/span><\/p>\n","protected":false},"excerpt":{"rendered":"<p>The city, lived at different rhythms or cadences, is not the same. From a vehicle it is nothing more than a fleeting and confusing succession of lines, colors, lights and shadows that are always left behind. Another, on the other hand, is the one discovered by the calm walker, who can perceive textures, smells, murmurs [&hellip;]<\/p>\n","protected":false},"author":3766,"featured_media":206860,"comment_status":"open","ping_status":"closed","sticky":false,"template":"","format":"standard","meta":{"_acf_changed":false,"footnotes":""},"categories":[13902],"tags":[8863,24577],"ppma_author":[34032,23957],"class_list":["post-206859","post","type-post","status-publish","format-standard","has-post-thumbnail","hentry","category-cuba","tag-cuban-society","tag-havana-city"],"acf":[],"yoast_head":"<!-- This site is optimized with the Yoast SEO plugin v27.3 - https:\/\/yoast.com\/product\/yoast-seo-wordpress\/ -->\n<title>Havana: Reclaiming the sidewalks | OnCubaNews English<\/title>\n<meta name=\"description\" content=\"The city of Havana can take pride in maintaining majestic sidewalks and must concern itself about suffering from too many narrow, squalid, famished sidewalks, in a bad state, broken, uneven and with deep scars.\" \/>\n<meta name=\"robots\" content=\"index, follow, max-snippet:-1, max-image-preview:large, max-video-preview:-1\" \/>\n<link rel=\"canonical\" href=\"https:\/\/oncubanews.com\/en\/cuba\/havana-reclaiming-the-sidewalks\/\" \/>\n<meta property=\"og:locale\" content=\"en_US\" \/>\n<meta property=\"og:type\" content=\"article\" \/>\n<meta property=\"og:title\" content=\"Havana: Reclaiming the sidewalks | OnCubaNews English\" \/>\n<meta property=\"og:description\" content=\"The city of Havana can take pride in maintaining majestic sidewalks and must concern itself about suffering from too many narrow, squalid, famished sidewalks, in a bad state, broken, uneven and with deep scars.\" \/>\n<meta property=\"og:url\" content=\"https:\/\/oncubanews.com\/en\/cuba\/havana-reclaiming-the-sidewalks\/\" \/>\n<meta property=\"og:site_name\" content=\"OnCubaNews English\" \/>\n<meta property=\"article:published_time\" content=\"2019-10-03T00:12:58+00:00\" \/>\n<meta property=\"og:image\" content=\"https:\/\/oncubanews.com\/en\/wp-content\/uploads\/2019\/10\/habana-naturaleza-secreta8.jpg\" \/>\n\t<meta property=\"og:image:width\" content=\"750\" \/>\n\t<meta property=\"og:image:height\" content=\"422\" \/>\n\t<meta property=\"og:image:type\" content=\"image\/jpeg\" \/>\n<meta name=\"author\" content=\"Carlos Garc\u00eda Pley\u00e1n, cgpleyan\" \/>\n<meta name=\"twitter:card\" content=\"summary_large_image\" \/>\n<meta name=\"twitter:label1\" content=\"Written by\" \/>\n\t<meta name=\"twitter:data1\" content=\"Carlos Garc\u00eda Pley\u00e1n\" \/>\n\t<meta name=\"twitter:label2\" content=\"Est. reading time\" \/>\n\t<meta name=\"twitter:data2\" content=\"7 minutes\" \/>\n<script type=\"application\/ld+json\" class=\"yoast-schema-graph\">{\"@context\":\"https:\\\/\\\/schema.org\",\"@graph\":[{\"@type\":\"Article\",\"@id\":\"https:\\\/\\\/oncubanews.com\\\/en\\\/cuba\\\/havana-reclaiming-the-sidewalks\\\/#article\",\"isPartOf\":{\"@id\":\"https:\\\/\\\/oncubanews.com\\\/en\\\/cuba\\\/havana-reclaiming-the-sidewalks\\\/\"},\"author\":{\"name\":\"Carlos Garc\u00eda Pley\u00e1n\",\"@id\":\"https:\\\/\\\/oncubanews.com\\\/en\\\/#\\\/schema\\\/person\\\/f634edcf6cff63166a7173abd57b819c\"},\"headline\":\"Havana: Reclaiming the sidewalks\",\"datePublished\":\"2019-10-03T00:12:58+00:00\",\"mainEntityOfPage\":{\"@id\":\"https:\\\/\\\/oncubanews.com\\\/en\\\/cuba\\\/havana-reclaiming-the-sidewalks\\\/\"},\"wordCount\":1439,\"commentCount\":1,\"image\":{\"@id\":\"https:\\\/\\\/oncubanews.com\\\/en\\\/cuba\\\/havana-reclaiming-the-sidewalks\\\/#primaryimage\"},\"thumbnailUrl\":\"https:\\\/\\\/oncubanews.com\\\/en\\\/wp-content\\\/uploads\\\/2019\\\/10\\\/habana-naturaleza-secreta8.jpg\",\"keywords\":[\"cuban society\",\"Havana city\"],\"articleSection\":[\"Cuba\"],\"inLanguage\":\"en-US\",\"potentialAction\":[{\"@type\":\"CommentAction\",\"name\":\"Comment\",\"target\":[\"https:\\\/\\\/oncubanews.com\\\/en\\\/cuba\\\/havana-reclaiming-the-sidewalks\\\/#respond\"]}],\"copyrightYear\":\"2019\",\"copyrightHolder\":{\"@id\":\"https:\\\/\\\/oncubanews.com\\\/en\\\/#organization\"}},{\"@type\":\"WebPage\",\"@id\":\"https:\\\/\\\/oncubanews.com\\\/en\\\/cuba\\\/havana-reclaiming-the-sidewalks\\\/\",\"url\":\"https:\\\/\\\/oncubanews.com\\\/en\\\/cuba\\\/havana-reclaiming-the-sidewalks\\\/\",\"name\":\"Havana: Reclaiming the sidewalks | OnCubaNews English\",\"isPartOf\":{\"@id\":\"https:\\\/\\\/oncubanews.com\\\/en\\\/#website\"},\"primaryImageOfPage\":{\"@id\":\"https:\\\/\\\/oncubanews.com\\\/en\\\/cuba\\\/havana-reclaiming-the-sidewalks\\\/#primaryimage\"},\"image\":{\"@id\":\"https:\\\/\\\/oncubanews.com\\\/en\\\/cuba\\\/havana-reclaiming-the-sidewalks\\\/#primaryimage\"},\"thumbnailUrl\":\"https:\\\/\\\/oncubanews.com\\\/en\\\/wp-content\\\/uploads\\\/2019\\\/10\\\/habana-naturaleza-secreta8.jpg\",\"datePublished\":\"2019-10-03T00:12:58+00:00\",\"author\":{\"@id\":\"https:\\\/\\\/oncubanews.com\\\/en\\\/#\\\/schema\\\/person\\\/f634edcf6cff63166a7173abd57b819c\"},\"description\":\"The city of Havana can take pride in maintaining majestic sidewalks and must concern itself about suffering from too many narrow, squalid, famished sidewalks, in a bad state, broken, uneven and with deep scars.\",\"breadcrumb\":{\"@id\":\"https:\\\/\\\/oncubanews.com\\\/en\\\/cuba\\\/havana-reclaiming-the-sidewalks\\\/#breadcrumb\"},\"inLanguage\":\"en-US\",\"potentialAction\":[{\"@type\":\"ReadAction\",\"target\":[\"https:\\\/\\\/oncubanews.com\\\/en\\\/cuba\\\/havana-reclaiming-the-sidewalks\\\/\"]}]},{\"@type\":\"ImageObject\",\"inLanguage\":\"en-US\",\"@id\":\"https:\\\/\\\/oncubanews.com\\\/en\\\/cuba\\\/havana-reclaiming-the-sidewalks\\\/#primaryimage\",\"url\":\"https:\\\/\\\/oncubanews.com\\\/en\\\/wp-content\\\/uploads\\\/2019\\\/10\\\/habana-naturaleza-secreta8.jpg\",\"contentUrl\":\"https:\\\/\\\/oncubanews.com\\\/en\\\/wp-content\\\/uploads\\\/2019\\\/10\\\/habana-naturaleza-secreta8.jpg\",\"width\":750,\"height\":422,\"caption\":\"Photo: Naturaleza Secreta.\"},{\"@type\":\"BreadcrumbList\",\"@id\":\"https:\\\/\\\/oncubanews.com\\\/en\\\/cuba\\\/havana-reclaiming-the-sidewalks\\\/#breadcrumb\",\"itemListElement\":[{\"@type\":\"ListItem\",\"position\":1,\"name\":\"Portada\",\"item\":\"https:\\\/\\\/oncubanews.com\\\/en\\\/\"},{\"@type\":\"ListItem\",\"position\":2,\"name\":\"Havana: Reclaiming the sidewalks\"}]},{\"@type\":\"WebSite\",\"@id\":\"https:\\\/\\\/oncubanews.com\\\/en\\\/#website\",\"url\":\"https:\\\/\\\/oncubanews.com\\\/en\\\/\",\"name\":\"OnCubaNews English\",\"description\":\"Revista sobre Cuba\",\"potentialAction\":[{\"@type\":\"SearchAction\",\"target\":{\"@type\":\"EntryPoint\",\"urlTemplate\":\"https:\\\/\\\/oncubanews.com\\\/en\\\/?s={search_term_string}\"},\"query-input\":{\"@type\":\"PropertyValueSpecification\",\"valueRequired\":true,\"valueName\":\"search_term_string\"}}],\"inLanguage\":\"en-US\"},{\"@type\":\"Person\",\"@id\":\"https:\\\/\\\/oncubanews.com\\\/en\\\/#\\\/schema\\\/person\\\/f634edcf6cff63166a7173abd57b819c\",\"name\":\"Carlos Garc\u00eda Pley\u00e1n\",\"image\":{\"@type\":\"ImageObject\",\"inLanguage\":\"en-US\",\"@id\":\"https:\\\/\\\/oncubanews.com\\\/en\\\/wp-content\\\/uploads\\\/2019\\\/07\\\/pley\u00e1n1-96x96.jpg352848c760f99c101af73ce511be4b01\",\"url\":\"https:\\\/\\\/oncubanews.com\\\/en\\\/wp-content\\\/uploads\\\/2019\\\/07\\\/pley\u00e1n1-96x96.jpg\",\"contentUrl\":\"https:\\\/\\\/oncubanews.com\\\/en\\\/wp-content\\\/uploads\\\/2019\\\/07\\\/pley\u00e1n1-96x96.jpg\",\"caption\":\"Carlos Garc\u00eda Pley\u00e1n\"},\"description\":\"Barcelona, 1946. Soci\u00f3logo cubano. Doctor en ciencias t\u00e9cnicas, profesor e investigador titular. Trabaj\u00f3 durante treinta a\u00f1os en el campo del urbanismo y el ordenamiento territorial en el Instituto de Planificaci\u00f3n F\u00edsica y diez en la Agencia Suiza para el Desarrollo y la Cooperaci\u00f3n, COSUDE. Fue profesor en la Universidad Tecnol\u00f3gica de la Habana y la Universidad Polit\u00e9cnica de Catalu\u00f1a en Barcelona.\",\"url\":\"https:\\\/\\\/oncubanews.com\\\/en\\\/author\\\/cgpleyan1\\\/\"}]}<\/script>\n<!-- \/ Yoast SEO plugin. -->","yoast_head_json":{"title":"Havana: Reclaiming the sidewalks | OnCubaNews English","description":"The city of Havana can take pride in maintaining majestic sidewalks and must concern itself about suffering from too many narrow, squalid, famished sidewalks, in a bad state, broken, uneven and with deep scars.","robots":{"index":"index","follow":"follow","max-snippet":"max-snippet:-1","max-image-preview":"max-image-preview:large","max-video-preview":"max-video-preview:-1"},"canonical":"https:\/\/oncubanews.com\/en\/cuba\/havana-reclaiming-the-sidewalks\/","og_locale":"en_US","og_type":"article","og_title":"Havana: Reclaiming the sidewalks | OnCubaNews English","og_description":"The city of Havana can take pride in maintaining majestic sidewalks and must concern itself about suffering from too many narrow, squalid, famished sidewalks, in a bad state, broken, uneven and with deep scars.","og_url":"https:\/\/oncubanews.com\/en\/cuba\/havana-reclaiming-the-sidewalks\/","og_site_name":"OnCubaNews English","article_published_time":"2019-10-03T00:12:58+00:00","og_image":[{"width":750,"height":422,"url":"https:\/\/oncubanews.com\/en\/wp-content\/uploads\/2019\/10\/habana-naturaleza-secreta8.jpg","type":"image\/jpeg"}],"author":"Carlos Garc\u00eda Pley\u00e1n, cgpleyan","twitter_card":"summary_large_image","twitter_misc":{"Written by":"Carlos Garc\u00eda Pley\u00e1n","Est. reading time":"7 minutes"},"schema":{"@context":"https:\/\/schema.org","@graph":[{"@type":"Article","@id":"https:\/\/oncubanews.com\/en\/cuba\/havana-reclaiming-the-sidewalks\/#article","isPartOf":{"@id":"https:\/\/oncubanews.com\/en\/cuba\/havana-reclaiming-the-sidewalks\/"},"author":{"name":"Carlos Garc\u00eda Pley\u00e1n","@id":"https:\/\/oncubanews.com\/en\/#\/schema\/person\/f634edcf6cff63166a7173abd57b819c"},"headline":"Havana: Reclaiming the sidewalks","datePublished":"2019-10-03T00:12:58+00:00","mainEntityOfPage":{"@id":"https:\/\/oncubanews.com\/en\/cuba\/havana-reclaiming-the-sidewalks\/"},"wordCount":1439,"commentCount":1,"image":{"@id":"https:\/\/oncubanews.com\/en\/cuba\/havana-reclaiming-the-sidewalks\/#primaryimage"},"thumbnailUrl":"https:\/\/oncubanews.com\/en\/wp-content\/uploads\/2019\/10\/habana-naturaleza-secreta8.jpg","keywords":["cuban society","Havana city"],"articleSection":["Cuba"],"inLanguage":"en-US","potentialAction":[{"@type":"CommentAction","name":"Comment","target":["https:\/\/oncubanews.com\/en\/cuba\/havana-reclaiming-the-sidewalks\/#respond"]}],"copyrightYear":"2019","copyrightHolder":{"@id":"https:\/\/oncubanews.com\/en\/#organization"}},{"@type":"WebPage","@id":"https:\/\/oncubanews.com\/en\/cuba\/havana-reclaiming-the-sidewalks\/","url":"https:\/\/oncubanews.com\/en\/cuba\/havana-reclaiming-the-sidewalks\/","name":"Havana: Reclaiming the sidewalks | OnCubaNews English","isPartOf":{"@id":"https:\/\/oncubanews.com\/en\/#website"},"primaryImageOfPage":{"@id":"https:\/\/oncubanews.com\/en\/cuba\/havana-reclaiming-the-sidewalks\/#primaryimage"},"image":{"@id":"https:\/\/oncubanews.com\/en\/cuba\/havana-reclaiming-the-sidewalks\/#primaryimage"},"thumbnailUrl":"https:\/\/oncubanews.com\/en\/wp-content\/uploads\/2019\/10\/habana-naturaleza-secreta8.jpg","datePublished":"2019-10-03T00:12:58+00:00","author":{"@id":"https:\/\/oncubanews.com\/en\/#\/schema\/person\/f634edcf6cff63166a7173abd57b819c"},"description":"The city of Havana can take pride in maintaining majestic sidewalks and must concern itself about suffering from too many narrow, squalid, famished sidewalks, in a bad state, broken, uneven and with deep scars.","breadcrumb":{"@id":"https:\/\/oncubanews.com\/en\/cuba\/havana-reclaiming-the-sidewalks\/#breadcrumb"},"inLanguage":"en-US","potentialAction":[{"@type":"ReadAction","target":["https:\/\/oncubanews.com\/en\/cuba\/havana-reclaiming-the-sidewalks\/"]}]},{"@type":"ImageObject","inLanguage":"en-US","@id":"https:\/\/oncubanews.com\/en\/cuba\/havana-reclaiming-the-sidewalks\/#primaryimage","url":"https:\/\/oncubanews.com\/en\/wp-content\/uploads\/2019\/10\/habana-naturaleza-secreta8.jpg","contentUrl":"https:\/\/oncubanews.com\/en\/wp-content\/uploads\/2019\/10\/habana-naturaleza-secreta8.jpg","width":750,"height":422,"caption":"Photo: Naturaleza Secreta."},{"@type":"BreadcrumbList","@id":"https:\/\/oncubanews.com\/en\/cuba\/havana-reclaiming-the-sidewalks\/#breadcrumb","itemListElement":[{"@type":"ListItem","position":1,"name":"Portada","item":"https:\/\/oncubanews.com\/en\/"},{"@type":"ListItem","position":2,"name":"Havana: Reclaiming the sidewalks"}]},{"@type":"WebSite","@id":"https:\/\/oncubanews.com\/en\/#website","url":"https:\/\/oncubanews.com\/en\/","name":"OnCubaNews English","description":"Revista sobre Cuba","potentialAction":[{"@type":"SearchAction","target":{"@type":"EntryPoint","urlTemplate":"https:\/\/oncubanews.com\/en\/?s={search_term_string}"},"query-input":{"@type":"PropertyValueSpecification","valueRequired":true,"valueName":"search_term_string"}}],"inLanguage":"en-US"},{"@type":"Person","@id":"https:\/\/oncubanews.com\/en\/#\/schema\/person\/f634edcf6cff63166a7173abd57b819c","name":"Carlos Garc\u00eda Pley\u00e1n","image":{"@type":"ImageObject","inLanguage":"en-US","@id":"https:\/\/oncubanews.com\/en\/wp-content\/uploads\/2019\/07\/pley\u00e1n1-96x96.jpg352848c760f99c101af73ce511be4b01","url":"https:\/\/oncubanews.com\/en\/wp-content\/uploads\/2019\/07\/pley\u00e1n1-96x96.jpg","contentUrl":"https:\/\/oncubanews.com\/en\/wp-content\/uploads\/2019\/07\/pley\u00e1n1-96x96.jpg","caption":"Carlos Garc\u00eda Pley\u00e1n"},"description":"Barcelona, 1946. Soci\u00f3logo cubano. Doctor en ciencias t\u00e9cnicas, profesor e investigador titular. Trabaj\u00f3 durante treinta a\u00f1os en el campo del urbanismo y el ordenamiento territorial en el Instituto de Planificaci\u00f3n F\u00edsica y diez en la Agencia Suiza para el Desarrollo y la Cooperaci\u00f3n, COSUDE. Fue profesor en la Universidad Tecnol\u00f3gica de la Habana y la Universidad Polit\u00e9cnica de Catalu\u00f1a en Barcelona.","url":"https:\/\/oncubanews.com\/en\/author\/cgpleyan1\/"}]}},"authors":[{"term_id":34032,"user_id":3766,"is_guest":0,"slug":"cgpleyan1","display_name":"Carlos Garc\u00eda Pley\u00e1n","avatar_url":"https:\/\/oncubanews.com\/en\/wp-content\/uploads\/2019\/07\/pley\u00e1n1-96x96.jpg","0":null,"1":"","2":"","3":"","4":"","5":"","6":"","7":"","8":""},{"term_id":23957,"user_id":0,"is_guest":1,"slug":"cap-cgpleyan1","display_name":"cgpleyan","avatar_url":"https:\/\/secure.gravatar.com\/avatar\/?s=96&r=g","0":null,"1":"","2":"","3":"","4":"","5":"","6":"","7":"","8":""}],"_links":{"self":[{"href":"https:\/\/oncubanews.com\/en\/wp-json\/wp\/v2\/posts\/206859","targetHints":{"allow":["GET"]}}],"collection":[{"href":"https:\/\/oncubanews.com\/en\/wp-json\/wp\/v2\/posts"}],"about":[{"href":"https:\/\/oncubanews.com\/en\/wp-json\/wp\/v2\/types\/post"}],"author":[{"embeddable":true,"href":"https:\/\/oncubanews.com\/en\/wp-json\/wp\/v2\/users\/3766"}],"replies":[{"embeddable":true,"href":"https:\/\/oncubanews.com\/en\/wp-json\/wp\/v2\/comments?post=206859"}],"version-history":[{"count":0,"href":"https:\/\/oncubanews.com\/en\/wp-json\/wp\/v2\/posts\/206859\/revisions"}],"wp:featuredmedia":[{"embeddable":true,"href":"https:\/\/oncubanews.com\/en\/wp-json\/wp\/v2\/media\/206860"}],"wp:attachment":[{"href":"https:\/\/oncubanews.com\/en\/wp-json\/wp\/v2\/media?parent=206859"}],"wp:term":[{"taxonomy":"category","embeddable":true,"href":"https:\/\/oncubanews.com\/en\/wp-json\/wp\/v2\/categories?post=206859"},{"taxonomy":"post_tag","embeddable":true,"href":"https:\/\/oncubanews.com\/en\/wp-json\/wp\/v2\/tags?post=206859"},{"taxonomy":"author","embeddable":true,"href":"https:\/\/oncubanews.com\/en\/wp-json\/wp\/v2\/ppma_author?post=206859"}],"curies":[{"name":"wp","href":"https:\/\/api.w.org\/{rel}","templated":true}]}}