
{"id":208622,"date":"2019-11-02T11:54:57","date_gmt":"2019-11-02T15:54:57","guid":{"rendered":"https:\/\/oncubanews.com\/en\/?p=208622"},"modified":"2019-11-02T11:54:57","modified_gmt":"2019-11-02T15:54:57","slug":"bill-to-reestablish-cuban-family-reunification-program","status":"publish","type":"post","link":"https:\/\/oncubanews.com\/en\/cuba-usa\/bill-to-reestablish-cuban-family-reunification-program\/","title":{"rendered":"Bill to reestablish Cuban family reunification program"},"content":{"rendered":"<p><span style=\"font-weight: 400;\">Several U.S. congresspersons presented a bill this Friday in Florida in support of Cuban families affected by the cessation of the Cuban Family Reunification Program (CFRP), known as &#8220;Parole.&#8221;<\/span><\/p>\n<p><span style=\"font-weight: 400;\">According to a press release sent to OnCuba by the office of Debbie Mucarsel-Powell, representative to Congress for District 26, this Friday November 1 there would be a dialogue with Cuban relatives living in Florida, followed by a press conference to explain the details of the bill.<\/span><\/p>\n<p><span style=\"font-weight: 400;\">The main objective of the new law would be to immediately restore the CFRP, detained since 2017 due to the reduction of personnel at the U.S. embassy in Cuba, because of the alleged \u201cacoustic attacks.\u201d<\/span><\/p>\n<blockquote class=\"wp-embedded-content\" data-secret=\"VK8arBJSbB\"><p><a href=\"https:\/\/oncubanews.com\/canaldigital\/video\/consulta-legal-que-puede-pasar-con-el-programa-cubano-de-reunificacion-familiar\/\">Consulta Legal: \u00bfQu\u00e9 puede pasar con el Programa Cubano de reunificaci\u00f3n familiar?<\/a><\/p><\/blockquote>\n<p><iframe loading=\"lazy\" class=\"wp-embedded-content\" sandbox=\"allow-scripts\" security=\"restricted\" style=\"position: absolute; clip: rect(1px, 1px, 1px, 1px);\" title=\"\u00abConsulta Legal: \u00bfQu\u00e9 puede pasar con el Programa Cubano de reunificaci\u00f3n familiar?\u00bb \u2014 OnCubaNews\" src=\"https:\/\/oncubanews.com\/canaldigital\/video\/consulta-legal-que-puede-pasar-con-el-programa-cubano-de-reunificacion-familiar\/embed\/#?secret=5PrykGVavL#?secret=VK8arBJSbB\" data-secret=\"VK8arBJSbB\" width=\"500\" height=\"282\" frameborder=\"0\" marginwidth=\"0\" marginheight=\"0\" scrolling=\"no\"><\/iframe><\/p>\n<p><span style=\"font-weight: 400;\">The law would establish a maximum of 30 days for the State Department to restart the processing of applications.<\/span><\/p>\n<p><span style=\"font-weight: 400;\">\u201cIt would also require the prioritization of those applications that have been waiting to be processed during the last two years,\u201d the statement said.<\/span><\/p>\n<p><span style=\"font-weight: 400;\">If the bill is approved, the processing of these requests should not take more than 60 days after the new regulations come into force.<\/span><\/p>\n<p><span style=\"font-weight: 400;\">So far, the only information in this regard is that the Cuban parole program is \u201cunder review\u201d by the U.S. Citizenship and Immigration Services, which has recently canceled similar programs for Haitians and Filipinos.<\/span><\/p>\n<p><span style=\"font-weight: 400;\">Mucarsel-Powel is the co-organizer of the event with the co-sponsor of the legislation, Donna Shalala, representative of District 27.<\/span><\/p>\n<p><span style=\"font-weight: 400;\">Mucarsel-Powel, who is the first congresswoman born in South America and a member of the Hispanic Caucus, was elected in the last legislative elections of November 2018.<\/span><\/p>\n<blockquote class=\"wp-embedded-content\" data-secret=\"SJ3BThqoU2\"><p><a href=\"https:\/\/oncubanews.com\/en\/cuba-usa\/cuban-parole-under-review-according-to-uscis\/\">Cuban Parole &#8220;under review,&#8221; according to USCIS<\/a><\/p><\/blockquote>\n<p><iframe loading=\"lazy\" class=\"wp-embedded-content\" sandbox=\"allow-scripts\" security=\"restricted\" style=\"position: absolute; clip: rect(1px, 1px, 1px, 1px);\" title=\"&#8220;Cuban Parole &#8220;under review,&#8221; according to USCIS&#8221; &#8212; OnCubaNews English\" src=\"https:\/\/oncubanews.com\/en\/cuba-usa\/cuban-parole-under-review-according-to-uscis\/embed\/#?secret=YcDVtJzjAZ#?secret=SJ3BThqoU2\" data-secret=\"SJ3BThqoU2\" width=\"500\" height=\"282\" frameborder=\"0\" marginwidth=\"0\" marginheight=\"0\" scrolling=\"no\"><\/iframe><\/p>\n<p><span style=\"font-weight: 400;\">The representative&#8217;s office hoped that during the dialogue the Cuban families would share their personal stories and explain how this issue has affected their lives.<\/span><\/p>\n<p><span style=\"font-weight: 400;\">Other details of the bill that would be announced this Friday will be discussed during the press conference.<\/span><\/p>\n<p><span style=\"font-weight: 400;\">The statement notes that the original co-sponsors of the bill also include U.S. Representatives Debbie Wasserman Schultz (FL-23), Charlie Crist (FL-13) and Kathy Castor (FL-14).<\/span><\/p>\n<p><span style=\"font-weight: 400;\">The event took place at the West Dade regional library in Miami.<\/span><\/p>\n","protected":false},"excerpt":{"rendered":"<p>Several U.S. congresspersons presented a bill this Friday in Florida in support of Cuban families affected by the cessation of the Cuban Family Reunification Program (CFRP), known as &#8220;Parole.&#8221; According to a press release sent to OnCuba by the office of Debbie Mucarsel-Powell, representative to Congress for District 26, this Friday November 1 there would [&hellip;]<\/p>\n","protected":false},"author":3096,"featured_media":208623,"comment_status":"open","ping_status":"closed","sticky":false,"template":"","format":"standard","meta":{"_acf_changed":false,"footnotes":""},"categories":[13944],"tags":[14891,26303],"ppma_author":[33549,7168],"class_list":["post-208622","post","type-post","status-publish","format-standard","has-post-thumbnail","hentry","category-cuba-usa","tag-cuba-usa-relations","tag-cuban-family-reunification-program"],"acf":[],"yoast_head":"<!-- This site is optimized with the Yoast SEO plugin v27.3 - https:\/\/yoast.com\/product\/yoast-seo-wordpress\/ -->\n<title>Bill to reestablish Cuban family reunification program | OnCubaNews English<\/title>\n<meta name=\"description\" content=\"Several congresspersons from Florida met this Friday to present the bill in support of the affected Cuban families.\" \/>\n<meta name=\"robots\" content=\"index, follow, max-snippet:-1, max-image-preview:large, max-video-preview:-1\" \/>\n<link rel=\"canonical\" href=\"https:\/\/oncubanews.com\/en\/cuba-usa\/bill-to-reestablish-cuban-family-reunification-program\/\" \/>\n<meta property=\"og:locale\" content=\"en_US\" \/>\n<meta property=\"og:type\" content=\"article\" \/>\n<meta property=\"og:title\" content=\"Bill to reestablish Cuban family reunification program | OnCubaNews English\" \/>\n<meta property=\"og:description\" content=\"Several congresspersons from Florida met this Friday to present the bill in support of the affected Cuban families.\" \/>\n<meta property=\"og:url\" content=\"https:\/\/oncubanews.com\/en\/cuba-usa\/bill-to-reestablish-cuban-family-reunification-program\/\" \/>\n<meta property=\"og:site_name\" content=\"OnCubaNews English\" \/>\n<meta property=\"article:published_time\" content=\"2019-11-02T15:54:57+00:00\" \/>\n<meta property=\"og:image\" content=\"https:\/\/oncubanews.com\/en\/wp-content\/uploads\/2019\/11\/calle-ocho-cubanos.jpg\" \/>\n\t<meta property=\"og:image:width\" content=\"750\" \/>\n\t<meta property=\"og:image:height\" content=\"536\" \/>\n\t<meta property=\"og:image:type\" content=\"image\/jpeg\" \/>\n<meta name=\"author\" content=\"Marita P\u00e9rez D\u00edaz, marita\" \/>\n<meta name=\"twitter:card\" content=\"summary_large_image\" \/>\n<meta name=\"twitter:label1\" content=\"Written by\" \/>\n\t<meta name=\"twitter:data1\" content=\"Marita P\u00e9rez D\u00edaz\" \/>\n\t<meta name=\"twitter:label2\" content=\"Est. reading time\" \/>\n\t<meta name=\"twitter:data2\" content=\"2 minutes\" \/>\n<script type=\"application\/ld+json\" class=\"yoast-schema-graph\">{\"@context\":\"https:\\\/\\\/schema.org\",\"@graph\":[{\"@type\":\"Article\",\"@id\":\"https:\\\/\\\/oncubanews.com\\\/en\\\/cuba-usa\\\/bill-to-reestablish-cuban-family-reunification-program\\\/#article\",\"isPartOf\":{\"@id\":\"https:\\\/\\\/oncubanews.com\\\/en\\\/cuba-usa\\\/bill-to-reestablish-cuban-family-reunification-program\\\/\"},\"author\":{\"name\":\"Marita P\u00e9rez D\u00edaz\",\"@id\":\"https:\\\/\\\/oncubanews.com\\\/en\\\/#\\\/schema\\\/person\\\/0674494759fe2a378bde30eb5aab824d\"},\"headline\":\"Bill to reestablish Cuban family reunification program\",\"datePublished\":\"2019-11-02T15:54:57+00:00\",\"mainEntityOfPage\":{\"@id\":\"https:\\\/\\\/oncubanews.com\\\/en\\\/cuba-usa\\\/bill-to-reestablish-cuban-family-reunification-program\\\/\"},\"wordCount\":354,\"commentCount\":0,\"image\":{\"@id\":\"https:\\\/\\\/oncubanews.com\\\/en\\\/cuba-usa\\\/bill-to-reestablish-cuban-family-reunification-program\\\/#primaryimage\"},\"thumbnailUrl\":\"https:\\\/\\\/oncubanews.com\\\/en\\\/wp-content\\\/uploads\\\/2019\\\/11\\\/calle-ocho-cubanos.jpg\",\"keywords\":[\"Cuba-USA Relations\",\"Cuban family reunification program\"],\"articleSection\":[\"Cuba-USA\"],\"inLanguage\":\"en-US\",\"potentialAction\":[{\"@type\":\"CommentAction\",\"name\":\"Comment\",\"target\":[\"https:\\\/\\\/oncubanews.com\\\/en\\\/cuba-usa\\\/bill-to-reestablish-cuban-family-reunification-program\\\/#respond\"]}],\"copyrightYear\":\"2019\",\"copyrightHolder\":{\"@id\":\"https:\\\/\\\/oncubanews.com\\\/en\\\/#organization\"}},{\"@type\":\"WebPage\",\"@id\":\"https:\\\/\\\/oncubanews.com\\\/en\\\/cuba-usa\\\/bill-to-reestablish-cuban-family-reunification-program\\\/\",\"url\":\"https:\\\/\\\/oncubanews.com\\\/en\\\/cuba-usa\\\/bill-to-reestablish-cuban-family-reunification-program\\\/\",\"name\":\"Bill to reestablish Cuban family reunification program | OnCubaNews English\",\"isPartOf\":{\"@id\":\"https:\\\/\\\/oncubanews.com\\\/en\\\/#website\"},\"primaryImageOfPage\":{\"@id\":\"https:\\\/\\\/oncubanews.com\\\/en\\\/cuba-usa\\\/bill-to-reestablish-cuban-family-reunification-program\\\/#primaryimage\"},\"image\":{\"@id\":\"https:\\\/\\\/oncubanews.com\\\/en\\\/cuba-usa\\\/bill-to-reestablish-cuban-family-reunification-program\\\/#primaryimage\"},\"thumbnailUrl\":\"https:\\\/\\\/oncubanews.com\\\/en\\\/wp-content\\\/uploads\\\/2019\\\/11\\\/calle-ocho-cubanos.jpg\",\"datePublished\":\"2019-11-02T15:54:57+00:00\",\"author\":{\"@id\":\"https:\\\/\\\/oncubanews.com\\\/en\\\/#\\\/schema\\\/person\\\/0674494759fe2a378bde30eb5aab824d\"},\"description\":\"Several congresspersons from Florida met this Friday to present the bill in support of the affected Cuban families.\",\"breadcrumb\":{\"@id\":\"https:\\\/\\\/oncubanews.com\\\/en\\\/cuba-usa\\\/bill-to-reestablish-cuban-family-reunification-program\\\/#breadcrumb\"},\"inLanguage\":\"en-US\",\"potentialAction\":[{\"@type\":\"ReadAction\",\"target\":[\"https:\\\/\\\/oncubanews.com\\\/en\\\/cuba-usa\\\/bill-to-reestablish-cuban-family-reunification-program\\\/\"]}]},{\"@type\":\"ImageObject\",\"inLanguage\":\"en-US\",\"@id\":\"https:\\\/\\\/oncubanews.com\\\/en\\\/cuba-usa\\\/bill-to-reestablish-cuban-family-reunification-program\\\/#primaryimage\",\"url\":\"https:\\\/\\\/oncubanews.com\\\/en\\\/wp-content\\\/uploads\\\/2019\\\/11\\\/calle-ocho-cubanos.jpg\",\"contentUrl\":\"https:\\\/\\\/oncubanews.com\\\/en\\\/wp-content\\\/uploads\\\/2019\\\/11\\\/calle-ocho-cubanos.jpg\",\"width\":750,\"height\":536,\"caption\":\"Calle Ocho in Miami. Photo: Marita P\u00e9rez D\u00edaz.\"},{\"@type\":\"BreadcrumbList\",\"@id\":\"https:\\\/\\\/oncubanews.com\\\/en\\\/cuba-usa\\\/bill-to-reestablish-cuban-family-reunification-program\\\/#breadcrumb\",\"itemListElement\":[{\"@type\":\"ListItem\",\"position\":1,\"name\":\"Portada\",\"item\":\"https:\\\/\\\/oncubanews.com\\\/en\\\/\"},{\"@type\":\"ListItem\",\"position\":2,\"name\":\"Bill to reestablish Cuban family reunification program\"}]},{\"@type\":\"WebSite\",\"@id\":\"https:\\\/\\\/oncubanews.com\\\/en\\\/#website\",\"url\":\"https:\\\/\\\/oncubanews.com\\\/en\\\/\",\"name\":\"OnCubaNews English\",\"description\":\"Revista sobre Cuba\",\"potentialAction\":[{\"@type\":\"SearchAction\",\"target\":{\"@type\":\"EntryPoint\",\"urlTemplate\":\"https:\\\/\\\/oncubanews.com\\\/en\\\/?s={search_term_string}\"},\"query-input\":{\"@type\":\"PropertyValueSpecification\",\"valueRequired\":true,\"valueName\":\"search_term_string\"}}],\"inLanguage\":\"en-US\"},{\"@type\":\"Person\",\"@id\":\"https:\\\/\\\/oncubanews.com\\\/en\\\/#\\\/schema\\\/person\\\/0674494759fe2a378bde30eb5aab824d\",\"name\":\"Marita P\u00e9rez D\u00edaz\",\"image\":{\"@type\":\"ImageObject\",\"inLanguage\":\"en-US\",\"@id\":\"https:\\\/\\\/oncubanews.com\\\/wp-content\\\/uploads\\\/2015\\\/11\\\/Marita-P\u00e9rez-D\u00edaz_avatar_1447967586-96x96.jpg18d2651a1d349dec061f185dc6d883fc\",\"url\":\"https:\\\/\\\/oncubanews.com\\\/wp-content\\\/uploads\\\/2015\\\/11\\\/Marita-P\u00e9rez-D\u00edaz_avatar_1447967586-96x96.jpg\",\"contentUrl\":\"https:\\\/\\\/oncubanews.com\\\/wp-content\\\/uploads\\\/2015\\\/11\\\/Marita-P\u00e9rez-D\u00edaz_avatar_1447967586-96x96.jpg\",\"caption\":\"Marita P\u00e9rez D\u00edaz\"},\"url\":\"https:\\\/\\\/oncubanews.com\\\/en\\\/author\\\/maritaperez\\\/\"}]}<\/script>\n<!-- \/ Yoast SEO plugin. -->","yoast_head_json":{"title":"Bill to reestablish Cuban family reunification program | OnCubaNews English","description":"Several congresspersons from Florida met this Friday to present the bill in support of the affected Cuban families.","robots":{"index":"index","follow":"follow","max-snippet":"max-snippet:-1","max-image-preview":"max-image-preview:large","max-video-preview":"max-video-preview:-1"},"canonical":"https:\/\/oncubanews.com\/en\/cuba-usa\/bill-to-reestablish-cuban-family-reunification-program\/","og_locale":"en_US","og_type":"article","og_title":"Bill to reestablish Cuban family reunification program | OnCubaNews English","og_description":"Several congresspersons from Florida met this Friday to present the bill in support of the affected Cuban families.","og_url":"https:\/\/oncubanews.com\/en\/cuba-usa\/bill-to-reestablish-cuban-family-reunification-program\/","og_site_name":"OnCubaNews English","article_published_time":"2019-11-02T15:54:57+00:00","og_image":[{"width":750,"height":536,"url":"https:\/\/oncubanews.com\/en\/wp-content\/uploads\/2019\/11\/calle-ocho-cubanos.jpg","type":"image\/jpeg"}],"author":"Marita P\u00e9rez D\u00edaz, marita","twitter_card":"summary_large_image","twitter_misc":{"Written by":"Marita P\u00e9rez D\u00edaz","Est. reading time":"2 minutes"},"schema":{"@context":"https:\/\/schema.org","@graph":[{"@type":"Article","@id":"https:\/\/oncubanews.com\/en\/cuba-usa\/bill-to-reestablish-cuban-family-reunification-program\/#article","isPartOf":{"@id":"https:\/\/oncubanews.com\/en\/cuba-usa\/bill-to-reestablish-cuban-family-reunification-program\/"},"author":{"name":"Marita P\u00e9rez D\u00edaz","@id":"https:\/\/oncubanews.com\/en\/#\/schema\/person\/0674494759fe2a378bde30eb5aab824d"},"headline":"Bill to reestablish Cuban family reunification program","datePublished":"2019-11-02T15:54:57+00:00","mainEntityOfPage":{"@id":"https:\/\/oncubanews.com\/en\/cuba-usa\/bill-to-reestablish-cuban-family-reunification-program\/"},"wordCount":354,"commentCount":0,"image":{"@id":"https:\/\/oncubanews.com\/en\/cuba-usa\/bill-to-reestablish-cuban-family-reunification-program\/#primaryimage"},"thumbnailUrl":"https:\/\/oncubanews.com\/en\/wp-content\/uploads\/2019\/11\/calle-ocho-cubanos.jpg","keywords":["Cuba-USA Relations","Cuban family reunification program"],"articleSection":["Cuba-USA"],"inLanguage":"en-US","potentialAction":[{"@type":"CommentAction","name":"Comment","target":["https:\/\/oncubanews.com\/en\/cuba-usa\/bill-to-reestablish-cuban-family-reunification-program\/#respond"]}],"copyrightYear":"2019","copyrightHolder":{"@id":"https:\/\/oncubanews.com\/en\/#organization"}},{"@type":"WebPage","@id":"https:\/\/oncubanews.com\/en\/cuba-usa\/bill-to-reestablish-cuban-family-reunification-program\/","url":"https:\/\/oncubanews.com\/en\/cuba-usa\/bill-to-reestablish-cuban-family-reunification-program\/","name":"Bill to reestablish Cuban family reunification program | OnCubaNews English","isPartOf":{"@id":"https:\/\/oncubanews.com\/en\/#website"},"primaryImageOfPage":{"@id":"https:\/\/oncubanews.com\/en\/cuba-usa\/bill-to-reestablish-cuban-family-reunification-program\/#primaryimage"},"image":{"@id":"https:\/\/oncubanews.com\/en\/cuba-usa\/bill-to-reestablish-cuban-family-reunification-program\/#primaryimage"},"thumbnailUrl":"https:\/\/oncubanews.com\/en\/wp-content\/uploads\/2019\/11\/calle-ocho-cubanos.jpg","datePublished":"2019-11-02T15:54:57+00:00","author":{"@id":"https:\/\/oncubanews.com\/en\/#\/schema\/person\/0674494759fe2a378bde30eb5aab824d"},"description":"Several congresspersons from Florida met this Friday to present the bill in support of the affected Cuban families.","breadcrumb":{"@id":"https:\/\/oncubanews.com\/en\/cuba-usa\/bill-to-reestablish-cuban-family-reunification-program\/#breadcrumb"},"inLanguage":"en-US","potentialAction":[{"@type":"ReadAction","target":["https:\/\/oncubanews.com\/en\/cuba-usa\/bill-to-reestablish-cuban-family-reunification-program\/"]}]},{"@type":"ImageObject","inLanguage":"en-US","@id":"https:\/\/oncubanews.com\/en\/cuba-usa\/bill-to-reestablish-cuban-family-reunification-program\/#primaryimage","url":"https:\/\/oncubanews.com\/en\/wp-content\/uploads\/2019\/11\/calle-ocho-cubanos.jpg","contentUrl":"https:\/\/oncubanews.com\/en\/wp-content\/uploads\/2019\/11\/calle-ocho-cubanos.jpg","width":750,"height":536,"caption":"Calle Ocho in Miami. Photo: Marita P\u00e9rez D\u00edaz."},{"@type":"BreadcrumbList","@id":"https:\/\/oncubanews.com\/en\/cuba-usa\/bill-to-reestablish-cuban-family-reunification-program\/#breadcrumb","itemListElement":[{"@type":"ListItem","position":1,"name":"Portada","item":"https:\/\/oncubanews.com\/en\/"},{"@type":"ListItem","position":2,"name":"Bill to reestablish Cuban family reunification program"}]},{"@type":"WebSite","@id":"https:\/\/oncubanews.com\/en\/#website","url":"https:\/\/oncubanews.com\/en\/","name":"OnCubaNews English","description":"Revista sobre Cuba","potentialAction":[{"@type":"SearchAction","target":{"@type":"EntryPoint","urlTemplate":"https:\/\/oncubanews.com\/en\/?s={search_term_string}"},"query-input":{"@type":"PropertyValueSpecification","valueRequired":true,"valueName":"search_term_string"}}],"inLanguage":"en-US"},{"@type":"Person","@id":"https:\/\/oncubanews.com\/en\/#\/schema\/person\/0674494759fe2a378bde30eb5aab824d","name":"Marita P\u00e9rez D\u00edaz","image":{"@type":"ImageObject","inLanguage":"en-US","@id":"https:\/\/oncubanews.com\/wp-content\/uploads\/2015\/11\/Marita-P\u00e9rez-D\u00edaz_avatar_1447967586-96x96.jpg18d2651a1d349dec061f185dc6d883fc","url":"https:\/\/oncubanews.com\/wp-content\/uploads\/2015\/11\/Marita-P\u00e9rez-D\u00edaz_avatar_1447967586-96x96.jpg","contentUrl":"https:\/\/oncubanews.com\/wp-content\/uploads\/2015\/11\/Marita-P\u00e9rez-D\u00edaz_avatar_1447967586-96x96.jpg","caption":"Marita P\u00e9rez D\u00edaz"},"url":"https:\/\/oncubanews.com\/en\/author\/maritaperez\/"}]}},"authors":[{"term_id":33549,"user_id":3096,"is_guest":0,"slug":"maritaperez","display_name":"Marita P\u00e9rez D\u00edaz","avatar_url":"https:\/\/oncubanews.com\/wp-content\/uploads\/2015\/11\/Marita-P\u00e9rez-D\u00edaz_avatar_1447967586-96x96.jpg","0":null,"1":"","2":"","3":"","4":"","5":"","6":"","7":"","8":""},{"term_id":7168,"user_id":0,"is_guest":1,"slug":"cap-marita","display_name":"marita","avatar_url":"https:\/\/secure.gravatar.com\/avatar\/?s=96&r=g","0":null,"1":"","2":"","3":"","4":"","5":"","6":"","7":"","8":""}],"_links":{"self":[{"href":"https:\/\/oncubanews.com\/en\/wp-json\/wp\/v2\/posts\/208622","targetHints":{"allow":["GET"]}}],"collection":[{"href":"https:\/\/oncubanews.com\/en\/wp-json\/wp\/v2\/posts"}],"about":[{"href":"https:\/\/oncubanews.com\/en\/wp-json\/wp\/v2\/types\/post"}],"author":[{"embeddable":true,"href":"https:\/\/oncubanews.com\/en\/wp-json\/wp\/v2\/users\/3096"}],"replies":[{"embeddable":true,"href":"https:\/\/oncubanews.com\/en\/wp-json\/wp\/v2\/comments?post=208622"}],"version-history":[{"count":0,"href":"https:\/\/oncubanews.com\/en\/wp-json\/wp\/v2\/posts\/208622\/revisions"}],"wp:featuredmedia":[{"embeddable":true,"href":"https:\/\/oncubanews.com\/en\/wp-json\/wp\/v2\/media\/208623"}],"wp:attachment":[{"href":"https:\/\/oncubanews.com\/en\/wp-json\/wp\/v2\/media?parent=208622"}],"wp:term":[{"taxonomy":"category","embeddable":true,"href":"https:\/\/oncubanews.com\/en\/wp-json\/wp\/v2\/categories?post=208622"},{"taxonomy":"post_tag","embeddable":true,"href":"https:\/\/oncubanews.com\/en\/wp-json\/wp\/v2\/tags?post=208622"},{"taxonomy":"author","embeddable":true,"href":"https:\/\/oncubanews.com\/en\/wp-json\/wp\/v2\/ppma_author?post=208622"}],"curies":[{"name":"wp","href":"https:\/\/api.w.org\/{rel}","templated":true}]}}