
{"id":209058,"date":"2019-11-11T10:36:20","date_gmt":"2019-11-11T15:36:20","guid":{"rendered":"https:\/\/oncubanews.com\/en\/?p=209058"},"modified":"2019-11-11T18:57:07","modified_gmt":"2019-11-11T23:57:07","slug":"cuban-and-mexican-foreign-ministers-meet-in-havana-to-relaunch-ties","status":"publish","type":"post","link":"https:\/\/oncubanews.com\/en\/cuba\/cuban-and-mexican-foreign-ministers-meet-in-havana-to-relaunch-ties\/","title":{"rendered":"Cuban and Mexican foreign ministers meet in Havana to relaunch ties"},"content":{"rendered":"<p><span style=\"font-weight: 400;\">The foreign ministers of Cuba, Bruno Rodr\u00edguez, and of <\/span><a href=\"https:\/\/oncubanews.com\/tag\/mexico\/\" target=\"_blank\" rel=\"noopener noreferrer\"><span style=\"font-weight: 400;\">Mexico<\/span><\/a><span style=\"font-weight: 400;\">, Marcelo Ebrard, met this Saturday in Havana as a first step to relaunch the \u201chistorical\u201d bilateral ties and open a new \u201cbetter and broader\u201d stage in the cooperation between the two countries.\u00a0<\/span><\/p>\n<p><span style=\"font-weight: 400;\">Rodr\u00edguez received Ebrard at the headquarters of the island\u2019s Ministry of Foreign Affairs, three weeks after the official visit of Cuban President Miguel D\u00edaz-Canel to Mexico, in which he agreed with his counterpart Andr\u00e9s Manuel L\u00f3pez Obrador a new short- and medium-term collaboration program.<\/span><\/p>\n<p><span style=\"font-weight: 400;\">We are here to \u201cstart a better and broader stage in <\/span><a href=\"https:\/\/oncubanews.com\/tag\/relaciones-cuba-mexico\/\" target=\"_blank\" rel=\"noopener noreferrer\"><span style=\"font-weight: 400;\">the two countries\u2019 relations<\/span><\/a><span style=\"font-weight: 400;\">.\u2026 The purpose of this visit is that we can translate that closeness and affection between the two peoples into cooperative actions that allow us to offer positive results in the coming months and years,\u201d said Ebrard.<\/span><\/p>\n<p><span style=\"font-weight: 400;\">The Mexican foreign minister explained that this is \u201ca first conversation in that direction\u201d and said that \u201cthere will be many subsequent tasks\u201d and \u201csurely good news for our peoples.\u201d<\/span><\/p>\n<p><span style=\"font-weight: 400;\">\u201cCuba has always been and will continue to be an extremely close country for Mexico, not only in geography, but also in culture and values,\u201d said Ebrard, the right-hand man of L\u00f3pez Obrador, who since he came to power hasn\u2019t made any state visit abroad and has delegated that responsibility to his foreign minister.<\/span><\/p>\n<p><span style=\"font-weight: 400;\">For his part, the Cuban minister highlighted \u201cthe special and trustful relations that exist between Mexico and Cuba\u201d and reiterated the desire to strengthen ties in all areas, \u201cranging from the cultural, academic, scientific to the economic, commercial, cooperation and political.\u201d<\/span><\/p>\n<p><span style=\"font-weight: 400;\">He recalled that Mexico is Cuba\u2019s second largest trading partner in the region and the sixth in the world, in addition to being the first issuer of tourists to the island in the area and eighth internationally.<\/span><\/p>\n<p>https:\/\/twitter.com\/BrunoRguezP\/status\/1193209341081468928?ref_src=twsrc%5Etfw%7Ctwcamp%5Etweetembed%7Ctwterm%5E1193209341081468928&#038;ref_url=https%3A%2F%2Foncubanews.com%2Fcuba%2Fcancilleres-de-cuba-y-mexico-se-reunen-en-la-habana-para-relanzar-nexos%2F<\/p>\n<p><span style=\"font-weight: 400;\">\u201cCuba will never forget that Mexico was the only country that did not break diplomatic relations with Cuba at that time of attempted isolation (when the United States established the embargo in 1962),\u201d said Rodriguez, who thanked the North American nation for the recent vote against the \u201cblockade\u201d in the United Nations.<\/span><\/p>\n<p><span style=\"font-weight: 400;\">Relations between Cuba and Mexico have strengthened since L\u00f3pez Obrador, leader of the leftist National Regeneration Movement (Morena), assumed the presidency on December 1, 2018.<\/span><\/p>\n<p><span style=\"font-weight: 400;\">Very close geographically\u2015only a one-hour flight separates Cancun and Havana\u2015both nations have maintained unbroken diplomatic ties since 1903 although with their ups and downs.<\/span><\/p>\n<p><span style=\"font-weight: 400;\">The Mexican presidents of the Institutional Revolutionary Party (PRI) opted for a policy of non-intervention in Cuba, but relations became tense during the mandate of right-wing Vicente Fox (2000-2006), who had a much-talked-about and public encounter with Cuban President Fidel Castro at a UN summit held in Mexico.<\/span><\/p>\n<p><span style=\"font-weight: 400;\">With the arrival to the presidency of Enrique Pe\u00f1a Nieto (2012-2018) and the return of the PRI, relations again became cordial and the Mexican president traveled to Cuba in 2016 to participate in Castro\u2019s funeral, defining him as an \u201cemblematic 20th century referent.\u201d<\/span><\/p>\n","protected":false},"excerpt":{"rendered":"<p>The foreign ministers of Cuba, Bruno Rodr\u00edguez, and of Mexico, Marcelo Ebrard, met this Saturday in Havana as a first step to relaunch the \u201chistorical\u201d bilateral ties and open a new \u201cbetter and broader\u201d stage in the cooperation between the two countries.\u00a0 Rodr\u00edguez received Ebrard at the headquarters of the island\u2019s Ministry of Foreign Affairs, [&hellip;]<\/p>\n","protected":false},"author":3606,"featured_media":209059,"comment_status":"open","ping_status":"closed","sticky":false,"template":"","format":"standard","meta":{"_acf_changed":false,"footnotes":""},"categories":[13902],"tags":[22938,18240,18259],"ppma_author":[33548,17270],"class_list":["post-209058","post","type-post","status-publish","format-standard","has-post-thumbnail","hentry","category-cuba","tag-cuba-and-mexico","tag-cuba-foreign-affairs-ministry","tag-international-cooperation"],"acf":[],"yoast_head":"<!-- This site is optimized with the Yoast SEO plugin v27.3 - https:\/\/yoast.com\/product\/yoast-seo-wordpress\/ -->\n<title>Cuban and Mexican foreign ministers meet in Havana to relaunch ties | OnCubaNews English<\/title>\n<meta name=\"description\" content=\"\u201cThe purpose of this visit is that we can translate that closeness and affection between the two peoples into cooperative actions that allow us to offer positive results in the coming months and years,\u201d said Mexican Foreign Minister Marcelo Ebrard.\" \/>\n<meta name=\"robots\" content=\"index, follow, max-snippet:-1, max-image-preview:large, max-video-preview:-1\" \/>\n<link rel=\"canonical\" href=\"https:\/\/oncubanews.com\/en\/cuba\/cuban-and-mexican-foreign-ministers-meet-in-havana-to-relaunch-ties\/\" \/>\n<meta property=\"og:locale\" content=\"en_US\" \/>\n<meta property=\"og:type\" content=\"article\" \/>\n<meta property=\"og:title\" content=\"Cuban and Mexican foreign ministers meet in Havana to relaunch ties | OnCubaNews English\" \/>\n<meta property=\"og:description\" content=\"\u201cThe purpose of this visit is that we can translate that closeness and affection between the two peoples into cooperative actions that allow us to offer positive results in the coming months and years,\u201d said Mexican Foreign Minister Marcelo Ebrard.\" \/>\n<meta property=\"og:url\" content=\"https:\/\/oncubanews.com\/en\/cuba\/cuban-and-mexican-foreign-ministers-meet-in-havana-to-relaunch-ties\/\" \/>\n<meta property=\"og:site_name\" content=\"OnCubaNews English\" \/>\n<meta property=\"article:published_time\" content=\"2019-11-11T15:36:20+00:00\" \/>\n<meta property=\"article:modified_time\" content=\"2019-11-11T23:57:07+00:00\" \/>\n<meta property=\"og:image\" content=\"https:\/\/oncubanews.com\/en\/wp-content\/uploads\/2019\/11\/marcelo-ebrard-visita-la-habana-1.jpg\" \/>\n\t<meta property=\"og:image:width\" content=\"750\" \/>\n\t<meta property=\"og:image:height\" content=\"536\" \/>\n\t<meta property=\"og:image:type\" content=\"image\/jpeg\" \/>\n<meta name=\"author\" content=\"EFE, EFE\" \/>\n<meta name=\"twitter:card\" content=\"summary_large_image\" \/>\n<meta name=\"twitter:label1\" content=\"Written by\" \/>\n\t<meta name=\"twitter:data1\" content=\"EFE\" \/>\n\t<meta name=\"twitter:label2\" content=\"Est. reading time\" \/>\n\t<meta name=\"twitter:data2\" content=\"3 minutes\" \/>\n<script type=\"application\/ld+json\" class=\"yoast-schema-graph\">{\"@context\":\"https:\\\/\\\/schema.org\",\"@graph\":[{\"@type\":\"Article\",\"@id\":\"https:\\\/\\\/oncubanews.com\\\/en\\\/cuba\\\/cuban-and-mexican-foreign-ministers-meet-in-havana-to-relaunch-ties\\\/#article\",\"isPartOf\":{\"@id\":\"https:\\\/\\\/oncubanews.com\\\/en\\\/cuba\\\/cuban-and-mexican-foreign-ministers-meet-in-havana-to-relaunch-ties\\\/\"},\"author\":{\"name\":\"EFE\",\"@id\":\"https:\\\/\\\/oncubanews.com\\\/en\\\/#\\\/schema\\\/person\\\/4a4376ef86616685852e6d895d4d0eea\"},\"headline\":\"Cuban and Mexican foreign ministers meet in Havana to relaunch ties\",\"datePublished\":\"2019-11-11T15:36:20+00:00\",\"dateModified\":\"2019-11-11T23:57:07+00:00\",\"mainEntityOfPage\":{\"@id\":\"https:\\\/\\\/oncubanews.com\\\/en\\\/cuba\\\/cuban-and-mexican-foreign-ministers-meet-in-havana-to-relaunch-ties\\\/\"},\"wordCount\":535,\"commentCount\":0,\"image\":{\"@id\":\"https:\\\/\\\/oncubanews.com\\\/en\\\/cuba\\\/cuban-and-mexican-foreign-ministers-meet-in-havana-to-relaunch-ties\\\/#primaryimage\"},\"thumbnailUrl\":\"https:\\\/\\\/oncubanews.com\\\/en\\\/wp-content\\\/uploads\\\/2019\\\/11\\\/marcelo-ebrard-visita-la-habana-1.jpg\",\"keywords\":[\"Cuba and Mexico\",\"Cuba Foreign Affairs Ministry\",\"International Cooperation\"],\"articleSection\":[\"Cuba\"],\"inLanguage\":\"en-US\",\"potentialAction\":[{\"@type\":\"CommentAction\",\"name\":\"Comment\",\"target\":[\"https:\\\/\\\/oncubanews.com\\\/en\\\/cuba\\\/cuban-and-mexican-foreign-ministers-meet-in-havana-to-relaunch-ties\\\/#respond\"]}],\"copyrightYear\":\"2019\",\"copyrightHolder\":{\"@id\":\"https:\\\/\\\/oncubanews.com\\\/en\\\/#organization\"}},{\"@type\":\"WebPage\",\"@id\":\"https:\\\/\\\/oncubanews.com\\\/en\\\/cuba\\\/cuban-and-mexican-foreign-ministers-meet-in-havana-to-relaunch-ties\\\/\",\"url\":\"https:\\\/\\\/oncubanews.com\\\/en\\\/cuba\\\/cuban-and-mexican-foreign-ministers-meet-in-havana-to-relaunch-ties\\\/\",\"name\":\"Cuban and Mexican foreign ministers meet in Havana to relaunch ties | OnCubaNews English\",\"isPartOf\":{\"@id\":\"https:\\\/\\\/oncubanews.com\\\/en\\\/#website\"},\"primaryImageOfPage\":{\"@id\":\"https:\\\/\\\/oncubanews.com\\\/en\\\/cuba\\\/cuban-and-mexican-foreign-ministers-meet-in-havana-to-relaunch-ties\\\/#primaryimage\"},\"image\":{\"@id\":\"https:\\\/\\\/oncubanews.com\\\/en\\\/cuba\\\/cuban-and-mexican-foreign-ministers-meet-in-havana-to-relaunch-ties\\\/#primaryimage\"},\"thumbnailUrl\":\"https:\\\/\\\/oncubanews.com\\\/en\\\/wp-content\\\/uploads\\\/2019\\\/11\\\/marcelo-ebrard-visita-la-habana-1.jpg\",\"datePublished\":\"2019-11-11T15:36:20+00:00\",\"dateModified\":\"2019-11-11T23:57:07+00:00\",\"author\":{\"@id\":\"https:\\\/\\\/oncubanews.com\\\/en\\\/#\\\/schema\\\/person\\\/4a4376ef86616685852e6d895d4d0eea\"},\"description\":\"\u201cThe purpose of this visit is that we can translate that closeness and affection between the two peoples into cooperative actions that allow us to offer positive results in the coming months and years,\u201d said Mexican Foreign Minister Marcelo Ebrard.\",\"breadcrumb\":{\"@id\":\"https:\\\/\\\/oncubanews.com\\\/en\\\/cuba\\\/cuban-and-mexican-foreign-ministers-meet-in-havana-to-relaunch-ties\\\/#breadcrumb\"},\"inLanguage\":\"en-US\",\"potentialAction\":[{\"@type\":\"ReadAction\",\"target\":[\"https:\\\/\\\/oncubanews.com\\\/en\\\/cuba\\\/cuban-and-mexican-foreign-ministers-meet-in-havana-to-relaunch-ties\\\/\"]}]},{\"@type\":\"ImageObject\",\"inLanguage\":\"en-US\",\"@id\":\"https:\\\/\\\/oncubanews.com\\\/en\\\/cuba\\\/cuban-and-mexican-foreign-ministers-meet-in-havana-to-relaunch-ties\\\/#primaryimage\",\"url\":\"https:\\\/\\\/oncubanews.com\\\/en\\\/wp-content\\\/uploads\\\/2019\\\/11\\\/marcelo-ebrard-visita-la-habana-1.jpg\",\"contentUrl\":\"https:\\\/\\\/oncubanews.com\\\/en\\\/wp-content\\\/uploads\\\/2019\\\/11\\\/marcelo-ebrard-visita-la-habana-1.jpg\",\"width\":750,\"height\":536,\"caption\":\"Cuban Foreign Minister Bruno Rodr\u00edguez (3-l) receives his counterpart from Mexico, Marcelo Luis Ebrard (3-r), at the headquarters of the Ministry of Foreign Affairs, in Havana, on Saturday, November 9, 2019. Photo: Ernesto Mastrascusa \\\/ POOL \\\/ EFE.\"},{\"@type\":\"BreadcrumbList\",\"@id\":\"https:\\\/\\\/oncubanews.com\\\/en\\\/cuba\\\/cuban-and-mexican-foreign-ministers-meet-in-havana-to-relaunch-ties\\\/#breadcrumb\",\"itemListElement\":[{\"@type\":\"ListItem\",\"position\":1,\"name\":\"Portada\",\"item\":\"https:\\\/\\\/oncubanews.com\\\/en\\\/\"},{\"@type\":\"ListItem\",\"position\":2,\"name\":\"Cuban and Mexican foreign ministers meet in Havana to relaunch ties\"}]},{\"@type\":\"WebSite\",\"@id\":\"https:\\\/\\\/oncubanews.com\\\/en\\\/#website\",\"url\":\"https:\\\/\\\/oncubanews.com\\\/en\\\/\",\"name\":\"OnCubaNews English\",\"description\":\"Revista sobre Cuba\",\"potentialAction\":[{\"@type\":\"SearchAction\",\"target\":{\"@type\":\"EntryPoint\",\"urlTemplate\":\"https:\\\/\\\/oncubanews.com\\\/en\\\/?s={search_term_string}\"},\"query-input\":{\"@type\":\"PropertyValueSpecification\",\"valueRequired\":true,\"valueName\":\"search_term_string\"}}],\"inLanguage\":\"en-US\"},{\"@type\":\"Person\",\"@id\":\"https:\\\/\\\/oncubanews.com\\\/en\\\/#\\\/schema\\\/person\\\/4a4376ef86616685852e6d895d4d0eea\",\"name\":\"EFE\",\"image\":{\"@type\":\"ImageObject\",\"inLanguage\":\"en-US\",\"@id\":\"https:\\\/\\\/secure.gravatar.com\\\/avatar\\\/2a1de33ef07ae580021e92116e205cdb099068c1ff1fdba600b998c78b6347eb?s=96&r=gd23dcd71e12bce3843a7572453d0d981\",\"url\":\"https:\\\/\\\/secure.gravatar.com\\\/avatar\\\/2a1de33ef07ae580021e92116e205cdb099068c1ff1fdba600b998c78b6347eb?s=96&r=g\",\"contentUrl\":\"https:\\\/\\\/secure.gravatar.com\\\/avatar\\\/2a1de33ef07ae580021e92116e205cdb099068c1ff1fdba600b998c78b6347eb?s=96&r=g\",\"caption\":\"EFE\"},\"url\":\"https:\\\/\\\/oncubanews.com\\\/en\\\/author\\\/efe\\\/\"}]}<\/script>\n<!-- \/ Yoast SEO plugin. -->","yoast_head_json":{"title":"Cuban and Mexican foreign ministers meet in Havana to relaunch ties | OnCubaNews English","description":"\u201cThe purpose of this visit is that we can translate that closeness and affection between the two peoples into cooperative actions that allow us to offer positive results in the coming months and years,\u201d said Mexican Foreign Minister Marcelo Ebrard.","robots":{"index":"index","follow":"follow","max-snippet":"max-snippet:-1","max-image-preview":"max-image-preview:large","max-video-preview":"max-video-preview:-1"},"canonical":"https:\/\/oncubanews.com\/en\/cuba\/cuban-and-mexican-foreign-ministers-meet-in-havana-to-relaunch-ties\/","og_locale":"en_US","og_type":"article","og_title":"Cuban and Mexican foreign ministers meet in Havana to relaunch ties | OnCubaNews English","og_description":"\u201cThe purpose of this visit is that we can translate that closeness and affection between the two peoples into cooperative actions that allow us to offer positive results in the coming months and years,\u201d said Mexican Foreign Minister Marcelo Ebrard.","og_url":"https:\/\/oncubanews.com\/en\/cuba\/cuban-and-mexican-foreign-ministers-meet-in-havana-to-relaunch-ties\/","og_site_name":"OnCubaNews English","article_published_time":"2019-11-11T15:36:20+00:00","article_modified_time":"2019-11-11T23:57:07+00:00","og_image":[{"width":750,"height":536,"url":"https:\/\/oncubanews.com\/en\/wp-content\/uploads\/2019\/11\/marcelo-ebrard-visita-la-habana-1.jpg","type":"image\/jpeg"}],"author":"EFE, EFE","twitter_card":"summary_large_image","twitter_misc":{"Written by":"EFE","Est. reading time":"3 minutes"},"schema":{"@context":"https:\/\/schema.org","@graph":[{"@type":"Article","@id":"https:\/\/oncubanews.com\/en\/cuba\/cuban-and-mexican-foreign-ministers-meet-in-havana-to-relaunch-ties\/#article","isPartOf":{"@id":"https:\/\/oncubanews.com\/en\/cuba\/cuban-and-mexican-foreign-ministers-meet-in-havana-to-relaunch-ties\/"},"author":{"name":"EFE","@id":"https:\/\/oncubanews.com\/en\/#\/schema\/person\/4a4376ef86616685852e6d895d4d0eea"},"headline":"Cuban and Mexican foreign ministers meet in Havana to relaunch ties","datePublished":"2019-11-11T15:36:20+00:00","dateModified":"2019-11-11T23:57:07+00:00","mainEntityOfPage":{"@id":"https:\/\/oncubanews.com\/en\/cuba\/cuban-and-mexican-foreign-ministers-meet-in-havana-to-relaunch-ties\/"},"wordCount":535,"commentCount":0,"image":{"@id":"https:\/\/oncubanews.com\/en\/cuba\/cuban-and-mexican-foreign-ministers-meet-in-havana-to-relaunch-ties\/#primaryimage"},"thumbnailUrl":"https:\/\/oncubanews.com\/en\/wp-content\/uploads\/2019\/11\/marcelo-ebrard-visita-la-habana-1.jpg","keywords":["Cuba and Mexico","Cuba Foreign Affairs Ministry","International Cooperation"],"articleSection":["Cuba"],"inLanguage":"en-US","potentialAction":[{"@type":"CommentAction","name":"Comment","target":["https:\/\/oncubanews.com\/en\/cuba\/cuban-and-mexican-foreign-ministers-meet-in-havana-to-relaunch-ties\/#respond"]}],"copyrightYear":"2019","copyrightHolder":{"@id":"https:\/\/oncubanews.com\/en\/#organization"}},{"@type":"WebPage","@id":"https:\/\/oncubanews.com\/en\/cuba\/cuban-and-mexican-foreign-ministers-meet-in-havana-to-relaunch-ties\/","url":"https:\/\/oncubanews.com\/en\/cuba\/cuban-and-mexican-foreign-ministers-meet-in-havana-to-relaunch-ties\/","name":"Cuban and Mexican foreign ministers meet in Havana to relaunch ties | OnCubaNews English","isPartOf":{"@id":"https:\/\/oncubanews.com\/en\/#website"},"primaryImageOfPage":{"@id":"https:\/\/oncubanews.com\/en\/cuba\/cuban-and-mexican-foreign-ministers-meet-in-havana-to-relaunch-ties\/#primaryimage"},"image":{"@id":"https:\/\/oncubanews.com\/en\/cuba\/cuban-and-mexican-foreign-ministers-meet-in-havana-to-relaunch-ties\/#primaryimage"},"thumbnailUrl":"https:\/\/oncubanews.com\/en\/wp-content\/uploads\/2019\/11\/marcelo-ebrard-visita-la-habana-1.jpg","datePublished":"2019-11-11T15:36:20+00:00","dateModified":"2019-11-11T23:57:07+00:00","author":{"@id":"https:\/\/oncubanews.com\/en\/#\/schema\/person\/4a4376ef86616685852e6d895d4d0eea"},"description":"\u201cThe purpose of this visit is that we can translate that closeness and affection between the two peoples into cooperative actions that allow us to offer positive results in the coming months and years,\u201d said Mexican Foreign Minister Marcelo Ebrard.","breadcrumb":{"@id":"https:\/\/oncubanews.com\/en\/cuba\/cuban-and-mexican-foreign-ministers-meet-in-havana-to-relaunch-ties\/#breadcrumb"},"inLanguage":"en-US","potentialAction":[{"@type":"ReadAction","target":["https:\/\/oncubanews.com\/en\/cuba\/cuban-and-mexican-foreign-ministers-meet-in-havana-to-relaunch-ties\/"]}]},{"@type":"ImageObject","inLanguage":"en-US","@id":"https:\/\/oncubanews.com\/en\/cuba\/cuban-and-mexican-foreign-ministers-meet-in-havana-to-relaunch-ties\/#primaryimage","url":"https:\/\/oncubanews.com\/en\/wp-content\/uploads\/2019\/11\/marcelo-ebrard-visita-la-habana-1.jpg","contentUrl":"https:\/\/oncubanews.com\/en\/wp-content\/uploads\/2019\/11\/marcelo-ebrard-visita-la-habana-1.jpg","width":750,"height":536,"caption":"Cuban Foreign Minister Bruno Rodr\u00edguez (3-l) receives his counterpart from Mexico, Marcelo Luis Ebrard (3-r), at the headquarters of the Ministry of Foreign Affairs, in Havana, on Saturday, November 9, 2019. Photo: Ernesto Mastrascusa \/ POOL \/ EFE."},{"@type":"BreadcrumbList","@id":"https:\/\/oncubanews.com\/en\/cuba\/cuban-and-mexican-foreign-ministers-meet-in-havana-to-relaunch-ties\/#breadcrumb","itemListElement":[{"@type":"ListItem","position":1,"name":"Portada","item":"https:\/\/oncubanews.com\/en\/"},{"@type":"ListItem","position":2,"name":"Cuban and Mexican foreign ministers meet in Havana to relaunch ties"}]},{"@type":"WebSite","@id":"https:\/\/oncubanews.com\/en\/#website","url":"https:\/\/oncubanews.com\/en\/","name":"OnCubaNews English","description":"Revista sobre Cuba","potentialAction":[{"@type":"SearchAction","target":{"@type":"EntryPoint","urlTemplate":"https:\/\/oncubanews.com\/en\/?s={search_term_string}"},"query-input":{"@type":"PropertyValueSpecification","valueRequired":true,"valueName":"search_term_string"}}],"inLanguage":"en-US"},{"@type":"Person","@id":"https:\/\/oncubanews.com\/en\/#\/schema\/person\/4a4376ef86616685852e6d895d4d0eea","name":"EFE","image":{"@type":"ImageObject","inLanguage":"en-US","@id":"https:\/\/secure.gravatar.com\/avatar\/2a1de33ef07ae580021e92116e205cdb099068c1ff1fdba600b998c78b6347eb?s=96&r=gd23dcd71e12bce3843a7572453d0d981","url":"https:\/\/secure.gravatar.com\/avatar\/2a1de33ef07ae580021e92116e205cdb099068c1ff1fdba600b998c78b6347eb?s=96&r=g","contentUrl":"https:\/\/secure.gravatar.com\/avatar\/2a1de33ef07ae580021e92116e205cdb099068c1ff1fdba600b998c78b6347eb?s=96&r=g","caption":"EFE"},"url":"https:\/\/oncubanews.com\/en\/author\/efe\/"}]}},"authors":[{"term_id":33548,"user_id":3606,"is_guest":0,"slug":"efe","display_name":"EFE","avatar_url":"https:\/\/secure.gravatar.com\/avatar\/2a1de33ef07ae580021e92116e205cdb099068c1ff1fdba600b998c78b6347eb?s=96&r=g","0":null,"1":"","2":"","3":"","4":"","5":"","6":"","7":"","8":""},{"term_id":17270,"user_id":0,"is_guest":1,"slug":"cap-efe","display_name":"EFE","avatar_url":"https:\/\/secure.gravatar.com\/avatar\/?s=96&r=g","0":null,"1":"","2":"","3":"","4":"","5":"","6":"","7":"","8":""}],"_links":{"self":[{"href":"https:\/\/oncubanews.com\/en\/wp-json\/wp\/v2\/posts\/209058","targetHints":{"allow":["GET"]}}],"collection":[{"href":"https:\/\/oncubanews.com\/en\/wp-json\/wp\/v2\/posts"}],"about":[{"href":"https:\/\/oncubanews.com\/en\/wp-json\/wp\/v2\/types\/post"}],"author":[{"embeddable":true,"href":"https:\/\/oncubanews.com\/en\/wp-json\/wp\/v2\/users\/3606"}],"replies":[{"embeddable":true,"href":"https:\/\/oncubanews.com\/en\/wp-json\/wp\/v2\/comments?post=209058"}],"version-history":[{"count":0,"href":"https:\/\/oncubanews.com\/en\/wp-json\/wp\/v2\/posts\/209058\/revisions"}],"wp:featuredmedia":[{"embeddable":true,"href":"https:\/\/oncubanews.com\/en\/wp-json\/wp\/v2\/media\/209059"}],"wp:attachment":[{"href":"https:\/\/oncubanews.com\/en\/wp-json\/wp\/v2\/media?parent=209058"}],"wp:term":[{"taxonomy":"category","embeddable":true,"href":"https:\/\/oncubanews.com\/en\/wp-json\/wp\/v2\/categories?post=209058"},{"taxonomy":"post_tag","embeddable":true,"href":"https:\/\/oncubanews.com\/en\/wp-json\/wp\/v2\/tags?post=209058"},{"taxonomy":"author","embeddable":true,"href":"https:\/\/oncubanews.com\/en\/wp-json\/wp\/v2\/ppma_author?post=209058"}],"curies":[{"name":"wp","href":"https:\/\/api.w.org\/{rel}","templated":true}]}}