
{"id":209452,"date":"2019-11-17T18:15:09","date_gmt":"2019-11-17T23:15:09","guid":{"rendered":"https:\/\/oncubanews.com\/en\/?p=209452"},"modified":"2019-11-17T18:15:09","modified_gmt":"2019-11-17T23:15:09","slug":"new-500-peso-bill-allegorical-to-havana-circulates-in-cuba","status":"publish","type":"post","link":"https:\/\/oncubanews.com\/en\/cuba\/new-500-peso-bill-allegorical-to-havana-circulates-in-cuba\/","title":{"rendered":"New 500-peso bill allegorical to Havana circulates in Cuba"},"content":{"rendered":"<p><span style=\"font-weight: 400;\">A new 500-peso denomination bill was issued by the Central Bank of Cuba, as part of the celebrations for the half millennium of the founding of the township of San Crist\u00f3bal de La Habana, <em>Prensa Latina <\/em><\/span><a href=\"https:\/\/www.prensa-latina.cu\/index.php?o=rn&amp;id=321480&amp;SEO=circula-en-cuba-nuevo-billete-de-500-pesos-alegorico-a-la-habana\" target=\"_blank\" rel=\"noopener noreferrer\"><span style=\"font-weight: 400;\">reported<\/span><\/a><span style=\"font-weight: 400;\">.<\/span><\/p>\n<p><span style=\"font-weight: 400;\">A design allegorical to the 500th anniversary of Havana was added to the original design of that bill that includes the image of the Giraldilla, a sculpture that represents the city, <\/span><a href=\"http:\/\/www.bc.gob.cu\/noticia\/emision-especial-del-billete-de-500-cup-en-conmemoracion-al-500-aniversario-de-la-fundacion-de-la-ciudad-de-la-habana\/630\" target=\"_blank\" rel=\"noopener noreferrer\"><span style=\"font-weight: 400;\">explained<\/span><\/a><span style=\"font-weight: 400;\"> a press release from the Central Bank.<\/span><\/p>\n<blockquote class=\"twitter-tweet\" data-width=\"500\" data-dnt=\"true\">\n<p lang=\"es\" dir=\"ltr\">Emisi\u00f3n especial del billete de 500 CUP en conmemoraci\u00f3n al 500 Aniversario de la Fundaci\u00f3n de la ciudad de La Habana <a href=\"https:\/\/t.co\/vpIWA1mjtK\">https:\/\/t.co\/vpIWA1mjtK<\/a> <a href=\"https:\/\/twitter.com\/IrmaMtnez?ref_src=twsrc%5Etfw\">@IrmaMtnez<\/a> <a href=\"https:\/\/twitter.com\/mayobrebcc?ref_src=twsrc%5Etfw\">@mayobrebcc<\/a> <a href=\"https:\/\/twitter.com\/AlinoKaterine?ref_src=twsrc%5Etfw\">@AlinoKaterine<\/a> <a href=\"https:\/\/twitter.com\/BerraCires?ref_src=twsrc%5Etfw\">@BerraCires<\/a> @aquinbeta <a href=\"https:\/\/t.co\/tOZSbGmfZ2\">pic.twitter.com\/tOZSbGmfZ2<\/a><\/p>\n<p>&mdash; Banco Central de Cuba (@BancoCentralCub) <a href=\"https:\/\/twitter.com\/BancoCentralCub\/status\/1195703525038284807?ref_src=twsrc%5Etfw\">November 16, 2019<\/a><\/p><\/blockquote>\n<p><script async src=\"https:\/\/platform.twitter.com\/widgets.js\" charset=\"utf-8\"><\/script><\/p>\n<p><span style=\"font-weight: 400;\">On the back of the bill the central drawing that represents the Constituent Assembly of Gu\u00e1imaro was replaced by one that represents the Templete, site where the first mass was held in the city, half a millennium ago, specified at the bottom of the image.<\/span><\/p>\n<p><span style=\"font-weight: 400;\">These new bills will circulate together with those of the previous issues, which will remain valid, concludes the note signed by the Central Bank of Cuba.<\/span><\/p>\n<p><span style=\"font-weight: 400;\">The new bill, printed this 2019, has all the security measures, says the entity&#8217;s statement.<\/span><\/p>\n","protected":false},"excerpt":{"rendered":"<p>A new 500-peso denomination bill was issued by the Central Bank of Cuba, as part of the celebrations for the half millennium of the founding of the township of San Crist\u00f3bal de La Habana, Prensa Latina reported. A design allegorical to the 500th anniversary of Havana was added to the original design of that bill [&hellip;]<\/p>\n","protected":false},"author":3134,"featured_media":209454,"comment_status":"open","ping_status":"closed","sticky":false,"template":"","format":"standard","meta":{"_acf_changed":false,"footnotes":""},"categories":[13902],"tags":[14816,8863],"ppma_author":[33546,8689],"class_list":["post-209452","post","type-post","status-publish","format-standard","has-post-thumbnail","hentry","category-cuba","tag-cuban-economy","tag-cuban-society"],"acf":[],"yoast_head":"<!-- This site is optimized with the Yoast SEO plugin v27.3 - https:\/\/yoast.com\/product\/yoast-seo-wordpress\/ -->\n<title>New 500-peso bill allegorical to Havana circulates in Cuba | OnCubaNews English<\/title>\n<meta name=\"description\" content=\"The image of the Giraldilla, a sculpture representing San Crist\u00f3bal de La Habana, was added to the original design of that bill.\" \/>\n<meta name=\"robots\" content=\"index, follow, max-snippet:-1, max-image-preview:large, max-video-preview:-1\" \/>\n<link rel=\"canonical\" href=\"https:\/\/oncubanews.com\/en\/cuba\/new-500-peso-bill-allegorical-to-havana-circulates-in-cuba\/\" \/>\n<meta property=\"og:locale\" content=\"en_US\" \/>\n<meta property=\"og:type\" content=\"article\" \/>\n<meta property=\"og:title\" content=\"New 500-peso bill allegorical to Havana circulates in Cuba | OnCubaNews English\" \/>\n<meta property=\"og:description\" content=\"The image of the Giraldilla, a sculpture representing San Crist\u00f3bal de La Habana, was added to the original design of that bill.\" \/>\n<meta property=\"og:url\" content=\"https:\/\/oncubanews.com\/en\/cuba\/new-500-peso-bill-allegorical-to-havana-circulates-in-cuba\/\" \/>\n<meta property=\"og:site_name\" content=\"OnCubaNews English\" \/>\n<meta property=\"article:published_time\" content=\"2019-11-17T23:15:09+00:00\" \/>\n<meta property=\"og:image\" content=\"https:\/\/oncubanews.com\/en\/wp-content\/uploads\/2019\/11\/billetes500-1.png\" \/>\n\t<meta property=\"og:image:width\" content=\"750\" \/>\n\t<meta property=\"og:image:height\" content=\"472\" \/>\n\t<meta property=\"og:image:type\" content=\"image\/png\" \/>\n<meta name=\"author\" content=\"OnCuba Staff, OnCuba editorial staff\" \/>\n<meta name=\"twitter:card\" content=\"summary_large_image\" \/>\n<meta name=\"twitter:label1\" content=\"Written by\" \/>\n\t<meta name=\"twitter:data1\" content=\"OnCuba Staff\" \/>\n\t<meta name=\"twitter:label2\" content=\"Est. reading time\" \/>\n\t<meta name=\"twitter:data2\" content=\"1 minute\" \/>\n<script type=\"application\/ld+json\" class=\"yoast-schema-graph\">{\"@context\":\"https:\\\/\\\/schema.org\",\"@graph\":[{\"@type\":\"Article\",\"@id\":\"https:\\\/\\\/oncubanews.com\\\/en\\\/cuba\\\/new-500-peso-bill-allegorical-to-havana-circulates-in-cuba\\\/#article\",\"isPartOf\":{\"@id\":\"https:\\\/\\\/oncubanews.com\\\/en\\\/cuba\\\/new-500-peso-bill-allegorical-to-havana-circulates-in-cuba\\\/\"},\"author\":{\"name\":\"OnCuba Staff\",\"@id\":\"https:\\\/\\\/oncubanews.com\\\/en\\\/#\\\/schema\\\/person\\\/d7171bf311032ab1f557dd8332e714af\"},\"headline\":\"New 500-peso bill allegorical to Havana circulates in Cuba\",\"datePublished\":\"2019-11-17T23:15:09+00:00\",\"mainEntityOfPage\":{\"@id\":\"https:\\\/\\\/oncubanews.com\\\/en\\\/cuba\\\/new-500-peso-bill-allegorical-to-havana-circulates-in-cuba\\\/\"},\"wordCount\":197,\"commentCount\":0,\"image\":{\"@id\":\"https:\\\/\\\/oncubanews.com\\\/en\\\/cuba\\\/new-500-peso-bill-allegorical-to-havana-circulates-in-cuba\\\/#primaryimage\"},\"thumbnailUrl\":\"https:\\\/\\\/oncubanews.com\\\/en\\\/wp-content\\\/uploads\\\/2019\\\/11\\\/billetes500-1.png\",\"keywords\":[\"Cuban Economy\",\"cuban society\"],\"articleSection\":[\"Cuba\"],\"inLanguage\":\"en-US\",\"potentialAction\":[{\"@type\":\"CommentAction\",\"name\":\"Comment\",\"target\":[\"https:\\\/\\\/oncubanews.com\\\/en\\\/cuba\\\/new-500-peso-bill-allegorical-to-havana-circulates-in-cuba\\\/#respond\"]}],\"copyrightYear\":\"2019\",\"copyrightHolder\":{\"@id\":\"https:\\\/\\\/oncubanews.com\\\/en\\\/#organization\"}},{\"@type\":\"WebPage\",\"@id\":\"https:\\\/\\\/oncubanews.com\\\/en\\\/cuba\\\/new-500-peso-bill-allegorical-to-havana-circulates-in-cuba\\\/\",\"url\":\"https:\\\/\\\/oncubanews.com\\\/en\\\/cuba\\\/new-500-peso-bill-allegorical-to-havana-circulates-in-cuba\\\/\",\"name\":\"New 500-peso bill allegorical to Havana circulates in Cuba | OnCubaNews English\",\"isPartOf\":{\"@id\":\"https:\\\/\\\/oncubanews.com\\\/en\\\/#website\"},\"primaryImageOfPage\":{\"@id\":\"https:\\\/\\\/oncubanews.com\\\/en\\\/cuba\\\/new-500-peso-bill-allegorical-to-havana-circulates-in-cuba\\\/#primaryimage\"},\"image\":{\"@id\":\"https:\\\/\\\/oncubanews.com\\\/en\\\/cuba\\\/new-500-peso-bill-allegorical-to-havana-circulates-in-cuba\\\/#primaryimage\"},\"thumbnailUrl\":\"https:\\\/\\\/oncubanews.com\\\/en\\\/wp-content\\\/uploads\\\/2019\\\/11\\\/billetes500-1.png\",\"datePublished\":\"2019-11-17T23:15:09+00:00\",\"author\":{\"@id\":\"https:\\\/\\\/oncubanews.com\\\/en\\\/#\\\/schema\\\/person\\\/d7171bf311032ab1f557dd8332e714af\"},\"description\":\"The image of the Giraldilla, a sculpture representing San Crist\u00f3bal de La Habana, was added to the original design of that bill.\",\"breadcrumb\":{\"@id\":\"https:\\\/\\\/oncubanews.com\\\/en\\\/cuba\\\/new-500-peso-bill-allegorical-to-havana-circulates-in-cuba\\\/#breadcrumb\"},\"inLanguage\":\"en-US\",\"potentialAction\":[{\"@type\":\"ReadAction\",\"target\":[\"https:\\\/\\\/oncubanews.com\\\/en\\\/cuba\\\/new-500-peso-bill-allegorical-to-havana-circulates-in-cuba\\\/\"]}]},{\"@type\":\"ImageObject\",\"inLanguage\":\"en-US\",\"@id\":\"https:\\\/\\\/oncubanews.com\\\/en\\\/cuba\\\/new-500-peso-bill-allegorical-to-havana-circulates-in-cuba\\\/#primaryimage\",\"url\":\"https:\\\/\\\/oncubanews.com\\\/en\\\/wp-content\\\/uploads\\\/2019\\\/11\\\/billetes500-1.png\",\"contentUrl\":\"https:\\\/\\\/oncubanews.com\\\/en\\\/wp-content\\\/uploads\\\/2019\\\/11\\\/billetes500-1.png\",\"width\":750,\"height\":472},{\"@type\":\"BreadcrumbList\",\"@id\":\"https:\\\/\\\/oncubanews.com\\\/en\\\/cuba\\\/new-500-peso-bill-allegorical-to-havana-circulates-in-cuba\\\/#breadcrumb\",\"itemListElement\":[{\"@type\":\"ListItem\",\"position\":1,\"name\":\"Portada\",\"item\":\"https:\\\/\\\/oncubanews.com\\\/en\\\/\"},{\"@type\":\"ListItem\",\"position\":2,\"name\":\"New 500-peso bill allegorical to Havana circulates in Cuba\"}]},{\"@type\":\"WebSite\",\"@id\":\"https:\\\/\\\/oncubanews.com\\\/en\\\/#website\",\"url\":\"https:\\\/\\\/oncubanews.com\\\/en\\\/\",\"name\":\"OnCubaNews English\",\"description\":\"Revista sobre Cuba\",\"potentialAction\":[{\"@type\":\"SearchAction\",\"target\":{\"@type\":\"EntryPoint\",\"urlTemplate\":\"https:\\\/\\\/oncubanews.com\\\/en\\\/?s={search_term_string}\"},\"query-input\":{\"@type\":\"PropertyValueSpecification\",\"valueRequired\":true,\"valueName\":\"search_term_string\"}}],\"inLanguage\":\"en-US\"},{\"@type\":\"Person\",\"@id\":\"https:\\\/\\\/oncubanews.com\\\/en\\\/#\\\/schema\\\/person\\\/d7171bf311032ab1f557dd8332e714af\",\"name\":\"OnCuba Staff\",\"image\":{\"@type\":\"ImageObject\",\"inLanguage\":\"en-US\",\"@id\":\"https:\\\/\\\/secure.gravatar.com\\\/avatar\\\/4b4c4d6109baadde898bb1af22ea4a4af5f4417b86a5d1800bf17531bfb128fc?s=96&r=g17310096d4dde63ebae0e54fbb19218a\",\"url\":\"https:\\\/\\\/secure.gravatar.com\\\/avatar\\\/4b4c4d6109baadde898bb1af22ea4a4af5f4417b86a5d1800bf17531bfb128fc?s=96&r=g\",\"contentUrl\":\"https:\\\/\\\/secure.gravatar.com\\\/avatar\\\/4b4c4d6109baadde898bb1af22ea4a4af5f4417b86a5d1800bf17531bfb128fc?s=96&r=g\",\"caption\":\"OnCuba Staff\"},\"url\":\"https:\\\/\\\/oncubanews.com\\\/en\\\/author\\\/oncuba-editorial-staff\\\/\"}]}<\/script>\n<!-- \/ Yoast SEO plugin. -->","yoast_head_json":{"title":"New 500-peso bill allegorical to Havana circulates in Cuba | OnCubaNews English","description":"The image of the Giraldilla, a sculpture representing San Crist\u00f3bal de La Habana, was added to the original design of that bill.","robots":{"index":"index","follow":"follow","max-snippet":"max-snippet:-1","max-image-preview":"max-image-preview:large","max-video-preview":"max-video-preview:-1"},"canonical":"https:\/\/oncubanews.com\/en\/cuba\/new-500-peso-bill-allegorical-to-havana-circulates-in-cuba\/","og_locale":"en_US","og_type":"article","og_title":"New 500-peso bill allegorical to Havana circulates in Cuba | OnCubaNews English","og_description":"The image of the Giraldilla, a sculpture representing San Crist\u00f3bal de La Habana, was added to the original design of that bill.","og_url":"https:\/\/oncubanews.com\/en\/cuba\/new-500-peso-bill-allegorical-to-havana-circulates-in-cuba\/","og_site_name":"OnCubaNews English","article_published_time":"2019-11-17T23:15:09+00:00","og_image":[{"width":750,"height":472,"url":"https:\/\/oncubanews.com\/en\/wp-content\/uploads\/2019\/11\/billetes500-1.png","type":"image\/png"}],"author":"OnCuba Staff, OnCuba editorial staff","twitter_card":"summary_large_image","twitter_misc":{"Written by":"OnCuba Staff","Est. reading time":"1 minute"},"schema":{"@context":"https:\/\/schema.org","@graph":[{"@type":"Article","@id":"https:\/\/oncubanews.com\/en\/cuba\/new-500-peso-bill-allegorical-to-havana-circulates-in-cuba\/#article","isPartOf":{"@id":"https:\/\/oncubanews.com\/en\/cuba\/new-500-peso-bill-allegorical-to-havana-circulates-in-cuba\/"},"author":{"name":"OnCuba Staff","@id":"https:\/\/oncubanews.com\/en\/#\/schema\/person\/d7171bf311032ab1f557dd8332e714af"},"headline":"New 500-peso bill allegorical to Havana circulates in Cuba","datePublished":"2019-11-17T23:15:09+00:00","mainEntityOfPage":{"@id":"https:\/\/oncubanews.com\/en\/cuba\/new-500-peso-bill-allegorical-to-havana-circulates-in-cuba\/"},"wordCount":197,"commentCount":0,"image":{"@id":"https:\/\/oncubanews.com\/en\/cuba\/new-500-peso-bill-allegorical-to-havana-circulates-in-cuba\/#primaryimage"},"thumbnailUrl":"https:\/\/oncubanews.com\/en\/wp-content\/uploads\/2019\/11\/billetes500-1.png","keywords":["Cuban Economy","cuban society"],"articleSection":["Cuba"],"inLanguage":"en-US","potentialAction":[{"@type":"CommentAction","name":"Comment","target":["https:\/\/oncubanews.com\/en\/cuba\/new-500-peso-bill-allegorical-to-havana-circulates-in-cuba\/#respond"]}],"copyrightYear":"2019","copyrightHolder":{"@id":"https:\/\/oncubanews.com\/en\/#organization"}},{"@type":"WebPage","@id":"https:\/\/oncubanews.com\/en\/cuba\/new-500-peso-bill-allegorical-to-havana-circulates-in-cuba\/","url":"https:\/\/oncubanews.com\/en\/cuba\/new-500-peso-bill-allegorical-to-havana-circulates-in-cuba\/","name":"New 500-peso bill allegorical to Havana circulates in Cuba | OnCubaNews English","isPartOf":{"@id":"https:\/\/oncubanews.com\/en\/#website"},"primaryImageOfPage":{"@id":"https:\/\/oncubanews.com\/en\/cuba\/new-500-peso-bill-allegorical-to-havana-circulates-in-cuba\/#primaryimage"},"image":{"@id":"https:\/\/oncubanews.com\/en\/cuba\/new-500-peso-bill-allegorical-to-havana-circulates-in-cuba\/#primaryimage"},"thumbnailUrl":"https:\/\/oncubanews.com\/en\/wp-content\/uploads\/2019\/11\/billetes500-1.png","datePublished":"2019-11-17T23:15:09+00:00","author":{"@id":"https:\/\/oncubanews.com\/en\/#\/schema\/person\/d7171bf311032ab1f557dd8332e714af"},"description":"The image of the Giraldilla, a sculpture representing San Crist\u00f3bal de La Habana, was added to the original design of that bill.","breadcrumb":{"@id":"https:\/\/oncubanews.com\/en\/cuba\/new-500-peso-bill-allegorical-to-havana-circulates-in-cuba\/#breadcrumb"},"inLanguage":"en-US","potentialAction":[{"@type":"ReadAction","target":["https:\/\/oncubanews.com\/en\/cuba\/new-500-peso-bill-allegorical-to-havana-circulates-in-cuba\/"]}]},{"@type":"ImageObject","inLanguage":"en-US","@id":"https:\/\/oncubanews.com\/en\/cuba\/new-500-peso-bill-allegorical-to-havana-circulates-in-cuba\/#primaryimage","url":"https:\/\/oncubanews.com\/en\/wp-content\/uploads\/2019\/11\/billetes500-1.png","contentUrl":"https:\/\/oncubanews.com\/en\/wp-content\/uploads\/2019\/11\/billetes500-1.png","width":750,"height":472},{"@type":"BreadcrumbList","@id":"https:\/\/oncubanews.com\/en\/cuba\/new-500-peso-bill-allegorical-to-havana-circulates-in-cuba\/#breadcrumb","itemListElement":[{"@type":"ListItem","position":1,"name":"Portada","item":"https:\/\/oncubanews.com\/en\/"},{"@type":"ListItem","position":2,"name":"New 500-peso bill allegorical to Havana circulates in Cuba"}]},{"@type":"WebSite","@id":"https:\/\/oncubanews.com\/en\/#website","url":"https:\/\/oncubanews.com\/en\/","name":"OnCubaNews English","description":"Revista sobre Cuba","potentialAction":[{"@type":"SearchAction","target":{"@type":"EntryPoint","urlTemplate":"https:\/\/oncubanews.com\/en\/?s={search_term_string}"},"query-input":{"@type":"PropertyValueSpecification","valueRequired":true,"valueName":"search_term_string"}}],"inLanguage":"en-US"},{"@type":"Person","@id":"https:\/\/oncubanews.com\/en\/#\/schema\/person\/d7171bf311032ab1f557dd8332e714af","name":"OnCuba Staff","image":{"@type":"ImageObject","inLanguage":"en-US","@id":"https:\/\/secure.gravatar.com\/avatar\/4b4c4d6109baadde898bb1af22ea4a4af5f4417b86a5d1800bf17531bfb128fc?s=96&r=g17310096d4dde63ebae0e54fbb19218a","url":"https:\/\/secure.gravatar.com\/avatar\/4b4c4d6109baadde898bb1af22ea4a4af5f4417b86a5d1800bf17531bfb128fc?s=96&r=g","contentUrl":"https:\/\/secure.gravatar.com\/avatar\/4b4c4d6109baadde898bb1af22ea4a4af5f4417b86a5d1800bf17531bfb128fc?s=96&r=g","caption":"OnCuba Staff"},"url":"https:\/\/oncubanews.com\/en\/author\/oncuba-editorial-staff\/"}]}},"authors":[{"term_id":33546,"user_id":3134,"is_guest":0,"slug":"oncuba-editorial-staff","display_name":"OnCuba Staff","avatar_url":"https:\/\/secure.gravatar.com\/avatar\/4b4c4d6109baadde898bb1af22ea4a4af5f4417b86a5d1800bf17531bfb128fc?s=96&r=g","0":null,"1":"","2":"","3":"","4":"","5":"","6":"","7":"","8":""},{"term_id":8689,"user_id":3134,"is_guest":0,"slug":"oncuba-editorial-staff","display_name":"OnCuba editorial staff","avatar_url":{"url":"https:\/\/oncubanews.com\/en\/wp-content\/uploads\/2018\/10\/avatar-ocnews-1.png","url2x":"https:\/\/oncubanews.com\/en\/wp-content\/uploads\/2018\/10\/avatar-ocnews-1.png"},"0":null,"1":"","2":"","3":"","4":"","5":"","6":"","7":"","8":""}],"_links":{"self":[{"href":"https:\/\/oncubanews.com\/en\/wp-json\/wp\/v2\/posts\/209452","targetHints":{"allow":["GET"]}}],"collection":[{"href":"https:\/\/oncubanews.com\/en\/wp-json\/wp\/v2\/posts"}],"about":[{"href":"https:\/\/oncubanews.com\/en\/wp-json\/wp\/v2\/types\/post"}],"author":[{"embeddable":true,"href":"https:\/\/oncubanews.com\/en\/wp-json\/wp\/v2\/users\/3134"}],"replies":[{"embeddable":true,"href":"https:\/\/oncubanews.com\/en\/wp-json\/wp\/v2\/comments?post=209452"}],"version-history":[{"count":0,"href":"https:\/\/oncubanews.com\/en\/wp-json\/wp\/v2\/posts\/209452\/revisions"}],"wp:featuredmedia":[{"embeddable":true,"href":"https:\/\/oncubanews.com\/en\/wp-json\/wp\/v2\/media\/209454"}],"wp:attachment":[{"href":"https:\/\/oncubanews.com\/en\/wp-json\/wp\/v2\/media?parent=209452"}],"wp:term":[{"taxonomy":"category","embeddable":true,"href":"https:\/\/oncubanews.com\/en\/wp-json\/wp\/v2\/categories?post=209452"},{"taxonomy":"post_tag","embeddable":true,"href":"https:\/\/oncubanews.com\/en\/wp-json\/wp\/v2\/tags?post=209452"},{"taxonomy":"author","embeddable":true,"href":"https:\/\/oncubanews.com\/en\/wp-json\/wp\/v2\/ppma_author?post=209452"}],"curies":[{"name":"wp","href":"https:\/\/api.w.org\/{rel}","templated":true}]}}