
{"id":209890,"date":"2019-11-28T16:05:13","date_gmt":"2019-11-28T21:05:13","guid":{"rendered":"https:\/\/oncubanews.com\/en\/?p=209890"},"modified":"2019-11-28T16:06:57","modified_gmt":"2019-11-28T21:06:57","slug":"cuban-foreign-minister-denounces-illegal-actions-of-u-s-em","status":"publish","type":"post","link":"https:\/\/oncubanews.com\/en\/cuba-usa\/cuban-foreign-minister-denounces-illegal-actions-of-u-s-em\/","title":{"rendered":"Cuban Foreign Minister denounces \u201cillegal actions\u201d of U.S. Embassy"},"content":{"rendered":"<p><span style=\"font-weight: 400;\">Cuban Foreign Minister Bruno Rodr\u00edguez denounced this Tuesday \u201cillegal actions\u201d of the U.S. Embassy on the island, although without specifying which activities in particular he was referring to.<\/span><\/p>\n<p><span style=\"font-weight: 400;\">In a message posted on his Twitter account, Rodr\u00edguez said that these actions \u201cconstitute an interference in the internal affairs of the country and seek to undermine our constitutional order.\u201d In addition, he added that they \u201cviolate the Vienna Convention, the agreement on the restoration of relations and Cuban and U.S. laws.\u201d<\/span><\/p>\n<p><span style=\"font-weight: 400;\">In a previous tweet, the foreign minister had criticized Secretary of State Mike Pompeo for urging his Embassy in Havana \u201cto intervene in the internal affairs of a sovereign country that will not allow it.\u201d<\/span><\/p>\n<p><span style=\"font-weight: 400;\">In that same message, he said that Pompeo \u201capplauds coups d\u2019\u00e9tat and turns a blind eye to murders, acts of barbarism, repression and human rights violations by his allies,\u201d in a presumed allusion to Washington&#8217;s support for the recent repression of popular demonstrations by several Latin American governments, including the interim government of Bolivia, which Cuba considers the result of a coup d\u2019\u00e9tat.<\/span><\/p>\n<blockquote class=\"twitter-tweet\" data-width=\"500\" data-dnt=\"true\">\n<p lang=\"es\" dir=\"ltr\">Acciones il\u00edcitas de la Embajada de <a href=\"https:\/\/twitter.com\/hashtag\/EEUU?src=hash&amp;ref_src=twsrc%5Etfw\">#EEUU<\/a> en <a href=\"https:\/\/twitter.com\/hashtag\/Cuba?src=hash&amp;ref_src=twsrc%5Etfw\">#Cuba<\/a> constituyen una intromisi\u00f3n en los asuntos internos del pa\u00eds y buscan atentar vs nuestro orden constitucional. Violan la Convenci\u00f3n de Viena, el acuerdo de restablecimiento de relaciones y las leyes cubanas y estadounidenses.<\/p>\n<p>&mdash; Bruno Rodr\u00edguez P (@BrunoRguezP) <a href=\"https:\/\/twitter.com\/BrunoRguezP\/status\/1199310365420589056?ref_src=twsrc%5Etfw\">November 26, 2019<\/a><\/p><\/blockquote>\n<p><script async src=\"https:\/\/platform.twitter.com\/widgets.js\" charset=\"utf-8\"><\/script><\/p>\n<p><span style=\"font-weight: 400;\">Days ago, the Cuban government accused the U.S. diplomatic mission on the island, and particularly its Charg\u00e9 d&#8217;Affaires Mara Tekach, of concentrating on the \u201cfailed purpose of recruiting mercenaries, of promoting division and confusion among our people,\u201d as well as \u201cidentifying areas of the economy against which to direct coercive measures, and trying to slander and discredit the work of the Cuban government and the Revolution,\u201d according to <\/span><a href=\"http:\/\/www.granma.cu\/cuba\/2019-11-20\/nueva-campana-de-calumnias-de-ee-uu-contra-cuba-20-11-2019-01-11-39\" target=\"_blank\" rel=\"noopener noreferrer\"><span style=\"font-weight: 400;\">a press release<\/span><\/a><span style=\"font-weight: 400;\"> published in the newspaper <em>Granma<\/em>.<\/span><\/p>\n<p><span style=\"font-weight: 400;\">The statement came to light as a result of the relevance reached in the media and social media of the case of Jos\u00e9 Daniel Ferrer, a leading member of a group that opposes the Cuban government and who is detained, according to the official version, on suspicion of kidnapping and assaulting another man.<\/span><\/p>\n<p><span style=\"font-weight: 400;\">The U.S. government and opposition groups reject this version\u2015which they call an \u201cinvention\u201d\u2015and have demanded that Havana free Ferrer. But in the opinion of the Cuban government, these pronouncements are part of a \u201ccampaign to discredit Cuba.\u201d<\/span><\/p>\n<p><span style=\"font-weight: 400;\">\u201cThe United States Embassy in Cuba has been the fundamental vehicle of attention, orientation and financing of the behavior of Jos\u00e9 Daniel Ferrer, in a clear manifestation of interference in the internal affairs of Cuba and of an open instigation to violence,\u201d says the government statement.<\/span><\/p>\n<blockquote class=\"wp-embedded-content\" data-secret=\"oTlJUIjbLm\"><p><a href=\"https:\/\/oncubanews.com\/en\/cuba-usa\/cuban-government-accuses-u-s-charge-daffaires-of-illegal-actions-in-cuba\/\">Cuban government accuses U.S. charg\u00e9 d\u2019affaires of illegal actions in Cuba<\/a><\/p><\/blockquote>\n<p><iframe loading=\"lazy\" class=\"wp-embedded-content\" sandbox=\"allow-scripts\" security=\"restricted\" style=\"position: absolute; clip: rect(1px, 1px, 1px, 1px);\" title=\"&#8220;Cuban government accuses U.S. charg\u00e9 d\u2019affaires of illegal actions in Cuba&#8221; &#8212; OnCubaNews English\" src=\"https:\/\/oncubanews.com\/en\/cuba-usa\/cuban-government-accuses-u-s-charge-daffaires-of-illegal-actions-in-cuba\/embed\/#?secret=FAwheAibOw#?secret=oTlJUIjbLm\" data-secret=\"oTlJUIjbLm\" width=\"500\" height=\"282\" frameborder=\"0\" marginwidth=\"0\" marginheight=\"0\" scrolling=\"no\"><\/iframe><\/p>\n<p><span style=\"font-weight: 400;\">The accusations against the charg\u00e9 d&#8217;affaires and the U.S. Embassy constituted a change in Cuba\u2019s normal language with respect to its relations with the United States, which had remained restrained despite the escalation of the Trump administration against the island, with sanctions directed at restricting income and cutting off access to fuel.<\/span><\/p>\n<p><span style=\"font-weight: 400;\">After the Cuban statement, Pompeo <\/span><a href=\"https:\/\/oncubanews.com\/en\/cuba-usa\/mike-pompeo-defends-u-s-diplomats-in-havana\/\" target=\"_blank\" rel=\"noopener noreferrer\"><span style=\"font-weight: 400;\">defended<\/span><\/a><span style=\"font-weight: 400;\"> Tekach and the diplomatic mission on the island, which, he said, \u201cremain steadfast\u00a0as they carry out the President\u2019s mission to defend human rights and advance the cause of democracy in Cuba.\u201d<\/span><\/p>\n<p><span style=\"font-weight: 400;\">In the opinion of the Secretary of State, the Cuban government \u201chas launched these baseless allegations in an attempt to distract the international community from its treatment of the Cuban people, especially the ongoing arbitrary detention of dissident Jose Daniel Ferrer.\u201d<\/span><\/p>\n<p><span style=\"font-weight: 400;\">Recently, the general director for the U.S. of the Cuban Foreign Ministry, Carlos Fern\u00e1ndez de Coss\u00edo, had said that the U.S. government has hindered the granting of visas to Cuban diplomats, which \u201cforces Cuba to reciprocate.\u201d He also said that \u201cit is something they are trying to present as an incident\u201d to seek the closure of embassies and break bilateral relations, about which Foreign Minister Rodr\u00edguez has warned.<\/span><\/p>\n<p><span style=\"font-weight: 400;\">The links between Cuba and the United States are going through a critical moment after the end of the \u201cthaw\u201d promoted by former presidents Barack Obama and Ra\u00fal Castro. The arrival of Donald Trump in the White House has meant a return to the policy of sanctions and confrontations, which have increased with the proximity of the 2020 electoral process.<\/span><\/p>\n","protected":false},"excerpt":{"rendered":"<p>Cuban Foreign Minister Bruno Rodr\u00edguez denounced this Tuesday \u201cillegal actions\u201d of the U.S. Embassy on the island, although without specifying which activities in particular he was referring to. In a message posted on his Twitter account, Rodr\u00edguez said that these actions \u201cconstitute an interference in the internal affairs of the country and seek to undermine [&hellip;]<\/p>\n","protected":false},"author":3134,"featured_media":209891,"comment_status":"open","ping_status":"closed","sticky":false,"template":"","format":"standard","meta":{"_acf_changed":false,"footnotes":""},"categories":[13944],"tags":[18240,14891],"ppma_author":[33546,8689],"class_list":["post-209890","post","type-post","status-publish","format-standard","has-post-thumbnail","hentry","category-cuba-usa","tag-cuba-foreign-affairs-ministry","tag-cuba-usa-relations"],"acf":[],"yoast_head":"<!-- This site is optimized with the Yoast SEO plugin v27.3 - https:\/\/yoast.com\/product\/yoast-seo-wordpress\/ -->\n<title>Cuban Foreign Minister denounces \u201cillegal actions\u201d of U.S. Embassy | OnCubaNews English<\/title>\n<meta name=\"description\" content=\"Although he did not give details about the specific activities he was referring to, Bruno Rodr\u00edguez said on Twitter that these actions \u201cconstitute an interference in the internal affairs of the country and seek to undermine our constitutional order.\u201d\" \/>\n<meta name=\"robots\" content=\"index, follow, max-snippet:-1, max-image-preview:large, max-video-preview:-1\" \/>\n<link rel=\"canonical\" href=\"https:\/\/oncubanews.com\/en\/cuba-usa\/cuban-foreign-minister-denounces-illegal-actions-of-u-s-em\/\" \/>\n<meta property=\"og:locale\" content=\"en_US\" \/>\n<meta property=\"og:type\" content=\"article\" \/>\n<meta property=\"og:title\" content=\"Cuban Foreign Minister denounces \u201cillegal actions\u201d of U.S. Embassy | OnCubaNews English\" \/>\n<meta property=\"og:description\" content=\"Although he did not give details about the specific activities he was referring to, Bruno Rodr\u00edguez said on Twitter that these actions \u201cconstitute an interference in the internal affairs of the country and seek to undermine our constitutional order.\u201d\" \/>\n<meta property=\"og:url\" content=\"https:\/\/oncubanews.com\/en\/cuba-usa\/cuban-foreign-minister-denounces-illegal-actions-of-u-s-em\/\" \/>\n<meta property=\"og:site_name\" content=\"OnCubaNews English\" \/>\n<meta property=\"article:published_time\" content=\"2019-11-28T21:05:13+00:00\" \/>\n<meta property=\"article:modified_time\" content=\"2019-11-28T21:06:57+00:00\" \/>\n<meta property=\"og:image\" content=\"https:\/\/oncubanews.com\/en\/wp-content\/uploads\/2019\/11\/bloqueo_otm_2.jpg\" \/>\n\t<meta property=\"og:image:width\" content=\"750\" \/>\n\t<meta property=\"og:image:height\" content=\"500\" \/>\n\t<meta property=\"og:image:type\" content=\"image\/jpeg\" \/>\n<meta name=\"author\" content=\"OnCuba Staff, OnCuba editorial staff\" \/>\n<meta name=\"twitter:card\" content=\"summary_large_image\" \/>\n<meta name=\"twitter:label1\" content=\"Written by\" \/>\n\t<meta name=\"twitter:data1\" content=\"OnCuba Staff\" \/>\n\t<meta name=\"twitter:label2\" content=\"Est. reading time\" \/>\n\t<meta name=\"twitter:data2\" content=\"3 minutes\" \/>\n<script type=\"application\/ld+json\" class=\"yoast-schema-graph\">{\"@context\":\"https:\\\/\\\/schema.org\",\"@graph\":[{\"@type\":\"Article\",\"@id\":\"https:\\\/\\\/oncubanews.com\\\/en\\\/cuba-usa\\\/cuban-foreign-minister-denounces-illegal-actions-of-u-s-em\\\/#article\",\"isPartOf\":{\"@id\":\"https:\\\/\\\/oncubanews.com\\\/en\\\/cuba-usa\\\/cuban-foreign-minister-denounces-illegal-actions-of-u-s-em\\\/\"},\"author\":{\"name\":\"OnCuba Staff\",\"@id\":\"https:\\\/\\\/oncubanews.com\\\/en\\\/#\\\/schema\\\/person\\\/d7171bf311032ab1f557dd8332e714af\"},\"headline\":\"Cuban Foreign Minister denounces \u201cillegal actions\u201d of U.S. Embassy\",\"datePublished\":\"2019-11-28T21:05:13+00:00\",\"dateModified\":\"2019-11-28T21:06:57+00:00\",\"mainEntityOfPage\":{\"@id\":\"https:\\\/\\\/oncubanews.com\\\/en\\\/cuba-usa\\\/cuban-foreign-minister-denounces-illegal-actions-of-u-s-em\\\/\"},\"wordCount\":707,\"commentCount\":0,\"image\":{\"@id\":\"https:\\\/\\\/oncubanews.com\\\/en\\\/cuba-usa\\\/cuban-foreign-minister-denounces-illegal-actions-of-u-s-em\\\/#primaryimage\"},\"thumbnailUrl\":\"https:\\\/\\\/oncubanews.com\\\/en\\\/wp-content\\\/uploads\\\/2019\\\/11\\\/bloqueo_otm_2.jpg\",\"keywords\":[\"Cuba Foreign Affairs Ministry\",\"Cuba-USA Relations\"],\"articleSection\":[\"Cuba-USA\"],\"inLanguage\":\"en-US\",\"potentialAction\":[{\"@type\":\"CommentAction\",\"name\":\"Comment\",\"target\":[\"https:\\\/\\\/oncubanews.com\\\/en\\\/cuba-usa\\\/cuban-foreign-minister-denounces-illegal-actions-of-u-s-em\\\/#respond\"]}],\"copyrightYear\":\"2019\",\"copyrightHolder\":{\"@id\":\"https:\\\/\\\/oncubanews.com\\\/en\\\/#organization\"}},{\"@type\":\"WebPage\",\"@id\":\"https:\\\/\\\/oncubanews.com\\\/en\\\/cuba-usa\\\/cuban-foreign-minister-denounces-illegal-actions-of-u-s-em\\\/\",\"url\":\"https:\\\/\\\/oncubanews.com\\\/en\\\/cuba-usa\\\/cuban-foreign-minister-denounces-illegal-actions-of-u-s-em\\\/\",\"name\":\"Cuban Foreign Minister denounces \u201cillegal actions\u201d of U.S. Embassy | OnCubaNews English\",\"isPartOf\":{\"@id\":\"https:\\\/\\\/oncubanews.com\\\/en\\\/#website\"},\"primaryImageOfPage\":{\"@id\":\"https:\\\/\\\/oncubanews.com\\\/en\\\/cuba-usa\\\/cuban-foreign-minister-denounces-illegal-actions-of-u-s-em\\\/#primaryimage\"},\"image\":{\"@id\":\"https:\\\/\\\/oncubanews.com\\\/en\\\/cuba-usa\\\/cuban-foreign-minister-denounces-illegal-actions-of-u-s-em\\\/#primaryimage\"},\"thumbnailUrl\":\"https:\\\/\\\/oncubanews.com\\\/en\\\/wp-content\\\/uploads\\\/2019\\\/11\\\/bloqueo_otm_2.jpg\",\"datePublished\":\"2019-11-28T21:05:13+00:00\",\"dateModified\":\"2019-11-28T21:06:57+00:00\",\"author\":{\"@id\":\"https:\\\/\\\/oncubanews.com\\\/en\\\/#\\\/schema\\\/person\\\/d7171bf311032ab1f557dd8332e714af\"},\"description\":\"Although he did not give details about the specific activities he was referring to, Bruno Rodr\u00edguez said on Twitter that these actions \u201cconstitute an interference in the internal affairs of the country and seek to undermine our constitutional order.\u201d\",\"breadcrumb\":{\"@id\":\"https:\\\/\\\/oncubanews.com\\\/en\\\/cuba-usa\\\/cuban-foreign-minister-denounces-illegal-actions-of-u-s-em\\\/#breadcrumb\"},\"inLanguage\":\"en-US\",\"potentialAction\":[{\"@type\":\"ReadAction\",\"target\":[\"https:\\\/\\\/oncubanews.com\\\/en\\\/cuba-usa\\\/cuban-foreign-minister-denounces-illegal-actions-of-u-s-em\\\/\"]}]},{\"@type\":\"ImageObject\",\"inLanguage\":\"en-US\",\"@id\":\"https:\\\/\\\/oncubanews.com\\\/en\\\/cuba-usa\\\/cuban-foreign-minister-denounces-illegal-actions-of-u-s-em\\\/#primaryimage\",\"url\":\"https:\\\/\\\/oncubanews.com\\\/en\\\/wp-content\\\/uploads\\\/2019\\\/11\\\/bloqueo_otm_2.jpg\",\"contentUrl\":\"https:\\\/\\\/oncubanews.com\\\/en\\\/wp-content\\\/uploads\\\/2019\\\/11\\\/bloqueo_otm_2.jpg\",\"width\":750,\"height\":500,\"caption\":\"Cuban Foreign Minister Bruno Rodr\u00edguez gives statements to the press about the impact of the U.S. embargo\\\/blockade on Cuba, at the headquarters of the Foreign Ministry in Havana, on September 20, 2019. Photo: Otmaro Rodr\u00edguez.\"},{\"@type\":\"BreadcrumbList\",\"@id\":\"https:\\\/\\\/oncubanews.com\\\/en\\\/cuba-usa\\\/cuban-foreign-minister-denounces-illegal-actions-of-u-s-em\\\/#breadcrumb\",\"itemListElement\":[{\"@type\":\"ListItem\",\"position\":1,\"name\":\"Portada\",\"item\":\"https:\\\/\\\/oncubanews.com\\\/en\\\/\"},{\"@type\":\"ListItem\",\"position\":2,\"name\":\"Cuban Foreign Minister denounces \u201cillegal actions\u201d of U.S. Embassy\"}]},{\"@type\":\"WebSite\",\"@id\":\"https:\\\/\\\/oncubanews.com\\\/en\\\/#website\",\"url\":\"https:\\\/\\\/oncubanews.com\\\/en\\\/\",\"name\":\"OnCubaNews English\",\"description\":\"Revista sobre Cuba\",\"potentialAction\":[{\"@type\":\"SearchAction\",\"target\":{\"@type\":\"EntryPoint\",\"urlTemplate\":\"https:\\\/\\\/oncubanews.com\\\/en\\\/?s={search_term_string}\"},\"query-input\":{\"@type\":\"PropertyValueSpecification\",\"valueRequired\":true,\"valueName\":\"search_term_string\"}}],\"inLanguage\":\"en-US\"},{\"@type\":\"Person\",\"@id\":\"https:\\\/\\\/oncubanews.com\\\/en\\\/#\\\/schema\\\/person\\\/d7171bf311032ab1f557dd8332e714af\",\"name\":\"OnCuba Staff\",\"image\":{\"@type\":\"ImageObject\",\"inLanguage\":\"en-US\",\"@id\":\"https:\\\/\\\/secure.gravatar.com\\\/avatar\\\/4b4c4d6109baadde898bb1af22ea4a4af5f4417b86a5d1800bf17531bfb128fc?s=96&r=g17310096d4dde63ebae0e54fbb19218a\",\"url\":\"https:\\\/\\\/secure.gravatar.com\\\/avatar\\\/4b4c4d6109baadde898bb1af22ea4a4af5f4417b86a5d1800bf17531bfb128fc?s=96&r=g\",\"contentUrl\":\"https:\\\/\\\/secure.gravatar.com\\\/avatar\\\/4b4c4d6109baadde898bb1af22ea4a4af5f4417b86a5d1800bf17531bfb128fc?s=96&r=g\",\"caption\":\"OnCuba Staff\"},\"url\":\"https:\\\/\\\/oncubanews.com\\\/en\\\/author\\\/oncuba-editorial-staff\\\/\"}]}<\/script>\n<!-- \/ Yoast SEO plugin. -->","yoast_head_json":{"title":"Cuban Foreign Minister denounces \u201cillegal actions\u201d of U.S. Embassy | OnCubaNews English","description":"Although he did not give details about the specific activities he was referring to, Bruno Rodr\u00edguez said on Twitter that these actions \u201cconstitute an interference in the internal affairs of the country and seek to undermine our constitutional order.\u201d","robots":{"index":"index","follow":"follow","max-snippet":"max-snippet:-1","max-image-preview":"max-image-preview:large","max-video-preview":"max-video-preview:-1"},"canonical":"https:\/\/oncubanews.com\/en\/cuba-usa\/cuban-foreign-minister-denounces-illegal-actions-of-u-s-em\/","og_locale":"en_US","og_type":"article","og_title":"Cuban Foreign Minister denounces \u201cillegal actions\u201d of U.S. Embassy | OnCubaNews English","og_description":"Although he did not give details about the specific activities he was referring to, Bruno Rodr\u00edguez said on Twitter that these actions \u201cconstitute an interference in the internal affairs of the country and seek to undermine our constitutional order.\u201d","og_url":"https:\/\/oncubanews.com\/en\/cuba-usa\/cuban-foreign-minister-denounces-illegal-actions-of-u-s-em\/","og_site_name":"OnCubaNews English","article_published_time":"2019-11-28T21:05:13+00:00","article_modified_time":"2019-11-28T21:06:57+00:00","og_image":[{"width":750,"height":500,"url":"https:\/\/oncubanews.com\/en\/wp-content\/uploads\/2019\/11\/bloqueo_otm_2.jpg","type":"image\/jpeg"}],"author":"OnCuba Staff, OnCuba editorial staff","twitter_card":"summary_large_image","twitter_misc":{"Written by":"OnCuba Staff","Est. reading time":"3 minutes"},"schema":{"@context":"https:\/\/schema.org","@graph":[{"@type":"Article","@id":"https:\/\/oncubanews.com\/en\/cuba-usa\/cuban-foreign-minister-denounces-illegal-actions-of-u-s-em\/#article","isPartOf":{"@id":"https:\/\/oncubanews.com\/en\/cuba-usa\/cuban-foreign-minister-denounces-illegal-actions-of-u-s-em\/"},"author":{"name":"OnCuba Staff","@id":"https:\/\/oncubanews.com\/en\/#\/schema\/person\/d7171bf311032ab1f557dd8332e714af"},"headline":"Cuban Foreign Minister denounces \u201cillegal actions\u201d of U.S. Embassy","datePublished":"2019-11-28T21:05:13+00:00","dateModified":"2019-11-28T21:06:57+00:00","mainEntityOfPage":{"@id":"https:\/\/oncubanews.com\/en\/cuba-usa\/cuban-foreign-minister-denounces-illegal-actions-of-u-s-em\/"},"wordCount":707,"commentCount":0,"image":{"@id":"https:\/\/oncubanews.com\/en\/cuba-usa\/cuban-foreign-minister-denounces-illegal-actions-of-u-s-em\/#primaryimage"},"thumbnailUrl":"https:\/\/oncubanews.com\/en\/wp-content\/uploads\/2019\/11\/bloqueo_otm_2.jpg","keywords":["Cuba Foreign Affairs Ministry","Cuba-USA Relations"],"articleSection":["Cuba-USA"],"inLanguage":"en-US","potentialAction":[{"@type":"CommentAction","name":"Comment","target":["https:\/\/oncubanews.com\/en\/cuba-usa\/cuban-foreign-minister-denounces-illegal-actions-of-u-s-em\/#respond"]}],"copyrightYear":"2019","copyrightHolder":{"@id":"https:\/\/oncubanews.com\/en\/#organization"}},{"@type":"WebPage","@id":"https:\/\/oncubanews.com\/en\/cuba-usa\/cuban-foreign-minister-denounces-illegal-actions-of-u-s-em\/","url":"https:\/\/oncubanews.com\/en\/cuba-usa\/cuban-foreign-minister-denounces-illegal-actions-of-u-s-em\/","name":"Cuban Foreign Minister denounces \u201cillegal actions\u201d of U.S. Embassy | OnCubaNews English","isPartOf":{"@id":"https:\/\/oncubanews.com\/en\/#website"},"primaryImageOfPage":{"@id":"https:\/\/oncubanews.com\/en\/cuba-usa\/cuban-foreign-minister-denounces-illegal-actions-of-u-s-em\/#primaryimage"},"image":{"@id":"https:\/\/oncubanews.com\/en\/cuba-usa\/cuban-foreign-minister-denounces-illegal-actions-of-u-s-em\/#primaryimage"},"thumbnailUrl":"https:\/\/oncubanews.com\/en\/wp-content\/uploads\/2019\/11\/bloqueo_otm_2.jpg","datePublished":"2019-11-28T21:05:13+00:00","dateModified":"2019-11-28T21:06:57+00:00","author":{"@id":"https:\/\/oncubanews.com\/en\/#\/schema\/person\/d7171bf311032ab1f557dd8332e714af"},"description":"Although he did not give details about the specific activities he was referring to, Bruno Rodr\u00edguez said on Twitter that these actions \u201cconstitute an interference in the internal affairs of the country and seek to undermine our constitutional order.\u201d","breadcrumb":{"@id":"https:\/\/oncubanews.com\/en\/cuba-usa\/cuban-foreign-minister-denounces-illegal-actions-of-u-s-em\/#breadcrumb"},"inLanguage":"en-US","potentialAction":[{"@type":"ReadAction","target":["https:\/\/oncubanews.com\/en\/cuba-usa\/cuban-foreign-minister-denounces-illegal-actions-of-u-s-em\/"]}]},{"@type":"ImageObject","inLanguage":"en-US","@id":"https:\/\/oncubanews.com\/en\/cuba-usa\/cuban-foreign-minister-denounces-illegal-actions-of-u-s-em\/#primaryimage","url":"https:\/\/oncubanews.com\/en\/wp-content\/uploads\/2019\/11\/bloqueo_otm_2.jpg","contentUrl":"https:\/\/oncubanews.com\/en\/wp-content\/uploads\/2019\/11\/bloqueo_otm_2.jpg","width":750,"height":500,"caption":"Cuban Foreign Minister Bruno Rodr\u00edguez gives statements to the press about the impact of the U.S. embargo\/blockade on Cuba, at the headquarters of the Foreign Ministry in Havana, on September 20, 2019. Photo: Otmaro Rodr\u00edguez."},{"@type":"BreadcrumbList","@id":"https:\/\/oncubanews.com\/en\/cuba-usa\/cuban-foreign-minister-denounces-illegal-actions-of-u-s-em\/#breadcrumb","itemListElement":[{"@type":"ListItem","position":1,"name":"Portada","item":"https:\/\/oncubanews.com\/en\/"},{"@type":"ListItem","position":2,"name":"Cuban Foreign Minister denounces \u201cillegal actions\u201d of U.S. Embassy"}]},{"@type":"WebSite","@id":"https:\/\/oncubanews.com\/en\/#website","url":"https:\/\/oncubanews.com\/en\/","name":"OnCubaNews English","description":"Revista sobre Cuba","potentialAction":[{"@type":"SearchAction","target":{"@type":"EntryPoint","urlTemplate":"https:\/\/oncubanews.com\/en\/?s={search_term_string}"},"query-input":{"@type":"PropertyValueSpecification","valueRequired":true,"valueName":"search_term_string"}}],"inLanguage":"en-US"},{"@type":"Person","@id":"https:\/\/oncubanews.com\/en\/#\/schema\/person\/d7171bf311032ab1f557dd8332e714af","name":"OnCuba Staff","image":{"@type":"ImageObject","inLanguage":"en-US","@id":"https:\/\/secure.gravatar.com\/avatar\/4b4c4d6109baadde898bb1af22ea4a4af5f4417b86a5d1800bf17531bfb128fc?s=96&r=g17310096d4dde63ebae0e54fbb19218a","url":"https:\/\/secure.gravatar.com\/avatar\/4b4c4d6109baadde898bb1af22ea4a4af5f4417b86a5d1800bf17531bfb128fc?s=96&r=g","contentUrl":"https:\/\/secure.gravatar.com\/avatar\/4b4c4d6109baadde898bb1af22ea4a4af5f4417b86a5d1800bf17531bfb128fc?s=96&r=g","caption":"OnCuba Staff"},"url":"https:\/\/oncubanews.com\/en\/author\/oncuba-editorial-staff\/"}]}},"authors":[{"term_id":33546,"user_id":3134,"is_guest":0,"slug":"oncuba-editorial-staff","display_name":"OnCuba Staff","avatar_url":"https:\/\/secure.gravatar.com\/avatar\/4b4c4d6109baadde898bb1af22ea4a4af5f4417b86a5d1800bf17531bfb128fc?s=96&r=g","0":null,"1":"","2":"","3":"","4":"","5":"","6":"","7":"","8":""},{"term_id":8689,"user_id":3134,"is_guest":0,"slug":"oncuba-editorial-staff","display_name":"OnCuba editorial staff","avatar_url":{"url":"https:\/\/oncubanews.com\/en\/wp-content\/uploads\/2018\/10\/avatar-ocnews-1.png","url2x":"https:\/\/oncubanews.com\/en\/wp-content\/uploads\/2018\/10\/avatar-ocnews-1.png"},"0":null,"1":"","2":"","3":"","4":"","5":"","6":"","7":"","8":""}],"_links":{"self":[{"href":"https:\/\/oncubanews.com\/en\/wp-json\/wp\/v2\/posts\/209890","targetHints":{"allow":["GET"]}}],"collection":[{"href":"https:\/\/oncubanews.com\/en\/wp-json\/wp\/v2\/posts"}],"about":[{"href":"https:\/\/oncubanews.com\/en\/wp-json\/wp\/v2\/types\/post"}],"author":[{"embeddable":true,"href":"https:\/\/oncubanews.com\/en\/wp-json\/wp\/v2\/users\/3134"}],"replies":[{"embeddable":true,"href":"https:\/\/oncubanews.com\/en\/wp-json\/wp\/v2\/comments?post=209890"}],"version-history":[{"count":0,"href":"https:\/\/oncubanews.com\/en\/wp-json\/wp\/v2\/posts\/209890\/revisions"}],"wp:featuredmedia":[{"embeddable":true,"href":"https:\/\/oncubanews.com\/en\/wp-json\/wp\/v2\/media\/209891"}],"wp:attachment":[{"href":"https:\/\/oncubanews.com\/en\/wp-json\/wp\/v2\/media?parent=209890"}],"wp:term":[{"taxonomy":"category","embeddable":true,"href":"https:\/\/oncubanews.com\/en\/wp-json\/wp\/v2\/categories?post=209890"},{"taxonomy":"post_tag","embeddable":true,"href":"https:\/\/oncubanews.com\/en\/wp-json\/wp\/v2\/tags?post=209890"},{"taxonomy":"author","embeddable":true,"href":"https:\/\/oncubanews.com\/en\/wp-json\/wp\/v2\/ppma_author?post=209890"}],"curies":[{"name":"wp","href":"https:\/\/api.w.org\/{rel}","templated":true}]}}