
{"id":210011,"date":"2019-12-01T08:00:04","date_gmt":"2019-12-01T13:00:04","guid":{"rendered":"https:\/\/oncubanews.com\/en\/?p=210011"},"modified":"2019-12-01T08:00:04","modified_gmt":"2019-12-01T13:00:04","slug":"cubans-wont-be-able-to-move-their-landline-from-their-homes","status":"publish","type":"post","link":"https:\/\/oncubanews.com\/en\/cuba\/cubans-wont-be-able-to-move-their-landline-from-their-homes\/","title":{"rendered":"Cubans won\u2019t be able to move their landline from their homes"},"content":{"rendered":"<p><span style=\"font-weight: 400;\">A new legal regulation of the Cuban Ministry of Communications prevents new owners of telephone landlines from moving that service if they change domicile.<\/span><\/p>\n<p><a href=\"https:\/\/www.gacetaoficial.gob.cu\/pdf\/GOC-2019-EX26.pdf\" target=\"_blank\" rel=\"noopener noreferrer\"><span style=\"font-weight: 400;\">Resolution 176<\/span><\/a><span style=\"font-weight: 400;\">, published in the <em>Gaceta Oficial<\/em> on November 11 and which establishes the general principles to be taken into account by the <\/span><a href=\"https:\/\/oncubanews.com\/tag\/etecsa-es\/\" target=\"_blank\" rel=\"noopener noreferrer\"><span style=\"font-weight: 400;\">Cuban Telecommunications Enterprise, S.A. (ETECSA)<\/span><\/a><span style=\"font-weight: 400;\"> when preparing basic telephone contracts, links this service only to the legal domicile of the contract holder, the official media reported this Friday.<\/span><\/p>\n<p><span style=\"font-weight: 400;\">The people who contract the telephone service as of the entry into force of the new resolution, in January 2020, will not be able to move their landline with them in case they change homes, according to the regulation.<\/span><\/p>\n<p><span style=\"font-weight: 400;\">\u201cIf the user moves, the service can be transferred to any person who continues to reside in that home or can continue to own it, although the service would remain at the previous address,\u201d <\/span><a href=\"http:\/\/www.granma.cu\/cuba\/2019-11-28\/nueva-resolucion-de-etecsa-para-la-telefonia-basica-residencial-28-11-2019-23-11-43\" target=\"_blank\" rel=\"noopener noreferrer\"><span style=\"font-weight: 400;\">explained<\/span><\/a><span style=\"font-weight: 400;\"> the newspaper <em>Granma<\/em> citing Adalis Montiel, deputy director of ETECSA\u2019s landline services department.<\/span><\/p>\n<p><span style=\"font-weight: 400;\">However, landline owners whose contracts were signed under the previous legislation do have the right to request the transfer of the service to another home, provided it is their new legal address and ETECSA has the necessary infrastructure for its installation.<\/span><\/p>\n<blockquote class=\"twitter-tweet\" data-width=\"500\" data-dnt=\"true\">\n<p lang=\"es\" dir=\"ltr\"><a href=\"https:\/\/twitter.com\/hashtag\/ETECSA?src=hash&amp;ref_src=twsrc%5Etfw\">#ETECSA<\/a> iniciar\u00e1 la implementaci\u00f3n de nueva normativa para los tel\u00e9fonos fijos a partir del 8\/01\/2020 e ir\u00e1 informando en los diferentes canales de comunicaci\u00f3n de la entidad sobre este tema. Consulte las preguntas frecuentes en <a href=\"https:\/\/t.co\/pgE92zsztf\">https:\/\/t.co\/pgE92zsztf<\/a> o cont\u00e1ctenos por el 118 <a href=\"https:\/\/t.co\/gE4Wv9tkvL\">pic.twitter.com\/gE4Wv9tkvL<\/a><\/p>\n<p>&mdash; ETECSA (@ETECSA_Cuba) <a href=\"https:\/\/twitter.com\/ETECSA_Cuba\/status\/1200234192442920960?ref_src=twsrc%5Etfw\">November 29, 2019<\/a><\/p><\/blockquote>\n<p><script async src=\"https:\/\/platform.twitter.com\/widgets.js\" charset=\"utf-8\"><\/script><\/p>\n<p><span style=\"font-weight: 400;\">According to the new regulation, in the case of a swap, if the two holders have telephone service, both can keep it; while in the case of the transfer of ownership, this can only benefit people legally residing in the house where the telephone service is installed.<\/span><\/p>\n<p><span style=\"font-weight: 400;\">In addition, it only recognizes the transfer of ownership in cases of death, declaration of presumption of death or declaration of emigration of the holder, and will always be in favor of a person previously designated in the contract. As a condition, this person must legally reside in the home where the telephone service is installed.<\/span><\/p>\n<p><span style=\"font-weight: 400;\">If there is no designated person in the contract, the beneficiary will be the one who legally receives the right to housing.<\/span><\/p>\n<p><span style=\"font-weight: 400;\">According to Montiel, ETECSA has allocated around 60% of the resources planned for the growth of the service every year to the installation of 30,000 transfers. Of these, almost 17,000 are pending \u201cfor not having technical capabilities, thereby wasting the installed resources,\u201d she said.<\/span><\/p>\n<p><span style=\"font-weight: 400;\">The official said that the flexibility of the regulations on housing, and the authorization of the purchase and sale of these, generated an increase in illegality and litigation associated with the telephone service, as well as the requests for the transfer of residential lines, which increased from 2 to 6%.<\/span><\/p>\n<p><span style=\"font-weight: 400;\">The new regulation requires the state telecommunications company to guarantee the recognition and application of the principle of respect for the privacy of users&#8217; personal data and the inviolability of their communications except in the cases provided for in current legislation.<\/span><\/p>\n<blockquote class=\"wp-embedded-content\" data-secret=\"HnS6F9d5Dc\"><p><a href=\"https:\/\/oncubanews.com\/en\/cuba\/cuba-legalizes-electronic-surveillance-without-a-court-order\/\">Cuba legalizes electronic surveillance without a court order<\/a><\/p><\/blockquote>\n<p><iframe loading=\"lazy\" class=\"wp-embedded-content\" sandbox=\"allow-scripts\" security=\"restricted\" style=\"position: absolute; clip: rect(1px, 1px, 1px, 1px);\" title=\"&#8220;Cuba legalizes electronic surveillance without a court order&#8221; &#8212; OnCubaNews English\" src=\"https:\/\/oncubanews.com\/en\/cuba\/cuba-legalizes-electronic-surveillance-without-a-court-order\/embed\/#?secret=RR9QW1zOcb#?secret=HnS6F9d5Dc\" data-secret=\"HnS6F9d5Dc\" width=\"500\" height=\"282\" frameborder=\"0\" marginwidth=\"0\" marginheight=\"0\" scrolling=\"no\"><\/iframe><\/p>\n<p><span style=\"font-weight: 400;\">The resolution also requires that the technical interruptions of the service be resolved within a maximum period of 72 hours, after the user reports it or ETECSA detects it, as well as a compensation procedure when the established deadline is not met.<\/span><\/p>\n<p><span style=\"font-weight: 400;\">Likewise, it ensures the right of users to receive information on billing at the agreed periodicity, which includes the amount consumed of the contracted services, broken down by type and in correspondence with the technical means.<\/span><\/p>\n<p><span style=\"font-weight: 400;\">According to the regulation, the Ministry of Communications establishes the general principles to be taken into account when drawing up the contracts for the services, so that its clauses are not abusive and do not violate the rights of consumers.<\/span><\/p>\n<p><span style=\"font-weight: 400;\">There are currently 1.2 million registered owners of telephone landlines on the island.<\/span><\/p>\n","protected":false},"excerpt":{"rendered":"<p>A new legal regulation of the Cuban Ministry of Communications prevents new owners of telephone landlines from moving that service if they change domicile. Resolution 176, published in the Gaceta Oficial on November 11 and which establishes the general principles to be taken into account by the Cuban Telecommunications Enterprise, S.A. (ETECSA) when preparing basic [&hellip;]<\/p>\n","protected":false},"author":3134,"featured_media":210012,"comment_status":"open","ping_status":"closed","sticky":false,"template":"","format":"standard","meta":{"_acf_changed":false,"footnotes":""},"categories":[13902],"tags":[8863,8479],"ppma_author":[33546,8689],"class_list":["post-210011","post","type-post","status-publish","format-standard","has-post-thumbnail","hentry","category-cuba","tag-cuban-society","tag-telecommunications-company-of-cuba-etecsa"],"acf":[],"yoast_head":"<!-- This site is optimized with the Yoast SEO plugin v27.3 - https:\/\/yoast.com\/product\/yoast-seo-wordpress\/ -->\n<title>Cubans won\u2019t be able to move their landline from their homes | OnCubaNews English<\/title>\n<meta name=\"description\" content=\"People who contract the telephone service as of January 2020 will not be able to move their telephone landline with them in case they change homes, according to the new regulations of the Cuban Ministry of Communications.\" \/>\n<meta name=\"robots\" content=\"index, follow, max-snippet:-1, max-image-preview:large, max-video-preview:-1\" \/>\n<link rel=\"canonical\" href=\"https:\/\/oncubanews.com\/en\/cuba\/cubans-wont-be-able-to-move-their-landline-from-their-homes\/\" \/>\n<meta property=\"og:locale\" content=\"en_US\" \/>\n<meta property=\"og:type\" content=\"article\" \/>\n<meta property=\"og:title\" content=\"Cubans won\u2019t be able to move their landline from their homes | OnCubaNews English\" \/>\n<meta property=\"og:description\" content=\"People who contract the telephone service as of January 2020 will not be able to move their telephone landline with them in case they change homes, according to the new regulations of the Cuban Ministry of Communications.\" \/>\n<meta property=\"og:url\" content=\"https:\/\/oncubanews.com\/en\/cuba\/cubans-wont-be-able-to-move-their-landline-from-their-homes\/\" \/>\n<meta property=\"og:site_name\" content=\"OnCubaNews English\" \/>\n<meta property=\"article:published_time\" content=\"2019-12-01T13:00:04+00:00\" \/>\n<meta property=\"og:image\" content=\"https:\/\/oncubanews.com\/en\/wp-content\/uploads\/2019\/12\/tel\u00e9fono-fijo-cuba.jpg\" \/>\n\t<meta property=\"og:image:width\" content=\"750\" \/>\n\t<meta property=\"og:image:height\" content=\"645\" \/>\n\t<meta property=\"og:image:type\" content=\"image\/jpeg\" \/>\n<meta name=\"author\" content=\"OnCuba Staff, OnCuba editorial staff\" \/>\n<meta name=\"twitter:card\" content=\"summary_large_image\" \/>\n<meta name=\"twitter:label1\" content=\"Written by\" \/>\n\t<meta name=\"twitter:data1\" content=\"OnCuba Staff\" \/>\n\t<meta name=\"twitter:label2\" content=\"Est. reading time\" \/>\n\t<meta name=\"twitter:data2\" content=\"3 minutes\" \/>\n<script type=\"application\/ld+json\" class=\"yoast-schema-graph\">{\"@context\":\"https:\\\/\\\/schema.org\",\"@graph\":[{\"@type\":\"Article\",\"@id\":\"https:\\\/\\\/oncubanews.com\\\/en\\\/cuba\\\/cubans-wont-be-able-to-move-their-landline-from-their-homes\\\/#article\",\"isPartOf\":{\"@id\":\"https:\\\/\\\/oncubanews.com\\\/en\\\/cuba\\\/cubans-wont-be-able-to-move-their-landline-from-their-homes\\\/\"},\"author\":{\"name\":\"OnCuba Staff\",\"@id\":\"https:\\\/\\\/oncubanews.com\\\/en\\\/#\\\/schema\\\/person\\\/d7171bf311032ab1f557dd8332e714af\"},\"headline\":\"Cubans won\u2019t be able to move their landline from their homes\",\"datePublished\":\"2019-12-01T13:00:04+00:00\",\"mainEntityOfPage\":{\"@id\":\"https:\\\/\\\/oncubanews.com\\\/en\\\/cuba\\\/cubans-wont-be-able-to-move-their-landline-from-their-homes\\\/\"},\"wordCount\":629,\"commentCount\":1,\"image\":{\"@id\":\"https:\\\/\\\/oncubanews.com\\\/en\\\/cuba\\\/cubans-wont-be-able-to-move-their-landline-from-their-homes\\\/#primaryimage\"},\"thumbnailUrl\":\"https:\\\/\\\/oncubanews.com\\\/en\\\/wp-content\\\/uploads\\\/2019\\\/12\\\/tel\u00e9fono-fijo-cuba.jpg\",\"keywords\":[\"cuban society\",\"Telecommunications Company of Cuba (ETECSA)\"],\"articleSection\":[\"Cuba\"],\"inLanguage\":\"en-US\",\"potentialAction\":[{\"@type\":\"CommentAction\",\"name\":\"Comment\",\"target\":[\"https:\\\/\\\/oncubanews.com\\\/en\\\/cuba\\\/cubans-wont-be-able-to-move-their-landline-from-their-homes\\\/#respond\"]}],\"copyrightYear\":\"2019\",\"copyrightHolder\":{\"@id\":\"https:\\\/\\\/oncubanews.com\\\/en\\\/#organization\"}},{\"@type\":\"WebPage\",\"@id\":\"https:\\\/\\\/oncubanews.com\\\/en\\\/cuba\\\/cubans-wont-be-able-to-move-their-landline-from-their-homes\\\/\",\"url\":\"https:\\\/\\\/oncubanews.com\\\/en\\\/cuba\\\/cubans-wont-be-able-to-move-their-landline-from-their-homes\\\/\",\"name\":\"Cubans won\u2019t be able to move their landline from their homes | OnCubaNews English\",\"isPartOf\":{\"@id\":\"https:\\\/\\\/oncubanews.com\\\/en\\\/#website\"},\"primaryImageOfPage\":{\"@id\":\"https:\\\/\\\/oncubanews.com\\\/en\\\/cuba\\\/cubans-wont-be-able-to-move-their-landline-from-their-homes\\\/#primaryimage\"},\"image\":{\"@id\":\"https:\\\/\\\/oncubanews.com\\\/en\\\/cuba\\\/cubans-wont-be-able-to-move-their-landline-from-their-homes\\\/#primaryimage\"},\"thumbnailUrl\":\"https:\\\/\\\/oncubanews.com\\\/en\\\/wp-content\\\/uploads\\\/2019\\\/12\\\/tel\u00e9fono-fijo-cuba.jpg\",\"datePublished\":\"2019-12-01T13:00:04+00:00\",\"author\":{\"@id\":\"https:\\\/\\\/oncubanews.com\\\/en\\\/#\\\/schema\\\/person\\\/d7171bf311032ab1f557dd8332e714af\"},\"description\":\"People who contract the telephone service as of January 2020 will not be able to move their telephone landline with them in case they change homes, according to the new regulations of the Cuban Ministry of Communications.\",\"breadcrumb\":{\"@id\":\"https:\\\/\\\/oncubanews.com\\\/en\\\/cuba\\\/cubans-wont-be-able-to-move-their-landline-from-their-homes\\\/#breadcrumb\"},\"inLanguage\":\"en-US\",\"potentialAction\":[{\"@type\":\"ReadAction\",\"target\":[\"https:\\\/\\\/oncubanews.com\\\/en\\\/cuba\\\/cubans-wont-be-able-to-move-their-landline-from-their-homes\\\/\"]}]},{\"@type\":\"ImageObject\",\"inLanguage\":\"en-US\",\"@id\":\"https:\\\/\\\/oncubanews.com\\\/en\\\/cuba\\\/cubans-wont-be-able-to-move-their-landline-from-their-homes\\\/#primaryimage\",\"url\":\"https:\\\/\\\/oncubanews.com\\\/en\\\/wp-content\\\/uploads\\\/2019\\\/12\\\/tel\u00e9fono-fijo-cuba.jpg\",\"contentUrl\":\"https:\\\/\\\/oncubanews.com\\\/en\\\/wp-content\\\/uploads\\\/2019\\\/12\\\/tel\u00e9fono-fijo-cuba.jpg\",\"width\":750,\"height\":645,\"caption\":\"Photo: Kerstin Hern\u00e1ndez \\\/ OnCuba Archive.\"},{\"@type\":\"BreadcrumbList\",\"@id\":\"https:\\\/\\\/oncubanews.com\\\/en\\\/cuba\\\/cubans-wont-be-able-to-move-their-landline-from-their-homes\\\/#breadcrumb\",\"itemListElement\":[{\"@type\":\"ListItem\",\"position\":1,\"name\":\"Portada\",\"item\":\"https:\\\/\\\/oncubanews.com\\\/en\\\/\"},{\"@type\":\"ListItem\",\"position\":2,\"name\":\"Cubans won\u2019t be able to move their landline from their homes\"}]},{\"@type\":\"WebSite\",\"@id\":\"https:\\\/\\\/oncubanews.com\\\/en\\\/#website\",\"url\":\"https:\\\/\\\/oncubanews.com\\\/en\\\/\",\"name\":\"OnCubaNews English\",\"description\":\"Revista sobre Cuba\",\"potentialAction\":[{\"@type\":\"SearchAction\",\"target\":{\"@type\":\"EntryPoint\",\"urlTemplate\":\"https:\\\/\\\/oncubanews.com\\\/en\\\/?s={search_term_string}\"},\"query-input\":{\"@type\":\"PropertyValueSpecification\",\"valueRequired\":true,\"valueName\":\"search_term_string\"}}],\"inLanguage\":\"en-US\"},{\"@type\":\"Person\",\"@id\":\"https:\\\/\\\/oncubanews.com\\\/en\\\/#\\\/schema\\\/person\\\/d7171bf311032ab1f557dd8332e714af\",\"name\":\"OnCuba Staff\",\"image\":{\"@type\":\"ImageObject\",\"inLanguage\":\"en-US\",\"@id\":\"https:\\\/\\\/secure.gravatar.com\\\/avatar\\\/4b4c4d6109baadde898bb1af22ea4a4af5f4417b86a5d1800bf17531bfb128fc?s=96&r=g17310096d4dde63ebae0e54fbb19218a\",\"url\":\"https:\\\/\\\/secure.gravatar.com\\\/avatar\\\/4b4c4d6109baadde898bb1af22ea4a4af5f4417b86a5d1800bf17531bfb128fc?s=96&r=g\",\"contentUrl\":\"https:\\\/\\\/secure.gravatar.com\\\/avatar\\\/4b4c4d6109baadde898bb1af22ea4a4af5f4417b86a5d1800bf17531bfb128fc?s=96&r=g\",\"caption\":\"OnCuba Staff\"},\"url\":\"https:\\\/\\\/oncubanews.com\\\/en\\\/author\\\/oncuba-editorial-staff\\\/\"}]}<\/script>\n<!-- \/ Yoast SEO plugin. -->","yoast_head_json":{"title":"Cubans won\u2019t be able to move their landline from their homes | OnCubaNews English","description":"People who contract the telephone service as of January 2020 will not be able to move their telephone landline with them in case they change homes, according to the new regulations of the Cuban Ministry of Communications.","robots":{"index":"index","follow":"follow","max-snippet":"max-snippet:-1","max-image-preview":"max-image-preview:large","max-video-preview":"max-video-preview:-1"},"canonical":"https:\/\/oncubanews.com\/en\/cuba\/cubans-wont-be-able-to-move-their-landline-from-their-homes\/","og_locale":"en_US","og_type":"article","og_title":"Cubans won\u2019t be able to move their landline from their homes | OnCubaNews English","og_description":"People who contract the telephone service as of January 2020 will not be able to move their telephone landline with them in case they change homes, according to the new regulations of the Cuban Ministry of Communications.","og_url":"https:\/\/oncubanews.com\/en\/cuba\/cubans-wont-be-able-to-move-their-landline-from-their-homes\/","og_site_name":"OnCubaNews English","article_published_time":"2019-12-01T13:00:04+00:00","og_image":[{"width":750,"height":645,"url":"https:\/\/oncubanews.com\/en\/wp-content\/uploads\/2019\/12\/tel\u00e9fono-fijo-cuba.jpg","type":"image\/jpeg"}],"author":"OnCuba Staff, OnCuba editorial staff","twitter_card":"summary_large_image","twitter_misc":{"Written by":"OnCuba Staff","Est. reading time":"3 minutes"},"schema":{"@context":"https:\/\/schema.org","@graph":[{"@type":"Article","@id":"https:\/\/oncubanews.com\/en\/cuba\/cubans-wont-be-able-to-move-their-landline-from-their-homes\/#article","isPartOf":{"@id":"https:\/\/oncubanews.com\/en\/cuba\/cubans-wont-be-able-to-move-their-landline-from-their-homes\/"},"author":{"name":"OnCuba Staff","@id":"https:\/\/oncubanews.com\/en\/#\/schema\/person\/d7171bf311032ab1f557dd8332e714af"},"headline":"Cubans won\u2019t be able to move their landline from their homes","datePublished":"2019-12-01T13:00:04+00:00","mainEntityOfPage":{"@id":"https:\/\/oncubanews.com\/en\/cuba\/cubans-wont-be-able-to-move-their-landline-from-their-homes\/"},"wordCount":629,"commentCount":1,"image":{"@id":"https:\/\/oncubanews.com\/en\/cuba\/cubans-wont-be-able-to-move-their-landline-from-their-homes\/#primaryimage"},"thumbnailUrl":"https:\/\/oncubanews.com\/en\/wp-content\/uploads\/2019\/12\/tel\u00e9fono-fijo-cuba.jpg","keywords":["cuban society","Telecommunications Company of Cuba (ETECSA)"],"articleSection":["Cuba"],"inLanguage":"en-US","potentialAction":[{"@type":"CommentAction","name":"Comment","target":["https:\/\/oncubanews.com\/en\/cuba\/cubans-wont-be-able-to-move-their-landline-from-their-homes\/#respond"]}],"copyrightYear":"2019","copyrightHolder":{"@id":"https:\/\/oncubanews.com\/en\/#organization"}},{"@type":"WebPage","@id":"https:\/\/oncubanews.com\/en\/cuba\/cubans-wont-be-able-to-move-their-landline-from-their-homes\/","url":"https:\/\/oncubanews.com\/en\/cuba\/cubans-wont-be-able-to-move-their-landline-from-their-homes\/","name":"Cubans won\u2019t be able to move their landline from their homes | OnCubaNews English","isPartOf":{"@id":"https:\/\/oncubanews.com\/en\/#website"},"primaryImageOfPage":{"@id":"https:\/\/oncubanews.com\/en\/cuba\/cubans-wont-be-able-to-move-their-landline-from-their-homes\/#primaryimage"},"image":{"@id":"https:\/\/oncubanews.com\/en\/cuba\/cubans-wont-be-able-to-move-their-landline-from-their-homes\/#primaryimage"},"thumbnailUrl":"https:\/\/oncubanews.com\/en\/wp-content\/uploads\/2019\/12\/tel\u00e9fono-fijo-cuba.jpg","datePublished":"2019-12-01T13:00:04+00:00","author":{"@id":"https:\/\/oncubanews.com\/en\/#\/schema\/person\/d7171bf311032ab1f557dd8332e714af"},"description":"People who contract the telephone service as of January 2020 will not be able to move their telephone landline with them in case they change homes, according to the new regulations of the Cuban Ministry of Communications.","breadcrumb":{"@id":"https:\/\/oncubanews.com\/en\/cuba\/cubans-wont-be-able-to-move-their-landline-from-their-homes\/#breadcrumb"},"inLanguage":"en-US","potentialAction":[{"@type":"ReadAction","target":["https:\/\/oncubanews.com\/en\/cuba\/cubans-wont-be-able-to-move-their-landline-from-their-homes\/"]}]},{"@type":"ImageObject","inLanguage":"en-US","@id":"https:\/\/oncubanews.com\/en\/cuba\/cubans-wont-be-able-to-move-their-landline-from-their-homes\/#primaryimage","url":"https:\/\/oncubanews.com\/en\/wp-content\/uploads\/2019\/12\/tel\u00e9fono-fijo-cuba.jpg","contentUrl":"https:\/\/oncubanews.com\/en\/wp-content\/uploads\/2019\/12\/tel\u00e9fono-fijo-cuba.jpg","width":750,"height":645,"caption":"Photo: Kerstin Hern\u00e1ndez \/ OnCuba Archive."},{"@type":"BreadcrumbList","@id":"https:\/\/oncubanews.com\/en\/cuba\/cubans-wont-be-able-to-move-their-landline-from-their-homes\/#breadcrumb","itemListElement":[{"@type":"ListItem","position":1,"name":"Portada","item":"https:\/\/oncubanews.com\/en\/"},{"@type":"ListItem","position":2,"name":"Cubans won\u2019t be able to move their landline from their homes"}]},{"@type":"WebSite","@id":"https:\/\/oncubanews.com\/en\/#website","url":"https:\/\/oncubanews.com\/en\/","name":"OnCubaNews English","description":"Revista sobre Cuba","potentialAction":[{"@type":"SearchAction","target":{"@type":"EntryPoint","urlTemplate":"https:\/\/oncubanews.com\/en\/?s={search_term_string}"},"query-input":{"@type":"PropertyValueSpecification","valueRequired":true,"valueName":"search_term_string"}}],"inLanguage":"en-US"},{"@type":"Person","@id":"https:\/\/oncubanews.com\/en\/#\/schema\/person\/d7171bf311032ab1f557dd8332e714af","name":"OnCuba Staff","image":{"@type":"ImageObject","inLanguage":"en-US","@id":"https:\/\/secure.gravatar.com\/avatar\/4b4c4d6109baadde898bb1af22ea4a4af5f4417b86a5d1800bf17531bfb128fc?s=96&r=g17310096d4dde63ebae0e54fbb19218a","url":"https:\/\/secure.gravatar.com\/avatar\/4b4c4d6109baadde898bb1af22ea4a4af5f4417b86a5d1800bf17531bfb128fc?s=96&r=g","contentUrl":"https:\/\/secure.gravatar.com\/avatar\/4b4c4d6109baadde898bb1af22ea4a4af5f4417b86a5d1800bf17531bfb128fc?s=96&r=g","caption":"OnCuba Staff"},"url":"https:\/\/oncubanews.com\/en\/author\/oncuba-editorial-staff\/"}]}},"authors":[{"term_id":33546,"user_id":3134,"is_guest":0,"slug":"oncuba-editorial-staff","display_name":"OnCuba Staff","avatar_url":"https:\/\/secure.gravatar.com\/avatar\/4b4c4d6109baadde898bb1af22ea4a4af5f4417b86a5d1800bf17531bfb128fc?s=96&r=g","0":null,"1":"","2":"","3":"","4":"","5":"","6":"","7":"","8":""},{"term_id":8689,"user_id":3134,"is_guest":0,"slug":"oncuba-editorial-staff","display_name":"OnCuba editorial staff","avatar_url":{"url":"https:\/\/oncubanews.com\/en\/wp-content\/uploads\/2018\/10\/avatar-ocnews-1.png","url2x":"https:\/\/oncubanews.com\/en\/wp-content\/uploads\/2018\/10\/avatar-ocnews-1.png"},"0":null,"1":"","2":"","3":"","4":"","5":"","6":"","7":"","8":""}],"_links":{"self":[{"href":"https:\/\/oncubanews.com\/en\/wp-json\/wp\/v2\/posts\/210011","targetHints":{"allow":["GET"]}}],"collection":[{"href":"https:\/\/oncubanews.com\/en\/wp-json\/wp\/v2\/posts"}],"about":[{"href":"https:\/\/oncubanews.com\/en\/wp-json\/wp\/v2\/types\/post"}],"author":[{"embeddable":true,"href":"https:\/\/oncubanews.com\/en\/wp-json\/wp\/v2\/users\/3134"}],"replies":[{"embeddable":true,"href":"https:\/\/oncubanews.com\/en\/wp-json\/wp\/v2\/comments?post=210011"}],"version-history":[{"count":0,"href":"https:\/\/oncubanews.com\/en\/wp-json\/wp\/v2\/posts\/210011\/revisions"}],"wp:featuredmedia":[{"embeddable":true,"href":"https:\/\/oncubanews.com\/en\/wp-json\/wp\/v2\/media\/210012"}],"wp:attachment":[{"href":"https:\/\/oncubanews.com\/en\/wp-json\/wp\/v2\/media?parent=210011"}],"wp:term":[{"taxonomy":"category","embeddable":true,"href":"https:\/\/oncubanews.com\/en\/wp-json\/wp\/v2\/categories?post=210011"},{"taxonomy":"post_tag","embeddable":true,"href":"https:\/\/oncubanews.com\/en\/wp-json\/wp\/v2\/tags?post=210011"},{"taxonomy":"author","embeddable":true,"href":"https:\/\/oncubanews.com\/en\/wp-json\/wp\/v2\/ppma_author?post=210011"}],"curies":[{"name":"wp","href":"https:\/\/api.w.org\/{rel}","templated":true}]}}