
{"id":210481,"date":"2019-12-08T19:05:43","date_gmt":"2019-12-09T00:05:43","guid":{"rendered":"https:\/\/oncubanews.com\/en\/?p=210481"},"modified":"2019-12-08T19:05:43","modified_gmt":"2019-12-09T00:05:43","slug":"france-to-invest-more-than-7-million-euros-in-agro-tourism-and-water-in-cuba","status":"publish","type":"post","link":"https:\/\/oncubanews.com\/en\/cuba\/france-to-invest-more-than-7-million-euros-in-agro-tourism-and-water-in-cuba\/","title":{"rendered":"France to invest more than 7 million euros in agro-tourism and water in Cuba"},"content":{"rendered":"<p><a href=\"https:\/\/oncubanews.com\/tag\/relaciones-cuba-francia\/\" target=\"_blank\" rel=\"noopener noreferrer\"><span style=\"font-weight: 400;\">France and Cuba<\/span><\/a><span style=\"font-weight: 400;\"> signed this Friday two agreements for which Paris will invest 5 million euros in an agro-tourism project and 2.7 million for the reconstruction of water networks, as well as strengthening their commercial cooperation.<\/span><\/p>\n<p><span style=\"font-weight: 400;\">The agreements were signed in Paris by French Secretary of State for Foreign Affairs Jean-Baptiste Lemoyne and Cuban Minister of Foreign Trade and Investment Rodrigo Malmierca at the end of the fourth session of the Franco-Cuban Economic and Commercial Commission that has been held since 2016.<\/span><\/p>\n<blockquote class=\"twitter-tweet\" data-width=\"500\" data-dnt=\"true\">\n<p lang=\"es\" dir=\"ltr\">Concluy\u00f3 hoy 4.\u00aa sesi\u00f3n Comisi\u00f3n Econ\u00f3mica y Comercial <a href=\"https:\/\/twitter.com\/hashtag\/Cuba?src=hash&amp;ref_src=twsrc%5Etfw\">#Cuba<\/a>&#8211;<a href=\"https:\/\/twitter.com\/hashtag\/Francia?src=hash&amp;ref_src=twsrc%5Etfw\">#Francia<\/a>. Firmamos con Secretario Estado Jean Baptiste Lemoine acuerdo para recibir financiaci\u00f3n de medio y largo plazo. Ambos rechazamos bloqueo <a href=\"https:\/\/twitter.com\/hashtag\/EEUU?src=hash&amp;ref_src=twsrc%5Etfw\">#EEUU<\/a> y ley HB. <a href=\"https:\/\/twitter.com\/cubavsbloqueo?ref_src=twsrc%5Etfw\">@cubavsbloqueo<\/a> <a href=\"https:\/\/twitter.com\/MINCEX_CUBA?ref_src=twsrc%5Etfw\">@MINCEX_CUBA<\/a> <a href=\"https:\/\/t.co\/Ou5DaNnEkq\">pic.twitter.com\/Ou5DaNnEkq<\/a><\/p>\n<p>&mdash; Rodrigo Malmierca D\u00edaz (@R_Malmierca) <a href=\"https:\/\/twitter.com\/R_Malmierca\/status\/1202998738563796993?ref_src=twsrc%5Etfw\">December 6, 2019<\/a><\/p><\/blockquote>\n<p><script async src=\"https:\/\/platform.twitter.com\/widgets.js\" charset=\"utf-8\"><\/script><\/p>\n<p><span style=\"font-weight: 400;\">Lemoyne and Malmierca also formalized an agreement whereby the French state financial agency Bpifrance will offer mid- and long-term guarantees for up to 150 million euros for French companies that export to Cuba.<\/span><\/p>\n<p><span style=\"font-weight: 400;\">The first agreement on agro-tourism, referring to the \u201ccoffee routes\u201d project, will allow the creation of a tourist circuit related to \u200b\u200bthe country\u2019s coffee culture.<\/span><\/p>\n<p><span style=\"font-weight: 400;\">\u201cCuba is particularly attractive\u201d to French companies, which are already present, for example, in hotel activity and air transportation, Lemoyne said in a statement to the press, and added his interest in a country that develops \u201csustainable and long-lasting tourism.\u201d<\/span><\/p>\n<p><span style=\"font-weight: 400;\">The second agreement is for the reconstruction of water pipes and collectors that were damaged by Hurricane Irma in September 2017, valued at 55 million euros. The bilateral fund is 2.7 million and will be added to another 20 million from the French Agency for Development and a European grant.<\/span><\/p>\n<p><span style=\"font-weight: 400;\">Both projects are part of the fund derived from the 2016 agreement between the two countries on Cuba&#8217;s debt with France, endowed with 212 million euros to finance development programs of common interest.<\/span><\/p>\n<blockquote class=\"wp-embedded-content\" data-secret=\"exGaKRG3Ws\"><p><a href=\"https:\/\/oncubanews.com\/cuba\/francia-por-mas-negocios-con-cuba\/\">Francia por m\u00e1s negocios con Cuba<\/a><\/p><\/blockquote>\n<p><iframe loading=\"lazy\" class=\"wp-embedded-content\" sandbox=\"allow-scripts\" security=\"restricted\" style=\"position: absolute; clip: rect(1px, 1px, 1px, 1px);\" title=\"\u00abFrancia por m\u00e1s negocios con Cuba\u00bb \u2014 OnCubaNews\" src=\"https:\/\/oncubanews.com\/cuba\/francia-por-mas-negocios-con-cuba\/embed\/#?secret=bt5pFaYmJ2#?secret=exGaKRG3Ws\" data-secret=\"exGaKRG3Ws\" width=\"500\" height=\"282\" frameborder=\"0\" marginwidth=\"0\" marginheight=\"0\" scrolling=\"no\"><\/iframe><\/p>\n<p><span style=\"font-weight: 400;\">Malmierca insisted that the support of governments such as that of France is essential for the business sector to feel protected against \u201cthe consequences of the U.S. economic and commercial blockade.\u201d<\/span><\/p>\n<p><span style=\"font-weight: 400;\">\u201cFrance,\u201d he added, \u201cguarantees French entrepreneurs the possibility to continue working successfully in Cuba and be protected against these threats.\u201d<\/span><\/p>\n<p><span style=\"font-weight: 400;\">The French secretary of state, meanwhile, said that this collaboration \u201csymbolizes the will to build in a context, needless to say, complicated by the U.S. embargo, which France rejects.\u201d<\/span><\/p>\n<p><span style=\"font-weight: 400;\">He recalled that the European Union has taken measures since the 1990s and that France \u201chas been decisive\u201d in these European initiatives \u201cto protect legitimate economic activities and investments.\u201d<\/span><\/p>\n<p><span style=\"font-weight: 400;\">\u201cWe are pleased to know that we are not alone and that other countries such as France support our fight against this blockade, which is undoubtedly a measure that goes against international law,\u201d said Malmierca.<\/span><\/p>\n","protected":false},"excerpt":{"rendered":"<p>France and Cuba signed this Friday two agreements for which Paris will invest 5 million euros in an agro-tourism project and 2.7 million for the reconstruction of water networks, as well as strengthening their commercial cooperation. The agreements were signed in Paris by French Secretary of State for Foreign Affairs Jean-Baptiste Lemoyne and Cuban Minister [&hellip;]<\/p>\n","protected":false},"author":3606,"featured_media":210482,"comment_status":"open","ping_status":"closed","sticky":false,"template":"","format":"standard","meta":{"_acf_changed":false,"footnotes":""},"categories":[13902],"tags":[22290,17876,18259],"ppma_author":[33548,17270],"class_list":["post-210481","post","type-post","status-publish","format-standard","has-post-thumbnail","hentry","category-cuba","tag-cuba-and-france","tag-foreign-investment-in-cuba","tag-international-cooperation"],"acf":[],"yoast_head":"<!-- This site is optimized with the Yoast SEO plugin v27.3 - https:\/\/yoast.com\/product\/yoast-seo-wordpress\/ -->\n<title>France to invest more than 7 million euros in agro-tourism and water in Cuba | OnCubaNews English<\/title>\n<meta name=\"description\" content=\"The agreements were signed in Paris by French Secretary of State for Foreign Affairs Jean-Baptiste Lemoyne and Cuban Minister of Foreign Trade and Investment Rodrigo Malmierca at the end of the fourth session of the Franco-Cuban Economic and Commercial Commission that has been held since 2016.\" \/>\n<meta name=\"robots\" content=\"index, follow, max-snippet:-1, max-image-preview:large, max-video-preview:-1\" \/>\n<link rel=\"canonical\" href=\"https:\/\/oncubanews.com\/en\/cuba\/france-to-invest-more-than-7-million-euros-in-agro-tourism-and-water-in-cuba\/\" \/>\n<meta property=\"og:locale\" content=\"en_US\" \/>\n<meta property=\"og:type\" content=\"article\" \/>\n<meta property=\"og:title\" content=\"France to invest more than 7 million euros in agro-tourism and water in Cuba | OnCubaNews English\" \/>\n<meta property=\"og:description\" content=\"The agreements were signed in Paris by French Secretary of State for Foreign Affairs Jean-Baptiste Lemoyne and Cuban Minister of Foreign Trade and Investment Rodrigo Malmierca at the end of the fourth session of the Franco-Cuban Economic and Commercial Commission that has been held since 2016.\" \/>\n<meta property=\"og:url\" content=\"https:\/\/oncubanews.com\/en\/cuba\/france-to-invest-more-than-7-million-euros-in-agro-tourism-and-water-in-cuba\/\" \/>\n<meta property=\"og:site_name\" content=\"OnCubaNews English\" \/>\n<meta property=\"article:published_time\" content=\"2019-12-09T00:05:43+00:00\" \/>\n<meta property=\"og:image\" content=\"https:\/\/oncubanews.com\/en\/wp-content\/uploads\/2019\/12\/cuba-francia-convenio-1.jpg\" \/>\n\t<meta property=\"og:image:width\" content=\"750\" \/>\n\t<meta property=\"og:image:height\" content=\"499\" \/>\n\t<meta property=\"og:image:type\" content=\"image\/jpeg\" \/>\n<meta name=\"author\" content=\"EFE, EFE\" \/>\n<meta name=\"twitter:card\" content=\"summary_large_image\" \/>\n<meta name=\"twitter:label1\" content=\"Written by\" \/>\n\t<meta name=\"twitter:data1\" content=\"EFE\" \/>\n\t<meta name=\"twitter:label2\" content=\"Est. reading time\" \/>\n\t<meta name=\"twitter:data2\" content=\"2 minutes\" \/>\n<script type=\"application\/ld+json\" class=\"yoast-schema-graph\">{\"@context\":\"https:\\\/\\\/schema.org\",\"@graph\":[{\"@type\":\"Article\",\"@id\":\"https:\\\/\\\/oncubanews.com\\\/en\\\/cuba\\\/france-to-invest-more-than-7-million-euros-in-agro-tourism-and-water-in-cuba\\\/#article\",\"isPartOf\":{\"@id\":\"https:\\\/\\\/oncubanews.com\\\/en\\\/cuba\\\/france-to-invest-more-than-7-million-euros-in-agro-tourism-and-water-in-cuba\\\/\"},\"author\":{\"name\":\"EFE\",\"@id\":\"https:\\\/\\\/oncubanews.com\\\/en\\\/#\\\/schema\\\/person\\\/4a4376ef86616685852e6d895d4d0eea\"},\"headline\":\"France to invest more than 7 million euros in agro-tourism and water in Cuba\",\"datePublished\":\"2019-12-09T00:05:43+00:00\",\"mainEntityOfPage\":{\"@id\":\"https:\\\/\\\/oncubanews.com\\\/en\\\/cuba\\\/france-to-invest-more-than-7-million-euros-in-agro-tourism-and-water-in-cuba\\\/\"},\"wordCount\":444,\"commentCount\":0,\"image\":{\"@id\":\"https:\\\/\\\/oncubanews.com\\\/en\\\/cuba\\\/france-to-invest-more-than-7-million-euros-in-agro-tourism-and-water-in-cuba\\\/#primaryimage\"},\"thumbnailUrl\":\"https:\\\/\\\/oncubanews.com\\\/en\\\/wp-content\\\/uploads\\\/2019\\\/12\\\/cuba-francia-convenio-1.jpg\",\"keywords\":[\"Cuba and France\",\"foreign investment in Cuba\",\"International Cooperation\"],\"articleSection\":[\"Cuba\"],\"inLanguage\":\"en-US\",\"potentialAction\":[{\"@type\":\"CommentAction\",\"name\":\"Comment\",\"target\":[\"https:\\\/\\\/oncubanews.com\\\/en\\\/cuba\\\/france-to-invest-more-than-7-million-euros-in-agro-tourism-and-water-in-cuba\\\/#respond\"]}],\"copyrightYear\":\"2019\",\"copyrightHolder\":{\"@id\":\"https:\\\/\\\/oncubanews.com\\\/en\\\/#organization\"}},{\"@type\":\"WebPage\",\"@id\":\"https:\\\/\\\/oncubanews.com\\\/en\\\/cuba\\\/france-to-invest-more-than-7-million-euros-in-agro-tourism-and-water-in-cuba\\\/\",\"url\":\"https:\\\/\\\/oncubanews.com\\\/en\\\/cuba\\\/france-to-invest-more-than-7-million-euros-in-agro-tourism-and-water-in-cuba\\\/\",\"name\":\"France to invest more than 7 million euros in agro-tourism and water in Cuba | OnCubaNews English\",\"isPartOf\":{\"@id\":\"https:\\\/\\\/oncubanews.com\\\/en\\\/#website\"},\"primaryImageOfPage\":{\"@id\":\"https:\\\/\\\/oncubanews.com\\\/en\\\/cuba\\\/france-to-invest-more-than-7-million-euros-in-agro-tourism-and-water-in-cuba\\\/#primaryimage\"},\"image\":{\"@id\":\"https:\\\/\\\/oncubanews.com\\\/en\\\/cuba\\\/france-to-invest-more-than-7-million-euros-in-agro-tourism-and-water-in-cuba\\\/#primaryimage\"},\"thumbnailUrl\":\"https:\\\/\\\/oncubanews.com\\\/en\\\/wp-content\\\/uploads\\\/2019\\\/12\\\/cuba-francia-convenio-1.jpg\",\"datePublished\":\"2019-12-09T00:05:43+00:00\",\"author\":{\"@id\":\"https:\\\/\\\/oncubanews.com\\\/en\\\/#\\\/schema\\\/person\\\/4a4376ef86616685852e6d895d4d0eea\"},\"description\":\"The agreements were signed in Paris by French Secretary of State for Foreign Affairs Jean-Baptiste Lemoyne and Cuban Minister of Foreign Trade and Investment Rodrigo Malmierca at the end of the fourth session of the Franco-Cuban Economic and Commercial Commission that has been held since 2016.\",\"breadcrumb\":{\"@id\":\"https:\\\/\\\/oncubanews.com\\\/en\\\/cuba\\\/france-to-invest-more-than-7-million-euros-in-agro-tourism-and-water-in-cuba\\\/#breadcrumb\"},\"inLanguage\":\"en-US\",\"potentialAction\":[{\"@type\":\"ReadAction\",\"target\":[\"https:\\\/\\\/oncubanews.com\\\/en\\\/cuba\\\/france-to-invest-more-than-7-million-euros-in-agro-tourism-and-water-in-cuba\\\/\"]}]},{\"@type\":\"ImageObject\",\"inLanguage\":\"en-US\",\"@id\":\"https:\\\/\\\/oncubanews.com\\\/en\\\/cuba\\\/france-to-invest-more-than-7-million-euros-in-agro-tourism-and-water-in-cuba\\\/#primaryimage\",\"url\":\"https:\\\/\\\/oncubanews.com\\\/en\\\/wp-content\\\/uploads\\\/2019\\\/12\\\/cuba-francia-convenio-1.jpg\",\"contentUrl\":\"https:\\\/\\\/oncubanews.com\\\/en\\\/wp-content\\\/uploads\\\/2019\\\/12\\\/cuba-francia-convenio-1.jpg\",\"width\":750,\"height\":499,\"caption\":\"French Secretary of State for Foreign Affairs Jean-Baptiste Lemoyne (right) and Cuban Minister of Foreign Trade and Investment Rodrigo Malmierca signed two agreements this Friday for which Paris will invest 5 million euros in an agro-tourism project and 2.7 million for the reconstruction of water networks. Photo: EFE\"},{\"@type\":\"BreadcrumbList\",\"@id\":\"https:\\\/\\\/oncubanews.com\\\/en\\\/cuba\\\/france-to-invest-more-than-7-million-euros-in-agro-tourism-and-water-in-cuba\\\/#breadcrumb\",\"itemListElement\":[{\"@type\":\"ListItem\",\"position\":1,\"name\":\"Portada\",\"item\":\"https:\\\/\\\/oncubanews.com\\\/en\\\/\"},{\"@type\":\"ListItem\",\"position\":2,\"name\":\"France to invest more than 7 million euros in agro-tourism and water in Cuba\"}]},{\"@type\":\"WebSite\",\"@id\":\"https:\\\/\\\/oncubanews.com\\\/en\\\/#website\",\"url\":\"https:\\\/\\\/oncubanews.com\\\/en\\\/\",\"name\":\"OnCubaNews English\",\"description\":\"Revista sobre Cuba\",\"potentialAction\":[{\"@type\":\"SearchAction\",\"target\":{\"@type\":\"EntryPoint\",\"urlTemplate\":\"https:\\\/\\\/oncubanews.com\\\/en\\\/?s={search_term_string}\"},\"query-input\":{\"@type\":\"PropertyValueSpecification\",\"valueRequired\":true,\"valueName\":\"search_term_string\"}}],\"inLanguage\":\"en-US\"},{\"@type\":\"Person\",\"@id\":\"https:\\\/\\\/oncubanews.com\\\/en\\\/#\\\/schema\\\/person\\\/4a4376ef86616685852e6d895d4d0eea\",\"name\":\"EFE\",\"image\":{\"@type\":\"ImageObject\",\"inLanguage\":\"en-US\",\"@id\":\"https:\\\/\\\/secure.gravatar.com\\\/avatar\\\/2a1de33ef07ae580021e92116e205cdb099068c1ff1fdba600b998c78b6347eb?s=96&r=gd23dcd71e12bce3843a7572453d0d981\",\"url\":\"https:\\\/\\\/secure.gravatar.com\\\/avatar\\\/2a1de33ef07ae580021e92116e205cdb099068c1ff1fdba600b998c78b6347eb?s=96&r=g\",\"contentUrl\":\"https:\\\/\\\/secure.gravatar.com\\\/avatar\\\/2a1de33ef07ae580021e92116e205cdb099068c1ff1fdba600b998c78b6347eb?s=96&r=g\",\"caption\":\"EFE\"},\"url\":\"https:\\\/\\\/oncubanews.com\\\/en\\\/author\\\/efe\\\/\"}]}<\/script>\n<!-- \/ Yoast SEO plugin. -->","yoast_head_json":{"title":"France to invest more than 7 million euros in agro-tourism and water in Cuba | OnCubaNews English","description":"The agreements were signed in Paris by French Secretary of State for Foreign Affairs Jean-Baptiste Lemoyne and Cuban Minister of Foreign Trade and Investment Rodrigo Malmierca at the end of the fourth session of the Franco-Cuban Economic and Commercial Commission that has been held since 2016.","robots":{"index":"index","follow":"follow","max-snippet":"max-snippet:-1","max-image-preview":"max-image-preview:large","max-video-preview":"max-video-preview:-1"},"canonical":"https:\/\/oncubanews.com\/en\/cuba\/france-to-invest-more-than-7-million-euros-in-agro-tourism-and-water-in-cuba\/","og_locale":"en_US","og_type":"article","og_title":"France to invest more than 7 million euros in agro-tourism and water in Cuba | OnCubaNews English","og_description":"The agreements were signed in Paris by French Secretary of State for Foreign Affairs Jean-Baptiste Lemoyne and Cuban Minister of Foreign Trade and Investment Rodrigo Malmierca at the end of the fourth session of the Franco-Cuban Economic and Commercial Commission that has been held since 2016.","og_url":"https:\/\/oncubanews.com\/en\/cuba\/france-to-invest-more-than-7-million-euros-in-agro-tourism-and-water-in-cuba\/","og_site_name":"OnCubaNews English","article_published_time":"2019-12-09T00:05:43+00:00","og_image":[{"width":750,"height":499,"url":"https:\/\/oncubanews.com\/en\/wp-content\/uploads\/2019\/12\/cuba-francia-convenio-1.jpg","type":"image\/jpeg"}],"author":"EFE, EFE","twitter_card":"summary_large_image","twitter_misc":{"Written by":"EFE","Est. reading time":"2 minutes"},"schema":{"@context":"https:\/\/schema.org","@graph":[{"@type":"Article","@id":"https:\/\/oncubanews.com\/en\/cuba\/france-to-invest-more-than-7-million-euros-in-agro-tourism-and-water-in-cuba\/#article","isPartOf":{"@id":"https:\/\/oncubanews.com\/en\/cuba\/france-to-invest-more-than-7-million-euros-in-agro-tourism-and-water-in-cuba\/"},"author":{"name":"EFE","@id":"https:\/\/oncubanews.com\/en\/#\/schema\/person\/4a4376ef86616685852e6d895d4d0eea"},"headline":"France to invest more than 7 million euros in agro-tourism and water in Cuba","datePublished":"2019-12-09T00:05:43+00:00","mainEntityOfPage":{"@id":"https:\/\/oncubanews.com\/en\/cuba\/france-to-invest-more-than-7-million-euros-in-agro-tourism-and-water-in-cuba\/"},"wordCount":444,"commentCount":0,"image":{"@id":"https:\/\/oncubanews.com\/en\/cuba\/france-to-invest-more-than-7-million-euros-in-agro-tourism-and-water-in-cuba\/#primaryimage"},"thumbnailUrl":"https:\/\/oncubanews.com\/en\/wp-content\/uploads\/2019\/12\/cuba-francia-convenio-1.jpg","keywords":["Cuba and France","foreign investment in Cuba","International Cooperation"],"articleSection":["Cuba"],"inLanguage":"en-US","potentialAction":[{"@type":"CommentAction","name":"Comment","target":["https:\/\/oncubanews.com\/en\/cuba\/france-to-invest-more-than-7-million-euros-in-agro-tourism-and-water-in-cuba\/#respond"]}],"copyrightYear":"2019","copyrightHolder":{"@id":"https:\/\/oncubanews.com\/en\/#organization"}},{"@type":"WebPage","@id":"https:\/\/oncubanews.com\/en\/cuba\/france-to-invest-more-than-7-million-euros-in-agro-tourism-and-water-in-cuba\/","url":"https:\/\/oncubanews.com\/en\/cuba\/france-to-invest-more-than-7-million-euros-in-agro-tourism-and-water-in-cuba\/","name":"France to invest more than 7 million euros in agro-tourism and water in Cuba | OnCubaNews English","isPartOf":{"@id":"https:\/\/oncubanews.com\/en\/#website"},"primaryImageOfPage":{"@id":"https:\/\/oncubanews.com\/en\/cuba\/france-to-invest-more-than-7-million-euros-in-agro-tourism-and-water-in-cuba\/#primaryimage"},"image":{"@id":"https:\/\/oncubanews.com\/en\/cuba\/france-to-invest-more-than-7-million-euros-in-agro-tourism-and-water-in-cuba\/#primaryimage"},"thumbnailUrl":"https:\/\/oncubanews.com\/en\/wp-content\/uploads\/2019\/12\/cuba-francia-convenio-1.jpg","datePublished":"2019-12-09T00:05:43+00:00","author":{"@id":"https:\/\/oncubanews.com\/en\/#\/schema\/person\/4a4376ef86616685852e6d895d4d0eea"},"description":"The agreements were signed in Paris by French Secretary of State for Foreign Affairs Jean-Baptiste Lemoyne and Cuban Minister of Foreign Trade and Investment Rodrigo Malmierca at the end of the fourth session of the Franco-Cuban Economic and Commercial Commission that has been held since 2016.","breadcrumb":{"@id":"https:\/\/oncubanews.com\/en\/cuba\/france-to-invest-more-than-7-million-euros-in-agro-tourism-and-water-in-cuba\/#breadcrumb"},"inLanguage":"en-US","potentialAction":[{"@type":"ReadAction","target":["https:\/\/oncubanews.com\/en\/cuba\/france-to-invest-more-than-7-million-euros-in-agro-tourism-and-water-in-cuba\/"]}]},{"@type":"ImageObject","inLanguage":"en-US","@id":"https:\/\/oncubanews.com\/en\/cuba\/france-to-invest-more-than-7-million-euros-in-agro-tourism-and-water-in-cuba\/#primaryimage","url":"https:\/\/oncubanews.com\/en\/wp-content\/uploads\/2019\/12\/cuba-francia-convenio-1.jpg","contentUrl":"https:\/\/oncubanews.com\/en\/wp-content\/uploads\/2019\/12\/cuba-francia-convenio-1.jpg","width":750,"height":499,"caption":"French Secretary of State for Foreign Affairs Jean-Baptiste Lemoyne (right) and Cuban Minister of Foreign Trade and Investment Rodrigo Malmierca signed two agreements this Friday for which Paris will invest 5 million euros in an agro-tourism project and 2.7 million for the reconstruction of water networks. Photo: EFE"},{"@type":"BreadcrumbList","@id":"https:\/\/oncubanews.com\/en\/cuba\/france-to-invest-more-than-7-million-euros-in-agro-tourism-and-water-in-cuba\/#breadcrumb","itemListElement":[{"@type":"ListItem","position":1,"name":"Portada","item":"https:\/\/oncubanews.com\/en\/"},{"@type":"ListItem","position":2,"name":"France to invest more than 7 million euros in agro-tourism and water in Cuba"}]},{"@type":"WebSite","@id":"https:\/\/oncubanews.com\/en\/#website","url":"https:\/\/oncubanews.com\/en\/","name":"OnCubaNews English","description":"Revista sobre Cuba","potentialAction":[{"@type":"SearchAction","target":{"@type":"EntryPoint","urlTemplate":"https:\/\/oncubanews.com\/en\/?s={search_term_string}"},"query-input":{"@type":"PropertyValueSpecification","valueRequired":true,"valueName":"search_term_string"}}],"inLanguage":"en-US"},{"@type":"Person","@id":"https:\/\/oncubanews.com\/en\/#\/schema\/person\/4a4376ef86616685852e6d895d4d0eea","name":"EFE","image":{"@type":"ImageObject","inLanguage":"en-US","@id":"https:\/\/secure.gravatar.com\/avatar\/2a1de33ef07ae580021e92116e205cdb099068c1ff1fdba600b998c78b6347eb?s=96&r=gd23dcd71e12bce3843a7572453d0d981","url":"https:\/\/secure.gravatar.com\/avatar\/2a1de33ef07ae580021e92116e205cdb099068c1ff1fdba600b998c78b6347eb?s=96&r=g","contentUrl":"https:\/\/secure.gravatar.com\/avatar\/2a1de33ef07ae580021e92116e205cdb099068c1ff1fdba600b998c78b6347eb?s=96&r=g","caption":"EFE"},"url":"https:\/\/oncubanews.com\/en\/author\/efe\/"}]}},"authors":[{"term_id":33548,"user_id":3606,"is_guest":0,"slug":"efe","display_name":"EFE","avatar_url":"https:\/\/secure.gravatar.com\/avatar\/2a1de33ef07ae580021e92116e205cdb099068c1ff1fdba600b998c78b6347eb?s=96&r=g","0":null,"1":"","2":"","3":"","4":"","5":"","6":"","7":"","8":""},{"term_id":17270,"user_id":0,"is_guest":1,"slug":"cap-efe","display_name":"EFE","avatar_url":"https:\/\/secure.gravatar.com\/avatar\/?s=96&r=g","0":null,"1":"","2":"","3":"","4":"","5":"","6":"","7":"","8":""}],"_links":{"self":[{"href":"https:\/\/oncubanews.com\/en\/wp-json\/wp\/v2\/posts\/210481","targetHints":{"allow":["GET"]}}],"collection":[{"href":"https:\/\/oncubanews.com\/en\/wp-json\/wp\/v2\/posts"}],"about":[{"href":"https:\/\/oncubanews.com\/en\/wp-json\/wp\/v2\/types\/post"}],"author":[{"embeddable":true,"href":"https:\/\/oncubanews.com\/en\/wp-json\/wp\/v2\/users\/3606"}],"replies":[{"embeddable":true,"href":"https:\/\/oncubanews.com\/en\/wp-json\/wp\/v2\/comments?post=210481"}],"version-history":[{"count":0,"href":"https:\/\/oncubanews.com\/en\/wp-json\/wp\/v2\/posts\/210481\/revisions"}],"wp:featuredmedia":[{"embeddable":true,"href":"https:\/\/oncubanews.com\/en\/wp-json\/wp\/v2\/media\/210482"}],"wp:attachment":[{"href":"https:\/\/oncubanews.com\/en\/wp-json\/wp\/v2\/media?parent=210481"}],"wp:term":[{"taxonomy":"category","embeddable":true,"href":"https:\/\/oncubanews.com\/en\/wp-json\/wp\/v2\/categories?post=210481"},{"taxonomy":"post_tag","embeddable":true,"href":"https:\/\/oncubanews.com\/en\/wp-json\/wp\/v2\/tags?post=210481"},{"taxonomy":"author","embeddable":true,"href":"https:\/\/oncubanews.com\/en\/wp-json\/wp\/v2\/ppma_author?post=210481"}],"curies":[{"name":"wp","href":"https:\/\/api.w.org\/{rel}","templated":true}]}}