
{"id":211201,"date":"2019-12-23T08:32:44","date_gmt":"2019-12-23T13:32:44","guid":{"rendered":"https:\/\/oncubanews.com\/en\/?p=211201"},"modified":"2019-12-23T08:32:44","modified_gmt":"2019-12-23T13:32:44","slug":"cuba-to-prioritize-exports-and-increase-savings-in-2020","status":"publish","type":"post","link":"https:\/\/oncubanews.com\/en\/cuba\/cuba-to-prioritize-exports-and-increase-savings-in-2020\/","title":{"rendered":"Cuba to prioritize exports and increase savings in 2020"},"content":{"rendered":"<p><span style=\"font-weight: 400;\">The increase and diversification of exports, and the increase in savings measures are two of the main priorities of the <\/span><a href=\"https:\/\/oncubanews.com\/tag\/economia-cubana\/\" target=\"_blank\" rel=\"noopener noreferrer\"><span style=\"font-weight: 400;\">Cuban economy<\/span><\/a><span style=\"font-weight: 400;\"> for 2020, according to the government plan presented this Friday by the minister of economy to the island\u2019s National Assembly.<\/span><\/p>\n<p><span style=\"font-weight: 400;\">When presenting to Parliament this year\u2019s balance and the forecasts for the next, Minister of Economy Alejandro Gil also highlighted as priorities for the next twelve months import substitution, the efficiency of the investment process, advance in the country\u2019s monetary organization and fostering links between the state sector, the non-state sector and foreign investment.<\/span><\/p>\n<blockquote class=\"twitter-tweet\" data-width=\"500\" data-dnt=\"true\">\n<p lang=\"es\" dir=\"ltr\">En sesi\u00f3n de <a href=\"https:\/\/twitter.com\/hashtag\/ANPP?src=hash&amp;ref_src=twsrc%5Etfw\">#ANPP<\/a> Ministro <a href=\"https:\/\/twitter.com\/AlejandroGilF?ref_src=twsrc%5Etfw\">@AlejandroGilF<\/a> present\u00f3 a los diputados informaci\u00f3n de la ejecuci\u00f3n del plan 2019, las medidas adoptadas en materia econ\u00f3mica, as\u00ed como los principales aspectos contenidos en el plan 2020. Ver: <a href=\"https:\/\/t.co\/tUhVxu2aMI\">https:\/\/t.co\/tUhVxu2aMI<\/a><a href=\"https:\/\/twitter.com\/hashtag\/SomosContinuidad?src=hash&amp;ref_src=twsrc%5Etfw\">#SomosContinuidad<\/a> <a href=\"https:\/\/twitter.com\/hashtag\/PoderPopular?src=hash&amp;ref_src=twsrc%5Etfw\">#PoderPopular<\/a> <a href=\"https:\/\/t.co\/z5mg7xZ1iK\">pic.twitter.com\/z5mg7xZ1iK<\/a><\/p>\n<p>&mdash; Ministerio de Econom\u00eda y Planificaci\u00f3n de Cuba (@MEP_CUBA) <a href=\"https:\/\/twitter.com\/MEP_CUBA\/status\/1207775338002092034?ref_src=twsrc%5Etfw\">December 19, 2019<\/a><\/p><\/blockquote>\n<p><script async src=\"https:\/\/platform.twitter.com\/widgets.js\" charset=\"utf-8\"><\/script><\/p>\n<p><span style=\"font-weight: 400;\">Gil said that despite the current \u201ccomplex scenario\u201d experienced by the island, marked by the intensification of the U.S. embargo, a 1% economic growth is expected for next year, an objective that must be achieved by \u201cadjusting\u201d to existing resources, through \u201cgreat effort, discipline and search for alternatives\u201d and \u201cwithout increasing the country&#8217;s external indebtedness.\u201d<\/span><\/p>\n<p><span style=\"font-weight: 400;\">The minister announced that exports are estimated to grow 3.7% due to a better tourism performance, and products such as nickel, tobacco, sugar, rum, charcoal, honey and biopharmaceuticals, the <em>Agencia Cubana de Noticias<\/em> news agency <\/span><a href=\"http:\/\/www.acn.cu\/cuba\/53338-ahorro-y-exportaciones-prioridades-de-la-economia-cubana-en-2020\" target=\"_blank\" rel=\"noopener noreferrer\"><span style=\"font-weight: 400;\">reported<\/span><\/a><span style=\"font-weight: 400;\">.<\/span><\/p>\n<p><span style=\"font-weight: 400;\">He also specified that in tourism the arrival of 4.5 million visitors is planned, for a growth of 4.7%, while an increase of 20% of the retail commercial circulation is estimated, an increase of 3.3% in power generation\u2015bringing the contribution of renewable energy sources to 6.5% of the total\u2015and a 19% growth in investments for a total of 12 billion pesos.<\/span><\/p>\n<p><span style=\"font-weight: 400;\">Regarding salaries, he said that the <\/span><a href=\"https:\/\/www.mep.gob.cu\/sites\/default\/files\/Documentos\/Informe%20de%20Ministro%20de%20MEP%20%20ANPP%20diciembre%202019.pdf?fbclid=IwAR3Kh2HVvrViBapthsQ91VEUAoQsOW0SmcX5QgHfb1uA895UphpyD7EL2VA\" target=\"_blank\" rel=\"noopener noreferrer\"><span style=\"font-weight: 400;\">2020 plan<\/span><\/a><span style=\"font-weight: 400;\"> estimates a 112-peso growth of the average salary compared to 2019, which would allow to reach 989 pesos, while the generation of jobs must grow by 0.7%.<\/span><\/p>\n<p><span style=\"font-weight: 400;\">Regarding foreign investment, he said that \u201calready established businesses are being followed up and more than 50 new projects are being assessed,\u201d while on savings, he said that it is necessary to maintain, even increase, the established measures, which \u201cdoes not mean to stop doing, but to achieve more efficient levels of activity with a better use of fuels.\u201d<\/span><\/p>\n<blockquote class=\"wp-embedded-content\" data-secret=\"dbGFoShvSZ\"><p><a href=\"https:\/\/oncubanews.com\/en\/cuba\/cuba-fails-to-meet-its-economic-growth-goal-for-2019\/\">Cuba fails to meet its economic growth goal for 2019<\/a><\/p><\/blockquote>\n<p><iframe loading=\"lazy\" class=\"wp-embedded-content\" sandbox=\"allow-scripts\" security=\"restricted\" style=\"position: absolute; clip: rect(1px, 1px, 1px, 1px);\" title=\"&#8220;Cuba fails to meet its economic growth goal for 2019&#8221; &#8212; OnCubaNews English\" src=\"https:\/\/oncubanews.com\/en\/cuba\/cuba-fails-to-meet-its-economic-growth-goal-for-2019\/embed\/#?secret=1lUMBCjFzB#?secret=dbGFoShvSZ\" data-secret=\"dbGFoShvSZ\" width=\"500\" height=\"282\" frameborder=\"0\" marginwidth=\"0\" marginheight=\"0\" scrolling=\"no\"><\/iframe><\/p>\n<p><span style=\"font-weight: 400;\">In 2019, the government was forced to take savings measures due to the \u201ctemporary\u201d energy crisis because of a diesel deficit, which Gil attributed to pressures exerted by the United States on shipping companies that transport fuel to the island from Venezuela.<\/span><\/p>\n<p><span style=\"font-weight: 400;\">The growth target of 1.5% of the Gross Domestic Product for this year\u2015which at the time the island\u2019s authorities considered \u201crealistic\u201d\u2015was not met by a percentage point, and the Economic Commission for Latin America and the Caribbean (ECLAC), estimated that the Cuban GDP reached barely 0.5%.<\/span><\/p>\n","protected":false},"excerpt":{"rendered":"<p>The increase and diversification of exports, and the increase in savings measures are two of the main priorities of the Cuban economy for 2020, according to the government plan presented this Friday by the minister of economy to the island\u2019s National Assembly. When presenting to Parliament this year\u2019s balance and the forecasts for the next, [&hellip;]<\/p>\n","protected":false},"author":3134,"featured_media":211204,"comment_status":"open","ping_status":"closed","sticky":false,"template":"","format":"standard","meta":{"_acf_changed":false,"footnotes":""},"categories":[13902],"tags":[14816],"ppma_author":[33546,8689],"class_list":["post-211201","post","type-post","status-publish","format-standard","has-post-thumbnail","hentry","category-cuba","tag-cuban-economy"],"acf":[],"yoast_head":"<!-- This site is optimized with the Yoast SEO plugin v27.3 - https:\/\/yoast.com\/product\/yoast-seo-wordpress\/ -->\n<title>Cuba to prioritize exports and increase savings in 2020 | OnCubaNews English<\/title>\n<meta name=\"description\" content=\"For next year, a 1% economic growth is expected through \u201cgreat effort, discipline and search for alternatives\u201d and \u201cwithout increasing the country&#039;s external indebtedness,\u201d according to Minister of Economy Alejandro Gil.\" \/>\n<meta name=\"robots\" content=\"index, follow, max-snippet:-1, max-image-preview:large, max-video-preview:-1\" \/>\n<link rel=\"canonical\" href=\"https:\/\/oncubanews.com\/en\/cuba\/cuba-to-prioritize-exports-and-increase-savings-in-2020\/\" \/>\n<meta property=\"og:locale\" content=\"en_US\" \/>\n<meta property=\"og:type\" content=\"article\" \/>\n<meta property=\"og:title\" content=\"Cuba to prioritize exports and increase savings in 2020 | OnCubaNews English\" \/>\n<meta property=\"og:description\" content=\"For next year, a 1% economic growth is expected through \u201cgreat effort, discipline and search for alternatives\u201d and \u201cwithout increasing the country&#039;s external indebtedness,\u201d according to Minister of Economy Alejandro Gil.\" \/>\n<meta property=\"og:url\" content=\"https:\/\/oncubanews.com\/en\/cuba\/cuba-to-prioritize-exports-and-increase-savings-in-2020\/\" \/>\n<meta property=\"og:site_name\" content=\"OnCubaNews English\" \/>\n<meta property=\"article:published_time\" content=\"2019-12-23T13:32:44+00:00\" \/>\n<meta property=\"og:image\" content=\"https:\/\/oncubanews.com\/en\/wp-content\/uploads\/2019\/12\/Mercado-econom\u00eda-Claudio-Pelaez-1.jpg\" \/>\n\t<meta property=\"og:image:width\" content=\"750\" \/>\n\t<meta property=\"og:image:height\" content=\"487\" \/>\n\t<meta property=\"og:image:type\" content=\"image\/jpeg\" \/>\n<meta name=\"author\" content=\"OnCuba Staff, OnCuba editorial staff\" \/>\n<meta name=\"twitter:card\" content=\"summary_large_image\" \/>\n<meta name=\"twitter:label1\" content=\"Written by\" \/>\n\t<meta name=\"twitter:data1\" content=\"OnCuba Staff\" \/>\n\t<meta name=\"twitter:label2\" content=\"Est. reading time\" \/>\n\t<meta name=\"twitter:data2\" content=\"2 minutes\" \/>\n<script type=\"application\/ld+json\" class=\"yoast-schema-graph\">{\"@context\":\"https:\\\/\\\/schema.org\",\"@graph\":[{\"@type\":\"Article\",\"@id\":\"https:\\\/\\\/oncubanews.com\\\/en\\\/cuba\\\/cuba-to-prioritize-exports-and-increase-savings-in-2020\\\/#article\",\"isPartOf\":{\"@id\":\"https:\\\/\\\/oncubanews.com\\\/en\\\/cuba\\\/cuba-to-prioritize-exports-and-increase-savings-in-2020\\\/\"},\"author\":{\"name\":\"OnCuba Staff\",\"@id\":\"https:\\\/\\\/oncubanews.com\\\/en\\\/#\\\/schema\\\/person\\\/d7171bf311032ab1f557dd8332e714af\"},\"headline\":\"Cuba to prioritize exports and increase savings in 2020\",\"datePublished\":\"2019-12-23T13:32:44+00:00\",\"mainEntityOfPage\":{\"@id\":\"https:\\\/\\\/oncubanews.com\\\/en\\\/cuba\\\/cuba-to-prioritize-exports-and-increase-savings-in-2020\\\/\"},\"wordCount\":460,\"commentCount\":1,\"image\":{\"@id\":\"https:\\\/\\\/oncubanews.com\\\/en\\\/cuba\\\/cuba-to-prioritize-exports-and-increase-savings-in-2020\\\/#primaryimage\"},\"thumbnailUrl\":\"https:\\\/\\\/oncubanews.com\\\/en\\\/wp-content\\\/uploads\\\/2019\\\/12\\\/Mercado-econom\u00eda-Claudio-Pelaez-1.jpg\",\"keywords\":[\"Cuban Economy\"],\"articleSection\":[\"Cuba\"],\"inLanguage\":\"en-US\",\"potentialAction\":[{\"@type\":\"CommentAction\",\"name\":\"Comment\",\"target\":[\"https:\\\/\\\/oncubanews.com\\\/en\\\/cuba\\\/cuba-to-prioritize-exports-and-increase-savings-in-2020\\\/#respond\"]}],\"copyrightYear\":\"2019\",\"copyrightHolder\":{\"@id\":\"https:\\\/\\\/oncubanews.com\\\/en\\\/#organization\"}},{\"@type\":\"WebPage\",\"@id\":\"https:\\\/\\\/oncubanews.com\\\/en\\\/cuba\\\/cuba-to-prioritize-exports-and-increase-savings-in-2020\\\/\",\"url\":\"https:\\\/\\\/oncubanews.com\\\/en\\\/cuba\\\/cuba-to-prioritize-exports-and-increase-savings-in-2020\\\/\",\"name\":\"Cuba to prioritize exports and increase savings in 2020 | OnCubaNews English\",\"isPartOf\":{\"@id\":\"https:\\\/\\\/oncubanews.com\\\/en\\\/#website\"},\"primaryImageOfPage\":{\"@id\":\"https:\\\/\\\/oncubanews.com\\\/en\\\/cuba\\\/cuba-to-prioritize-exports-and-increase-savings-in-2020\\\/#primaryimage\"},\"image\":{\"@id\":\"https:\\\/\\\/oncubanews.com\\\/en\\\/cuba\\\/cuba-to-prioritize-exports-and-increase-savings-in-2020\\\/#primaryimage\"},\"thumbnailUrl\":\"https:\\\/\\\/oncubanews.com\\\/en\\\/wp-content\\\/uploads\\\/2019\\\/12\\\/Mercado-econom\u00eda-Claudio-Pelaez-1.jpg\",\"datePublished\":\"2019-12-23T13:32:44+00:00\",\"author\":{\"@id\":\"https:\\\/\\\/oncubanews.com\\\/en\\\/#\\\/schema\\\/person\\\/d7171bf311032ab1f557dd8332e714af\"},\"description\":\"For next year, a 1% economic growth is expected through \u201cgreat effort, discipline and search for alternatives\u201d and \u201cwithout increasing the country's external indebtedness,\u201d according to Minister of Economy Alejandro Gil.\",\"breadcrumb\":{\"@id\":\"https:\\\/\\\/oncubanews.com\\\/en\\\/cuba\\\/cuba-to-prioritize-exports-and-increase-savings-in-2020\\\/#breadcrumb\"},\"inLanguage\":\"en-US\",\"potentialAction\":[{\"@type\":\"ReadAction\",\"target\":[\"https:\\\/\\\/oncubanews.com\\\/en\\\/cuba\\\/cuba-to-prioritize-exports-and-increase-savings-in-2020\\\/\"]}]},{\"@type\":\"ImageObject\",\"inLanguage\":\"en-US\",\"@id\":\"https:\\\/\\\/oncubanews.com\\\/en\\\/cuba\\\/cuba-to-prioritize-exports-and-increase-savings-in-2020\\\/#primaryimage\",\"url\":\"https:\\\/\\\/oncubanews.com\\\/en\\\/wp-content\\\/uploads\\\/2019\\\/12\\\/Mercado-econom\u00eda-Claudio-Pelaez-1.jpg\",\"contentUrl\":\"https:\\\/\\\/oncubanews.com\\\/en\\\/wp-content\\\/uploads\\\/2019\\\/12\\\/Mercado-econom\u00eda-Claudio-Pelaez-1.jpg\",\"width\":750,\"height\":487,\"caption\":\"In 2019, the government was forced to take savings measures due to the \u201ctemporary\u201d energy crisis because of the diesel deficit. Photo: Claudio Pelaez Sordo.\"},{\"@type\":\"BreadcrumbList\",\"@id\":\"https:\\\/\\\/oncubanews.com\\\/en\\\/cuba\\\/cuba-to-prioritize-exports-and-increase-savings-in-2020\\\/#breadcrumb\",\"itemListElement\":[{\"@type\":\"ListItem\",\"position\":1,\"name\":\"Portada\",\"item\":\"https:\\\/\\\/oncubanews.com\\\/en\\\/\"},{\"@type\":\"ListItem\",\"position\":2,\"name\":\"Cuba to prioritize exports and increase savings in 2020\"}]},{\"@type\":\"WebSite\",\"@id\":\"https:\\\/\\\/oncubanews.com\\\/en\\\/#website\",\"url\":\"https:\\\/\\\/oncubanews.com\\\/en\\\/\",\"name\":\"OnCubaNews English\",\"description\":\"Revista sobre Cuba\",\"potentialAction\":[{\"@type\":\"SearchAction\",\"target\":{\"@type\":\"EntryPoint\",\"urlTemplate\":\"https:\\\/\\\/oncubanews.com\\\/en\\\/?s={search_term_string}\"},\"query-input\":{\"@type\":\"PropertyValueSpecification\",\"valueRequired\":true,\"valueName\":\"search_term_string\"}}],\"inLanguage\":\"en-US\"},{\"@type\":\"Person\",\"@id\":\"https:\\\/\\\/oncubanews.com\\\/en\\\/#\\\/schema\\\/person\\\/d7171bf311032ab1f557dd8332e714af\",\"name\":\"OnCuba Staff\",\"image\":{\"@type\":\"ImageObject\",\"inLanguage\":\"en-US\",\"@id\":\"https:\\\/\\\/secure.gravatar.com\\\/avatar\\\/4b4c4d6109baadde898bb1af22ea4a4af5f4417b86a5d1800bf17531bfb128fc?s=96&r=g17310096d4dde63ebae0e54fbb19218a\",\"url\":\"https:\\\/\\\/secure.gravatar.com\\\/avatar\\\/4b4c4d6109baadde898bb1af22ea4a4af5f4417b86a5d1800bf17531bfb128fc?s=96&r=g\",\"contentUrl\":\"https:\\\/\\\/secure.gravatar.com\\\/avatar\\\/4b4c4d6109baadde898bb1af22ea4a4af5f4417b86a5d1800bf17531bfb128fc?s=96&r=g\",\"caption\":\"OnCuba Staff\"},\"url\":\"https:\\\/\\\/oncubanews.com\\\/en\\\/author\\\/oncuba-editorial-staff\\\/\"}]}<\/script>\n<!-- \/ Yoast SEO plugin. -->","yoast_head_json":{"title":"Cuba to prioritize exports and increase savings in 2020 | OnCubaNews English","description":"For next year, a 1% economic growth is expected through \u201cgreat effort, discipline and search for alternatives\u201d and \u201cwithout increasing the country's external indebtedness,\u201d according to Minister of Economy Alejandro Gil.","robots":{"index":"index","follow":"follow","max-snippet":"max-snippet:-1","max-image-preview":"max-image-preview:large","max-video-preview":"max-video-preview:-1"},"canonical":"https:\/\/oncubanews.com\/en\/cuba\/cuba-to-prioritize-exports-and-increase-savings-in-2020\/","og_locale":"en_US","og_type":"article","og_title":"Cuba to prioritize exports and increase savings in 2020 | OnCubaNews English","og_description":"For next year, a 1% economic growth is expected through \u201cgreat effort, discipline and search for alternatives\u201d and \u201cwithout increasing the country's external indebtedness,\u201d according to Minister of Economy Alejandro Gil.","og_url":"https:\/\/oncubanews.com\/en\/cuba\/cuba-to-prioritize-exports-and-increase-savings-in-2020\/","og_site_name":"OnCubaNews English","article_published_time":"2019-12-23T13:32:44+00:00","og_image":[{"width":750,"height":487,"url":"https:\/\/oncubanews.com\/en\/wp-content\/uploads\/2019\/12\/Mercado-econom\u00eda-Claudio-Pelaez-1.jpg","type":"image\/jpeg"}],"author":"OnCuba Staff, OnCuba editorial staff","twitter_card":"summary_large_image","twitter_misc":{"Written by":"OnCuba Staff","Est. reading time":"2 minutes"},"schema":{"@context":"https:\/\/schema.org","@graph":[{"@type":"Article","@id":"https:\/\/oncubanews.com\/en\/cuba\/cuba-to-prioritize-exports-and-increase-savings-in-2020\/#article","isPartOf":{"@id":"https:\/\/oncubanews.com\/en\/cuba\/cuba-to-prioritize-exports-and-increase-savings-in-2020\/"},"author":{"name":"OnCuba Staff","@id":"https:\/\/oncubanews.com\/en\/#\/schema\/person\/d7171bf311032ab1f557dd8332e714af"},"headline":"Cuba to prioritize exports and increase savings in 2020","datePublished":"2019-12-23T13:32:44+00:00","mainEntityOfPage":{"@id":"https:\/\/oncubanews.com\/en\/cuba\/cuba-to-prioritize-exports-and-increase-savings-in-2020\/"},"wordCount":460,"commentCount":1,"image":{"@id":"https:\/\/oncubanews.com\/en\/cuba\/cuba-to-prioritize-exports-and-increase-savings-in-2020\/#primaryimage"},"thumbnailUrl":"https:\/\/oncubanews.com\/en\/wp-content\/uploads\/2019\/12\/Mercado-econom\u00eda-Claudio-Pelaez-1.jpg","keywords":["Cuban Economy"],"articleSection":["Cuba"],"inLanguage":"en-US","potentialAction":[{"@type":"CommentAction","name":"Comment","target":["https:\/\/oncubanews.com\/en\/cuba\/cuba-to-prioritize-exports-and-increase-savings-in-2020\/#respond"]}],"copyrightYear":"2019","copyrightHolder":{"@id":"https:\/\/oncubanews.com\/en\/#organization"}},{"@type":"WebPage","@id":"https:\/\/oncubanews.com\/en\/cuba\/cuba-to-prioritize-exports-and-increase-savings-in-2020\/","url":"https:\/\/oncubanews.com\/en\/cuba\/cuba-to-prioritize-exports-and-increase-savings-in-2020\/","name":"Cuba to prioritize exports and increase savings in 2020 | OnCubaNews English","isPartOf":{"@id":"https:\/\/oncubanews.com\/en\/#website"},"primaryImageOfPage":{"@id":"https:\/\/oncubanews.com\/en\/cuba\/cuba-to-prioritize-exports-and-increase-savings-in-2020\/#primaryimage"},"image":{"@id":"https:\/\/oncubanews.com\/en\/cuba\/cuba-to-prioritize-exports-and-increase-savings-in-2020\/#primaryimage"},"thumbnailUrl":"https:\/\/oncubanews.com\/en\/wp-content\/uploads\/2019\/12\/Mercado-econom\u00eda-Claudio-Pelaez-1.jpg","datePublished":"2019-12-23T13:32:44+00:00","author":{"@id":"https:\/\/oncubanews.com\/en\/#\/schema\/person\/d7171bf311032ab1f557dd8332e714af"},"description":"For next year, a 1% economic growth is expected through \u201cgreat effort, discipline and search for alternatives\u201d and \u201cwithout increasing the country's external indebtedness,\u201d according to Minister of Economy Alejandro Gil.","breadcrumb":{"@id":"https:\/\/oncubanews.com\/en\/cuba\/cuba-to-prioritize-exports-and-increase-savings-in-2020\/#breadcrumb"},"inLanguage":"en-US","potentialAction":[{"@type":"ReadAction","target":["https:\/\/oncubanews.com\/en\/cuba\/cuba-to-prioritize-exports-and-increase-savings-in-2020\/"]}]},{"@type":"ImageObject","inLanguage":"en-US","@id":"https:\/\/oncubanews.com\/en\/cuba\/cuba-to-prioritize-exports-and-increase-savings-in-2020\/#primaryimage","url":"https:\/\/oncubanews.com\/en\/wp-content\/uploads\/2019\/12\/Mercado-econom\u00eda-Claudio-Pelaez-1.jpg","contentUrl":"https:\/\/oncubanews.com\/en\/wp-content\/uploads\/2019\/12\/Mercado-econom\u00eda-Claudio-Pelaez-1.jpg","width":750,"height":487,"caption":"In 2019, the government was forced to take savings measures due to the \u201ctemporary\u201d energy crisis because of the diesel deficit. Photo: Claudio Pelaez Sordo."},{"@type":"BreadcrumbList","@id":"https:\/\/oncubanews.com\/en\/cuba\/cuba-to-prioritize-exports-and-increase-savings-in-2020\/#breadcrumb","itemListElement":[{"@type":"ListItem","position":1,"name":"Portada","item":"https:\/\/oncubanews.com\/en\/"},{"@type":"ListItem","position":2,"name":"Cuba to prioritize exports and increase savings in 2020"}]},{"@type":"WebSite","@id":"https:\/\/oncubanews.com\/en\/#website","url":"https:\/\/oncubanews.com\/en\/","name":"OnCubaNews English","description":"Revista sobre Cuba","potentialAction":[{"@type":"SearchAction","target":{"@type":"EntryPoint","urlTemplate":"https:\/\/oncubanews.com\/en\/?s={search_term_string}"},"query-input":{"@type":"PropertyValueSpecification","valueRequired":true,"valueName":"search_term_string"}}],"inLanguage":"en-US"},{"@type":"Person","@id":"https:\/\/oncubanews.com\/en\/#\/schema\/person\/d7171bf311032ab1f557dd8332e714af","name":"OnCuba Staff","image":{"@type":"ImageObject","inLanguage":"en-US","@id":"https:\/\/secure.gravatar.com\/avatar\/4b4c4d6109baadde898bb1af22ea4a4af5f4417b86a5d1800bf17531bfb128fc?s=96&r=g17310096d4dde63ebae0e54fbb19218a","url":"https:\/\/secure.gravatar.com\/avatar\/4b4c4d6109baadde898bb1af22ea4a4af5f4417b86a5d1800bf17531bfb128fc?s=96&r=g","contentUrl":"https:\/\/secure.gravatar.com\/avatar\/4b4c4d6109baadde898bb1af22ea4a4af5f4417b86a5d1800bf17531bfb128fc?s=96&r=g","caption":"OnCuba Staff"},"url":"https:\/\/oncubanews.com\/en\/author\/oncuba-editorial-staff\/"}]}},"authors":[{"term_id":33546,"user_id":3134,"is_guest":0,"slug":"oncuba-editorial-staff","display_name":"OnCuba Staff","avatar_url":"https:\/\/secure.gravatar.com\/avatar\/4b4c4d6109baadde898bb1af22ea4a4af5f4417b86a5d1800bf17531bfb128fc?s=96&r=g","0":null,"1":"","2":"","3":"","4":"","5":"","6":"","7":"","8":""},{"term_id":8689,"user_id":3134,"is_guest":0,"slug":"oncuba-editorial-staff","display_name":"OnCuba editorial staff","avatar_url":{"url":"https:\/\/oncubanews.com\/en\/wp-content\/uploads\/2018\/10\/avatar-ocnews-1.png","url2x":"https:\/\/oncubanews.com\/en\/wp-content\/uploads\/2018\/10\/avatar-ocnews-1.png"},"0":null,"1":"","2":"","3":"","4":"","5":"","6":"","7":"","8":""}],"_links":{"self":[{"href":"https:\/\/oncubanews.com\/en\/wp-json\/wp\/v2\/posts\/211201","targetHints":{"allow":["GET"]}}],"collection":[{"href":"https:\/\/oncubanews.com\/en\/wp-json\/wp\/v2\/posts"}],"about":[{"href":"https:\/\/oncubanews.com\/en\/wp-json\/wp\/v2\/types\/post"}],"author":[{"embeddable":true,"href":"https:\/\/oncubanews.com\/en\/wp-json\/wp\/v2\/users\/3134"}],"replies":[{"embeddable":true,"href":"https:\/\/oncubanews.com\/en\/wp-json\/wp\/v2\/comments?post=211201"}],"version-history":[{"count":0,"href":"https:\/\/oncubanews.com\/en\/wp-json\/wp\/v2\/posts\/211201\/revisions"}],"wp:featuredmedia":[{"embeddable":true,"href":"https:\/\/oncubanews.com\/en\/wp-json\/wp\/v2\/media\/211204"}],"wp:attachment":[{"href":"https:\/\/oncubanews.com\/en\/wp-json\/wp\/v2\/media?parent=211201"}],"wp:term":[{"taxonomy":"category","embeddable":true,"href":"https:\/\/oncubanews.com\/en\/wp-json\/wp\/v2\/categories?post=211201"},{"taxonomy":"post_tag","embeddable":true,"href":"https:\/\/oncubanews.com\/en\/wp-json\/wp\/v2\/tags?post=211201"},{"taxonomy":"author","embeddable":true,"href":"https:\/\/oncubanews.com\/en\/wp-json\/wp\/v2\/ppma_author?post=211201"}],"curies":[{"name":"wp","href":"https:\/\/api.w.org\/{rel}","templated":true}]}}