
{"id":212562,"date":"2020-01-20T19:10:16","date_gmt":"2020-01-21T00:10:16","guid":{"rendered":"https:\/\/oncubanews.com\/en\/?p=212562"},"modified":"2020-01-20T19:50:40","modified_gmt":"2020-01-21T00:50:40","slug":"victor-gomez-miami-has-become-a-metropolis-of-art","status":"publish","type":"post","link":"https:\/\/oncubanews.com\/en\/culture\/visual-arts\/victor-gomez-miami-has-become-a-metropolis-of-art\/","title":{"rendered":"V\u00edctor G\u00f3mez: \u201cMiami has become a metropolis of art\u201d"},"content":{"rendered":"<p><span style=\"font-weight: 400;\">V\u00edctor G\u00f3mez (Havana, 1941) is an important name in the catalog of Cuban contemporary art. Few know it. Even he doesn&#8217;t believe it himself.<\/span><\/p>\n<p><span style=\"font-weight: 400;\">Affiliated to the Engraving Workshop of the Union of Writers and Artists of Cuba (UNEAC), founder and coordinator of the group \u201cNueve versiones del paisaje\u201d (1976), member of the UNEAC, and of the Council of Advisers of the Ministry of Culture, when he left Havana to settle in Florida, in 1980, he had already participated in more than 80 collective exhibits, both inside and outside the country. The ominous gray quinquennium had started being surpassed.<\/span><\/p>\n<p><span style=\"font-weight: 400;\">\u201cMy arrival in Miami was chaotic. Settling in a city you don&#8217;t know always causes uncertainty. I was afraid that this displacement, which is not only geographical if it involves Cubans, could alter the course of my life as an artist. I came from the Havana of the 1970s, where I had a constant artistic activity; I left behind my professional relationships, my friends, my vital and artistic references. That world collapsed when it collided with a different reality, with a different culture and with a different socio-political environment. At the time I was 39, a not very advisable age to try to reinvent one\u2019s life.\u201d<\/span><\/p>\n<figure id=\"attachment_212567\" aria-describedby=\"caption-attachment-212567\" style=\"width: 200px\" class=\"wp-caption alignleft\"><a href=\"https:\/\/oncubanews.com\/en\/wp-content\/uploads\/2020\/01\/v\u00cdctor-g\u00d3mez-1.jpg\"><img loading=\"lazy\" decoding=\"async\" class=\"wp-image-212567 size-medium\" src=\"https:\/\/oncubanews.com\/en\/wp-content\/uploads\/2020\/01\/v\u00cdctor-g\u00d3mez-1-200x300.jpg\" alt=\"\" width=\"200\" height=\"300\" srcset=\"https:\/\/oncubanews.com\/en\/wp-content\/uploads\/2020\/01\/v\u00cdctor-g\u00d3mez-1-200x300.jpg 200w, https:\/\/oncubanews.com\/en\/wp-content\/uploads\/2020\/01\/v\u00cdctor-g\u00d3mez-1.jpg 684w\" sizes=\"auto, (max-width: 200px) 100vw, 200px\" \/><\/a><figcaption id=\"caption-attachment-212567\" class=\"wp-caption-text\">V\u00edctor G\u00f3mez. Photo: Courtesy of the interviewee.<\/figcaption><\/figure>\n<p><b>Could you be more specific\u2026<\/b><\/p>\n<p><span style=\"font-weight: 400;\">I felt like a fish out of water. Everything was new and confusing. I had to become part of the environment quickly. I worked as a street vendor. It was for a short time. And that was when I met a Cuban-Venezuelan family that bought the first works on paper, which, in the midst of the chaos, I had already done.<\/span><\/p>\n<p><span style=\"font-weight: 400;\">That providential family was my first financial support here. They bought my works from 1980 to 1983. For any emigrant, the first three years are very hard, and more so for a visual artist who intends to not abandon his career, and that it, in addition to aesthetic satisfaction, feed him. The tunnel that is mentioned so much. This generous support gave me the chance to settle down, meet new collectors and galleries.<\/span><\/p>\n<p><span style=\"font-weight: 400;\">Actually, despite such a drastic change, I can consider myself a lucky man. The abhorrent street vendor job (abhorrent to me, I clarify; it&#8217;s as worthy as any other) lasted only three months. From then on, until today when I\u2019m reviewing this with you, I have lived from my art work. I resumed my path and my vocation with new vigor. Although I felt\u2015why not say it?\u2015a certain nostalgia for Cuba\u2019s artistic world, which I had enjoyed so much.<\/span><\/p>\n<p><b>How was Miami\u2019s cultural life then?<\/b><\/p>\n<p><span style=\"font-weight: 400;\">More than modest. I would say poor. There was no huge colony of artists who work here today, coming not only from Cuba, but from countless Latin American and European countries, as well as Americans, who today can enjoy a city that has grown, matured and has a huge amount of exhibition spaces, cultural centers and museums. Galleries with a certain reputation could be counted on the fingers of one hand: the Cuban Meeting Point and Forma; and the American ones: Barbara Gillman and Virginia Miller; the latter is still working. Miami has undergone a drastic change in the last 30 years. Its physiognomy has varied, it has become a metropolis with world-class art fairs, such as Art Basel.<\/span><\/p>\n<figure id=\"attachment_212569\" aria-describedby=\"caption-attachment-212569\" style=\"width: 1140px\" class=\"wp-caption aligncenter\"><a href=\"https:\/\/oncubanews.com\/en\/wp-content\/uploads\/2020\/01\/victor-gomez-almost-the-end-oil-monotype-33.5-x-22.5-inches-2019-1.jpg\"><img loading=\"lazy\" decoding=\"async\" class=\"size-full wp-image-212569\" src=\"https:\/\/oncubanews.com\/en\/wp-content\/uploads\/2020\/01\/victor-gomez-almost-the-end-oil-monotype-33.5-x-22.5-inches-2019-1.jpg\" alt=\"\" width=\"1140\" height=\"1754\" srcset=\"https:\/\/oncubanews.com\/en\/wp-content\/uploads\/2020\/01\/victor-gomez-almost-the-end-oil-monotype-33.5-x-22.5-inches-2019-1.jpg 1140w, https:\/\/oncubanews.com\/en\/wp-content\/uploads\/2020\/01\/victor-gomez-almost-the-end-oil-monotype-33.5-x-22.5-inches-2019-1-195x300.jpg 195w, https:\/\/oncubanews.com\/en\/wp-content\/uploads\/2020\/01\/victor-gomez-almost-the-end-oil-monotype-33.5-x-22.5-inches-2019-1-666x1024.jpg 666w, https:\/\/oncubanews.com\/en\/wp-content\/uploads\/2020\/01\/victor-gomez-almost-the-end-oil-monotype-33.5-x-22.5-inches-2019-1-768x1182.jpg 768w, https:\/\/oncubanews.com\/en\/wp-content\/uploads\/2020\/01\/victor-gomez-almost-the-end-oil-monotype-33.5-x-22.5-inches-2019-1-998x1536.jpg 998w, https:\/\/oncubanews.com\/en\/wp-content\/uploads\/2020\/01\/victor-gomez-almost-the-end-oil-monotype-33.5-x-22.5-inches-2019-1-750x1154.jpg 750w\" sizes=\"auto, (max-width: 1140px) 100vw, 1140px\" \/><\/a><figcaption id=\"caption-attachment-212569\" class=\"wp-caption-text\">V\u00edctor G\u00f3mez, \u201cAlmost the End,\u201d Oil Monotype, 33.5 X 22.5 inches, 2019.<\/figcaption><\/figure>\n<p><b>How does your work evolve until you reach the <\/b><a href=\"https:\/\/es.wikipedia.org\/wiki\/Monotipia\" target=\"_blank\" rel=\"noopener noreferrer\"><b>monotypes<\/b><\/a><b>?<\/b><\/p>\n<p><span style=\"font-weight: 400;\">From 1980 to 1986 I only painted. I wasn\u2019t doing that bad. It seems that being \u201cnew in town\u201d generated some curiosity, and I achieved an acceptable level of sale by my standards.<\/span><\/p>\n<p><span style=\"font-weight: 400;\">In 1986, at a meeting with friends, I met Tom\u00e1s Rodr\u00edguez, an old schoolmate. He had achieved certain economic success. He asked me how he could help me; I told him that my plans included acquiring an etching press, but that I still couldn\u2019t think about that. He told me to stop by his office the next day to pick up the check. I was paying him the loan for almost three years.<\/span><\/p>\n<p><span style=\"font-weight: 400;\">This fortuitous event changed my artistic life definitely. I started working on my incipient monotypes on that press.<\/span><\/p>\n<p style=\"text-align: center;\"><strong>***<\/strong><\/p>\n<p><span style=\"font-weight: 400;\">V\u00edctor G\u00f3mez (note down those who doubt) is since then the only Cuban artist who has focused his work exclusively on that graphic modality, which in fact gives him a place worthy of consideration among us. But this would be nothing more than an anecdote if his monotypes did not have the level of artistic excellence they show, if his mark were not unmistakable within the field of Cuban abstraction, and if (this is for those who overvalue the contests) he would not have been recognized and awarded in multiple international events in these 30 years.<\/span><\/p>\n<p><span style=\"font-weight: 400;\">Currently, our artist receives invitations to participate in top-level biennial and triennial exhibitions and competitions since his work gives them prestige. This graduate of the San Alejandro Academy of Fine Arts, Havana (1963-67), has given workshops on the use of the technique in China, Miami and El Salvador. And he is a member of a considerable number of guild associations and institutions, such as the Florida Printmakers Society, International Graphic Art Foundation, International Print Triennial Society, Cracow; the Boston Printmakers, the Florida Printmakers Society, the Monotype Guild of New England&#8230;. And he always participates foremost as a Cuban artist, without further adjectives.<\/span><\/p>\n<div id='gallery-1' class='gallery galleryid-212562 gallery-columns-1 gallery-size-full'><figure class='gallery-item'>\n\t\t\t<div class='gallery-icon portrait'>\n\t\t\t\t<a href='https:\/\/oncubanews.com\/en\/culture\/visual-arts\/victor-gomez-miami-has-become-a-metropolis-of-art\/attachment\/victor-gomez-almost-the-end-oil-monotype-33-5-x-22-5-inches-2019-1\/'><img loading=\"lazy\" decoding=\"async\" width=\"1140\" height=\"1754\" src=\"https:\/\/oncubanews.com\/en\/wp-content\/uploads\/2020\/01\/victor-gomez-almost-the-end-oil-monotype-33.5-x-22.5-inches-2019-1-1.jpg\" class=\"attachment-full size-full\" alt=\"\" aria-describedby=\"gallery-1-212571\" srcset=\"https:\/\/oncubanews.com\/en\/wp-content\/uploads\/2020\/01\/victor-gomez-almost-the-end-oil-monotype-33.5-x-22.5-inches-2019-1-1.jpg 1140w, https:\/\/oncubanews.com\/en\/wp-content\/uploads\/2020\/01\/victor-gomez-almost-the-end-oil-monotype-33.5-x-22.5-inches-2019-1-1-195x300.jpg 195w, https:\/\/oncubanews.com\/en\/wp-content\/uploads\/2020\/01\/victor-gomez-almost-the-end-oil-monotype-33.5-x-22.5-inches-2019-1-1-666x1024.jpg 666w, https:\/\/oncubanews.com\/en\/wp-content\/uploads\/2020\/01\/victor-gomez-almost-the-end-oil-monotype-33.5-x-22.5-inches-2019-1-1-768x1182.jpg 768w, https:\/\/oncubanews.com\/en\/wp-content\/uploads\/2020\/01\/victor-gomez-almost-the-end-oil-monotype-33.5-x-22.5-inches-2019-1-1-998x1536.jpg 998w, https:\/\/oncubanews.com\/en\/wp-content\/uploads\/2020\/01\/victor-gomez-almost-the-end-oil-monotype-33.5-x-22.5-inches-2019-1-1-750x1154.jpg 750w\" sizes=\"auto, (max-width: 1140px) 100vw, 1140px\" \/><\/a>\n\t\t\t<\/div>\n\t\t\t\t<figcaption class='wp-caption-text gallery-caption' id='gallery-1-212571'>\n\t\t\t\tV\u00edctor G\u00f3mez, \u201cAlmost the End,\u201d Oil Monotype, 33.5 X 22.5 inches, 2019.\n\t\t\t\t<\/figcaption><\/figure><figure class='gallery-item'>\n\t\t\t<div class='gallery-icon portrait'>\n\t\t\t\t<a href='https:\/\/oncubanews.com\/en\/culture\/visual-arts\/victor-gomez-miami-has-become-a-metropolis-of-art\/attachment\/victor-gomez-unusual-revelation-oil-monotype-33-5-x-22-5-inches-2019-2\/'><img loading=\"lazy\" decoding=\"async\" width=\"1140\" height=\"1698\" src=\"https:\/\/oncubanews.com\/en\/wp-content\/uploads\/2020\/01\/victor-gomez-unusual-revelation-oil-monotype-33.5-x-22.5-inches-2019-1.jpg\" class=\"attachment-full size-full\" alt=\"\" aria-describedby=\"gallery-1-212572\" srcset=\"https:\/\/oncubanews.com\/en\/wp-content\/uploads\/2020\/01\/victor-gomez-unusual-revelation-oil-monotype-33.5-x-22.5-inches-2019-1.jpg 1140w, https:\/\/oncubanews.com\/en\/wp-content\/uploads\/2020\/01\/victor-gomez-unusual-revelation-oil-monotype-33.5-x-22.5-inches-2019-1-201x300.jpg 201w, https:\/\/oncubanews.com\/en\/wp-content\/uploads\/2020\/01\/victor-gomez-unusual-revelation-oil-monotype-33.5-x-22.5-inches-2019-1-687x1024.jpg 687w, https:\/\/oncubanews.com\/en\/wp-content\/uploads\/2020\/01\/victor-gomez-unusual-revelation-oil-monotype-33.5-x-22.5-inches-2019-1-768x1144.jpg 768w, https:\/\/oncubanews.com\/en\/wp-content\/uploads\/2020\/01\/victor-gomez-unusual-revelation-oil-monotype-33.5-x-22.5-inches-2019-1-1031x1536.jpg 1031w, https:\/\/oncubanews.com\/en\/wp-content\/uploads\/2020\/01\/victor-gomez-unusual-revelation-oil-monotype-33.5-x-22.5-inches-2019-1-750x1117.jpg 750w\" sizes=\"auto, (max-width: 1140px) 100vw, 1140px\" \/><\/a>\n\t\t\t<\/div>\n\t\t\t\t<figcaption class='wp-caption-text gallery-caption' id='gallery-1-212572'>\n\t\t\t\tV\u00edctor G\u00f3mez, \u201cUnusual Revelation\u201d Oil Monotype, 2019.\n\t\t\t\t<\/figcaption><\/figure>\n\t\t<\/div>\n\n<p style=\"text-align: center;\"><strong>***<\/strong><\/p>\n<p><span style=\"font-weight: 400;\">This success spiritually overwhelms me, but it doesn\u2019t fill my pockets. It is always more difficult to sell works on paper than on canvas. Natural oxidation, the lack of a graphic culture, I suppose, imposes these prejudices. It should also be noted that gallery owners and dealers discourage collectors who are interested in graphics, because canvases usually reach a higher price in the market.<\/span><\/p>\n<p><span style=\"font-weight: 400;\">That\u2019s why it occurred to me to publish other renowned Cuban artists, such as Cundo Berm\u00fadez, Mario Carre\u00f1o, Agust\u00edn Fern\u00e1ndez and Jos\u00e9 Mar\u00eda Mijares. With their works, I made <\/span><i><span style=\"font-weight: 400;\">Four Cuban Masters<\/span><\/i><span style=\"font-weight: 400;\">, a lynographic portfolio. This project had a great market success among the Cuban community in Miami, so I found myself in a somewhat better economic situation.<\/span><\/p>\n<p><span style=\"font-weight: 400;\">On a visit to Puerto Rico, to sign Cundo&#8217;s original prints, I met Julio Santiago, a serigrapher from Bayam\u00f3n, an excellent engraver, with extraordinary technical skill; I offered him a place in my workshop, and he spent two years working with me, in which time he made the first four serigraph editions of Mijares, Cundo, Agust\u00edn Fern\u00e1ndez and Gay Garc\u00eda. During this period, working alongside Santiago, learning with him, I became a serigrapher, and when he returned to Puerto Rico I continued to personally edit more than 39 contemporary Cuban artists.<\/span><\/p>\n<p><span style=\"font-weight: 400;\">I also founded, in 1986, and have directed until today, the first Cuban engraving workshop outside the Island, which I named Miami Press Workshop. Personally, the economic result of the workshop is a great achievement; it provides me with 60% of my economy and the other 40% comes from personal work. I also created and directed the Cuban Collection Fine Art Gallery, located in Coral Gables, which operated from 1995 to 2000.<\/span><\/p>\n<p><span style=\"font-weight: 400;\">In nowhere in the world is the life of the average artist easy, economically speaking or in terms of exhibitions and promotional possibilities. I have not gotten rich, but I have an inventory of graphics that has allowed me to live with decorum, and keep my workshop open continuously for 40 years.<\/span><\/p>\n<p><span style=\"font-weight: 400;\">I have not lacked materials to do my work, I have also been able to give myself certain personal satisfactions, to travel the world through my art.<\/span><\/p>\n<p><b>Why monotype as the main channel for your graphic concerns?<\/b><\/p>\n<p><span style=\"font-weight: 400;\">There are things that make one proud. For example, any Cuban artist has made a monotype during his\/her student or professional stage, a genre that has not had followers in the country, rather detractors among the tribe of engravers. I have earned the status of being the only Cuban artist of all time who has embraced monotype as his main means of expression because of the years that I have worked steadily on this technique.<\/span><\/p>\n<p><span style=\"font-weight: 400;\">My preference for monotype was not deliberate, I was prejudiced; many engravers in the UNEAC workshop talked about this technique pejoratively. Monotyping was rather a gift of the circumstances; that is to say, I had the opportunity of having a good press, and that attracted me to the graphic, where I dabbled, without great pretensions, in etching, colography and, later, in serigraphy, to which I dedicated a few years of work.<\/span><\/p>\n<p><span style=\"font-weight: 400;\">As I explained to you previously, my economy does not depend absolutely on what my work contributes to me, since with my publications I have covered a good economic segment and this has allowed me, since I had my first encounter with this technique, to devote myself to it with the true delight of creating, without thinking that I have to sell.<\/span><\/p>\n<p><span style=\"font-weight: 400;\">The market frequently diverts artists towards the demands imposed on them; it even urges artists to travel paths that distance them from their own concepts, and even perverts their love for what they do. For me, the monotype has been the best passport to travel, compete and receive professional satisfaction of all kinds, as well as being a discipline, from my point of view, that offers expressive possibilities of extreme freedom; the artist can speak in two languages \u200b\u200bat the same time, that of painting and that of graphics. In this last one resides the power and magic.<\/span><\/p>\n<figure id=\"attachment_212573\" aria-describedby=\"caption-attachment-212573\" style=\"width: 1012px\" class=\"wp-caption aligncenter\"><a href=\"https:\/\/oncubanews.com\/en\/wp-content\/uploads\/2020\/01\/guido-llinas-signos-negros-14-colores-serigrafia-edition-75-30-x-20-pulgadas-imagen-1995-1.jpg\"><img loading=\"lazy\" decoding=\"async\" class=\"size-full wp-image-212573\" src=\"https:\/\/oncubanews.com\/en\/wp-content\/uploads\/2020\/01\/guido-llinas-signos-negros-14-colores-serigrafia-edition-75-30-x-20-pulgadas-imagen-1995-1.jpg\" alt=\"\" width=\"1012\" height=\"1536\" srcset=\"https:\/\/oncubanews.com\/en\/wp-content\/uploads\/2020\/01\/guido-llinas-signos-negros-14-colores-serigrafia-edition-75-30-x-20-pulgadas-imagen-1995-1.jpg 1012w, https:\/\/oncubanews.com\/en\/wp-content\/uploads\/2020\/01\/guido-llinas-signos-negros-14-colores-serigrafia-edition-75-30-x-20-pulgadas-imagen-1995-1-198x300.jpg 198w, https:\/\/oncubanews.com\/en\/wp-content\/uploads\/2020\/01\/guido-llinas-signos-negros-14-colores-serigrafia-edition-75-30-x-20-pulgadas-imagen-1995-1-675x1024.jpg 675w, https:\/\/oncubanews.com\/en\/wp-content\/uploads\/2020\/01\/guido-llinas-signos-negros-14-colores-serigrafia-edition-75-30-x-20-pulgadas-imagen-1995-1-768x1166.jpg 768w, https:\/\/oncubanews.com\/en\/wp-content\/uploads\/2020\/01\/guido-llinas-signos-negros-14-colores-serigrafia-edition-75-30-x-20-pulgadas-imagen-1995-1-750x1138.jpg 750w\" sizes=\"auto, (max-width: 1012px) 100vw, 1012px\" \/><\/a><figcaption id=\"caption-attachment-212573\" class=\"wp-caption-text\">Guido Llinas, \u201cSignos Negros,\u201d 14 colors serigraph, edition 75, 30 X 20 inches, 1995.<\/figcaption><\/figure>\n<p><b>What did the contact with personalities as remarkable as the ones you included in your graphic editions leave you?<\/b><\/p>\n<p><span style=\"font-weight: 400;\">I have always thought that the path of any artist is very long and turbulent. In sports terms, a marathon race, but with countless obstacles. It is full of many misunderstandings, envies, natural hurdles and fabricated by the competition. We artists are insecure and very competitive beings.<\/span><\/p>\n<p><span style=\"font-weight: 400;\">I\u2019ve really felt that each recognition is one more stone in a great building, and that they arrive at the moment they had to arrive, if the requirements of this profession which, at the same time, is a passion, have been met: information, development of the technique, disagreement with what has been achieved, perseverance in the work and adequate promotion.<\/span><\/p>\n<p><b>Cuban farmers say that knowing how to cluck is as important as laying the egg.<\/b><\/p>\n<p><span style=\"font-weight: 400;\">Exactly. You couldn\u2019t say it better.<\/span><\/p>\n<p><span style=\"font-weight: 400;\">My work in the publication of other artists took place between 1991 and 2010. It allowed me to interact and do business with characters such as Cundo Berm\u00fadez, Mario Carre\u00f1o, Agust\u00edn Fern\u00e1ndez, Guido Llin\u00e1s, Jos\u00e9 Mijares, Enrique Gay Garc\u00eda, Hugo Consuegra and Rafael Soriano, to mention some of the maestros; as well as countless contemporary artists that time has not yet put in their rightful place. I learned something from everyone. I also became friends with some of them.<\/span><\/p>\n<p><span style=\"font-weight: 400;\">But if I had to highlight a surprising and relevant fact in my experience as a serigrapher and editor, this is related to the decision to publish <\/span><i><span style=\"font-weight: 400;\">Rojo y Negro<\/span><\/i><span style=\"font-weight: 400;\"> in 1993 and, in 1995, <\/span><i><span style=\"font-weight: 400;\">Verde y Negro<\/span><\/i><span style=\"font-weight: 400;\">. In those years Carmen Herrera was one of many artists with talent, work and career that would have deserved, at least, the attention of critics. But perhaps her minority status, as a Cuban and a woman, decided that her fate was not like that of many other minimalist men and Americans.<\/span><\/p>\n<figure id=\"attachment_212575\" aria-describedby=\"caption-attachment-212575\" style=\"width: 1140px\" class=\"wp-caption aligncenter\"><a href=\"https:\/\/oncubanews.com\/en\/wp-content\/uploads\/2020\/01\/carmen-herrera-rojo-y-negro-two-colors-serigraph-16-x-13-inches-tama\u00a4o-imagen-1993-1.jpg\"><img loading=\"lazy\" decoding=\"async\" class=\"size-full wp-image-212575\" src=\"https:\/\/oncubanews.com\/en\/wp-content\/uploads\/2020\/01\/carmen-herrera-rojo-y-negro-two-colors-serigraph-16-x-13-inches-tama\u00a4o-imagen-1993-1.jpg\" alt=\"\" width=\"1140\" height=\"1365\" srcset=\"https:\/\/oncubanews.com\/en\/wp-content\/uploads\/2020\/01\/carmen-herrera-rojo-y-negro-two-colors-serigraph-16-x-13-inches-tama\u00a4o-imagen-1993-1.jpg 1140w, https:\/\/oncubanews.com\/en\/wp-content\/uploads\/2020\/01\/carmen-herrera-rojo-y-negro-two-colors-serigraph-16-x-13-inches-tama\u00a4o-imagen-1993-1-251x300.jpg 251w, https:\/\/oncubanews.com\/en\/wp-content\/uploads\/2020\/01\/carmen-herrera-rojo-y-negro-two-colors-serigraph-16-x-13-inches-tama\u00a4o-imagen-1993-1-855x1024.jpg 855w, https:\/\/oncubanews.com\/en\/wp-content\/uploads\/2020\/01\/carmen-herrera-rojo-y-negro-two-colors-serigraph-16-x-13-inches-tama\u00a4o-imagen-1993-1-768x920.jpg 768w, https:\/\/oncubanews.com\/en\/wp-content\/uploads\/2020\/01\/carmen-herrera-rojo-y-negro-two-colors-serigraph-16-x-13-inches-tama\u00a4o-imagen-1993-1-750x898.jpg 750w\" sizes=\"auto, (max-width: 1140px) 100vw, 1140px\" \/><\/a><figcaption id=\"caption-attachment-212575\" class=\"wp-caption-text\">Carmen Herrera, \u201cRojo y Negro,\u201d two colors serigraph, 16 X 13 inches, 1993.<\/figcaption><\/figure>\n<p><span style=\"font-weight: 400;\">Let&#8217;s mention Rothko, an icon, just as one example. His long life was spent this way, without reaching the deserved recognition, until the new millennium started and just when the new boom of geometric painting had begun, the interest for his work by gallery owners, scholars and collectors was unleashed. Let\u2019s say: acclaimed. The Tate Gallery acquired one of Carmen\u2019s pieces, a fact that gives her the transcendental condition of being the first Latin woman who joined the important collection. Note down there: a Cuban woman. And so began her late career to fame. Carmen Herrera is undoubtedly our most famous artist, internationally, of all time.<\/span><\/p>\n<p><span style=\"font-weight: 400;\">The two pieces of Herrera mentioned were in a drawer in my workshop for more than fifteen years. They did not sell, nobody seemed to be interested in her work. When Carmen was catapulted to deserved fame, it became the most productive project in my collection, and from $50.00 (the price she had on my page for many years), <\/span><i><span style=\"font-weight: 400;\">Rojo y negro<\/span><\/i><span style=\"font-weight: 400;\"> is currently selling for more than $5,000.00 in world marketing and art auctions. Until a few years ago she was not known in Miami and possibly not even in Cuba, and today the world&#8217;s collectors are dying to acquire one of these pieces. Carmen exceeded the price level of our beloved and very important Amelia Pel\u00e1ez: her originals are already sold for millions of dollars. These are the follies of the art market.<\/span><\/p>\n<p><b>Counting, discounting, making a tight balance of your intense trajectory, what dreams do V\u00edctor G\u00f3mez have left to fulfill?<\/b><\/p>\n<p><span style=\"font-weight: 400;\">Travel to Havana, where I haven\u2019t set foot for 40 years.<\/span><\/p>\n<p><b>What prevents you from doing so?<\/b><\/p>\n<p><span style=\"font-weight: 400;\">A bureaucratic affair with Immigration there. I have applied for my passport, but, they say, I don\u2019t appear in the records as a Cuban citizen, I don\u2019t exist. On several occasions the Experimental Graphic Workshop of the Cathedral has invited me to exhibit, and it\u2019s impossible. The bureaucracy is deaf. And also blind.<\/span><\/p>\n<p><span style=\"font-weight: 400;\">I want to see Havana again, visit some friends I left in that city, maybe say goodbye for the last time.<\/span><\/p>\n<p><span style=\"font-weight: 400;\">It is also a desire to deepen my legacy, to leave some of my work in the National Museum of Fine Arts. And, very importantly, I would like the differences between Cubans, the hatreds, to end, that we can live in peace as a nation of powerful culture. And be definitely happy.<\/span><\/p>\n","protected":false},"excerpt":{"rendered":"<p>V\u00edctor G\u00f3mez (Havana, 1941) is an important name in the catalog of Cuban contemporary art. Few know it. Even he doesn&#8217;t believe it himself. Affiliated to the Engraving Workshop of the Union of Writers and Artists of Cuba (UNEAC), founder and coordinator of the group \u201cNueve versiones del paisaje\u201d (1976), member of the UNEAC, and [&hellip;]<\/p>\n","protected":false},"author":3770,"featured_media":212566,"comment_status":"open","ping_status":"closed","sticky":false,"template":"","format":"standard","meta":{"_acf_changed":false,"footnotes":""},"categories":[13919],"tags":[15244,28332],"ppma_author":[34037,24282],"class_list":["post-212562","post","type-post","status-publish","format-standard","has-post-thumbnail","hentry","category-visual-arts","tag-cuban-artists","tag-victor-gomez"],"acf":[],"yoast_head":"<!-- This site is optimized with the Yoast SEO plugin v27.3 - https:\/\/yoast.com\/product\/yoast-seo-wordpress\/ -->\n<title>V\u00edctor G\u00f3mez: \u201cMiami has become a metropolis of art\u201d | OnCubaNews English<\/title>\n<meta name=\"description\" content=\"He is the only Cuban artist who has focused his work exclusively on the monotype and one of the most important exponents of contemporary Cuban abstract.\" \/>\n<meta name=\"robots\" content=\"index, follow, max-snippet:-1, max-image-preview:large, max-video-preview:-1\" \/>\n<link rel=\"canonical\" href=\"https:\/\/oncubanews.com\/en\/culture\/visual-arts\/victor-gomez-miami-has-become-a-metropolis-of-art\/\" \/>\n<meta property=\"og:locale\" content=\"en_US\" \/>\n<meta property=\"og:type\" content=\"article\" \/>\n<meta property=\"og:title\" content=\"V\u00edctor G\u00f3mez: \u201cMiami has become a metropolis of art\u201d | OnCubaNews English\" \/>\n<meta property=\"og:description\" content=\"He is the only Cuban artist who has focused his work exclusively on the monotype and one of the most important exponents of contemporary Cuban abstract.\" \/>\n<meta property=\"og:url\" content=\"https:\/\/oncubanews.com\/en\/culture\/visual-arts\/victor-gomez-miami-has-become-a-metropolis-of-art\/\" \/>\n<meta property=\"og:site_name\" content=\"OnCubaNews English\" \/>\n<meta property=\"article:published_time\" content=\"2020-01-21T00:10:16+00:00\" \/>\n<meta property=\"article:modified_time\" content=\"2020-01-21T00:50:40+00:00\" \/>\n<meta property=\"og:image\" content=\"https:\/\/oncubanews.com\/en\/wp-content\/uploads\/2020\/01\/victor-gomez-almost-the-end-oil-monotype-33.5-x-22.5-inches-2019f-1.jpg\" \/>\n\t<meta property=\"og:image:width\" content=\"750\" \/>\n\t<meta property=\"og:image:height\" content=\"507\" \/>\n\t<meta property=\"og:image:type\" content=\"image\/jpeg\" \/>\n<meta name=\"author\" content=\"Alex Fleites, alexfleites\" \/>\n<meta name=\"twitter:card\" content=\"summary_large_image\" \/>\n<meta name=\"twitter:label1\" content=\"Written by\" \/>\n\t<meta name=\"twitter:data1\" content=\"Alex Fleites\" \/>\n\t<meta name=\"twitter:label2\" content=\"Est. reading time\" \/>\n\t<meta name=\"twitter:data2\" content=\"12 minutes\" \/>\n<script type=\"application\/ld+json\" class=\"yoast-schema-graph\">{\"@context\":\"https:\\\/\\\/schema.org\",\"@graph\":[{\"@type\":\"Article\",\"@id\":\"https:\\\/\\\/oncubanews.com\\\/en\\\/culture\\\/visual-arts\\\/victor-gomez-miami-has-become-a-metropolis-of-art\\\/#article\",\"isPartOf\":{\"@id\":\"https:\\\/\\\/oncubanews.com\\\/en\\\/culture\\\/visual-arts\\\/victor-gomez-miami-has-become-a-metropolis-of-art\\\/\"},\"author\":{\"name\":\"Alex Fleites\",\"@id\":\"https:\\\/\\\/oncubanews.com\\\/en\\\/#\\\/schema\\\/person\\\/cb04d1f85ac3ee88a3878440dfda7c04\"},\"headline\":\"V\u00edctor G\u00f3mez: \u201cMiami has become a metropolis of art\u201d\",\"datePublished\":\"2020-01-21T00:10:16+00:00\",\"dateModified\":\"2020-01-21T00:50:40+00:00\",\"mainEntityOfPage\":{\"@id\":\"https:\\\/\\\/oncubanews.com\\\/en\\\/culture\\\/visual-arts\\\/victor-gomez-miami-has-become-a-metropolis-of-art\\\/\"},\"wordCount\":2383,\"commentCount\":0,\"image\":{\"@id\":\"https:\\\/\\\/oncubanews.com\\\/en\\\/culture\\\/visual-arts\\\/victor-gomez-miami-has-become-a-metropolis-of-art\\\/#primaryimage\"},\"thumbnailUrl\":\"https:\\\/\\\/oncubanews.com\\\/en\\\/wp-content\\\/uploads\\\/2020\\\/01\\\/victor-gomez-almost-the-end-oil-monotype-33.5-x-22.5-inches-2019f-1.jpg\",\"keywords\":[\"Cuban Artists\",\"Victor G\u00f3mez\"],\"articleSection\":[\"Visual arts\"],\"inLanguage\":\"en-US\",\"potentialAction\":[{\"@type\":\"CommentAction\",\"name\":\"Comment\",\"target\":[\"https:\\\/\\\/oncubanews.com\\\/en\\\/culture\\\/visual-arts\\\/victor-gomez-miami-has-become-a-metropolis-of-art\\\/#respond\"]}],\"copyrightYear\":\"2020\",\"copyrightHolder\":{\"@id\":\"https:\\\/\\\/oncubanews.com\\\/en\\\/#organization\"}},{\"@type\":\"WebPage\",\"@id\":\"https:\\\/\\\/oncubanews.com\\\/en\\\/culture\\\/visual-arts\\\/victor-gomez-miami-has-become-a-metropolis-of-art\\\/\",\"url\":\"https:\\\/\\\/oncubanews.com\\\/en\\\/culture\\\/visual-arts\\\/victor-gomez-miami-has-become-a-metropolis-of-art\\\/\",\"name\":\"V\u00edctor G\u00f3mez: \u201cMiami has become a metropolis of art\u201d | OnCubaNews English\",\"isPartOf\":{\"@id\":\"https:\\\/\\\/oncubanews.com\\\/en\\\/#website\"},\"primaryImageOfPage\":{\"@id\":\"https:\\\/\\\/oncubanews.com\\\/en\\\/culture\\\/visual-arts\\\/victor-gomez-miami-has-become-a-metropolis-of-art\\\/#primaryimage\"},\"image\":{\"@id\":\"https:\\\/\\\/oncubanews.com\\\/en\\\/culture\\\/visual-arts\\\/victor-gomez-miami-has-become-a-metropolis-of-art\\\/#primaryimage\"},\"thumbnailUrl\":\"https:\\\/\\\/oncubanews.com\\\/en\\\/wp-content\\\/uploads\\\/2020\\\/01\\\/victor-gomez-almost-the-end-oil-monotype-33.5-x-22.5-inches-2019f-1.jpg\",\"datePublished\":\"2020-01-21T00:10:16+00:00\",\"dateModified\":\"2020-01-21T00:50:40+00:00\",\"author\":{\"@id\":\"https:\\\/\\\/oncubanews.com\\\/en\\\/#\\\/schema\\\/person\\\/cb04d1f85ac3ee88a3878440dfda7c04\"},\"description\":\"He is the only Cuban artist who has focused his work exclusively on the monotype and one of the most important exponents of contemporary Cuban abstract.\",\"breadcrumb\":{\"@id\":\"https:\\\/\\\/oncubanews.com\\\/en\\\/culture\\\/visual-arts\\\/victor-gomez-miami-has-become-a-metropolis-of-art\\\/#breadcrumb\"},\"inLanguage\":\"en-US\",\"potentialAction\":[{\"@type\":\"ReadAction\",\"target\":[\"https:\\\/\\\/oncubanews.com\\\/en\\\/culture\\\/visual-arts\\\/victor-gomez-miami-has-become-a-metropolis-of-art\\\/\"]}]},{\"@type\":\"ImageObject\",\"inLanguage\":\"en-US\",\"@id\":\"https:\\\/\\\/oncubanews.com\\\/en\\\/culture\\\/visual-arts\\\/victor-gomez-miami-has-become-a-metropolis-of-art\\\/#primaryimage\",\"url\":\"https:\\\/\\\/oncubanews.com\\\/en\\\/wp-content\\\/uploads\\\/2020\\\/01\\\/victor-gomez-almost-the-end-oil-monotype-33.5-x-22.5-inches-2019f-1.jpg\",\"contentUrl\":\"https:\\\/\\\/oncubanews.com\\\/en\\\/wp-content\\\/uploads\\\/2020\\\/01\\\/victor-gomez-almost-the-end-oil-monotype-33.5-x-22.5-inches-2019f-1.jpg\",\"width\":750,\"height\":507,\"caption\":\"V\u00edctor G\u00f3mez, \u201cAlmost the End,\u201d Oil Monotype, 33.5 X 22.5 inches, 2019. (Fragment).\"},{\"@type\":\"BreadcrumbList\",\"@id\":\"https:\\\/\\\/oncubanews.com\\\/en\\\/culture\\\/visual-arts\\\/victor-gomez-miami-has-become-a-metropolis-of-art\\\/#breadcrumb\",\"itemListElement\":[{\"@type\":\"ListItem\",\"position\":1,\"name\":\"Portada\",\"item\":\"https:\\\/\\\/oncubanews.com\\\/en\\\/\"},{\"@type\":\"ListItem\",\"position\":2,\"name\":\"V\u00edctor G\u00f3mez: \u201cMiami has become a metropolis of art\u201d\"}]},{\"@type\":\"WebSite\",\"@id\":\"https:\\\/\\\/oncubanews.com\\\/en\\\/#website\",\"url\":\"https:\\\/\\\/oncubanews.com\\\/en\\\/\",\"name\":\"OnCubaNews English\",\"description\":\"Revista sobre Cuba\",\"potentialAction\":[{\"@type\":\"SearchAction\",\"target\":{\"@type\":\"EntryPoint\",\"urlTemplate\":\"https:\\\/\\\/oncubanews.com\\\/en\\\/?s={search_term_string}\"},\"query-input\":{\"@type\":\"PropertyValueSpecification\",\"valueRequired\":true,\"valueName\":\"search_term_string\"}}],\"inLanguage\":\"en-US\"},{\"@type\":\"Person\",\"@id\":\"https:\\\/\\\/oncubanews.com\\\/en\\\/#\\\/schema\\\/person\\\/cb04d1f85ac3ee88a3878440dfda7c04\",\"name\":\"Alex Fleites\",\"image\":{\"@type\":\"ImageObject\",\"inLanguage\":\"en-US\",\"@id\":\"https:\\\/\\\/oncubanews.com\\\/wp-content\\\/uploads\\\/2023\\\/02\\\/alex-fleites-1-96x96.png5a0f0d5dc6c0ba86228d2ce99679b064\",\"url\":\"https:\\\/\\\/oncubanews.com\\\/wp-content\\\/uploads\\\/2023\\\/02\\\/alex-fleites-1-96x96.png\",\"contentUrl\":\"https:\\\/\\\/oncubanews.com\\\/wp-content\\\/uploads\\\/2023\\\/02\\\/alex-fleites-1-96x96.png\",\"caption\":\"Alex Fleites\"},\"description\":\"Poeta, curador de arte y editor afincado en La Habana.\",\"url\":\"https:\\\/\\\/oncubanews.com\\\/en\\\/author\\\/alexfleites1\\\/\"}]}<\/script>\n<!-- \/ Yoast SEO plugin. -->","yoast_head_json":{"title":"V\u00edctor G\u00f3mez: \u201cMiami has become a metropolis of art\u201d | OnCubaNews English","description":"He is the only Cuban artist who has focused his work exclusively on the monotype and one of the most important exponents of contemporary Cuban abstract.","robots":{"index":"index","follow":"follow","max-snippet":"max-snippet:-1","max-image-preview":"max-image-preview:large","max-video-preview":"max-video-preview:-1"},"canonical":"https:\/\/oncubanews.com\/en\/culture\/visual-arts\/victor-gomez-miami-has-become-a-metropolis-of-art\/","og_locale":"en_US","og_type":"article","og_title":"V\u00edctor G\u00f3mez: \u201cMiami has become a metropolis of art\u201d | OnCubaNews English","og_description":"He is the only Cuban artist who has focused his work exclusively on the monotype and one of the most important exponents of contemporary Cuban abstract.","og_url":"https:\/\/oncubanews.com\/en\/culture\/visual-arts\/victor-gomez-miami-has-become-a-metropolis-of-art\/","og_site_name":"OnCubaNews English","article_published_time":"2020-01-21T00:10:16+00:00","article_modified_time":"2020-01-21T00:50:40+00:00","og_image":[{"width":750,"height":507,"url":"https:\/\/oncubanews.com\/en\/wp-content\/uploads\/2020\/01\/victor-gomez-almost-the-end-oil-monotype-33.5-x-22.5-inches-2019f-1.jpg","type":"image\/jpeg"}],"author":"Alex Fleites, alexfleites","twitter_card":"summary_large_image","twitter_misc":{"Written by":"Alex Fleites","Est. reading time":"12 minutes"},"schema":{"@context":"https:\/\/schema.org","@graph":[{"@type":"Article","@id":"https:\/\/oncubanews.com\/en\/culture\/visual-arts\/victor-gomez-miami-has-become-a-metropolis-of-art\/#article","isPartOf":{"@id":"https:\/\/oncubanews.com\/en\/culture\/visual-arts\/victor-gomez-miami-has-become-a-metropolis-of-art\/"},"author":{"name":"Alex Fleites","@id":"https:\/\/oncubanews.com\/en\/#\/schema\/person\/cb04d1f85ac3ee88a3878440dfda7c04"},"headline":"V\u00edctor G\u00f3mez: \u201cMiami has become a metropolis of art\u201d","datePublished":"2020-01-21T00:10:16+00:00","dateModified":"2020-01-21T00:50:40+00:00","mainEntityOfPage":{"@id":"https:\/\/oncubanews.com\/en\/culture\/visual-arts\/victor-gomez-miami-has-become-a-metropolis-of-art\/"},"wordCount":2383,"commentCount":0,"image":{"@id":"https:\/\/oncubanews.com\/en\/culture\/visual-arts\/victor-gomez-miami-has-become-a-metropolis-of-art\/#primaryimage"},"thumbnailUrl":"https:\/\/oncubanews.com\/en\/wp-content\/uploads\/2020\/01\/victor-gomez-almost-the-end-oil-monotype-33.5-x-22.5-inches-2019f-1.jpg","keywords":["Cuban Artists","Victor G\u00f3mez"],"articleSection":["Visual arts"],"inLanguage":"en-US","potentialAction":[{"@type":"CommentAction","name":"Comment","target":["https:\/\/oncubanews.com\/en\/culture\/visual-arts\/victor-gomez-miami-has-become-a-metropolis-of-art\/#respond"]}],"copyrightYear":"2020","copyrightHolder":{"@id":"https:\/\/oncubanews.com\/en\/#organization"}},{"@type":"WebPage","@id":"https:\/\/oncubanews.com\/en\/culture\/visual-arts\/victor-gomez-miami-has-become-a-metropolis-of-art\/","url":"https:\/\/oncubanews.com\/en\/culture\/visual-arts\/victor-gomez-miami-has-become-a-metropolis-of-art\/","name":"V\u00edctor G\u00f3mez: \u201cMiami has become a metropolis of art\u201d | OnCubaNews English","isPartOf":{"@id":"https:\/\/oncubanews.com\/en\/#website"},"primaryImageOfPage":{"@id":"https:\/\/oncubanews.com\/en\/culture\/visual-arts\/victor-gomez-miami-has-become-a-metropolis-of-art\/#primaryimage"},"image":{"@id":"https:\/\/oncubanews.com\/en\/culture\/visual-arts\/victor-gomez-miami-has-become-a-metropolis-of-art\/#primaryimage"},"thumbnailUrl":"https:\/\/oncubanews.com\/en\/wp-content\/uploads\/2020\/01\/victor-gomez-almost-the-end-oil-monotype-33.5-x-22.5-inches-2019f-1.jpg","datePublished":"2020-01-21T00:10:16+00:00","dateModified":"2020-01-21T00:50:40+00:00","author":{"@id":"https:\/\/oncubanews.com\/en\/#\/schema\/person\/cb04d1f85ac3ee88a3878440dfda7c04"},"description":"He is the only Cuban artist who has focused his work exclusively on the monotype and one of the most important exponents of contemporary Cuban abstract.","breadcrumb":{"@id":"https:\/\/oncubanews.com\/en\/culture\/visual-arts\/victor-gomez-miami-has-become-a-metropolis-of-art\/#breadcrumb"},"inLanguage":"en-US","potentialAction":[{"@type":"ReadAction","target":["https:\/\/oncubanews.com\/en\/culture\/visual-arts\/victor-gomez-miami-has-become-a-metropolis-of-art\/"]}]},{"@type":"ImageObject","inLanguage":"en-US","@id":"https:\/\/oncubanews.com\/en\/culture\/visual-arts\/victor-gomez-miami-has-become-a-metropolis-of-art\/#primaryimage","url":"https:\/\/oncubanews.com\/en\/wp-content\/uploads\/2020\/01\/victor-gomez-almost-the-end-oil-monotype-33.5-x-22.5-inches-2019f-1.jpg","contentUrl":"https:\/\/oncubanews.com\/en\/wp-content\/uploads\/2020\/01\/victor-gomez-almost-the-end-oil-monotype-33.5-x-22.5-inches-2019f-1.jpg","width":750,"height":507,"caption":"V\u00edctor G\u00f3mez, \u201cAlmost the End,\u201d Oil Monotype, 33.5 X 22.5 inches, 2019. (Fragment)."},{"@type":"BreadcrumbList","@id":"https:\/\/oncubanews.com\/en\/culture\/visual-arts\/victor-gomez-miami-has-become-a-metropolis-of-art\/#breadcrumb","itemListElement":[{"@type":"ListItem","position":1,"name":"Portada","item":"https:\/\/oncubanews.com\/en\/"},{"@type":"ListItem","position":2,"name":"V\u00edctor G\u00f3mez: \u201cMiami has become a metropolis of art\u201d"}]},{"@type":"WebSite","@id":"https:\/\/oncubanews.com\/en\/#website","url":"https:\/\/oncubanews.com\/en\/","name":"OnCubaNews English","description":"Revista sobre Cuba","potentialAction":[{"@type":"SearchAction","target":{"@type":"EntryPoint","urlTemplate":"https:\/\/oncubanews.com\/en\/?s={search_term_string}"},"query-input":{"@type":"PropertyValueSpecification","valueRequired":true,"valueName":"search_term_string"}}],"inLanguage":"en-US"},{"@type":"Person","@id":"https:\/\/oncubanews.com\/en\/#\/schema\/person\/cb04d1f85ac3ee88a3878440dfda7c04","name":"Alex Fleites","image":{"@type":"ImageObject","inLanguage":"en-US","@id":"https:\/\/oncubanews.com\/wp-content\/uploads\/2023\/02\/alex-fleites-1-96x96.png5a0f0d5dc6c0ba86228d2ce99679b064","url":"https:\/\/oncubanews.com\/wp-content\/uploads\/2023\/02\/alex-fleites-1-96x96.png","contentUrl":"https:\/\/oncubanews.com\/wp-content\/uploads\/2023\/02\/alex-fleites-1-96x96.png","caption":"Alex Fleites"},"description":"Poeta, curador de arte y editor afincado en La Habana.","url":"https:\/\/oncubanews.com\/en\/author\/alexfleites1\/"}]}},"authors":[{"term_id":34037,"user_id":3770,"is_guest":0,"slug":"alexfleites1","display_name":"Alex Fleites","avatar_url":"https:\/\/oncubanews.com\/wp-content\/uploads\/2023\/02\/alex-fleites-1-96x96.png","0":null,"1":"","2":"","3":"","4":"","5":"","6":"","7":"","8":""},{"term_id":24282,"user_id":0,"is_guest":1,"slug":"cap-alexfleites1","display_name":"alexfleites","avatar_url":"https:\/\/secure.gravatar.com\/avatar\/?s=96&r=g","0":null,"1":"","2":"","3":"","4":"","5":"","6":"","7":"","8":""}],"_links":{"self":[{"href":"https:\/\/oncubanews.com\/en\/wp-json\/wp\/v2\/posts\/212562","targetHints":{"allow":["GET"]}}],"collection":[{"href":"https:\/\/oncubanews.com\/en\/wp-json\/wp\/v2\/posts"}],"about":[{"href":"https:\/\/oncubanews.com\/en\/wp-json\/wp\/v2\/types\/post"}],"author":[{"embeddable":true,"href":"https:\/\/oncubanews.com\/en\/wp-json\/wp\/v2\/users\/3770"}],"replies":[{"embeddable":true,"href":"https:\/\/oncubanews.com\/en\/wp-json\/wp\/v2\/comments?post=212562"}],"version-history":[{"count":0,"href":"https:\/\/oncubanews.com\/en\/wp-json\/wp\/v2\/posts\/212562\/revisions"}],"wp:featuredmedia":[{"embeddable":true,"href":"https:\/\/oncubanews.com\/en\/wp-json\/wp\/v2\/media\/212566"}],"wp:attachment":[{"href":"https:\/\/oncubanews.com\/en\/wp-json\/wp\/v2\/media?parent=212562"}],"wp:term":[{"taxonomy":"category","embeddable":true,"href":"https:\/\/oncubanews.com\/en\/wp-json\/wp\/v2\/categories?post=212562"},{"taxonomy":"post_tag","embeddable":true,"href":"https:\/\/oncubanews.com\/en\/wp-json\/wp\/v2\/tags?post=212562"},{"taxonomy":"author","embeddable":true,"href":"https:\/\/oncubanews.com\/en\/wp-json\/wp\/v2\/ppma_author?post=212562"}],"curies":[{"name":"wp","href":"https:\/\/api.w.org\/{rel}","templated":true}]}}