
{"id":212991,"date":"2020-01-28T20:27:51","date_gmt":"2020-01-29T01:27:51","guid":{"rendered":"https:\/\/oncubanews.com\/en\/?p=212991"},"modified":"2020-01-28T20:27:51","modified_gmt":"2020-01-29T01:27:51","slug":"the-apostles-blood","status":"publish","type":"post","link":"https:\/\/oncubanews.com\/en\/opinion\/columns\/vox-populi\/the-apostles-blood\/","title":{"rendered":"The apostle\u2019s blood"},"content":{"rendered":"<p><span style=\"font-weight: 400;\">Marti&#8217;s life and death are a mystery to Cubans. A man of the second half of the 19th century rules our lives with his thunderous tenderness, and in the 21st century he dares to teach us how to educate our children or how to be faithful to the homeland.<\/span><\/p>\n<p><span style=\"font-weight: 400;\">The distance between him and us is greater than a century and a half. His exemplarity is impossible in an era in which sacrifice is not withstood for more than two hours. We are not in a time to write by hand, to compose letters, to have known the shackles in our own flesh, to travel in ships across the Atlantic Ocean, to receive scented gift pads, to fight on horseback, and to give our lives for the independence of our country.<\/span><\/p>\n<p><span style=\"font-weight: 400;\">Mart\u00ed guides us to a world unknown to him, his values \u200b\u200bof altruism and dignity are not fashionable, his life devoted to duty clashes head-on against a world focused on the full enjoyment of the senses.<\/span><\/p>\n<p><span style=\"font-weight: 400;\">But Mart\u00ed loved beauty and his poetry is a deep imprint of love for Cuba and people, as well as proof of his devotion to all humanity. The sweet beauty of the 19th century, however, does not serve to encourage the rapid aspirations of today&#8217;s youth.<\/span><\/p>\n<p><span style=\"font-weight: 400;\">Jos\u00e9 Mart\u00ed must be translated, as Julio Antonio Mella, another incomparable short life, tried to do. He must be adapted to the needs of the times, so that the new pines approach him as a possibility and not as an unrepeatable relic.<\/span><\/p>\n<p><span style=\"font-weight: 400;\">Marti&#8217;s example of dignity is universal. A cultured and respected man who decides to risk his life, an essential life for the freedom of Cuba, for the simple fact that it was not fair or honest or decent, to ask that Cubans go to battle, from the secrecy of a party of war.<\/span><\/p>\n<p><span style=\"font-weight: 400;\">The virtue that overcomes utility has appeared sporadically in the moments that have become crucial in Cuba\u2019s history: Hatuey before his executioners, Carlos Manuel in San Lorenzo, Maceo in Baragu\u00e1, Mart\u00ed in Dos R\u00edos, Abel and his companions before their torturers, Lidia and Clodomira martyred&#8230;.<\/span><\/p>\n<p><span style=\"font-weight: 400;\">But an insane wind that has called for comfort, betrayal, opportunism, cowardice and indignity has always blown against that light. It has been here and not in another land where it has been asked that medical students be killed over nothing in 1871, where Mart\u00ed has been finished off, where thousands of black men and women have been slaughtered in 1912, where the young men of Humboldt 7 were betrayed; and all the torturers of the dungeons of Machado and Batista were Cuban.<\/span><\/p>\n<p><span style=\"font-weight: 400;\">We are not a better people than any other. The nationalist howls dressed in hate when necessary, so the opportunists and ambitious can be well placed, scare the soul.<\/span><\/p>\n<p><span style=\"font-weight: 400;\">That is why those who take advantage of the fissures to sow our land with insurmountable craters are so despicable. Cuba must be, to save itself, a land of peace and forgiveness, of bridges and not walls, of love and not of hate, of reconciliation and justice.<\/span><\/p>\n<p><span style=\"font-weight: 400;\">It is a crime against the country to use Mart\u00ed to justify distrust in the people, censorship, repression of different ideas, and distrust in political pluralism. Mart\u00ed was a Democrat who believed in a just society, with equality, with equity, in a Republic without segregation and with a robust democracy.<\/span><\/p>\n<p><span style=\"font-weight: 400;\">It is also unworthy and sad to stain Mart\u00ed, abandon him after putting him on guard in every corner of Cuba, in every park, in every square. Mart\u00ed is exhausted from so much vigil, and now he must pay for our mistakes and for the hatred of those who do not know or feel like him.<\/span><\/p>\n<p><span style=\"font-weight: 400;\">The apostle did not die in 1953, he did not die a little with each young man killed that year. Mart\u00ed does not die when we are good, brave and believe in justice and the usefulness of love without further ado.<\/span><\/p>\n<p><span style=\"font-weight: 400;\">Mart\u00ed dies, the apostle\u2019s blood is shed every time someone forgets that the people of Cuba must live happily, dignified and joyful, that they deserve peace and development, that democracy is also possible on this earth, that the Republic is a debt to his memory.<\/span><\/p>\n<p><span style=\"font-weight: 400;\">There are Mart\u00ed busts more deeply offended than those that were bloodied. There are Mart\u00ed busts that are put in places to follow an indication, to fill a form without content. In order for Mart\u00ed to be more than a symbol, for him to be a reference, we have to found a society where solidarity, humility, honesty and beauty are worthwhile.<\/span><\/p>\n<p><span style=\"font-weight: 400;\">Mart\u00ed is not Gonzalo de Casta\u00f1\u00f3n, nor are those who soiled his bust innocent students, but it is appropriate to remember that hatred is not a game, nor are fiery environments good for harmony and peace. I have never seen the press refer, with photos and signs, with articles, morning school meetings and alarm, to rapists, embezzlers, thieves, drug traffickers, murderers, and all these are more serious crimes than damaging a bust of a national hero.<\/span><\/p>\n<p><span style=\"font-weight: 400;\">Democracy is not a crowd asking for justice, the weight of the law is only what the law indicates before the crime or offense occurred. Mart\u00ed must be protected by us, in soul and stone, with our humanism and with our prudence, with firmness, dignity and love for Cuba and all Cubans.<\/span><\/p>\n","protected":false},"excerpt":{"rendered":"<p>Marti&#8217;s life and death are a mystery to Cubans. A man of the second half of the 19th century rules our lives with his thunderous tenderness, and in the 21st century he dares to teach us how to educate our children or how to be faithful to the homeland. The distance between him and us [&hellip;]<\/p>\n","protected":false},"author":280,"featured_media":212992,"comment_status":"open","ping_status":"closed","sticky":false,"template":"","format":"standard","meta":{"_acf_changed":false,"footnotes":""},"categories":[22887],"tags":[72,959],"ppma_author":[33578,7023],"class_list":["post-212991","post","type-post","status-publish","format-standard","has-post-thumbnail","hentry","category-vox-populi","tag-cuba-en","tag-jose-marti-en"],"acf":[],"yoast_head":"<!-- This site is optimized with the Yoast SEO plugin v27.3 - https:\/\/yoast.com\/product\/yoast-seo-wordpress\/ -->\n<title>The apostle\u2019s blood | OnCubaNews English<\/title>\n<meta name=\"description\" content=\"Cuba must be, to save itself, a land of peace and forgiveness, of bridges and not walls, of love and not of hate, of reconciliation and justice.\" \/>\n<meta name=\"robots\" content=\"index, follow, max-snippet:-1, max-image-preview:large, max-video-preview:-1\" \/>\n<link rel=\"canonical\" href=\"https:\/\/oncubanews.com\/en\/opinion\/columns\/vox-populi\/the-apostles-blood\/\" \/>\n<meta property=\"og:locale\" content=\"en_US\" \/>\n<meta property=\"og:type\" content=\"article\" \/>\n<meta property=\"og:title\" content=\"The apostle\u2019s blood | OnCubaNews English\" \/>\n<meta property=\"og:description\" content=\"Cuba must be, to save itself, a land of peace and forgiveness, of bridges and not walls, of love and not of hate, of reconciliation and justice.\" \/>\n<meta property=\"og:url\" content=\"https:\/\/oncubanews.com\/en\/opinion\/columns\/vox-populi\/the-apostles-blood\/\" \/>\n<meta property=\"og:site_name\" content=\"OnCubaNews English\" \/>\n<meta property=\"article:published_time\" content=\"2020-01-29T01:27:51+00:00\" \/>\n<meta property=\"og:image\" content=\"https:\/\/oncubanews.com\/en\/wp-content\/uploads\/2020\/01\/marti-ni\u00f1o-cubano-1.jpg\" \/>\n\t<meta property=\"og:image:width\" content=\"750\" \/>\n\t<meta property=\"og:image:height\" content=\"500\" \/>\n\t<meta property=\"og:image:type\" content=\"image\/jpeg\" \/>\n<meta name=\"author\" content=\"Julio Antonio Fern\u00e1ndez Estrada, julio\" \/>\n<meta name=\"twitter:card\" content=\"summary_large_image\" \/>\n<meta name=\"twitter:label1\" content=\"Written by\" \/>\n\t<meta name=\"twitter:data1\" content=\"Julio Antonio Fern\u00e1ndez Estrada\" \/>\n\t<meta name=\"twitter:label2\" content=\"Est. reading time\" \/>\n\t<meta name=\"twitter:data2\" content=\"4 minutes\" \/>\n<script type=\"application\/ld+json\" class=\"yoast-schema-graph\">{\"@context\":\"https:\\\/\\\/schema.org\",\"@graph\":[{\"@type\":\"Article\",\"@id\":\"https:\\\/\\\/oncubanews.com\\\/en\\\/opinion\\\/columns\\\/vox-populi\\\/the-apostles-blood\\\/#article\",\"isPartOf\":{\"@id\":\"https:\\\/\\\/oncubanews.com\\\/en\\\/opinion\\\/columns\\\/vox-populi\\\/the-apostles-blood\\\/\"},\"author\":{\"name\":\"Julio Antonio Fern\u00e1ndez Estrada\",\"@id\":\"https:\\\/\\\/oncubanews.com\\\/en\\\/#\\\/schema\\\/person\\\/eb002dbf30a50ac8b933b452224902d7\"},\"headline\":\"The apostle\u2019s blood\",\"datePublished\":\"2020-01-29T01:27:51+00:00\",\"mainEntityOfPage\":{\"@id\":\"https:\\\/\\\/oncubanews.com\\\/en\\\/opinion\\\/columns\\\/vox-populi\\\/the-apostles-blood\\\/\"},\"wordCount\":897,\"commentCount\":0,\"image\":{\"@id\":\"https:\\\/\\\/oncubanews.com\\\/en\\\/opinion\\\/columns\\\/vox-populi\\\/the-apostles-blood\\\/#primaryimage\"},\"thumbnailUrl\":\"https:\\\/\\\/oncubanews.com\\\/en\\\/wp-content\\\/uploads\\\/2020\\\/01\\\/marti-ni\u00f1o-cubano-1.jpg\",\"keywords\":[\"cuba\",\"Jos\u00e9 Mart\u00ed\"],\"articleSection\":[\"Vox Populi\"],\"inLanguage\":\"en-US\",\"potentialAction\":[{\"@type\":\"CommentAction\",\"name\":\"Comment\",\"target\":[\"https:\\\/\\\/oncubanews.com\\\/en\\\/opinion\\\/columns\\\/vox-populi\\\/the-apostles-blood\\\/#respond\"]}],\"copyrightYear\":\"2020\",\"copyrightHolder\":{\"@id\":\"https:\\\/\\\/oncubanews.com\\\/en\\\/#organization\"}},{\"@type\":\"WebPage\",\"@id\":\"https:\\\/\\\/oncubanews.com\\\/en\\\/opinion\\\/columns\\\/vox-populi\\\/the-apostles-blood\\\/\",\"url\":\"https:\\\/\\\/oncubanews.com\\\/en\\\/opinion\\\/columns\\\/vox-populi\\\/the-apostles-blood\\\/\",\"name\":\"The apostle\u2019s blood | OnCubaNews English\",\"isPartOf\":{\"@id\":\"https:\\\/\\\/oncubanews.com\\\/en\\\/#website\"},\"primaryImageOfPage\":{\"@id\":\"https:\\\/\\\/oncubanews.com\\\/en\\\/opinion\\\/columns\\\/vox-populi\\\/the-apostles-blood\\\/#primaryimage\"},\"image\":{\"@id\":\"https:\\\/\\\/oncubanews.com\\\/en\\\/opinion\\\/columns\\\/vox-populi\\\/the-apostles-blood\\\/#primaryimage\"},\"thumbnailUrl\":\"https:\\\/\\\/oncubanews.com\\\/en\\\/wp-content\\\/uploads\\\/2020\\\/01\\\/marti-ni\u00f1o-cubano-1.jpg\",\"datePublished\":\"2020-01-29T01:27:51+00:00\",\"author\":{\"@id\":\"https:\\\/\\\/oncubanews.com\\\/en\\\/#\\\/schema\\\/person\\\/eb002dbf30a50ac8b933b452224902d7\"},\"description\":\"Cuba must be, to save itself, a land of peace and forgiveness, of bridges and not walls, of love and not of hate, of reconciliation and justice.\",\"breadcrumb\":{\"@id\":\"https:\\\/\\\/oncubanews.com\\\/en\\\/opinion\\\/columns\\\/vox-populi\\\/the-apostles-blood\\\/#breadcrumb\"},\"inLanguage\":\"en-US\",\"potentialAction\":[{\"@type\":\"ReadAction\",\"target\":[\"https:\\\/\\\/oncubanews.com\\\/en\\\/opinion\\\/columns\\\/vox-populi\\\/the-apostles-blood\\\/\"]}]},{\"@type\":\"ImageObject\",\"inLanguage\":\"en-US\",\"@id\":\"https:\\\/\\\/oncubanews.com\\\/en\\\/opinion\\\/columns\\\/vox-populi\\\/the-apostles-blood\\\/#primaryimage\",\"url\":\"https:\\\/\\\/oncubanews.com\\\/en\\\/wp-content\\\/uploads\\\/2020\\\/01\\\/marti-ni\u00f1o-cubano-1.jpg\",\"contentUrl\":\"https:\\\/\\\/oncubanews.com\\\/en\\\/wp-content\\\/uploads\\\/2020\\\/01\\\/marti-ni\u00f1o-cubano-1.jpg\",\"width\":750,\"height\":500,\"caption\":\"Photo: Alejandro Ernesto.\"},{\"@type\":\"BreadcrumbList\",\"@id\":\"https:\\\/\\\/oncubanews.com\\\/en\\\/opinion\\\/columns\\\/vox-populi\\\/the-apostles-blood\\\/#breadcrumb\",\"itemListElement\":[{\"@type\":\"ListItem\",\"position\":1,\"name\":\"Portada\",\"item\":\"https:\\\/\\\/oncubanews.com\\\/en\\\/\"},{\"@type\":\"ListItem\",\"position\":2,\"name\":\"The apostle\u2019s blood\"}]},{\"@type\":\"WebSite\",\"@id\":\"https:\\\/\\\/oncubanews.com\\\/en\\\/#website\",\"url\":\"https:\\\/\\\/oncubanews.com\\\/en\\\/\",\"name\":\"OnCubaNews English\",\"description\":\"Revista sobre Cuba\",\"potentialAction\":[{\"@type\":\"SearchAction\",\"target\":{\"@type\":\"EntryPoint\",\"urlTemplate\":\"https:\\\/\\\/oncubanews.com\\\/en\\\/?s={search_term_string}\"},\"query-input\":{\"@type\":\"PropertyValueSpecification\",\"valueRequired\":true,\"valueName\":\"search_term_string\"}}],\"inLanguage\":\"en-US\"},{\"@type\":\"Person\",\"@id\":\"https:\\\/\\\/oncubanews.com\\\/en\\\/#\\\/schema\\\/person\\\/eb002dbf30a50ac8b933b452224902d7\",\"name\":\"Julio Antonio Fern\u00e1ndez Estrada\",\"image\":{\"@type\":\"ImageObject\",\"inLanguage\":\"en-US\",\"@id\":\"https:\\\/\\\/oncubanews.com\\\/wp-content\\\/uploads\\\/2016\\\/04\\\/Julio-Antonio-Fern\u00e1ndez-Estrada_avatar_1460772569-96x96.jpg602c3842f086c2393879a445bdc5aa2f\",\"url\":\"https:\\\/\\\/oncubanews.com\\\/wp-content\\\/uploads\\\/2016\\\/04\\\/Julio-Antonio-Fern\u00e1ndez-Estrada_avatar_1460772569-96x96.jpg\",\"contentUrl\":\"https:\\\/\\\/oncubanews.com\\\/wp-content\\\/uploads\\\/2016\\\/04\\\/Julio-Antonio-Fern\u00e1ndez-Estrada_avatar_1460772569-96x96.jpg\",\"caption\":\"Julio Antonio Fern\u00e1ndez Estrada\"},\"url\":\"https:\\\/\\\/oncubanews.com\\\/en\\\/author\\\/julio\\\/\"}]}<\/script>\n<!-- \/ Yoast SEO plugin. -->","yoast_head_json":{"title":"The apostle\u2019s blood | OnCubaNews English","description":"Cuba must be, to save itself, a land of peace and forgiveness, of bridges and not walls, of love and not of hate, of reconciliation and justice.","robots":{"index":"index","follow":"follow","max-snippet":"max-snippet:-1","max-image-preview":"max-image-preview:large","max-video-preview":"max-video-preview:-1"},"canonical":"https:\/\/oncubanews.com\/en\/opinion\/columns\/vox-populi\/the-apostles-blood\/","og_locale":"en_US","og_type":"article","og_title":"The apostle\u2019s blood | OnCubaNews English","og_description":"Cuba must be, to save itself, a land of peace and forgiveness, of bridges and not walls, of love and not of hate, of reconciliation and justice.","og_url":"https:\/\/oncubanews.com\/en\/opinion\/columns\/vox-populi\/the-apostles-blood\/","og_site_name":"OnCubaNews English","article_published_time":"2020-01-29T01:27:51+00:00","og_image":[{"width":750,"height":500,"url":"https:\/\/oncubanews.com\/en\/wp-content\/uploads\/2020\/01\/marti-ni\u00f1o-cubano-1.jpg","type":"image\/jpeg"}],"author":"Julio Antonio Fern\u00e1ndez Estrada, julio","twitter_card":"summary_large_image","twitter_misc":{"Written by":"Julio Antonio Fern\u00e1ndez Estrada","Est. reading time":"4 minutes"},"schema":{"@context":"https:\/\/schema.org","@graph":[{"@type":"Article","@id":"https:\/\/oncubanews.com\/en\/opinion\/columns\/vox-populi\/the-apostles-blood\/#article","isPartOf":{"@id":"https:\/\/oncubanews.com\/en\/opinion\/columns\/vox-populi\/the-apostles-blood\/"},"author":{"name":"Julio Antonio Fern\u00e1ndez Estrada","@id":"https:\/\/oncubanews.com\/en\/#\/schema\/person\/eb002dbf30a50ac8b933b452224902d7"},"headline":"The apostle\u2019s blood","datePublished":"2020-01-29T01:27:51+00:00","mainEntityOfPage":{"@id":"https:\/\/oncubanews.com\/en\/opinion\/columns\/vox-populi\/the-apostles-blood\/"},"wordCount":897,"commentCount":0,"image":{"@id":"https:\/\/oncubanews.com\/en\/opinion\/columns\/vox-populi\/the-apostles-blood\/#primaryimage"},"thumbnailUrl":"https:\/\/oncubanews.com\/en\/wp-content\/uploads\/2020\/01\/marti-ni\u00f1o-cubano-1.jpg","keywords":["cuba","Jos\u00e9 Mart\u00ed"],"articleSection":["Vox Populi"],"inLanguage":"en-US","potentialAction":[{"@type":"CommentAction","name":"Comment","target":["https:\/\/oncubanews.com\/en\/opinion\/columns\/vox-populi\/the-apostles-blood\/#respond"]}],"copyrightYear":"2020","copyrightHolder":{"@id":"https:\/\/oncubanews.com\/en\/#organization"}},{"@type":"WebPage","@id":"https:\/\/oncubanews.com\/en\/opinion\/columns\/vox-populi\/the-apostles-blood\/","url":"https:\/\/oncubanews.com\/en\/opinion\/columns\/vox-populi\/the-apostles-blood\/","name":"The apostle\u2019s blood | OnCubaNews English","isPartOf":{"@id":"https:\/\/oncubanews.com\/en\/#website"},"primaryImageOfPage":{"@id":"https:\/\/oncubanews.com\/en\/opinion\/columns\/vox-populi\/the-apostles-blood\/#primaryimage"},"image":{"@id":"https:\/\/oncubanews.com\/en\/opinion\/columns\/vox-populi\/the-apostles-blood\/#primaryimage"},"thumbnailUrl":"https:\/\/oncubanews.com\/en\/wp-content\/uploads\/2020\/01\/marti-ni\u00f1o-cubano-1.jpg","datePublished":"2020-01-29T01:27:51+00:00","author":{"@id":"https:\/\/oncubanews.com\/en\/#\/schema\/person\/eb002dbf30a50ac8b933b452224902d7"},"description":"Cuba must be, to save itself, a land of peace and forgiveness, of bridges and not walls, of love and not of hate, of reconciliation and justice.","breadcrumb":{"@id":"https:\/\/oncubanews.com\/en\/opinion\/columns\/vox-populi\/the-apostles-blood\/#breadcrumb"},"inLanguage":"en-US","potentialAction":[{"@type":"ReadAction","target":["https:\/\/oncubanews.com\/en\/opinion\/columns\/vox-populi\/the-apostles-blood\/"]}]},{"@type":"ImageObject","inLanguage":"en-US","@id":"https:\/\/oncubanews.com\/en\/opinion\/columns\/vox-populi\/the-apostles-blood\/#primaryimage","url":"https:\/\/oncubanews.com\/en\/wp-content\/uploads\/2020\/01\/marti-ni\u00f1o-cubano-1.jpg","contentUrl":"https:\/\/oncubanews.com\/en\/wp-content\/uploads\/2020\/01\/marti-ni\u00f1o-cubano-1.jpg","width":750,"height":500,"caption":"Photo: Alejandro Ernesto."},{"@type":"BreadcrumbList","@id":"https:\/\/oncubanews.com\/en\/opinion\/columns\/vox-populi\/the-apostles-blood\/#breadcrumb","itemListElement":[{"@type":"ListItem","position":1,"name":"Portada","item":"https:\/\/oncubanews.com\/en\/"},{"@type":"ListItem","position":2,"name":"The apostle\u2019s blood"}]},{"@type":"WebSite","@id":"https:\/\/oncubanews.com\/en\/#website","url":"https:\/\/oncubanews.com\/en\/","name":"OnCubaNews English","description":"Revista sobre Cuba","potentialAction":[{"@type":"SearchAction","target":{"@type":"EntryPoint","urlTemplate":"https:\/\/oncubanews.com\/en\/?s={search_term_string}"},"query-input":{"@type":"PropertyValueSpecification","valueRequired":true,"valueName":"search_term_string"}}],"inLanguage":"en-US"},{"@type":"Person","@id":"https:\/\/oncubanews.com\/en\/#\/schema\/person\/eb002dbf30a50ac8b933b452224902d7","name":"Julio Antonio Fern\u00e1ndez Estrada","image":{"@type":"ImageObject","inLanguage":"en-US","@id":"https:\/\/oncubanews.com\/wp-content\/uploads\/2016\/04\/Julio-Antonio-Fern\u00e1ndez-Estrada_avatar_1460772569-96x96.jpg602c3842f086c2393879a445bdc5aa2f","url":"https:\/\/oncubanews.com\/wp-content\/uploads\/2016\/04\/Julio-Antonio-Fern\u00e1ndez-Estrada_avatar_1460772569-96x96.jpg","contentUrl":"https:\/\/oncubanews.com\/wp-content\/uploads\/2016\/04\/Julio-Antonio-Fern\u00e1ndez-Estrada_avatar_1460772569-96x96.jpg","caption":"Julio Antonio Fern\u00e1ndez Estrada"},"url":"https:\/\/oncubanews.com\/en\/author\/julio\/"}]}},"authors":[{"term_id":33578,"user_id":280,"is_guest":0,"slug":"julio","display_name":"Julio Antonio Fern\u00e1ndez Estrada","avatar_url":"https:\/\/oncubanews.com\/wp-content\/uploads\/2016\/04\/Julio-Antonio-Fern\u00e1ndez-Estrada_avatar_1460772569-96x96.jpg","0":null,"1":"","2":"","3":"","4":"","5":"","6":"","7":"","8":""},{"term_id":7023,"user_id":0,"is_guest":1,"slug":"cap-julio","display_name":"julio","avatar_url":"https:\/\/secure.gravatar.com\/avatar\/?s=96&r=g","0":null,"1":"","2":"","3":"","4":"","5":"","6":"","7":"","8":""}],"_links":{"self":[{"href":"https:\/\/oncubanews.com\/en\/wp-json\/wp\/v2\/posts\/212991","targetHints":{"allow":["GET"]}}],"collection":[{"href":"https:\/\/oncubanews.com\/en\/wp-json\/wp\/v2\/posts"}],"about":[{"href":"https:\/\/oncubanews.com\/en\/wp-json\/wp\/v2\/types\/post"}],"author":[{"embeddable":true,"href":"https:\/\/oncubanews.com\/en\/wp-json\/wp\/v2\/users\/280"}],"replies":[{"embeddable":true,"href":"https:\/\/oncubanews.com\/en\/wp-json\/wp\/v2\/comments?post=212991"}],"version-history":[{"count":0,"href":"https:\/\/oncubanews.com\/en\/wp-json\/wp\/v2\/posts\/212991\/revisions"}],"wp:featuredmedia":[{"embeddable":true,"href":"https:\/\/oncubanews.com\/en\/wp-json\/wp\/v2\/media\/212992"}],"wp:attachment":[{"href":"https:\/\/oncubanews.com\/en\/wp-json\/wp\/v2\/media?parent=212991"}],"wp:term":[{"taxonomy":"category","embeddable":true,"href":"https:\/\/oncubanews.com\/en\/wp-json\/wp\/v2\/categories?post=212991"},{"taxonomy":"post_tag","embeddable":true,"href":"https:\/\/oncubanews.com\/en\/wp-json\/wp\/v2\/tags?post=212991"},{"taxonomy":"author","embeddable":true,"href":"https:\/\/oncubanews.com\/en\/wp-json\/wp\/v2\/ppma_author?post=212991"}],"curies":[{"name":"wp","href":"https:\/\/api.w.org\/{rel}","templated":true}]}}