
{"id":213265,"date":"2020-02-05T12:52:03","date_gmt":"2020-02-05T17:52:03","guid":{"rendered":"https:\/\/oncubanews.com\/en\/?p=213265"},"modified":"2020-02-05T12:58:30","modified_gmt":"2020-02-05T17:58:30","slug":"andy-vazquez-facundo-confirms-that-he-wont-return-to-cuba-and-gives-details-of-his-departure-from-the-tv-humor-program-vivir-del-cuento","status":"publish","type":"post","link":"https:\/\/oncubanews.com\/en\/cuba-usa\/andy-vazquez-facundo-confirms-that-he-wont-return-to-cuba-and-gives-details-of-his-departure-from-the-tv-humor-program-vivir-del-cuento\/","title":{"rendered":"Andy V\u00e1zquez, \u201cFacundo,\u201d confirms that he won\u2019t return to Cuba and gives details of his departure from the TV humor program \u201cVivir del Cuento\u201d"},"content":{"rendered":"<p><span style=\"font-weight: 400;\">Cuban humorist Andy V\u00e1zquez, who gave life to the <\/span><a href=\"https:\/\/oncubanews.com\/cultura\/humor\/andy-vasquez-en-cada-barrio-de-cuba-hay-un-facundo\/\" target=\"_blank\" rel=\"noopener noreferrer\"><span style=\"font-weight: 400;\">character of Facundo Correcto<\/span><\/a><span style=\"font-weight: 400;\"> in \u201cVivir del Cuento\u201d until his controversial suspension from the island\u2019s popular television program, confirmed that he does not plan to return to Cuba from the United States, where he is on a visit since before end of the year.<\/span><\/p>\n<p><span style=\"font-weight: 400;\">\u201cI&#8217;m really still a little nervous, but I definitely won&#8217;t return to Cuba,\u201d V\u00e1zquez said on a Florida television program, where he began working alongside a team of comedians led by Cuban Jos\u00e9 P\u00e9rez C\u00f3rdoba, known as Carlucho<\/span><\/p>\n<p><span style=\"font-weight: 400;\">\u201cMy relationship with Cuba, like that of all Cubans scattered throughout the world, is going to be eternal,\u201d added the comedian in statements cited by the <\/span><a href=\"https:\/\/www.elnuevoherald.com\/noticias\/mundo\/america-latina\/cuba-es\/article239937983.html\" target=\"_blank\" rel=\"noopener noreferrer\"><i><span style=\"font-weight: 400;\">Nuevo Herald<\/span><\/i><\/a><span style=\"font-weight: 400;\">, and he said he didn\u2019t intend to return while the island\u2019s current government remains in power.<\/span><\/p>\n<p><span style=\"font-weight: 400;\">V\u00e1zquez, who has a son in Miami, but whose wife and three-month-old baby girl are in Cuba, had assured weeks ago that he had not \u201cstayed\u201d in the United States and that he planned to return to the island. Then he had asked the media and Internet users who spread the news, for caution, at a time when there was a heated controversy on the social networks about his departure from \u201cVivir del Cuento.\u201d<\/span><\/p>\n<p><span style=\"font-weight: 400;\">\u201cI haven&#8217;t talked to anyone, I&#8217;m in the United States, I came to visit my son, and now I&#8217;m buying a few spare parts for the car. See you soon there,\u201d said a video posted on Facebook to \u201cclarify some comments on the networks saying I had stayed.\u201d<\/span><\/p>\n<p><span style=\"font-weight: 400;\">However, finally the well-known actor confirmed his intention to stay in Miami, something that was an open secret for many, more so since his <\/span><a href=\"https:\/\/www.elnuevoherald.com\/entretenimiento\/article239687303.html\" target=\"_blank\" rel=\"noopener noreferrer\"><span style=\"font-weight: 400;\">new job was reported<\/span><\/a><span style=\"font-weight: 400;\"> on the Mega TV channel with Carlucho.<\/span><\/p>\n<p><span style=\"font-weight: 400;\">What sparked his decision seems to have been precisely what happened with Facundo in \u201cVivir del Cuento,\u201d that he had been taken out of the program because, according to Cuban state television authorities, V\u00e1zquez had given \u201ca personal opinion using the character\u201d that he played in the popular program.<\/span><\/p>\n<blockquote class=\"wp-embedded-content\" data-secret=\"G3CW05fvsk\"><p><a href=\"https:\/\/oncubanews.com\/en\/opinion\/andy-dont-back-up-facundo-dont-die\/\">Andy, don&#8217;t back up. Facundo, don&#8217;t die<\/a><\/p><\/blockquote>\n<p><iframe loading=\"lazy\" class=\"wp-embedded-content\" sandbox=\"allow-scripts\" security=\"restricted\" style=\"position: absolute; clip: rect(1px, 1px, 1px, 1px);\" title=\"&#8220;Andy, don&#8217;t back up. Facundo, don&#8217;t die&#8221; &#8212; OnCubaNews English\" src=\"https:\/\/oncubanews.com\/en\/opinion\/andy-dont-back-up-facundo-dont-die\/embed\/#?secret=1aBpsOxKyB#?secret=G3CW05fvsk\" data-secret=\"G3CW05fvsk\" width=\"500\" height=\"282\" frameborder=\"0\" marginwidth=\"0\" marginheight=\"0\" scrolling=\"no\"><\/iframe><\/p>\n<p><span style=\"font-weight: 400;\">Rafael Insua, director of the Cubavisi\u00f3n channel, on which \u201cVivir del Cuento\u201d is broadcast, <\/span><a href=\"https:\/\/oncubanews.com\/cultura\/directivo-de-tv-cubana-niega-expulsion-de-popular-humorista-andy-vazquez\/\" target=\"_blank\" rel=\"noopener noreferrer\"><span style=\"font-weight: 400;\">told a YouTube channel<\/span><\/a> <span style=\"font-weight: 400;\">that the comedian was only separated from the season that is currently being broadcast and that he was not \u201csanctioned,\u201d without exactly mentioning the cause of that suspension.<\/span><\/p>\n<p><span style=\"font-weight: 400;\">However, various publications and comments on the networks claim that his sudden departure was due to a video that V\u00e1zquez posted on his space on the networks entitled \u201cChivate-r\u00edas de Facundo,\u201d on <\/span><a href=\"https:\/\/oncubanews.com\/en\/cuba\/incidents-cause-temporary-closure-of-cuatro-caminos-market-on-its-reopening-day\/\" target=\"_blank\" rel=\"noopener noreferrer\"><span style=\"font-weight: 400;\">the disorganization and indiscipline<\/span><\/a><span style=\"font-weight: 400;\"> during the opening of the Cuatro Caminos market last November as part of the activities for Havana\u2019s 500 years.<\/span><\/p>\n<p><span style=\"font-weight: 400;\">According to Insua, whom V\u00e1zquez denied knowing, the actor \u201cunderstood\u201d that he had made a mistake, which, he said, does not invalidate him from acting in other television programs in Cuba.<\/span><\/p>\n<p><span style=\"font-weight: 400;\">On the subject, the comedian said this Monday that he had never received \u201ca written sanction.\u201d \u201cMy contract was suspended. They told me: your contract is no longer going to be renewed,\u201d he explained, and said that apparently his video about what happened in the Cuatro Caminos market \u201cbothered someone.\u201d<\/span><\/p>\n<p><span style=\"font-weight: 400;\">V\u00e1zquez also affirmed that Facundo&#8217;s character was his and, therefore, he did not see any inconvenience in using it outside the program, something that, by the way, he had already done before and other actors in the program also do, even in performances outside Cuba.<\/span><\/p>\n<p><span style=\"font-weight: 400;\">\u201cThe character is mine. I created it, I dressed it. I used to buy the makeup in the United States. If suspending a person&#8217;s contract is not expelling him from television, I would like them to tell me what is,\u201d said V\u00e1zquez, who had previously described his departure as \u201cdefinitive separation\u201d and said it was \u201ca complete injustice.\u201d<\/span><\/p>\n<p><span style=\"font-weight: 400;\">He also affirmed that he misses his colleagues from \u201cVivir del Cuento\u201d and in particular thanked Luis Silva, who plays the role of \u201cP\u00e1nfilo,\u201d for everything learned in the program and for the support received after his suspension.<\/span><\/p>\n<p><span style=\"font-weight: 400;\">\u201cFacundo will no longer be there, but none of the members of that group is absolutely to blame, they defended me with tooth and nail without being able to make those who really are to blame give in and rectify that my definitive separation from the program was a complete injustice,\u201d he had said on Facebook.<\/span><\/p>\n<p><span style=\"font-weight: 400;\">The actor also spoke about his three-month-old daughter Isabela, who remains in Cuba.<\/span><\/p>\n<p><span style=\"font-weight: 400;\">\u201cSometimes it&#8217;s three in the morning and I can\u2019t sleep. I feel nervous&#8230;, I know it will be for her good, for her future. Someday we will meet again. I don&#8217;t know when, I have no idea,\u201d he said in his television interview in Miami.<\/span><\/p>\n<p><span style=\"font-weight: 400;\">\u201cVivir del Cuento\u201d has been broadcast on Cuban television for 11 years, and its cast, led by popular <\/span><a href=\"https:\/\/oncubanews.com\/gente\/luis-silva-aprendido-respirar-agua\/\" target=\"_blank\" rel=\"noopener noreferrer\"><span style=\"font-weight: 400;\">actor Luis Silva<\/span><\/a><span style=\"font-weight: 400;\">, has sharply criticized with irony issues such as the bureaucracy or double standards that lacerate the development of Cuban society. In this program, V\u00e1zquez played Facundo, representing an inefficient and climbing Cuban official, and he also assumed other characters.<\/span><\/p>\n","protected":false},"excerpt":{"rendered":"<p>Cuban humorist Andy V\u00e1zquez, who gave life to the character of Facundo Correcto in \u201cVivir del Cuento\u201d until his controversial suspension from the island\u2019s popular television program, confirmed that he does not plan to return to Cuba from the United States, where he is on a visit since before end of the year. \u201cI&#8217;m really [&hellip;]<\/p>\n","protected":false},"author":3134,"featured_media":213267,"comment_status":"open","ping_status":"closed","sticky":false,"template":"","format":"standard","meta":{"_acf_changed":false,"footnotes":""},"categories":[13944],"tags":[20015,14891,14977],"ppma_author":[33546,8689],"class_list":["post-213265","post","type-post","status-publish","format-standard","has-post-thumbnail","hentry","category-cuba-usa","tag-censorship-in-cuba","tag-cuba-usa-relations","tag-cuban-actors"],"acf":[],"yoast_head":"<!-- This site is optimized with the Yoast SEO plugin v27.3 - https:\/\/yoast.com\/product\/yoast-seo-wordpress\/ -->\n<title>Andy V\u00e1zquez, \u201cFacundo,\u201d confirms that he won\u2019t return to Cuba and gives details of his departure from the TV humor program \u201cVivir del Cuento\u201d | OnCubaNews English<\/title>\n<meta name=\"description\" content=\"\u201cMy relationship with Cuba, like that of all Cubans scattered throughout the world, will be eternal,\u201d V\u00e1zquez said on Florida television.\" \/>\n<meta name=\"robots\" content=\"index, follow, max-snippet:-1, max-image-preview:large, max-video-preview:-1\" \/>\n<link rel=\"canonical\" href=\"https:\/\/oncubanews.com\/en\/cuba-usa\/andy-vazquez-facundo-confirms-that-he-wont-return-to-cuba-and-gives-details-of-his-departure-from-the-tv-humor-program-vivir-del-cuento\/\" \/>\n<meta property=\"og:locale\" content=\"en_US\" \/>\n<meta property=\"og:type\" content=\"article\" \/>\n<meta property=\"og:title\" content=\"Andy V\u00e1zquez, \u201cFacundo,\u201d confirms that he won\u2019t return to Cuba and gives details of his departure from the TV humor program \u201cVivir del Cuento\u201d | OnCubaNews English\" \/>\n<meta property=\"og:description\" content=\"\u201cMy relationship with Cuba, like that of all Cubans scattered throughout the world, will be eternal,\u201d V\u00e1zquez said on Florida television.\" \/>\n<meta property=\"og:url\" content=\"https:\/\/oncubanews.com\/en\/cuba-usa\/andy-vazquez-facundo-confirms-that-he-wont-return-to-cuba-and-gives-details-of-his-departure-from-the-tv-humor-program-vivir-del-cuento\/\" \/>\n<meta property=\"og:site_name\" content=\"OnCubaNews English\" \/>\n<meta property=\"article:published_time\" content=\"2020-02-05T17:52:03+00:00\" \/>\n<meta property=\"article:modified_time\" content=\"2020-02-05T17:58:30+00:00\" \/>\n<meta property=\"og:image\" content=\"https:\/\/oncubanews.com\/en\/wp-content\/uploads\/2020\/02\/vazquez-facundo-1.jpg\" \/>\n\t<meta property=\"og:image:width\" content=\"750\" \/>\n\t<meta property=\"og:image:height\" content=\"531\" \/>\n\t<meta property=\"og:image:type\" content=\"image\/jpeg\" \/>\n<meta name=\"author\" content=\"OnCuba Staff, OnCuba editorial staff\" \/>\n<meta name=\"twitter:card\" content=\"summary_large_image\" \/>\n<meta name=\"twitter:label1\" content=\"Written by\" \/>\n\t<meta name=\"twitter:data1\" content=\"OnCuba Staff\" \/>\n\t<meta name=\"twitter:label2\" content=\"Est. reading time\" \/>\n\t<meta name=\"twitter:data2\" content=\"4 minutes\" \/>\n<script type=\"application\/ld+json\" class=\"yoast-schema-graph\">{\"@context\":\"https:\\\/\\\/schema.org\",\"@graph\":[{\"@type\":\"Article\",\"@id\":\"https:\\\/\\\/oncubanews.com\\\/en\\\/cuba-usa\\\/andy-vazquez-facundo-confirms-that-he-wont-return-to-cuba-and-gives-details-of-his-departure-from-the-tv-humor-program-vivir-del-cuento\\\/#article\",\"isPartOf\":{\"@id\":\"https:\\\/\\\/oncubanews.com\\\/en\\\/cuba-usa\\\/andy-vazquez-facundo-confirms-that-he-wont-return-to-cuba-and-gives-details-of-his-departure-from-the-tv-humor-program-vivir-del-cuento\\\/\"},\"author\":{\"name\":\"OnCuba Staff\",\"@id\":\"https:\\\/\\\/oncubanews.com\\\/en\\\/#\\\/schema\\\/person\\\/d7171bf311032ab1f557dd8332e714af\"},\"headline\":\"Andy V\u00e1zquez, \u201cFacundo,\u201d confirms that he won\u2019t return to Cuba and gives details of his departure from the TV humor program \u201cVivir del Cuento\u201d\",\"datePublished\":\"2020-02-05T17:52:03+00:00\",\"dateModified\":\"2020-02-05T17:58:30+00:00\",\"mainEntityOfPage\":{\"@id\":\"https:\\\/\\\/oncubanews.com\\\/en\\\/cuba-usa\\\/andy-vazquez-facundo-confirms-that-he-wont-return-to-cuba-and-gives-details-of-his-departure-from-the-tv-humor-program-vivir-del-cuento\\\/\"},\"wordCount\":887,\"commentCount\":0,\"image\":{\"@id\":\"https:\\\/\\\/oncubanews.com\\\/en\\\/cuba-usa\\\/andy-vazquez-facundo-confirms-that-he-wont-return-to-cuba-and-gives-details-of-his-departure-from-the-tv-humor-program-vivir-del-cuento\\\/#primaryimage\"},\"thumbnailUrl\":\"https:\\\/\\\/oncubanews.com\\\/en\\\/wp-content\\\/uploads\\\/2020\\\/02\\\/vazquez-facundo-1.jpg\",\"keywords\":[\"censorship in Cuba\",\"Cuba-USA Relations\",\"cuban actors\"],\"articleSection\":[\"Cuba-USA\"],\"inLanguage\":\"en-US\",\"potentialAction\":[{\"@type\":\"CommentAction\",\"name\":\"Comment\",\"target\":[\"https:\\\/\\\/oncubanews.com\\\/en\\\/cuba-usa\\\/andy-vazquez-facundo-confirms-that-he-wont-return-to-cuba-and-gives-details-of-his-departure-from-the-tv-humor-program-vivir-del-cuento\\\/#respond\"]}],\"copyrightYear\":\"2020\",\"copyrightHolder\":{\"@id\":\"https:\\\/\\\/oncubanews.com\\\/en\\\/#organization\"}},{\"@type\":\"WebPage\",\"@id\":\"https:\\\/\\\/oncubanews.com\\\/en\\\/cuba-usa\\\/andy-vazquez-facundo-confirms-that-he-wont-return-to-cuba-and-gives-details-of-his-departure-from-the-tv-humor-program-vivir-del-cuento\\\/\",\"url\":\"https:\\\/\\\/oncubanews.com\\\/en\\\/cuba-usa\\\/andy-vazquez-facundo-confirms-that-he-wont-return-to-cuba-and-gives-details-of-his-departure-from-the-tv-humor-program-vivir-del-cuento\\\/\",\"name\":\"Andy V\u00e1zquez, \u201cFacundo,\u201d confirms that he won\u2019t return to Cuba and gives details of his departure from the TV humor program \u201cVivir del Cuento\u201d | OnCubaNews English\",\"isPartOf\":{\"@id\":\"https:\\\/\\\/oncubanews.com\\\/en\\\/#website\"},\"primaryImageOfPage\":{\"@id\":\"https:\\\/\\\/oncubanews.com\\\/en\\\/cuba-usa\\\/andy-vazquez-facundo-confirms-that-he-wont-return-to-cuba-and-gives-details-of-his-departure-from-the-tv-humor-program-vivir-del-cuento\\\/#primaryimage\"},\"image\":{\"@id\":\"https:\\\/\\\/oncubanews.com\\\/en\\\/cuba-usa\\\/andy-vazquez-facundo-confirms-that-he-wont-return-to-cuba-and-gives-details-of-his-departure-from-the-tv-humor-program-vivir-del-cuento\\\/#primaryimage\"},\"thumbnailUrl\":\"https:\\\/\\\/oncubanews.com\\\/en\\\/wp-content\\\/uploads\\\/2020\\\/02\\\/vazquez-facundo-1.jpg\",\"datePublished\":\"2020-02-05T17:52:03+00:00\",\"dateModified\":\"2020-02-05T17:58:30+00:00\",\"author\":{\"@id\":\"https:\\\/\\\/oncubanews.com\\\/en\\\/#\\\/schema\\\/person\\\/d7171bf311032ab1f557dd8332e714af\"},\"description\":\"\u201cMy relationship with Cuba, like that of all Cubans scattered throughout the world, will be eternal,\u201d V\u00e1zquez said on Florida television.\",\"breadcrumb\":{\"@id\":\"https:\\\/\\\/oncubanews.com\\\/en\\\/cuba-usa\\\/andy-vazquez-facundo-confirms-that-he-wont-return-to-cuba-and-gives-details-of-his-departure-from-the-tv-humor-program-vivir-del-cuento\\\/#breadcrumb\"},\"inLanguage\":\"en-US\",\"potentialAction\":[{\"@type\":\"ReadAction\",\"target\":[\"https:\\\/\\\/oncubanews.com\\\/en\\\/cuba-usa\\\/andy-vazquez-facundo-confirms-that-he-wont-return-to-cuba-and-gives-details-of-his-departure-from-the-tv-humor-program-vivir-del-cuento\\\/\"]}]},{\"@type\":\"ImageObject\",\"inLanguage\":\"en-US\",\"@id\":\"https:\\\/\\\/oncubanews.com\\\/en\\\/cuba-usa\\\/andy-vazquez-facundo-confirms-that-he-wont-return-to-cuba-and-gives-details-of-his-departure-from-the-tv-humor-program-vivir-del-cuento\\\/#primaryimage\",\"url\":\"https:\\\/\\\/oncubanews.com\\\/en\\\/wp-content\\\/uploads\\\/2020\\\/02\\\/vazquez-facundo-1.jpg\",\"contentUrl\":\"https:\\\/\\\/oncubanews.com\\\/en\\\/wp-content\\\/uploads\\\/2020\\\/02\\\/vazquez-facundo-1.jpg\",\"width\":750,\"height\":531,\"caption\":\"Cuban humorist Andy V\u00e1zquez, who played the character of Facundo Correcto in the television program \u201cVivir del Cuento,\u201d poses for a photo in the United States. Photo: Facebook profile of Andy V\u00e1zquez.\"},{\"@type\":\"BreadcrumbList\",\"@id\":\"https:\\\/\\\/oncubanews.com\\\/en\\\/cuba-usa\\\/andy-vazquez-facundo-confirms-that-he-wont-return-to-cuba-and-gives-details-of-his-departure-from-the-tv-humor-program-vivir-del-cuento\\\/#breadcrumb\",\"itemListElement\":[{\"@type\":\"ListItem\",\"position\":1,\"name\":\"Portada\",\"item\":\"https:\\\/\\\/oncubanews.com\\\/en\\\/\"},{\"@type\":\"ListItem\",\"position\":2,\"name\":\"Andy V\u00e1zquez, \u201cFacundo,\u201d confirms that he won\u2019t return to Cuba and gives details of his departure from the TV humor program \u201cVivir del Cuento\u201d\"}]},{\"@type\":\"WebSite\",\"@id\":\"https:\\\/\\\/oncubanews.com\\\/en\\\/#website\",\"url\":\"https:\\\/\\\/oncubanews.com\\\/en\\\/\",\"name\":\"OnCubaNews English\",\"description\":\"Revista sobre Cuba\",\"potentialAction\":[{\"@type\":\"SearchAction\",\"target\":{\"@type\":\"EntryPoint\",\"urlTemplate\":\"https:\\\/\\\/oncubanews.com\\\/en\\\/?s={search_term_string}\"},\"query-input\":{\"@type\":\"PropertyValueSpecification\",\"valueRequired\":true,\"valueName\":\"search_term_string\"}}],\"inLanguage\":\"en-US\"},{\"@type\":\"Person\",\"@id\":\"https:\\\/\\\/oncubanews.com\\\/en\\\/#\\\/schema\\\/person\\\/d7171bf311032ab1f557dd8332e714af\",\"name\":\"OnCuba Staff\",\"image\":{\"@type\":\"ImageObject\",\"inLanguage\":\"en-US\",\"@id\":\"https:\\\/\\\/secure.gravatar.com\\\/avatar\\\/4b4c4d6109baadde898bb1af22ea4a4af5f4417b86a5d1800bf17531bfb128fc?s=96&r=g17310096d4dde63ebae0e54fbb19218a\",\"url\":\"https:\\\/\\\/secure.gravatar.com\\\/avatar\\\/4b4c4d6109baadde898bb1af22ea4a4af5f4417b86a5d1800bf17531bfb128fc?s=96&r=g\",\"contentUrl\":\"https:\\\/\\\/secure.gravatar.com\\\/avatar\\\/4b4c4d6109baadde898bb1af22ea4a4af5f4417b86a5d1800bf17531bfb128fc?s=96&r=g\",\"caption\":\"OnCuba Staff\"},\"url\":\"https:\\\/\\\/oncubanews.com\\\/en\\\/author\\\/oncuba-editorial-staff\\\/\"}]}<\/script>\n<!-- \/ Yoast SEO plugin. -->","yoast_head_json":{"title":"Andy V\u00e1zquez, \u201cFacundo,\u201d confirms that he won\u2019t return to Cuba and gives details of his departure from the TV humor program \u201cVivir del Cuento\u201d | OnCubaNews English","description":"\u201cMy relationship with Cuba, like that of all Cubans scattered throughout the world, will be eternal,\u201d V\u00e1zquez said on Florida television.","robots":{"index":"index","follow":"follow","max-snippet":"max-snippet:-1","max-image-preview":"max-image-preview:large","max-video-preview":"max-video-preview:-1"},"canonical":"https:\/\/oncubanews.com\/en\/cuba-usa\/andy-vazquez-facundo-confirms-that-he-wont-return-to-cuba-and-gives-details-of-his-departure-from-the-tv-humor-program-vivir-del-cuento\/","og_locale":"en_US","og_type":"article","og_title":"Andy V\u00e1zquez, \u201cFacundo,\u201d confirms that he won\u2019t return to Cuba and gives details of his departure from the TV humor program \u201cVivir del Cuento\u201d | OnCubaNews English","og_description":"\u201cMy relationship with Cuba, like that of all Cubans scattered throughout the world, will be eternal,\u201d V\u00e1zquez said on Florida television.","og_url":"https:\/\/oncubanews.com\/en\/cuba-usa\/andy-vazquez-facundo-confirms-that-he-wont-return-to-cuba-and-gives-details-of-his-departure-from-the-tv-humor-program-vivir-del-cuento\/","og_site_name":"OnCubaNews English","article_published_time":"2020-02-05T17:52:03+00:00","article_modified_time":"2020-02-05T17:58:30+00:00","og_image":[{"width":750,"height":531,"url":"https:\/\/oncubanews.com\/en\/wp-content\/uploads\/2020\/02\/vazquez-facundo-1.jpg","type":"image\/jpeg"}],"author":"OnCuba Staff, OnCuba editorial staff","twitter_card":"summary_large_image","twitter_misc":{"Written by":"OnCuba Staff","Est. reading time":"4 minutes"},"schema":{"@context":"https:\/\/schema.org","@graph":[{"@type":"Article","@id":"https:\/\/oncubanews.com\/en\/cuba-usa\/andy-vazquez-facundo-confirms-that-he-wont-return-to-cuba-and-gives-details-of-his-departure-from-the-tv-humor-program-vivir-del-cuento\/#article","isPartOf":{"@id":"https:\/\/oncubanews.com\/en\/cuba-usa\/andy-vazquez-facundo-confirms-that-he-wont-return-to-cuba-and-gives-details-of-his-departure-from-the-tv-humor-program-vivir-del-cuento\/"},"author":{"name":"OnCuba Staff","@id":"https:\/\/oncubanews.com\/en\/#\/schema\/person\/d7171bf311032ab1f557dd8332e714af"},"headline":"Andy V\u00e1zquez, \u201cFacundo,\u201d confirms that he won\u2019t return to Cuba and gives details of his departure from the TV humor program \u201cVivir del Cuento\u201d","datePublished":"2020-02-05T17:52:03+00:00","dateModified":"2020-02-05T17:58:30+00:00","mainEntityOfPage":{"@id":"https:\/\/oncubanews.com\/en\/cuba-usa\/andy-vazquez-facundo-confirms-that-he-wont-return-to-cuba-and-gives-details-of-his-departure-from-the-tv-humor-program-vivir-del-cuento\/"},"wordCount":887,"commentCount":0,"image":{"@id":"https:\/\/oncubanews.com\/en\/cuba-usa\/andy-vazquez-facundo-confirms-that-he-wont-return-to-cuba-and-gives-details-of-his-departure-from-the-tv-humor-program-vivir-del-cuento\/#primaryimage"},"thumbnailUrl":"https:\/\/oncubanews.com\/en\/wp-content\/uploads\/2020\/02\/vazquez-facundo-1.jpg","keywords":["censorship in Cuba","Cuba-USA Relations","cuban actors"],"articleSection":["Cuba-USA"],"inLanguage":"en-US","potentialAction":[{"@type":"CommentAction","name":"Comment","target":["https:\/\/oncubanews.com\/en\/cuba-usa\/andy-vazquez-facundo-confirms-that-he-wont-return-to-cuba-and-gives-details-of-his-departure-from-the-tv-humor-program-vivir-del-cuento\/#respond"]}],"copyrightYear":"2020","copyrightHolder":{"@id":"https:\/\/oncubanews.com\/en\/#organization"}},{"@type":"WebPage","@id":"https:\/\/oncubanews.com\/en\/cuba-usa\/andy-vazquez-facundo-confirms-that-he-wont-return-to-cuba-and-gives-details-of-his-departure-from-the-tv-humor-program-vivir-del-cuento\/","url":"https:\/\/oncubanews.com\/en\/cuba-usa\/andy-vazquez-facundo-confirms-that-he-wont-return-to-cuba-and-gives-details-of-his-departure-from-the-tv-humor-program-vivir-del-cuento\/","name":"Andy V\u00e1zquez, \u201cFacundo,\u201d confirms that he won\u2019t return to Cuba and gives details of his departure from the TV humor program \u201cVivir del Cuento\u201d | OnCubaNews English","isPartOf":{"@id":"https:\/\/oncubanews.com\/en\/#website"},"primaryImageOfPage":{"@id":"https:\/\/oncubanews.com\/en\/cuba-usa\/andy-vazquez-facundo-confirms-that-he-wont-return-to-cuba-and-gives-details-of-his-departure-from-the-tv-humor-program-vivir-del-cuento\/#primaryimage"},"image":{"@id":"https:\/\/oncubanews.com\/en\/cuba-usa\/andy-vazquez-facundo-confirms-that-he-wont-return-to-cuba-and-gives-details-of-his-departure-from-the-tv-humor-program-vivir-del-cuento\/#primaryimage"},"thumbnailUrl":"https:\/\/oncubanews.com\/en\/wp-content\/uploads\/2020\/02\/vazquez-facundo-1.jpg","datePublished":"2020-02-05T17:52:03+00:00","dateModified":"2020-02-05T17:58:30+00:00","author":{"@id":"https:\/\/oncubanews.com\/en\/#\/schema\/person\/d7171bf311032ab1f557dd8332e714af"},"description":"\u201cMy relationship with Cuba, like that of all Cubans scattered throughout the world, will be eternal,\u201d V\u00e1zquez said on Florida television.","breadcrumb":{"@id":"https:\/\/oncubanews.com\/en\/cuba-usa\/andy-vazquez-facundo-confirms-that-he-wont-return-to-cuba-and-gives-details-of-his-departure-from-the-tv-humor-program-vivir-del-cuento\/#breadcrumb"},"inLanguage":"en-US","potentialAction":[{"@type":"ReadAction","target":["https:\/\/oncubanews.com\/en\/cuba-usa\/andy-vazquez-facundo-confirms-that-he-wont-return-to-cuba-and-gives-details-of-his-departure-from-the-tv-humor-program-vivir-del-cuento\/"]}]},{"@type":"ImageObject","inLanguage":"en-US","@id":"https:\/\/oncubanews.com\/en\/cuba-usa\/andy-vazquez-facundo-confirms-that-he-wont-return-to-cuba-and-gives-details-of-his-departure-from-the-tv-humor-program-vivir-del-cuento\/#primaryimage","url":"https:\/\/oncubanews.com\/en\/wp-content\/uploads\/2020\/02\/vazquez-facundo-1.jpg","contentUrl":"https:\/\/oncubanews.com\/en\/wp-content\/uploads\/2020\/02\/vazquez-facundo-1.jpg","width":750,"height":531,"caption":"Cuban humorist Andy V\u00e1zquez, who played the character of Facundo Correcto in the television program \u201cVivir del Cuento,\u201d poses for a photo in the United States. Photo: Facebook profile of Andy V\u00e1zquez."},{"@type":"BreadcrumbList","@id":"https:\/\/oncubanews.com\/en\/cuba-usa\/andy-vazquez-facundo-confirms-that-he-wont-return-to-cuba-and-gives-details-of-his-departure-from-the-tv-humor-program-vivir-del-cuento\/#breadcrumb","itemListElement":[{"@type":"ListItem","position":1,"name":"Portada","item":"https:\/\/oncubanews.com\/en\/"},{"@type":"ListItem","position":2,"name":"Andy V\u00e1zquez, \u201cFacundo,\u201d confirms that he won\u2019t return to Cuba and gives details of his departure from the TV humor program \u201cVivir del Cuento\u201d"}]},{"@type":"WebSite","@id":"https:\/\/oncubanews.com\/en\/#website","url":"https:\/\/oncubanews.com\/en\/","name":"OnCubaNews English","description":"Revista sobre Cuba","potentialAction":[{"@type":"SearchAction","target":{"@type":"EntryPoint","urlTemplate":"https:\/\/oncubanews.com\/en\/?s={search_term_string}"},"query-input":{"@type":"PropertyValueSpecification","valueRequired":true,"valueName":"search_term_string"}}],"inLanguage":"en-US"},{"@type":"Person","@id":"https:\/\/oncubanews.com\/en\/#\/schema\/person\/d7171bf311032ab1f557dd8332e714af","name":"OnCuba Staff","image":{"@type":"ImageObject","inLanguage":"en-US","@id":"https:\/\/secure.gravatar.com\/avatar\/4b4c4d6109baadde898bb1af22ea4a4af5f4417b86a5d1800bf17531bfb128fc?s=96&r=g17310096d4dde63ebae0e54fbb19218a","url":"https:\/\/secure.gravatar.com\/avatar\/4b4c4d6109baadde898bb1af22ea4a4af5f4417b86a5d1800bf17531bfb128fc?s=96&r=g","contentUrl":"https:\/\/secure.gravatar.com\/avatar\/4b4c4d6109baadde898bb1af22ea4a4af5f4417b86a5d1800bf17531bfb128fc?s=96&r=g","caption":"OnCuba Staff"},"url":"https:\/\/oncubanews.com\/en\/author\/oncuba-editorial-staff\/"}]}},"authors":[{"term_id":33546,"user_id":3134,"is_guest":0,"slug":"oncuba-editorial-staff","display_name":"OnCuba Staff","avatar_url":"https:\/\/secure.gravatar.com\/avatar\/4b4c4d6109baadde898bb1af22ea4a4af5f4417b86a5d1800bf17531bfb128fc?s=96&r=g","0":null,"1":"","2":"","3":"","4":"","5":"","6":"","7":"","8":""},{"term_id":8689,"user_id":3134,"is_guest":0,"slug":"oncuba-editorial-staff","display_name":"OnCuba editorial staff","avatar_url":{"url":"https:\/\/oncubanews.com\/en\/wp-content\/uploads\/2018\/10\/avatar-ocnews-1.png","url2x":"https:\/\/oncubanews.com\/en\/wp-content\/uploads\/2018\/10\/avatar-ocnews-1.png"},"0":null,"1":"","2":"","3":"","4":"","5":"","6":"","7":"","8":""}],"_links":{"self":[{"href":"https:\/\/oncubanews.com\/en\/wp-json\/wp\/v2\/posts\/213265","targetHints":{"allow":["GET"]}}],"collection":[{"href":"https:\/\/oncubanews.com\/en\/wp-json\/wp\/v2\/posts"}],"about":[{"href":"https:\/\/oncubanews.com\/en\/wp-json\/wp\/v2\/types\/post"}],"author":[{"embeddable":true,"href":"https:\/\/oncubanews.com\/en\/wp-json\/wp\/v2\/users\/3134"}],"replies":[{"embeddable":true,"href":"https:\/\/oncubanews.com\/en\/wp-json\/wp\/v2\/comments?post=213265"}],"version-history":[{"count":0,"href":"https:\/\/oncubanews.com\/en\/wp-json\/wp\/v2\/posts\/213265\/revisions"}],"wp:featuredmedia":[{"embeddable":true,"href":"https:\/\/oncubanews.com\/en\/wp-json\/wp\/v2\/media\/213267"}],"wp:attachment":[{"href":"https:\/\/oncubanews.com\/en\/wp-json\/wp\/v2\/media?parent=213265"}],"wp:term":[{"taxonomy":"category","embeddable":true,"href":"https:\/\/oncubanews.com\/en\/wp-json\/wp\/v2\/categories?post=213265"},{"taxonomy":"post_tag","embeddable":true,"href":"https:\/\/oncubanews.com\/en\/wp-json\/wp\/v2\/tags?post=213265"},{"taxonomy":"author","embeddable":true,"href":"https:\/\/oncubanews.com\/en\/wp-json\/wp\/v2\/ppma_author?post=213265"}],"curies":[{"name":"wp","href":"https:\/\/api.w.org\/{rel}","templated":true}]}}